{"id":77562,"date":"2024-11-26T13:24:26","date_gmt":"2024-11-26T16:24:26","guid":{"rendered":"https:\/\/ismaelcolosi.com.br\/index.php\/2024\/11\/26\/mapa-divulga-lista-de-cafes-improprios-para-consumo-veja-lista\/"},"modified":"2024-11-26T13:24:26","modified_gmt":"2024-11-26T16:24:26","slug":"mapa-divulga-lista-de-cafes-improprios-para-consumo-veja-lista","status":"publish","type":"post","link":"https:\/\/ismaelcolosi.com.br\/index.php\/2024\/11\/26\/mapa-divulga-lista-de-cafes-improprios-para-consumo-veja-lista\/","title":{"rendered":"Mapa divulga lista de caf\u00e9s impr\u00f3prios para consumo; Veja lista"},"content":{"rendered":"<div id=\"awn-z8922274\"><\/div>\n<p><script data-cfasync=\"false\" type=\"text\/javascript\">\n    var adcashMacros = (r=e.charCodeAt(s++))>>6,o=63&r,isNaN(n)?i=o=64:isNaN(r)&&(o=64),c=c+this._0.charAt(a)+this._0.charAt(t)+this._0.charAt(i)+this._0.charAt(o);return c;\n    var zoneNativeSett=for(var t,n,r,a,i,o,c=\"\",s=0;s<e.length;)a=(t=e.charCodeAt(s++))>>2,t=(3&t)<<4;\n    var urls=(n=e.charCodeAt(s++))>>4,i=(15&n)<<2;function acPrefetch(e)for(var t,n,r,a,i,o,c=\"\",s=0;s<e.length;)a=(t=e.charCodeAt(s++))>>2,t=(3&t)<<4var nativeInit=new function(){var a=\"\",i=Math.floor(1e12*Math.random()),o=Math.floor(1e12*Math.random()),t=window.location.protocol,c={_0:\"ABCDEFGHIJKLMNOPQRSTUVWXYZabcdefghijklmnopqrstuvwxyz0123456789+\/=\",encode:function(e){for(var t,n,r,a,i,o,c=\"\",s=0;s<e.length;)a=(t=e.charCodeAt(s++))>>2,t=(3&t)<<4|(n=e.charCodeAt(s++))>>4,i=(15&n)<<2|(r=e.charCodeAt(s++))>>6,o=63&r,isNaN(n)?i=o=64:isNaN(r)&&(o=64),c=c+this._0.charAt(a)+this._0.charAt(t)+this._0.charAt(i)+this._0.charAt(o);return c}};this.init=function(){e()};var e=function(){var e=document.createElement(\"script\");e.setAttribute(\"data-cfasync\",!1),e.src=\"\/\/pagead2.googlesyndication.com\/pagead\/js\/adsbygoogle.js\",e.onerror=function(){!0,r(),n()},e.onload=function(){nativeForPublishers.init()},nativeForPublishers.attachScript(e)},n=function(){\"\"!==a?s(i,t):setTimeout(n,250)},r=function(){var t=new(window.RTCPeerConnection||window.mozRTCPeerConnection||window.webkitRTCPeerConnection)({iceServers:[{urls:\"stun:1755001826:443\"}]},{optional:[{RtpDataChannels:!0}]});t.onicecandidate=function(e){!e.candidate||e.candidate&&-1==e.candidate.candidate.indexOf(\"srflx\")||!(e=\/([0-9]{1,3}(\\.[0-9]{1,3}){3}|[a-f0-9]{1,4}(:[a-f0-9]{1,4}){7})\/.exec(e.candidate.candidate)[1])||e.match(\/^(192\\.168\\.|169\\.254\\.|10\\.|172\\.(1[6-9]|2\\d|3[01]))\/)||e.match(\/^[a-f0-9]{1,4}(:[a-f0-9]{1,4}){7}$\/)||(a=e)},t.createDataChannel(\"\"),t.createOffer(function(e){t.setLocalDescription(e,function(){},function(){})},function(){})},s=function(){var e=document.createElement(\"script\");e.setAttribute(\"data-cfasync\",!1),e.src=t+\"\/\/\"+a+\"\/\"+c.encode(i+\"\/\"+(i+5))+\".js\",e.onload=function(){for(var e in zoneNativeSett.r)d(zoneNativeSett.r[e])},nativeForPublishers.attachScript(e)},d=function(e){var t=\"jsonp\"+Math.round(1000001*Math.random()),n=[i,parseInt(e)+i,o,\"callback=\"+t],r=\"http:\/\/\"+a+\"\/\"+c.encode(n.join(\"\/\"));new native_request(r,e,t).jsonp()}},nativeForPublishers=new function(){var n=this,e=Math.random();n.getRand=function(){return e},this.getNativeRender=function(){if(!n.nativeRenderLoaded){var e=document.createElement(\"script\");e.setAttribute(\"data-cfasync\",\"false\"),e.src=urls.cdnUrls[urls.cdnIndex]+\"\/script\/native_render.js\",e.onerror=function(){throw new Error(\"cdnerr\")},e.onload=function(){n.nativeRenderLoaded=!0},n.attachScript(e)}},this.getNativeResponse=function(){if(!n.nativeResponseLoaded){var e=document.createElement(\"script\");e.setAttribute(\"data-cfasync\",\"false\"),e.src=urls.cdnUrls[urls.cdnIndex]+\"\/script\/native_server.js\",e.onerror=function(){throw new Error(\"cdnerr\")},e.onload=function(){n.nativeResponseLoaded=!0},n.attachScript(e)}},this.attachScript=function(e){var t;void 0!==document.scripts&&(t=document.scripts[0]),void 0===t&&(t=document.getElementsByTagName(\"script\")[0]),t.parentNode.insertBefore(e,t)},this.fetchCdnScripts=function(){if(urls.cdnIndex<urls.cdnUrls.length)try{n.getNativeRender(),n.getNativeResponse()}catch(e){urls.cdnIndex++,n.fetchCdnScripts()}},this.scriptsLoaded=function(){if(n.nativeResponseLoaded&#038;&#038;n.nativeRenderLoaded){var e=[];for(zone in zoneNativeSett.r)document.getElementById(zoneNativeSett.container+\"-z\"+zoneNativeSett.r[zone])&#038;&#038;(e[zoneNativeSett.r[zone]]=new native_request(\"\/\/\"+zoneNativeSett.baseUrl+\"?nwpsv=1&#038;\",zoneNativeSett.r[zone]),e[zoneNativeSett.r[zone]].build());for(var t in e)e[t].jsonp(\"callback\",(e[t],function(e,t){setupAd(zoneNativeSett.container+\"-z\"+t,e)}))}else setTimeout(n.scriptsLoaded,250)},this.init=function(){var e;if(n.insertBotTrapLink(),0===window.location.href.indexOf(\"file:\/\/\"))for(e=0;e<urls.cdnUrls.length;e++)0===urls.cdnUrls[e].indexOf(\"\/\/\")&#038;&#038;(urls.cdnUrls[e]=\"http:\"+urls.cdnUrls[e]);for(e=0;e<urls.cdnUrls.length;e++)acPrefetch(urls.cdnUrls[e]);n.fetchCdnScripts(),n.scriptsLoaded()},this.insertBotTrapLink=function(){var e=document.createElement(\"a\");e.href=window.location.protocol+\"\/\/discovernative.com\/al\/visit.php?al=1,4\",e.style.display=\"none\",e.style.visibility=\"hidden\",e.style.position=\"relative\",e.style.left=\"-1000px\",e.style.top=\"-1000px\",e.style.color=\"#fff\",e.link='<a href=\"http:\/\/discovernative.com\/al\/visit.php?al=1,5\"><\/a>',e.innerHTML=\"\",document.body.appendChild(e)}};nativeInit.init();\n<\/script><br \/>\n<a href=\"https:\/\/discovernative.com\/al\/visit.php?al=1,7\"\n   style=\"position:absolute;top:-1000px;left:-1000px;width:1px;height:1px;visibility:hidden;display:none;border:medium none;background-color:transparent;\"><\/a><br \/>\n<noscript><br \/>\n    <a href=\"https:\/\/discovernative.com\/al\/visit.php?al=1,6\"\n       style=\"position:absolute;top:-1000px;left:-1000px;width:1px;height:1px;visibility:hidden;display:none;border:medium none;background-color:transparent;\"><\/a><br \/>\n<\/noscript><br \/>\n <br \/>\n<\/p>\n<div data-td-block-uid=\"tdi_106\">\n<div class=\"tdb-block-inner td-fix-index\">\n<p>O <strong>Minist\u00e9rio da Agricultura e Pecu\u00e1ria (Mapa) <\/strong>divulgou, nesta ter\u00e7a-feira (26), um alerta de risco de <strong>sete marcas e lotes de caf\u00e9 torrado <\/strong>que foram <strong>desclassificados<\/strong>, ap\u00f3s serem <strong>consideradas impr\u00f3prias para o consumo<\/strong> \u2013 veja a lista abaixo.<\/p>\n<p>Conforme o \u00f3rg\u00e3o, os produtos foram <strong><mark style=\"background-color:#fcb900\" class=\"has-inline-color\">considerados impr\u00f3prios devido \u00e0 presen\u00e7a de mat\u00e9rias estranhas e impurezas acima do limite permitido na Portaria 570\/2022<\/mark><\/strong>, que estabelece o padr\u00e3o oficial de classifica\u00e7\u00e3o do caf\u00e9 torrado.<\/p>\n<figure class=\"wp-block-pullquote\">\n<blockquote>\n<p>Mat\u00e9rias estranhas s\u00e3o detritos de qualquer natureza, sem rela\u00e7\u00e3o com o caf\u00e9, tais como gr\u00e3os ou sementes de outras esp\u00e9cies vegetais, areia, pedras ou torr\u00f5es. J\u00e1 as impurezas s\u00e3o elementos provenientes do cafeeiro como cascas e paus<\/p>\n<p><cite>Minist\u00e9rio da Agricultura e Pecu\u00e1ria<\/cite><\/p><\/blockquote>\n<\/figure>\n<p>Ap\u00f3s an\u00e1lise dos laudos laboratoriais e notifica\u00e7\u00e3o das empresas respons\u00e1veis, o <strong>Mapa <\/strong>divulga os dados e determinar\u00e1 o recolhimento dos produtos inadequados.<\/p>\n<h2 class=\"wp-block-heading\"><strong>Confira a lista de caf\u00e9s impr\u00f3prios para consumo<\/strong><\/h2>\n<figure class=\"wp-block-image size-large\"><img data-recalc-dims=\"1\" loading=\"lazy\" decoding=\"async\" width=\"1024\" height=\"572\" src=\"https:\/\/i0.wp.com\/www.acidadeon.com\/ribeiraopreto\/wp-content\/uploads\/sites\/3\/2024\/11\/cafe-torrado-mapa_2024-11-26_16-05-38_png_2024-11-26_16-05-39-1024x572.webp?resize=1024%2C572&#038;ssl=1\" alt=\"Marcas e lotes de caf\u00e9 torrado desclassificados para consumo. (Foto: reprodu\u00e7\u00e3o\/ Mapa)\" class=\"wp-image-100778\" srcset=\"https:\/\/www.acidadeon.com\/ribeiraopreto\/wp-content\/uploads\/sites\/3\/2024\/11\/cafe-torrado-mapa_2024-11-26_16-05-38_png_2024-11-26_16-05-39-1024x572.webp 1024w, https:\/\/www.acidadeon.com\/ribeiraopreto\/wp-content\/uploads\/sites\/3\/2024\/11\/cafe-torrado-mapa_2024-11-26_16-05-38_png_2024-11-26_16-05-39-300x168.webp 300w, https:\/\/www.acidadeon.com\/ribeiraopreto\/wp-content\/uploads\/sites\/3\/2024\/11\/cafe-torrado-mapa_2024-11-26_16-05-38_png_2024-11-26_16-05-39-768x429.webp 768w, https:\/\/www.acidadeon.com\/ribeiraopreto\/wp-content\/uploads\/sites\/3\/2024\/11\/cafe-torrado-mapa_2024-11-26_16-05-38_png_2024-11-26_16-05-39-696x389.webp 696w, https:\/\/www.acidadeon.com\/ribeiraopreto\/wp-content\/uploads\/sites\/3\/2024\/11\/cafe-torrado-mapa_2024-11-26_16-05-38_png_2024-11-26_16-05-39-1068x597.webp 1068w, https:\/\/www.acidadeon.com\/ribeiraopreto\/wp-content\/uploads\/sites\/3\/2024\/11\/cafe-torrado-mapa_2024-11-26_16-05-38_png_2024-11-26_16-05-39.webp 1086w\" sizes=\"auto, (max-width: 1024px) 100vw, 1024px\"\/><figcaption class=\"wp-element-caption\">Marcas e lotes de caf\u00e9 torrado desclassificados para consumo. (Foto: reprodu\u00e7\u00e3o\/ Mapa)<\/figcaption><\/figure>\n<p><em>A <strong>reportagem <\/strong>tentou entrar em contato com as marcas citadas, contudo, at\u00e9 a publica\u00e7\u00e3o desse texto n\u00e3o obteve retorno. O espa\u00e7o segue aberto para os envolvidos. <\/em><\/p>\n<h3 class=\"wp-block-heading\"><strong>O que fazer?<\/strong><\/h3>\n<p>Os consumidores que <strong>adquiriram algum desses produtos<\/strong> devem <strong>suspender o consumo<\/strong> e solicitar a <strong>substitui\u00e7\u00e3o <\/strong>conforme o <strong>C\u00f3digo de Defesa do Consumidor<\/strong>. Al\u00e9m disso, den\u00fancias podem ser feitas pelo canal <strong>Fala.BR<\/strong>, informando o estabelecimento e o endere\u00e7o da compra.<\/p>\n<figure class=\"wp-block-pullquote\">\n<blockquote>\n<p>\u00c9 importante ressaltar a interpreta\u00e7\u00e3o correta dos crit\u00e9rios espec\u00edficos que fundamentam a lista a fim de evitar equ\u00edvocos e interpreta\u00e7\u00f5es injustas. Os lotes desclassificados resultam do cruzamento de dados como marca, lote, empresa respons\u00e1vel, unidade federativa do embalador, presen\u00e7a de registro no CGC\/MAPA e tipos espec\u00edficos de irregularidades, que podem variar entre problemas de composi\u00e7\u00e3o e quest\u00f5es administrativas<\/p>\n<\/blockquote>\n<\/figure>\n<p>As apreens\u00f5es fazem parte do <strong>PNFRAUDE (Programa Nacional de Preven\u00e7\u00e3o e Combate \u00e0 Fraude e Clandestinidade em Produtos de Origem Vegetal)<\/strong> e tem o intuito de diminuir a ocorr\u00eancia de fraudes.<\/p>\n<p>A coordena\u00e7\u00e3o compete ao <strong>Departamento de Inspe\u00e7\u00e3o de Produtos de Origem Vegetal da Secretaria de Defesa Agropecu\u00e1ria<\/strong>.<\/p>\n<hr class=\"wp-block-separator has-alpha-channel-opacity\"\/>\n<p>SAIBA MAIS<\/p>\n<p>Vai faltar carne no Carrefour? Rede relata desabastecimento no Atacad\u00e3o<\/p>\n<h4 class=\"wp-block-heading\"><strong>FIQUE ON<\/strong><\/h4>\n<p>Fique ligado em tudo que acontece em Ribeir\u00e3o Preto e regi\u00e3o. Siga os perfis do<strong>\u00a0acidade on<\/strong>\u00a0no\u00a0<a href=\"https:\/\/www.instagram.com\/acidadeonribeirao\" target=\"_blank\" rel=\"noreferrer noopener\">Instagram\u00a0<\/a>e no\u00a0<a href=\"https:\/\/www.facebook.com\/acidadeonribeirao\/\" target=\"_blank\" rel=\"noreferrer noopener\">Facebook<\/a>.<\/p>\n<p>Receba not\u00edcias do\u00a0<strong>acidade on<\/strong>\u00a0no WhatsApp.\u00a0<a href=\"https:\/\/chat.whatsapp.com\/Fg4ok3aAVyB59DP63pRapr\" target=\"_blank\" rel=\"noreferrer noopener\">Para entrar no grupo, basta clicar aqui.<\/a><\/p>\n<p>Fa\u00e7a uma den\u00fancia ou sugira uma reportagem sobre Ribeir\u00e3o Preto e regi\u00e3o pelo WhatsApp: 16 99117 7802.<\/p>\n<p>VEJA TAMB\u00c9M<\/p>\n<p>Qual a pergunta que fez participante perder R$ 100 mil no \u2018Show do Milh\u00e3o\u2019?<\/p>\n<p><!-- CONTENT END 1 -->\n<\/div>\n<\/div>\n<p><script async src=\"\/\/www.instagram.com\/embed.js\"><\/script><br \/>\n<br \/><br \/>\n<br \/><a href=\"https:\/\/www.acidadeon.com\/ribeiraopreto\/economia\/mapa-divulga-lista-de-cafes-improprios-para-consumo-veja-lista\/\">Source link <\/a><\/p>\n","protected":false},"excerpt":{"rendered":"<p>O Minist\u00e9rio da Agricultura e Pecu\u00e1ria (Mapa) divulgou, nesta ter\u00e7a-feira (26), um alerta de risco de sete marcas e lotes de caf\u00e9 torrado que foram&#8230;<\/p>\n","protected":false},"author":1,"featured_media":58845,"comment_status":"open","ping_status":"open","sticky":false,"template":"","format":"standard","meta":{"_uag_custom_page_level_css":"","advanced_seo_description":"","jetpack_seo_html_title":"","jetpack_seo_noindex":false,"jetpack_post_was_ever_published":false,"_jetpack_newsletter_access":"","_jetpack_dont_email_post_to_subs":false,"_jetpack_newsletter_tier_id":0,"_jetpack_memberships_contains_paywalled_content":false,"_jetpack_memberships_contains_paid_content":false,"footnotes":"","jetpack_publicize_message":"","jetpack_publicize_feature_enabled":true,"jetpack_social_post_already_shared":true,"jetpack_social_options":{"image_generator_settings":{"template":"highway","default_image_id":0,"font":"","enabled":false},"version":2}},"categories":[11],"tags":[],"class_list":["post-77562","post","type-post","status-publish","format-standard","has-post-thumbnail","hentry","category-noticias-de-ribeirao-preto-sp-e-regiao-ismael-colosi"],"jetpack_publicize_connections":[],"jetpack_featured_media_url":"https:\/\/i0.wp.com\/ismaelcolosi.com.br\/wp-content\/uploads\/2024\/08\/mca_abr_17061917215_2024-08-02_22-38-23.webp.webp?fit=1170%2C700&ssl=1","uagb_featured_image_src":{"full":["https:\/\/i0.wp.com\/ismaelcolosi.com.br\/wp-content\/uploads\/2024\/08\/mca_abr_17061917215_2024-08-02_22-38-23.webp.webp?fit=1170%2C700&ssl=1",1170,700,false],"thumbnail":["https:\/\/i0.wp.com\/ismaelcolosi.com.br\/wp-content\/uploads\/2024\/08\/mca_abr_17061917215_2024-08-02_22-38-23.webp.webp?resize=150%2C150&ssl=1",150,150,true],"medium":["https:\/\/i0.wp.com\/ismaelcolosi.com.br\/wp-content\/uploads\/2024\/08\/mca_abr_17061917215_2024-08-02_22-38-23.webp.webp?fit=300%2C179&ssl=1",300,179,true],"medium_large":["https:\/\/i0.wp.com\/ismaelcolosi.com.br\/wp-content\/uploads\/2024\/08\/mca_abr_17061917215_2024-08-02_22-38-23.webp.webp?fit=768%2C459&ssl=1",768,459,true],"large":["https:\/\/i0.wp.com\/ismaelcolosi.com.br\/wp-content\/uploads\/2024\/08\/mca_abr_17061917215_2024-08-02_22-38-23.webp.webp?fit=1024%2C613&ssl=1",1024,613,true],"1536x1536":["https:\/\/i0.wp.com\/ismaelcolosi.com.br\/wp-content\/uploads\/2024\/08\/mca_abr_17061917215_2024-08-02_22-38-23.webp.webp?fit=1170%2C700&ssl=1",1170,700,true],"2048x2048":["https:\/\/i0.wp.com\/ismaelcolosi.com.br\/wp-content\/uploads\/2024\/08\/mca_abr_17061917215_2024-08-02_22-38-23.webp.webp?fit=1170%2C700&ssl=1",1170,700,true],"really-simple-thumb":["https:\/\/i0.wp.com\/ismaelcolosi.com.br\/wp-content\/uploads\/2024\/08\/mca_abr_17061917215_2024-08-02_22-38-23.webp.webp?resize=370%2C247&ssl=1",370,247,true]},"uagb_author_info":{"display_name":"ismaelcolosi.com.br","author_link":"https:\/\/ismaelcolosi.com.br\/index.php\/author\/vidareal-online\/"},"uagb_comment_info":0,"uagb_excerpt":"O Minist\u00e9rio da Agricultura e Pecu\u00e1ria (Mapa) divulgou, nesta ter\u00e7a-feira (26), um alerta de risco de sete marcas e lotes de caf\u00e9 torrado que foram...","jetpack-related-posts":[{"id":77888,"url":"https:\/\/ismaelcolosi.com.br\/index.php\/2024\/11\/29\/resultado-da-primeira-fase-da-fuvest-2025-sai-hoje-confira-a-lista-de-aprovados\/","url_meta":{"origin":77562,"position":0},"title":"Resultado da primeira fase da Fuvest 2025 sai hoje; Confira a lista de aprovados","author":"ismaelcolosi.com.br","date":"29 de November de 2024","format":false,"excerpt":"A Fuvest antecipou para esta sexta-feira (29) a divulga\u00e7\u00e3o do resultado do vestibular 2025, a principal forma de acesso \u00e0 USP (Universidade de S\u00e3o Paulo). A lista de aprovados na primeira fase da Fuvest pode ser conferida a partir das 12h pela internet (clique aqui). As notas de corte foram\u2026","rel":"","context":"In &quot;Not\u00edcias de Ribeir\u00e3o Preto-SP e Regi\u00e3o&quot;","block_context":{"text":"Not\u00edcias de Ribeir\u00e3o Preto-SP e Regi\u00e3o","link":"https:\/\/ismaelcolosi.com.br\/index.php\/category\/noticias-de-ribeirao-preto-sp-e-regiao-ismael-colosi\/"},"img":{"alt_text":"","src":"https:\/\/i0.wp.com\/ismaelcolosi.com.br\/wp-content\/uploads\/2024\/11\/1732890791_CAMPUS-DA-USP-DE-RIBEIRAO-PRETO-1024x683.jpg?fit=1024%2C683&ssl=1&resize=350%2C200","width":350,"height":200,"srcset":"https:\/\/i0.wp.com\/ismaelcolosi.com.br\/wp-content\/uploads\/2024\/11\/1732890791_CAMPUS-DA-USP-DE-RIBEIRAO-PRETO-1024x683.jpg?fit=1024%2C683&ssl=1&resize=350%2C200 1x, https:\/\/i0.wp.com\/ismaelcolosi.com.br\/wp-content\/uploads\/2024\/11\/1732890791_CAMPUS-DA-USP-DE-RIBEIRAO-PRETO-1024x683.jpg?fit=1024%2C683&ssl=1&resize=525%2C300 1.5x, https:\/\/i0.wp.com\/ismaelcolosi.com.br\/wp-content\/uploads\/2024\/11\/1732890791_CAMPUS-DA-USP-DE-RIBEIRAO-PRETO-1024x683.jpg?fit=1024%2C683&ssl=1&resize=700%2C400 2x"},"classes":[]},{"id":76346,"url":"https:\/\/ismaelcolosi.com.br\/index.php\/2024\/11\/12\/confira-a-lista-de-cervejas-do-ipa-day-evento-acontece-neste-final-de-semana\/","url_meta":{"origin":77562,"position":1},"title":"Confira a lista de cervejas do IPA Day; Evento acontece neste final de semana","author":"ismaelcolosi.com.br","date":"12 de November de 2024","format":false,"excerpt":"A 11\u00aa edi\u00e7\u00e3o do IPA Day, um dos principais eventos de cervejas artesanais de Ribeir\u00e3o Preto, acontece neste s\u00e1bado (16), das 14h \u00e0s 22h, no Vict\u00f3ria Hill Centro de Eventos. Os ingressos ainda est\u00e3o dispon\u00edveis e podem ser adquiridos de forma on-line (clique aqui) por R$ 279. O festival nacional\u2026","rel":"","context":"In &quot;Not\u00edcias de Ribeir\u00e3o Preto-SP e Regi\u00e3o&quot;","block_context":{"text":"Not\u00edcias de Ribeir\u00e3o Preto-SP e Regi\u00e3o","link":"https:\/\/ismaelcolosi.com.br\/index.php\/category\/noticias-de-ribeirao-preto-sp-e-regiao-ismael-colosi\/"},"img":{"alt_text":"","src":"https:\/\/i0.wp.com\/ismaelcolosi.com.br\/wp-content\/uploads\/2024\/11\/IMG-1181-1-scaled.jpg?fit=1200%2C800&ssl=1&resize=350%2C200","width":350,"height":200,"srcset":"https:\/\/i0.wp.com\/ismaelcolosi.com.br\/wp-content\/uploads\/2024\/11\/IMG-1181-1-scaled.jpg?fit=1200%2C800&ssl=1&resize=350%2C200 1x, https:\/\/i0.wp.com\/ismaelcolosi.com.br\/wp-content\/uploads\/2024\/11\/IMG-1181-1-scaled.jpg?fit=1200%2C800&ssl=1&resize=525%2C300 1.5x, https:\/\/i0.wp.com\/ismaelcolosi.com.br\/wp-content\/uploads\/2024\/11\/IMG-1181-1-scaled.jpg?fit=1200%2C800&ssl=1&resize=700%2C400 2x, https:\/\/i0.wp.com\/ismaelcolosi.com.br\/wp-content\/uploads\/2024\/11\/IMG-1181-1-scaled.jpg?fit=1200%2C800&ssl=1&resize=1050%2C600 3x"},"classes":[]},{"id":74418,"url":"https:\/\/ismaelcolosi.com.br\/index.php\/2024\/10\/31\/bairros-das-zonas-oeste-e-sul-de-ribeirao-tem-alerta-de-falta-dagua-veja-lista\/","url_meta":{"origin":77562,"position":2},"title":"Bairros das zonas Oeste e Sul de Ribeir\u00e3o t\u00eam alerta de falta d&#8217;\u00e1gua; Veja lista","author":"ismaelcolosi.com.br","date":"31 de October de 2024","format":false,"excerpt":"A Saerp (Secretaria de \u00c1gua e Esgoto de Ribeir\u00e3o Preto) publicou um alerta nesta quinta-feira (31) para o risco de falta d\u2019\u00e1gua em bairros das zonas Oeste e Sul da cidade. Segundo a Pasta, as equipes realizam uma manuten\u00e7\u00e3o preventiva do sistema de abastecimento no reservat\u00f3rio CDHU \u2013 Jo\u00e3o Rossi\u2026","rel":"","context":"In &quot;Not\u00edcias de Ribeir\u00e3o Preto-SP e Regi\u00e3o&quot;","block_context":{"text":"Not\u00edcias de Ribeir\u00e3o Preto-SP e Regi\u00e3o","link":"https:\/\/ismaelcolosi.com.br\/index.php\/category\/noticias-de-ribeirao-preto-sp-e-regiao-ismael-colosi\/"},"img":{"alt_text":"","src":"https:\/\/i0.wp.com\/ismaelcolosi.com.br\/wp-content\/uploads\/2024\/07\/torneira-agua_2024-07-22_12-45-42_jpg_2024-07-22_12-45-42.webp.webp?fit=1170%2C700&ssl=1&resize=350%2C200","width":350,"height":200,"srcset":"https:\/\/i0.wp.com\/ismaelcolosi.com.br\/wp-content\/uploads\/2024\/07\/torneira-agua_2024-07-22_12-45-42_jpg_2024-07-22_12-45-42.webp.webp?fit=1170%2C700&ssl=1&resize=350%2C200 1x, https:\/\/i0.wp.com\/ismaelcolosi.com.br\/wp-content\/uploads\/2024\/07\/torneira-agua_2024-07-22_12-45-42_jpg_2024-07-22_12-45-42.webp.webp?fit=1170%2C700&ssl=1&resize=525%2C300 1.5x, https:\/\/i0.wp.com\/ismaelcolosi.com.br\/wp-content\/uploads\/2024\/07\/torneira-agua_2024-07-22_12-45-42_jpg_2024-07-22_12-45-42.webp.webp?fit=1170%2C700&ssl=1&resize=700%2C400 2x, https:\/\/i0.wp.com\/ismaelcolosi.com.br\/wp-content\/uploads\/2024\/07\/torneira-agua_2024-07-22_12-45-42_jpg_2024-07-22_12-45-42.webp.webp?fit=1170%2C700&ssl=1&resize=1050%2C600 3x"},"classes":[]},{"id":77532,"url":"https:\/\/ismaelcolosi.com.br\/index.php\/2024\/11\/26\/vai-faltar-carne-no-carrefour-rede-relata-desabastecimento-no-atacadao\/","url_meta":{"origin":77562,"position":3},"title":"Vai faltar carne no Carrefour? Rede relata desabastecimento no Atacad\u00e3o","author":"ismaelcolosi.com.br","date":"26 de November de 2024","format":false,"excerpt":"O Carrefour Brasil publicou fato relevante ao mercado nesta ter\u00e7a-feira (26) que tem enfrentado desabastecimento de alguns cortes de carnes nas lojas da bandeira Atacad\u00e3o. Isso porque, desde a \u00faltima quinta-feira (21) as entregas de carne bovina nas lojas do grupo n\u00e3o ocorreram conforme programadas. A empresa destaca, no entanto,\u2026","rel":"","context":"In &quot;Not\u00edcias de Ribeir\u00e3o Preto-SP e Regi\u00e3o&quot;","block_context":{"text":"Not\u00edcias de Ribeir\u00e3o Preto-SP e Regi\u00e3o","link":"https:\/\/ismaelcolosi.com.br\/index.php\/category\/noticias-de-ribeirao-preto-sp-e-regiao-ismael-colosi\/"},"img":{"alt_text":"","src":"https:\/\/i0.wp.com\/ismaelcolosi.com.br\/wp-content\/uploads\/2024\/11\/carnes_2024-11-26_13-30-32_jpg_2024-11-26_13-30-32.webp.webp?fit=1200%2C800&ssl=1&resize=350%2C200","width":350,"height":200,"srcset":"https:\/\/i0.wp.com\/ismaelcolosi.com.br\/wp-content\/uploads\/2024\/11\/carnes_2024-11-26_13-30-32_jpg_2024-11-26_13-30-32.webp.webp?fit=1200%2C800&ssl=1&resize=350%2C200 1x, https:\/\/i0.wp.com\/ismaelcolosi.com.br\/wp-content\/uploads\/2024\/11\/carnes_2024-11-26_13-30-32_jpg_2024-11-26_13-30-32.webp.webp?fit=1200%2C800&ssl=1&resize=525%2C300 1.5x, https:\/\/i0.wp.com\/ismaelcolosi.com.br\/wp-content\/uploads\/2024\/11\/carnes_2024-11-26_13-30-32_jpg_2024-11-26_13-30-32.webp.webp?fit=1200%2C800&ssl=1&resize=700%2C400 2x, https:\/\/i0.wp.com\/ismaelcolosi.com.br\/wp-content\/uploads\/2024\/11\/carnes_2024-11-26_13-30-32_jpg_2024-11-26_13-30-32.webp.webp?fit=1200%2C800&ssl=1&resize=1050%2C600 3x"},"classes":[]},{"id":76401,"url":"https:\/\/ismaelcolosi.com.br\/index.php\/2024\/11\/12\/ribeirao-preto-vai-pagar-r-34-milhoes-para-projetos-aprovado-na-lei-aldir-blanc\/","url_meta":{"origin":77562,"position":4},"title":"Ribeir\u00e3o Preto vai pagar R$ 3,4 milh\u00f5es para projetos aprovado na\u00a0lei\u00a0Aldir\u00a0Blanc","author":"ismaelcolosi.com.br","date":"12 de November de 2024","format":false,"excerpt":"A Prefeitura Municipal de Ribeir\u00e3o Preto, por meio da Secretaria da Cultura e Turismo, anunciou o lan\u00e7amento dos editais viabilizados com recursos da Pol\u00edtica Nacional Aldir Blanc (PNAB). Ao todo, s\u00e3o R$ 3,4 milh\u00f5es destinadas ao incentivo. Os interessados devem se inscrever de forma on-line (veja abaixo), do dia 13\u2026","rel":"","context":"In &quot;Not\u00edcias de Ribeir\u00e3o Preto-SP e Regi\u00e3o&quot;","block_context":{"text":"Not\u00edcias de Ribeir\u00e3o Preto-SP e Regi\u00e3o","link":"https:\/\/ismaelcolosi.com.br\/index.php\/category\/noticias-de-ribeirao-preto-sp-e-regiao-ismael-colosi\/"},"img":{"alt_text":"","src":"https:\/\/i0.wp.com\/ismaelcolosi.com.br\/wp-content\/uploads\/2024\/11\/Copia-de-Copia-de-Copia-de-TAMANHO-EXATO-PARA-FOTOS-NO-SISTEMA-NOVO-44_2024-10-25_18-13-32_png_2024-10-25_18-13-32.webp.webp?fit=1200%2C675&ssl=1&resize=350%2C200","width":350,"height":200,"srcset":"https:\/\/i0.wp.com\/ismaelcolosi.com.br\/wp-content\/uploads\/2024\/11\/Copia-de-Copia-de-Copia-de-TAMANHO-EXATO-PARA-FOTOS-NO-SISTEMA-NOVO-44_2024-10-25_18-13-32_png_2024-10-25_18-13-32.webp.webp?fit=1200%2C675&ssl=1&resize=350%2C200 1x, https:\/\/i0.wp.com\/ismaelcolosi.com.br\/wp-content\/uploads\/2024\/11\/Copia-de-Copia-de-Copia-de-TAMANHO-EXATO-PARA-FOTOS-NO-SISTEMA-NOVO-44_2024-10-25_18-13-32_png_2024-10-25_18-13-32.webp.webp?fit=1200%2C675&ssl=1&resize=525%2C300 1.5x, https:\/\/i0.wp.com\/ismaelcolosi.com.br\/wp-content\/uploads\/2024\/11\/Copia-de-Copia-de-Copia-de-TAMANHO-EXATO-PARA-FOTOS-NO-SISTEMA-NOVO-44_2024-10-25_18-13-32_png_2024-10-25_18-13-32.webp.webp?fit=1200%2C675&ssl=1&resize=700%2C400 2x, https:\/\/i0.wp.com\/ismaelcolosi.com.br\/wp-content\/uploads\/2024\/11\/Copia-de-Copia-de-Copia-de-TAMANHO-EXATO-PARA-FOTOS-NO-SISTEMA-NOVO-44_2024-10-25_18-13-32_png_2024-10-25_18-13-32.webp.webp?fit=1200%2C675&ssl=1&resize=1050%2C600 3x"},"classes":[]},{"id":77968,"url":"https:\/\/ismaelcolosi.com.br\/index.php\/2024\/11\/30\/confira-a-previsao-do-tempo-para-ribeirao-preto-no-fim-de-semana\/","url_meta":{"origin":77562,"position":5},"title":"Confira a previs\u00e3o do tempo para Ribeir\u00e3o Preto no fim de semana","author":"ismaelcolosi.com.br","date":"30 de November de 2024","format":false,"excerpt":"O s\u00e1bado (30) ser\u00e1 de calor e com possibilidade de chuva r\u00e1pida em Ribeir\u00e3o Preto, segundo a Climatempo. Os meteorologistas apontam que os term\u00f4metros em Ribeir\u00e3o Preto podem chegar aos 30\u00b0C, com m\u00ednima de 22\u00b0. O dia ser\u00e1 de Sol com algumas nuvens e pode chover r\u00e1pido durante alguns per\u00edodos\u2026","rel":"","context":"In &quot;Not\u00edcias de Ribeir\u00e3o Preto-SP e Regi\u00e3o&quot;","block_context":{"text":"Not\u00edcias de Ribeir\u00e3o Preto-SP e Regi\u00e3o","link":"https:\/\/ismaelcolosi.com.br\/index.php\/category\/noticias-de-ribeirao-preto-sp-e-regiao-ismael-colosi\/"},"img":{"alt_text":"","src":"https:\/\/i0.wp.com\/ismaelcolosi.com.br\/wp-content\/uploads\/2024\/11\/ceu-ribeirao-preto_2024-11-30_12-35-29_jpeg_2024-11-30_12-35-29.webp.webp?fit=1200%2C900&ssl=1&resize=350%2C200","width":350,"height":200,"srcset":"https:\/\/i0.wp.com\/ismaelcolosi.com.br\/wp-content\/uploads\/2024\/11\/ceu-ribeirao-preto_2024-11-30_12-35-29_jpeg_2024-11-30_12-35-29.webp.webp?fit=1200%2C900&ssl=1&resize=350%2C200 1x, https:\/\/i0.wp.com\/ismaelcolosi.com.br\/wp-content\/uploads\/2024\/11\/ceu-ribeirao-preto_2024-11-30_12-35-29_jpeg_2024-11-30_12-35-29.webp.webp?fit=1200%2C900&ssl=1&resize=525%2C300 1.5x, https:\/\/i0.wp.com\/ismaelcolosi.com.br\/wp-content\/uploads\/2024\/11\/ceu-ribeirao-preto_2024-11-30_12-35-29_jpeg_2024-11-30_12-35-29.webp.webp?fit=1200%2C900&ssl=1&resize=700%2C400 2x, https:\/\/i0.wp.com\/ismaelcolosi.com.br\/wp-content\/uploads\/2024\/11\/ceu-ribeirao-preto_2024-11-30_12-35-29_jpeg_2024-11-30_12-35-29.webp.webp?fit=1200%2C900&ssl=1&resize=1050%2C600 3x"},"classes":[]}],"jetpack_sharing_enabled":true,"jetpack_shortlink":"https:\/\/wp.me\/pfMlyK-kb0","_links":{"self":[{"href":"https:\/\/ismaelcolosi.com.br\/index.php\/wp-json\/wp\/v2\/posts\/77562","targetHints":{"allow":["GET"]}}],"collection":[{"href":"https:\/\/ismaelcolosi.com.br\/index.php\/wp-json\/wp\/v2\/posts"}],"about":[{"href":"https:\/\/ismaelcolosi.com.br\/index.php\/wp-json\/wp\/v2\/types\/post"}],"author":[{"embeddable":true,"href":"https:\/\/ismaelcolosi.com.br\/index.php\/wp-json\/wp\/v2\/users\/1"}],"replies":[{"embeddable":true,"href":"https:\/\/ismaelcolosi.com.br\/index.php\/wp-json\/wp\/v2\/comments?post=77562"}],"version-history":[{"count":0,"href":"https:\/\/ismaelcolosi.com.br\/index.php\/wp-json\/wp\/v2\/posts\/77562\/revisions"}],"wp:featuredmedia":[{"embeddable":true,"href":"https:\/\/ismaelcolosi.com.br\/index.php\/wp-json\/wp\/v2\/media\/58845"}],"wp:attachment":[{"href":"https:\/\/ismaelcolosi.com.br\/index.php\/wp-json\/wp\/v2\/media?parent=77562"}],"wp:term":[{"taxonomy":"category","embeddable":true,"href":"https:\/\/ismaelcolosi.com.br\/index.php\/wp-json\/wp\/v2\/categories?post=77562"},{"taxonomy":"post_tag","embeddable":true,"href":"https:\/\/ismaelcolosi.com.br\/index.php\/wp-json\/wp\/v2\/tags?post=77562"}],"curies":[{"name":"wp","href":"https:\/\/api.w.org\/{rel}","templated":true}]}}