{"id":77560,"date":"2024-11-26T13:14:17","date_gmt":"2024-11-26T16:14:17","guid":{"rendered":"https:\/\/ismaelcolosi.com.br\/index.php\/2024\/11\/26\/brasil-fica-sem-estatueta-no-emmy-internacional\/"},"modified":"2024-11-26T13:14:17","modified_gmt":"2024-11-26T16:14:17","slug":"brasil-fica-sem-estatueta-no-emmy-internacional","status":"publish","type":"post","link":"https:\/\/ismaelcolosi.com.br\/index.php\/2024\/11\/26\/brasil-fica-sem-estatueta-no-emmy-internacional\/","title":{"rendered":"Brasil fica sem estatueta no Emmy Internacional"},"content":{"rendered":"<p> <br \/>\n<\/p>\n<p>O Emmy Internacional 2024 revelou os vencedores de sua 52\u00aa edi\u00e7\u00e3o na segunda-feira, 25, em Nova York. A premia\u00e7\u00e3o anual da Academia Internacional de Artes e Ci\u00eancias da Televis\u00e3o celebra obras produzidas fora dos EUA.<\/p>\n<div>\n<p>Cinco produ\u00e7\u00f5es brasileiras foram indicadas, mas nenhuma venceu a estatueta.<\/p>\n<p>O Brasil estava representado nas seguintes categorias: Melhor Ator, na qual J\u00falio Andrade foi indicado pela miniss\u00e9rie\u00a0<i>Betinho: No Fio da Navalha<\/i>\u00a0(do Globoplay); Melhor Document\u00e1rio (<i>Transo<\/i>, do Globoplay); Melhor Miniss\u00e9rie (<i>Anderson Spider Silva<\/i>, do Paramount+); Melhor Anima\u00e7\u00e3o para Crian\u00e7as (<i>Acorda, Carlo!<\/i>, da Netflix) e Melhor Live-Action para Crian\u00e7as (<i>Escola De Quebrada<\/i>, do Paramount+).<\/p>\n<p>Confira a lista dos principais vencedores do Emmy Internacional 2024:<\/p>\n<p><b>Programa de Artes<\/b><\/p>\n<p><b>Pianoforte (Pol\u00f4nia)<\/b><\/p>\n<p>Robbie Williams (Reino Unido)<\/p>\n<p>Virgilio (Argentina)<\/p>\n<p>Who I Am Life (Jap\u00e3o)<\/p>\n<p><b>Melhor Ator<\/b><\/p>\n<p>Julio Andrade por Betinho: No Fio da Navalha (Brasil)<\/p>\n<p>Haluk Bilginer por Sahsiyet (Turquia)<\/p>\n<p>Laurent Lafitte por Tapie (Fran\u00e7a)<\/p>\n<p><b>Timothy Spall por The Sixth Commandment (Reino Unido)<\/b><\/p>\n<p><b>Melhor Atriz<\/b><\/p>\n<p>Adriana Barraza por O \u00daltimo Vag\u00e3o (M\u00e9xico)<\/p>\n<p><b>Aokbab-Chutimon Chuengcharoensukying por Fome (Tail\u00e2ndia)<\/b><\/p>\n<p>Sara Giraudeau por Tout va bien (Fran\u00e7a)<\/p>\n<p>Jessica Hynes por There She Goes (Reino Unido)<\/p>\n<p><b>Melhor Com\u00e9dia<\/b><\/p>\n<p>Uma Dose Di\u00e1ria de Sol (Cor\u00e9ia do Sul)<\/p>\n<p>Deadloch (Austr\u00e1lia)<\/p>\n<p><b>Divis\u00e3o Palermo (Argentina)<\/b><\/p>\n<p>HPI \u2013 Terceira Temporada [HIP] (Fran\u00e7a)<\/p>\n<p><b>Document\u00e1rio<\/b><\/p>\n<p>A Bilion\u00e1ria, o Mordomo e o Namorado (Fran\u00e7a)<\/p>\n<p><b>Otto Baxter: Not a F**ing Horror Story (Reino Unido)<\/b><\/p>\n<p>The Exiles (Singapura)<\/p>\n<p>Transo (Brasil)<\/p>\n<p><b>S\u00e9rie Dram\u00e1tica<\/b><\/p>\n<p><b>Les Gouttes de Dieu (Fran\u00e7a)<\/b><\/p>\n<p>The Newsreader (Austr\u00e1lia)<\/p>\n<p>O Gerente da Noite (\u00cdndia)<\/p>\n<p>Iosi, o Espi\u00e3o Arrependido (Argentina)<\/p>\n<p><b>Programa de Entretenimento sem Roteiro<\/b><\/p>\n<p>Die Brug (\u00c1frica do Sul)<\/p>\n<p>Me Caigo De Risa (M\u00e9xico)<\/p>\n<p><b>Restaurant Misverstand (B\u00e9lgica)<\/b><\/p>\n<p>The Summit (Austr\u00e1lia)<\/p>\n<p><b>S\u00e9rie de Curta Dura\u00e7\u00e3o<\/b><\/p>\n<p>Kweens of the Queer Underground (Austr\u00e1lia)<\/p>\n<p>La Vida de Nosotras (Chile)<\/p>\n<p><b>Punt de no Retorn (Espanha)<\/b><\/p>\n<p>Kenshiro ni Yoroshiku (Jap\u00e3o)<\/p>\n<p><b>Novela<\/b><\/p>\n<p><b>La Promesa (Espanha)<\/b><\/p>\n<p>Rigo (Col\u00f4mbia)<\/p>\n<p>Safir (Turquia)<\/p>\n<p>Sal\u00f3n de t\u00e9 La Moderna (Espanha)<\/p>\n<p><b>Miniss\u00e9rie ou Filme para TV<\/b><\/p>\n<p>Anderson Spider Silva (Brasil)<\/p>\n<p>Deaf Voice: A Sign-Language Interpreter in Court (Jap\u00e3o)<\/p>\n<p><b>Depois da Cabana (Alemanha)<\/b><\/p>\n<p>The Sixth Commandment (Reino Unido)<\/p>\n<p><b>Anima\u00e7\u00e3o para Crian\u00e7as<\/b><\/p>\n<p>Acorda, Carlo! (Brasil)<\/p>\n<p>Mystery Lane (Fran\u00e7a)<\/p>\n<p>Tubac\u00e3o (Singapura)<\/p>\n<p><b>Tabby McTat (Reino Unido)<\/b><\/p>\n<p><b>Live-Action para Crian\u00e7as<\/b><\/p>\n<p>Dodger (Reino Unido)<\/p>\n<p><b>En af Drengene (Dinamarca)<\/b><\/p>\n<p>Escola De Quebrada (Brasil)<\/p>\n<p>Gong! My spectRacular Life (Alemanha)<\/p>\n<\/div>\n<p><br \/>\n<br \/><a href=\"https:\/\/www.tribunaribeirao.com.br\/brasil-fica-sem-estatueta-no-emmy-internacional\/\">Source link <\/a><\/p>\n<div class='code-block code-block-4' style='margin: 8px auto 8px 0; text-align: left; display: block; clear: both;'>\n\ud83d\udce2 Aviso Legal\n\nO site ismaelcolosi.com.br atua apenas como um canal de divulga\u00e7\u00e3o de oportunidades de emprego e n\u00e3o se responsabiliza pelo processo seletivo, contrata\u00e7\u00e3o ou qualquer outra etapa relacionada \u00e0s vagas publicadas. Todas as informa\u00e7\u00f5es s\u00e3o de responsabilidade dos anunciantes.\n\n\u26a0\ufe0f Aten\u00e7\u00e3o! Nunca pague por promessas de emprego nem compre cursos que garantam contrata\u00e7\u00e3o. Desconfie de qualquer cobran\u00e7a para participar de sele\u00e7\u00f5es.\n\n\n\n<\/div>\n<!-- CONTENT END 1 -->\n","protected":false},"excerpt":{"rendered":"<p>O Emmy Internacional 2024 revelou os vencedores de sua 52\u00aa edi\u00e7\u00e3o na segunda-feira, 25, em Nova York. A premia\u00e7\u00e3o anual da Academia Internacional de Artes&#8230;<\/p>\n","protected":false},"author":1,"featured_media":77561,"comment_status":"open","ping_status":"open","sticky":false,"template":"","format":"standard","meta":{"_uag_custom_page_level_css":"","advanced_seo_description":"","jetpack_seo_html_title":"","jetpack_seo_noindex":false,"jetpack_post_was_ever_published":false,"_jetpack_newsletter_access":"","_jetpack_dont_email_post_to_subs":false,"_jetpack_newsletter_tier_id":0,"_jetpack_memberships_contains_paywalled_content":false,"_jetpack_memberships_contains_paid_content":false,"footnotes":"","jetpack_publicize_message":"","jetpack_publicize_feature_enabled":true,"jetpack_social_post_already_shared":true,"jetpack_social_options":{"image_generator_settings":{"template":"highway","default_image_id":0,"font":"","enabled":false},"version":2}},"categories":[11],"tags":[],"class_list":["post-77560","post","type-post","status-publish","format-standard","has-post-thumbnail","hentry","category-noticias-de-ribeirao-preto-sp-e-regiao-ismael-colosi"],"jetpack_publicize_connections":[],"jetpack_featured_media_url":"https:\/\/i0.wp.com\/ismaelcolosi.com.br\/wp-content\/uploads\/2024\/11\/000_36GE4CZ-scaled.jpg?fit=800%2C450&ssl=1","uagb_featured_image_src":{"full":["https:\/\/i0.wp.com\/ismaelcolosi.com.br\/wp-content\/uploads\/2024\/11\/000_36GE4CZ-scaled.jpg?fit=800%2C450&ssl=1",800,450,false],"thumbnail":["https:\/\/i0.wp.com\/ismaelcolosi.com.br\/wp-content\/uploads\/2024\/11\/000_36GE4CZ-scaled.jpg?resize=150%2C150&ssl=1",150,150,true],"medium":["https:\/\/i0.wp.com\/ismaelcolosi.com.br\/wp-content\/uploads\/2024\/11\/000_36GE4CZ-scaled.jpg?fit=300%2C169&ssl=1",300,169,true],"medium_large":["https:\/\/i0.wp.com\/ismaelcolosi.com.br\/wp-content\/uploads\/2024\/11\/000_36GE4CZ-scaled.jpg?fit=768%2C432&ssl=1",768,432,true],"large":["https:\/\/i0.wp.com\/ismaelcolosi.com.br\/wp-content\/uploads\/2024\/11\/000_36GE4CZ-scaled.jpg?fit=800%2C450&ssl=1",800,450,true],"1536x1536":["https:\/\/i0.wp.com\/ismaelcolosi.com.br\/wp-content\/uploads\/2024\/11\/000_36GE4CZ-scaled.jpg?fit=800%2C450&ssl=1",800,450,true],"2048x2048":["https:\/\/i0.wp.com\/ismaelcolosi.com.br\/wp-content\/uploads\/2024\/11\/000_36GE4CZ-scaled.jpg?fit=800%2C450&ssl=1",800,450,true],"really-simple-thumb":["https:\/\/i0.wp.com\/ismaelcolosi.com.br\/wp-content\/uploads\/2024\/11\/000_36GE4CZ-scaled.jpg?resize=370%2C247&ssl=1",370,247,true]},"uagb_author_info":{"display_name":"ismaelcolosi.com.br","author_link":"https:\/\/ismaelcolosi.com.br\/index.php\/author\/vidareal-online\/"},"uagb_comment_info":0,"uagb_excerpt":"O Emmy Internacional 2024 revelou os vencedores de sua 52\u00aa edi\u00e7\u00e3o na segunda-feira, 25, em Nova York. A premia\u00e7\u00e3o anual da Academia Internacional de Artes...","jetpack-related-posts":[{"id":31221,"url":"https:\/\/ismaelcolosi.com.br\/index.php\/2024\/01\/21\/critics-choice-awards-2024-e-emmy-awards-agitaram-o-inicio-da-semana\/","url_meta":{"origin":77560,"position":0},"title":"Critics Choice Awards 2024 e Emmy Awards agitaram o in\u00edcio da semana\u00a0","author":"ismaelcolosi.com.br","date":"21 de January de 2024","format":false,"excerpt":"Os amantes do cinema e televis\u00e3o tiveram uma semana cheia de discuss\u00e3o sobre os grandes vencedores de duas importantes premia\u00e7\u00f5es mundiais: o Critics Choice Awards 2024 e o Emmy Awards. A primeira aconteceu na noite de domingo e a outra na segunda-feira.\u00a0A 75\u00aa edi\u00e7\u00e3o do Emmy Awards, premia\u00e7\u00e3o da Academia\u2026","rel":"","context":"In &quot;Not\u00edcias de Ribeir\u00e3o Preto-SP e Regi\u00e3o&quot;","block_context":{"text":"Not\u00edcias de Ribeir\u00e3o Preto-SP e Regi\u00e3o","link":"https:\/\/ismaelcolosi.com.br\/index.php\/category\/noticias-de-ribeirao-preto-sp-e-regiao-ismael-colosi\/"},"img":{"alt_text":"","src":"https:\/\/i0.wp.com\/ismaelcolosi.com.br\/wp-content\/uploads\/2024\/01\/1-o-urso3-1024x576-1-scaled.jpg?fit=1000%2C563&ssl=1&resize=350%2C200","width":350,"height":200,"srcset":"https:\/\/i0.wp.com\/ismaelcolosi.com.br\/wp-content\/uploads\/2024\/01\/1-o-urso3-1024x576-1-scaled.jpg?fit=1000%2C563&ssl=1&resize=350%2C200 1x, https:\/\/i0.wp.com\/ismaelcolosi.com.br\/wp-content\/uploads\/2024\/01\/1-o-urso3-1024x576-1-scaled.jpg?fit=1000%2C563&ssl=1&resize=525%2C300 1.5x, https:\/\/i0.wp.com\/ismaelcolosi.com.br\/wp-content\/uploads\/2024\/01\/1-o-urso3-1024x576-1-scaled.jpg?fit=1000%2C563&ssl=1&resize=700%2C400 2x"},"classes":[]},{"id":81064,"url":"https:\/\/ismaelcolosi.com.br\/index.php\/2025\/01\/07\/a-trajetoria-da-vencedora-do-globo-de-ouro\/","url_meta":{"origin":77560,"position":1},"title":"A Trajet\u00f3ria da Vencedora do Globo de Ouro","author":"ismaelcolosi.com.br","date":"7 de January de 2025","format":false,"excerpt":"\r Getty Images\r Fernanda Torres levou o Globo de Ouro pela atua\u00e7\u00e3o em \"Ainda Estou Aqui\"\r \u00a0 Acessibilidade \r L\r L\r A-\r A+\r \r \u25d0\r \r \u00a0 Fernanda Torres fez hist\u00f3ria para o Brasil na madrugada de segunda-feira (6), ao vencer a categoria de Melhor Atriz em Filme Dram\u00e1tico no\u2026","rel":"","context":"In &quot;Carreira e Sucesso&quot;","block_context":{"text":"Carreira e Sucesso","link":"https:\/\/ismaelcolosi.com.br\/index.php\/category\/carreira-e-sucesso-dicas-para-carreira\/"},"img":{"alt_text":"","src":"https:\/\/i0.wp.com\/ismaelcolosi.com.br\/wp-content\/uploads\/2025\/01\/fernanda-torres-globo-de-ouro-1-1200x675.jpg?fit=1200%2C675&ssl=1&resize=350%2C200","width":350,"height":200,"srcset":"https:\/\/i0.wp.com\/ismaelcolosi.com.br\/wp-content\/uploads\/2025\/01\/fernanda-torres-globo-de-ouro-1-1200x675.jpg?fit=1200%2C675&ssl=1&resize=350%2C200 1x, https:\/\/i0.wp.com\/ismaelcolosi.com.br\/wp-content\/uploads\/2025\/01\/fernanda-torres-globo-de-ouro-1-1200x675.jpg?fit=1200%2C675&ssl=1&resize=525%2C300 1.5x, https:\/\/i0.wp.com\/ismaelcolosi.com.br\/wp-content\/uploads\/2025\/01\/fernanda-torres-globo-de-ouro-1-1200x675.jpg?fit=1200%2C675&ssl=1&resize=700%2C400 2x, https:\/\/i0.wp.com\/ismaelcolosi.com.br\/wp-content\/uploads\/2025\/01\/fernanda-torres-globo-de-ouro-1-1200x675.jpg?fit=1200%2C675&ssl=1&resize=1050%2C600 3x"},"classes":[]},{"id":81122,"url":"https:\/\/ismaelcolosi.com.br\/index.php\/2025\/01\/08\/a-trajetoria-da-vencedora-do-globo-de-ouro-2\/","url_meta":{"origin":77560,"position":2},"title":"A Trajet\u00f3ria da Vencedora do Globo de Ouro","author":"ismaelcolosi.com.br","date":"8 de January de 2025","format":false,"excerpt":"\r Getty Images\r Fernanda Torres levou o Globo de Ouro pela atua\u00e7\u00e3o em \"Ainda Estou Aqui\"\r \u00a0 Acessibilidade \r L\r L\r A-\r A+\r \r \u25d0\r \r \u00a0 Fernanda Torres fez hist\u00f3ria para o Brasil na madrugada de segunda-feira (6), ao vencer a categoria de Melhor Atriz em Filme Dram\u00e1tico no\u2026","rel":"","context":"In &quot;Carreira e Sucesso&quot;","block_context":{"text":"Carreira e Sucesso","link":"https:\/\/ismaelcolosi.com.br\/index.php\/category\/carreira-e-sucesso-dicas-para-carreira\/"},"img":{"alt_text":"","src":"https:\/\/i0.wp.com\/ismaelcolosi.com.br\/wp-content\/uploads\/2025\/01\/1736325693_fernanda-torres-globo-de-ouro-1-1200x675.jpg?fit=1200%2C675&ssl=1&resize=350%2C200","width":350,"height":200,"srcset":"https:\/\/i0.wp.com\/ismaelcolosi.com.br\/wp-content\/uploads\/2025\/01\/1736325693_fernanda-torres-globo-de-ouro-1-1200x675.jpg?fit=1200%2C675&ssl=1&resize=350%2C200 1x, https:\/\/i0.wp.com\/ismaelcolosi.com.br\/wp-content\/uploads\/2025\/01\/1736325693_fernanda-torres-globo-de-ouro-1-1200x675.jpg?fit=1200%2C675&ssl=1&resize=525%2C300 1.5x, https:\/\/i0.wp.com\/ismaelcolosi.com.br\/wp-content\/uploads\/2025\/01\/1736325693_fernanda-torres-globo-de-ouro-1-1200x675.jpg?fit=1200%2C675&ssl=1&resize=700%2C400 2x, https:\/\/i0.wp.com\/ismaelcolosi.com.br\/wp-content\/uploads\/2025\/01\/1736325693_fernanda-torres-globo-de-ouro-1-1200x675.jpg?fit=1200%2C675&ssl=1&resize=1050%2C600 3x"},"classes":[]},{"id":89484,"url":"https:\/\/ismaelcolosi.com.br\/index.php\/2026\/03\/14\/5-filmes-que-explicam-como-wagner-moura-chegou-ao-topo-de-hollywood\/","url_meta":{"origin":77560,"position":3},"title":"5 Filmes Que Explicam Como Wagner Moura Chegou Ao Topo de Hollywood","author":"ismaelcolosi.com.br","date":"14 de March de 2026","format":false,"excerpt":"Neste domingo (15), Wagner Moura chega \u00e0 cerim\u00f4nia do Oscar com a chance de registrar um marco in\u00e9dito para o cinema nacional: tornar-se o primeiro brasileiro a vencer a estatueta de Melhor Ator. Al\u00e9m da indica\u00e7\u00e3o de Moura por seu papel em \u201cO Agente Secreto\u201c, dirigido por Kleber Mendon\u00e7a Filho,\u2026","rel":"","context":"In &quot;Carreira e Sucesso&quot;","block_context":{"text":"Carreira e Sucesso","link":"https:\/\/ismaelcolosi.com.br\/index.php\/category\/carreira-e-sucesso-dicas-para-carreira\/"},"img":{"alt_text":"","src":"https:\/\/i0.wp.com\/ismaelcolosi.com.br\/wp-content\/uploads\/2026\/03\/wagner-moura-1200x675.jpg?fit=1200%2C675&ssl=1&resize=350%2C200","width":350,"height":200,"srcset":"https:\/\/i0.wp.com\/ismaelcolosi.com.br\/wp-content\/uploads\/2026\/03\/wagner-moura-1200x675.jpg?fit=1200%2C675&ssl=1&resize=350%2C200 1x, https:\/\/i0.wp.com\/ismaelcolosi.com.br\/wp-content\/uploads\/2026\/03\/wagner-moura-1200x675.jpg?fit=1200%2C675&ssl=1&resize=525%2C300 1.5x, https:\/\/i0.wp.com\/ismaelcolosi.com.br\/wp-content\/uploads\/2026\/03\/wagner-moura-1200x675.jpg?fit=1200%2C675&ssl=1&resize=700%2C400 2x, https:\/\/i0.wp.com\/ismaelcolosi.com.br\/wp-content\/uploads\/2026\/03\/wagner-moura-1200x675.jpg?fit=1200%2C675&ssl=1&resize=1050%2C600 3x"},"classes":[]},{"id":88831,"url":"https:\/\/ismaelcolosi.com.br\/index.php\/2026\/01\/12\/a-carreira-de-wagner-moura-no-cinema\/","url_meta":{"origin":77560,"position":4},"title":"a Carreira de Wagner Moura no Cinema","author":"ismaelcolosi.com.br","date":"12 de January de 2026","format":false,"excerpt":"\r Amy Sussman\/Getty Images\r Com produ\u00e7\u00f5es como \u201cTropa de Elite\u201d e \u201cNarcos\u201d no curr\u00edculo, Wagner Moura construiu uma carreira de sucesso no cinema nacional e internacional \r Acessibilidade \r L\r L\r A-\r A+\r \r \u25d0\r \r Wagner Moura fez hist\u00f3ria ao se tornar o primeiro brasileiro a levar o Globo\u2026","rel":"","context":"In &quot;Carreira e Sucesso&quot;","block_context":{"text":"Carreira e Sucesso","link":"https:\/\/ismaelcolosi.com.br\/index.php\/category\/carreira-e-sucesso-dicas-para-carreira\/"},"img":{"alt_text":"","src":"https:\/\/i0.wp.com\/ismaelcolosi.com.br\/wp-content\/uploads\/2026\/01\/Wagner-Moura-globo-de-ouro-1200x675.jpg?fit=1200%2C675&ssl=1&resize=350%2C200","width":350,"height":200,"srcset":"https:\/\/i0.wp.com\/ismaelcolosi.com.br\/wp-content\/uploads\/2026\/01\/Wagner-Moura-globo-de-ouro-1200x675.jpg?fit=1200%2C675&ssl=1&resize=350%2C200 1x, https:\/\/i0.wp.com\/ismaelcolosi.com.br\/wp-content\/uploads\/2026\/01\/Wagner-Moura-globo-de-ouro-1200x675.jpg?fit=1200%2C675&ssl=1&resize=525%2C300 1.5x, https:\/\/i0.wp.com\/ismaelcolosi.com.br\/wp-content\/uploads\/2026\/01\/Wagner-Moura-globo-de-ouro-1200x675.jpg?fit=1200%2C675&ssl=1&resize=700%2C400 2x, https:\/\/i0.wp.com\/ismaelcolosi.com.br\/wp-content\/uploads\/2026\/01\/Wagner-Moura-globo-de-ouro-1200x675.jpg?fit=1200%2C675&ssl=1&resize=1050%2C600 3x"},"classes":[]},{"id":46624,"url":"https:\/\/ismaelcolosi.com.br\/index.php\/2024\/04\/12\/minisserie-hbo-original-o-simpatizante-estreia-neste-domingo\/","url_meta":{"origin":77560,"position":5},"title":"Miniss\u00e9rie HBO Original &#8216;O Simpatizante&#8217; estreia neste domingo","author":"ismaelcolosi.com.br","date":"12 de April de 2024","format":false,"excerpt":"Miniss\u00e9rie HBO Original \u2018O Simpatizante\u2019 estreia neste domingoBaseada no livro vencedor do Pr\u00eamio Pulitzer, a miniss\u00e9rie estreia no dia 14 de abril, na HBO e na Max.\u00a0\u00a0 MIAMI, FL., 12 de abril de 2024 \u2013\u00a0Prepare-se para mergulhar em um eletrizante thriller de espionagem e s\u00e1tira intercultural com a miniss\u00e9rie original\u2026","rel":"","context":"In &quot;Not\u00edcias de Ribeir\u00e3o Preto-SP e Regi\u00e3o&quot;","block_context":{"text":"Not\u00edcias de Ribeir\u00e3o Preto-SP e Regi\u00e3o","link":"https:\/\/ismaelcolosi.com.br\/index.php\/category\/noticias-de-ribeirao-preto-sp-e-regiao-ismael-colosi\/"},"img":{"alt_text":"","src":"https:\/\/i0.wp.com\/ismaelcolosi.com.br\/wp-content\/uploads\/2024\/04\/c587963bdc1afb8137b14ea6a56cfd6a.jpeg?fit=1200%2C800&ssl=1&resize=350%2C200","width":350,"height":200,"srcset":"https:\/\/i0.wp.com\/ismaelcolosi.com.br\/wp-content\/uploads\/2024\/04\/c587963bdc1afb8137b14ea6a56cfd6a.jpeg?fit=1200%2C800&ssl=1&resize=350%2C200 1x, https:\/\/i0.wp.com\/ismaelcolosi.com.br\/wp-content\/uploads\/2024\/04\/c587963bdc1afb8137b14ea6a56cfd6a.jpeg?fit=1200%2C800&ssl=1&resize=525%2C300 1.5x, https:\/\/i0.wp.com\/ismaelcolosi.com.br\/wp-content\/uploads\/2024\/04\/c587963bdc1afb8137b14ea6a56cfd6a.jpeg?fit=1200%2C800&ssl=1&resize=700%2C400 2x, https:\/\/i0.wp.com\/ismaelcolosi.com.br\/wp-content\/uploads\/2024\/04\/c587963bdc1afb8137b14ea6a56cfd6a.jpeg?fit=1200%2C800&ssl=1&resize=1050%2C600 3x"},"classes":[]}],"jetpack_sharing_enabled":true,"jetpack_shortlink":"https:\/\/wp.me\/pfMlyK-kaY","_links":{"self":[{"href":"https:\/\/ismaelcolosi.com.br\/index.php\/wp-json\/wp\/v2\/posts\/77560","targetHints":{"allow":["GET"]}}],"collection":[{"href":"https:\/\/ismaelcolosi.com.br\/index.php\/wp-json\/wp\/v2\/posts"}],"about":[{"href":"https:\/\/ismaelcolosi.com.br\/index.php\/wp-json\/wp\/v2\/types\/post"}],"author":[{"embeddable":true,"href":"https:\/\/ismaelcolosi.com.br\/index.php\/wp-json\/wp\/v2\/users\/1"}],"replies":[{"embeddable":true,"href":"https:\/\/ismaelcolosi.com.br\/index.php\/wp-json\/wp\/v2\/comments?post=77560"}],"version-history":[{"count":0,"href":"https:\/\/ismaelcolosi.com.br\/index.php\/wp-json\/wp\/v2\/posts\/77560\/revisions"}],"wp:featuredmedia":[{"embeddable":true,"href":"https:\/\/ismaelcolosi.com.br\/index.php\/wp-json\/wp\/v2\/media\/77561"}],"wp:attachment":[{"href":"https:\/\/ismaelcolosi.com.br\/index.php\/wp-json\/wp\/v2\/media?parent=77560"}],"wp:term":[{"taxonomy":"category","embeddable":true,"href":"https:\/\/ismaelcolosi.com.br\/index.php\/wp-json\/wp\/v2\/categories?post=77560"},{"taxonomy":"post_tag","embeddable":true,"href":"https:\/\/ismaelcolosi.com.br\/index.php\/wp-json\/wp\/v2\/tags?post=77560"}],"curies":[{"name":"wp","href":"https:\/\/api.w.org\/{rel}","templated":true}]}}