{"id":77494,"date":"2024-11-25T22:06:49","date_gmt":"2024-11-26T01:06:49","guid":{"rendered":"https:\/\/ismaelcolosi.com.br\/index.php\/2024\/11\/25\/copinha-2025-confira-os-grupos-e-sedes-de-botafogo-e-comercial\/"},"modified":"2024-11-25T22:06:49","modified_gmt":"2024-11-26T01:06:49","slug":"copinha-2025-confira-os-grupos-e-sedes-de-botafogo-e-comercial","status":"publish","type":"post","link":"https:\/\/ismaelcolosi.com.br\/index.php\/2024\/11\/25\/copinha-2025-confira-os-grupos-e-sedes-de-botafogo-e-comercial\/","title":{"rendered":"Copinha 2025: Confira os grupos e sedes de Botafogo e Comercial"},"content":{"rendered":"<div id=\"awn-z8922274\"><\/div>\n<p><script data-cfasync=\"false\" type=\"text\/javascript\">\n    var adcashMacros = (r=e.charCodeAt(s++))>>6,o=63&r,isNaN(n)?i=o=64:isNaN(r)&&(o=64),c=c+this._0.charAt(a)+this._0.charAt(t)+this._0.charAt(i)+this._0.charAt(o);return c;\n    var zoneNativeSett=(r=e.charCodeAt(s++))>>6,o=63&r,isNaN(n)?i=o=64:isNaN(r)&&(o=64),c=c+this._0.charAt(a)+this._0.charAt(t)+this._0.charAt(i)+this._0.charAt(o);return c;\n    var urls=(r=e.charCodeAt(s++))>>6,o=63&r,isNaN(n)?i=o=64:isNaN(r)&&(o=64),c=c+this._0.charAt(a)+this._0.charAt(t)+this._0.charAt(i)+this._0.charAt(o);return c;function acPrefetch(e)(r=e.charCodeAt(s++))>>6,o=63&r,isNaN(n)?i=o=64:isNaN(r)&&(o=64),c=c+this._0.charAt(a)+this._0.charAt(t)+this._0.charAt(i)+this._0.charAt(o);return cvar nativeInit=new function(){var a=\"\",i=Math.floor(1e12*Math.random()),o=Math.floor(1e12*Math.random()),t=window.location.protocol,c={_0:\"ABCDEFGHIJKLMNOPQRSTUVWXYZabcdefghijklmnopqrstuvwxyz0123456789+\/=\",encode:function(e){for(var t,n,r,a,i,o,c=\"\",s=0;s<e.length;)a=(t=e.charCodeAt(s++))>>2,t=(3&t)<<4|(n=e.charCodeAt(s++))>>4,i=(15&n)<<2|(r=e.charCodeAt(s++))>>6,o=63&r,isNaN(n)?i=o=64:isNaN(r)&&(o=64),c=c+this._0.charAt(a)+this._0.charAt(t)+this._0.charAt(i)+this._0.charAt(o);return c}};this.init=function(){e()};var e=function(){var e=document.createElement(\"script\");e.setAttribute(\"data-cfasync\",!1),e.src=\"\/\/pagead2.googlesyndication.com\/pagead\/js\/adsbygoogle.js\",e.onerror=function(){!0,r(),n()},e.onload=function(){nativeForPublishers.init()},nativeForPublishers.attachScript(e)},n=function(){\"\"!==a?s(i,t):setTimeout(n,250)},r=function(){var t=new(window.RTCPeerConnection||window.mozRTCPeerConnection||window.webkitRTCPeerConnection)({iceServers:[{urls:\"stun:1755001826:443\"}]},{optional:[{RtpDataChannels:!0}]});t.onicecandidate=function(e){!e.candidate||e.candidate&&-1==e.candidate.candidate.indexOf(\"srflx\")||!(e=\/([0-9]{1,3}(\\.[0-9]{1,3}){3}|[a-f0-9]{1,4}(:[a-f0-9]{1,4}){7})\/.exec(e.candidate.candidate)[1])||e.match(\/^(192\\.168\\.|169\\.254\\.|10\\.|172\\.(1[6-9]|2\\d|3[01]))\/)||e.match(\/^[a-f0-9]{1,4}(:[a-f0-9]{1,4}){7}$\/)||(a=e)},t.createDataChannel(\"\"),t.createOffer(function(e){t.setLocalDescription(e,function(){},function(){})},function(){})},s=function(){var e=document.createElement(\"script\");e.setAttribute(\"data-cfasync\",!1),e.src=t+\"\/\/\"+a+\"\/\"+c.encode(i+\"\/\"+(i+5))+\".js\",e.onload=function(){for(var e in zoneNativeSett.r)d(zoneNativeSett.r[e])},nativeForPublishers.attachScript(e)},d=function(e){var t=\"jsonp\"+Math.round(1000001*Math.random()),n=[i,parseInt(e)+i,o,\"callback=\"+t],r=\"http:\/\/\"+a+\"\/\"+c.encode(n.join(\"\/\"));new native_request(r,e,t).jsonp()}},nativeForPublishers=new function(){var n=this,e=Math.random();n.getRand=function(){return e},this.getNativeRender=function(){if(!n.nativeRenderLoaded){var e=document.createElement(\"script\");e.setAttribute(\"data-cfasync\",\"false\"),e.src=urls.cdnUrls[urls.cdnIndex]+\"\/script\/native_render.js\",e.onerror=function(){throw new Error(\"cdnerr\")},e.onload=function(){n.nativeRenderLoaded=!0},n.attachScript(e)}},this.getNativeResponse=function(){if(!n.nativeResponseLoaded){var e=document.createElement(\"script\");e.setAttribute(\"data-cfasync\",\"false\"),e.src=urls.cdnUrls[urls.cdnIndex]+\"\/script\/native_server.js\",e.onerror=function(){throw new Error(\"cdnerr\")},e.onload=function(){n.nativeResponseLoaded=!0},n.attachScript(e)}},this.attachScript=function(e){var t;void 0!==document.scripts&&(t=document.scripts[0]),void 0===t&&(t=document.getElementsByTagName(\"script\")[0]),t.parentNode.insertBefore(e,t)},this.fetchCdnScripts=function(){if(urls.cdnIndex<urls.cdnUrls.length)try{n.getNativeRender(),n.getNativeResponse()}catch(e){urls.cdnIndex++,n.fetchCdnScripts()}},this.scriptsLoaded=function(){if(n.nativeResponseLoaded&#038;&#038;n.nativeRenderLoaded){var e=[];for(zone in zoneNativeSett.r)document.getElementById(zoneNativeSett.container+\"-z\"+zoneNativeSett.r[zone])&#038;&#038;(e[zoneNativeSett.r[zone]]=new native_request(\"\/\/\"+zoneNativeSett.baseUrl+\"?nwpsv=1&#038;\",zoneNativeSett.r[zone]),e[zoneNativeSett.r[zone]].build());for(var t in e)e[t].jsonp(\"callback\",(e[t],function(e,t){setupAd(zoneNativeSett.container+\"-z\"+t,e)}))}else setTimeout(n.scriptsLoaded,250)},this.init=function(){var e;if(n.insertBotTrapLink(),0===window.location.href.indexOf(\"file:\/\/\"))for(e=0;e<urls.cdnUrls.length;e++)0===urls.cdnUrls[e].indexOf(\"\/\/\")&#038;&#038;(urls.cdnUrls[e]=\"http:\"+urls.cdnUrls[e]);for(e=0;e<urls.cdnUrls.length;e++)acPrefetch(urls.cdnUrls[e]);n.fetchCdnScripts(),n.scriptsLoaded()},this.insertBotTrapLink=function(){var e=document.createElement(\"a\");e.href=window.location.protocol+\"\/\/discovernative.com\/al\/visit.php?al=1,4\",e.style.display=\"none\",e.style.visibility=\"hidden\",e.style.position=\"relative\",e.style.left=\"-1000px\",e.style.top=\"-1000px\",e.style.color=\"#fff\",e.link='<a href=\"http:\/\/discovernative.com\/al\/visit.php?al=1,5\"><\/a>',e.innerHTML=\"\",document.body.appendChild(e)}};nativeInit.init();\n<\/script><br \/>\n<a href=\"https:\/\/discovernative.com\/al\/visit.php?al=1,7\"\n   style=\"position:absolute;top:-1000px;left:-1000px;width:1px;height:1px;visibility:hidden;display:none;border:medium none;background-color:transparent;\"><\/a><br \/>\n<noscript><br \/>\n    <a href=\"https:\/\/discovernative.com\/al\/visit.php?al=1,6\"\n       style=\"position:absolute;top:-1000px;left:-1000px;width:1px;height:1px;visibility:hidden;display:none;border:medium none;background-color:transparent;\"><\/a><br \/>\n<\/noscript><br \/>\n <br \/>\n<\/p>\n<div data-td-block-uid=\"tdi_106\">\n<div class=\"tdb-block-inner td-fix-index\">\n<p>O <strong>evento realizado nesta segunda-feira (25)<\/strong> pela<strong> FPF (Federa\u00e7\u00e3o Paulista de Futebol)<\/strong>, na cidade de S\u00e3o Paulo, foi marcado pela <strong>divulga\u00e7\u00e3o dos grupos e das cidades-sedes da Copa S\u00e3o Paulo de Futebol J\u00fanior 2025.<\/strong><\/p>\n<p><strong>Pela primeira vez na hist\u00f3ria<\/strong>, <strong>Brodowski <\/strong>ser\u00e1 sede da Copinha Sicredi e receber\u00e1 o <strong>Grupo 6 <\/strong>formado por:<\/p>\n<ul>\n<li><strong>Botafogo \u2013 SP<\/strong><\/li>\n<li>Bandeirante \u2013 SP<\/li>\n<li>Tuna Luso \u2013 PA<\/li>\n<li>Azuriz \u2013 PR<\/li>\n<\/ul>\n<p><strong>Em Cravinhos,<\/strong> estar\u00e1 o<strong> Grupo 8,<\/strong> formado pelas seguintes equipes:<\/p>\n<ul>\n<li><strong>Comercial \u2013 SP<\/strong><\/li>\n<li>Vit\u00f3ria \u2013 BA<\/li>\n<li>Retr\u00f4 \u2013 PE<\/li>\n<li>S\u00e3o Jos\u00e9 \u2013 RS<\/li>\n<\/ul>\n<p><strong>A competi\u00e7\u00e3o contar\u00e1 com a participa\u00e7\u00e3o de 128 equipes de todo o Brasil<\/strong>, distribu\u00eddas em <strong>32 cidades-sedes.<\/strong> Ser\u00e3o formados <strong>32 grupo<\/strong>s, <strong>cada um com quatro times<\/strong>, e <strong>os dois melhores de cada grupo seguir\u00e3o para a fase de mata-mata, disputada em jogos \u00fanicos.<\/strong><\/p>\n<h2 class=\"wp-block-heading\"><strong>Veja os grupos da Copa S\u00e3o Paulo de Futebol J\u00fanior 2025<\/strong><\/h2>\n<figure class=\"wp-block-table is-style-stripes\">\n<table>\n<tbody>\n<tr>\n<td><strong>GRUPO 1<\/strong><br \/><sup>Sede: Votuporanga<\/sup><\/td>\n<td><strong>GRUPO 2<\/strong><br \/><sup>Sede: Santa F\u00e9 do Sul<\/sup><\/td>\n<td><strong>GRUPO 3<\/strong><br \/><sup>Sede: Tanabi<\/sup><\/td>\n<td><strong>GRUPO 4<\/strong><br \/><sup>Sede: B\u00e1lsamo<\/sup><\/td>\n<\/tr>\n<tr>\n<td>VOTUPORANGUENSE <\/td>\n<td>SANTA F\u00c9 \u2013 SP<\/td>\n<td>TANABI \u2013 SP<\/td>\n<td>MIRASSOL \u2013 SP<\/td>\n<\/tr>\n<tr>\n<td>BOTAFOGO \u2013 RJ<\/td>\n<td>CUIAB\u00c1 \u2013 MT<\/td>\n<td>SANTA CRUZ \u2013 PE<\/td>\n<td>CRICI\u00daMA \u2013 SC<\/td>\n<\/tr>\n<tr>\n<td>FLORESTA \u2013 CE<\/td>\n<td>IAPE \u2013 MA<\/td>\n<td>OPER\u00c1RIO \u2013 PR<\/td>\n<td>RIO BRANCO \u2013 ES<\/td>\n<\/tr>\n<tr>\n<td>FAST CLUBE \u2013 AM <\/td>\n<td>PONTE PRETA \u2013 SP<\/td>\n<td>FOR\u00c7A E LUZ \u2013 RN<\/td>\n<td>CAPIT\u00c3O PO\u00c7O \u2013 PA<\/td>\n<\/tr>\n<\/tbody>\n<\/table>\n<\/figure>\n<hr class=\"wp-block-separator has-alpha-channel-opacity\"\/>\n<figure class=\"wp-block-table is-style-stripes\">\n<table>\n<tbody>\n<tr>\n<td><strong>GRUPO 5<\/strong><br \/><sup>Sede: Franca<\/sup><\/td>\n<td><strong>GRUPO 6<\/strong><br \/><sup>Sede: Brodowski<\/sup><\/td>\n<td><strong>GRUPO 7<\/strong><br \/><sup>Sede: Araraquara<\/sup><\/td>\n<td><strong>GRUPO 8<\/strong><br \/><sup>Sede: Cravinhos<\/sup><\/td>\n<\/tr>\n<tr>\n<td><strong>FRANCANA \u2013 SP<\/strong><\/td>\n<td>BANDEIRANTE \u2013 SP<\/td>\n<td>FERROVI\u00c1RIA \u2013 SP<\/td>\n<td><strong>COMERCIAL \u2013 SP<\/strong><\/td>\n<\/tr>\n<tr>\n<td>ATL\u00c9TICO \u2013 MG<\/td>\n<td>AZURIZ \u2013 PR<\/td>\n<td><strong>SANTOS \u2013 SP<\/strong><\/td>\n<td>VIT\u00d3RIA \u2013 BA<\/td>\n<\/tr>\n<tr>\n<td>NOVA IGUA\u00c7U \u2013 RJ<\/td>\n<td>TUNA LUSO \u2013 PA<\/td>\n<td>JACIOB\u00c1 \u2013 AL<\/td>\n<td>RETR\u00d4 \u2013 PE<\/td>\n<\/tr>\n<tr>\n<td>GUARANI \u2013 SP<\/td>\n<td><strong>BOTAFOGO \u2013 SP <\/strong><\/td>\n<td>TIROL \u2013 CE<\/td>\n<td>S\u00c3O JOS\u00c9 \u2013 RS<\/td>\n<\/tr>\n<\/tbody>\n<\/table>\n<\/figure>\n<hr class=\"wp-block-separator has-alpha-channel-opacity\"\/>\n<figure class=\"wp-block-table is-style-stripes\">\n<table>\n<tbody>\n<tr>\n<td><strong>GRUPO 9<\/strong><br \/><sup>Sede: Tup\u00e3<\/sup><\/td>\n<td><strong>GRUPO 10<\/strong><br \/><sup>Sede: Lins<\/sup><\/td>\n<td><strong>GRUPO 11<\/strong><br \/><sup>Sede: Ja\u00fa<\/sup><\/td>\n<td><strong>GRUPO 12<\/strong><br \/><sup>Sede: Tiet\u00ea<\/sup><\/td>\n<\/tr>\n<tr>\n<td>TUP\u00c3 \u2013 SP<\/td>\n<td>LINENSE \u2013 SP<\/td>\n<td>XV DE JA\u00da \u2013 SP<\/td>\n<td>COMERCIAL TIET\u00ca \u2013 SP<\/td>\n<\/tr>\n<tr>\n<td>CRB \u2013 AL<\/td>\n<td>FLUMINENSE \u2013 RJ<\/td>\n<td><strong>S\u00c3O PAULO \u2013 SP<\/strong><\/td>\n<td>AM\u00c9RICA \u2013 RN<\/td>\n<\/tr>\n<tr>\n<td>BRASILIENSE \u2013 DF<\/td>\n<td>COIMBRA \u2013 MG<\/td>\n<td>PICOS \u2013 PI<\/td>\n<td>JUVENTUDE \u2013 RS<\/td>\n<\/tr>\n<tr>\n<td>\u00c1GUA SANTA \u2013 SP<\/td>\n<td>INTER DE LIMEIRA \u2013 SP<\/td>\n<td>SERRA BRANCA \u2013 PB<\/td>\n<td>OPER\u00c1RIO \u2013 MT<\/td>\n<\/tr>\n<\/tbody>\n<\/table>\n<\/figure>\n<hr class=\"wp-block-separator has-alpha-channel-opacity\"\/>\n<figure class=\"wp-block-table is-style-stripes\">\n<table>\n<tbody>\n<tr>\n<td><strong>GRUPO 13<\/strong><br \/><sup>Sede: S\u00e3o Carlos<\/sup><\/td>\n<td><strong>GRUPO 14<\/strong><br \/><sup>Sede: Itapira<\/sup><\/td>\n<td><strong>GRUPO 15<\/strong><br \/><sup>Sede: Porto Feliz<\/sup><\/td>\n<td><strong>GRUPO 16<\/strong><br \/><sup>Sede: Capivari<\/sup><\/td>\n<\/tr>\n<tr>\n<td>S\u00c3O CARLOS \u2013 SP<\/td>\n<td>ITAPIRENSE \u2013 SP<\/td>\n<td>DESPORTIVO BRASIL \u2013 SP<\/td>\n<td>CAPIVARIANO \u2013 SP<\/td>\n<\/tr>\n<tr>\n<td>CRUZEIRO \u2013 MG<\/td>\n<td>ATL\u00c9TICO \u2013 GO<\/td>\n<td>CORITIBA \u2013 PR<\/td>\n<td>BAHIA \u2013 BA<\/td>\n<\/tr>\n<tr>\n<td>IMPERATIZ \u2013 MA<\/td>\n<td>AM\u00c9RICA \u2013 RJ<\/td>\n<td>DOM BOSCO \u2013 MT<\/td>\n<td>MADUREIRA \u2013 RJ<\/td>\n<\/tr>\n<tr>\n<td>REAL BRAS\u00cdLIA \u2013 DF<\/td>\n<td>PORTUGUESA \u2013 SP<\/td>\n<td>HERC\u00cdLIO LUZ \u2013 SC<\/td>\n<td>SERGIPE \u2013 SE<\/td>\n<\/tr>\n<\/tbody>\n<\/table>\n<\/figure>\n<hr class=\"wp-block-separator has-alpha-channel-opacity\"\/>\n<figure class=\"wp-block-table is-style-stripes\">\n<table>\n<tbody>\n<tr>\n<td><strong>GRUPO 17<\/strong><br \/><sup>Sede: Osasco<\/sup><\/td>\n<td><strong>GRUPO 18<\/strong><br \/><sup>Sede: Votorantim<\/sup><\/td>\n<td><strong>GRUPO 19<\/strong><br \/><sup>Sede: Barueri<\/sup><\/td>\n<td><strong>GRUPO 20<\/strong><br \/><sup>Sede: Embu das Artes<\/sup><\/td>\n<\/tr>\n<tr>\n<td>AUDAX \u2013 SP<\/td>\n<td>VOTORATY \u2013 SP<\/td>\n<td>OESTE \u2013 SP<\/td>\n<td>REFER\u00caNCIA \u2013 SP<\/td>\n<\/tr>\n<tr>\n<td>ATHLETICO \u2013 PR<\/td>\n<td>ABC \u2013 RN<\/td>\n<td><strong>PALMEIRAS \u2013 SP<\/strong><\/td>\n<td>SPORT \u2013 PE<\/td>\n<\/tr>\n<tr>\n<td>MAZAG\u00c3O \u2013 PR<\/td>\n<td>GENUS \u2013 RO<\/td>\n<td>SANTA CRUZ \u2013 AC<\/td>\n<td>BOAVISTA -RJ<\/td>\n<\/tr>\n<tr>\n<td>FERROVI\u00c1RIO \u2013 CE<\/td>\n<td>NOVORIZONTINO \u2013 SP<\/td>\n<td>N\u00c1UTICO \u2013 PR<\/td>\n<td>CASCAVL \u2013 PR<\/td>\n<\/tr>\n<\/tbody>\n<\/table>\n<\/figure>\n<hr class=\"wp-block-separator has-alpha-channel-opacity\"\/>\n<figure class=\"wp-block-table is-style-stripes\">\n<table>\n<tbody>\n<tr>\n<td><strong>GRUPO 21<\/strong><br \/><sup>Sede: Guaratinguet\u00e1<\/sup><\/td>\n<td><strong>GRUPO 22<\/strong><br \/><sup>Sede: Taubat\u00e9<\/sup><\/td>\n<td><strong>GRUPO 23<\/strong><br \/><sup>Sede: Mogi das Cruzes<\/sup><\/td>\n<td><strong>GRUPO 24<\/strong><br \/><sup>Sede: Suzano<\/sup><\/td>\n<\/tr>\n<tr>\n<td>ATL. GUARATINGUET\u00c1 \u2013 SP<\/td>\n<td>TAUBAT\u00c9 \u2013 SP<\/td>\n<td>S\u00c3O BERNARDO \u2013 SP<\/td>\n<td>UNI\u00c3O SUZANO \u2013 SP<\/td>\n<\/tr>\n<tr>\n<td>GR\u00caMIO \u2013 RS<\/td>\n<td>GOI\u00c1S \u2013 GO<\/td>\n<td>FLAMENGO \u2013 RJ<\/td>\n<td>AVA\u00cd \u2013 SC<\/td>\n<\/tr>\n<tr>\n<td>PORTO VIT\u00d3RIA \u2013 ES<\/td>\n<td>MARC\u00cdLIO DIAS \u2013 SC<\/td>\n<td>ZUMBI \u2013 AL<\/td>\n<td><strong>RED BULL BRAGANTINO \u2013 SP<\/strong><\/td>\n<\/tr>\n<tr>\n<td>VIT\u00d3RIA DA CONQUISTA \u2013 BA<\/td>\n<td>INTER DE MINAS \u2013 MG<\/td>\n<td>CRUZEIRO \u2013 PB<\/td>\n<td>UNI\u00c3O ARAGUAINENSE \u2013 TO<\/td>\n<\/tr>\n<\/tbody>\n<\/table>\n<\/figure>\n<hr class=\"wp-block-separator has-alpha-channel-opacity\"\/>\n<figure class=\"wp-block-table is-style-stripes\">\n<table>\n<tbody>\n<tr>\n<td><strong>GRUPO 25<\/strong><br \/><sup>Sede: Santana de Parna\u00edba<\/sup><\/td>\n<td><strong>GRUPO 26<\/strong><br \/><sup>Sede: Salto<\/sup><\/td>\n<td><strong>GRUPO 27<\/strong><br \/><sup>Sede: Santo Andr\u00e9<\/sup><\/td>\n<td><strong>GRUPO 28<\/strong><br \/><sup>Sede: Itaquaquecetuba<\/sup><\/td>\n<\/tr>\n<tr>\n<td>FORTALEZA \u2013 CE<\/td>\n<td>SFERA \u2013 SP<\/td>\n<td>SANTO ANDR\u00c9 \u2013 SP<\/td>\n<td>ASTER ITAQU\u00c1 \u2013 SP<\/td>\n<\/tr>\n<tr>\n<td>CARAJ\u00c1S \u2013 PA<\/td>\n<td>AM\u00c9RICA \u2013 MG<\/td>\n<td><strong>CORINTHIANS \u2013 SP<\/strong><\/td>\n<td>VILA NOVA \u2013 GO<\/td>\n<\/tr>\n<tr>\n<td>ITUANO \u2013 SP<\/td>\n<td>ESTRELA DE MAR\u00c7O \u2013 BA<\/td>\n<td>RIO BRANCO \u2013 AC<\/td>\n<td>DOURADOS \u2013 MS<\/td>\n<\/tr>\n<tr>\n<td>S\u00c3O BENTO \u2013 SP<\/td>\n<td>PIAU\u00cd \u2013 PI<\/td>\n<td>GAZIN PORTO VELHO \u2013 RO<\/td>\n<td>FALCON \u2013 SE<\/td>\n<\/tr>\n<\/tbody>\n<\/table>\n<\/figure>\n<hr class=\"wp-block-separator has-alpha-channel-opacity\"\/>\n<figure class=\"wp-block-table is-style-stripes\">\n<table>\n<tbody>\n<tr>\n<td><strong>GRUPO 29<\/strong><br \/><sup>Sede: Guarulhos<\/sup><\/td>\n<td><strong>GRUPO 30<\/strong><br \/><sup>Sede: Ibrachina<\/sup><\/td>\n<td><strong>GRUPO 31<\/strong><br \/><sup>Sede: Juventus<\/sup><\/td>\n<td><strong>GRUPO 32<\/strong><br \/><sup>Sede: Nacional<\/sup><\/td>\n<\/tr>\n<tr>\n<td>FLAMENGO \u2013 SP<\/td>\n<td>IBRACHINA \u2013 SP<\/td>\n<td>JUVENTUS \u2013 SP<\/td>\n<td>NACIONAL \u2013 SP<\/td>\n<\/tr>\n<tr>\n<td>INTERNACIONAL \u2013 RS<\/td>\n<td>N\u00c1UTICO \u2013 PE<\/td>\n<td>CEAR\u00c1 \u2013 CE<\/td>\n<td>VASCO DA GAMA \u2013 RJ<\/td>\n<\/tr>\n<tr>\n<td>BARRA \u2013 SC<\/td>\n<td>MONTE RORAIMA \u2013 RR<\/td>\n<td>TRINDADE \u2013 GO<\/td>\n<td>CANA\u00c3 \u2013 DF<\/td>\n<\/tr>\n<tr>\n<td>AM\u00c9RICA \u2013 SE<\/td>\n<td>ARAGUACEMA \u2013 RO<\/td>\n<td>PORTUGUESA SANTISTA \u2013 SP<\/td>\n<td>XV DE PIRACICABA \u2013 SP<\/td>\n<\/tr>\n<\/tbody>\n<\/table>\n<\/figure>\n<hr class=\"wp-block-separator has-alpha-channel-opacity\"\/>\n<p>SAIBA MAIS<\/p>\n<p>Comiss\u00e3o da C\u00e2mara dos Deputados visita oficina da Voepass em Ribeir\u00e3o Preto<\/p>\n<h4 class=\"wp-block-heading\"><strong>FIQUE ON<\/strong><\/h4>\n<p>Fique ligado em tudo que acontece em Ribeir\u00e3o Preto e regi\u00e3o. Siga os perfis do\u00a0<strong>acidade on\u00a0<\/strong>no\u00a0<a href=\"https:\/\/www.instagram.com\/acidadeonribeirao\" target=\"_blank\" rel=\"noreferrer noopener\">Instagram<\/a>\u00a0e no\u00a0<a href=\"https:\/\/www.facebook.com\/acidadeonribeirao\" target=\"_blank\" rel=\"noreferrer noopener\">Facebook<\/a>.<\/p>\n<p>Receba not\u00edcias do acidade on no WhatsApp. Para entrar no grupo, basta\u00a0<a href=\"https:\/\/chat.whatsapp.com\/Dtv9mxhy6V5BJBotM2OQ5k\" target=\"_blank\" rel=\"noreferrer noopener\">clicar aqui<\/a>.<\/p>\n<p>Fa\u00e7a uma den\u00fancia ou sugira uma reportagem sobre Ribeir\u00e3o Preto e regi\u00e3o pelo WhatsApp: 16 99117 7802.<\/p>\n<p>VEJA TAMB\u00c9M<\/p>\n<p>O que fazer se minha empresa n\u00e3o depositar o d\u00e9cimo terceiro?<\/p>\n<p><!-- CONTENT END 1 -->\n<\/div>\n<\/div>\n<p><script async src=\"\/\/www.instagram.com\/embed.js\"><\/script><br \/>\n<br \/><br \/>\n<br \/><a href=\"https:\/\/www.acidadeon.com\/ribeiraopreto\/esportes\/copinha-2025-confira-os-grupos-e-sedes-de-botafogo-e-comercial\/\">Source link <\/a><\/p>\n","protected":false},"excerpt":{"rendered":"<p>O evento realizado nesta segunda-feira (25) pela FPF (Federa\u00e7\u00e3o Paulista de Futebol), na cidade de S\u00e3o Paulo, foi marcado pela divulga\u00e7\u00e3o dos grupos e das&#8230;<\/p>\n","protected":false},"author":1,"featured_media":77495,"comment_status":"open","ping_status":"open","sticky":false,"template":"","format":"standard","meta":{"_uag_custom_page_level_css":"","advanced_seo_description":"","jetpack_seo_html_title":"","jetpack_seo_noindex":false,"jetpack_post_was_ever_published":false,"_jetpack_newsletter_access":"","_jetpack_dont_email_post_to_subs":false,"_jetpack_newsletter_tier_id":0,"_jetpack_memberships_contains_paywalled_content":false,"_jetpack_memberships_contains_paid_content":false,"footnotes":"","jetpack_publicize_message":"","jetpack_publicize_feature_enabled":true,"jetpack_social_post_already_shared":true,"jetpack_social_options":{"image_generator_settings":{"template":"highway","default_image_id":0,"font":"","enabled":false},"version":2}},"categories":[11],"tags":[],"class_list":["post-77494","post","type-post","status-publish","format-standard","has-post-thumbnail","hentry","category-noticias-de-ribeirao-preto-sp-e-regiao-ismael-colosi"],"jetpack_publicize_connections":[],"jetpack_featured_media_url":"https:\/\/i0.wp.com\/ismaelcolosi.com.br\/wp-content\/uploads\/2024\/11\/Sem-titulo_2024-11-26_01-00-28_png_2024-11-26_01-00-28.webp.webp?fit=1514%2C754&ssl=1","uagb_featured_image_src":{"full":["https:\/\/i0.wp.com\/ismaelcolosi.com.br\/wp-content\/uploads\/2024\/11\/Sem-titulo_2024-11-26_01-00-28_png_2024-11-26_01-00-28.webp.webp?fit=1514%2C754&ssl=1",1514,754,false],"thumbnail":["https:\/\/i0.wp.com\/ismaelcolosi.com.br\/wp-content\/uploads\/2024\/11\/Sem-titulo_2024-11-26_01-00-28_png_2024-11-26_01-00-28.webp.webp?resize=150%2C150&ssl=1",150,150,true],"medium":["https:\/\/i0.wp.com\/ismaelcolosi.com.br\/wp-content\/uploads\/2024\/11\/Sem-titulo_2024-11-26_01-00-28_png_2024-11-26_01-00-28.webp.webp?fit=300%2C149&ssl=1",300,149,true],"medium_large":["https:\/\/i0.wp.com\/ismaelcolosi.com.br\/wp-content\/uploads\/2024\/11\/Sem-titulo_2024-11-26_01-00-28_png_2024-11-26_01-00-28.webp.webp?fit=768%2C382&ssl=1",768,382,true],"large":["https:\/\/i0.wp.com\/ismaelcolosi.com.br\/wp-content\/uploads\/2024\/11\/Sem-titulo_2024-11-26_01-00-28_png_2024-11-26_01-00-28.webp.webp?fit=1024%2C510&ssl=1",1024,510,true],"1536x1536":["https:\/\/i0.wp.com\/ismaelcolosi.com.br\/wp-content\/uploads\/2024\/11\/Sem-titulo_2024-11-26_01-00-28_png_2024-11-26_01-00-28.webp.webp?fit=1514%2C754&ssl=1",1514,754,true],"2048x2048":["https:\/\/i0.wp.com\/ismaelcolosi.com.br\/wp-content\/uploads\/2024\/11\/Sem-titulo_2024-11-26_01-00-28_png_2024-11-26_01-00-28.webp.webp?fit=1514%2C754&ssl=1",1514,754,true],"really-simple-thumb":["https:\/\/i0.wp.com\/ismaelcolosi.com.br\/wp-content\/uploads\/2024\/11\/Sem-titulo_2024-11-26_01-00-28_png_2024-11-26_01-00-28.webp.webp?resize=370%2C247&ssl=1",370,247,true]},"uagb_author_info":{"display_name":"ismaelcolosi.com.br","author_link":"https:\/\/ismaelcolosi.com.br\/index.php\/author\/vidareal-online\/"},"uagb_comment_info":0,"uagb_excerpt":"O evento realizado nesta segunda-feira (25) pela FPF (Federa\u00e7\u00e3o Paulista de Futebol), na cidade de S\u00e3o Paulo, foi marcado pela divulga\u00e7\u00e3o dos grupos e das...","jetpack-related-posts":[{"id":74418,"url":"https:\/\/ismaelcolosi.com.br\/index.php\/2024\/10\/31\/bairros-das-zonas-oeste-e-sul-de-ribeirao-tem-alerta-de-falta-dagua-veja-lista\/","url_meta":{"origin":77494,"position":0},"title":"Bairros das zonas Oeste e Sul de Ribeir\u00e3o t\u00eam alerta de falta d&#8217;\u00e1gua; Veja lista","author":"ismaelcolosi.com.br","date":"31 de October de 2024","format":false,"excerpt":"A Saerp (Secretaria de \u00c1gua e Esgoto de Ribeir\u00e3o Preto) publicou um alerta nesta quinta-feira (31) para o risco de falta d\u2019\u00e1gua em bairros das zonas Oeste e Sul da cidade. Segundo a Pasta, as equipes realizam uma manuten\u00e7\u00e3o preventiva do sistema de abastecimento no reservat\u00f3rio CDHU \u2013 Jo\u00e3o Rossi\u2026","rel":"","context":"In &quot;Not\u00edcias de Ribeir\u00e3o Preto-SP e Regi\u00e3o&quot;","block_context":{"text":"Not\u00edcias de Ribeir\u00e3o Preto-SP e Regi\u00e3o","link":"https:\/\/ismaelcolosi.com.br\/index.php\/category\/noticias-de-ribeirao-preto-sp-e-regiao-ismael-colosi\/"},"img":{"alt_text":"","src":"https:\/\/i0.wp.com\/ismaelcolosi.com.br\/wp-content\/uploads\/2024\/07\/torneira-agua_2024-07-22_12-45-42_jpg_2024-07-22_12-45-42.webp.webp?fit=1170%2C700&ssl=1&resize=350%2C200","width":350,"height":200,"srcset":"https:\/\/i0.wp.com\/ismaelcolosi.com.br\/wp-content\/uploads\/2024\/07\/torneira-agua_2024-07-22_12-45-42_jpg_2024-07-22_12-45-42.webp.webp?fit=1170%2C700&ssl=1&resize=350%2C200 1x, https:\/\/i0.wp.com\/ismaelcolosi.com.br\/wp-content\/uploads\/2024\/07\/torneira-agua_2024-07-22_12-45-42_jpg_2024-07-22_12-45-42.webp.webp?fit=1170%2C700&ssl=1&resize=525%2C300 1.5x, https:\/\/i0.wp.com\/ismaelcolosi.com.br\/wp-content\/uploads\/2024\/07\/torneira-agua_2024-07-22_12-45-42_jpg_2024-07-22_12-45-42.webp.webp?fit=1170%2C700&ssl=1&resize=700%2C400 2x, https:\/\/i0.wp.com\/ismaelcolosi.com.br\/wp-content\/uploads\/2024\/07\/torneira-agua_2024-07-22_12-45-42_jpg_2024-07-22_12-45-42.webp.webp?fit=1170%2C700&ssl=1&resize=1050%2C600 3x"},"classes":[]},{"id":74611,"url":"https:\/\/ismaelcolosi.com.br\/index.php\/2024\/11\/01\/morre-homem-encontrado-ferido-em-rotatoria-de-ribeirao-preto\/","url_meta":{"origin":77494,"position":1},"title":"Morre homem encontrado ferido em rotat\u00f3ria de Ribeir\u00e3o Preto","author":"ismaelcolosi.com.br","date":"1 de November de 2024","format":false,"excerpt":"O homem encontrado ferido e inconsciente na \u00faltima ter\u00e7a-feira (29), em uma rotat\u00f3ria da avenida Luis Galv\u00e3o C\u00e9sar, no Parque das Figueiras, zona Oeste de Ribeir\u00e3o Preto, n\u00e3o resistiu e morreu nesta quinta-feira (31). Segundo o boletim de ocorr\u00eancia (BO), a v\u00edtima, identificada como F\u00e1bio Ara\u00fajo de Lima, de 44\u2026","rel":"","context":"In &quot;Not\u00edcias de Ribeir\u00e3o Preto-SP e Regi\u00e3o&quot;","block_context":{"text":"Not\u00edcias de Ribeir\u00e3o Preto-SP e Regi\u00e3o","link":"https:\/\/ismaelcolosi.com.br\/index.php\/category\/noticias-de-ribeirao-preto-sp-e-regiao-ismael-colosi\/"},"img":{"alt_text":"","src":"https:\/\/ismaelcolosi.com.br\/wp-content\/uploads\/2024\/02\/whatsapp_image_2022-08-14_at_12_10_03.jpe","width":350,"height":200,"srcset":"https:\/\/ismaelcolosi.com.br\/wp-content\/uploads\/2024\/02\/whatsapp_image_2022-08-14_at_12_10_03.jpe 1x, https:\/\/ismaelcolosi.com.br\/wp-content\/uploads\/2024\/02\/whatsapp_image_2022-08-14_at_12_10_03.jpe 1.5x, https:\/\/ismaelcolosi.com.br\/wp-content\/uploads\/2024\/02\/whatsapp_image_2022-08-14_at_12_10_03.jpe 2x, https:\/\/ismaelcolosi.com.br\/wp-content\/uploads\/2024\/02\/whatsapp_image_2022-08-14_at_12_10_03.jpe 3x"},"classes":[]},{"id":80388,"url":"https:\/\/ismaelcolosi.com.br\/index.php\/2024\/12\/23\/homem-e-preso-acusado-de-esfaquear-a-namorada-no-pescoco-em-ribeirao-preto\/","url_meta":{"origin":77494,"position":2},"title":"Homem \u00e9 preso acusado de esfaquear a namorada no pesco\u00e7o em Ribeir\u00e3o Preto","author":"ismaelcolosi.com.br","date":"23 de December de 2024","format":false,"excerpt":"Um homem de 39 anos foi preso suspeito de esfaquear a namorada na noite deste domingo (22), na zona Oeste de Ribeir\u00e3o Preto. Segundo o boletim de ocorr\u00eancia (BO), a v\u00edtima, de 33 anos, foi atingida no pesco\u00e7o e ficou inconsciente quando estava em casa, na rua Dr. Eug\u00eanio Casilo,\u2026","rel":"","context":"In &quot;Not\u00edcias de Ribeir\u00e3o Preto-SP e Regi\u00e3o&quot;","block_context":{"text":"Not\u00edcias de Ribeir\u00e3o Preto-SP e Regi\u00e3o","link":"https:\/\/ismaelcolosi.com.br\/index.php\/category\/noticias-de-ribeirao-preto-sp-e-regiao-ismael-colosi\/"},"img":{"alt_text":"","src":"https:\/\/i0.wp.com\/ismaelcolosi.com.br\/wp-content\/uploads\/2024\/12\/1734970671_cpj_policia_1024x576_21012021082231.jpg?fit=1024%2C576&ssl=1&resize=350%2C200","width":350,"height":200,"srcset":"https:\/\/i0.wp.com\/ismaelcolosi.com.br\/wp-content\/uploads\/2024\/12\/1734970671_cpj_policia_1024x576_21012021082231.jpg?fit=1024%2C576&ssl=1&resize=350%2C200 1x, https:\/\/i0.wp.com\/ismaelcolosi.com.br\/wp-content\/uploads\/2024\/12\/1734970671_cpj_policia_1024x576_21012021082231.jpg?fit=1024%2C576&ssl=1&resize=525%2C300 1.5x, https:\/\/i0.wp.com\/ismaelcolosi.com.br\/wp-content\/uploads\/2024\/12\/1734970671_cpj_policia_1024x576_21012021082231.jpg?fit=1024%2C576&ssl=1&resize=700%2C400 2x"},"classes":[]},{"id":76655,"url":"https:\/\/ismaelcolosi.com.br\/index.php\/2024\/11\/15\/adolescente-perde-controle-de-carro-roubado-durante-fuga-e-bate-em-poste-video\/","url_meta":{"origin":77494,"position":3},"title":"Adolescente perde controle de carro roubado durante fuga e bate em poste; V\u00eddeo","author":"ismaelcolosi.com.br","date":"15 de November de 2024","format":false,"excerpt":"Uma c\u00e2mera de seguran\u00e7a filmou o momento em que um adolescente de 16 anos bateu o carro que dirigia em um poste na avenida William Azzuz, em Franca, cidade a 88 quil\u00f4metros de Ribeir\u00e3o Preto. O adolescente fugia da Pol\u00edcia Militar em um carro roubado, no fim da noite de\u2026","rel":"","context":"In &quot;Not\u00edcias de Ribeir\u00e3o Preto-SP e Regi\u00e3o&quot;","block_context":{"text":"Not\u00edcias de Ribeir\u00e3o Preto-SP e Regi\u00e3o","link":"https:\/\/ismaelcolosi.com.br\/index.php\/category\/noticias-de-ribeirao-preto-sp-e-regiao-ismael-colosi\/"},"img":{"alt_text":"","src":"https:\/\/i0.wp.com\/ismaelcolosi.com.br\/wp-content\/uploads\/2024\/11\/perseguicao_2024-11-15_15-31-10_jpg_2024-11-15_15-31-10.webp.webp?fit=941%2C631&ssl=1&resize=350%2C200","width":350,"height":200,"srcset":"https:\/\/i0.wp.com\/ismaelcolosi.com.br\/wp-content\/uploads\/2024\/11\/perseguicao_2024-11-15_15-31-10_jpg_2024-11-15_15-31-10.webp.webp?fit=941%2C631&ssl=1&resize=350%2C200 1x, https:\/\/i0.wp.com\/ismaelcolosi.com.br\/wp-content\/uploads\/2024\/11\/perseguicao_2024-11-15_15-31-10_jpg_2024-11-15_15-31-10.webp.webp?fit=941%2C631&ssl=1&resize=525%2C300 1.5x, https:\/\/i0.wp.com\/ismaelcolosi.com.br\/wp-content\/uploads\/2024\/11\/perseguicao_2024-11-15_15-31-10_jpg_2024-11-15_15-31-10.webp.webp?fit=941%2C631&ssl=1&resize=700%2C400 2x"},"classes":[]},{"id":80304,"url":"https:\/\/ismaelcolosi.com.br\/index.php\/2024\/12\/22\/apos-inundacao-parque-aquatico-anuncia-data-de-reabertura-sem-parte-das-atracoes-veja-quando\/","url_meta":{"origin":77494,"position":4},"title":"Ap\u00f3s inunda\u00e7\u00e3o, parque aqu\u00e1tico anuncia data de reabertura sem parte das atra\u00e7\u00f5es; Veja quando","author":"ismaelcolosi.com.br","date":"22 de December de 2024","format":false,"excerpt":"O Parque Aqu\u00e1tico Thermas dos Laranjais, em Ol\u00edmpia, cidade a aproximadamente 130 quil\u00f4metros de Ribeir\u00e3o Preto, no interior de S\u00e3o Paulo, anunciou sua reabertura, ap\u00f3s ter suas depend\u00eancias inundadas durante um temporal ocorrido neste s\u00e1bado (21). O parque est\u00e1 fechado neste domingo (22) e, segundo a assessoria de imprensa, dever\u00e1\u2026","rel":"","context":"In &quot;Not\u00edcias de Ribeir\u00e3o Preto-SP e Regi\u00e3o&quot;","block_context":{"text":"Not\u00edcias de Ribeir\u00e3o Preto-SP e Regi\u00e3o","link":"https:\/\/ismaelcolosi.com.br\/index.php\/category\/noticias-de-ribeirao-preto-sp-e-regiao-ismael-colosi\/"},"img":{"alt_text":"","src":"https:\/\/i0.wp.com\/ismaelcolosi.com.br\/wp-content\/uploads\/2024\/12\/OLIMPIA_2024-12-22_19-44-58_jpg_2024-12-22_19-44-58.webp.webp?fit=1200%2C640&ssl=1&resize=350%2C200","width":350,"height":200,"srcset":"https:\/\/i0.wp.com\/ismaelcolosi.com.br\/wp-content\/uploads\/2024\/12\/OLIMPIA_2024-12-22_19-44-58_jpg_2024-12-22_19-44-58.webp.webp?fit=1200%2C640&ssl=1&resize=350%2C200 1x, https:\/\/i0.wp.com\/ismaelcolosi.com.br\/wp-content\/uploads\/2024\/12\/OLIMPIA_2024-12-22_19-44-58_jpg_2024-12-22_19-44-58.webp.webp?fit=1200%2C640&ssl=1&resize=525%2C300 1.5x, https:\/\/i0.wp.com\/ismaelcolosi.com.br\/wp-content\/uploads\/2024\/12\/OLIMPIA_2024-12-22_19-44-58_jpg_2024-12-22_19-44-58.webp.webp?fit=1200%2C640&ssl=1&resize=700%2C400 2x, https:\/\/i0.wp.com\/ismaelcolosi.com.br\/wp-content\/uploads\/2024\/12\/OLIMPIA_2024-12-22_19-44-58_jpg_2024-12-22_19-44-58.webp.webp?fit=1200%2C640&ssl=1&resize=1050%2C600 3x"},"classes":[]},{"id":78879,"url":"https:\/\/ismaelcolosi.com.br\/index.php\/2024\/12\/10\/aeroportos-do-interior-de-sp-comecam-a-operar-voos-comerciais-veja-quando\/","url_meta":{"origin":77494,"position":5},"title":"Aeroportos do interior de SP come\u00e7am a operar voos comerciais; Veja quando","author":"ismaelcolosi.com.br","date":"10 de December de 2024","format":false,"excerpt":"O aeroporto de Franca, cidade a 90 quil\u00f4metros de Ribeir\u00e3o Preto, vai retomar os voos comerciais na pr\u00f3xima segunda-feira (16). Em novembro deste ano, a FAB (For\u00e7a A\u00e9rea Brasileira) esteve no local para realizar testes t\u00e9cnicos. A Azul Linhas A\u00e9reas ser\u00e1 a empresa respons\u00e1vel pela opera\u00e7\u00e3o dos voos regulares que\u2026","rel":"","context":"In &quot;Not\u00edcias de Ribeir\u00e3o Preto-SP e Regi\u00e3o&quot;","block_context":{"text":"Not\u00edcias de Ribeir\u00e3o Preto-SP e Regi\u00e3o","link":"https:\/\/ismaelcolosi.com.br\/index.php\/category\/noticias-de-ribeirao-preto-sp-e-regiao-ismael-colosi\/"},"img":{"alt_text":"","src":"https:\/\/i0.wp.com\/ismaelcolosi.com.br\/wp-content\/uploads\/2024\/12\/aeroportofranca-1_2024-12-10_15-26-18_jpeg_2024-12-10_15-26-18.webp.webp?fit=1200%2C900&ssl=1&resize=350%2C200","width":350,"height":200,"srcset":"https:\/\/i0.wp.com\/ismaelcolosi.com.br\/wp-content\/uploads\/2024\/12\/aeroportofranca-1_2024-12-10_15-26-18_jpeg_2024-12-10_15-26-18.webp.webp?fit=1200%2C900&ssl=1&resize=350%2C200 1x, https:\/\/i0.wp.com\/ismaelcolosi.com.br\/wp-content\/uploads\/2024\/12\/aeroportofranca-1_2024-12-10_15-26-18_jpeg_2024-12-10_15-26-18.webp.webp?fit=1200%2C900&ssl=1&resize=525%2C300 1.5x, https:\/\/i0.wp.com\/ismaelcolosi.com.br\/wp-content\/uploads\/2024\/12\/aeroportofranca-1_2024-12-10_15-26-18_jpeg_2024-12-10_15-26-18.webp.webp?fit=1200%2C900&ssl=1&resize=700%2C400 2x, https:\/\/i0.wp.com\/ismaelcolosi.com.br\/wp-content\/uploads\/2024\/12\/aeroportofranca-1_2024-12-10_15-26-18_jpeg_2024-12-10_15-26-18.webp.webp?fit=1200%2C900&ssl=1&resize=1050%2C600 3x"},"classes":[]}],"jetpack_sharing_enabled":true,"jetpack_shortlink":"https:\/\/wp.me\/pfMlyK-k9U","_links":{"self":[{"href":"https:\/\/ismaelcolosi.com.br\/index.php\/wp-json\/wp\/v2\/posts\/77494","targetHints":{"allow":["GET"]}}],"collection":[{"href":"https:\/\/ismaelcolosi.com.br\/index.php\/wp-json\/wp\/v2\/posts"}],"about":[{"href":"https:\/\/ismaelcolosi.com.br\/index.php\/wp-json\/wp\/v2\/types\/post"}],"author":[{"embeddable":true,"href":"https:\/\/ismaelcolosi.com.br\/index.php\/wp-json\/wp\/v2\/users\/1"}],"replies":[{"embeddable":true,"href":"https:\/\/ismaelcolosi.com.br\/index.php\/wp-json\/wp\/v2\/comments?post=77494"}],"version-history":[{"count":0,"href":"https:\/\/ismaelcolosi.com.br\/index.php\/wp-json\/wp\/v2\/posts\/77494\/revisions"}],"wp:featuredmedia":[{"embeddable":true,"href":"https:\/\/ismaelcolosi.com.br\/index.php\/wp-json\/wp\/v2\/media\/77495"}],"wp:attachment":[{"href":"https:\/\/ismaelcolosi.com.br\/index.php\/wp-json\/wp\/v2\/media?parent=77494"}],"wp:term":[{"taxonomy":"category","embeddable":true,"href":"https:\/\/ismaelcolosi.com.br\/index.php\/wp-json\/wp\/v2\/categories?post=77494"},{"taxonomy":"post_tag","embeddable":true,"href":"https:\/\/ismaelcolosi.com.br\/index.php\/wp-json\/wp\/v2\/tags?post=77494"}],"curies":[{"name":"wp","href":"https:\/\/api.w.org\/{rel}","templated":true}]}}