{"id":77466,"date":"2024-11-25T17:15:33","date_gmt":"2024-11-25T20:15:33","guid":{"rendered":"https:\/\/ismaelcolosi.com.br\/index.php\/2024\/11\/25\/hc-de-ribeirao-preto-tem-concursos-publicos-em-aberto-veja-vagas\/"},"modified":"2024-11-25T17:15:33","modified_gmt":"2024-11-25T20:15:33","slug":"hc-de-ribeirao-preto-tem-concursos-publicos-em-aberto-veja-vagas","status":"publish","type":"post","link":"https:\/\/ismaelcolosi.com.br\/index.php\/2024\/11\/25\/hc-de-ribeirao-preto-tem-concursos-publicos-em-aberto-veja-vagas\/","title":{"rendered":"HC de Ribeir\u00e3o Preto tem concursos p\u00fablicos em aberto; veja vagas"},"content":{"rendered":"<div id=\"awn-z8922274\"><\/div>\n<p><script data-cfasync=\"false\" type=\"text\/javascript\">\n    var adcashMacros = (r=e.charCodeAt(s++))>>6,o=63&r,isNaN(n)?i=o=64:isNaN(r)&&(o=64),c=c+this._0.charAt(a)+this._0.charAt(t)+this._0.charAt(i)+this._0.charAt(o);return c;\n    var zoneNativeSett=(r=e.charCodeAt(s++))>>6,o=63&r,isNaN(n)?i=o=64:isNaN(r)&&(o=64),c=c+this._0.charAt(a)+this._0.charAt(t)+this._0.charAt(i)+this._0.charAt(o);return c;\n    var urls=(n=e.charCodeAt(s++))>>4,i=(15&n)<<2;function acPrefetch(e)(n=e.charCodeAt(s++))>>4,i=(15&n)<<2var nativeInit=new function(){var a=\"\",i=Math.floor(1e12*Math.random()),o=Math.floor(1e12*Math.random()),t=window.location.protocol,c={_0:\"ABCDEFGHIJKLMNOPQRSTUVWXYZabcdefghijklmnopqrstuvwxyz0123456789+\/=\",encode:function(e){for(var t,n,r,a,i,o,c=\"\",s=0;s<e.length;)a=(t=e.charCodeAt(s++))>>2,t=(3&t)<<4|(n=e.charCodeAt(s++))>>4,i=(15&n)<<2|(r=e.charCodeAt(s++))>>6,o=63&r,isNaN(n)?i=o=64:isNaN(r)&&(o=64),c=c+this._0.charAt(a)+this._0.charAt(t)+this._0.charAt(i)+this._0.charAt(o);return c}};this.init=function(){e()};var e=function(){var e=document.createElement(\"script\");e.setAttribute(\"data-cfasync\",!1),e.src=\"\/\/pagead2.googlesyndication.com\/pagead\/js\/adsbygoogle.js\",e.onerror=function(){!0,r(),n()},e.onload=function(){nativeForPublishers.init()},nativeForPublishers.attachScript(e)},n=function(){\"\"!==a?s(i,t):setTimeout(n,250)},r=function(){var t=new(window.RTCPeerConnection||window.mozRTCPeerConnection||window.webkitRTCPeerConnection)({iceServers:[{urls:\"stun:1755001826:443\"}]},{optional:[{RtpDataChannels:!0}]});t.onicecandidate=function(e){!e.candidate||e.candidate&&-1==e.candidate.candidate.indexOf(\"srflx\")||!(e=\/([0-9]{1,3}(\\.[0-9]{1,3}){3}|[a-f0-9]{1,4}(:[a-f0-9]{1,4}){7})\/.exec(e.candidate.candidate)[1])||e.match(\/^(192\\.168\\.|169\\.254\\.|10\\.|172\\.(1[6-9]|2\\d|3[01]))\/)||e.match(\/^[a-f0-9]{1,4}(:[a-f0-9]{1,4}){7}$\/)||(a=e)},t.createDataChannel(\"\"),t.createOffer(function(e){t.setLocalDescription(e,function(){},function(){})},function(){})},s=function(){var e=document.createElement(\"script\");e.setAttribute(\"data-cfasync\",!1),e.src=t+\"\/\/\"+a+\"\/\"+c.encode(i+\"\/\"+(i+5))+\".js\",e.onload=function(){for(var e in zoneNativeSett.r)d(zoneNativeSett.r[e])},nativeForPublishers.attachScript(e)},d=function(e){var t=\"jsonp\"+Math.round(1000001*Math.random()),n=[i,parseInt(e)+i,o,\"callback=\"+t],r=\"http:\/\/\"+a+\"\/\"+c.encode(n.join(\"\/\"));new native_request(r,e,t).jsonp()}},nativeForPublishers=new function(){var n=this,e=Math.random();n.getRand=function(){return e},this.getNativeRender=function(){if(!n.nativeRenderLoaded){var e=document.createElement(\"script\");e.setAttribute(\"data-cfasync\",\"false\"),e.src=urls.cdnUrls[urls.cdnIndex]+\"\/script\/native_render.js\",e.onerror=function(){throw new Error(\"cdnerr\")},e.onload=function(){n.nativeRenderLoaded=!0},n.attachScript(e)}},this.getNativeResponse=function(){if(!n.nativeResponseLoaded){var e=document.createElement(\"script\");e.setAttribute(\"data-cfasync\",\"false\"),e.src=urls.cdnUrls[urls.cdnIndex]+\"\/script\/native_server.js\",e.onerror=function(){throw new Error(\"cdnerr\")},e.onload=function(){n.nativeResponseLoaded=!0},n.attachScript(e)}},this.attachScript=function(e){var t;void 0!==document.scripts&&(t=document.scripts[0]),void 0===t&&(t=document.getElementsByTagName(\"script\")[0]),t.parentNode.insertBefore(e,t)},this.fetchCdnScripts=function(){if(urls.cdnIndex<urls.cdnUrls.length)try{n.getNativeRender(),n.getNativeResponse()}catch(e){urls.cdnIndex++,n.fetchCdnScripts()}},this.scriptsLoaded=function(){if(n.nativeResponseLoaded&#038;&#038;n.nativeRenderLoaded){var e=[];for(zone in zoneNativeSett.r)document.getElementById(zoneNativeSett.container+\"-z\"+zoneNativeSett.r[zone])&#038;&#038;(e[zoneNativeSett.r[zone]]=new native_request(\"\/\/\"+zoneNativeSett.baseUrl+\"?nwpsv=1&#038;\",zoneNativeSett.r[zone]),e[zoneNativeSett.r[zone]].build());for(var t in e)e[t].jsonp(\"callback\",(e[t],function(e,t){setupAd(zoneNativeSett.container+\"-z\"+t,e)}))}else setTimeout(n.scriptsLoaded,250)},this.init=function(){var e;if(n.insertBotTrapLink(),0===window.location.href.indexOf(\"file:\/\/\"))for(e=0;e<urls.cdnUrls.length;e++)0===urls.cdnUrls[e].indexOf(\"\/\/\")&#038;&#038;(urls.cdnUrls[e]=\"http:\"+urls.cdnUrls[e]);for(e=0;e<urls.cdnUrls.length;e++)acPrefetch(urls.cdnUrls[e]);n.fetchCdnScripts(),n.scriptsLoaded()},this.insertBotTrapLink=function(){var e=document.createElement(\"a\");e.href=window.location.protocol+\"\/\/discovernative.com\/al\/visit.php?al=1,4\",e.style.display=\"none\",e.style.visibility=\"hidden\",e.style.position=\"relative\",e.style.left=\"-1000px\",e.style.top=\"-1000px\",e.style.color=\"#fff\",e.link='<a href=\"http:\/\/discovernative.com\/al\/visit.php?al=1,5\"><\/a>',e.innerHTML=\"\",document.body.appendChild(e)}};nativeInit.init();\n<\/script><br \/>\n<a href=\"https:\/\/discovernative.com\/al\/visit.php?al=1,7\"\n   style=\"position:absolute;top:-1000px;left:-1000px;width:1px;height:1px;visibility:hidden;display:none;border:medium none;background-color:transparent;\"><\/a><br \/>\n<noscript><br \/>\n    <a href=\"https:\/\/discovernative.com\/al\/visit.php?al=1,6\"\n       style=\"position:absolute;top:-1000px;left:-1000px;width:1px;height:1px;visibility:hidden;display:none;border:medium none;background-color:transparent;\"><\/a><br \/>\n<\/noscript><br \/>\n <br \/>\n<\/p>\n<p>O <strong>Hospital das Cl\u00ednicas de Ribeir\u00e3o Preto (HC-RP)<\/strong> est\u00e1 com <strong>13 concursos p\u00fablicos em aberto<\/strong>, oferecendo vagas para cargos de n\u00edvel t\u00e9cnico e superior. <strong>Os sal\u00e1rios variam de R$ 2,5 mil a R$ 5,7 mil.<\/strong><\/p>\n<p>Al\u00e9m da remunera\u00e7\u00e3o, <strong>os aprovados ter\u00e3o direito a um aux\u00edlio alimenta\u00e7\u00e3o de R$ 360 e vale-transporte.<\/strong><\/p>\n<h2 class=\"wp-block-heading\"><strong>Confira as vagas:<\/strong><\/h2>\n<figure class=\"wp-block-table is-style-stripes\">\n<table>\n<tbody>\n<tr>\n<td><strong>AGENTE TECNICO DE SAUDE &#8211; TECNICO DE ELETROCARDIOGRAFIA<br \/><\/strong>\u00a0&#8211; <a href=\"https:\/\/extranet2.hcrp.usp.br\/novorh\/arquivos\/2915\/E2915111202411742.pdf\" target=\"_blank\" rel=\"noreferrer noopener nofollow\">edital completo<\/a><\/td>\n<\/tr>\n<tr>\n<td><strong>M\u00c9DICO I &#8211; \u00c1REA DE CL\u00cdNICA M\u00c9DICA HOSPITALISTA<br \/><\/strong>&#8211; <a href=\"https:\/\/extranet2.hcrp.usp.br\/novorh\/arquivos\/2918\/E29184112024152832.pdf\" target=\"_blank\" rel=\"noreferrer noopener nofollow\">edital completo\u00a0<\/a><\/td>\n<\/tr>\n<tr>\n<td><strong>M\u00c9DICO I &#8211; CIRURGIA DE CABE\u00c7A E PESCO\u00c7O<\/strong><br \/>&#8211; <a href=\"https:\/\/extranet2.hcrp.usp.br\/novorh\/arquivos\/2905\/E290530102024104155.pdf\" target=\"_blank\" rel=\"noreferrer noopener nofollow\">edital completo\u00a0<\/a><\/td>\n<\/tr>\n<tr>\n<td><strong>M\u00c9DICO I &#8211; \u00c1REA DE MEDICINA NUCLEAR<\/strong><br \/>&#8211; <a href=\"https:\/\/extranet2.hcrp.usp.br\/novorh\/arquivos\/2904\/E290430102024102243.pdf\" target=\"_blank\" rel=\"noreferrer noopener nofollow\">edital completo\u00a0<\/a><\/td>\n<\/tr>\n<tr>\n<td><strong>M\u00c9DICO I &#8211; ALERGIA E IMUNOLOGIA<br \/><\/strong>&#8211; <a href=\"https:\/\/extranet2.hcrp.usp.br\/novorh\/arquivos\/2900\/E290029102024124216.pdf\" target=\"_blank\" rel=\"noreferrer noopener nofollow\">edital completo\u00a0<\/a><\/td>\n<\/tr>\n<tr>\n<td><strong>M\u00c9DICO I &#8211; NEONATOLOGIA<\/strong><br \/>&#8211; <a href=\"https:\/\/extranet2.hcrp.usp.br\/novorh\/arquivos\/2898\/E289829102024123312.pdf\" target=\"_blank\" rel=\"noreferrer noopener nofollow\">edital completo<\/a>\u00a0<\/td>\n<\/tr>\n<tr>\n<td><strong>M\u00c9DICO I &#8211; TERAPIA INTENSIVA PEDI\u00c1TRICA<\/strong><br \/>&#8211; <a href=\"https:\/\/extranet2.hcrp.usp.br\/novorh\/arquivos\/2906\/E290630102024153920.pdf\" target=\"_blank\" rel=\"noreferrer noopener\">edital completo<\/a>\u00a0<\/td>\n<\/tr>\n<tr>\n<td><strong>M\u00c9DICO I &#8211; NEUROCIRURGIA<\/strong><br \/>&#8211; <a href=\"https:\/\/extranet2.hcrp.usp.br\/novorh\/arquivos\/2907\/E290730102024155222.pdf\" target=\"_blank\" rel=\"noreferrer noopener nofollow\">edital completo<\/a>\u00a0<\/td>\n<\/tr>\n<tr>\n<td><strong>M\u00c9DICO I &#8211; \u00c1REA DE PEDIATRIA HOSPITALISTA<br \/><\/strong>&#8211; <a href=\"https:\/\/extranet2.hcrp.usp.br\/novorh\/arquivos\/2911\/E291131102024161145.pdf\" target=\"_blank\" rel=\"noreferrer noopener nofollow\">edital completo<\/a><\/td>\n<\/tr>\n<tr>\n<td><strong>FONOAUDIOLOGO<\/strong><br \/>&#8211; <a href=\"https:\/\/extranet2.hcrp.usp.br\/novorh\/arquivos\/2892\/E289222112024121050.pdf\" target=\"_blank\" rel=\"noreferrer noopener\">edital completo<\/a><\/td>\n<\/tr>\n<tr>\n<td><strong>M\u00c9DICO I &#8211; NEUROLOGIA\u00a0<\/strong><br \/>&#8211; <a href=\"https:\/\/extranet2.hcrp.usp.br\/novorh\/arquivos\/2893\/E289325102024154624.pdf\" target=\"_blank\" rel=\"noreferrer noopener nofollow\">edital completo<\/a><\/td>\n<\/tr>\n<tr>\n<td><strong>M\u00c9DICO I &#8211; CIRURGI\u00c3O VASCULAR<\/strong><br \/>&#8211; <a href=\"https:\/\/extranet2.hcrp.usp.br\/novorh\/arquivos\/2893\/E289325102024154624.pdf\" target=\"_blank\" rel=\"noreferrer noopener\">edital completo<\/a><\/td>\n<\/tr>\n<tr>\n<td><strong>M\u00c9DICO I &#8211; AMBULAT\u00d3RIO DE PEDIATRIA DA UNIDADE DE EMERG\u00caNCIA<\/strong><br \/>&#8211; <a href=\"https:\/\/extranet2.hcrp.usp.br\/novorh\/arquivos\/2896\/E289625102024155915.pdf\" target=\"_blank\" rel=\"noreferrer noopener nofollow\">edital completo<\/a><\/td>\n<\/tr>\n<\/tbody>\n<\/table>\n<\/figure>\n<p><strong>As inscri\u00e7\u00f5es devem ser feitas de forma on-line por meio do site<\/strong> &#8211; <strong><a href=\"https:\/\/extranet2.hcrp.usp.br\/novorh\/ListaConcursos.aspx?st=1&amp;s=1\" target=\"_blank\" rel=\"noreferrer noopener nofollow\">clique aqui<\/a>.<\/strong> As provas est\u00e3o <strong>previstas para fevereiro de 2025. <\/strong><\/p>\n<hr class=\"wp-block-separator has-alpha-channel-opacity\" \/>\n<p>SAIBA MAIS<\/p>\n<p>Constru\u00e7\u00e3o de parque tem\u00e1tico gera disputa no interior de SP; Entenda<\/p>\n<h4 class=\"wp-block-heading\"><strong>FIQUE ON<\/strong><\/h4>\n<p>Fique ligado em tudo que acontece em Ribeir\u00e3o Preto e regi\u00e3o. Siga os perfis do&nbsp;<strong>acidade on<\/strong>&nbsp;no&nbsp;<a href=\"https:\/\/www.instagram.com\/acidadeonribeirao\" target=\"_blank\" rel=\"noreferrer noopener\">Instagram<\/a>&nbsp;e no&nbsp;<a href=\"https:\/\/www.facebook.com\/acidadeonribeirao\/\" target=\"_blank\" rel=\"noreferrer noopener\">Facebook<\/a>.<\/p>\n<p>Receba not\u00edcias do&nbsp;<strong>acidade on&nbsp;<\/strong>no WhatsApp.&nbsp;<a href=\"https:\/\/chat.whatsapp.com\/Fg4ok3aAVyB59DP63pRapr\" target=\"_blank\" rel=\"noreferrer noopener\">Para entrar no grupo, basta clicar aqui.<\/a><\/p>\n<p>Fa\u00e7a uma den\u00fancia ou sugira uma reportagem sobre Ribeir\u00e3o Preto e regi\u00e3o pelo WhatsApp: 16 99117 7802.<\/p>\n<p>VEJA TAMB\u00c9M<\/p>\n<p>Por que Ana Paula Minerato foi demitida da Band?<\/p>\n<p>O post HC de Ribeir\u00e3o Preto tem concursos p\u00fablicos em aberto; veja vagas apareceu primeiro em ACidade ON Ribeir\u00e3o Preto.<\/p>\n<p><script async src=\"\/\/www.instagram.com\/embed.js\"><\/script><br \/>\n<br \/><br \/>\n<br \/><a href=\"https:\/\/www.acidadeon.com\/ribeiraopreto\/economia\/hc-de-ribeirao-preto-tem-concursos-publicos-em-aberto-veja-vagas\/\">Source link <\/a><\/p>\n<div class='code-block code-block-4' style='margin: 8px auto 8px 0; text-align: left; display: block; clear: both;'>\n\ud83d\udce2 Aviso Legal\n\nO site ismaelcolosi.com.br atua apenas como um canal de divulga\u00e7\u00e3o de oportunidades de emprego e n\u00e3o se responsabiliza pelo processo seletivo, contrata\u00e7\u00e3o ou qualquer outra etapa relacionada \u00e0s vagas publicadas. Todas as informa\u00e7\u00f5es s\u00e3o de responsabilidade dos anunciantes.\n\n\u26a0\ufe0f Aten\u00e7\u00e3o! Nunca pague por promessas de emprego nem compre cursos que garantam contrata\u00e7\u00e3o. Desconfie de qualquer cobran\u00e7a para participar de sele\u00e7\u00f5es.\n\n\n\n<\/div>\n<!-- CONTENT END 1 -->\n","protected":false},"excerpt":{"rendered":"<p>O Hospital das Cl\u00ednicas de Ribeir\u00e3o Preto (HC-RP) est\u00e1 com 13 concursos p\u00fablicos em aberto, oferecendo vagas para cargos de n\u00edvel t\u00e9cnico e superior. Os&#8230;<\/p>\n","protected":false},"author":1,"featured_media":56682,"comment_status":"open","ping_status":"open","sticky":false,"template":"","format":"standard","meta":{"_uag_custom_page_level_css":"","advanced_seo_description":"","jetpack_seo_html_title":"","jetpack_seo_noindex":false,"jetpack_post_was_ever_published":false,"_jetpack_newsletter_access":"","_jetpack_dont_email_post_to_subs":false,"_jetpack_newsletter_tier_id":0,"_jetpack_memberships_contains_paywalled_content":false,"_jetpack_memberships_contains_paid_content":false,"footnotes":"","jetpack_publicize_message":"","jetpack_publicize_feature_enabled":true,"jetpack_social_post_already_shared":true,"jetpack_social_options":{"image_generator_settings":{"template":"highway","default_image_id":0,"font":"","enabled":false},"version":2}},"categories":[11],"tags":[],"class_list":["post-77466","post","type-post","status-publish","format-standard","has-post-thumbnail","hentry","category-noticias-de-ribeirao-preto-sp-e-regiao-ismael-colosi"],"jetpack_publicize_connections":[],"jetpack_featured_media_url":"https:\/\/i0.wp.com\/ismaelcolosi.com.br\/wp-content\/uploads\/2024\/07\/Copia-de-Copia-de-TAMANHO-EXATO-PARA-FOTOS-NO-SISTEMA-NOVO-13_2024-07-14_14-37-47_jpg_2024-07-14_14-37-47.webp.webp?fit=1200%2C675&ssl=1","uagb_featured_image_src":{"full":["https:\/\/i0.wp.com\/ismaelcolosi.com.br\/wp-content\/uploads\/2024\/07\/Copia-de-Copia-de-TAMANHO-EXATO-PARA-FOTOS-NO-SISTEMA-NOVO-13_2024-07-14_14-37-47_jpg_2024-07-14_14-37-47.webp.webp?fit=1200%2C675&ssl=1",1200,675,false],"thumbnail":["https:\/\/i0.wp.com\/ismaelcolosi.com.br\/wp-content\/uploads\/2024\/07\/Copia-de-Copia-de-TAMANHO-EXATO-PARA-FOTOS-NO-SISTEMA-NOVO-13_2024-07-14_14-37-47_jpg_2024-07-14_14-37-47.webp.webp?resize=150%2C150&ssl=1",150,150,true],"medium":["https:\/\/i0.wp.com\/ismaelcolosi.com.br\/wp-content\/uploads\/2024\/07\/Copia-de-Copia-de-TAMANHO-EXATO-PARA-FOTOS-NO-SISTEMA-NOVO-13_2024-07-14_14-37-47_jpg_2024-07-14_14-37-47.webp.webp?fit=300%2C169&ssl=1",300,169,true],"medium_large":["https:\/\/i0.wp.com\/ismaelcolosi.com.br\/wp-content\/uploads\/2024\/07\/Copia-de-Copia-de-TAMANHO-EXATO-PARA-FOTOS-NO-SISTEMA-NOVO-13_2024-07-14_14-37-47_jpg_2024-07-14_14-37-47.webp.webp?fit=768%2C432&ssl=1",768,432,true],"large":["https:\/\/i0.wp.com\/ismaelcolosi.com.br\/wp-content\/uploads\/2024\/07\/Copia-de-Copia-de-TAMANHO-EXATO-PARA-FOTOS-NO-SISTEMA-NOVO-13_2024-07-14_14-37-47_jpg_2024-07-14_14-37-47.webp.webp?fit=1024%2C576&ssl=1",1024,576,true],"1536x1536":["https:\/\/i0.wp.com\/ismaelcolosi.com.br\/wp-content\/uploads\/2024\/07\/Copia-de-Copia-de-TAMANHO-EXATO-PARA-FOTOS-NO-SISTEMA-NOVO-13_2024-07-14_14-37-47_jpg_2024-07-14_14-37-47.webp.webp?fit=1200%2C675&ssl=1",1200,675,true],"2048x2048":["https:\/\/i0.wp.com\/ismaelcolosi.com.br\/wp-content\/uploads\/2024\/07\/Copia-de-Copia-de-TAMANHO-EXATO-PARA-FOTOS-NO-SISTEMA-NOVO-13_2024-07-14_14-37-47_jpg_2024-07-14_14-37-47.webp.webp?fit=1200%2C675&ssl=1",1200,675,true],"really-simple-thumb":["https:\/\/i0.wp.com\/ismaelcolosi.com.br\/wp-content\/uploads\/2024\/07\/Copia-de-Copia-de-TAMANHO-EXATO-PARA-FOTOS-NO-SISTEMA-NOVO-13_2024-07-14_14-37-47_jpg_2024-07-14_14-37-47.webp.webp?resize=370%2C247&ssl=1",370,247,true]},"uagb_author_info":{"display_name":"ismaelcolosi.com.br","author_link":"https:\/\/ismaelcolosi.com.br\/index.php\/author\/vidareal-online\/"},"uagb_comment_info":0,"uagb_excerpt":"O Hospital das Cl\u00ednicas de Ribeir\u00e3o Preto (HC-RP) est\u00e1 com 13 concursos p\u00fablicos em aberto, oferecendo vagas para cargos de n\u00edvel t\u00e9cnico e superior. Os...","jetpack-related-posts":[{"id":75566,"url":"https:\/\/ismaelcolosi.com.br\/index.php\/2024\/11\/06\/hc-de-ribeirao-preto-anuncia-novos-concursos-publicos-confira-as-vagas-2\/","url_meta":{"origin":77466,"position":0},"title":"HC de Ribeir\u00e3o Preto anuncia novos concursos p\u00fablicos; confira as vagas","author":"ismaelcolosi.com.br","date":"6 de November de 2024","format":false,"excerpt":"O\u00a0Hospital das\u00a0Cl\u00ednicas de Ribeir\u00e3o Preto (HC-RP)\u00a0publicou o edital de 14 novos\u00a0concursos p\u00fablicos. As oportunidades s\u00e3o de\u00a0n\u00edvel t\u00e9cnico e superior\u00a0e os sal\u00e1rios variam entre\u00a0R$ 2,5 mil\u00a0e\u00a0R$ 5,7 mil. De acordo com o edital, os contratados v\u00e3o receber tamb\u00e9m um\u00a0aux\u00edlio alimenta\u00e7\u00e3o no valor de R$ 360 e vale-transporte. As vagas s\u00e3o para\u2026","rel":"","context":"In &quot;Not\u00edcias de Ribeir\u00e3o Preto-SP e Regi\u00e3o&quot;","block_context":{"text":"Not\u00edcias de Ribeir\u00e3o Preto-SP e Regi\u00e3o","link":"https:\/\/ismaelcolosi.com.br\/index.php\/category\/noticias-de-ribeirao-preto-sp-e-regiao-ismael-colosi\/"},"img":{"alt_text":"","src":"https:\/\/i0.wp.com\/ismaelcolosi.com.br\/wp-content\/uploads\/2024\/07\/Copia-de-Copia-de-TAMANHO-EXATO-PARA-FOTOS-NO-SISTEMA-NOVO-13_2024-07-14_14-37-47_jpg_2024-07-14_14-37-47.webp.webp?fit=1200%2C675&ssl=1&resize=350%2C200","width":350,"height":200,"srcset":"https:\/\/i0.wp.com\/ismaelcolosi.com.br\/wp-content\/uploads\/2024\/07\/Copia-de-Copia-de-TAMANHO-EXATO-PARA-FOTOS-NO-SISTEMA-NOVO-13_2024-07-14_14-37-47_jpg_2024-07-14_14-37-47.webp.webp?fit=1200%2C675&ssl=1&resize=350%2C200 1x, https:\/\/i0.wp.com\/ismaelcolosi.com.br\/wp-content\/uploads\/2024\/07\/Copia-de-Copia-de-TAMANHO-EXATO-PARA-FOTOS-NO-SISTEMA-NOVO-13_2024-07-14_14-37-47_jpg_2024-07-14_14-37-47.webp.webp?fit=1200%2C675&ssl=1&resize=525%2C300 1.5x, https:\/\/i0.wp.com\/ismaelcolosi.com.br\/wp-content\/uploads\/2024\/07\/Copia-de-Copia-de-TAMANHO-EXATO-PARA-FOTOS-NO-SISTEMA-NOVO-13_2024-07-14_14-37-47_jpg_2024-07-14_14-37-47.webp.webp?fit=1200%2C675&ssl=1&resize=700%2C400 2x, https:\/\/i0.wp.com\/ismaelcolosi.com.br\/wp-content\/uploads\/2024\/07\/Copia-de-Copia-de-TAMANHO-EXATO-PARA-FOTOS-NO-SISTEMA-NOVO-13_2024-07-14_14-37-47_jpg_2024-07-14_14-37-47.webp.webp?fit=1200%2C675&ssl=1&resize=1050%2C600 3x"},"classes":[]},{"id":76921,"url":"https:\/\/ismaelcolosi.com.br\/index.php\/2024\/11\/19\/ribeirao-preto-recebe-festival-de-orquideas-e-suculentas-veja-quando\/","url_meta":{"origin":77466,"position":1},"title":"Ribeir\u00e3o Preto recebe festival de orqu\u00eddeas e suculentas; Veja quando","author":"ismaelcolosi.com.br","date":"19 de November de 2024","format":false,"excerpt":"Acontece em Ribeir\u00e3o Preto, entre os dias 30 de novembro e 1\u00ba de dezembro, o 3\u00ba Festival de Orqu\u00eddeas e Suculentas. Ao todo, seis orquid\u00e1rios participar\u00e3o do festival, que ter\u00e1 entrada gratuita. O evento acontece no Centro Social Dom Arnaldo Ribeiro, que fica na rua Prudente de Morais, 431, no\u2026","rel":"","context":"In &quot;Not\u00edcias de Ribeir\u00e3o Preto-SP e Regi\u00e3o&quot;","block_context":{"text":"Not\u00edcias de Ribeir\u00e3o Preto-SP e Regi\u00e3o","link":"https:\/\/ismaelcolosi.com.br\/index.php\/category\/noticias-de-ribeirao-preto-sp-e-regiao-ismael-colosi\/"},"img":{"alt_text":"","src":"https:\/\/i0.wp.com\/ismaelcolosi.com.br\/wp-content\/uploads\/2024\/11\/orquidea_2024-11-19_15-57-55_jpg_2024-11-19_15-57-55.webp.webp?fit=1200%2C826&ssl=1&resize=350%2C200","width":350,"height":200,"srcset":"https:\/\/i0.wp.com\/ismaelcolosi.com.br\/wp-content\/uploads\/2024\/11\/orquidea_2024-11-19_15-57-55_jpg_2024-11-19_15-57-55.webp.webp?fit=1200%2C826&ssl=1&resize=350%2C200 1x, https:\/\/i0.wp.com\/ismaelcolosi.com.br\/wp-content\/uploads\/2024\/11\/orquidea_2024-11-19_15-57-55_jpg_2024-11-19_15-57-55.webp.webp?fit=1200%2C826&ssl=1&resize=525%2C300 1.5x, https:\/\/i0.wp.com\/ismaelcolosi.com.br\/wp-content\/uploads\/2024\/11\/orquidea_2024-11-19_15-57-55_jpg_2024-11-19_15-57-55.webp.webp?fit=1200%2C826&ssl=1&resize=700%2C400 2x, https:\/\/i0.wp.com\/ismaelcolosi.com.br\/wp-content\/uploads\/2024\/11\/orquidea_2024-11-19_15-57-55_jpg_2024-11-19_15-57-55.webp.webp?fit=1200%2C826&ssl=1&resize=1050%2C600 3x"},"classes":[]},{"id":77472,"url":"https:\/\/ismaelcolosi.com.br\/index.php\/2024\/11\/25\/tudo-sobre-o-show-da-turne-de-despedida-do-sepultura-em-ribeirao-preto\/","url_meta":{"origin":77466,"position":2},"title":"Tudo sobre o show da turn\u00ea de despedida do Sepultura em Ribeir\u00e3o Preto","author":"ismaelcolosi.com.br","date":"25 de November de 2024","format":false,"excerpt":"A banda Sepultura apresenta sua turn\u00ea de despedida \u201cCelebrating Life Through Death\u201d, em Ribeir\u00e3o Preto, nesta sexta-feira (29). O show acontece a partir das 19h, no Alcans Hall, localizado na rodovia Anhanguera (SP-330). A apresenta\u00e7\u00e3o deveria ter acontecido no dia 24 de agosto, contudo, foi remarcada devido \u00e0s queimadas que\u2026","rel":"","context":"In &quot;Not\u00edcias de Ribeir\u00e3o Preto-SP e Regi\u00e3o&quot;","block_context":{"text":"Not\u00edcias de Ribeir\u00e3o Preto-SP e Regi\u00e3o","link":"https:\/\/ismaelcolosi.com.br\/index.php\/category\/noticias-de-ribeirao-preto-sp-e-regiao-ismael-colosi\/"},"img":{"alt_text":"","src":"https:\/\/i0.wp.com\/ismaelcolosi.com.br\/wp-content\/uploads\/2024\/08\/Copia-de-Copia-de-Copia-de-TAMANHO-EXATO-PARA-FOTOS-NO-SISTEMA-NOVO-15_2024-08-20_20-56-43_png_2024-08-20_20-56-43.webp.webp?fit=1200%2C675&ssl=1&resize=350%2C200","width":350,"height":200,"srcset":"https:\/\/i0.wp.com\/ismaelcolosi.com.br\/wp-content\/uploads\/2024\/08\/Copia-de-Copia-de-Copia-de-TAMANHO-EXATO-PARA-FOTOS-NO-SISTEMA-NOVO-15_2024-08-20_20-56-43_png_2024-08-20_20-56-43.webp.webp?fit=1200%2C675&ssl=1&resize=350%2C200 1x, https:\/\/i0.wp.com\/ismaelcolosi.com.br\/wp-content\/uploads\/2024\/08\/Copia-de-Copia-de-Copia-de-TAMANHO-EXATO-PARA-FOTOS-NO-SISTEMA-NOVO-15_2024-08-20_20-56-43_png_2024-08-20_20-56-43.webp.webp?fit=1200%2C675&ssl=1&resize=525%2C300 1.5x, https:\/\/i0.wp.com\/ismaelcolosi.com.br\/wp-content\/uploads\/2024\/08\/Copia-de-Copia-de-Copia-de-TAMANHO-EXATO-PARA-FOTOS-NO-SISTEMA-NOVO-15_2024-08-20_20-56-43_png_2024-08-20_20-56-43.webp.webp?fit=1200%2C675&ssl=1&resize=700%2C400 2x, https:\/\/i0.wp.com\/ismaelcolosi.com.br\/wp-content\/uploads\/2024\/08\/Copia-de-Copia-de-Copia-de-TAMANHO-EXATO-PARA-FOTOS-NO-SISTEMA-NOVO-15_2024-08-20_20-56-43_png_2024-08-20_20-56-43.webp.webp?fit=1200%2C675&ssl=1&resize=1050%2C600 3x"},"classes":[]},{"id":75456,"url":"https:\/\/ismaelcolosi.com.br\/index.php\/2024\/11\/06\/morre-policial-penal-vitima-de-batida-entre-moto-e-onibus-em-ribeirao-preto\/","url_meta":{"origin":77466,"position":3},"title":"Morre policial penal v\u00edtima de batida entre moto e \u00f4nibus em Ribeir\u00e3o Preto","author":"ismaelcolosi.com.br","date":"6 de November de 2024","format":false,"excerpt":"O policial penal Adaias Emanoel Flausino, de 43 anos, v\u00edtima de uma batida entre a\u00a0moto que pilotava e um \u00f4nibus, ocorrida no \u00faltimo dia 27 de setembro, no Centro de Ribeir\u00e3o Preto, morreu nesta ter\u00e7a-feira (5). \u00a0 Segundo o boletim de ocorr\u00eancia (BO), a v\u00edtima permaneceu internada no\u00a0Hospital das Cl\u00ednicas\u2026","rel":"","context":"In &quot;Not\u00edcias de Ribeir\u00e3o Preto-SP e Regi\u00e3o&quot;","block_context":{"text":"Not\u00edcias de Ribeir\u00e3o Preto-SP e Regi\u00e3o","link":"https:\/\/ismaelcolosi.com.br\/index.php\/category\/noticias-de-ribeirao-preto-sp-e-regiao-ismael-colosi\/"},"img":{"alt_text":"","src":"https:\/\/i0.wp.com\/ismaelcolosi.com.br\/wp-content\/uploads\/2024\/10\/WhatsApp-Image-2024-10-01-at-12.08.58_2024-10-01_15-10-15_jpeg_2024-10-01_15-10-15.webp.webp?fit=1200%2C675&ssl=1&resize=350%2C200","width":350,"height":200,"srcset":"https:\/\/i0.wp.com\/ismaelcolosi.com.br\/wp-content\/uploads\/2024\/10\/WhatsApp-Image-2024-10-01-at-12.08.58_2024-10-01_15-10-15_jpeg_2024-10-01_15-10-15.webp.webp?fit=1200%2C675&ssl=1&resize=350%2C200 1x, https:\/\/i0.wp.com\/ismaelcolosi.com.br\/wp-content\/uploads\/2024\/10\/WhatsApp-Image-2024-10-01-at-12.08.58_2024-10-01_15-10-15_jpeg_2024-10-01_15-10-15.webp.webp?fit=1200%2C675&ssl=1&resize=525%2C300 1.5x, https:\/\/i0.wp.com\/ismaelcolosi.com.br\/wp-content\/uploads\/2024\/10\/WhatsApp-Image-2024-10-01-at-12.08.58_2024-10-01_15-10-15_jpeg_2024-10-01_15-10-15.webp.webp?fit=1200%2C675&ssl=1&resize=700%2C400 2x, https:\/\/i0.wp.com\/ismaelcolosi.com.br\/wp-content\/uploads\/2024\/10\/WhatsApp-Image-2024-10-01-at-12.08.58_2024-10-01_15-10-15_jpeg_2024-10-01_15-10-15.webp.webp?fit=1200%2C675&ssl=1&resize=1050%2C600 3x"},"classes":[]},{"id":76446,"url":"https:\/\/ismaelcolosi.com.br\/index.php\/2024\/11\/13\/festival-joao-rock-2025-em-ribeirao-preto-ja-tem-data-veja-quando\/","url_meta":{"origin":77466,"position":4},"title":"Festival Jo\u00e3o Rock 2025, em Ribeir\u00e3o Preto, j\u00e1 tem data; Veja quando","author":"ismaelcolosi.com.br","date":"13 de November de 2024","format":false,"excerpt":"O Festival Jo\u00e3o Rock 2025, em Ribeir\u00e3o Preto, j\u00e1 tem data marcada. O evento, que acontece no Parque Permanente de Exposi\u00e7\u00f5es, vai ser realizado no dia 14 de junho de 2025. A organiza\u00e7\u00e3o espera receber 70 mil pessoas no festival. \u00a0\u201cSem d\u00favidas, ser\u00e1 um evento cheio de novas experi\u00eancias e\u2026","rel":"","context":"In &quot;Not\u00edcias de Ribeir\u00e3o Preto-SP e Regi\u00e3o&quot;","block_context":{"text":"Not\u00edcias de Ribeir\u00e3o Preto-SP e Regi\u00e3o","link":"https:\/\/ismaelcolosi.com.br\/index.php\/category\/noticias-de-ribeirao-preto-sp-e-regiao-ismael-colosi\/"},"img":{"alt_text":"","src":"https:\/\/i0.wp.com\/ismaelcolosi.com.br\/wp-content\/uploads\/2024\/11\/joao-rock-3_2024-11-13_13-29-14_jpeg_2024-11-13_13-29-14-scaled.webp.webp?fit=1200%2C675&ssl=1&resize=350%2C200","width":350,"height":200,"srcset":"https:\/\/i0.wp.com\/ismaelcolosi.com.br\/wp-content\/uploads\/2024\/11\/joao-rock-3_2024-11-13_13-29-14_jpeg_2024-11-13_13-29-14-scaled.webp.webp?fit=1200%2C675&ssl=1&resize=350%2C200 1x, https:\/\/i0.wp.com\/ismaelcolosi.com.br\/wp-content\/uploads\/2024\/11\/joao-rock-3_2024-11-13_13-29-14_jpeg_2024-11-13_13-29-14-scaled.webp.webp?fit=1200%2C675&ssl=1&resize=525%2C300 1.5x, https:\/\/i0.wp.com\/ismaelcolosi.com.br\/wp-content\/uploads\/2024\/11\/joao-rock-3_2024-11-13_13-29-14_jpeg_2024-11-13_13-29-14-scaled.webp.webp?fit=1200%2C675&ssl=1&resize=700%2C400 2x, https:\/\/i0.wp.com\/ismaelcolosi.com.br\/wp-content\/uploads\/2024\/11\/joao-rock-3_2024-11-13_13-29-14_jpeg_2024-11-13_13-29-14-scaled.webp.webp?fit=1200%2C675&ssl=1&resize=1050%2C600 3x"},"classes":[]},{"id":76401,"url":"https:\/\/ismaelcolosi.com.br\/index.php\/2024\/11\/12\/ribeirao-preto-vai-pagar-r-34-milhoes-para-projetos-aprovado-na-lei-aldir-blanc\/","url_meta":{"origin":77466,"position":5},"title":"Ribeir\u00e3o Preto vai pagar R$ 3,4 milh\u00f5es para projetos aprovado na\u00a0lei\u00a0Aldir\u00a0Blanc","author":"ismaelcolosi.com.br","date":"12 de November de 2024","format":false,"excerpt":"A Prefeitura Municipal de Ribeir\u00e3o Preto, por meio da Secretaria da Cultura e Turismo, anunciou o lan\u00e7amento dos editais viabilizados com recursos da Pol\u00edtica Nacional Aldir Blanc (PNAB). Ao todo, s\u00e3o R$ 3,4 milh\u00f5es destinadas ao incentivo. Os interessados devem se inscrever de forma on-line (veja abaixo), do dia 13\u2026","rel":"","context":"In &quot;Not\u00edcias de Ribeir\u00e3o Preto-SP e Regi\u00e3o&quot;","block_context":{"text":"Not\u00edcias de Ribeir\u00e3o Preto-SP e Regi\u00e3o","link":"https:\/\/ismaelcolosi.com.br\/index.php\/category\/noticias-de-ribeirao-preto-sp-e-regiao-ismael-colosi\/"},"img":{"alt_text":"","src":"https:\/\/i0.wp.com\/ismaelcolosi.com.br\/wp-content\/uploads\/2024\/11\/Copia-de-Copia-de-Copia-de-TAMANHO-EXATO-PARA-FOTOS-NO-SISTEMA-NOVO-44_2024-10-25_18-13-32_png_2024-10-25_18-13-32.webp.webp?fit=1200%2C675&ssl=1&resize=350%2C200","width":350,"height":200,"srcset":"https:\/\/i0.wp.com\/ismaelcolosi.com.br\/wp-content\/uploads\/2024\/11\/Copia-de-Copia-de-Copia-de-TAMANHO-EXATO-PARA-FOTOS-NO-SISTEMA-NOVO-44_2024-10-25_18-13-32_png_2024-10-25_18-13-32.webp.webp?fit=1200%2C675&ssl=1&resize=350%2C200 1x, https:\/\/i0.wp.com\/ismaelcolosi.com.br\/wp-content\/uploads\/2024\/11\/Copia-de-Copia-de-Copia-de-TAMANHO-EXATO-PARA-FOTOS-NO-SISTEMA-NOVO-44_2024-10-25_18-13-32_png_2024-10-25_18-13-32.webp.webp?fit=1200%2C675&ssl=1&resize=525%2C300 1.5x, https:\/\/i0.wp.com\/ismaelcolosi.com.br\/wp-content\/uploads\/2024\/11\/Copia-de-Copia-de-Copia-de-TAMANHO-EXATO-PARA-FOTOS-NO-SISTEMA-NOVO-44_2024-10-25_18-13-32_png_2024-10-25_18-13-32.webp.webp?fit=1200%2C675&ssl=1&resize=700%2C400 2x, https:\/\/i0.wp.com\/ismaelcolosi.com.br\/wp-content\/uploads\/2024\/11\/Copia-de-Copia-de-Copia-de-TAMANHO-EXATO-PARA-FOTOS-NO-SISTEMA-NOVO-44_2024-10-25_18-13-32_png_2024-10-25_18-13-32.webp.webp?fit=1200%2C675&ssl=1&resize=1050%2C600 3x"},"classes":[]}],"jetpack_sharing_enabled":true,"jetpack_shortlink":"https:\/\/wp.me\/pfMlyK-k9s","_links":{"self":[{"href":"https:\/\/ismaelcolosi.com.br\/index.php\/wp-json\/wp\/v2\/posts\/77466","targetHints":{"allow":["GET"]}}],"collection":[{"href":"https:\/\/ismaelcolosi.com.br\/index.php\/wp-json\/wp\/v2\/posts"}],"about":[{"href":"https:\/\/ismaelcolosi.com.br\/index.php\/wp-json\/wp\/v2\/types\/post"}],"author":[{"embeddable":true,"href":"https:\/\/ismaelcolosi.com.br\/index.php\/wp-json\/wp\/v2\/users\/1"}],"replies":[{"embeddable":true,"href":"https:\/\/ismaelcolosi.com.br\/index.php\/wp-json\/wp\/v2\/comments?post=77466"}],"version-history":[{"count":0,"href":"https:\/\/ismaelcolosi.com.br\/index.php\/wp-json\/wp\/v2\/posts\/77466\/revisions"}],"wp:featuredmedia":[{"embeddable":true,"href":"https:\/\/ismaelcolosi.com.br\/index.php\/wp-json\/wp\/v2\/media\/56682"}],"wp:attachment":[{"href":"https:\/\/ismaelcolosi.com.br\/index.php\/wp-json\/wp\/v2\/media?parent=77466"}],"wp:term":[{"taxonomy":"category","embeddable":true,"href":"https:\/\/ismaelcolosi.com.br\/index.php\/wp-json\/wp\/v2\/categories?post=77466"},{"taxonomy":"post_tag","embeddable":true,"href":"https:\/\/ismaelcolosi.com.br\/index.php\/wp-json\/wp\/v2\/tags?post=77466"}],"curies":[{"name":"wp","href":"https:\/\/api.w.org\/{rel}","templated":true}]}}