{"id":77450,"date":"2024-11-25T16:42:10","date_gmt":"2024-11-25T19:42:10","guid":{"rendered":"https:\/\/ismaelcolosi.com.br\/index.php\/2024\/11\/25\/vagas-de-emprego-na-area-de-logistica-em-ribeirao-preto-sp-11\/"},"modified":"2024-11-25T16:42:10","modified_gmt":"2024-11-25T19:42:10","slug":"vagas-de-emprego-na-area-de-logistica-em-ribeirao-preto-sp-11","status":"publish","type":"post","link":"https:\/\/ismaelcolosi.com.br\/index.php\/2024\/11\/25\/vagas-de-emprego-na-area-de-logistica-em-ribeirao-preto-sp-11\/","title":{"rendered":"Vagas de emprego na \u00e1rea de log\u00edstica em Ribeir\u00e3o Preto-SP"},"content":{"rendered":"<p><a class=\"base-card__full-link absolute top-0 right-0 bottom-0 left-0 p-0 z-[2]\" href=\"https:\/\/br.linkedin.com\/jobs\/view\/auxiliar-de-estoque-at-mobly-4080038723?position=1&amp;pageNum=0&amp;refId=6Kj4cQ1N4AfmrK7gB36Uxg%3D%3D&amp;trackingId=VqVM3lTtpN4IHiO0hsajxw%3D%3D\" data-tracking-control-name=\"public_jobs_jserp-result_search-card\" data-tracking-client-ingraph data-tracking-will-navigate><\/p>\n<p>          <span class=\"sr-only\"><\/p>\n<p>        Auxiliar de Estoque<\/p>\n<p>          <\/span><br \/>\n        <\/a><br \/>\n<a class=\"base-card__full-link absolute top-0 right-0 bottom-0 left-0 p-0 z-[2]\" href=\"https:\/\/br.linkedin.com\/jobs\/view\/estoquista-ribp-at-coca-cola-andina-brasil-4047101125?position=2&amp;pageNum=0&amp;refId=6Kj4cQ1N4AfmrK7gB36Uxg%3D%3D&amp;trackingId=fo4Bk2ZzRr1ljRvDpOK%2BWA%3D%3D\" data-tracking-control-name=\"public_jobs_jserp-result_search-card\" data-tracking-client-ingraph data-tracking-will-navigate><\/p>\n<p>          <span class=\"sr-only\"><\/p>\n<p>        ESTOQUISTA &#8211; RIBP<\/p>\n<p>          <\/span><br \/>\n        <\/a><br \/>\n<a class=\"base-card__full-link absolute top-0 right-0 bottom-0 left-0 p-0 z-[2]\" href=\"https:\/\/br.linkedin.com\/jobs\/view\/auxiliar-de-logistica-repositor-at-idealize-gest%C3%A3o-de-pessoas-3959578185?position=3&amp;pageNum=0&amp;refId=6Kj4cQ1N4AfmrK7gB36Uxg%3D%3D&amp;trackingId=x9DE91G8ZY5ZTZonetaKVA%3D%3D\" data-tracking-control-name=\"public_jobs_jserp-result_search-card\" data-tracking-client-ingraph data-tracking-will-navigate><\/p>\n<p>          <span class=\"sr-only\"><\/p>\n<p>        Auxiliar de Logistica &#8211; Repositor<\/p>\n<p>          <\/span><br \/>\n        <\/a><br \/>\n<a class=\"base-card__full-link absolute top-0 right-0 bottom-0 left-0 p-0 z-[2]\" href=\"https:\/\/br.linkedin.com\/jobs\/view\/estoquista-assistente-at-jumori-comercio-de-auto-pecas-3807756458?position=4&amp;pageNum=0&amp;refId=6Kj4cQ1N4AfmrK7gB36Uxg%3D%3D&amp;trackingId=py%2FLEn9tROU5dbH4hEalWg%3D%3D\" data-tracking-control-name=\"public_jobs_jserp-result_search-card\" data-tracking-client-ingraph data-tracking-will-navigate><\/p>\n<p>          <span class=\"sr-only\"><\/p>\n<p>        Estoquista Assistente<\/p>\n<p>          <\/span><br \/>\n        <\/a><br \/>\n<a class=\"base-card__full-link absolute top-0 right-0 bottom-0 left-0 p-0 z-[2]\" href=\"https:\/\/br.linkedin.com\/jobs\/view\/estoquista-assistente-at-jumori-comercio-de-auto-pecas-3807756458?position=4&amp;pageNum=0&amp;refId=6Kj4cQ1N4AfmrK7gB36Uxg%3D%3D&amp;trackingId=py%2FLEn9tROU5dbH4hEalWg%3D%3D\" data-tracking-control-name=\"public_jobs_jserp-result_search-card\" data-tracking-client-ingraph data-tracking-will-navigate><\/p>\n<p>          <span class=\"sr-only\"><\/p>\n<p>        Estoquista Assistente<\/p>\n<p>          <\/span><br \/>\n        <\/a><br \/>\n<a class=\"base-card__full-link absolute top-0 right-0 bottom-0 left-0 p-0 z-[2]\" href=\"https:\/\/br.linkedin.com\/jobs\/view\/operador-log%C3%ADstico-at-trb-transporte-log%C3%ADstica-4053683353?position=5&amp;pageNum=0&amp;refId=6Kj4cQ1N4AfmrK7gB36Uxg%3D%3D&amp;trackingId=x6bxLCw56BgjbsRj7Z%2Bw4g%3D%3D\" data-tracking-control-name=\"public_jobs_jserp-result_search-card\" data-tracking-client-ingraph data-tracking-will-navigate><\/p>\n<p>          <span class=\"sr-only\"><\/p>\n<p>        Operador Log\u00edstico<\/p>\n<p>          <\/span><br \/>\n        <\/a><br \/>\n<a class=\"base-card__full-link absolute top-0 right-0 bottom-0 left-0 p-0 z-[2]\" href=\"https:\/\/br.linkedin.com\/jobs\/view\/auxiliar-de-armazenagem-ribeir%C3%A3o-preto-sp-at-jti-4078316274?position=10&amp;pageNum=0&amp;refId=6Kj4cQ1N4AfmrK7gB36Uxg%3D%3D&amp;trackingId=xJh9u9nFvJ6KWvz4VohprA%3D%3D\" data-tracking-control-name=\"public_jobs_jserp-result_search-card\" data-tracking-client-ingraph data-tracking-will-navigate><\/p>\n<p>          <span class=\"sr-only\"><\/p>\n<p>        Auxiliar de Armazenagem &#8211; Ribeir\u00e3o Preto\/SP<\/p>\n<p>          <\/span><br \/>\n        <\/a><br \/>\n<a class=\"base-card__full-link absolute top-0 right-0 bottom-0 left-0 p-0 z-[2]\" href=\"https:\/\/br.linkedin.com\/jobs\/view\/auxiliar-de-log%C3%ADstica-at-alliage-s-a-4046720221?position=9&amp;pageNum=0&amp;refId=6Kj4cQ1N4AfmrK7gB36Uxg%3D%3D&amp;trackingId=UYhzD4aESe8GlsoGYldtfw%3D%3D\" data-tracking-control-name=\"public_jobs_jserp-result_search-card\" data-tracking-client-ingraph data-tracking-will-navigate><\/p>\n<p>          <span class=\"sr-only\"><\/p>\n<p>        Auxiliar de Log\u00edstica<\/p>\n<p>          <\/span><br \/>\n        <\/a><br \/>\n<main id=\"main-content\" class=\"two-pane-serp-page__results\" role=\"main\"><\/p>\n<section class=\"two-pane-serp-page__search-header\">\n<p><!----><\/p>\n<section class=\"job-alert-redirect-section job-alert-redirect-section--jserp\">\n      <icon class=\"job-alert-redirect-section__icon\" data-delayed-url=\"https:\/\/static.licdn.com\/aero-v1\/sc\/h\/dd4yq8pu9gycnw9c7p5uro8qn\"><\/icon><\/p>\n<div class=\"job-alert-redirect-section__container\">\n<p>\n           Get notified about new <span class=\"break-words t-bold\">Log\u00edstica<\/span> jobs in <strong>Ribeir\u00e3o Preto<\/strong>.\n        <\/p>\n<p>        <a class=\"job-alert-redirect-section__cta\" href=\"https:\/\/www.linkedin.com\/login?emailAddress=&amp;fromSignIn=&amp;session_redirect=https%3A%2F%2Fwww.linkedin.com%2Fjobs%2Fsearch%2F%3FcurrentJobId%3D3698141532%26geoId%3D100030857%26keywords%3Dlog%25C3%25ADstica%26location%3DRibeir%25C3%25A3o%2520Preto%252C%2520S%25C3%25A3o%2520Paulo%252C%2520Brasil%26origin%3DJOB_SEARCH_PAGE_LOCATION_AUTOCOMPLETE%26refresh%3Dtrue&amp;trk=public_jobs_job-alert-guest-redirect-cta\" data-impression-id=\"public_jobs_job-alert-guest-redirect-cta\" data-tracking-control-name=\"public_jobs_job-alert-guest-redirect-cta\" data-tracking-will-navigate><br \/>\n            Sign in to create job alert<br \/>\n        <\/a>\n      <\/div>\n<\/section>\n<\/section>\n<p><!----><\/p>\n<div class=\"results-context-header\">\n<h1 class=\"results-context-header__context\">\n          <span class=\"results-context-header__job-count\">450<\/span> <span class=\"results-context-header__query-search\">Log\u00edstica Jobs in Ribeir\u00e3o Preto<\/span><br \/>\n      <\/h1>\n<\/p><\/div>\n<section class=\"two-pane-serp-page__results-list\">\n<ul class=\"jobs-search__results-list\">\n<li>\n<div class=\"base-card relative w-full hover:no-underline focus:no-underline base-card--link base-search-card base-search-card--link job-search-card\" data-entity-urn=\"urn:li:jobPosting:4080038723\" data-impression-id=\"jobs-search-desktop-0\" data-reference-id=\"6Kj4cQ1N4AfmrK7gB36Uxg==\" data-tracking-id=\"VqVM3lTtpN4IHiO0hsajxw==\" data-column=\"1\" data-row=\"1\">\n<p>        <a class=\"base-card__full-link absolute top-0 right-0 bottom-0 left-0 p-0 z-[2]\" href=\"https:\/\/br.linkedin.com\/jobs\/view\/auxiliar-de-estoque-at-mobly-4080038723?position=1&amp;pageNum=0&amp;refId=6Kj4cQ1N4AfmrK7gB36Uxg%3D%3D&amp;trackingId=VqVM3lTtpN4IHiO0hsajxw%3D%3D\" data-tracking-control-name=\"public_jobs_jserp-result_search-card\" data-tracking-client-ingraph data-tracking-will-navigate><\/p>\n<p>          <span class=\"sr-only\"><\/p>\n<p>        Auxiliar de Estoque<\/p>\n<p>          <\/span><br \/>\n        <\/a><\/p>\n<div class=\"search-entity-media\">\n<p>      <img class=\"artdeco-entity-image artdeco-entity-image--square-4\n          \" data-delayed-url=\"https:\/\/media.licdn.com\/dms\/image\/v2\/D4D0BAQF283lwd1LYsQ\/company-logo_100_100\/company-logo_100_100\/0\/1688569012612\/mobly_logo?e=2147483647&amp;v=beta&amp;t=DjwEDAOsagJLpYXo4z3ag5UKYegbV5sACloevP3IDbo\" data-ghost-classes=\"artdeco-entity-image--ghost\" data-ghost-url=\"https:\/\/static.licdn.com\/aero-v1\/sc\/h\/6puxblwmhnodu6fjircz4dn4h\" alt><\/p><\/div>\n<div class=\"base-search-card__info\">\n<h3 class=\"base-search-card__title\">\n<p>        Auxiliar de Estoque<\/p>\n<\/h3>\n<h4 class=\"base-search-card__subtitle\">\n<p>          <a class=\"hidden-nested-link\" data-tracking-client-ingraph data-tracking-control-name=\"public_jobs_jserp-result_job-search-card-subtitle\" data-tracking-will-navigate href=\"https:\/\/br.linkedin.com\/company\/mobly?trk=public_jobs_jserp-result_job-search-card-subtitle\"><br \/>\n            Mobly<br \/>\n          <\/a><\/p>\n<\/h4>\n<p><!----><\/p>\n<div class=\"base-search-card__metadata\">\n<p>          <span class=\"job-search-card__location\"><br \/>\n            Ribeir\u00e3o Preto, S\u00e3o Paulo, Brazil<br \/>\n          <\/span><\/p>\n<div class=\"job-posting-benefits text-sm\">\n        <icon class=\"job-posting-benefits__icon\" data-delayed-url=\"https:\/\/static.licdn.com\/aero-v1\/sc\/h\/8zmuwb93gzlb935fk4ao4z779\" data-svg-class-name=\"job-posting-benefits__icon-svg\"><\/icon><br \/>\n        <span class=\"job-posting-benefits__text\"><br \/>\n          Be an early applicant<br \/>\n<!---->        <\/span>\n      <\/div>\n<p>          <time class=\"job-search-card__listdate\" datetime=\"2024-11-21\"><\/p>\n<p>      4 days ago<\/p>\n<p>          <\/time><\/p>\n<p><!---->\n            <\/div>\n<\/p><\/div>\n<p><!---->      <\/p><\/div>\n<\/li>\n<li>\n<div class=\"base-card relative w-full hover:no-underline focus:no-underline base-card--link base-search-card base-search-card--link job-search-card\" data-entity-urn=\"urn:li:jobPosting:4047101125\" data-impression-id=\"jobs-search-desktop-1\" data-reference-id=\"6Kj4cQ1N4AfmrK7gB36Uxg==\" data-tracking-id=\"fo4Bk2ZzRr1ljRvDpOK+WA==\" data-column=\"1\" data-row=\"2\">\n<p>        <a class=\"base-card__full-link absolute top-0 right-0 bottom-0 left-0 p-0 z-[2]\" href=\"https:\/\/br.linkedin.com\/jobs\/view\/estoquista-ribp-at-coca-cola-andina-brasil-4047101125?position=2&amp;pageNum=0&amp;refId=6Kj4cQ1N4AfmrK7gB36Uxg%3D%3D&amp;trackingId=fo4Bk2ZzRr1ljRvDpOK%2BWA%3D%3D\" data-tracking-control-name=\"public_jobs_jserp-result_search-card\" data-tracking-client-ingraph data-tracking-will-navigate><\/p>\n<p>          <span class=\"sr-only\"><\/p>\n<p>        ESTOQUISTA &#8211; RIBP<\/p>\n<p>          <\/span><br \/>\n        <\/a><\/p>\n<div class=\"search-entity-media\">\n<p>      <img class=\"artdeco-entity-image artdeco-entity-image--square-4\n          \" data-delayed-url=\"https:\/\/media.licdn.com\/dms\/image\/v2\/D4D0BAQFtg5MyC618zw\/company-logo_100_100\/company-logo_100_100\/0\/1688391103766\/coca_cola_andina_brasil_logo?e=2147483647&amp;v=beta&amp;t=lnooKS98CgFBnh2A1rLzoXLAIg0J6IS4AD6Mf5O5b6U\" data-ghost-classes=\"artdeco-entity-image--ghost\" data-ghost-url=\"https:\/\/static.licdn.com\/aero-v1\/sc\/h\/6puxblwmhnodu6fjircz4dn4h\" alt><\/p><\/div>\n<div class=\"base-search-card__info\">\n<h3 class=\"base-search-card__title\">\n<p>        ESTOQUISTA &#8211; RIBP<\/p>\n<\/h3>\n<h4 class=\"base-search-card__subtitle\">\n<p>          <a class=\"hidden-nested-link\" data-tracking-client-ingraph data-tracking-control-name=\"public_jobs_jserp-result_job-search-card-subtitle\" data-tracking-will-navigate href=\"https:\/\/br.linkedin.com\/company\/coca-cola-andina-brasil?trk=public_jobs_jserp-result_job-search-card-subtitle\"><br \/>\n            Coca-Cola Andina Brasil<br \/>\n          <\/a><\/p>\n<\/h4>\n<p><!----><\/p>\n<div class=\"base-search-card__metadata\">\n<p>          <span class=\"job-search-card__location\"><br \/>\n            Ribeir\u00e3o Preto, S\u00e3o Paulo, Brazil<br \/>\n          <\/span><\/p>\n<p><!---->  <\/p>\n<p>          <time class=\"job-search-card__listdate\" datetime=\"2024-10-12\"><\/p>\n<p>      1 month ago<\/p>\n<p>          <\/time><\/p>\n<p><!---->\n            <\/div>\n<\/p><\/div>\n<p><!---->      <\/p><\/div>\n<\/li>\n<li>\n<div class=\"base-card relative w-full hover:no-underline focus:no-underline base-card--link base-search-card base-search-card--link job-search-card\" data-entity-urn=\"urn:li:jobPosting:3959578185\" data-impression-id=\"jobs-search-desktop-2\" data-reference-id=\"6Kj4cQ1N4AfmrK7gB36Uxg==\" data-tracking-id=\"x9DE91G8ZY5ZTZonetaKVA==\" data-column=\"1\" data-row=\"3\">\n<p>        <a class=\"base-card__full-link absolute top-0 right-0 bottom-0 left-0 p-0 z-[2]\" href=\"https:\/\/br.linkedin.com\/jobs\/view\/auxiliar-de-logistica-repositor-at-idealize-gest%C3%A3o-de-pessoas-3959578185?position=3&amp;pageNum=0&amp;refId=6Kj4cQ1N4AfmrK7gB36Uxg%3D%3D&amp;trackingId=x9DE91G8ZY5ZTZonetaKVA%3D%3D\" data-tracking-control-name=\"public_jobs_jserp-result_search-card\" data-tracking-client-ingraph data-tracking-will-navigate><\/p>\n<p>          <span class=\"sr-only\"><\/p>\n<p>        Auxiliar de Logistica &#8211; Repositor<\/p>\n<p>          <\/span><br \/>\n        <\/a><\/p>\n<div class=\"search-entity-media\">\n<p>      <img class=\"artdeco-entity-image artdeco-entity-image--square-4\n          \" data-delayed-url=\"https:\/\/media.licdn.com\/dms\/image\/v2\/C4D0BAQH8J0kvWEJOnQ\/company-logo_100_100\/company-logo_100_100\/0\/1630563637160?e=2147483647&amp;v=beta&amp;t=TDK3MHsnkFjjd9-KhA9fPNnepkVPCCV60BI8oUw4bF4\" data-ghost-classes=\"artdeco-entity-image--ghost\" data-ghost-url=\"https:\/\/static.licdn.com\/aero-v1\/sc\/h\/6puxblwmhnodu6fjircz4dn4h\" alt><\/p><\/div>\n<div class=\"base-search-card__info\">\n<h3 class=\"base-search-card__title\">\n<p>        Auxiliar de Logistica &#8211; Repositor<\/p>\n<\/h3>\n<h4 class=\"base-search-card__subtitle\">\n<p>          <a class=\"hidden-nested-link\" data-tracking-client-ingraph data-tracking-control-name=\"public_jobs_jserp-result_job-search-card-subtitle\" data-tracking-will-navigate href=\"https:\/\/br.linkedin.com\/company\/idealize-gest%C3%A3o-de-pessoas?trk=public_jobs_jserp-result_job-search-card-subtitle\"><br \/>\n            Idealize Gest\u00e3o de Pessoas<br \/>\n          <\/a><\/p>\n<\/h4>\n<p><!----><\/p>\n<div class=\"base-search-card__metadata\">\n<p>          <span class=\"job-search-card__location\"><br \/>\n            Ribeir\u00e3o Preto, S\u00e3o Paulo, Brazil<br \/>\n          <\/span><\/p>\n<div class=\"job-posting-benefits text-sm\">\n        <icon class=\"job-posting-benefits__icon\" data-delayed-url=\"https:\/\/static.licdn.com\/aero-v1\/sc\/h\/8zmuwb93gzlb935fk4ao4z779\" data-svg-class-name=\"job-posting-benefits__icon-svg\"><\/icon><br \/>\n        <span class=\"job-posting-benefits__text\"><br \/>\n          Be an early applicant<br \/>\n<!---->        <\/span>\n      <\/div>\n<p>          <time class=\"job-search-card__listdate\" datetime=\"2024-06-26\"><\/p>\n<p>      5 months ago<\/p>\n<p>          <\/time><\/p>\n<p><!---->\n            <\/div>\n<\/p><\/div>\n<p><!---->      <\/p><\/div>\n<\/li>\n<li>\n<div class=\"base-card relative w-full hover:no-underline focus:no-underline base-card--link base-search-card base-search-card--link job-search-card\" data-entity-urn=\"urn:li:jobPosting:3807756458\" data-impression-id=\"jobs-search-desktop-3\" data-reference-id=\"6Kj4cQ1N4AfmrK7gB36Uxg==\" data-tracking-id=\"py\/LEn9tROU5dbH4hEalWg==\" data-column=\"1\" data-row=\"4\">\n<p>        <a class=\"base-card__full-link absolute top-0 right-0 bottom-0 left-0 p-0 z-[2]\" href=\"https:\/\/br.linkedin.com\/jobs\/view\/estoquista-assistente-at-jumori-comercio-de-auto-pecas-3807756458?position=4&amp;pageNum=0&amp;refId=6Kj4cQ1N4AfmrK7gB36Uxg%3D%3D&amp;trackingId=py%2FLEn9tROU5dbH4hEalWg%3D%3D\" data-tracking-control-name=\"public_jobs_jserp-result_search-card\" data-tracking-client-ingraph data-tracking-will-navigate><\/p>\n<p>          <span class=\"sr-only\"><\/p>\n<p>        Estoquista Assistente<\/p>\n<p>          <\/span><br \/>\n        <\/a><\/p>\n<div class=\"search-entity-media\">\n<p>      <img class=\"artdeco-entity-image artdeco-entity-image--square-4\n          \" data-delayed-url=\"https:\/\/media.licdn.com\/dms\/image\/v2\/D4D0BAQHAg-VqDGR16A\/company-logo_100_100\/company-logo_100_100\/0\/1730459565974\/jumori_comercio_de_auto_pecas_logo?e=2147483647&amp;v=beta&amp;t=4IJgVA0HlQ9yr1bbyOEN0uRA6RZmsIfCetYuZQDhu-U\" data-ghost-classes=\"artdeco-entity-image--ghost\" data-ghost-url=\"https:\/\/static.licdn.com\/aero-v1\/sc\/h\/6puxblwmhnodu6fjircz4dn4h\" alt><\/p><\/div>\n<div class=\"base-search-card__info\">\n<h3 class=\"base-search-card__title\">\n<p>        Estoquista Assistente<\/p>\n<\/h3>\n<h4 class=\"base-search-card__subtitle\">\n<p>          <a class=\"hidden-nested-link\" data-tracking-client-ingraph data-tracking-control-name=\"public_jobs_jserp-result_job-search-card-subtitle\" data-tracking-will-navigate href=\"https:\/\/br.linkedin.com\/company\/jumori-comercio-de-auto-pecas?trk=public_jobs_jserp-result_job-search-card-subtitle\"><br \/>\n            Jumori Comercio De Auto Pecas<br \/>\n          <\/a><\/p>\n<\/h4>\n<p><!----><\/p>\n<div class=\"base-search-card__metadata\">\n<p>          <span class=\"job-search-card__location\"><br \/>\n            Ribeir\u00e3o Preto, S\u00e3o Paulo, Brazil<br \/>\n          <\/span><\/p>\n<p><!---->  <\/p>\n<p>          <time class=\"job-search-card__listdate\" datetime=\"2024-01-16\"><\/p>\n<p>      10 months ago<\/p>\n<p>          <\/time><\/p>\n<p><!---->\n            <\/div>\n<\/p><\/div>\n<p><!---->      <\/p><\/div>\n<\/li>\n<li>\n<div class=\"base-card relative w-full hover:no-underline focus:no-underline base-card--link base-search-card base-search-card--link job-search-card\" data-entity-urn=\"urn:li:jobPosting:4053683353\" data-impression-id=\"jobs-search-desktop-4\" data-reference-id=\"6Kj4cQ1N4AfmrK7gB36Uxg==\" data-tracking-id=\"x6bxLCw56BgjbsRj7Z+w4g==\" data-column=\"1\" data-row=\"5\">\n<p>        <a class=\"base-card__full-link absolute top-0 right-0 bottom-0 left-0 p-0 z-[2]\" href=\"https:\/\/br.linkedin.com\/jobs\/view\/operador-log%C3%ADstico-at-trb-transporte-log%C3%ADstica-4053683353?position=5&amp;pageNum=0&amp;refId=6Kj4cQ1N4AfmrK7gB36Uxg%3D%3D&amp;trackingId=x6bxLCw56BgjbsRj7Z%2Bw4g%3D%3D\" data-tracking-control-name=\"public_jobs_jserp-result_search-card\" data-tracking-client-ingraph data-tracking-will-navigate><\/p>\n<p>          <span class=\"sr-only\"><\/p>\n<p>        Operador Log\u00edstico<\/p>\n<p>          <\/span><br \/>\n        <\/a><\/p>\n<div class=\"search-entity-media\">\n<p>      <img class=\"artdeco-entity-image artdeco-entity-image--square-4\n          \" data-delayed-url=\"https:\/\/media.licdn.com\/dms\/image\/v2\/D4D0BAQFrzEvVePPeVQ\/company-logo_100_100\/company-logo_100_100\/0\/1702043948413\/trbexpress_logo?e=2147483647&amp;v=beta&amp;t=yRv5sBa4fqNjlp1JaQc6ch6738oyv_OCeaA42vX2-z8\" data-ghost-classes=\"artdeco-entity-image--ghost\" data-ghost-url=\"https:\/\/static.licdn.com\/aero-v1\/sc\/h\/6puxblwmhnodu6fjircz4dn4h\" alt><\/p><\/div>\n<div class=\"base-search-card__info\">\n<h3 class=\"base-search-card__title\">\n<p>        Operador Log\u00edstico<\/p>\n<\/h3>\n<h4 class=\"base-search-card__subtitle\">\n<p>          <a class=\"hidden-nested-link\" data-tracking-client-ingraph data-tracking-control-name=\"public_jobs_jserp-result_job-search-card-subtitle\" data-tracking-will-navigate href=\"https:\/\/br.linkedin.com\/company\/trbexpress?trk=public_jobs_jserp-result_job-search-card-subtitle\"><br \/>\n            TRB &#8211; Transporte &amp; Log\u00edstica<br \/>\n          <\/a><\/p>\n<\/h4>\n<p><!----><\/p>\n<div class=\"base-search-card__metadata\">\n<p>          <span class=\"job-search-card__location\"><br \/>\n            Ribeir\u00e3o Preto, S\u00e3o Paulo, Brazil<br \/>\n          <\/span><\/p>\n<div class=\"job-posting-benefits text-sm\">\n        <icon class=\"job-posting-benefits__icon\" data-delayed-url=\"https:\/\/static.licdn.com\/aero-v1\/sc\/h\/8zmuwb93gzlb935fk4ao4z779\" data-svg-class-name=\"job-posting-benefits__icon-svg\"><\/icon><br \/>\n        <span class=\"job-posting-benefits__text\"><br \/>\n          Be an early applicant<br \/>\n<!---->        <\/span>\n      <\/div>\n<p>          <time class=\"job-search-card__listdate\" datetime=\"2024-10-18\"><\/p>\n<p>      1 month ago<\/p>\n<p>          <\/time><\/p>\n<p><!---->\n            <\/div>\n<\/p><\/div>\n<p><!---->      <\/p><\/div>\n<\/li>\n<li>\n<div class=\"base-card relative w-full hover:no-underline focus:no-underline base-card--link base-search-card base-search-card--link job-search-card\" data-entity-urn=\"urn:li:jobPosting:4077523114\" data-impression-id=\"jobs-search-desktop-5\" data-reference-id=\"6Kj4cQ1N4AfmrK7gB36Uxg==\" data-tracking-id=\"5eS\/xQtI8yP7dyImhtg43A==\" data-column=\"1\" data-row=\"6\">\n<p>        <a class=\"base-card__full-link absolute top-0 right-0 bottom-0 left-0 p-0 z-[2]\" href=\"https:\/\/br.linkedin.com\/jobs\/view\/conferente-de-mercadoria-at-della-volpe-transportes-4077523114?position=6&amp;pageNum=0&amp;refId=6Kj4cQ1N4AfmrK7gB36Uxg%3D%3D&amp;trackingId=5eS%2FxQtI8yP7dyImhtg43A%3D%3D\" data-tracking-control-name=\"public_jobs_jserp-result_search-card\" data-tracking-client-ingraph data-tracking-will-navigate><\/p>\n<p>          <span class=\"sr-only\"><\/p>\n<p>        Conferente de Mercadoria<\/p>\n<p>          <\/span><br \/>\n        <\/a><\/p>\n<div class=\"search-entity-media\">\n<p>      <img class=\"artdeco-entity-image artdeco-entity-image--square-4\n          \" data-delayed-url=\"https:\/\/media.licdn.com\/dms\/image\/v2\/C4D0BAQGkJSHVDnS0RA\/company-logo_100_100\/company-logo_100_100\/0\/1630530813633\/della_volpe_transportes_logo?e=2147483647&amp;v=beta&amp;t=JqydUjdU2fywQm3B3KFLnrMBQtgPxU99eWVWOCW6l9o\" data-ghost-classes=\"artdeco-entity-image--ghost\" data-ghost-url=\"https:\/\/static.licdn.com\/aero-v1\/sc\/h\/6puxblwmhnodu6fjircz4dn4h\" alt><\/p><\/div>\n<div class=\"base-search-card__info\">\n<h3 class=\"base-search-card__title\">\n<p>        Conferente de Mercadoria<\/p>\n<\/h3>\n<h4 class=\"base-search-card__subtitle\">\n<p>          <a class=\"hidden-nested-link\" data-tracking-client-ingraph data-tracking-control-name=\"public_jobs_jserp-result_job-search-card-subtitle\" data-tracking-will-navigate href=\"https:\/\/br.linkedin.com\/company\/della-volpe-transportes?trk=public_jobs_jserp-result_job-search-card-subtitle\"><br \/>\n            Della Volpe Transportes<br \/>\n          <\/a><\/p>\n<\/h4>\n<p><!----><\/p>\n<div class=\"base-search-card__metadata\">\n<p>          <span class=\"job-search-card__location\"><br \/>\n            Ribeir\u00e3o Preto, S\u00e3o Paulo, Brazil<br \/>\n          <\/span><\/p>\n<div class=\"job-posting-benefits text-sm\">\n        <icon class=\"job-posting-benefits__icon\" data-delayed-url=\"https:\/\/static.licdn.com\/aero-v1\/sc\/h\/8zmuwb93gzlb935fk4ao4z779\" data-svg-class-name=\"job-posting-benefits__icon-svg\"><\/icon><br \/>\n        <span class=\"job-posting-benefits__text\"><br \/>\n          Be an early applicant<br \/>\n<!---->        <\/span>\n      <\/div>\n<p>          <time class=\"job-search-card__listdate\" datetime=\"2024-11-18\"><\/p>\n<p>      1 week ago<\/p>\n<p>          <\/time><\/p>\n<p><!---->\n            <\/div>\n<\/p><\/div>\n<p><!---->      <\/p><\/div>\n<\/li>\n<li>\n<div class=\"base-card relative w-full hover:no-underline focus:no-underline base-card--link base-search-card base-search-card--link job-search-card\" data-entity-urn=\"urn:li:jobPosting:3998244766\" data-impression-id=\"jobs-search-desktop-6\" data-reference-id=\"6Kj4cQ1N4AfmrK7gB36Uxg==\" data-tracking-id=\"4DCr18y9s\/r5b5hsde55fw==\" data-column=\"1\" data-row=\"7\">\n<p>        <a class=\"base-card__full-link absolute top-0 right-0 bottom-0 left-0 p-0 z-[2]\" href=\"https:\/\/br.linkedin.com\/jobs\/view\/sp-ribeir%C3%A3o-preto-ajudante-de-carga-e-descarga-at-grupo-los-3998244766?position=7&amp;pageNum=0&amp;refId=6Kj4cQ1N4AfmrK7gB36Uxg%3D%3D&amp;trackingId=4DCr18y9s%2Fr5b5hsde55fw%3D%3D\" data-tracking-control-name=\"public_jobs_jserp-result_search-card\" data-tracking-client-ingraph data-tracking-will-navigate><\/p>\n<p>          <span class=\"sr-only\"><\/p>\n<p>        SP &#8211; Ribeir\u00e3o Preto | Ajudante de Carga e Descarga<\/p>\n<p>          <\/span><br \/>\n        <\/a><\/p>\n<div class=\"search-entity-media\">\n<p>      <img class=\"artdeco-entity-image artdeco-entity-image--square-4\n          \" data-delayed-url=\"https:\/\/media.licdn.com\/dms\/image\/v2\/D4D0BAQFsL_Gt5RG5vQ\/company-logo_100_100\/company-logo_100_100\/0\/1701440111296\/grupolostransportes_logo?e=2147483647&amp;v=beta&amp;t=jfg1fmJgZhGRrcDJX21NOnwz4eU2qGy63LUSpQSQiSU\" data-ghost-classes=\"artdeco-entity-image--ghost\" data-ghost-url=\"https:\/\/static.licdn.com\/aero-v1\/sc\/h\/6puxblwmhnodu6fjircz4dn4h\" alt><\/p><\/div>\n<div class=\"base-search-card__info\">\n<h3 class=\"base-search-card__title\">\n<p>        SP &#8211; Ribeir\u00e3o Preto | Ajudante de Carga e Descarga<\/p>\n<\/h3>\n<h4 class=\"base-search-card__subtitle\">\n<p>          <a class=\"hidden-nested-link\" data-tracking-client-ingraph data-tracking-control-name=\"public_jobs_jserp-result_job-search-card-subtitle\" data-tracking-will-navigate href=\"https:\/\/br.linkedin.com\/company\/grupolostransportes?trk=public_jobs_jserp-result_job-search-card-subtitle\"><br \/>\n            Grupo LOS<br \/>\n          <\/a><\/p>\n<\/h4>\n<p><!----><\/p>\n<div class=\"base-search-card__metadata\">\n<p>          <span class=\"job-search-card__location\"><br \/>\n            Ribeir\u00e3o Preto, S\u00e3o Paulo, Brazil<br \/>\n          <\/span><\/p>\n<div class=\"job-posting-benefits text-sm\">\n        <icon class=\"job-posting-benefits__icon\" data-delayed-url=\"https:\/\/static.licdn.com\/aero-v1\/sc\/h\/8zmuwb93gzlb935fk4ao4z779\" data-svg-class-name=\"job-posting-benefits__icon-svg\"><\/icon><br \/>\n        <span class=\"job-posting-benefits__text\"><br \/>\n          Be an early applicant<br \/>\n<!---->        <\/span>\n      <\/div>\n<p>          <time class=\"job-search-card__listdate\" datetime=\"2024-08-14\"><\/p>\n<p>      3 months ago<\/p>\n<p>          <\/time><\/p>\n<p><!---->\n            <\/div>\n<\/p><\/div>\n<p><!---->      <\/p><\/div>\n<\/li>\n<li>\n<div class=\"base-card relative w-full hover:no-underline focus:no-underline base-card--link base-search-card base-search-card--link job-search-card\" data-entity-urn=\"urn:li:jobPosting:3970276076\" data-impression-id=\"jobs-search-desktop-7\" data-reference-id=\"6Kj4cQ1N4AfmrK7gB36Uxg==\" data-tracking-id=\"U0l1\/sKtTBNyje7TUuFnyA==\" data-column=\"1\" data-row=\"8\">\n<p>        <a class=\"base-card__full-link absolute top-0 right-0 bottom-0 left-0 p-0 z-[2]\" href=\"https:\/\/br.linkedin.com\/jobs\/view\/operador-log%C3%ADstica-nortel-at-sonepar-brasil-3970276076?position=8&amp;pageNum=0&amp;refId=6Kj4cQ1N4AfmrK7gB36Uxg%3D%3D&amp;trackingId=U0l1%2FsKtTBNyje7TUuFnyA%3D%3D\" data-tracking-control-name=\"public_jobs_jserp-result_search-card\" data-tracking-client-ingraph data-tracking-will-navigate><\/p>\n<p>          <span class=\"sr-only\"><\/p>\n<p>        Operador Log\u00edstica &#8211; Nortel<\/p>\n<p>          <\/span><br \/>\n        <\/a><\/p>\n<div class=\"search-entity-media\">\n<p>      <img class=\"artdeco-entity-image artdeco-entity-image--square-4\n          \" data-delayed-url=\"https:\/\/media.licdn.com\/dms\/image\/v2\/D4D0BAQF_bPnNZTUltw\/company-logo_100_100\/company-logo_100_100\/0\/1721651936579\/soneparbrasil_logo?e=2147483647&amp;v=beta&amp;t=PnhJSYI17o0XWjJ8nQGxude8VDaxpLvrVIkxn58GM14\" data-ghost-classes=\"artdeco-entity-image--ghost\" data-ghost-url=\"https:\/\/static.licdn.com\/aero-v1\/sc\/h\/6puxblwmhnodu6fjircz4dn4h\" alt><\/p><\/div>\n<div class=\"base-search-card__info\">\n<h3 class=\"base-search-card__title\">\n<p>        Operador Log\u00edstica &#8211; Nortel<\/p>\n<\/h3>\n<h4 class=\"base-search-card__subtitle\">\n<p>          <a class=\"hidden-nested-link\" data-tracking-client-ingraph data-tracking-control-name=\"public_jobs_jserp-result_job-search-card-subtitle\" data-tracking-will-navigate href=\"https:\/\/br.linkedin.com\/company\/soneparbrasil?trk=public_jobs_jserp-result_job-search-card-subtitle\"><br \/>\n            Sonepar Brasil<br \/>\n          <\/a><\/p>\n<\/h4>\n<p><!----><\/p>\n<div class=\"base-search-card__metadata\">\n<p>          <span class=\"job-search-card__location\"><br \/>\n            Ribeir\u00e3o Preto, S\u00e3o Paulo, Brazil<br \/>\n          <\/span><\/p>\n<p><!---->  <\/p>\n<p>          <time class=\"job-search-card__listdate\" datetime=\"2024-07-09\"><\/p>\n<p>      4 months ago<\/p>\n<p>          <\/time><\/p>\n<p><!---->\n            <\/div>\n<\/p><\/div>\n<p><!---->      <\/p><\/div>\n<\/li>\n<li>\n<div class=\"base-card relative w-full hover:no-underline focus:no-underline base-card--link base-search-card base-search-card--link job-search-card\" data-entity-urn=\"urn:li:jobPosting:4046720221\" data-impression-id=\"jobs-search-desktop-8\" data-reference-id=\"6Kj4cQ1N4AfmrK7gB36Uxg==\" data-tracking-id=\"UYhzD4aESe8GlsoGYldtfw==\" data-column=\"1\" data-row=\"9\">\n<p>        <a class=\"base-card__full-link absolute top-0 right-0 bottom-0 left-0 p-0 z-[2]\" href=\"https:\/\/br.linkedin.com\/jobs\/view\/auxiliar-de-log%C3%ADstica-at-alliage-s-a-4046720221?position=9&amp;pageNum=0&amp;refId=6Kj4cQ1N4AfmrK7gB36Uxg%3D%3D&amp;trackingId=UYhzD4aESe8GlsoGYldtfw%3D%3D\" data-tracking-control-name=\"public_jobs_jserp-result_search-card\" data-tracking-client-ingraph data-tracking-will-navigate><\/p>\n<p>          <span class=\"sr-only\"><\/p>\n<p>        Auxiliar de Log\u00edstica<\/p>\n<p>          <\/span><br \/>\n        <\/a><\/p>\n<div class=\"search-entity-media\">\n<p>      <img class=\"artdeco-entity-image artdeco-entity-image--square-4\n          \" data-delayed-url=\"https:\/\/media.licdn.com\/dms\/image\/v2\/D4D0BAQHM644Ptj70Rg\/company-logo_100_100\/company-logo_100_100\/0\/1715093720957\/alliage_s_a__logo?e=2147483647&amp;v=beta&amp;t=Bgo8_y0v7rolvq7O5j-NZTIwS0ypmwvfom0v5VVFHco\" data-ghost-classes=\"artdeco-entity-image--ghost\" data-ghost-url=\"https:\/\/static.licdn.com\/aero-v1\/sc\/h\/6puxblwmhnodu6fjircz4dn4h\" alt><\/p><\/div>\n<div class=\"base-search-card__info\">\n<h3 class=\"base-search-card__title\">\n<p>        Auxiliar de Log\u00edstica<\/p>\n<\/h3>\n<h4 class=\"base-search-card__subtitle\">\n<p>          <a class=\"hidden-nested-link\" data-tracking-client-ingraph data-tracking-control-name=\"public_jobs_jserp-result_job-search-card-subtitle\" data-tracking-will-navigate href=\"https:\/\/br.linkedin.com\/company\/alliage-s-a-?trk=public_jobs_jserp-result_job-search-card-subtitle\"><br \/>\n            Alliage S\/A.<br \/>\n          <\/a><\/p>\n<\/h4>\n<p><!----><\/p>\n<div class=\"base-search-card__metadata\">\n<p>          <span class=\"job-search-card__location\"><br \/>\n            Ribeir\u00e3o Preto, S\u00e3o Paulo, Brazil<br \/>\n          <\/span><\/p>\n<div class=\"job-posting-benefits text-sm\">\n        <icon class=\"job-posting-benefits__icon\" data-delayed-url=\"https:\/\/static.licdn.com\/aero-v1\/sc\/h\/3p1v0uhy7uq0cm5zdvzp4eo18\" data-svg-class-name=\"job-posting-benefits__icon-svg\"><\/icon><br \/>\n        <span class=\"job-posting-benefits__text\"><br \/>\n          Actively Hiring<br \/>\n<!---->        <\/span>\n      <\/div>\n<p>          <time class=\"job-search-card__listdate\" datetime=\"2024-10-12\"><\/p>\n<p>      1 month ago<\/p>\n<p>          <\/time><\/p>\n<p><!---->\n            <\/div>\n<\/p><\/div>\n<p><!---->      <\/p><\/div>\n<\/li>\n<li>\n<div class=\"base-card relative w-full hover:no-underline focus:no-underline base-card--link base-search-card base-search-card--link job-search-card\" data-entity-urn=\"urn:li:jobPosting:4078316274\" data-impression-id=\"jobs-search-desktop-9\" data-reference-id=\"6Kj4cQ1N4AfmrK7gB36Uxg==\" data-tracking-id=\"xJh9u9nFvJ6KWvz4VohprA==\" data-column=\"1\" data-row=\"10\">\n<p>        <a class=\"base-card__full-link absolute top-0 right-0 bottom-0 left-0 p-0 z-[2]\" href=\"https:\/\/br.linkedin.com\/jobs\/view\/auxiliar-de-armazenagem-ribeir%C3%A3o-preto-sp-at-jti-4078316274?position=10&amp;pageNum=0&amp;refId=6Kj4cQ1N4AfmrK7gB36Uxg%3D%3D&amp;trackingId=xJh9u9nFvJ6KWvz4VohprA%3D%3D\" data-tracking-control-name=\"public_jobs_jserp-result_search-card\" data-tracking-client-ingraph data-tracking-will-navigate><\/p>\n<p>          <span class=\"sr-only\"><\/p>\n<p>        Auxiliar de Armazenagem &#8211; Ribeir\u00e3o Preto\/SP<\/p>\n<p>          <\/span><br \/>\n        <\/a><\/p>\n<div class=\"search-entity-media\">\n<p>      <img class=\"artdeco-entity-image artdeco-entity-image--square-4\n          \" data-delayed-url=\"https:\/\/media.licdn.com\/dms\/image\/v2\/C4E0BAQF7sWbNjLJaMw\/company-logo_100_100\/company-logo_100_100\/0\/1630625854560\/jti_logo?e=2147483647&amp;v=beta&amp;t=AE4Aau5qGm9L-gPMqArV3u7yxM4zetNhFaa6_tKszV0\" data-ghost-classes=\"artdeco-entity-image--ghost\" data-ghost-url=\"https:\/\/static.licdn.com\/aero-v1\/sc\/h\/6puxblwmhnodu6fjircz4dn4h\" alt><\/p><\/div>\n<div class=\"base-search-card__info\">\n<h3 class=\"base-search-card__title\">\n<p>        Auxiliar de Armazenagem &#8211; Ribeir\u00e3o Preto\/SP<\/p>\n<\/h3>\n<h4 class=\"base-search-card__subtitle\">\n<p>          <a class=\"hidden-nested-link\" data-tracking-client-ingraph data-tracking-control-name=\"public_jobs_jserp-result_job-search-card-subtitle\" data-tracking-will-navigate href=\"https:\/\/ch.linkedin.com\/company\/jti?trk=public_jobs_jserp-result_job-search-card-subtitle\"><br \/>\n            JTI<br \/>\n          <\/a><\/p>\n<\/h4>\n<p><!----><\/p>\n<div class=\"base-search-card__metadata\">\n<p>          <span class=\"job-search-card__location\"><br \/>\n            Ribeir\u00e3o Preto, S\u00e3o Paulo, Brazil<br \/>\n          <\/span><\/p>\n<div class=\"job-posting-benefits text-sm\">\n        <icon class=\"job-posting-benefits__icon\" data-delayed-url=\"https:\/\/static.licdn.com\/aero-v1\/sc\/h\/3p1v0uhy7uq0cm5zdvzp4eo18\" data-svg-class-name=\"job-posting-benefits__icon-svg\"><\/icon><br \/>\n        <span class=\"job-posting-benefits__text\"><br \/>\n          Actively Hiring<br \/>\n<!---->        <\/span>\n      <\/div>\n<p>          <time class=\"job-search-card__listdate\" datetime=\"2024-11-19\"><\/p>\n<p>      5 days ago<\/p>\n<p>          <\/time><\/p>\n<p><!---->\n            <\/div>\n<\/p><\/div>\n<p><!---->      <\/p><\/div>\n<\/li>\n<li>\n<div class=\"base-card relative w-full hover:no-underline focus:no-underline base-card--link base-search-card base-search-card--link job-search-card\" data-entity-urn=\"urn:li:jobPosting:4009386889\" data-impression-id=\"jobs-search-desktop-10\" data-reference-id=\"6Kj4cQ1N4AfmrK7gB36Uxg==\" data-tracking-id=\"wFDtDMIFp7CGcaUp7vURbA==\" data-column=\"1\" data-row=\"11\">\n<p>        <a class=\"base-card__full-link absolute top-0 right-0 bottom-0 left-0 p-0 z-[2]\" href=\"https:\/\/br.linkedin.com\/jobs\/view\/assistente-de-log%C3%ADstica-at-makfil-4009386889?position=11&amp;pageNum=0&amp;refId=6Kj4cQ1N4AfmrK7gB36Uxg%3D%3D&amp;trackingId=wFDtDMIFp7CGcaUp7vURbA%3D%3D\" data-tracking-control-name=\"public_jobs_jserp-result_search-card\" data-tracking-client-ingraph data-tracking-will-navigate><\/p>\n<p>          <span class=\"sr-only\"><\/p>\n<p>        Assistente de Log\u00edstica<\/p>\n<p>          <\/span><br \/>\n        <\/a><\/p>\n<div class=\"search-entity-media\">\n<p>      <img class=\"artdeco-entity-image artdeco-entity-image--square-4\n          \" data-delayed-url=\"https:\/\/media.licdn.com\/dms\/image\/v2\/C4D0BAQGqaZcPFYyIeg\/company-logo_100_100\/company-logo_100_100\/0\/1674471161145\/makfiloficial_logo?e=2147483647&amp;v=beta&amp;t=1NfM87nLOfthWcmcvQrPzbjLwJRBCSbWG0rWkhb7rZQ\" data-ghost-classes=\"artdeco-entity-image--ghost\" data-ghost-url=\"https:\/\/static.licdn.com\/aero-v1\/sc\/h\/6puxblwmhnodu6fjircz4dn4h\" alt><\/p><\/div>\n<div class=\"base-search-card__info\">\n<h3 class=\"base-search-card__title\">\n<p>        Assistente de Log\u00edstica<\/p>\n<\/h3>\n<h4 class=\"base-search-card__subtitle\">\n<p>          <a class=\"hidden-nested-link\" data-tracking-client-ingraph data-tracking-control-name=\"public_jobs_jserp-result_job-search-card-subtitle\" data-tracking-will-navigate href=\"https:\/\/br.linkedin.com\/company\/makfiloficial?trk=public_jobs_jserp-result_job-search-card-subtitle\"><br \/>\n            Makfil<br \/>\n          <\/a><\/p>\n<\/h4>\n<p><!----><\/p>\n<div class=\"base-search-card__metadata\">\n<p>          <span class=\"job-search-card__location\"><br \/>\n            Ribeir\u00e3o Preto, S\u00e3o Paulo, Brazil<br \/>\n          <\/span><\/p>\n<p><!---->  <\/p>\n<p>          <time class=\"job-search-card__listdate\" datetime=\"2024-08-28\"><\/p>\n<p>      2 months ago<\/p>\n<p>          <\/time><\/p>\n<p><!---->\n            <\/div>\n<\/p><\/div>\n<p><!---->      <\/p><\/div>\n<\/li>\n<li>\n<div class=\"base-card relative w-full hover:no-underline focus:no-underline base-card--link base-search-card base-search-card--link job-search-card\" data-entity-urn=\"urn:li:jobPosting:4078094572\" data-impression-id=\"jobs-search-desktop-11\" data-reference-id=\"6Kj4cQ1N4AfmrK7gB36Uxg==\" data-tracking-id=\"g9EHODETcBiov5OG8aMSjw==\" data-column=\"1\" data-row=\"12\">\n<p>        <a class=\"base-card__full-link absolute top-0 right-0 bottom-0 left-0 p-0 z-[2]\" href=\"https:\/\/br.linkedin.com\/jobs\/view\/conferente-logistica-cd-ribeir%C3%A3o-sp-at-rd-sa%C3%BAde-4078094572?position=12&amp;pageNum=0&amp;refId=6Kj4cQ1N4AfmrK7gB36Uxg%3D%3D&amp;trackingId=g9EHODETcBiov5OG8aMSjw%3D%3D\" data-tracking-control-name=\"public_jobs_jserp-result_search-card\" data-tracking-client-ingraph data-tracking-will-navigate><\/p>\n<p>          <span class=\"sr-only\"><\/p>\n<p>        Conferente Logistica &#8211; CD RIBEIR\u00c3O\/SP<\/p>\n<p>          <\/span><br \/>\n        <\/a><\/p>\n<div class=\"search-entity-media\">\n<p>      <img class=\"artdeco-entity-image artdeco-entity-image--square-4\n          \" data-delayed-url=\"https:\/\/media.licdn.com\/dms\/image\/v2\/D4D0BAQEDHD-82rSbgA\/company-logo_100_100\/company-logo_100_100\/0\/1720039549617\/rdsaudeoficial_logo?e=2147483647&amp;v=beta&amp;t=RabLhxnT2PaQQZNCSXipkNTtv2HhNmdb1Pm72ej5m_Y\" data-ghost-classes=\"artdeco-entity-image--ghost\" data-ghost-url=\"https:\/\/static.licdn.com\/aero-v1\/sc\/h\/6puxblwmhnodu6fjircz4dn4h\" alt><\/p><\/div>\n<div class=\"base-search-card__info\">\n<h3 class=\"base-search-card__title\">\n<p>        Conferente Logistica &#8211; CD RIBEIR\u00c3O\/SP<\/p>\n<\/h3>\n<h4 class=\"base-search-card__subtitle\">\n<p>          <a class=\"hidden-nested-link\" data-tracking-client-ingraph data-tracking-control-name=\"public_jobs_jserp-result_job-search-card-subtitle\" data-tracking-will-navigate href=\"https:\/\/br.linkedin.com\/company\/rdsaudeoficial?trk=public_jobs_jserp-result_job-search-card-subtitle\"><br \/>\n            RD Sa\u00fade<br \/>\n          <\/a><\/p>\n<\/h4>\n<p><!----><\/p>\n<div class=\"base-search-card__metadata\">\n<p>          <span class=\"job-search-card__location\"><br \/>\n            Ribeir\u00e3o Preto, S\u00e3o Paulo, Brazil<br \/>\n          <\/span><\/p>\n<div class=\"job-posting-benefits text-sm\">\n        <icon class=\"job-posting-benefits__icon\" data-delayed-url=\"https:\/\/static.licdn.com\/aero-v1\/sc\/h\/8zmuwb93gzlb935fk4ao4z779\" data-svg-class-name=\"job-posting-benefits__icon-svg\"><\/icon><br \/>\n        <span class=\"job-posting-benefits__text\"><br \/>\n          Be an early applicant<br \/>\n<!---->        <\/span>\n      <\/div>\n<p>          <time class=\"job-search-card__listdate\" datetime=\"2024-11-19\"><\/p>\n<p>      5 days ago<\/p>\n<p>          <\/time><\/p>\n<p><!---->\n            <\/div>\n<\/p><\/div>\n<p><!---->      <\/p><\/div>\n<\/li>\n<li>\n<div class=\"base-card relative w-full hover:no-underline focus:no-underline base-card--link base-search-card base-search-card--link job-search-card\" data-entity-urn=\"urn:li:jobPosting:4075722425\" data-impression-id=\"jobs-search-desktop-12\" data-reference-id=\"6Kj4cQ1N4AfmrK7gB36Uxg==\" data-tracking-id=\"mH7BUJoJxQgpQNjsGFZrtw==\" data-column=\"1\" data-row=\"13\">\n<p>        <a class=\"base-card__full-link absolute top-0 right-0 bottom-0 left-0 p-0 z-[2]\" href=\"https:\/\/br.linkedin.com\/jobs\/view\/auxiliar-de-logistica-at-conceito-locadora-4075722425?position=13&amp;pageNum=0&amp;refId=6Kj4cQ1N4AfmrK7gB36Uxg%3D%3D&amp;trackingId=mH7BUJoJxQgpQNjsGFZrtw%3D%3D\" data-tracking-control-name=\"public_jobs_jserp-result_search-card\" data-tracking-client-ingraph data-tracking-will-navigate><\/p>\n<p>          <span class=\"sr-only\"><\/p>\n<p>        AUXILIAR DE LOGISTICA<\/p>\n<p>          <\/span><br \/>\n        <\/a><\/p>\n<div class=\"search-entity-media\">\n<p>      <img class=\"artdeco-entity-image artdeco-entity-image--square-4\n          \" data-delayed-url=\"https:\/\/media.licdn.com\/dms\/image\/v2\/D4D0BAQEFb2jh8iZxkQ\/company-logo_100_100\/company-logo_100_100\/0\/1709636611779\/conceito_locadora_logo?e=2147483647&amp;v=beta&amp;t=9KO54sRsSpU0ttYVCuTi_5q-AyNZwndTF7WOTmb7uLY\" data-ghost-classes=\"artdeco-entity-image--ghost\" data-ghost-url=\"https:\/\/static.licdn.com\/aero-v1\/sc\/h\/6puxblwmhnodu6fjircz4dn4h\" alt><\/p><\/div>\n<div class=\"base-search-card__info\">\n<h3 class=\"base-search-card__title\">\n<p>        AUXILIAR DE LOGISTICA<\/p>\n<\/h3>\n<h4 class=\"base-search-card__subtitle\">\n<p>          <a class=\"hidden-nested-link\" data-tracking-client-ingraph data-tracking-control-name=\"public_jobs_jserp-result_job-search-card-subtitle\" data-tracking-will-navigate href=\"https:\/\/br.linkedin.com\/company\/conceito-locadora?trk=public_jobs_jserp-result_job-search-card-subtitle\"><br \/>\n            Conceito Locadora<br \/>\n          <\/a><\/p>\n<\/h4>\n<p><!----><\/p>\n<div class=\"base-search-card__metadata\">\n<p>          <span class=\"job-search-card__location\"><br \/>\n            Ribeir\u00e3o Preto, S\u00e3o Paulo, Brazil<br \/>\n          <\/span><\/p>\n<div class=\"job-posting-benefits text-sm\">\n        <icon class=\"job-posting-benefits__icon\" data-delayed-url=\"https:\/\/static.licdn.com\/aero-v1\/sc\/h\/8zmuwb93gzlb935fk4ao4z779\" data-svg-class-name=\"job-posting-benefits__icon-svg\"><\/icon><br \/>\n        <span class=\"job-posting-benefits__text\"><br \/>\n          Be an early applicant<br \/>\n<!---->        <\/span>\n      <\/div>\n<p>          <time class=\"job-search-card__listdate\" datetime=\"2024-11-13\"><\/p>\n<p>      1 week ago<\/p>\n<p>          <\/time><\/p>\n<p><!---->\n            <\/div>\n<\/p><\/div>\n<p><!---->      <\/p><\/div>\n<\/li>\n<li>\n<div class=\"base-card relative w-full hover:no-underline focus:no-underline base-card--link base-search-card base-search-card--link job-search-card\" data-entity-urn=\"urn:li:jobPosting:4077695085\" data-impression-id=\"jobs-search-desktop-13\" data-reference-id=\"6Kj4cQ1N4AfmrK7gB36Uxg==\" data-tracking-id=\"xdst17E04RezUDjT7fTdsw==\" data-column=\"1\" data-row=\"14\">\n<p>        <a class=\"base-card__full-link absolute top-0 right-0 bottom-0 left-0 p-0 z-[2]\" href=\"https:\/\/br.linkedin.com\/jobs\/view\/assistente-log%C3%ADstica-customer-service-at-santa-helena-ind%C3%BAstria-de-alimentos-s-a-4077695085?position=14&amp;pageNum=0&amp;refId=6Kj4cQ1N4AfmrK7gB36Uxg%3D%3D&amp;trackingId=xdst17E04RezUDjT7fTdsw%3D%3D\" data-tracking-control-name=\"public_jobs_jserp-result_search-card\" data-tracking-client-ingraph data-tracking-will-navigate><\/p>\n<p>          <span class=\"sr-only\"><\/p>\n<p>        Assistente Log\u00edstica &#8211; Customer Service<\/p>\n<p>          <\/span><br \/>\n        <\/a><\/p>\n<div class=\"search-entity-media\">\n<p>      <img class=\"artdeco-entity-image artdeco-entity-image--square-4\n          \" data-delayed-url=\"https:\/\/media.licdn.com\/dms\/image\/v2\/D4D0BAQGzRVkAmxs2tQ\/company-logo_100_100\/company-logo_100_100\/0\/1732286800864\/santahelenaalimentos_logo?e=2147483647&amp;v=beta&amp;t=ZFrxvXBmXmcssuZxknB-Fk3RSZq9XsoRfGPwAIeGMwM\" data-ghost-classes=\"artdeco-entity-image--ghost\" data-ghost-url=\"https:\/\/static.licdn.com\/aero-v1\/sc\/h\/6puxblwmhnodu6fjircz4dn4h\" alt><\/p><\/div>\n<div class=\"base-search-card__info\">\n<h3 class=\"base-search-card__title\">\n<p>        Assistente Log\u00edstica &#8211; Customer Service<\/p>\n<\/h3>\n<h4 class=\"base-search-card__subtitle\">\n<p>          <a class=\"hidden-nested-link\" data-tracking-client-ingraph data-tracking-control-name=\"public_jobs_jserp-result_job-search-card-subtitle\" data-tracking-will-navigate href=\"https:\/\/br.linkedin.com\/company\/santahelenaalimentos?trk=public_jobs_jserp-result_job-search-card-subtitle\"><br \/>\n            Santa Helena Ind\u00fastria de Alimentos S\/A<br \/>\n          <\/a><\/p>\n<\/h4>\n<p><!----><\/p>\n<div class=\"base-search-card__metadata\">\n<p>          <span class=\"job-search-card__location\"><br \/>\n            Ribeir\u00e3o Preto, S\u00e3o Paulo, Brazil<br \/>\n          <\/span><\/p>\n<p><!---->  <\/p>\n<p>          <time class=\"job-search-card__listdate\" datetime=\"2024-11-19\"><\/p>\n<p>      6 days ago<\/p>\n<p>          <\/time><\/p>\n<p><!---->\n            <\/div>\n<\/p><\/div>\n<p><!---->      <\/p><\/div>\n<\/li>\n<li>\n<div class=\"base-card relative w-full hover:no-underline focus:no-underline base-card--link base-search-card base-search-card--link job-search-card\" data-entity-urn=\"urn:li:jobPosting:4059744420\" data-impression-id=\"jobs-search-desktop-14\" data-reference-id=\"6Kj4cQ1N4AfmrK7gB36Uxg==\" data-tracking-id=\"y2wNBiVnWc49E80mA9LLgQ==\" data-column=\"1\" data-row=\"15\">\n<p>        <a class=\"base-card__full-link absolute top-0 right-0 bottom-0 left-0 p-0 z-[2]\" href=\"https:\/\/br.linkedin.com\/jobs\/view\/assistente-de-log%C3%ADstica-at-inova-metais-importacao-e-exportacao-4059744420?position=15&amp;pageNum=0&amp;refId=6Kj4cQ1N4AfmrK7gB36Uxg%3D%3D&amp;trackingId=y2wNBiVnWc49E80mA9LLgQ%3D%3D\" data-tracking-control-name=\"public_jobs_jserp-result_search-card\" data-tracking-client-ingraph data-tracking-will-navigate><\/p>\n<p>          <span class=\"sr-only\"><\/p>\n<p>        Assistente de Log\u00edstica<\/p>\n<p>          <\/span><br \/>\n        <\/a><\/p>\n<div class=\"search-entity-media\">\n<p>      <img class=\"artdeco-entity-image artdeco-entity-image--square-4\n          \" data-delayed-url=\"https:\/\/media.licdn.com\/dms\/image\/v2\/C560BAQEkOCgNNmlfRw\/company-logo_100_100\/company-logo_100_100\/0\/1630669420025?e=2147483647&amp;v=beta&amp;t=S6exKaxVGgnzl2bCFYxFxN1wUlXQ6MVyozJEIsAyuOE\" data-ghost-classes=\"artdeco-entity-image--ghost\" data-ghost-url=\"https:\/\/static.licdn.com\/aero-v1\/sc\/h\/6puxblwmhnodu6fjircz4dn4h\" alt><\/p><\/div>\n<div class=\"base-search-card__info\">\n<h3 class=\"base-search-card__title\">\n<p>        Assistente de Log\u00edstica<\/p>\n<\/h3>\n<h4 class=\"base-search-card__subtitle\">\n<p>          <a class=\"hidden-nested-link\" data-tracking-client-ingraph data-tracking-control-name=\"public_jobs_jserp-result_job-search-card-subtitle\" data-tracking-will-navigate href=\"https:\/\/br.linkedin.com\/company\/inovametais?trk=public_jobs_jserp-result_job-search-card-subtitle\"><br \/>\n            INOVA METAIS IMPORTACAO E EXPORTACAO<br \/>\n          <\/a><\/p>\n<\/h4>\n<p><!----><\/p>\n<div class=\"base-search-card__metadata\">\n<p>          <span class=\"job-search-card__location\"><br \/>\n            Ribeir\u00e3o Preto, S\u00e3o Paulo, Brazil<br \/>\n          <\/span><\/p>\n<p><!---->  <\/p>\n<p>          <time class=\"job-search-card__listdate\" datetime=\"2024-10-26\"><\/p>\n<p>      1 month ago<\/p>\n<p>          <\/time><\/p>\n<p><!---->\n            <\/div>\n<\/p><\/div>\n<p><!---->      <\/p><\/div>\n<\/li>\n<li>\n<div class=\"base-card relative w-full hover:no-underline focus:no-underline base-card--link base-search-card base-search-card--link job-search-card\" data-entity-urn=\"urn:li:jobPosting:4072226642\" data-impression-id=\"jobs-search-desktop-15\" data-reference-id=\"6Kj4cQ1N4AfmrK7gB36Uxg==\" data-tracking-id=\"5oixbWa1J6S9YFgOZt\/rQg==\" data-column=\"1\" data-row=\"16\">\n<p>        <a class=\"base-card__full-link absolute top-0 right-0 bottom-0 left-0 p-0 z-[2]\" href=\"https:\/\/br.linkedin.com\/jobs\/view\/assistente-log%C3%ADstica-ribeir%C3%A3o-preto-sp-at-nutrien-solu%C3%A7%C3%B5es-agr%C3%ADcolas-4072226642?position=16&amp;pageNum=0&amp;refId=6Kj4cQ1N4AfmrK7gB36Uxg%3D%3D&amp;trackingId=5oixbWa1J6S9YFgOZt%2FrQg%3D%3D\" data-tracking-control-name=\"public_jobs_jserp-result_search-card\" data-tracking-client-ingraph data-tracking-will-navigate><\/p>\n<p>          <span class=\"sr-only\"><\/p>\n<p>        Assistente Log\u00edstica (Ribeir\u00e3o Preto\/SP)<\/p>\n<p>          <\/span><br \/>\n        <\/a><\/p>\n<div class=\"search-entity-media\">\n<p>      <img class=\"artdeco-entity-image artdeco-entity-image--square-4\n          \" data-delayed-url=\"https:\/\/media.licdn.com\/dms\/image\/v2\/D4D0BAQHR_zRjmi2CzQ\/company-logo_100_100\/company-logo_100_100\/0\/1722623828664\/nutrienbr_logo?e=2147483647&amp;v=beta&amp;t=qoP5xcI8LZ3vNaDB8VrWHILuhYacHHC7mndI-ZKpxkA\" data-ghost-classes=\"artdeco-entity-image--ghost\" data-ghost-url=\"https:\/\/static.licdn.com\/aero-v1\/sc\/h\/6puxblwmhnodu6fjircz4dn4h\" alt><\/p><\/div>\n<div class=\"base-search-card__info\">\n<h3 class=\"base-search-card__title\">\n<p>        Assistente Log\u00edstica (Ribeir\u00e3o Preto\/SP)<\/p>\n<\/h3>\n<h4 class=\"base-search-card__subtitle\">\n<p>          <a class=\"hidden-nested-link\" data-tracking-client-ingraph data-tracking-control-name=\"public_jobs_jserp-result_job-search-card-subtitle\" data-tracking-will-navigate href=\"https:\/\/br.linkedin.com\/company\/nutrienbr?trk=public_jobs_jserp-result_job-search-card-subtitle\"><br \/>\n            Nutrien Solu\u00e7\u00f5es Agr\u00edcolas<br \/>\n          <\/a><\/p>\n<\/h4>\n<p><!----><\/p>\n<div class=\"base-search-card__metadata\">\n<p>          <span class=\"job-search-card__location\"><br \/>\n            Ribeir\u00e3o Preto, S\u00e3o Paulo, Brazil<br \/>\n          <\/span><\/p>\n<p><!---->  <\/p>\n<p>          <time class=\"job-search-card__listdate\" datetime=\"2024-11-19\"><\/p>\n<p>      6 days ago<\/p>\n<p>          <\/time><\/p>\n<p><!---->\n            <\/div>\n<\/p><\/div>\n<p><!---->      <\/p><\/div>\n<\/li>\n<li>\n<div class=\"base-card relative w-full hover:no-underline focus:no-underline base-card--link base-search-card base-search-card--link job-search-card\" data-entity-urn=\"urn:li:jobPosting:4027805996\" data-impression-id=\"jobs-search-desktop-16\" data-reference-id=\"6Kj4cQ1N4AfmrK7gB36Uxg==\" data-tracking-id=\"aXuc7X0b7rab4T1f3g4TQg==\" data-column=\"1\" data-row=\"17\">\n<p>        <a class=\"base-card__full-link absolute top-0 right-0 bottom-0 left-0 p-0 z-[2]\" href=\"https:\/\/br.linkedin.com\/jobs\/view\/sp-ribeir%C3%A3o-preto-auxiliar-de-log%C3%ADstica-at-grupo-los-4027805996?position=17&amp;pageNum=0&amp;refId=6Kj4cQ1N4AfmrK7gB36Uxg%3D%3D&amp;trackingId=aXuc7X0b7rab4T1f3g4TQg%3D%3D\" data-tracking-control-name=\"public_jobs_jserp-result_search-card\" data-tracking-client-ingraph data-tracking-will-navigate><\/p>\n<p>          <span class=\"sr-only\"><\/p>\n<p>        SP &#8211; Ribeir\u00e3o Preto | Auxiliar de log\u00edstica<\/p>\n<p>          <\/span><br \/>\n        <\/a><\/p>\n<div class=\"search-entity-media\">\n<p>      <img class=\"artdeco-entity-image artdeco-entity-image--square-4\n          \" data-delayed-url=\"https:\/\/media.licdn.com\/dms\/image\/v2\/D4D0BAQFsL_Gt5RG5vQ\/company-logo_100_100\/company-logo_100_100\/0\/1701440111296\/grupolostransportes_logo?e=2147483647&amp;v=beta&amp;t=jfg1fmJgZhGRrcDJX21NOnwz4eU2qGy63LUSpQSQiSU\" data-ghost-classes=\"artdeco-entity-image--ghost\" data-ghost-url=\"https:\/\/static.licdn.com\/aero-v1\/sc\/h\/6puxblwmhnodu6fjircz4dn4h\" alt><\/p><\/div>\n<div class=\"base-search-card__info\">\n<h3 class=\"base-search-card__title\">\n<p>        SP &#8211; Ribeir\u00e3o Preto | Auxiliar de log\u00edstica<\/p>\n<\/h3>\n<h4 class=\"base-search-card__subtitle\">\n<p>          <a class=\"hidden-nested-link\" data-tracking-client-ingraph data-tracking-control-name=\"public_jobs_jserp-result_job-search-card-subtitle\" data-tracking-will-navigate href=\"https:\/\/br.linkedin.com\/company\/grupolostransportes?trk=public_jobs_jserp-result_job-search-card-subtitle\"><br \/>\n            Grupo LOS<br \/>\n          <\/a><\/p>\n<\/h4>\n<p><!----><\/p>\n<div class=\"base-search-card__metadata\">\n<p>          <span class=\"job-search-card__location\"><br \/>\n            Ribeir\u00e3o Preto, S\u00e3o Paulo, Brazil<br \/>\n          <\/span><\/p>\n<p><!---->  <\/p>\n<p>          <time class=\"job-search-card__listdate\" datetime=\"2024-09-18\"><\/p>\n<p>      2 months ago<\/p>\n<p>          <\/time><\/p>\n<p><!---->\n            <\/div>\n<\/p><\/div>\n<p><!---->      <\/p><\/div>\n<\/li>\n<li>\n<div class=\"base-card relative w-full hover:no-underline focus:no-underline base-card--link base-search-card base-search-card--link job-search-card\" data-entity-urn=\"urn:li:jobPosting:4052947270\" data-impression-id=\"jobs-search-desktop-17\" data-reference-id=\"6Kj4cQ1N4AfmrK7gB36Uxg==\" data-tracking-id=\"4mDhFMriM+XbhqOkWZSlvQ==\" data-column=\"1\" data-row=\"18\">\n<p>        <a class=\"base-card__full-link absolute top-0 right-0 bottom-0 left-0 p-0 z-[2]\" href=\"https:\/\/br.linkedin.com\/jobs\/view\/assistente-de-log%C3%ADstica-at-makfil-4052947270?position=18&amp;pageNum=0&amp;refId=6Kj4cQ1N4AfmrK7gB36Uxg%3D%3D&amp;trackingId=4mDhFMriM%2BXbhqOkWZSlvQ%3D%3D\" data-tracking-control-name=\"public_jobs_jserp-result_search-card\" data-tracking-client-ingraph data-tracking-will-navigate><\/p>\n<p>          <span class=\"sr-only\"><\/p>\n<p>        Assistente de Log\u00edstica<\/p>\n<p>          <\/span><br \/>\n        <\/a><\/p>\n<div class=\"search-entity-media\">\n<p>      <img class=\"artdeco-entity-image artdeco-entity-image--square-4\n          \" data-delayed-url=\"https:\/\/media.licdn.com\/dms\/image\/v2\/C4D0BAQGqaZcPFYyIeg\/company-logo_100_100\/company-logo_100_100\/0\/1674471161145\/makfiloficial_logo?e=2147483647&amp;v=beta&amp;t=1NfM87nLOfthWcmcvQrPzbjLwJRBCSbWG0rWkhb7rZQ\" data-ghost-classes=\"artdeco-entity-image--ghost\" data-ghost-url=\"https:\/\/static.licdn.com\/aero-v1\/sc\/h\/6puxblwmhnodu6fjircz4dn4h\" alt><\/p><\/div>\n<div class=\"base-search-card__info\">\n<h3 class=\"base-search-card__title\">\n<p>        Assistente de Log\u00edstica<\/p>\n<\/h3>\n<h4 class=\"base-search-card__subtitle\">\n<p>          <a class=\"hidden-nested-link\" data-tracking-client-ingraph data-tracking-control-name=\"public_jobs_jserp-result_job-search-card-subtitle\" data-tracking-will-navigate href=\"https:\/\/br.linkedin.com\/company\/makfiloficial?trk=public_jobs_jserp-result_job-search-card-subtitle\"><br \/>\n            Makfil<br \/>\n          <\/a><\/p>\n<\/h4>\n<p><!----><\/p>\n<div class=\"base-search-card__metadata\">\n<p>          <span class=\"job-search-card__location\"><br \/>\n            Greater Ribeir\u00e3o Preto<br \/>\n          <\/span><\/p>\n<p><!---->  <\/p>\n<p>          <time class=\"job-search-card__listdate\" datetime=\"2024-10-18\"><\/p>\n<p>      1 month ago<\/p>\n<p>          <\/time><\/p>\n<p><!---->\n            <\/div>\n<\/p><\/div>\n<p><!---->      <\/p><\/div>\n<\/li>\n<li>\n<p>      <a href=\"https:\/\/br.linkedin.com\/jobs\/view\/analista-de-estoque-4048944943?position=19&amp;pageNum=0&amp;refId=6Kj4cQ1N4AfmrK7gB36Uxg%3D%3D&amp;trackingId=cJ%2F1Wr4WJdTmtJIamvnkNA%3D%3D&amp;trk=public_jobs_jserp-result_search-card\" target=\"_self\" data-impression-id=\"jobs-search-desktop-18\" data-tracking-control-name=\"public_jobs_jserp-result_search-card\" data-tracking-will-navigate class=\"base-card relative w-full hover:no-underline focus:no-underline base-card--link base-search-card base-search-card--link job-search-card\" data-tracking-client-ingraph data-entity-urn=\"urn:li:jobPosting:4048944943\" data-reference-id=\"6Kj4cQ1N4AfmrK7gB36Uxg==\" data-tracking-id=\"cJ\/1Wr4WJdTmtJIamvnkNA==\" data-column=\"1\" data-row=\"19\"><\/p>\n<p><!----><\/p>\n<div class=\"search-entity-media\">\n<p>      <img class=\"artdeco-entity-image artdeco-entity-image--square-4\n          artdeco-entity-image--ghost\" data-delayed-url=\"https:\/\/static.licdn.com\/aero-v1\/sc\/h\/6puxblwmhnodu6fjircz4dn4h\" data-ghost-classes=\"artdeco-entity-image--ghost\" data-ghost-url=\"https:\/\/static.licdn.com\/aero-v1\/sc\/h\/6puxblwmhnodu6fjircz4dn4h\" alt><\/p><\/div>\n<div class=\"base-search-card__info\">\n<h3 class=\"base-search-card__title\">\n<p>        Analista de Estoque<\/p>\n<\/h3>\n<h4 class=\"base-search-card__subtitle\">\n<p>          SUPERFRIO ARMAZ\u00c9NS GERAIS<\/p>\n<\/h4>\n<p><!----><\/p>\n<div class=\"base-search-card__metadata\">\n<p>          <span class=\"job-search-card__location\"><br \/>\n            Ribeir\u00e3o Preto, S\u00e3o Paulo, Brazil<br \/>\n          <\/span><\/p>\n<div class=\"job-posting-benefits text-sm\">\n        <icon class=\"job-posting-benefits__icon\" data-delayed-url=\"https:\/\/static.licdn.com\/aero-v1\/sc\/h\/8zmuwb93gzlb935fk4ao4z779\" data-svg-class-name=\"job-posting-benefits__icon-svg\"><\/icon><br \/>\n        <span class=\"job-posting-benefits__text\"><br \/>\n          Be an early applicant<br \/>\n<!---->        <\/span>\n      <\/div>\n<p>          <time class=\"job-search-card__listdate\" datetime=\"2024-10-11\"><\/p>\n<p>      1 month ago<\/p>\n<p>          <\/time><\/p>\n<p><!---->\n            <\/div>\n<\/p><\/div>\n<p><!---->      <\/p>\n<p>      <\/a><\/p>\n<\/li>\n<li>\n<div class=\"base-card relative w-full hover:no-underline focus:no-underline base-card--link base-search-card base-search-card--link job-search-card\" data-entity-urn=\"urn:li:jobPosting:4081731611\" data-impression-id=\"jobs-search-desktop-19\" data-reference-id=\"6Kj4cQ1N4AfmrK7gB36Uxg==\" data-tracking-id=\"cjvKWkHSzrpM1xqdE0bi\/Q==\" data-column=\"1\" data-row=\"20\">\n<p>        <a class=\"base-card__full-link absolute top-0 right-0 bottom-0 left-0 p-0 z-[2]\" href=\"https:\/\/br.linkedin.com\/jobs\/view\/pulmer-recepcionista-rib-preto-sp-at-braveo-4081731611?position=20&amp;pageNum=0&amp;refId=6Kj4cQ1N4AfmrK7gB36Uxg%3D%3D&amp;trackingId=cjvKWkHSzrpM1xqdE0bi%2FQ%3D%3D\" data-tracking-control-name=\"public_jobs_jserp-result_search-card\" data-tracking-client-ingraph data-tracking-will-navigate><\/p>\n<p>          <span class=\"sr-only\"><\/p>\n<p>        Pulmer- Recepcionista- Rib. Preto\/SP<\/p>\n<p>          <\/span><br \/>\n        <\/a><\/p>\n<div class=\"search-entity-media\">\n<p>      <img class=\"artdeco-entity-image artdeco-entity-image--square-4\n          \" data-delayed-url=\"https:\/\/media.licdn.com\/dms\/image\/v2\/C4D0BAQG1Blb0DH8aBw\/company-logo_100_100\/company-logo_100_100\/0\/1645466665527?e=2147483647&amp;v=beta&amp;t=W-jtZIDKABWqY_PNGeLzAzRs3h4lxOKPu7xzBtdvsHs\" data-ghost-classes=\"artdeco-entity-image--ghost\" data-ghost-url=\"https:\/\/static.licdn.com\/aero-v1\/sc\/h\/6puxblwmhnodu6fjircz4dn4h\" alt><\/p><\/div>\n<div class=\"base-search-card__info\">\n<h3 class=\"base-search-card__title\">\n<p>        Pulmer- Recepcionista- Rib. Preto\/SP<\/p>\n<\/h3>\n<h4 class=\"base-search-card__subtitle\">\n<p>          <a class=\"hidden-nested-link\" data-tracking-client-ingraph data-tracking-control-name=\"public_jobs_jserp-result_job-search-card-subtitle\" data-tracking-will-navigate href=\"https:\/\/br.linkedin.com\/company\/braveo-oficial?trk=public_jobs_jserp-result_job-search-card-subtitle\"><br \/>\n            Braveo<br \/>\n          <\/a><\/p>\n<\/h4>\n<p><!----><\/p>\n<div class=\"base-search-card__metadata\">\n<p>          <span class=\"job-search-card__location\"><br \/>\n            Ribeir\u00e3o Preto, S\u00e3o Paulo, Brazil<br \/>\n          <\/span><\/p>\n<p><!---->  <\/p>\n<p>          <time class=\"job-search-card__listdate\" datetime=\"2024-11-23\"><\/p>\n<p>      2 days ago<\/p>\n<p>          <\/time><\/p>\n<p><!---->\n            <\/div>\n<\/p><\/div>\n<p><!---->      <\/p><\/div>\n<\/li>\n<li>\n<div class=\"base-card relative w-full hover:no-underline focus:no-underline base-card--link base-search-card base-search-card--link job-search-card\" data-entity-urn=\"urn:li:jobPosting:4006443802\" data-impression-id=\"jobs-search-desktop-20\" data-reference-id=\"6Kj4cQ1N4AfmrK7gB36Uxg==\" data-tracking-id=\"Pfi9nKzV9mx\/f0VH59LOxA==\" data-column=\"1\" data-row=\"21\">\n<p>        <a class=\"base-card__full-link absolute top-0 right-0 bottom-0 left-0 p-0 z-[2]\" href=\"https:\/\/br.linkedin.com\/jobs\/view\/assistente-de-log%C3%ADstica-at-makfil-4006443802?position=21&amp;pageNum=0&amp;refId=6Kj4cQ1N4AfmrK7gB36Uxg%3D%3D&amp;trackingId=Pfi9nKzV9mx%2Ff0VH59LOxA%3D%3D\" data-tracking-control-name=\"public_jobs_jserp-result_search-card\" data-tracking-client-ingraph data-tracking-will-navigate><\/p>\n<p>          <span class=\"sr-only\"><\/p>\n<p>        Assistente de Log\u00edstica<\/p>\n<p>          <\/span><br \/>\n        <\/a><\/p>\n<div class=\"search-entity-media\">\n<p>      <img class=\"artdeco-entity-image artdeco-entity-image--square-4\n          \" data-delayed-url=\"https:\/\/media.licdn.com\/dms\/image\/v2\/C4D0BAQGqaZcPFYyIeg\/company-logo_100_100\/company-logo_100_100\/0\/1674471161145\/makfiloficial_logo?e=2147483647&amp;v=beta&amp;t=1NfM87nLOfthWcmcvQrPzbjLwJRBCSbWG0rWkhb7rZQ\" data-ghost-classes=\"artdeco-entity-image--ghost\" data-ghost-url=\"https:\/\/static.licdn.com\/aero-v1\/sc\/h\/6puxblwmhnodu6fjircz4dn4h\" alt><\/p><\/div>\n<div class=\"base-search-card__info\">\n<h3 class=\"base-search-card__title\">\n<p>        Assistente de Log\u00edstica<\/p>\n<\/h3>\n<h4 class=\"base-search-card__subtitle\">\n<p>          <a class=\"hidden-nested-link\" data-tracking-client-ingraph data-tracking-control-name=\"public_jobs_jserp-result_job-search-card-subtitle\" data-tracking-will-navigate href=\"https:\/\/br.linkedin.com\/company\/makfiloficial?trk=public_jobs_jserp-result_job-search-card-subtitle\"><br \/>\n            Makfil<br \/>\n          <\/a><\/p>\n<\/h4>\n<p><!----><\/p>\n<div class=\"base-search-card__metadata\">\n<p>          <span class=\"job-search-card__location\"><br \/>\n            Greater Ribeir\u00e3o Preto<br \/>\n          <\/span><\/p>\n<p><!---->  <\/p>\n<p>          <time class=\"job-search-card__listdate\" datetime=\"2024-08-23\"><\/p>\n<p>      3 months ago<\/p>\n<p>          <\/time><\/p>\n<p><!---->\n            <\/div>\n<\/p><\/div>\n<p><!---->      <\/p><\/div>\n<\/li>\n<li>\n<div class=\"base-card relative w-full hover:no-underline focus:no-underline base-card--link base-search-card base-search-card--link job-search-card\" data-entity-urn=\"urn:li:jobPosting:4071089420\" data-impression-id=\"jobs-search-desktop-21\" data-reference-id=\"6Kj4cQ1N4AfmrK7gB36Uxg==\" data-tracking-id=\"YE+TG8g4QXAj1EkPaFxNTA==\" data-column=\"1\" data-row=\"22\">\n<p>        <a class=\"base-card__full-link absolute top-0 right-0 bottom-0 left-0 p-0 z-[2]\" href=\"https:\/\/br.linkedin.com\/jobs\/view\/operador-log%C3%ADstico-at-goop-distribuidora-automotiva-4071089420?position=22&amp;pageNum=0&amp;refId=6Kj4cQ1N4AfmrK7gB36Uxg%3D%3D&amp;trackingId=YE%2BTG8g4QXAj1EkPaFxNTA%3D%3D\" data-tracking-control-name=\"public_jobs_jserp-result_search-card\" data-tracking-client-ingraph data-tracking-will-navigate><\/p>\n<p>          <span class=\"sr-only\"><\/p>\n<p>        Operador Log\u00edstico<\/p>\n<p>          <\/span><br \/>\n        <\/a><\/p>\n<div class=\"search-entity-media\">\n<p>      <img class=\"artdeco-entity-image artdeco-entity-image--square-4\n          artdeco-entity-image--ghost\" data-delayed-url=\"https:\/\/static.licdn.com\/aero-v1\/sc\/h\/6puxblwmhnodu6fjircz4dn4h\" data-ghost-classes=\"artdeco-entity-image--ghost\" data-ghost-url=\"https:\/\/static.licdn.com\/aero-v1\/sc\/h\/6puxblwmhnodu6fjircz4dn4h\" alt><\/p><\/div>\n<div class=\"base-search-card__info\">\n<h3 class=\"base-search-card__title\">\n<p>        Operador Log\u00edstico<\/p>\n<\/h3>\n<h4 class=\"base-search-card__subtitle\">\n<p>          <a class=\"hidden-nested-link\" data-tracking-client-ingraph data-tracking-control-name=\"public_jobs_jserp-result_job-search-card-subtitle\" data-tracking-will-navigate href=\"https:\/\/www.linkedin.com\/company\/goop-distribuidora-automotiva?trk=public_jobs_jserp-result_job-search-card-subtitle\"><br \/>\n            Goop Distribuidora Automotiva<br \/>\n          <\/a><\/p>\n<\/h4>\n<p><!----><\/p>\n<div class=\"base-search-card__metadata\">\n<p>          <span class=\"job-search-card__location\"><br \/>\n            Ribeir\u00e3o Preto, S\u00e3o Paulo, Brazil<br \/>\n          <\/span><\/p>\n<div class=\"job-posting-benefits text-sm\">\n        <icon class=\"job-posting-benefits__icon\" data-delayed-url=\"https:\/\/static.licdn.com\/aero-v1\/sc\/h\/8zmuwb93gzlb935fk4ao4z779\" data-svg-class-name=\"job-posting-benefits__icon-svg\"><\/icon><br \/>\n        <span class=\"job-posting-benefits__text\"><br \/>\n          Be an early applicant<br \/>\n<!---->        <\/span>\n      <\/div>\n<p>          <time class=\"job-search-card__listdate\" datetime=\"2024-11-07\"><\/p>\n<p>      2 weeks ago<\/p>\n<p>          <\/time><\/p>\n<p><!---->\n            <\/div>\n<\/p><\/div>\n<p><!---->      <\/p><\/div>\n<\/li>\n<li>\n<div class=\"base-card relative w-full hover:no-underline focus:no-underline base-card--link base-search-card base-search-card--link job-search-card\" data-entity-urn=\"urn:li:jobPosting:4060312058\" data-impression-id=\"jobs-search-desktop-22\" data-reference-id=\"6Kj4cQ1N4AfmrK7gB36Uxg==\" data-tracking-id=\"8xcAUDtSMYQjqRxTjo2TEg==\" data-column=\"1\" data-row=\"23\">\n<p>        <a class=\"base-card__full-link absolute top-0 right-0 bottom-0 left-0 p-0 z-[2]\" href=\"https:\/\/br.linkedin.com\/jobs\/view\/assistente-de-log%C3%ADstica-at-makfil-4060312058?position=23&amp;pageNum=0&amp;refId=6Kj4cQ1N4AfmrK7gB36Uxg%3D%3D&amp;trackingId=8xcAUDtSMYQjqRxTjo2TEg%3D%3D\" data-tracking-control-name=\"public_jobs_jserp-result_search-card\" data-tracking-client-ingraph data-tracking-will-navigate><\/p>\n<p>          <span class=\"sr-only\"><\/p>\n<p>        Assistente de Log\u00edstica<\/p>\n<p>          <\/span><br \/>\n        <\/a><\/p>\n<div class=\"search-entity-media\">\n<p>      <img class=\"artdeco-entity-image artdeco-entity-image--square-4\n          \" data-delayed-url=\"https:\/\/media.licdn.com\/dms\/image\/v2\/C4D0BAQGqaZcPFYyIeg\/company-logo_100_100\/company-logo_100_100\/0\/1674471161145\/makfiloficial_logo?e=2147483647&amp;v=beta&amp;t=1NfM87nLOfthWcmcvQrPzbjLwJRBCSbWG0rWkhb7rZQ\" data-ghost-classes=\"artdeco-entity-image--ghost\" data-ghost-url=\"https:\/\/static.licdn.com\/aero-v1\/sc\/h\/6puxblwmhnodu6fjircz4dn4h\" alt><\/p><\/div>\n<div class=\"base-search-card__info\">\n<h3 class=\"base-search-card__title\">\n<p>        Assistente de Log\u00edstica<\/p>\n<\/h3>\n<h4 class=\"base-search-card__subtitle\">\n<p>          <a class=\"hidden-nested-link\" data-tracking-client-ingraph data-tracking-control-name=\"public_jobs_jserp-result_job-search-card-subtitle\" data-tracking-will-navigate href=\"https:\/\/br.linkedin.com\/company\/makfiloficial?trk=public_jobs_jserp-result_job-search-card-subtitle\"><br \/>\n            Makfil<br \/>\n          <\/a><\/p>\n<\/h4>\n<p><!----><\/p>\n<div class=\"base-search-card__metadata\">\n<p>          <span class=\"job-search-card__location\"><br \/>\n            Greater Ribeir\u00e3o Preto<br \/>\n          <\/span><\/p>\n<p><!---->  <\/p>\n<p>          <time class=\"job-search-card__listdate\" datetime=\"2024-10-28\"><\/p>\n<p>      4 weeks ago<\/p>\n<p>          <\/time><\/p>\n<p><!---->\n            <\/div>\n<\/p><\/div>\n<p><!---->      <\/p><\/div>\n<\/li>\n<li>\n<div class=\"base-card relative w-full hover:no-underline focus:no-underline base-card--link base-search-card base-search-card--link job-search-card\" data-entity-urn=\"urn:li:jobPosting:4002229333\" data-impression-id=\"jobs-search-desktop-23\" data-reference-id=\"6Kj4cQ1N4AfmrK7gB36Uxg==\" data-tracking-id=\"EyxMX8mIvI+qAcBuZFQWTQ==\" data-column=\"1\" data-row=\"24\">\n<p>        <a class=\"base-card__full-link absolute top-0 right-0 bottom-0 left-0 p-0 z-[2]\" href=\"https:\/\/br.linkedin.com\/jobs\/view\/auxiliar-expedi%C3%A7%C3%A3o-at-ativa-log%C3%ADstica-4002229333?position=24&amp;pageNum=0&amp;refId=6Kj4cQ1N4AfmrK7gB36Uxg%3D%3D&amp;trackingId=EyxMX8mIvI%2BqAcBuZFQWTQ%3D%3D\" data-tracking-control-name=\"public_jobs_jserp-result_search-card\" data-tracking-client-ingraph data-tracking-will-navigate><\/p>\n<p>          <span class=\"sr-only\"><\/p>\n<p>        Auxiliar Expedi\u00e7\u00e3o<\/p>\n<p>          <\/span><br \/>\n        <\/a><\/p>\n<div class=\"search-entity-media\">\n<p>      <img class=\"artdeco-entity-image artdeco-entity-image--square-4\n          \" data-delayed-url=\"https:\/\/media.licdn.com\/dms\/image\/v2\/D4D0BAQF21ZFxZFw2OQ\/company-logo_100_100\/company-logo_100_100\/0\/1704391666426\/ativalogistica_logo?e=2147483647&amp;v=beta&amp;t=qt4d5kovNOA2X3WLrf6eNXGOmFLDHEpl8MkYSMx1ZMk\" data-ghost-classes=\"artdeco-entity-image--ghost\" data-ghost-url=\"https:\/\/static.licdn.com\/aero-v1\/sc\/h\/6puxblwmhnodu6fjircz4dn4h\" alt><\/p><\/div>\n<div class=\"base-search-card__info\">\n<h3 class=\"base-search-card__title\">\n<p>        Auxiliar Expedi\u00e7\u00e3o<\/p>\n<\/h3>\n<h4 class=\"base-search-card__subtitle\">\n<p>          <a class=\"hidden-nested-link\" data-tracking-client-ingraph data-tracking-control-name=\"public_jobs_jserp-result_job-search-card-subtitle\" data-tracking-will-navigate href=\"https:\/\/br.linkedin.com\/company\/ativalogistica?trk=public_jobs_jserp-result_job-search-card-subtitle\"><br \/>\n            Ativa Log\u00edstica<br \/>\n          <\/a><\/p>\n<\/h4>\n<p><!----><\/p>\n<div class=\"base-search-card__metadata\">\n<p>          <span class=\"job-search-card__location\"><br \/>\n            Ribeir\u00e3o Preto, S\u00e3o Paulo, Brazil<br \/>\n          <\/span><\/p>\n<p><!---->  <\/p>\n<p>          <time class=\"job-search-card__listdate\" datetime=\"2024-08-15\"><\/p>\n<p>      3 months ago<\/p>\n<p>          <\/time><\/p>\n<p><!---->\n            <\/div>\n<\/p><\/div>\n<p><!---->      <\/p><\/div>\n<\/li>\n<li>\n<p>      <a href=\"https:\/\/br.linkedin.com\/jobs\/view\/almoxarife-4031924083?position=25&amp;pageNum=0&amp;refId=6Kj4cQ1N4AfmrK7gB36Uxg%3D%3D&amp;trackingId=EQUf9ETlBiWx9DGaqp5RFg%3D%3D&amp;trk=public_jobs_jserp-result_search-card\" target=\"_self\" data-impression-id=\"jobs-search-desktop-24\" data-tracking-control-name=\"public_jobs_jserp-result_search-card\" data-tracking-will-navigate class=\"base-card relative w-full hover:no-underline focus:no-underline base-card--link base-search-card base-search-card--link job-search-card\" data-tracking-client-ingraph data-entity-urn=\"urn:li:jobPosting:4031924083\" data-reference-id=\"6Kj4cQ1N4AfmrK7gB36Uxg==\" data-tracking-id=\"EQUf9ETlBiWx9DGaqp5RFg==\" data-column=\"1\" data-row=\"25\"><\/p>\n<p><!----><\/p>\n<div class=\"search-entity-media\">\n<p>      <img class=\"artdeco-entity-image artdeco-entity-image--square-4\n          artdeco-entity-image--ghost\" data-delayed-url=\"https:\/\/static.licdn.com\/aero-v1\/sc\/h\/6puxblwmhnodu6fjircz4dn4h\" data-ghost-classes=\"artdeco-entity-image--ghost\" data-ghost-url=\"https:\/\/static.licdn.com\/aero-v1\/sc\/h\/6puxblwmhnodu6fjircz4dn4h\" alt><\/p><\/div>\n<div class=\"base-search-card__info\">\n<h3 class=\"base-search-card__title\">\n<p>        Almoxarife<\/p>\n<\/h3>\n<h4 class=\"base-search-card__subtitle\">\n<p>          TES Motores<\/p>\n<\/h4>\n<p><!----><\/p>\n<div class=\"base-search-card__metadata\">\n<p>          <span class=\"job-search-card__location\"><br \/>\n            Ribeir\u00e3o Preto, S\u00e3o Paulo, Brazil<br \/>\n          <\/span><\/p>\n<div class=\"job-posting-benefits text-sm\">\n        <icon class=\"job-posting-benefits__icon\" data-delayed-url=\"https:\/\/static.licdn.com\/aero-v1\/sc\/h\/8zmuwb93gzlb935fk4ao4z779\" data-svg-class-name=\"job-posting-benefits__icon-svg\"><\/icon><br \/>\n        <span class=\"job-posting-benefits__text\"><br \/>\n          Be an early applicant<br \/>\n<!---->        <\/span>\n      <\/div>\n<p>          <time class=\"job-search-card__listdate\" datetime=\"2024-09-24\"><\/p>\n<p>      2 months ago<\/p>\n<p>          <\/time><\/p>\n<p><!---->\n            <\/div>\n<\/p><\/div>\n<p><!---->      <\/p>\n<p>      <\/a><\/p>\n<\/li>\n<li>\n<div class=\"base-card relative w-full hover:no-underline focus:no-underline base-card--link base-search-card base-search-card--link job-search-card\" data-entity-urn=\"urn:li:jobPosting:4052652774\" data-impression-id=\"jobs-search-desktop-25\" data-reference-id=\"6Kj4cQ1N4AfmrK7gB36Uxg==\" data-tracking-id=\"DShaI0Yv1UFs7Ybpw7Ar\/w==\" data-column=\"1\" data-row=\"26\">\n<p>        <a class=\"base-card__full-link absolute top-0 right-0 bottom-0 left-0 p-0 z-[2]\" href=\"https:\/\/br.linkedin.com\/jobs\/view\/auxiliar-de-log%C3%ADstica-at-ebeg-4052652774?position=26&amp;pageNum=0&amp;refId=6Kj4cQ1N4AfmrK7gB36Uxg%3D%3D&amp;trackingId=DShaI0Yv1UFs7Ybpw7Ar%2Fw%3D%3D\" data-tracking-control-name=\"public_jobs_jserp-result_search-card\" data-tracking-client-ingraph data-tracking-will-navigate><\/p>\n<p>          <span class=\"sr-only\"><\/p>\n<p>        Auxiliar de Log\u00edstica<\/p>\n<p>          <\/span><br \/>\n        <\/a><\/p>\n<div class=\"search-entity-media\">\n<p>      <img class=\"artdeco-entity-image artdeco-entity-image--square-4\n          \" data-delayed-url=\"https:\/\/media.licdn.com\/dms\/image\/v2\/D4D0BAQF_FMfzXjjltQ\/company-logo_100_100\/company-logo_100_100\/0\/1698852476805\/ebeg_logo?e=2147483647&amp;v=beta&amp;t=PE3Cg86ham9akLx9l4mQX7ini-jDdRHA2hWSXaoDxXQ\" data-ghost-classes=\"artdeco-entity-image--ghost\" data-ghost-url=\"https:\/\/static.licdn.com\/aero-v1\/sc\/h\/6puxblwmhnodu6fjircz4dn4h\" alt><\/p><\/div>\n<div class=\"base-search-card__info\">\n<h3 class=\"base-search-card__title\">\n<p>        Auxiliar de Log\u00edstica<\/p>\n<\/h3>\n<h4 class=\"base-search-card__subtitle\">\n<p>          <a class=\"hidden-nested-link\" data-tracking-client-ingraph data-tracking-control-name=\"public_jobs_jserp-result_job-search-card-subtitle\" data-tracking-will-navigate href=\"https:\/\/www.linkedin.com\/company\/ebeg?trk=public_jobs_jserp-result_job-search-card-subtitle\"><br \/>\n            EBEG<br \/>\n          <\/a><\/p>\n<\/h4>\n<p><!----><\/p>\n<div class=\"base-search-card__metadata\">\n<p>          <span class=\"job-search-card__location\"><br \/>\n            Ribeir\u00e3o Preto, S\u00e3o Paulo, Brazil<br \/>\n          <\/span><\/p>\n<div class=\"job-posting-benefits text-sm\">\n        <icon class=\"job-posting-benefits__icon\" data-delayed-url=\"https:\/\/static.licdn.com\/aero-v1\/sc\/h\/3p1v0uhy7uq0cm5zdvzp4eo18\" data-svg-class-name=\"job-posting-benefits__icon-svg\"><\/icon><br \/>\n        <span class=\"job-posting-benefits__text\"><br \/>\n          Actively Hiring<br \/>\n<!---->        <\/span>\n      <\/div>\n<p>          <time class=\"job-search-card__listdate\" datetime=\"2024-10-19\"><\/p>\n<p>      1 month ago<\/p>\n<p>          <\/time><\/p>\n<p><!---->\n            <\/div>\n<\/p><\/div>\n<p><!---->      <\/p><\/div>\n<\/li>\n<li>\n<div class=\"base-card relative w-full hover:no-underline focus:no-underline base-card--link base-search-card base-search-card--link job-search-card\" data-entity-urn=\"urn:li:jobPosting:4006973532\" data-impression-id=\"jobs-search-desktop-26\" data-reference-id=\"6Kj4cQ1N4AfmrK7gB36Uxg==\" data-tracking-id=\"NxBoL0XeSOggTh11DQ3lRg==\" data-column=\"1\" data-row=\"27\">\n<p>        <a class=\"base-card__full-link absolute top-0 right-0 bottom-0 left-0 p-0 z-[2]\" href=\"https:\/\/br.linkedin.com\/jobs\/view\/auxiliar-de-log%C3%ADstica-manh%C3%A3-tarde-fratterna-at-r3-grupo-4006973532?position=27&amp;pageNum=0&amp;refId=6Kj4cQ1N4AfmrK7gB36Uxg%3D%3D&amp;trackingId=NxBoL0XeSOggTh11DQ3lRg%3D%3D\" data-tracking-control-name=\"public_jobs_jserp-result_search-card\" data-tracking-client-ingraph data-tracking-will-navigate><\/p>\n<p>          <span class=\"sr-only\"><\/p>\n<p>        Auxiliar de Log\u00edstica (manh\u00e3\/tarde) &#8211; Fratterna<\/p>\n<p>          <\/span><br \/>\n        <\/a><\/p>\n<div class=\"search-entity-media\">\n<p>      <img class=\"artdeco-entity-image artdeco-entity-image--square-4\n          \" data-delayed-url=\"https:\/\/media.licdn.com\/dms\/image\/v2\/C4D0BAQFRnSEXni66_w\/company-logo_100_100\/company-logo_100_100\/0\/1637151836616?e=2147483647&amp;v=beta&amp;t=zjsyHbkVJQ0h568AybcFT_TRlqBqX95O7ye519aAerQ\" data-ghost-classes=\"artdeco-entity-image--ghost\" data-ghost-url=\"https:\/\/static.licdn.com\/aero-v1\/sc\/h\/6puxblwmhnodu6fjircz4dn4h\" alt><\/p><\/div>\n<div class=\"base-search-card__info\">\n<h3 class=\"base-search-card__title\">\n<p>        Auxiliar de Log\u00edstica (manh\u00e3\/tarde) &#8211; Fratterna<\/p>\n<\/h3>\n<h4 class=\"base-search-card__subtitle\">\n<p>          <a class=\"hidden-nested-link\" data-tracking-client-ingraph data-tracking-control-name=\"public_jobs_jserp-result_job-search-card-subtitle\" data-tracking-will-navigate href=\"https:\/\/www.linkedin.com\/company\/r3-grupo?trk=public_jobs_jserp-result_job-search-card-subtitle\"><br \/>\n            R3 Grupo<br \/>\n          <\/a><\/p>\n<\/h4>\n<p><!----><\/p>\n<div class=\"base-search-card__metadata\">\n<p>          <span class=\"job-search-card__location\"><br \/>\n            Ribeir\u00e3o Preto, S\u00e3o Paulo, Brazil<br \/>\n          <\/span><\/p>\n<p><!---->  <\/p>\n<p>          <time class=\"job-search-card__listdate\" datetime=\"2024-08-24\"><\/p>\n<p>      3 months ago<\/p>\n<p>          <\/time><\/p>\n<p><!---->\n            <\/div>\n<\/p><\/div>\n<p><!---->      <\/p><\/div>\n<\/li>\n<li>\n<p>      <a href=\"https:\/\/br.linkedin.com\/jobs\/view\/almoxarife-4033225974?position=28&amp;pageNum=0&amp;refId=6Kj4cQ1N4AfmrK7gB36Uxg%3D%3D&amp;trackingId=SZ0n6zbPlN7XW%2F00mJWlVQ%3D%3D&amp;trk=public_jobs_jserp-result_search-card\" target=\"_self\" data-impression-id=\"jobs-search-desktop-27\" data-tracking-control-name=\"public_jobs_jserp-result_search-card\" data-tracking-will-navigate class=\"base-card relative w-full hover:no-underline focus:no-underline base-card--link base-search-card base-search-card--link job-search-card\" data-tracking-client-ingraph data-entity-urn=\"urn:li:jobPosting:4033225974\" data-reference-id=\"6Kj4cQ1N4AfmrK7gB36Uxg==\" data-tracking-id=\"SZ0n6zbPlN7XW\/00mJWlVQ==\" data-column=\"1\" data-row=\"28\"><\/p>\n<p><!----><\/p>\n<div class=\"search-entity-media\">\n<p>      <img class=\"artdeco-entity-image artdeco-entity-image--square-4\n          artdeco-entity-image--ghost\" data-delayed-url=\"https:\/\/static.licdn.com\/aero-v1\/sc\/h\/6puxblwmhnodu6fjircz4dn4h\" data-ghost-classes=\"artdeco-entity-image--ghost\" data-ghost-url=\"https:\/\/static.licdn.com\/aero-v1\/sc\/h\/6puxblwmhnodu6fjircz4dn4h\" alt><\/p><\/div>\n<div class=\"base-search-card__info\">\n<h3 class=\"base-search-card__title\">\n<p>        Almoxarife<\/p>\n<\/h3>\n<h4 class=\"base-search-card__subtitle\">\n<p>          TES Motores<\/p>\n<\/h4>\n<p><!----><\/p>\n<div class=\"base-search-card__metadata\">\n<p>          <span class=\"job-search-card__location\"><br \/>\n            Greater Ribeir\u00e3o Preto<br \/>\n          <\/span><\/p>\n<div class=\"job-posting-benefits text-sm\">\n        <icon class=\"job-posting-benefits__icon\" data-delayed-url=\"https:\/\/static.licdn.com\/aero-v1\/sc\/h\/8zmuwb93gzlb935fk4ao4z779\" data-svg-class-name=\"job-posting-benefits__icon-svg\"><\/icon><br \/>\n        <span class=\"job-posting-benefits__text\"><br \/>\n          Be an early applicant<br \/>\n<!---->        <\/span>\n      <\/div>\n<p>          <time class=\"job-search-card__listdate\" datetime=\"2024-09-25\"><\/p>\n<p>      2 months ago<\/p>\n<p>          <\/time><\/p>\n<p><!---->\n            <\/div>\n<\/p><\/div>\n<p><!---->      <\/p>\n<p>      <\/a><\/p>\n<\/li>\n<li>\n<div class=\"base-card relative w-full hover:no-underline focus:no-underline base-card--link base-search-card base-search-card--link job-search-card\" data-entity-urn=\"urn:li:jobPosting:3772672113\" data-impression-id=\"jobs-search-desktop-28\" data-reference-id=\"6Kj4cQ1N4AfmrK7gB36Uxg==\" data-tracking-id=\"7tN3MiRLbab4XuTYZYgiZg==\" data-column=\"1\" data-row=\"29\">\n<p>        <a class=\"base-card__full-link absolute top-0 right-0 bottom-0 left-0 p-0 z-[2]\" href=\"https:\/\/br.linkedin.com\/jobs\/view\/auxiliar-de-dep%C3%B3sito-banco-de-talentos-at-riberfoods-3772672113?position=29&amp;pageNum=0&amp;refId=6Kj4cQ1N4AfmrK7gB36Uxg%3D%3D&amp;trackingId=7tN3MiRLbab4XuTYZYgiZg%3D%3D\" data-tracking-control-name=\"public_jobs_jserp-result_search-card\" data-tracking-client-ingraph data-tracking-will-navigate><\/p>\n<p>          <span class=\"sr-only\"><\/p>\n<p>        AUXILIAR DE DEP\u00d3SITO &#8211; BANCO DE TALENTOS<\/p>\n<p>          <\/span><br \/>\n        <\/a><\/p>\n<div class=\"search-entity-media\">\n<p>      <img class=\"artdeco-entity-image artdeco-entity-image--square-4\n          \" data-delayed-url=\"https:\/\/media.licdn.com\/dms\/image\/v2\/C4E0BAQHexJh_WQV6aw\/company-logo_100_100\/company-logo_100_100\/0\/1630570276433\/riberdoces_logo?e=2147483647&amp;v=beta&amp;t=EJv7y7wega2jBTKfM01cNVwlZkY4p4KyLeTyt8PaxmQ\" data-ghost-classes=\"artdeco-entity-image--ghost\" data-ghost-url=\"https:\/\/static.licdn.com\/aero-v1\/sc\/h\/6puxblwmhnodu6fjircz4dn4h\" alt><\/p><\/div>\n<div class=\"base-search-card__info\">\n<h3 class=\"base-search-card__title\">\n<p>        AUXILIAR DE DEP\u00d3SITO &#8211; BANCO DE TALENTOS<\/p>\n<\/h3>\n<h4 class=\"base-search-card__subtitle\">\n<p>          <a class=\"hidden-nested-link\" data-tracking-client-ingraph data-tracking-control-name=\"public_jobs_jserp-result_job-search-card-subtitle\" data-tracking-will-navigate href=\"https:\/\/br.linkedin.com\/company\/riberfoods?trk=public_jobs_jserp-result_job-search-card-subtitle\"><br \/>\n            Riberfoods<br \/>\n          <\/a><\/p>\n<\/h4>\n<p><!----><\/p>\n<div class=\"base-search-card__metadata\">\n<p>          <span class=\"job-search-card__location\"><br \/>\n            Ribeir\u00e3o Preto, S\u00e3o Paulo, Brazil<br \/>\n          <\/span><\/p>\n<p><!---->  <\/p>\n<p>          <time class=\"job-search-card__listdate\" datetime=\"2023-11-03\"><\/p>\n<p>      1 year ago<\/p>\n<p>          <\/time><\/p>\n<p><!---->\n            <\/div>\n<\/p><\/div>\n<p><!---->      <\/p><\/div>\n<\/li>\n<li>\n<p>      <a href=\"https:\/\/br.linkedin.com\/jobs\/view\/l%C3%ADder-de-expedi%C3%A7%C3%A3o-4037123010?position=30&amp;pageNum=0&amp;refId=6Kj4cQ1N4AfmrK7gB36Uxg%3D%3D&amp;trackingId=PPAqZ7NYdtJvqfgKW45ruw%3D%3D&amp;trk=public_jobs_jserp-result_search-card\" target=\"_self\" data-impression-id=\"jobs-search-desktop-29\" data-tracking-control-name=\"public_jobs_jserp-result_search-card\" data-tracking-will-navigate class=\"base-card relative w-full hover:no-underline focus:no-underline base-card--link base-search-card base-search-card--link job-search-card\" data-tracking-client-ingraph data-entity-urn=\"urn:li:jobPosting:4037123010\" data-reference-id=\"6Kj4cQ1N4AfmrK7gB36Uxg==\" data-tracking-id=\"PPAqZ7NYdtJvqfgKW45ruw==\" data-column=\"1\" data-row=\"30\"><\/p>\n<p><!----><\/p>\n<div class=\"search-entity-media\">\n<p>      <img class=\"artdeco-entity-image artdeco-entity-image--square-4\n          artdeco-entity-image--ghost\" data-delayed-url=\"https:\/\/static.licdn.com\/aero-v1\/sc\/h\/6puxblwmhnodu6fjircz4dn4h\" data-ghost-classes=\"artdeco-entity-image--ghost\" data-ghost-url=\"https:\/\/static.licdn.com\/aero-v1\/sc\/h\/6puxblwmhnodu6fjircz4dn4h\" alt><\/p><\/div>\n<div class=\"base-search-card__info\">\n<h3 class=\"base-search-card__title\">\n<p>        L\u00edder de Expedi\u00e7\u00e3o<\/p>\n<\/h3>\n<h4 class=\"base-search-card__subtitle\">\n<p>          Avel RH Consultoria<\/p>\n<\/h4>\n<p><!----><\/p>\n<div class=\"base-search-card__metadata\">\n<p>          <span class=\"job-search-card__location\"><br \/>\n            Greater Ribeir\u00e3o Preto<br \/>\n          <\/span><\/p>\n<p><!---->  <\/p>\n<p>          <time class=\"job-search-card__listdate\" datetime=\"2024-10-01\"><\/p>\n<p>      1 month ago<\/p>\n<p>          <\/time><\/p>\n<p><!---->\n            <\/div>\n<\/p><\/div>\n<p><!---->      <\/p>\n<p>      <\/a><\/p>\n<\/li>\n<li>\n<div class=\"base-card relative w-full hover:no-underline focus:no-underline base-card--link base-search-card base-search-card--link job-search-card\" data-entity-urn=\"urn:li:jobPosting:4075888471\" data-impression-id=\"jobs-search-desktop-30\" data-reference-id=\"6Kj4cQ1N4AfmrK7gB36Uxg==\" data-tracking-id=\"8xhrAAtwoZkyAbFSQxNuew==\" data-column=\"1\" data-row=\"31\">\n<p>        <a class=\"base-card__full-link absolute top-0 right-0 bottom-0 left-0 p-0 z-[2]\" href=\"https:\/\/br.linkedin.com\/jobs\/view\/conferente-de-estoque-at-sertraza-transportes-4075888471?position=31&amp;pageNum=0&amp;refId=6Kj4cQ1N4AfmrK7gB36Uxg%3D%3D&amp;trackingId=8xhrAAtwoZkyAbFSQxNuew%3D%3D\" data-tracking-control-name=\"public_jobs_jserp-result_search-card\" data-tracking-client-ingraph data-tracking-will-navigate><\/p>\n<p>          <span class=\"sr-only\"><\/p>\n<p>        Conferente de Estoque<\/p>\n<p>          <\/span><br \/>\n        <\/a><\/p>\n<div class=\"search-entity-media\">\n<p>      <img class=\"artdeco-entity-image artdeco-entity-image--square-4\n          \" data-delayed-url=\"https:\/\/media.licdn.com\/dms\/image\/v2\/C4D0BAQFqhLYfkcmkkQ\/company-logo_100_100\/company-logo_100_100\/0\/1660317654304?e=2147483647&amp;v=beta&amp;t=1qbjyxEVpA_AF-Y1XsdJfMwQIGdyqHXbzaJNTr7TBvM\" data-ghost-classes=\"artdeco-entity-image--ghost\" data-ghost-url=\"https:\/\/static.licdn.com\/aero-v1\/sc\/h\/6puxblwmhnodu6fjircz4dn4h\" alt><\/p><\/div>\n<div class=\"base-search-card__info\">\n<h3 class=\"base-search-card__title\">\n<p>        Conferente de Estoque<\/p>\n<\/h3>\n<h4 class=\"base-search-card__subtitle\">\n<p>          <a class=\"hidden-nested-link\" data-tracking-client-ingraph data-tracking-control-name=\"public_jobs_jserp-result_job-search-card-subtitle\" data-tracking-will-navigate href=\"https:\/\/br.linkedin.com\/company\/transportes-sertrazastz?trk=public_jobs_jserp-result_job-search-card-subtitle\"><br \/>\n            Sertraza Transportes<br \/>\n          <\/a><\/p>\n<\/h4>\n<p><!----><\/p>\n<div class=\"base-search-card__metadata\">\n<p>          <span class=\"job-search-card__location\"><br \/>\n            Sert\u00e3ozinho, S\u00e3o Paulo, Brazil<br \/>\n          <\/span><\/p>\n<div class=\"job-posting-benefits text-sm\">\n        <icon class=\"job-posting-benefits__icon\" data-delayed-url=\"https:\/\/static.licdn.com\/aero-v1\/sc\/h\/8zmuwb93gzlb935fk4ao4z779\" data-svg-class-name=\"job-posting-benefits__icon-svg\"><\/icon><br \/>\n        <span class=\"job-posting-benefits__text\"><br \/>\n          Be an early applicant<br \/>\n<!---->        <\/span>\n      <\/div>\n<p>          <time class=\"job-search-card__listdate\" datetime=\"2024-11-16\"><\/p>\n<p>      1 week ago<\/p>\n<p>          <\/time><\/p>\n<p><!---->\n            <\/div>\n<\/p><\/div>\n<p><!---->      <\/p><\/div>\n<\/li>\n<li>\n<div class=\"base-card relative w-full hover:no-underline focus:no-underline base-card--link base-search-card base-search-card--link job-search-card\" data-entity-urn=\"urn:li:jobPosting:4072136748\" data-impression-id=\"jobs-search-desktop-31\" data-reference-id=\"6Kj4cQ1N4AfmrK7gB36Uxg==\" data-tracking-id=\"iqojwkkO9uqPL++\/kF2M5w==\" data-column=\"1\" data-row=\"32\">\n<p>        <a class=\"base-card__full-link absolute top-0 right-0 bottom-0 left-0 p-0 z-[2]\" href=\"https:\/\/br.linkedin.com\/jobs\/view\/analista-de-log%C3%ADstica-at-zoomlion-brasil-4072136748?position=32&amp;pageNum=0&amp;refId=6Kj4cQ1N4AfmrK7gB36Uxg%3D%3D&amp;trackingId=iqojwkkO9uqPL%2B%2B%2FkF2M5w%3D%3D\" data-tracking-control-name=\"public_jobs_jserp-result_search-card\" data-tracking-client-ingraph data-tracking-will-navigate><\/p>\n<p>          <span class=\"sr-only\"><\/p>\n<p>        Analista de log\u00edstica<\/p>\n<p>          <\/span><br \/>\n        <\/a><\/p>\n<div class=\"search-entity-media\">\n<p>      <img class=\"artdeco-entity-image artdeco-entity-image--square-4\n          \" data-delayed-url=\"https:\/\/media.licdn.com\/dms\/image\/v2\/C4D0BAQF35mNsxUfwSQ\/company-logo_100_100\/company-logo_100_100\/0\/1630509850294?e=2147483647&amp;v=beta&amp;t=ym4IoSmM1_pDt9nSYVeOsXClHTttFq3mKO1TzmI0nfM\" data-ghost-classes=\"artdeco-entity-image--ghost\" data-ghost-url=\"https:\/\/static.licdn.com\/aero-v1\/sc\/h\/6puxblwmhnodu6fjircz4dn4h\" alt><\/p><\/div>\n<div class=\"base-search-card__info\">\n<h3 class=\"base-search-card__title\">\n<p>        Analista de log\u00edstica<\/p>\n<\/h3>\n<h4 class=\"base-search-card__subtitle\">\n<p>          <a class=\"hidden-nested-link\" data-tracking-client-ingraph data-tracking-control-name=\"public_jobs_jserp-result_job-search-card-subtitle\" data-tracking-will-navigate href=\"https:\/\/br.linkedin.com\/company\/zoomlion-brasil?trk=public_jobs_jserp-result_job-search-card-subtitle\"><br \/>\n            Zoomlion Brasil<br \/>\n          <\/a><\/p>\n<\/h4>\n<p><!----><\/p>\n<div class=\"base-search-card__metadata\">\n<p>          <span class=\"job-search-card__location\"><br \/>\n            Ribeir\u00e3o Preto, S\u00e3o Paulo, Brazil<br \/>\n          <\/span><\/p>\n<div class=\"job-posting-benefits text-sm\">\n        <icon class=\"job-posting-benefits__icon\" data-delayed-url=\"https:\/\/static.licdn.com\/aero-v1\/sc\/h\/3p1v0uhy7uq0cm5zdvzp4eo18\" data-svg-class-name=\"job-posting-benefits__icon-svg\"><\/icon><br \/>\n        <span class=\"job-posting-benefits__text\"><br \/>\n          Actively Hiring<br \/>\n<!---->        <\/span>\n      <\/div>\n<p>          <time class=\"job-search-card__listdate\" datetime=\"2024-11-08\"><\/p>\n<p>      2 weeks ago<\/p>\n<p>          <\/time><\/p>\n<p><!---->\n            <\/div>\n<\/p><\/div>\n<p><!---->      <\/p><\/div>\n<\/li>\n<li>\n<div class=\"base-card relative w-full hover:no-underline focus:no-underline base-card--link base-search-card base-search-card--link job-search-card\" data-entity-urn=\"urn:li:jobPosting:4014176704\" data-impression-id=\"jobs-search-desktop-32\" data-reference-id=\"6Kj4cQ1N4AfmrK7gB36Uxg==\" data-tracking-id=\"rYuzS1mFhBHeEoNnx5Vpug==\" data-column=\"1\" data-row=\"33\">\n<p>        <a class=\"base-card__full-link absolute top-0 right-0 bottom-0 left-0 p-0 z-[2]\" href=\"https:\/\/br.linkedin.com\/jobs\/view\/auxiliar-de-estoque-%E2%80%93-ribeir%C3%A3o-preto-sp-at-grupo-comolatti-4014176704?position=33&amp;pageNum=0&amp;refId=6Kj4cQ1N4AfmrK7gB36Uxg%3D%3D&amp;trackingId=rYuzS1mFhBHeEoNnx5Vpug%3D%3D\" data-tracking-control-name=\"public_jobs_jserp-result_search-card\" data-tracking-client-ingraph data-tracking-will-navigate><\/p>\n<p>          <span class=\"sr-only\"><\/p>\n<p>        AUXILIAR DE ESTOQUE \u2013 RIBEIR\u00c3O PRETO\/SP<\/p>\n<p>          <\/span><br \/>\n        <\/a><\/p>\n<div class=\"search-entity-media\">\n<p>      <img class=\"artdeco-entity-image artdeco-entity-image--square-4\n          \" data-delayed-url=\"https:\/\/media.licdn.com\/dms\/image\/v2\/D4D0BAQFX6gFy8kN-yw\/company-logo_100_100\/company-logo_100_100\/0\/1689789575541\/comolatti_grupo_logo?e=2147483647&amp;v=beta&amp;t=mK_P_YI9TIKpVA7FIoAajaZIIACPF446PM9waLqnYx4\" data-ghost-classes=\"artdeco-entity-image--ghost\" data-ghost-url=\"https:\/\/static.licdn.com\/aero-v1\/sc\/h\/6puxblwmhnodu6fjircz4dn4h\" alt><\/p><\/div>\n<div class=\"base-search-card__info\">\n<h3 class=\"base-search-card__title\">\n<p>        AUXILIAR DE ESTOQUE \u2013 RIBEIR\u00c3O PRETO\/SP<\/p>\n<\/h3>\n<h4 class=\"base-search-card__subtitle\">\n<p>          <a class=\"hidden-nested-link\" data-tracking-client-ingraph data-tracking-control-name=\"public_jobs_jserp-result_job-search-card-subtitle\" data-tracking-will-navigate href=\"https:\/\/br.linkedin.com\/company\/comolatti-grupo?trk=public_jobs_jserp-result_job-search-card-subtitle\"><br \/>\n            Grupo Comolatti<br \/>\n          <\/a><\/p>\n<\/h4>\n<p><!----><\/p>\n<div class=\"base-search-card__metadata\">\n<p>          <span class=\"job-search-card__location\"><br \/>\n            Ribeir\u00e3o Preto, S\u00e3o Paulo, Brazil<br \/>\n          <\/span><\/p>\n<div class=\"job-posting-benefits text-sm\">\n        <icon class=\"job-posting-benefits__icon\" data-delayed-url=\"https:\/\/static.licdn.com\/aero-v1\/sc\/h\/3p1v0uhy7uq0cm5zdvzp4eo18\" data-svg-class-name=\"job-posting-benefits__icon-svg\"><\/icon><br \/>\n        <span class=\"job-posting-benefits__text\"><br \/>\n          Actively Hiring<br \/>\n<!---->        <\/span>\n      <\/div>\n<p>          <time class=\"job-search-card__listdate\" datetime=\"2024-09-03\"><\/p>\n<p>      2 months ago<\/p>\n<p>          <\/time><\/p>\n<p><!---->\n            <\/div>\n<\/p><\/div>\n<p><!---->      <\/p><\/div>\n<\/li>\n<li>\n<div class=\"base-card relative w-full hover:no-underline focus:no-underline base-card--link base-search-card base-search-card--link job-search-card\" data-entity-urn=\"urn:li:jobPosting:4069003539\" data-impression-id=\"jobs-search-desktop-33\" data-reference-id=\"6Kj4cQ1N4AfmrK7gB36Uxg==\" data-tracking-id=\"5szuvukta31qttsj2eTqZQ==\" data-column=\"1\" data-row=\"34\">\n<p>        <a class=\"base-card__full-link absolute top-0 right-0 bottom-0 left-0 p-0 z-[2]\" href=\"https:\/\/br.linkedin.com\/jobs\/view\/operador-de-log%C3%ADstica-at-toli-distribuidora-4069003539?position=34&amp;pageNum=0&amp;refId=6Kj4cQ1N4AfmrK7gB36Uxg%3D%3D&amp;trackingId=5szuvukta31qttsj2eTqZQ%3D%3D\" data-tracking-control-name=\"public_jobs_jserp-result_search-card\" data-tracking-client-ingraph data-tracking-will-navigate><\/p>\n<p>          <span class=\"sr-only\"><\/p>\n<p>        Operador de log\u00edstica<\/p>\n<p>          <\/span><br \/>\n        <\/a><\/p>\n<div class=\"search-entity-media\">\n<p>      <img class=\"artdeco-entity-image artdeco-entity-image--square-4\n          \" data-delayed-url=\"https:\/\/media.licdn.com\/dms\/image\/v2\/D4D0BAQGQOhpc3CvR0Q\/company-logo_100_100\/company-logo_100_100\/0\/1696853281730\/toli_distribuidora_logo?e=2147483647&amp;v=beta&amp;t=goGVnUiAEo43bBQb11F9Zz25ldk8QMRHg13iT04rEEI\" data-ghost-classes=\"artdeco-entity-image--ghost\" data-ghost-url=\"https:\/\/static.licdn.com\/aero-v1\/sc\/h\/6puxblwmhnodu6fjircz4dn4h\" alt><\/p><\/div>\n<div class=\"base-search-card__info\">\n<h3 class=\"base-search-card__title\">\n<p>        Operador de log\u00edstica<\/p>\n<\/h3>\n<h4 class=\"base-search-card__subtitle\">\n<p>          <a class=\"hidden-nested-link\" data-tracking-client-ingraph data-tracking-control-name=\"public_jobs_jserp-result_job-search-card-subtitle\" data-tracking-will-navigate href=\"https:\/\/br.linkedin.com\/company\/toli-distribuidora?trk=public_jobs_jserp-result_job-search-card-subtitle\"><br \/>\n            Toli Distribuidora<br \/>\n          <\/a><\/p>\n<\/h4>\n<p><!----><\/p>\n<div class=\"base-search-card__metadata\">\n<p>          <span class=\"job-search-card__location\"><br \/>\n            Greater Ribeir\u00e3o Preto<br \/>\n          <\/span><\/p>\n<div class=\"job-posting-benefits text-sm\">\n        <icon class=\"job-posting-benefits__icon\" data-delayed-url=\"https:\/\/static.licdn.com\/aero-v1\/sc\/h\/3p1v0uhy7uq0cm5zdvzp4eo18\" data-svg-class-name=\"job-posting-benefits__icon-svg\"><\/icon><br \/>\n        <span class=\"job-posting-benefits__text\"><br \/>\n          Actively Hiring<br \/>\n<!---->        <\/span>\n      <\/div>\n<p>          <time class=\"job-search-card__listdate\" datetime=\"2024-11-05\"><\/p>\n<p>      2 weeks ago<\/p>\n<p>          <\/time><\/p>\n<p><!---->\n            <\/div>\n<\/p><\/div>\n<p><!---->      <\/p><\/div>\n<\/li>\n<li>\n<div class=\"base-card relative w-full hover:no-underline focus:no-underline base-card--link base-search-card base-search-card--link job-search-card\" data-entity-urn=\"urn:li:jobPosting:4078099107\" data-impression-id=\"jobs-search-desktop-34\" data-reference-id=\"6Kj4cQ1N4AfmrK7gB36Uxg==\" data-tracking-id=\"R7m22nJeuEll0Ca8ll1ngg==\" data-column=\"1\" data-row=\"35\">\n<p>        <a class=\"base-card__full-link absolute top-0 right-0 bottom-0 left-0 p-0 z-[2]\" href=\"https:\/\/br.linkedin.com\/jobs\/view\/assistente-administracao-logistica-cd-ribeir%C3%A3o-sp-at-rd-sa%C3%BAde-4078099107?position=35&amp;pageNum=0&amp;refId=6Kj4cQ1N4AfmrK7gB36Uxg%3D%3D&amp;trackingId=R7m22nJeuEll0Ca8ll1ngg%3D%3D\" data-tracking-control-name=\"public_jobs_jserp-result_search-card\" data-tracking-client-ingraph data-tracking-will-navigate><\/p>\n<p>          <span class=\"sr-only\"><\/p>\n<p>        Assistente Administracao Logistica &#8211; CD RIBEIR\u00c3O\/SP<\/p>\n<p>          <\/span><br \/>\n        <\/a><\/p>\n<div class=\"search-entity-media\">\n<p>      <img class=\"artdeco-entity-image artdeco-entity-image--square-4\n          \" data-delayed-url=\"https:\/\/media.licdn.com\/dms\/image\/v2\/D4D0BAQEDHD-82rSbgA\/company-logo_100_100\/company-logo_100_100\/0\/1720039549617\/rdsaudeoficial_logo?e=2147483647&amp;v=beta&amp;t=RabLhxnT2PaQQZNCSXipkNTtv2HhNmdb1Pm72ej5m_Y\" data-ghost-classes=\"artdeco-entity-image--ghost\" data-ghost-url=\"https:\/\/static.licdn.com\/aero-v1\/sc\/h\/6puxblwmhnodu6fjircz4dn4h\" alt><\/p><\/div>\n<div class=\"base-search-card__info\">\n<h3 class=\"base-search-card__title\">\n<p>        Assistente Administracao Logistica &#8211; CD RIBEIR\u00c3O\/SP<\/p>\n<\/h3>\n<h4 class=\"base-search-card__subtitle\">\n<p>          <a class=\"hidden-nested-link\" data-tracking-client-ingraph data-tracking-control-name=\"public_jobs_jserp-result_job-search-card-subtitle\" data-tracking-will-navigate href=\"https:\/\/br.linkedin.com\/company\/rdsaudeoficial?trk=public_jobs_jserp-result_job-search-card-subtitle\"><br \/>\n            RD Sa\u00fade<br \/>\n          <\/a><\/p>\n<\/h4>\n<p><!----><\/p>\n<div class=\"base-search-card__metadata\">\n<p>          <span class=\"job-search-card__location\"><br \/>\n            Ribeir\u00e3o Preto, S\u00e3o Paulo, Brazil<br \/>\n          <\/span><\/p>\n<div class=\"job-posting-benefits text-sm\">\n        <icon class=\"job-posting-benefits__icon\" data-delayed-url=\"https:\/\/static.licdn.com\/aero-v1\/sc\/h\/3p1v0uhy7uq0cm5zdvzp4eo18\" data-svg-class-name=\"job-posting-benefits__icon-svg\"><\/icon><br \/>\n        <span class=\"job-posting-benefits__text\"><br \/>\n          Actively Hiring<br \/>\n<!---->        <\/span>\n      <\/div>\n<p>          <time class=\"job-search-card__listdate\" datetime=\"2024-11-19\"><\/p>\n<p>      5 days ago<\/p>\n<p>          <\/time><\/p>\n<p><!---->\n            <\/div>\n<\/p><\/div>\n<p><!---->      <\/p><\/div>\n<\/li>\n<li>\n<p>      <a href=\"https:\/\/br.linkedin.com\/jobs\/view\/operador-log%C3%ADstico-sp-4082225396?position=36&amp;pageNum=0&amp;refId=6Kj4cQ1N4AfmrK7gB36Uxg%3D%3D&amp;trackingId=jmsJAUbQ4GsLLxeZpssPOQ%3D%3D&amp;trk=public_jobs_jserp-result_search-card\" target=\"_self\" data-impression-id=\"jobs-search-desktop-35\" data-tracking-control-name=\"public_jobs_jserp-result_search-card\" data-tracking-will-navigate class=\"base-card relative w-full hover:no-underline focus:no-underline base-card--link base-search-card base-search-card--link job-search-card\" data-tracking-client-ingraph data-entity-urn=\"urn:li:jobPosting:4082225396\" data-reference-id=\"6Kj4cQ1N4AfmrK7gB36Uxg==\" data-tracking-id=\"jmsJAUbQ4GsLLxeZpssPOQ==\" data-column=\"1\" data-row=\"36\"><\/p>\n<p><!----><\/p>\n<div class=\"search-entity-media\">\n<p>      <img class=\"artdeco-entity-image artdeco-entity-image--square-4\n          artdeco-entity-image--ghost\" data-delayed-url=\"https:\/\/static.licdn.com\/aero-v1\/sc\/h\/6puxblwmhnodu6fjircz4dn4h\" data-ghost-classes=\"artdeco-entity-image--ghost\" data-ghost-url=\"https:\/\/static.licdn.com\/aero-v1\/sc\/h\/6puxblwmhnodu6fjircz4dn4h\" alt><\/p><\/div>\n<div class=\"base-search-card__info\">\n<h3 class=\"base-search-card__title\">\n<p>        Operador Log\u00edstico &#8211; SP<\/p>\n<\/h3>\n<h4 class=\"base-search-card__subtitle\">\n<p>          S\u00e9 RH<\/p>\n<\/h4>\n<p><!----><\/p>\n<div class=\"base-search-card__metadata\">\n<p>          <span class=\"job-search-card__location\"><br \/>\n            Greater Ribeir\u00e3o Preto<br \/>\n          <\/span><\/p>\n<div class=\"job-posting-benefits text-sm\">\n        <icon class=\"job-posting-benefits__icon\" data-delayed-url=\"https:\/\/static.licdn.com\/aero-v1\/sc\/h\/8zmuwb93gzlb935fk4ao4z779\" data-svg-class-name=\"job-posting-benefits__icon-svg\"><\/icon><br \/>\n        <span class=\"job-posting-benefits__text\"><br \/>\n          Be an early applicant<br \/>\n<!---->        <\/span>\n      <\/div>\n<p>          <time class=\"job-search-card__listdate\" datetime=\"2024-11-24\"><\/p>\n<p>      1 day ago<\/p>\n<p>          <\/time><\/p>\n<p><!---->\n            <\/div>\n<\/p><\/div>\n<p><!---->      <\/p>\n<p>      <\/a><\/p>\n<\/li>\n<li>\n<p>      <a href=\"https:\/\/br.linkedin.com\/jobs\/view\/auxiliar-de-logistica-sp-4080492459?position=37&amp;pageNum=0&amp;refId=6Kj4cQ1N4AfmrK7gB36Uxg%3D%3D&amp;trackingId=2Y04xIBGwf5hm6JqAKmd5g%3D%3D&amp;trk=public_jobs_jserp-result_search-card\" target=\"_self\" data-impression-id=\"jobs-search-desktop-36\" data-tracking-control-name=\"public_jobs_jserp-result_search-card\" data-tracking-will-navigate class=\"base-card relative w-full hover:no-underline focus:no-underline base-card--link base-search-card base-search-card--link job-search-card\" data-tracking-client-ingraph data-entity-urn=\"urn:li:jobPosting:4080492459\" data-reference-id=\"6Kj4cQ1N4AfmrK7gB36Uxg==\" data-tracking-id=\"2Y04xIBGwf5hm6JqAKmd5g==\" data-column=\"1\" data-row=\"37\"><\/p>\n<p><!----><\/p>\n<div class=\"search-entity-media\">\n<p>      <img class=\"artdeco-entity-image artdeco-entity-image--square-4\n          artdeco-entity-image--ghost\" data-delayed-url=\"https:\/\/static.licdn.com\/aero-v1\/sc\/h\/6puxblwmhnodu6fjircz4dn4h\" data-ghost-classes=\"artdeco-entity-image--ghost\" data-ghost-url=\"https:\/\/static.licdn.com\/aero-v1\/sc\/h\/6puxblwmhnodu6fjircz4dn4h\" alt><\/p><\/div>\n<div class=\"base-search-card__info\">\n<h3 class=\"base-search-card__title\">\n<p>        Auxiliar de Logistica &#8211; SP<\/p>\n<\/h3>\n<h4 class=\"base-search-card__subtitle\">\n<p>          S\u00e9 RH<\/p>\n<\/h4>\n<p><!----><\/p>\n<div class=\"base-search-card__metadata\">\n<p>          <span class=\"job-search-card__location\"><br \/>\n            Greater Ribeir\u00e3o Preto<br \/>\n          <\/span><\/p>\n<div class=\"job-posting-benefits text-sm\">\n        <icon class=\"job-posting-benefits__icon\" data-delayed-url=\"https:\/\/static.licdn.com\/aero-v1\/sc\/h\/8zmuwb93gzlb935fk4ao4z779\" data-svg-class-name=\"job-posting-benefits__icon-svg\"><\/icon><br \/>\n        <span class=\"job-posting-benefits__text\"><br \/>\n          Be an early applicant<br \/>\n<!---->        <\/span>\n      <\/div>\n<p>          <time class=\"job-search-card__listdate\" datetime=\"2024-11-22\"><\/p>\n<p>      3 days ago<\/p>\n<p>          <\/time><\/p>\n<p><!---->\n            <\/div>\n<\/p><\/div>\n<p><!---->      <\/p>\n<p>      <\/a><\/p>\n<\/li>\n<li>\n<div class=\"base-card relative w-full hover:no-underline focus:no-underline base-card--link base-search-card base-search-card--link job-search-card\" data-entity-urn=\"urn:li:jobPosting:4080796873\" data-impression-id=\"jobs-search-desktop-37\" data-reference-id=\"6Kj4cQ1N4AfmrK7gB36Uxg==\" data-tracking-id=\"g58ZfBskQyB25N9XgHcUCg==\" data-column=\"1\" data-row=\"38\">\n<p>        <a class=\"base-card__full-link absolute top-0 right-0 bottom-0 left-0 p-0 z-[2]\" href=\"https:\/\/br.linkedin.com\/jobs\/view\/assistente-de-op-administrativas-folha-de-pagamento-at-s%C3%A3o-martinho-4080796873?position=38&amp;pageNum=0&amp;refId=6Kj4cQ1N4AfmrK7gB36Uxg%3D%3D&amp;trackingId=g58ZfBskQyB25N9XgHcUCg%3D%3D\" data-tracking-control-name=\"public_jobs_jserp-result_search-card\" data-tracking-client-ingraph data-tracking-will-navigate><\/p>\n<p>          <span class=\"sr-only\"><\/p>\n<p>        Assistente de Op. Administrativas (Folha de Pagamento)<\/p>\n<p>          <\/span><br \/>\n        <\/a><\/p>\n<div class=\"search-entity-media\">\n<p>      <img class=\"artdeco-entity-image artdeco-entity-image--square-4\n          \" data-delayed-url=\"https:\/\/media.licdn.com\/dms\/image\/v2\/D4D0BAQGL5bkzJ0X-Lw\/company-logo_100_100\/company-logo_100_100\/0\/1687269449790\/saomartinho_logo?e=2147483647&amp;v=beta&amp;t=4I7K4dsBG785d--dYy43arxn3PwNN-MNB08yAi1QLGE\" data-ghost-classes=\"artdeco-entity-image--ghost\" data-ghost-url=\"https:\/\/static.licdn.com\/aero-v1\/sc\/h\/6puxblwmhnodu6fjircz4dn4h\" alt><\/p><\/div>\n<div class=\"base-search-card__info\">\n<h3 class=\"base-search-card__title\">\n<p>        Assistente de Op. Administrativas (Folha de Pagamento)<\/p>\n<\/h3>\n<h4 class=\"base-search-card__subtitle\">\n<p>          <a class=\"hidden-nested-link\" data-tracking-client-ingraph data-tracking-control-name=\"public_jobs_jserp-result_job-search-card-subtitle\" data-tracking-will-navigate href=\"https:\/\/br.linkedin.com\/company\/saomartinho?trk=public_jobs_jserp-result_job-search-card-subtitle\"><br \/>\n            S\u00e3o Martinho<br \/>\n          <\/a><\/p>\n<\/h4>\n<p><!----><\/p>\n<div class=\"base-search-card__metadata\">\n<p>          <span class=\"job-search-card__location\"><br \/>\n            Ribeir\u00e3o Preto, S\u00e3o Paulo, Brazil<br \/>\n          <\/span><\/p>\n<div class=\"job-posting-benefits text-sm\">\n        <icon class=\"job-posting-benefits__icon\" data-delayed-url=\"https:\/\/static.licdn.com\/aero-v1\/sc\/h\/3p1v0uhy7uq0cm5zdvzp4eo18\" data-svg-class-name=\"job-posting-benefits__icon-svg\"><\/icon><br \/>\n        <span class=\"job-posting-benefits__text\"><br \/>\n          Actively Hiring<br \/>\n<!---->        <\/span>\n      <\/div>\n<p>          <time class=\"job-search-card__listdate\" datetime=\"2024-11-22\"><\/p>\n<p>      3 days ago<\/p>\n<p>          <\/time><\/p>\n<p><!---->\n            <\/div>\n<\/p><\/div>\n<p><!---->      <\/p><\/div>\n<\/li>\n<li>\n<div class=\"base-card relative w-full hover:no-underline focus:no-underline base-card--link base-search-card base-search-card--link job-search-card\" data-entity-urn=\"urn:li:jobPosting:4067465531\" data-impression-id=\"jobs-search-desktop-38\" data-reference-id=\"6Kj4cQ1N4AfmrK7gB36Uxg==\" data-tracking-id=\"xDR\/Ajqyq7G5wttIy4UlSA==\" data-column=\"1\" data-row=\"39\">\n<p>        <a class=\"base-card__full-link absolute top-0 right-0 bottom-0 left-0 p-0 z-[2]\" href=\"https:\/\/br.linkedin.com\/jobs\/view\/assistente-de-log%C3%ADstica-at-leroy-merlin-4067465531?position=39&amp;pageNum=0&amp;refId=6Kj4cQ1N4AfmrK7gB36Uxg%3D%3D&amp;trackingId=xDR%2FAjqyq7G5wttIy4UlSA%3D%3D\" data-tracking-control-name=\"public_jobs_jserp-result_search-card\" data-tracking-client-ingraph data-tracking-will-navigate><\/p>\n<p>          <span class=\"sr-only\"><\/p>\n<p>        Assistente de Log\u00edstica<\/p>\n<p>          <\/span><br \/>\n        <\/a><\/p>\n<div class=\"search-entity-media\">\n<p>      <img class=\"artdeco-entity-image artdeco-entity-image--square-4\n          \" data-delayed-url=\"https:\/\/media.licdn.com\/dms\/image\/v2\/D4D0BAQEWDbY13kn7qw\/company-logo_100_100\/company-logo_100_100\/0\/1685006143140\/leroy_merlin_logo?e=2147483647&amp;v=beta&amp;t=2f-z-Mwhm7MAJh4iOiKZv63-r0agiHEzRWGZWPv78gc\" data-ghost-classes=\"artdeco-entity-image--ghost\" data-ghost-url=\"https:\/\/static.licdn.com\/aero-v1\/sc\/h\/6puxblwmhnodu6fjircz4dn4h\" alt><\/p><\/div>\n<div class=\"base-search-card__info\">\n<h3 class=\"base-search-card__title\">\n<p>        Assistente de Log\u00edstica<\/p>\n<\/h3>\n<h4 class=\"base-search-card__subtitle\">\n<p>          <a class=\"hidden-nested-link\" data-tracking-client-ingraph data-tracking-control-name=\"public_jobs_jserp-result_job-search-card-subtitle\" data-tracking-will-navigate href=\"https:\/\/fr.linkedin.com\/company\/leroy-merlin?trk=public_jobs_jserp-result_job-search-card-subtitle\"><br \/>\n            Leroy Merlin<br \/>\n          <\/a><\/p>\n<\/h4>\n<p><!----><\/p>\n<div class=\"base-search-card__metadata\">\n<p>          <span class=\"job-search-card__location\"><br \/>\n            Ribeir\u00e3o Preto, S\u00e3o Paulo, Brazil<br \/>\n          <\/span><\/p>\n<div class=\"job-posting-benefits text-sm\">\n        <icon class=\"job-posting-benefits__icon\" data-delayed-url=\"https:\/\/static.licdn.com\/aero-v1\/sc\/h\/3p1v0uhy7uq0cm5zdvzp4eo18\" data-svg-class-name=\"job-posting-benefits__icon-svg\"><\/icon><br \/>\n        <span class=\"job-posting-benefits__text\"><br \/>\n          Actively Hiring<br \/>\n<!---->        <\/span>\n      <\/div>\n<p>          <time class=\"job-search-card__listdate\" datetime=\"2024-11-06\"><\/p>\n<p>      2 weeks ago<\/p>\n<p>          <\/time><\/p>\n<p><!---->\n            <\/div>\n<\/p><\/div>\n<p><!---->      <\/p><\/div>\n<\/li>\n<li>\n<div class=\"base-card relative w-full hover:no-underline focus:no-underline base-card--link base-search-card base-search-card--link job-search-card\" data-entity-urn=\"urn:li:jobPosting:4080484356\" data-impression-id=\"jobs-search-desktop-39\" data-reference-id=\"6Kj4cQ1N4AfmrK7gB36Uxg==\" data-tracking-id=\"CxAcxzI96KLJh95hPWiyQQ==\" data-column=\"1\" data-row=\"40\">\n<p>        <a class=\"base-card__full-link absolute top-0 right-0 bottom-0 left-0 p-0 z-[2]\" href=\"https:\/\/br.linkedin.com\/jobs\/view\/auxiliar-de-estoque-sp-at-impacto-prime-4080484356?position=40&amp;pageNum=0&amp;refId=6Kj4cQ1N4AfmrK7gB36Uxg%3D%3D&amp;trackingId=CxAcxzI96KLJh95hPWiyQQ%3D%3D\" data-tracking-control-name=\"public_jobs_jserp-result_search-card\" data-tracking-client-ingraph data-tracking-will-navigate><\/p>\n<p>          <span class=\"sr-only\"><\/p>\n<p>        Auxiliar de estoque &#8211; SP<\/p>\n<p>          <\/span><br \/>\n        <\/a><\/p>\n<div class=\"search-entity-media\">\n<p>      <img class=\"artdeco-entity-image artdeco-entity-image--square-4\n          \" data-delayed-url=\"https:\/\/media.licdn.com\/dms\/image\/v2\/D560BAQH_a_lxaqWUiw\/company-logo_100_100\/company-logo_100_100\/0\/1702481359352\/impactoprime_logo?e=2147483647&amp;v=beta&amp;t=T66UQ8Pki5bvtYcNq5LruOoE0mnfP892XuylUAVHJM8\" data-ghost-classes=\"artdeco-entity-image--ghost\" data-ghost-url=\"https:\/\/static.licdn.com\/aero-v1\/sc\/h\/6puxblwmhnodu6fjircz4dn4h\" alt><\/p><\/div>\n<div class=\"base-search-card__info\">\n<h3 class=\"base-search-card__title\">\n<p>        Auxiliar de estoque &#8211; SP<\/p>\n<\/h3>\n<h4 class=\"base-search-card__subtitle\">\n<p>          <a class=\"hidden-nested-link\" data-tracking-client-ingraph data-tracking-control-name=\"public_jobs_jserp-result_job-search-card-subtitle\" data-tracking-will-navigate href=\"https:\/\/br.linkedin.com\/company\/impactoprime?trk=public_jobs_jserp-result_job-search-card-subtitle\"><br \/>\n            Impacto Prime<br \/>\n          <\/a><\/p>\n<\/h4>\n<p><!----><\/p>\n<div class=\"base-search-card__metadata\">\n<p>          <span class=\"job-search-card__location\"><br \/>\n            Greater Ribeir\u00e3o Preto<br \/>\n          <\/span><\/p>\n<div class=\"job-posting-benefits text-sm\">\n        <icon class=\"job-posting-benefits__icon\" data-delayed-url=\"https:\/\/static.licdn.com\/aero-v1\/sc\/h\/8zmuwb93gzlb935fk4ao4z779\" data-svg-class-name=\"job-posting-benefits__icon-svg\"><\/icon><br \/>\n        <span class=\"job-posting-benefits__text\"><br \/>\n          Be an early applicant<br \/>\n<!---->        <\/span>\n      <\/div>\n<p>          <time class=\"job-search-card__listdate\" datetime=\"2024-11-22\"><\/p>\n<p>      3 days ago<\/p>\n<p>          <\/time><\/p>\n<p><!---->\n            <\/div>\n<\/p><\/div>\n<p><!---->      <\/p><\/div>\n<\/li>\n<li>\n<div class=\"base-card relative w-full hover:no-underline focus:no-underline base-card--link base-search-card base-search-card--link job-search-card\" data-entity-urn=\"urn:li:jobPosting:4067453384\" data-impression-id=\"jobs-search-desktop-40\" data-reference-id=\"6Kj4cQ1N4AfmrK7gB36Uxg==\" data-tracking-id=\"p6hGZc4OW+OLF7ELM\/Nn8g==\" data-column=\"1\" data-row=\"41\">\n<p>        <a class=\"base-card__full-link absolute top-0 right-0 bottom-0 left-0 p-0 z-[2]\" href=\"https:\/\/br.linkedin.com\/jobs\/view\/supervisor-de-despesas-e-viagens-at-adm-4067453384?position=41&amp;pageNum=0&amp;refId=6Kj4cQ1N4AfmrK7gB36Uxg%3D%3D&amp;trackingId=p6hGZc4OW%2BOLF7ELM%2FNn8g%3D%3D\" data-tracking-control-name=\"public_jobs_jserp-result_search-card\" data-tracking-client-ingraph data-tracking-will-navigate><\/p>\n<p>          <span class=\"sr-only\"><\/p>\n<p>        Supervisor de Despesas e Viagens<\/p>\n<p>          <\/span><br \/>\n        <\/a><\/p>\n<div class=\"search-entity-media\">\n<p>      <img class=\"artdeco-entity-image artdeco-entity-image--square-4\n          \" data-delayed-url=\"https:\/\/media.licdn.com\/dms\/image\/v2\/C560BAQG0X_qChwy0vg\/company-logo_100_100\/company-logo_100_100\/0\/1656694101135\/adm_logo?e=2147483647&amp;v=beta&amp;t=f0QK4otPEW3pj6Np_rtYfMvaKkzVSn-1zQJB54Q1kHQ\" data-ghost-classes=\"artdeco-entity-image--ghost\" data-ghost-url=\"https:\/\/static.licdn.com\/aero-v1\/sc\/h\/6puxblwmhnodu6fjircz4dn4h\" alt><\/p><\/div>\n<div class=\"base-search-card__info\">\n<h3 class=\"base-search-card__title\">\n<p>        Supervisor de Despesas e Viagens<\/p>\n<\/h3>\n<h4 class=\"base-search-card__subtitle\">\n<p>          <a class=\"hidden-nested-link\" data-tracking-client-ingraph data-tracking-control-name=\"public_jobs_jserp-result_job-search-card-subtitle\" data-tracking-will-navigate href=\"https:\/\/www.linkedin.com\/company\/adm?trk=public_jobs_jserp-result_job-search-card-subtitle\"><br \/>\n            ADM<br \/>\n          <\/a><\/p>\n<\/h4>\n<p><!----><\/p>\n<div class=\"base-search-card__metadata\">\n<p>          <span class=\"job-search-card__location\"><br \/>\n            Ribeir\u00e3o Preto, S\u00e3o Paulo, Brazil<br \/>\n          <\/span><\/p>\n<div class=\"job-posting-benefits text-sm\">\n        <icon class=\"job-posting-benefits__icon\" data-delayed-url=\"https:\/\/static.licdn.com\/aero-v1\/sc\/h\/3p1v0uhy7uq0cm5zdvzp4eo18\" data-svg-class-name=\"job-posting-benefits__icon-svg\"><\/icon><br \/>\n        <span class=\"job-posting-benefits__text\"><br \/>\n          Actively Hiring<br \/>\n<!---->        <\/span>\n      <\/div>\n<p>          <time class=\"job-search-card__listdate\" datetime=\"2024-11-06\"><\/p>\n<p>      2 weeks ago<\/p>\n<p>          <\/time><\/p>\n<p><!---->\n            <\/div>\n<\/p><\/div>\n<p><!---->      <\/p><\/div>\n<\/li>\n<li>\n<div class=\"base-card relative w-full hover:no-underline focus:no-underline base-card--link base-search-card base-search-card--link job-search-card\" data-entity-urn=\"urn:li:jobPosting:4083026030\" data-impression-id=\"jobs-search-desktop-41\" data-reference-id=\"6Kj4cQ1N4AfmrK7gB36Uxg==\" data-tracking-id=\"RQ4S4194pYQfZLZYSXjNqA==\" data-column=\"1\" data-row=\"42\">\n<p>        <a class=\"base-card__full-link absolute top-0 right-0 bottom-0 left-0 p-0 z-[2]\" href=\"https:\/\/br.linkedin.com\/jobs\/view\/analista-de-compras-at-grupo-passalacqua-4083026030?position=42&amp;pageNum=0&amp;refId=6Kj4cQ1N4AfmrK7gB36Uxg%3D%3D&amp;trackingId=RQ4S4194pYQfZLZYSXjNqA%3D%3D\" data-tracking-control-name=\"public_jobs_jserp-result_search-card\" data-tracking-client-ingraph data-tracking-will-navigate><\/p>\n<p>          <span class=\"sr-only\"><\/p>\n<p>        Analista de Compras<\/p>\n<p>          <\/span><br \/>\n        <\/a><\/p>\n<div class=\"search-entity-media\">\n<p>      <img class=\"artdeco-entity-image artdeco-entity-image--square-4\n          \" data-delayed-url=\"https:\/\/media.licdn.com\/dms\/image\/v2\/D4D0BAQGd2SP_4Jqe-w\/company-logo_100_100\/company-logo_100_100\/0\/1706796106140\/grupo_passalacqua_logo?e=2147483647&amp;v=beta&amp;t=G1dbWIB2C1gIdMaalMZ9F835m3-rLGRub4ATExmLq94\" data-ghost-classes=\"artdeco-entity-image--ghost\" data-ghost-url=\"https:\/\/static.licdn.com\/aero-v1\/sc\/h\/6puxblwmhnodu6fjircz4dn4h\" alt><\/p><\/div>\n<div class=\"base-search-card__info\">\n<h3 class=\"base-search-card__title\">\n<p>        Analista de Compras<\/p>\n<\/h3>\n<h4 class=\"base-search-card__subtitle\">\n<p>          <a class=\"hidden-nested-link\" data-tracking-client-ingraph data-tracking-control-name=\"public_jobs_jserp-result_job-search-card-subtitle\" data-tracking-will-navigate href=\"https:\/\/br.linkedin.com\/company\/grupo-passalacqua?trk=public_jobs_jserp-result_job-search-card-subtitle\"><br \/>\n            Grupo Passalacqua<br \/>\n          <\/a><\/p>\n<\/h4>\n<p><!----><\/p>\n<div class=\"base-search-card__metadata\">\n<p>          <span class=\"job-search-card__location\"><br \/>\n            Ribeir\u00e3o Preto, S\u00e3o Paulo, Brazil<br \/>\n          <\/span><\/p>\n<div class=\"job-posting-benefits text-sm\">\n        <icon class=\"job-posting-benefits__icon\" data-delayed-url=\"https:\/\/static.licdn.com\/aero-v1\/sc\/h\/8zmuwb93gzlb935fk4ao4z779\" data-svg-class-name=\"job-posting-benefits__icon-svg\"><\/icon><br \/>\n        <span class=\"job-posting-benefits__text\"><br \/>\n          Be an early applicant<br \/>\n<!---->        <\/span>\n      <\/div>\n<p>          <time class=\"job-search-card__listdate--new\" datetime=\"2024-11-25\"><\/p>\n<p>      3 hours ago<\/p>\n<p>          <\/time><\/p>\n<p><!---->\n            <\/div>\n<\/p><\/div>\n<p><!---->      <\/p><\/div>\n<\/li>\n<li>\n<div class=\"base-card relative w-full hover:no-underline focus:no-underline base-card--link base-search-card base-search-card--link job-search-card\" data-entity-urn=\"urn:li:jobPosting:4078477949\" data-impression-id=\"jobs-search-desktop-42\" data-reference-id=\"6Kj4cQ1N4AfmrK7gB36Uxg==\" data-tracking-id=\"cqnUG8edOuyk\/bzY\/eN16Q==\" data-column=\"1\" data-row=\"43\">\n<p>        <a class=\"base-card__full-link absolute top-0 right-0 bottom-0 left-0 p-0 z-[2]\" href=\"https:\/\/br.linkedin.com\/jobs\/view\/assistente-de-compras-mafra-especialidades-ribeir%C3%A3o-preto-sp-at-viveo-4078477949?position=43&amp;pageNum=0&amp;refId=6Kj4cQ1N4AfmrK7gB36Uxg%3D%3D&amp;trackingId=cqnUG8edOuyk%2FbzY%2FeN16Q%3D%3D\" data-tracking-control-name=\"public_jobs_jserp-result_search-card\" data-tracking-client-ingraph data-tracking-will-navigate><\/p>\n<p>          <span class=\"sr-only\"><\/p>\n<p>        Assistente de Compras | Mafra Especialidades | Ribeir\u00e3o Preto &#8211; SP<\/p>\n<p>          <\/span><br \/>\n        <\/a><\/p>\n<div class=\"search-entity-media\">\n<p>      <img class=\"artdeco-entity-image artdeco-entity-image--square-4\n          \" data-delayed-url=\"https:\/\/media.licdn.com\/dms\/image\/v2\/C4D0BAQF7ti0nEPYEOQ\/company-logo_100_100\/company-logo_100_100\/0\/1630556268763\/viveosaude_logo?e=2147483647&amp;v=beta&amp;t=SdvY7j3veRVUDFtDwVbogCoiR-LaU1DfH5OuKL-4M8U\" data-ghost-classes=\"artdeco-entity-image--ghost\" data-ghost-url=\"https:\/\/static.licdn.com\/aero-v1\/sc\/h\/6puxblwmhnodu6fjircz4dn4h\" alt><\/p><\/div>\n<div class=\"base-search-card__info\">\n<h3 class=\"base-search-card__title\">\n<p>        Assistente de Compras | Mafra Especialidades | Ribeir\u00e3o Preto &#8211; SP<\/p>\n<\/h3>\n<h4 class=\"base-search-card__subtitle\">\n<p>          <a class=\"hidden-nested-link\" data-tracking-client-ingraph data-tracking-control-name=\"public_jobs_jserp-result_job-search-card-subtitle\" data-tracking-will-navigate href=\"https:\/\/br.linkedin.com\/company\/viveooficial?trk=public_jobs_jserp-result_job-search-card-subtitle\"><br \/>\n            Viveo<br \/>\n          <\/a><\/p>\n<\/h4>\n<p><!----><\/p>\n<div class=\"base-search-card__metadata\">\n<p>          <span class=\"job-search-card__location\"><br \/>\n            Ribeir\u00e3o Preto, S\u00e3o Paulo, Brazil<br \/>\n          <\/span><\/p>\n<div class=\"job-posting-benefits text-sm\">\n        <icon class=\"job-posting-benefits__icon\" data-delayed-url=\"https:\/\/static.licdn.com\/aero-v1\/sc\/h\/3p1v0uhy7uq0cm5zdvzp4eo18\" data-svg-class-name=\"job-posting-benefits__icon-svg\"><\/icon><br \/>\n        <span class=\"job-posting-benefits__text\"><br \/>\n          Actively Hiring<br \/>\n<!---->        <\/span>\n      <\/div>\n<p>          <time class=\"job-search-card__listdate\" datetime=\"2024-11-20\"><\/p>\n<p>      5 days ago<\/p>\n<p>          <\/time><\/p>\n<p><!---->\n            <\/div>\n<\/p><\/div>\n<p><!---->      <\/p><\/div>\n<\/li>\n<li>\n<div class=\"base-card relative w-full hover:no-underline focus:no-underline base-card--link base-search-card base-search-card--link job-search-card\" data-entity-urn=\"urn:li:jobPosting:4080700687\" data-impression-id=\"jobs-search-desktop-43\" data-reference-id=\"6Kj4cQ1N4AfmrK7gB36Uxg==\" data-tracking-id=\"1SQXDYjgGr3oUjBkDfmNRg==\" data-column=\"1\" data-row=\"44\">\n<p>        <a class=\"base-card__full-link absolute top-0 right-0 bottom-0 left-0 p-0 z-[2]\" href=\"https:\/\/br.linkedin.com\/jobs\/view\/auxiliar-de-log%C3%ADstica-sp-at-matriz-rh-4080700687?position=44&amp;pageNum=0&amp;refId=6Kj4cQ1N4AfmrK7gB36Uxg%3D%3D&amp;trackingId=1SQXDYjgGr3oUjBkDfmNRg%3D%3D\" data-tracking-control-name=\"public_jobs_jserp-result_search-card\" data-tracking-client-ingraph data-tracking-will-navigate><\/p>\n<p>          <span class=\"sr-only\"><\/p>\n<p>        Auxiliar de Log\u00edstica &#8211; SP<\/p>\n<p>          <\/span><br \/>\n        <\/a><\/p>\n<div class=\"search-entity-media\">\n<p>      <img class=\"artdeco-entity-image artdeco-entity-image--square-4\n          \" data-delayed-url=\"https:\/\/media.licdn.com\/dms\/image\/v2\/D4D0BAQH_pa-E-qXBvg\/company-logo_100_100\/company-logo_100_100\/0\/1693400023885\/matrizrh_logo?e=2147483647&amp;v=beta&amp;t=FWR0N4ZK_N3WpMkq3V5Rg4CTHuoWuCmOt5YcEFz4QWg\" data-ghost-classes=\"artdeco-entity-image--ghost\" data-ghost-url=\"https:\/\/static.licdn.com\/aero-v1\/sc\/h\/6puxblwmhnodu6fjircz4dn4h\" alt><\/p><\/div>\n<div class=\"base-search-card__info\">\n<h3 class=\"base-search-card__title\">\n<p>        Auxiliar de Log\u00edstica &#8211; SP<\/p>\n<\/h3>\n<h4 class=\"base-search-card__subtitle\">\n<p>          <a class=\"hidden-nested-link\" data-tracking-client-ingraph data-tracking-control-name=\"public_jobs_jserp-result_job-search-card-subtitle\" data-tracking-will-navigate href=\"https:\/\/br.linkedin.com\/company\/matrizrh?trk=public_jobs_jserp-result_job-search-card-subtitle\"><br \/>\n            Matriz RH<br \/>\n          <\/a><\/p>\n<\/h4>\n<p><!----><\/p>\n<div class=\"base-search-card__metadata\">\n<p>          <span class=\"job-search-card__location\"><br \/>\n            Greater Ribeir\u00e3o Preto<br \/>\n          <\/span><\/p>\n<div class=\"job-posting-benefits text-sm\">\n        <icon class=\"job-posting-benefits__icon\" data-delayed-url=\"https:\/\/static.licdn.com\/aero-v1\/sc\/h\/8zmuwb93gzlb935fk4ao4z779\" data-svg-class-name=\"job-posting-benefits__icon-svg\"><\/icon><br \/>\n        <span class=\"job-posting-benefits__text\"><br \/>\n          Be an early applicant<br \/>\n<!---->        <\/span>\n      <\/div>\n<p>          <time class=\"job-search-card__listdate\" datetime=\"2024-11-22\"><\/p>\n<p>      3 days ago<\/p>\n<p>          <\/time><\/p>\n<p><!---->\n            <\/div>\n<\/p><\/div>\n<p><!---->      <\/p><\/div>\n<\/li>\n<li>\n<div class=\"base-card relative w-full hover:no-underline focus:no-underline base-card--link base-search-card base-search-card--link job-search-card\" data-entity-urn=\"urn:li:jobPosting:4056283321\" data-impression-id=\"jobs-search-desktop-44\" data-reference-id=\"6Kj4cQ1N4AfmrK7gB36Uxg==\" data-tracking-id=\"YigLPgE0mgITRowNqFQZOw==\" data-column=\"1\" data-row=\"45\">\n<p>        <a class=\"base-card__full-link absolute top-0 right-0 bottom-0 left-0 p-0 z-[2]\" href=\"https:\/\/br.linkedin.com\/jobs\/view\/assistente-operacional-r-preto-at-gat-log%C3%ADstica-4056283321?position=45&amp;pageNum=0&amp;refId=6Kj4cQ1N4AfmrK7gB36Uxg%3D%3D&amp;trackingId=YigLPgE0mgITRowNqFQZOw%3D%3D\" data-tracking-control-name=\"public_jobs_jserp-result_search-card\" data-tracking-client-ingraph data-tracking-will-navigate><\/p>\n<p>          <span class=\"sr-only\"><\/p>\n<p>        ASSISTENTE OPERACIONAL &#8211; R.PRETO<\/p>\n<p>          <\/span><br \/>\n        <\/a><\/p>\n<div class=\"search-entity-media\">\n<p>      <img class=\"artdeco-entity-image artdeco-entity-image--square-4\n          \" data-delayed-url=\"https:\/\/media.licdn.com\/dms\/image\/v2\/C4D0BAQE15iTz0XLvtA\/company-logo_100_100\/company-logo_100_100\/0\/1669319236193\/gatlogistica_logo?e=2147483647&amp;v=beta&amp;t=4XTk_Ij8tZoA_ra-T4JevNi5DmlsFIY3VUO9KEzH9uI\" data-ghost-classes=\"artdeco-entity-image--ghost\" data-ghost-url=\"https:\/\/static.licdn.com\/aero-v1\/sc\/h\/6puxblwmhnodu6fjircz4dn4h\" alt><\/p><\/div>\n<div class=\"base-search-card__info\">\n<h3 class=\"base-search-card__title\">\n<p>        ASSISTENTE OPERACIONAL &#8211; R.PRETO<\/p>\n<\/h3>\n<h4 class=\"base-search-card__subtitle\">\n<p>          <a class=\"hidden-nested-link\" data-tracking-client-ingraph data-tracking-control-name=\"public_jobs_jserp-result_job-search-card-subtitle\" data-tracking-will-navigate href=\"https:\/\/br.linkedin.com\/company\/gatlogistica?trk=public_jobs_jserp-result_job-search-card-subtitle\"><br \/>\n            GAT LOG\u00cdSTICA<br \/>\n          <\/a><\/p>\n<\/h4>\n<p><!----><\/p>\n<div class=\"base-search-card__metadata\">\n<p>          <span class=\"job-search-card__location\"><br \/>\n            Ribeir\u00e3o Preto, S\u00e3o Paulo, Brazil<br \/>\n          <\/span><\/p>\n<div class=\"job-posting-benefits text-sm\">\n        <icon class=\"job-posting-benefits__icon\" data-delayed-url=\"https:\/\/static.licdn.com\/aero-v1\/sc\/h\/8zmuwb93gzlb935fk4ao4z779\" data-svg-class-name=\"job-posting-benefits__icon-svg\"><\/icon><br \/>\n        <span class=\"job-posting-benefits__text\"><br \/>\n          Be an early applicant<br \/>\n<!---->        <\/span>\n      <\/div>\n<p>          <time class=\"job-search-card__listdate\" datetime=\"2024-10-23\"><\/p>\n<p>      1 month ago<\/p>\n<p>          <\/time><\/p>\n<p><!---->\n            <\/div>\n<\/p><\/div>\n<p><!---->      <\/p><\/div>\n<\/li>\n<li>\n<div class=\"base-card relative w-full hover:no-underline focus:no-underline base-card--link base-search-card base-search-card--link job-search-card\" data-entity-urn=\"urn:li:jobPosting:4080486805\" data-impression-id=\"jobs-search-desktop-45\" data-reference-id=\"6Kj4cQ1N4AfmrK7gB36Uxg==\" data-tracking-id=\"jqqRJuBJVbL0I2X0\/WMbfQ==\" data-column=\"1\" data-row=\"46\">\n<p>        <a class=\"base-card__full-link absolute top-0 right-0 bottom-0 left-0 p-0 z-[2]\" href=\"https:\/\/br.linkedin.com\/jobs\/view\/analista-de-opera%C3%A7%C3%B5es-jr-frota-sp-at-concept-desenvolvimento-empresarial-4080486805?position=46&amp;pageNum=0&amp;refId=6Kj4cQ1N4AfmrK7gB36Uxg%3D%3D&amp;trackingId=jqqRJuBJVbL0I2X0%2FWMbfQ%3D%3D\" data-tracking-control-name=\"public_jobs_jserp-result_search-card\" data-tracking-client-ingraph data-tracking-will-navigate><\/p>\n<p>          <span class=\"sr-only\"><\/p>\n<p>        Analista de Opera\u00e7\u00f5es Jr &#8211; Frota &#8211; SP<\/p>\n<p>          <\/span><br \/>\n        <\/a><\/p>\n<div class=\"search-entity-media\">\n<p>      <img class=\"artdeco-entity-image artdeco-entity-image--square-4\n          \" data-delayed-url=\"https:\/\/media.licdn.com\/dms\/image\/v2\/C4D0BAQEo1fm7925F1A\/company-logo_100_100\/company-logo_100_100\/0\/1658865817625\/conceptdesenvolvimento_logo?e=2147483647&amp;v=beta&amp;t=UvHvRClAi2u3-ltE1ls_eAwR2wmWQVvaKfIT18ib2Ms\" data-ghost-classes=\"artdeco-entity-image--ghost\" data-ghost-url=\"https:\/\/static.licdn.com\/aero-v1\/sc\/h\/6puxblwmhnodu6fjircz4dn4h\" alt><\/p><\/div>\n<div class=\"base-search-card__info\">\n<h3 class=\"base-search-card__title\">\n<p>        Analista de Opera\u00e7\u00f5es Jr &#8211; Frota &#8211; SP<\/p>\n<\/h3>\n<h4 class=\"base-search-card__subtitle\">\n<p>          <a class=\"hidden-nested-link\" data-tracking-client-ingraph data-tracking-control-name=\"public_jobs_jserp-result_job-search-card-subtitle\" data-tracking-will-navigate href=\"https:\/\/br.linkedin.com\/company\/conceptdesenvolvimento?trk=public_jobs_jserp-result_job-search-card-subtitle\"><br \/>\n            Concept Desenvolvimento Empresarial<br \/>\n          <\/a><\/p>\n<\/h4>\n<p><!----><\/p>\n<div class=\"base-search-card__metadata\">\n<p>          <span class=\"job-search-card__location\"><br \/>\n            Greater Ribeir\u00e3o Preto<br \/>\n          <\/span><\/p>\n<div class=\"job-posting-benefits text-sm\">\n        <icon class=\"job-posting-benefits__icon\" data-delayed-url=\"https:\/\/static.licdn.com\/aero-v1\/sc\/h\/8zmuwb93gzlb935fk4ao4z779\" data-svg-class-name=\"job-posting-benefits__icon-svg\"><\/icon><br \/>\n        <span class=\"job-posting-benefits__text\"><br \/>\n          Be an early applicant<br \/>\n<!---->        <\/span>\n      <\/div>\n<p>          <time class=\"job-search-card__listdate\" datetime=\"2024-11-22\"><\/p>\n<p>      3 days ago<\/p>\n<p>          <\/time><\/p>\n<p><!---->\n            <\/div>\n<\/p><\/div>\n<p><!---->      <\/p><\/div>\n<\/li>\n<li>\n<div class=\"base-card relative w-full hover:no-underline focus:no-underline base-card--link base-search-card base-search-card--link job-search-card\" data-entity-urn=\"urn:li:jobPosting:4058948270\" data-impression-id=\"jobs-search-desktop-46\" data-reference-id=\"6Kj4cQ1N4AfmrK7gB36Uxg==\" data-tracking-id=\"8k27dC+\/0kDgLz+75iyUqg==\" data-column=\"1\" data-row=\"47\">\n<p>        <a class=\"base-card__full-link absolute top-0 right-0 bottom-0 left-0 p-0 z-[2]\" href=\"https:\/\/br.linkedin.com\/jobs\/view\/assistente-administrativo-transporte-at-ebeg-4058948270?position=47&amp;pageNum=0&amp;refId=6Kj4cQ1N4AfmrK7gB36Uxg%3D%3D&amp;trackingId=8k27dC%2B%2F0kDgLz%2B75iyUqg%3D%3D\" data-tracking-control-name=\"public_jobs_jserp-result_search-card\" data-tracking-client-ingraph data-tracking-will-navigate><\/p>\n<p>          <span class=\"sr-only\"><\/p>\n<p>        Assistente Administrativo (Transporte)<\/p>\n<p>          <\/span><br \/>\n        <\/a><\/p>\n<div class=\"search-entity-media\">\n<p>      <img class=\"artdeco-entity-image artdeco-entity-image--square-4\n          \" data-delayed-url=\"https:\/\/media.licdn.com\/dms\/image\/v2\/D4D0BAQF_FMfzXjjltQ\/company-logo_100_100\/company-logo_100_100\/0\/1698852476805\/ebeg_logo?e=2147483647&amp;v=beta&amp;t=PE3Cg86ham9akLx9l4mQX7ini-jDdRHA2hWSXaoDxXQ\" data-ghost-classes=\"artdeco-entity-image--ghost\" data-ghost-url=\"https:\/\/static.licdn.com\/aero-v1\/sc\/h\/6puxblwmhnodu6fjircz4dn4h\" alt><\/p><\/div>\n<div class=\"base-search-card__info\">\n<h3 class=\"base-search-card__title\">\n<p>        Assistente Administrativo (Transporte)<\/p>\n<\/h3>\n<h4 class=\"base-search-card__subtitle\">\n<p>          <a class=\"hidden-nested-link\" data-tracking-client-ingraph data-tracking-control-name=\"public_jobs_jserp-result_job-search-card-subtitle\" data-tracking-will-navigate href=\"https:\/\/www.linkedin.com\/company\/ebeg?trk=public_jobs_jserp-result_job-search-card-subtitle\"><br \/>\n            EBEG<br \/>\n          <\/a><\/p>\n<\/h4>\n<p><!----><\/p>\n<div class=\"base-search-card__metadata\">\n<p>          <span class=\"job-search-card__location\"><br \/>\n            Ribeir\u00e3o Preto, S\u00e3o Paulo, Brazil<br \/>\n          <\/span><\/p>\n<div class=\"job-posting-benefits text-sm\">\n        <icon class=\"job-posting-benefits__icon\" data-delayed-url=\"https:\/\/static.licdn.com\/aero-v1\/sc\/h\/3p1v0uhy7uq0cm5zdvzp4eo18\" data-svg-class-name=\"job-posting-benefits__icon-svg\"><\/icon><br \/>\n        <span class=\"job-posting-benefits__text\"><br \/>\n          Actively Hiring<br \/>\n<!---->        <\/span>\n      <\/div>\n<p>          <time class=\"job-search-card__listdate\" datetime=\"2024-10-24\"><\/p>\n<p>      1 month ago<\/p>\n<p>          <\/time><\/p>\n<p><!---->\n            <\/div>\n<\/p><\/div>\n<p><!---->      <\/p><\/div>\n<\/li>\n<li>\n<p>      <a href=\"https:\/\/br.linkedin.com\/jobs\/view\/ajudante-de-carga-e-descarga-4037768185?position=48&amp;pageNum=0&amp;refId=6Kj4cQ1N4AfmrK7gB36Uxg%3D%3D&amp;trackingId=jPvAc%2Fnhd%2BvT3IOHp3hegw%3D%3D&amp;trk=public_jobs_jserp-result_search-card\" target=\"_self\" data-impression-id=\"jobs-search-desktop-47\" data-tracking-control-name=\"public_jobs_jserp-result_search-card\" data-tracking-will-navigate class=\"base-card relative w-full hover:no-underline focus:no-underline base-card--link base-search-card base-search-card--link job-search-card\" data-tracking-client-ingraph data-entity-urn=\"urn:li:jobPosting:4037768185\" data-reference-id=\"6Kj4cQ1N4AfmrK7gB36Uxg==\" data-tracking-id=\"jPvAc\/nhd+vT3IOHp3hegw==\" data-column=\"1\" data-row=\"48\"><\/p>\n<p><!----><\/p>\n<div class=\"search-entity-media\">\n<p>      <img class=\"artdeco-entity-image artdeco-entity-image--square-4\n          artdeco-entity-image--ghost\" data-delayed-url=\"https:\/\/static.licdn.com\/aero-v1\/sc\/h\/6puxblwmhnodu6fjircz4dn4h\" data-ghost-classes=\"artdeco-entity-image--ghost\" data-ghost-url=\"https:\/\/static.licdn.com\/aero-v1\/sc\/h\/6puxblwmhnodu6fjircz4dn4h\" alt><\/p><\/div>\n<div class=\"base-search-card__info\">\n<h3 class=\"base-search-card__title\">\n<p>        Ajudante de Carga e Descarga<\/p>\n<\/h3>\n<h4 class=\"base-search-card__subtitle\">\n<p>          Metax domus . Elevadoras . Ficoromiantas . Formnas<\/p>\n<\/h4>\n<p><!----><\/p>\n<div class=\"base-search-card__metadata\">\n<p>          <span class=\"job-search-card__location\"><br \/>\n            Ribeir\u00e3o Preto, S\u00e3o Paulo, Brazil<br \/>\n          <\/span><\/p>\n<div class=\"job-posting-benefits text-sm\">\n        <icon class=\"job-posting-benefits__icon\" data-delayed-url=\"https:\/\/static.licdn.com\/aero-v1\/sc\/h\/8zmuwb93gzlb935fk4ao4z779\" data-svg-class-name=\"job-posting-benefits__icon-svg\"><\/icon><br \/>\n        <span class=\"job-posting-benefits__text\"><br \/>\n          Be an early applicant<br \/>\n<!---->        <\/span>\n      <\/div>\n<p>          <time class=\"job-search-card__listdate\" datetime=\"2024-10-01\"><\/p>\n<p>      1 month ago<\/p>\n<p>          <\/time><\/p>\n<p><!---->\n            <\/div>\n<\/p><\/div>\n<p><!---->      <\/p>\n<p>      <\/a><\/p>\n<\/li>\n<li>\n<div class=\"base-card relative w-full hover:no-underline focus:no-underline base-card--link base-search-card base-search-card--link job-search-card\" data-entity-urn=\"urn:li:jobPosting:4062305216\" data-impression-id=\"jobs-search-desktop-48\" data-reference-id=\"6Kj4cQ1N4AfmrK7gB36Uxg==\" data-tracking-id=\"fHxtBxNozWtmfqDtRUS+ww==\" data-column=\"1\" data-row=\"49\">\n<p>        <a class=\"base-card__full-link absolute top-0 right-0 bottom-0 left-0 p-0 z-[2]\" href=\"https:\/\/br.linkedin.com\/jobs\/view\/pulmer-auxiliar-administrativo-de-log%C3%ADstica-rib-preto-sp-at-braveo-4062305216?position=49&amp;pageNum=0&amp;refId=6Kj4cQ1N4AfmrK7gB36Uxg%3D%3D&amp;trackingId=fHxtBxNozWtmfqDtRUS%2Bww%3D%3D\" data-tracking-control-name=\"public_jobs_jserp-result_search-card\" data-tracking-client-ingraph data-tracking-will-navigate><\/p>\n<p>          <span class=\"sr-only\"><\/p>\n<p>        Pulmer- Auxiliar Administrativo de Log\u00edstica- Rib. Preto\/SP<\/p>\n<p>          <\/span><br \/>\n        <\/a><\/p>\n<div class=\"search-entity-media\">\n<p>      <img class=\"artdeco-entity-image artdeco-entity-image--square-4\n          \" data-delayed-url=\"https:\/\/media.licdn.com\/dms\/image\/v2\/C4D0BAQG1Blb0DH8aBw\/company-logo_100_100\/company-logo_100_100\/0\/1645466665527?e=2147483647&amp;v=beta&amp;t=W-jtZIDKABWqY_PNGeLzAzRs3h4lxOKPu7xzBtdvsHs\" data-ghost-classes=\"artdeco-entity-image--ghost\" data-ghost-url=\"https:\/\/static.licdn.com\/aero-v1\/sc\/h\/6puxblwmhnodu6fjircz4dn4h\" alt><\/p><\/div>\n<div class=\"base-search-card__info\">\n<h3 class=\"base-search-card__title\">\n<p>        Pulmer- Auxiliar Administrativo de Log\u00edstica- Rib. Preto\/SP<\/p>\n<\/h3>\n<h4 class=\"base-search-card__subtitle\">\n<p>          <a class=\"hidden-nested-link\" data-tracking-client-ingraph data-tracking-control-name=\"public_jobs_jserp-result_job-search-card-subtitle\" data-tracking-will-navigate href=\"https:\/\/br.linkedin.com\/company\/braveo-oficial?trk=public_jobs_jserp-result_job-search-card-subtitle\"><br \/>\n            Braveo<br \/>\n          <\/a><\/p>\n<\/h4>\n<p><!----><\/p>\n<div class=\"base-search-card__metadata\">\n<p>          <span class=\"job-search-card__location\"><br \/>\n            Ribeir\u00e3o Preto, S\u00e3o Paulo, Brazil<br \/>\n          <\/span><\/p>\n<p><!---->  <\/p>\n<p>          <time class=\"job-search-card__listdate\" datetime=\"2024-10-30\"><\/p>\n<p>      3 weeks ago<\/p>\n<p>          <\/time><\/p>\n<p><!---->\n            <\/div>\n<\/p><\/div>\n<p><!---->      <\/p><\/div>\n<\/li>\n<li>\n<div class=\"base-card relative w-full hover:no-underline focus:no-underline base-card--link base-search-card base-search-card--link job-search-card\" data-entity-urn=\"urn:li:jobPosting:4058719504\" data-impression-id=\"jobs-search-desktop-49\" data-reference-id=\"6Kj4cQ1N4AfmrK7gB36Uxg==\" data-tracking-id=\"iM\/Z0tRmkdwE3xrJiy9+JA==\" data-column=\"1\" data-row=\"50\">\n<p>        <a class=\"base-card__full-link absolute top-0 right-0 bottom-0 left-0 p-0 z-[2]\" href=\"https:\/\/br.linkedin.com\/jobs\/view\/analista-de-opera%C3%A7%C3%B5es-jr-frota-at-concept-desenvolvimento-empresarial-4058719504?position=50&amp;pageNum=0&amp;refId=6Kj4cQ1N4AfmrK7gB36Uxg%3D%3D&amp;trackingId=iM%2FZ0tRmkdwE3xrJiy9%2BJA%3D%3D\" data-tracking-control-name=\"public_jobs_jserp-result_search-card\" data-tracking-client-ingraph data-tracking-will-navigate><\/p>\n<p>          <span class=\"sr-only\"><\/p>\n<p>        Analista de Opera\u00e7\u00f5es Jr &#8211; Frota<\/p>\n<p>          <\/span><br \/>\n        <\/a><\/p>\n<div class=\"search-entity-media\">\n<p>      <img class=\"artdeco-entity-image artdeco-entity-image--square-4\n          \" data-delayed-url=\"https:\/\/media.licdn.com\/dms\/image\/v2\/C4D0BAQEo1fm7925F1A\/company-logo_100_100\/company-logo_100_100\/0\/1658865817625\/conceptdesenvolvimento_logo?e=2147483647&amp;v=beta&amp;t=UvHvRClAi2u3-ltE1ls_eAwR2wmWQVvaKfIT18ib2Ms\" data-ghost-classes=\"artdeco-entity-image--ghost\" data-ghost-url=\"https:\/\/static.licdn.com\/aero-v1\/sc\/h\/6puxblwmhnodu6fjircz4dn4h\" alt><\/p><\/div>\n<div class=\"base-search-card__info\">\n<h3 class=\"base-search-card__title\">\n<p>        Analista de Opera\u00e7\u00f5es Jr &#8211; Frota<\/p>\n<\/h3>\n<h4 class=\"base-search-card__subtitle\">\n<p>          <a class=\"hidden-nested-link\" data-tracking-client-ingraph data-tracking-control-name=\"public_jobs_jserp-result_job-search-card-subtitle\" data-tracking-will-navigate href=\"https:\/\/br.linkedin.com\/company\/conceptdesenvolvimento?trk=public_jobs_jserp-result_job-search-card-subtitle\"><br \/>\n            Concept Desenvolvimento Empresarial<br \/>\n          <\/a><\/p>\n<\/h4>\n<p><!----><\/p>\n<div class=\"base-search-card__metadata\">\n<p>          <span class=\"job-search-card__location\"><br \/>\n            Ribeir\u00e3o Preto, S\u00e3o Paulo, Brazil<br \/>\n          <\/span><\/p>\n<p><!---->  <\/p>\n<p>          <time class=\"job-search-card__listdate\" datetime=\"2024-10-24\"><\/p>\n<p>      1 month ago<\/p>\n<p>          <\/time><\/p>\n<p><!---->\n            <\/div>\n<\/p><\/div>\n<p><!---->      <\/p><\/div>\n<\/li>\n<li>\n<p>      <a href=\"https:\/\/br.linkedin.com\/jobs\/view\/auxiliar-log%C3%ADstico-sp-4080498853?position=51&amp;pageNum=0&amp;refId=6Kj4cQ1N4AfmrK7gB36Uxg%3D%3D&amp;trackingId=aj50u478lsdMjS5o1XK7hg%3D%3D&amp;trk=public_jobs_jserp-result_search-card\" target=\"_self\" data-impression-id=\"jobs-search-desktop-50\" data-tracking-control-name=\"public_jobs_jserp-result_search-card\" data-tracking-will-navigate class=\"base-card relative w-full hover:no-underline focus:no-underline base-card--link base-search-card base-search-card--link job-search-card\" data-tracking-client-ingraph data-entity-urn=\"urn:li:jobPosting:4080498853\" data-reference-id=\"6Kj4cQ1N4AfmrK7gB36Uxg==\" data-tracking-id=\"aj50u478lsdMjS5o1XK7hg==\" data-column=\"1\" data-row=\"51\"><\/p>\n<p><!----><\/p>\n<div class=\"search-entity-media\">\n<p>      <img class=\"artdeco-entity-image artdeco-entity-image--square-4\n          artdeco-entity-image--ghost\" data-delayed-url=\"https:\/\/static.licdn.com\/aero-v1\/sc\/h\/6puxblwmhnodu6fjircz4dn4h\" data-ghost-classes=\"artdeco-entity-image--ghost\" data-ghost-url=\"https:\/\/static.licdn.com\/aero-v1\/sc\/h\/6puxblwmhnodu6fjircz4dn4h\" alt><\/p><\/div>\n<div class=\"base-search-card__info\">\n<h3 class=\"base-search-card__title\">\n<p>        Auxiliar Log\u00edstico &#8211; SP<\/p>\n<\/h3>\n<h4 class=\"base-search-card__subtitle\">\n<p>          Polly Consultoria em Servi\u00e7os Terceirizados<\/p>\n<\/h4>\n<p><!----><\/p>\n<div class=\"base-search-card__metadata\">\n<p>          <span class=\"job-search-card__location\"><br \/>\n            Greater Ribeir\u00e3o Preto<br \/>\n          <\/span><\/p>\n<div class=\"job-posting-benefits text-sm\">\n        <icon class=\"job-posting-benefits__icon\" data-delayed-url=\"https:\/\/static.licdn.com\/aero-v1\/sc\/h\/8zmuwb93gzlb935fk4ao4z779\" data-svg-class-name=\"job-posting-benefits__icon-svg\"><\/icon><br \/>\n        <span class=\"job-posting-benefits__text\"><br \/>\n          Be an early applicant<br \/>\n<!---->        <\/span>\n      <\/div>\n<p>          <time class=\"job-search-card__listdate\" datetime=\"2024-11-22\"><\/p>\n<p>      3 days ago<\/p>\n<p>          <\/time><\/p>\n<p><!---->\n            <\/div>\n<\/p><\/div>\n<p><!---->      <\/p>\n<p>      <\/a><\/p>\n<\/li>\n<li>\n<div class=\"base-card relative w-full hover:no-underline focus:no-underline base-card--link base-search-card base-search-card--link job-search-card\" data-entity-urn=\"urn:li:jobPosting:4072579201\" data-impression-id=\"jobs-search-desktop-51\" data-reference-id=\"6Kj4cQ1N4AfmrK7gB36Uxg==\" data-tracking-id=\"uqV7MhQdLzOoK8\/9JjnWuQ==\" data-column=\"1\" data-row=\"52\">\n<p>        <a class=\"base-card__full-link absolute top-0 right-0 bottom-0 left-0 p-0 z-[2]\" href=\"https:\/\/br.linkedin.com\/jobs\/view\/analista-administrativo-jr-fac%C3%ADlities-ribeir%C3%A3o-preto-sp-at-medicamental-distribuidora-4072579201?position=52&amp;pageNum=0&amp;refId=6Kj4cQ1N4AfmrK7gB36Uxg%3D%3D&amp;trackingId=uqV7MhQdLzOoK8%2F9JjnWuQ%3D%3D\" data-tracking-control-name=\"public_jobs_jserp-result_search-card\" data-tracking-client-ingraph data-tracking-will-navigate><\/p>\n<p>          <span class=\"sr-only\"><\/p>\n<p>        Analista Administrativo Jr. (Fac\u00edlities) | Ribeir\u00e3o Preto &#8211; SP<\/p>\n<p>          <\/span><br \/>\n        <\/a><\/p>\n<div class=\"search-entity-media\">\n<p>      <img class=\"artdeco-entity-image artdeco-entity-image--square-4\n          \" data-delayed-url=\"https:\/\/media.licdn.com\/dms\/image\/v2\/C4D0BAQHsEY4Wsg5Yzw\/company-logo_100_100\/company-logo_100_100\/0\/1630572192530\/medicamentaldistribuidora_logo?e=2147483647&amp;v=beta&amp;t=Oq1kM12M9CjRQxSq9hYKRL_0JckIaoGaGKX-bkrFmUM\" data-ghost-classes=\"artdeco-entity-image--ghost\" data-ghost-url=\"https:\/\/static.licdn.com\/aero-v1\/sc\/h\/6puxblwmhnodu6fjircz4dn4h\" alt><\/p><\/div>\n<div class=\"base-search-card__info\">\n<h3 class=\"base-search-card__title\">\n<p>        Analista Administrativo Jr. (Fac\u00edlities) | Ribeir\u00e3o Preto &#8211; SP<\/p>\n<\/h3>\n<h4 class=\"base-search-card__subtitle\">\n<p>          <a class=\"hidden-nested-link\" data-tracking-client-ingraph data-tracking-control-name=\"public_jobs_jserp-result_job-search-card-subtitle\" data-tracking-will-navigate href=\"https:\/\/br.linkedin.com\/company\/medicamentaldistribuidora?trk=public_jobs_jserp-result_job-search-card-subtitle\"><br \/>\n            Medicamental Distribuidora<br \/>\n          <\/a><\/p>\n<\/h4>\n<p><!----><\/p>\n<div class=\"base-search-card__metadata\">\n<p>          <span class=\"job-search-card__location\"><br \/>\n            Ribeir\u00e3o Preto, S\u00e3o Paulo, Brazil<br \/>\n          <\/span><\/p>\n<p><!---->  <\/p>\n<p>          <time class=\"job-search-card__listdate\" datetime=\"2024-11-12\"><\/p>\n<p>      1 week ago<\/p>\n<p>          <\/time><\/p>\n<p><!---->\n            <\/div>\n<\/p><\/div>\n<p><!---->      <\/p><\/div>\n<\/li>\n<li>\n<p>      <a href=\"https:\/\/br.linkedin.com\/jobs\/view\/supervisor-de-expedi%C3%A7%C3%A3o-4036384647?position=53&amp;pageNum=0&amp;refId=6Kj4cQ1N4AfmrK7gB36Uxg%3D%3D&amp;trackingId=xI1Hv1z7MmKMdRBQygx%2BVA%3D%3D&amp;trk=public_jobs_jserp-result_search-card\" target=\"_self\" data-impression-id=\"jobs-search-desktop-52\" data-tracking-control-name=\"public_jobs_jserp-result_search-card\" data-tracking-will-navigate class=\"base-card relative w-full hover:no-underline focus:no-underline base-card--link base-search-card base-search-card--link job-search-card\" data-tracking-client-ingraph data-entity-urn=\"urn:li:jobPosting:4036384647\" data-reference-id=\"6Kj4cQ1N4AfmrK7gB36Uxg==\" data-tracking-id=\"xI1Hv1z7MmKMdRBQygx+VA==\" data-column=\"1\" data-row=\"53\"><\/p>\n<p><!----><\/p>\n<div class=\"search-entity-media\">\n<p>      <img class=\"artdeco-entity-image artdeco-entity-image--square-4\n          artdeco-entity-image--ghost\" data-delayed-url=\"https:\/\/static.licdn.com\/aero-v1\/sc\/h\/6puxblwmhnodu6fjircz4dn4h\" data-ghost-classes=\"artdeco-entity-image--ghost\" data-ghost-url=\"https:\/\/static.licdn.com\/aero-v1\/sc\/h\/6puxblwmhnodu6fjircz4dn4h\" alt><\/p><\/div>\n<div class=\"base-search-card__info\">\n<h3 class=\"base-search-card__title\">\n<p>        Supervisor de Expedi\u00e7\u00e3o<\/p>\n<\/h3>\n<h4 class=\"base-search-card__subtitle\">\n<p>          Avel RH Consultoria<\/p>\n<\/h4>\n<p><!----><\/p>\n<div class=\"base-search-card__metadata\">\n<p>          <span class=\"job-search-card__location\"><br \/>\n            Ribeir\u00e3o Preto, S\u00e3o Paulo, Brazil<br \/>\n          <\/span><\/p>\n<p><!---->  <\/p>\n<p>          <time class=\"job-search-card__listdate\" datetime=\"2024-09-30\"><\/p>\n<p>      1 month ago<\/p>\n<p>          <\/time><\/p>\n<p><!---->\n            <\/div>\n<\/p><\/div>\n<p><!---->      <\/p>\n<p>      <\/a><\/p>\n<\/li>\n<li>\n<div class=\"base-card relative w-full hover:no-underline focus:no-underline base-card--link base-search-card base-search-card--link job-search-card\" data-entity-urn=\"urn:li:jobPosting:4080701456\" data-impression-id=\"jobs-search-desktop-53\" data-reference-id=\"6Kj4cQ1N4AfmrK7gB36Uxg==\" data-tracking-id=\"z8uW6YxF8hDJD1CSuC2ngA==\" data-column=\"1\" data-row=\"54\">\n<p>        <a class=\"base-card__full-link absolute top-0 right-0 bottom-0 left-0 p-0 z-[2]\" href=\"https:\/\/br.linkedin.com\/jobs\/view\/operador-de-log%C3%ADstica-i-sp-at-toli-distribuidora-4080701456?position=54&amp;pageNum=0&amp;refId=6Kj4cQ1N4AfmrK7gB36Uxg%3D%3D&amp;trackingId=z8uW6YxF8hDJD1CSuC2ngA%3D%3D\" data-tracking-control-name=\"public_jobs_jserp-result_search-card\" data-tracking-client-ingraph data-tracking-will-navigate><\/p>\n<p>          <span class=\"sr-only\"><\/p>\n<p>        Operador de Log\u00edstica I &#8211; SP<\/p>\n<p>          <\/span><br \/>\n        <\/a><\/p>\n<div class=\"search-entity-media\">\n<p>      <img class=\"artdeco-entity-image artdeco-entity-image--square-4\n          \" data-delayed-url=\"https:\/\/media.licdn.com\/dms\/image\/v2\/D4D0BAQGQOhpc3CvR0Q\/company-logo_100_100\/company-logo_100_100\/0\/1696853281730\/toli_distribuidora_logo?e=2147483647&amp;v=beta&amp;t=goGVnUiAEo43bBQb11F9Zz25ldk8QMRHg13iT04rEEI\" data-ghost-classes=\"artdeco-entity-image--ghost\" data-ghost-url=\"https:\/\/static.licdn.com\/aero-v1\/sc\/h\/6puxblwmhnodu6fjircz4dn4h\" alt><\/p><\/div>\n<div class=\"base-search-card__info\">\n<h3 class=\"base-search-card__title\">\n<p>        Operador de Log\u00edstica I &#8211; SP<\/p>\n<\/h3>\n<h4 class=\"base-search-card__subtitle\">\n<p>          <a class=\"hidden-nested-link\" data-tracking-client-ingraph data-tracking-control-name=\"public_jobs_jserp-result_job-search-card-subtitle\" data-tracking-will-navigate href=\"https:\/\/br.linkedin.com\/company\/toli-distribuidora?trk=public_jobs_jserp-result_job-search-card-subtitle\"><br \/>\n            Toli Distribuidora<br \/>\n          <\/a><\/p>\n<\/h4>\n<p><!----><\/p>\n<div class=\"base-search-card__metadata\">\n<p>          <span class=\"job-search-card__location\"><br \/>\n            Greater Ribeir\u00e3o Preto<br \/>\n          <\/span><\/p>\n<div class=\"job-posting-benefits text-sm\">\n        <icon class=\"job-posting-benefits__icon\" data-delayed-url=\"https:\/\/static.licdn.com\/aero-v1\/sc\/h\/8zmuwb93gzlb935fk4ao4z779\" data-svg-class-name=\"job-posting-benefits__icon-svg\"><\/icon><br \/>\n        <span class=\"job-posting-benefits__text\"><br \/>\n          Be an early applicant<br \/>\n<!---->        <\/span>\n      <\/div>\n<p>          <time class=\"job-search-card__listdate\" datetime=\"2024-11-22\"><\/p>\n<p>      3 days ago<\/p>\n<p>          <\/time><\/p>\n<p><!---->\n            <\/div>\n<\/p><\/div>\n<p><!---->      <\/p><\/div>\n<\/li>\n<li>\n<div class=\"base-card relative w-full hover:no-underline focus:no-underline base-card--link base-search-card base-search-card--link job-search-card\" data-entity-urn=\"urn:li:jobPosting:4077285954\" data-impression-id=\"jobs-search-desktop-54\" data-reference-id=\"6Kj4cQ1N4AfmrK7gB36Uxg==\" data-tracking-id=\"7phr2Ir6+a3B+IW3AUEQog==\" data-column=\"1\" data-row=\"55\">\n<p>        <a class=\"base-card__full-link absolute top-0 right-0 bottom-0 left-0 p-0 z-[2]\" href=\"https:\/\/br.linkedin.com\/jobs\/view\/coordenador-a-do-centro-de-distribui%C3%A7%C3%A3o-ribeir%C3%A3o-preto-sp-at-jti-4077285954?position=55&amp;pageNum=0&amp;refId=6Kj4cQ1N4AfmrK7gB36Uxg%3D%3D&amp;trackingId=7phr2Ir6%2Ba3B%2BIW3AUEQog%3D%3D\" data-tracking-control-name=\"public_jobs_jserp-result_search-card\" data-tracking-client-ingraph data-tracking-will-navigate><\/p>\n<p>          <span class=\"sr-only\"><\/p>\n<p>        Coordenador(a) do Centro de Distribui\u00e7\u00e3o &#8211; Ribeir\u00e3o Preto\/SP<\/p>\n<p>          <\/span><br \/>\n        <\/a><\/p>\n<div class=\"search-entity-media\">\n<p>      <img class=\"artdeco-entity-image artdeco-entity-image--square-4\n          \" data-delayed-url=\"https:\/\/media.licdn.com\/dms\/image\/v2\/C4E0BAQF7sWbNjLJaMw\/company-logo_100_100\/company-logo_100_100\/0\/1630625854560\/jti_logo?e=2147483647&amp;v=beta&amp;t=AE4Aau5qGm9L-gPMqArV3u7yxM4zetNhFaa6_tKszV0\" data-ghost-classes=\"artdeco-entity-image--ghost\" data-ghost-url=\"https:\/\/static.licdn.com\/aero-v1\/sc\/h\/6puxblwmhnodu6fjircz4dn4h\" alt><\/p><\/div>\n<div class=\"base-search-card__info\">\n<h3 class=\"base-search-card__title\">\n<p>        Coordenador(a) do Centro de Distribui\u00e7\u00e3o &#8211; Ribeir\u00e3o Preto\/SP<\/p>\n<\/h3>\n<h4 class=\"base-search-card__subtitle\">\n<p>          <a class=\"hidden-nested-link\" data-tracking-client-ingraph data-tracking-control-name=\"public_jobs_jserp-result_job-search-card-subtitle\" data-tracking-will-navigate href=\"https:\/\/ch.linkedin.com\/company\/jti?trk=public_jobs_jserp-result_job-search-card-subtitle\"><br \/>\n            JTI<br \/>\n          <\/a><\/p>\n<\/h4>\n<p><!----><\/p>\n<div class=\"base-search-card__metadata\">\n<p>          <span class=\"job-search-card__location\"><br \/>\n            Ribeir\u00e3o Preto, S\u00e3o Paulo, Brazil<br \/>\n          <\/span><\/p>\n<div class=\"job-posting-benefits text-sm\">\n        <icon class=\"job-posting-benefits__icon\" data-delayed-url=\"https:\/\/static.licdn.com\/aero-v1\/sc\/h\/3p1v0uhy7uq0cm5zdvzp4eo18\" data-svg-class-name=\"job-posting-benefits__icon-svg\"><\/icon><br \/>\n        <span class=\"job-posting-benefits__text\"><br \/>\n          Actively Hiring<br \/>\n<!---->        <\/span>\n      <\/div>\n<p>          <time class=\"job-search-card__listdate\" datetime=\"2024-11-18\"><\/p>\n<p>      6 days ago<\/p>\n<p>          <\/time><\/p>\n<p><!---->\n            <\/div>\n<\/p><\/div>\n<p><!---->      <\/p><\/div>\n<\/li>\n<li>\n<p>      <a href=\"https:\/\/br.linkedin.com\/jobs\/view\/conferente-expedi%C3%A7%C3%A3o-4075450253?position=56&amp;pageNum=0&amp;refId=6Kj4cQ1N4AfmrK7gB36Uxg%3D%3D&amp;trackingId=urIpJXNFcALi7xIu8p%2BJbg%3D%3D&amp;trk=public_jobs_jserp-result_search-card\" target=\"_self\" data-impression-id=\"jobs-search-desktop-55\" data-tracking-control-name=\"public_jobs_jserp-result_search-card\" data-tracking-will-navigate class=\"base-card relative w-full hover:no-underline focus:no-underline base-card--link base-search-card base-search-card--link job-search-card\" data-tracking-client-ingraph data-entity-urn=\"urn:li:jobPosting:4075450253\" data-reference-id=\"6Kj4cQ1N4AfmrK7gB36Uxg==\" data-tracking-id=\"urIpJXNFcALi7xIu8p+Jbg==\" data-column=\"1\" data-row=\"56\"><\/p>\n<p><!----><\/p>\n<div class=\"search-entity-media\">\n<p>      <img class=\"artdeco-entity-image artdeco-entity-image--square-4\n          artdeco-entity-image--ghost\" data-delayed-url=\"https:\/\/static.licdn.com\/aero-v1\/sc\/h\/6puxblwmhnodu6fjircz4dn4h\" data-ghost-classes=\"artdeco-entity-image--ghost\" data-ghost-url=\"https:\/\/static.licdn.com\/aero-v1\/sc\/h\/6puxblwmhnodu6fjircz4dn4h\" alt><\/p><\/div>\n<div class=\"base-search-card__info\">\n<h3 class=\"base-search-card__title\">\n<p>        Conferente Expedi\u00e7\u00e3o<\/p>\n<\/h3>\n<h4 class=\"base-search-card__subtitle\">\n<p>          GR\u00c1FICA S\u00c3O FRANCISCO<\/p>\n<\/h4>\n<p><!----><\/p>\n<div class=\"base-search-card__metadata\">\n<p>          <span class=\"job-search-card__location\"><br \/>\n            Ribeir\u00e3o Preto, S\u00e3o Paulo, Brazil<br \/>\n          <\/span><\/p>\n<div class=\"job-posting-benefits text-sm\">\n        <icon class=\"job-posting-benefits__icon\" data-delayed-url=\"https:\/\/static.licdn.com\/aero-v1\/sc\/h\/8zmuwb93gzlb935fk4ao4z779\" data-svg-class-name=\"job-posting-benefits__icon-svg\"><\/icon><br \/>\n        <span class=\"job-posting-benefits__text\"><br \/>\n          Be an early applicant<br \/>\n<!---->        <\/span>\n      <\/div>\n<p>          <time class=\"job-search-card__listdate\" datetime=\"2024-11-13\"><\/p>\n<p>      1 week ago<\/p>\n<p>          <\/time><\/p>\n<p><!---->\n            <\/div>\n<\/p><\/div>\n<p><!---->      <\/p>\n<p>      <\/a><\/p>\n<\/li>\n<li>\n<div class=\"base-card relative w-full hover:no-underline focus:no-underline base-card--link base-search-card base-search-card--link job-search-card\" data-entity-urn=\"urn:li:jobPosting:4069346645\" data-impression-id=\"jobs-search-desktop-56\" data-reference-id=\"6Kj4cQ1N4AfmrK7gB36Uxg==\" data-tracking-id=\"fyF2I2mp4v5hb0Z2V0Q5yw==\" data-column=\"1\" data-row=\"57\">\n<p>        <a class=\"base-card__full-link absolute top-0 right-0 bottom-0 left-0 p-0 z-[2]\" href=\"https:\/\/br.linkedin.com\/jobs\/view\/operador-a-de-log%C3%ADstica-menil-patrocinio-ribeir%C3%A3o-preto-sp-at-fortbras-4069346645?position=57&amp;pageNum=0&amp;refId=6Kj4cQ1N4AfmrK7gB36Uxg%3D%3D&amp;trackingId=fyF2I2mp4v5hb0Z2V0Q5yw%3D%3D\" data-tracking-control-name=\"public_jobs_jserp-result_search-card\" data-tracking-client-ingraph data-tracking-will-navigate><\/p>\n<p>          <span class=\"sr-only\"><\/p>\n<p>        Operador(a) de Log\u00edstica  &#8211; Menil Patrocinio &#8211; Ribeir\u00e3o Preto &#8211; SP<\/p>\n<p>          <\/span><br \/>\n        <\/a><\/p>\n<div class=\"search-entity-media\">\n<p>      <img class=\"artdeco-entity-image artdeco-entity-image--square-4\n          \" data-delayed-url=\"https:\/\/media.licdn.com\/dms\/image\/v2\/C4E0BAQFc6-83Ez2aqQ\/company-logo_100_100\/company-logo_100_100\/0\/1631365428580\/fortbras_logo?e=2147483647&amp;v=beta&amp;t=rHuue36z5vjg99qS0P6I-WhCtougwc1pKLkX3oZk7w0\" data-ghost-classes=\"artdeco-entity-image--ghost\" data-ghost-url=\"https:\/\/static.licdn.com\/aero-v1\/sc\/h\/6puxblwmhnodu6fjircz4dn4h\" alt><\/p><\/div>\n<div class=\"base-search-card__info\">\n<h3 class=\"base-search-card__title\">\n<p>        Operador(a) de Log\u00edstica  &#8211; Menil Patrocinio &#8211; Ribeir\u00e3o Preto &#8211; SP<\/p>\n<\/h3>\n<h4 class=\"base-search-card__subtitle\">\n<p>          <a class=\"hidden-nested-link\" data-tracking-client-ingraph data-tracking-control-name=\"public_jobs_jserp-result_job-search-card-subtitle\" data-tracking-will-navigate href=\"https:\/\/br.linkedin.com\/company\/fortbras?trk=public_jobs_jserp-result_job-search-card-subtitle\"><br \/>\n            Fortbras<br \/>\n          <\/a><\/p>\n<\/h4>\n<p><!----><\/p>\n<div class=\"base-search-card__metadata\">\n<p>          <span class=\"job-search-card__location\"><br \/>\n            Ribeir\u00e3o Preto, S\u00e3o Paulo, Brazil<br \/>\n          <\/span><\/p>\n<div class=\"job-posting-benefits text-sm\">\n        <icon class=\"job-posting-benefits__icon\" data-delayed-url=\"https:\/\/static.licdn.com\/aero-v1\/sc\/h\/8zmuwb93gzlb935fk4ao4z779\" data-svg-class-name=\"job-posting-benefits__icon-svg\"><\/icon><br \/>\n        <span class=\"job-posting-benefits__text\"><br \/>\n          Be an early applicant<br \/>\n<!---->        <\/span>\n      <\/div>\n<p>          <time class=\"job-search-card__listdate\" datetime=\"2024-11-07\"><\/p>\n<p>      2 weeks ago<\/p>\n<p>          <\/time><\/p>\n<p><!---->\n            <\/div>\n<\/p><\/div>\n<p><!---->      <\/p><\/div>\n<\/li>\n<li>\n<div class=\"base-card relative w-full hover:no-underline focus:no-underline base-card--link base-search-card base-search-card--link job-search-card\" data-entity-urn=\"urn:li:jobPosting:3990767212\" data-impression-id=\"jobs-search-desktop-57\" data-reference-id=\"6Kj4cQ1N4AfmrK7gB36Uxg==\" data-tracking-id=\"iXVW9jc+Eqk51FbXcRhuuQ==\" data-column=\"1\" data-row=\"58\">\n<p>        <a class=\"base-card__full-link absolute top-0 right-0 bottom-0 left-0 p-0 z-[2]\" href=\"https:\/\/br.linkedin.com\/jobs\/view\/administrador-at-maria-brasileira-3990767212?position=58&amp;pageNum=0&amp;refId=6Kj4cQ1N4AfmrK7gB36Uxg%3D%3D&amp;trackingId=iXVW9jc%2BEqk51FbXcRhuuQ%3D%3D\" data-tracking-control-name=\"public_jobs_jserp-result_search-card\" data-tracking-client-ingraph data-tracking-will-navigate><\/p>\n<p>          <span class=\"sr-only\"><\/p>\n<p>        Administrador<\/p>\n<p>          <\/span><br \/>\n        <\/a><\/p>\n<div class=\"search-entity-media\">\n<p>      <img class=\"artdeco-entity-image artdeco-entity-image--square-4\n          \" data-delayed-url=\"https:\/\/media.licdn.com\/dms\/image\/v2\/C4D0BAQEzMcerLKiWQg\/company-logo_100_100\/company-logo_100_100\/0\/1674476466775\/mariabrasileirafranchising_logo?e=2147483647&amp;v=beta&amp;t=PXCSeCmX3ZhUjsxDlBuUHxCz-V4rAvlT9TkuQnqWj4E\" data-ghost-classes=\"artdeco-entity-image--ghost\" data-ghost-url=\"https:\/\/static.licdn.com\/aero-v1\/sc\/h\/6puxblwmhnodu6fjircz4dn4h\" alt><\/p><\/div>\n<div class=\"base-search-card__info\">\n<h3 class=\"base-search-card__title\">\n<p>        Administrador<\/p>\n<\/h3>\n<h4 class=\"base-search-card__subtitle\">\n<p>          <a class=\"hidden-nested-link\" data-tracking-client-ingraph data-tracking-control-name=\"public_jobs_jserp-result_job-search-card-subtitle\" data-tracking-will-navigate href=\"https:\/\/br.linkedin.com\/company\/mariabrasileirafranchising?trk=public_jobs_jserp-result_job-search-card-subtitle\"><br \/>\n            Maria Brasileira<br \/>\n          <\/a><\/p>\n<\/h4>\n<p><!----><\/p>\n<div class=\"base-search-card__metadata\">\n<p>          <span class=\"job-search-card__location\"><br \/>\n            Greater Ribeir\u00e3o Preto<br \/>\n          <\/span><\/p>\n<p><!---->  <\/p>\n<p>          <time class=\"job-search-card__listdate\" datetime=\"2024-08-04\"><\/p>\n<p>      3 months ago<\/p>\n<p>          <\/time><\/p>\n<p><!---->\n            <\/div>\n<\/p><\/div>\n<p><!---->      <\/p><\/div>\n<\/li>\n<li>\n<div class=\"base-card relative w-full hover:no-underline focus:no-underline base-card--link base-search-card base-search-card--link job-search-card\" data-entity-urn=\"urn:li:jobPosting:4042803333\" data-impression-id=\"jobs-search-desktop-58\" data-reference-id=\"6Kj4cQ1N4AfmrK7gB36Uxg==\" data-tracking-id=\"K\/x2xq+\/hDirlsy99avOYw==\" data-column=\"1\" data-row=\"59\">\n<p>        <a class=\"base-card__full-link absolute top-0 right-0 bottom-0 left-0 p-0 z-[2]\" href=\"https:\/\/br.linkedin.com\/jobs\/view\/conferente-de-armaz%C3%A9m-at-log-frio-log%C3%ADstica-4042803333?position=59&amp;pageNum=0&amp;refId=6Kj4cQ1N4AfmrK7gB36Uxg%3D%3D&amp;trackingId=K%2Fx2xq%2B%2FhDirlsy99avOYw%3D%3D\" data-tracking-control-name=\"public_jobs_jserp-result_search-card\" data-tracking-client-ingraph data-tracking-will-navigate><\/p>\n<p>          <span class=\"sr-only\"><\/p>\n<p>        Conferente de Armaz\u00e9m<\/p>\n<p>          <\/span><br \/>\n        <\/a><\/p>\n<div class=\"search-entity-media\">\n<p>      <img class=\"artdeco-entity-image artdeco-entity-image--square-4\n          \" data-delayed-url=\"https:\/\/media.licdn.com\/dms\/image\/v2\/C4E0BAQGPEb8-fTg46g\/company-logo_100_100\/company-logo_100_100\/0\/1631332037135?e=2147483647&amp;v=beta&amp;t=qIIIGF7hqMWiUo_z2C9dt0fjrXQdUx5m9392fdHbMag\" data-ghost-classes=\"artdeco-entity-image--ghost\" data-ghost-url=\"https:\/\/static.licdn.com\/aero-v1\/sc\/h\/6puxblwmhnodu6fjircz4dn4h\" alt><\/p><\/div>\n<div class=\"base-search-card__info\">\n<h3 class=\"base-search-card__title\">\n<p>        Conferente de Armaz\u00e9m<\/p>\n<\/h3>\n<h4 class=\"base-search-card__subtitle\">\n<p>          <a class=\"hidden-nested-link\" data-tracking-client-ingraph data-tracking-control-name=\"public_jobs_jserp-result_job-search-card-subtitle\" data-tracking-will-navigate href=\"https:\/\/br.linkedin.com\/company\/logfriooficial?trk=public_jobs_jserp-result_job-search-card-subtitle\"><br \/>\n            LOG FRIO Log\u00edstica<br \/>\n          <\/a><\/p>\n<\/h4>\n<p><!----><\/p>\n<div class=\"base-search-card__metadata\">\n<p>          <span class=\"job-search-card__location\"><br \/>\n            Ribeir\u00e3o Preto, S\u00e3o Paulo, Brazil<br \/>\n          <\/span><\/p>\n<div class=\"job-posting-benefits text-sm\">\n        <icon class=\"job-posting-benefits__icon\" data-delayed-url=\"https:\/\/static.licdn.com\/aero-v1\/sc\/h\/8zmuwb93gzlb935fk4ao4z779\" data-svg-class-name=\"job-posting-benefits__icon-svg\"><\/icon><br \/>\n        <span class=\"job-posting-benefits__text\"><br \/>\n          Be an early applicant<br \/>\n<!---->        <\/span>\n      <\/div>\n<p>          <time class=\"job-search-card__listdate\" datetime=\"2024-10-04\"><\/p>\n<p>      1 month ago<\/p>\n<p>          <\/time><\/p>\n<p><!---->\n            <\/div>\n<\/p><\/div>\n<p><!---->      <\/p><\/div>\n<\/li>\n<li>\n<div class=\"base-card relative w-full hover:no-underline focus:no-underline base-card--link base-search-card base-search-card--link job-search-card\" data-entity-urn=\"urn:li:jobPosting:4078484098\" data-impression-id=\"jobs-search-desktop-59\" data-reference-id=\"6Kj4cQ1N4AfmrK7gB36Uxg==\" data-tracking-id=\"E9MIwNSMWWowytw9JoGW7w==\" data-column=\"1\" data-row=\"60\">\n<p>        <a class=\"base-card__full-link absolute top-0 right-0 bottom-0 left-0 p-0 z-[2]\" href=\"https:\/\/br.linkedin.com\/jobs\/view\/assistente-administrativo-cadastro-at-bk-bank-4078484098?position=60&amp;pageNum=0&amp;refId=6Kj4cQ1N4AfmrK7gB36Uxg%3D%3D&amp;trackingId=E9MIwNSMWWowytw9JoGW7w%3D%3D\" data-tracking-control-name=\"public_jobs_jserp-result_search-card\" data-tracking-client-ingraph data-tracking-will-navigate><\/p>\n<p>          <span class=\"sr-only\"><\/p>\n<p>        Assistente administrativo &#8211; Cadastro<\/p>\n<p>          <\/span><br \/>\n        <\/a><\/p>\n<div class=\"search-entity-media\">\n<p>      <img class=\"artdeco-entity-image artdeco-entity-image--square-4\n          \" data-delayed-url=\"https:\/\/media.licdn.com\/dms\/image\/v2\/D4D0BAQG81fMWZ0NRoQ\/company-logo_100_100\/company-logo_100_100\/0\/1704200733387\/bkbank_logo?e=2147483647&amp;v=beta&amp;t=i-DWHvZMcFDvbyZxNStLNSK_FaeulJKmKhCl3sKKdNk\" data-ghost-classes=\"artdeco-entity-image--ghost\" data-ghost-url=\"https:\/\/static.licdn.com\/aero-v1\/sc\/h\/6puxblwmhnodu6fjircz4dn4h\" alt><\/p><\/div>\n<div class=\"base-search-card__info\">\n<h3 class=\"base-search-card__title\">\n<p>        Assistente administrativo &#8211; Cadastro<\/p>\n<\/h3>\n<h4 class=\"base-search-card__subtitle\">\n<p>          <a class=\"hidden-nested-link\" data-tracking-client-ingraph data-tracking-control-name=\"public_jobs_jserp-result_job-search-card-subtitle\" data-tracking-will-navigate href=\"https:\/\/br.linkedin.com\/company\/bkbank?trk=public_jobs_jserp-result_job-search-card-subtitle\"><br \/>\n            BK bank<br \/>\n          <\/a><\/p>\n<\/h4>\n<p><!----><\/p>\n<div class=\"base-search-card__metadata\">\n<p>          <span class=\"job-search-card__location\"><br \/>\n            Ribeir\u00e3o Preto, S\u00e3o Paulo, Brazil<br \/>\n          <\/span><\/p>\n<p><!---->  <\/p>\n<p>          <time class=\"job-search-card__listdate\" datetime=\"2024-11-20\"><\/p>\n<p>      5 days ago<\/p>\n<p>          <\/time><\/p>\n<p><!---->\n            <\/div>\n<\/p><\/div>\n<p><!---->      <\/p><\/div>\n<\/li>\n<\/ul>\n<div class=\"loader\">\n<div class=\"loader__container mb-2 overflow-hidden\">\n        <icon class=\"loader__icon inline-block loader__icon--default text-color-progress-loading\" data-delayed-url=\"https:\/\/static.licdn.com\/aero-v1\/sc\/h\/ddi43qwelxeqjxdd45pe3fvs1\" data-svg-class-name=\"loader__icon-svg--small fill-currentColor h-[30px] min-h-[30px] w-[30px] min-w-[30px]\"><\/icon>\n      <\/div>\n<\/p><\/div>\n<p>      <button aria-label=\"See more jobs\" class=\"infinite-scroller__show-more-button\" data-tracking-control-name=\"infinite-scroller_show-more\"><\/p>\n<p>                See more jobs<\/p>\n<p>      <\/button><\/p>\n<div class=\"px-1.5 flex inline-notification hidden text-color-signal-positive see-more-jobs__viewed-all\" role=\"alert\" type=\"success\">\n      <icon class=\"inline-notification__icon w-[20px] h-[20px] shrink-0 mr-[10px] inline-block\" data-delayed-url=\"https:\/\/static.licdn.com\/aero-v1\/sc\/h\/5y10kyxw0tpa4rk80dkbjhk6b\"><\/icon><\/p>\n<p class=\"inline-notification__text text-sm leading-regular\">\n        You&#8217;ve viewed all jobs for this search<br \/>\n<!---->      <\/p>\n<\/p><\/div>\n<section class=\"similar-titles\">\n<h3 class=\"similar-titles__heading\">\n          Search similar titles<br \/>\n        <\/h3>\n<ul class=\"similar-titles__list\">\n<li class=\"similar-titles__title\">\n              <a class=\"similar-titles__link\" data-tracking-control-name=\"public_jobs_similar-title\" data-tracking-will-navigate href=\"https:\/\/www.linkedin.com\/jobs\/purchase-specialist-jobs?trk=public_jobs_similar-title\"><br \/>\n                Purchase Specialist jobs<br \/>\n              <\/a>\n            <\/li>\n<li class=\"similar-titles__title\">\n              <a class=\"similar-titles__link\" data-tracking-control-name=\"public_jobs_similar-title\" data-tracking-will-navigate href=\"https:\/\/www.linkedin.com\/jobs\/custom-broker-jobs?trk=public_jobs_similar-title\"><br \/>\n                Custom Broker jobs<br \/>\n              <\/a>\n            <\/li>\n<li class=\"similar-titles__title\">\n              <a class=\"similar-titles__link\" data-tracking-control-name=\"public_jobs_similar-title\" data-tracking-will-navigate href=\"https:\/\/www.linkedin.com\/jobs\/transportation-analyst-jobs?trk=public_jobs_similar-title\"><br \/>\n                Transportation Analyst jobs<br \/>\n              <\/a>\n            <\/li>\n<\/ul>\n<\/section>\n<\/section>\n<p>        <\/main><br \/>\n<a class=\"base-card__full-link absolute top-0 right-0 bottom-0 left-0 p-0 z-[2]\" href=\"https:\/\/br.linkedin.com\/jobs\/view\/estoquista-ribp-at-coca-cola-andina-brasil-4047101125?position=2&amp;pageNum=0&amp;refId=6Kj4cQ1N4AfmrK7gB36Uxg%3D%3D&amp;trackingId=fo4Bk2ZzRr1ljRvDpOK%2BWA%3D%3D\" data-tracking-control-name=\"public_jobs_jserp-result_search-card\" data-tracking-client-ingraph data-tracking-will-navigate><\/p>\n<p>          <span class=\"sr-only\"><\/p>\n<p>        ESTOQUISTA &#8211; RIBP<\/p>\n<p>          <\/span><br \/>\n        <\/a><br \/>\n<a class=\"base-card__full-link absolute top-0 right-0 bottom-0 left-0 p-0 z-[2]\" href=\"https:\/\/br.linkedin.com\/jobs\/view\/assistente-de-log%C3%ADstica-at-makfil-4009386889?position=11&amp;pageNum=0&amp;refId=6Kj4cQ1N4AfmrK7gB36Uxg%3D%3D&amp;trackingId=wFDtDMIFp7CGcaUp7vURbA%3D%3D\" data-tracking-control-name=\"public_jobs_jserp-result_search-card\" data-tracking-client-ingraph data-tracking-will-navigate><\/p>\n<p>          <span class=\"sr-only\"><\/p>\n<p>        Assistente de Log\u00edstica<\/p>\n<p>          <\/span><br \/>\n        <\/a><\/p>\n<div class='code-block code-block-4' style='margin: 8px auto 8px 0; text-align: left; display: block; clear: both;'>\n\ud83d\udce2 Aviso Legal\n\nO site ismaelcolosi.com.br atua apenas como um canal de divulga\u00e7\u00e3o de oportunidades de emprego e n\u00e3o se responsabiliza pelo processo seletivo, contrata\u00e7\u00e3o ou qualquer outra etapa relacionada \u00e0s vagas publicadas. Todas as informa\u00e7\u00f5es s\u00e3o de responsabilidade dos anunciantes.\n\n\u26a0\ufe0f Aten\u00e7\u00e3o! Nunca pague por promessas de emprego nem compre cursos que garantam contrata\u00e7\u00e3o. Desconfie de qualquer cobran\u00e7a para participar de sele\u00e7\u00f5es.\n\n\n\n<\/div>\n<!-- CONTENT END 1 -->\n","protected":false},"excerpt":{"rendered":"<p>Auxiliar de Estoque ESTOQUISTA &#8211; RIBP Auxiliar de Logistica &#8211; Repositor Estoquista Assistente Estoquista Assistente Operador Log\u00edstico Auxiliar de Armazenagem &#8211; Ribeir\u00e3o Preto\/SP Auxiliar de&#8230;<\/p>\n","protected":false},"author":1,"featured_media":77451,"comment_status":"open","ping_status":"open","sticky":false,"template":"","format":"standard","meta":{"_uag_custom_page_level_css":"","advanced_seo_description":"","jetpack_seo_html_title":"","jetpack_seo_noindex":false,"jetpack_post_was_ever_published":false,"_jetpack_newsletter_access":"","_jetpack_dont_email_post_to_subs":false,"_jetpack_newsletter_tier_id":0,"_jetpack_memberships_contains_paywalled_content":false,"_jetpack_memberships_contains_paid_content":false,"footnotes":"","jetpack_publicize_message":"","jetpack_publicize_feature_enabled":true,"jetpack_social_post_already_shared":true,"jetpack_social_options":{"image_generator_settings":{"template":"highway","default_image_id":0,"font":"","enabled":false},"version":2}},"categories":[7],"tags":[],"class_list":["post-77450","post","type-post","status-publish","format-standard","has-post-thumbnail","hentry","category-vagas-de-empregos-em-ribeirao-preto-regiao-brasil"],"jetpack_publicize_connections":[],"jetpack_featured_media_url":"https:\/\/i0.wp.com\/ismaelcolosi.com.br\/wp-content\/uploads\/2024\/11\/1732563731_Novas-vagas-de-emprego-na-area-de-logistica-Saiba-como-enviar-seu-curriculo.jpg?fit=1199%2C675&ssl=1","uagb_featured_image_src":{"full":["https:\/\/i0.wp.com\/ismaelcolosi.com.br\/wp-content\/uploads\/2024\/11\/1732563731_Novas-vagas-de-emprego-na-area-de-logistica-Saiba-como-enviar-seu-curriculo.jpg?fit=1199%2C675&ssl=1",1199,675,false],"thumbnail":["https:\/\/i0.wp.com\/ismaelcolosi.com.br\/wp-content\/uploads\/2024\/11\/1732563731_Novas-vagas-de-emprego-na-area-de-logistica-Saiba-como-enviar-seu-curriculo.jpg?resize=150%2C150&ssl=1",150,150,true],"medium":["https:\/\/i0.wp.com\/ismaelcolosi.com.br\/wp-content\/uploads\/2024\/11\/1732563731_Novas-vagas-de-emprego-na-area-de-logistica-Saiba-como-enviar-seu-curriculo.jpg?fit=300%2C169&ssl=1",300,169,true],"medium_large":["https:\/\/i0.wp.com\/ismaelcolosi.com.br\/wp-content\/uploads\/2024\/11\/1732563731_Novas-vagas-de-emprego-na-area-de-logistica-Saiba-como-enviar-seu-curriculo.jpg?fit=768%2C432&ssl=1",768,432,true],"large":["https:\/\/i0.wp.com\/ismaelcolosi.com.br\/wp-content\/uploads\/2024\/11\/1732563731_Novas-vagas-de-emprego-na-area-de-logistica-Saiba-como-enviar-seu-curriculo.jpg?fit=1024%2C576&ssl=1",1024,576,true],"1536x1536":["https:\/\/i0.wp.com\/ismaelcolosi.com.br\/wp-content\/uploads\/2024\/11\/1732563731_Novas-vagas-de-emprego-na-area-de-logistica-Saiba-como-enviar-seu-curriculo.jpg?fit=1199%2C675&ssl=1",1199,675,true],"2048x2048":["https:\/\/i0.wp.com\/ismaelcolosi.com.br\/wp-content\/uploads\/2024\/11\/1732563731_Novas-vagas-de-emprego-na-area-de-logistica-Saiba-como-enviar-seu-curriculo.jpg?fit=1199%2C675&ssl=1",1199,675,true],"really-simple-thumb":["https:\/\/i0.wp.com\/ismaelcolosi.com.br\/wp-content\/uploads\/2024\/11\/1732563731_Novas-vagas-de-emprego-na-area-de-logistica-Saiba-como-enviar-seu-curriculo.jpg?resize=370%2C247&ssl=1",370,247,true]},"uagb_author_info":{"display_name":"ismaelcolosi.com.br","author_link":"https:\/\/ismaelcolosi.com.br\/index.php\/author\/vidareal-online\/"},"uagb_comment_info":0,"uagb_excerpt":"Auxiliar de Estoque ESTOQUISTA &#8211; RIBP Auxiliar de Logistica &#8211; Repositor Estoquista Assistente Estoquista Assistente Operador Log\u00edstico Auxiliar de Armazenagem &#8211; Ribeir\u00e3o Preto\/SP Auxiliar de...","jetpack-related-posts":[{"id":81992,"url":"https:\/\/ismaelcolosi.com.br\/index.php\/2025\/01\/22\/vagas-de-emprego-para-atendente-em-ribeirao-preto-sp-10\/","url_meta":{"origin":77450,"position":0},"title":"Vagas de emprego para Atendente em Ribeir\u00e3o Preto-SP","author":"ismaelcolosi.com.br","date":"22 de January de 2025","format":false,"excerpt":"ATENDENTE CAIXA ATENDENTE REPOSITOR ATENDENTE REPOSITOR Atendente de Lanchonete - Loja Ribeir\u00e3o Preto ATENDENTE REPOSITOR Atendente de Farm\u00e1cia-RIBEIR\u00c3O PRETO\/SP (RIBEIR\u00c3O PRETO AK) Atendente de Farm\u00e1cia-RIBEIR\u00c3O PRETO\/SP (RIBEIR\u00c3O PRETO Y) Atendente de Farm\u00e1cia-RIBEIR\u00c3O PRETO\/SP (RIBEIR\u00c3O PRETO AK) Atendente de Farm\u00e1cia-RIBEIR\u00c3O PRETO\/SP (RIBEIR\u00c3O PRETO AK)","rel":"","context":"In &quot;Vagas de Emprego em Ribeir\u00e3o Preto-SP&quot;","block_context":{"text":"Vagas de Emprego em Ribeir\u00e3o Preto-SP","link":"https:\/\/ismaelcolosi.com.br\/index.php\/category\/empregos-classificados-vagas-trabalho\/vagas-de-empregos-em-ribeirao-preto-regiao-brasil\/"},"img":{"alt_text":"","src":"https:\/\/i0.wp.com\/ismaelcolosi.com.br\/wp-content\/uploads\/2025\/01\/1737540224_latest.jpeg?fit=1200%2C675&ssl=1&resize=350%2C200","width":350,"height":200,"srcset":"https:\/\/i0.wp.com\/ismaelcolosi.com.br\/wp-content\/uploads\/2025\/01\/1737540224_latest.jpeg?fit=1200%2C675&ssl=1&resize=350%2C200 1x, https:\/\/i0.wp.com\/ismaelcolosi.com.br\/wp-content\/uploads\/2025\/01\/1737540224_latest.jpeg?fit=1200%2C675&ssl=1&resize=525%2C300 1.5x, https:\/\/i0.wp.com\/ismaelcolosi.com.br\/wp-content\/uploads\/2025\/01\/1737540224_latest.jpeg?fit=1200%2C675&ssl=1&resize=700%2C400 2x, https:\/\/i0.wp.com\/ismaelcolosi.com.br\/wp-content\/uploads\/2025\/01\/1737540224_latest.jpeg?fit=1200%2C675&ssl=1&resize=1050%2C600 3x"},"classes":[]},{"id":69488,"url":"https:\/\/ismaelcolosi.com.br\/index.php\/2024\/10\/06\/vagas-de-emprego-para-atendente-em-ribeirao-preto-sp-8\/","url_meta":{"origin":77450,"position":1},"title":"Vagas de emprego para Atendente em Ribeir\u00e3o Preto-SP","author":"ismaelcolosi.com.br","date":"6 de October de 2024","format":false,"excerpt":"AME RP: Agente de PORTARIA Hospitalar Atendente ATENDENTE REPOSITOR Atendente de Loja Atendente de Farm\u00e1cia - Ribeir\u00e3o Preto\/SP (RIBEIR\u00c3O PRETO AD) Atendente de Recep\u00e7\u00e3o\/ Comercial - Ribeir\u00e3o Preto Atendente de Farm\u00e1cia - Ribeir\u00e3o Preto\/SP (RIBEIR\u00c3O PRETO AD) Atendente de Farm\u00e1cia - Ribeir\u00e3o Preto\/SP (RIBEIR\u00c3O PRETO AD)","rel":"","context":"In &quot;Vagas de Emprego em Ribeir\u00e3o Preto-SP&quot;","block_context":{"text":"Vagas de Emprego em Ribeir\u00e3o Preto-SP","link":"https:\/\/ismaelcolosi.com.br\/index.php\/category\/empregos-classificados-vagas-trabalho\/vagas-de-empregos-em-ribeirao-preto-regiao-brasil\/"},"img":{"alt_text":"","src":"https:\/\/i0.wp.com\/ismaelcolosi.com.br\/wp-content\/uploads\/2024\/10\/latest.jpeg?fit=1200%2C675&ssl=1&resize=350%2C200","width":350,"height":200,"srcset":"https:\/\/i0.wp.com\/ismaelcolosi.com.br\/wp-content\/uploads\/2024\/10\/latest.jpeg?fit=1200%2C675&ssl=1&resize=350%2C200 1x, https:\/\/i0.wp.com\/ismaelcolosi.com.br\/wp-content\/uploads\/2024\/10\/latest.jpeg?fit=1200%2C675&ssl=1&resize=525%2C300 1.5x, https:\/\/i0.wp.com\/ismaelcolosi.com.br\/wp-content\/uploads\/2024\/10\/latest.jpeg?fit=1200%2C675&ssl=1&resize=700%2C400 2x, https:\/\/i0.wp.com\/ismaelcolosi.com.br\/wp-content\/uploads\/2024\/10\/latest.jpeg?fit=1200%2C675&ssl=1&resize=1050%2C600 3x"},"classes":[]},{"id":78613,"url":"https:\/\/ismaelcolosi.com.br\/index.php\/2024\/12\/06\/mais-de-10-vagas-de-emprego-de-recepcionista-em-ribeirao-preto-sp-38\/","url_meta":{"origin":77450,"position":2},"title":"Mais de 10 vagas de emprego de Recepcionista em Ribeir\u00e3o Preto-SP","author":"ismaelcolosi.com.br","date":"6 de December de 2024","format":false,"excerpt":"Recep\u00e7\u00e3o - Ribeir\u00e3o Preto\/SP Studios | Recepcionista | Ribeir\u00e3o Preto (420062) Secret\u00e1ria Secret\u00e1ria - SP Recepcionista Hospitalar (Ribeir\u00e3o Preto) Pulmer- Recepcionista- Rib. Preto\/SP Recepcionista | Ribeir\u00e3o Preto - SP Recepcionista Recepcionista Recepcionista Recepcionista - SP Recepcionista Recepcionista de Academia","rel":"","context":"In &quot;Vagas de Emprego em Ribeir\u00e3o Preto-SP&quot;","block_context":{"text":"Vagas de Emprego em Ribeir\u00e3o Preto-SP","link":"https:\/\/ismaelcolosi.com.br\/index.php\/category\/empregos-classificados-vagas-trabalho\/vagas-de-empregos-em-ribeirao-preto-regiao-brasil\/"},"img":{"alt_text":"","src":"https:\/\/i0.wp.com\/ismaelcolosi.com.br\/wp-content\/uploads\/2024\/12\/e8b9e5779e0bd80639e96387162e8114.jpg?fit=550%2C300&ssl=1&resize=350%2C200","width":350,"height":200,"srcset":"https:\/\/i0.wp.com\/ismaelcolosi.com.br\/wp-content\/uploads\/2024\/12\/e8b9e5779e0bd80639e96387162e8114.jpg?fit=550%2C300&ssl=1&resize=350%2C200 1x, https:\/\/i0.wp.com\/ismaelcolosi.com.br\/wp-content\/uploads\/2024\/12\/e8b9e5779e0bd80639e96387162e8114.jpg?fit=550%2C300&ssl=1&resize=525%2C300 1.5x"},"classes":[]},{"id":56157,"url":"https:\/\/ismaelcolosi.com.br\/index.php\/2024\/07\/09\/mais-de-10-vagas-de-emprego-de-recepcionista-em-ribeirao-preto-sp-31\/","url_meta":{"origin":77450,"position":3},"title":"Mais de 10 vagas de emprego de Recepcionista em Ribeir\u00e3o Preto-SP","author":"ismaelcolosi.com.br","date":"9 de July de 2024","format":false,"excerpt":"Secretaria Executiva Ribeir\u00e3o Preto - SP Efetivo Secretaria Executiva Recepcionista Secret\u00e1ria Recepcionista Comercial em Faculdade Recepcionista - Ribeir\u00e3o Preto\/SP Recepcionista de Loja - Petz Ribeir\u00e3o Preto Presidente Vargas Recepcionista Recepcionista Recepcionista RECEPCIONISTA RIBEIR\u00c3O PRETO - SP Banco de talentos Atendente","rel":"","context":"In &quot;Vagas de Emprego em Ribeir\u00e3o Preto-SP&quot;","block_context":{"text":"Vagas de Emprego em Ribeir\u00e3o Preto-SP","link":"https:\/\/ismaelcolosi.com.br\/index.php\/category\/empregos-classificados-vagas-trabalho\/vagas-de-empregos-em-ribeirao-preto-regiao-brasil\/"},"img":{"alt_text":"","src":"https:\/\/i0.wp.com\/ismaelcolosi.com.br\/wp-content\/uploads\/2024\/07\/aaa-6.png?fit=500%2C265&ssl=1&resize=350%2C200","width":350,"height":200},"classes":[]},{"id":89384,"url":"https:\/\/ismaelcolosi.com.br\/index.php\/2026\/03\/04\/vagas-de-emprego-para-atendente-em-ribeirao-preto-sp-30\/","url_meta":{"origin":77450,"position":4},"title":"Vagas de emprego para Atendente em Ribeir\u00e3o Preto-SP","author":"ismaelcolosi.com.br","date":"4 de March de 2026","format":false,"excerpt":"ATENDENTE DE LOJA - BALC\u00c3O ATENDENTE REPOSITOR ATENDENTE REPOSITOR ATENDENTE REPOSITOR Atendente de Ag\u00eancia | Ag\u00eancia de Ribeir\u00e3o Preto\/SP Atendente de Lanchonete - Loja Ribeir\u00e3o Preto ATENDENTE DE RESTAURANTE - RIBEIR\u00c3O PRETO Atendente de Lanchonete - Loja Ribeir\u00e3o Preto Atendente de Lanchonete - Loja Ribeir\u00e3o Preto","rel":"","context":"In &quot;Vagas de Emprego em Ribeir\u00e3o Preto-SP&quot;","block_context":{"text":"Vagas de Emprego em Ribeir\u00e3o Preto-SP","link":"https:\/\/ismaelcolosi.com.br\/index.php\/category\/empregos-classificados-vagas-trabalho\/vagas-de-empregos-em-ribeirao-preto-regiao-brasil\/"},"img":{"alt_text":"","src":"https:\/\/i0.wp.com\/ismaelcolosi.com.br\/wp-content\/uploads\/2026\/03\/Randstad-2-1024x683.jpg?fit=1024%2C683&ssl=1&resize=350%2C200","width":350,"height":200,"srcset":"https:\/\/i0.wp.com\/ismaelcolosi.com.br\/wp-content\/uploads\/2026\/03\/Randstad-2-1024x683.jpg?fit=1024%2C683&ssl=1&resize=350%2C200 1x, https:\/\/i0.wp.com\/ismaelcolosi.com.br\/wp-content\/uploads\/2026\/03\/Randstad-2-1024x683.jpg?fit=1024%2C683&ssl=1&resize=525%2C300 1.5x, https:\/\/i0.wp.com\/ismaelcolosi.com.br\/wp-content\/uploads\/2026\/03\/Randstad-2-1024x683.jpg?fit=1024%2C683&ssl=1&resize=700%2C400 2x"},"classes":[]},{"id":32487,"url":"https:\/\/ismaelcolosi.com.br\/index.php\/2024\/01\/25\/30-novas-vagas-de-emprego-em-ribeirao-preto-sp-92\/","url_meta":{"origin":77450,"position":5},"title":"30 novas vagas de emprego em Ribeir\u00e3o Preto-SP","author":"ismaelcolosi.com.br","date":"25 de January de 2024","format":false,"excerpt":"Atendente de CafeteriaRibeir\u00e3o PretoView JobDiretor IndustrialRegi\u00e3o de Ribeir\u00e3o Preto\/SPView JobExecutivo de ContasRibeir\u00e3o Preto (SP)View JobT\u00e9cnico Eletr\u00f4nico (Bancada) Ribeir\u00e3o Preto (SP)View JobT\u00e9cnico Eletr\u00f4nico JRS\u00e3o Paulo - SPView JobT\u00e9cnico de Manuten\u00e7\u00e3o de Compressores de ar ParafusoRibeir\u00e3o Preto (SP)View JobAnalista Desenvolvedor TOTVS Protheus PlenoRibeir\u00e3o Preto - SPView Job Diretor Industrial","rel":"","context":"In &quot;Vagas de Emprego em Ribeir\u00e3o Preto-SP&quot;","block_context":{"text":"Vagas de Emprego em Ribeir\u00e3o Preto-SP","link":"https:\/\/ismaelcolosi.com.br\/index.php\/category\/empregos-classificados-vagas-trabalho\/vagas-de-empregos-em-ribeirao-preto-regiao-brasil\/"},"img":{"alt_text":"","src":"","width":0,"height":0},"classes":[]}],"jetpack_sharing_enabled":true,"jetpack_shortlink":"https:\/\/wp.me\/pfMlyK-k9c","_links":{"self":[{"href":"https:\/\/ismaelcolosi.com.br\/index.php\/wp-json\/wp\/v2\/posts\/77450","targetHints":{"allow":["GET"]}}],"collection":[{"href":"https:\/\/ismaelcolosi.com.br\/index.php\/wp-json\/wp\/v2\/posts"}],"about":[{"href":"https:\/\/ismaelcolosi.com.br\/index.php\/wp-json\/wp\/v2\/types\/post"}],"author":[{"embeddable":true,"href":"https:\/\/ismaelcolosi.com.br\/index.php\/wp-json\/wp\/v2\/users\/1"}],"replies":[{"embeddable":true,"href":"https:\/\/ismaelcolosi.com.br\/index.php\/wp-json\/wp\/v2\/comments?post=77450"}],"version-history":[{"count":0,"href":"https:\/\/ismaelcolosi.com.br\/index.php\/wp-json\/wp\/v2\/posts\/77450\/revisions"}],"wp:featuredmedia":[{"embeddable":true,"href":"https:\/\/ismaelcolosi.com.br\/index.php\/wp-json\/wp\/v2\/media\/77451"}],"wp:attachment":[{"href":"https:\/\/ismaelcolosi.com.br\/index.php\/wp-json\/wp\/v2\/media?parent=77450"}],"wp:term":[{"taxonomy":"category","embeddable":true,"href":"https:\/\/ismaelcolosi.com.br\/index.php\/wp-json\/wp\/v2\/categories?post=77450"},{"taxonomy":"post_tag","embeddable":true,"href":"https:\/\/ismaelcolosi.com.br\/index.php\/wp-json\/wp\/v2\/tags?post=77450"}],"curies":[{"name":"wp","href":"https:\/\/api.w.org\/{rel}","templated":true}]}}