{"id":77448,"date":"2024-11-25T16:16:38","date_gmt":"2024-11-25T19:16:38","guid":{"rendered":"https:\/\/ismaelcolosi.com.br\/index.php\/2024\/11\/25\/usp-musica-crianca-encerra-o-semestre-com-apresentacao-gratuita\/"},"modified":"2024-11-25T16:16:38","modified_gmt":"2024-11-25T19:16:38","slug":"usp-musica-crianca-encerra-o-semestre-com-apresentacao-gratuita","status":"publish","type":"post","link":"https:\/\/ismaelcolosi.com.br\/index.php\/2024\/11\/25\/usp-musica-crianca-encerra-o-semestre-com-apresentacao-gratuita\/","title":{"rendered":"USP M\u00fasica Crian\u00e7a encerra o semestre com apresenta\u00e7\u00e3o gratuita"},"content":{"rendered":"<p> <br \/>\n<\/p>\n<div>\n<p class=\"x_MsoNormal\">No dia 3 de dezembro, uma ter\u00e7a-feira, \u00e0s 19h30, o Centro Cultural Carlos Alberto Nicolau, em S\u00e3o Joaquim da Barra, ser\u00e1 palco do Concerto de Encerramento de Semestre do projeto USP M\u00fasica Crian\u00e7a. Com entrada gratuita, o evento reunir\u00e1 uma programa\u00e7\u00e3o musical diversificada, mesclando pe\u00e7as consagradas, contempor\u00e2neas e populares, interpretadas por jovens talentos.<\/p>\n<p class=\"x_MsoNormal\">O programa ser\u00e1 apresentado pelos alunos de instrumentos e de canto coral do projeto, com obras ic\u00f4nicas como o <i>Concerto de Brandemburgo n\u00ba 3<\/i>\u00a0de Johann Sebastian Bach,\u00a0<i>Imagine<\/i>\u00a0de John Lennon e\u00a0<i>Aquarela<\/i>\u00a0de Toquinho e Vin\u00edcius de Moraes. Tamb\u00e9m ser\u00e3o apresentadas composi\u00e7\u00f5es de Edu Lobo, Chico Buarque, Daisy Fragoso, Georges Bizet e Edvard Grieg, entre outros.<\/p>\n<p class=\"x_MsoNormal\">J\u00e1 a Orquestra Acad\u00eamica, sob reg\u00eancia de Lincoln Mendes, marcar\u00e1 presen\u00e7a com interpreta\u00e7\u00f5es de pe\u00e7as consagradas, como a <i>Habanera<\/i>, da \u00f3pera\u00a0<i>Carmen<\/i>, de Georges Bizet, e\u00a0<i>No Hall do Rei da Montanha<\/i>, da su\u00edte\u00a0<i>Peer Gynt n\u00ba 1<\/i>, de Edvard Grieg.<\/p>\n<p class=\"x_MsoNormal\">O concerto tem entrada livre e gratuita, sem necessidade de retirar ingressos. O Centro Cultural Carlos Alberto Nicolau est\u00e1 localizado na Rua Alfredo Nogueira, 350, em S\u00e3o Joaquim da Barra\/SP. Mais informa\u00e7\u00f5es podem ser obtidas pelo telefone (16) 3811-3360.<\/p>\n<p>Em 2024, o USP M\u00fasica Crian\u00e7a est\u00e1 sendo mantido pelo Pronac \u2013 Programa Nacional de Apoio \u00e0 Cultura, do Governo Federal, via Minist\u00e9rio da Cultura, patrocinado pelas empresas: Ouro \u2013 Venturoso, Valentini &amp; Cia Ltda e Usina Alta Mogiana S\/A; Bronze \u2013 Busa e Supermercados Paulista.<\/p>\n<p class=\"x_MsoNormal\"><b>Servi\u00e7o<\/b><\/p>\n<p class=\"x_MsoNormal\"><b>Concerto de Encerramento de Semestre<br \/>Data<\/b>: 3 de dezembro de 2024<br \/><b>Hor\u00e1rio<\/b>: 19h30<br \/><b>Local<\/b>: Centro Cultural Carlos Alberto Nicolau<\/p>\n<p class=\"x_MsoNormal\">Rua Alfredo Nogueira, 350, em S\u00e3o Joaquim da Barra\/SP.<br \/>Entrada Gratuita<\/p>\n<p class=\"x_MsoNormal\"><b>Mais informa\u00e7\u00f5es:\u00a0<\/b>(16) 3811-3360.<\/p>\n<\/div>\n<p><br \/>\n<br \/><a href=\"https:\/\/www.tribunaribeirao.com.br\/usp-musica-crianca-encerra-o-semestre-com-apresentacao-gratuita\/\">Source link <\/a><\/p>\n<div class='code-block code-block-4' style='margin: 8px auto 8px 0; text-align: left; display: block; clear: both;'>\n\ud83d\udce2 Aviso Legal\n\nO site ismaelcolosi.com.br atua apenas como um canal de divulga\u00e7\u00e3o de oportunidades de emprego e n\u00e3o se responsabiliza pelo processo seletivo, contrata\u00e7\u00e3o ou qualquer outra etapa relacionada \u00e0s vagas publicadas. Todas as informa\u00e7\u00f5es s\u00e3o de responsabilidade dos anunciantes.\n\n\u26a0\ufe0f Aten\u00e7\u00e3o! Nunca pague por promessas de emprego nem compre cursos que garantam contrata\u00e7\u00e3o. Desconfie de qualquer cobran\u00e7a para participar de sele\u00e7\u00f5es.\n\n\n\n<\/div>\n<!-- CONTENT END 1 -->\n","protected":false},"excerpt":{"rendered":"<p>No dia 3 de dezembro, uma ter\u00e7a-feira, \u00e0s 19h30, o Centro Cultural Carlos Alberto Nicolau, em S\u00e3o Joaquim da Barra, ser\u00e1 palco do Concerto de&#8230;<\/p>\n","protected":false},"author":1,"featured_media":77449,"comment_status":"open","ping_status":"open","sticky":false,"template":"","format":"standard","meta":{"_uag_custom_page_level_css":"","advanced_seo_description":"","jetpack_seo_html_title":"","jetpack_seo_noindex":false,"jetpack_post_was_ever_published":false,"_jetpack_newsletter_access":"","_jetpack_dont_email_post_to_subs":false,"_jetpack_newsletter_tier_id":0,"_jetpack_memberships_contains_paywalled_content":false,"_jetpack_memberships_contains_paid_content":false,"footnotes":"","jetpack_publicize_message":"","jetpack_publicize_feature_enabled":true,"jetpack_social_post_already_shared":true,"jetpack_social_options":{"image_generator_settings":{"template":"highway","default_image_id":0,"font":"","enabled":false},"version":2}},"categories":[11],"tags":[],"class_list":["post-77448","post","type-post","status-publish","format-standard","has-post-thumbnail","hentry","category-noticias-de-ribeirao-preto-sp-e-regiao-ismael-colosi"],"jetpack_publicize_connections":[],"jetpack_featured_media_url":"https:\/\/i0.wp.com\/ismaelcolosi.com.br\/wp-content\/uploads\/2024\/11\/Fabio-Melo-Fotografia-2-scaled.jpg?fit=800%2C533&ssl=1","uagb_featured_image_src":{"full":["https:\/\/i0.wp.com\/ismaelcolosi.com.br\/wp-content\/uploads\/2024\/11\/Fabio-Melo-Fotografia-2-scaled.jpg?fit=800%2C533&ssl=1",800,533,false],"thumbnail":["https:\/\/i0.wp.com\/ismaelcolosi.com.br\/wp-content\/uploads\/2024\/11\/Fabio-Melo-Fotografia-2-scaled.jpg?resize=150%2C150&ssl=1",150,150,true],"medium":["https:\/\/i0.wp.com\/ismaelcolosi.com.br\/wp-content\/uploads\/2024\/11\/Fabio-Melo-Fotografia-2-scaled.jpg?fit=300%2C200&ssl=1",300,200,true],"medium_large":["https:\/\/i0.wp.com\/ismaelcolosi.com.br\/wp-content\/uploads\/2024\/11\/Fabio-Melo-Fotografia-2-scaled.jpg?fit=768%2C512&ssl=1",768,512,true],"large":["https:\/\/i0.wp.com\/ismaelcolosi.com.br\/wp-content\/uploads\/2024\/11\/Fabio-Melo-Fotografia-2-scaled.jpg?fit=800%2C533&ssl=1",800,533,true],"1536x1536":["https:\/\/i0.wp.com\/ismaelcolosi.com.br\/wp-content\/uploads\/2024\/11\/Fabio-Melo-Fotografia-2-scaled.jpg?fit=800%2C533&ssl=1",800,533,true],"2048x2048":["https:\/\/i0.wp.com\/ismaelcolosi.com.br\/wp-content\/uploads\/2024\/11\/Fabio-Melo-Fotografia-2-scaled.jpg?fit=800%2C533&ssl=1",800,533,true],"really-simple-thumb":["https:\/\/i0.wp.com\/ismaelcolosi.com.br\/wp-content\/uploads\/2024\/11\/Fabio-Melo-Fotografia-2-scaled.jpg?resize=370%2C247&ssl=1",370,247,true]},"uagb_author_info":{"display_name":"ismaelcolosi.com.br","author_link":"https:\/\/ismaelcolosi.com.br\/index.php\/author\/vidareal-online\/"},"uagb_comment_info":0,"uagb_excerpt":"No dia 3 de dezembro, uma ter\u00e7a-feira, \u00e0s 19h30, o Centro Cultural Carlos Alberto Nicolau, em S\u00e3o Joaquim da Barra, ser\u00e1 palco do Concerto de...","jetpack-related-posts":[{"id":78037,"url":"https:\/\/ismaelcolosi.com.br\/index.php\/2024\/12\/01\/usp-musica-crianca-encerra-o-semestre-com-apresentacao-gratuita-2\/","url_meta":{"origin":77448,"position":0},"title":"USP M\u00fasica Crian\u00e7a encerra o semestre com apresenta\u00e7\u00e3o gratuita","author":"ismaelcolosi.com.br","date":"1 de December de 2024","format":false,"excerpt":"1 de dezembro de 20241 de dezembro de 202410 Compartilhar0 Na pr\u00f3xima ter\u00e7a-feira, dia 3 de dezembro, \u00e0s 19h30, o Centro Cultural Carlos Alberto Nicolau, em S\u00e3o Joaquim da Barra, ser\u00e1 palco do Concerto de Encerramento de Semestre do projeto USP M\u00fasica Crian\u00e7a. Com entrada gratuita, o evento reunir\u00e1 uma\u2026","rel":"","context":"In &quot;Not\u00edcias de Ribeir\u00e3o Preto-SP e Regi\u00e3o&quot;","block_context":{"text":"Not\u00edcias de Ribeir\u00e3o Preto-SP e Regi\u00e3o","link":"https:\/\/ismaelcolosi.com.br\/index.php\/category\/noticias-de-ribeirao-preto-sp-e-regiao-ismael-colosi\/"},"img":{"alt_text":"","src":"https:\/\/i0.wp.com\/ismaelcolosi.com.br\/wp-content\/uploads\/2024\/12\/2-usp-_Fabio-Melo-Fotografia_-1.jpg?fit=750%2C500&ssl=1&resize=350%2C200","width":350,"height":200,"srcset":"https:\/\/i0.wp.com\/ismaelcolosi.com.br\/wp-content\/uploads\/2024\/12\/2-usp-_Fabio-Melo-Fotografia_-1.jpg?fit=750%2C500&ssl=1&resize=350%2C200 1x, https:\/\/i0.wp.com\/ismaelcolosi.com.br\/wp-content\/uploads\/2024\/12\/2-usp-_Fabio-Melo-Fotografia_-1.jpg?fit=750%2C500&ssl=1&resize=525%2C300 1.5x, https:\/\/i0.wp.com\/ismaelcolosi.com.br\/wp-content\/uploads\/2024\/12\/2-usp-_Fabio-Melo-Fotografia_-1.jpg?fit=750%2C500&ssl=1&resize=700%2C400 2x"},"classes":[]},{"id":78359,"url":"https:\/\/ismaelcolosi.com.br\/index.php\/2024\/12\/04\/projeto-traz-ultimo-concerto-e-debate\/","url_meta":{"origin":77448,"position":1},"title":"Projeto traz \u00faltimo concerto e debate","author":"ismaelcolosi.com.br","date":"4 de December de 2024","format":false,"excerpt":"4 de dezembro de 20244 de dezembro de 202410 Compartilhar0 O Projeto M\u00fasica de Concerto termina nesta semana com duas atividades, um debate e seu \u00faltimo concerto da s\u00e9rie. Nesta quinta-feira, 5 de dezembro, \u00e0s 20 horas, acontece o debate \u201cM\u00fasica e Cidadania: a import\u00e2ncia dos projetos sociais\u201d, no YouTube\u2026","rel":"","context":"In &quot;Not\u00edcias de Ribeir\u00e3o Preto-SP e Regi\u00e3o&quot;","block_context":{"text":"Not\u00edcias de Ribeir\u00e3o Preto-SP e Regi\u00e3o","link":"https:\/\/ismaelcolosi.com.br\/index.php\/category\/noticias-de-ribeirao-preto-sp-e-regiao-ismael-colosi\/"},"img":{"alt_text":"","src":"https:\/\/i0.wp.com\/ismaelcolosi.com.br\/wp-content\/uploads\/2024\/12\/FilarUSP-Andre-Estevao-scaled.jpg?fit=667%2C500&ssl=1&resize=350%2C200","width":350,"height":200,"srcset":"https:\/\/i0.wp.com\/ismaelcolosi.com.br\/wp-content\/uploads\/2024\/12\/FilarUSP-Andre-Estevao-scaled.jpg?fit=667%2C500&ssl=1&resize=350%2C200 1x, https:\/\/i0.wp.com\/ismaelcolosi.com.br\/wp-content\/uploads\/2024\/12\/FilarUSP-Andre-Estevao-scaled.jpg?fit=667%2C500&ssl=1&resize=525%2C300 1.5x"},"classes":[]},{"id":18220,"url":"https:\/\/ismaelcolosi.com.br\/index.php\/2023\/12\/19\/theatro-pedro-ii-em-ribeirao-preto-recebe-concerto-com-entrada-gratuita\/","url_meta":{"origin":77448,"position":2},"title":"Theatro Pedro II, em Ribeir\u00e3o Preto, recebe concerto com entrada gratuita","author":"ismaelcolosi.com.br","date":"19 de December de 2023","format":false,"excerpt":"Em seu \u00faltimo concerto do ano, a USP Filarm\u00f4nica de apresenta, nesta quarta-feira (20), \u00e0s 20 horas, no Theatro Pedro II, no Centro de Ribeir\u00e3o Preto. A entrada \u00e9 gratuita e n\u00e3o precisa retirar os ingressos com anteced\u00eancia. O evento tem apoio da Pr\u00f3-Reitoria de Gradua\u00e7\u00e3o da USP, que far\u00e1\u2026","rel":"","context":"In &quot;Not\u00edcias de Ribeir\u00e3o Preto-SP e Regi\u00e3o&quot;","block_context":{"text":"Not\u00edcias de Ribeir\u00e3o Preto-SP e Regi\u00e3o","link":"https:\/\/ismaelcolosi.com.br\/index.php\/category\/noticias-de-ribeirao-preto-sp-e-regiao-ismael-colosi\/"},"img":{"alt_text":"","src":"https:\/\/i0.wp.com\/ismaelcolosi.com.br\/wp-content\/uploads\/2023\/12\/WhatsApp-Image-2023-12-19-at-11.16.15.jpeg?fit=1200%2C675&ssl=1&resize=350%2C200","width":350,"height":200,"srcset":"https:\/\/i0.wp.com\/ismaelcolosi.com.br\/wp-content\/uploads\/2023\/12\/WhatsApp-Image-2023-12-19-at-11.16.15.jpeg?fit=1200%2C675&ssl=1&resize=350%2C200 1x, https:\/\/i0.wp.com\/ismaelcolosi.com.br\/wp-content\/uploads\/2023\/12\/WhatsApp-Image-2023-12-19-at-11.16.15.jpeg?fit=1200%2C675&ssl=1&resize=525%2C300 1.5x, https:\/\/i0.wp.com\/ismaelcolosi.com.br\/wp-content\/uploads\/2023\/12\/WhatsApp-Image-2023-12-19-at-11.16.15.jpeg?fit=1200%2C675&ssl=1&resize=700%2C400 2x, https:\/\/i0.wp.com\/ismaelcolosi.com.br\/wp-content\/uploads\/2023\/12\/WhatsApp-Image-2023-12-19-at-11.16.15.jpeg?fit=1200%2C675&ssl=1&resize=1050%2C600 3x"},"classes":[]},{"id":51407,"url":"https:\/\/ismaelcolosi.com.br\/index.php\/2024\/05\/27\/usp-filarmonica-de-ribeirao-apresenta-concerto-em-homenagem-a-jornalista-erica-amendola\/","url_meta":{"origin":77448,"position":3},"title":"USP Filarm\u00f4nica de Ribeir\u00e3o apresenta concerto em homenagem a jornalista \u00c9rica Am\u00eandola","author":"ismaelcolosi.com.br","date":"27 de May de 2024","format":false,"excerpt":"A USP Filarm\u00f4nica de Ribeir\u00e3o Preto realiza, nesta ter\u00e7a-feira (28), uma homenagem \u00e0 jornalista e apresentadora, \u00c9rica Am\u00eandola, que morreu em 30 de abril durante tratamento de um c\u00e2ncer. A apresenta\u00e7\u00e3o ser\u00e1 \u00e0s 20h, no Theatro Pedro II, no Centro da cidade. O concerto pela \u201cS\u00e9rie Concertos USP\u201d tem entrada\u2026","rel":"","context":"In &quot;Not\u00edcias de Ribeir\u00e3o Preto-SP e Regi\u00e3o&quot;","block_context":{"text":"Not\u00edcias de Ribeir\u00e3o Preto-SP e Regi\u00e3o","link":"https:\/\/ismaelcolosi.com.br\/index.php\/category\/noticias-de-ribeirao-preto-sp-e-regiao-ismael-colosi\/"},"img":{"alt_text":"","src":"https:\/\/i0.wp.com\/ismaelcolosi.com.br\/wp-content\/uploads\/2024\/04\/ERICA-AMENDOLA-2_2024-04-30_17-05-40_jpg.webp.webp?fit=1200%2C841&ssl=1&resize=350%2C200","width":350,"height":200,"srcset":"https:\/\/i0.wp.com\/ismaelcolosi.com.br\/wp-content\/uploads\/2024\/04\/ERICA-AMENDOLA-2_2024-04-30_17-05-40_jpg.webp.webp?fit=1200%2C841&ssl=1&resize=350%2C200 1x, https:\/\/i0.wp.com\/ismaelcolosi.com.br\/wp-content\/uploads\/2024\/04\/ERICA-AMENDOLA-2_2024-04-30_17-05-40_jpg.webp.webp?fit=1200%2C841&ssl=1&resize=525%2C300 1.5x, https:\/\/i0.wp.com\/ismaelcolosi.com.br\/wp-content\/uploads\/2024\/04\/ERICA-AMENDOLA-2_2024-04-30_17-05-40_jpg.webp.webp?fit=1200%2C841&ssl=1&resize=700%2C400 2x, https:\/\/i0.wp.com\/ismaelcolosi.com.br\/wp-content\/uploads\/2024\/04\/ERICA-AMENDOLA-2_2024-04-30_17-05-40_jpg.webp.webp?fit=1200%2C841&ssl=1&resize=1050%2C600 3x"},"classes":[]},{"id":55017,"url":"https:\/\/ismaelcolosi.com.br\/index.php\/2024\/06\/29\/cidade-na-regiao-de-ribeirao-preto-recebe-concerto-gratuito-veja-quando\/","url_meta":{"origin":77448,"position":4},"title":"Cidade na regi\u00e3o de Ribeir\u00e3o Preto recebe concerto gratuito; Veja quando","author":"ismaelcolosi.com.br","date":"29 de June de 2024","format":false,"excerpt":"Um concerto pedag\u00f3gico com crian\u00e7as e adolescentes do projeto sociocultural, da Institui\u00e7\u00e3o Aparecido Savegnago, acontece em Sert\u00e3ozinho, cidade na regi\u00e3o de Ribeir\u00e3o Preto, na segunda-feira (1). Com entrada gratuita, a apresenta\u00e7\u00e3o de encerramento do semestre ser\u00e1 \u00e0s 19h30. Alunos da Orquestra Preparat\u00f3ria e da classe de Canto Coral apresentam pe\u00e7as\u2026","rel":"","context":"In &quot;Not\u00edcias de Ribeir\u00e3o Preto-SP e Regi\u00e3o&quot;","block_context":{"text":"Not\u00edcias de Ribeir\u00e3o Preto-SP e Regi\u00e3o","link":"https:\/\/ismaelcolosi.com.br\/index.php\/category\/noticias-de-ribeirao-preto-sp-e-regiao-ismael-colosi\/"},"img":{"alt_text":"","src":"https:\/\/i0.wp.com\/ismaelcolosi.com.br\/wp-content\/uploads\/2024\/06\/WhatsApp-Image-2024-06-29-at-10.56.31_2024-06-29_13-56-47_jpeg_2024-06-29_13-56-48.webp.webp?fit=1200%2C800&ssl=1&resize=350%2C200","width":350,"height":200,"srcset":"https:\/\/i0.wp.com\/ismaelcolosi.com.br\/wp-content\/uploads\/2024\/06\/WhatsApp-Image-2024-06-29-at-10.56.31_2024-06-29_13-56-47_jpeg_2024-06-29_13-56-48.webp.webp?fit=1200%2C800&ssl=1&resize=350%2C200 1x, https:\/\/i0.wp.com\/ismaelcolosi.com.br\/wp-content\/uploads\/2024\/06\/WhatsApp-Image-2024-06-29-at-10.56.31_2024-06-29_13-56-47_jpeg_2024-06-29_13-56-48.webp.webp?fit=1200%2C800&ssl=1&resize=525%2C300 1.5x, https:\/\/i0.wp.com\/ismaelcolosi.com.br\/wp-content\/uploads\/2024\/06\/WhatsApp-Image-2024-06-29-at-10.56.31_2024-06-29_13-56-47_jpeg_2024-06-29_13-56-48.webp.webp?fit=1200%2C800&ssl=1&resize=700%2C400 2x, https:\/\/i0.wp.com\/ismaelcolosi.com.br\/wp-content\/uploads\/2024\/06\/WhatsApp-Image-2024-06-29-at-10.56.31_2024-06-29_13-56-47_jpeg_2024-06-29_13-56-48.webp.webp?fit=1200%2C800&ssl=1&resize=1050%2C600 3x"},"classes":[]},{"id":40642,"url":"https:\/\/ismaelcolosi.com.br\/index.php\/2024\/03\/05\/musica-colonial-e-tema-de-concerto\/","url_meta":{"origin":77448,"position":5},"title":"M\u00fasica colonial \u00e9\u00a0tema de concerto\u00a0","author":"ismaelcolosi.com.br","date":"5 de March de 2024","format":false,"excerpt":"O Ensemble Mentemanuque \u2013 solistas da USP Filarm\u00f4nica, sob dire\u00e7\u00e3o do maestro Rubens Russomanno Ricciardi \u2013 apresenta um concerto especial coral-sinf\u00f4nico com repert\u00f3rio do per\u00edodo colonial brasileiro. A audi\u00e7\u00e3o faz parte das prepara\u00e7\u00f5es do processo de registro fonogr\u00e1fico, que posteriormente dar\u00e1 vida ao \u00e1lbum in\u00e9dito intitulado \u201cM\u00fasica Colonial Brasileira \u2013\u2026","rel":"","context":"In &quot;Not\u00edcias de Ribeir\u00e3o Preto-SP e Regi\u00e3o&quot;","block_context":{"text":"Not\u00edcias de Ribeir\u00e3o Preto-SP e Regi\u00e3o","link":"https:\/\/ismaelcolosi.com.br\/index.php\/category\/noticias-de-ribeirao-preto-sp-e-regiao-ismael-colosi\/"},"img":{"alt_text":"","src":"https:\/\/i0.wp.com\/ismaelcolosi.com.br\/wp-content\/uploads\/2024\/03\/Ensemble-Divulgacao-scaled.jpeg?fit=860%2C645&ssl=1&resize=350%2C200","width":350,"height":200,"srcset":"https:\/\/i0.wp.com\/ismaelcolosi.com.br\/wp-content\/uploads\/2024\/03\/Ensemble-Divulgacao-scaled.jpeg?fit=860%2C645&ssl=1&resize=350%2C200 1x, https:\/\/i0.wp.com\/ismaelcolosi.com.br\/wp-content\/uploads\/2024\/03\/Ensemble-Divulgacao-scaled.jpeg?fit=860%2C645&ssl=1&resize=525%2C300 1.5x, https:\/\/i0.wp.com\/ismaelcolosi.com.br\/wp-content\/uploads\/2024\/03\/Ensemble-Divulgacao-scaled.jpeg?fit=860%2C645&ssl=1&resize=700%2C400 2x"},"classes":[]}],"jetpack_sharing_enabled":true,"jetpack_shortlink":"https:\/\/wp.me\/pfMlyK-k9a","_links":{"self":[{"href":"https:\/\/ismaelcolosi.com.br\/index.php\/wp-json\/wp\/v2\/posts\/77448","targetHints":{"allow":["GET"]}}],"collection":[{"href":"https:\/\/ismaelcolosi.com.br\/index.php\/wp-json\/wp\/v2\/posts"}],"about":[{"href":"https:\/\/ismaelcolosi.com.br\/index.php\/wp-json\/wp\/v2\/types\/post"}],"author":[{"embeddable":true,"href":"https:\/\/ismaelcolosi.com.br\/index.php\/wp-json\/wp\/v2\/users\/1"}],"replies":[{"embeddable":true,"href":"https:\/\/ismaelcolosi.com.br\/index.php\/wp-json\/wp\/v2\/comments?post=77448"}],"version-history":[{"count":0,"href":"https:\/\/ismaelcolosi.com.br\/index.php\/wp-json\/wp\/v2\/posts\/77448\/revisions"}],"wp:featuredmedia":[{"embeddable":true,"href":"https:\/\/ismaelcolosi.com.br\/index.php\/wp-json\/wp\/v2\/media\/77449"}],"wp:attachment":[{"href":"https:\/\/ismaelcolosi.com.br\/index.php\/wp-json\/wp\/v2\/media?parent=77448"}],"wp:term":[{"taxonomy":"category","embeddable":true,"href":"https:\/\/ismaelcolosi.com.br\/index.php\/wp-json\/wp\/v2\/categories?post=77448"},{"taxonomy":"post_tag","embeddable":true,"href":"https:\/\/ismaelcolosi.com.br\/index.php\/wp-json\/wp\/v2\/tags?post=77448"}],"curies":[{"name":"wp","href":"https:\/\/api.w.org\/{rel}","templated":true}]}}