{"id":77395,"date":"2024-11-25T08:12:23","date_gmt":"2024-11-25T11:12:23","guid":{"rendered":"https:\/\/ismaelcolosi.com.br\/index.php\/2024\/11\/25\/etecs-oferecem-7-110-vagas-na-regiao-de-rp\/"},"modified":"2024-11-25T08:12:23","modified_gmt":"2024-11-25T11:12:23","slug":"etecs-oferecem-7-110-vagas-na-regiao-de-rp","status":"publish","type":"post","link":"https:\/\/ismaelcolosi.com.br\/index.php\/2024\/11\/25\/etecs-oferecem-7-110-vagas-na-regiao-de-rp\/","title":{"rendered":"Etecs oferecem 7.110 vagas na regi\u00e3o de RP\u00a0"},"content":{"rendered":"<p> <br \/>\n<\/p>\n<div>\n<p><span data-contrast=\"auto\">O Vestibulinho das Escolas T\u00e9cnicas Estaduais (Etecs) do Centro Paula Souza (CPS) para o primeiro semestre de 2025 tem inscri\u00e7\u00f5es abertas at\u00e9 as 15 horas de ter\u00e7a-feira, 26 de novembro, pelo site vestibulinhoetec.com.br. Para Ribeir\u00e3o Preto e demais cidades da regi\u00e3o, est\u00e3o dispon\u00edveis 7.110 vagas, em ensino p\u00fablico e gratuito. O valor da taxa de inscri\u00e7\u00e3o \u00e9 de R$ 39,85. O exame ser\u00e1 aplicado no dia 15 de dezembro.<\/span><\/p>\n<p><span data-contrast=\"auto\">Em Ribeir\u00e3o Preto, a Escola T\u00e9cnica Estadual Jos\u00e9 Martimiano da Silva, o popular \u201cCol\u00e9gio Industrial\u201d, na rua Tamandar\u00e9 <\/span><span data-contrast=\"none\">n\u00ba 520, no bairro Campos El\u00edseos, na Zona Norte, oferece 880 <\/span><span data-contrast=\"auto\">vagas gratuitas. As redes sociais da unidade s\u00e3o Facebook e Instagram (@EtecRP). Outras informa\u00e7\u00f5es pelos telefones (16) 3610-8374 e 0800-772 2829 ou pela internet.<\/span><\/p>\n<p><span data-contrast=\"auto\">Tamb\u00e9m h\u00e1 vagas para os munic\u00edpios de Barretos (600), Barrinha (40), Batatais (600), Bebedouro (440), Colina (40), Cravinhos (160), Franca (920), Gua\u00edra (160), Guariba (210), Igarapava (240), Ituverava (320), Jaboticabal (100), Luiz Ant\u00f4nio (40), Miguel\u00f3polis (200), Monte Alto (200) e Orl\u00e2ndia (360).<\/span><\/p>\n<p><span data-contrast=\"auto\">As demais cidades com vagas s\u00e3o Santa Rosa de Viterbo (120), S\u00e3o Joaquim da Barra (400), S\u00e3o Sim\u00e3o (200), Serrana (240), Sert\u00e3ozinho (200) e Taquaritinga (440), para as Etecs e Classes Descentralizadas \u2013 unidades que funcionam com um ou mais cursos, sob a administra\u00e7\u00e3o de uma Etec, por meio de parcerias com as prefeituras e a Secretaria Estadual da Educa\u00e7\u00e3o (Seduc-SP).<\/span><\/p>\n<p><span data-contrast=\"auto\">O interessado pode se candidatar para os Ensinos M\u00e9dio, T\u00e9cnico, M\u00e9dio integrado ao T\u00e9cnico, Articula\u00e7\u00e3o da Forma\u00e7\u00e3o Profissional M\u00e9dia e Superior (AMS), Especializa\u00e7\u00f5es T\u00e9cnicas ou \u00e0s vagas remanescentes de segundo m\u00f3dulo, com aulas presenciais e no Ensino a Dist\u00e2ncia (EaD).<\/span><\/p>\n<p><span data-contrast=\"auto\">As oportunidades para o formato online s\u00e3o para os cursos t\u00e9cnicos de Administra\u00e7\u00e3o (1.800 vagas), Com\u00e9rcio (340), Desenvolvimento de Sistemas (980), Guia de Turismo (660), Secretariado (300), Transa\u00e7\u00f5es Imobili\u00e1rias (920) e de especializa\u00e7\u00e3o t\u00e9cnica em Gest\u00e3o de Projetos (920 vagas).<\/span><span data-ccp-props=\"{}\">\u00a0<\/span><\/p>\n<p><span data-contrast=\"auto\">As Etecs que oferecem estes cursos est\u00e3o listadas no site do processo seletivo. Para participar do processo de sele\u00e7\u00e3o \u00e9 preciso acessar o site vestibulinhoetec.com.br, preencher a ficha de inscri\u00e7\u00e3o no menu \u201c\u00c1rea do candidato\u201d e efetuar o pagamento da taxa. <\/span><\/p>\n<p><span data-contrast=\"auto\">O valor pode ser pago at\u00e9 o fim do expediente banc\u00e1rio do dia 26 de novembro. As Etecs oferecem acesso \u00e0 internet e computadores para quem deseja fazer a inscri\u00e7\u00e3o. O interessado deve entrar em contato com a unidade para agendar data e hor\u00e1rio.<\/span><\/p>\n<p><span data-contrast=\"auto\">O preenchimento dos dados \u00e9 de responsabilidade do candidato ou de seu representante legal, quando menor de 16 anos. Mais informa\u00e7\u00f5es sobre o processo de inscri\u00e7\u00e3o e a documenta\u00e7\u00e3o necess\u00e1ria podem ser conferidas na Portaria do Vestibulinho e no Manual do Candidato. O calend\u00e1rio completo est\u00e1 na internet.<\/span><\/p>\n<\/div>\n<p><br \/>\n<br \/><a href=\"https:\/\/www.tribunaribeirao.com.br\/etecs-oferecem-7-110-vagas-na-regiao-de-rp\/\">Source link <\/a><\/p>\n<div class='code-block code-block-4' style='margin: 8px auto 8px 0; text-align: left; display: block; clear: both;'>\n\ud83d\udce2 Aviso Legal\n\nO site ismaelcolosi.com.br atua apenas como um canal de divulga\u00e7\u00e3o de oportunidades de emprego e n\u00e3o se responsabiliza pelo processo seletivo, contrata\u00e7\u00e3o ou qualquer outra etapa relacionada \u00e0s vagas publicadas. Todas as informa\u00e7\u00f5es s\u00e3o de responsabilidade dos anunciantes.\n\n\u26a0\ufe0f Aten\u00e7\u00e3o! Nunca pague por promessas de emprego nem compre cursos que garantam contrata\u00e7\u00e3o. Desconfie de qualquer cobran\u00e7a para participar de sele\u00e7\u00f5es.\n\n\n\n<\/div>\n<!-- CONTENT END 1 -->\n","protected":false},"excerpt":{"rendered":"<p>O Vestibulinho das Escolas T\u00e9cnicas Estaduais (Etecs) do Centro Paula Souza (CPS) para o primeiro semestre de 2025 tem inscri\u00e7\u00f5es abertas at\u00e9 as 15 horas&#8230;<\/p>\n","protected":false},"author":1,"featured_media":77396,"comment_status":"open","ping_status":"open","sticky":false,"template":"","format":"standard","meta":{"_uag_custom_page_level_css":"","advanced_seo_description":"","jetpack_seo_html_title":"","jetpack_seo_noindex":false,"jetpack_post_was_ever_published":false,"_jetpack_newsletter_access":"","_jetpack_dont_email_post_to_subs":false,"_jetpack_newsletter_tier_id":0,"_jetpack_memberships_contains_paywalled_content":false,"_jetpack_memberships_contains_paid_content":false,"footnotes":"","jetpack_publicize_message":"","jetpack_publicize_feature_enabled":true,"jetpack_social_post_already_shared":true,"jetpack_social_options":{"image_generator_settings":{"template":"highway","default_image_id":0,"font":"","enabled":false},"version":2}},"categories":[11],"tags":[],"class_list":["post-77395","post","type-post","status-publish","format-standard","has-post-thumbnail","hentry","category-noticias-de-ribeirao-preto-sp-e-regiao-ismael-colosi"],"jetpack_publicize_connections":[],"jetpack_featured_media_url":"https:\/\/i0.wp.com\/ismaelcolosi.com.br\/wp-content\/uploads\/2024\/11\/Etec-Roberto-Sungi-scaled.jpg?fit=752%2C500&ssl=1","uagb_featured_image_src":{"full":["https:\/\/i0.wp.com\/ismaelcolosi.com.br\/wp-content\/uploads\/2024\/11\/Etec-Roberto-Sungi-scaled.jpg?fit=752%2C500&ssl=1",752,500,false],"thumbnail":["https:\/\/i0.wp.com\/ismaelcolosi.com.br\/wp-content\/uploads\/2024\/11\/Etec-Roberto-Sungi-scaled.jpg?resize=150%2C150&ssl=1",150,150,true],"medium":["https:\/\/i0.wp.com\/ismaelcolosi.com.br\/wp-content\/uploads\/2024\/11\/Etec-Roberto-Sungi-scaled.jpg?fit=300%2C199&ssl=1",300,199,true],"medium_large":["https:\/\/i0.wp.com\/ismaelcolosi.com.br\/wp-content\/uploads\/2024\/11\/Etec-Roberto-Sungi-scaled.jpg?fit=752%2C500&ssl=1",752,500,true],"large":["https:\/\/i0.wp.com\/ismaelcolosi.com.br\/wp-content\/uploads\/2024\/11\/Etec-Roberto-Sungi-scaled.jpg?fit=752%2C500&ssl=1",752,500,true],"1536x1536":["https:\/\/i0.wp.com\/ismaelcolosi.com.br\/wp-content\/uploads\/2024\/11\/Etec-Roberto-Sungi-scaled.jpg?fit=752%2C500&ssl=1",752,500,true],"2048x2048":["https:\/\/i0.wp.com\/ismaelcolosi.com.br\/wp-content\/uploads\/2024\/11\/Etec-Roberto-Sungi-scaled.jpg?fit=752%2C500&ssl=1",752,500,true],"really-simple-thumb":["https:\/\/i0.wp.com\/ismaelcolosi.com.br\/wp-content\/uploads\/2024\/11\/Etec-Roberto-Sungi-scaled.jpg?resize=370%2C247&ssl=1",370,247,true]},"uagb_author_info":{"display_name":"ismaelcolosi.com.br","author_link":"https:\/\/ismaelcolosi.com.br\/index.php\/author\/vidareal-online\/"},"uagb_comment_info":0,"uagb_excerpt":"O Vestibulinho das Escolas T\u00e9cnicas Estaduais (Etecs) do Centro Paula Souza (CPS) para o primeiro semestre de 2025 tem inscri\u00e7\u00f5es abertas at\u00e9 as 15 horas...","jetpack-related-posts":[{"id":770,"url":"https:\/\/ismaelcolosi.com.br\/index.php\/2023\/11\/09\/foram-prorrogadas-as-inscricoes-para-o-vestibulinho-das-etecs\/","url_meta":{"origin":77395,"position":0},"title":"Foram prorrogadas as inscri\u00e7\u00f5es para o vestibulinho das Etecs","author":"ismaelcolosi.com.br","date":"9 de November de 2023","format":false,"excerpt":"8 de novembro de 2023 | 18:008 de novembro de 2023 | 16:19 0No dia 10 de dezembro, candidatos fazem a prova do Vestibulinho das Escolas T\u00e9cnicas Estaduais (Etecs), que d\u00e1 acesso a mais de 91 mil vagas para ensino p\u00fablico gratuito. O interessado em aproveitar a oportunidade deve se\u2026","rel":"","context":"In &quot;Not\u00edcias de Ribeir\u00e3o Preto-SP e Regi\u00e3o&quot;","block_context":{"text":"Not\u00edcias de Ribeir\u00e3o Preto-SP e Regi\u00e3o","link":"https:\/\/ismaelcolosi.com.br\/index.php\/category\/noticias-de-ribeirao-preto-sp-e-regiao-ismael-colosi\/"},"img":{"alt_text":"","src":"https:\/\/i0.wp.com\/ismaelcolosi.com.br\/wp-content\/uploads\/2023\/11\/1-etec-alfredo-risk-scaled.jpg?fit=1000%2C462&ssl=1&resize=350%2C200","width":350,"height":200,"srcset":"https:\/\/i0.wp.com\/ismaelcolosi.com.br\/wp-content\/uploads\/2023\/11\/1-etec-alfredo-risk-scaled.jpg?fit=1000%2C462&ssl=1&resize=350%2C200 1x, https:\/\/i0.wp.com\/ismaelcolosi.com.br\/wp-content\/uploads\/2023\/11\/1-etec-alfredo-risk-scaled.jpg?fit=1000%2C462&ssl=1&resize=525%2C300 1.5x, https:\/\/i0.wp.com\/ismaelcolosi.com.br\/wp-content\/uploads\/2023\/11\/1-etec-alfredo-risk-scaled.jpg?fit=1000%2C462&ssl=1&resize=700%2C400 2x"},"classes":[]},{"id":82462,"url":"https:\/\/ismaelcolosi.com.br\/index.php\/2025\/01\/31\/abertas-inscricoes-para-o-vestibulinho-das-etecs-do-primeiro-semestre-de-2025-veja-os-detalhes-aqui\/","url_meta":{"origin":77395,"position":1},"title":"Abertas inscri\u00e7\u00f5es para o Vestibulinho das Etecs do primeiro semestre de 2025, Veja os Detalhes aqui","author":"Arthur Tijolo","date":"31 de January de 2025","format":false,"excerpt":"Vestibulinho das Etecs - Primeiro Semestre de 2025 Inscri\u00e7\u00f5es: Est\u00e3o abertas at\u00e9 26 de novembro, \u00e0s 15 horas, pelo site. A taxa de inscri\u00e7\u00e3o \u00e9 de R$ 39,85. Vagas: S\u00e3o oferecidas 92.242 vagas em todo o Estado de S\u00e3o Paulo, para Ensino M\u00e9dio, T\u00e9cnico, M\u00e9dio integrado ao T\u00e9cnico, AMS, Especializa\u00e7\u00f5es\u2026","rel":"","context":"In &quot;Cursos Gratuitos e Bolsas de Estudos&quot;","block_context":{"text":"Cursos Gratuitos e Bolsas de Estudos","link":"https:\/\/ismaelcolosi.com.br\/index.php\/category\/cursos-gratuitos-e-bolsas-de-estudos-ribeirao-preto\/"},"img":{"alt_text":"","src":"https:\/\/i0.wp.com\/ismaelcolosi.com.br\/wp-content\/uploads\/2025\/01\/Etec-Pq-Juventude_Vestibulinho_fotog-Roberto-Sungi-139-scaled-1.jpg?fit=1200%2C798&ssl=1&resize=350%2C200","width":350,"height":200,"srcset":"https:\/\/i0.wp.com\/ismaelcolosi.com.br\/wp-content\/uploads\/2025\/01\/Etec-Pq-Juventude_Vestibulinho_fotog-Roberto-Sungi-139-scaled-1.jpg?fit=1200%2C798&ssl=1&resize=350%2C200 1x, https:\/\/i0.wp.com\/ismaelcolosi.com.br\/wp-content\/uploads\/2025\/01\/Etec-Pq-Juventude_Vestibulinho_fotog-Roberto-Sungi-139-scaled-1.jpg?fit=1200%2C798&ssl=1&resize=525%2C300 1.5x, https:\/\/i0.wp.com\/ismaelcolosi.com.br\/wp-content\/uploads\/2025\/01\/Etec-Pq-Juventude_Vestibulinho_fotog-Roberto-Sungi-139-scaled-1.jpg?fit=1200%2C798&ssl=1&resize=700%2C400 2x, https:\/\/i0.wp.com\/ismaelcolosi.com.br\/wp-content\/uploads\/2025\/01\/Etec-Pq-Juventude_Vestibulinho_fotog-Roberto-Sungi-139-scaled-1.jpg?fit=1200%2C798&ssl=1&resize=1050%2C600 3x"},"classes":[]},{"id":77677,"url":"https:\/\/ismaelcolosi.com.br\/index.php\/2024\/11\/27\/vestibular-das-etecs-prorroga-inscricoes\/","url_meta":{"origin":77395,"position":2},"title":"Vestibular das Etecs prorroga inscri\u00e7\u00f5es \u00a0","author":"ismaelcolosi.com.br","date":"27 de November de 2024","format":false,"excerpt":"O per\u00edodo de inscri\u00e7\u00f5es para o Vestibulinho das Escolas T\u00e9cnicas Estaduais (Etecs) do Centro Paula Souza (CPS) foi prorrogado at\u00e9 as 20 horas desta quinta-feira, 28 de novembro (28). O interessado em conquistar uma vaga para o primeiro semestre de 2025 deve se candidatar pelo site vestibulinhoetec.com.br. O prazo original\u2026","rel":"","context":"In &quot;Not\u00edcias de Ribeir\u00e3o Preto-SP e Regi\u00e3o&quot;","block_context":{"text":"Not\u00edcias de Ribeir\u00e3o Preto-SP e Regi\u00e3o","link":"https:\/\/ismaelcolosi.com.br\/index.php\/category\/noticias-de-ribeirao-preto-sp-e-regiao-ismael-colosi\/"},"img":{"alt_text":"","src":"https:\/\/i0.wp.com\/ismaelcolosi.com.br\/wp-content\/uploads\/2024\/11\/Etecs-Roberto-Sungi-scaled.jpg?fit=752%2C500&ssl=1&resize=350%2C200","width":350,"height":200,"srcset":"https:\/\/i0.wp.com\/ismaelcolosi.com.br\/wp-content\/uploads\/2024\/11\/Etecs-Roberto-Sungi-scaled.jpg?fit=752%2C500&ssl=1&resize=350%2C200 1x, https:\/\/i0.wp.com\/ismaelcolosi.com.br\/wp-content\/uploads\/2024\/11\/Etecs-Roberto-Sungi-scaled.jpg?fit=752%2C500&ssl=1&resize=525%2C300 1.5x, https:\/\/i0.wp.com\/ismaelcolosi.com.br\/wp-content\/uploads\/2024\/11\/Etecs-Roberto-Sungi-scaled.jpg?fit=752%2C500&ssl=1&resize=700%2C400 2x"},"classes":[]},{"id":55482,"url":"https:\/\/ismaelcolosi.com.br\/index.php\/2024\/07\/03\/ribeirao-preto-tem-inscricoes-para-cursos-profissionalizantes-gratuitos-confira\/","url_meta":{"origin":77395,"position":3},"title":"Ribeir\u00e3o Preto tem inscri\u00e7\u00f5es para cursos profissionalizantes gratuitos; Confira","author":"ismaelcolosi.com.br","date":"3 de July de 2024","format":false,"excerpt":"A Secretaria de Desenvolvimento Econ\u00f4mico abriu inscri\u00e7\u00f5es para cursos profissionalizantes gratuitos do Qualifica SP \u2013 Meu Primeiro Emprego. S\u00e3o 425 vagas para Ribeir\u00e3o Preto e regi\u00e3o. Al\u00e9m de Ribeir\u00e3o Preto, as vagas s\u00e3o para os munic\u00edpios: Cravinhos, Guariba, Jaboticabal, Monte Alto, Santa Rosa de Viterbo, S\u00e3o Sim\u00e3o e Serrana. As\u2026","rel":"","context":"In &quot;Not\u00edcias de Ribeir\u00e3o Preto-SP e Regi\u00e3o&quot;","block_context":{"text":"Not\u00edcias de Ribeir\u00e3o Preto-SP e Regi\u00e3o","link":"https:\/\/ismaelcolosi.com.br\/index.php\/category\/noticias-de-ribeirao-preto-sp-e-regiao-ismael-colosi\/"},"img":{"alt_text":"","src":"https:\/\/i0.wp.com\/ismaelcolosi.com.br\/wp-content\/uploads\/2024\/07\/Copia-de-Copia-de-TAMANHO-EXATO-PARA-FOTOS-NO-SISTEMA-NOVO-4_2024-07-03_15-25-10_jpg_2024-07-03_15-25-10.webp.webp?fit=1200%2C675&ssl=1&resize=350%2C200","width":350,"height":200,"srcset":"https:\/\/i0.wp.com\/ismaelcolosi.com.br\/wp-content\/uploads\/2024\/07\/Copia-de-Copia-de-TAMANHO-EXATO-PARA-FOTOS-NO-SISTEMA-NOVO-4_2024-07-03_15-25-10_jpg_2024-07-03_15-25-10.webp.webp?fit=1200%2C675&ssl=1&resize=350%2C200 1x, https:\/\/i0.wp.com\/ismaelcolosi.com.br\/wp-content\/uploads\/2024\/07\/Copia-de-Copia-de-TAMANHO-EXATO-PARA-FOTOS-NO-SISTEMA-NOVO-4_2024-07-03_15-25-10_jpg_2024-07-03_15-25-10.webp.webp?fit=1200%2C675&ssl=1&resize=525%2C300 1.5x, https:\/\/i0.wp.com\/ismaelcolosi.com.br\/wp-content\/uploads\/2024\/07\/Copia-de-Copia-de-TAMANHO-EXATO-PARA-FOTOS-NO-SISTEMA-NOVO-4_2024-07-03_15-25-10_jpg_2024-07-03_15-25-10.webp.webp?fit=1200%2C675&ssl=1&resize=700%2C400 2x, https:\/\/i0.wp.com\/ismaelcolosi.com.br\/wp-content\/uploads\/2024\/07\/Copia-de-Copia-de-TAMANHO-EXATO-PARA-FOTOS-NO-SISTEMA-NOVO-4_2024-07-03_15-25-10_jpg_2024-07-03_15-25-10.webp.webp?fit=1200%2C675&ssl=1&resize=1050%2C600 3x"},"classes":[]},{"id":74036,"url":"https:\/\/ismaelcolosi.com.br\/index.php\/2024\/10\/29\/vestibular-de-etecs-vai-abrir-inscricoes\/","url_meta":{"origin":77395,"position":4},"title":"Vestibular de Etecs\u00a0vai abrir inscri\u00e7\u00f5es\u00a0","author":"ismaelcolosi.com.br","date":"29 de October de 2024","format":false,"excerpt":"Quem deseja conquistar uma vaga para estudar em uma Escola T\u00e9cnica Estadual (Etec) do Centro Paula Souza (CPS), no primeiro semestre de 2025, j\u00e1 pode consultar o calend\u00e1rio do processo seletivo pelo site cps.sp.gov.br\/etec\/vestibulinho. \u00a0 29 de outubro de 202429 de outubro de 202431 Compartilhar0 O per\u00edodo de inscri\u00e7\u00e3o para\u2026","rel":"","context":"In &quot;Not\u00edcias de Ribeir\u00e3o Preto-SP e Regi\u00e3o&quot;","block_context":{"text":"Not\u00edcias de Ribeir\u00e3o Preto-SP e Regi\u00e3o","link":"https:\/\/ismaelcolosi.com.br\/index.php\/category\/noticias-de-ribeirao-preto-sp-e-regiao-ismael-colosi\/"},"img":{"alt_text":"","src":"https:\/\/i0.wp.com\/ismaelcolosi.com.br\/wp-content\/uploads\/2024\/10\/Etec-Roberto-Sungi-ok-scaled.jpg?fit=752%2C500&ssl=1&resize=350%2C200","width":350,"height":200,"srcset":"https:\/\/i0.wp.com\/ismaelcolosi.com.br\/wp-content\/uploads\/2024\/10\/Etec-Roberto-Sungi-ok-scaled.jpg?fit=752%2C500&ssl=1&resize=350%2C200 1x, https:\/\/i0.wp.com\/ismaelcolosi.com.br\/wp-content\/uploads\/2024\/10\/Etec-Roberto-Sungi-ok-scaled.jpg?fit=752%2C500&ssl=1&resize=525%2C300 1.5x, https:\/\/i0.wp.com\/ismaelcolosi.com.br\/wp-content\/uploads\/2024\/10\/Etec-Roberto-Sungi-ok-scaled.jpg?fit=752%2C500&ssl=1&resize=700%2C400 2x"},"classes":[]},{"id":73941,"url":"https:\/\/ismaelcolosi.com.br\/index.php\/2024\/10\/29\/etec-ribeirao-preto-oferece-mais-de-mil-vagas-em-cursos-gratuitos-veja-como-se-inscrever\/","url_meta":{"origin":77395,"position":5},"title":"Etec Ribeir\u00e3o Preto oferece mais de mil vagas em cursos gratuitos; Veja como se inscrever","author":"ismaelcolosi.com.br","date":"29 de October de 2024","format":false,"excerpt":"As inscri\u00e7\u00f5es para o Vestibulinho 2025 da Etec (Escola T\u00e9cnica Estadual) Jos\u00e9 Martimiano da Silva, em Ribeir\u00e3o Preto, come\u00e7am na pr\u00f3xima quinta-feira (31). S\u00e3o oferecidas 1.120 vagas em 27 cursos gratuitos. Os interessados devem se inscrever pelo site da institui\u00e7\u00e3o at\u00e9 as 15h do dia 26 de novembro. Clique aqui\u2026","rel":"","context":"In &quot;Not\u00edcias de Ribeir\u00e3o Preto-SP e Regi\u00e3o&quot;","block_context":{"text":"Not\u00edcias de Ribeir\u00e3o Preto-SP e Regi\u00e3o","link":"https:\/\/ismaelcolosi.com.br\/index.php\/category\/noticias-de-ribeirao-preto-sp-e-regiao-ismael-colosi\/"},"img":{"alt_text":"","src":"https:\/\/i0.wp.com\/ismaelcolosi.com.br\/wp-content\/uploads\/2024\/10\/WhatsApp-Image-2024-10-29-at-11.01.13_2024-10-29_15-11-48_jpeg_2024-10-29_15-11-48.webp.webp?fit=1200%2C674&ssl=1&resize=350%2C200","width":350,"height":200,"srcset":"https:\/\/i0.wp.com\/ismaelcolosi.com.br\/wp-content\/uploads\/2024\/10\/WhatsApp-Image-2024-10-29-at-11.01.13_2024-10-29_15-11-48_jpeg_2024-10-29_15-11-48.webp.webp?fit=1200%2C674&ssl=1&resize=350%2C200 1x, https:\/\/i0.wp.com\/ismaelcolosi.com.br\/wp-content\/uploads\/2024\/10\/WhatsApp-Image-2024-10-29-at-11.01.13_2024-10-29_15-11-48_jpeg_2024-10-29_15-11-48.webp.webp?fit=1200%2C674&ssl=1&resize=525%2C300 1.5x, https:\/\/i0.wp.com\/ismaelcolosi.com.br\/wp-content\/uploads\/2024\/10\/WhatsApp-Image-2024-10-29-at-11.01.13_2024-10-29_15-11-48_jpeg_2024-10-29_15-11-48.webp.webp?fit=1200%2C674&ssl=1&resize=700%2C400 2x, https:\/\/i0.wp.com\/ismaelcolosi.com.br\/wp-content\/uploads\/2024\/10\/WhatsApp-Image-2024-10-29-at-11.01.13_2024-10-29_15-11-48_jpeg_2024-10-29_15-11-48.webp.webp?fit=1200%2C674&ssl=1&resize=1050%2C600 3x"},"classes":[]}],"jetpack_sharing_enabled":true,"jetpack_shortlink":"https:\/\/wp.me\/pfMlyK-k8j","_links":{"self":[{"href":"https:\/\/ismaelcolosi.com.br\/index.php\/wp-json\/wp\/v2\/posts\/77395","targetHints":{"allow":["GET"]}}],"collection":[{"href":"https:\/\/ismaelcolosi.com.br\/index.php\/wp-json\/wp\/v2\/posts"}],"about":[{"href":"https:\/\/ismaelcolosi.com.br\/index.php\/wp-json\/wp\/v2\/types\/post"}],"author":[{"embeddable":true,"href":"https:\/\/ismaelcolosi.com.br\/index.php\/wp-json\/wp\/v2\/users\/1"}],"replies":[{"embeddable":true,"href":"https:\/\/ismaelcolosi.com.br\/index.php\/wp-json\/wp\/v2\/comments?post=77395"}],"version-history":[{"count":0,"href":"https:\/\/ismaelcolosi.com.br\/index.php\/wp-json\/wp\/v2\/posts\/77395\/revisions"}],"wp:featuredmedia":[{"embeddable":true,"href":"https:\/\/ismaelcolosi.com.br\/index.php\/wp-json\/wp\/v2\/media\/77396"}],"wp:attachment":[{"href":"https:\/\/ismaelcolosi.com.br\/index.php\/wp-json\/wp\/v2\/media?parent=77395"}],"wp:term":[{"taxonomy":"category","embeddable":true,"href":"https:\/\/ismaelcolosi.com.br\/index.php\/wp-json\/wp\/v2\/categories?post=77395"},{"taxonomy":"post_tag","embeddable":true,"href":"https:\/\/ismaelcolosi.com.br\/index.php\/wp-json\/wp\/v2\/tags?post=77395"}],"curies":[{"name":"wp","href":"https:\/\/api.w.org\/{rel}","templated":true}]}}