{"id":77365,"date":"2024-11-24T16:31:13","date_gmt":"2024-11-24T19:31:13","guid":{"rendered":"https:\/\/ismaelcolosi.com.br\/index.php\/2024\/11\/24\/enem-dos-concursos-resultado-das-provas-do-cpnu-sai-nesta-segunda-veja-cronograma\/"},"modified":"2024-11-24T16:31:13","modified_gmt":"2024-11-24T19:31:13","slug":"enem-dos-concursos-resultado-das-provas-do-cpnu-sai-nesta-segunda-veja-cronograma","status":"publish","type":"post","link":"https:\/\/ismaelcolosi.com.br\/index.php\/2024\/11\/24\/enem-dos-concursos-resultado-das-provas-do-cpnu-sai-nesta-segunda-veja-cronograma\/","title":{"rendered":"\u2018Enem dos concursos\u2019: resultado das provas do CPNU sai nesta segunda; veja cronograma"},"content":{"rendered":"<p> <br \/>\n<\/p>\n<p>A lista final dos aprovados do <strong>CPNU (Concurso P\u00fablico Nacional Unificado)<\/strong> ou o chamado \u201cEnem dos Concursos\u201d foi adiado para a pr\u00f3xima segunda-feira, 25. Inicialmente, o an\u00fancio estava previsto para a quinta-feira, 21.<\/p>\n<p>O adiamento ocorreu devido a uma decis\u00e3o judicial na qual exigiu a reintegra\u00e7\u00e3o de candidatos ao concurso. Eles foram eliminados por n\u00e3o terem completado todo o processo de identifica\u00e7\u00e3o do cart\u00e3o de respostas da prova.<\/p>\n<p><script>!function(f,b,e,v,n,t,s){if(f.fbq)return;n=f.fbq=function(){n.callMethod?n.callMethod.apply(n,arguments):n.queue.push(arguments)};if(!f._fbq)f._fbq=n;n.push=n;n.loaded=!0;n.version='2.0';n.queue=[];t=b.createElement(e);t.async=!0;t.src=v;s=b.getElementsByTagName(e)[0];s.parentNode.insertBefore(t,s)}(window,document,'script','<\/script><br \/>\n<br \/><br \/>\n<br \/><a href=\"https:\/\/istoedinheiro.com.br\/enem-dos-concursos-resultado-das-provas-do-cpnu-sai-nesta-segunda-veja-cronograma\/\">Source link <\/a><\/p>\n<div class='code-block code-block-4' style='margin: 8px auto 8px 0; text-align: left; display: block; clear: both;'>\n\ud83d\udce2 Aviso Legal\n\nO site ismaelcolosi.com.br atua apenas como um canal de divulga\u00e7\u00e3o de oportunidades de emprego e n\u00e3o se responsabiliza pelo processo seletivo, contrata\u00e7\u00e3o ou qualquer outra etapa relacionada \u00e0s vagas publicadas. Todas as informa\u00e7\u00f5es s\u00e3o de responsabilidade dos anunciantes.\n\n\u26a0\ufe0f Aten\u00e7\u00e3o! Nunca pague por promessas de emprego nem compre cursos que garantam contrata\u00e7\u00e3o. Desconfie de qualquer cobran\u00e7a para participar de sele\u00e7\u00f5es.\n\n\n\n<\/div>\n<!-- CONTENT END 1 -->\n","protected":false},"excerpt":{"rendered":"<p>A lista final dos aprovados do CPNU (Concurso P\u00fablico Nacional Unificado) ou o chamado \u201cEnem dos Concursos\u201d foi adiado para a pr\u00f3xima segunda-feira, 25. Inicialmente,&#8230;<\/p>\n","protected":false},"author":1,"featured_media":77366,"comment_status":"open","ping_status":"open","sticky":false,"template":"","format":"standard","meta":{"_uag_custom_page_level_css":"","advanced_seo_description":"","jetpack_seo_html_title":"","jetpack_seo_noindex":false,"jetpack_post_was_ever_published":false,"_jetpack_newsletter_access":"","_jetpack_dont_email_post_to_subs":false,"_jetpack_newsletter_tier_id":0,"_jetpack_memberships_contains_paywalled_content":false,"_jetpack_memberships_contains_paid_content":false,"footnotes":"","jetpack_publicize_message":"","jetpack_publicize_feature_enabled":true,"jetpack_social_post_already_shared":true,"jetpack_social_options":{"image_generator_settings":{"template":"highway","default_image_id":0,"font":"","enabled":false},"version":2}},"categories":[3598],"tags":[],"class_list":["post-77365","post","type-post","status-publish","format-standard","has-post-thumbnail","hentry","category-empregos-classificados-vagas-trabalho"],"jetpack_publicize_connections":[],"jetpack_featured_media_url":"https:\/\/i0.wp.com\/ismaelcolosi.com.br\/wp-content\/uploads\/2024\/11\/1732476673_concurso-publico.jpg?fit=883%2C510&ssl=1","uagb_featured_image_src":{"full":["https:\/\/i0.wp.com\/ismaelcolosi.com.br\/wp-content\/uploads\/2024\/11\/1732476673_concurso-publico.jpg?fit=883%2C510&ssl=1",883,510,false],"thumbnail":["https:\/\/i0.wp.com\/ismaelcolosi.com.br\/wp-content\/uploads\/2024\/11\/1732476673_concurso-publico.jpg?resize=150%2C150&ssl=1",150,150,true],"medium":["https:\/\/i0.wp.com\/ismaelcolosi.com.br\/wp-content\/uploads\/2024\/11\/1732476673_concurso-publico.jpg?fit=300%2C173&ssl=1",300,173,true],"medium_large":["https:\/\/i0.wp.com\/ismaelcolosi.com.br\/wp-content\/uploads\/2024\/11\/1732476673_concurso-publico.jpg?fit=768%2C444&ssl=1",768,444,true],"large":["https:\/\/i0.wp.com\/ismaelcolosi.com.br\/wp-content\/uploads\/2024\/11\/1732476673_concurso-publico.jpg?fit=883%2C510&ssl=1",883,510,true],"1536x1536":["https:\/\/i0.wp.com\/ismaelcolosi.com.br\/wp-content\/uploads\/2024\/11\/1732476673_concurso-publico.jpg?fit=883%2C510&ssl=1",883,510,true],"2048x2048":["https:\/\/i0.wp.com\/ismaelcolosi.com.br\/wp-content\/uploads\/2024\/11\/1732476673_concurso-publico.jpg?fit=883%2C510&ssl=1",883,510,true],"really-simple-thumb":["https:\/\/i0.wp.com\/ismaelcolosi.com.br\/wp-content\/uploads\/2024\/11\/1732476673_concurso-publico.jpg?resize=370%2C247&ssl=1",370,247,true]},"uagb_author_info":{"display_name":"ismaelcolosi.com.br","author_link":"https:\/\/ismaelcolosi.com.br\/index.php\/author\/vidareal-online\/"},"uagb_comment_info":0,"uagb_excerpt":"A lista final dos aprovados do CPNU (Concurso P\u00fablico Nacional Unificado) ou o chamado \u201cEnem dos Concursos\u201d foi adiado para a pr\u00f3xima segunda-feira, 25. Inicialmente,...","jetpack-related-posts":[{"id":77052,"url":"https:\/\/ismaelcolosi.com.br\/index.php\/2024\/11\/20\/enem-dos-concursos-governo-adia-divulgacao-de-resultados-do-cpnu\/","url_meta":{"origin":77365,"position":0},"title":"\u2018Enem dos concursos\u2019: Governo adia divulga\u00e7\u00e3o de resultados do CPNU","author":"ismaelcolosi.com.br","date":"20 de November de 2024","format":false,"excerpt":"O Minist\u00e9rio da Gest\u00e3o e da Inova\u00e7\u00e3o em Servi\u00e7os P\u00fablicos anunciou nesta quarta-feira, 20, que resolveu adiar a divulga\u00e7\u00e3o dos resultados finais do Concurso P\u00fablico Nacional Unificado (CPNU), que seria publicado nesta quinta-feira, 21.\u00a0A pasta informou que ir\u00e1 divulgar um novo cronograma na quinta-feira.Chamado de \u201cEnem dos Concursos\u201d, o CNU\u2026","rel":"","context":"In &quot;Empregos - Classificados&quot;","block_context":{"text":"Empregos - Classificados","link":"https:\/\/ismaelcolosi.com.br\/index.php\/category\/empregos-classificados-vagas-trabalho\/"},"img":{"alt_text":"","src":"https:\/\/i0.wp.com\/ismaelcolosi.com.br\/wp-content\/uploads\/2024\/11\/cpnu.jpg?fit=900%2C600&ssl=1&resize=350%2C200","width":350,"height":200,"srcset":"https:\/\/i0.wp.com\/ismaelcolosi.com.br\/wp-content\/uploads\/2024\/11\/cpnu.jpg?fit=900%2C600&ssl=1&resize=350%2C200 1x, https:\/\/i0.wp.com\/ismaelcolosi.com.br\/wp-content\/uploads\/2024\/11\/cpnu.jpg?fit=900%2C600&ssl=1&resize=525%2C300 1.5x, https:\/\/i0.wp.com\/ismaelcolosi.com.br\/wp-content\/uploads\/2024\/11\/cpnu.jpg?fit=900%2C600&ssl=1&resize=700%2C400 2x"},"classes":[]},{"id":84874,"url":"https:\/\/ismaelcolosi.com.br\/index.php\/2025\/04\/28\/enem-dos-concursos-cpnu-2025-tera-3-352-vagas-em-35-orgaos\/","url_meta":{"origin":77365,"position":1},"title":"\u2018Enem dos Concursos\u2019: CPNU 2025 ter\u00e1 3.352 vagas em\u00a035\u00a0\u00f3rg\u00e3os","author":"ismaelcolosi.com.br","date":"28 de April de 2025","format":false,"excerpt":"Da reda\u00e7\u00e3oi Da reda\u00e7\u00e3o 28\/04\/2025 - 15:25 A ministra da Gest\u00e3o e Inova\u00e7\u00e3o em Servi\u00e7os P\u00fablicos, Esther Dweck, anunciou, nesta segunda-feira, 28, detalhes da 2\u2060\u00aa edi\u00e7\u00e3o do Concurso P\u00fablico Nacional Unificado (CPNU). Ser\u00e3o 3.352 vagas para 9 blocos tem\u00e1ticos e 35 \u00f3rg\u00e3os representados no \u2018Enem dos Concursos\u2019Segundo a ministra, ser\u00e3o\u2026","rel":"","context":"In &quot;Empregos - Classificados&quot;","block_context":{"text":"Empregos - Classificados","link":"https:\/\/ismaelcolosi.com.br\/index.php\/category\/empregos-classificados-vagas-trabalho\/"},"img":{"alt_text":"","src":"https:\/\/i0.wp.com\/ismaelcolosi.com.br\/wp-content\/uploads\/2025\/04\/cnpu2025.jpg?fit=900%2C600&ssl=1&resize=350%2C200","width":350,"height":200,"srcset":"https:\/\/i0.wp.com\/ismaelcolosi.com.br\/wp-content\/uploads\/2025\/04\/cnpu2025.jpg?fit=900%2C600&ssl=1&resize=350%2C200 1x, https:\/\/i0.wp.com\/ismaelcolosi.com.br\/wp-content\/uploads\/2025\/04\/cnpu2025.jpg?fit=900%2C600&ssl=1&resize=525%2C300 1.5x, https:\/\/i0.wp.com\/ismaelcolosi.com.br\/wp-content\/uploads\/2025\/04\/cnpu2025.jpg?fit=900%2C600&ssl=1&resize=700%2C400 2x"},"classes":[]},{"id":69684,"url":"https:\/\/ismaelcolosi.com.br\/index.php\/2024\/10\/07\/enem-dos-concursos-notas-do-cpnu-saem-nesta-terca-saiba-como-conferir\/","url_meta":{"origin":77365,"position":2},"title":"Enem dos Concursos: notas do CPNU saem nesta ter\u00e7a; saiba como conferir","author":"ismaelcolosi.com.br","date":"7 de October de 2024","format":false,"excerpt":"Da reda\u00e7\u00e3oi Da reda\u00e7\u00e3o 07\/10\/2024 - 13:04 O Concurso P\u00fablico Nacional Unificado (CPNU), apelidado de \u201cEnem dos Concursos\u201d, divulgou nesta segunda-feira,\u00a0 7, as notas finais das provas objetivas e preliminares das provas discursivas. Para conferir seu resultado, basta fazer login na \u00e1rea do candidato no site oficial do certame, neste\u2026","rel":"","context":"In &quot;Empregos - Classificados&quot;","block_context":{"text":"Empregos - Classificados","link":"https:\/\/ismaelcolosi.com.br\/index.php\/category\/empregos-classificados-vagas-trabalho\/"},"img":{"alt_text":"","src":"https:\/\/i0.wp.com\/ismaelcolosi.com.br\/wp-content\/uploads\/2024\/10\/prova-1.jpg?fit=1200%2C751&ssl=1&resize=350%2C200","width":350,"height":200,"srcset":"https:\/\/i0.wp.com\/ismaelcolosi.com.br\/wp-content\/uploads\/2024\/10\/prova-1.jpg?fit=1200%2C751&ssl=1&resize=350%2C200 1x, https:\/\/i0.wp.com\/ismaelcolosi.com.br\/wp-content\/uploads\/2024\/10\/prova-1.jpg?fit=1200%2C751&ssl=1&resize=525%2C300 1.5x, https:\/\/i0.wp.com\/ismaelcolosi.com.br\/wp-content\/uploads\/2024\/10\/prova-1.jpg?fit=1200%2C751&ssl=1&resize=700%2C400 2x, https:\/\/i0.wp.com\/ismaelcolosi.com.br\/wp-content\/uploads\/2024\/10\/prova-1.jpg?fit=1200%2C751&ssl=1&resize=1050%2C600 3x"},"classes":[]},{"id":45596,"url":"https:\/\/ismaelcolosi.com.br\/index.php\/2024\/04\/05\/um-mes-para-o-enem-dos-concursos-veja-horarios-e-estrutura-das-provas\/","url_meta":{"origin":77365,"position":3},"title":"Um m\u00eas para o Enem dos Concursos: veja hor\u00e1rios e estrutura das provas","author":"ismaelcolosi.com.br","date":"5 de April de 2024","format":false,"excerpt":"Da reda\u00e7\u00e3oi Da reda\u00e7\u00e3o 05\/04\/2024 - 9:40 Exatamente daqui um m\u00eas, no dia 5 de maio, os candidatos inscritos no CPNU (Concurso P\u00fablico Nacional Unificado), ou mais conhecido como \u201cEnem dos Concursos\u201c, disputar\u00e3o 6.640 vagas oferecidas.O cronograma foi divulgado nesta sexta-feira, 5, pelo Minist\u00e9rio da Gest\u00e3o e da Inova\u00e7\u00e3o em\u2026","rel":"","context":"In &quot;Empregos - Classificados&quot;","block_context":{"text":"Empregos - Classificados","link":"https:\/\/ismaelcolosi.com.br\/index.php\/category\/empregos-classificados-vagas-trabalho\/"},"img":{"alt_text":"","src":"https:\/\/i0.wp.com\/ismaelcolosi.com.br\/wp-content\/uploads\/2024\/04\/prova01.jpg?fit=1200%2C666&ssl=1&resize=350%2C200","width":350,"height":200,"srcset":"https:\/\/i0.wp.com\/ismaelcolosi.com.br\/wp-content\/uploads\/2024\/04\/prova01.jpg?fit=1200%2C666&ssl=1&resize=350%2C200 1x, https:\/\/i0.wp.com\/ismaelcolosi.com.br\/wp-content\/uploads\/2024\/04\/prova01.jpg?fit=1200%2C666&ssl=1&resize=525%2C300 1.5x, https:\/\/i0.wp.com\/ismaelcolosi.com.br\/wp-content\/uploads\/2024\/04\/prova01.jpg?fit=1200%2C666&ssl=1&resize=700%2C400 2x, https:\/\/i0.wp.com\/ismaelcolosi.com.br\/wp-content\/uploads\/2024\/04\/prova01.jpg?fit=1200%2C666&ssl=1&resize=1050%2C600 3x"},"classes":[]},{"id":83886,"url":"https:\/\/ismaelcolosi.com.br\/index.php\/2025\/03\/19\/inscricoes-para-2a-edicao-do-cpnu-estao-abertas-governo-alerta-sobre-novo-golpe\/","url_meta":{"origin":77365,"position":4},"title":"Inscri\u00e7\u00f5es para 2\u00aa edi\u00e7\u00e3o do CPNU est\u00e3o abertas? Governo alerta sobre novo golpe","author":"ismaelcolosi.com.br","date":"19 de March de 2025","format":false,"excerpt":"Da reda\u00e7\u00e3oi Da reda\u00e7\u00e3o 19\/03\/2025 - 14:18 O Minist\u00e9rio da Gest\u00e3o e da Inova\u00e7\u00e3o em Servi\u00e7os P\u00fablicos (MGI) emitiu um alerta informando que sites falsos criados por golpistas est\u00e3o sendo divulgados como canais de inscri\u00e7\u00e3o para a segunda edi\u00e7\u00e3o do \u201cEnem dos Concursos\u201d.+Concurso para hospitais universit\u00e1rios publica extrato de edital\u2026","rel":"","context":"In &quot;Empregos - Classificados&quot;","block_context":{"text":"Empregos - Classificados","link":"https:\/\/ismaelcolosi.com.br\/index.php\/category\/empregos-classificados-vagas-trabalho\/"},"img":{"alt_text":"","src":"https:\/\/i0.wp.com\/ismaelcolosi.com.br\/wp-content\/uploads\/2025\/03\/concurso.jpg?fit=996%2C665&ssl=1&resize=350%2C200","width":350,"height":200,"srcset":"https:\/\/i0.wp.com\/ismaelcolosi.com.br\/wp-content\/uploads\/2025\/03\/concurso.jpg?fit=996%2C665&ssl=1&resize=350%2C200 1x, https:\/\/i0.wp.com\/ismaelcolosi.com.br\/wp-content\/uploads\/2025\/03\/concurso.jpg?fit=996%2C665&ssl=1&resize=525%2C300 1.5x, https:\/\/i0.wp.com\/ismaelcolosi.com.br\/wp-content\/uploads\/2025\/03\/concurso.jpg?fit=996%2C665&ssl=1&resize=700%2C400 2x"},"classes":[]},{"id":48536,"url":"https:\/\/ismaelcolosi.com.br\/index.php\/2024\/05\/03\/enem-dos-concursos-nova-data-so-quando-houver-condicoes-climaticas-e-logisticas-diz-governo\/","url_meta":{"origin":77365,"position":5},"title":"Enem dos concursos: nova data s\u00f3 quando houver \u2018condi\u00e7\u00f5es clim\u00e1ticas e log\u00edsticas\u2019, diz governo","author":"ismaelcolosi.com.br","date":"3 de May de 2024","format":false,"excerpt":"Da reda\u00e7\u00e3oi Da reda\u00e7\u00e3o 03\/05\/2024 - 15:30 O governo decidiu adiar a prova do CPNU (Concurso P\u00fablico Nacional Unificado), o chamado \u201cEnem dos Concursos\u201d, em raz\u00e3o das fortes chuvas que atingiram o Rio Grande do Sul. A aplica\u00e7\u00e3o estava prevista para o pr\u00f3ximo domingo, 5, e ainda n \u00e3o h\u00e1\u2026","rel":"","context":"In &quot;Empregos - Classificados&quot;","block_context":{"text":"Empregos - Classificados","link":"https:\/\/ismaelcolosi.com.br\/index.php\/category\/empregos-classificados-vagas-trabalho\/"},"img":{"alt_text":"","src":"https:\/\/i0.wp.com\/ismaelcolosi.com.br\/wp-content\/uploads\/2024\/05\/57970504dfc3f6d893dedcca42527897a80295b5.jpg?fit=768%2C512&ssl=1&resize=350%2C200","width":350,"height":200,"srcset":"https:\/\/i0.wp.com\/ismaelcolosi.com.br\/wp-content\/uploads\/2024\/05\/57970504dfc3f6d893dedcca42527897a80295b5.jpg?fit=768%2C512&ssl=1&resize=350%2C200 1x, https:\/\/i0.wp.com\/ismaelcolosi.com.br\/wp-content\/uploads\/2024\/05\/57970504dfc3f6d893dedcca42527897a80295b5.jpg?fit=768%2C512&ssl=1&resize=525%2C300 1.5x, https:\/\/i0.wp.com\/ismaelcolosi.com.br\/wp-content\/uploads\/2024\/05\/57970504dfc3f6d893dedcca42527897a80295b5.jpg?fit=768%2C512&ssl=1&resize=700%2C400 2x"},"classes":[]}],"jetpack_sharing_enabled":true,"jetpack_shortlink":"https:\/\/wp.me\/pfMlyK-k7P","_links":{"self":[{"href":"https:\/\/ismaelcolosi.com.br\/index.php\/wp-json\/wp\/v2\/posts\/77365","targetHints":{"allow":["GET"]}}],"collection":[{"href":"https:\/\/ismaelcolosi.com.br\/index.php\/wp-json\/wp\/v2\/posts"}],"about":[{"href":"https:\/\/ismaelcolosi.com.br\/index.php\/wp-json\/wp\/v2\/types\/post"}],"author":[{"embeddable":true,"href":"https:\/\/ismaelcolosi.com.br\/index.php\/wp-json\/wp\/v2\/users\/1"}],"replies":[{"embeddable":true,"href":"https:\/\/ismaelcolosi.com.br\/index.php\/wp-json\/wp\/v2\/comments?post=77365"}],"version-history":[{"count":0,"href":"https:\/\/ismaelcolosi.com.br\/index.php\/wp-json\/wp\/v2\/posts\/77365\/revisions"}],"wp:featuredmedia":[{"embeddable":true,"href":"https:\/\/ismaelcolosi.com.br\/index.php\/wp-json\/wp\/v2\/media\/77366"}],"wp:attachment":[{"href":"https:\/\/ismaelcolosi.com.br\/index.php\/wp-json\/wp\/v2\/media?parent=77365"}],"wp:term":[{"taxonomy":"category","embeddable":true,"href":"https:\/\/ismaelcolosi.com.br\/index.php\/wp-json\/wp\/v2\/categories?post=77365"},{"taxonomy":"post_tag","embeddable":true,"href":"https:\/\/ismaelcolosi.com.br\/index.php\/wp-json\/wp\/v2\/tags?post=77365"}],"curies":[{"name":"wp","href":"https:\/\/api.w.org\/{rel}","templated":true}]}}