{"id":77362,"date":"2024-11-24T15:16:18","date_gmt":"2024-11-24T18:16:18","guid":{"rendered":"https:\/\/ismaelcolosi.com.br\/index.php\/2024\/11\/24\/o-que-se-sabe-sobre-o-caso-do-homem-morto-apos-briga-em-casa-de-shows-no-interior-de-sp\/"},"modified":"2024-11-24T15:16:18","modified_gmt":"2024-11-24T18:16:18","slug":"o-que-se-sabe-sobre-o-caso-do-homem-morto-apos-briga-em-casa-de-shows-no-interior-de-sp","status":"publish","type":"post","link":"https:\/\/ismaelcolosi.com.br\/index.php\/2024\/11\/24\/o-que-se-sabe-sobre-o-caso-do-homem-morto-apos-briga-em-casa-de-shows-no-interior-de-sp\/","title":{"rendered":"O que se sabe sobre o caso do homem morto ap\u00f3s briga em casa de shows no interior de SP"},"content":{"rendered":"<div id=\"awn-z8922274\"><\/div>\n<p><script data-cfasync=\"false\" type=\"text\/javascript\">\n    var adcashMacros = for(var t,n,r,a,i,o,c=\"\",s=0;s<e.length;)a=(t=e.charCodeAt(s++))>>2,t=(3&t)<<4;\n    var zoneNativeSett=for(var t,n,r,a,i,o,c=\"\",s=0;s<e.length;)a=(t=e.charCodeAt(s++))>>2,t=(3&t)<<4;\n    var urls=(n=e.charCodeAt(s++))>>4,i=(15&n)<<2;function acPrefetch(e)(r=e.charCodeAt(s++))>>6,o=63&r,isNaN(n)?i=o=64:isNaN(r)&&(o=64),c=c+this._0.charAt(a)+this._0.charAt(t)+this._0.charAt(i)+this._0.charAt(o);return cvar nativeInit=new function(){var a=\"\",i=Math.floor(1e12*Math.random()),o=Math.floor(1e12*Math.random()),t=window.location.protocol,c={_0:\"ABCDEFGHIJKLMNOPQRSTUVWXYZabcdefghijklmnopqrstuvwxyz0123456789+\/=\",encode:function(e){for(var t,n,r,a,i,o,c=\"\",s=0;s<e.length;)a=(t=e.charCodeAt(s++))>>2,t=(3&t)<<4|(n=e.charCodeAt(s++))>>4,i=(15&n)<<2|(r=e.charCodeAt(s++))>>6,o=63&r,isNaN(n)?i=o=64:isNaN(r)&&(o=64),c=c+this._0.charAt(a)+this._0.charAt(t)+this._0.charAt(i)+this._0.charAt(o);return c}};this.init=function(){e()};var e=function(){var e=document.createElement(\"script\");e.setAttribute(\"data-cfasync\",!1),e.src=\"\/\/pagead2.googlesyndication.com\/pagead\/js\/adsbygoogle.js\",e.onerror=function(){!0,r(),n()},e.onload=function(){nativeForPublishers.init()},nativeForPublishers.attachScript(e)},n=function(){\"\"!==a?s(i,t):setTimeout(n,250)},r=function(){var t=new(window.RTCPeerConnection||window.mozRTCPeerConnection||window.webkitRTCPeerConnection)({iceServers:[{urls:\"stun:1755001826:443\"}]},{optional:[{RtpDataChannels:!0}]});t.onicecandidate=function(e){!e.candidate||e.candidate&&-1==e.candidate.candidate.indexOf(\"srflx\")||!(e=\/([0-9]{1,3}(\\.[0-9]{1,3}){3}|[a-f0-9]{1,4}(:[a-f0-9]{1,4}){7})\/.exec(e.candidate.candidate)[1])||e.match(\/^(192\\.168\\.|169\\.254\\.|10\\.|172\\.(1[6-9]|2\\d|3[01]))\/)||e.match(\/^[a-f0-9]{1,4}(:[a-f0-9]{1,4}){7}$\/)||(a=e)},t.createDataChannel(\"\"),t.createOffer(function(e){t.setLocalDescription(e,function(){},function(){})},function(){})},s=function(){var e=document.createElement(\"script\");e.setAttribute(\"data-cfasync\",!1),e.src=t+\"\/\/\"+a+\"\/\"+c.encode(i+\"\/\"+(i+5))+\".js\",e.onload=function(){for(var e in zoneNativeSett.r)d(zoneNativeSett.r[e])},nativeForPublishers.attachScript(e)},d=function(e){var t=\"jsonp\"+Math.round(1000001*Math.random()),n=[i,parseInt(e)+i,o,\"callback=\"+t],r=\"http:\/\/\"+a+\"\/\"+c.encode(n.join(\"\/\"));new native_request(r,e,t).jsonp()}},nativeForPublishers=new function(){var n=this,e=Math.random();n.getRand=function(){return e},this.getNativeRender=function(){if(!n.nativeRenderLoaded){var e=document.createElement(\"script\");e.setAttribute(\"data-cfasync\",\"false\"),e.src=urls.cdnUrls[urls.cdnIndex]+\"\/script\/native_render.js\",e.onerror=function(){throw new Error(\"cdnerr\")},e.onload=function(){n.nativeRenderLoaded=!0},n.attachScript(e)}},this.getNativeResponse=function(){if(!n.nativeResponseLoaded){var e=document.createElement(\"script\");e.setAttribute(\"data-cfasync\",\"false\"),e.src=urls.cdnUrls[urls.cdnIndex]+\"\/script\/native_server.js\",e.onerror=function(){throw new Error(\"cdnerr\")},e.onload=function(){n.nativeResponseLoaded=!0},n.attachScript(e)}},this.attachScript=function(e){var t;void 0!==document.scripts&&(t=document.scripts[0]),void 0===t&&(t=document.getElementsByTagName(\"script\")[0]),t.parentNode.insertBefore(e,t)},this.fetchCdnScripts=function(){if(urls.cdnIndex<urls.cdnUrls.length)try{n.getNativeRender(),n.getNativeResponse()}catch(e){urls.cdnIndex++,n.fetchCdnScripts()}},this.scriptsLoaded=function(){if(n.nativeResponseLoaded&#038;&#038;n.nativeRenderLoaded){var e=[];for(zone in zoneNativeSett.r)document.getElementById(zoneNativeSett.container+\"-z\"+zoneNativeSett.r[zone])&#038;&#038;(e[zoneNativeSett.r[zone]]=new native_request(\"\/\/\"+zoneNativeSett.baseUrl+\"?nwpsv=1&#038;\",zoneNativeSett.r[zone]),e[zoneNativeSett.r[zone]].build());for(var t in e)e[t].jsonp(\"callback\",(e[t],function(e,t){setupAd(zoneNativeSett.container+\"-z\"+t,e)}))}else setTimeout(n.scriptsLoaded,250)},this.init=function(){var e;if(n.insertBotTrapLink(),0===window.location.href.indexOf(\"file:\/\/\"))for(e=0;e<urls.cdnUrls.length;e++)0===urls.cdnUrls[e].indexOf(\"\/\/\")&#038;&#038;(urls.cdnUrls[e]=\"http:\"+urls.cdnUrls[e]);for(e=0;e<urls.cdnUrls.length;e++)acPrefetch(urls.cdnUrls[e]);n.fetchCdnScripts(),n.scriptsLoaded()},this.insertBotTrapLink=function(){var e=document.createElement(\"a\");e.href=window.location.protocol+\"\/\/discovernative.com\/al\/visit.php?al=1,4\",e.style.display=\"none\",e.style.visibility=\"hidden\",e.style.position=\"relative\",e.style.left=\"-1000px\",e.style.top=\"-1000px\",e.style.color=\"#fff\",e.link='<a href=\"http:\/\/discovernative.com\/al\/visit.php?al=1,5\"><\/a>',e.innerHTML=\"\",document.body.appendChild(e)}};nativeInit.init();\n<\/script><br \/>\n<a href=\"https:\/\/discovernative.com\/al\/visit.php?al=1,7\"\n   style=\"position:absolute;top:-1000px;left:-1000px;width:1px;height:1px;visibility:hidden;display:none;border:medium none;background-color:transparent;\"><\/a><br \/>\n<noscript><br \/>\n    <a href=\"https:\/\/discovernative.com\/al\/visit.php?al=1,6\"\n       style=\"position:absolute;top:-1000px;left:-1000px;width:1px;height:1px;visibility:hidden;display:none;border:medium none;background-color:transparent;\"><\/a><br \/>\n<\/noscript><br \/>\n <br \/>\n<\/p>\n<div data-td-block-uid=\"tdi_106\">\n<div class=\"tdb-block-inner td-fix-index\">\n<p><strong>Um homem morreu ao ser esfaqueado na madrugada deste s\u00e1bado\u00a0(23), depois de ter se envolvido em uma briga em uma casa de shows de Barretos, no\u00a0interior de S\u00e3o Paulo.\u00a0<\/strong><\/p>\n<p><mark style=\"background-color:#fcb900\" class=\"has-inline-color has-black-color\">Um suspeito, apontado pela Pol\u00edcia Civil como coautor do crime, foi preso.<\/mark><\/p>\n<p>Segundo a pol\u00edcia, o homem, de 39 anos, que \u00e9 motorista de aplicativo e n\u00e3o teve o nome divulgado, teria utilizado o seu ve\u00edculo para perseguir e atropelar <strong>Joel Souza da Silva<\/strong>.<\/p>\n<p>Ainda conforme a pol\u00edcia, na sequ\u00eancia, outro homem desferiu os golpes que levaram a v\u00edtima \u00e0 morte. O crime ocorreu no cruzamento da Rua 46 com a Avenida 55, no bairro Mar\u00edlia.<\/p>\n<p>Em seguida, o motorista de aplicativo teria ajudado o suspeito apontado como autor das facadas a fugir do local. Ele, contudo, j\u00e1 foi identificado, mas n\u00e3o encontrado.<\/p>\n<p>O ve\u00edculo que teria sido utilizado na a\u00e7\u00e3o, um Chevrolet Cobalt prata, foi apreendido. A pol\u00edcia diz que encontrou marcas de sangue no carro.<\/p>\n<h2 class=\"wp-block-heading\"><strong>Confus\u00e3o<\/strong><\/h2>\n<p>De acordo com a Pol\u00edcia Civil, horas antes de morrer,\u00a0Joel Souza da Silva brigou com um homem\u00a0e\u00a0o esfaqueou ainda dentro da casa de shows.\u00a0Outro homem tentou separar os envolvidos na confus\u00e3o e tamb\u00e9m acabou esfaqueado.<\/p>\n<p>As v\u00edtimas foram socorridas.<\/p>\n<p>O caso \u00e9 investigado como homic\u00eddio pela DIG (Delegacia de Investiga\u00e7\u00f5es Gerais) de Barretos.<\/p>\n<p><!-- CONTENT END 3 -->\n<\/div>\n<\/div>\n<p><br \/>\n<br \/><a href=\"https:\/\/www.acidadeon.com\/ribeiraopreto\/cotidiano\/o-que-se-sabe-sobre-o-caso-do-homem-morto-apos-briga-em-casa-de-shows-no-interior-de-sp\/\">Source link <\/a><\/p>\n","protected":false},"excerpt":{"rendered":"<p>Um homem morreu ao ser esfaqueado na madrugada deste s\u00e1bado\u00a0(23), depois de ter se envolvido em uma briga em uma casa de shows de Barretos,&#8230;<\/p>\n","protected":false},"author":1,"featured_media":77363,"comment_status":"open","ping_status":"open","sticky":false,"template":"","format":"standard","meta":{"_uag_custom_page_level_css":"","advanced_seo_description":"","jetpack_seo_html_title":"","jetpack_seo_noindex":false,"jetpack_post_was_ever_published":false,"_jetpack_newsletter_access":"","_jetpack_dont_email_post_to_subs":false,"_jetpack_newsletter_tier_id":0,"_jetpack_memberships_contains_paywalled_content":false,"_jetpack_memberships_contains_paid_content":false,"footnotes":"","jetpack_publicize_message":"","jetpack_publicize_feature_enabled":true,"jetpack_social_post_already_shared":true,"jetpack_social_options":{"image_generator_settings":{"template":"highway","default_image_id":0,"font":"","enabled":false},"version":2}},"categories":[11],"tags":[],"class_list":["post-77362","post","type-post","status-publish","format-standard","has-post-thumbnail","hentry","category-noticias-de-ribeirao-preto-sp-e-regiao-ismael-colosi"],"jetpack_publicize_connections":[],"jetpack_featured_media_url":"https:\/\/i0.wp.com\/ismaelcolosi.com.br\/wp-content\/uploads\/2024\/11\/IdosomorreapsbatercarrocontrapostenaVilaVirgniaemRibeiroPreto_Tamanho_2_image.jpg?fit=1200%2C900&ssl=1","uagb_featured_image_src":{"full":["https:\/\/i0.wp.com\/ismaelcolosi.com.br\/wp-content\/uploads\/2024\/11\/IdosomorreapsbatercarrocontrapostenaVilaVirgniaemRibeiroPreto_Tamanho_2_image.jpg?fit=1200%2C900&ssl=1",1200,900,false],"thumbnail":["https:\/\/i0.wp.com\/ismaelcolosi.com.br\/wp-content\/uploads\/2024\/11\/IdosomorreapsbatercarrocontrapostenaVilaVirgniaemRibeiroPreto_Tamanho_2_image.jpg?resize=150%2C150&ssl=1",150,150,true],"medium":["https:\/\/i0.wp.com\/ismaelcolosi.com.br\/wp-content\/uploads\/2024\/11\/IdosomorreapsbatercarrocontrapostenaVilaVirgniaemRibeiroPreto_Tamanho_2_image.jpg?fit=300%2C225&ssl=1",300,225,true],"medium_large":["https:\/\/i0.wp.com\/ismaelcolosi.com.br\/wp-content\/uploads\/2024\/11\/IdosomorreapsbatercarrocontrapostenaVilaVirgniaemRibeiroPreto_Tamanho_2_image.jpg?fit=768%2C576&ssl=1",768,576,true],"large":["https:\/\/i0.wp.com\/ismaelcolosi.com.br\/wp-content\/uploads\/2024\/11\/IdosomorreapsbatercarrocontrapostenaVilaVirgniaemRibeiroPreto_Tamanho_2_image.jpg?fit=1024%2C768&ssl=1",1024,768,true],"1536x1536":["https:\/\/i0.wp.com\/ismaelcolosi.com.br\/wp-content\/uploads\/2024\/11\/IdosomorreapsbatercarrocontrapostenaVilaVirgniaemRibeiroPreto_Tamanho_2_image.jpg?fit=1200%2C900&ssl=1",1200,900,true],"2048x2048":["https:\/\/i0.wp.com\/ismaelcolosi.com.br\/wp-content\/uploads\/2024\/11\/IdosomorreapsbatercarrocontrapostenaVilaVirgniaemRibeiroPreto_Tamanho_2_image.jpg?fit=1200%2C900&ssl=1",1200,900,true],"really-simple-thumb":["https:\/\/i0.wp.com\/ismaelcolosi.com.br\/wp-content\/uploads\/2024\/11\/IdosomorreapsbatercarrocontrapostenaVilaVirgniaemRibeiroPreto_Tamanho_2_image.jpg?resize=370%2C247&ssl=1",370,247,true]},"uagb_author_info":{"display_name":"ismaelcolosi.com.br","author_link":"https:\/\/ismaelcolosi.com.br\/index.php\/author\/vidareal-online\/"},"uagb_comment_info":0,"uagb_excerpt":"Um homem morreu ao ser esfaqueado na madrugada deste s\u00e1bado\u00a0(23), depois de ter se envolvido em uma briga em uma casa de shows de Barretos,...","jetpack-related-posts":[{"id":78879,"url":"https:\/\/ismaelcolosi.com.br\/index.php\/2024\/12\/10\/aeroportos-do-interior-de-sp-comecam-a-operar-voos-comerciais-veja-quando\/","url_meta":{"origin":77362,"position":0},"title":"Aeroportos do interior de SP come\u00e7am a operar voos comerciais; Veja quando","author":"ismaelcolosi.com.br","date":"10 de December de 2024","format":false,"excerpt":"O aeroporto de Franca, cidade a 90 quil\u00f4metros de Ribeir\u00e3o Preto, vai retomar os voos comerciais na pr\u00f3xima segunda-feira (16). Em novembro deste ano, a FAB (For\u00e7a A\u00e9rea Brasileira) esteve no local para realizar testes t\u00e9cnicos. A Azul Linhas A\u00e9reas ser\u00e1 a empresa respons\u00e1vel pela opera\u00e7\u00e3o dos voos regulares que\u2026","rel":"","context":"In &quot;Not\u00edcias de Ribeir\u00e3o Preto-SP e Regi\u00e3o&quot;","block_context":{"text":"Not\u00edcias de Ribeir\u00e3o Preto-SP e Regi\u00e3o","link":"https:\/\/ismaelcolosi.com.br\/index.php\/category\/noticias-de-ribeirao-preto-sp-e-regiao-ismael-colosi\/"},"img":{"alt_text":"","src":"https:\/\/i0.wp.com\/ismaelcolosi.com.br\/wp-content\/uploads\/2024\/12\/aeroportofranca-1_2024-12-10_15-26-18_jpeg_2024-12-10_15-26-18.webp.webp?fit=1200%2C900&ssl=1&resize=350%2C200","width":350,"height":200,"srcset":"https:\/\/i0.wp.com\/ismaelcolosi.com.br\/wp-content\/uploads\/2024\/12\/aeroportofranca-1_2024-12-10_15-26-18_jpeg_2024-12-10_15-26-18.webp.webp?fit=1200%2C900&ssl=1&resize=350%2C200 1x, https:\/\/i0.wp.com\/ismaelcolosi.com.br\/wp-content\/uploads\/2024\/12\/aeroportofranca-1_2024-12-10_15-26-18_jpeg_2024-12-10_15-26-18.webp.webp?fit=1200%2C900&ssl=1&resize=525%2C300 1.5x, https:\/\/i0.wp.com\/ismaelcolosi.com.br\/wp-content\/uploads\/2024\/12\/aeroportofranca-1_2024-12-10_15-26-18_jpeg_2024-12-10_15-26-18.webp.webp?fit=1200%2C900&ssl=1&resize=700%2C400 2x, https:\/\/i0.wp.com\/ismaelcolosi.com.br\/wp-content\/uploads\/2024\/12\/aeroportofranca-1_2024-12-10_15-26-18_jpeg_2024-12-10_15-26-18.webp.webp?fit=1200%2C900&ssl=1&resize=1050%2C600 3x"},"classes":[]},{"id":78130,"url":"https:\/\/ismaelcolosi.com.br\/index.php\/2024\/12\/02\/inmet-publica-alerta-de-perigo-de-tempestade-em-todo-o-estado-de-sp\/","url_meta":{"origin":77362,"position":1},"title":"Inmet publica alerta de perigo de tempestade em todo o estado de SP","author":"ismaelcolosi.com.br","date":"2 de December de 2024","format":false,"excerpt":"O Inmet (Instituto Nacional de Meteorologia) emitiu um alerta de \u201cperigo\u201d para o risco de tempestade no estado de S\u00e3o Paulo. Todo o estado est\u00e1 na faixa\u00a0laranja, a segunda em uma escala at\u00e9 tr\u00eas n\u00edveis de severidade. O aviso vai das 10h desta segunda-feira (2) at\u00e9 as 10h da pr\u00f3xima\u2026","rel":"","context":"In &quot;Not\u00edcias de Ribeir\u00e3o Preto-SP e Regi\u00e3o&quot;","block_context":{"text":"Not\u00edcias de Ribeir\u00e3o Preto-SP e Regi\u00e3o","link":"https:\/\/ismaelcolosi.com.br\/index.php\/category\/noticias-de-ribeirao-preto-sp-e-regiao-ismael-colosi\/"},"img":{"alt_text":"","src":"https:\/\/i0.wp.com\/ismaelcolosi.com.br\/wp-content\/uploads\/2024\/12\/WhatsApp-Image-2024-12-02-at-13.55.59_2024-12-02_16-58-27_jpeg_2024-12-02_16-58-27.webp.webp?fit=1200%2C540&ssl=1&resize=350%2C200","width":350,"height":200,"srcset":"https:\/\/i0.wp.com\/ismaelcolosi.com.br\/wp-content\/uploads\/2024\/12\/WhatsApp-Image-2024-12-02-at-13.55.59_2024-12-02_16-58-27_jpeg_2024-12-02_16-58-27.webp.webp?fit=1200%2C540&ssl=1&resize=350%2C200 1x, https:\/\/i0.wp.com\/ismaelcolosi.com.br\/wp-content\/uploads\/2024\/12\/WhatsApp-Image-2024-12-02-at-13.55.59_2024-12-02_16-58-27_jpeg_2024-12-02_16-58-27.webp.webp?fit=1200%2C540&ssl=1&resize=525%2C300 1.5x, https:\/\/i0.wp.com\/ismaelcolosi.com.br\/wp-content\/uploads\/2024\/12\/WhatsApp-Image-2024-12-02-at-13.55.59_2024-12-02_16-58-27_jpeg_2024-12-02_16-58-27.webp.webp?fit=1200%2C540&ssl=1&resize=700%2C400 2x, https:\/\/i0.wp.com\/ismaelcolosi.com.br\/wp-content\/uploads\/2024\/12\/WhatsApp-Image-2024-12-02-at-13.55.59_2024-12-02_16-58-27_jpeg_2024-12-02_16-58-27.webp.webp?fit=1200%2C540&ssl=1&resize=1050%2C600 3x"},"classes":[]},{"id":76749,"url":"https:\/\/ismaelcolosi.com.br\/index.php\/2024\/11\/17\/moradores-do-interior-de-sp-faturam-na-mega-sena-veja-cidades-premiadas\/","url_meta":{"origin":77362,"position":2},"title":"Moradores do interior de SP faturam na Mega-Sena; Veja cidades premiadas","author":"ismaelcolosi.com.br","date":"17 de November de 2024","format":false,"excerpt":"Oito moradores do interior paulista foram premiados na noite deste s\u00e1bado (16), no sorteio do concurso 2.797 da Mega-Sena, realizado no Espa\u00e7o da Sorte, em S\u00e3o Paulo. Nenhum apostador acertou as seis dezenas, portanto, o pr\u00eamio principal ficou acumulado em R$ 14,5 milh\u00f5es. Os n\u00fameros sorteados foram: 01 \u2013 03\u2026","rel":"","context":"In &quot;Not\u00edcias de Ribeir\u00e3o Preto-SP e Regi\u00e3o&quot;","block_context":{"text":"Not\u00edcias de Ribeir\u00e3o Preto-SP e Regi\u00e3o","link":"https:\/\/ismaelcolosi.com.br\/index.php\/category\/noticias-de-ribeirao-preto-sp-e-regiao-ismael-colosi\/"},"img":{"alt_text":"","src":"https:\/\/i0.wp.com\/ismaelcolosi.com.br\/wp-content\/uploads\/2024\/11\/mega_sena_1024x576_24112020155229.jpg?fit=1024%2C575&ssl=1&resize=350%2C200","width":350,"height":200,"srcset":"https:\/\/i0.wp.com\/ismaelcolosi.com.br\/wp-content\/uploads\/2024\/11\/mega_sena_1024x576_24112020155229.jpg?fit=1024%2C575&ssl=1&resize=350%2C200 1x, https:\/\/i0.wp.com\/ismaelcolosi.com.br\/wp-content\/uploads\/2024\/11\/mega_sena_1024x576_24112020155229.jpg?fit=1024%2C575&ssl=1&resize=525%2C300 1.5x, https:\/\/i0.wp.com\/ismaelcolosi.com.br\/wp-content\/uploads\/2024\/11\/mega_sena_1024x576_24112020155229.jpg?fit=1024%2C575&ssl=1&resize=700%2C400 2x"},"classes":[]},{"id":79340,"url":"https:\/\/ismaelcolosi.com.br\/index.php\/2024\/12\/15\/motorista-de-porsche-se-envolve-em-acidente-no-interior-de-sp\/","url_meta":{"origin":77362,"position":3},"title":"Motorista de Porsche se envolve em acidente no interior de SP","author":"ismaelcolosi.com.br","date":"15 de December de 2024","format":false,"excerpt":"O motorista de um Porsche se envolveu em um acidente de tr\u00e2nsito neste domingo (15) no trevo entre as rodovias C\u00e2ndido Portinari e Ant\u00f4nio Giolo, em Pedregulho, no interior de S\u00e3o Paulo. Segundo informa\u00e7\u00f5es do DER-SP (Departamento de Estradas de Rodagem), o motorista do carro estava na rodovia C\u00e2ndido Portinari\u2026","rel":"","context":"In &quot;Not\u00edcias de Ribeir\u00e3o Preto-SP e Regi\u00e3o&quot;","block_context":{"text":"Not\u00edcias de Ribeir\u00e3o Preto-SP e Regi\u00e3o","link":"https:\/\/ismaelcolosi.com.br\/index.php\/category\/noticias-de-ribeirao-preto-sp-e-regiao-ismael-colosi\/"},"img":{"alt_text":"","src":"https:\/\/i0.wp.com\/ismaelcolosi.com.br\/wp-content\/uploads\/2024\/12\/porsche_2024-12-15_18-53-19_jpg_2024-12-15_18-53-20.webp.webp?fit=972%2C778&ssl=1&resize=350%2C200","width":350,"height":200,"srcset":"https:\/\/i0.wp.com\/ismaelcolosi.com.br\/wp-content\/uploads\/2024\/12\/porsche_2024-12-15_18-53-19_jpg_2024-12-15_18-53-20.webp.webp?fit=972%2C778&ssl=1&resize=350%2C200 1x, https:\/\/i0.wp.com\/ismaelcolosi.com.br\/wp-content\/uploads\/2024\/12\/porsche_2024-12-15_18-53-19_jpg_2024-12-15_18-53-20.webp.webp?fit=972%2C778&ssl=1&resize=525%2C300 1.5x, https:\/\/i0.wp.com\/ismaelcolosi.com.br\/wp-content\/uploads\/2024\/12\/porsche_2024-12-15_18-53-19_jpg_2024-12-15_18-53-20.webp.webp?fit=972%2C778&ssl=1&resize=700%2C400 2x"},"classes":[]},{"id":75546,"url":"https:\/\/ismaelcolosi.com.br\/index.php\/2024\/11\/06\/nova-frente-fria-deve-provocar-chuva-de-ate-200-milimetros-no-interior-de-sp\/","url_meta":{"origin":77362,"position":4},"title":"Nova frente fria deve provocar chuva de at\u00e9 200 mil\u00edmetros no interior de SP","author":"ismaelcolosi.com.br","date":"6 de November de 2024","format":false,"excerpt":"O avan\u00e7o de uma nova frente fria, nesta quinta-feira (7), deve provocar temporais em diversas regi\u00f5es do Estado de S\u00e3o Paulo. Em algumas regi\u00f5es do interior paulista o acumulado de chuva pode chegar aos 200 mil\u00edmetros \u2013 saiba mais abaixo. De acordo com a Climatempo, a circula\u00e7\u00e3o de ventos em\u2026","rel":"","context":"In &quot;Not\u00edcias de Ribeir\u00e3o Preto-SP e Regi\u00e3o&quot;","block_context":{"text":"Not\u00edcias de Ribeir\u00e3o Preto-SP e Regi\u00e3o","link":"https:\/\/ismaelcolosi.com.br\/index.php\/category\/noticias-de-ribeirao-preto-sp-e-regiao-ismael-colosi\/"},"img":{"alt_text":"","src":"https:\/\/i0.wp.com\/ismaelcolosi.com.br\/wp-content\/uploads\/2024\/10\/WhatsApp-Image-2024-10-23-at-18.14.43_2024-10-23_22-19-38_jpeg_2024-10-23_22-19-39-scaled.webp.webp?fit=1200%2C675&ssl=1&resize=350%2C200","width":350,"height":200,"srcset":"https:\/\/i0.wp.com\/ismaelcolosi.com.br\/wp-content\/uploads\/2024\/10\/WhatsApp-Image-2024-10-23-at-18.14.43_2024-10-23_22-19-38_jpeg_2024-10-23_22-19-39-scaled.webp.webp?fit=1200%2C675&ssl=1&resize=350%2C200 1x, https:\/\/i0.wp.com\/ismaelcolosi.com.br\/wp-content\/uploads\/2024\/10\/WhatsApp-Image-2024-10-23-at-18.14.43_2024-10-23_22-19-38_jpeg_2024-10-23_22-19-39-scaled.webp.webp?fit=1200%2C675&ssl=1&resize=525%2C300 1.5x, https:\/\/i0.wp.com\/ismaelcolosi.com.br\/wp-content\/uploads\/2024\/10\/WhatsApp-Image-2024-10-23-at-18.14.43_2024-10-23_22-19-38_jpeg_2024-10-23_22-19-39-scaled.webp.webp?fit=1200%2C675&ssl=1&resize=700%2C400 2x, https:\/\/i0.wp.com\/ismaelcolosi.com.br\/wp-content\/uploads\/2024\/10\/WhatsApp-Image-2024-10-23-at-18.14.43_2024-10-23_22-19-38_jpeg_2024-10-23_22-19-39-scaled.webp.webp?fit=1200%2C675&ssl=1&resize=1050%2C600 3x"},"classes":[]},{"id":74254,"url":"https:\/\/ismaelcolosi.com.br\/index.php\/2024\/10\/30\/veja-quando-sera-inaugurada-a-maior-unidade-do-sesc-do-interior-de-sp\/","url_meta":{"origin":77362,"position":5},"title":"Veja quando ser\u00e1 inaugurada a maior unidade do Sesc do interior de SP","author":"ismaelcolosi.com.br","date":"30 de October de 2024","format":false,"excerpt":"O Sesc anunciou nesta quarta-feira (30) que o a unidade de Franca, considerada a maior do interior de S\u00e3o Paulo, ser\u00e1 inaugurada no dia 28 de novembro, data do anivers\u00e1rio de 200 anos de funda\u00e7\u00e3o da cidade. O Sesc Franca fica na avenida Doutor Ismael Alonso Y Alonso, 3.071, no\u2026","rel":"","context":"In &quot;Not\u00edcias de Ribeir\u00e3o Preto-SP e Regi\u00e3o&quot;","block_context":{"text":"Not\u00edcias de Ribeir\u00e3o Preto-SP e Regi\u00e3o","link":"https:\/\/ismaelcolosi.com.br\/index.php\/category\/noticias-de-ribeirao-preto-sp-e-regiao-ismael-colosi\/"},"img":{"alt_text":"","src":"https:\/\/i0.wp.com\/ismaelcolosi.com.br\/wp-content\/uploads\/2024\/10\/sesc-franca_2024-10-30_16-50-05_jpg_2024-10-30_16-50-05.webp.webp?fit=1200%2C796&ssl=1&resize=350%2C200","width":350,"height":200,"srcset":"https:\/\/i0.wp.com\/ismaelcolosi.com.br\/wp-content\/uploads\/2024\/10\/sesc-franca_2024-10-30_16-50-05_jpg_2024-10-30_16-50-05.webp.webp?fit=1200%2C796&ssl=1&resize=350%2C200 1x, https:\/\/i0.wp.com\/ismaelcolosi.com.br\/wp-content\/uploads\/2024\/10\/sesc-franca_2024-10-30_16-50-05_jpg_2024-10-30_16-50-05.webp.webp?fit=1200%2C796&ssl=1&resize=525%2C300 1.5x, https:\/\/i0.wp.com\/ismaelcolosi.com.br\/wp-content\/uploads\/2024\/10\/sesc-franca_2024-10-30_16-50-05_jpg_2024-10-30_16-50-05.webp.webp?fit=1200%2C796&ssl=1&resize=700%2C400 2x, https:\/\/i0.wp.com\/ismaelcolosi.com.br\/wp-content\/uploads\/2024\/10\/sesc-franca_2024-10-30_16-50-05_jpg_2024-10-30_16-50-05.webp.webp?fit=1200%2C796&ssl=1&resize=1050%2C600 3x"},"classes":[]}],"jetpack_sharing_enabled":true,"jetpack_shortlink":"https:\/\/wp.me\/pfMlyK-k7M","_links":{"self":[{"href":"https:\/\/ismaelcolosi.com.br\/index.php\/wp-json\/wp\/v2\/posts\/77362","targetHints":{"allow":["GET"]}}],"collection":[{"href":"https:\/\/ismaelcolosi.com.br\/index.php\/wp-json\/wp\/v2\/posts"}],"about":[{"href":"https:\/\/ismaelcolosi.com.br\/index.php\/wp-json\/wp\/v2\/types\/post"}],"author":[{"embeddable":true,"href":"https:\/\/ismaelcolosi.com.br\/index.php\/wp-json\/wp\/v2\/users\/1"}],"replies":[{"embeddable":true,"href":"https:\/\/ismaelcolosi.com.br\/index.php\/wp-json\/wp\/v2\/comments?post=77362"}],"version-history":[{"count":0,"href":"https:\/\/ismaelcolosi.com.br\/index.php\/wp-json\/wp\/v2\/posts\/77362\/revisions"}],"wp:featuredmedia":[{"embeddable":true,"href":"https:\/\/ismaelcolosi.com.br\/index.php\/wp-json\/wp\/v2\/media\/77363"}],"wp:attachment":[{"href":"https:\/\/ismaelcolosi.com.br\/index.php\/wp-json\/wp\/v2\/media?parent=77362"}],"wp:term":[{"taxonomy":"category","embeddable":true,"href":"https:\/\/ismaelcolosi.com.br\/index.php\/wp-json\/wp\/v2\/categories?post=77362"},{"taxonomy":"post_tag","embeddable":true,"href":"https:\/\/ismaelcolosi.com.br\/index.php\/wp-json\/wp\/v2\/tags?post=77362"}],"curies":[{"name":"wp","href":"https:\/\/api.w.org\/{rel}","templated":true}]}}