{"id":77288,"date":"2024-11-23T09:52:45","date_gmt":"2024-11-23T12:52:45","guid":{"rendered":"https:\/\/ismaelcolosi.com.br\/index.php\/2024\/11\/23\/oito-municipios-da-regiao-tem-gastos-excessivos-com-pessoal\/"},"modified":"2024-11-23T09:52:45","modified_gmt":"2024-11-23T12:52:45","slug":"oito-municipios-da-regiao-tem-gastos-excessivos-com-pessoal","status":"publish","type":"post","link":"https:\/\/ismaelcolosi.com.br\/index.php\/2024\/11\/23\/oito-municipios-da-regiao-tem-gastos-excessivos-com-pessoal\/","title":{"rendered":"Oito munic\u00edpios da regi\u00e3o t\u00eam gastos excessivos com pessoal"},"content":{"rendered":"<p> <br \/>\n<\/p>\n<div id=\"\">\n<p>\n\t\t\t\t\t\t\t\t\t<span class=\"entry-meta-item penci-posted-on\"><i class=\"fa fa-clock-o\"\/><time class=\"entry-date published\" datetime=\"2024-11-23T09:30:58-03:00\">23 de novembro de 2024<\/time><time class=\"updated\" datetime=\"2024-11-22T14:27:15-03:00\">22 de novembro de 2024<\/time><\/span><span class=\"entry-meta-item penci-post-countview\"><span class=\"entry-meta-item penci-post-countview penci_post-meta_item\"><i class=\"fa fa-eye\"\/><span class=\"penci-post-countview-number penci-post-countview-p410500\">8<\/span><\/span><\/span>\t\t\t\t\t\t\t\t<\/p>\n<p><!-- .entry-meta --><br \/>\n\t\t\t\t\t\t\t\t<span class=\"penci-social-buttons penci-social-share-footer\"><span class=\"penci-social-share-text\">Compartilhar<\/span><a href=\"#\" class=\"penci-post-like penci_post-meta_item  single-like-button penci-social-item like\" data-post_id=\"410500\" title=\"Like\" data-like=\"Like\" data-unlike=\"Unlike\"><i class=\"fa fa-thumbs-o-up\"\/><span class=\"penci-share-number\">0<\/span><\/a><a class=\"penci-social-item facebook\" target=\"_blank\" rel=\"noopener\" title=\"\" href=\"https:\/\/www.facebook.com\/sharer\/sharer.php?u=https%3A%2F%2Fwww.tribunaribeirao.com.br%2Foito-municipios-da-regiao-tem-gastos-excessivos-com-pessoal%2F\"><i class=\"fa fa-facebook\"\/><\/a><a class=\"penci-social-item twitter\" target=\"_blank\" rel=\"noopener\" title=\"\" href=\"https:\/\/twitter.com\/intent\/tweet?text=Oito%20munic\u00edpios%20da%20regi\u00e3o%20t\u00eam%20gastos%20excessivos%20com%20pessoal%20-%20https:\/\/www.tribunaribeirao.com.br\/oito-municipios-da-regiao-tem-gastos-excessivos-com-pessoal\/\"><i class=\"fa fa-twitter\"\/><\/a><a class=\"penci-social-item linkedin\" target=\"_blank\" rel=\"noopener\" title=\"\" href=\"https:\/\/www.linkedin.com\/shareArticle?mini=true&amp;url=https%3A%2F%2Fwww.tribunaribeirao.com.br%2Foito-municipios-da-regiao-tem-gastos-excessivos-com-pessoal%2F&amp;title=Oito%20munic%C3%ADpios%20da%20regi%C3%A3o%20t%C3%AAm%20gastos%20excessivos%20com%20pessoal\"><i class=\"fa fa-linkedin\"\/><\/a><a class=\"penci-social-item whatsapp\" rel=\"noopener\" data-text=\"Oito munic\u00edpios da regi\u00e3o t\u00eam gastos excessivos com pessoal\" data-link=\"https:\/\/www.tribunaribeirao.com.br\/oito-municipios-da-regiao-tem-gastos-excessivos-com-pessoal\/\" href=\"#\"><i class=\"fa fa-whatsapp\"\/><\/a><a class=\"penci-social-item telegram\" target=\"_blank\" rel=\"noopener\" title=\"\" href=\"https:\/\/telegram.me\/share\/url?url=https%3A%2F%2Fwww.tribunaribeirao.com.br%2Foito-municipios-da-regiao-tem-gastos-excessivos-com-pessoal%2F&amp;text=Oito%20munic%C3%ADpios%20da%20regi%C3%A3o%20t%C3%AAm%20gastos%20excessivos%20com%20pessoal\"><i class=\"fa fa-telegram\"\/><\/a><a class=\"penci-social-item email\" target=\"_blank\" rel=\"noopener\" href=\"http:\/\/www.tribunaribeirao.com.br\/cdn-cgi\/l\/email-protection#dae5a9afb8b0bfb9aee795b3aeb5ffe8eab7afb4b3b91977aab3b5a9ffe8eabebbffe8eaa8bfbdb31979b5ffe8eaae1970b7ffe8eabdbba9aeb5a9ffe8eabfa2b9bfa9a9b3acb5a9ffe8eab9b5b7ffe8eaaabfa9a9b5bbb6fcf9eae9e2e198959e83e7b2aeaeaaa9e0f5f5adadadf4aea8b3b8afb4bba8b3b8bfb3a8bbb5f4b9b5b7f4b8a8f5b5b3aeb5f7b7afb4b3b9b3aab3b5a9f7bebbf7a8bfbdb3bbb5f7aebfb7f7bdbba9aeb5a9f7bfa2b9bfa9a9b3acb5a9f7b9b5b7f7aabfa9a9b5bbb6f5\"><i class=\"fa fa-envelope\"\/><\/a><\/span>\t\t\t\t\t\t\t<\/div>\n<div>\n<p>Levantamento do Tribunal de Contas do Estado de S\u00e3o Paulo (TCE\/SP) revelou que oito prefeituras da regi\u00e3o t\u00eam gastos excessivos com folha de pagamento dos servidores, incluindo ativos e inativos. Elas foram notificadas pelo Tribunal por apresentaram gastos acima dos 50% da Receita Corrente L\u00edquida Corrente. O teto estabelecido pela Lei de Responsabilidade Fiscal (LRF) \u00e9 de 54% das receitas.<\/p><div class='code-block code-block-8' style='margin: 8px auto; text-align: center; display: block; clear: both;'>\n<script>\n  atOptions = {\n    'key' : '66e2e2111ca34da796271819fc334058',\n    'format' : 'iframe',\n    'height' : 250,\n    'width' : 300,\n    'params' : {}\n  };\n<\/script>\n<script src=\"https:\/\/www.highperformanceformat.com\/66e2e2111ca34da796271819fc334058\/invoke.js\"><\/script>\n<\/div>\n\n<p>O relat\u00f3rio com data-base do segundo quadrimestre de 2024 e 4\u00ba bimestre do ano, foi publicado na edi\u00e7\u00e3o do Di\u00e1rio Oficial Eletr\u00f4nico do TCE de 12 de novembro. Est\u00e3o nesta situa\u00e7\u00e3o as prefeituras de Am\u00e9rico Brasiliense, 50,94%; C\u00e1ssia dos Coqueiros com 50,06; Miguel\u00f3polis, 50,69%; Orl\u00e2ndia 52,28%, Porto Ferreira com 50,38% e Prad\u00f3polis com 51,22%. A situa\u00e7\u00e3o mais grave na regi\u00e3o \u00e9 de Guatapar\u00e1, 54,38% e Luiz Ant\u00f4nio, com 56,61% que, de acordo com o TCE, ultrapassaram o percentual m\u00e1ximo permitido.<\/p>\n<p>No Estado, segundo relat\u00f3rio, 65 dos 644 munic\u00edpios foram notificados por estarem no limite de gastos ou al\u00e9m do previsto pela LRF. Ao deixar de cumprir a lei o prefeito pode sofrer puni\u00e7\u00f5es institucionais e pessoais, podendo ter suas contas reprovadas, sofrer puni\u00e7\u00f5es administrativas, e at\u00e9 mesmo tornar-se ineleg\u00edvel \u00e0 luz do entendimento da Justi\u00e7a Eleitoral.<\/p>\n<p>As prefeituras notificadas foram alertadas pela Corte para adotar provid\u00eancias para recondu\u00e7\u00e3o dos gastos com pessoal. Esses munic\u00edpios ter\u00e3o que fazer adapta\u00e7\u00f5es e remanejamentos como: reduzir as despesas com cargos em comiss\u00e3o e de confian\u00e7a; exonerar servidores n\u00e3o est\u00e1veis, evitar contrata\u00e7\u00f5es n\u00e3o fundamentais. Al\u00e9m disso, dever\u00e3o vedar a concess\u00e3o de vantagem, aumento, reajuste ou adequa\u00e7\u00e3o de remunera\u00e7\u00e3o. Tamb\u00e9m n\u00e3o poder\u00e3o criar cargos ou fun\u00e7\u00e3o, e nem alterar a estrutura de carreira que implique em aumento de despesas.<\/p>\n<p><strong>Gest\u00e3o Or\u00e7ament\u00e1ria<\/strong> \u2013 O levantamento revelou ainda que 569 munic\u00edpios paulistas receberam alertas do TCE, ou por possu\u00edrem poss\u00edveis irregularidades na gest\u00e3o or\u00e7ament\u00e1ria, ou por apresentarem arrecada\u00e7\u00e3o abaixo do previsto.<\/p>\n<p>Ribeir\u00e3o Preto foi aletrada por descumprimento do inciso V que diz respeito a fatos que comprometam os custos ou os resultados dos programas ou ind\u00edcios de irregularidades na gest\u00e3o or\u00e7ament\u00e1ria.<br \/>A situa\u00e7\u00e3o, contudo, pode se mostrar mais preocupante em alguns casos. Isso porque alguns jurisdicionados deixaram de apresentar dados completos para serem analisados pela Auditoria Eletr\u00f4nica do TCE. Ao todo, 26 Prefeituras, 7 C\u00e2maras e 13 entidades da Administra\u00e7\u00e3o Indireta n\u00e3o enviaram as informa\u00e7\u00f5es requeridas.<\/p>\n<p>Al\u00e9m de estarem em confronto com a LRF, essas administra\u00e7\u00f5es podem ser penalizadas por inobserv\u00e2ncia do calend\u00e1rio de obriga\u00e7\u00f5es da Corte de Contas, com aplica\u00e7\u00e3o de multa e notifica\u00e7\u00e3o ao Minist\u00e9rio P\u00fablico do Estado, e o fato ser\u00e1 considerado quando do julgamento das contas anuais.<br \/>A \u00edntegra dos dados, com a situa\u00e7\u00e3o individual de cada munic\u00edpio, pode ser consultada na plataforma VISOR (Vis\u00e3o Social de Relat\u00f3rios de Alertas) por meio do link www.tce.sp.gov.br\/visor<\/p>\n<p><strong>Cidades da regi\u00e3o com mais gastos<\/strong><br \/>Am\u00e9rico Brasiliense \u2013 50,94%;<br \/>C\u00e1ssia dos Coqueiros \u2013 50,06<br \/>Guatapar\u00e1 \u2013 54,38%<br \/>Luiz Ant\u00f4nio \u2013 56,61%<br \/>Miguel\u00f3polis \u2013 50,69%<br \/>Orl\u00e2ndia \u2013 52,28%<br \/>Porto Ferreira \u2013 50,38%<br \/>Prad\u00f3polis \u2013 51,22%<\/p>\n<p>Fonte \u2013 TCE<\/p>\n<\/div>\n<p><script async src=\"\/\/platform.twitter.com\/widgets.js\" charset=\"utf-8\"><\/script><br \/>\n<br \/><br \/>\n<br \/><a href=\"https:\/\/www.tribunaribeirao.com.br\/oito-municipios-da-regiao-tem-gastos-excessivos-com-pessoal\/\">Source link <\/a><\/p>\n<div class='code-block code-block-4' style='margin: 8px auto 8px 0; text-align: left; display: block; clear: both;'>\n\ud83d\udce2 Aviso Legal\n\nO site ismaelcolosi.com.br atua apenas como um canal de divulga\u00e7\u00e3o de oportunidades de emprego e n\u00e3o se responsabiliza pelo processo seletivo, contrata\u00e7\u00e3o ou qualquer outra etapa relacionada \u00e0s vagas publicadas. Todas as informa\u00e7\u00f5es s\u00e3o de responsabilidade dos anunciantes.\n\n\u26a0\ufe0f Aten\u00e7\u00e3o! Nunca pague por promessas de emprego nem compre cursos que garantam contrata\u00e7\u00e3o. Desconfie de qualquer cobran\u00e7a para participar de sele\u00e7\u00f5es.\n\n\n<div data-type=\"_mgwidget\" data-widget-id=\"2000896\">\n<\/div>\n<script>(function(w,q){w[q]=w[q]||[];w[q].push([\"_mgc.load\"])})(window,\"_mgq\");\n<\/script>\n<\/div>\n<!-- CONTENT END 1 -->\n","protected":false},"excerpt":{"rendered":"<p>23 de novembro de 202422 de novembro de 20248 Compartilhar0 Levantamento do Tribunal de Contas do Estado de S\u00e3o Paulo (TCE\/SP) revelou que oito prefeituras&#8230;<\/p>\n","protected":false},"author":1,"featured_media":77289,"comment_status":"open","ping_status":"open","sticky":false,"template":"","format":"standard","meta":{"_uag_custom_page_level_css":"","jetpack_post_was_ever_published":false,"_jetpack_newsletter_access":"","_jetpack_dont_email_post_to_subs":false,"_jetpack_newsletter_tier_id":0,"_jetpack_memberships_contains_paywalled_content":false,"_jetpack_memberships_contains_paid_content":false,"footnotes":"","jetpack_publicize_message":"","jetpack_publicize_feature_enabled":true,"jetpack_social_post_already_shared":true,"jetpack_social_options":{"image_generator_settings":{"template":"highway","default_image_id":0,"font":"","enabled":false},"version":2}},"categories":[11],"tags":[],"class_list":["post-77288","post","type-post","status-publish","format-standard","has-post-thumbnail","hentry","category-noticias-de-ribeirao-preto-sp-e-regiao-ismael-colosi"],"aioseo_notices":[],"jetpack_publicize_connections":[],"jetpack_featured_media_url":"https:\/\/i0.wp.com\/ismaelcolosi.com.br\/wp-content\/uploads\/2024\/11\/contas-scaled.jpg?fit=800%2C501&ssl=1","uagb_featured_image_src":{"full":["https:\/\/i0.wp.com\/ismaelcolosi.com.br\/wp-content\/uploads\/2024\/11\/contas-scaled.jpg?fit=800%2C501&ssl=1",800,501,false],"thumbnail":["https:\/\/i0.wp.com\/ismaelcolosi.com.br\/wp-content\/uploads\/2024\/11\/contas-scaled.jpg?resize=150%2C150&ssl=1",150,150,true],"medium":["https:\/\/i0.wp.com\/ismaelcolosi.com.br\/wp-content\/uploads\/2024\/11\/contas-scaled.jpg?fit=300%2C188&ssl=1",300,188,true],"medium_large":["https:\/\/i0.wp.com\/ismaelcolosi.com.br\/wp-content\/uploads\/2024\/11\/contas-scaled.jpg?fit=768%2C481&ssl=1",768,481,true],"large":["https:\/\/i0.wp.com\/ismaelcolosi.com.br\/wp-content\/uploads\/2024\/11\/contas-scaled.jpg?fit=800%2C501&ssl=1",800,501,true],"1536x1536":["https:\/\/i0.wp.com\/ismaelcolosi.com.br\/wp-content\/uploads\/2024\/11\/contas-scaled.jpg?fit=800%2C501&ssl=1",800,501,true],"2048x2048":["https:\/\/i0.wp.com\/ismaelcolosi.com.br\/wp-content\/uploads\/2024\/11\/contas-scaled.jpg?fit=800%2C501&ssl=1",800,501,true],"really-simple-thumb":["https:\/\/i0.wp.com\/ismaelcolosi.com.br\/wp-content\/uploads\/2024\/11\/contas-scaled.jpg?resize=370%2C247&ssl=1",370,247,true]},"uagb_author_info":{"display_name":"ismaelcolosi.com.br","author_link":"https:\/\/ismaelcolosi.com.br\/index.php\/author\/vidareal-online\/"},"uagb_comment_info":0,"uagb_excerpt":"23 de novembro de 202422 de novembro de 20248 Compartilhar0 Levantamento do Tribunal de Contas do Estado de S\u00e3o Paulo (TCE\/SP) revelou que oito prefeituras...","jetpack-related-posts":[{"id":62186,"url":"https:\/\/ismaelcolosi.com.br\/index.php\/2024\/08\/26\/feriados-prolongados-no-segundo-semestre-confira-as-datas\/","url_meta":{"origin":77288,"position":0},"title":"Feriados prolongados no segundo semestre? Confira as datas","author":"ismaelcolosi.com.br","date":"26 de August de 2024","format":false,"excerpt":"O ano de 2024, que \u00e9 bissexto, tem menos feriados prolongados. Se em 2023 os dias de descanso ca\u00edram em boa parte na quinta-feira, facilitando as emendas, em 2024 as datas est\u00e3o concentradas no s\u00e1bado, no domingo e na quarta-feira. Os pr\u00f3ximos tr\u00eas feriados nacionais acontecer\u00e3o aos s\u00e1bados: 7 de\u2026","rel":"","context":"In &quot;Not\u00edcias de Ribeir\u00e3o Preto-SP e Regi\u00e3o&quot;","block_context":{"text":"Not\u00edcias de Ribeir\u00e3o Preto-SP e Regi\u00e3o","link":"https:\/\/ismaelcolosi.com.br\/index.php\/category\/noticias-de-ribeirao-preto-sp-e-regiao-ismael-colosi\/"},"img":{"alt_text":"","src":"https:\/\/i0.wp.com\/ismaelcolosi.com.br\/wp-content\/uploads\/2024\/07\/Calendario-Freepik-944x531-1_2024-07-01_13-15-58_jpg_2024-07-01_13-15-58.webp.webp?fit=944%2C531&ssl=1&resize=350%2C200","width":350,"height":200,"srcset":"https:\/\/i0.wp.com\/ismaelcolosi.com.br\/wp-content\/uploads\/2024\/07\/Calendario-Freepik-944x531-1_2024-07-01_13-15-58_jpg_2024-07-01_13-15-58.webp.webp?fit=944%2C531&ssl=1&resize=350%2C200 1x, https:\/\/i0.wp.com\/ismaelcolosi.com.br\/wp-content\/uploads\/2024\/07\/Calendario-Freepik-944x531-1_2024-07-01_13-15-58_jpg_2024-07-01_13-15-58.webp.webp?fit=944%2C531&ssl=1&resize=525%2C300 1.5x, https:\/\/i0.wp.com\/ismaelcolosi.com.br\/wp-content\/uploads\/2024\/07\/Calendario-Freepik-944x531-1_2024-07-01_13-15-58_jpg_2024-07-01_13-15-58.webp.webp?fit=944%2C531&ssl=1&resize=700%2C400 2x"},"classes":[]},{"id":72440,"url":"https:\/\/ismaelcolosi.com.br\/index.php\/2024\/10\/21\/museu-de-arte-de-ribeirao-preto-recebe-exposicao-amanha-serei-raiz\/","url_meta":{"origin":77288,"position":1},"title":"Museu de Arte de Ribeir\u00e3o Preto recebe exposi\u00e7\u00e3o \u201cAmanh\u00e3 Serei Raiz\u201d","author":"ismaelcolosi.com.br","date":"21 de October de 2024","format":false,"excerpt":"O Marp (Museu de Arte de Ribeir\u00e3o Preto Pedro Manuel-Gismondi) recebe a partir do dia 8 de novembro a exposi\u00e7\u00e3o \u201cAmanh\u00e3 Serei Raiz\u201d, que conta com 13 obras do coletivo 1MULHERporM2 e tem o objetivo de resgatar o feminino e a ancestralidade. A mostra conta com trabalhos que promovem uma\u2026","rel":"","context":"In &quot;Not\u00edcias de Ribeir\u00e3o Preto-SP e Regi\u00e3o&quot;","block_context":{"text":"Not\u00edcias de Ribeir\u00e3o Preto-SP e Regi\u00e3o","link":"https:\/\/ismaelcolosi.com.br\/index.php\/category\/noticias-de-ribeirao-preto-sp-e-regiao-ismael-colosi\/"},"img":{"alt_text":"","src":"https:\/\/i0.wp.com\/ismaelcolosi.com.br\/wp-content\/uploads\/2024\/10\/Copia-de-Copia-de-Copia-de-TAMANHO-EXATO-PARA-FOTOS-NO-SISTEMA-NOVO-18_2024-10-21_13-59-08_jpg_2024-10-21_13-59-08.webp.webp?fit=1200%2C675&ssl=1&resize=350%2C200","width":350,"height":200,"srcset":"https:\/\/i0.wp.com\/ismaelcolosi.com.br\/wp-content\/uploads\/2024\/10\/Copia-de-Copia-de-Copia-de-TAMANHO-EXATO-PARA-FOTOS-NO-SISTEMA-NOVO-18_2024-10-21_13-59-08_jpg_2024-10-21_13-59-08.webp.webp?fit=1200%2C675&ssl=1&resize=350%2C200 1x, https:\/\/i0.wp.com\/ismaelcolosi.com.br\/wp-content\/uploads\/2024\/10\/Copia-de-Copia-de-Copia-de-TAMANHO-EXATO-PARA-FOTOS-NO-SISTEMA-NOVO-18_2024-10-21_13-59-08_jpg_2024-10-21_13-59-08.webp.webp?fit=1200%2C675&ssl=1&resize=525%2C300 1.5x, https:\/\/i0.wp.com\/ismaelcolosi.com.br\/wp-content\/uploads\/2024\/10\/Copia-de-Copia-de-Copia-de-TAMANHO-EXATO-PARA-FOTOS-NO-SISTEMA-NOVO-18_2024-10-21_13-59-08_jpg_2024-10-21_13-59-08.webp.webp?fit=1200%2C675&ssl=1&resize=700%2C400 2x, https:\/\/i0.wp.com\/ismaelcolosi.com.br\/wp-content\/uploads\/2024\/10\/Copia-de-Copia-de-Copia-de-TAMANHO-EXATO-PARA-FOTOS-NO-SISTEMA-NOVO-18_2024-10-21_13-59-08_jpg_2024-10-21_13-59-08.webp.webp?fit=1200%2C675&ssl=1&resize=1050%2C600 3x"},"classes":[]},{"id":21918,"url":"https:\/\/ismaelcolosi.com.br\/index.php\/2023\/12\/28\/ribeirao-tem-saldo-positivo-de-novos-empregos-em-novembro-veja-o-setor-que-mais-contratou\/","url_meta":{"origin":77288,"position":2},"title":"Ribeir\u00e3o tem saldo positivo de novos empregos em novembro; Veja o setor que mais contratou","author":"ismaelcolosi.com.br","date":"28 de December de 2023","format":false,"excerpt":"Ribeir\u00e3o Preto fechou o m\u00eas de novembro com um saldo positivo de 793 novos empregos criados, de acordo com o Cadastro Geral de Empregados e Desempregados (Caged), divulgado nesta quinta-feira (28). Apesar do bom resultado, o munic\u00edpio registrou queda na compara\u00e7\u00e3o com o mesmo m\u00eas do ano passado. De acordo\u2026","rel":"","context":"In &quot;Not\u00edcias de Ribeir\u00e3o Preto-SP e Regi\u00e3o&quot;","block_context":{"text":"Not\u00edcias de Ribeir\u00e3o Preto-SP e Regi\u00e3o","link":"https:\/\/ismaelcolosi.com.br\/index.php\/category\/noticias-de-ribeirao-preto-sp-e-regiao-ismael-colosi\/"},"img":{"alt_text":"","src":"https:\/\/i0.wp.com\/ismaelcolosi.com.br\/wp-content\/uploads\/2023\/12\/caged.jpg?fit=1200%2C799&ssl=1&resize=350%2C200","width":350,"height":200,"srcset":"https:\/\/i0.wp.com\/ismaelcolosi.com.br\/wp-content\/uploads\/2023\/12\/caged.jpg?fit=1200%2C799&ssl=1&resize=350%2C200 1x, https:\/\/i0.wp.com\/ismaelcolosi.com.br\/wp-content\/uploads\/2023\/12\/caged.jpg?fit=1200%2C799&ssl=1&resize=525%2C300 1.5x, https:\/\/i0.wp.com\/ismaelcolosi.com.br\/wp-content\/uploads\/2023\/12\/caged.jpg?fit=1200%2C799&ssl=1&resize=700%2C400 2x, https:\/\/i0.wp.com\/ismaelcolosi.com.br\/wp-content\/uploads\/2023\/12\/caged.jpg?fit=1200%2C799&ssl=1&resize=1050%2C600 3x"},"classes":[]},{"id":9560,"url":"https:\/\/ismaelcolosi.com.br\/index.php\/2023\/12\/02\/novembro-foi-o-mes-mais-quente-dos-ultimos-20-anos-em-ribeirao-entenda\/","url_meta":{"origin":77288,"position":3},"title":"Novembro foi o m\u00eas mais quente dos \u00faltimos 20 anos em Ribeir\u00e3o; Entenda","author":"ismaelcolosi.com.br","date":"2 de December de 2023","format":false,"excerpt":"Em Ribeir\u00e3o Preto, o m\u00eas de novembro de 2023 foi considerado o mais quente dos \u00faltimos 20 anos, de acordo com um levantamento do Centro Integrado de Informa\u00e7\u00f5es Agrometeorol\u00f3gicas (Ciiagro). Os registros do \u00f3rg\u00e3o apontam que o munic\u00edpio registrou uma m\u00e9dia de 34,5\u00baC durante o m\u00eas, o maior \u00edndice desde\u2026","rel":"","context":"In &quot;Not\u00edcias de Ribeir\u00e3o Preto-SP e Regi\u00e3o&quot;","block_context":{"text":"Not\u00edcias de Ribeir\u00e3o Preto-SP e Regi\u00e3o","link":"https:\/\/ismaelcolosi.com.br\/index.php\/category\/noticias-de-ribeirao-preto-sp-e-regiao-ismael-colosi\/"},"img":{"alt_text":"","src":"https:\/\/i0.wp.com\/ismaelcolosi.com.br\/wp-content\/uploads\/2023\/12\/calor-em-Ribeirao-Preto.jpeg?fit=1200%2C675&ssl=1&resize=350%2C200","width":350,"height":200,"srcset":"https:\/\/i0.wp.com\/ismaelcolosi.com.br\/wp-content\/uploads\/2023\/12\/calor-em-Ribeirao-Preto.jpeg?fit=1200%2C675&ssl=1&resize=350%2C200 1x, https:\/\/i0.wp.com\/ismaelcolosi.com.br\/wp-content\/uploads\/2023\/12\/calor-em-Ribeirao-Preto.jpeg?fit=1200%2C675&ssl=1&resize=525%2C300 1.5x, https:\/\/i0.wp.com\/ismaelcolosi.com.br\/wp-content\/uploads\/2023\/12\/calor-em-Ribeirao-Preto.jpeg?fit=1200%2C675&ssl=1&resize=700%2C400 2x, https:\/\/i0.wp.com\/ismaelcolosi.com.br\/wp-content\/uploads\/2023\/12\/calor-em-Ribeirao-Preto.jpeg?fit=1200%2C675&ssl=1&resize=1050%2C600 3x"},"classes":[]},{"id":54010,"url":"https:\/\/ismaelcolosi.com.br\/index.php\/2024\/06\/20\/homem-acusado-de-abuso-sexual-e-preso-na-praca-xv-de-novembro-em-ribeirao-preto\/","url_meta":{"origin":77288,"position":4},"title":"Homem acusado de abuso sexual \u00e9 preso na Pra\u00e7a XV de Novembro em Ribeir\u00e3o Preto","author":"ismaelcolosi.com.br","date":"20 de June de 2024","format":false,"excerpt":"Um homem foi preso nesta quinta-feira (20), acusado de abusar sexualmente de uma mulher na pra\u00e7a XV de Novembro, no Centro de Ribeir\u00e3o Preto. De acordo com a Guarda Civil Metropolitana (GCM), populares ouviram gritos de socorro pela pra\u00e7a e solicitaram o apoio da equipe que trabalha na base m\u00f3vel\u2026","rel":"","context":"In &quot;Not\u00edcias de Ribeir\u00e3o Preto-SP e Regi\u00e3o&quot;","block_context":{"text":"Not\u00edcias de Ribeir\u00e3o Preto-SP e Regi\u00e3o","link":"https:\/\/ismaelcolosi.com.br\/index.php\/category\/noticias-de-ribeirao-preto-sp-e-regiao-ismael-colosi\/"},"img":{"alt_text":"","src":"https:\/\/i0.wp.com\/ismaelcolosi.com.br\/wp-content\/uploads\/2024\/06\/praca_xv_1200x675_15062022115458.jpg?fit=1200%2C675&ssl=1&resize=350%2C200","width":350,"height":200,"srcset":"https:\/\/i0.wp.com\/ismaelcolosi.com.br\/wp-content\/uploads\/2024\/06\/praca_xv_1200x675_15062022115458.jpg?fit=1200%2C675&ssl=1&resize=350%2C200 1x, https:\/\/i0.wp.com\/ismaelcolosi.com.br\/wp-content\/uploads\/2024\/06\/praca_xv_1200x675_15062022115458.jpg?fit=1200%2C675&ssl=1&resize=525%2C300 1.5x, https:\/\/i0.wp.com\/ismaelcolosi.com.br\/wp-content\/uploads\/2024\/06\/praca_xv_1200x675_15062022115458.jpg?fit=1200%2C675&ssl=1&resize=700%2C400 2x, https:\/\/i0.wp.com\/ismaelcolosi.com.br\/wp-content\/uploads\/2024\/06\/praca_xv_1200x675_15062022115458.jpg?fit=1200%2C675&ssl=1&resize=1050%2C600 3x"},"classes":[]},{"id":73312,"url":"https:\/\/ismaelcolosi.com.br\/index.php\/2024\/10\/25\/dia-28-de-outubro-e-feriado-em-ribeirao-preto-entenda\/","url_meta":{"origin":77288,"position":5},"title":"Dia 28 de outubro \u00e9 feriado em Ribeir\u00e3o Preto? Entenda","author":"ismaelcolosi.com.br","date":"25 de October de 2024","format":false,"excerpt":"Na pr\u00f3xima segunda-feira, 28 de outubro, \u00e9 celebrado o Dia do Servidor P\u00fablico. A Prefeitura de Ribeir\u00e3o Preto manteve o ponto facultativo. Com isso, \u00f3rg\u00e3os p\u00fablicos estar\u00e3o fechados e devem voltar apenas na ter\u00e7a-feira (29), no hor\u00e1rio comercial. A data n\u00e3o \u00e9 feriado nacional, mas estados e munic\u00edpios costumam dar\u2026","rel":"","context":"In &quot;Not\u00edcias de Ribeir\u00e3o Preto-SP e Regi\u00e3o&quot;","block_context":{"text":"Not\u00edcias de Ribeir\u00e3o Preto-SP e Regi\u00e3o","link":"https:\/\/ismaelcolosi.com.br\/index.php\/category\/noticias-de-ribeirao-preto-sp-e-regiao-ismael-colosi\/"},"img":{"alt_text":"","src":"https:\/\/i0.wp.com\/ismaelcolosi.com.br\/wp-content\/uploads\/2024\/10\/catedral_2024-09-04_19-26-26_jpg_2024-09-04_19-26-26.webp.webp?fit=1200%2C900&ssl=1&resize=350%2C200","width":350,"height":200,"srcset":"https:\/\/i0.wp.com\/ismaelcolosi.com.br\/wp-content\/uploads\/2024\/10\/catedral_2024-09-04_19-26-26_jpg_2024-09-04_19-26-26.webp.webp?fit=1200%2C900&ssl=1&resize=350%2C200 1x, https:\/\/i0.wp.com\/ismaelcolosi.com.br\/wp-content\/uploads\/2024\/10\/catedral_2024-09-04_19-26-26_jpg_2024-09-04_19-26-26.webp.webp?fit=1200%2C900&ssl=1&resize=525%2C300 1.5x, https:\/\/i0.wp.com\/ismaelcolosi.com.br\/wp-content\/uploads\/2024\/10\/catedral_2024-09-04_19-26-26_jpg_2024-09-04_19-26-26.webp.webp?fit=1200%2C900&ssl=1&resize=700%2C400 2x, https:\/\/i0.wp.com\/ismaelcolosi.com.br\/wp-content\/uploads\/2024\/10\/catedral_2024-09-04_19-26-26_jpg_2024-09-04_19-26-26.webp.webp?fit=1200%2C900&ssl=1&resize=1050%2C600 3x"},"classes":[]}],"jetpack_sharing_enabled":true,"jetpack_shortlink":"https:\/\/wp.me\/pfMlyK-k6A","_links":{"self":[{"href":"https:\/\/ismaelcolosi.com.br\/index.php\/wp-json\/wp\/v2\/posts\/77288","targetHints":{"allow":["GET"]}}],"collection":[{"href":"https:\/\/ismaelcolosi.com.br\/index.php\/wp-json\/wp\/v2\/posts"}],"about":[{"href":"https:\/\/ismaelcolosi.com.br\/index.php\/wp-json\/wp\/v2\/types\/post"}],"author":[{"embeddable":true,"href":"https:\/\/ismaelcolosi.com.br\/index.php\/wp-json\/wp\/v2\/users\/1"}],"replies":[{"embeddable":true,"href":"https:\/\/ismaelcolosi.com.br\/index.php\/wp-json\/wp\/v2\/comments?post=77288"}],"version-history":[{"count":0,"href":"https:\/\/ismaelcolosi.com.br\/index.php\/wp-json\/wp\/v2\/posts\/77288\/revisions"}],"wp:featuredmedia":[{"embeddable":true,"href":"https:\/\/ismaelcolosi.com.br\/index.php\/wp-json\/wp\/v2\/media\/77289"}],"wp:attachment":[{"href":"https:\/\/ismaelcolosi.com.br\/index.php\/wp-json\/wp\/v2\/media?parent=77288"}],"wp:term":[{"taxonomy":"category","embeddable":true,"href":"https:\/\/ismaelcolosi.com.br\/index.php\/wp-json\/wp\/v2\/categories?post=77288"},{"taxonomy":"post_tag","embeddable":true,"href":"https:\/\/ismaelcolosi.com.br\/index.php\/wp-json\/wp\/v2\/tags?post=77288"}],"curies":[{"name":"wp","href":"https:\/\/api.w.org\/{rel}","templated":true}]}}