{"id":77251,"date":"2024-11-22T15:41:10","date_gmt":"2024-11-22T18:41:10","guid":{"rendered":"https:\/\/ismaelcolosi.com.br\/index.php\/2024\/11\/22\/alunos-da-alma-apresentam-recital-de-violinos-neste-domingo-24\/"},"modified":"2024-11-22T15:41:10","modified_gmt":"2024-11-22T18:41:10","slug":"alunos-da-alma-apresentam-recital-de-violinos-neste-domingo-24","status":"publish","type":"post","link":"https:\/\/ismaelcolosi.com.br\/index.php\/2024\/11\/22\/alunos-da-alma-apresentam-recital-de-violinos-neste-domingo-24\/","title":{"rendered":"Alunos da Alma apresentam recital de violinos neste domingo (24)"},"content":{"rendered":"<p> <br \/>\n<\/p>\n<div>\n<p>No pr\u00f3ximo domingo (24), a Academia Livre de M\u00fasica e Artes de Ribeir\u00e3o Preto (Alma) leva para a Sala de Concertos da Tulha, no campus da USP (rua Oliver Toni, s\/n\u00ba), o recital pedag\u00f3gico com alunos do curso violino, tanto da classe individual da professora Sara Cesca como das coletivas dos professores Guilherme de Carvalho, Ayala Souza e Sara. O concerto ser\u00e1 \u00e0s 18 horas, com entrada gratuita aberta \u00e0 popula\u00e7\u00e3o. N\u00e3o h\u00e1 necessidade de retirada antecipada de ingressos, mas o acesso ser\u00e1 por ordem de chegada at\u00e9 esgotamento dos lugares.<\/p>\n<p>Um grupo de 40 alunos, entre crian\u00e7as e jovens, apresenta um programa formatado como um desdobramento das atividades realizadas em sala de aula, numa amostra do que foi realizado e desenvolvido durante o ano. \u201cNosso principal objetivo com esse recital \u00e9 incentivar e apoiar a demonstra\u00e7\u00e3o p\u00fablica das habilidades adquiridas pelos nossos alunos, com foco nas camadas t\u00e9cnicas que foram consolidadas nas aulas de execu\u00e7\u00e3o\u201d, explica a professora Sara Cesca, que \u00e9 doutora e mestre em M\u00fasica pela Unicamp (Universidade Estadual de Campinas), bacharel em m\u00fasica (violino) pela Escola de Comunica\u00e7\u00e3o e Artes da USP (Universidade de S\u00e3o Paulo) e licenciada em m\u00fasica pela Unaerp (Universidade de Ribeir\u00e3o Preto). A apresenta\u00e7\u00e3o ter\u00e1 o acompanhamento do pianista Ju Hi Son, como correpetidor.<\/p><div class='code-block code-block-8' style='margin: 8px auto; text-align: center; display: block; clear: both;'>\n<script>\n  atOptions = {\n    'key' : '66e2e2111ca34da796271819fc334058',\n    'format' : 'iframe',\n    'height' : 250,\n    'width' : 300,\n    'params' : {}\n  };\n<\/script>\n<script src=\"https:\/\/www.highperformanceformat.com\/66e2e2111ca34da796271819fc334058\/invoke.js\"><\/script>\n<\/div>\n\n<p>Sara esclarece que, em 2024, o programa das aulas de violino foi dividido entre pr\u00e1tica em conjunto, durante o primeiro semestre, e atividades espec\u00edficas do instrumento, no segundo semestre.\u00a0 \u201cFoi um ano muito produtivo, em que a flu\u00eancia musical e a desenvoltura t\u00e9cnica dos alunos cresceu muito\u201d, comemora a professora. O repert\u00f3rio do recital re\u00fane 12 pe\u00e7as dos compositores Wolgang Amadeus Mozart, Kerstin Wartberg, Ant\u00f4nio Rafael Carvalho dos Santos, Shinichi Suzuki, Johann Sebastian Bach, Carl Maria von Weber, Jean Paul Egide Martini e Friedrich Seitz. Os alunos Miguel Santos de Carvalho Pereira e Filipe Lopes Melo ser\u00e3o os solistas.<\/p>\n<p>Reconhecido como rom\u00e2ntico e nobre, o violino \u00e9 um instrumento que tem se popularizado e despertado cada vez mais interesse de aprendizado. \u201cO violino possui alta qualidade timbr\u00edstica aguda e ressonante e vem se tornando um instrumento de f\u00e1cil acesso. A quantidade significativa de professores e sua ampla difus\u00e3o em igrejas, projetos e cursos online tem contribu\u00eddo com sua populariza\u00e7\u00e3o\u201d, comenta Sara Cesca, que tamb\u00e9m \u00e9 coordenadora pedag\u00f3gica do curso de violino. Os outros professores do curso s\u00e3o Guilherme de Carvalho Pereira e Ayala Carla de Sousa. Guilherme \u00e9 bacharel em viola pela UFMG (Universidade Federal de Minas Gerais), mestre em performance musical pela Unesp (universidade Estadual Paulista), e licenciado em M\u00fasica pelo Centro Universit\u00e1rio Claretiano. Ayala \u00e9 bacharel em violino pela Universidade de S\u00e3o Paulo (USP), especialista em ensino coletivo infantil, professora e membro da Suzuki Asssociation Theacher of the Americas.<\/p>\n<p>O recital \u00e9 uma realiza\u00e7\u00e3o do Minist\u00e9rio da Cultura e da Alma. Conta com patroc\u00ednios das empresas: \u00d3pera \u2013 Usina Alta Mogiana S\/A; Sinfonia \u2013 NECTA, GSInima Ambient e Cutrale; Su\u00edte \u2013 Santa Helena Ind\u00fastria de Alimentos S\/A, Interunion, Tereos e Usina Vertente; \u00c1ria \u2013 Goiasmaq, Suprir e Grupo Intelli. Conta tamb\u00e9m com a parceria da Universidade de S\u00e3o Paulo, por meio do Departamento de M\u00fasica da Faculdade de Filosofia, Ci\u00eancias e Letras de Ribeir\u00e3o Preto.<\/p>\n<p><strong>SERVI\u00c7O<\/strong><\/p>\n<p>Evento: Recital de violinos com alunos da Academia Livre de M\u00fasica e Arte de Ribeir\u00e3o Preto (Alma) \u2013 N\u00facleo 1<\/p>\n<p>Data e hor\u00e1rio: 24\/11 (domingo) | 18h<\/p>\n<p>Local: Sala de Concertos da Tulha, no campus da USP (rua Oliver Toni, s\/n\u00ba)<\/p>\n<p>Acesso: gratuito<\/p>\n<p>\u00a0<\/p>\n<p>Programa<\/p>\n<p>\u201cBrilha, brilha, estrelinha\u201d, varia\u00e7\u00f5es (um estudo da postura do violino) \u2013 Wolfgang Amadeus Mozart, com arranjo de Shinichi Suzuki<\/p>\n<p>\u00a0<\/p>\n<p>\u201cConcerto na corda Mi\u201d, de Kerstin Wartberg, com arranjo de Eduardo Ludue\u00f1a<\/p>\n<p>\u00a0<\/p>\n<p>\u201cEstudo da corda Mi \u2013 Estudo das cordas L\u00e1 e Mi\u201d, de Kerstin Wartberg<\/p>\n<p>\u00a0<\/p>\n<p>\u201cBolo de lim\u00e3o\u201d, de Ant\u00f4nio Rafael Carvalho dos Santos<\/p>\n<p>\u00a0<\/p>\n<p>\u201cRemando suavemente\u201d e \u201cCan\u00e7\u00e3o do vento\u201d, folcl\u00f3ricas<\/p>\n<p>\u00a0<\/p>\n<p>\u201cEtude\u201d, de Shinichi Suzuki<\/p>\n<p>\u00a0<\/p>\n<p>\u201cMinueto n. 2\u201d, de Johann Sebastian Bach<\/p>\n<p>\u00a0<\/p>\n<p>\u201cCoro dos ca\u00e7adores\u201d, de Carl Maria von Weber<\/p>\n<p>\u00a0<\/p>\n<p>\u201cGavotte em sol maior\u201d, de Jean Paul Egide Martini \u2013 solista Miguel Santos de Carvalho Pereira<\/p>\n<p>\u00a0<\/p>\n<p>\u201cConcerto n.5, 3\u00b0 movimento\u201d, de Friedrich Seitz \u2013 solista Filipe Lopes Melo<\/p>\n<p>\u00a0<\/p>\n<p>Sobre a Alma<\/p>\n<p>A Alma \u2013 Academia Livre de M\u00fasica e Artes \u00e9 uma associa\u00e7\u00e3o privada sem fins lucrativos, com sede em Ribeir\u00e3o Preto (SP). Come\u00e7ou suas atividades em agosto de 2014, com o objetivo de proporcionar a crian\u00e7as e adolescentes iniciados em artes, especialmente em m\u00fasica, a possibilidade de aperfei\u00e7oamento t\u00e9cnico, art\u00edstico e expressivo. A escola de m\u00fasica e artes conta com o apoio de compositores e arranjadores residentes, garantindo uma produ\u00e7\u00e3o art\u00edstico-pedag\u00f3gica conectada com o mundo atual. Dessa forma, o papel da Alma \u00e9 oferecer um meio para que crian\u00e7as e adolescentes (de quaisquer origens sociais) possam, uma vez iniciados e com bases art\u00edsticas fundamentadas, se aperfei\u00e7oarem no sentido do acesso \u00e0s melhores universidades e orquestras\/coros nacionais ou internacionais. Em 2017, a Alma criou o N\u00facleo de Forma\u00e7\u00e3o Musical (n\u00edvel iniciante) nas cidades de S\u00e3o Joaquim da Barra e Guar\u00e1, nas escolas p\u00fablicas destas cidades, com o objetivo de ampliar o repert\u00f3rio de habilidades e o universo cultural dos alunos.<\/p>\n<p>\u00a0<\/p>\n<p>\u00a0<\/p>\n<p>\u00a0<\/p>\n<\/div>\n<p><br \/>\n<br \/><a href=\"https:\/\/www.tribunaribeirao.com.br\/alunos-da-alma-apresentam-recital-de-viol\/\">Source link <\/a><\/p>\n<div class='code-block code-block-4' style='margin: 8px auto 8px 0; text-align: left; display: block; clear: both;'>\n\ud83d\udce2 Aviso Legal\n\nO site ismaelcolosi.com.br atua apenas como um canal de divulga\u00e7\u00e3o de oportunidades de emprego e n\u00e3o se responsabiliza pelo processo seletivo, contrata\u00e7\u00e3o ou qualquer outra etapa relacionada \u00e0s vagas publicadas. Todas as informa\u00e7\u00f5es s\u00e3o de responsabilidade dos anunciantes.\n\n\u26a0\ufe0f Aten\u00e7\u00e3o! Nunca pague por promessas de emprego nem compre cursos que garantam contrata\u00e7\u00e3o. Desconfie de qualquer cobran\u00e7a para participar de sele\u00e7\u00f5es.\n\n\n\n<\/div>\n<!-- CONTENT END 1 -->\n","protected":false},"excerpt":{"rendered":"<p>No pr\u00f3ximo domingo (24), a Academia Livre de M\u00fasica e Artes de Ribeir\u00e3o Preto (Alma) leva para a Sala de Concertos da Tulha, no campus&#8230;<\/p>\n","protected":false},"author":1,"featured_media":77252,"comment_status":"open","ping_status":"open","sticky":false,"template":"","format":"standard","meta":{"_uag_custom_page_level_css":"","advanced_seo_description":"","jetpack_seo_html_title":"","jetpack_seo_noindex":false,"jetpack_post_was_ever_published":false,"_jetpack_newsletter_access":"","_jetpack_dont_email_post_to_subs":false,"_jetpack_newsletter_tier_id":0,"_jetpack_memberships_contains_paywalled_content":false,"_jetpack_memberships_contains_paid_content":false,"footnotes":"","jetpack_publicize_message":"","jetpack_publicize_feature_enabled":true,"jetpack_social_post_already_shared":true,"jetpack_social_options":{"image_generator_settings":{"template":"highway","default_image_id":0,"font":"","enabled":false},"version":2}},"categories":[11],"tags":[],"class_list":["post-77251","post","type-post","status-publish","format-standard","has-post-thumbnail","hentry","category-noticias-de-ribeirao-preto-sp-e-regiao-ismael-colosi"],"jetpack_publicize_connections":[],"jetpack_featured_media_url":"https:\/\/i0.wp.com\/ismaelcolosi.com.br\/wp-content\/uploads\/2024\/11\/WhatsApp-Image-2024-11-22-at-12.37.52-scaled.jpeg?fit=749%2C500&ssl=1","uagb_featured_image_src":{"full":["https:\/\/i0.wp.com\/ismaelcolosi.com.br\/wp-content\/uploads\/2024\/11\/WhatsApp-Image-2024-11-22-at-12.37.52-scaled.jpeg?fit=749%2C500&ssl=1",749,500,false],"thumbnail":["https:\/\/i0.wp.com\/ismaelcolosi.com.br\/wp-content\/uploads\/2024\/11\/WhatsApp-Image-2024-11-22-at-12.37.52-scaled.jpeg?resize=150%2C150&ssl=1",150,150,true],"medium":["https:\/\/i0.wp.com\/ismaelcolosi.com.br\/wp-content\/uploads\/2024\/11\/WhatsApp-Image-2024-11-22-at-12.37.52-scaled.jpeg?fit=300%2C200&ssl=1",300,200,true],"medium_large":["https:\/\/i0.wp.com\/ismaelcolosi.com.br\/wp-content\/uploads\/2024\/11\/WhatsApp-Image-2024-11-22-at-12.37.52-scaled.jpeg?fit=749%2C500&ssl=1",749,500,true],"large":["https:\/\/i0.wp.com\/ismaelcolosi.com.br\/wp-content\/uploads\/2024\/11\/WhatsApp-Image-2024-11-22-at-12.37.52-scaled.jpeg?fit=749%2C500&ssl=1",749,500,true],"1536x1536":["https:\/\/i0.wp.com\/ismaelcolosi.com.br\/wp-content\/uploads\/2024\/11\/WhatsApp-Image-2024-11-22-at-12.37.52-scaled.jpeg?fit=749%2C500&ssl=1",749,500,true],"2048x2048":["https:\/\/i0.wp.com\/ismaelcolosi.com.br\/wp-content\/uploads\/2024\/11\/WhatsApp-Image-2024-11-22-at-12.37.52-scaled.jpeg?fit=749%2C500&ssl=1",749,500,true],"really-simple-thumb":["https:\/\/i0.wp.com\/ismaelcolosi.com.br\/wp-content\/uploads\/2024\/11\/WhatsApp-Image-2024-11-22-at-12.37.52-scaled.jpeg?resize=370%2C247&ssl=1",370,247,true]},"uagb_author_info":{"display_name":"ismaelcolosi.com.br","author_link":"https:\/\/ismaelcolosi.com.br\/index.php\/author\/vidareal-online\/"},"uagb_comment_info":0,"uagb_excerpt":"No pr\u00f3ximo domingo (24), a Academia Livre de M\u00fasica e Artes de Ribeir\u00e3o Preto (Alma) leva para a Sala de Concertos da Tulha, no campus...","jetpack-related-posts":[{"id":71938,"url":"https:\/\/ismaelcolosi.com.br\/index.php\/2024\/10\/18\/projeto-alma-apresenta-recitais-gratuitos-em-ribeirao-preto\/","url_meta":{"origin":77251,"position":0},"title":"Projeto Alma apresenta recitais gratuitos em Ribeir\u00e3o Preto","author":"ismaelcolosi.com.br","date":"18 de October de 2024","format":false,"excerpt":"Os alunos dos cursos de violino, violoncelo, piano e percuss\u00e3o da Alma (Academia Livre de M\u00fasica e Artes) apresentar\u00e3o quatro recitais gratuitos em Ribeir\u00e3o Preto entre os dias 20 e 27 de outubro. Os recitais acontecem na Sala de Concertos da Tulha, no campus da USP (Universidade de S\u00e3o Paulo)\u2026","rel":"","context":"In &quot;Not\u00edcias de Ribeir\u00e3o Preto-SP e Regi\u00e3o&quot;","block_context":{"text":"Not\u00edcias de Ribeir\u00e3o Preto-SP e Regi\u00e3o","link":"https:\/\/ismaelcolosi.com.br\/index.php\/category\/noticias-de-ribeirao-preto-sp-e-regiao-ismael-colosi\/"},"img":{"alt_text":"","src":"https:\/\/i0.wp.com\/ismaelcolosi.com.br\/wp-content\/uploads\/2024\/10\/09e8046b-0f7b-4e41-ac8f-d2ef55d0b03e_2024-10-16_12-10-13_jpg_2024-10-16_12-10-13.webp.webp?fit=1200%2C800&ssl=1&resize=350%2C200","width":350,"height":200,"srcset":"https:\/\/i0.wp.com\/ismaelcolosi.com.br\/wp-content\/uploads\/2024\/10\/09e8046b-0f7b-4e41-ac8f-d2ef55d0b03e_2024-10-16_12-10-13_jpg_2024-10-16_12-10-13.webp.webp?fit=1200%2C800&ssl=1&resize=350%2C200 1x, https:\/\/i0.wp.com\/ismaelcolosi.com.br\/wp-content\/uploads\/2024\/10\/09e8046b-0f7b-4e41-ac8f-d2ef55d0b03e_2024-10-16_12-10-13_jpg_2024-10-16_12-10-13.webp.webp?fit=1200%2C800&ssl=1&resize=525%2C300 1.5x, https:\/\/i0.wp.com\/ismaelcolosi.com.br\/wp-content\/uploads\/2024\/10\/09e8046b-0f7b-4e41-ac8f-d2ef55d0b03e_2024-10-16_12-10-13_jpg_2024-10-16_12-10-13.webp.webp?fit=1200%2C800&ssl=1&resize=700%2C400 2x, https:\/\/i0.wp.com\/ismaelcolosi.com.br\/wp-content\/uploads\/2024\/10\/09e8046b-0f7b-4e41-ac8f-d2ef55d0b03e_2024-10-16_12-10-13_jpg_2024-10-16_12-10-13.webp.webp?fit=1200%2C800&ssl=1&resize=1050%2C600 3x"},"classes":[]},{"id":52527,"url":"https:\/\/ismaelcolosi.com.br\/index.php\/2024\/06\/07\/joao-rock-rodeios-e-feira-de-adocao-veja-a-programacao-do-fim-de-semana-em-ribeirao-e-regiao\/","url_meta":{"origin":77251,"position":1},"title":"Jo\u00e3o Rock, rodeios e feira de ado\u00e7\u00e3o: Veja a programa\u00e7\u00e3o do fim de semana em Ribeir\u00e3o e regi\u00e3o","author":"ismaelcolosi.com.br","date":"7 de June de 2024","format":false,"excerpt":"Ribeir\u00e3o Preto e regi\u00e3o contam com uma programa\u00e7\u00e3o especial para todos os gostos neste fim de semana. Entre os destaques, est\u00e3o: Jo\u00e3o Rock, Minaz Rock, feira de ado\u00e7\u00e3o de animais e dois rodeios. Confira a agenda cultural completa: Jo\u00e3o Rock Um dos maiores festivais de m\u00fasica do pa\u00eds acontece neste\u2026","rel":"","context":"In &quot;Not\u00edcias de Ribeir\u00e3o Preto-SP e Regi\u00e3o&quot;","block_context":{"text":"Not\u00edcias de Ribeir\u00e3o Preto-SP e Regi\u00e3o","link":"https:\/\/ismaelcolosi.com.br\/index.php\/category\/noticias-de-ribeirao-preto-sp-e-regiao-ismael-colosi\/"},"img":{"alt_text":"","src":"https:\/\/i0.wp.com\/ismaelcolosi.com.br\/wp-content\/uploads\/2024\/06\/Copia-de-Copia-de-TAMANHO-EXATO-PARA-FOTOS-NO-SISTEMA-NOVO-7_2024-06-07_14-03-08_jpg_2024-06-07_14-03-08.webp.webp?fit=1200%2C675&ssl=1&resize=350%2C200","width":350,"height":200,"srcset":"https:\/\/i0.wp.com\/ismaelcolosi.com.br\/wp-content\/uploads\/2024\/06\/Copia-de-Copia-de-TAMANHO-EXATO-PARA-FOTOS-NO-SISTEMA-NOVO-7_2024-06-07_14-03-08_jpg_2024-06-07_14-03-08.webp.webp?fit=1200%2C675&ssl=1&resize=350%2C200 1x, https:\/\/i0.wp.com\/ismaelcolosi.com.br\/wp-content\/uploads\/2024\/06\/Copia-de-Copia-de-TAMANHO-EXATO-PARA-FOTOS-NO-SISTEMA-NOVO-7_2024-06-07_14-03-08_jpg_2024-06-07_14-03-08.webp.webp?fit=1200%2C675&ssl=1&resize=525%2C300 1.5x, https:\/\/i0.wp.com\/ismaelcolosi.com.br\/wp-content\/uploads\/2024\/06\/Copia-de-Copia-de-TAMANHO-EXATO-PARA-FOTOS-NO-SISTEMA-NOVO-7_2024-06-07_14-03-08_jpg_2024-06-07_14-03-08.webp.webp?fit=1200%2C675&ssl=1&resize=700%2C400 2x, https:\/\/i0.wp.com\/ismaelcolosi.com.br\/wp-content\/uploads\/2024\/06\/Copia-de-Copia-de-TAMANHO-EXATO-PARA-FOTOS-NO-SISTEMA-NOVO-7_2024-06-07_14-03-08_jpg_2024-06-07_14-03-08.webp.webp?fit=1200%2C675&ssl=1&resize=1050%2C600 3x"},"classes":[]},{"id":55017,"url":"https:\/\/ismaelcolosi.com.br\/index.php\/2024\/06\/29\/cidade-na-regiao-de-ribeirao-preto-recebe-concerto-gratuito-veja-quando\/","url_meta":{"origin":77251,"position":2},"title":"Cidade na regi\u00e3o de Ribeir\u00e3o Preto recebe concerto gratuito; Veja quando","author":"ismaelcolosi.com.br","date":"29 de June de 2024","format":false,"excerpt":"Um concerto pedag\u00f3gico com crian\u00e7as e adolescentes do projeto sociocultural, da Institui\u00e7\u00e3o Aparecido Savegnago, acontece em Sert\u00e3ozinho, cidade na regi\u00e3o de Ribeir\u00e3o Preto, na segunda-feira (1). Com entrada gratuita, a apresenta\u00e7\u00e3o de encerramento do semestre ser\u00e1 \u00e0s 19h30. Alunos da Orquestra Preparat\u00f3ria e da classe de Canto Coral apresentam pe\u00e7as\u2026","rel":"","context":"In &quot;Not\u00edcias de Ribeir\u00e3o Preto-SP e Regi\u00e3o&quot;","block_context":{"text":"Not\u00edcias de Ribeir\u00e3o Preto-SP e Regi\u00e3o","link":"https:\/\/ismaelcolosi.com.br\/index.php\/category\/noticias-de-ribeirao-preto-sp-e-regiao-ismael-colosi\/"},"img":{"alt_text":"","src":"https:\/\/i0.wp.com\/ismaelcolosi.com.br\/wp-content\/uploads\/2024\/06\/WhatsApp-Image-2024-06-29-at-10.56.31_2024-06-29_13-56-47_jpeg_2024-06-29_13-56-48.webp.webp?fit=1200%2C800&ssl=1&resize=350%2C200","width":350,"height":200,"srcset":"https:\/\/i0.wp.com\/ismaelcolosi.com.br\/wp-content\/uploads\/2024\/06\/WhatsApp-Image-2024-06-29-at-10.56.31_2024-06-29_13-56-47_jpeg_2024-06-29_13-56-48.webp.webp?fit=1200%2C800&ssl=1&resize=350%2C200 1x, https:\/\/i0.wp.com\/ismaelcolosi.com.br\/wp-content\/uploads\/2024\/06\/WhatsApp-Image-2024-06-29-at-10.56.31_2024-06-29_13-56-47_jpeg_2024-06-29_13-56-48.webp.webp?fit=1200%2C800&ssl=1&resize=525%2C300 1.5x, https:\/\/i0.wp.com\/ismaelcolosi.com.br\/wp-content\/uploads\/2024\/06\/WhatsApp-Image-2024-06-29-at-10.56.31_2024-06-29_13-56-47_jpeg_2024-06-29_13-56-48.webp.webp?fit=1200%2C800&ssl=1&resize=700%2C400 2x, https:\/\/i0.wp.com\/ismaelcolosi.com.br\/wp-content\/uploads\/2024\/06\/WhatsApp-Image-2024-06-29-at-10.56.31_2024-06-29_13-56-47_jpeg_2024-06-29_13-56-48.webp.webp?fit=1200%2C800&ssl=1&resize=1050%2C600 3x"},"classes":[]},{"id":78327,"url":"https:\/\/ismaelcolosi.com.br\/index.php\/2024\/12\/04\/camerata-beija-flor-faz-apresentacoes-na-usp\/","url_meta":{"origin":77251,"position":3},"title":"Camerata Beija-Flor faz apresenta\u00e7\u00f5es na USP","author":"ismaelcolosi.com.br","date":"4 de December de 2024","format":false,"excerpt":"4 de dezembro de 20244 de dezembro de 20249 Compartilhar0 Nesta semana, o p\u00fablico de Ribeir\u00e3o Preto poder\u00e1 assistir a duas apresenta\u00e7\u00f5es da Camerata Beija-Flor, da Institui\u00e7\u00e3o Aparecido Savegnago. Os concertos ser\u00e3o gratuitos e abertos a todos, com realiza\u00e7\u00e3o no campus da Universidade de S\u00e3o Paulo (USP). O primeiro recital\u2026","rel":"","context":"In &quot;Not\u00edcias de Ribeir\u00e3o Preto-SP e Regi\u00e3o&quot;","block_context":{"text":"Not\u00edcias de Ribeir\u00e3o Preto-SP e Regi\u00e3o","link":"https:\/\/ismaelcolosi.com.br\/index.php\/category\/noticias-de-ribeirao-preto-sp-e-regiao-ismael-colosi\/"},"img":{"alt_text":"","src":"https:\/\/i0.wp.com\/ismaelcolosi.com.br\/wp-content\/uploads\/2024\/12\/Camerata-Fabio-Melo-.jpg?fit=800%2C368&ssl=1&resize=350%2C200","width":350,"height":200,"srcset":"https:\/\/i0.wp.com\/ismaelcolosi.com.br\/wp-content\/uploads\/2024\/12\/Camerata-Fabio-Melo-.jpg?fit=800%2C368&ssl=1&resize=350%2C200 1x, https:\/\/i0.wp.com\/ismaelcolosi.com.br\/wp-content\/uploads\/2024\/12\/Camerata-Fabio-Melo-.jpg?fit=800%2C368&ssl=1&resize=525%2C300 1.5x, https:\/\/i0.wp.com\/ismaelcolosi.com.br\/wp-content\/uploads\/2024\/12\/Camerata-Fabio-Melo-.jpg?fit=800%2C368&ssl=1&resize=700%2C400 2x"},"classes":[]},{"id":31030,"url":"https:\/\/ismaelcolosi.com.br\/index.php\/2024\/01\/20\/alma-leva-alunos-a-festival-na-italia\/","url_meta":{"origin":77251,"position":4},"title":"Alma leva alunos \u00e0 festival na It\u00e1lia","author":"ismaelcolosi.com.br","date":"20 de January de 2024","format":false,"excerpt":"20 de janeiro de 2024 | 18:0019 de janeiro de 2024 | 15:15 0Entre 28 de janeiro e 6 de fevereiro, quatro alunos da Academia Livre de M\u00fasica e Artes de Ribeir\u00e3o Preto (Alma) ter\u00e3o a oportunidade de enriquecer o conhecimento e trocar experi\u00eancias com outros m\u00fasicos no evento \u201cFiato\u2026","rel":"","context":"In &quot;Not\u00edcias de Ribeir\u00e3o Preto-SP e Regi\u00e3o&quot;","block_context":{"text":"Not\u00edcias de Ribeir\u00e3o Preto-SP e Regi\u00e3o","link":"https:\/\/ismaelcolosi.com.br\/index.php\/category\/noticias-de-ribeirao-preto-sp-e-regiao-ismael-colosi\/"},"img":{"alt_text":"","src":"https:\/\/i0.wp.com\/ismaelcolosi.com.br\/wp-content\/uploads\/2024\/01\/Alma-Con-Divulgacao.jpg?fit=960%2C720&ssl=1&resize=350%2C200","width":350,"height":200,"srcset":"https:\/\/i0.wp.com\/ismaelcolosi.com.br\/wp-content\/uploads\/2024\/01\/Alma-Con-Divulgacao.jpg?fit=960%2C720&ssl=1&resize=350%2C200 1x, https:\/\/i0.wp.com\/ismaelcolosi.com.br\/wp-content\/uploads\/2024\/01\/Alma-Con-Divulgacao.jpg?fit=960%2C720&ssl=1&resize=525%2C300 1.5x, https:\/\/i0.wp.com\/ismaelcolosi.com.br\/wp-content\/uploads\/2024\/01\/Alma-Con-Divulgacao.jpg?fit=960%2C720&ssl=1&resize=700%2C400 2x"},"classes":[]},{"id":37769,"url":"https:\/\/ismaelcolosi.com.br\/index.php\/2024\/02\/18\/alunos-da-alma-de-rp-retornam-de-festival-na-europa\/","url_meta":{"origin":77251,"position":5},"title":"Alunos da ALMA de RP retornam de festival na Europa\u00a0","author":"ismaelcolosi.com.br","date":"18 de February de 2024","format":false,"excerpt":"Quatro alunos e um professor da Academia Livre de M\u00fasica e Artes de Ribeir\u00e3o Preto (ALMA) participaram, de 28 de janeiro a 6 de fevereiro, da 13\u00aa edi\u00e7\u00e3o do festival \u201cFiato al Brasile\u201d, em Faenza, cidade de pouco mais de 50 mil habitantes na regi\u00e3o da Emilia-Romagna, na It\u00e1lia.\u00a0\u00a0\u201cFoi uma\u2026","rel":"","context":"In &quot;Not\u00edcias de Ribeir\u00e3o Preto-SP e Regi\u00e3o&quot;","block_context":{"text":"Not\u00edcias de Ribeir\u00e3o Preto-SP e Regi\u00e3o","link":"https:\/\/ismaelcolosi.com.br\/index.php\/category\/noticias-de-ribeirao-preto-sp-e-regiao-ismael-colosi\/"},"img":{"alt_text":"","src":"https:\/\/i0.wp.com\/ismaelcolosi.com.br\/wp-content\/uploads\/2024\/02\/2-Alunos-da-Academia-Livre-de-Musica-e-Artes-de-Ribeirao-Preto-retornam-de-festival-na-Europa-2-scaled.jpeg?fit=860%2C645&ssl=1&resize=350%2C200","width":350,"height":200,"srcset":"https:\/\/i0.wp.com\/ismaelcolosi.com.br\/wp-content\/uploads\/2024\/02\/2-Alunos-da-Academia-Livre-de-Musica-e-Artes-de-Ribeirao-Preto-retornam-de-festival-na-Europa-2-scaled.jpeg?fit=860%2C645&ssl=1&resize=350%2C200 1x, https:\/\/i0.wp.com\/ismaelcolosi.com.br\/wp-content\/uploads\/2024\/02\/2-Alunos-da-Academia-Livre-de-Musica-e-Artes-de-Ribeirao-Preto-retornam-de-festival-na-Europa-2-scaled.jpeg?fit=860%2C645&ssl=1&resize=525%2C300 1.5x, https:\/\/i0.wp.com\/ismaelcolosi.com.br\/wp-content\/uploads\/2024\/02\/2-Alunos-da-Academia-Livre-de-Musica-e-Artes-de-Ribeirao-Preto-retornam-de-festival-na-Europa-2-scaled.jpeg?fit=860%2C645&ssl=1&resize=700%2C400 2x"},"classes":[]}],"jetpack_sharing_enabled":true,"jetpack_shortlink":"https:\/\/wp.me\/pfMlyK-k5Z","_links":{"self":[{"href":"https:\/\/ismaelcolosi.com.br\/index.php\/wp-json\/wp\/v2\/posts\/77251","targetHints":{"allow":["GET"]}}],"collection":[{"href":"https:\/\/ismaelcolosi.com.br\/index.php\/wp-json\/wp\/v2\/posts"}],"about":[{"href":"https:\/\/ismaelcolosi.com.br\/index.php\/wp-json\/wp\/v2\/types\/post"}],"author":[{"embeddable":true,"href":"https:\/\/ismaelcolosi.com.br\/index.php\/wp-json\/wp\/v2\/users\/1"}],"replies":[{"embeddable":true,"href":"https:\/\/ismaelcolosi.com.br\/index.php\/wp-json\/wp\/v2\/comments?post=77251"}],"version-history":[{"count":0,"href":"https:\/\/ismaelcolosi.com.br\/index.php\/wp-json\/wp\/v2\/posts\/77251\/revisions"}],"wp:featuredmedia":[{"embeddable":true,"href":"https:\/\/ismaelcolosi.com.br\/index.php\/wp-json\/wp\/v2\/media\/77252"}],"wp:attachment":[{"href":"https:\/\/ismaelcolosi.com.br\/index.php\/wp-json\/wp\/v2\/media?parent=77251"}],"wp:term":[{"taxonomy":"category","embeddable":true,"href":"https:\/\/ismaelcolosi.com.br\/index.php\/wp-json\/wp\/v2\/categories?post=77251"},{"taxonomy":"post_tag","embeddable":true,"href":"https:\/\/ismaelcolosi.com.br\/index.php\/wp-json\/wp\/v2\/tags?post=77251"}],"curies":[{"name":"wp","href":"https:\/\/api.w.org\/{rel}","templated":true}]}}