{"id":77245,"date":"2024-11-22T15:34:51","date_gmt":"2024-11-22T18:34:51","guid":{"rendered":"https:\/\/ismaelcolosi.com.br\/?p=77245"},"modified":"2024-11-22T15:35:49","modified_gmt":"2024-11-22T18:35:49","slug":"vagas-para-operador-comercial-nas-americanas-confira","status":"publish","type":"post","link":"https:\/\/ismaelcolosi.com.br\/index.php\/2024\/11\/22\/vagas-para-operador-comercial-nas-americanas-confira\/","title":{"rendered":"Vagas para Operador Comercial nas Americanas, Confira"},"content":{"rendered":"<p><strong>\ud83d\udd25Entrevista 23\/11 \ud83d\udd25<\/strong><\/p>\n<p><strong>VAGAS:<\/strong><\/p>\n<p><strong>Operador Comercial(Fixas) <\/strong><br \/>\n<strong>Operador comercial (tempor\u00e1rio)<\/strong><\/p>\n<p>Comparecer na Americanas, R. Gen. Os\u00f3rio, 470. Avisar que foi encaminhado por Ismael Colosi (Agrade\u00e7o aos 530 votos recebidos para vereador, muito obrigado). Procurar por Jessica. as 9h as 12h<\/p>\n<p id=\"block-e4e2e034-3313-4a89-80a5-d3801aac4a05\"><strong>\u26a0\ufe0fTRABALHO DESENVOLVIDO DESDE 2014<br \/>\n\u26a0\ufe0fSER\u00c1 ENTREVISTA DE EMPREGO<br \/>\n\u26a0\ufe0fN\u00c3O \u00c9 EMPREGO GARANTIDO<br \/>\n<\/strong><\/p>\n<div class='code-block code-block-4' style='margin: 8px auto 8px 0; text-align: left; display: block; clear: both;'>\n\ud83d\udce2 Aviso Legal\n\nO site ismaelcolosi.com.br atua apenas como um canal de divulga\u00e7\u00e3o de oportunidades de emprego e n\u00e3o se responsabiliza pelo processo seletivo, contrata\u00e7\u00e3o ou qualquer outra etapa relacionada \u00e0s vagas publicadas. Todas as informa\u00e7\u00f5es s\u00e3o de responsabilidade dos anunciantes.\n\n\u26a0\ufe0f Aten\u00e7\u00e3o! Nunca pague por promessas de emprego nem compre cursos que garantam contrata\u00e7\u00e3o. Desconfie de qualquer cobran\u00e7a para participar de sele\u00e7\u00f5es.\n\n\n\n<\/div>\n<!-- CONTENT END 1 -->\n","protected":false},"excerpt":{"rendered":"<p>\ud83d\udd25Entrevista 23\/11 \ud83d\udd25 VAGAS: Operador Comercial(Fixas) Operador comercial (tempor\u00e1rio) Comparecer na Americanas, R. Gen. Os\u00f3rio, 470. Avisar que foi encaminhado por Ismael Colosi (Agrade\u00e7o aos&#8230;<\/p>\n","protected":false},"author":5,"featured_media":77248,"comment_status":"open","ping_status":"open","sticky":false,"template":"","format":"standard","meta":{"_uag_custom_page_level_css":"","advanced_seo_description":"","jetpack_seo_html_title":"","jetpack_seo_noindex":false,"jetpack_post_was_ever_published":false,"_jetpack_newsletter_access":"","_jetpack_dont_email_post_to_subs":false,"_jetpack_newsletter_tier_id":0,"_jetpack_memberships_contains_paywalled_content":false,"_jetpack_memberships_contains_paid_content":false,"footnotes":"","jetpack_publicize_message":"","jetpack_publicize_feature_enabled":true,"jetpack_social_post_already_shared":true,"jetpack_social_options":{"image_generator_settings":{"template":"highway","default_image_id":0,"font":"","enabled":false},"version":2}},"categories":[5911],"tags":[],"class_list":["post-77245","post","type-post","status-publish","format-standard","has-post-thumbnail","hentry","category-entrevistas-agendadas-para-hoje-em-ribeirao-preto-sp"],"jetpack_publicize_connections":[],"jetpack_featured_media_url":"https:\/\/i0.wp.com\/ismaelcolosi.com.br\/wp-content\/uploads\/2024\/11\/woman-working-warehouse-scaled.jpg?fit=2560%2C1586&ssl=1","uagb_featured_image_src":{"full":["https:\/\/i0.wp.com\/ismaelcolosi.com.br\/wp-content\/uploads\/2024\/11\/woman-working-warehouse-scaled.jpg?fit=2560%2C1586&ssl=1",2560,1586,false],"thumbnail":["https:\/\/i0.wp.com\/ismaelcolosi.com.br\/wp-content\/uploads\/2024\/11\/woman-working-warehouse-scaled.jpg?resize=150%2C150&ssl=1",150,150,true],"medium":["https:\/\/i0.wp.com\/ismaelcolosi.com.br\/wp-content\/uploads\/2024\/11\/woman-working-warehouse-scaled.jpg?fit=300%2C186&ssl=1",300,186,true],"medium_large":["https:\/\/i0.wp.com\/ismaelcolosi.com.br\/wp-content\/uploads\/2024\/11\/woman-working-warehouse-scaled.jpg?fit=768%2C476&ssl=1",768,476,true],"large":["https:\/\/i0.wp.com\/ismaelcolosi.com.br\/wp-content\/uploads\/2024\/11\/woman-working-warehouse-scaled.jpg?fit=1024%2C634&ssl=1",1024,634,true],"1536x1536":["https:\/\/i0.wp.com\/ismaelcolosi.com.br\/wp-content\/uploads\/2024\/11\/woman-working-warehouse-scaled.jpg?fit=1536%2C952&ssl=1",1536,952,true],"2048x2048":["https:\/\/i0.wp.com\/ismaelcolosi.com.br\/wp-content\/uploads\/2024\/11\/woman-working-warehouse-scaled.jpg?fit=2048%2C1269&ssl=1",2048,1269,true],"really-simple-thumb":["https:\/\/i0.wp.com\/ismaelcolosi.com.br\/wp-content\/uploads\/2024\/11\/woman-working-warehouse-scaled.jpg?resize=370%2C247&ssl=1",370,247,true]},"uagb_author_info":{"display_name":"Arthur Tijolo","author_link":"https:\/\/ismaelcolosi.com.br\/index.php\/author\/autor-2024\/"},"uagb_comment_info":0,"uagb_excerpt":"\ud83d\udd25Entrevista 23\/11 \ud83d\udd25 VAGAS: Operador Comercial(Fixas) Operador comercial (tempor\u00e1rio) Comparecer na Americanas, R. Gen. Os\u00f3rio, 470. Avisar que foi encaminhado por Ismael Colosi (Agrade\u00e7o aos...","jetpack-related-posts":[{"id":77319,"url":"https:\/\/ismaelcolosi.com.br\/index.php\/2024\/11\/23\/entrevista-nas-lojas-americanas-em-ribeirao-preto-sp-dia-25-11\/","url_meta":{"origin":77245,"position":0},"title":"Entrevista nas lojas Americanas em Ribeir\u00e3o Preto-SP, dia 25\/11","author":"ismaelcolosi.com.br","date":"23 de November de 2024","format":false,"excerpt":"Anote o Endere\u00e7o e Hor\u00e1rio:\u00a0\u00a0Ribeir\u00e3o Preto |\u00a0\u00a025 de Novembro 2024 (Segunda-Feira). Chegue com pelo menos 15 minutos de anteced\u00eancia para garantir a sua vaga e estar preparado para as oportunidades! Traga Seu Curr\u00edculo Atualizado:\u00a0\u00c9 essencial ter um curr\u00edculo bem elaborado para destacar suas habilidades e experi\u00eancias. Vista-se de Forma Profissional:\u00a0A\u2026","rel":"","context":"In &quot;Entrevistas agendadas para hoje em Ribeir\u00e3o Preto-SP&quot;","block_context":{"text":"Entrevistas agendadas para hoje em Ribeir\u00e3o Preto-SP","link":"https:\/\/ismaelcolosi.com.br\/index.php\/category\/empregos-classificados-vagas-trabalho\/vagas-de-empregos-em-ribeirao-preto-regiao-brasil\/entrevistas-agendadas-para-hoje-em-ribeirao-preto-sp\/"},"img":{"alt_text":"","src":"https:\/\/i0.wp.com\/ismaelcolosi.com.br\/wp-content\/uploads\/2024\/11\/1731724254_cropped-vagas-abertas-azul_widelg.jpg?fit=512%2C512&ssl=1&resize=350%2C200","width":350,"height":200},"classes":[]},{"id":80799,"url":"https:\/\/ismaelcolosi.com.br\/index.php\/2025\/01\/03\/entrevista-nas-lojas-americanas-em-ribeirao-preto-sp-dia-25-11-2-2-2-2-2-2-2\/","url_meta":{"origin":77245,"position":1},"title":"Entrevista nas lojas Americanas em Ribeir\u00e3o Preto-SP, dia 3\/1; n\u00e3o precisa de experi\u00eancia","author":"ismaelcolosi.com.br","date":"3 de January de 2025","format":false,"excerpt":"Anote o Endere\u00e7o e Hor\u00e1rio:\u00a0\u00a0Ribeir\u00e3o Preto |\u00a0 Chegue com pelo menos 15 minutos de anteced\u00eancia para garantir a sua vaga e estar preparado para as oportunidades! Traga Seu Curr\u00edculo Atualizado:\u00a0\u00c9 essencial ter um curr\u00edculo bem elaborado para destacar suas habilidades e experi\u00eancias. Vista-se de Forma Profissional:\u00a0A primeira impress\u00e3o conta! Use\u2026","rel":"","context":"In &quot;Blog&quot;","block_context":{"text":"Blog","link":"https:\/\/ismaelcolosi.com.br\/index.php\/category\/blog\/"},"img":{"alt_text":"","src":"https:\/\/i0.wp.com\/ismaelcolosi.com.br\/wp-content\/uploads\/2024\/11\/1731724254_cropped-vagas-abertas-azul_widelg.jpg?fit=512%2C512&ssl=1&resize=350%2C200","width":350,"height":200},"classes":[]},{"id":78860,"url":"https:\/\/ismaelcolosi.com.br\/index.php\/2024\/12\/10\/entrevista-nas-lojas-americanas-em-ribeirao-preto-sp-dia-25-11-2\/","url_meta":{"origin":77245,"position":2},"title":"Entrevista nas lojas Americanas em Ribeir\u00e3o Preto-SP, dia 10\/12","author":"ismaelcolosi.com.br","date":"10 de December de 2024","format":false,"excerpt":"Anote o Endere\u00e7o e Hor\u00e1rio:\u00a0\u00a0Ribeir\u00e3o Preto |\u00a0 10\/12\/2024. Chegue com pelo menos 15 minutos de anteced\u00eancia para garantir a sua vaga e estar preparado para as oportunidades! Traga Seu Curr\u00edculo Atualizado:\u00a0\u00c9 essencial ter um curr\u00edculo bem elaborado para destacar suas habilidades e experi\u00eancias. Vista-se de Forma Profissional:\u00a0A primeira impress\u00e3o conta!\u2026","rel":"","context":"In &quot;Entrevistas agendadas para hoje em Ribeir\u00e3o Preto-SP&quot;","block_context":{"text":"Entrevistas agendadas para hoje em Ribeir\u00e3o Preto-SP","link":"https:\/\/ismaelcolosi.com.br\/index.php\/category\/empregos-classificados-vagas-trabalho\/vagas-de-empregos-em-ribeirao-preto-regiao-brasil\/entrevistas-agendadas-para-hoje-em-ribeirao-preto-sp\/"},"img":{"alt_text":"","src":"https:\/\/i0.wp.com\/ismaelcolosi.com.br\/wp-content\/uploads\/2024\/11\/1731724254_cropped-vagas-abertas-azul_widelg.jpg?fit=512%2C512&ssl=1&resize=350%2C200","width":350,"height":200},"classes":[]},{"id":79329,"url":"https:\/\/ismaelcolosi.com.br\/index.php\/2024\/12\/15\/entrevista-nas-lojas-americanas-em-ribeirao-preto-sp-dia-25-11-2-2-2\/","url_meta":{"origin":77245,"position":3},"title":"Entrevista nas lojas Americanas em Ribeir\u00e3o Preto-SP, dia 16\/12","author":"ismaelcolosi.com.br","date":"15 de December de 2024","format":false,"excerpt":"Anote o Endere\u00e7o e Hor\u00e1rio:\u00a0\u00a0Ribeir\u00e3o Preto |\u00a0 16\/12\/2024. Chegue com pelo menos 15 minutos de anteced\u00eancia para garantir a sua vaga e estar preparado para as oportunidades! Traga Seu Curr\u00edculo Atualizado:\u00a0\u00c9 essencial ter um curr\u00edculo bem elaborado para destacar suas habilidades e experi\u00eancias. Vista-se de Forma Profissional:\u00a0A primeira impress\u00e3o conta!\u2026","rel":"","context":"In &quot;Entrevistas agendadas para hoje em Ribeir\u00e3o Preto-SP&quot;","block_context":{"text":"Entrevistas agendadas para hoje em Ribeir\u00e3o Preto-SP","link":"https:\/\/ismaelcolosi.com.br\/index.php\/category\/empregos-classificados-vagas-trabalho\/vagas-de-empregos-em-ribeirao-preto-regiao-brasil\/entrevistas-agendadas-para-hoje-em-ribeirao-preto-sp\/"},"img":{"alt_text":"","src":"https:\/\/i0.wp.com\/ismaelcolosi.com.br\/wp-content\/uploads\/2024\/11\/1731724254_cropped-vagas-abertas-azul_widelg.jpg?fit=512%2C512&ssl=1&resize=350%2C200","width":350,"height":200},"classes":[]},{"id":79461,"url":"https:\/\/ismaelcolosi.com.br\/index.php\/2024\/12\/16\/entrevista-nas-lojas-americanas-em-ribeirao-preto-sp-dia-25-11-2-2-2-2\/","url_meta":{"origin":77245,"position":4},"title":"Entrevista nas lojas Americanas em Ribeir\u00e3o Preto-SP, dia 17\/12","author":"ismaelcolosi.com.br","date":"16 de December de 2024","format":false,"excerpt":"Anote o Endere\u00e7o e Hor\u00e1rio:\u00a0\u00a0Ribeir\u00e3o Preto |\u00a0 17\/12\/2024. Chegue com pelo menos 15 minutos de anteced\u00eancia para garantir a sua vaga e estar preparado para as oportunidades! Traga Seu Curr\u00edculo Atualizado:\u00a0\u00c9 essencial ter um curr\u00edculo bem elaborado para destacar suas habilidades e experi\u00eancias. Vista-se de Forma Profissional:\u00a0A primeira impress\u00e3o conta!\u2026","rel":"","context":"In &quot;Entrevistas agendadas para hoje em Ribeir\u00e3o Preto-SP&quot;","block_context":{"text":"Entrevistas agendadas para hoje em Ribeir\u00e3o Preto-SP","link":"https:\/\/ismaelcolosi.com.br\/index.php\/category\/empregos-classificados-vagas-trabalho\/vagas-de-empregos-em-ribeirao-preto-regiao-brasil\/entrevistas-agendadas-para-hoje-em-ribeirao-preto-sp\/"},"img":{"alt_text":"","src":"https:\/\/i0.wp.com\/ismaelcolosi.com.br\/wp-content\/uploads\/2024\/11\/1731724254_cropped-vagas-abertas-azul_widelg.jpg?fit=512%2C512&ssl=1&resize=350%2C200","width":350,"height":200},"classes":[]},{"id":79608,"url":"https:\/\/ismaelcolosi.com.br\/index.php\/2024\/12\/17\/entrevista-nas-lojas-americanas-em-ribeirao-preto-sp-dia-25-11-2-2-2-2-2\/","url_meta":{"origin":77245,"position":5},"title":"Entrevista nas lojas Americanas em Ribeir\u00e3o Preto-SP, dia 18\/12","author":"ismaelcolosi.com.br","date":"17 de December de 2024","format":false,"excerpt":"Anote o Endere\u00e7o e Hor\u00e1rio:\u00a0\u00a0Ribeir\u00e3o Preto |\u00a0 18\/12\/2024. Chegue com pelo menos 15 minutos de anteced\u00eancia para garantir a sua vaga e estar preparado para as oportunidades! Traga Seu Curr\u00edculo Atualizado:\u00a0\u00c9 essencial ter um curr\u00edculo bem elaborado para destacar suas habilidades e experi\u00eancias. Vista-se de Forma Profissional:\u00a0A primeira impress\u00e3o conta!\u2026","rel":"","context":"In &quot;Entrevistas agendadas para hoje em Ribeir\u00e3o Preto-SP&quot;","block_context":{"text":"Entrevistas agendadas para hoje em Ribeir\u00e3o Preto-SP","link":"https:\/\/ismaelcolosi.com.br\/index.php\/category\/empregos-classificados-vagas-trabalho\/vagas-de-empregos-em-ribeirao-preto-regiao-brasil\/entrevistas-agendadas-para-hoje-em-ribeirao-preto-sp\/"},"img":{"alt_text":"","src":"https:\/\/i0.wp.com\/ismaelcolosi.com.br\/wp-content\/uploads\/2024\/11\/1731724254_cropped-vagas-abertas-azul_widelg.jpg?fit=512%2C512&ssl=1&resize=350%2C200","width":350,"height":200},"classes":[]}],"jetpack_sharing_enabled":true,"jetpack_shortlink":"https:\/\/wp.me\/pfMlyK-k5T","_links":{"self":[{"href":"https:\/\/ismaelcolosi.com.br\/index.php\/wp-json\/wp\/v2\/posts\/77245","targetHints":{"allow":["GET"]}}],"collection":[{"href":"https:\/\/ismaelcolosi.com.br\/index.php\/wp-json\/wp\/v2\/posts"}],"about":[{"href":"https:\/\/ismaelcolosi.com.br\/index.php\/wp-json\/wp\/v2\/types\/post"}],"author":[{"embeddable":true,"href":"https:\/\/ismaelcolosi.com.br\/index.php\/wp-json\/wp\/v2\/users\/5"}],"replies":[{"embeddable":true,"href":"https:\/\/ismaelcolosi.com.br\/index.php\/wp-json\/wp\/v2\/comments?post=77245"}],"version-history":[{"count":2,"href":"https:\/\/ismaelcolosi.com.br\/index.php\/wp-json\/wp\/v2\/posts\/77245\/revisions"}],"predecessor-version":[{"id":77250,"href":"https:\/\/ismaelcolosi.com.br\/index.php\/wp-json\/wp\/v2\/posts\/77245\/revisions\/77250"}],"wp:featuredmedia":[{"embeddable":true,"href":"https:\/\/ismaelcolosi.com.br\/index.php\/wp-json\/wp\/v2\/media\/77248"}],"wp:attachment":[{"href":"https:\/\/ismaelcolosi.com.br\/index.php\/wp-json\/wp\/v2\/media?parent=77245"}],"wp:term":[{"taxonomy":"category","embeddable":true,"href":"https:\/\/ismaelcolosi.com.br\/index.php\/wp-json\/wp\/v2\/categories?post=77245"},{"taxonomy":"post_tag","embeddable":true,"href":"https:\/\/ismaelcolosi.com.br\/index.php\/wp-json\/wp\/v2\/tags?post=77245"}],"curies":[{"name":"wp","href":"https:\/\/api.w.org\/{rel}","templated":true}]}}