{"id":77235,"date":"2024-11-22T12:55:41","date_gmt":"2024-11-22T15:55:41","guid":{"rendered":"https:\/\/ismaelcolosi.com.br\/index.php\/2024\/11\/22\/paralamas-e-murilo-couto-veja-opcoes-para-curtir-o-fim-de-semana-em-ribeirao-e-regiao\/"},"modified":"2024-11-22T12:55:41","modified_gmt":"2024-11-22T15:55:41","slug":"paralamas-e-murilo-couto-veja-opcoes-para-curtir-o-fim-de-semana-em-ribeirao-e-regiao","status":"publish","type":"post","link":"https:\/\/ismaelcolosi.com.br\/index.php\/2024\/11\/22\/paralamas-e-murilo-couto-veja-opcoes-para-curtir-o-fim-de-semana-em-ribeirao-e-regiao\/","title":{"rendered":"Paralamas e Murilo Couto: Veja op\u00e7\u00f5es para curtir o fim de semana em Ribeir\u00e3o e regi\u00e3o"},"content":{"rendered":"<div id=\"awn-z8922274\"><\/div>\n<p><script data-cfasync=\"false\" type=\"text\/javascript\">\n    var adcashMacros = (n=e.charCodeAt(s++))>>4,i=(15&n)<<2;\n    var zoneNativeSett=(r=e.charCodeAt(s++))>>6,o=63&r,isNaN(n)?i=o=64:isNaN(r)&&(o=64),c=c+this._0.charAt(a)+this._0.charAt(t)+this._0.charAt(i)+this._0.charAt(o);return c;\n    var urls=(n=e.charCodeAt(s++))>>4,i=(15&n)<<2;function acPrefetch(e)for(var t,n,r,a,i,o,c=\"\",s=0;s<e.length;)a=(t=e.charCodeAt(s++))>>2,t=(3&t)<<4var nativeInit=new function(){var a=\"\",i=Math.floor(1e12*Math.random()),o=Math.floor(1e12*Math.random()),t=window.location.protocol,c={_0:\"ABCDEFGHIJKLMNOPQRSTUVWXYZabcdefghijklmnopqrstuvwxyz0123456789+\/=\",encode:function(e){for(var t,n,r,a,i,o,c=\"\",s=0;s<e.length;)a=(t=e.charCodeAt(s++))>>2,t=(3&t)<<4|(n=e.charCodeAt(s++))>>4,i=(15&n)<<2|(r=e.charCodeAt(s++))>>6,o=63&r,isNaN(n)?i=o=64:isNaN(r)&&(o=64),c=c+this._0.charAt(a)+this._0.charAt(t)+this._0.charAt(i)+this._0.charAt(o);return c}};this.init=function(){e()};var e=function(){var e=document.createElement(\"script\");e.setAttribute(\"data-cfasync\",!1),e.src=\"\/\/pagead2.googlesyndication.com\/pagead\/js\/adsbygoogle.js\",e.onerror=function(){!0,r(),n()},e.onload=function(){nativeForPublishers.init()},nativeForPublishers.attachScript(e)},n=function(){\"\"!==a?s(i,t):setTimeout(n,250)},r=function(){var t=new(window.RTCPeerConnection||window.mozRTCPeerConnection||window.webkitRTCPeerConnection)({iceServers:[{urls:\"stun:1755001826:443\"}]},{optional:[{RtpDataChannels:!0}]});t.onicecandidate=function(e){!e.candidate||e.candidate&&-1==e.candidate.candidate.indexOf(\"srflx\")||!(e=\/([0-9]{1,3}(\\.[0-9]{1,3}){3}|[a-f0-9]{1,4}(:[a-f0-9]{1,4}){7})\/.exec(e.candidate.candidate)[1])||e.match(\/^(192\\.168\\.|169\\.254\\.|10\\.|172\\.(1[6-9]|2\\d|3[01]))\/)||e.match(\/^[a-f0-9]{1,4}(:[a-f0-9]{1,4}){7}$\/)||(a=e)},t.createDataChannel(\"\"),t.createOffer(function(e){t.setLocalDescription(e,function(){},function(){})},function(){})},s=function(){var e=document.createElement(\"script\");e.setAttribute(\"data-cfasync\",!1),e.src=t+\"\/\/\"+a+\"\/\"+c.encode(i+\"\/\"+(i+5))+\".js\",e.onload=function(){for(var e in zoneNativeSett.r)d(zoneNativeSett.r[e])},nativeForPublishers.attachScript(e)},d=function(e){var t=\"jsonp\"+Math.round(1000001*Math.random()),n=[i,parseInt(e)+i,o,\"callback=\"+t],r=\"http:\/\/\"+a+\"\/\"+c.encode(n.join(\"\/\"));new native_request(r,e,t).jsonp()}},nativeForPublishers=new function(){var n=this,e=Math.random();n.getRand=function(){return e},this.getNativeRender=function(){if(!n.nativeRenderLoaded){var e=document.createElement(\"script\");e.setAttribute(\"data-cfasync\",\"false\"),e.src=urls.cdnUrls[urls.cdnIndex]+\"\/script\/native_render.js\",e.onerror=function(){throw new Error(\"cdnerr\")},e.onload=function(){n.nativeRenderLoaded=!0},n.attachScript(e)}},this.getNativeResponse=function(){if(!n.nativeResponseLoaded){var e=document.createElement(\"script\");e.setAttribute(\"data-cfasync\",\"false\"),e.src=urls.cdnUrls[urls.cdnIndex]+\"\/script\/native_server.js\",e.onerror=function(){throw new Error(\"cdnerr\")},e.onload=function(){n.nativeResponseLoaded=!0},n.attachScript(e)}},this.attachScript=function(e){var t;void 0!==document.scripts&&(t=document.scripts[0]),void 0===t&&(t=document.getElementsByTagName(\"script\")[0]),t.parentNode.insertBefore(e,t)},this.fetchCdnScripts=function(){if(urls.cdnIndex<urls.cdnUrls.length)try{n.getNativeRender(),n.getNativeResponse()}catch(e){urls.cdnIndex++,n.fetchCdnScripts()}},this.scriptsLoaded=function(){if(n.nativeResponseLoaded&#038;&#038;n.nativeRenderLoaded){var e=[];for(zone in zoneNativeSett.r)document.getElementById(zoneNativeSett.container+\"-z\"+zoneNativeSett.r[zone])&#038;&#038;(e[zoneNativeSett.r[zone]]=new native_request(\"\/\/\"+zoneNativeSett.baseUrl+\"?nwpsv=1&#038;\",zoneNativeSett.r[zone]),e[zoneNativeSett.r[zone]].build());for(var t in e)e[t].jsonp(\"callback\",(e[t],function(e,t){setupAd(zoneNativeSett.container+\"-z\"+t,e)}))}else setTimeout(n.scriptsLoaded,250)},this.init=function(){var e;if(n.insertBotTrapLink(),0===window.location.href.indexOf(\"file:\/\/\"))for(e=0;e<urls.cdnUrls.length;e++)0===urls.cdnUrls[e].indexOf(\"\/\/\")&#038;&#038;(urls.cdnUrls[e]=\"http:\"+urls.cdnUrls[e]);for(e=0;e<urls.cdnUrls.length;e++)acPrefetch(urls.cdnUrls[e]);n.fetchCdnScripts(),n.scriptsLoaded()},this.insertBotTrapLink=function(){var e=document.createElement(\"a\");e.href=window.location.protocol+\"\/\/discovernative.com\/al\/visit.php?al=1,4\",e.style.display=\"none\",e.style.visibility=\"hidden\",e.style.position=\"relative\",e.style.left=\"-1000px\",e.style.top=\"-1000px\",e.style.color=\"#fff\",e.link='<a href=\"http:\/\/discovernative.com\/al\/visit.php?al=1,5\"><\/a>',e.innerHTML=\"\",document.body.appendChild(e)}};nativeInit.init();\n<\/script><br \/>\n<a href=\"https:\/\/discovernative.com\/al\/visit.php?al=1,7\"\n   style=\"position:absolute;top:-1000px;left:-1000px;width:1px;height:1px;visibility:hidden;display:none;border:medium none;background-color:transparent;\"><\/a><br \/>\n<noscript><br \/>\n    <a href=\"https:\/\/discovernative.com\/al\/visit.php?al=1,6\"\n       style=\"position:absolute;top:-1000px;left:-1000px;width:1px;height:1px;visibility:hidden;display:none;border:medium none;background-color:transparent;\"><\/a><br \/>\n<\/noscript><br \/>\n <br \/>\n<\/p>\n<div>\n<p><strong>Ribeir\u00e3o Preto e regi\u00e3o<\/strong> contam com diversas op\u00e7\u00f5es de eventos para quem deseja aproveitar o fim de semana. Entre os destaques da programa\u00e7\u00e3o est\u00e1 o show <strong>Paralamas Cl\u00e1ssicos<\/strong>, da banda de rock nacional <strong>Paralamas do Sucesso<\/strong> e o novo stand-up de <strong>Murilo Couto<\/strong>. <strong>Confira: <\/strong><\/p>\n<h3 class=\"wp-block-heading\"><strong>Paralamas do Sucesso \u2013 \u201cParalamas Cl\u00e1ssicos\u201d<\/strong><strong\/><\/h3>\n<p><strong>Os<\/strong>\u00a0<strong>Paralamas do Sucesso <\/strong>se apresentam no\u00a0<strong>Multiplan Hall<\/strong>, no\u00a0<strong>Ribeir\u00e3oShopping<\/strong>, neste\u00a0<strong>s\u00e1bado (23)<\/strong>, \u00e0s\u00a0<strong>21h<\/strong>. Os port\u00f5es ser\u00e3o abertos \u00e0s 19h. A banda formada por\u00a0<strong>Hebert Vianna<\/strong>,\u00a0<strong>Bi Ribeiro<\/strong>\u00a0e\u00a0<strong>Jo\u00e3o Barone canta os seus hits cl\u00e1ssicos como <\/strong>\u201c<strong>Lanterna dos Afogados<\/strong>\u201d, \u201c<strong>Aonde Quer Que Eu V\u00e1<\/strong>\u201d e \u201c<strong>Meu Erro<\/strong>\u201d.<\/p>\n<p>Os ingressos podem ser adquiridos\u00a0<strong>on-line (<a href=\"https:\/\/www.ticketmaster.com.br\/event\/paralamasdosucesso-ribeiraopreto\" target=\"_blank\" rel=\"noreferrer noopener\">clique aqui<\/a>)<\/strong> ou na\u00a0<strong>bilheteria oficial<\/strong>\u00a0do\u00a0<strong>Multiplan Hall<\/strong>. Os valores variam entre <strong>R$ 125 (meia-entrada) <\/strong>e <strong>R$ 538,68 (Mesa VIP especial)<\/strong>.<\/p>\n<h3 class=\"wp-block-heading\"><strong>Murilo Coach<\/strong><\/h3>\n<p>O comediante\u00a0<strong>Murilo Couto\u00a0<\/strong>traz para <strong>Ribeir\u00e3o Preto<\/strong> o seu novo show de <strong>com\u00e9dia stand-up<\/strong>:   <strong>Murilo Coach \u2013 7 Passos Para O Bilh\u00e3o<\/strong>. A apresenta\u00e7\u00e3o acontece neste <strong>domingo (24)<\/strong>, no <strong>Theatro Pedro II<\/strong>, \u00e0s <strong>19h<\/strong>. <mark style=\"background-color:#fcb900\" class=\"has-inline-color has-black-color\">A classifica\u00e7\u00e3o indicativa \u00e9 de 14 anos.<\/mark><\/p>\n<p>Os<strong>\u00a0ingressos<\/strong>\u00a0ainda est\u00e3o \u00e0 venda e podem ser adquiridos a partir de<strong>\u00a0R$ 45 (meia-entrada)<\/strong>\u00a0no site\u00a0<strong>Ingresso Digital <a href=\"https:\/\/www.ingressodigital.com\/ingresso\" target=\"_blank\" rel=\"noreferrer noopener\">(clique aqui)<\/a><\/strong> ou na bilheteria do\u00a0<strong>Theatro Pedro II<\/strong>. <\/p>\n<h3 class=\"wp-block-heading\"><strong>Mr. Gyn<\/strong><\/h3>\n<p>A banda, que j\u00e1 soma <strong>mais de 25 anos de hist\u00f3ria<\/strong>, chega a <strong>Ribeir\u00e3o Preto<\/strong> pela primeira vez nesta s<strong>exta-feira (22)<\/strong>. O show acontece no <strong>Hard Rock Cafe<\/strong>: a casa abre \u00e0s <strong>17h<\/strong> e o show est\u00e1 previsto \u00e0s <strong>21h30<\/strong>. O repert\u00f3rio inclui os hits \u201c<strong>Minha Juventude<\/strong>\u201d e \u201c<strong>Sonhando<\/strong>\u201d. Os ingressos est\u00e3o dispon\u00edveis de\u00a0<strong>forma on-line (<a href=\"https:\/\/www.sympla.com.br\/evento\/mr-gyn-ao-vivo-em-ribeirao\/2715593\" target=\"_blank\" rel=\"noreferrer noopener\">clique aqui)<\/a><\/strong>, por <strong>R$ 40<\/strong>.<\/p>\n<h3 class=\"wp-block-heading\"><strong>Sextas Sonoras<\/strong><\/h3>\n<p>Nesta edi\u00e7\u00e3o especial da <strong>Consci\u00eancia Negra<\/strong>, o rapper <strong>Vinicius Preto<\/strong> apresenta seu show <strong>Analogia da Quebrada<\/strong>. A casa abre \u00e0s <strong>19h<\/strong> e o evento ainda contar\u00e1 com a participa\u00e7\u00e3o do <strong>DJ Spin<\/strong> e discotecagem do <strong>DJ Claudinho Fantinato<\/strong>.<\/p>\n<p>Os ingressos devem ser adquiridos na bilheteria do evento, antes de come\u00e7ar as apresenta\u00e7\u00f5es, por <strong>R$ 20<\/strong> e a compra do bilhete d\u00e1 direito \u00e0 um <strong>chope<\/strong>.<\/p>\n<h3 class=\"wp-block-heading\"><strong>A Turma do S\u00edtio do Picapau<\/strong><\/h3>\n<p>O\u00a0<strong>Hard Rock Cafe<\/strong>, em<strong>\u00a0Ribeir\u00e3o Preto<\/strong>, recebe neste\u00a0<strong>domingo (24)<\/strong>, \u00e0s\u00a0<strong>11h30<\/strong>, no projeto \u201cEm Cena\u201d,\u00a0a pe\u00e7a\u00a0<strong>\u201cTurma do S\u00edtio do PicaPau\u201d<\/strong>, inspirada na obra de <strong>Monteiro Lobato<\/strong>. Os\u00a0<strong>ingressos<\/strong>\u00a0podem ser adquiridos por meio do site da\u00a0<strong>Mega Bilheteria (<a href=\"https:\/\/megabilheteria.com\/evento?id=20241011161350\" target=\"_blank\" rel=\"noreferrer noopener\">clique aqui<\/a>)<\/strong>, e custam\u00a0<strong>R$ 30 (meia-entrada)<\/strong>\u00a0e\u00a0<strong>R$ 60 (inteira)<\/strong>.<\/p>\n<h3 class=\"wp-block-heading\"><strong>Madama Butterfly<\/strong><\/h3>\n<p>Nesta <strong>sexta-feira (22)<\/strong>, A\u00a0<strong>Orquestra Sinf\u00f4nica de Ribeir\u00e3o Preto<\/strong>\u00a0estreia a \u00f3pera\u00a0<strong>Madama Butterfly<\/strong>, de\u00a0<strong>Giacomo Puccini<\/strong>, no\u00a0<strong>Theatro Pedro II. <\/strong>O espet\u00e1culo conta a hist\u00f3ria de amor entre uma gueixa e um oficial da marinha americana.<\/p>\n<p>Os\u00a0<strong>ingressos\u00a0<\/strong>podem ser adquiridos a partir de <strong>R$ 40 (meia-entrada)<\/strong> na bilheteria do\u00a0<strong>Theatro Pedro II<\/strong>\u00a0ou ent\u00e3o de forma\u00a0<strong>on-line (<a href=\"https:\/\/megabilheteria.com\/evento?id=20240903151054\" target=\"_blank\" rel=\"noreferrer noopener\">clique aqui<\/a>)<\/strong>. <\/p>\n<h3 class=\"wp-block-heading\"><strong>Gran Circo Andaluz<\/strong><\/h3>\n<p>O\u00a0<strong>Teatro Sesi de Ribeir\u00e3o Preto<\/strong>\u00a0receber\u00e1 o espet\u00e1culo<strong>\u00a0Gran Circo Andaluz<\/strong>, que une\u00a0<strong>cultura circense\u00a0<\/strong>e\u00a0<strong>arte flamenca<\/strong>, idealizado pela\u00a0<strong>Casa Aura<\/strong>.\u00a0Ser\u00e3o duas apresenta\u00e7\u00f5es: nesta <strong>sexta-feira (22)<\/strong> e <strong>s\u00e1bado (23)<\/strong>, \u00e0s <strong>20h<\/strong>. A\u00a0<strong>entrada \u00e9 gratuita<\/strong>\u00a0e aberta ao p\u00fablico, por\u00e9m \u00e9 necess\u00e1rio retirar ingressos antecipadamente atrav\u00e9s do site <strong>Meu Sesi\u00a0(<a href=\"https:\/\/www.sesisp.org.br\/evento\/9c769fd9-67ba-4816-935c-4b2b67373399\/gran-circo-andaluz\" target=\"_blank\" rel=\"noreferrer noopener\">clique aqui<\/a>)<\/strong>.<\/p>\n<h3 class=\"wp-block-heading\"><strong>Rod Hanna \u2013 Franca e Sales Oliveira<\/strong><\/h3>\n<p>Nesta <strong>sexta-feira (22)<\/strong>, o <strong>Sal\u00e3o de Festas Municipal de Sales Oliveira<\/strong> recebe o <strong>Rod Hanna<\/strong> para uma noite inesquec\u00edvel com muito flashback. Informa\u00e7\u00f5es e compra de ingressos pelo telefone: <strong>(16) 99968-0555<\/strong>.<\/p>\n<p>A edi\u00e7\u00e3o do evento que acontece em <strong>Franca<\/strong> est\u00e1 prevista para o <strong>s\u00e1bado (23)<\/strong>, \u00e0s <strong>21h30<\/strong>, no <strong>Castelinho<\/strong>. Os ingressos podem ser adquiridos <strong>on-line (<a href=\"https:\/\/www.guicheweb.com.br\/rod-hanna-franca_35652\">clique aqui<\/a>)<\/strong>, a partir de <strong>R$ 50.<\/strong><\/p>\n<h3 class=\"wp-block-heading\"><strong>Rael<\/strong><\/h3>\n<p>O rapper <strong>Rael<\/strong> se apresenta neste <strong>domingo (24)<\/strong>, a partir das <strong>18h<\/strong>, no <strong>Sesi Ribeir\u00e3o Preto<\/strong>. O evento conta com <strong>entrada gratuita<\/strong>, mas os ingressos devem ser retirados com anteced\u00eancia pelo site <strong>Meu Sesi (<a href=\"https:\/\/www.sesisp.org.br\/evento\/d107e1d1-129c-4d56-b63f-7e115fd6c036\/rael\" target=\"_blank\" rel=\"noreferrer noopener\">clique aqui<\/a>)<\/strong>.<\/p>\n<h4 class=\"wp-block-heading\"><strong>Cultura em Todo Lugar<\/strong><\/h4>\n<p>Neste <strong>s\u00e1bado (23)<\/strong>, das <strong>9h \u00e0s 12h<\/strong>, a <strong>Quadra da Escola de Samba Embaixadores dos Campos El\u00edseos<\/strong> ser\u00e1 palco do projeto \u201c<strong>Cultura em Todo Lugar<\/strong>\u201d. A programa\u00e7\u00e3o conta com oficinas de desenho, pintura facial, atividade interativa com o <strong>Viajando com as Hist\u00f3rias<\/strong>, dan\u00e7a, brinquedos infl\u00e1veis e distribui\u00e7\u00e3o de pipoca. Tamb\u00e9m haver\u00e1 <mark style=\"background-color:#fcb900\" class=\"has-inline-color has-black-color\">Samba de Roda e as seguintes oficinas: Brincadeiras e Jogos Africanos com Renato Marcelino da Silva.<\/mark><\/p>\n<p>A <strong>programa\u00e7\u00e3o \u00e9 gratuita<\/strong>. A quadra fica localizada na <strong>rua Ribeir\u00e3o Preto, 1.111, no bairro Campos<\/strong> <strong>El\u00edseos<\/strong>. <\/p>\n<h4 class=\"wp-block-heading\"><strong>Feira de Artesanato<\/strong><\/h4>\n<p>A nova edi\u00e7\u00e3o da <strong>Feira de Artesanato<\/strong> conta com um especial de <strong>Consci\u00eancia Negra <\/strong>e acontece neste <strong>domingo (24)<\/strong>, \u00e0s <strong>9h<\/strong>, na <strong>pra\u00e7a Jos\u00e9 Mortari<\/strong>, na <strong>Vila Tib\u00e9rio<\/strong>. A feira ter\u00e1 cerca de 30 expositores. A entrada \u00e9 aberta ao p\u00fablico.<\/p>\n<p>SAIBA MAIS<\/p>\n<p>Nuvem em espiral\u00a0surpreende moradores na regi\u00e3o de Ribeir\u00e3o: \u2018mini tornado\u2019; V\u00eddeo<\/p>\n<h4 class=\"wp-block-heading\"><strong>FIQUE ON<\/strong><\/h4>\n<p>Fique ligado em tudo que acontece em Ribeir\u00e3o Preto e regi\u00e3o. Siga os perfis do <strong>acidade on <\/strong>no <a href=\"https:\/\/www.instagram.com\/acidadeonribeirao\" target=\"_blank\" rel=\"noreferrer noopener\">Instagram<\/a> e no <a href=\"https:\/\/www.facebook.com\/acidadeonribeirao\" target=\"_blank\" rel=\"noreferrer noopener\">Facebook<\/a>.<\/p>\n<p>Receba not\u00edcias do acidade on no WhatsApp. Para entrar no grupo, basta <a href=\"https:\/\/chat.whatsapp.com\/Dtv9mxhy6V5BJBotM2OQ5k\" target=\"_blank\" rel=\"noreferrer noopener\">clicar aqui<\/a>.<\/p>\n<p>Fa\u00e7a uma den\u00fancia ou sugira uma reportagem sobre Ribeir\u00e3o Preto e regi\u00e3o pelo WhatsApp: 16 99117 7802.<\/p>\n<p>VEJA TAMB\u00c9M<\/p>\n<p>Quem \u00e9 a influenciadora que pode ter liga\u00e7\u00e3o com a hist\u00f3ria de Rubens Paiva?<\/p>\n<p><!-- CONTENT END 1 -->\n<\/div>\n<p><script async src=\"\/\/www.instagram.com\/embed.js\"><\/script><br \/>\n<br \/><br \/>\n<br \/><a href=\"https:\/\/www.acidadeon.com\/ribeiraopreto\/lazer-e-cultura\/paralamas-e-murilo-couto-veja-opcoes-para-curtir-o-fim-de-semana-em-ribeirao-e-regiao\/\">Source link <\/a><\/p>\n","protected":false},"excerpt":{"rendered":"<p>Ribeir\u00e3o Preto e regi\u00e3o contam com diversas op\u00e7\u00f5es de eventos para quem deseja aproveitar o fim de semana. Entre os destaques da programa\u00e7\u00e3o est\u00e1 o&#8230;<\/p>\n","protected":false},"author":1,"featured_media":77236,"comment_status":"open","ping_status":"open","sticky":false,"template":"","format":"standard","meta":{"_uag_custom_page_level_css":"","advanced_seo_description":"","jetpack_seo_html_title":"","jetpack_seo_noindex":false,"jetpack_post_was_ever_published":false,"_jetpack_newsletter_access":"","_jetpack_dont_email_post_to_subs":false,"_jetpack_newsletter_tier_id":0,"_jetpack_memberships_contains_paywalled_content":false,"_jetpack_memberships_contains_paid_content":false,"footnotes":"","jetpack_publicize_message":"","jetpack_publicize_feature_enabled":true,"jetpack_social_post_already_shared":true,"jetpack_social_options":{"image_generator_settings":{"template":"highway","default_image_id":0,"font":"","enabled":false},"version":2}},"categories":[11],"tags":[],"class_list":["post-77235","post","type-post","status-publish","format-standard","has-post-thumbnail","hentry","category-noticias-de-ribeirao-preto-sp-e-regiao-ismael-colosi"],"jetpack_publicize_connections":[],"jetpack_featured_media_url":"https:\/\/i0.wp.com\/ismaelcolosi.com.br\/wp-content\/uploads\/2024\/11\/Copia-de-Copia-de-Copia-de-TAMANHO-EXATO-PARA-FOTOS-NO-SISTEMA-NOVO-34_2024-11-22_14-05-06_jpg_2024-11-22_14-05-06.webp.webp?fit=1200%2C675&ssl=1","uagb_featured_image_src":{"full":["https:\/\/i0.wp.com\/ismaelcolosi.com.br\/wp-content\/uploads\/2024\/11\/Copia-de-Copia-de-Copia-de-TAMANHO-EXATO-PARA-FOTOS-NO-SISTEMA-NOVO-34_2024-11-22_14-05-06_jpg_2024-11-22_14-05-06.webp.webp?fit=1200%2C675&ssl=1",1200,675,false],"thumbnail":["https:\/\/i0.wp.com\/ismaelcolosi.com.br\/wp-content\/uploads\/2024\/11\/Copia-de-Copia-de-Copia-de-TAMANHO-EXATO-PARA-FOTOS-NO-SISTEMA-NOVO-34_2024-11-22_14-05-06_jpg_2024-11-22_14-05-06.webp.webp?resize=150%2C150&ssl=1",150,150,true],"medium":["https:\/\/i0.wp.com\/ismaelcolosi.com.br\/wp-content\/uploads\/2024\/11\/Copia-de-Copia-de-Copia-de-TAMANHO-EXATO-PARA-FOTOS-NO-SISTEMA-NOVO-34_2024-11-22_14-05-06_jpg_2024-11-22_14-05-06.webp.webp?fit=300%2C169&ssl=1",300,169,true],"medium_large":["https:\/\/i0.wp.com\/ismaelcolosi.com.br\/wp-content\/uploads\/2024\/11\/Copia-de-Copia-de-Copia-de-TAMANHO-EXATO-PARA-FOTOS-NO-SISTEMA-NOVO-34_2024-11-22_14-05-06_jpg_2024-11-22_14-05-06.webp.webp?fit=768%2C432&ssl=1",768,432,true],"large":["https:\/\/i0.wp.com\/ismaelcolosi.com.br\/wp-content\/uploads\/2024\/11\/Copia-de-Copia-de-Copia-de-TAMANHO-EXATO-PARA-FOTOS-NO-SISTEMA-NOVO-34_2024-11-22_14-05-06_jpg_2024-11-22_14-05-06.webp.webp?fit=1024%2C576&ssl=1",1024,576,true],"1536x1536":["https:\/\/i0.wp.com\/ismaelcolosi.com.br\/wp-content\/uploads\/2024\/11\/Copia-de-Copia-de-Copia-de-TAMANHO-EXATO-PARA-FOTOS-NO-SISTEMA-NOVO-34_2024-11-22_14-05-06_jpg_2024-11-22_14-05-06.webp.webp?fit=1200%2C675&ssl=1",1200,675,true],"2048x2048":["https:\/\/i0.wp.com\/ismaelcolosi.com.br\/wp-content\/uploads\/2024\/11\/Copia-de-Copia-de-Copia-de-TAMANHO-EXATO-PARA-FOTOS-NO-SISTEMA-NOVO-34_2024-11-22_14-05-06_jpg_2024-11-22_14-05-06.webp.webp?fit=1200%2C675&ssl=1",1200,675,true],"really-simple-thumb":["https:\/\/i0.wp.com\/ismaelcolosi.com.br\/wp-content\/uploads\/2024\/11\/Copia-de-Copia-de-Copia-de-TAMANHO-EXATO-PARA-FOTOS-NO-SISTEMA-NOVO-34_2024-11-22_14-05-06_jpg_2024-11-22_14-05-06.webp.webp?resize=370%2C247&ssl=1",370,247,true]},"uagb_author_info":{"display_name":"ismaelcolosi.com.br","author_link":"https:\/\/ismaelcolosi.com.br\/index.php\/author\/vidareal-online\/"},"uagb_comment_info":0,"uagb_excerpt":"Ribeir\u00e3o Preto e regi\u00e3o contam com diversas op\u00e7\u00f5es de eventos para quem deseja aproveitar o fim de semana. Entre os destaques da programa\u00e7\u00e3o est\u00e1 o...","jetpack-related-posts":[{"id":75566,"url":"https:\/\/ismaelcolosi.com.br\/index.php\/2024\/11\/06\/hc-de-ribeirao-preto-anuncia-novos-concursos-publicos-confira-as-vagas-2\/","url_meta":{"origin":77235,"position":0},"title":"HC de Ribeir\u00e3o Preto anuncia novos concursos p\u00fablicos; confira as vagas","author":"ismaelcolosi.com.br","date":"6 de November de 2024","format":false,"excerpt":"O\u00a0Hospital das\u00a0Cl\u00ednicas de Ribeir\u00e3o Preto (HC-RP)\u00a0publicou o edital de 14 novos\u00a0concursos p\u00fablicos. As oportunidades s\u00e3o de\u00a0n\u00edvel t\u00e9cnico e superior\u00a0e os sal\u00e1rios variam entre\u00a0R$ 2,5 mil\u00a0e\u00a0R$ 5,7 mil. De acordo com o edital, os contratados v\u00e3o receber tamb\u00e9m um\u00a0aux\u00edlio alimenta\u00e7\u00e3o no valor de R$ 360 e vale-transporte. As vagas s\u00e3o para\u2026","rel":"","context":"In &quot;Not\u00edcias de Ribeir\u00e3o Preto-SP e Regi\u00e3o&quot;","block_context":{"text":"Not\u00edcias de Ribeir\u00e3o Preto-SP e Regi\u00e3o","link":"https:\/\/ismaelcolosi.com.br\/index.php\/category\/noticias-de-ribeirao-preto-sp-e-regiao-ismael-colosi\/"},"img":{"alt_text":"","src":"https:\/\/i0.wp.com\/ismaelcolosi.com.br\/wp-content\/uploads\/2024\/07\/Copia-de-Copia-de-TAMANHO-EXATO-PARA-FOTOS-NO-SISTEMA-NOVO-13_2024-07-14_14-37-47_jpg_2024-07-14_14-37-47.webp.webp?fit=1200%2C675&ssl=1&resize=350%2C200","width":350,"height":200,"srcset":"https:\/\/i0.wp.com\/ismaelcolosi.com.br\/wp-content\/uploads\/2024\/07\/Copia-de-Copia-de-TAMANHO-EXATO-PARA-FOTOS-NO-SISTEMA-NOVO-13_2024-07-14_14-37-47_jpg_2024-07-14_14-37-47.webp.webp?fit=1200%2C675&ssl=1&resize=350%2C200 1x, https:\/\/i0.wp.com\/ismaelcolosi.com.br\/wp-content\/uploads\/2024\/07\/Copia-de-Copia-de-TAMANHO-EXATO-PARA-FOTOS-NO-SISTEMA-NOVO-13_2024-07-14_14-37-47_jpg_2024-07-14_14-37-47.webp.webp?fit=1200%2C675&ssl=1&resize=525%2C300 1.5x, https:\/\/i0.wp.com\/ismaelcolosi.com.br\/wp-content\/uploads\/2024\/07\/Copia-de-Copia-de-TAMANHO-EXATO-PARA-FOTOS-NO-SISTEMA-NOVO-13_2024-07-14_14-37-47_jpg_2024-07-14_14-37-47.webp.webp?fit=1200%2C675&ssl=1&resize=700%2C400 2x, https:\/\/i0.wp.com\/ismaelcolosi.com.br\/wp-content\/uploads\/2024\/07\/Copia-de-Copia-de-TAMANHO-EXATO-PARA-FOTOS-NO-SISTEMA-NOVO-13_2024-07-14_14-37-47_jpg_2024-07-14_14-37-47.webp.webp?fit=1200%2C675&ssl=1&resize=1050%2C600 3x"},"classes":[]},{"id":76921,"url":"https:\/\/ismaelcolosi.com.br\/index.php\/2024\/11\/19\/ribeirao-preto-recebe-festival-de-orquideas-e-suculentas-veja-quando\/","url_meta":{"origin":77235,"position":1},"title":"Ribeir\u00e3o Preto recebe festival de orqu\u00eddeas e suculentas; Veja quando","author":"ismaelcolosi.com.br","date":"19 de November de 2024","format":false,"excerpt":"Acontece em Ribeir\u00e3o Preto, entre os dias 30 de novembro e 1\u00ba de dezembro, o 3\u00ba Festival de Orqu\u00eddeas e Suculentas. Ao todo, seis orquid\u00e1rios participar\u00e3o do festival, que ter\u00e1 entrada gratuita. O evento acontece no Centro Social Dom Arnaldo Ribeiro, que fica na rua Prudente de Morais, 431, no\u2026","rel":"","context":"In &quot;Not\u00edcias de Ribeir\u00e3o Preto-SP e Regi\u00e3o&quot;","block_context":{"text":"Not\u00edcias de Ribeir\u00e3o Preto-SP e Regi\u00e3o","link":"https:\/\/ismaelcolosi.com.br\/index.php\/category\/noticias-de-ribeirao-preto-sp-e-regiao-ismael-colosi\/"},"img":{"alt_text":"","src":"https:\/\/i0.wp.com\/ismaelcolosi.com.br\/wp-content\/uploads\/2024\/11\/orquidea_2024-11-19_15-57-55_jpg_2024-11-19_15-57-55.webp.webp?fit=1200%2C826&ssl=1&resize=350%2C200","width":350,"height":200,"srcset":"https:\/\/i0.wp.com\/ismaelcolosi.com.br\/wp-content\/uploads\/2024\/11\/orquidea_2024-11-19_15-57-55_jpg_2024-11-19_15-57-55.webp.webp?fit=1200%2C826&ssl=1&resize=350%2C200 1x, https:\/\/i0.wp.com\/ismaelcolosi.com.br\/wp-content\/uploads\/2024\/11\/orquidea_2024-11-19_15-57-55_jpg_2024-11-19_15-57-55.webp.webp?fit=1200%2C826&ssl=1&resize=525%2C300 1.5x, https:\/\/i0.wp.com\/ismaelcolosi.com.br\/wp-content\/uploads\/2024\/11\/orquidea_2024-11-19_15-57-55_jpg_2024-11-19_15-57-55.webp.webp?fit=1200%2C826&ssl=1&resize=700%2C400 2x, https:\/\/i0.wp.com\/ismaelcolosi.com.br\/wp-content\/uploads\/2024\/11\/orquidea_2024-11-19_15-57-55_jpg_2024-11-19_15-57-55.webp.webp?fit=1200%2C826&ssl=1&resize=1050%2C600 3x"},"classes":[]},{"id":79736,"url":"https:\/\/ismaelcolosi.com.br\/index.php\/2024\/12\/18\/prainha-na-regiao-de-ribeirao-tera-show-gratuito-de-zeze-di-camargo-e-luciano-2\/","url_meta":{"origin":77235,"position":2},"title":"Prainha na regi\u00e3o de Ribeir\u00e3o ter\u00e1 show gratuito de Zez\u00e9 di Camargo e Luciano","author":"ismaelcolosi.com.br","date":"18 de December de 2024","format":false,"excerpt":"O munic\u00edpio de Rifaina, na regi\u00e3o de Ribeir\u00e3o Preto, comemora seus 76 anos de emancipa\u00e7\u00e3o pol\u00edtica no dia 24 de dezembro. Para celebrar a data, a cidade ter\u00e1 uma programa\u00e7\u00e3o de shows gratuitos, a partir desta sexta-feira (20), na praia artificial. Confira a programa\u00e7\u00e3o completa: Sexta-feira (20): Banda Lex Luthor\u2026","rel":"","context":"In &quot;Not\u00edcias de Ribeir\u00e3o Preto-SP e Regi\u00e3o&quot;","block_context":{"text":"Not\u00edcias de Ribeir\u00e3o Preto-SP e Regi\u00e3o","link":"https:\/\/ismaelcolosi.com.br\/index.php\/category\/noticias-de-ribeirao-preto-sp-e-regiao-ismael-colosi\/"},"img":{"alt_text":"","src":"https:\/\/i0.wp.com\/ismaelcolosi.com.br\/wp-content\/uploads\/2024\/12\/Copia-de-Copia-de-Copia-de-TAMANHO-EXATO-PARA-FOTOS-NO-SISTEMA-NOVO-2024-12-18T155722.910_2024-12-18_18-58-50_png_2024-12-18_18-58-50.webp.webp?fit=1200%2C675&ssl=1&resize=350%2C200","width":350,"height":200,"srcset":"https:\/\/i0.wp.com\/ismaelcolosi.com.br\/wp-content\/uploads\/2024\/12\/Copia-de-Copia-de-Copia-de-TAMANHO-EXATO-PARA-FOTOS-NO-SISTEMA-NOVO-2024-12-18T155722.910_2024-12-18_18-58-50_png_2024-12-18_18-58-50.webp.webp?fit=1200%2C675&ssl=1&resize=350%2C200 1x, https:\/\/i0.wp.com\/ismaelcolosi.com.br\/wp-content\/uploads\/2024\/12\/Copia-de-Copia-de-Copia-de-TAMANHO-EXATO-PARA-FOTOS-NO-SISTEMA-NOVO-2024-12-18T155722.910_2024-12-18_18-58-50_png_2024-12-18_18-58-50.webp.webp?fit=1200%2C675&ssl=1&resize=525%2C300 1.5x, https:\/\/i0.wp.com\/ismaelcolosi.com.br\/wp-content\/uploads\/2024\/12\/Copia-de-Copia-de-Copia-de-TAMANHO-EXATO-PARA-FOTOS-NO-SISTEMA-NOVO-2024-12-18T155722.910_2024-12-18_18-58-50_png_2024-12-18_18-58-50.webp.webp?fit=1200%2C675&ssl=1&resize=700%2C400 2x, https:\/\/i0.wp.com\/ismaelcolosi.com.br\/wp-content\/uploads\/2024\/12\/Copia-de-Copia-de-Copia-de-TAMANHO-EXATO-PARA-FOTOS-NO-SISTEMA-NOVO-2024-12-18T155722.910_2024-12-18_18-58-50_png_2024-12-18_18-58-50.webp.webp?fit=1200%2C675&ssl=1&resize=1050%2C600 3x"},"classes":[]},{"id":75074,"url":"https:\/\/ismaelcolosi.com.br\/index.php\/2024\/11\/04\/casal-e-preso-apos-morte-de-bebe-por-desnutricao-na-regiao-de-ribeirao-preto-2\/","url_meta":{"origin":77235,"position":3},"title":"Casal \u00e9 preso ap\u00f3s morte de beb\u00ea por desnutri\u00e7\u00e3o na regi\u00e3o de Ribeir\u00e3o Preto","author":"ismaelcolosi.com.br","date":"4 de November de 2024","format":false,"excerpt":"Os pais de um beb\u00ea de apenas dois meses foram presos ap\u00f3s a morte da crian\u00e7a no \u00faltimo final de semana em Franca, na regi\u00e3o de Ribeir\u00e3o Preto. Segundo o B.O. (boletim de ocorr\u00eancia), o beb\u00ea sofreu uma parada cardiorrespirat\u00f3ria e apresentava sinais de desnutri\u00e7\u00e3o. O casal foi preso acusado\u2026","rel":"","context":"In &quot;Not\u00edcias de Ribeir\u00e3o Preto-SP e Regi\u00e3o&quot;","block_context":{"text":"Not\u00edcias de Ribeir\u00e3o Preto-SP e Regi\u00e3o","link":"https:\/\/ismaelcolosi.com.br\/index.php\/category\/noticias-de-ribeirao-preto-sp-e-regiao-ismael-colosi\/"},"img":{"alt_text":"","src":"https:\/\/i0.wp.com\/ismaelcolosi.com.br\/wp-content\/uploads\/2024\/11\/franca_2024-11-04_15-11-54_jpg_2024-11-04_15-11-54.webp.webp?fit=865%2C558&ssl=1&resize=350%2C200","width":350,"height":200,"srcset":"https:\/\/i0.wp.com\/ismaelcolosi.com.br\/wp-content\/uploads\/2024\/11\/franca_2024-11-04_15-11-54_jpg_2024-11-04_15-11-54.webp.webp?fit=865%2C558&ssl=1&resize=350%2C200 1x, https:\/\/i0.wp.com\/ismaelcolosi.com.br\/wp-content\/uploads\/2024\/11\/franca_2024-11-04_15-11-54_jpg_2024-11-04_15-11-54.webp.webp?fit=865%2C558&ssl=1&resize=525%2C300 1.5x, https:\/\/i0.wp.com\/ismaelcolosi.com.br\/wp-content\/uploads\/2024\/11\/franca_2024-11-04_15-11-54_jpg_2024-11-04_15-11-54.webp.webp?fit=865%2C558&ssl=1&resize=700%2C400 2x"},"classes":[]},{"id":76048,"url":"https:\/\/ismaelcolosi.com.br\/index.php\/2024\/11\/09\/ciclista-morre-apos-ser-atropelado-por-onibus-em-acostamento-de-rodovia-na-regiao-de-ribeirao\/","url_meta":{"origin":77235,"position":4},"title":"Ciclista morre ap\u00f3s ser atropelado por \u00f4nibus em acostamento de rodovia na regi\u00e3o de Ribeir\u00e3o","author":"ismaelcolosi.com.br","date":"9 de November de 2024","format":false,"excerpt":"Um ciclista morreu na manh\u00e3\u00a0deste s\u00e1bado (9), ap\u00f3s ser atropelado por um \u00f4nibus no acostamento da rodovia Carlos Tonanni (SP-333), em Sert\u00e3ozinho, na regi\u00e3o de Ribeir\u00e3o Preto. A Via\u00e7\u00e3o R\u00e1pido D\u2019Oeste, resposn\u00e1vel pelo ve\u00edculo, afirmou que o motorista sofreu um mal s\u00fabito (leia mais abaixo). O ciclista Gustavo Alves do\u2026","rel":"","context":"In &quot;Not\u00edcias de Ribeir\u00e3o Preto-SP e Regi\u00e3o&quot;","block_context":{"text":"Not\u00edcias de Ribeir\u00e3o Preto-SP e Regi\u00e3o","link":"https:\/\/ismaelcolosi.com.br\/index.php\/category\/noticias-de-ribeirao-preto-sp-e-regiao-ismael-colosi\/"},"img":{"alt_text":"","src":"https:\/\/i0.wp.com\/ismaelcolosi.com.br\/wp-content\/uploads\/2024\/11\/CICLISTA_2024-11-09_19-47-48_jpg_2024-11-09_19-47-48.webp.webp?fit=1200%2C873&ssl=1&resize=350%2C200","width":350,"height":200,"srcset":"https:\/\/i0.wp.com\/ismaelcolosi.com.br\/wp-content\/uploads\/2024\/11\/CICLISTA_2024-11-09_19-47-48_jpg_2024-11-09_19-47-48.webp.webp?fit=1200%2C873&ssl=1&resize=350%2C200 1x, https:\/\/i0.wp.com\/ismaelcolosi.com.br\/wp-content\/uploads\/2024\/11\/CICLISTA_2024-11-09_19-47-48_jpg_2024-11-09_19-47-48.webp.webp?fit=1200%2C873&ssl=1&resize=525%2C300 1.5x, https:\/\/i0.wp.com\/ismaelcolosi.com.br\/wp-content\/uploads\/2024\/11\/CICLISTA_2024-11-09_19-47-48_jpg_2024-11-09_19-47-48.webp.webp?fit=1200%2C873&ssl=1&resize=700%2C400 2x, https:\/\/i0.wp.com\/ismaelcolosi.com.br\/wp-content\/uploads\/2024\/11\/CICLISTA_2024-11-09_19-47-48_jpg_2024-11-09_19-47-48.webp.webp?fit=1200%2C873&ssl=1&resize=1050%2C600 3x"},"classes":[]},{"id":76676,"url":"https:\/\/ismaelcolosi.com.br\/index.php\/2024\/11\/15\/jacare-e-resgatado-na-rodovia-anhanguera-na-regiao-de-ribeirao-preto\/","url_meta":{"origin":77235,"position":5},"title":"Jacar\u00e9 \u00e9 resgatado na rodovia Anhanguera, na regi\u00e3o de Ribeir\u00e3o Preto","author":"ismaelcolosi.com.br","date":"15 de November de 2024","format":false,"excerpt":"Um jacar\u00e9 da esp\u00e9cie papo-amarelo foi resgatado na rodovia Anhanguera (SP-330), em Jardin\u00f3polis, cidade na regi\u00e3o de Ribeir\u00e3o Preto, no come\u00e7o da manh\u00e3 desta sexta-feira (15). De acordo com a Entrevias, concession\u00e1ria que administra a rodovia, o animal foi encontrado por volta das 5h15, pr\u00f3ximo ao km 330, por uma\u2026","rel":"","context":"In &quot;Not\u00edcias de Ribeir\u00e3o Preto-SP e Regi\u00e3o&quot;","block_context":{"text":"Not\u00edcias de Ribeir\u00e3o Preto-SP e Regi\u00e3o","link":"https:\/\/ismaelcolosi.com.br\/index.php\/category\/noticias-de-ribeirao-preto-sp-e-regiao-ismael-colosi\/"},"img":{"alt_text":"","src":"https:\/\/i0.wp.com\/ismaelcolosi.com.br\/wp-content\/uploads\/2024\/11\/WhatsApp-Image-2024-11-15-at-15.39.11_2024-11-15_19-59-28_jpeg_2024-11-15_19-59-28.webp.webp?fit=1200%2C746&ssl=1&resize=350%2C200","width":350,"height":200,"srcset":"https:\/\/i0.wp.com\/ismaelcolosi.com.br\/wp-content\/uploads\/2024\/11\/WhatsApp-Image-2024-11-15-at-15.39.11_2024-11-15_19-59-28_jpeg_2024-11-15_19-59-28.webp.webp?fit=1200%2C746&ssl=1&resize=350%2C200 1x, https:\/\/i0.wp.com\/ismaelcolosi.com.br\/wp-content\/uploads\/2024\/11\/WhatsApp-Image-2024-11-15-at-15.39.11_2024-11-15_19-59-28_jpeg_2024-11-15_19-59-28.webp.webp?fit=1200%2C746&ssl=1&resize=525%2C300 1.5x, https:\/\/i0.wp.com\/ismaelcolosi.com.br\/wp-content\/uploads\/2024\/11\/WhatsApp-Image-2024-11-15-at-15.39.11_2024-11-15_19-59-28_jpeg_2024-11-15_19-59-28.webp.webp?fit=1200%2C746&ssl=1&resize=700%2C400 2x, https:\/\/i0.wp.com\/ismaelcolosi.com.br\/wp-content\/uploads\/2024\/11\/WhatsApp-Image-2024-11-15-at-15.39.11_2024-11-15_19-59-28_jpeg_2024-11-15_19-59-28.webp.webp?fit=1200%2C746&ssl=1&resize=1050%2C600 3x"},"classes":[]}],"jetpack_sharing_enabled":true,"jetpack_shortlink":"https:\/\/wp.me\/pfMlyK-k5J","_links":{"self":[{"href":"https:\/\/ismaelcolosi.com.br\/index.php\/wp-json\/wp\/v2\/posts\/77235","targetHints":{"allow":["GET"]}}],"collection":[{"href":"https:\/\/ismaelcolosi.com.br\/index.php\/wp-json\/wp\/v2\/posts"}],"about":[{"href":"https:\/\/ismaelcolosi.com.br\/index.php\/wp-json\/wp\/v2\/types\/post"}],"author":[{"embeddable":true,"href":"https:\/\/ismaelcolosi.com.br\/index.php\/wp-json\/wp\/v2\/users\/1"}],"replies":[{"embeddable":true,"href":"https:\/\/ismaelcolosi.com.br\/index.php\/wp-json\/wp\/v2\/comments?post=77235"}],"version-history":[{"count":0,"href":"https:\/\/ismaelcolosi.com.br\/index.php\/wp-json\/wp\/v2\/posts\/77235\/revisions"}],"wp:featuredmedia":[{"embeddable":true,"href":"https:\/\/ismaelcolosi.com.br\/index.php\/wp-json\/wp\/v2\/media\/77236"}],"wp:attachment":[{"href":"https:\/\/ismaelcolosi.com.br\/index.php\/wp-json\/wp\/v2\/media?parent=77235"}],"wp:term":[{"taxonomy":"category","embeddable":true,"href":"https:\/\/ismaelcolosi.com.br\/index.php\/wp-json\/wp\/v2\/categories?post=77235"},{"taxonomy":"post_tag","embeddable":true,"href":"https:\/\/ismaelcolosi.com.br\/index.php\/wp-json\/wp\/v2\/tags?post=77235"}],"curies":[{"name":"wp","href":"https:\/\/api.w.org\/{rel}","templated":true}]}}