{"id":77227,"date":"2024-11-22T12:19:32","date_gmt":"2024-11-22T15:19:32","guid":{"rendered":"https:\/\/ismaelcolosi.com.br\/index.php\/2024\/11\/22\/camara-recua-e-vai-mudar-emenda-que-proibe-centro-administrativo\/"},"modified":"2024-11-22T12:19:32","modified_gmt":"2024-11-22T15:19:32","slug":"camara-recua-e-vai-mudar-emenda-que-proibe-centro-administrativo","status":"publish","type":"post","link":"https:\/\/ismaelcolosi.com.br\/index.php\/2024\/11\/22\/camara-recua-e-vai-mudar-emenda-que-proibe-centro-administrativo\/","title":{"rendered":"C\u00e2mara recua e vai mudar emenda que pro\u00edbe Centro Administrativo"},"content":{"rendered":"<p> <br \/>\n<\/p>\n<div>\n<p>O Tribuna apurou que um acordo feito pelos vereadores de Ribeir\u00e3o Preto, na noite de quinta-feira, 21 de novembro, vai mudar a tipifica\u00e7\u00e3o legal da emenda supressiva inclusa no projeto da Lei Or\u00e7ament\u00e1ria Anual (LOA) para 2025 pela vereadora Duda Hidalgo (PT). A emenda prop\u00f5e a elimina\u00e7\u00e3o do Or\u00e7amento de tudo o que diz respeito \u2013 inclusive recursos -, reservados pela atual administra\u00e7\u00e3o municipal para o in\u00edcio das obras do Centro Administrativo.<\/p>\n<p>Como a emenda \u00e9 supressiva, ou seja, retira artigos do projeto do Executivo, se for aprovada pelos vereadores, legalmente, a \u00fanica maneira do prefeito vetar a proposta deles de retirada dos recursos para a constru\u00e7\u00e3o do Centro Administrativo seria rejeitando todo o Or\u00e7amento.<br \/>O que deixaria o futuro prefeito, Ricardo Silva (PSD) sem dinheiro no come\u00e7o de seu mandato. Isso porque sem uma lei \u2013 Lei Or\u00e7amentaria Anual \u2013 estabelecendo onde os recursos financeiros da prefeitura ser\u00e3o utilizados pelo futuro prefeito, mesmo com dinheiro em caixa, ele n\u00e3o poderia utiliz\u00e1-lo sem uma nova lei ser aprovada. Ricardo toma posse no dia 1 de janeiro.<\/p><div class='code-block code-block-8' style='margin: 8px auto; text-align: center; display: block; clear: both;'>\n<script>\n  atOptions = {\n    'key' : '66e2e2111ca34da796271819fc334058',\n    'format' : 'iframe',\n    'height' : 250,\n    'width' : 300,\n    'params' : {}\n  };\n<\/script>\n<script src=\"https:\/\/www.highperformanceformat.com\/66e2e2111ca34da796271819fc334058\/invoke.js\"><\/script>\n<\/div>\n\n<p>Para evitar que isso aconte\u00e7a os vereadores decidiram mudar a emenda para modificativa. Neste caso, a legisla\u00e7\u00e3o permite que Nogueira possa vetar apenas o artigo que tira os recursos para a constru\u00e7\u00e3o do Centro Administrativo, caso e emenda seja aprovada pelos vereadores.<\/p>\n<p>Como o Tribuna j\u00e1 divulgou, no caso de uma emenda supressiva ser aprovada, o prefeito dever\u00e1 vetar todo o or\u00e7amento de 2025. Procurada a vereadora Duda Hidalgo negou a exist\u00eancia do acordo.<br \/>Vale lembrar que o projeto da Lei Or\u00e7ament\u00e1ria Anual precisa ser votado pelos vereadores em dois turnos e devolvido ao Executivo at\u00e9 o dia 15 de dezembro para ser sancionado pelo prefeito Duarte Nogueira (PSDB). Para valer para o pr\u00f3ximo exerc\u00edcio fiscal tem que ser sancionado por Nogueira at\u00e9 o dia 31 de dezembro. No pr\u00f3ximo ano a prefeitura prev\u00ea receita de R$ 5.158.000.000 \u2013 somando o montante da administra\u00e7\u00e3o direta e da indireta.<\/p>\n<p>Nogueira pretende assinar, nos pr\u00f3ximos dias, a Ordem de Servi\u00e7o (OS) com empresa vencedora da licita\u00e7\u00e3o para constru\u00e7\u00e3o do Centro Administrativo. A vencedora foi a H2Obras Constru\u00e7\u00f5es Ltda. pelo valor de R$ 173.497.592,89. A obra est\u00e1 prevista para ser feita em uma \u00e1rea doada ao munic\u00edpio pela Funda\u00e7\u00e3o Educand\u00e1rio, na avenida Paschoal Inecchi, no Jardim Independ\u00eancia, regi\u00e3o Norte da cidade.<br \/>Nesta quinta-feira (21), a equipe de transi\u00e7\u00e3o do futuro prefeito Ricardo Silva protocolou um oficio pedido que Nogueira n\u00e3o assine a OS e que deixe para que o assunto seja tratado pelo futuro governo.<\/p>\n<\/div>\n<p><br \/>\n<br \/><a href=\"https:\/\/www.tribunaribeirao.com.br\/camara-recua-e-vai-mudar-emenda-que-proibe-centro-administrativo\/\">Source link <\/a><\/p>\n<div class='code-block code-block-4' style='margin: 8px auto 8px 0; text-align: left; display: block; clear: both;'>\n\ud83d\udce2 Aviso Legal\n\nO site ismaelcolosi.com.br atua apenas como um canal de divulga\u00e7\u00e3o de oportunidades de emprego e n\u00e3o se responsabiliza pelo processo seletivo, contrata\u00e7\u00e3o ou qualquer outra etapa relacionada \u00e0s vagas publicadas. Todas as informa\u00e7\u00f5es s\u00e3o de responsabilidade dos anunciantes.\n\n\u26a0\ufe0f Aten\u00e7\u00e3o! Nunca pague por promessas de emprego nem compre cursos que garantam contrata\u00e7\u00e3o. Desconfie de qualquer cobran\u00e7a para participar de sele\u00e7\u00f5es.\n\n\n\n<\/div>\n<!-- CONTENT END 1 -->\n","protected":false},"excerpt":{"rendered":"<p>O Tribuna apurou que um acordo feito pelos vereadores de Ribeir\u00e3o Preto, na noite de quinta-feira, 21 de novembro, vai mudar a tipifica\u00e7\u00e3o legal da&#8230;<\/p>\n","protected":false},"author":1,"featured_media":77228,"comment_status":"open","ping_status":"open","sticky":false,"template":"","format":"standard","meta":{"_uag_custom_page_level_css":"","advanced_seo_description":"","jetpack_seo_html_title":"","jetpack_seo_noindex":false,"jetpack_post_was_ever_published":false,"_jetpack_newsletter_access":"","_jetpack_dont_email_post_to_subs":false,"_jetpack_newsletter_tier_id":0,"_jetpack_memberships_contains_paywalled_content":false,"_jetpack_memberships_contains_paid_content":false,"footnotes":"","jetpack_publicize_message":"","jetpack_publicize_feature_enabled":true,"jetpack_social_post_already_shared":true,"jetpack_social_options":{"image_generator_settings":{"template":"highway","default_image_id":0,"font":"","enabled":false},"version":2}},"categories":[11],"tags":[],"class_list":["post-77227","post","type-post","status-publish","format-standard","has-post-thumbnail","hentry","category-noticias-de-ribeirao-preto-sp-e-regiao-ismael-colosi"],"jetpack_publicize_connections":[],"jetpack_featured_media_url":"https:\/\/i0.wp.com\/ismaelcolosi.com.br\/wp-content\/uploads\/2024\/11\/OrcaRP-Divulgacao-scaled.jpg?fit=750%2C500&ssl=1","uagb_featured_image_src":{"full":["https:\/\/i0.wp.com\/ismaelcolosi.com.br\/wp-content\/uploads\/2024\/11\/OrcaRP-Divulgacao-scaled.jpg?fit=750%2C500&ssl=1",750,500,false],"thumbnail":["https:\/\/i0.wp.com\/ismaelcolosi.com.br\/wp-content\/uploads\/2024\/11\/OrcaRP-Divulgacao-scaled.jpg?resize=150%2C150&ssl=1",150,150,true],"medium":["https:\/\/i0.wp.com\/ismaelcolosi.com.br\/wp-content\/uploads\/2024\/11\/OrcaRP-Divulgacao-scaled.jpg?fit=300%2C200&ssl=1",300,200,true],"medium_large":["https:\/\/i0.wp.com\/ismaelcolosi.com.br\/wp-content\/uploads\/2024\/11\/OrcaRP-Divulgacao-scaled.jpg?fit=750%2C500&ssl=1",750,500,true],"large":["https:\/\/i0.wp.com\/ismaelcolosi.com.br\/wp-content\/uploads\/2024\/11\/OrcaRP-Divulgacao-scaled.jpg?fit=750%2C500&ssl=1",750,500,true],"1536x1536":["https:\/\/i0.wp.com\/ismaelcolosi.com.br\/wp-content\/uploads\/2024\/11\/OrcaRP-Divulgacao-scaled.jpg?fit=750%2C500&ssl=1",750,500,true],"2048x2048":["https:\/\/i0.wp.com\/ismaelcolosi.com.br\/wp-content\/uploads\/2024\/11\/OrcaRP-Divulgacao-scaled.jpg?fit=750%2C500&ssl=1",750,500,true],"really-simple-thumb":["https:\/\/i0.wp.com\/ismaelcolosi.com.br\/wp-content\/uploads\/2024\/11\/OrcaRP-Divulgacao-scaled.jpg?resize=370%2C247&ssl=1",370,247,true]},"uagb_author_info":{"display_name":"ismaelcolosi.com.br","author_link":"https:\/\/ismaelcolosi.com.br\/index.php\/author\/vidareal-online\/"},"uagb_comment_info":0,"uagb_excerpt":"O Tribuna apurou que um acordo feito pelos vereadores de Ribeir\u00e3o Preto, na noite de quinta-feira, 21 de novembro, vai mudar a tipifica\u00e7\u00e3o legal da...","jetpack-related-posts":[{"id":77233,"url":"https:\/\/ismaelcolosi.com.br\/index.php\/2024\/11\/22\/camara-recua-e-vai-mudar-emenda-que-proibe-centro-administrativo-2\/","url_meta":{"origin":77227,"position":0},"title":"C\u00e2mara recua e vai mudar emenda que pro\u00edbe Centro Administrativo","author":"ismaelcolosi.com.br","date":"22 de November de 2024","format":false,"excerpt":"22 de novembro de 202422 de novembro de 202426 Compartilhar0 O Tribuna apurou que um acordo feito pelos vereadores de Ribeir\u00e3o Preto, na noite de quinta-feira, 21 de novembro, vai mudar a tipifica\u00e7\u00e3o legal da emenda supressiva inclusa no projeto da Lei Or\u00e7ament\u00e1ria Anual (LOA) para 2025 pela vereadora Duda\u2026","rel":"","context":"In &quot;Not\u00edcias de Ribeir\u00e3o Preto-SP e Regi\u00e3o&quot;","block_context":{"text":"Not\u00edcias de Ribeir\u00e3o Preto-SP e Regi\u00e3o","link":"https:\/\/ismaelcolosi.com.br\/index.php\/category\/noticias-de-ribeirao-preto-sp-e-regiao-ismael-colosi\/"},"img":{"alt_text":"","src":"https:\/\/i0.wp.com\/ismaelcolosi.com.br\/wp-content\/uploads\/2024\/11\/CentroRP-Divulgacao-scaled.jpg?fit=800%2C467&ssl=1&resize=350%2C200","width":350,"height":200,"srcset":"https:\/\/i0.wp.com\/ismaelcolosi.com.br\/wp-content\/uploads\/2024\/11\/CentroRP-Divulgacao-scaled.jpg?fit=800%2C467&ssl=1&resize=350%2C200 1x, https:\/\/i0.wp.com\/ismaelcolosi.com.br\/wp-content\/uploads\/2024\/11\/CentroRP-Divulgacao-scaled.jpg?fit=800%2C467&ssl=1&resize=525%2C300 1.5x, https:\/\/i0.wp.com\/ismaelcolosi.com.br\/wp-content\/uploads\/2024\/11\/CentroRP-Divulgacao-scaled.jpg?fit=800%2C467&ssl=1&resize=700%2C400 2x"},"classes":[]},{"id":74999,"url":"https:\/\/ismaelcolosi.com.br\/index.php\/2024\/11\/04\/emenda-retira-centro-administrativo-do-orcamento-do-ano-que-vem\/","url_meta":{"origin":77227,"position":1},"title":"Emenda retira Centro Administrativo do Or\u00e7amento do ano que vem","author":"ismaelcolosi.com.br","date":"4 de November de 2024","format":false,"excerpt":"Uma emenda supressiva inclusa no projeto da Lei Or\u00e7ament\u00e1ria Anual (LOA) para 2025, em an\u00e1lise pela C\u00e2mara de Vereadores de Ribeir\u00e3o Preto, prop\u00f5e a elimina\u00e7\u00e3o da proposta de tudo o que diz respeito \u2013 inclusive recursos -, reservados pela atual administra\u00e7\u00e3o municipal para o in\u00edcio das obras do Centro Administrativo.\u2026","rel":"","context":"In &quot;Not\u00edcias de Ribeir\u00e3o Preto-SP e Regi\u00e3o&quot;","block_context":{"text":"Not\u00edcias de Ribeir\u00e3o Preto-SP e Regi\u00e3o","link":"https:\/\/ismaelcolosi.com.br\/index.php\/category\/noticias-de-ribeirao-preto-sp-e-regiao-ismael-colosi\/"},"img":{"alt_text":"","src":"https:\/\/i0.wp.com\/ismaelcolosi.com.br\/wp-content\/uploads\/2024\/11\/CentroRP-Detalhe-Divulgacao-2-scaled.jpg?fit=800%2C467&ssl=1&resize=350%2C200","width":350,"height":200,"srcset":"https:\/\/i0.wp.com\/ismaelcolosi.com.br\/wp-content\/uploads\/2024\/11\/CentroRP-Detalhe-Divulgacao-2-scaled.jpg?fit=800%2C467&ssl=1&resize=350%2C200 1x, https:\/\/i0.wp.com\/ismaelcolosi.com.br\/wp-content\/uploads\/2024\/11\/CentroRP-Detalhe-Divulgacao-2-scaled.jpg?fit=800%2C467&ssl=1&resize=525%2C300 1.5x, https:\/\/i0.wp.com\/ismaelcolosi.com.br\/wp-content\/uploads\/2024\/11\/CentroRP-Detalhe-Divulgacao-2-scaled.jpg?fit=800%2C467&ssl=1&resize=700%2C400 2x"},"classes":[]},{"id":77120,"url":"https:\/\/ismaelcolosi.com.br\/index.php\/2024\/11\/21\/prefeitura-vai-dar-os-para-inicio-do-centro-administrativo\/","url_meta":{"origin":77227,"position":2},"title":"Prefeitura vai dar OS para in\u00edcio do Centro Administrativo","author":"ismaelcolosi.com.br","date":"21 de November de 2024","format":false,"excerpt":"O prefeito de Ribeir\u00e3o Preto, Duarte Nogueira (PSDB), dever\u00e1 assinar a Ordem de Servi\u00e7o (OS) com empresa vencedora da licita\u00e7\u00e3o para constru\u00e7\u00e3o do Centro Administrativo. A vencedora foi a H2Obras Constru\u00e7\u00f5es Ltda. pelo valor de R$ 173.497.592,89. A obra est\u00e1 prevista para ser feita em uma \u00e1rea doada ao munic\u00edpio\u2026","rel":"","context":"In &quot;Not\u00edcias de Ribeir\u00e3o Preto-SP e Regi\u00e3o&quot;","block_context":{"text":"Not\u00edcias de Ribeir\u00e3o Preto-SP e Regi\u00e3o","link":"https:\/\/ismaelcolosi.com.br\/index.php\/category\/noticias-de-ribeirao-preto-sp-e-regiao-ismael-colosi\/"},"img":{"alt_text":"","src":"https:\/\/i0.wp.com\/ismaelcolosi.com.br\/wp-content\/uploads\/2024\/11\/Prefeitura-de-RP-Foto-CCS-scaled-1.jpeg?fit=970%2C645&ssl=1&resize=350%2C200","width":350,"height":200,"srcset":"https:\/\/i0.wp.com\/ismaelcolosi.com.br\/wp-content\/uploads\/2024\/11\/Prefeitura-de-RP-Foto-CCS-scaled-1.jpeg?fit=970%2C645&ssl=1&resize=350%2C200 1x, https:\/\/i0.wp.com\/ismaelcolosi.com.br\/wp-content\/uploads\/2024\/11\/Prefeitura-de-RP-Foto-CCS-scaled-1.jpeg?fit=970%2C645&ssl=1&resize=525%2C300 1.5x, https:\/\/i0.wp.com\/ismaelcolosi.com.br\/wp-content\/uploads\/2024\/11\/Prefeitura-de-RP-Foto-CCS-scaled-1.jpeg?fit=970%2C645&ssl=1&resize=700%2C400 2x"},"classes":[]},{"id":74768,"url":"https:\/\/ismaelcolosi.com.br\/index.php\/2024\/11\/01\/liminar-suspende-execucao-do-contrato-do-centro-administrativo\/","url_meta":{"origin":77227,"position":3},"title":"Liminar suspende execu\u00e7\u00e3o do contrato do Centro Administrativo","author":"ismaelcolosi.com.br","date":"1 de November de 2024","format":false,"excerpt":"A ju\u00edza Lucilene Aparecida Canella de Melo, da 2\u00aa. Vara da Fazenda P\u00fablica de Ribeir\u00e3o Preto suspendeu liminarmente na noite desta sexta-feira, 1 de novembro, a execu\u00e7\u00e3o pela prefeitura da constru\u00e7\u00e3o do Centro Administrativo licitado pelo governo do prefeito Duarte Nogueira (PSDB). A vencedora da licita\u00e7\u00e3o foi a H2Obras Constru\u00e7\u00f5es\u2026","rel":"","context":"In &quot;Not\u00edcias de Ribeir\u00e3o Preto-SP e Regi\u00e3o&quot;","block_context":{"text":"Not\u00edcias de Ribeir\u00e3o Preto-SP e Regi\u00e3o","link":"https:\/\/ismaelcolosi.com.br\/index.php\/category\/noticias-de-ribeirao-preto-sp-e-regiao-ismael-colosi\/"},"img":{"alt_text":"","src":"https:\/\/i0.wp.com\/ismaelcolosi.com.br\/wp-content\/uploads\/2024\/11\/CentroRP-Ter-Detalhe-Divulgacao-1-scaled.jpg?fit=800%2C497&ssl=1&resize=350%2C200","width":350,"height":200,"srcset":"https:\/\/i0.wp.com\/ismaelcolosi.com.br\/wp-content\/uploads\/2024\/11\/CentroRP-Ter-Detalhe-Divulgacao-1-scaled.jpg?fit=800%2C497&ssl=1&resize=350%2C200 1x, https:\/\/i0.wp.com\/ismaelcolosi.com.br\/wp-content\/uploads\/2024\/11\/CentroRP-Ter-Detalhe-Divulgacao-1-scaled.jpg?fit=800%2C497&ssl=1&resize=525%2C300 1.5x, https:\/\/i0.wp.com\/ismaelcolosi.com.br\/wp-content\/uploads\/2024\/11\/CentroRP-Ter-Detalhe-Divulgacao-1-scaled.jpg?fit=800%2C497&ssl=1&resize=700%2C400 2x"},"classes":[]},{"id":75872,"url":"https:\/\/ismaelcolosi.com.br\/index.php\/2024\/11\/08\/plebiscito-sobre-construcao-do-centro-administrativo-nao-chegou-a-justica-eleitoral\/","url_meta":{"origin":77227,"position":4},"title":"Plebiscito sobre constru\u00e7\u00e3o do centro administrativo n\u00e3o chegou \u00e0 Justi\u00e7a Eleitoral\u00a0","author":"ismaelcolosi.com.br","date":"8 de November de 2024","format":false,"excerpt":"O decreto legislativo que prev\u00ea a realiza\u00e7\u00e3o de plebiscito para que a popula\u00e7\u00e3o opine sobre a constru\u00e7\u00e3o do novo centro administrativo de Ribeir\u00e3o Preto, a obra mais vultos da cidade, que custar\u00e1 R$ 173.497.592,89, ainda n\u00e3o foi encaminhado \u00e0 Justi\u00e7a Eleitoral. A proposta da vereadora Duda Hidalgo (PT) foi aprovada\u2026","rel":"","context":"In &quot;Not\u00edcias de Ribeir\u00e3o Preto-SP e Regi\u00e3o&quot;","block_context":{"text":"Not\u00edcias de Ribeir\u00e3o Preto-SP e Regi\u00e3o","link":"https:\/\/ismaelcolosi.com.br\/index.php\/category\/noticias-de-ribeirao-preto-sp-e-regiao-ismael-colosi\/"},"img":{"alt_text":"","src":"https:\/\/i0.wp.com\/ismaelcolosi.com.br\/wp-content\/uploads\/2024\/11\/CentroRP-Pro-Divulgacao-scaled.jpg?fit=800%2C432&ssl=1&resize=350%2C200","width":350,"height":200,"srcset":"https:\/\/i0.wp.com\/ismaelcolosi.com.br\/wp-content\/uploads\/2024\/11\/CentroRP-Pro-Divulgacao-scaled.jpg?fit=800%2C432&ssl=1&resize=350%2C200 1x, https:\/\/i0.wp.com\/ismaelcolosi.com.br\/wp-content\/uploads\/2024\/11\/CentroRP-Pro-Divulgacao-scaled.jpg?fit=800%2C432&ssl=1&resize=525%2C300 1.5x, https:\/\/i0.wp.com\/ismaelcolosi.com.br\/wp-content\/uploads\/2024\/11\/CentroRP-Pro-Divulgacao-scaled.jpg?fit=800%2C432&ssl=1&resize=700%2C400 2x"},"classes":[]},{"id":78323,"url":"https:\/\/ismaelcolosi.com.br\/index.php\/2024\/12\/04\/camara-define-data-de-votacao-do-orcamento-de-rp\/","url_meta":{"origin":77227,"position":5},"title":"C\u00e2mara define data de vota\u00e7\u00e3o do or\u00e7amento de RP","author":"ismaelcolosi.com.br","date":"4 de December de 2024","format":false,"excerpt":"A C\u00e2mara de Vereadores vai votar o projeto n\u00famero 138\/2024 da prefeitura de Ribeir\u00e3o Preto, que trata da Lei Or\u00e7ament\u00e1ria Anual (LOA) de 2025, na semana que vem, na ter\u00e7a (10) e na quinta-feira, 12 de dezembro, em duas sess\u00f5es extraordin\u00e1rias agendadas para as 16 horas nos dois dias. A\u2026","rel":"","context":"In &quot;Not\u00edcias de Ribeir\u00e3o Preto-SP e Regi\u00e3o&quot;","block_context":{"text":"Not\u00edcias de Ribeir\u00e3o Preto-SP e Regi\u00e3o","link":"https:\/\/ismaelcolosi.com.br\/index.php\/category\/noticias-de-ribeirao-preto-sp-e-regiao-ismael-colosi\/"},"img":{"alt_text":"","src":"https:\/\/i0.wp.com\/ismaelcolosi.com.br\/wp-content\/uploads\/2024\/12\/OrcaRP-Box-Guilherme-Sircili.jpg?fit=750%2C500&ssl=1&resize=350%2C200","width":350,"height":200,"srcset":"https:\/\/i0.wp.com\/ismaelcolosi.com.br\/wp-content\/uploads\/2024\/12\/OrcaRP-Box-Guilherme-Sircili.jpg?fit=750%2C500&ssl=1&resize=350%2C200 1x, https:\/\/i0.wp.com\/ismaelcolosi.com.br\/wp-content\/uploads\/2024\/12\/OrcaRP-Box-Guilherme-Sircili.jpg?fit=750%2C500&ssl=1&resize=525%2C300 1.5x, https:\/\/i0.wp.com\/ismaelcolosi.com.br\/wp-content\/uploads\/2024\/12\/OrcaRP-Box-Guilherme-Sircili.jpg?fit=750%2C500&ssl=1&resize=700%2C400 2x"},"classes":[]}],"jetpack_sharing_enabled":true,"jetpack_shortlink":"https:\/\/wp.me\/pfMlyK-k5B","_links":{"self":[{"href":"https:\/\/ismaelcolosi.com.br\/index.php\/wp-json\/wp\/v2\/posts\/77227","targetHints":{"allow":["GET"]}}],"collection":[{"href":"https:\/\/ismaelcolosi.com.br\/index.php\/wp-json\/wp\/v2\/posts"}],"about":[{"href":"https:\/\/ismaelcolosi.com.br\/index.php\/wp-json\/wp\/v2\/types\/post"}],"author":[{"embeddable":true,"href":"https:\/\/ismaelcolosi.com.br\/index.php\/wp-json\/wp\/v2\/users\/1"}],"replies":[{"embeddable":true,"href":"https:\/\/ismaelcolosi.com.br\/index.php\/wp-json\/wp\/v2\/comments?post=77227"}],"version-history":[{"count":0,"href":"https:\/\/ismaelcolosi.com.br\/index.php\/wp-json\/wp\/v2\/posts\/77227\/revisions"}],"wp:featuredmedia":[{"embeddable":true,"href":"https:\/\/ismaelcolosi.com.br\/index.php\/wp-json\/wp\/v2\/media\/77228"}],"wp:attachment":[{"href":"https:\/\/ismaelcolosi.com.br\/index.php\/wp-json\/wp\/v2\/media?parent=77227"}],"wp:term":[{"taxonomy":"category","embeddable":true,"href":"https:\/\/ismaelcolosi.com.br\/index.php\/wp-json\/wp\/v2\/categories?post=77227"},{"taxonomy":"post_tag","embeddable":true,"href":"https:\/\/ismaelcolosi.com.br\/index.php\/wp-json\/wp\/v2\/tags?post=77227"}],"curies":[{"name":"wp","href":"https:\/\/api.w.org\/{rel}","templated":true}]}}