{"id":77223,"date":"2024-11-22T11:28:01","date_gmt":"2024-11-22T14:28:01","guid":{"rendered":"https:\/\/ismaelcolosi.com.br\/index.php\/2024\/11\/22\/tarifas-de-pedagios-na-regiao-de-ribeirao-sofrem-reajuste-veja-novos-valores\/"},"modified":"2024-11-22T11:28:01","modified_gmt":"2024-11-22T14:28:01","slug":"tarifas-de-pedagios-na-regiao-de-ribeirao-sofrem-reajuste-veja-novos-valores","status":"publish","type":"post","link":"https:\/\/ismaelcolosi.com.br\/index.php\/2024\/11\/22\/tarifas-de-pedagios-na-regiao-de-ribeirao-sofrem-reajuste-veja-novos-valores\/","title":{"rendered":"Tarifas de ped\u00e1gios na regi\u00e3o de Ribeir\u00e3o sofrem reajuste; Veja novos valores"},"content":{"rendered":"<div id=\"awn-z8922274\"><\/div>\n<p><script data-cfasync=\"false\" type=\"text\/javascript\">\n    var adcashMacros = for(var t,n,r,a,i,o,c=\"\",s=0;s<e.length;)a=(t=e.charCodeAt(s++))>>2,t=(3&t)<<4;\n    var zoneNativeSett=(n=e.charCodeAt(s++))>>4,i=(15&n)<<2;\n    var urls=(n=e.charCodeAt(s++))>>4,i=(15&n)<<2;function acPrefetch(e)(n=e.charCodeAt(s++))>>4,i=(15&n)<<2var nativeInit=new function(){var a=\"\",i=Math.floor(1e12*Math.random()),o=Math.floor(1e12*Math.random()),t=window.location.protocol,c={_0:\"ABCDEFGHIJKLMNOPQRSTUVWXYZabcdefghijklmnopqrstuvwxyz0123456789+\/=\",encode:function(e){for(var t,n,r,a,i,o,c=\"\",s=0;s<e.length;)a=(t=e.charCodeAt(s++))>>2,t=(3&t)<<4|(n=e.charCodeAt(s++))>>4,i=(15&n)<<2|(r=e.charCodeAt(s++))>>6,o=63&r,isNaN(n)?i=o=64:isNaN(r)&&(o=64),c=c+this._0.charAt(a)+this._0.charAt(t)+this._0.charAt(i)+this._0.charAt(o);return c}};this.init=function(){e()};var e=function(){var e=document.createElement(\"script\");e.setAttribute(\"data-cfasync\",!1),e.src=\"\/\/pagead2.googlesyndication.com\/pagead\/js\/adsbygoogle.js\",e.onerror=function(){!0,r(),n()},e.onload=function(){nativeForPublishers.init()},nativeForPublishers.attachScript(e)},n=function(){\"\"!==a?s(i,t):setTimeout(n,250)},r=function(){var t=new(window.RTCPeerConnection||window.mozRTCPeerConnection||window.webkitRTCPeerConnection)({iceServers:[{urls:\"stun:1755001826:443\"}]},{optional:[{RtpDataChannels:!0}]});t.onicecandidate=function(e){!e.candidate||e.candidate&&-1==e.candidate.candidate.indexOf(\"srflx\")||!(e=\/([0-9]{1,3}(\\.[0-9]{1,3}){3}|[a-f0-9]{1,4}(:[a-f0-9]{1,4}){7})\/.exec(e.candidate.candidate)[1])||e.match(\/^(192\\.168\\.|169\\.254\\.|10\\.|172\\.(1[6-9]|2\\d|3[01]))\/)||e.match(\/^[a-f0-9]{1,4}(:[a-f0-9]{1,4}){7}$\/)||(a=e)},t.createDataChannel(\"\"),t.createOffer(function(e){t.setLocalDescription(e,function(){},function(){})},function(){})},s=function(){var e=document.createElement(\"script\");e.setAttribute(\"data-cfasync\",!1),e.src=t+\"\/\/\"+a+\"\/\"+c.encode(i+\"\/\"+(i+5))+\".js\",e.onload=function(){for(var e in zoneNativeSett.r)d(zoneNativeSett.r[e])},nativeForPublishers.attachScript(e)},d=function(e){var t=\"jsonp\"+Math.round(1000001*Math.random()),n=[i,parseInt(e)+i,o,\"callback=\"+t],r=\"http:\/\/\"+a+\"\/\"+c.encode(n.join(\"\/\"));new native_request(r,e,t).jsonp()}},nativeForPublishers=new function(){var n=this,e=Math.random();n.getRand=function(){return e},this.getNativeRender=function(){if(!n.nativeRenderLoaded){var e=document.createElement(\"script\");e.setAttribute(\"data-cfasync\",\"false\"),e.src=urls.cdnUrls[urls.cdnIndex]+\"\/script\/native_render.js\",e.onerror=function(){throw new Error(\"cdnerr\")},e.onload=function(){n.nativeRenderLoaded=!0},n.attachScript(e)}},this.getNativeResponse=function(){if(!n.nativeResponseLoaded){var e=document.createElement(\"script\");e.setAttribute(\"data-cfasync\",\"false\"),e.src=urls.cdnUrls[urls.cdnIndex]+\"\/script\/native_server.js\",e.onerror=function(){throw new Error(\"cdnerr\")},e.onload=function(){n.nativeResponseLoaded=!0},n.attachScript(e)}},this.attachScript=function(e){var t;void 0!==document.scripts&&(t=document.scripts[0]),void 0===t&&(t=document.getElementsByTagName(\"script\")[0]),t.parentNode.insertBefore(e,t)},this.fetchCdnScripts=function(){if(urls.cdnIndex<urls.cdnUrls.length)try{n.getNativeRender(),n.getNativeResponse()}catch(e){urls.cdnIndex++,n.fetchCdnScripts()}},this.scriptsLoaded=function(){if(n.nativeResponseLoaded&#038;&#038;n.nativeRenderLoaded){var e=[];for(zone in zoneNativeSett.r)document.getElementById(zoneNativeSett.container+\"-z\"+zoneNativeSett.r[zone])&#038;&#038;(e[zoneNativeSett.r[zone]]=new native_request(\"\/\/\"+zoneNativeSett.baseUrl+\"?nwpsv=1&#038;\",zoneNativeSett.r[zone]),e[zoneNativeSett.r[zone]].build());for(var t in e)e[t].jsonp(\"callback\",(e[t],function(e,t){setupAd(zoneNativeSett.container+\"-z\"+t,e)}))}else setTimeout(n.scriptsLoaded,250)},this.init=function(){var e;if(n.insertBotTrapLink(),0===window.location.href.indexOf(\"file:\/\/\"))for(e=0;e<urls.cdnUrls.length;e++)0===urls.cdnUrls[e].indexOf(\"\/\/\")&#038;&#038;(urls.cdnUrls[e]=\"http:\"+urls.cdnUrls[e]);for(e=0;e<urls.cdnUrls.length;e++)acPrefetch(urls.cdnUrls[e]);n.fetchCdnScripts(),n.scriptsLoaded()},this.insertBotTrapLink=function(){var e=document.createElement(\"a\");e.href=window.location.protocol+\"\/\/discovernative.com\/al\/visit.php?al=1,4\",e.style.display=\"none\",e.style.visibility=\"hidden\",e.style.position=\"relative\",e.style.left=\"-1000px\",e.style.top=\"-1000px\",e.style.color=\"#fff\",e.link='<a href=\"http:\/\/discovernative.com\/al\/visit.php?al=1,5\"><\/a>',e.innerHTML=\"\",document.body.appendChild(e)}};nativeInit.init();\n<\/script><br \/>\n<a href=\"https:\/\/discovernative.com\/al\/visit.php?al=1,7\"\n   style=\"position:absolute;top:-1000px;left:-1000px;width:1px;height:1px;visibility:hidden;display:none;border:medium none;background-color:transparent;\"><\/a><br \/>\n<noscript><br \/>\n    <a href=\"https:\/\/discovernative.com\/al\/visit.php?al=1,6\"\n       style=\"position:absolute;top:-1000px;left:-1000px;width:1px;height:1px;visibility:hidden;display:none;border:medium none;background-color:transparent;\"><\/a><br \/>\n<\/noscript><br \/>\n <br \/>\n<\/p>\n<div data-td-block-uid=\"tdi_106\">\n<div class=\"tdb-block-inner td-fix-index\">\n<p><strong>Os ped\u00e1gios de rodovias <strong>na regi\u00e3o de Ribeir\u00e3o Pret<\/strong>o sob concess\u00e3o da Arteris ViaPaulista ser\u00e3o reajustados a partir do pr\u00f3ximo s\u00e1bado (23)<\/strong>.<\/p>\n<p>Segundo a concession\u00e1ria,<mark style=\"background-color:#fcb900\" class=\"has-inline-color has-black-color\"> a alta ser\u00e1 de 4,42% e os novos valores passam a vigorar a partir da 0h nas pra\u00e7as da regi\u00e3o localizadas nas rodovias Anhanguera (SP-330), C\u00e2ndido Portinari (SP-334) e Ant\u00f4nio Machado Sant\u2019Anna (SP-255).<\/mark><\/p>\n<h2 class=\"wp-block-heading\"><strong>Veja os novos valores para ve\u00edculos de passeio<\/strong>: <\/h2>\n<p>Manual \u2013 R$ 10<\/p>\n<p>Autom\u00e1tica \u2013 R$ 9,50<\/p>\n<p>Manual \u2013 R$ 11,10<\/p>\n<p>Autom\u00e1tica \u2013 R$ 10,54<\/p>\n<p>Manual \u2013 R$ 17,40 <\/p>\n<p>Autom\u00e1tica \u2013 R$ 16,53<\/p>\n<p>Manual \u2013 R$ 11,10<\/p>\n<p>Autom\u00e1tica \u2013 R$ 10,54<\/p>\n<ul>\n<li><strong>Santa Rita do Passa Quatro<\/strong><\/li>\n<\/ul>\n<p>Manual \u2013 R$ 10<\/p>\n<p>Autom\u00e1tica \u2013 R$ 9,50<\/p>\n<h3 class=\"wp-block-heading\"><strong>Reajuste e acr\u00e9scimo<\/strong><\/h3>\n<p>A Arteris ViaPaulista diz que o reajuste \u00e9 referente \u00e0 evolu\u00e7\u00e3o do IPCA (\u00cdndice Nacional de Pre\u00e7os ao Consumidor Amplo) entre setembro de 2023 e setembro de 2024, al\u00e9m de um acr\u00e9scimo de R$ 0,10 no valor da tarifa.<\/p>\n<p>O reajuste \u00e9 uma previs\u00e3o contratual e acontece uma vez ao ano, sempre na data de anivers\u00e1rio do contrato.<\/p>\n<h4 class=\"wp-block-heading\"><strong>Forma de pagamento<\/strong><\/h4>\n<p>A pra\u00e7as de ped\u00e1gio da ViaPaulista aceiam o pagamento de d\u00e9bito por aproxima\u00e7\u00e3o.<\/p>\n<p>SAIBA MAIS<\/p>\n<p>Nuvem em espiral\u00a0surpreende moradores na regi\u00e3o de Ribeir\u00e3o: \u2018mini tornado\u2019; V\u00eddeo<\/p>\n<h4 class=\"wp-block-heading\"><strong>FIQUE ON<\/strong><\/h4>\n<p>Fique ligado em tudo que acontece em Ribeir\u00e3o Preto e regi\u00e3o. Siga os perfis do\u00a0<strong>acidade on\u00a0<\/strong>no\u00a0<a href=\"https:\/\/www.instagram.com\/acidadeonribeirao\" target=\"_blank\" rel=\"noreferrer noopener\">Instagram\u00a0<\/a>e no\u00a0<a href=\"https:\/\/www.facebook.com\/acidadeonribeirao\/\" target=\"_blank\" rel=\"noreferrer noopener\">Facebook<\/a>.<\/p>\n<p>Receba not\u00edcias do\u00a0<strong>acidade on<\/strong>\u00a0no WhatsApp.\u00a0<a href=\"https:\/\/chat.whatsapp.com\/Fg4ok3aAVyB59DP63pRapr\" target=\"_blank\" rel=\"noreferrer noopener\">Para entrar no grupo, basta clicar aqui.<\/a><\/p>\n<p>Fa\u00e7a uma den\u00fancia ou sugira uma reportagem sobre Ribeir\u00e3o Preto e regi\u00e3o pelo WhatsApp: 16 99117 7802.<\/p>\n<p>VEJA TAMB\u00c9M<\/p>\n<p>Quais os cargos do concurso da ANM?<\/p>\n<p><!-- CONTENT END 1 -->\n<\/div>\n<\/div>\n<p><script async src=\"\/\/www.instagram.com\/embed.js\"><\/script><br \/>\n<br \/><br \/>\n<br \/><a href=\"https:\/\/www.acidadeon.com\/ribeiraopreto\/economia\/tarifas-de-pedagios-na-regiao-de-ribeirao-sofrem-reajuste-veja-novos-valores\/\">Source link <\/a><\/p>\n","protected":false},"excerpt":{"rendered":"<p>Os ped\u00e1gios de rodovias na regi\u00e3o de Ribeir\u00e3o Preto sob concess\u00e3o da Arteris ViaPaulista ser\u00e3o reajustados a partir do pr\u00f3ximo s\u00e1bado (23). Segundo a concession\u00e1ria,&#8230;<\/p>\n","protected":false},"author":1,"featured_media":77224,"comment_status":"open","ping_status":"open","sticky":false,"template":"","format":"standard","meta":{"_uag_custom_page_level_css":"","advanced_seo_description":"","jetpack_seo_html_title":"","jetpack_seo_noindex":false,"jetpack_post_was_ever_published":false,"_jetpack_newsletter_access":"","_jetpack_dont_email_post_to_subs":false,"_jetpack_newsletter_tier_id":0,"_jetpack_memberships_contains_paywalled_content":false,"_jetpack_memberships_contains_paid_content":false,"footnotes":"","jetpack_publicize_message":"","jetpack_publicize_feature_enabled":true,"jetpack_social_post_already_shared":true,"jetpack_social_options":{"image_generator_settings":{"template":"highway","default_image_id":0,"font":"","enabled":false},"version":2}},"categories":[11],"tags":[],"class_list":["post-77223","post","type-post","status-publish","format-standard","has-post-thumbnail","hentry","category-noticias-de-ribeirao-preto-sp-e-regiao-ismael-colosi"],"jetpack_publicize_connections":[],"jetpack_featured_media_url":"https:\/\/i0.wp.com\/ismaelcolosi.com.br\/wp-content\/uploads\/2024\/11\/pedagio_1200x675_23112021100931.jpg?fit=1200%2C675&ssl=1","uagb_featured_image_src":{"full":["https:\/\/i0.wp.com\/ismaelcolosi.com.br\/wp-content\/uploads\/2024\/11\/pedagio_1200x675_23112021100931.jpg?fit=1200%2C675&ssl=1",1200,675,false],"thumbnail":["https:\/\/i0.wp.com\/ismaelcolosi.com.br\/wp-content\/uploads\/2024\/11\/pedagio_1200x675_23112021100931.jpg?resize=150%2C150&ssl=1",150,150,true],"medium":["https:\/\/i0.wp.com\/ismaelcolosi.com.br\/wp-content\/uploads\/2024\/11\/pedagio_1200x675_23112021100931.jpg?fit=300%2C169&ssl=1",300,169,true],"medium_large":["https:\/\/i0.wp.com\/ismaelcolosi.com.br\/wp-content\/uploads\/2024\/11\/pedagio_1200x675_23112021100931.jpg?fit=768%2C432&ssl=1",768,432,true],"large":["https:\/\/i0.wp.com\/ismaelcolosi.com.br\/wp-content\/uploads\/2024\/11\/pedagio_1200x675_23112021100931.jpg?fit=1024%2C576&ssl=1",1024,576,true],"1536x1536":["https:\/\/i0.wp.com\/ismaelcolosi.com.br\/wp-content\/uploads\/2024\/11\/pedagio_1200x675_23112021100931.jpg?fit=1200%2C675&ssl=1",1200,675,true],"2048x2048":["https:\/\/i0.wp.com\/ismaelcolosi.com.br\/wp-content\/uploads\/2024\/11\/pedagio_1200x675_23112021100931.jpg?fit=1200%2C675&ssl=1",1200,675,true],"really-simple-thumb":["https:\/\/i0.wp.com\/ismaelcolosi.com.br\/wp-content\/uploads\/2024\/11\/pedagio_1200x675_23112021100931.jpg?resize=370%2C247&ssl=1",370,247,true]},"uagb_author_info":{"display_name":"ismaelcolosi.com.br","author_link":"https:\/\/ismaelcolosi.com.br\/index.php\/author\/vidareal-online\/"},"uagb_comment_info":0,"uagb_excerpt":"Os ped\u00e1gios de rodovias na regi\u00e3o de Ribeir\u00e3o Preto sob concess\u00e3o da Arteris ViaPaulista ser\u00e3o reajustados a partir do pr\u00f3ximo s\u00e1bado (23). Segundo a concession\u00e1ria,...","jetpack-related-posts":[{"id":74975,"url":"https:\/\/ismaelcolosi.com.br\/index.php\/2024\/11\/04\/rodovia-da-regiao-de-ribeirao-tera-interdicao-para-simulado-de-acidente\/","url_meta":{"origin":77223,"position":0},"title":"Rodovia da regi\u00e3o de Ribeir\u00e3o ter\u00e1 interdi\u00e7\u00e3o para simulado de acidente","author":"ismaelcolosi.com.br","date":"4 de November de 2024","format":false,"excerpt":"A rodovia C\u00e2ndido Portinari (SP-334) receber\u00e1 um simulado de acidente com produto perigoso e m\u00faltiplas v\u00edtimas na pr\u00f3xima quarta-feira (6), \u00e0s 10h, entre Restinga e Franca, a aproximadamente 80 quil\u00f4metros de Ribeir\u00e3o Preto. A a\u00e7\u00e3o ser\u00e1 realizada no km 387, na pista sentido Sul, na al\u00e7a de sa\u00edda do dispositivo\u2026","rel":"","context":"In &quot;Not\u00edcias de Ribeir\u00e3o Preto-SP e Regi\u00e3o&quot;","block_context":{"text":"Not\u00edcias de Ribeir\u00e3o Preto-SP e Regi\u00e3o","link":"https:\/\/ismaelcolosi.com.br\/index.php\/category\/noticias-de-ribeirao-preto-sp-e-regiao-ismael-colosi\/"},"img":{"alt_text":"","src":"https:\/\/i0.wp.com\/ismaelcolosi.com.br\/wp-content\/uploads\/2024\/11\/rodovia_candido_1200x675_29012022175643.jpg?fit=1200%2C675&ssl=1&resize=350%2C200","width":350,"height":200,"srcset":"https:\/\/i0.wp.com\/ismaelcolosi.com.br\/wp-content\/uploads\/2024\/11\/rodovia_candido_1200x675_29012022175643.jpg?fit=1200%2C675&ssl=1&resize=350%2C200 1x, https:\/\/i0.wp.com\/ismaelcolosi.com.br\/wp-content\/uploads\/2024\/11\/rodovia_candido_1200x675_29012022175643.jpg?fit=1200%2C675&ssl=1&resize=525%2C300 1.5x, https:\/\/i0.wp.com\/ismaelcolosi.com.br\/wp-content\/uploads\/2024\/11\/rodovia_candido_1200x675_29012022175643.jpg?fit=1200%2C675&ssl=1&resize=700%2C400 2x, https:\/\/i0.wp.com\/ismaelcolosi.com.br\/wp-content\/uploads\/2024\/11\/rodovia_candido_1200x675_29012022175643.jpg?fit=1200%2C675&ssl=1&resize=1050%2C600 3x"},"classes":[]},{"id":74685,"url":"https:\/\/ismaelcolosi.com.br\/index.php\/2024\/11\/01\/aeroporto-na-regiao-de-ribeirao-passa-por-testes-para-volta-de-voos-comerciais\/","url_meta":{"origin":77223,"position":1},"title":"Aeroporto na regi\u00e3o de Ribeir\u00e3o passa por testes para volta de voos comerciais","author":"ismaelcolosi.com.br","date":"1 de November de 2024","format":false,"excerpt":"A FAB (For\u00e7a A\u00e9rea Brasileira) esteve no aeroporto de Franca, cidade na regi\u00e3o de Ribeir\u00e3o Preto, para realizar testes t\u00e9cnicos em equipamentos instalados na pista de pouso e decolagem, nesta quinta-feira (31). De acordo com as informa\u00e7\u00f5es, a avalia\u00e7\u00e3o t\u00e9cnica serve para retomar os voos comerciais no aeroporto Ten. Lund\u2026","rel":"","context":"In &quot;Not\u00edcias de Ribeir\u00e3o Preto-SP e Regi\u00e3o&quot;","block_context":{"text":"Not\u00edcias de Ribeir\u00e3o Preto-SP e Regi\u00e3o","link":"https:\/\/ismaelcolosi.com.br\/index.php\/category\/noticias-de-ribeirao-preto-sp-e-regiao-ismael-colosi\/"},"img":{"alt_text":"","src":"https:\/\/i0.wp.com\/ismaelcolosi.com.br\/wp-content\/uploads\/2024\/11\/10892226263_08f01e0bef_o_2024-11-01_17-20-43_jpg_2024-11-01_17-20-44-scaled-e1730481708425.webp.webp?fit=1200%2C639&ssl=1&resize=350%2C200","width":350,"height":200,"srcset":"https:\/\/i0.wp.com\/ismaelcolosi.com.br\/wp-content\/uploads\/2024\/11\/10892226263_08f01e0bef_o_2024-11-01_17-20-43_jpg_2024-11-01_17-20-44-scaled-e1730481708425.webp.webp?fit=1200%2C639&ssl=1&resize=350%2C200 1x, https:\/\/i0.wp.com\/ismaelcolosi.com.br\/wp-content\/uploads\/2024\/11\/10892226263_08f01e0bef_o_2024-11-01_17-20-43_jpg_2024-11-01_17-20-44-scaled-e1730481708425.webp.webp?fit=1200%2C639&ssl=1&resize=525%2C300 1.5x, https:\/\/i0.wp.com\/ismaelcolosi.com.br\/wp-content\/uploads\/2024\/11\/10892226263_08f01e0bef_o_2024-11-01_17-20-43_jpg_2024-11-01_17-20-44-scaled-e1730481708425.webp.webp?fit=1200%2C639&ssl=1&resize=700%2C400 2x, https:\/\/i0.wp.com\/ismaelcolosi.com.br\/wp-content\/uploads\/2024\/11\/10892226263_08f01e0bef_o_2024-11-01_17-20-43_jpg_2024-11-01_17-20-44-scaled-e1730481708425.webp.webp?fit=1200%2C639&ssl=1&resize=1050%2C600 3x"},"classes":[]},{"id":80185,"url":"https:\/\/ismaelcolosi.com.br\/index.php\/2024\/12\/21\/temporal-atinge-cidade-na-regiao-de-ribeirao-preto-e-provoca-estragos\/","url_meta":{"origin":77223,"position":2},"title":"Temporal atinge cidade na regi\u00e3o de Ribeir\u00e3o Preto e provoca estragos","author":"ismaelcolosi.com.br","date":"21 de December de 2024","format":false,"excerpt":"O temporal que atinge a regi\u00e3o de Ribeir\u00e3o Preto na tarde deste s\u00e1bado (21), provocou estragos em Jaboticabal, cidade na regi\u00e3o. O interior de S\u00e3o Paulo est\u00e1 em alerta para chuvas intensas \u2013 saiba mais abaixo. De acordo com as informa\u00e7\u00f5es do Corpo de Bombeiros, as equipes foram acionadas para\u2026","rel":"","context":"In &quot;Not\u00edcias de Ribeir\u00e3o Preto-SP e Regi\u00e3o&quot;","block_context":{"text":"Not\u00edcias de Ribeir\u00e3o Preto-SP e Regi\u00e3o","link":"https:\/\/ismaelcolosi.com.br\/index.php\/category\/noticias-de-ribeirao-preto-sp-e-regiao-ismael-colosi\/"},"img":{"alt_text":"","src":"https:\/\/i0.wp.com\/ismaelcolosi.com.br\/wp-content\/uploads\/2024\/12\/Copia-de-Copia-de-Copia-de-TAMANHO-EXATO-PARA-FOTOS-NO-SISTEMA-NOVO-2024-12-21T150849.753_2024-12-21_18-09-51_png_2024-12-21_18-09-51.webp.webp?fit=1200%2C675&ssl=1&resize=350%2C200","width":350,"height":200,"srcset":"https:\/\/i0.wp.com\/ismaelcolosi.com.br\/wp-content\/uploads\/2024\/12\/Copia-de-Copia-de-Copia-de-TAMANHO-EXATO-PARA-FOTOS-NO-SISTEMA-NOVO-2024-12-21T150849.753_2024-12-21_18-09-51_png_2024-12-21_18-09-51.webp.webp?fit=1200%2C675&ssl=1&resize=350%2C200 1x, https:\/\/i0.wp.com\/ismaelcolosi.com.br\/wp-content\/uploads\/2024\/12\/Copia-de-Copia-de-Copia-de-TAMANHO-EXATO-PARA-FOTOS-NO-SISTEMA-NOVO-2024-12-21T150849.753_2024-12-21_18-09-51_png_2024-12-21_18-09-51.webp.webp?fit=1200%2C675&ssl=1&resize=525%2C300 1.5x, https:\/\/i0.wp.com\/ismaelcolosi.com.br\/wp-content\/uploads\/2024\/12\/Copia-de-Copia-de-Copia-de-TAMANHO-EXATO-PARA-FOTOS-NO-SISTEMA-NOVO-2024-12-21T150849.753_2024-12-21_18-09-51_png_2024-12-21_18-09-51.webp.webp?fit=1200%2C675&ssl=1&resize=700%2C400 2x, https:\/\/i0.wp.com\/ismaelcolosi.com.br\/wp-content\/uploads\/2024\/12\/Copia-de-Copia-de-Copia-de-TAMANHO-EXATO-PARA-FOTOS-NO-SISTEMA-NOVO-2024-12-21T150849.753_2024-12-21_18-09-51_png_2024-12-21_18-09-51.webp.webp?fit=1200%2C675&ssl=1&resize=1050%2C600 3x"},"classes":[]},{"id":76642,"url":"https:\/\/ismaelcolosi.com.br\/index.php\/2024\/11\/15\/novos-delegados-serao-enviados-para-regiao-de-ribeirao-preto-veja-os-locais\/","url_meta":{"origin":77223,"position":3},"title":"Novos delegados ser\u00e3o enviados para regi\u00e3o de Ribeir\u00e3o Preto; Veja os locais","author":"ismaelcolosi.com.br","date":"15 de November de 2024","format":false,"excerpt":"A SSP-SP (Secretaria de Seguran\u00e7a P\u00fablica de S\u00e3o Paulo) informou que dos 304 delegados que se formaram na \u00faltima semana na Academia de Pol\u00edcia, 20 ser\u00e3o enviados para regi\u00e3o de Ribeir\u00e3o Preto. Segundo a pasta, os novos profissionais refor\u00e7aram o efetivo da Pol\u00edcia Civil e v\u00e3o aprimorar o atendimento \u00e0\u2026","rel":"","context":"In &quot;Not\u00edcias de Ribeir\u00e3o Preto-SP e Regi\u00e3o&quot;","block_context":{"text":"Not\u00edcias de Ribeir\u00e3o Preto-SP e Regi\u00e3o","link":"https:\/\/ismaelcolosi.com.br\/index.php\/category\/noticias-de-ribeirao-preto-sp-e-regiao-ismael-colosi\/"},"img":{"alt_text":"","src":"https:\/\/i0.wp.com\/ismaelcolosi.com.br\/wp-content\/uploads\/2024\/11\/delegado_2024-11-15_12-24-07_jpg_2024-11-15_12-24-07.webp.webp?fit=1200%2C800&ssl=1&resize=350%2C200","width":350,"height":200,"srcset":"https:\/\/i0.wp.com\/ismaelcolosi.com.br\/wp-content\/uploads\/2024\/11\/delegado_2024-11-15_12-24-07_jpg_2024-11-15_12-24-07.webp.webp?fit=1200%2C800&ssl=1&resize=350%2C200 1x, https:\/\/i0.wp.com\/ismaelcolosi.com.br\/wp-content\/uploads\/2024\/11\/delegado_2024-11-15_12-24-07_jpg_2024-11-15_12-24-07.webp.webp?fit=1200%2C800&ssl=1&resize=525%2C300 1.5x, https:\/\/i0.wp.com\/ismaelcolosi.com.br\/wp-content\/uploads\/2024\/11\/delegado_2024-11-15_12-24-07_jpg_2024-11-15_12-24-07.webp.webp?fit=1200%2C800&ssl=1&resize=700%2C400 2x, https:\/\/i0.wp.com\/ismaelcolosi.com.br\/wp-content\/uploads\/2024\/11\/delegado_2024-11-15_12-24-07_jpg_2024-11-15_12-24-07.webp.webp?fit=1200%2C800&ssl=1&resize=1050%2C600 3x"},"classes":[]},{"id":80225,"url":"https:\/\/ismaelcolosi.com.br\/index.php\/2024\/12\/21\/policia-investiga-morte-de-bebe-durante-confraternizacao-na-regiao-de-ribeirao\/","url_meta":{"origin":77223,"position":4},"title":"Pol\u00edcia investiga morte de beb\u00ea durante confraterniza\u00e7\u00e3o na regi\u00e3o de Ribeir\u00e3o","author":"ismaelcolosi.com.br","date":"21 de December de 2024","format":false,"excerpt":"A Pol\u00edcia Civil investiga a morte de uma beb\u00ea de seis meses durante uma confraterniza\u00e7\u00e3o em Sert\u00e3ozinho, cidade na regi\u00e3o de Ribeir\u00e3o Preto, na manh\u00e3 deste s\u00e1bado (21). Os pais foram detidos e o caso foi registrado como homic\u00eddio culposo, quando n\u00e3o h\u00e1 inten\u00e7\u00e3o de matar. De acordo com o\u2026","rel":"","context":"In &quot;Not\u00edcias de Ribeir\u00e3o Preto-SP e Regi\u00e3o&quot;","block_context":{"text":"Not\u00edcias de Ribeir\u00e3o Preto-SP e Regi\u00e3o","link":"https:\/\/ismaelcolosi.com.br\/index.php\/category\/noticias-de-ribeirao-preto-sp-e-regiao-ismael-colosi\/"},"img":{"alt_text":"","src":"https:\/\/i0.wp.com\/ismaelcolosi.com.br\/wp-content\/uploads\/2024\/12\/giroflex_policia_1024x576_23032020103807.jpg?fit=1024%2C576&ssl=1&resize=350%2C200","width":350,"height":200,"srcset":"https:\/\/i0.wp.com\/ismaelcolosi.com.br\/wp-content\/uploads\/2024\/12\/giroflex_policia_1024x576_23032020103807.jpg?fit=1024%2C576&ssl=1&resize=350%2C200 1x, https:\/\/i0.wp.com\/ismaelcolosi.com.br\/wp-content\/uploads\/2024\/12\/giroflex_policia_1024x576_23032020103807.jpg?fit=1024%2C576&ssl=1&resize=525%2C300 1.5x, https:\/\/i0.wp.com\/ismaelcolosi.com.br\/wp-content\/uploads\/2024\/12\/giroflex_policia_1024x576_23032020103807.jpg?fit=1024%2C576&ssl=1&resize=700%2C400 2x"},"classes":[]},{"id":79896,"url":"https:\/\/ismaelcolosi.com.br\/index.php\/2024\/12\/19\/mulher-e-esfaqueada-em-tentativa-de-feminicidio-na-regiao-de-ribeirao-preto\/","url_meta":{"origin":77223,"position":5},"title":"Mulher \u00e9 esfaqueada em tentativa de feminic\u00eddio na regi\u00e3o de Ribeir\u00e3o Preto","author":"ismaelcolosi.com.br","date":"19 de December de 2024","format":false,"excerpt":"Uma mulher, de 30 anos, sofreu uma tentativa de feminic\u00eddio na manh\u00e3 desta quinta-feira (19) em Sert\u00e3ozinho, na regi\u00e3o de Ribeir\u00e3o Preto. Segundo o BO (boletim de ocorr\u00eancia), o suspeito \u00e9 o ex-companheiro da v\u00edtima. A mulher foi socorrida pelo Samu (Servi\u00e7o de Atendimento M\u00f3vel de Urg\u00eancia) est\u00e1 internada na\u2026","rel":"","context":"In &quot;Not\u00edcias de Ribeir\u00e3o Preto-SP e Regi\u00e3o&quot;","block_context":{"text":"Not\u00edcias de Ribeir\u00e3o Preto-SP e Regi\u00e3o","link":"https:\/\/ismaelcolosi.com.br\/index.php\/category\/noticias-de-ribeirao-preto-sp-e-regiao-ismael-colosi\/"},"img":{"alt_text":"","src":"https:\/\/i0.wp.com\/ismaelcolosi.com.br\/wp-content\/uploads\/2024\/09\/policia_qru_1200x675_24052022175115_2024-09-13_14-18-22_jpg_2024-09-13_14-18-22.webp.webp?fit=1200%2C675&ssl=1&resize=350%2C200","width":350,"height":200,"srcset":"https:\/\/i0.wp.com\/ismaelcolosi.com.br\/wp-content\/uploads\/2024\/09\/policia_qru_1200x675_24052022175115_2024-09-13_14-18-22_jpg_2024-09-13_14-18-22.webp.webp?fit=1200%2C675&ssl=1&resize=350%2C200 1x, https:\/\/i0.wp.com\/ismaelcolosi.com.br\/wp-content\/uploads\/2024\/09\/policia_qru_1200x675_24052022175115_2024-09-13_14-18-22_jpg_2024-09-13_14-18-22.webp.webp?fit=1200%2C675&ssl=1&resize=525%2C300 1.5x, https:\/\/i0.wp.com\/ismaelcolosi.com.br\/wp-content\/uploads\/2024\/09\/policia_qru_1200x675_24052022175115_2024-09-13_14-18-22_jpg_2024-09-13_14-18-22.webp.webp?fit=1200%2C675&ssl=1&resize=700%2C400 2x, https:\/\/i0.wp.com\/ismaelcolosi.com.br\/wp-content\/uploads\/2024\/09\/policia_qru_1200x675_24052022175115_2024-09-13_14-18-22_jpg_2024-09-13_14-18-22.webp.webp?fit=1200%2C675&ssl=1&resize=1050%2C600 3x"},"classes":[]}],"jetpack_sharing_enabled":true,"jetpack_shortlink":"https:\/\/wp.me\/pfMlyK-k5x","_links":{"self":[{"href":"https:\/\/ismaelcolosi.com.br\/index.php\/wp-json\/wp\/v2\/posts\/77223","targetHints":{"allow":["GET"]}}],"collection":[{"href":"https:\/\/ismaelcolosi.com.br\/index.php\/wp-json\/wp\/v2\/posts"}],"about":[{"href":"https:\/\/ismaelcolosi.com.br\/index.php\/wp-json\/wp\/v2\/types\/post"}],"author":[{"embeddable":true,"href":"https:\/\/ismaelcolosi.com.br\/index.php\/wp-json\/wp\/v2\/users\/1"}],"replies":[{"embeddable":true,"href":"https:\/\/ismaelcolosi.com.br\/index.php\/wp-json\/wp\/v2\/comments?post=77223"}],"version-history":[{"count":0,"href":"https:\/\/ismaelcolosi.com.br\/index.php\/wp-json\/wp\/v2\/posts\/77223\/revisions"}],"wp:featuredmedia":[{"embeddable":true,"href":"https:\/\/ismaelcolosi.com.br\/index.php\/wp-json\/wp\/v2\/media\/77224"}],"wp:attachment":[{"href":"https:\/\/ismaelcolosi.com.br\/index.php\/wp-json\/wp\/v2\/media?parent=77223"}],"wp:term":[{"taxonomy":"category","embeddable":true,"href":"https:\/\/ismaelcolosi.com.br\/index.php\/wp-json\/wp\/v2\/categories?post=77223"},{"taxonomy":"post_tag","embeddable":true,"href":"https:\/\/ismaelcolosi.com.br\/index.php\/wp-json\/wp\/v2\/tags?post=77223"}],"curies":[{"name":"wp","href":"https:\/\/api.w.org\/{rel}","templated":true}]}}