{"id":77217,"date":"2024-11-22T10:52:08","date_gmt":"2024-11-22T13:52:08","guid":{"rendered":"https:\/\/ismaelcolosi.com.br\/index.php\/2024\/11\/22\/regiao-ganha-sala-de-protecao-a-mulher\/"},"modified":"2024-11-22T10:52:08","modified_gmt":"2024-11-22T13:52:08","slug":"regiao-ganha-sala-de-protecao-a-mulher","status":"publish","type":"post","link":"https:\/\/ismaelcolosi.com.br\/index.php\/2024\/11\/22\/regiao-ganha-sala-de-protecao-a-mulher\/","title":{"rendered":"Regi\u00e3o ganha sala de prote\u00e7\u00e3o \u00e0 mulher"},"content":{"rendered":"<p> <br \/>\n<\/p>\n<div>\n<p>Por: Adalberto Luque<\/p>\n<p>Ituverava \u00e9 uma das seis cidades contempladas com uma sala de prote\u00e7\u00e3o \u00e0 mulher para delegacias de Pol\u00edcia. A informa\u00e7\u00e3o foi divulgada na noite desta quinta-feira (21) pela Secretaria da Seguran\u00e7a P\u00fablica (SSP).<\/p><div class='code-block code-block-8' style='margin: 8px auto; text-align: center; display: block; clear: both;'>\n<script>\n  atOptions = {\n    'key' : '66e2e2111ca34da796271819fc334058',\n    'format' : 'iframe',\n    'height' : 250,\n    'width' : 300,\n    'params' : {}\n  };\n<\/script>\n<script src=\"https:\/\/www.highperformanceformat.com\/66e2e2111ca34da796271819fc334058\/invoke.js\"><\/script>\n<\/div>\n\n<p>Al\u00e9m de Ituverava, as salas chegam a Aparecida, Bananal, Campos do Jord\u00e3o, Pindamonhangaba e Capivari. A sala de prote\u00e7\u00e3o de Aparecida j\u00e1 est\u00e1 funcionando.<\/p>\n<p>\u201cA expans\u00e3o das Salas DDM Online para mais cidades de S\u00e3o Paulo \u00e9 um passo fundamental na garantia de prote\u00e7\u00e3o e acolhimento \u00e0s mulheres v\u00edtimas de viol\u00eancia. Com a moderniza\u00e7\u00e3o e humaniza\u00e7\u00e3o do atendimento, asseguramos que cada mulher tenha o suporte necess\u00e1rio, de forma segura e acess\u00edvel, para denunciar e buscar justi\u00e7a. O Governo de S\u00e3o Paulo est\u00e1 comprometido em fortalecer a rede de prote\u00e7\u00e3o, garantindo que todas as mulheres, em qualquer munic\u00edpio, possam se sentir seguras e protegidas\u201d, afirmou a secret\u00e1ria de Pol\u00edticas para a Mulher, Val\u00e9ria Bolsonaro.<\/p>\n<p>Nas delegacias onde as salas est\u00e3o dispon\u00edveis, a v\u00edtima de viol\u00eancia dom\u00e9stica ou familiar pode ter atendimento pela salda da DDM. O servi\u00e7o \u00e9 realizado por videoconfer\u00eancia por policial especializado em acolhimento para registro da den\u00fancia.<\/p>\n<p>\u201cO principal ganho \u00e9 que a v\u00edtima recebe atendimento mais preparado e qualificado por esse policial especializado. Ou seja, ela ser\u00e1 melhor acolhida e ter\u00e1 mais tempo com o profissional do que se passasse no plant\u00e3o comum com outras ocorr\u00eancias policiais\u201d, disse a delegada Cl\u00e1udia Nogueira Cobra, coordenadora da DDM Online.<\/p>\n<p>A delegada conta que o boletim de ocorr\u00eancia \u00e9 registrado como se o policial estivesse presencialmente com a v\u00edtima. \u201cCaso a mulher solicite a medida protetiva de urg\u00eancia, a gente grava o depoimento dela por v\u00eddeo, que \u00e9 transcrito pelo sistema e encaminhado ao Poder Judici\u00e1rio\u201d, complementou.<\/p>\n<p>A ideia das DDM Online \u00e9 complementar ao atendimento das unidades das Delegacias de Defesa da Mulher (DDM). Al\u00e9m das 141 delegacias territoriais especializadas, agora o estado passa a ter 144 salas DDM Online. Somente na atual gest\u00e3o, 65 salas passaram a prestar apoio \u00e0s v\u00edtimas de viol\u00eancia dom\u00e9stica.<\/p>\n<figure id=\"attachment_410446\" aria-describedby=\"caption-attachment-410446\" style=\"width: 743px\" class=\"wp-caption alignnone\"><img data-recalc-dims=\"1\" loading=\"lazy\" decoding=\"async\" class=\"wp-image-410446 lazyload\" src=\"https:\/\/i0.wp.com\/www.tribunaribeirao.com.br\/wp-content\/uploads\/2024\/11\/22nov2024-salaprotecaoddm2.jpg?resize=743%2C656&#038;ssl=1\" alt=\"\" width=\"743\" height=\"656\" srcset=\"https:\/\/www.tribunaribeirao.com.br\/wp-content\/uploads\/2024\/11\/22nov2024-salaprotecaoddm2.jpg 566w, https:\/\/www.tribunaribeirao.com.br\/wp-content\/uploads\/2024\/11\/22nov2024-salaprotecaoddm2-300x265.jpg 300w, https:\/\/www.tribunaribeirao.com.br\/wp-content\/uploads\/2024\/11\/22nov2024-salaprotecaoddm2-453x400.jpg 453w, https:\/\/www.tribunaribeirao.com.br\/wp-content\/uploads\/2024\/11\/22nov2024-salaprotecaoddm2-585x516.jpg 585w\" data-sizes=\"(max-width: 743px) 100vw, 743px\" style=\"--smush-placeholder-width: 743px; --smush-placeholder-aspect-ratio: 743\/656;\"\/><img data-recalc-dims=\"1\" loading=\"lazy\" decoding=\"async\" class=\" wp-image-410446\" src=\"https:\/\/i0.wp.com\/www.tribunaribeirao.com.br\/wp-content\/uploads\/2024\/11\/22nov2024-salaprotecaoddm2.jpg?resize=743%2C656&#038;ssl=1\" alt=\"\" width=\"743\" height=\"656\" srcset=\"https:\/\/www.tribunaribeirao.com.br\/wp-content\/uploads\/2024\/11\/22nov2024-salaprotecaoddm2.jpg 566w, https:\/\/www.tribunaribeirao.com.br\/wp-content\/uploads\/2024\/11\/22nov2024-salaprotecaoddm2-300x265.jpg 300w, https:\/\/www.tribunaribeirao.com.br\/wp-content\/uploads\/2024\/11\/22nov2024-salaprotecaoddm2-453x400.jpg 453w, https:\/\/www.tribunaribeirao.com.br\/wp-content\/uploads\/2024\/11\/22nov2024-salaprotecaoddm2-585x516.jpg 585w\" sizes=\"auto, (max-width: 743px) 100vw, 743px\"\/><figcaption id=\"caption-attachment-410446\" class=\"wp-caption-text\">O prefeito Ricardo Silva anunciou, durante campanha, que a cidade j\u00e1 tem garantida a constru\u00e7\u00e3o de uma nova sede da DDM, que vai funcionar 24 horas (Foto: Reprodu\u00e7\u00e3o\/Instagram)<\/figcaption><\/figure>\n<p><strong>Ribeir\u00e3o ter\u00e1 DDM 24 horas<\/strong><\/p>\n<p>Durante a campanha pol\u00edtica, o prefeito eleito Ricardo Silva afirmou que a cidade vai contar com uma Delegacia de Defesa da Mulher (DDM) 24 horas. A informa\u00e7\u00e3o foi confirmada pelo governador Tarc\u00edsio de Freitas e pelo secret\u00e1rio da Seguran\u00e7a P\u00fablica, Guilherme Derrite. Silva teria destinado uma verba de R$ 2 milh\u00f5es para a constru\u00e7\u00e3o do novo pr\u00e9dio.<\/p>\n<\/div>\n<p><br \/>\n<br \/><a href=\"https:\/\/www.tribunaribeirao.com.br\/regiao-ganha-sala-de-protecao-a-mulher\/\">Source link <\/a><\/p>\n<div class='code-block code-block-4' style='margin: 8px auto 8px 0; text-align: left; display: block; clear: both;'>\n\ud83d\udce2 Aviso Legal\n\nO site ismaelcolosi.com.br atua apenas como um canal de divulga\u00e7\u00e3o de oportunidades de emprego e n\u00e3o se responsabiliza pelo processo seletivo, contrata\u00e7\u00e3o ou qualquer outra etapa relacionada \u00e0s vagas publicadas. Todas as informa\u00e7\u00f5es s\u00e3o de responsabilidade dos anunciantes.\n\n\u26a0\ufe0f Aten\u00e7\u00e3o! Nunca pague por promessas de emprego nem compre cursos que garantam contrata\u00e7\u00e3o. Desconfie de qualquer cobran\u00e7a para participar de sele\u00e7\u00f5es.\n\n\n\n<\/div>\n<!-- CONTENT END 1 -->\n","protected":false},"excerpt":{"rendered":"<p>Por: Adalberto Luque Ituverava \u00e9 uma das seis cidades contempladas com uma sala de prote\u00e7\u00e3o \u00e0 mulher para delegacias de Pol\u00edcia. A informa\u00e7\u00e3o foi divulgada&#8230;<\/p>\n","protected":false},"author":1,"featured_media":77218,"comment_status":"open","ping_status":"open","sticky":false,"template":"","format":"standard","meta":{"_uag_custom_page_level_css":"","advanced_seo_description":"","jetpack_seo_html_title":"","jetpack_seo_noindex":false,"jetpack_post_was_ever_published":false,"_jetpack_newsletter_access":"","_jetpack_dont_email_post_to_subs":false,"_jetpack_newsletter_tier_id":0,"_jetpack_memberships_contains_paywalled_content":false,"_jetpack_memberships_contains_paid_content":false,"footnotes":"","jetpack_publicize_message":"","jetpack_publicize_feature_enabled":true,"jetpack_social_post_already_shared":true,"jetpack_social_options":{"image_generator_settings":{"template":"highway","default_image_id":0,"font":"","enabled":false},"version":2}},"categories":[11],"tags":[],"class_list":["post-77217","post","type-post","status-publish","format-standard","has-post-thumbnail","hentry","category-noticias-de-ribeirao-preto-sp-e-regiao-ismael-colosi"],"jetpack_publicize_connections":[],"jetpack_featured_media_url":"https:\/\/i0.wp.com\/ismaelcolosi.com.br\/wp-content\/uploads\/2024\/11\/22nov2024-salaprotecaoddm-scaled.jpg?fit=746%2C500&ssl=1","uagb_featured_image_src":{"full":["https:\/\/i0.wp.com\/ismaelcolosi.com.br\/wp-content\/uploads\/2024\/11\/22nov2024-salaprotecaoddm-scaled.jpg?fit=746%2C500&ssl=1",746,500,false],"thumbnail":["https:\/\/i0.wp.com\/ismaelcolosi.com.br\/wp-content\/uploads\/2024\/11\/22nov2024-salaprotecaoddm-scaled.jpg?resize=150%2C150&ssl=1",150,150,true],"medium":["https:\/\/i0.wp.com\/ismaelcolosi.com.br\/wp-content\/uploads\/2024\/11\/22nov2024-salaprotecaoddm-scaled.jpg?fit=300%2C201&ssl=1",300,201,true],"medium_large":["https:\/\/i0.wp.com\/ismaelcolosi.com.br\/wp-content\/uploads\/2024\/11\/22nov2024-salaprotecaoddm-scaled.jpg?fit=746%2C500&ssl=1",746,500,true],"large":["https:\/\/i0.wp.com\/ismaelcolosi.com.br\/wp-content\/uploads\/2024\/11\/22nov2024-salaprotecaoddm-scaled.jpg?fit=746%2C500&ssl=1",746,500,true],"1536x1536":["https:\/\/i0.wp.com\/ismaelcolosi.com.br\/wp-content\/uploads\/2024\/11\/22nov2024-salaprotecaoddm-scaled.jpg?fit=746%2C500&ssl=1",746,500,true],"2048x2048":["https:\/\/i0.wp.com\/ismaelcolosi.com.br\/wp-content\/uploads\/2024\/11\/22nov2024-salaprotecaoddm-scaled.jpg?fit=746%2C500&ssl=1",746,500,true],"really-simple-thumb":["https:\/\/i0.wp.com\/ismaelcolosi.com.br\/wp-content\/uploads\/2024\/11\/22nov2024-salaprotecaoddm-scaled.jpg?resize=370%2C247&ssl=1",370,247,true]},"uagb_author_info":{"display_name":"ismaelcolosi.com.br","author_link":"https:\/\/ismaelcolosi.com.br\/index.php\/author\/vidareal-online\/"},"uagb_comment_info":0,"uagb_excerpt":"Por: Adalberto Luque Ituverava \u00e9 uma das seis cidades contempladas com uma sala de prote\u00e7\u00e3o \u00e0 mulher para delegacias de Pol\u00edcia. A informa\u00e7\u00e3o foi divulgada...","jetpack-related-posts":[{"id":67116,"url":"https:\/\/ismaelcolosi.com.br\/index.php\/2024\/09\/20\/golpe-da-bencao-entenda-o-crime-que-levou-a-prisao-de-um-casal-suspeito-na-regiao-de-ribeirao\/","url_meta":{"origin":77217,"position":0},"title":"Golpe da ben\u00e7\u00e3o: Entenda o crime que levou \u00e0 pris\u00e3o de um casal suspeito na regi\u00e3o de Ribeir\u00e3o","author":"ismaelcolosi.com.br","date":"20 de September de 2024","format":false,"excerpt":"A Pol\u00edcia Civil prendeu em Barretos, cidade na regi\u00e3o de Ribeir\u00e3o Preto, um casal suspeito de aplicar o \u2018golpe da ben\u00e7\u00e3o\u2018 em munic\u00edpios do interior de S\u00e3o Paulo, nesta sexta-feira (20). \u00c0 apreens\u00e3o em flagrante aconteceu no Centro de Barretos, quando os dois tentavam entrar em uma caminhonete Volkswagen Amarok,\u2026","rel":"","context":"In &quot;Not\u00edcias de Ribeir\u00e3o Preto-SP e Regi\u00e3o&quot;","block_context":{"text":"Not\u00edcias de Ribeir\u00e3o Preto-SP e Regi\u00e3o","link":"https:\/\/ismaelcolosi.com.br\/index.php\/category\/noticias-de-ribeirao-preto-sp-e-regiao-ismael-colosi\/"},"img":{"alt_text":"","src":"https:\/\/i0.wp.com\/ismaelcolosi.com.br\/wp-content\/uploads\/2024\/09\/WhatsApp-Image-2024-09-20-at-17.28.03_2024-09-20_21-44-50_jpeg_2024-09-20_21-44-50.webp.webp?fit=1200%2C900&ssl=1&resize=350%2C200","width":350,"height":200,"srcset":"https:\/\/i0.wp.com\/ismaelcolosi.com.br\/wp-content\/uploads\/2024\/09\/WhatsApp-Image-2024-09-20-at-17.28.03_2024-09-20_21-44-50_jpeg_2024-09-20_21-44-50.webp.webp?fit=1200%2C900&ssl=1&resize=350%2C200 1x, https:\/\/i0.wp.com\/ismaelcolosi.com.br\/wp-content\/uploads\/2024\/09\/WhatsApp-Image-2024-09-20-at-17.28.03_2024-09-20_21-44-50_jpeg_2024-09-20_21-44-50.webp.webp?fit=1200%2C900&ssl=1&resize=525%2C300 1.5x, https:\/\/i0.wp.com\/ismaelcolosi.com.br\/wp-content\/uploads\/2024\/09\/WhatsApp-Image-2024-09-20-at-17.28.03_2024-09-20_21-44-50_jpeg_2024-09-20_21-44-50.webp.webp?fit=1200%2C900&ssl=1&resize=700%2C400 2x, https:\/\/i0.wp.com\/ismaelcolosi.com.br\/wp-content\/uploads\/2024\/09\/WhatsApp-Image-2024-09-20-at-17.28.03_2024-09-20_21-44-50_jpeg_2024-09-20_21-44-50.webp.webp?fit=1200%2C900&ssl=1&resize=1050%2C600 3x"},"classes":[]},{"id":43637,"url":"https:\/\/ismaelcolosi.com.br\/index.php\/2024\/03\/22\/esquadrilha-da-fumaca-vai-se-apresentar-na-regiao-de-ribeirao-veja-quando\/","url_meta":{"origin":77217,"position":1},"title":"Esquadrilha da Fuma\u00e7a vai se apresentar na regi\u00e3o de Ribeir\u00e3o; Veja quando","author":"ismaelcolosi.com.br","date":"22 de March de 2024","format":false,"excerpt":"A Esquadrilha da Fuma\u00e7a vai se apresentar em Ituverava, na regi\u00e3o de Ribeir\u00e3o Preto, no pr\u00f3ximo domingo (24), \u00e0s 16h, no aeroporto da cidade (clique aqui e veja como chegar). A \u00faltima apresenta\u00e7\u00e3o da Esquadrilha da Fuma\u00e7a em Ituverava foi em 2011. A apresenta\u00e7\u00e3o a\u00e9rea contar\u00e1 com os A-29 Super\u2026","rel":"","context":"In &quot;Not\u00edcias de Ribeir\u00e3o Preto-SP e Regi\u00e3o&quot;","block_context":{"text":"Not\u00edcias de Ribeir\u00e3o Preto-SP e Regi\u00e3o","link":"https:\/\/ismaelcolosi.com.br\/index.php\/category\/noticias-de-ribeirao-preto-sp-e-regiao-ismael-colosi\/"},"img":{"alt_text":"","src":"https:\/\/i0.wp.com\/ismaelcolosi.com.br\/wp-content\/uploads\/2024\/03\/AnyConv.com__esquadrilha-da-fumaca.webp.webp?fit=1200%2C800&ssl=1&resize=350%2C200","width":350,"height":200,"srcset":"https:\/\/i0.wp.com\/ismaelcolosi.com.br\/wp-content\/uploads\/2024\/03\/AnyConv.com__esquadrilha-da-fumaca.webp.webp?fit=1200%2C800&ssl=1&resize=350%2C200 1x, https:\/\/i0.wp.com\/ismaelcolosi.com.br\/wp-content\/uploads\/2024\/03\/AnyConv.com__esquadrilha-da-fumaca.webp.webp?fit=1200%2C800&ssl=1&resize=525%2C300 1.5x, https:\/\/i0.wp.com\/ismaelcolosi.com.br\/wp-content\/uploads\/2024\/03\/AnyConv.com__esquadrilha-da-fumaca.webp.webp?fit=1200%2C800&ssl=1&resize=700%2C400 2x, https:\/\/i0.wp.com\/ismaelcolosi.com.br\/wp-content\/uploads\/2024\/03\/AnyConv.com__esquadrilha-da-fumaca.webp.webp?fit=1200%2C800&ssl=1&resize=1050%2C600 3x"},"classes":[]},{"id":12987,"url":"https:\/\/ismaelcolosi.com.br\/index.php\/2023\/12\/08\/aposentado-perde-r-31-mil-em-golpe-de-falsa-de-protecao-bancaria-na-regiao-de-ribeirao\/","url_meta":{"origin":77217,"position":2},"title":"Aposentado perde R$ 31 mil em golpe de falsa de prote\u00e7\u00e3o banc\u00e1ria na regi\u00e3o de Ribeir\u00e3o","author":"ismaelcolosi.com.br","date":"8 de December de 2023","format":false,"excerpt":"Um aposentado, de 60 anos, de Batatais, cidade na regi\u00e3o de Ribeir\u00e3o Preto, foi v\u00edtima de um golpe, na \u00faltima quarta-feira (6), e perdeu R$ 31 mil ap\u00f3s uma suposta atendente de um banco oferecer um servi\u00e7o de prote\u00e7\u00e3o \u00e0 conta do homem. Um Boletim de Ocorr\u00eancia (BO) foi registrado\u2026","rel":"","context":"In &quot;Not\u00edcias de Ribeir\u00e3o Preto-SP e Regi\u00e3o&quot;","block_context":{"text":"Not\u00edcias de Ribeir\u00e3o Preto-SP e Regi\u00e3o","link":"https:\/\/ismaelcolosi.com.br\/index.php\/category\/noticias-de-ribeirao-preto-sp-e-regiao-ismael-colosi\/"},"img":{"alt_text":"","src":"https:\/\/i0.wp.com\/ismaelcolosi.com.br\/wp-content\/uploads\/2023\/12\/smartphone-g8bcf1c620_1280.jpg?fit=1200%2C800&ssl=1&resize=350%2C200","width":350,"height":200,"srcset":"https:\/\/i0.wp.com\/ismaelcolosi.com.br\/wp-content\/uploads\/2023\/12\/smartphone-g8bcf1c620_1280.jpg?fit=1200%2C800&ssl=1&resize=350%2C200 1x, https:\/\/i0.wp.com\/ismaelcolosi.com.br\/wp-content\/uploads\/2023\/12\/smartphone-g8bcf1c620_1280.jpg?fit=1200%2C800&ssl=1&resize=525%2C300 1.5x, https:\/\/i0.wp.com\/ismaelcolosi.com.br\/wp-content\/uploads\/2023\/12\/smartphone-g8bcf1c620_1280.jpg?fit=1200%2C800&ssl=1&resize=700%2C400 2x, https:\/\/i0.wp.com\/ismaelcolosi.com.br\/wp-content\/uploads\/2023\/12\/smartphone-g8bcf1c620_1280.jpg?fit=1200%2C800&ssl=1&resize=1050%2C600 3x"},"classes":[]},{"id":57904,"url":"https:\/\/ismaelcolosi.com.br\/index.php\/2024\/07\/25\/o-que-se-sabe-sobre-caso-de-homem-que-foi-queimado-pela-mulher-no-interior-de-sp\/","url_meta":{"origin":77217,"position":3},"title":"O que se sabe sobre caso de homem que foi queimado pela mulher no interior de SP","author":"ismaelcolosi.com.br","date":"25 de July de 2024","format":false,"excerpt":"Um homem de 58 anos teve 40% do corpo queimado pela pr\u00f3pria mulher em Ituverava, no interior de S\u00e3o Paulo, no \u00faltimo final de semana. O caminhoneiro H\u00e9lio An\u00edsio Rodrigues est\u00e1 internado, mas n\u00e3o corre risco de morte. \u201cEstou com o meu corpo todo queimado. O meu rosto, o meu\u2026","rel":"","context":"In &quot;Not\u00edcias de Ribeir\u00e3o Preto-SP e Regi\u00e3o&quot;","block_context":{"text":"Not\u00edcias de Ribeir\u00e3o Preto-SP e Regi\u00e3o","link":"https:\/\/ismaelcolosi.com.br\/index.php\/category\/noticias-de-ribeirao-preto-sp-e-regiao-ismael-colosi\/"},"img":{"alt_text":"","src":"https:\/\/i0.wp.com\/ismaelcolosi.com.br\/wp-content\/uploads\/2024\/07\/fogo-homem_2024-07-25_15-43-31_jpg_2024-07-25_15-43-32.webp.webp?fit=1070%2C634&ssl=1&resize=350%2C200","width":350,"height":200,"srcset":"https:\/\/i0.wp.com\/ismaelcolosi.com.br\/wp-content\/uploads\/2024\/07\/fogo-homem_2024-07-25_15-43-31_jpg_2024-07-25_15-43-32.webp.webp?fit=1070%2C634&ssl=1&resize=350%2C200 1x, https:\/\/i0.wp.com\/ismaelcolosi.com.br\/wp-content\/uploads\/2024\/07\/fogo-homem_2024-07-25_15-43-31_jpg_2024-07-25_15-43-32.webp.webp?fit=1070%2C634&ssl=1&resize=525%2C300 1.5x, https:\/\/i0.wp.com\/ismaelcolosi.com.br\/wp-content\/uploads\/2024\/07\/fogo-homem_2024-07-25_15-43-31_jpg_2024-07-25_15-43-32.webp.webp?fit=1070%2C634&ssl=1&resize=700%2C400 2x, https:\/\/i0.wp.com\/ismaelcolosi.com.br\/wp-content\/uploads\/2024\/07\/fogo-homem_2024-07-25_15-43-31_jpg_2024-07-25_15-43-32.webp.webp?fit=1070%2C634&ssl=1&resize=1050%2C600 3x"},"classes":[]},{"id":6709,"url":"https:\/\/ismaelcolosi.com.br\/index.php\/2023\/11\/26\/projeto-obreiros-do-bem-participa-da-campanha-dia-de-doar\/","url_meta":{"origin":77217,"position":4},"title":"Projeto \u00b4Obreiros do Bem\u00b4 participa da campanha \u201cDia de Doar\u201d\u00a0","author":"ismaelcolosi.com.br","date":"26 de November de 2023","format":false,"excerpt":"Adriana Dorazi \u2013 especial para o Tribuna Ribeir\u00e3o\u00a0Doar vai al\u00e9m do aspecto material: \u00e9 um ato que demonstra empatia, compaix\u00e3o e cren\u00e7a com um forte potencial de transforma\u00e7\u00e3o positiva (Divulga\u00e7\u00e3o)Para incentivar o movimento por uma cultura de doa\u00e7\u00e3o, a Obreiros do Bem, entidade que atende 200 crian\u00e7as e jovens com\u2026","rel":"","context":"In &quot;Not\u00edcias de Ribeir\u00e3o Preto-SP e Regi\u00e3o&quot;","block_context":{"text":"Not\u00edcias de Ribeir\u00e3o Preto-SP e Regi\u00e3o","link":"https:\/\/ismaelcolosi.com.br\/index.php\/category\/noticias-de-ribeirao-preto-sp-e-regiao-ismael-colosi\/"},"img":{"alt_text":"","src":"https:\/\/i0.wp.com\/ismaelcolosi.com.br\/wp-content\/uploads\/2023\/11\/2-1.jpeg?fit=1200%2C900&ssl=1&resize=350%2C200","width":350,"height":200,"srcset":"https:\/\/i0.wp.com\/ismaelcolosi.com.br\/wp-content\/uploads\/2023\/11\/2-1.jpeg?fit=1200%2C900&ssl=1&resize=350%2C200 1x, https:\/\/i0.wp.com\/ismaelcolosi.com.br\/wp-content\/uploads\/2023\/11\/2-1.jpeg?fit=1200%2C900&ssl=1&resize=525%2C300 1.5x, https:\/\/i0.wp.com\/ismaelcolosi.com.br\/wp-content\/uploads\/2023\/11\/2-1.jpeg?fit=1200%2C900&ssl=1&resize=700%2C400 2x, https:\/\/i0.wp.com\/ismaelcolosi.com.br\/wp-content\/uploads\/2023\/11\/2-1.jpeg?fit=1200%2C900&ssl=1&resize=1050%2C600 3x"},"classes":[]},{"id":58814,"url":"https:\/\/ismaelcolosi.com.br\/index.php\/2024\/08\/02\/usp-ribeirao-preto-procura-homens-para-pesquisa-sobre-protecao-solar\/","url_meta":{"origin":77217,"position":5},"title":"USP Ribeir\u00e3o Preto procura homens para pesquisa sobre prote\u00e7\u00e3o solar","author":"ismaelcolosi.com.br","date":"2 de August de 2024","format":false,"excerpt":"A USP (Universidade de S\u00e3o Paulo) de Ribeir\u00e3o Preto, por meio da Faculdade de Ci\u00eancias Farmac\u00eauticas, est\u00e1 em busca de volunt\u00e1rios que sejam do sexo masculino, com idade entre 40 e 75 anos, para pesquisa que avaliar\u00e1 a caracteriza\u00e7\u00e3o da pele madura com objetivo de desenvolver cosm\u00e9ticos e estudos cl\u00ednicos.\u2026","rel":"","context":"In &quot;Not\u00edcias de Ribeir\u00e3o Preto-SP e Regi\u00e3o&quot;","block_context":{"text":"Not\u00edcias de Ribeir\u00e3o Preto-SP e Regi\u00e3o","link":"https:\/\/ismaelcolosi.com.br\/index.php\/category\/noticias-de-ribeirao-preto-sp-e-regiao-ismael-colosi\/"},"img":{"alt_text":"","src":"https:\/\/i0.wp.com\/ismaelcolosi.com.br\/wp-content\/uploads\/2024\/08\/Copia-de-Copia-de-TAMANHO-EXATO-PARA-FOTOS-NO-SISTEMA-NOVO-23_2024-08-02_19-49-14_jpg_2024-08-02_19-49-14.webp.webp?fit=1200%2C675&ssl=1&resize=350%2C200","width":350,"height":200,"srcset":"https:\/\/i0.wp.com\/ismaelcolosi.com.br\/wp-content\/uploads\/2024\/08\/Copia-de-Copia-de-TAMANHO-EXATO-PARA-FOTOS-NO-SISTEMA-NOVO-23_2024-08-02_19-49-14_jpg_2024-08-02_19-49-14.webp.webp?fit=1200%2C675&ssl=1&resize=350%2C200 1x, https:\/\/i0.wp.com\/ismaelcolosi.com.br\/wp-content\/uploads\/2024\/08\/Copia-de-Copia-de-TAMANHO-EXATO-PARA-FOTOS-NO-SISTEMA-NOVO-23_2024-08-02_19-49-14_jpg_2024-08-02_19-49-14.webp.webp?fit=1200%2C675&ssl=1&resize=525%2C300 1.5x, https:\/\/i0.wp.com\/ismaelcolosi.com.br\/wp-content\/uploads\/2024\/08\/Copia-de-Copia-de-TAMANHO-EXATO-PARA-FOTOS-NO-SISTEMA-NOVO-23_2024-08-02_19-49-14_jpg_2024-08-02_19-49-14.webp.webp?fit=1200%2C675&ssl=1&resize=700%2C400 2x, https:\/\/i0.wp.com\/ismaelcolosi.com.br\/wp-content\/uploads\/2024\/08\/Copia-de-Copia-de-TAMANHO-EXATO-PARA-FOTOS-NO-SISTEMA-NOVO-23_2024-08-02_19-49-14_jpg_2024-08-02_19-49-14.webp.webp?fit=1200%2C675&ssl=1&resize=1050%2C600 3x"},"classes":[]}],"jetpack_sharing_enabled":true,"jetpack_shortlink":"https:\/\/wp.me\/pfMlyK-k5r","_links":{"self":[{"href":"https:\/\/ismaelcolosi.com.br\/index.php\/wp-json\/wp\/v2\/posts\/77217","targetHints":{"allow":["GET"]}}],"collection":[{"href":"https:\/\/ismaelcolosi.com.br\/index.php\/wp-json\/wp\/v2\/posts"}],"about":[{"href":"https:\/\/ismaelcolosi.com.br\/index.php\/wp-json\/wp\/v2\/types\/post"}],"author":[{"embeddable":true,"href":"https:\/\/ismaelcolosi.com.br\/index.php\/wp-json\/wp\/v2\/users\/1"}],"replies":[{"embeddable":true,"href":"https:\/\/ismaelcolosi.com.br\/index.php\/wp-json\/wp\/v2\/comments?post=77217"}],"version-history":[{"count":0,"href":"https:\/\/ismaelcolosi.com.br\/index.php\/wp-json\/wp\/v2\/posts\/77217\/revisions"}],"wp:featuredmedia":[{"embeddable":true,"href":"https:\/\/ismaelcolosi.com.br\/index.php\/wp-json\/wp\/v2\/media\/77218"}],"wp:attachment":[{"href":"https:\/\/ismaelcolosi.com.br\/index.php\/wp-json\/wp\/v2\/media?parent=77217"}],"wp:term":[{"taxonomy":"category","embeddable":true,"href":"https:\/\/ismaelcolosi.com.br\/index.php\/wp-json\/wp\/v2\/categories?post=77217"},{"taxonomy":"post_tag","embeddable":true,"href":"https:\/\/ismaelcolosi.com.br\/index.php\/wp-json\/wp\/v2\/tags?post=77217"}],"curies":[{"name":"wp","href":"https:\/\/api.w.org\/{rel}","templated":true}]}}