{"id":77012,"date":"2024-11-20T11:16:09","date_gmt":"2024-11-20T14:16:09","guid":{"rendered":"https:\/\/ismaelcolosi.com.br\/index.php\/2024\/11\/20\/tce-aponta-falhas-na-saude-da-familia-em-rp\/"},"modified":"2024-11-20T11:16:09","modified_gmt":"2024-11-20T14:16:09","slug":"tce-aponta-falhas-na-saude-da-familia-em-rp","status":"publish","type":"post","link":"https:\/\/ismaelcolosi.com.br\/index.php\/2024\/11\/20\/tce-aponta-falhas-na-saude-da-familia-em-rp\/","title":{"rendered":"TCE aponta falhas na \u2018Sa\u00fade da Fam\u00edlia\u2019\u00a0em RP"},"content":{"rendered":"<p> <br \/>\n<\/p>\n<p><span class=\"TextRun SCXW18650409 BCX0\" lang=\"PT-BR\" xml:lang=\"PT-BR\" data-contrast=\"none\"><span class=\"NormalTextRun SCXW18650409 BCX0\">O<\/span> <span class=\"NormalTextRun SCXW18650409 BCX0\">Tribunal de Contas do Estado de S\u00e3o Paulo (TCESP) <\/span><span class=\"NormalTextRun SCXW18650409 BCX0\">constatou problemas nas <\/span><span class=\"NormalTextRun SCXW18650409 BCX0\">seis Unidades de Sa\u00fade da Fam\u00edlia (USF) <\/span><span class=\"NormalTextRun SCXW18650409 BCX0\">visitadas pelos fiscais da corte em <\/span><span class=\"NormalTextRun SCXW18650409 BCX0\">Ribeir\u00e3o Preto. A Fiscaliza\u00e7\u00e3o Ordenada \u2013 Estrat\u00e9gia Sa\u00fade da Fam\u00edlia<\/span> <span class=\"NormalTextRun SCXW18650409 BCX0\">ocorreu em <\/span><span class=\"NormalTextRun SCXW18650409 BCX0\">7<\/span><span class=\"NormalTextRun SCXW18650409 BCX0\"> de novembro<\/span><span class=\"NormalTextRun SCXW18650409 BCX0\">,<\/span><span class=\"NormalTextRun SCXW18650409 BCX0\"> em 400 unidades e postos de sa\u00fade que oferecem o programa em 237 munic\u00edpios <\/span><span class=\"NormalTextRun SCXW18650409 BCX0\">d<\/span><span class=\"NormalTextRun SCXW18650409 BCX0\">o interior<\/span><span class=\"NormalTextRun SCXW18650409 BCX0\"> e <\/span><span class=\"NormalTextRun SCXW18650409 BCX0\">litoral <\/span><span class=\"NormalTextRun SCXW18650409 BCX0\">paulista <\/span><span class=\"NormalTextRun AdvancedProofingIssueV2Themed SCXW18650409 BCX0\">e <\/span><span class=\"NormalTextRun AdvancedProofingIssueV2Themed SCXW18650409 BCX0\">tamb\u00e9m<\/span><span class=\"NormalTextRun SCXW18650409 BCX0\"> d<\/span><span class=\"NormalTextRun SCXW18650409 BCX0\">a regi\u00e3o metropolitana da capital.<\/span><\/span><span class=\"LineBreakBlob BlobObject DragDrop SCXW18650409 BCX0\"><span class=\"SCXW18650409 BCX0\">\u00a0<\/span><br class=\"SCXW18650409 BCX0\" \/><\/span><span class=\"LineBreakBlob BlobObject DragDrop SCXW18650409 BCX0\"><span class=\"SCXW18650409 BCX0\">\u00a0<\/span><br class=\"SCXW18650409 BCX0\" \/><\/span><span class=\"TextRun SCXW18650409 BCX0\" lang=\"PT-BR\" xml:lang=\"PT-BR\" data-contrast=\"none\"><span class=\"NormalTextRun SCXW18650409 BCX0\">Nas unidades de Ribeir\u00e3o Preto, segundo os relat\u00f3rios<\/span><span class=\"NormalTextRun SCXW18650409 BCX0\">, <\/span><span class=\"NormalTextRun SCXW18650409 BCX0\">foram encontrados problemas estruturais como infiltra\u00e7\u00f5es no <\/span><span class=\"NormalTextRun ContextualSpellingAndGrammarErrorV2Themed SCXW18650409 BCX0\">telhado e laje causadas<\/span><span class=\"NormalTextRun SCXW18650409 BCX0\"> pelas chuvas e falta de acessibilidade para pessoas com defici\u00eancia ou locomo\u00e7\u00e3o reduzida. Tamb\u00e9m foi <\/span><span class=\"NormalTextRun SCXW18650409 BCX0\">constatada <\/span><span class=\"NormalTextRun SCXW18650409 BCX0\">a falta de medicamentos distribu\u00eddos para os usu\u00e1rios, <\/span><span class=\"NormalTextRun SCXW18650409 BCX0\">inclusive <\/span><span class=\"NormalTextRun SCXW18650409 BCX0\">para diabetes e hipertens\u00e3o. <\/span><\/span><span class=\"LineBreakBlob BlobObject DragDrop SCXW18650409 BCX0\"><span class=\"SCXW18650409 BCX0\">\u00a0<\/span><br class=\"SCXW18650409 BCX0\" \/><\/span><span class=\"LineBreakBlob BlobObject DragDrop SCXW18650409 BCX0\"><span class=\"SCXW18650409 BCX0\">\u00a0<\/span><br class=\"SCXW18650409 BCX0\" \/><\/span><span class=\"TextRun SCXW18650409 BCX0\" lang=\"PT-BR\" xml:lang=\"PT-BR\" data-contrast=\"none\"><span class=\"NormalTextRun SCXW18650409 BCX0\">O Programa de Sa\u00fade da Fam\u00edlia (PSF) foi implantado pelo Minist\u00e9rio da Sa\u00fade em 1994. \u00c9 conhecido como &#8220;Estrat\u00e9gia de Sa\u00fade da Fam\u00edlia&#8221; e tem como foco a revers\u00e3o do modelo assistencial curativo, onde predomina o atendimento emergencial ao doente. <\/span><\/span><span class=\"LineBreakBlob BlobObject DragDrop SCXW18650409 BCX0\"><span class=\"SCXW18650409 BCX0\">\u00a0<\/span><br class=\"SCXW18650409 BCX0\" \/><\/span><span class=\"LineBreakBlob BlobObject DragDrop SCXW18650409 BCX0\"><span class=\"SCXW18650409 BCX0\">\u00a0<\/span><br class=\"SCXW18650409 BCX0\" \/><\/span><span class=\"TextRun SCXW18650409 BCX0\" lang=\"PT-BR\" xml:lang=\"PT-BR\" data-contrast=\"none\"><span class=\"NormalTextRun SCXW18650409 BCX0\">Em Ribeir\u00e3o Preto <\/span><span class=\"NormalTextRun SCXW18650409 BCX0\">o Programa \u00e9 desenvolvido pela p<\/span><span class=\"NormalTextRun SCXW18650409 BCX0\">refeitura, por meio da Secretaria Municipal da Sa\u00fade, em parceria com a Funda\u00e7\u00e3o de Apoio ao Ensino, Pesquisa e Assist\u00eancia do Hospital das <\/span><span class=\"NormalTextRun ContextualSpellingAndGrammarErrorV2Themed SCXW18650409 BCX0\">Clinicas<\/span><span class=\"NormalTextRun SCXW18650409 BCX0\"> da Faculdade de Medicina de Ribeir\u00e3o Preto (<\/span><span class=\"NormalTextRun SpellingErrorV2Themed SCXW18650409 BCX0\">Faepa<\/span><span class=\"NormalTextRun SCXW18650409 BCX0\">)<\/span><span class=\"NormalTextRun SCXW18650409 BCX0\">.<\/span><\/span><span class=\"LineBreakBlob BlobObject DragDrop SCXW18650409 BCX0\"><span class=\"SCXW18650409 BCX0\">\u00a0<\/span><br class=\"SCXW18650409 BCX0\" \/><\/span><span class=\"LineBreakBlob BlobObject DragDrop SCXW18650409 BCX0\"><span class=\"SCXW18650409 BCX0\">\u00a0<\/span><br class=\"SCXW18650409 BCX0\" \/><\/span><span class=\"TextRun SCXW18650409 BCX0\" lang=\"PT-BR\" xml:lang=\"PT-BR\" data-contrast=\"none\"><span class=\"NormalTextRun SCXW18650409 BCX0\">Tem como \u00eanfase a medicina preventiva em uma regi\u00e3o da cidade delimitada. Por meio de uma equipe formada por m\u00e9dico, enfermeiro e <\/span><span class=\"NormalTextRun SCXW18650409 BCX0\">a<\/span><span class=\"NormalTextRun SCXW18650409 BCX0\">gente de <\/span><span class=\"NormalTextRun SCXW18650409 BCX0\">s<\/span><span class=\"NormalTextRun SCXW18650409 BCX0\">a\u00fade<\/span><span class=\"NormalTextRun SCXW18650409 BCX0\">,<\/span><span class=\"NormalTextRun SCXW18650409 BCX0\"> os moradores de cada regi\u00e3o t\u00eam acesso a a\u00e7\u00f5es de<\/span> <span class=\"NormalTextRun SCXW18650409 BCX0\">preven\u00e7\u00e3o, recupera\u00e7\u00e3o e reabilita\u00e7\u00e3o nos casos <\/span><span class=\"NormalTextRun ContextualSpellingAndGrammarErrorV2Themed SCXW18650409 BCX0\">onde<\/span><span class=\"NormalTextRun SCXW18650409 BCX0\"> existir essa necessidade. <\/span><\/span><span class=\"LineBreakBlob BlobObject DragDrop SCXW18650409 BCX0\"><span class=\"SCXW18650409 BCX0\">\u00a0<\/span><br class=\"SCXW18650409 BCX0\" \/><\/span><span class=\"LineBreakBlob BlobObject DragDrop SCXW18650409 BCX0\"><span class=\"SCXW18650409 BCX0\">\u00a0<\/span><br class=\"SCXW18650409 BCX0\" \/><\/span><span class=\"TextRun SCXW18650409 BCX0\" lang=\"PT-BR\" xml:lang=\"PT-BR\" data-contrast=\"none\"><span class=\"NormalTextRun SCXW18650409 BCX0\">N<\/span><span class=\"NormalTextRun SCXW18650409 BCX0\">esta opera\u00e7\u00e3o de f<\/span><span class=\"NormalTextRun SCXW18650409 BCX0\">iscaliza\u00e7\u00e3o<\/span><span class=\"NormalTextRun SCXW18650409 BCX0\">,<\/span><span class=\"NormalTextRun SCXW18650409 BCX0\"> o TCE mobilizou um efetivo de 452 <\/span><span class=\"NormalTextRun SCXW18650409 BCX0\">a<\/span><span class=\"NormalTextRun SCXW18650409 BCX0\">uditores de <\/span><span class=\"NormalTextRun SCXW18650409 BCX0\">c<\/span><span class=\"NormalTextRun SCXW18650409 BCX0\">ontrole <\/span><span class=\"NormalTextRun SCXW18650409 BCX0\">e<\/span><span class=\"NormalTextRun SCXW18650409 BCX0\">xterno que atuam nas 20 <\/span><span class=\"NormalTextRun SCXW18650409 BCX0\">u<\/span><span class=\"NormalTextRun SCXW18650409 BCX0\">nidades <\/span><span class=\"NormalTextRun SCXW18650409 BCX0\">r<\/span><span class=\"NormalTextRun SCXW18650409 BCX0\">egionais <\/span><span class=\"NormalTextRun SCXW18650409 BCX0\">paulistas <\/span><span class=\"NormalTextRun SCXW18650409 BCX0\">e em <\/span><span class=\"NormalTextRun SCXW18650409 BCX0\">dez<\/span><span class=\"NormalTextRun SCXW18650409 BCX0\">0 <\/span><span class=\"NormalTextRun SCXW18650409 BCX0\">d<\/span><span class=\"NormalTextRun SCXW18650409 BCX0\">iretorias de Fiscaliza\u00e7\u00e3o na <\/span><span class=\"NormalTextRun SCXW18650409 BCX0\">c<\/span><span class=\"NormalTextRun SCXW18650409 BCX0\">apital. Procurada para falar sobre os problemas<\/span><span class=\"NormalTextRun SCXW18650409 BCX0\">,<\/span><span class=\"NormalTextRun SCXW18650409 BCX0\"> a Secretaria Municipal da Sa\u00fade informou que n\u00e3o foi notificada pelo Tribunal de Contas do Estado de S\u00e3o Paulo.<\/span><\/span><span class=\"LineBreakBlob BlobObject DragDrop SCXW18650409 BCX0\"><span class=\"SCXW18650409 BCX0\">\u00a0<\/span><br class=\"SCXW18650409 BCX0\" \/><\/span><span class=\"LineBreakBlob BlobObject DragDrop SCXW18650409 BCX0\"><span class=\"SCXW18650409 BCX0\">\u00a0<\/span><\/span><span class=\"LineBreakBlob BlobObject DragDrop SCXW18650409 BCX0\"><br class=\"SCXW18650409 BCX0\" \/><\/span><strong><span class=\"TextRun SCXW18650409 BCX0\" lang=\"PT-BR\" xml:lang=\"PT-BR\" data-contrast=\"none\"><span class=\"NormalTextRun SCXW18650409 BCX0\">Problemas detectados <\/span><\/span><span class=\"LineBreakBlob BlobObject DragDrop SCXW18650409 BCX0\"><span class=\"SCXW18650409 BCX0\">\u00a0<\/span><\/span><span class=\"TextRun SCXW18650409 BCX0\" lang=\"PT-BR\" xml:lang=\"PT-BR\" data-contrast=\"none\"><span class=\"NormalTextRun SCXW18650409 BCX0\">na<\/span><span class=\"NormalTextRun SCXW18650409 BCX0\">s<\/span> <span class=\"NormalTextRun SCXW18650409 BCX0\">u<\/span><span class=\"NormalTextRun SCXW18650409 BCX0\">nidades de <\/span><span class=\"NormalTextRun SCXW18650409 BCX0\">RP<\/span><\/span><\/strong><span class=\"LineBreakBlob BlobObject DragDrop SCXW18650409 BCX0\"><strong><span class=\"SCXW18650409 BCX0\">\u00a0<\/span><\/strong><br class=\"SCXW18650409 BCX0\" \/><\/span><\/p>\n<p><span class=\"TextRun SCXW18650409 BCX0\" lang=\"PT-BR\" xml:lang=\"PT-BR\" data-contrast=\"none\"><span class=\"NormalTextRun SCXW18650409 BCX0\">Unidade<\/span><span class=\"NormalTextRun SCXW18650409 BCX0\">s<\/span><span class=\"NormalTextRun SCXW18650409 BCX0\"> de Sa\u00fade da Fam\u00edlia<\/span><\/span> <span class=\"LineBreakBlob BlobObject DragDrop SCXW18650409 BCX0\"><span class=\"SCXW18650409 BCX0\">\u00a0<\/span><br class=\"SCXW18650409 BCX0\" \/><\/span><span class=\"TextRun SCXW18650409 BCX0\" lang=\"PT-BR\" xml:lang=\"PT-BR\" data-contrast=\"none\"><span class=\"NormalTextRun SCXW18650409 BCX0\">USF <\/span><span class=\"NormalTextRun SCXW18650409 BCX0\">C\u00e9sar Augusto <\/span><span class=\"NormalTextRun SpellingErrorV2Themed SCXW18650409 BCX0\">Arita<\/span> <\/span><span class=\"LineBreakBlob BlobObject DragDrop SCXW18650409 BCX0\"><span class=\"SCXW18650409 BCX0\">\u00a0<\/span><br class=\"SCXW18650409 BCX0\" \/><\/span><span class=\"TextRun SCXW18650409 BCX0\" lang=\"PT-BR\" xml:lang=\"PT-BR\" data-contrast=\"none\"><span class=\"NormalTextRun SCXW18650409 BCX0\">Rua Victor Jo\u00e3o <\/span><span class=\"NormalTextRun SpellingErrorV2Themed SCXW18650409 BCX0\">Castania<\/span> <span class=\"NormalTextRun SCXW18650409 BCX0\">n\u00ba <\/span><span class=\"NormalTextRun SCXW18650409 BCX0\">960<\/span><\/span><span class=\"LineBreakBlob BlobObject DragDrop SCXW18650409 BCX0\"><span class=\"SCXW18650409 BCX0\">\u00a0<\/span><br class=\"SCXW18650409 BCX0\" \/><\/span><span class=\"TextRun SCXW18650409 BCX0\" lang=\"PT-BR\" xml:lang=\"PT-BR\" data-contrast=\"none\"><span class=\"NormalTextRun SCXW18650409 BCX0\">Jardim <\/span><span class=\"NormalTextRun SCXW18650409 BCX0\">Paulo Gomes Romeo<\/span><\/span><span class=\"LineBreakBlob BlobObject DragDrop SCXW18650409 BCX0\"><span class=\"SCXW18650409 BCX0\">\u00a0<\/span><br class=\"SCXW18650409 BCX0\" \/><\/span><span class=\"TextRun SCXW18650409 BCX0\" lang=\"PT-BR\" xml:lang=\"PT-BR\" data-contrast=\"none\"><span class=\"NormalTextRun SCXW18650409 BCX0\">Problemas <\/span><\/span><span class=\"TextRun SCXW18650409 BCX0\" lang=\"PT-BR\" xml:lang=\"PT-BR\" data-contrast=\"auto\"><span class=\"NormalTextRun SCXW18650409 BCX0\">\u2013<\/span><\/span><span class=\"TextRun SCXW18650409 BCX0\" lang=\"PT-BR\" xml:lang=\"PT-BR\" data-contrast=\"none\"> <span class=\"NormalTextRun SCXW18650409 BCX0\">Infiltra\u00e7\u00f5es no corredor administrativo, na sala de emerg\u00eancia e na sala de Radiografia do consult\u00f3rio odontol\u00f3gico<\/span><span class=\"NormalTextRun SCXW18650409 BCX0\">. <\/span><span class=\"NormalTextRun SCXW18650409 BCX0\">Em rela\u00e7\u00e3o aos medicamentos utilizados ou dispensados pela <\/span><span class=\"NormalTextRun SCXW18650409 BCX0\">u<\/span><span class=\"NormalTextRun SCXW18650409 BCX0\">nidade, foi detectado<\/span><span class=\"NormalTextRun SCXW18650409 BCX0\">,<\/span><span class=\"NormalTextRun SCXW18650409 BCX0\"> na data da fiscaliza\u00e7\u00e3o<\/span><span class=\"NormalTextRun SCXW18650409 BCX0\">,<\/span><span class=\"NormalTextRun SCXW18650409 BCX0\"> falta de <\/span><span class=\"NormalTextRun SCXW18650409 BCX0\">rem\u00e9dios <\/span><span class=\"NormalTextRun SCXW18650409 BCX0\">para diabetes, antibi\u00f3ticos e <\/span><span class=\"NormalTextRun SCXW18650409 BCX0\">psicof\u00e1rmacos<\/span><span class=\"NormalTextRun SCXW18650409 BCX0\"> usados na aten\u00e7\u00e3o \u00e0 sa\u00fade mental<\/span><span class=\"NormalTextRun SCXW18650409 BCX0\">, e<\/span><span class=\"NormalTextRun SCXW18650409 BCX0\">ntre eles <\/span><span class=\"NormalTextRun SCXW18650409 BCX0\">c<\/span><span class=\"NormalTextRun SCXW18650409 BCX0\">omplexo B, <\/span><span class=\"NormalTextRun SpellingErrorV2Themed SCXW18650409 BCX0\">g<\/span><span class=\"NormalTextRun SpellingErrorV2Themed SCXW18650409 BCX0\">licazida<\/span><span class=\"NormalTextRun SCXW18650409 BCX0\"> e <\/span><span class=\"NormalTextRun SpellingErrorV2Themed SCXW18650409 BCX0\">b<\/span><span class=\"NormalTextRun SpellingErrorV2Themed SCXW18650409 BCX0\">actrim<\/span><span class=\"NormalTextRun SCXW18650409 BCX0\">.<\/span><\/span><span class=\"LineBreakBlob BlobObject DragDrop SCXW18650409 BCX0\"><span class=\"SCXW18650409 BCX0\">\u00a0<\/span><br class=\"SCXW18650409 BCX0\" \/><\/span><\/p><div class='code-block code-block-8' style='margin: 8px auto; text-align: center; display: block; clear: both;'>\n<script>\n  atOptions = {\n    'key' : '66e2e2111ca34da796271819fc334058',\n    'format' : 'iframe',\n    'height' : 250,\n    'width' : 300,\n    'params' : {}\n  };\n<\/script>\n<script src=\"https:\/\/www.highperformanceformat.com\/66e2e2111ca34da796271819fc334058\/invoke.js\"><\/script>\n<\/div>\n\n<p><span class=\"TextRun SCXW18650409 BCX0\" lang=\"PT-BR\" xml:lang=\"PT-BR\" data-contrast=\"none\"><span class=\"NormalTextRun SCXW18650409 BCX0\">USF <\/span><span class=\"NormalTextRun SCXW18650409 BCX0\">Dr. Gilson de C\u00e1ssia <\/span><\/span><span class=\"LineBreakBlob BlobObject DragDrop SCXW18650409 BCX0\"><span class=\"SCXW18650409 BCX0\">\u00a0<\/span><br class=\"SCXW18650409 BCX0\" \/><\/span><span class=\"TextRun SCXW18650409 BCX0\" lang=\"PT-BR\" xml:lang=\"PT-BR\" data-contrast=\"none\"><span class=\"NormalTextRun SCXW18650409 BCX0\">Marques de Carvalho <\/span><\/span><span class=\"TextRun SCXW18650409 BCX0\" lang=\"PT-BR\" xml:lang=\"PT-BR\" data-contrast=\"auto\"><span class=\"NormalTextRun SCXW18650409 BCX0\">\u2013<\/span><\/span><span class=\"TextRun SCXW18650409 BCX0\" lang=\"PT-BR\" xml:lang=\"PT-BR\" data-contrast=\"none\"><span class=\"NormalTextRun SCXW18650409 BCX0\"> N\u00facleo 6<\/span><\/span><span class=\"LineBreakBlob BlobObject DragDrop SCXW18650409 BCX0\"><span class=\"SCXW18650409 BCX0\">\u00a0<\/span><br class=\"SCXW18650409 BCX0\" \/><\/span><span class=\"TextRun SCXW18650409 BCX0\" lang=\"PT-BR\" xml:lang=\"PT-BR\" data-contrast=\"none\"><span class=\"NormalTextRun SCXW18650409 BCX0\">Rua Blumenau<\/span><span class=\"NormalTextRun SCXW18650409 BCX0\"> n\u00ba <\/span><span class=\"NormalTextRun SCXW18650409 BCX0\">345<\/span><\/span><span class=\"LineBreakBlob BlobObject DragDrop SCXW18650409 BCX0\"><span class=\"SCXW18650409 BCX0\">\u00a0<\/span><br class=\"SCXW18650409 BCX0\" \/><\/span><span class=\"TextRun SCXW18650409 BCX0\" lang=\"PT-BR\" xml:lang=\"PT-BR\" data-contrast=\"none\"><span class=\"NormalTextRun SCXW18650409 BCX0\">Sumarezinho<\/span><\/span><span class=\"LineBreakBlob BlobObject DragDrop SCXW18650409 BCX0\"><span class=\"SCXW18650409 BCX0\">\u00a0<\/span><br class=\"SCXW18650409 BCX0\" \/><\/span><span class=\"TextRun SCXW18650409 BCX0\" lang=\"PT-BR\" xml:lang=\"PT-BR\" data-contrast=\"none\"><span class=\"NormalTextRun SCXW18650409 BCX0\">Problemas <\/span><\/span><span class=\"TextRun SCXW18650409 BCX0\" lang=\"PT-BR\" xml:lang=\"PT-BR\" data-contrast=\"auto\"><span class=\"NormalTextRun SCXW18650409 BCX0\">\u2013<\/span><\/span><span class=\"TextRun SCXW18650409 BCX0\" lang=\"PT-BR\" xml:lang=\"PT-BR\" data-contrast=\"none\"><span class=\"NormalTextRun SCXW18650409 BCX0\"> Foi detectado que os ambientes externos e internos n\u00e3o est\u00e3o em boas condi\u00e7\u00f5es de conserva\u00e7\u00e3o, seguran\u00e7a, organiza\u00e7\u00e3o, conforto e limpeza. Infiltra\u00e7\u00e3o nas paredes, no teto da recep\u00e7\u00e3o e no teto de consult\u00f3rios. Salas com goteiras ou inundadas pela chuva. Falta de cobertura para acesso aos consult\u00f3rios <\/span><span class=\"NormalTextRun SCXW18650409 BCX0\">4<\/span><span class=\"NormalTextRun SCXW18650409 BCX0\"> e 5 dificultando o acesso em dias de chuva. <\/span><\/span><span class=\"LineBreakBlob BlobObject DragDrop SCXW18650409 BCX0\"><span class=\"SCXW18650409 BCX0\">\u00a0<\/span><br class=\"SCXW18650409 BCX0\" \/><\/span><\/p>\n<p><span class=\"TextRun SCXW18650409 BCX0\" lang=\"PT-BR\" xml:lang=\"PT-BR\" data-contrast=\"none\"><span class=\"NormalTextRun SCXW18650409 BCX0\">USF <\/span><span class=\"NormalTextRun SCXW18650409 BCX0\">Dr. Vin\u00edcio <\/span><span class=\"NormalTextRun SCXW18650409 BCX0\">Plastino<\/span> <\/span><span class=\"LineBreakBlob BlobObject DragDrop SCXW18650409 BCX0\"><span class=\"SCXW18650409 BCX0\">\u00a0<\/span><br class=\"SCXW18650409 BCX0\" \/><\/span><span class=\"TextRun SCXW18650409 BCX0\" lang=\"PT-BR\" xml:lang=\"PT-BR\" data-contrast=\"none\"><span class=\"NormalTextRun SCXW18650409 BCX0\">Rua Professor Renato Jardim n\u00ba 925<\/span><\/span><span class=\"LineBreakBlob BlobObject DragDrop SCXW18650409 BCX0\"><span class=\"SCXW18650409 BCX0\">\u00a0<\/span><br class=\"SCXW18650409 BCX0\" \/><\/span><span class=\"TextRun SCXW18650409 BCX0\" lang=\"PT-BR\" xml:lang=\"PT-BR\" data-contrast=\"none\"><span class=\"NormalTextRun SCXW18650409 BCX0\">Jardim <\/span><span class=\"NormalTextRun SCXW18650409 BCX0\">Marchesi<\/span><\/span><span class=\"LineBreakBlob BlobObject DragDrop SCXW18650409 BCX0\"><span class=\"SCXW18650409 BCX0\">\u00a0<\/span><br class=\"SCXW18650409 BCX0\" \/><\/span><span class=\"TextRun SCXW18650409 BCX0\" lang=\"PT-BR\" xml:lang=\"PT-BR\" data-contrast=\"none\"><span class=\"NormalTextRun SCXW18650409 BCX0\">Problemas <\/span><\/span><span class=\"TextRun SCXW18650409 BCX0\" lang=\"PT-BR\" xml:lang=\"PT-BR\" data-contrast=\"auto\"><span class=\"NormalTextRun SCXW18650409 BCX0\">\u2013<\/span><\/span><span class=\"TextRun SCXW18650409 BCX0\" lang=\"PT-BR\" xml:lang=\"PT-BR\" data-contrast=\"none\"><span class=\"NormalTextRun SCXW18650409 BCX0\"> Foi constatada grande quantidade de goteiras em diversas salas <\/span><\/span><span class=\"TextRun SCXW18650409 BCX0\" lang=\"PT-BR\" xml:lang=\"PT-BR\" data-contrast=\"auto\"><span class=\"NormalTextRun SCXW18650409 BCX0\">\u2013<\/span><\/span><span class=\"TextRun SCXW18650409 BCX0\" lang=\"PT-BR\" xml:lang=\"PT-BR\" data-contrast=\"none\"><span class=\"NormalTextRun SCXW18650409 BCX0\"> recep\u00e7\u00e3o, sala de vacinas, farm\u00e1cia, sala de procedimentos, consult\u00f3rio dent\u00e1rio e consult\u00f3rio m\u00e9dico, entre outros.<\/span> <span class=\"NormalTextRun SCXW18650409 BCX0\">E<\/span><span class=\"NormalTextRun SCXW18650409 BCX0\">m rela\u00e7\u00e3o aos medicamentos utilizados ou dispensados pela Unidade, foi detectado na data da fiscaliza\u00e7\u00e3o que h\u00e1 falta de itens de medicamento utilizados ou dispensados pela unidade, como para diabetes. Entre eles, <\/span><span class=\"NormalTextRun SpellingErrorV2Themed SCXW18650409 BCX0\">g<\/span><span class=\"NormalTextRun SpellingErrorV2Themed SCXW18650409 BCX0\">liclazida<\/span><span class=\"NormalTextRun SCXW18650409 BCX0\">.<\/span><\/span><span class=\"LineBreakBlob BlobObject DragDrop SCXW18650409 BCX0\"><span class=\"SCXW18650409 BCX0\">\u00a0<\/span><br class=\"SCXW18650409 BCX0\" \/><\/span><\/p>\n<p><span class=\"TextRun SCXW18650409 BCX0\" lang=\"PT-BR\" xml:lang=\"PT-BR\" data-contrast=\"none\"><span class=\"NormalTextRun SCXW18650409 BCX0\">USF <\/span><span class=\"NormalTextRun SCXW18650409 BCX0\">Jos\u00e9 Paulo Pimenta de Mello<\/span><\/span><span class=\"LineBreakBlob BlobObject DragDrop SCXW18650409 BCX0\"><span class=\"SCXW18650409 BCX0\">\u00a0<\/span><br class=\"SCXW18650409 BCX0\" \/><\/span><span class=\"TextRun SCXW18650409 BCX0\" lang=\"PT-BR\" xml:lang=\"PT-BR\" data-contrast=\"none\"><span class=\"NormalTextRun SCXW18650409 BCX0\">Rua <\/span><span class=\"NormalTextRun SCXW18650409 BCX0\">Stefano<\/span> <span class=\"NormalTextRun SpellingErrorV2Themed SCXW18650409 BCX0\">Baruffi<\/span><span class=\"NormalTextRun SCXW18650409 BCX0\"> n\u00ba<\/span><span class=\"NormalTextRun SCXW18650409 BCX0\"> 1<\/span><span class=\"NormalTextRun SCXW18650409 BCX0\">.<\/span><span class=\"NormalTextRun SCXW18650409 BCX0\">639<\/span><\/span><span class=\"LineBreakBlob BlobObject DragDrop SCXW18650409 BCX0\"><span class=\"SCXW18650409 BCX0\">\u00a0<\/span><br class=\"SCXW18650409 BCX0\" \/><\/span><span class=\"TextRun SCXW18650409 BCX0\" lang=\"PT-BR\" xml:lang=\"PT-BR\" data-contrast=\"none\"><span class=\"NormalTextRun SCXW18650409 BCX0\">Jardim <\/span><span class=\"NormalTextRun SCXW18650409 BCX0\">Zara<\/span><\/span><span class=\"LineBreakBlob BlobObject DragDrop SCXW18650409 BCX0\"><span class=\"SCXW18650409 BCX0\">\u00a0<\/span><br class=\"SCXW18650409 BCX0\" \/><\/span><span class=\"TextRun SCXW18650409 BCX0\" lang=\"PT-BR\" xml:lang=\"PT-BR\" data-contrast=\"none\"><span class=\"NormalTextRun SCXW18650409 BCX0\">Problemas <\/span><\/span><span class=\"TextRun SCXW18650409 BCX0\" lang=\"PT-BR\" xml:lang=\"PT-BR\" data-contrast=\"auto\"><span class=\"NormalTextRun SCXW18650409 BCX0\">\u2013<\/span><\/span><span class=\"TextRun SCXW18650409 BCX0\" lang=\"PT-BR\" xml:lang=\"PT-BR\" data-contrast=\"none\"><span class=\"NormalTextRun SCXW18650409 BCX0\"> Foi detectado falta de medicamentos para hipertens\u00e3o arterial, <\/span><span class=\"NormalTextRun SCXW18650409 BCX0\">antibi\u00f3ticos, <\/span><span class=\"NormalTextRun SCXW18650409 BCX0\">psicof\u00e1rmacos<\/span><span class=\"NormalTextRun SCXW18650409 BCX0\"> e medicamentos usados na aten\u00e7\u00e3o \u00e0 sa\u00fade mental, como <\/span><span class=\"NormalTextRun SCXW18650409 BCX0\">m<\/span><span class=\"NormalTextRun SCXW18650409 BCX0\">etoprolol<\/span><span class=\"NormalTextRun SCXW18650409 BCX0\"> 50mg, <\/span><span class=\"NormalTextRun SpellingErrorV2Themed SCXW18650409 BCX0\">bactrin<\/span><span class=\"NormalTextRun SCXW18650409 BCX0\">, carbonato de l\u00edtio<\/span><span class=\"NormalTextRun SCXW18650409 BCX0\">, <\/span><span class=\"NormalTextRun SpellingErrorV2Themed SCXW18650409 BCX0\">n<\/span><span class=\"NormalTextRun SpellingErrorV2Themed SCXW18650409 BCX0\">altrexona<\/span><span class=\"NormalTextRun SCXW18650409 BCX0\"> e<\/span> <span class=\"NormalTextRun SpellingErrorV2Themed SCXW18650409 BCX0\">p<\/span><span class=\"NormalTextRun SpellingErrorV2Themed SCXW18650409 BCX0\">ericiazina<\/span><span class=\"NormalTextRun SCXW18650409 BCX0\">.<\/span><\/span><span class=\"LineBreakBlob BlobObject DragDrop SCXW18650409 BCX0\"><span class=\"SCXW18650409 BCX0\">\u00a0<\/span><br class=\"SCXW18650409 BCX0\" \/><\/span><\/p>\n<p><span class=\"TextRun SCXW18650409 BCX0\" lang=\"PT-BR\" xml:lang=\"PT-BR\" data-contrast=\"none\"><span class=\"NormalTextRun SCXW18650409 BCX0\">USF <\/span><span class=\"NormalTextRun SCXW18650409 BCX0\">Marina Moreira <\/span><\/span><span class=\"LineBreakBlob BlobObject DragDrop SCXW18650409 BCX0\"><span class=\"SCXW18650409 BCX0\">\u00a0<\/span><br class=\"SCXW18650409 BCX0\" \/><\/span><span class=\"TextRun SCXW18650409 BCX0\" lang=\"PT-BR\" xml:lang=\"PT-BR\" data-contrast=\"none\"><span class=\"NormalTextRun SCXW18650409 BCX0\">de Oliveira <\/span><\/span><span class=\"TextRun SCXW18650409 BCX0\" lang=\"PT-BR\" xml:lang=\"PT-BR\" data-contrast=\"auto\"><span class=\"NormalTextRun SCXW18650409 BCX0\">\u2013<\/span><\/span><span class=\"TextRun SCXW18650409 BCX0\" lang=\"PT-BR\" xml:lang=\"PT-BR\" data-contrast=\"none\"> <span class=\"NormalTextRun SCXW18650409 BCX0\">N\u00facleo 4<\/span><\/span> <span class=\"LineBreakBlob BlobObject DragDrop SCXW18650409 BCX0\"><span class=\"SCXW18650409 BCX0\">\u00a0<\/span><br class=\"SCXW18650409 BCX0\" \/><\/span><span class=\"TextRun SCXW18650409 BCX0\" lang=\"PT-BR\" xml:lang=\"PT-BR\" data-contrast=\"none\"><span class=\"NormalTextRun SCXW18650409 BCX0\">Rua Ant\u00f4nio <\/span><span class=\"NormalTextRun SpellingErrorV2Themed SCXW18650409 BCX0\">Ristori<\/span><span class=\"NormalTextRun SCXW18650409 BCX0\"> n<\/span><span class=\"NormalTextRun SCXW18650409 BCX0\">\u00ba <\/span><span class=\"NormalTextRun SCXW18650409 BCX0\">68<\/span><\/span><span class=\"LineBreakBlob BlobObject DragDrop SCXW18650409 BCX0\"><span class=\"SCXW18650409 BCX0\">\u00a0<\/span><br class=\"SCXW18650409 BCX0\" \/><\/span><span class=\"TextRun SCXW18650409 BCX0\" lang=\"PT-BR\" xml:lang=\"PT-BR\" data-contrast=\"none\"><span class=\"NormalTextRun SCXW18650409 BCX0\">Jardim <\/span><span class=\"NormalTextRun SCXW18650409 BCX0\">Antartica<\/span><\/span><span class=\"LineBreakBlob BlobObject DragDrop SCXW18650409 BCX0\"><span class=\"SCXW18650409 BCX0\">\u00a0<\/span><br class=\"SCXW18650409 BCX0\" \/><\/span><span class=\"TextRun SCXW18650409 BCX0\" lang=\"PT-BR\" xml:lang=\"PT-BR\" data-contrast=\"none\"><span class=\"NormalTextRun SCXW18650409 BCX0\">P<\/span><span class=\"NormalTextRun SCXW18650409 BCX0\">roblema<\/span><span class=\"NormalTextRun SCXW18650409 BCX0\">s<\/span> <\/span><span class=\"TextRun SCXW18650409 BCX0\" lang=\"PT-BR\" xml:lang=\"PT-BR\" data-contrast=\"auto\"><span class=\"NormalTextRun SCXW18650409 BCX0\">\u2013<\/span><\/span><span class=\"TextRun SCXW18650409 BCX0\" lang=\"PT-BR\" xml:lang=\"PT-BR\" data-contrast=\"none\"><span class=\"NormalTextRun SCXW18650409 BCX0\"> A Unidade n\u00e3o possui banheiro adaptado para pessoas portadoras de defici\u00eancia (<\/span><span class=\"NormalTextRun SpellingErrorV2Themed SCXW18650409 BCX0\">P<\/span><span class=\"NormalTextRun SpellingErrorV2Themed SCXW18650409 BCX0\">c<\/span><span class=\"NormalTextRun SpellingErrorV2Themed SCXW18650409 BCX0\">D<\/span><span class=\"NormalTextRun SCXW18650409 BCX0\">) ou com mobilidade reduzida <\/span><\/span><span class=\"LineBreakBlob BlobObject DragDrop SCXW18650409 BCX0\"><span class=\"SCXW18650409 BCX0\">\u00a0<\/span><br class=\"SCXW18650409 BCX0\" \/><\/span><\/p>\n<p><span class=\"TextRun SCXW18650409 BCX0\" lang=\"PT-BR\" xml:lang=\"PT-BR\" data-contrast=\"none\"><span class=\"NormalTextRun SCXW18650409 BCX0\">USF <\/span><span class=\"NormalTextRun SCXW18650409 BCX0\">Professora Vera Helo\u00edsa <\/span><\/span><span class=\"LineBreakBlob BlobObject DragDrop SCXW18650409 BCX0\"><span class=\"SCXW18650409 BCX0\">\u00a0<\/span><br class=\"SCXW18650409 BCX0\" \/><\/span><span class=\"TextRun SCXW18650409 BCX0\" lang=\"PT-BR\" xml:lang=\"PT-BR\" data-contrast=\"none\"><span class=\"NormalTextRun SCXW18650409 BCX0\">Pileggi<\/span><span class=\"NormalTextRun SCXW18650409 BCX0\"> Vinha <\/span><\/span><span class=\"TextRun SCXW18650409 BCX0\" lang=\"PT-BR\" xml:lang=\"PT-BR\" data-contrast=\"auto\"><span class=\"NormalTextRun SCXW18650409 BCX0\">\u2013<\/span><\/span><span class=\"TextRun SCXW18650409 BCX0\" lang=\"PT-BR\" xml:lang=\"PT-BR\" data-contrast=\"none\"><span class=\"NormalTextRun SCXW18650409 BCX0\"> N\u00facleo 5<\/span><\/span><span class=\"LineBreakBlob BlobObject DragDrop SCXW18650409 BCX0\"><span class=\"SCXW18650409 BCX0\">\u00a0<\/span><br class=\"SCXW18650409 BCX0\" \/><\/span><span class=\"TextRun SCXW18650409 BCX0\" lang=\"PT-BR\" xml:lang=\"PT-BR\" data-contrast=\"none\"><span class=\"NormalTextRun SCXW18650409 BCX0\">Rua Martim Afonso de Souza<\/span><span class=\"NormalTextRun SCXW18650409 BCX0\"> n\u00ba <\/span><span class=\"NormalTextRun SCXW18650409 BCX0\">1<\/span><span class=\"NormalTextRun SCXW18650409 BCX0\">.<\/span><span class=\"NormalTextRun SCXW18650409 BCX0\">133<\/span><\/span><span class=\"LineBreakBlob BlobObject DragDrop SCXW18650409 BCX0\"><span class=\"SCXW18650409 BCX0\">\u00a0<\/span><br class=\"SCXW18650409 BCX0\" \/><\/span><span class=\"TextRun SCXW18650409 BCX0\" lang=\"PT-BR\" xml:lang=\"PT-BR\" data-contrast=\"none\"><span class=\"NormalTextRun SCXW18650409 BCX0\">Ipiranga<\/span><\/span><span class=\"LineBreakBlob BlobObject DragDrop SCXW18650409 BCX0\"><span class=\"SCXW18650409 BCX0\">\u00a0<\/span><br class=\"SCXW18650409 BCX0\" \/><\/span><span class=\"TextRun SCXW18650409 BCX0\" lang=\"PT-BR\" xml:lang=\"PT-BR\" data-contrast=\"none\"><span class=\"NormalTextRun SCXW18650409 BCX0\">Problemas <\/span><\/span><span class=\"TextRun SCXW18650409 BCX0\" lang=\"PT-BR\" xml:lang=\"PT-BR\" data-contrast=\"auto\"><span class=\"NormalTextRun SCXW18650409 BCX0\">\u2013<\/span><\/span><span class=\"TextRun SCXW18650409 BCX0\" lang=\"PT-BR\" xml:lang=\"PT-BR\" data-contrast=\"none\"><span class=\"NormalTextRun SCXW18650409 BCX0\"> Ambientes externos e \/ou internos n\u00e3o est\u00e3o em boas condi\u00e7\u00f5es de conserva\u00e7\u00e3o, seguran\u00e7a, organiza\u00e7\u00e3o, conforto e limpeza. Falta de acessibilidade nos banheiros, contendo apenas uma barra ao lado da bacia. Os banheiros s\u00e3o unissex, sendo apenas um banheiro para <\/span><span class=\"NormalTextRun ContextualSpellingAndGrammarErrorV2Themed SCXW18650409 BCX0\">todos<\/span><span class=\"NormalTextRun ContextualSpellingAndGrammarErrorV2Themed SCXW18650409 BCX0\"> funcion\u00e1rios<\/span><span class=\"NormalTextRun SCXW18650409 BCX0\"> da Unidade e apenas um para pacientes na \u00e1rea comum. Uma das salas de consulta tem degrau para acesso, prejudicando <\/span><span class=\"NormalTextRun SCXW18650409 BCX0\">entrada de idosos e <\/span><span class=\"NormalTextRun SCXW18650409 BCX0\">cadeirantes<\/span><span class=\"NormalTextRun SCXW18650409 BCX0\">. <\/span><\/span><span class=\"LineBreakBlob BlobObject DragDrop SCXW18650409 BCX0\"><span class=\"SCXW18650409 BCX0\">\u00a0<\/span><br class=\"SCXW18650409 BCX0\" \/><\/span><span class=\"LineBreakBlob BlobObject DragDrop SCXW18650409 BCX0\"><span class=\"SCXW18650409 BCX0\">\u00a0<\/span><br class=\"SCXW18650409 BCX0\" \/><\/span><span class=\"EOP SCXW18650409 BCX0\" data-ccp-props=\"{}\">\u00a0<\/span><\/p>\n<p>The post <a href=\"https:\/\/www.tribunaribeirao.com.br\/tce-aponta-falhas-na-saude-da-familia-em-rp\/\">TCE aponta falhas na \u2018Sa\u00fade da Fam\u00edlia\u2019\u00a0em RP<\/a> appeared first on <a href=\"https:\/\/www.tribunaribeirao.com.br\">Tribuna Ribeir\u00e3o<\/a>.<\/p>\n<p><br \/>\n<br \/><a href=\"https:\/\/www.tribunaribeirao.com.br\/tce-aponta-falhas-na-saude-da-familia-em-rp\/\">Source link <\/a><\/p>\n<div class='code-block code-block-4' style='margin: 8px auto 8px 0; text-align: left; display: block; clear: both;'>\n\ud83d\udce2 Aviso Legal\n\nO site ismaelcolosi.com.br atua apenas como um canal de divulga\u00e7\u00e3o de oportunidades de emprego e n\u00e3o se responsabiliza pelo processo seletivo, contrata\u00e7\u00e3o ou qualquer outra etapa relacionada \u00e0s vagas publicadas. Todas as informa\u00e7\u00f5es s\u00e3o de responsabilidade dos anunciantes.\n\n\u26a0\ufe0f Aten\u00e7\u00e3o! Nunca pague por promessas de emprego nem compre cursos que garantam contrata\u00e7\u00e3o. Desconfie de qualquer cobran\u00e7a para participar de sele\u00e7\u00f5es.\n\n\n<div data-type=\"_mgwidget\" data-widget-id=\"2000896\">\n<\/div>\n<script>(function(w,q){w[q]=w[q]||[];w[q].push([\"_mgc.load\"])})(window,\"_mgq\");\n<\/script>\n<\/div>\n<!-- CONTENT END 1 -->\n","protected":false},"excerpt":{"rendered":"<p>O Tribunal de Contas do Estado de S\u00e3o Paulo (TCESP) constatou problemas nas seis Unidades de Sa\u00fade da Fam\u00edlia (USF) visitadas pelos fiscais da corte&#8230;<\/p>\n","protected":false},"author":1,"featured_media":77013,"comment_status":"open","ping_status":"open","sticky":false,"template":"","format":"standard","meta":{"_uag_custom_page_level_css":"","jetpack_post_was_ever_published":false,"_jetpack_newsletter_access":"","_jetpack_dont_email_post_to_subs":false,"_jetpack_newsletter_tier_id":0,"_jetpack_memberships_contains_paywalled_content":false,"_jetpack_memberships_contains_paid_content":false,"footnotes":"","jetpack_publicize_message":"","jetpack_publicize_feature_enabled":true,"jetpack_social_post_already_shared":true,"jetpack_social_options":{"image_generator_settings":{"template":"highway","default_image_id":0,"font":"","enabled":false},"version":2}},"categories":[11],"tags":[],"class_list":["post-77012","post","type-post","status-publish","format-standard","has-post-thumbnail","hentry","category-noticias-de-ribeirao-preto-sp-e-regiao-ismael-colosi"],"aioseo_notices":[],"jetpack_publicize_connections":[],"jetpack_featured_media_url":"https:\/\/i0.wp.com\/ismaelcolosi.com.br\/wp-content\/uploads\/2024\/11\/SaudeTCE-Pro-Divulgacao-TCE-02-scaled.jpg?fit=508%2C500&ssl=1","uagb_featured_image_src":{"full":["https:\/\/i0.wp.com\/ismaelcolosi.com.br\/wp-content\/uploads\/2024\/11\/SaudeTCE-Pro-Divulgacao-TCE-02-scaled.jpg?fit=508%2C500&ssl=1",508,500,false],"thumbnail":["https:\/\/i0.wp.com\/ismaelcolosi.com.br\/wp-content\/uploads\/2024\/11\/SaudeTCE-Pro-Divulgacao-TCE-02-scaled.jpg?resize=150%2C150&ssl=1",150,150,true],"medium":["https:\/\/i0.wp.com\/ismaelcolosi.com.br\/wp-content\/uploads\/2024\/11\/SaudeTCE-Pro-Divulgacao-TCE-02-scaled.jpg?fit=300%2C295&ssl=1",300,295,true],"medium_large":["https:\/\/i0.wp.com\/ismaelcolosi.com.br\/wp-content\/uploads\/2024\/11\/SaudeTCE-Pro-Divulgacao-TCE-02-scaled.jpg?fit=508%2C500&ssl=1",508,500,true],"large":["https:\/\/i0.wp.com\/ismaelcolosi.com.br\/wp-content\/uploads\/2024\/11\/SaudeTCE-Pro-Divulgacao-TCE-02-scaled.jpg?fit=508%2C500&ssl=1",508,500,true],"1536x1536":["https:\/\/i0.wp.com\/ismaelcolosi.com.br\/wp-content\/uploads\/2024\/11\/SaudeTCE-Pro-Divulgacao-TCE-02-scaled.jpg?fit=508%2C500&ssl=1",508,500,true],"2048x2048":["https:\/\/i0.wp.com\/ismaelcolosi.com.br\/wp-content\/uploads\/2024\/11\/SaudeTCE-Pro-Divulgacao-TCE-02-scaled.jpg?fit=508%2C500&ssl=1",508,500,true],"really-simple-thumb":["https:\/\/i0.wp.com\/ismaelcolosi.com.br\/wp-content\/uploads\/2024\/11\/SaudeTCE-Pro-Divulgacao-TCE-02-scaled.jpg?resize=370%2C247&ssl=1",370,247,true]},"uagb_author_info":{"display_name":"ismaelcolosi.com.br","author_link":"https:\/\/ismaelcolosi.com.br\/index.php\/author\/vidareal-online\/"},"uagb_comment_info":0,"uagb_excerpt":"O Tribunal de Contas do Estado de S\u00e3o Paulo (TCESP) constatou problemas nas seis Unidades de Sa\u00fade da Fam\u00edlia (USF) visitadas pelos fiscais da corte...","jetpack-related-posts":[{"id":48922,"url":"https:\/\/ismaelcolosi.com.br\/index.php\/2024\/05\/07\/veja-onde-serao-construidas-novas-unidades-de-saude-em-ribeirao-preto\/","url_meta":{"origin":77012,"position":0},"title":"Veja onde ser\u00e3o constru\u00eddas novas unidades de sa\u00fade em Ribeir\u00e3o Preto","author":"ismaelcolosi.com.br","date":"7 de May de 2024","format":false,"excerpt":"O Minist\u00e9rio da Sa\u00fade liberou repasses do Novo PAC para constru\u00e7\u00e3o de unidades de sa\u00fade em Ribeir\u00e3o Preto. Segundo a prefeitura, as novas UBSs (Unidades B\u00e1sicas de Sa\u00fade) ser\u00e3o constru\u00eddas nas zonas Leste e Norte da cidade. O repasse foi publicado por meio de portaria na \u00faltima segunda-feira (6). Para\u2026","rel":"","context":"In &quot;Not\u00edcias de Ribeir\u00e3o Preto-SP e Regi\u00e3o&quot;","block_context":{"text":"Not\u00edcias de Ribeir\u00e3o Preto-SP e Regi\u00e3o","link":"https:\/\/ismaelcolosi.com.br\/index.php\/category\/noticias-de-ribeirao-preto-sp-e-regiao-ismael-colosi\/"},"img":{"alt_text":"","src":"https:\/\/i0.wp.com\/ismaelcolosi.com.br\/wp-content\/uploads\/2024\/05\/AnyConv.com__unidade-saude-ribeirao-preto_2024-05-07_17-34-57.webp.webp?fit=1200%2C798&ssl=1&resize=350%2C200","width":350,"height":200,"srcset":"https:\/\/i0.wp.com\/ismaelcolosi.com.br\/wp-content\/uploads\/2024\/05\/AnyConv.com__unidade-saude-ribeirao-preto_2024-05-07_17-34-57.webp.webp?fit=1200%2C798&ssl=1&resize=350%2C200 1x, https:\/\/i0.wp.com\/ismaelcolosi.com.br\/wp-content\/uploads\/2024\/05\/AnyConv.com__unidade-saude-ribeirao-preto_2024-05-07_17-34-57.webp.webp?fit=1200%2C798&ssl=1&resize=525%2C300 1.5x, https:\/\/i0.wp.com\/ismaelcolosi.com.br\/wp-content\/uploads\/2024\/05\/AnyConv.com__unidade-saude-ribeirao-preto_2024-05-07_17-34-57.webp.webp?fit=1200%2C798&ssl=1&resize=700%2C400 2x, https:\/\/i0.wp.com\/ismaelcolosi.com.br\/wp-content\/uploads\/2024\/05\/AnyConv.com__unidade-saude-ribeirao-preto_2024-05-07_17-34-57.webp.webp?fit=1200%2C798&ssl=1&resize=1050%2C600 3x"},"classes":[]},{"id":26710,"url":"https:\/\/ismaelcolosi.com.br\/index.php\/2024\/01\/10\/aplicativo-saude-digital-tem-nova-funcao-que-indica-tempo-medio-de-atendimento-nas-upas\/","url_meta":{"origin":77012,"position":1},"title":"Aplicativo Sa\u00fade Digital tem nova fun\u00e7\u00e3o que indica tempo m\u00e9dio de atendimento nas UPAs \u2013 Folha de Ribeir\u00e3o","author":"ismaelcolosi.com.br","date":"10 de January de 2024","format":false,"excerpt":"J\u00e1 est\u00e1 dispon\u00edvel para a popula\u00e7\u00e3o, no aplicativo Sa\u00fade Digital, a nova fun\u00e7\u00e3o que permite ao usu\u00e1rio consultar o tempo m\u00e9dio de espera para atendimento por especialidades nas UPAs \u2013 Unidades de Pronto Atendimento de Ribeir\u00e3o Preto. \u201cOs profissionais das UPAs ficam respons\u00e1veis por alimentar esses dados de hora em\u2026","rel":"","context":"In &quot;Not\u00edcias de Ribeir\u00e3o Preto-SP e Regi\u00e3o&quot;","block_context":{"text":"Not\u00edcias de Ribeir\u00e3o Preto-SP e Regi\u00e3o","link":"https:\/\/ismaelcolosi.com.br\/index.php\/category\/noticias-de-ribeirao-preto-sp-e-regiao-ismael-colosi\/"},"img":{"alt_text":"","src":"https:\/\/i0.wp.com\/ismaelcolosi.com.br\/wp-content\/uploads\/2024\/01\/app_saude_digital_-_foto_guilherme_sircili_22.jpg?fit=1200%2C800&ssl=1&resize=350%2C200","width":350,"height":200,"srcset":"https:\/\/i0.wp.com\/ismaelcolosi.com.br\/wp-content\/uploads\/2024\/01\/app_saude_digital_-_foto_guilherme_sircili_22.jpg?fit=1200%2C800&ssl=1&resize=350%2C200 1x, https:\/\/i0.wp.com\/ismaelcolosi.com.br\/wp-content\/uploads\/2024\/01\/app_saude_digital_-_foto_guilherme_sircili_22.jpg?fit=1200%2C800&ssl=1&resize=525%2C300 1.5x, https:\/\/i0.wp.com\/ismaelcolosi.com.br\/wp-content\/uploads\/2024\/01\/app_saude_digital_-_foto_guilherme_sircili_22.jpg?fit=1200%2C800&ssl=1&resize=700%2C400 2x, https:\/\/i0.wp.com\/ismaelcolosi.com.br\/wp-content\/uploads\/2024\/01\/app_saude_digital_-_foto_guilherme_sircili_22.jpg?fit=1200%2C800&ssl=1&resize=1050%2C600 3x"},"classes":[]},{"id":64878,"url":"https:\/\/ismaelcolosi.com.br\/index.php\/2024\/09\/09\/veja-as-propostas-para-area-da-saude-dos-candidatos-a-prefeito-em-ribeirao-preto\/","url_meta":{"origin":77012,"position":2},"title":"Veja as propostas para \u00e1rea da sa\u00fade dos candidatos a prefeito em Ribeir\u00e3o Preto","author":"ismaelcolosi.com.br","date":"9 de September de 2024","format":false,"excerpt":"O portal acidade on reuniu as propostas dos candidatos \u00e0 Prefeitura de Ribeir\u00e3o Preto na \u00e1rea da sa\u00fade. O setor foi considerado o problema atual mais grave na cidade, conforme resultado da pesquisa Quaest, contratada pela EPTV. O primeiro turno das elei\u00e7\u00f5es 2024 est\u00e1 marcado para o dia 6 de\u2026","rel":"","context":"In &quot;Not\u00edcias de Ribeir\u00e3o Preto-SP e Regi\u00e3o&quot;","block_context":{"text":"Not\u00edcias de Ribeir\u00e3o Preto-SP e Regi\u00e3o","link":"https:\/\/ismaelcolosi.com.br\/index.php\/category\/noticias-de-ribeirao-preto-sp-e-regiao-ismael-colosi\/"},"img":{"alt_text":"","src":"https:\/\/i0.wp.com\/ismaelcolosi.com.br\/wp-content\/uploads\/2024\/09\/Copia-de-Copia-de-Copia-de-TAMANHO-EXATO-PARA-FOTOS-NO-SISTEMA-NOVO-39_2024-09-09_20-40-42_png_2024-09-09_20-40-43.webp.webp?fit=1200%2C675&ssl=1&resize=350%2C200","width":350,"height":200,"srcset":"https:\/\/i0.wp.com\/ismaelcolosi.com.br\/wp-content\/uploads\/2024\/09\/Copia-de-Copia-de-Copia-de-TAMANHO-EXATO-PARA-FOTOS-NO-SISTEMA-NOVO-39_2024-09-09_20-40-42_png_2024-09-09_20-40-43.webp.webp?fit=1200%2C675&ssl=1&resize=350%2C200 1x, https:\/\/i0.wp.com\/ismaelcolosi.com.br\/wp-content\/uploads\/2024\/09\/Copia-de-Copia-de-Copia-de-TAMANHO-EXATO-PARA-FOTOS-NO-SISTEMA-NOVO-39_2024-09-09_20-40-42_png_2024-09-09_20-40-43.webp.webp?fit=1200%2C675&ssl=1&resize=525%2C300 1.5x, https:\/\/i0.wp.com\/ismaelcolosi.com.br\/wp-content\/uploads\/2024\/09\/Copia-de-Copia-de-Copia-de-TAMANHO-EXATO-PARA-FOTOS-NO-SISTEMA-NOVO-39_2024-09-09_20-40-42_png_2024-09-09_20-40-43.webp.webp?fit=1200%2C675&ssl=1&resize=700%2C400 2x, https:\/\/i0.wp.com\/ismaelcolosi.com.br\/wp-content\/uploads\/2024\/09\/Copia-de-Copia-de-Copia-de-TAMANHO-EXATO-PARA-FOTOS-NO-SISTEMA-NOVO-39_2024-09-09_20-40-42_png_2024-09-09_20-40-43.webp.webp?fit=1200%2C675&ssl=1&resize=1050%2C600 3x"},"classes":[]},{"id":36772,"url":"https:\/\/ismaelcolosi.com.br\/index.php\/2024\/02\/12\/projeto-quer-capacitar-agentes-para-identificar-casos-de-violencia-domestica-em-rp\/","url_meta":{"origin":77012,"position":3},"title":"Projeto quer capacitar agentes para identificar casos de viol\u00eancia dom\u00e9stica em RP","author":"ismaelcolosi.com.br","date":"12 de February de 2024","format":false,"excerpt":"12 de fevereiro de 2024 | 8:0010 de fevereiro de 2024 | 9:11 0A C\u00e2mara de Ribeir\u00e3o Peto vai analisar projeto de lei que determina a capacita\u00e7\u00e3o de agentes comunit\u00e1rios de sa\u00fade para que identifiquem, acolham e encaminhem aos servi\u00e7os competentes as mulheres em situa\u00e7\u00e3o de viol\u00eancia dom\u00e9stica. \u00a0\u00a0O agente\u2026","rel":"","context":"In &quot;Not\u00edcias de Ribeir\u00e3o Preto-SP e Regi\u00e3o&quot;","block_context":{"text":"Not\u00edcias de Ribeir\u00e3o Preto-SP e Regi\u00e3o","link":"https:\/\/ismaelcolosi.com.br\/index.php\/category\/noticias-de-ribeirao-preto-sp-e-regiao-ismael-colosi\/"},"img":{"alt_text":"","src":"https:\/\/i0.wp.com\/ismaelcolosi.com.br\/wp-content\/uploads\/2024\/02\/1d497d9f-e1dc-456e-892c-83a8c0419a1b-scaled.jpg?fit=1000%2C598&ssl=1&resize=350%2C200","width":350,"height":200,"srcset":"https:\/\/i0.wp.com\/ismaelcolosi.com.br\/wp-content\/uploads\/2024\/02\/1d497d9f-e1dc-456e-892c-83a8c0419a1b-scaled.jpg?fit=1000%2C598&ssl=1&resize=350%2C200 1x, https:\/\/i0.wp.com\/ismaelcolosi.com.br\/wp-content\/uploads\/2024\/02\/1d497d9f-e1dc-456e-892c-83a8c0419a1b-scaled.jpg?fit=1000%2C598&ssl=1&resize=525%2C300 1.5x, https:\/\/i0.wp.com\/ismaelcolosi.com.br\/wp-content\/uploads\/2024\/02\/1d497d9f-e1dc-456e-892c-83a8c0419a1b-scaled.jpg?fit=1000%2C598&ssl=1&resize=700%2C400 2x"},"classes":[]},{"id":49296,"url":"https:\/\/ismaelcolosi.com.br\/index.php\/2024\/05\/09\/franca-inicia-vacinacao-contra-dengue-em-criancas-e-adolescentes\/","url_meta":{"origin":77012,"position":4},"title":"Franca inicia vacina\u00e7\u00e3o contra dengue em crian\u00e7as e adolescentes","author":"ismaelcolosi.com.br","date":"9 de May de 2024","format":false,"excerpt":"A Secretaria Municipal da Sa\u00fade de Franca come\u00e7ar\u00e1 a vacina\u00e7\u00e3o contra dengue em crian\u00e7as e adolescentes, de 10 a 14 anos, na pr\u00f3xima segunda-feira (13). O an\u00fancio foi feito na tarde desta quinta-feira (9). Os pais ou respons\u00e1veis devem levar as crian\u00e7as e adolescentes aos postos de vacina\u00e7\u00e3o (veja abaixo)\u2026","rel":"","context":"In &quot;Not\u00edcias de Ribeir\u00e3o Preto-SP e Regi\u00e3o&quot;","block_context":{"text":"Not\u00edcias de Ribeir\u00e3o Preto-SP e Regi\u00e3o","link":"https:\/\/ismaelcolosi.com.br\/index.php\/category\/noticias-de-ribeirao-preto-sp-e-regiao-ismael-colosi\/"},"img":{"alt_text":"","src":"https:\/\/i0.wp.com\/ismaelcolosi.com.br\/wp-content\/uploads\/2024\/05\/DSC_4219_2024-05-09_21-00-12_jpg_2024-05-09_21-00-13-scaled.webp.webp?fit=1200%2C795&ssl=1&resize=350%2C200","width":350,"height":200,"srcset":"https:\/\/i0.wp.com\/ismaelcolosi.com.br\/wp-content\/uploads\/2024\/05\/DSC_4219_2024-05-09_21-00-12_jpg_2024-05-09_21-00-13-scaled.webp.webp?fit=1200%2C795&ssl=1&resize=350%2C200 1x, https:\/\/i0.wp.com\/ismaelcolosi.com.br\/wp-content\/uploads\/2024\/05\/DSC_4219_2024-05-09_21-00-12_jpg_2024-05-09_21-00-13-scaled.webp.webp?fit=1200%2C795&ssl=1&resize=525%2C300 1.5x, https:\/\/i0.wp.com\/ismaelcolosi.com.br\/wp-content\/uploads\/2024\/05\/DSC_4219_2024-05-09_21-00-12_jpg_2024-05-09_21-00-13-scaled.webp.webp?fit=1200%2C795&ssl=1&resize=700%2C400 2x, https:\/\/i0.wp.com\/ismaelcolosi.com.br\/wp-content\/uploads\/2024\/05\/DSC_4219_2024-05-09_21-00-12_jpg_2024-05-09_21-00-13-scaled.webp.webp?fit=1200%2C795&ssl=1&resize=1050%2C600 3x"},"classes":[]},{"id":27814,"url":"https:\/\/ismaelcolosi.com.br\/index.php\/2024\/01\/13\/ubs-do-marincek-fechara-para-obras\/","url_meta":{"origin":77012,"position":5},"title":"UBS do Marincek\u00a0fechar\u00e1 para obras\u00a0","author":"ismaelcolosi.com.br","date":"13 de January de 2024","format":false,"excerpt":"13 de janeiro de 2024 | 12:0013 de janeiro de 2024 | 10:27 0A Unidade B\u00e1sica de Sa\u00fade (UBS) Albert Sabin, no bairro Ant\u00f4nio Marincek, Zona Norte da cidade ser\u00e1 fechada, a partir de 22 de janeiro para obras de amplia\u00e7\u00e3o do pr\u00e9dio e reforma geral da edifica\u00e7\u00e3o. A previs\u00e3o\u2026","rel":"","context":"In &quot;Not\u00edcias de Ribeir\u00e3o Preto-SP e Regi\u00e3o&quot;","block_context":{"text":"Not\u00edcias de Ribeir\u00e3o Preto-SP e Regi\u00e3o","link":"https:\/\/ismaelcolosi.com.br\/index.php\/category\/noticias-de-ribeirao-preto-sp-e-regiao-ismael-colosi\/"},"img":{"alt_text":"","src":"https:\/\/i0.wp.com\/ismaelcolosi.com.br\/wp-content\/uploads\/2024\/01\/SaudeUBS-Guilherme-Sircili-scaled.jpg?fit=967%2C645&ssl=1&resize=350%2C200","width":350,"height":200,"srcset":"https:\/\/i0.wp.com\/ismaelcolosi.com.br\/wp-content\/uploads\/2024\/01\/SaudeUBS-Guilherme-Sircili-scaled.jpg?fit=967%2C645&ssl=1&resize=350%2C200 1x, https:\/\/i0.wp.com\/ismaelcolosi.com.br\/wp-content\/uploads\/2024\/01\/SaudeUBS-Guilherme-Sircili-scaled.jpg?fit=967%2C645&ssl=1&resize=525%2C300 1.5x, https:\/\/i0.wp.com\/ismaelcolosi.com.br\/wp-content\/uploads\/2024\/01\/SaudeUBS-Guilherme-Sircili-scaled.jpg?fit=967%2C645&ssl=1&resize=700%2C400 2x"},"classes":[]}],"jetpack_sharing_enabled":true,"jetpack_shortlink":"https:\/\/wp.me\/pfMlyK-k28","_links":{"self":[{"href":"https:\/\/ismaelcolosi.com.br\/index.php\/wp-json\/wp\/v2\/posts\/77012","targetHints":{"allow":["GET"]}}],"collection":[{"href":"https:\/\/ismaelcolosi.com.br\/index.php\/wp-json\/wp\/v2\/posts"}],"about":[{"href":"https:\/\/ismaelcolosi.com.br\/index.php\/wp-json\/wp\/v2\/types\/post"}],"author":[{"embeddable":true,"href":"https:\/\/ismaelcolosi.com.br\/index.php\/wp-json\/wp\/v2\/users\/1"}],"replies":[{"embeddable":true,"href":"https:\/\/ismaelcolosi.com.br\/index.php\/wp-json\/wp\/v2\/comments?post=77012"}],"version-history":[{"count":0,"href":"https:\/\/ismaelcolosi.com.br\/index.php\/wp-json\/wp\/v2\/posts\/77012\/revisions"}],"wp:featuredmedia":[{"embeddable":true,"href":"https:\/\/ismaelcolosi.com.br\/index.php\/wp-json\/wp\/v2\/media\/77013"}],"wp:attachment":[{"href":"https:\/\/ismaelcolosi.com.br\/index.php\/wp-json\/wp\/v2\/media?parent=77012"}],"wp:term":[{"taxonomy":"category","embeddable":true,"href":"https:\/\/ismaelcolosi.com.br\/index.php\/wp-json\/wp\/v2\/categories?post=77012"},{"taxonomy":"post_tag","embeddable":true,"href":"https:\/\/ismaelcolosi.com.br\/index.php\/wp-json\/wp\/v2\/tags?post=77012"}],"curies":[{"name":"wp","href":"https:\/\/api.w.org\/{rel}","templated":true}]}}