{"id":76902,"date":"2024-11-19T10:10:59","date_gmt":"2024-11-19T13:10:59","guid":{"rendered":"https:\/\/ismaelcolosi.com.br\/index.php\/2024\/11\/19\/homem-e-preso-na-regiao-com-aparelhos-de-gatonet\/"},"modified":"2024-11-19T10:10:59","modified_gmt":"2024-11-19T13:10:59","slug":"homem-e-preso-na-regiao-com-aparelhos-de-gatonet","status":"publish","type":"post","link":"https:\/\/ismaelcolosi.com.br\/index.php\/2024\/11\/19\/homem-e-preso-na-regiao-com-aparelhos-de-gatonet\/","title":{"rendered":"Homem \u00e9 preso na regi\u00e3o com aparelhos de \u201cgatonet\u201d"},"content":{"rendered":"<p> <br \/>\n<\/p>\n<div>\n<p>Por: Adalberto Luque<\/p>\n<p>Um homem foi preso, na manh\u00e3 desta ter\u00e7a-feira (19), por crime contra a propriedade intelectual. A pris\u00e3o ocorreu na cidade de Altin\u00f3polis, regi\u00e3o metropolitana de Ribeir\u00e3o Preto.<\/p><div class='code-block code-block-8' style='margin: 8px auto; text-align: center; display: block; clear: both;'>\n<script>\n  atOptions = {\n    'key' : '66e2e2111ca34da796271819fc334058',\n    'format' : 'iframe',\n    'height' : 250,\n    'width' : 300,\n    'params' : {}\n  };\n<\/script>\n<script src=\"https:\/\/www.highperformanceformat.com\/66e2e2111ca34da796271819fc334058\/invoke.js\"><\/script>\n<\/div>\n\n<p>O suspeito foi alvo de uma investiga\u00e7\u00e3o iniciada pela Divis\u00e3o Especializada de Investiga\u00e7\u00f5es Criminais (DEIC) de Ribeir\u00e3o Preto. Durante a\u00e7\u00e3o cumprida por agentes da Delegacia de Pol\u00edcia de Altin\u00f3polis, o suspeito foi preso em sua casa.<\/p>\n<p>Na resid\u00eancia, os policiais civis encontraram quatro receptores de canais de TV por assinatura. Ele estaria comercializando os aparelhos que sintonizam de forma clandestina a programa\u00e7\u00e3o das TVs e Streamings. A venda era feita atrav\u00e9s de sites de venda pela internet.<\/p>\n<p>A Pol\u00edcia Civil apreendeu, al\u00e9m dos receptores, um aparelho celular e um computador, que ser\u00e3o examinados para obter mais informa\u00e7\u00f5es que auxiliem nas investiga\u00e7\u00f5es. Levado para a Delegacia de Altin\u00f3polis, o homem foi preso em flagrante, ficando \u00e0 disposi\u00e7\u00e3o da Justi\u00e7a para responder por crime contra a propriedade intelectual.<\/p>\n<\/div>\n<p><br \/>\n<br \/><a href=\"https:\/\/www.tribunaribeirao.com.br\/homem-e-preso-na-regiao-com-aparelhos-de-gatonet\/\">Source link <\/a><\/p>\n<div class='code-block code-block-4' style='margin: 8px auto 8px 0; text-align: left; display: block; clear: both;'>\n\ud83d\udce2 Aviso Legal\n\nO site ismaelcolosi.com.br atua apenas como um canal de divulga\u00e7\u00e3o de oportunidades de emprego e n\u00e3o se responsabiliza pelo processo seletivo, contrata\u00e7\u00e3o ou qualquer outra etapa relacionada \u00e0s vagas publicadas. Todas as informa\u00e7\u00f5es s\u00e3o de responsabilidade dos anunciantes.\n\n\u26a0\ufe0f Aten\u00e7\u00e3o! Nunca pague por promessas de emprego nem compre cursos que garantam contrata\u00e7\u00e3o. Desconfie de qualquer cobran\u00e7a para participar de sele\u00e7\u00f5es.\n\n\n\n<\/div>\n<!-- CONTENT END 1 -->\n","protected":false},"excerpt":{"rendered":"<p>Por: Adalberto Luque Um homem foi preso, na manh\u00e3 desta ter\u00e7a-feira (19), por crime contra a propriedade intelectual. A pris\u00e3o ocorreu na cidade de Altin\u00f3polis,&#8230;<\/p>\n","protected":false},"author":1,"featured_media":76903,"comment_status":"open","ping_status":"open","sticky":false,"template":"","format":"standard","meta":{"_uag_custom_page_level_css":"","advanced_seo_description":"","jetpack_seo_html_title":"","jetpack_seo_noindex":false,"jetpack_post_was_ever_published":false,"_jetpack_newsletter_access":"","_jetpack_dont_email_post_to_subs":false,"_jetpack_newsletter_tier_id":0,"_jetpack_memberships_contains_paywalled_content":false,"_jetpack_memberships_contains_paid_content":false,"footnotes":"","jetpack_publicize_message":"","jetpack_publicize_feature_enabled":true,"jetpack_social_post_already_shared":true,"jetpack_social_options":{"image_generator_settings":{"template":"highway","default_image_id":0,"font":"","enabled":false},"version":2}},"categories":[11],"tags":[],"class_list":["post-76902","post","type-post","status-publish","format-standard","has-post-thumbnail","hentry","category-noticias-de-ribeirao-preto-sp-e-regiao-ismael-colosi"],"jetpack_publicize_connections":[],"jetpack_featured_media_url":"https:\/\/i0.wp.com\/ismaelcolosi.com.br\/wp-content\/uploads\/2024\/11\/19nov2024-gatonetjardinopolis-scaled.jpg?fit=800%2C382&ssl=1","uagb_featured_image_src":{"full":["https:\/\/i0.wp.com\/ismaelcolosi.com.br\/wp-content\/uploads\/2024\/11\/19nov2024-gatonetjardinopolis-scaled.jpg?fit=800%2C382&ssl=1",800,382,false],"thumbnail":["https:\/\/i0.wp.com\/ismaelcolosi.com.br\/wp-content\/uploads\/2024\/11\/19nov2024-gatonetjardinopolis-scaled.jpg?resize=150%2C150&ssl=1",150,150,true],"medium":["https:\/\/i0.wp.com\/ismaelcolosi.com.br\/wp-content\/uploads\/2024\/11\/19nov2024-gatonetjardinopolis-scaled.jpg?fit=300%2C143&ssl=1",300,143,true],"medium_large":["https:\/\/i0.wp.com\/ismaelcolosi.com.br\/wp-content\/uploads\/2024\/11\/19nov2024-gatonetjardinopolis-scaled.jpg?fit=768%2C367&ssl=1",768,367,true],"large":["https:\/\/i0.wp.com\/ismaelcolosi.com.br\/wp-content\/uploads\/2024\/11\/19nov2024-gatonetjardinopolis-scaled.jpg?fit=800%2C382&ssl=1",800,382,true],"1536x1536":["https:\/\/i0.wp.com\/ismaelcolosi.com.br\/wp-content\/uploads\/2024\/11\/19nov2024-gatonetjardinopolis-scaled.jpg?fit=800%2C382&ssl=1",800,382,true],"2048x2048":["https:\/\/i0.wp.com\/ismaelcolosi.com.br\/wp-content\/uploads\/2024\/11\/19nov2024-gatonetjardinopolis-scaled.jpg?fit=800%2C382&ssl=1",800,382,true],"really-simple-thumb":["https:\/\/i0.wp.com\/ismaelcolosi.com.br\/wp-content\/uploads\/2024\/11\/19nov2024-gatonetjardinopolis-scaled.jpg?resize=370%2C247&ssl=1",370,247,true]},"uagb_author_info":{"display_name":"ismaelcolosi.com.br","author_link":"https:\/\/ismaelcolosi.com.br\/index.php\/author\/vidareal-online\/"},"uagb_comment_info":0,"uagb_excerpt":"Por: Adalberto Luque Um homem foi preso, na manh\u00e3 desta ter\u00e7a-feira (19), por crime contra a propriedade intelectual. A pris\u00e3o ocorreu na cidade de Altin\u00f3polis,...","jetpack-related-posts":[{"id":66340,"url":"https:\/\/ismaelcolosi.com.br\/index.php\/2024\/09\/17\/homem-de-51-anos-e-morto-a-pauladas-na-regiao-de-ribeirao-preto\/","url_meta":{"origin":76902,"position":0},"title":"Homem de 51 anos \u00e9 morto a pauladas na regi\u00e3o de Ribeir\u00e3o Preto","author":"ismaelcolosi.com.br","date":"17 de September de 2024","format":false,"excerpt":"Um homem de 51 anos foi morto a pauladas no in\u00edcio da noite desta segunda-feira (16), em Altin\u00f3polis, cidade a aproximadamente 60 quil\u00f4metros de Ribeir\u00e3o Preto. Um suspeito, que tem 36 anos e estaria em situa\u00e7\u00e3o de rua, foi preso pelo crime. Segundo o boletim de ocorr\u00eancia (BO), a v\u00edtima,\u2026","rel":"","context":"In &quot;Not\u00edcias de Ribeir\u00e3o Preto-SP e Regi\u00e3o&quot;","block_context":{"text":"Not\u00edcias de Ribeir\u00e3o Preto-SP e Regi\u00e3o","link":"https:\/\/ismaelcolosi.com.br\/index.php\/category\/noticias-de-ribeirao-preto-sp-e-regiao-ismael-colosi\/"},"img":{"alt_text":"","src":"https:\/\/i0.wp.com\/ismaelcolosi.com.br\/wp-content\/uploads\/2024\/09\/policia_qru_1024x576_05012021162009.jpg?fit=1024%2C576&ssl=1&resize=350%2C200","width":350,"height":200,"srcset":"https:\/\/i0.wp.com\/ismaelcolosi.com.br\/wp-content\/uploads\/2024\/09\/policia_qru_1024x576_05012021162009.jpg?fit=1024%2C576&ssl=1&resize=350%2C200 1x, https:\/\/i0.wp.com\/ismaelcolosi.com.br\/wp-content\/uploads\/2024\/09\/policia_qru_1024x576_05012021162009.jpg?fit=1024%2C576&ssl=1&resize=525%2C300 1.5x, https:\/\/i0.wp.com\/ismaelcolosi.com.br\/wp-content\/uploads\/2024\/09\/policia_qru_1024x576_05012021162009.jpg?fit=1024%2C576&ssl=1&resize=700%2C400 2x"},"classes":[]},{"id":13006,"url":"https:\/\/ismaelcolosi.com.br\/index.php\/2023\/12\/08\/homem-e-preso-por-trafico-em-cravinhos\/","url_meta":{"origin":76902,"position":1},"title":"Homem \u00e9 preso por tr\u00e1fico em Cravinhos","author":"ismaelcolosi.com.br","date":"8 de December de 2023","format":false,"excerpt":"Detido foi alvo de investiga\u00e7\u00e3o que indicou ser traficante na cidade 8 de dezembro de 2023 | 16:13 2Por: Adalberto LuqueUm homem foi preso, na manh\u00e3 desta sexta-feira (08), ap\u00f3s cumprimento de um mandado de busca e apreens\u00e3o pela Pol\u00edcia Civil. A pris\u00e3o ocorreu na cidade de Cravinhos.Segundo o delegado\u2026","rel":"","context":"In &quot;Not\u00edcias de Ribeir\u00e3o Preto-SP e Regi\u00e3o&quot;","block_context":{"text":"Not\u00edcias de Ribeir\u00e3o Preto-SP e Regi\u00e3o","link":"https:\/\/ismaelcolosi.com.br\/index.php\/category\/noticias-de-ribeirao-preto-sp-e-regiao-ismael-colosi\/"},"img":{"alt_text":"","src":"https:\/\/i0.wp.com\/ismaelcolosi.com.br\/wp-content\/uploads\/2023\/12\/00-08-dez-2023-trafico-cravinhos-01-foto-policia-civil-scaled.jpg?fit=570%2C645&ssl=1&resize=350%2C200","width":350,"height":200,"srcset":"https:\/\/i0.wp.com\/ismaelcolosi.com.br\/wp-content\/uploads\/2023\/12\/00-08-dez-2023-trafico-cravinhos-01-foto-policia-civil-scaled.jpg?fit=570%2C645&ssl=1&resize=350%2C200 1x, https:\/\/i0.wp.com\/ismaelcolosi.com.br\/wp-content\/uploads\/2023\/12\/00-08-dez-2023-trafico-cravinhos-01-foto-policia-civil-scaled.jpg?fit=570%2C645&ssl=1&resize=525%2C300 1.5x"},"classes":[]},{"id":65343,"url":"https:\/\/ismaelcolosi.com.br\/index.php\/2024\/09\/11\/suspeito-de-ataque-a-carro-forte-ja-foi-preso-com-arsenal-de-guerra\/","url_meta":{"origin":76902,"position":2},"title":"Suspeito de ataque a carro-forte j\u00e1 foi preso com arsenal de guerra","author":"ismaelcolosi.com.br","date":"11 de September de 2024","format":false,"excerpt":"Roberto Marques Trov\u00e3o Lafaeff, preso na ter\u00e7a-feira (10), pela suspeita de envolvimento no ataque a carro-forte na regi\u00e3o de Ribeir\u00e3o Preto, j\u00e1 era conhecido pelos policiais do Departamento Estadual de Investiga\u00e7\u00f5es Criminais (Deic). Conforme a Secretaria de Seguran\u00e7a P\u00fablica de S\u00e3o Paulo (SSP-SP), Lafaeff teria sido preso em flagrante em\u2026","rel":"","context":"In &quot;Not\u00edcias de Ribeir\u00e3o Preto-SP e Regi\u00e3o&quot;","block_context":{"text":"Not\u00edcias de Ribeir\u00e3o Preto-SP e Regi\u00e3o","link":"https:\/\/ismaelcolosi.com.br\/index.php\/category\/noticias-de-ribeirao-preto-sp-e-regiao-ismael-colosi\/"},"img":{"alt_text":"","src":"https:\/\/i0.wp.com\/ismaelcolosi.com.br\/wp-content\/uploads\/2024\/09\/Copia-de-Copia-de-Copia-de-TAMANHO-EXATO-PARA-FOTOS-NO-SISTEMA-NOVO-49_2024-09-11_22-30-14_png_2024-09-11_22-30-15.webp.webp?fit=1200%2C675&ssl=1&resize=350%2C200","width":350,"height":200,"srcset":"https:\/\/i0.wp.com\/ismaelcolosi.com.br\/wp-content\/uploads\/2024\/09\/Copia-de-Copia-de-Copia-de-TAMANHO-EXATO-PARA-FOTOS-NO-SISTEMA-NOVO-49_2024-09-11_22-30-14_png_2024-09-11_22-30-15.webp.webp?fit=1200%2C675&ssl=1&resize=350%2C200 1x, https:\/\/i0.wp.com\/ismaelcolosi.com.br\/wp-content\/uploads\/2024\/09\/Copia-de-Copia-de-Copia-de-TAMANHO-EXATO-PARA-FOTOS-NO-SISTEMA-NOVO-49_2024-09-11_22-30-14_png_2024-09-11_22-30-15.webp.webp?fit=1200%2C675&ssl=1&resize=525%2C300 1.5x, https:\/\/i0.wp.com\/ismaelcolosi.com.br\/wp-content\/uploads\/2024\/09\/Copia-de-Copia-de-Copia-de-TAMANHO-EXATO-PARA-FOTOS-NO-SISTEMA-NOVO-49_2024-09-11_22-30-14_png_2024-09-11_22-30-15.webp.webp?fit=1200%2C675&ssl=1&resize=700%2C400 2x, https:\/\/i0.wp.com\/ismaelcolosi.com.br\/wp-content\/uploads\/2024\/09\/Copia-de-Copia-de-Copia-de-TAMANHO-EXATO-PARA-FOTOS-NO-SISTEMA-NOVO-49_2024-09-11_22-30-14_png_2024-09-11_22-30-15.webp.webp?fit=1200%2C675&ssl=1&resize=1050%2C600 3x"},"classes":[]},{"id":15223,"url":"https:\/\/ismaelcolosi.com.br\/index.php\/2023\/12\/13\/homem-e-preso-em-rodovia-com-droga-zumbi\/","url_meta":{"origin":76902,"position":3},"title":"Homem \u00e9 preso em rodovia com \u201cdroga zumbi\u201d","author":"ismaelcolosi.com.br","date":"13 de December de 2023","format":false,"excerpt":"Suspeito transportava quatro pacotes com droga potente quando foi abordado 13 de dezembro de 2023 | 9:22 0Por: Adalberto LuqueUm homem foi preso, na noite desta ter\u00e7a-feira (12), ao ser flagrado transportando a subst\u00e2ncia K9, tamb\u00e9m conhecida por \u201cdroga zumbi\u201d, pelo efeito devastador que causa aos usu\u00e1rios. Ele seguia em\u2026","rel":"","context":"In &quot;Not\u00edcias de Ribeir\u00e3o Preto-SP e Regi\u00e3o&quot;","block_context":{"text":"Not\u00edcias de Ribeir\u00e3o Preto-SP e Regi\u00e3o","link":"https:\/\/ismaelcolosi.com.br\/index.php\/category\/noticias-de-ribeirao-preto-sp-e-regiao-ismael-colosi\/"},"img":{"alt_text":"","src":"https:\/\/i0.wp.com\/ismaelcolosi.com.br\/wp-content\/uploads\/2023\/12\/00-13-dez-2023-apreensao-pedagio-01-foto-pmrv-scaled.jpg?fit=1000%2C562&ssl=1&resize=350%2C200","width":350,"height":200,"srcset":"https:\/\/i0.wp.com\/ismaelcolosi.com.br\/wp-content\/uploads\/2023\/12\/00-13-dez-2023-apreensao-pedagio-01-foto-pmrv-scaled.jpg?fit=1000%2C562&ssl=1&resize=350%2C200 1x, https:\/\/i0.wp.com\/ismaelcolosi.com.br\/wp-content\/uploads\/2023\/12\/00-13-dez-2023-apreensao-pedagio-01-foto-pmrv-scaled.jpg?fit=1000%2C562&ssl=1&resize=525%2C300 1.5x, https:\/\/i0.wp.com\/ismaelcolosi.com.br\/wp-content\/uploads\/2023\/12\/00-13-dez-2023-apreensao-pedagio-01-foto-pmrv-scaled.jpg?fit=1000%2C562&ssl=1&resize=700%2C400 2x"},"classes":[]},{"id":17672,"url":"https:\/\/ismaelcolosi.com.br\/index.php\/2023\/12\/18\/homem-e-preso-apos-furtar-loja-no-calcadao\/","url_meta":{"origin":76902,"position":4},"title":"Homem \u00e9 preso ap\u00f3s furtar loja no Cal\u00e7ad\u00e3o","author":"ismaelcolosi.com.br","date":"18 de December de 2023","format":false,"excerpt":"Suspeito disse que \u00e9 usu\u00e1rio de drogas e teria cometido o crime para sustentar o v\u00edcio 18 de dezembro de 2023 | 16:49 2Por: Adalberto LuqueUm homem foi preso, na noite desta sexta-feira (15), ap\u00f3s furtar uma loja de bijuterias localizada na Rua General Os\u00f3rio, Cal\u00e7ad\u00e3o, Centro de Ribeir\u00e3o Preto.\u2026","rel":"","context":"In &quot;Not\u00edcias de Ribeir\u00e3o Preto-SP e Regi\u00e3o&quot;","block_context":{"text":"Not\u00edcias de Ribeir\u00e3o Preto-SP e Regi\u00e3o","link":"https:\/\/ismaelcolosi.com.br\/index.php\/category\/noticias-de-ribeirao-preto-sp-e-regiao-ismael-colosi\/"},"img":{"alt_text":"","src":"https:\/\/i0.wp.com\/ismaelcolosi.com.br\/wp-content\/uploads\/2023\/12\/00-18-dez-2023-furto-calcadao-foto-x-tudo-scaled.jpg?fit=1000%2C515&ssl=1&resize=350%2C200","width":350,"height":200,"srcset":"https:\/\/i0.wp.com\/ismaelcolosi.com.br\/wp-content\/uploads\/2023\/12\/00-18-dez-2023-furto-calcadao-foto-x-tudo-scaled.jpg?fit=1000%2C515&ssl=1&resize=350%2C200 1x, https:\/\/i0.wp.com\/ismaelcolosi.com.br\/wp-content\/uploads\/2023\/12\/00-18-dez-2023-furto-calcadao-foto-x-tudo-scaled.jpg?fit=1000%2C515&ssl=1&resize=525%2C300 1.5x, https:\/\/i0.wp.com\/ismaelcolosi.com.br\/wp-content\/uploads\/2023\/12\/00-18-dez-2023-furto-calcadao-foto-x-tudo-scaled.jpg?fit=1000%2C515&ssl=1&resize=700%2C400 2x"},"classes":[]},{"id":50989,"url":"https:\/\/ismaelcolosi.com.br\/index.php\/2024\/05\/22\/homem-e-preso-suspeito-de-furtar-cerveja-na-regiao-de-ribeirao-preto\/","url_meta":{"origin":76902,"position":5},"title":"Homem \u00e9 preso suspeito de furtar cerveja na regi\u00e3o de Ribeir\u00e3o Preto","author":"ismaelcolosi.com.br","date":"22 de May de 2024","format":false,"excerpt":"Um homem de 34 anos foi preso na madrugada desta quarta-feira (22), suspeito de furtar dois fardos de cerveja em um supermercado de Jardin\u00f3polis, na regi\u00e3o de Ribeir\u00e3o Preto. Segundo o boletim de ocorr\u00eancia (BO), a PM (Pol\u00edcia Militar) encontrou o suspeito saindo de sua casa nas proximidades do estabelecimento,\u2026","rel":"","context":"In &quot;Not\u00edcias de Ribeir\u00e3o Preto-SP e Regi\u00e3o&quot;","block_context":{"text":"Not\u00edcias de Ribeir\u00e3o Preto-SP e Regi\u00e3o","link":"https:\/\/ismaelcolosi.com.br\/index.php\/category\/noticias-de-ribeirao-preto-sp-e-regiao-ismael-colosi\/"},"img":{"alt_text":"","src":"https:\/\/i0.wp.com\/ismaelcolosi.com.br\/wp-content\/uploads\/2024\/05\/HomempresoacusadodetentarfurtarcervejanaregiodeRibeiroPreto_Tamanho_2_image.jpg?fit=1200%2C900&ssl=1&resize=350%2C200","width":350,"height":200,"srcset":"https:\/\/i0.wp.com\/ismaelcolosi.com.br\/wp-content\/uploads\/2024\/05\/HomempresoacusadodetentarfurtarcervejanaregiodeRibeiroPreto_Tamanho_2_image.jpg?fit=1200%2C900&ssl=1&resize=350%2C200 1x, https:\/\/i0.wp.com\/ismaelcolosi.com.br\/wp-content\/uploads\/2024\/05\/HomempresoacusadodetentarfurtarcervejanaregiodeRibeiroPreto_Tamanho_2_image.jpg?fit=1200%2C900&ssl=1&resize=525%2C300 1.5x, https:\/\/i0.wp.com\/ismaelcolosi.com.br\/wp-content\/uploads\/2024\/05\/HomempresoacusadodetentarfurtarcervejanaregiodeRibeiroPreto_Tamanho_2_image.jpg?fit=1200%2C900&ssl=1&resize=700%2C400 2x, https:\/\/i0.wp.com\/ismaelcolosi.com.br\/wp-content\/uploads\/2024\/05\/HomempresoacusadodetentarfurtarcervejanaregiodeRibeiroPreto_Tamanho_2_image.jpg?fit=1200%2C900&ssl=1&resize=1050%2C600 3x"},"classes":[]}],"jetpack_sharing_enabled":true,"jetpack_shortlink":"https:\/\/wp.me\/pfMlyK-k0m","_links":{"self":[{"href":"https:\/\/ismaelcolosi.com.br\/index.php\/wp-json\/wp\/v2\/posts\/76902","targetHints":{"allow":["GET"]}}],"collection":[{"href":"https:\/\/ismaelcolosi.com.br\/index.php\/wp-json\/wp\/v2\/posts"}],"about":[{"href":"https:\/\/ismaelcolosi.com.br\/index.php\/wp-json\/wp\/v2\/types\/post"}],"author":[{"embeddable":true,"href":"https:\/\/ismaelcolosi.com.br\/index.php\/wp-json\/wp\/v2\/users\/1"}],"replies":[{"embeddable":true,"href":"https:\/\/ismaelcolosi.com.br\/index.php\/wp-json\/wp\/v2\/comments?post=76902"}],"version-history":[{"count":0,"href":"https:\/\/ismaelcolosi.com.br\/index.php\/wp-json\/wp\/v2\/posts\/76902\/revisions"}],"wp:featuredmedia":[{"embeddable":true,"href":"https:\/\/ismaelcolosi.com.br\/index.php\/wp-json\/wp\/v2\/media\/76903"}],"wp:attachment":[{"href":"https:\/\/ismaelcolosi.com.br\/index.php\/wp-json\/wp\/v2\/media?parent=76902"}],"wp:term":[{"taxonomy":"category","embeddable":true,"href":"https:\/\/ismaelcolosi.com.br\/index.php\/wp-json\/wp\/v2\/categories?post=76902"},{"taxonomy":"post_tag","embeddable":true,"href":"https:\/\/ismaelcolosi.com.br\/index.php\/wp-json\/wp\/v2\/tags?post=76902"}],"curies":[{"name":"wp","href":"https:\/\/api.w.org\/{rel}","templated":true}]}}