{"id":76836,"date":"2024-11-18T13:58:12","date_gmt":"2024-11-18T16:58:12","guid":{"rendered":"https:\/\/ismaelcolosi.com.br\/index.php\/2024\/11\/18\/justica-manda-camara-de-brodowski-fazer-sessao-para-analisar-cassacao-de-vereadores\/"},"modified":"2024-11-18T13:58:12","modified_gmt":"2024-11-18T16:58:12","slug":"justica-manda-camara-de-brodowski-fazer-sessao-para-analisar-cassacao-de-vereadores","status":"publish","type":"post","link":"https:\/\/ismaelcolosi.com.br\/index.php\/2024\/11\/18\/justica-manda-camara-de-brodowski-fazer-sessao-para-analisar-cassacao-de-vereadores\/","title":{"rendered":"Justi\u00e7a manda C\u00e2mara de Brodowski fazer sess\u00e3o para analisar cassa\u00e7\u00e3o de vereadores"},"content":{"rendered":"<p> <br \/>\n<\/p>\n<div>\n<p>A Justi\u00e7a de Brodowski, por meio do juiz Daniel Diego Carrijo, determinou que a C\u00e2mara de Vereadores da cidade realize at\u00e9 esta segunda-feira, 18 de novembro, uma Sess\u00e3o Extraordin\u00e1ria para analisar o pedido de cassa\u00e7\u00e3o contra os vereadores F\u00e1bio Severi (Podemos), Alifer Ferreira (MDB) e Arnaldo Silva (MDB).<\/p>\n<p>A determina\u00e7\u00e3o foi dada no dia 14 de novembro ao analisar Mandado de Seguran\u00e7a impetrado pelo pr\u00f3prio prefeito da cidade, Jos\u00e9 Luiz Perez (PSD). Perez \u00e9 o autor do pedido de cassa\u00e7\u00e3o protocolado em abril deste ano contra os tr\u00eas parlamentares.<\/p>\n<p>No pedido ele afirma que os tr\u00eas vereadores usaram recursos p\u00fablicos e o carro oficial da C\u00e2mara para participar de evento partid\u00e1rio realizado pelo MDB na cidade de S\u00e3o Paulo. Na den\u00fancia o prefeito anexou fotos e v\u00eddeos dos tr\u00eas durante o evento.<\/p>\n<p>\u00c0 reportagem do <strong>Tribuna Ribeir\u00e3o<\/strong>, o vereador Fabio Severi, afirmou que eles est\u00e3o sendo acusados, de algo que n\u00e3o fizeram. \u201cNesse dia fomos sim em S\u00e3o Paulo e fomos recebido pelos deputados L\u00e9o oliveira e Baleia Rossi, onde recebemos uma emenda parlamentar no valor de R$ 200 mil para a Apae de Brodowski e R$ 50 mil para o asilo da cidade. Essas emendas j\u00e1 foram pagas \u00e0s entidades. Nesse mesmo dia fomos ao evento, mas n\u00e3o utilizamos o carro da C\u00e2mara. Tanto \u00e9 que n\u00e3o existe prova nenhuma que o carro foi usado para esse fim. Temos direito a defesa e at\u00e9 o momento nossas testemunhas n\u00e3o foram pela Comiss\u00e3o Processante. Vamos ser julgados sem direito a defesa\u201d, afirmou.<\/p>\n<p>Os vereadores Alifer Ferreira (MDB) e Arnaldo Silva (MDB) tamb\u00e9m foram procurados, mas n\u00e3o haviam se manifestado at\u00e9 o momento desta publica\u00e7\u00e3o. Se o fizerem o texto ser\u00e1 atualizado.<\/p>\n<\/div>\n<p><br \/>\n<br \/><a href=\"https:\/\/www.tribunaribeirao.com.br\/justica-manda-camara-de-brodowski-fazer-sessao-para-analisar-cassacao-de-vereadores\/\">Source link <\/a><\/p>\n<div class='code-block code-block-4' style='margin: 8px auto 8px 0; text-align: left; display: block; clear: both;'>\n\ud83d\udce2 Aviso Legal\n\nO site ismaelcolosi.com.br atua apenas como um canal de divulga\u00e7\u00e3o de oportunidades de emprego e n\u00e3o se responsabiliza pelo processo seletivo, contrata\u00e7\u00e3o ou qualquer outra etapa relacionada \u00e0s vagas publicadas. Todas as informa\u00e7\u00f5es s\u00e3o de responsabilidade dos anunciantes.\n\n\u26a0\ufe0f Aten\u00e7\u00e3o! Nunca pague por promessas de emprego nem compre cursos que garantam contrata\u00e7\u00e3o. Desconfie de qualquer cobran\u00e7a para participar de sele\u00e7\u00f5es.\n\n\n\n<\/div>\n<!-- CONTENT END 1 -->\n","protected":false},"excerpt":{"rendered":"<p>A Justi\u00e7a de Brodowski, por meio do juiz Daniel Diego Carrijo, determinou que a C\u00e2mara de Vereadores da cidade realize at\u00e9 esta segunda-feira, 18 de&#8230;<\/p>\n","protected":false},"author":1,"featured_media":76837,"comment_status":"open","ping_status":"open","sticky":false,"template":"","format":"standard","meta":{"_uag_custom_page_level_css":"","advanced_seo_description":"","jetpack_seo_html_title":"","jetpack_seo_noindex":false,"jetpack_post_was_ever_published":false,"_jetpack_newsletter_access":"","_jetpack_dont_email_post_to_subs":false,"_jetpack_newsletter_tier_id":0,"_jetpack_memberships_contains_paywalled_content":false,"_jetpack_memberships_contains_paid_content":false,"footnotes":"","jetpack_publicize_message":"","jetpack_publicize_feature_enabled":true,"jetpack_social_post_already_shared":true,"jetpack_social_options":{"image_generator_settings":{"template":"highway","default_image_id":0,"font":"","enabled":false},"version":2}},"categories":[11],"tags":[],"class_list":["post-76836","post","type-post","status-publish","format-standard","has-post-thumbnail","hentry","category-noticias-de-ribeirao-preto-sp-e-regiao-ismael-colosi"],"jetpack_publicize_connections":[],"jetpack_featured_media_url":"https:\/\/i0.wp.com\/ismaelcolosi.com.br\/wp-content\/uploads\/2024\/11\/9f69e8f2-887f-4e67-b708-28b7dddd5b14.jpg?fit=708%2C450&ssl=1","uagb_featured_image_src":{"full":["https:\/\/i0.wp.com\/ismaelcolosi.com.br\/wp-content\/uploads\/2024\/11\/9f69e8f2-887f-4e67-b708-28b7dddd5b14.jpg?fit=708%2C450&ssl=1",708,450,false],"thumbnail":["https:\/\/i0.wp.com\/ismaelcolosi.com.br\/wp-content\/uploads\/2024\/11\/9f69e8f2-887f-4e67-b708-28b7dddd5b14.jpg?resize=150%2C150&ssl=1",150,150,true],"medium":["https:\/\/i0.wp.com\/ismaelcolosi.com.br\/wp-content\/uploads\/2024\/11\/9f69e8f2-887f-4e67-b708-28b7dddd5b14.jpg?fit=300%2C191&ssl=1",300,191,true],"medium_large":["https:\/\/i0.wp.com\/ismaelcolosi.com.br\/wp-content\/uploads\/2024\/11\/9f69e8f2-887f-4e67-b708-28b7dddd5b14.jpg?fit=708%2C450&ssl=1",708,450,true],"large":["https:\/\/i0.wp.com\/ismaelcolosi.com.br\/wp-content\/uploads\/2024\/11\/9f69e8f2-887f-4e67-b708-28b7dddd5b14.jpg?fit=708%2C450&ssl=1",708,450,true],"1536x1536":["https:\/\/i0.wp.com\/ismaelcolosi.com.br\/wp-content\/uploads\/2024\/11\/9f69e8f2-887f-4e67-b708-28b7dddd5b14.jpg?fit=708%2C450&ssl=1",708,450,true],"2048x2048":["https:\/\/i0.wp.com\/ismaelcolosi.com.br\/wp-content\/uploads\/2024\/11\/9f69e8f2-887f-4e67-b708-28b7dddd5b14.jpg?fit=708%2C450&ssl=1",708,450,true],"really-simple-thumb":["https:\/\/i0.wp.com\/ismaelcolosi.com.br\/wp-content\/uploads\/2024\/11\/9f69e8f2-887f-4e67-b708-28b7dddd5b14.jpg?resize=370%2C247&ssl=1",370,247,true]},"uagb_author_info":{"display_name":"ismaelcolosi.com.br","author_link":"https:\/\/ismaelcolosi.com.br\/index.php\/author\/vidareal-online\/"},"uagb_comment_info":0,"uagb_excerpt":"A Justi\u00e7a de Brodowski, por meio do juiz Daniel Diego Carrijo, determinou que a C\u00e2mara de Vereadores da cidade realize at\u00e9 esta segunda-feira, 18 de...","jetpack-related-posts":[{"id":76911,"url":"https:\/\/ismaelcolosi.com.br\/index.php\/2024\/11\/19\/camara-de-brodowski-rejeita-cassacao-de-vereadores\/","url_meta":{"origin":76836,"position":0},"title":"C\u00e2mara de Brodowski rejeita cassa\u00e7\u00e3o de vereadores","author":"ismaelcolosi.com.br","date":"19 de November de 2024","format":false,"excerpt":"19 de novembro de 202414 Compartilhar0 A C\u00e2mara de Vereadores de Brodowski rejeitou em sess\u00e3o ordin\u00e1ria, realizada na ter\u00e7a-feira, 18 de novembro, o pedido de cassa\u00e7\u00e3o dos vereadores F\u00e1bio Severi (Podemos), Alifer Ferreira (MDB) e Arnaldo Silva (MDB). O Legislativo daquele munic\u00edpio tem 11 parlamentares e para eles serem cassados\u2026","rel":"","context":"In &quot;Not\u00edcias de Ribeir\u00e3o Preto-SP e Regi\u00e3o&quot;","block_context":{"text":"Not\u00edcias de Ribeir\u00e3o Preto-SP e Regi\u00e3o","link":"https:\/\/ismaelcolosi.com.br\/index.php\/category\/noticias-de-ribeirao-preto-sp-e-regiao-ismael-colosi\/"},"img":{"alt_text":"","src":"https:\/\/i0.wp.com\/ismaelcolosi.com.br\/wp-content\/uploads\/2024\/11\/9f69e8f2-887f-4e67-b708-28b7dddd5b14-1.jpg?fit=708%2C450&ssl=1&resize=350%2C200","width":350,"height":200,"srcset":"https:\/\/i0.wp.com\/ismaelcolosi.com.br\/wp-content\/uploads\/2024\/11\/9f69e8f2-887f-4e67-b708-28b7dddd5b14-1.jpg?fit=708%2C450&ssl=1&resize=350%2C200 1x, https:\/\/i0.wp.com\/ismaelcolosi.com.br\/wp-content\/uploads\/2024\/11\/9f69e8f2-887f-4e67-b708-28b7dddd5b14-1.jpg?fit=708%2C450&ssl=1&resize=525%2C300 1.5x, https:\/\/i0.wp.com\/ismaelcolosi.com.br\/wp-content\/uploads\/2024\/11\/9f69e8f2-887f-4e67-b708-28b7dddd5b14-1.jpg?fit=708%2C450&ssl=1&resize=700%2C400 2x"},"classes":[]},{"id":77645,"url":"https:\/\/ismaelcolosi.com.br\/index.php\/2024\/11\/27\/tre-vai-diplomar-eleitos-no-dia-18\/","url_meta":{"origin":76836,"position":1},"title":"TRE vai diplomar eleitos no dia 18\u00a0","author":"ismaelcolosi.com.br","date":"27 de November de 2024","format":false,"excerpt":"O Tribunal Regional Eleitoral de S\u00e3o Paulo (TRE-SP) marcou para 18 de dezembro a diploma\u00e7\u00e3o do prefeito eleito Ricardo Silva (PSD), do vice-prefeito Alessandro Maraca (MDB) e dos 22 vereadores que v\u00e3o compor a 19\u00aa legislatura (2025-2028) em Ribeir\u00e3o Preto. A cerim\u00f4nia ser\u00e1 online, \u00e0s 14 horas, no site da\u2026","rel":"","context":"In &quot;Not\u00edcias de Ribeir\u00e3o Preto-SP e Regi\u00e3o&quot;","block_context":{"text":"Not\u00edcias de Ribeir\u00e3o Preto-SP e Regi\u00e3o","link":"https:\/\/ismaelcolosi.com.br\/index.php\/category\/noticias-de-ribeirao-preto-sp-e-regiao-ismael-colosi\/"},"img":{"alt_text":"","src":"https:\/\/i0.wp.com\/ismaelcolosi.com.br\/wp-content\/uploads\/2024\/11\/EleicaoRP-Alfredo-Risk-TRE-scaled.jpg?fit=800%2C417&ssl=1&resize=350%2C200","width":350,"height":200,"srcset":"https:\/\/i0.wp.com\/ismaelcolosi.com.br\/wp-content\/uploads\/2024\/11\/EleicaoRP-Alfredo-Risk-TRE-scaled.jpg?fit=800%2C417&ssl=1&resize=350%2C200 1x, https:\/\/i0.wp.com\/ismaelcolosi.com.br\/wp-content\/uploads\/2024\/11\/EleicaoRP-Alfredo-Risk-TRE-scaled.jpg?fit=800%2C417&ssl=1&resize=525%2C300 1.5x, https:\/\/i0.wp.com\/ismaelcolosi.com.br\/wp-content\/uploads\/2024\/11\/EleicaoRP-Alfredo-Risk-TRE-scaled.jpg?fit=800%2C417&ssl=1&resize=700%2C400 2x"},"classes":[]},{"id":77340,"url":"https:\/\/ismaelcolosi.com.br\/index.php\/2024\/11\/24\/vereador-isaac-antunes-continuara-no-comando-da-camara-em-2025\/","url_meta":{"origin":76836,"position":2},"title":"Vereador Isaac Antunes continuar\u00e1 no comando da C\u00e2mara em 2025","author":"ismaelcolosi.com.br","date":"24 de November de 2024","format":false,"excerpt":"24 de novembro de 202422 de novembro de 202410 Compartilhar0 O vereador Isaac Antunes (PL), atual presidente da C\u00e2mara Municipal de Ribeir\u00e3o Preto, reeleito nas elei\u00e7\u00f5es municipais deste ano, continuar\u00e1 comandado o Legislativo municipal em 2025, primeiro ano da 19\u00aa. legislatura, cujos 22 parlamentares eleitos e reeleitos para o primeiro\u2026","rel":"","context":"In &quot;Not\u00edcias de Ribeir\u00e3o Preto-SP e Regi\u00e3o&quot;","block_context":{"text":"Not\u00edcias de Ribeir\u00e3o Preto-SP e Regi\u00e3o","link":"https:\/\/ismaelcolosi.com.br\/index.php\/category\/noticias-de-ribeirao-preto-sp-e-regiao-ismael-colosi\/"},"img":{"alt_text":"","src":"https:\/\/i0.wp.com\/ismaelcolosi.com.br\/wp-content\/uploads\/2024\/11\/IMG_0571-1-scaled.jpg?fit=750%2C500&ssl=1&resize=350%2C200","width":350,"height":200,"srcset":"https:\/\/i0.wp.com\/ismaelcolosi.com.br\/wp-content\/uploads\/2024\/11\/IMG_0571-1-scaled.jpg?fit=750%2C500&ssl=1&resize=350%2C200 1x, https:\/\/i0.wp.com\/ismaelcolosi.com.br\/wp-content\/uploads\/2024\/11\/IMG_0571-1-scaled.jpg?fit=750%2C500&ssl=1&resize=525%2C300 1.5x, https:\/\/i0.wp.com\/ismaelcolosi.com.br\/wp-content\/uploads\/2024\/11\/IMG_0571-1-scaled.jpg?fit=750%2C500&ssl=1&resize=700%2C400 2x"},"classes":[]},{"id":74068,"url":"https:\/\/ismaelcolosi.com.br\/index.php\/2024\/10\/29\/ricardo-silva-tera-maioria-na-camara\/","url_meta":{"origin":76836,"position":3},"title":"Ricardo Silva ter\u00e1 maioria na C\u00e2mara \u00a0","author":"ismaelcolosi.com.br","date":"29 de October de 2024","format":false,"excerpt":"O atual deputado federal Ricardo Silva (PSD), de 39 anos, ser\u00e1 o prefeito de Ribeir\u00e3o Preto a partir de 1\u00ba de janeiro de 2025 e at\u00e9 31 de dezembro de 2028. O candidato da coliga\u00e7\u00e3o \u201cPara Ribeir\u00e3o avan\u00e7ar\u201d, que tem o vereador Alessandro Maraca (MDB) como vice, venceu a elei\u00e7\u00e3o\u2026","rel":"","context":"In &quot;Not\u00edcias de Ribeir\u00e3o Preto-SP e Regi\u00e3o&quot;","block_context":{"text":"Not\u00edcias de Ribeir\u00e3o Preto-SP e Regi\u00e3o","link":"https:\/\/ismaelcolosi.com.br\/index.php\/category\/noticias-de-ribeirao-preto-sp-e-regiao-ismael-colosi\/"},"img":{"alt_text":"","src":"https:\/\/i0.wp.com\/ismaelcolosi.com.br\/wp-content\/uploads\/2024\/10\/EleicaoCAM-Silvia-Morais-Camara-scaled.jpg?fit=800%2C413&ssl=1&resize=350%2C200","width":350,"height":200,"srcset":"https:\/\/i0.wp.com\/ismaelcolosi.com.br\/wp-content\/uploads\/2024\/10\/EleicaoCAM-Silvia-Morais-Camara-scaled.jpg?fit=800%2C413&ssl=1&resize=350%2C200 1x, https:\/\/i0.wp.com\/ismaelcolosi.com.br\/wp-content\/uploads\/2024\/10\/EleicaoCAM-Silvia-Morais-Camara-scaled.jpg?fit=800%2C413&ssl=1&resize=525%2C300 1.5x, https:\/\/i0.wp.com\/ismaelcolosi.com.br\/wp-content\/uploads\/2024\/10\/EleicaoCAM-Silvia-Morais-Camara-scaled.jpg?fit=800%2C413&ssl=1&resize=700%2C400 2x"},"classes":[]},{"id":44285,"url":"https:\/\/ismaelcolosi.com.br\/index.php\/2024\/03\/26\/prefeito-e-cinco-vereadores-de-cravinhos-filiam-se-ao-mdb\/","url_meta":{"origin":76836,"position":4},"title":"Prefeito e cinco vereadores de Cravinhos filiam-se ao MDB","author":"ismaelcolosi.com.br","date":"26 de March de 2024","format":false,"excerpt":"26 de mar\u00e7o de 2024 | 17:42 0 O MDB oficializou a filia\u00e7\u00e3o de nove importantes lideran\u00e7as de Cravinhos, incluindo o prefeito Itamar Bueno e o ex-prefeito Boi, na manh\u00e3 desta segunda-feira, 26, na C\u00e2mara Municipal. A cerim\u00f4nia contou com a presen\u00e7a do presidente nacional do partido, deputado federal Baleia\u2026","rel":"","context":"In &quot;Not\u00edcias de Ribeir\u00e3o Preto-SP e Regi\u00e3o&quot;","block_context":{"text":"Not\u00edcias de Ribeir\u00e3o Preto-SP e Regi\u00e3o","link":"https:\/\/ismaelcolosi.com.br\/index.php\/category\/noticias-de-ribeirao-preto-sp-e-regiao-ismael-colosi\/"},"img":{"alt_text":"","src":"https:\/\/i0.wp.com\/ismaelcolosi.com.br\/wp-content\/uploads\/2024\/03\/photo_2024-03-25_12-34-51-scaled.jpg?fit=1000%2C563&ssl=1&resize=350%2C200","width":350,"height":200,"srcset":"https:\/\/i0.wp.com\/ismaelcolosi.com.br\/wp-content\/uploads\/2024\/03\/photo_2024-03-25_12-34-51-scaled.jpg?fit=1000%2C563&ssl=1&resize=350%2C200 1x, https:\/\/i0.wp.com\/ismaelcolosi.com.br\/wp-content\/uploads\/2024\/03\/photo_2024-03-25_12-34-51-scaled.jpg?fit=1000%2C563&ssl=1&resize=525%2C300 1.5x, https:\/\/i0.wp.com\/ismaelcolosi.com.br\/wp-content\/uploads\/2024\/03\/photo_2024-03-25_12-34-51-scaled.jpg?fit=1000%2C563&ssl=1&resize=700%2C400 2x"},"classes":[]},{"id":9743,"url":"https:\/\/ismaelcolosi.com.br\/index.php\/2023\/12\/02\/camara-vai-votar-orcamento-recorde\/","url_meta":{"origin":76836,"position":5},"title":"C\u00e2mara vai votar Or\u00e7amento recorde\u00a0","author":"ismaelcolosi.com.br","date":"2 de December de 2023","format":false,"excerpt":"O projeto da Lei Or\u00e7ament\u00e1ria Anual (LOA), o popular Or\u00e7amento Municipal de Ribeir\u00e3o Preto para 2024, vai \u00e0 vota\u00e7\u00e3o na C\u00e2mara de Vereadores, em primeira discuss\u00e3o, em sess\u00e3o extraordin\u00e1ria marcada para ter\u00e7a-feira, 5 de dezembro. A LOA recebeu 29 emendas feitas por dez parlamentares. A proposta do Executivo que fixa\u2026","rel":"","context":"In &quot;Not\u00edcias de Ribeir\u00e3o Preto-SP e Regi\u00e3o&quot;","block_context":{"text":"Not\u00edcias de Ribeir\u00e3o Preto-SP e Regi\u00e3o","link":"https:\/\/ismaelcolosi.com.br\/index.php\/category\/noticias-de-ribeirao-preto-sp-e-regiao-ismael-colosi\/"},"img":{"alt_text":"","src":"https:\/\/i0.wp.com\/ismaelcolosi.com.br\/wp-content\/uploads\/2023\/12\/orcamento-scaled.jpg?fit=1000%2C563&ssl=1&resize=350%2C200","width":350,"height":200,"srcset":"https:\/\/i0.wp.com\/ismaelcolosi.com.br\/wp-content\/uploads\/2023\/12\/orcamento-scaled.jpg?fit=1000%2C563&ssl=1&resize=350%2C200 1x, https:\/\/i0.wp.com\/ismaelcolosi.com.br\/wp-content\/uploads\/2023\/12\/orcamento-scaled.jpg?fit=1000%2C563&ssl=1&resize=525%2C300 1.5x, https:\/\/i0.wp.com\/ismaelcolosi.com.br\/wp-content\/uploads\/2023\/12\/orcamento-scaled.jpg?fit=1000%2C563&ssl=1&resize=700%2C400 2x"},"classes":[]}],"jetpack_sharing_enabled":true,"jetpack_shortlink":"https:\/\/wp.me\/pfMlyK-jZi","_links":{"self":[{"href":"https:\/\/ismaelcolosi.com.br\/index.php\/wp-json\/wp\/v2\/posts\/76836","targetHints":{"allow":["GET"]}}],"collection":[{"href":"https:\/\/ismaelcolosi.com.br\/index.php\/wp-json\/wp\/v2\/posts"}],"about":[{"href":"https:\/\/ismaelcolosi.com.br\/index.php\/wp-json\/wp\/v2\/types\/post"}],"author":[{"embeddable":true,"href":"https:\/\/ismaelcolosi.com.br\/index.php\/wp-json\/wp\/v2\/users\/1"}],"replies":[{"embeddable":true,"href":"https:\/\/ismaelcolosi.com.br\/index.php\/wp-json\/wp\/v2\/comments?post=76836"}],"version-history":[{"count":0,"href":"https:\/\/ismaelcolosi.com.br\/index.php\/wp-json\/wp\/v2\/posts\/76836\/revisions"}],"wp:featuredmedia":[{"embeddable":true,"href":"https:\/\/ismaelcolosi.com.br\/index.php\/wp-json\/wp\/v2\/media\/76837"}],"wp:attachment":[{"href":"https:\/\/ismaelcolosi.com.br\/index.php\/wp-json\/wp\/v2\/media?parent=76836"}],"wp:term":[{"taxonomy":"category","embeddable":true,"href":"https:\/\/ismaelcolosi.com.br\/index.php\/wp-json\/wp\/v2\/categories?post=76836"},{"taxonomy":"post_tag","embeddable":true,"href":"https:\/\/ismaelcolosi.com.br\/index.php\/wp-json\/wp\/v2\/tags?post=76836"}],"curies":[{"name":"wp","href":"https:\/\/api.w.org\/{rel}","templated":true}]}}