{"id":76822,"date":"2024-11-18T12:28:29","date_gmt":"2024-11-18T15:28:29","guid":{"rendered":"https:\/\/ismaelcolosi.com.br\/index.php\/2024\/11\/18\/alunos-da-instituicao-aparecido-savegnago-apresentam-concerto-pedagogico-e-6o-festival-de-danca-em-sertaozinho\/"},"modified":"2024-11-18T12:28:29","modified_gmt":"2024-11-18T15:28:29","slug":"alunos-da-instituicao-aparecido-savegnago-apresentam-concerto-pedagogico-e-6o-festival-de-danca-em-sertaozinho","status":"publish","type":"post","link":"https:\/\/ismaelcolosi.com.br\/index.php\/2024\/11\/18\/alunos-da-instituicao-aparecido-savegnago-apresentam-concerto-pedagogico-e-6o-festival-de-danca-em-sertaozinho\/","title":{"rendered":"Alunos da Institui\u00e7\u00e3o Aparecido Savegnago apresentam Concerto Pedag\u00f3gico e 6\u00ba Festival de Dan\u00e7a em Sert\u00e3ozinho"},"content":{"rendered":"<p> <br \/>\n<\/p>\n<div>\n<p>Alunas e alunos da Institui\u00e7\u00e3o Aparecido Savegnago preparam duas apresenta\u00e7\u00f5es para o p\u00fablico neste final de ano em Sert\u00e3ozinho. O 6\u00ba Festival de Dan\u00e7a, com o espet\u00e1culo \u201cA Bela e a Fera\u201d, ser\u00e1 realizado no dia 21 de novembro. J\u00e1 o Concerto Pedag\u00f3gico com a participa\u00e7\u00e3o das classes de metais, madeira e percuss\u00e3o, acontece no dia 25 de novembro.<\/p>\n<p>\u00a0<\/p>\n<p><strong>Concerto Pedag\u00f3gico<\/strong><br \/>O Audit\u00f3rio Isaura Bolsoni Savegnago, instalado na sede da entidade, receber\u00e1 o recital dos instrumentos musicais, os seus sons e a sua funcionalidade em um concerto. A apresenta\u00e7\u00e3o, gratuita e aberta ao p\u00fablico, est\u00e1 confirmada \u00e0s 19h30. Os estudantes far\u00e3o atua\u00e7\u00f5es de trombone, trompa e trompete (classes de metais), flauta transversal (madeira) e bateria e percuss\u00e3o.<\/p>\n<p>\u00a0<\/p>\n<p>De acordo com Sara Cesca, coordenadora pedag\u00f3gica e art\u00edstica da IAS, o concerto \u00e9 um momento de execu\u00e7\u00e3o p\u00fablica do processo art\u00edstico-pedag\u00f3gico realizado pelos alunos em sala de aula. Todas as habilidades trabalhadas s\u00e3o levadas para o palco. Ao todo, 30 estudantes, entre crian\u00e7as e jovens, comp\u00f5em a apresenta\u00e7\u00e3o.<\/p>\n<p>\u00a0<\/p>\n<p>\u201cA execu\u00e7\u00e3o e interpreta\u00e7\u00e3o de cada jovem ou crian\u00e7a s\u00e3o resultados de um processo did\u00e1tico e de uma pr\u00e1tica constante. No Concerto Pedag\u00f3gico, v\u00e1rias forma\u00e7\u00f5es podem ser conferidas, tais como: duetos, trios, grupos maiores ou solo. A apresenta\u00e7\u00e3o pedag\u00f3gica da Institui\u00e7\u00e3o Aparecido Savegnago, al\u00e9m da participa\u00e7\u00e3o dos professores, conta com o acompanhamento da pianista Gladys de P\u00e1dua, especialista na arte da correpeti\u00e7\u00e3o\u201d, explica Sara.<\/p>\n<p>\u00a0<\/p>\n<p>Durante o recital, o p\u00fablico poder\u00e1 conferir obras musicais que fazem parte do programa did\u00e1tico, pe\u00e7as folcl\u00f3ricas e outras exclusivamente compostas para o concerto. \u201cAl\u00e9m do repert\u00f3rio que ter\u00e3o a oportunidade de conhecer, familiares poder\u00e3o apreciar as etapas do desenvolvimento que v\u00eam sendo realizadas pelos alunos de metais, madeiras e percuss\u00e3o\u201d, destaca a coordenadora.<\/p>\n<p>\u00a0<\/p>\n<p>Toda apresenta\u00e7\u00e3o dos alunos nesta audi\u00e7\u00e3o ser\u00e1 registrada e poder\u00e1 ser acessada no canal do YouTube da Institui\u00e7\u00e3o Aparecido Savegnago (<a href=\"https:\/\/www.youtube.com\/@instituicaoaparecidosavegn688\">Link<\/a>).<\/p>\n<p>\u00a0<\/p>\n<p><strong>Festival de Dan\u00e7a<\/strong><br \/>J\u00e1 o 6\u00ba Festival de Dan\u00e7a da IAS acontecer\u00e1 no dia 21 de novembro, \u00e0s 19h30, no Teatro Municipal de Sert\u00e3ozinho. O espet\u00e1culo \u201cA Bela e a Fera\u201d ganha uma releitura atrav\u00e9s da dan\u00e7a elaborada pelo coordenador do curso de Dan\u00e7a da entidade, Adriano Santos, baseado no filme cl\u00e1ssico da Disney. Compondo as festividades de final de ano, esta apresenta\u00e7\u00e3o ser\u00e1 aberta para os familiares dos alunos da IAS.<\/p>\n<p>\u00a0<\/p>\n<p>A hist\u00f3ria, que narra a vida de uma jovem moradora de uma pequena aldeia que se sacrifica pelo pai ao ser capturada por uma criatura feroz, ganha vida atrav\u00e9s da dan\u00e7a. No castelo onde est\u00e1 aprisionada, ela conhece objetos m\u00e1gicos e descobre que a Fera \u00e9, na verdade, um pr\u00edncipe sob um feiti\u00e7o, que precisa de amor para retornar \u00e0 forma humana.<\/p>\n<p>\u00a0<\/p>\n<p>\u201c\u2019A Bela e a Fera\u2019 \u00e9 uma hist\u00f3ria que toca o cora\u00e7\u00e3o de todas as idades. \u00c9 um privil\u00e9gio poder cont\u00e1-la atrav\u00e9s da dan\u00e7a e compartilhar a magia e a emo\u00e7\u00e3o que ela traz. Para o espet\u00e1culo, associamos o bal\u00e9 cl\u00e1ssico, sendo a modalidade principal que o projeto oferece aos alunos e, tamb\u00e9m, inserimos a parte l\u00fadica e m\u00e1gica que o filme traz. Contamos com a participa\u00e7\u00e3o de 60 bailarinos que integram o projeto\u201d, afirma Adriano.<\/p>\n<p>\u00a0<\/p>\n<p>No ano passado, o Festival de Dan\u00e7a trouxe a apresenta\u00e7\u00e3o \u201cRio: Uma Aventura na Amaz\u00f4nia Selvagem\u201d. \u201cNossos alunos se identificaram com o tema que abrange m\u00fasica, dan\u00e7a e canto. O resultado alcan\u00e7ado foi melhor do que o esperado. Para este ano, com o espet\u00e1culo \u2018A Bela e A Fera\u2019, os familiares v\u00e3o se apaixonar e se emocionar com a exibi\u00e7\u00e3o\u201d, garante o coordenador. A apresenta\u00e7\u00e3o tem dura\u00e7\u00e3o de 60 minutos.<\/p>\n<p>\u00a0<\/p>\n<p><strong>Servi\u00e7o<\/strong><br \/><em>6\u00ba Festival de Dan\u00e7a da IAS \u2013 \u201cA Bela e a Fera\u201d<\/em><br \/><strong>Data:<\/strong>\u00a021 de novembro<br \/><strong>Hor\u00e1rio:<\/strong>\u00a019h30<br \/><strong>Local:<\/strong>\u00a0Teatro Municipal de Sert\u00e3ozinho<br \/><strong>Endere\u00e7o:<\/strong>\u00a0Rua Washington Luiz, 1.131 \u2013 Jardim Sumar\u00e9, Sert\u00e3ozinho\/SP<br \/><strong>Entrada:<\/strong>\u00a0Gratuita<\/p>\n<p>\u00a0<\/p>\n<p><em>Concerto Pedag\u00f3gico<\/em><br \/><strong>Data:<\/strong>\u00a025 de novembro<br \/><strong>Hor\u00e1rio:<\/strong>\u00a019h30<br \/><strong>Local:<\/strong>\u00a0Anfiteatro Isaura Bolsoni Savegnago, na sede da IAS<br \/><strong>Endere\u00e7o:<\/strong>\u00a0Rua Jos\u00e9 Bonini, 536 \u2013 S\u00e3o Jo\u00e3o \u2013 Sert\u00e3ozinho\/SP<br \/><strong>Entrada:<\/strong>\u00a0Gratuita<\/p>\n<p>\u00a0<\/p>\n<p><strong>Sobre IAS<\/strong><br \/>A Institui\u00e7\u00e3o Aparecido Savegnago (IAS) possui uma hist\u00f3ria de dedica\u00e7\u00e3o \u00e0s crian\u00e7as e adolescentes da cidade de Sert\u00e3ozinho e do distrito de Cruz das Posses. O objetivo \u00e9 fazer o bem para a comunidade por meio da cultura, arte, educa\u00e7\u00e3o e cidadania.<\/p>\n<p>Desde o in\u00edcio do projeto, mais de 3 mil alunos j\u00e1 passaram pela institui\u00e7\u00e3o por meio dos cursos de violino, violoncelo, viola, contrabaixo, clarinete, flauta, saxofone, trompa, trombone, trompete, viol\u00e3o, percuss\u00e3o, bateria, canto coral, teatro, bal\u00e9, \u00e9tica e cidadania e artes pl\u00e1sticas, al\u00e9m de sa\u00fade da crian\u00e7a, que \u00e9 realizado por uma psic\u00f3loga.<\/p>\n<p>O Espet\u00e1culo A Bela e a Fera integra o Projeto Beija-Flor \u2013 dan\u00e7a, artes visuais e camerata, que foi aprovado no mecanismo de incentivo fiscal do Programa de A\u00e7\u00e3o Cultural, do Governo do Estado de S\u00e3o Paulo, via Secretaria da Cultura, Economia e Ind\u00fastria Criativas. Conta com patroc\u00ednio exclusivo do Savegnago Supermercados. J\u00e1 o Concerto Pedag\u00f3gico integra o Projeto Beija-flor \u2013 ano 6, que foi aprovado no mecanismo de incentivo fiscal do Programa Nacional de Apoio \u00e0 Cultura, do Governo Federal, via Minist\u00e9rio da Cultura. Conta com patroc\u00ednio das seguintes empresas: ouro \u2013 Savegnago Supermercados; prata \u2013 Caldema e Pr\u00e1tica; bronze: Selmi, Triex, Siamar, Caf\u00e9 Utam e Fast G\u00f4ndolas e Check-outs.<\/p>\n<p>\u00a0<\/p>\n<\/div>\n<p><br \/>\n<br \/><a href=\"https:\/\/www.tribunaribeirao.com.br\/alunos-da-instituicao-aparecido-savegnago-apresentam-concerto-pedagogico-e-6o-festival-de-danca-em-sertaozinho\/\">Source link <\/a><\/p>\n<div class='code-block code-block-4' style='margin: 8px auto 8px 0; text-align: left; display: block; clear: both;'>\n\ud83d\udce2 Aviso Legal\n\nO site ismaelcolosi.com.br atua apenas como um canal de divulga\u00e7\u00e3o de oportunidades de emprego e n\u00e3o se responsabiliza pelo processo seletivo, contrata\u00e7\u00e3o ou qualquer outra etapa relacionada \u00e0s vagas publicadas. Todas as informa\u00e7\u00f5es s\u00e3o de responsabilidade dos anunciantes.\n\n\u26a0\ufe0f Aten\u00e7\u00e3o! Nunca pague por promessas de emprego nem compre cursos que garantam contrata\u00e7\u00e3o. Desconfie de qualquer cobran\u00e7a para participar de sele\u00e7\u00f5es.\n\n\n\n<\/div>\n<!-- CONTENT END 1 -->\n","protected":false},"excerpt":{"rendered":"<p>Alunas e alunos da Institui\u00e7\u00e3o Aparecido Savegnago preparam duas apresenta\u00e7\u00f5es para o p\u00fablico neste final de ano em Sert\u00e3ozinho. O 6\u00ba Festival de Dan\u00e7a, com&#8230;<\/p>\n","protected":false},"author":1,"featured_media":76823,"comment_status":"open","ping_status":"open","sticky":false,"template":"","format":"standard","meta":{"_uag_custom_page_level_css":"","advanced_seo_description":"","jetpack_seo_html_title":"","jetpack_seo_noindex":false,"jetpack_post_was_ever_published":false,"_jetpack_newsletter_access":"","_jetpack_dont_email_post_to_subs":false,"_jetpack_newsletter_tier_id":0,"_jetpack_memberships_contains_paywalled_content":false,"_jetpack_memberships_contains_paid_content":false,"footnotes":"","jetpack_publicize_message":"","jetpack_publicize_feature_enabled":true,"jetpack_social_post_already_shared":true,"jetpack_social_options":{"image_generator_settings":{"template":"highway","default_image_id":0,"font":"","enabled":false},"version":2}},"categories":[11],"tags":[],"class_list":["post-76822","post","type-post","status-publish","format-standard","has-post-thumbnail","hentry","category-noticias-de-ribeirao-preto-sp-e-regiao-ismael-colosi"],"jetpack_publicize_connections":[],"jetpack_featured_media_url":"https:\/\/i0.wp.com\/ismaelcolosi.com.br\/wp-content\/uploads\/2024\/11\/handler-10.jpg?fit=750%2C500&ssl=1","uagb_featured_image_src":{"full":["https:\/\/i0.wp.com\/ismaelcolosi.com.br\/wp-content\/uploads\/2024\/11\/handler-10.jpg?fit=750%2C500&ssl=1",750,500,false],"thumbnail":["https:\/\/i0.wp.com\/ismaelcolosi.com.br\/wp-content\/uploads\/2024\/11\/handler-10.jpg?resize=150%2C150&ssl=1",150,150,true],"medium":["https:\/\/i0.wp.com\/ismaelcolosi.com.br\/wp-content\/uploads\/2024\/11\/handler-10.jpg?fit=300%2C200&ssl=1",300,200,true],"medium_large":["https:\/\/i0.wp.com\/ismaelcolosi.com.br\/wp-content\/uploads\/2024\/11\/handler-10.jpg?fit=750%2C500&ssl=1",750,500,true],"large":["https:\/\/i0.wp.com\/ismaelcolosi.com.br\/wp-content\/uploads\/2024\/11\/handler-10.jpg?fit=750%2C500&ssl=1",750,500,true],"1536x1536":["https:\/\/i0.wp.com\/ismaelcolosi.com.br\/wp-content\/uploads\/2024\/11\/handler-10.jpg?fit=750%2C500&ssl=1",750,500,true],"2048x2048":["https:\/\/i0.wp.com\/ismaelcolosi.com.br\/wp-content\/uploads\/2024\/11\/handler-10.jpg?fit=750%2C500&ssl=1",750,500,true],"really-simple-thumb":["https:\/\/i0.wp.com\/ismaelcolosi.com.br\/wp-content\/uploads\/2024\/11\/handler-10.jpg?resize=370%2C247&ssl=1",370,247,true]},"uagb_author_info":{"display_name":"ismaelcolosi.com.br","author_link":"https:\/\/ismaelcolosi.com.br\/index.php\/author\/vidareal-online\/"},"uagb_comment_info":0,"uagb_excerpt":"Alunas e alunos da Institui\u00e7\u00e3o Aparecido Savegnago preparam duas apresenta\u00e7\u00f5es para o p\u00fablico neste final de ano em Sert\u00e3ozinho. O 6\u00ba Festival de Dan\u00e7a, com...","jetpack-related-posts":[{"id":55017,"url":"https:\/\/ismaelcolosi.com.br\/index.php\/2024\/06\/29\/cidade-na-regiao-de-ribeirao-preto-recebe-concerto-gratuito-veja-quando\/","url_meta":{"origin":76822,"position":0},"title":"Cidade na regi\u00e3o de Ribeir\u00e3o Preto recebe concerto gratuito; Veja quando","author":"ismaelcolosi.com.br","date":"29 de June de 2024","format":false,"excerpt":"Um concerto pedag\u00f3gico com crian\u00e7as e adolescentes do projeto sociocultural, da Institui\u00e7\u00e3o Aparecido Savegnago, acontece em Sert\u00e3ozinho, cidade na regi\u00e3o de Ribeir\u00e3o Preto, na segunda-feira (1). Com entrada gratuita, a apresenta\u00e7\u00e3o de encerramento do semestre ser\u00e1 \u00e0s 19h30. Alunos da Orquestra Preparat\u00f3ria e da classe de Canto Coral apresentam pe\u00e7as\u2026","rel":"","context":"In &quot;Not\u00edcias de Ribeir\u00e3o Preto-SP e Regi\u00e3o&quot;","block_context":{"text":"Not\u00edcias de Ribeir\u00e3o Preto-SP e Regi\u00e3o","link":"https:\/\/ismaelcolosi.com.br\/index.php\/category\/noticias-de-ribeirao-preto-sp-e-regiao-ismael-colosi\/"},"img":{"alt_text":"","src":"https:\/\/i0.wp.com\/ismaelcolosi.com.br\/wp-content\/uploads\/2024\/06\/WhatsApp-Image-2024-06-29-at-10.56.31_2024-06-29_13-56-47_jpeg_2024-06-29_13-56-48.webp.webp?fit=1200%2C800&ssl=1&resize=350%2C200","width":350,"height":200,"srcset":"https:\/\/i0.wp.com\/ismaelcolosi.com.br\/wp-content\/uploads\/2024\/06\/WhatsApp-Image-2024-06-29-at-10.56.31_2024-06-29_13-56-47_jpeg_2024-06-29_13-56-48.webp.webp?fit=1200%2C800&ssl=1&resize=350%2C200 1x, https:\/\/i0.wp.com\/ismaelcolosi.com.br\/wp-content\/uploads\/2024\/06\/WhatsApp-Image-2024-06-29-at-10.56.31_2024-06-29_13-56-47_jpeg_2024-06-29_13-56-48.webp.webp?fit=1200%2C800&ssl=1&resize=525%2C300 1.5x, https:\/\/i0.wp.com\/ismaelcolosi.com.br\/wp-content\/uploads\/2024\/06\/WhatsApp-Image-2024-06-29-at-10.56.31_2024-06-29_13-56-47_jpeg_2024-06-29_13-56-48.webp.webp?fit=1200%2C800&ssl=1&resize=700%2C400 2x, https:\/\/i0.wp.com\/ismaelcolosi.com.br\/wp-content\/uploads\/2024\/06\/WhatsApp-Image-2024-06-29-at-10.56.31_2024-06-29_13-56-47_jpeg_2024-06-29_13-56-48.webp.webp?fit=1200%2C800&ssl=1&resize=1050%2C600 3x"},"classes":[]},{"id":76178,"url":"https:\/\/ismaelcolosi.com.br\/index.php\/2024\/11\/11\/camerata-beija-flor-da-ias-realiza-mais-duas-apresentacoes-da-serie-de-concertos-em-sertaozinho\/","url_meta":{"origin":76822,"position":1},"title":"Camerata Beija-Flor da IAS realiza mais duas apresenta\u00e7\u00f5es da s\u00e9rie de concertos em Sert\u00e3ozinho","author":"ismaelcolosi.com.br","date":"11 de November de 2024","format":false,"excerpt":"11 de novembro de 202411 de novembro de 202412 Compartilhar0 A Camerata Beija-Flor, da Institui\u00e7\u00e3o Aparecido Savegnago, realiza neste m\u00eas de novembro mais duas apresenta\u00e7\u00f5es em Sert\u00e3ozinho. O primeiro concerto acontece no dia 13, \u00e0s 19h30, no Centro de Apoio ao Turista (CAT). A segunda exibi\u00e7\u00e3o est\u00e1 confirmada para o\u2026","rel":"","context":"In &quot;Not\u00edcias de Ribeir\u00e3o Preto-SP e Regi\u00e3o&quot;","block_context":{"text":"Not\u00edcias de Ribeir\u00e3o Preto-SP e Regi\u00e3o","link":"https:\/\/ismaelcolosi.com.br\/index.php\/category\/noticias-de-ribeirao-preto-sp-e-regiao-ismael-colosi\/"},"img":{"alt_text":"","src":"https:\/\/i0.wp.com\/ismaelcolosi.com.br\/wp-content\/uploads\/2024\/11\/e4ad40b0-9ad7-4fe1-8bcf-bf0fa51420b3-scaled.jpeg?fit=750%2C500&ssl=1&resize=350%2C200","width":350,"height":200,"srcset":"https:\/\/i0.wp.com\/ismaelcolosi.com.br\/wp-content\/uploads\/2024\/11\/e4ad40b0-9ad7-4fe1-8bcf-bf0fa51420b3-scaled.jpeg?fit=750%2C500&ssl=1&resize=350%2C200 1x, https:\/\/i0.wp.com\/ismaelcolosi.com.br\/wp-content\/uploads\/2024\/11\/e4ad40b0-9ad7-4fe1-8bcf-bf0fa51420b3-scaled.jpeg?fit=750%2C500&ssl=1&resize=525%2C300 1.5x, https:\/\/i0.wp.com\/ismaelcolosi.com.br\/wp-content\/uploads\/2024\/11\/e4ad40b0-9ad7-4fe1-8bcf-bf0fa51420b3-scaled.jpeg?fit=750%2C500&ssl=1&resize=700%2C400 2x"},"classes":[]},{"id":77414,"url":"https:\/\/ismaelcolosi.com.br\/index.php\/2024\/11\/25\/instituicao-aparecido-savegnago-promove-semana-de-artes-visuais-em-sertaozinho\/","url_meta":{"origin":76822,"position":2},"title":"Institui\u00e7\u00e3o Aparecido Savegnago promove Semana de Artes Visuais em Sert\u00e3ozinho","author":"ismaelcolosi.com.br","date":"25 de November de 2024","format":false,"excerpt":"Entre os dias 27 e 29 de novembro, a Institui\u00e7\u00e3o Aparecido Savegnago promove sua I Semana de Artes Visuais, em Sert\u00e3ozinho. O evento ser\u00e1 realizado na sede da entidade, localizada na Rua Jos\u00e9 Bonini, 536, e a entrada ser\u00e1 gratuita. A mostra vai apresentar obras do acervo da IAS desde\u2026","rel":"","context":"In &quot;Not\u00edcias de Ribeir\u00e3o Preto-SP e Regi\u00e3o&quot;","block_context":{"text":"Not\u00edcias de Ribeir\u00e3o Preto-SP e Regi\u00e3o","link":"https:\/\/ismaelcolosi.com.br\/index.php\/category\/noticias-de-ribeirao-preto-sp-e-regiao-ismael-colosi\/"},"img":{"alt_text":"","src":"https:\/\/i0.wp.com\/ismaelcolosi.com.br\/wp-content\/uploads\/2024\/11\/8c534d555c577792082e4bab9b2a8f76low.jpeg?fit=603%2C500&ssl=1&resize=350%2C200","width":350,"height":200,"srcset":"https:\/\/i0.wp.com\/ismaelcolosi.com.br\/wp-content\/uploads\/2024\/11\/8c534d555c577792082e4bab9b2a8f76low.jpeg?fit=603%2C500&ssl=1&resize=350%2C200 1x, https:\/\/i0.wp.com\/ismaelcolosi.com.br\/wp-content\/uploads\/2024\/11\/8c534d555c577792082e4bab9b2a8f76low.jpeg?fit=603%2C500&ssl=1&resize=525%2C300 1.5x"},"classes":[]},{"id":12415,"url":"https:\/\/ismaelcolosi.com.br\/index.php\/2023\/12\/07\/instituicao-aparecido-savegnago-apresenta-residencial-beija-flor-nesta-sexta-8\/","url_meta":{"origin":76822,"position":3},"title":"Institui\u00e7\u00e3o Aparecido Savegnago apresenta \u201cResidencial Beija-Flor\u201d nesta sexta (8)","author":"ismaelcolosi.com.br","date":"7 de December de 2023","format":false,"excerpt":"7 de dezembro de 2023 | 15:26 0Um espet\u00e1culo para divertir, emocionar e marcar o p\u00fablico. A Institui\u00e7\u00e3o Aparecido Savegnago apresenta nesta sexta-feira, dia 8, \u00e0s 19h30, a mostra teatral \u201cResidencial Beija-Flor\u201d. Dirigida pela professora Thais Foresto e protagonizada por alunos e alunas da entidade, a encena\u00e7\u00e3o ser\u00e1 realizada no\u2026","rel":"","context":"In &quot;Not\u00edcias de Ribeir\u00e3o Preto-SP e Regi\u00e3o&quot;","block_context":{"text":"Not\u00edcias de Ribeir\u00e3o Preto-SP e Regi\u00e3o","link":"https:\/\/ismaelcolosi.com.br\/index.php\/category\/noticias-de-ribeirao-preto-sp-e-regiao-ismael-colosi\/"},"img":{"alt_text":"","src":"https:\/\/i0.wp.com\/ismaelcolosi.com.br\/wp-content\/uploads\/2023\/12\/handler.jpg?fit=645%2C645&ssl=1&resize=350%2C200","width":350,"height":200,"srcset":"https:\/\/i0.wp.com\/ismaelcolosi.com.br\/wp-content\/uploads\/2023\/12\/handler.jpg?fit=645%2C645&ssl=1&resize=350%2C200 1x, https:\/\/i0.wp.com\/ismaelcolosi.com.br\/wp-content\/uploads\/2023\/12\/handler.jpg?fit=645%2C645&ssl=1&resize=525%2C300 1.5x"},"classes":[]},{"id":16455,"url":"https:\/\/ismaelcolosi.com.br\/index.php\/2023\/12\/15\/367458-2\/","url_meta":{"origin":76822,"position":4},"title":"Quarteto Paineiras toca em Sert\u00e3ozinho","author":"ismaelcolosi.com.br","date":"15 de December de 2023","format":false,"excerpt":"Depois de quatro anos de apresenta\u00e7\u00f5es, o Circuito Art\u00edstico e Cultural da Institui\u00e7\u00e3o Aparecido Savegnago recebe, nesta sexta-feira, 15 de dezembro, o \u00faltimo espet\u00e1culo musical da temporada. A apresenta\u00e7\u00e3o gratuita ser\u00e1 do Quarteto Paineiras, \u00e0s 19 horas, no Audit\u00f3rio Isaura Bolsoni Savegnago, sede da entidade, \u00e0 rua Jos\u00e9 Bonini n\u00ba\u2026","rel":"","context":"In &quot;Not\u00edcias de Ribeir\u00e3o Preto-SP e Regi\u00e3o&quot;","block_context":{"text":"Not\u00edcias de Ribeir\u00e3o Preto-SP e Regi\u00e3o","link":"https:\/\/ismaelcolosi.com.br\/index.php\/category\/noticias-de-ribeirao-preto-sp-e-regiao-ismael-colosi\/"},"img":{"alt_text":"","src":"https:\/\/i0.wp.com\/ismaelcolosi.com.br\/wp-content\/uploads\/2023\/12\/Paineiras-Divulgacao.jpg?fit=800%2C533&ssl=1&resize=350%2C200","width":350,"height":200,"srcset":"https:\/\/i0.wp.com\/ismaelcolosi.com.br\/wp-content\/uploads\/2023\/12\/Paineiras-Divulgacao.jpg?fit=800%2C533&ssl=1&resize=350%2C200 1x, https:\/\/i0.wp.com\/ismaelcolosi.com.br\/wp-content\/uploads\/2023\/12\/Paineiras-Divulgacao.jpg?fit=800%2C533&ssl=1&resize=525%2C300 1.5x, https:\/\/i0.wp.com\/ismaelcolosi.com.br\/wp-content\/uploads\/2023\/12\/Paineiras-Divulgacao.jpg?fit=800%2C533&ssl=1&resize=700%2C400 2x"},"classes":[]},{"id":78327,"url":"https:\/\/ismaelcolosi.com.br\/index.php\/2024\/12\/04\/camerata-beija-flor-faz-apresentacoes-na-usp\/","url_meta":{"origin":76822,"position":5},"title":"Camerata Beija-Flor faz apresenta\u00e7\u00f5es na USP","author":"ismaelcolosi.com.br","date":"4 de December de 2024","format":false,"excerpt":"4 de dezembro de 20244 de dezembro de 20249 Compartilhar0 Nesta semana, o p\u00fablico de Ribeir\u00e3o Preto poder\u00e1 assistir a duas apresenta\u00e7\u00f5es da Camerata Beija-Flor, da Institui\u00e7\u00e3o Aparecido Savegnago. Os concertos ser\u00e3o gratuitos e abertos a todos, com realiza\u00e7\u00e3o no campus da Universidade de S\u00e3o Paulo (USP). O primeiro recital\u2026","rel":"","context":"In &quot;Not\u00edcias de Ribeir\u00e3o Preto-SP e Regi\u00e3o&quot;","block_context":{"text":"Not\u00edcias de Ribeir\u00e3o Preto-SP e Regi\u00e3o","link":"https:\/\/ismaelcolosi.com.br\/index.php\/category\/noticias-de-ribeirao-preto-sp-e-regiao-ismael-colosi\/"},"img":{"alt_text":"","src":"https:\/\/i0.wp.com\/ismaelcolosi.com.br\/wp-content\/uploads\/2024\/12\/Camerata-Fabio-Melo-.jpg?fit=800%2C368&ssl=1&resize=350%2C200","width":350,"height":200,"srcset":"https:\/\/i0.wp.com\/ismaelcolosi.com.br\/wp-content\/uploads\/2024\/12\/Camerata-Fabio-Melo-.jpg?fit=800%2C368&ssl=1&resize=350%2C200 1x, https:\/\/i0.wp.com\/ismaelcolosi.com.br\/wp-content\/uploads\/2024\/12\/Camerata-Fabio-Melo-.jpg?fit=800%2C368&ssl=1&resize=525%2C300 1.5x, https:\/\/i0.wp.com\/ismaelcolosi.com.br\/wp-content\/uploads\/2024\/12\/Camerata-Fabio-Melo-.jpg?fit=800%2C368&ssl=1&resize=700%2C400 2x"},"classes":[]}],"jetpack_sharing_enabled":true,"jetpack_shortlink":"https:\/\/wp.me\/pfMlyK-jZ4","_links":{"self":[{"href":"https:\/\/ismaelcolosi.com.br\/index.php\/wp-json\/wp\/v2\/posts\/76822","targetHints":{"allow":["GET"]}}],"collection":[{"href":"https:\/\/ismaelcolosi.com.br\/index.php\/wp-json\/wp\/v2\/posts"}],"about":[{"href":"https:\/\/ismaelcolosi.com.br\/index.php\/wp-json\/wp\/v2\/types\/post"}],"author":[{"embeddable":true,"href":"https:\/\/ismaelcolosi.com.br\/index.php\/wp-json\/wp\/v2\/users\/1"}],"replies":[{"embeddable":true,"href":"https:\/\/ismaelcolosi.com.br\/index.php\/wp-json\/wp\/v2\/comments?post=76822"}],"version-history":[{"count":0,"href":"https:\/\/ismaelcolosi.com.br\/index.php\/wp-json\/wp\/v2\/posts\/76822\/revisions"}],"wp:featuredmedia":[{"embeddable":true,"href":"https:\/\/ismaelcolosi.com.br\/index.php\/wp-json\/wp\/v2\/media\/76823"}],"wp:attachment":[{"href":"https:\/\/ismaelcolosi.com.br\/index.php\/wp-json\/wp\/v2\/media?parent=76822"}],"wp:term":[{"taxonomy":"category","embeddable":true,"href":"https:\/\/ismaelcolosi.com.br\/index.php\/wp-json\/wp\/v2\/categories?post=76822"},{"taxonomy":"post_tag","embeddable":true,"href":"https:\/\/ismaelcolosi.com.br\/index.php\/wp-json\/wp\/v2\/tags?post=76822"}],"curies":[{"name":"wp","href":"https:\/\/api.w.org\/{rel}","templated":true}]}}