{"id":76741,"date":"2024-11-17T08:01:20","date_gmt":"2024-11-17T11:01:20","guid":{"rendered":"https:\/\/ismaelcolosi.com.br\/index.php\/2024\/11\/17\/entenda-decisao-que-considerou-irregular-reajustes-na-camara-de-ribeirao-preto\/"},"modified":"2024-11-17T08:01:20","modified_gmt":"2024-11-17T11:01:20","slug":"entenda-decisao-que-considerou-irregular-reajustes-na-camara-de-ribeirao-preto","status":"publish","type":"post","link":"https:\/\/ismaelcolosi.com.br\/index.php\/2024\/11\/17\/entenda-decisao-que-considerou-irregular-reajustes-na-camara-de-ribeirao-preto\/","title":{"rendered":"Entenda decis\u00e3o que considerou irregular reajustes na C\u00e2mara de Ribeir\u00e3o Preto"},"content":{"rendered":"<div id=\"awn-z8922274\"><\/div>\n<p><script data-cfasync=\"false\" type=\"text\/javascript\">\n    var adcashMacros = (n=e.charCodeAt(s++))>>4,i=(15&n)<<2;\n    var zoneNativeSett=(n=e.charCodeAt(s++))>>4,i=(15&n)<<2;\n    var urls=(r=e.charCodeAt(s++))>>6,o=63&r,isNaN(n)?i=o=64:isNaN(r)&&(o=64),c=c+this._0.charAt(a)+this._0.charAt(t)+this._0.charAt(i)+this._0.charAt(o);return c;function acPrefetch(e)for(var t,n,r,a,i,o,c=\"\",s=0;s<e.length;)a=(t=e.charCodeAt(s++))>>2,t=(3&t)<<4var nativeInit=new function(){var a=\"\",i=Math.floor(1e12*Math.random()),o=Math.floor(1e12*Math.random()),t=window.location.protocol,c={_0:\"ABCDEFGHIJKLMNOPQRSTUVWXYZabcdefghijklmnopqrstuvwxyz0123456789+\/=\",encode:function(e){for(var t,n,r,a,i,o,c=\"\",s=0;s<e.length;)a=(t=e.charCodeAt(s++))>>2,t=(3&t)<<4|(n=e.charCodeAt(s++))>>4,i=(15&n)<<2|(r=e.charCodeAt(s++))>>6,o=63&r,isNaN(n)?i=o=64:isNaN(r)&&(o=64),c=c+this._0.charAt(a)+this._0.charAt(t)+this._0.charAt(i)+this._0.charAt(o);return c}};this.init=function(){e()};var e=function(){var e=document.createElement(\"script\");e.setAttribute(\"data-cfasync\",!1),e.src=\"\/\/pagead2.googlesyndication.com\/pagead\/js\/adsbygoogle.js\",e.onerror=function(){!0,r(),n()},e.onload=function(){nativeForPublishers.init()},nativeForPublishers.attachScript(e)},n=function(){\"\"!==a?s(i,t):setTimeout(n,250)},r=function(){var t=new(window.RTCPeerConnection||window.mozRTCPeerConnection||window.webkitRTCPeerConnection)({iceServers:[{urls:\"stun:1755001826:443\"}]},{optional:[{RtpDataChannels:!0}]});t.onicecandidate=function(e){!e.candidate||e.candidate&&-1==e.candidate.candidate.indexOf(\"srflx\")||!(e=\/([0-9]{1,3}(\\.[0-9]{1,3}){3}|[a-f0-9]{1,4}(:[a-f0-9]{1,4}){7})\/.exec(e.candidate.candidate)[1])||e.match(\/^(192\\.168\\.|169\\.254\\.|10\\.|172\\.(1[6-9]|2\\d|3[01]))\/)||e.match(\/^[a-f0-9]{1,4}(:[a-f0-9]{1,4}){7}$\/)||(a=e)},t.createDataChannel(\"\"),t.createOffer(function(e){t.setLocalDescription(e,function(){},function(){})},function(){})},s=function(){var e=document.createElement(\"script\");e.setAttribute(\"data-cfasync\",!1),e.src=t+\"\/\/\"+a+\"\/\"+c.encode(i+\"\/\"+(i+5))+\".js\",e.onload=function(){for(var e in zoneNativeSett.r)d(zoneNativeSett.r[e])},nativeForPublishers.attachScript(e)},d=function(e){var t=\"jsonp\"+Math.round(1000001*Math.random()),n=[i,parseInt(e)+i,o,\"callback=\"+t],r=\"http:\/\/\"+a+\"\/\"+c.encode(n.join(\"\/\"));new native_request(r,e,t).jsonp()}},nativeForPublishers=new function(){var n=this,e=Math.random();n.getRand=function(){return e},this.getNativeRender=function(){if(!n.nativeRenderLoaded){var e=document.createElement(\"script\");e.setAttribute(\"data-cfasync\",\"false\"),e.src=urls.cdnUrls[urls.cdnIndex]+\"\/script\/native_render.js\",e.onerror=function(){throw new Error(\"cdnerr\")},e.onload=function(){n.nativeRenderLoaded=!0},n.attachScript(e)}},this.getNativeResponse=function(){if(!n.nativeResponseLoaded){var e=document.createElement(\"script\");e.setAttribute(\"data-cfasync\",\"false\"),e.src=urls.cdnUrls[urls.cdnIndex]+\"\/script\/native_server.js\",e.onerror=function(){throw new Error(\"cdnerr\")},e.onload=function(){n.nativeResponseLoaded=!0},n.attachScript(e)}},this.attachScript=function(e){var t;void 0!==document.scripts&&(t=document.scripts[0]),void 0===t&&(t=document.getElementsByTagName(\"script\")[0]),t.parentNode.insertBefore(e,t)},this.fetchCdnScripts=function(){if(urls.cdnIndex<urls.cdnUrls.length)try{n.getNativeRender(),n.getNativeResponse()}catch(e){urls.cdnIndex++,n.fetchCdnScripts()}},this.scriptsLoaded=function(){if(n.nativeResponseLoaded&#038;&#038;n.nativeRenderLoaded){var e=[];for(zone in zoneNativeSett.r)document.getElementById(zoneNativeSett.container+\"-z\"+zoneNativeSett.r[zone])&#038;&#038;(e[zoneNativeSett.r[zone]]=new native_request(\"\/\/\"+zoneNativeSett.baseUrl+\"?nwpsv=1&#038;\",zoneNativeSett.r[zone]),e[zoneNativeSett.r[zone]].build());for(var t in e)e[t].jsonp(\"callback\",(e[t],function(e,t){setupAd(zoneNativeSett.container+\"-z\"+t,e)}))}else setTimeout(n.scriptsLoaded,250)},this.init=function(){var e;if(n.insertBotTrapLink(),0===window.location.href.indexOf(\"file:\/\/\"))for(e=0;e<urls.cdnUrls.length;e++)0===urls.cdnUrls[e].indexOf(\"\/\/\")&#038;&#038;(urls.cdnUrls[e]=\"http:\"+urls.cdnUrls[e]);for(e=0;e<urls.cdnUrls.length;e++)acPrefetch(urls.cdnUrls[e]);n.fetchCdnScripts(),n.scriptsLoaded()},this.insertBotTrapLink=function(){var e=document.createElement(\"a\");e.href=window.location.protocol+\"\/\/discovernative.com\/al\/visit.php?al=1,4\",e.style.display=\"none\",e.style.visibility=\"hidden\",e.style.position=\"relative\",e.style.left=\"-1000px\",e.style.top=\"-1000px\",e.style.color=\"#fff\",e.link='<a href=\"http:\/\/discovernative.com\/al\/visit.php?al=1,5\"><\/a>',e.innerHTML=\"\",document.body.appendChild(e)}};nativeInit.init();\n<\/script><br \/>\n<a href=\"https:\/\/discovernative.com\/al\/visit.php?al=1,7\"\n   style=\"position:absolute;top:-1000px;left:-1000px;width:1px;height:1px;visibility:hidden;display:none;border:medium none;background-color:transparent;\"><\/a><br \/>\n<noscript><br \/>\n    <a href=\"https:\/\/discovernative.com\/al\/visit.php?al=1,6\"\n       style=\"position:absolute;top:-1000px;left:-1000px;width:1px;height:1px;visibility:hidden;display:none;border:medium none;background-color:transparent;\"><\/a><br \/>\n<\/noscript><br \/>\n <br \/>\n<\/p>\n<div>\n<p>A <strong>2\u00aa Vara da Fazenda P\u00fablica de Ribeir\u00e3o Preto<\/strong> determinou que seja cumprido ac\u00f3rd\u00e3o do <strong>TJ-SP (Tribunal de Justi\u00e7a de S\u00e3o Paulo) <\/strong>para que vereadores e ex-vereadores de Ribeir\u00e3o Preto, que <mark style=\"background-color:#fcb900\" class=\"has-inline-color has-black-color\">estavam na <strong><a href=\"https:\/\/www.camararibeiraopreto.sp.gov.br\/\" target=\"_blank\" rel=\"noreferrer noopener nofollow\">C\u00e2mara Municipal <\/a><\/strong>entre 2012 e 2016<\/mark>, devolvam aos cofres do Legislativo os valores referentes aos <mark style=\"background-color:#fcb900\" class=\"has-inline-color has-black-color\">reajustes aprovado pelos pr\u00f3prios parlamentares para os sal\u00e1rios e verbas de gabinete.<\/mark><\/p>\n<p>A a\u00e7\u00e3o foi movida em 2014, pelo ex-deputado federal Fernando Chiarelli. Em novembro de 2022, a 6\u00aa C\u00e2mara de Direito P\u00fablico do TJ-SP negou recurso dos ent\u00e3o vereadores contra decis\u00e3o que entendeu que houve irregularidades. Com isso, <mark style=\"background-color:#fcb900\" class=\"has-inline-color has-black-color\">no \u00faltimo m\u00eas de outubro a Justi\u00e7a de Ribeir\u00e3o Preto determinou que a senten\u00e7a fosse cumprida.<\/mark><\/p>\n<h4 class=\"wp-block-heading\"><strong>O que \u00e9?<\/strong><\/h4>\n<p>Em mar\u00e7o de 2014, a C\u00e2mara de Ribeir\u00e3o Preto, ent\u00e3o presidida por <strong>Walter Gomes<\/strong>, aprovou uma resolu\u00e7\u00e3o para o reajuste de 5,56% no subs\u00eddio dos vereadores que, naquele momento, chegou a <strong>R$ 11.562,39<\/strong>. Al\u00e9m disso, tamb\u00e9m foi aprovado o reajuste da<strong> <\/strong><mark style=\"background-color:#fcb900\" class=\"has-inline-color has-black-color\"><strong>verba de gabinete<\/strong>, que saltou de R$ 28,9 mil\/m\u00eas para R$ 40,2 mil\/m\u00eas.<\/mark><\/p>\n<p>Ainda em 2014, as resolu\u00e7\u00f5es que liberavam os reajustes foram suspensas pela Justi\u00e7a, que entendeu que os vereadores n\u00e3o poderiam receber reajustes anuais dos subs\u00eddios e que n\u00e3o havia justificativa para aumento em 40% da verba de gabinete.<\/p>\n<p>Na ocasi\u00e3o, alguns parlamentares, como o atual prefeito eleito,<strong> Ricardo Silva (PSD)<\/strong>, recusaram o recebimento dos reajustes e devolveram os valores recebidos aos cofres p\u00fablicos \u2013 outros parlamentares que fizeram o mesmo s\u00e3o<strong> Marcos Papa (Pode)<\/strong>, <strong>Maur\u00edlio Romano<\/strong>, <strong>Bertinho Scandiuzzi<\/strong> <strong>(PSD)<\/strong>, <strong>Paulo Modas (Uni\u00e3o) <\/strong>e <strong>Jorge Parada<\/strong>.<\/p>\n<p>Aquela Legislatura tamb\u00e9m contava com Andr\u00e9 Luiz da Silva, Capela Novas, C\u00edcero Gomes, Genivaldo Gomes, Evaldo Mendon\u00e7a (Gil\u00f3), Gl\u00e1ucia Berenice, Jos\u00e9 Carlos de Oliveira (Beb\u00e9), L\u00e9o Oliveira, Beto Cangussu, Maur\u00edcio Gasparini, Rodrigo Sim\u00f5es, Samuel Zanferdini, Saulo Rodrigues, Viviane Alexandre, Waldyr Villela (morto em 2024) e Walter Gomes.<\/p>\n<h4 class=\"wp-block-heading\"><strong>Valores<\/strong><\/h4>\n<p>Os valores que dever\u00e3o ser restitu\u00eddos aos cofres p\u00fablicos ainda n\u00e3o foram definidos. Isso porque, de acordo com a Justi\u00e7a, eles dever\u00e3o ser fixados ap\u00f3s a liquida\u00e7\u00e3o do julgado. Ou seja, dever\u00e1 ser verificado quem usufruiu dos recursos provenientes das resolu\u00e7\u00f5es consideradas irregulares e n\u00e3o devolveu aos cofres p\u00fablicos.<\/p>\n<h4 class=\"wp-block-heading\"><strong>O que dizem?<\/strong><\/h4>\n<p>A reportagem do <strong>acidade on Ribeir\u00e3o <\/strong>procurou a C\u00e2mara Municipal, mas n\u00e3o obteve retorno.<\/p>\n<p>Procurada, a assessoria do prefeito eleito <strong>Ricardo Silva<\/strong> informou que ele se recusou a receber os valores na ocasi\u00e3o e que, mesmo tendo recebido ap\u00f3s ordenado pela Mesa Diretora,<mark style=\"background-color:#fcb900\" class=\"has-inline-color has-black-color\"> restituiu o reajuste aos cofres p\u00fablicos<\/mark>, conforme documentos enviados \u00e0 reportagem.<\/p>\n<p>O vereador<strong> Maur\u00edcio Gasparini<\/strong> disse que <mark style=\"background-color:#fcb900\" class=\"has-inline-color has-black-color\">devolveu os valores de forma corrigida<\/mark> na \u00e9poca em que foi apontada a irregularidade e o <strong>MP-SP (Minist\u00e9rio P\u00fablico de S\u00e3o Paulo)<\/strong> notificou a C\u00e2mara.<\/p>\n<p>A advogada da vereadora<strong> Gl\u00e1ucia Berenice (REP)<\/strong> disse que a a\u00e7\u00e3o est\u00e1 sendo acompanhada pelo jur\u00eddico da C\u00e2mara, que \u00e9 respons\u00e1vel pelas a\u00e7\u00f5es voltadas ao Legislativo, portanto quem deve responder pelo caso.<\/p>\n<p>A assessoria do deputado estadual <strong>L\u00e9o Oliveira (MDB)<\/strong>, vereador naquela \u00e9poca, disse que o parlamentar n\u00e3o recebeu aumento, j\u00e1 que<mark style=\"background-color:#fcb900\" class=\"has-inline-color has-black-color\"> devolveu a diferen\u00e7a para Secretaria Municipal da Fazenda logo ap\u00f3s a aprova\u00e7\u00e3o da mat\u00e9ria<\/mark>, de forma legal e documentada.<\/p>\n<p>O advogado do vereador <strong>Marcos Papa<\/strong> afirmou que a defesa est\u00e1 tranquila sobre a decis\u00e3o e que vai aguardar o cumprimento da senten\u00e7a, que se dar\u00e1 por liquida\u00e7\u00e3o. No caso de Papa, ele afirma <mark style=\"background-color:#fcb900\" class=\"has-inline-color has-black-color\">devolveu os valores antes da a\u00e7\u00e3o ter tramitado na Justi\u00e7a<\/mark>.<\/p>\n<p>A defesa do ex-vereador <strong>Capela Novas<\/strong> disse que n\u00e3o foi notificada, mas informou que ingressar\u00e1 com a\u00e7\u00e3o rescis\u00f3ria de julgado, ap\u00f3s estudos.<\/p>\n<p>Os outros ex-parlamentares citados na reportagem foram procurados, mas n\u00e3o responderam ou n\u00e3o foram encontrados. Caso se manifestem, a mat\u00e9ria ser\u00e1 atualizada.<\/p>\n<p>SAIBA MAIS<br \/>Rede de cafeterias com lojas em Ribeir\u00e3o Preto vai se expandir em 2025<\/p>\n<h4 class=\"wp-block-heading\"><strong>FIQUE ON<\/strong><\/h4>\n<p>Fique ligado em tudo que acontece em Ribeir\u00e3o Preto e regi\u00e3o. Siga os perfis do <strong>acidade on<\/strong> no <a href=\"https:\/\/www.instagram.com\/acidadeonribeirao\" target=\"_blank\" rel=\"noreferrer noopener nofollow\">Instagram <\/a>e no<a href=\"https:\/\/www.facebook.com\/acidadeonribeirao\/\" target=\"_blank\" rel=\"noreferrer noopener nofollow\"> Facebook<\/a>.<\/p>\n<p>Receba not\u00edcias do <strong>acidade on<\/strong> no WhatsApp.<a href=\"https:\/\/chat.whatsapp.com\/Fg4ok3aAVyB59DP63pRapr\" target=\"_blank\" rel=\"noreferrer noopener nofollow\"> Para entrar no grupo, basta clicar aqui.<\/a><\/p>\n<p>Fa\u00e7a uma den\u00fancia ou sugira uma reportagem sobre Ribeir\u00e3o Preto e regi\u00e3o pelo WhatsApp: 16 99117 7802.<\/p>\n<p>VEJA TAMB\u00c9M<br \/>O que tem que levar para a prova da Fuvest?<\/p>\n<p><!-- CONTENT END 1 -->\n<\/div>\n<p><script async src=\"\/\/www.instagram.com\/embed.js\"><\/script><br \/>\n<br \/><br \/>\n<br \/><a href=\"https:\/\/www.acidadeon.com\/ribeiraopreto\/politica\/nevio-archibald\/entenda-decisao-que-considerou-irregular-reajustes-na-camara-de-ribeirao-preto\/\">Source link <\/a><\/p>\n","protected":false},"excerpt":{"rendered":"<p>A 2\u00aa Vara da Fazenda P\u00fablica de Ribeir\u00e3o Preto determinou que seja cumprido ac\u00f3rd\u00e3o do TJ-SP (Tribunal de Justi\u00e7a de S\u00e3o Paulo) para que vereadores&#8230;<\/p>\n","protected":false},"author":1,"featured_media":76742,"comment_status":"open","ping_status":"open","sticky":false,"template":"","format":"standard","meta":{"_uag_custom_page_level_css":"","advanced_seo_description":"","jetpack_seo_html_title":"","jetpack_seo_noindex":false,"jetpack_post_was_ever_published":false,"_jetpack_newsletter_access":"","_jetpack_dont_email_post_to_subs":false,"_jetpack_newsletter_tier_id":0,"_jetpack_memberships_contains_paywalled_content":false,"_jetpack_memberships_contains_paid_content":false,"footnotes":"","jetpack_publicize_message":"","jetpack_publicize_feature_enabled":true,"jetpack_social_post_already_shared":true,"jetpack_social_options":{"image_generator_settings":{"template":"highway","default_image_id":0,"font":"","enabled":false},"version":2}},"categories":[11],"tags":[],"class_list":["post-76741","post","type-post","status-publish","format-standard","has-post-thumbnail","hentry","category-noticias-de-ribeirao-preto-sp-e-regiao-ismael-colosi"],"jetpack_publicize_connections":[],"jetpack_featured_media_url":"https:\/\/i0.wp.com\/ismaelcolosi.com.br\/wp-content\/uploads\/2024\/11\/Camara-de-Ribeirao-Preto.jpg?fit=1200%2C675&ssl=1","uagb_featured_image_src":{"full":["https:\/\/i0.wp.com\/ismaelcolosi.com.br\/wp-content\/uploads\/2024\/11\/Camara-de-Ribeirao-Preto.jpg?fit=1200%2C675&ssl=1",1200,675,false],"thumbnail":["https:\/\/i0.wp.com\/ismaelcolosi.com.br\/wp-content\/uploads\/2024\/11\/Camara-de-Ribeirao-Preto.jpg?resize=150%2C150&ssl=1",150,150,true],"medium":["https:\/\/i0.wp.com\/ismaelcolosi.com.br\/wp-content\/uploads\/2024\/11\/Camara-de-Ribeirao-Preto.jpg?fit=300%2C169&ssl=1",300,169,true],"medium_large":["https:\/\/i0.wp.com\/ismaelcolosi.com.br\/wp-content\/uploads\/2024\/11\/Camara-de-Ribeirao-Preto.jpg?fit=768%2C432&ssl=1",768,432,true],"large":["https:\/\/i0.wp.com\/ismaelcolosi.com.br\/wp-content\/uploads\/2024\/11\/Camara-de-Ribeirao-Preto.jpg?fit=1024%2C576&ssl=1",1024,576,true],"1536x1536":["https:\/\/i0.wp.com\/ismaelcolosi.com.br\/wp-content\/uploads\/2024\/11\/Camara-de-Ribeirao-Preto.jpg?fit=1200%2C675&ssl=1",1200,675,true],"2048x2048":["https:\/\/i0.wp.com\/ismaelcolosi.com.br\/wp-content\/uploads\/2024\/11\/Camara-de-Ribeirao-Preto.jpg?fit=1200%2C675&ssl=1",1200,675,true],"really-simple-thumb":["https:\/\/i0.wp.com\/ismaelcolosi.com.br\/wp-content\/uploads\/2024\/11\/Camara-de-Ribeirao-Preto.jpg?resize=370%2C247&ssl=1",370,247,true]},"uagb_author_info":{"display_name":"ismaelcolosi.com.br","author_link":"https:\/\/ismaelcolosi.com.br\/index.php\/author\/vidareal-online\/"},"uagb_comment_info":0,"uagb_excerpt":"A 2\u00aa Vara da Fazenda P\u00fablica de Ribeir\u00e3o Preto determinou que seja cumprido ac\u00f3rd\u00e3o do TJ-SP (Tribunal de Justi\u00e7a de S\u00e3o Paulo) para que vereadores...","jetpack-related-posts":[{"id":76401,"url":"https:\/\/ismaelcolosi.com.br\/index.php\/2024\/11\/12\/ribeirao-preto-vai-pagar-r-34-milhoes-para-projetos-aprovado-na-lei-aldir-blanc\/","url_meta":{"origin":76741,"position":0},"title":"Ribeir\u00e3o Preto vai pagar R$ 3,4 milh\u00f5es para projetos aprovado na\u00a0lei\u00a0Aldir\u00a0Blanc","author":"ismaelcolosi.com.br","date":"12 de November de 2024","format":false,"excerpt":"A Prefeitura Municipal de Ribeir\u00e3o Preto, por meio da Secretaria da Cultura e Turismo, anunciou o lan\u00e7amento dos editais viabilizados com recursos da Pol\u00edtica Nacional Aldir Blanc (PNAB). Ao todo, s\u00e3o R$ 3,4 milh\u00f5es destinadas ao incentivo. Os interessados devem se inscrever de forma on-line (veja abaixo), do dia 13\u2026","rel":"","context":"In &quot;Not\u00edcias de Ribeir\u00e3o Preto-SP e Regi\u00e3o&quot;","block_context":{"text":"Not\u00edcias de Ribeir\u00e3o Preto-SP e Regi\u00e3o","link":"https:\/\/ismaelcolosi.com.br\/index.php\/category\/noticias-de-ribeirao-preto-sp-e-regiao-ismael-colosi\/"},"img":{"alt_text":"","src":"https:\/\/i0.wp.com\/ismaelcolosi.com.br\/wp-content\/uploads\/2024\/11\/Copia-de-Copia-de-Copia-de-TAMANHO-EXATO-PARA-FOTOS-NO-SISTEMA-NOVO-44_2024-10-25_18-13-32_png_2024-10-25_18-13-32.webp.webp?fit=1200%2C675&ssl=1&resize=350%2C200","width":350,"height":200,"srcset":"https:\/\/i0.wp.com\/ismaelcolosi.com.br\/wp-content\/uploads\/2024\/11\/Copia-de-Copia-de-Copia-de-TAMANHO-EXATO-PARA-FOTOS-NO-SISTEMA-NOVO-44_2024-10-25_18-13-32_png_2024-10-25_18-13-32.webp.webp?fit=1200%2C675&ssl=1&resize=350%2C200 1x, https:\/\/i0.wp.com\/ismaelcolosi.com.br\/wp-content\/uploads\/2024\/11\/Copia-de-Copia-de-Copia-de-TAMANHO-EXATO-PARA-FOTOS-NO-SISTEMA-NOVO-44_2024-10-25_18-13-32_png_2024-10-25_18-13-32.webp.webp?fit=1200%2C675&ssl=1&resize=525%2C300 1.5x, https:\/\/i0.wp.com\/ismaelcolosi.com.br\/wp-content\/uploads\/2024\/11\/Copia-de-Copia-de-Copia-de-TAMANHO-EXATO-PARA-FOTOS-NO-SISTEMA-NOVO-44_2024-10-25_18-13-32_png_2024-10-25_18-13-32.webp.webp?fit=1200%2C675&ssl=1&resize=700%2C400 2x, https:\/\/i0.wp.com\/ismaelcolosi.com.br\/wp-content\/uploads\/2024\/11\/Copia-de-Copia-de-Copia-de-TAMANHO-EXATO-PARA-FOTOS-NO-SISTEMA-NOVO-44_2024-10-25_18-13-32_png_2024-10-25_18-13-32.webp.webp?fit=1200%2C675&ssl=1&resize=1050%2C600 3x"},"classes":[]},{"id":77968,"url":"https:\/\/ismaelcolosi.com.br\/index.php\/2024\/11\/30\/confira-a-previsao-do-tempo-para-ribeirao-preto-no-fim-de-semana\/","url_meta":{"origin":76741,"position":1},"title":"Confira a previs\u00e3o do tempo para Ribeir\u00e3o Preto no fim de semana","author":"ismaelcolosi.com.br","date":"30 de November de 2024","format":false,"excerpt":"O s\u00e1bado (30) ser\u00e1 de calor e com possibilidade de chuva r\u00e1pida em Ribeir\u00e3o Preto, segundo a Climatempo. Os meteorologistas apontam que os term\u00f4metros em Ribeir\u00e3o Preto podem chegar aos 30\u00b0C, com m\u00ednima de 22\u00b0. O dia ser\u00e1 de Sol com algumas nuvens e pode chover r\u00e1pido durante alguns per\u00edodos\u2026","rel":"","context":"In &quot;Not\u00edcias de Ribeir\u00e3o Preto-SP e Regi\u00e3o&quot;","block_context":{"text":"Not\u00edcias de Ribeir\u00e3o Preto-SP e Regi\u00e3o","link":"https:\/\/ismaelcolosi.com.br\/index.php\/category\/noticias-de-ribeirao-preto-sp-e-regiao-ismael-colosi\/"},"img":{"alt_text":"","src":"https:\/\/i0.wp.com\/ismaelcolosi.com.br\/wp-content\/uploads\/2024\/11\/ceu-ribeirao-preto_2024-11-30_12-35-29_jpeg_2024-11-30_12-35-29.webp.webp?fit=1200%2C900&ssl=1&resize=350%2C200","width":350,"height":200,"srcset":"https:\/\/i0.wp.com\/ismaelcolosi.com.br\/wp-content\/uploads\/2024\/11\/ceu-ribeirao-preto_2024-11-30_12-35-29_jpeg_2024-11-30_12-35-29.webp.webp?fit=1200%2C900&ssl=1&resize=350%2C200 1x, https:\/\/i0.wp.com\/ismaelcolosi.com.br\/wp-content\/uploads\/2024\/11\/ceu-ribeirao-preto_2024-11-30_12-35-29_jpeg_2024-11-30_12-35-29.webp.webp?fit=1200%2C900&ssl=1&resize=525%2C300 1.5x, https:\/\/i0.wp.com\/ismaelcolosi.com.br\/wp-content\/uploads\/2024\/11\/ceu-ribeirao-preto_2024-11-30_12-35-29_jpeg_2024-11-30_12-35-29.webp.webp?fit=1200%2C900&ssl=1&resize=700%2C400 2x, https:\/\/i0.wp.com\/ismaelcolosi.com.br\/wp-content\/uploads\/2024\/11\/ceu-ribeirao-preto_2024-11-30_12-35-29_jpeg_2024-11-30_12-35-29.webp.webp?fit=1200%2C900&ssl=1&resize=1050%2C600 3x"},"classes":[]},{"id":78644,"url":"https:\/\/ismaelcolosi.com.br\/index.php\/2024\/12\/07\/gabriel-tiburcio-de-ribeirao-preto-ganha-ouro-no-sul-americano-sub-18-de-atletismo\/","url_meta":{"origin":76741,"position":2},"title":"Gabriel Tib\u00farcio, de Ribeir\u00e3o Preto, ganha ouro no Sul-Americano Sub-18 de Atletismo","author":"ismaelcolosi.com.br","date":"7 de December de 2024","format":false,"excerpt":"O atleta Gabriel Tib\u00farcio, de Ribeir\u00e3o Preto, conquistou medalha de ouro nos 100 metros rasos, no 27\u00ba Campeonato Sul-Americano Sub-18 de Atletismo. A medalha dourada veio no primeiro dia de disputas, nesta sexta-feira (6), em San Lu\u00eds, na Argentina. A atleta brasileira Hakelly de Souza tamb\u00e9m ganhou ouro nos 100\u2026","rel":"","context":"In &quot;Not\u00edcias de Ribeir\u00e3o Preto-SP e Regi\u00e3o&quot;","block_context":{"text":"Not\u00edcias de Ribeir\u00e3o Preto-SP e Regi\u00e3o","link":"https:\/\/ismaelcolosi.com.br\/index.php\/category\/noticias-de-ribeirao-preto-sp-e-regiao-ismael-colosi\/"},"img":{"alt_text":"","src":"https:\/\/i0.wp.com\/ismaelcolosi.com.br\/wp-content\/uploads\/2024\/12\/GABRIEL-TIBURCIO_2024-12-07_14-21-35_jpg_2024-12-07_14-21-35.webp.webp?fit=1200%2C725&ssl=1&resize=350%2C200","width":350,"height":200,"srcset":"https:\/\/i0.wp.com\/ismaelcolosi.com.br\/wp-content\/uploads\/2024\/12\/GABRIEL-TIBURCIO_2024-12-07_14-21-35_jpg_2024-12-07_14-21-35.webp.webp?fit=1200%2C725&ssl=1&resize=350%2C200 1x, https:\/\/i0.wp.com\/ismaelcolosi.com.br\/wp-content\/uploads\/2024\/12\/GABRIEL-TIBURCIO_2024-12-07_14-21-35_jpg_2024-12-07_14-21-35.webp.webp?fit=1200%2C725&ssl=1&resize=525%2C300 1.5x, https:\/\/i0.wp.com\/ismaelcolosi.com.br\/wp-content\/uploads\/2024\/12\/GABRIEL-TIBURCIO_2024-12-07_14-21-35_jpg_2024-12-07_14-21-35.webp.webp?fit=1200%2C725&ssl=1&resize=700%2C400 2x, https:\/\/i0.wp.com\/ismaelcolosi.com.br\/wp-content\/uploads\/2024\/12\/GABRIEL-TIBURCIO_2024-12-07_14-21-35_jpg_2024-12-07_14-21-35.webp.webp?fit=1200%2C725&ssl=1&resize=1050%2C600 3x"},"classes":[]},{"id":78768,"url":"https:\/\/ismaelcolosi.com.br\/index.php\/2024\/12\/09\/saerp-alerta-para-falta-dagua-em-bairros-de-ribeirao-preto-veja-quais\/","url_meta":{"origin":76741,"position":3},"title":"Saerp alerta para falta d\u2019\u00e1gua em bairros de Ribeir\u00e3o Preto; Veja quais","author":"ismaelcolosi.com.br","date":"9 de December de 2024","format":false,"excerpt":"A Saerp (Secretaria de \u00c1gua e Esgoto de Ribeir\u00e3o Preto) informou nesta segunda-feira (9) que dois bairros da zona Oeste de Ribeir\u00e3o Preto podem ficar sem \u00e1gua. De acordo com a secretaria, uma equipe realiza manuten\u00e7\u00e3o preventiva do sistema de abastecimento no reservat\u00f3rio Cristo Redentor 1 e 2, o que\u2026","rel":"","context":"In &quot;Not\u00edcias de Ribeir\u00e3o Preto-SP e Regi\u00e3o&quot;","block_context":{"text":"Not\u00edcias de Ribeir\u00e3o Preto-SP e Regi\u00e3o","link":"https:\/\/ismaelcolosi.com.br\/index.php\/category\/noticias-de-ribeirao-preto-sp-e-regiao-ismael-colosi\/"},"img":{"alt_text":"","src":"https:\/\/i0.wp.com\/ismaelcolosi.com.br\/wp-content\/uploads\/2024\/12\/1733751769_torneira_falta_1024x576_08122020103250.jpg?fit=1024%2C576&ssl=1&resize=350%2C200","width":350,"height":200,"srcset":"https:\/\/i0.wp.com\/ismaelcolosi.com.br\/wp-content\/uploads\/2024\/12\/1733751769_torneira_falta_1024x576_08122020103250.jpg?fit=1024%2C576&ssl=1&resize=350%2C200 1x, https:\/\/i0.wp.com\/ismaelcolosi.com.br\/wp-content\/uploads\/2024\/12\/1733751769_torneira_falta_1024x576_08122020103250.jpg?fit=1024%2C576&ssl=1&resize=525%2C300 1.5x, https:\/\/i0.wp.com\/ismaelcolosi.com.br\/wp-content\/uploads\/2024\/12\/1733751769_torneira_falta_1024x576_08122020103250.jpg?fit=1024%2C576&ssl=1&resize=700%2C400 2x"},"classes":[]},{"id":77015,"url":"https:\/\/ismaelcolosi.com.br\/index.php\/2024\/11\/20\/motociclisa-e-socorrida-apos-acidente-em-rotatoria-na-zona-sul-de-ribeirao-preto\/","url_meta":{"origin":76741,"position":4},"title":"Motociclisa \u00e9 socorrida ap\u00f3s acidente em rotat\u00f3ria na zona Sul de Ribeir\u00e3o Preto","author":"ismaelcolosi.com.br","date":"20 de November de 2024","format":false,"excerpt":"Uma motociclista foi socorrida na manh\u00e3 desta quarta-feira (20), ap\u00f3s se envolver em uma batida com um carro na rotat\u00f3ria da avenida Presidente Vargas, no sentido ao Anel Vi\u00e1rio Sul, em Ribeir\u00e3o Preto. Assista ao v\u00eddeo abaixo. A RP Mobi informou que a v\u00edtima foi encaminhada a um hospital. O\u2026","rel":"","context":"In &quot;Not\u00edcias de Ribeir\u00e3o Preto-SP e Regi\u00e3o&quot;","block_context":{"text":"Not\u00edcias de Ribeir\u00e3o Preto-SP e Regi\u00e3o","link":"https:\/\/ismaelcolosi.com.br\/index.php\/category\/noticias-de-ribeirao-preto-sp-e-regiao-ismael-colosi\/"},"img":{"alt_text":"","src":"https:\/\/i0.wp.com\/ismaelcolosi.com.br\/wp-content\/uploads\/2024\/11\/ACIDENTE_2024-11-20_13-59-29_jpg_2024-11-20_13-59-29.webp.webp?fit=1200%2C844&ssl=1&resize=350%2C200","width":350,"height":200,"srcset":"https:\/\/i0.wp.com\/ismaelcolosi.com.br\/wp-content\/uploads\/2024\/11\/ACIDENTE_2024-11-20_13-59-29_jpg_2024-11-20_13-59-29.webp.webp?fit=1200%2C844&ssl=1&resize=350%2C200 1x, https:\/\/i0.wp.com\/ismaelcolosi.com.br\/wp-content\/uploads\/2024\/11\/ACIDENTE_2024-11-20_13-59-29_jpg_2024-11-20_13-59-29.webp.webp?fit=1200%2C844&ssl=1&resize=525%2C300 1.5x, https:\/\/i0.wp.com\/ismaelcolosi.com.br\/wp-content\/uploads\/2024\/11\/ACIDENTE_2024-11-20_13-59-29_jpg_2024-11-20_13-59-29.webp.webp?fit=1200%2C844&ssl=1&resize=700%2C400 2x, https:\/\/i0.wp.com\/ismaelcolosi.com.br\/wp-content\/uploads\/2024\/11\/ACIDENTE_2024-11-20_13-59-29_jpg_2024-11-20_13-59-29.webp.webp?fit=1200%2C844&ssl=1&resize=1050%2C600 3x"},"classes":[]},{"id":79211,"url":"https:\/\/ismaelcolosi.com.br\/index.php\/2024\/12\/13\/natal-luz-confira-a-programacao-deste-fim-de-semana-em-ribeirao-preto\/","url_meta":{"origin":76741,"position":5},"title":"Natal Luz: Confira a programa\u00e7\u00e3o deste fim de semana em Ribeir\u00e3o Preto","author":"ismaelcolosi.com.br","date":"13 de December de 2024","format":false,"excerpt":"O\u00a0Natal Luz,\u00a0promove diversas atividades gratuitas, em\u00a0Ribeir\u00e3o Preto,\u00a0durante todo o m\u00eas de dezembro.\u00a0A programa\u00e7\u00e3o vai at\u00e9 o dia 23 de dezembro e oferece op\u00e7\u00f5es para todos os gostos e idades, com destaque para apresenta\u00e7\u00f5es musicais e a tradicional visita\u00e7\u00e3o ao Papai Noel. Confira os principais eventos deste fim de semana: Caravana\u2026","rel":"","context":"In &quot;Not\u00edcias de Ribeir\u00e3o Preto-SP e Regi\u00e3o&quot;","block_context":{"text":"Not\u00edcias de Ribeir\u00e3o Preto-SP e Regi\u00e3o","link":"https:\/\/ismaelcolosi.com.br\/index.php\/category\/noticias-de-ribeirao-preto-sp-e-regiao-ismael-colosi\/"},"img":{"alt_text":"","src":"https:\/\/i0.wp.com\/ismaelcolosi.com.br\/wp-content\/uploads\/2024\/11\/papai-noel_2024-11-30_14-26-03_jpg_2024-11-30_14-26-03.webp.webp?fit=1195%2C858&ssl=1&resize=350%2C200","width":350,"height":200,"srcset":"https:\/\/i0.wp.com\/ismaelcolosi.com.br\/wp-content\/uploads\/2024\/11\/papai-noel_2024-11-30_14-26-03_jpg_2024-11-30_14-26-03.webp.webp?fit=1195%2C858&ssl=1&resize=350%2C200 1x, https:\/\/i0.wp.com\/ismaelcolosi.com.br\/wp-content\/uploads\/2024\/11\/papai-noel_2024-11-30_14-26-03_jpg_2024-11-30_14-26-03.webp.webp?fit=1195%2C858&ssl=1&resize=525%2C300 1.5x, https:\/\/i0.wp.com\/ismaelcolosi.com.br\/wp-content\/uploads\/2024\/11\/papai-noel_2024-11-30_14-26-03_jpg_2024-11-30_14-26-03.webp.webp?fit=1195%2C858&ssl=1&resize=700%2C400 2x, https:\/\/i0.wp.com\/ismaelcolosi.com.br\/wp-content\/uploads\/2024\/11\/papai-noel_2024-11-30_14-26-03_jpg_2024-11-30_14-26-03.webp.webp?fit=1195%2C858&ssl=1&resize=1050%2C600 3x"},"classes":[]}],"jetpack_sharing_enabled":true,"jetpack_shortlink":"https:\/\/wp.me\/pfMlyK-jXL","_links":{"self":[{"href":"https:\/\/ismaelcolosi.com.br\/index.php\/wp-json\/wp\/v2\/posts\/76741","targetHints":{"allow":["GET"]}}],"collection":[{"href":"https:\/\/ismaelcolosi.com.br\/index.php\/wp-json\/wp\/v2\/posts"}],"about":[{"href":"https:\/\/ismaelcolosi.com.br\/index.php\/wp-json\/wp\/v2\/types\/post"}],"author":[{"embeddable":true,"href":"https:\/\/ismaelcolosi.com.br\/index.php\/wp-json\/wp\/v2\/users\/1"}],"replies":[{"embeddable":true,"href":"https:\/\/ismaelcolosi.com.br\/index.php\/wp-json\/wp\/v2\/comments?post=76741"}],"version-history":[{"count":0,"href":"https:\/\/ismaelcolosi.com.br\/index.php\/wp-json\/wp\/v2\/posts\/76741\/revisions"}],"wp:featuredmedia":[{"embeddable":true,"href":"https:\/\/ismaelcolosi.com.br\/index.php\/wp-json\/wp\/v2\/media\/76742"}],"wp:attachment":[{"href":"https:\/\/ismaelcolosi.com.br\/index.php\/wp-json\/wp\/v2\/media?parent=76741"}],"wp:term":[{"taxonomy":"category","embeddable":true,"href":"https:\/\/ismaelcolosi.com.br\/index.php\/wp-json\/wp\/v2\/categories?post=76741"},{"taxonomy":"post_tag","embeddable":true,"href":"https:\/\/ismaelcolosi.com.br\/index.php\/wp-json\/wp\/v2\/tags?post=76741"}],"curies":[{"name":"wp","href":"https:\/\/api.w.org\/{rel}","templated":true}]}}