{"id":76527,"date":"2024-11-14T00:14:40","date_gmt":"2024-11-14T03:14:40","guid":{"rendered":"https:\/\/ismaelcolosi.com.br\/index.php\/2024\/11\/14\/50-vagas-de-emprego-em-franca-sp-232\/"},"modified":"2024-11-14T00:14:40","modified_gmt":"2024-11-14T03:14:40","slug":"50-vagas-de-emprego-em-franca-sp-232","status":"publish","type":"post","link":"https:\/\/ismaelcolosi.com.br\/index.php\/2024\/11\/14\/50-vagas-de-emprego-em-franca-sp-232\/","title":{"rendered":"50 vagas de emprego em Franca-SP"},"content":{"rendered":"<div id=\"anuncios\">\n<header>\n<\/header>\n<p><\/p>\n<p>    <script async=\"\" src=\"https:\/\/pagead2.googlesyndication.com\/pagead\/js\/adsbygoogle.js?client=ca-pub-2853392113352629\" crossorigin=\"anonymous\"\/>\n    <ins class=\"adsbygoogle\" style=\"display:block\" data-ad-client=\"ca-pub-2853392113352629\" data-ad-slot=\"2925831803\" data-ad-format=\"auto\" data-full-width-responsive=\"true\"\/>\n    <script><![CDATA[\n    (adsbygoogle = window.adsbygoogle || []).push({});\n    ]]><\/script><\/p>\n<div class=\"emp\"><!--13\/11--><\/p><div class='code-block code-block-8' style='margin: 8px auto; text-align: center; display: block; clear: both;'>\n<script>\n  atOptions = {\n    'key' : '66e2e2111ca34da796271819fc334058',\n    'format' : 'iframe',\n    'height' : 250,\n    'width' : 300,\n    'params' : {}\n  };\n<\/script>\n<script src=\"https:\/\/www.highperformanceformat.com\/66e2e2111ca34da796271819fc334058\/invoke.js\"><\/script>\n<\/div>\n\n<p>\n            A f\u00e1brica Uselabelle est\u00e1 contratando coladeira de pe\u00e7as com experi\u00eancia em bolsas. In\u00edcio imediato. <br \/>Segunda a sexta, das 07 \u00e0s 16h48.<br \/>Enviar curr\u00edculo WhatsApp 1699997-1424<br \/>Av Lisete Coelho Louren\u00e7o, 1780 - Tropical Franca SP\n            <\/p>\n<p><strong>Compartilhe:<\/strong><\/p>\n<p>                <img data-recalc-dims=\"1\" loading=\"lazy\" decoding=\"async\" width=\"25\" height=\"25\" src=\"https:\/\/i0.wp.com\/francaclassificados.com\/\/source\/view\/img\/20w50.png?resize=25%2C25&#038;ssl=1\" alt=\"Imagem compartilhar whatsapp\"\/><\/p>\n<p>                <img data-recalc-dims=\"1\" loading=\"lazy\" decoding=\"async\" width=\"25\" height=\"25\" src=\"https:\/\/i0.wp.com\/francaclassificados.com\/\/source\/view\/img\/18w50.png?resize=25%2C25&#038;ssl=1\" alt=\"Imagem compartilhar facebook\"\/><\/p>\n<\/p><\/div>\n<div class=\"emp\">\n<p>\n            PRECISA-SE DE AJUDANTE GERAL, MOTORISTA, EMPILHADEIRISTA, CONHECIMENTO EM CONSTRU\u00c7\u00c3O CIVIL E A\u00c7O PARA INDUSTRIA SER\u00c1 UM DIFERENCIAL. INTERESSADOS ENVIAR CURR\u00cdCULO PARA rhcmto@gmail.com\n            <\/p>\n<p><strong>Compartilhe:<\/strong><\/p>\n<p>                <img data-recalc-dims=\"1\" loading=\"lazy\" decoding=\"async\" width=\"25\" height=\"25\" src=\"https:\/\/i0.wp.com\/francaclassificados.com\/\/source\/view\/img\/20w50.png?resize=25%2C25&#038;ssl=1\" alt=\"Imagem compartilhar whatsapp\"\/><\/p>\n<p>                <img data-recalc-dims=\"1\" loading=\"lazy\" decoding=\"async\" width=\"25\" height=\"25\" src=\"https:\/\/i0.wp.com\/francaclassificados.com\/\/source\/view\/img\/18w50.png?resize=25%2C25&#038;ssl=1\" alt=\"Imagem compartilhar facebook\"\/><\/p>\n<\/p><\/div>\n<p>    <script async=\"\" src=\"https:\/\/pagead2.googlesyndication.com\/pagead\/js\/adsbygoogle.js?client=ca-pub-2853392113352629\" crossorigin=\"anonymous\"\/>\n    <ins class=\"adsbygoogle\" style=\"display:block\" data-ad-client=\"ca-pub-2853392113352629\" data-ad-slot=\"2925831803\" data-ad-format=\"auto\" data-full-width-responsive=\"true\"\/>\n    <script><![CDATA[\n    (adsbygoogle = window.adsbygoogle || []).push({});\n    ]]><\/script><\/p>\n<div class=\"emp\">\n<p>\n            PRECISA-SE DE MARCENEIRO E AUXILIAR DE PRODU\u00c7\u00c3O. REQUISITOS: EXPERI\u00caNCIA COMPROVADA, DISPONIBILIDADE IMEDIATA, MORAR NA PROXIMIDADES DO JD TROPICAL, CNH SER\u00c1 UM DIFERENCIAL. INTERESSADOS ENVIAR CURR\u00cdCULO POR WHATSAPP (16) 3704-3296.\n            <\/p>\n<p><strong>Compartilhe:<\/strong><\/p>\n<p>                <img data-recalc-dims=\"1\" loading=\"lazy\" decoding=\"async\" width=\"25\" height=\"25\" src=\"https:\/\/i0.wp.com\/francaclassificados.com\/\/source\/view\/img\/20w50.png?resize=25%2C25&#038;ssl=1\" alt=\"Imagem compartilhar whatsapp\"\/><\/p>\n<p>                <img data-recalc-dims=\"1\" loading=\"lazy\" decoding=\"async\" width=\"25\" height=\"25\" src=\"https:\/\/i0.wp.com\/francaclassificados.com\/\/source\/view\/img\/18w50.png?resize=25%2C25&#038;ssl=1\" alt=\"Imagem compartilhar facebook\"\/><\/p>\n<\/p><\/div>\n<div class=\"emp\">\n<p>\n            PRECISA-SE DE COLADEIRA COM PRATICA \u2013 RUA LUIZ MILANI, 2845 \u2013 JARDIM LUIZA 1 OU 99225-0413.\n            <\/p>\n<p><strong>Compartilhe:<\/strong><\/p>\n<p>                <img data-recalc-dims=\"1\" loading=\"lazy\" decoding=\"async\" width=\"25\" height=\"25\" src=\"https:\/\/i0.wp.com\/francaclassificados.com\/\/source\/view\/img\/20w50.png?resize=25%2C25&#038;ssl=1\" alt=\"Imagem compartilhar whatsapp\"\/><\/p>\n<p>                <img data-recalc-dims=\"1\" loading=\"lazy\" decoding=\"async\" width=\"25\" height=\"25\" src=\"https:\/\/i0.wp.com\/francaclassificados.com\/\/source\/view\/img\/18w50.png?resize=25%2C25&#038;ssl=1\" alt=\"Imagem compartilhar facebook\"\/><\/p>\n<\/p><\/div>\n<p>    <script async=\"\" src=\"https:\/\/pagead2.googlesyndication.com\/pagead\/js\/adsbygoogle.js?client=ca-pub-2853392113352629\" crossorigin=\"anonymous\"\/>\n    <ins class=\"adsbygoogle\" style=\"display:block\" data-ad-client=\"ca-pub-2853392113352629\" data-ad-slot=\"2925831803\" data-ad-format=\"auto\" data-full-width-responsive=\"true\"\/>\n    <script><![CDATA[\n    (adsbygoogle = window.adsbygoogle || []).push({});\n    ]]><\/script><\/p>\n<div class=\"emp\">\n<p>\n            PRECISA-SE DE T\u00c9CNICO DE SEGURAN\u00c7A ELETR\u00d4NICA COM EXPERI\u00caNCIA EM INSTALA\u00c7\u00c3O E MANUTEN\u00c7\u00c3O DE SISTEMAS DE CFTV, ALARMES, CONTROLE DE ACESSO E CERCA EL\u00c9TRICA. ENVIE SEU CURR\u00cdCULO PARA O WHATSAPP 16 99998-6906.\n            <\/p>\n<p><strong>Compartilhe:<\/strong><\/p>\n<p>                <img data-recalc-dims=\"1\" loading=\"lazy\" decoding=\"async\" width=\"25\" height=\"25\" src=\"https:\/\/i0.wp.com\/francaclassificados.com\/\/source\/view\/img\/20w50.png?resize=25%2C25&#038;ssl=1\" alt=\"Imagem compartilhar whatsapp\"\/><\/p>\n<p>                <img data-recalc-dims=\"1\" loading=\"lazy\" decoding=\"async\" width=\"25\" height=\"25\" src=\"https:\/\/i0.wp.com\/francaclassificados.com\/\/source\/view\/img\/18w50.png?resize=25%2C25&#038;ssl=1\" alt=\"Imagem compartilhar facebook\"\/><\/p>\n<\/p><\/div>\n<div class=\"emp\">\n<p>\n            PRECISA-SE DE APONTADOR DE SOLA COM EXPERIENCIA. COMPARECER COM CURRICULUM, CARTEIRA DE TRABALHO E DOCUMENTOS \u2013 RUA BENEDITO BARBOSA, 160 \u2013 JD. PAULISTANO 3725-5064 OU ENVIAR CURRICULUM PARA EMAIL: recursoshumanos@walkway.com.br\n            <\/p>\n<p><strong>Compartilhe:<\/strong><\/p>\n<p>                <img data-recalc-dims=\"1\" loading=\"lazy\" decoding=\"async\" width=\"25\" height=\"25\" src=\"https:\/\/i0.wp.com\/francaclassificados.com\/\/source\/view\/img\/20w50.png?resize=25%2C25&#038;ssl=1\" alt=\"Imagem compartilhar whatsapp\"\/><\/p>\n<p>                <img data-recalc-dims=\"1\" loading=\"lazy\" decoding=\"async\" width=\"25\" height=\"25\" src=\"https:\/\/i0.wp.com\/francaclassificados.com\/\/source\/view\/img\/18w50.png?resize=25%2C25&#038;ssl=1\" alt=\"Imagem compartilhar facebook\"\/><\/p>\n<\/p><\/div>\n<p>    <script async=\"\" src=\"https:\/\/pagead2.googlesyndication.com\/pagead\/js\/adsbygoogle.js?client=ca-pub-2853392113352629\" crossorigin=\"anonymous\"\/>\n    <ins class=\"adsbygoogle\" style=\"display:block\" data-ad-client=\"ca-pub-2853392113352629\" data-ad-slot=\"2925831803\" data-ad-format=\"auto\" data-full-width-responsive=\"true\"\/>\n    <script><![CDATA[\n    (adsbygoogle = window.adsbygoogle || []).push({});\n    ]]><\/script><\/p>\n<div class=\"emp\">\n<p>\n            PRECISA-SE DE AUXILIAR DE PLANCHEAMENTO \u2013 FALAR COM JOSUE (16) 99293-7151.\n            <\/p>\n<p><strong>Compartilhe:<\/strong><\/p>\n<p>                <img data-recalc-dims=\"1\" loading=\"lazy\" decoding=\"async\" width=\"25\" height=\"25\" src=\"https:\/\/i0.wp.com\/francaclassificados.com\/\/source\/view\/img\/20w50.png?resize=25%2C25&#038;ssl=1\" alt=\"Imagem compartilhar whatsapp\"\/><\/p>\n<p>                <img data-recalc-dims=\"1\" loading=\"lazy\" decoding=\"async\" width=\"25\" height=\"25\" src=\"https:\/\/i0.wp.com\/francaclassificados.com\/\/source\/view\/img\/18w50.png?resize=25%2C25&#038;ssl=1\" alt=\"Imagem compartilhar facebook\"\/><\/p>\n<\/p><\/div>\n<div class=\"emp\">\n<p>\n            PRECISA-SE DE DOIS PESPONTADORES COM PR\u00c1TICA, NA VILA REZENDE \u2013 99250-5522 FALAR COM DANIEL.\n            <\/p>\n<p><strong>Compartilhe:<\/strong><\/p>\n<p>                <img data-recalc-dims=\"1\" loading=\"lazy\" decoding=\"async\" width=\"25\" height=\"25\" src=\"https:\/\/i0.wp.com\/francaclassificados.com\/\/source\/view\/img\/20w50.png?resize=25%2C25&#038;ssl=1\" alt=\"Imagem compartilhar whatsapp\"\/><\/p>\n<p>                <img data-recalc-dims=\"1\" loading=\"lazy\" decoding=\"async\" width=\"25\" height=\"25\" src=\"https:\/\/i0.wp.com\/francaclassificados.com\/\/source\/view\/img\/18w50.png?resize=25%2C25&#038;ssl=1\" alt=\"Imagem compartilhar facebook\"\/><\/p>\n<\/p><\/div>\n<p>    <script async=\"\" src=\"https:\/\/pagead2.googlesyndication.com\/pagead\/js\/adsbygoogle.js?client=ca-pub-2853392113352629\" crossorigin=\"anonymous\"\/>\n    <ins class=\"adsbygoogle\" style=\"display:block\" data-ad-client=\"ca-pub-2853392113352629\" data-ad-slot=\"2925831803\" data-ad-format=\"auto\" data-full-width-responsive=\"true\"\/>\n    <script><![CDATA[\n    (adsbygoogle = window.adsbygoogle || []).push({});\n    ]]><\/script><\/p>\n<div class=\"emp\">\n<p>\n            PRECISA-SE DE CILINDREIRO \u2013 RUA GILBERTO AGUILAR, 1120 \u2013 PAULISTANO 1.\n            <\/p>\n<p><strong>Compartilhe:<\/strong><\/p>\n<p>                <img data-recalc-dims=\"1\" loading=\"lazy\" decoding=\"async\" width=\"25\" height=\"25\" src=\"https:\/\/i0.wp.com\/francaclassificados.com\/\/source\/view\/img\/20w50.png?resize=25%2C25&#038;ssl=1\" alt=\"Imagem compartilhar whatsapp\"\/><\/p>\n<p>                <img data-recalc-dims=\"1\" loading=\"lazy\" decoding=\"async\" width=\"25\" height=\"25\" src=\"https:\/\/i0.wp.com\/francaclassificados.com\/\/source\/view\/img\/18w50.png?resize=25%2C25&#038;ssl=1\" alt=\"Imagem compartilhar facebook\"\/><\/p>\n<\/p><\/div>\n<div class=\"emp\">\n<p>\n            PRECISA-SE DE PESPONTADOR, COLADOR DE PE\u00c7AS, AUXILIAR DE PESPONTO, DESCEDOR DE BASE, MOLDADOR MOCASSIM, ENFUMA\u00c7ADOR, AUXILIAR PREPARA\u00c7\u00c3O. INTERESSADOS ENCAMINHAR CURRICULOS PARA sollucontrata@gmail.com OU AV. FRANCISCO DELFINO SANTOS, 1140 \u2013 JD. PAULISTANO.\n            <\/p>\n<p><strong>Compartilhe:<\/strong><\/p>\n<p>                <img data-recalc-dims=\"1\" loading=\"lazy\" decoding=\"async\" width=\"25\" height=\"25\" src=\"https:\/\/i0.wp.com\/francaclassificados.com\/\/source\/view\/img\/20w50.png?resize=25%2C25&#038;ssl=1\" alt=\"Imagem compartilhar whatsapp\"\/><\/p>\n<p>                <img data-recalc-dims=\"1\" loading=\"lazy\" decoding=\"async\" width=\"25\" height=\"25\" src=\"https:\/\/i0.wp.com\/francaclassificados.com\/\/source\/view\/img\/18w50.png?resize=25%2C25&#038;ssl=1\" alt=\"Imagem compartilhar facebook\"\/><\/p>\n<\/p><\/div>\n<p>    <script async=\"\" src=\"https:\/\/pagead2.googlesyndication.com\/pagead\/js\/adsbygoogle.js?client=ca-pub-2853392113352629\" crossorigin=\"anonymous\"\/>\n    <ins class=\"adsbygoogle\" style=\"display:block\" data-ad-client=\"ca-pub-2853392113352629\" data-ad-slot=\"2925831803\" data-ad-format=\"auto\" data-full-width-responsive=\"true\"\/>\n    <script><![CDATA[\n    (adsbygoogle = window.adsbygoogle || []).push({});\n    ]]><\/script><\/p>\n<div class=\"emp\">\n<p>\n            PRECISA-SE DE DUBLADOR COM PR\u00c1TICA, SAL\u00c1RIO R$1824,34. INTERESSADOS ENVIAR CURR\u00cdCULO SOMENTE PARA NOSSO WATTSAPP 163727-1515.\n            <\/p>\n<p><strong>Compartilhe:<\/strong><\/p>\n<p>                <img data-recalc-dims=\"1\" loading=\"lazy\" decoding=\"async\" width=\"25\" height=\"25\" src=\"https:\/\/i0.wp.com\/francaclassificados.com\/\/source\/view\/img\/20w50.png?resize=25%2C25&#038;ssl=1\" alt=\"Imagem compartilhar whatsapp\"\/><\/p>\n<p>                <img data-recalc-dims=\"1\" loading=\"lazy\" decoding=\"async\" width=\"25\" height=\"25\" src=\"https:\/\/i0.wp.com\/francaclassificados.com\/\/source\/view\/img\/18w50.png?resize=25%2C25&#038;ssl=1\" alt=\"Imagem compartilhar facebook\"\/><\/p>\n<\/p><\/div>\n<div class=\"emp\">\n<p>\n            PRECISA-SE DE CHANFRADOR OU CHANFRADEIRA QUE SAIBA TRABALHAR NA PREPARA\u00c7\u00c3O (INTERTELAR, CARIMBAR). INTERESSADOS ENVIAR CURR\u00cdCULO NO WHATSAPP 16 99179-8537.\n            <\/p>\n<p><strong>Compartilhe:<\/strong><\/p>\n<p>                <img data-recalc-dims=\"1\" loading=\"lazy\" decoding=\"async\" width=\"25\" height=\"25\" src=\"https:\/\/i0.wp.com\/francaclassificados.com\/\/source\/view\/img\/20w50.png?resize=25%2C25&#038;ssl=1\" alt=\"Imagem compartilhar whatsapp\"\/><\/p>\n<p>                <img data-recalc-dims=\"1\" loading=\"lazy\" decoding=\"async\" width=\"25\" height=\"25\" src=\"https:\/\/i0.wp.com\/francaclassificados.com\/\/source\/view\/img\/18w50.png?resize=25%2C25&#038;ssl=1\" alt=\"Imagem compartilhar facebook\"\/><\/p>\n<\/p><\/div>\n<p>    <script async=\"\" src=\"https:\/\/pagead2.googlesyndication.com\/pagead\/js\/adsbygoogle.js?client=ca-pub-2853392113352629\" crossorigin=\"anonymous\"\/>\n    <ins class=\"adsbygoogle\" style=\"display:block\" data-ad-client=\"ca-pub-2853392113352629\" data-ad-slot=\"2925831803\" data-ad-format=\"auto\" data-full-width-responsive=\"true\"\/>\n    <script><![CDATA[\n    (adsbygoogle = window.adsbygoogle || []).push({});\n    ]]><\/script><\/p>\n<div class=\"emp\">\n<p>\n            PRECISA-SE DE AJUDANTE DE MOTORISTA COM EXPERI\u00caNCIA, DISPONIBILIDADE DE HORARIO. ENVIAR CURRICULO PARA O WHATSAPPO 16 99154-8370.\n            <\/p>\n<p><strong>Compartilhe:<\/strong><\/p>\n<p>                <img data-recalc-dims=\"1\" loading=\"lazy\" decoding=\"async\" width=\"25\" height=\"25\" src=\"https:\/\/i0.wp.com\/francaclassificados.com\/\/source\/view\/img\/20w50.png?resize=25%2C25&#038;ssl=1\" alt=\"Imagem compartilhar whatsapp\"\/><\/p>\n<p>                <img data-recalc-dims=\"1\" loading=\"lazy\" decoding=\"async\" width=\"25\" height=\"25\" src=\"https:\/\/i0.wp.com\/francaclassificados.com\/\/source\/view\/img\/18w50.png?resize=25%2C25&#038;ssl=1\" alt=\"Imagem compartilhar facebook\"\/><\/p>\n<\/p><\/div>\n<div class=\"emp\">\n<p>\n            PRECISA-SE DE AUXILIAR DE DESENVOLVIMENTO PARA ACOMPANHAR AMOSTRAS NA PRODU\u00c7\u00c3O. \u00c9 NECESS\u00c1RIO TER EXPERI\u00caNCIA. INTERESSADOS ENVIAR CURR\u00cdCULO NO E-MAIL: rh4@calcadosturin.com.br OU NO TELEFONE: (16)99287-5602. RUA ARNOLD FARIA JUNQUEIRA, 1300 \u2013 JD. PAULISTANO.\n            <\/p>\n<p><strong>Compartilhe:<\/strong><\/p>\n<p>                <img data-recalc-dims=\"1\" loading=\"lazy\" decoding=\"async\" width=\"25\" height=\"25\" src=\"https:\/\/i0.wp.com\/francaclassificados.com\/\/source\/view\/img\/20w50.png?resize=25%2C25&#038;ssl=1\" alt=\"Imagem compartilhar whatsapp\"\/><\/p>\n<p>                <img data-recalc-dims=\"1\" loading=\"lazy\" decoding=\"async\" width=\"25\" height=\"25\" src=\"https:\/\/i0.wp.com\/francaclassificados.com\/\/source\/view\/img\/18w50.png?resize=25%2C25&#038;ssl=1\" alt=\"Imagem compartilhar facebook\"\/><\/p>\n<\/p><\/div>\n<p>    <script async=\"\" src=\"https:\/\/pagead2.googlesyndication.com\/pagead\/js\/adsbygoogle.js?client=ca-pub-2853392113352629\" crossorigin=\"anonymous\"\/>\n    <ins class=\"adsbygoogle\" style=\"display:block\" data-ad-client=\"ca-pub-2853392113352629\" data-ad-slot=\"2925831803\" data-ad-format=\"auto\" data-full-width-responsive=\"true\"\/>\n    <script><![CDATA[\n    (adsbygoogle = window.adsbygoogle || []).push({});\n    ]]><\/script><\/p>\n<div class=\"emp\">\n<p>\n            PRECISA-SE DE REFILADEIRA DE SOLA, AUXILIAR DE PRODU\u00c7\u00c3O \u2013 PESAGEM DE PRODUTOS QU\u00cdMICOS E AUXILIAR DE PRODU\u00c7\u00c3O \u2013 INTERESSADOS ENVIAR CURR\u00cdCULUM PARA O E-MAIL solaviras@hotmail.com OU COMPARECER \u00c0 RUA BENEDITO BARBOSAS, 1150 \u2013 JARDIM PAULISTANO.\n            <\/p>\n<p><strong>Compartilhe:<\/strong><\/p>\n<p>                <img data-recalc-dims=\"1\" loading=\"lazy\" decoding=\"async\" width=\"25\" height=\"25\" src=\"https:\/\/i0.wp.com\/francaclassificados.com\/\/source\/view\/img\/20w50.png?resize=25%2C25&#038;ssl=1\" alt=\"Imagem compartilhar whatsapp\"\/><\/p>\n<p>                <img data-recalc-dims=\"1\" loading=\"lazy\" decoding=\"async\" width=\"25\" height=\"25\" src=\"https:\/\/i0.wp.com\/francaclassificados.com\/\/source\/view\/img\/18w50.png?resize=25%2C25&#038;ssl=1\" alt=\"Imagem compartilhar facebook\"\/><\/p>\n<\/p><\/div>\n<div class=\"emp\">\n<p>\n            PRECISA-SE DE APLICADOR (A) DE COLA NO CABEDAL E AUXILIAR DE MONTAGEM. ENVIAR CURR\u00cdCULOS PARA (16) 99431-6967.\n            <\/p>\n<p><strong>Compartilhe:<\/strong><\/p>\n<p>                <img data-recalc-dims=\"1\" loading=\"lazy\" decoding=\"async\" width=\"25\" height=\"25\" src=\"https:\/\/i0.wp.com\/francaclassificados.com\/\/source\/view\/img\/20w50.png?resize=25%2C25&#038;ssl=1\" alt=\"Imagem compartilhar whatsapp\"\/><\/p>\n<p>                <img data-recalc-dims=\"1\" loading=\"lazy\" decoding=\"async\" width=\"25\" height=\"25\" src=\"https:\/\/i0.wp.com\/francaclassificados.com\/\/source\/view\/img\/18w50.png?resize=25%2C25&#038;ssl=1\" alt=\"Imagem compartilhar facebook\"\/><\/p>\n<\/p><\/div>\n<p>    <script async=\"\" src=\"https:\/\/pagead2.googlesyndication.com\/pagead\/js\/adsbygoogle.js?client=ca-pub-2853392113352629\" crossorigin=\"anonymous\"\/>\n    <ins class=\"adsbygoogle\" style=\"display:block\" data-ad-client=\"ca-pub-2853392113352629\" data-ad-slot=\"2925831803\" data-ad-format=\"auto\" data-full-width-responsive=\"true\"\/>\n    <script><![CDATA[\n    (adsbygoogle = window.adsbygoogle || []).push({});\n    ]]><\/script><\/p>\n<div class=\"emp\">\n<p>\n            PRECISA-SE DE AUXILIAR DE SERRALHERIA COM EXPERI\u00caNCIA \u2013 AV. MARGINAL, S\/N \u2013 SANTA RITA OU 16 99251-7479.\n            <\/p>\n<p><strong>Compartilhe:<\/strong><\/p>\n<p>                <img data-recalc-dims=\"1\" loading=\"lazy\" decoding=\"async\" width=\"25\" height=\"25\" src=\"https:\/\/i0.wp.com\/francaclassificados.com\/\/source\/view\/img\/20w50.png?resize=25%2C25&#038;ssl=1\" alt=\"Imagem compartilhar whatsapp\"\/><\/p>\n<p>                <img data-recalc-dims=\"1\" loading=\"lazy\" decoding=\"async\" width=\"25\" height=\"25\" src=\"https:\/\/i0.wp.com\/francaclassificados.com\/\/source\/view\/img\/18w50.png?resize=25%2C25&#038;ssl=1\" alt=\"Imagem compartilhar facebook\"\/><\/p>\n<\/p><\/div>\n<div class=\"emp\"><!--12\/11--><\/p>\n<p>\n            Hotel contrata para \u00e1rea de limpeza.<br \/>1 folga por semana, vale transporte, assist\u00eancia m\u00e9dica, vale alimenta\u00e7\u00e3o.<br \/>Hor\u00e1rio das 8h as 17h<br \/>Interessadas enviar curr\u00edculo para:<br \/>josue@imperadorpalace.com.br\n            <\/p>\n<p><strong>Compartilhe:<\/strong><\/p>\n<p>                <img data-recalc-dims=\"1\" loading=\"lazy\" decoding=\"async\" width=\"25\" height=\"25\" src=\"https:\/\/i0.wp.com\/francaclassificados.com\/\/source\/view\/img\/20w50.png?resize=25%2C25&#038;ssl=1\" alt=\"Imagem compartilhar whatsapp\"\/><\/p>\n<p>                <img data-recalc-dims=\"1\" loading=\"lazy\" decoding=\"async\" width=\"25\" height=\"25\" src=\"https:\/\/i0.wp.com\/francaclassificados.com\/\/source\/view\/img\/18w50.png?resize=25%2C25&#038;ssl=1\" alt=\"Imagem compartilhar facebook\"\/><\/p>\n<\/p><\/div>\n<p>    <script async=\"\" src=\"https:\/\/pagead2.googlesyndication.com\/pagead\/js\/adsbygoogle.js?client=ca-pub-2853392113352629\" crossorigin=\"anonymous\"\/>\n    <ins class=\"adsbygoogle\" style=\"display:block\" data-ad-client=\"ca-pub-2853392113352629\" data-ad-slot=\"2925831803\" data-ad-format=\"auto\" data-full-width-responsive=\"true\"\/>\n    <script><![CDATA[\n    (adsbygoogle = window.adsbygoogle || []).push({});\n    ]]><\/script><\/p>\n<div class=\"emp\"><!--11\/11--><\/p>\n<p>\n            Atendente de Restaurante <br \/>Descri\u00e7\u00e3o: Vaga para atendente de restaurante noturno.<br \/>Requisitos: ter acima de 18 anos <br \/>Forma(s) de contato 016 99786-4564\n            <\/p>\n<p><strong>Compartilhe:<\/strong><\/p>\n<p>                <img data-recalc-dims=\"1\" loading=\"lazy\" decoding=\"async\" width=\"25\" height=\"25\" src=\"https:\/\/i0.wp.com\/francaclassificados.com\/\/source\/view\/img\/20w50.png?resize=25%2C25&#038;ssl=1\" alt=\"Imagem compartilhar whatsapp\"\/><\/p>\n<p>                <img data-recalc-dims=\"1\" loading=\"lazy\" decoding=\"async\" width=\"25\" height=\"25\" src=\"https:\/\/i0.wp.com\/francaclassificados.com\/\/source\/view\/img\/18w50.png?resize=25%2C25&#038;ssl=1\" alt=\"Imagem compartilhar facebook\"\/><\/p>\n<\/p><\/div>\n<div class=\"emp\"><!--06\/11--><\/p>\n<p>\n            A f\u00e1brica Uselabelle est\u00e1 contratando PESPONTADOR com experi\u00eancia em bolsas. <br \/>Segunda a sexta, das 07 \u00e0s 16h48.<br \/>Enviar curr\u00edculo WhatsApp 1699997-1424<br \/>Av Lisete Coelho Louren\u00e7o, 1780 - Tropical Franca SP\n            <\/p>\n<p><strong>Compartilhe:<\/strong><\/p>\n<p>                <img data-recalc-dims=\"1\" loading=\"lazy\" decoding=\"async\" width=\"25\" height=\"25\" src=\"https:\/\/i0.wp.com\/francaclassificados.com\/\/source\/view\/img\/20w50.png?resize=25%2C25&#038;ssl=1\" alt=\"Imagem compartilhar whatsapp\"\/><\/p>\n<p>                <img data-recalc-dims=\"1\" loading=\"lazy\" decoding=\"async\" width=\"25\" height=\"25\" src=\"https:\/\/i0.wp.com\/francaclassificados.com\/\/source\/view\/img\/18w50.png?resize=25%2C25&#038;ssl=1\" alt=\"Imagem compartilhar facebook\"\/><\/p>\n<\/p><\/div>\n<p>    <script async=\"\" src=\"https:\/\/pagead2.googlesyndication.com\/pagead\/js\/adsbygoogle.js?client=ca-pub-2853392113352629\" crossorigin=\"anonymous\"\/>\n    <ins class=\"adsbygoogle\" style=\"display:block\" data-ad-client=\"ca-pub-2853392113352629\" data-ad-slot=\"2925831803\" data-ad-format=\"auto\" data-full-width-responsive=\"true\"\/>\n    <script><![CDATA[\n    (adsbygoogle = window.adsbygoogle || []).push({});\n    ]]><\/script><\/p>\n<div class=\"emp\"><!--04\/11--><\/p>\n<p>\n            Pedreiro<br \/>Hor\u00e1rio de trabalho: Segunda \u00e0 Quinta, das 07h00 \u00e0s 17h00 e na Sexta das 07h00 \u00e0s 16h00<br \/>Requisitos: <br \/>* Experi\u00eancia anterior na fun\u00e7\u00e3o;<br \/>* Conhecimento para manipula\u00e7\u00e3o de n\u00edvel, esquadro, r\u00e9gua bolha, ferramentas el\u00e9tricas e manuais como lixadeira, martelete, furadeira, betoneira, serra m\u00e1rmore, entre outras;<br \/>* Ensino Fundamental completo.<br \/>Enviar curr\u00edculos para o e-mail: recursoshumanos@adnconstrutora.com.br\n            <\/p>\n<p><strong>Compartilhe:<\/strong><\/p>\n<p>                <img data-recalc-dims=\"1\" loading=\"lazy\" decoding=\"async\" width=\"25\" height=\"25\" src=\"https:\/\/i0.wp.com\/francaclassificados.com\/\/source\/view\/img\/20w50.png?resize=25%2C25&#038;ssl=1\" alt=\"Imagem compartilhar whatsapp\"\/><\/p>\n<p>                <img data-recalc-dims=\"1\" loading=\"lazy\" decoding=\"async\" width=\"25\" height=\"25\" src=\"https:\/\/i0.wp.com\/francaclassificados.com\/\/source\/view\/img\/18w50.png?resize=25%2C25&#038;ssl=1\" alt=\"Imagem compartilhar facebook\"\/><\/p>\n<\/p><\/div>\n<div class=\"emp\"><!--04\/11--><\/p>\n<p>\n            Precisa se de 1 descedor de base, 1 chanfradeira, 1 auxiliar de prepara\u00e7\u00e3o, 1 auxiliar de montagem, 1 auxiliar de acabamento e 1 passadeira de cola no cabedal todos com pr\u00e1tica.<br \/>Interessados trazer curr\u00edculo na Av Major El\u00edas Motta,1241 Paulistano.\n            <\/p>\n<p><strong>Compartilhe:<\/strong><\/p>\n<p>                <img data-recalc-dims=\"1\" loading=\"lazy\" decoding=\"async\" width=\"25\" height=\"25\" src=\"https:\/\/i0.wp.com\/francaclassificados.com\/\/source\/view\/img\/20w50.png?resize=25%2C25&#038;ssl=1\" alt=\"Imagem compartilhar whatsapp\"\/><\/p>\n<p>                <img data-recalc-dims=\"1\" loading=\"lazy\" decoding=\"async\" width=\"25\" height=\"25\" src=\"https:\/\/i0.wp.com\/francaclassificados.com\/\/source\/view\/img\/18w50.png?resize=25%2C25&#038;ssl=1\" alt=\"Imagem compartilhar facebook\"\/><\/p>\n<\/p><\/div>\n<p>    <script async=\"\" src=\"https:\/\/pagead2.googlesyndication.com\/pagead\/js\/adsbygoogle.js?client=ca-pub-2853392113352629\" crossorigin=\"anonymous\"\/>\n    <ins class=\"adsbygoogle\" style=\"display:block\" data-ad-client=\"ca-pub-2853392113352629\" data-ad-slot=\"2925831803\" data-ad-format=\"auto\" data-full-width-responsive=\"true\"\/>\n    <script><![CDATA[\n    (adsbygoogle = window.adsbygoogle || []).push({});\n    ]]><\/script><\/p>\n<div class=\"emp\"><!--04\/11--><\/p>\n<p>\n            Precisa se de 1 descedor de base, 1 chanfradeira, 1 auxiliar de prepara\u00e7\u00e3o, 1 auxiliar de montagem, 1 auxiliar de acabamento e 1 passadeira de cola no cabedal todos com pr\u00e1tica.<br \/>Interessados trazer curr\u00edculo na Av Major El\u00edas Motta,1241 Paulistano.\n            <\/p>\n<p><strong>Compartilhe:<\/strong><\/p>\n<p>                <img data-recalc-dims=\"1\" loading=\"lazy\" decoding=\"async\" width=\"25\" height=\"25\" src=\"https:\/\/i0.wp.com\/francaclassificados.com\/\/source\/view\/img\/20w50.png?resize=25%2C25&#038;ssl=1\" alt=\"Imagem compartilhar whatsapp\"\/><\/p>\n<p>                <img data-recalc-dims=\"1\" loading=\"lazy\" decoding=\"async\" width=\"25\" height=\"25\" src=\"https:\/\/i0.wp.com\/francaclassificados.com\/\/source\/view\/img\/18w50.png?resize=25%2C25&#038;ssl=1\" alt=\"Imagem compartilhar facebook\"\/><\/p>\n<\/p><\/div>\n<div class=\"emp\"><!--02\/11--><\/p>\n<p>\n            Precisa-se de pessoas para fazer palheiro (cigarro de palha)<br \/>50 reais a cada mil unidades<br \/>16991001667\n            <\/p>\n<p><strong>Compartilhe:<\/strong><\/p>\n<p>                <img data-recalc-dims=\"1\" loading=\"lazy\" decoding=\"async\" width=\"25\" height=\"25\" src=\"https:\/\/i0.wp.com\/francaclassificados.com\/\/source\/view\/img\/20w50.png?resize=25%2C25&#038;ssl=1\" alt=\"Imagem compartilhar whatsapp\"\/><\/p>\n<p>                <img data-recalc-dims=\"1\" loading=\"lazy\" decoding=\"async\" width=\"25\" height=\"25\" src=\"https:\/\/i0.wp.com\/francaclassificados.com\/\/source\/view\/img\/18w50.png?resize=25%2C25&#038;ssl=1\" alt=\"Imagem compartilhar facebook\"\/><\/p>\n<\/p><\/div>\n<p>    <script async=\"\" src=\"https:\/\/pagead2.googlesyndication.com\/pagead\/js\/adsbygoogle.js?client=ca-pub-2853392113352629\" crossorigin=\"anonymous\"\/>\n    <ins class=\"adsbygoogle\" style=\"display:block\" data-ad-client=\"ca-pub-2853392113352629\" data-ad-slot=\"2925831803\" data-ad-format=\"auto\" data-full-width-responsive=\"true\"\/>\n    <script><![CDATA[\n    (adsbygoogle = window.adsbygoogle || []).push({});\n    ]]><\/script><\/p>\n<div class=\"emp\"><!--29\/10--><\/p>\n<p>\n            Kmf baterias est\u00e1 contratando vendedor e entregador\u00a0 pra in\u00edcio imediato com ou sem experi\u00eancia estamos buscando pessoas que realmente queiram trabalhar em equipe entregar o curr\u00edculo na rua general Telles 628 bairro esta\u00e7\u00e3o\u00a0\n            <\/p>\n<p><strong>Compartilhe:<\/strong><\/p>\n<p>                <img data-recalc-dims=\"1\" loading=\"lazy\" decoding=\"async\" width=\"25\" height=\"25\" src=\"https:\/\/i0.wp.com\/francaclassificados.com\/\/source\/view\/img\/20w50.png?resize=25%2C25&#038;ssl=1\" alt=\"Imagem compartilhar whatsapp\"\/><\/p>\n<p>                <img data-recalc-dims=\"1\" loading=\"lazy\" decoding=\"async\" width=\"25\" height=\"25\" src=\"https:\/\/i0.wp.com\/francaclassificados.com\/\/source\/view\/img\/18w50.png?resize=25%2C25&#038;ssl=1\" alt=\"Imagem compartilhar facebook\"\/><\/p>\n<\/p><\/div>\n<div class=\"emp\"><!--29\/10--><\/p>\n<p>\n            Mestre de Obras<br \/>Descri\u00e7\u00e3o: <br \/>* Supervisionar e conferir atividades operacionais, leitura e execu\u00e7\u00e3o de projetos, acompanhando o cronograma e medi\u00e7\u00f5es de obras, al\u00e9m do controle de equipamentos. Garantindo a qualidade, durabilidade e conformidade das estruturas com as especifica\u00e7\u00f5es t\u00e9cnicas estabelecidas:<br \/>* Orientar a equipe operacional atrav\u00e9s dos projetos e procedimentos operacionais;<br \/>* Supervisionar a qualidade dos servi\u00e7os executados, verificando o cumprimento das especifica\u00e7\u00f5es t\u00e9cnicas, normas e padr\u00f5es de qualidade estabelecidos com foco nas instala\u00e7\u00f5es el\u00e9tricas e hidr\u00e1ulicas;<br \/>Requisitos: <br \/>* Experi\u00eancia anterior na fun\u00e7\u00e3o, no segmento da constru\u00e7\u00e3o civil;<br \/>* Conhecimento b\u00e1sico de leitura e interpreta\u00e7\u00e3o de Projetos e Especifica\u00e7\u00f5es T\u00e9cnicas;<br \/>* Conhecimento na confer\u00eancia de atividades que comp\u00f5e as instru\u00e7\u00f5es t\u00e9cnicas de obra tais como: gabarito, funda\u00e7\u00e3o, alvenaria, acabamentos, cobertura, fachada e infraestrutura<br \/>Enviar curr\u00edculos para o e-mail: recursoshumanos@adnconstrutora.com.br\n            <\/p>\n<p><strong>Compartilhe:<\/strong><\/p>\n<p>                <img data-recalc-dims=\"1\" loading=\"lazy\" decoding=\"async\" width=\"25\" height=\"25\" src=\"https:\/\/i0.wp.com\/francaclassificados.com\/\/source\/view\/img\/20w50.png?resize=25%2C25&#038;ssl=1\" alt=\"Imagem compartilhar whatsapp\"\/><\/p>\n<p>                <img data-recalc-dims=\"1\" loading=\"lazy\" decoding=\"async\" width=\"25\" height=\"25\" src=\"https:\/\/i0.wp.com\/francaclassificados.com\/\/source\/view\/img\/18w50.png?resize=25%2C25&#038;ssl=1\" alt=\"Imagem compartilhar facebook\"\/><\/p>\n<\/p><\/div>\n<p>    <script async=\"\" src=\"https:\/\/pagead2.googlesyndication.com\/pagead\/js\/adsbygoogle.js?client=ca-pub-2853392113352629\" crossorigin=\"anonymous\"\/>\n    <ins class=\"adsbygoogle\" style=\"display:block\" data-ad-client=\"ca-pub-2853392113352629\" data-ad-slot=\"2925831803\" data-ad-format=\"auto\" data-full-width-responsive=\"true\"\/>\n    <script><![CDATA[\n    (adsbygoogle = window.adsbygoogle || []).push({});\n    ]]><\/script><\/p>\n<div class=\"emp\"><!--29\/10--><\/p>\n<p>\n            Mec\u00e2nico de ar condicionado<br \/>Requisitos para a Vaga:<br \/>Experi\u00eancia comprovada em carteira de trabalho<br \/>CNH ativa<br \/>Sal\u00e1rio compat\u00edvel com a fun\u00e7\u00e3o<br \/>Vale refei\u00e7\u00e3o<br \/>Seguro de vida em grupo<br \/>Hor\u00e1rio de trabalho comercial<br \/>Trabalho de seg a sex<br \/>\u00c1rea de atua\u00e7\u00e3o em: Franca e regi\u00e3o<br \/>Envie seu curr\u00edculo!<br \/>WhatsApp (18) 99731-0314<br \/>atendimento@visionsolarep.com.br\n            <\/p>\n<p><strong>Compartilhe:<\/strong><\/p>\n<p>                <img data-recalc-dims=\"1\" loading=\"lazy\" decoding=\"async\" width=\"25\" height=\"25\" src=\"https:\/\/i0.wp.com\/francaclassificados.com\/\/source\/view\/img\/20w50.png?resize=25%2C25&#038;ssl=1\" alt=\"Imagem compartilhar whatsapp\"\/><\/p>\n<p>                <img data-recalc-dims=\"1\" loading=\"lazy\" decoding=\"async\" width=\"25\" height=\"25\" src=\"https:\/\/i0.wp.com\/francaclassificados.com\/\/source\/view\/img\/18w50.png?resize=25%2C25&#038;ssl=1\" alt=\"Imagem compartilhar facebook\"\/><\/p>\n<\/p><\/div>\n<div class=\"emp\">\n<p>\n            ATENDENTE<br \/>Giraffas Franca Shopping est\u00e1 buscando novos talentos para se juntarem \u00e0 nossa equipe! Se voc\u00ea tem: Idade m\u00ednima de 18 anos, cursando o ensino m\u00e9dio, residir em Franca, disponibilidade de hor\u00e1rio. Oferecemos: sal\u00e1rio compat\u00edvel com o mercado, Vale transporte, alimenta\u00e7\u00e3o, seguro sa\u00fade, seguro odontol\u00f3gico. Para se candidatar: Envie seu curr\u00edculo para o e-mail giraffasvagas@gmail.com<br \/>\n            <br \/>sinerhgiaempregos@gmail.com\n            <\/p>\n<p><strong>Compartilhe:<\/strong><\/p>\n<p>                <img data-recalc-dims=\"1\" loading=\"lazy\" decoding=\"async\" width=\"25\" height=\"25\" src=\"https:\/\/i0.wp.com\/francaclassificados.com\/\/source\/view\/img\/20w50.png?resize=25%2C25&#038;ssl=1\" alt=\"Imagem compartilhar whatsapp\"\/><\/p>\n<p>                <img data-recalc-dims=\"1\" loading=\"lazy\" decoding=\"async\" width=\"25\" height=\"25\" src=\"https:\/\/i0.wp.com\/francaclassificados.com\/\/source\/view\/img\/18w50.png?resize=25%2C25&#038;ssl=1\" alt=\"Imagem compartilhar facebook\"\/><\/p>\n<\/p><\/div>\n<p>    <script async=\"\" src=\"https:\/\/pagead2.googlesyndication.com\/pagead\/js\/adsbygoogle.js?client=ca-pub-2853392113352629\" crossorigin=\"anonymous\"\/>\n    <ins class=\"adsbygoogle\" style=\"display:block\" data-ad-client=\"ca-pub-2853392113352629\" data-ad-slot=\"2925831803\" data-ad-format=\"auto\" data-full-width-responsive=\"true\"\/>\n    <script><![CDATA[\n    (adsbygoogle = window.adsbygoogle || []).push({});\n    ]]><\/script><\/p>\n<div class=\"emp\">\n<p>\n            Contrata-se para Supermercados<br \/>A\u00e7ougueiro, Auxiliar de Limpeza, Balconista de Padaria, Empacotador, Estoquista, Operadora de Caixa, Fiscal de Preven\u00e7\u00e3o de Perdas, Fiscal de Loja, Repositor, Auxiliar de Padeiro\/Confeiteiro, Motorista, Aprendiz, N\u00e3o \u00e9 necess\u00e1rio ter experi\u00eancia, ter disponibilidade hor\u00e1rio para trabalhar aos finais de semana. Envie seu curr\u00edculo para: rhgsrdp@gmail.com<br \/>\n            <br \/>sinerhgiaempregos@gmail.com\n            <\/p>\n<p><strong>Compartilhe:<\/strong><\/p>\n<p>                <img data-recalc-dims=\"1\" loading=\"lazy\" decoding=\"async\" width=\"25\" height=\"25\" src=\"https:\/\/i0.wp.com\/francaclassificados.com\/\/source\/view\/img\/20w50.png?resize=25%2C25&#038;ssl=1\" alt=\"Imagem compartilhar whatsapp\"\/><\/p>\n<p>                <img data-recalc-dims=\"1\" loading=\"lazy\" decoding=\"async\" width=\"25\" height=\"25\" src=\"https:\/\/i0.wp.com\/francaclassificados.com\/\/source\/view\/img\/18w50.png?resize=25%2C25&#038;ssl=1\" alt=\"Imagem compartilhar facebook\"\/><\/p>\n<\/p><\/div>\n<div class=\"emp\">\n<p>\n            Auxiliar Financeiro com Experi. em JRTI<br \/>Vaga para Auxiliar Financeiro \/ Auxiliar Administrativo com experi\u00eancia no Sistema JRTI, em Franca\/SP, por favor enviar curr\u00edculo para o e-mail - vagacurriculo2024@gmail.com<br \/>\n            <br \/>sinerhgiaempregos@gmail.com\n            <\/p>\n<p><strong>Compartilhe:<\/strong><\/p>\n<p>                <img data-recalc-dims=\"1\" loading=\"lazy\" decoding=\"async\" width=\"25\" height=\"25\" src=\"https:\/\/i0.wp.com\/francaclassificados.com\/\/source\/view\/img\/20w50.png?resize=25%2C25&#038;ssl=1\" alt=\"Imagem compartilhar whatsapp\"\/><\/p>\n<p>                <img data-recalc-dims=\"1\" loading=\"lazy\" decoding=\"async\" width=\"25\" height=\"25\" src=\"https:\/\/i0.wp.com\/francaclassificados.com\/\/source\/view\/img\/18w50.png?resize=25%2C25&#038;ssl=1\" alt=\"Imagem compartilhar facebook\"\/><\/p>\n<\/p><\/div>\n<p>    <script async=\"\" src=\"https:\/\/pagead2.googlesyndication.com\/pagead\/js\/adsbygoogle.js?client=ca-pub-2853392113352629\" crossorigin=\"anonymous\"\/>\n    <ins class=\"adsbygoogle\" style=\"display:block\" data-ad-client=\"ca-pub-2853392113352629\" data-ad-slot=\"2925831803\" data-ad-format=\"auto\" data-full-width-responsive=\"true\"\/>\n    <script><![CDATA[\n    (adsbygoogle = window.adsbygoogle || []).push({});\n    ]]><\/script><\/p>\n<div class=\"emp\">\n<p>\n            ANALISTA DE E-COMMERCE<br \/>Contrata-se do sexo masculino com experiencia em gerenciamento ADS\/vendas em: Mercado Livre (embarque full), Shopee, Magalu, Amazon e etc. Controle de estoque e cadastros via Bling. Desej\u00e1vel conhecimento em plataforma irroba. Ganhos de sal\u00e1rio fixo, comiss\u00e3o progressiva por meta, aux\u00edlio alimenta\u00e7\u00e3o e conv\u00eanio com academia. Chama 16 99778-4007 Leonardo<br \/>\n            <br \/>sinerhgiaempregos@gmail.com\n            <\/p>\n<p><strong>Compartilhe:<\/strong><\/p>\n<p>                <img data-recalc-dims=\"1\" loading=\"lazy\" decoding=\"async\" width=\"25\" height=\"25\" src=\"https:\/\/i0.wp.com\/francaclassificados.com\/\/source\/view\/img\/20w50.png?resize=25%2C25&#038;ssl=1\" alt=\"Imagem compartilhar whatsapp\"\/><\/p>\n<p>                <img data-recalc-dims=\"1\" loading=\"lazy\" decoding=\"async\" width=\"25\" height=\"25\" src=\"https:\/\/i0.wp.com\/francaclassificados.com\/\/source\/view\/img\/18w50.png?resize=25%2C25&#038;ssl=1\" alt=\"Imagem compartilhar facebook\"\/><\/p>\n<\/p><\/div>\n<div class=\"emp\">\n<p>\n            Estagio em Constru\u00e7\u00e3o Civil<br \/>Responsabilidades: cota\u00e7\u00e3o e compras de materiais para as obras, comunica\u00e7\u00e3o e acompanhamento do andamento das obras com os prestadores, alimenta\u00e7\u00e3o de planilhas e sistemas, controle de chaves, visita em obras. Requisitos: Cursando engenharia civil, saber ler projetos. BENEFICIOS: Gympass. Interessados, entre em contato conosco atrav\u00e9s do nosso WhatsApp: 16 99646-7653<br \/>\n            <br \/>sinerhgiaempregos@gmail.com\n            <\/p>\n<p><strong>Compartilhe:<\/strong><\/p>\n<p>                <img data-recalc-dims=\"1\" loading=\"lazy\" decoding=\"async\" width=\"25\" height=\"25\" src=\"https:\/\/i0.wp.com\/francaclassificados.com\/\/source\/view\/img\/20w50.png?resize=25%2C25&#038;ssl=1\" alt=\"Imagem compartilhar whatsapp\"\/><\/p>\n<p>                <img data-recalc-dims=\"1\" loading=\"lazy\" decoding=\"async\" width=\"25\" height=\"25\" src=\"https:\/\/i0.wp.com\/francaclassificados.com\/\/source\/view\/img\/18w50.png?resize=25%2C25&#038;ssl=1\" alt=\"Imagem compartilhar facebook\"\/><\/p>\n<\/p><\/div>\n<p>    <script async=\"\" src=\"https:\/\/pagead2.googlesyndication.com\/pagead\/js\/adsbygoogle.js?client=ca-pub-2853392113352629\" crossorigin=\"anonymous\"\/>\n    <ins class=\"adsbygoogle\" style=\"display:block\" data-ad-client=\"ca-pub-2853392113352629\" data-ad-slot=\"2925831803\" data-ad-format=\"auto\" data-full-width-responsive=\"true\"\/>\n    <script><![CDATA[\n    (adsbygoogle = window.adsbygoogle || []).push({});\n    ]]><\/script><\/p>\n<div class=\"emp\">\n<p>\n            AUXILIAR PRODU\u00c7\u00c3O - Masculino<br \/>Setor Industria contrata: Auxiliar de produ\u00e7\u00e3o - Capacidade de trabalhar de forma respons\u00e1vel, comprometida com qualidade e efici\u00eancia. Habilidade para cumprir prazos e metas de produ\u00e7\u00e3o. Sal\u00e1rio da categoria e mais Benef\u00edcios. Interessados enviar curr\u00edculo para: rhselecao1021@hotmail.com<br \/>\n            <br \/>sinerhgiaempregos@gmail.com\n            <\/p>\n<p><strong>Compartilhe:<\/strong><\/p>\n<p>                <img data-recalc-dims=\"1\" loading=\"lazy\" decoding=\"async\" width=\"25\" height=\"25\" src=\"https:\/\/i0.wp.com\/francaclassificados.com\/\/source\/view\/img\/20w50.png?resize=25%2C25&#038;ssl=1\" alt=\"Imagem compartilhar whatsapp\"\/><\/p>\n<p>                <img data-recalc-dims=\"1\" loading=\"lazy\" decoding=\"async\" width=\"25\" height=\"25\" src=\"https:\/\/i0.wp.com\/francaclassificados.com\/\/source\/view\/img\/18w50.png?resize=25%2C25&#038;ssl=1\" alt=\"Imagem compartilhar facebook\"\/><\/p>\n<\/p><\/div>\n<div class=\"emp\">\n<p>\n            CONTRATA - LOJA CONVENI\u00caNCIA<br \/>H\u00e1 vagas para balconista no turno da manh\u00e3, jovem aprendiz a partir de 17 anos, auxiliar de limpeza (lavar lou\u00e7as) no per\u00edodo da tarde\/noite. Em escala 6x1. Sal\u00e1rio compat\u00edvel + benef\u00edcios. Interessados enviar curr\u00edculo no e-mail, com a vaga identificada no assunto (apenas um envio j\u00e1 \u00e9 o suficiente). Venha fazer parte da nossa equipe!<br \/>\n            <br \/>administrativoloja@galobranco.com.br<br \/>\n            <br \/>sinerhgiaempregos@gmail.com\n            <\/p>\n<p><strong>Compartilhe:<\/strong><\/p>\n<p>                <img data-recalc-dims=\"1\" loading=\"lazy\" decoding=\"async\" width=\"25\" height=\"25\" src=\"https:\/\/i0.wp.com\/francaclassificados.com\/\/source\/view\/img\/20w50.png?resize=25%2C25&#038;ssl=1\" alt=\"Imagem compartilhar whatsapp\"\/><\/p>\n<p>                <img data-recalc-dims=\"1\" loading=\"lazy\" decoding=\"async\" width=\"25\" height=\"25\" src=\"https:\/\/i0.wp.com\/francaclassificados.com\/\/source\/view\/img\/18w50.png?resize=25%2C25&#038;ssl=1\" alt=\"Imagem compartilhar facebook\"\/><\/p>\n<\/p><\/div>\n<p>    <script async=\"\" src=\"https:\/\/pagead2.googlesyndication.com\/pagead\/js\/adsbygoogle.js?client=ca-pub-2853392113352629\" crossorigin=\"anonymous\"\/>\n    <ins class=\"adsbygoogle\" style=\"display:block\" data-ad-client=\"ca-pub-2853392113352629\" data-ad-slot=\"2925831803\" data-ad-format=\"auto\" data-full-width-responsive=\"true\"\/>\n    <script><![CDATA[\n    (adsbygoogle = window.adsbygoogle || []).push({});\n    ]]><\/script><\/p>\n<div class=\"emp\">\n<p>\n            Motorista com Caminh\u00e3o Pr\u00f3prio<br \/>Somos uma Transportadora de Franca-SP, que est\u00e1 h\u00e1 40 anos no mercado e estamos buscando servi\u00e7o de entrega terceirizado. Necess\u00e1rio: Caminh\u00e3o com ba\u00fa fechado, documenta\u00e7\u00e3o do ve\u00edculo e do motorista em dia e emiss\u00e3o de NFs. Interessados, por favor, entre em contato com o n\u00famero (16) 99441-5190.<br \/>\n            <br \/>sinerhgiaempregos@gmail.com\n            <\/p>\n<p><strong>Compartilhe:<\/strong><\/p>\n<p>                <img data-recalc-dims=\"1\" loading=\"lazy\" decoding=\"async\" width=\"25\" height=\"25\" src=\"https:\/\/i0.wp.com\/francaclassificados.com\/\/source\/view\/img\/20w50.png?resize=25%2C25&#038;ssl=1\" alt=\"Imagem compartilhar whatsapp\"\/><\/p>\n<p>                <img data-recalc-dims=\"1\" loading=\"lazy\" decoding=\"async\" width=\"25\" height=\"25\" src=\"https:\/\/i0.wp.com\/francaclassificados.com\/\/source\/view\/img\/18w50.png?resize=25%2C25&#038;ssl=1\" alt=\"Imagem compartilhar facebook\"\/><\/p>\n<\/p><\/div>\n<div class=\"emp\">\n<p>\n            Assistente Administrativo<br \/>Fun\u00e7\u00f5es: p\u00f3s-venda, cadastros, atualizar relat\u00f3rios de controle e indicadores, dar suporte a equipe de vendas, entre outras atividades. Requisitos: Ensino M\u00e9dio Completo e conhecimento em Excel. Carga Hor\u00e1ria: Segunda \u00e0 sexta, das 8h00 \u00e0s 18h18 e s\u00e1bado alternados: das 8h00 \u00e0s 13h00. Oferecemos sal\u00e1rio compat\u00edvel e pacote de benef\u00edcios. Se voc\u00ea \u00e9: - Respons\u00e1vel - Pontual - Comprometido, essa vaga \u00e9 para voc\u00ea. Envie seu curr\u00edculo no email: vagas.atram@gmail.com<br \/>\n            <br \/>sinerhgiaempregos@gmail.com\n            <\/p>\n<p><strong>Compartilhe:<\/strong><\/p>\n<p>                <img data-recalc-dims=\"1\" loading=\"lazy\" decoding=\"async\" width=\"25\" height=\"25\" src=\"https:\/\/i0.wp.com\/francaclassificados.com\/\/source\/view\/img\/20w50.png?resize=25%2C25&#038;ssl=1\" alt=\"Imagem compartilhar whatsapp\"\/><\/p>\n<p>                <img data-recalc-dims=\"1\" loading=\"lazy\" decoding=\"async\" width=\"25\" height=\"25\" src=\"https:\/\/i0.wp.com\/francaclassificados.com\/\/source\/view\/img\/18w50.png?resize=25%2C25&#038;ssl=1\" alt=\"Imagem compartilhar facebook\"\/><\/p>\n<\/p><\/div>\n<p>    <script async=\"\" src=\"https:\/\/pagead2.googlesyndication.com\/pagead\/js\/adsbygoogle.js?client=ca-pub-2853392113352629\" crossorigin=\"anonymous\"\/>\n    <ins class=\"adsbygoogle\" style=\"display:block\" data-ad-client=\"ca-pub-2853392113352629\" data-ad-slot=\"2925831803\" data-ad-format=\"auto\" data-full-width-responsive=\"true\"\/>\n    <script><![CDATA[\n    (adsbygoogle = window.adsbygoogle || []).push({});\n    ]]><\/script><\/p>\n<div class=\"emp\">\n<p>\n            VENDEDORA TELEVENDAS<br \/>Vaga de Vendedora Interna - Atacado de mercadorias em geral situada em Franca. Busca profissional com experi\u00eancia em capta\u00e7\u00e3o de clientes. Sal\u00e1rio de 1.600 + comiss\u00e3o semanal - hor\u00e1rio comercial de segunda a sexta - com registro em carteira. Interessados enviar curriculo no e-mail: deniratacado@outlook.com ou no whatsapp 16 99361-4307.<br \/>\n            <br \/>sinerhgiaempregos@gmail.com\n            <\/p>\n<p><strong>Compartilhe:<\/strong><\/p>\n<p>                <img data-recalc-dims=\"1\" loading=\"lazy\" decoding=\"async\" width=\"25\" height=\"25\" src=\"https:\/\/i0.wp.com\/francaclassificados.com\/\/source\/view\/img\/20w50.png?resize=25%2C25&#038;ssl=1\" alt=\"Imagem compartilhar whatsapp\"\/><\/p>\n<p>                <img data-recalc-dims=\"1\" loading=\"lazy\" decoding=\"async\" width=\"25\" height=\"25\" src=\"https:\/\/i0.wp.com\/francaclassificados.com\/\/source\/view\/img\/18w50.png?resize=25%2C25&#038;ssl=1\" alt=\"Imagem compartilhar facebook\"\/><\/p>\n<\/p><\/div>\n<div class=\"emp\">\n<p>\n            Industria de Cal\u00e7ados<br \/>Voc\u00ea quer iniciar o ano 2025 trabalhando, essa \u00e9 a oportunidade, estamos com vagas para Pespontador, Colador de pe\u00e7as, Auxiliar Pesponto, Auxiliar Almoxarifado, Fechador de Lado\/Base, Montador Manual (desce base), Coringa Montagem (saiba moldar mocassim), Enfuma\u00e7ador (\u00e1rea de acabamento), Escalador Vaquetas\/Forro, Auxiliar prepara\u00e7\u00e3o. Interessados encaminhar curriculos para sollucontrata@gmail.com ou Av Francisco Delfino Santos 1140 - Jd Paulistano.<br \/>\n            <br \/>sinerhgiaempregos@gmail.com\n            <\/p>\n<p><strong>Compartilhe:<\/strong><\/p>\n<p>                <img data-recalc-dims=\"1\" loading=\"lazy\" decoding=\"async\" width=\"25\" height=\"25\" src=\"https:\/\/i0.wp.com\/francaclassificados.com\/\/source\/view\/img\/20w50.png?resize=25%2C25&#038;ssl=1\" alt=\"Imagem compartilhar whatsapp\"\/><\/p>\n<p>                <img data-recalc-dims=\"1\" loading=\"lazy\" decoding=\"async\" width=\"25\" height=\"25\" src=\"https:\/\/i0.wp.com\/francaclassificados.com\/\/source\/view\/img\/18w50.png?resize=25%2C25&#038;ssl=1\" alt=\"Imagem compartilhar facebook\"\/><\/p>\n<\/p><\/div>\n<p>    <script async=\"\" src=\"https:\/\/pagead2.googlesyndication.com\/pagead\/js\/adsbygoogle.js?client=ca-pub-2853392113352629\" crossorigin=\"anonymous\"\/>\n    <ins class=\"adsbygoogle\" style=\"display:block\" data-ad-client=\"ca-pub-2853392113352629\" data-ad-slot=\"2925831803\" data-ad-format=\"auto\" data-full-width-responsive=\"true\"\/>\n    <script><![CDATA[\n    (adsbygoogle = window.adsbygoogle || []).push({});\n    ]]><\/script><\/p>\n<div class=\"emp\">\n<p>\n            Contrata t\u00e9cnico de ar condicionado ou auxiliar, ser maior de 18 anos, carteira de motorista, sal\u00e1rio a combinar. Interessados enviar curr\u00edculo para atendimento@friobom.com.br<br \/>\n            <br \/>sinerhgiaempregos@gmail.com\n            <\/p>\n<p><strong>Compartilhe:<\/strong><\/p>\n<p>                <img data-recalc-dims=\"1\" loading=\"lazy\" decoding=\"async\" width=\"25\" height=\"25\" src=\"https:\/\/i0.wp.com\/francaclassificados.com\/\/source\/view\/img\/20w50.png?resize=25%2C25&#038;ssl=1\" alt=\"Imagem compartilhar whatsapp\"\/><\/p>\n<p>                <img data-recalc-dims=\"1\" loading=\"lazy\" decoding=\"async\" width=\"25\" height=\"25\" src=\"https:\/\/i0.wp.com\/francaclassificados.com\/\/source\/view\/img\/18w50.png?resize=25%2C25&#038;ssl=1\" alt=\"Imagem compartilhar facebook\"\/><\/p>\n<\/p><\/div>\n<div class=\"emp\">\n<p>\n            AUX DE MARKETPLACE<br \/>Buscamos profissional com experi\u00eancia em gerenciamento de Marketplace, para cadastrar produtos nas plataformas, subir e alterar material (banner, fotos, descri\u00e7\u00e3o) auxiliar com an\u00e1lise de vendas, buscar estrat\u00e9gias de vendas nos marketplace, dentre demais atividades do setor. Oferecemos \u00f3timo sal\u00e1rio, bonifica\u00e7\u00f5es, vale alimenta\u00e7\u00e3o. Conhecimento nessas plataformas ser\u00e1 diferencial: Mercado Livre, Shoppe, Magalu, Netshoes, e outras. Interessados enviar curr\u00edculo para rh@naturalfitness.com.br<br \/>\n            <br \/>sinerhgiaempregos@gmail.com\n            <\/p>\n<p><strong>Compartilhe:<\/strong><\/p>\n<p>                <img data-recalc-dims=\"1\" loading=\"lazy\" decoding=\"async\" width=\"25\" height=\"25\" src=\"https:\/\/i0.wp.com\/francaclassificados.com\/\/source\/view\/img\/20w50.png?resize=25%2C25&#038;ssl=1\" alt=\"Imagem compartilhar whatsapp\"\/><\/p>\n<p>                <img data-recalc-dims=\"1\" loading=\"lazy\" decoding=\"async\" width=\"25\" height=\"25\" src=\"https:\/\/i0.wp.com\/francaclassificados.com\/\/source\/view\/img\/18w50.png?resize=25%2C25&#038;ssl=1\" alt=\"Imagem compartilhar facebook\"\/><\/p>\n<\/p><\/div>\n<p>    <script async=\"\" src=\"https:\/\/pagead2.googlesyndication.com\/pagead\/js\/adsbygoogle.js?client=ca-pub-2853392113352629\" crossorigin=\"anonymous\"\/>\n    <ins class=\"adsbygoogle\" style=\"display:block\" data-ad-client=\"ca-pub-2853392113352629\" data-ad-slot=\"2925831803\" data-ad-format=\"auto\" data-full-width-responsive=\"true\"\/>\n    <script><![CDATA[\n    (adsbygoogle = window.adsbygoogle || []).push({});\n    ]]><\/script><\/p>\n<div class=\"emp\">\n<p>\n            Eletricista<br \/>Estamos contratando Eletricistas para obra em Franca. Segunda a sexta, 07:00 \u00e0s 17:00. Sal\u00e1rio a combinar. Experi\u00eancia pr\u00e9via \u00e9 um diferencial. Como se candidatar: Envie seu curr\u00edculo para (16) 99370-3374, falar com Fabiano.<br \/>\n            <br \/>sinerhgiaempregos@gmail.com\n            <\/p>\n<p><strong>Compartilhe:<\/strong><\/p>\n<p>                <img data-recalc-dims=\"1\" loading=\"lazy\" decoding=\"async\" width=\"25\" height=\"25\" src=\"https:\/\/i0.wp.com\/francaclassificados.com\/\/source\/view\/img\/20w50.png?resize=25%2C25&#038;ssl=1\" alt=\"Imagem compartilhar whatsapp\"\/><\/p>\n<p>                <img data-recalc-dims=\"1\" loading=\"lazy\" decoding=\"async\" width=\"25\" height=\"25\" src=\"https:\/\/i0.wp.com\/francaclassificados.com\/\/source\/view\/img\/18w50.png?resize=25%2C25&#038;ssl=1\" alt=\"Imagem compartilhar facebook\"\/><\/p>\n<\/p><\/div>\n<div class=\"emp\">\n<p>\n            Profissional de e-commerce Experiencia<br \/>Possui experiencia comprovada em Log\u00edstica? Venha trabalhar com a gente! Emiss\u00e3o de nota, separa\u00e7\u00e3o e conferencia produtos, embalagem toda rotina de log\u00edstica. Diferencial: conhecimento em plataformas como bling, shoppub\/Irroba, mercado livre e habilidade com planilhas em Excel. Precisamos de um colaborador proativo, organizado e que saiba trabalhar com rotinas. Enviar curr\u00edculo somente se tiver experi\u00eancia para recrutamento@cavalariashop.com.br<br \/>\n            <br \/>sinerhgiaempregos@gmail.com\n            <\/p>\n<p><strong>Compartilhe:<\/strong><\/p>\n<p>                <img data-recalc-dims=\"1\" loading=\"lazy\" decoding=\"async\" width=\"25\" height=\"25\" src=\"https:\/\/i0.wp.com\/francaclassificados.com\/\/source\/view\/img\/20w50.png?resize=25%2C25&#038;ssl=1\" alt=\"Imagem compartilhar whatsapp\"\/><\/p>\n<p>                <img data-recalc-dims=\"1\" loading=\"lazy\" decoding=\"async\" width=\"25\" height=\"25\" src=\"https:\/\/i0.wp.com\/francaclassificados.com\/\/source\/view\/img\/18w50.png?resize=25%2C25&#038;ssl=1\" alt=\"Imagem compartilhar facebook\"\/><\/p>\n<\/p><\/div>\n<p>    <script async=\"\" src=\"https:\/\/pagead2.googlesyndication.com\/pagead\/js\/adsbygoogle.js?client=ca-pub-2853392113352629\" crossorigin=\"anonymous\"\/>\n    <ins class=\"adsbygoogle\" style=\"display:block\" data-ad-client=\"ca-pub-2853392113352629\" data-ad-slot=\"2925831803\" data-ad-format=\"auto\" data-full-width-responsive=\"true\"\/>\n    <script><![CDATA[\n    (adsbygoogle = window.adsbygoogle || []).push({});\n    ]]><\/script><\/p>\n<div class=\"emp\">\n<p>\n            Auxiliar de Ecomerce<br \/>Com experi\u00eancia em fazer an\u00fancios ou embalar pedidos,para trabalhar no distrito,sal\u00e1rio R$1650,00 169312-1442<br \/>\n            <br \/>sinerhgiaempregos@gmail.com\n            <\/p>\n<p><strong>Compartilhe:<\/strong><\/p>\n<p>                <img data-recalc-dims=\"1\" loading=\"lazy\" decoding=\"async\" width=\"25\" height=\"25\" src=\"https:\/\/i0.wp.com\/francaclassificados.com\/\/source\/view\/img\/20w50.png?resize=25%2C25&#038;ssl=1\" alt=\"Imagem compartilhar whatsapp\"\/><\/p>\n<p>                <img data-recalc-dims=\"1\" loading=\"lazy\" decoding=\"async\" width=\"25\" height=\"25\" src=\"https:\/\/i0.wp.com\/francaclassificados.com\/\/source\/view\/img\/18w50.png?resize=25%2C25&#038;ssl=1\" alt=\"Imagem compartilhar facebook\"\/><\/p>\n<\/p><\/div>\n<div class=\"emp\">\n<p>\n            Programador em Python<br \/>Precisamos de programador em Python ou similar para fazer um Job. Vai ser um projeto com recursos espec\u00edficos. Mandar curriculo ou contato para o seguinte email: marciovilhena1@gmail.com Somente depois de constatar a experiencia vamos passar para os escolhidos o projeto<br \/>\n            <br \/>sinerhgiaempregos@gmail.com\n            <\/p>\n<p><strong>Compartilhe:<\/strong><\/p>\n<p>                <img data-recalc-dims=\"1\" loading=\"lazy\" decoding=\"async\" width=\"25\" height=\"25\" src=\"https:\/\/i0.wp.com\/francaclassificados.com\/\/source\/view\/img\/20w50.png?resize=25%2C25&#038;ssl=1\" alt=\"Imagem compartilhar whatsapp\"\/><\/p>\n<p>                <img data-recalc-dims=\"1\" loading=\"lazy\" decoding=\"async\" width=\"25\" height=\"25\" src=\"https:\/\/i0.wp.com\/francaclassificados.com\/\/source\/view\/img\/18w50.png?resize=25%2C25&#038;ssl=1\" alt=\"Imagem compartilhar facebook\"\/><\/p>\n<\/p><\/div>\n<p>    <script async=\"\" src=\"https:\/\/pagead2.googlesyndication.com\/pagead\/js\/adsbygoogle.js?client=ca-pub-2853392113352629\" crossorigin=\"anonymous\"\/>\n    <ins class=\"adsbygoogle\" style=\"display:block\" data-ad-client=\"ca-pub-2853392113352629\" data-ad-slot=\"2925831803\" data-ad-format=\"auto\" data-full-width-responsive=\"true\"\/>\n    <script><![CDATA[\n    (adsbygoogle = window.adsbygoogle || []).push({});\n    ]]><\/script><\/p>\n<div class=\"emp\">\n<p>\n            PADARIA E CONVENI\u00caNCIA CONTRATA<br \/>ESTAMOS CONTRATANDO AQUI NO CITY POSTO PARA AS VAGAS DE COZINHEIRA(O) COM EXPERI\u00caNCIA DE 2 ANOS NA \u00c1REA, ATENDENTE E LIMPEZA. PARA TODAS AS VAGAS PEDIMOS DISPONIBILIDADE DE HOR\u00c1RIO. ENVIE SEU CURR\u00cdCULO PARA oportunidadecityposto@gmail.com<br \/>\n            <br \/>sinerhgiaempregos@gmail.com\n            <\/p>\n<p><strong>Compartilhe:<\/strong><\/p>\n<p>                <img data-recalc-dims=\"1\" loading=\"lazy\" decoding=\"async\" width=\"25\" height=\"25\" src=\"https:\/\/i0.wp.com\/francaclassificados.com\/\/source\/view\/img\/20w50.png?resize=25%2C25&#038;ssl=1\" alt=\"Imagem compartilhar whatsapp\"\/><\/p>\n<p>                <img data-recalc-dims=\"1\" loading=\"lazy\" decoding=\"async\" width=\"25\" height=\"25\" src=\"https:\/\/i0.wp.com\/francaclassificados.com\/\/source\/view\/img\/18w50.png?resize=25%2C25&#038;ssl=1\" alt=\"Imagem compartilhar facebook\"\/><\/p>\n<\/p><\/div>\n<div class=\"emp\">\n<p>\n            Expedi\u00e7\u00e3o e Atendimento E-commerce<br \/>Contrata - se auxiliar de e-commerce em tempo integral, segunda a sexta (44 horas semanais). Ficar\u00e1 respons\u00e1vel pela parte de expedi\u00e7\u00e3o de mercadorias, emiss\u00e3o de nota fiscal, separa\u00e7\u00e3o e despacho dos pedidos. Temos duas vagas dispon\u00edveis. Curr\u00edculo para WhatsApp: 16 99996-4125<br \/>\n            <br \/>sinerhgiaempregos@gmail.com\n            <\/p>\n<p><strong>Compartilhe:<\/strong><\/p>\n<p>                <img data-recalc-dims=\"1\" loading=\"lazy\" decoding=\"async\" width=\"25\" height=\"25\" src=\"https:\/\/i0.wp.com\/francaclassificados.com\/\/source\/view\/img\/20w50.png?resize=25%2C25&#038;ssl=1\" alt=\"Imagem compartilhar whatsapp\"\/><\/p>\n<p>                <img data-recalc-dims=\"1\" loading=\"lazy\" decoding=\"async\" width=\"25\" height=\"25\" src=\"https:\/\/i0.wp.com\/francaclassificados.com\/\/source\/view\/img\/18w50.png?resize=25%2C25&#038;ssl=1\" alt=\"Imagem compartilhar facebook\"\/><\/p>\n<\/p><\/div>\n<p>    <script async=\"\" src=\"https:\/\/pagead2.googlesyndication.com\/pagead\/js\/adsbygoogle.js?client=ca-pub-2853392113352629\" crossorigin=\"anonymous\"\/>\n    <ins class=\"adsbygoogle\" style=\"display:block\" data-ad-client=\"ca-pub-2853392113352629\" data-ad-slot=\"2925831803\" data-ad-format=\"auto\" data-full-width-responsive=\"true\"\/>\n    <script><![CDATA[\n    (adsbygoogle = window.adsbygoogle || []).push({});\n    ]]><\/script><\/p>\n<div class=\"emp\">\n<p>\n            VENDEDORA<br \/>Procuro mulheres, para conhecer e trabalhar no Natal! Contrato de experiencia com possibilidade de continuar. Busco uma pessoa que tenha boa comunica\u00e7\u00e3o com o cliente, queira aprender com as colaboradoras que j\u00e1 trabalham na empresa, seja proativa e organizada! gustavo@jupresentes.com.br<br \/>\n            <br \/>sinerhgiaempregos@gmail.com\n            <\/p>\n<p><strong>Compartilhe:<\/strong><\/p>\n<p>                <img data-recalc-dims=\"1\" loading=\"lazy\" decoding=\"async\" width=\"25\" height=\"25\" src=\"https:\/\/i0.wp.com\/francaclassificados.com\/\/source\/view\/img\/20w50.png?resize=25%2C25&#038;ssl=1\" alt=\"Imagem compartilhar whatsapp\"\/><\/p>\n<p>                <img data-recalc-dims=\"1\" loading=\"lazy\" decoding=\"async\" width=\"25\" height=\"25\" src=\"https:\/\/i0.wp.com\/francaclassificados.com\/\/source\/view\/img\/18w50.png?resize=25%2C25&#038;ssl=1\" alt=\"Imagem compartilhar facebook\"\/><\/p>\n<\/p><\/div>\n<div class=\"emp\">\n<p>\n            Auxiliar Acabamento para Curtume<br \/>Estamos contratando para a vaga de auxiliar de acabamento, n\u00e3o \u00e9 necess\u00e1rio experi\u00eancia. Entregar curr\u00edculos na Av. Alberto Pulicano, 3333 - Distrito Industrial - hor\u00e1rio: 08h as 15h.<br \/>\n            <br \/>sinerhgiaempregos@gmail.com\n            <\/p>\n<p><strong>Compartilhe:<\/strong><\/p>\n<p>                <img data-recalc-dims=\"1\" loading=\"lazy\" decoding=\"async\" width=\"25\" height=\"25\" src=\"https:\/\/i0.wp.com\/francaclassificados.com\/\/source\/view\/img\/20w50.png?resize=25%2C25&#038;ssl=1\" alt=\"Imagem compartilhar whatsapp\"\/><\/p>\n<p>                <img data-recalc-dims=\"1\" loading=\"lazy\" decoding=\"async\" width=\"25\" height=\"25\" src=\"https:\/\/i0.wp.com\/francaclassificados.com\/\/source\/view\/img\/18w50.png?resize=25%2C25&#038;ssl=1\" alt=\"Imagem compartilhar facebook\"\/><\/p>\n<\/p><\/div>\n<p>    <script async=\"\" src=\"https:\/\/pagead2.googlesyndication.com\/pagead\/js\/adsbygoogle.js?client=ca-pub-2853392113352629\" crossorigin=\"anonymous\"\/>\n    <ins class=\"adsbygoogle\" style=\"display:block\" data-ad-client=\"ca-pub-2853392113352629\" data-ad-slot=\"2925831803\" data-ad-format=\"auto\" data-full-width-responsive=\"true\"\/>\n    <script><![CDATA[\n    (adsbygoogle = window.adsbygoogle || []).push({});\n    ]]><\/script><\/p>\n<div class=\"emp\">\n<p>\n            Motorista profissional \/entregador gas<br \/>Precisa - se de motorista profissional para entrega de gas, em franca - para caminh\u00e3o... comunica\u00e7\u00e3o s\u00f3 atravez do email-financeiro.lumigaz@gmail.com<br \/>\n            <br \/>sinerhgiaempregos@gmail.com\n            <\/p>\n<p><strong>Compartilhe:<\/strong><\/p>\n<p>                <img data-recalc-dims=\"1\" loading=\"lazy\" decoding=\"async\" width=\"25\" height=\"25\" src=\"https:\/\/i0.wp.com\/francaclassificados.com\/\/source\/view\/img\/20w50.png?resize=25%2C25&#038;ssl=1\" alt=\"Imagem compartilhar whatsapp\"\/><\/p>\n<p>                <img data-recalc-dims=\"1\" loading=\"lazy\" decoding=\"async\" width=\"25\" height=\"25\" src=\"https:\/\/i0.wp.com\/francaclassificados.com\/\/source\/view\/img\/18w50.png?resize=25%2C25&#038;ssl=1\" alt=\"Imagem compartilhar facebook\"\/><\/p>\n<\/p><\/div>\n<div class=\"emp\">\n<p>\n            Balconista - Free-lancer<br \/>Admita-se balconista free-lance para o per\u00edodo de 40 dias com chance de efetiva\u00e7\u00e3o. N\u00e3o \u00e9 necess\u00e1rio experi\u00eancia, com disponibilidade de hor\u00e1rio. -- Interessados encaminhar curr\u00edculo para o contato (16)98162-0198 ou entregar pessoalmente na R. General Telles, 1273 --<br \/>\n            <br \/>sinerhgiaempregos@gmail.com\n            <\/p>\n<p><strong>Compartilhe:<\/strong><\/p>\n<p>                <img data-recalc-dims=\"1\" loading=\"lazy\" decoding=\"async\" width=\"25\" height=\"25\" src=\"https:\/\/i0.wp.com\/francaclassificados.com\/\/source\/view\/img\/20w50.png?resize=25%2C25&#038;ssl=1\" alt=\"Imagem compartilhar whatsapp\"\/><\/p>\n<p>                <img data-recalc-dims=\"1\" loading=\"lazy\" decoding=\"async\" width=\"25\" height=\"25\" src=\"https:\/\/i0.wp.com\/francaclassificados.com\/\/source\/view\/img\/18w50.png?resize=25%2C25&#038;ssl=1\" alt=\"Imagem compartilhar facebook\"\/><\/p>\n<\/p><\/div>\n<p>    <script async=\"\" src=\"https:\/\/pagead2.googlesyndication.com\/pagead\/js\/adsbygoogle.js?client=ca-pub-2853392113352629\" crossorigin=\"anonymous\"\/>\n    <ins class=\"adsbygoogle\" style=\"display:block\" data-ad-client=\"ca-pub-2853392113352629\" data-ad-slot=\"2925831803\" data-ad-format=\"auto\" data-full-width-responsive=\"true\"\/>\n    <script><![CDATA[\n    (adsbygoogle = window.adsbygoogle || []).push({});\n    ]]><\/script><\/p>\n<div class=\"emp\">\n<p>\n            JOVEM APRENDIZ ADMINISTRATIVO<br \/>Necess\u00e1rio boa apresenta\u00e7\u00e3o pessoal, gostar de ambiente de escrit\u00f3rio e ter conhecimento de pacote office. Idade 14 a 18 anos .Piso salarial inicial R$ 840,00 + R$ 200,00 vale transporte. Jornada de trabalho segunda a sexta 6 horas por dia. Local: Centro de Franca SP. ENVIAR CURR\u00cdCULO POR WHATSAPP 16-99947-0851 Boa sorte.<br \/>\n            <br \/>sinerhgiaempregos@gmail.com\n            <\/p>\n<p><strong>Compartilhe:<\/strong><\/p>\n<p>                <img data-recalc-dims=\"1\" loading=\"lazy\" decoding=\"async\" width=\"25\" height=\"25\" src=\"https:\/\/i0.wp.com\/francaclassificados.com\/\/source\/view\/img\/20w50.png?resize=25%2C25&#038;ssl=1\" alt=\"Imagem compartilhar whatsapp\"\/><\/p>\n<p>                <img data-recalc-dims=\"1\" loading=\"lazy\" decoding=\"async\" width=\"25\" height=\"25\" src=\"https:\/\/i0.wp.com\/francaclassificados.com\/\/source\/view\/img\/18w50.png?resize=25%2C25&#038;ssl=1\" alt=\"Imagem compartilhar facebook\"\/><\/p>\n<\/p><\/div>\n<div class=\"emp\">\n<p>\n            Freelancer balconista\/vendedora<br \/>Contrata-se vendedor(a)\/balconista proativo, com facilidade para lidar com p\u00fablico e trabalhar em equipe. Experi\u00eancia anterior em loja de produtos naturais ser\u00e1 um diferencial. Interessados enviar curr\u00edculo para daianamoreira@gmail.com<br \/>\n            <br \/>sinerhgiaempregos@gmail.com\n            <\/p>\n<p><strong>Compartilhe:<\/strong><\/p>\n<p>                <img data-recalc-dims=\"1\" loading=\"lazy\" decoding=\"async\" width=\"25\" height=\"25\" src=\"https:\/\/i0.wp.com\/francaclassificados.com\/\/source\/view\/img\/20w50.png?resize=25%2C25&#038;ssl=1\" alt=\"Imagem compartilhar whatsapp\"\/><\/p>\n<p>                <img data-recalc-dims=\"1\" loading=\"lazy\" decoding=\"async\" width=\"25\" height=\"25\" src=\"https:\/\/i0.wp.com\/francaclassificados.com\/\/source\/view\/img\/18w50.png?resize=25%2C25&#038;ssl=1\" alt=\"Imagem compartilhar facebook\"\/><\/p>\n<\/p><\/div>\n<p>    <script async=\"\" src=\"https:\/\/pagead2.googlesyndication.com\/pagead\/js\/adsbygoogle.js?client=ca-pub-2853392113352629\" crossorigin=\"anonymous\"\/>\n    <ins class=\"adsbygoogle\" style=\"display:block\" data-ad-client=\"ca-pub-2853392113352629\" data-ad-slot=\"2925831803\" data-ad-format=\"auto\" data-full-width-responsive=\"true\"\/>\n    <script><![CDATA[\n    (adsbygoogle = window.adsbygoogle || []).push({});\n    ]]><\/script><\/p>\n<div class=\"emp\">\n<p>\n            Loja f\u00edsica no ramo de acess\u00f3rios femininos contrata Freelance para \u00e1rea de vendas no final do ano. Principais fun\u00e7\u00f5es: Atendimento presencial e online, etiquetar, embalar e despachar pedidos, organiza\u00e7\u00e3o da loja, alimentar e atender o e-commerce e dar todo suporte as vendedoras. Requisitos: Boa comunica\u00e7\u00e3o, gostar de moda, ter facilidade com redes sociais. Hor\u00e1rio comercial de segunda a s\u00e1bado. Enviar curr\u00edculo com foto para: driferreirasemijoias@gmail.com<br \/>\n            <br \/>sinerhgiaempregos@gmail.com\n            <\/p>\n<p><strong>Compartilhe:<\/strong><\/p>\n<p>                <img data-recalc-dims=\"1\" loading=\"lazy\" decoding=\"async\" width=\"25\" height=\"25\" src=\"https:\/\/i0.wp.com\/francaclassificados.com\/\/source\/view\/img\/20w50.png?resize=25%2C25&#038;ssl=1\" alt=\"Imagem compartilhar whatsapp\"\/><\/p>\n<p>                <img data-recalc-dims=\"1\" loading=\"lazy\" decoding=\"async\" width=\"25\" height=\"25\" src=\"https:\/\/i0.wp.com\/francaclassificados.com\/\/source\/view\/img\/18w50.png?resize=25%2C25&#038;ssl=1\" alt=\"Imagem compartilhar facebook\"\/><\/p>\n<\/p><\/div>\n<div class=\"emp\">\n<p>\n            Contrata-se Auxiliar de pesponto para Trabalhar com cal\u00e7ados Femininos. Necess\u00e1rio possuir experi\u00eancia! Interessados enviar curr\u00edculo com o nome do cargo desejado para o e-mail pedidos.flordapele@gmail.com - WhatsApp (16)99230-2561 ou trazer na Avenida Jos\u00e9 Rodrigues da Costa Sobrinho 2081 JD Petraglia.<br \/>\n            <br \/>sinerhgiaempregos@gmail.com\n            <\/p>\n<p><strong>Compartilhe:<\/strong><\/p>\n<p>                <img data-recalc-dims=\"1\" loading=\"lazy\" decoding=\"async\" width=\"25\" height=\"25\" src=\"https:\/\/i0.wp.com\/francaclassificados.com\/\/source\/view\/img\/20w50.png?resize=25%2C25&#038;ssl=1\" alt=\"Imagem compartilhar whatsapp\"\/><\/p>\n<p>                <img data-recalc-dims=\"1\" loading=\"lazy\" decoding=\"async\" width=\"25\" height=\"25\" src=\"https:\/\/i0.wp.com\/francaclassificados.com\/\/source\/view\/img\/18w50.png?resize=25%2C25&#038;ssl=1\" alt=\"Imagem compartilhar facebook\"\/><\/p>\n<\/p><\/div>\n<p>    <script async=\"\" src=\"https:\/\/pagead2.googlesyndication.com\/pagead\/js\/adsbygoogle.js?client=ca-pub-2853392113352629\" crossorigin=\"anonymous\"\/>\n    <ins class=\"adsbygoogle\" style=\"display:block\" data-ad-client=\"ca-pub-2853392113352629\" data-ad-slot=\"2925831803\" data-ad-format=\"auto\" data-full-width-responsive=\"true\"\/>\n    <script><![CDATA[\n    (adsbygoogle = window.adsbygoogle || []).push({});\n    ]]><\/script><\/p>\n<div class=\"emp\">\n<p>\n            Marketing e Auxiliar Geral<br \/>Conhecer e dominar sobre: Cria\u00e7\u00e3o de sites, edi\u00e7\u00e3o de fotos e v\u00eddeos, no\u00e7\u00f5es de tr\u00e1fego pago (meta, google, analytics), redes sociais, facilidade com planilhas. Segunda a sexta. Sal\u00e1rio + benef\u00edcios. Enviar APRESENTA\u00c7\u00c3O e CURR\u00cdCULO por email: vaga.24horas@gmail.com Obrigat\u00f3rio informar o assunto \"MARKETING\" (se n\u00e3o ser\u00e1 desconsiderado)<br \/>\n            <br \/>sinerhgiaempregos@gmail.com\n            <\/p>\n<p><strong>Compartilhe:<\/strong><\/p>\n<p>                <img data-recalc-dims=\"1\" loading=\"lazy\" decoding=\"async\" width=\"25\" height=\"25\" src=\"https:\/\/i0.wp.com\/francaclassificados.com\/\/source\/view\/img\/20w50.png?resize=25%2C25&#038;ssl=1\" alt=\"Imagem compartilhar whatsapp\"\/><\/p>\n<p>                <img data-recalc-dims=\"1\" loading=\"lazy\" decoding=\"async\" width=\"25\" height=\"25\" src=\"https:\/\/i0.wp.com\/francaclassificados.com\/\/source\/view\/img\/18w50.png?resize=25%2C25&#038;ssl=1\" alt=\"Imagem compartilhar facebook\"\/><\/p>\n<\/p><\/div>\n<div class=\"emp\">\n<p>\n            SUPORTE ATENDIMENTO PRESENCIAL E ONLINE<br \/>CONTRATA-SE PESSOA PARA AUXILIAR NA RECEP\u00c7\u00c3O E PRESTAR O SUPORTE DURANTE OS ATENDIMENTOS ONLINE E AUDI\u00caNCIAS. AMBIENTE FORMAL. PREFER\u00caNCIA PELO SEXO FEMININO. EXIGE-SE BOA COMUNICA\u00c7\u00c3O VERBAL E ESCRITA, E CONHECIMENTOS B\u00c1SICOS DE INFORM\u00c1TICA. Enviar curr\u00edculo para:<br \/>\n            <br \/>eliane.contratacaoescritorio@gmail.com<br \/>\n            <br \/>sinerhgiaempregos@gmail.com\n            <\/p>\n<p><strong>Compartilhe:<\/strong><\/p>\n<p>                <img data-recalc-dims=\"1\" loading=\"lazy\" decoding=\"async\" width=\"25\" height=\"25\" src=\"https:\/\/i0.wp.com\/francaclassificados.com\/\/source\/view\/img\/20w50.png?resize=25%2C25&#038;ssl=1\" alt=\"Imagem compartilhar whatsapp\"\/><\/p>\n<p>                <img data-recalc-dims=\"1\" loading=\"lazy\" decoding=\"async\" width=\"25\" height=\"25\" src=\"https:\/\/i0.wp.com\/francaclassificados.com\/\/source\/view\/img\/18w50.png?resize=25%2C25&#038;ssl=1\" alt=\"Imagem compartilhar facebook\"\/><\/p>\n<\/p><\/div>\n<p>    <script async=\"\" src=\"https:\/\/pagead2.googlesyndication.com\/pagead\/js\/adsbygoogle.js?client=ca-pub-2853392113352629\" crossorigin=\"anonymous\"\/>\n    <ins class=\"adsbygoogle\" style=\"display:block\" data-ad-client=\"ca-pub-2853392113352629\" data-ad-slot=\"2925831803\" data-ad-format=\"auto\" data-full-width-responsive=\"true\"\/>\n    <script><![CDATA[\n    (adsbygoogle = window.adsbygoogle || []).push({});\n    ]]><\/script><\/p>\n<div class=\"emp\">\n<p>\n            ATENDENTE DE FRIOS<br \/>VAGA \u00c0 VISTA! Estamos em busca de pessoas destemidas para se juntar \u00e0 nossa equipe de frios! Se voc\u00ea manda bem na fatia\u00e7\u00e3o, organiza\u00e7\u00e3o e exposi\u00e7\u00e3o da vitrine, e ainda sabe montar t\u00e1buas como um verdadeiro artista, essa \u00e9 a sua chance! Oferecemos um sal\u00e1rio de R$1747,78 + vale alimenta\u00e7\u00e3o + banco de horas + pr\u00eamios por metas alcan\u00e7adas e, se precisar, vale transporte tamb\u00e9m! Os hor\u00e1rios s\u00e3o de segunda a sexta das 09:00 \u00e0s 18:30 e s\u00e1bados das 09:00 \u00e0s 16:00.<br \/>\n            <br \/>emporioseucaju1@gmail.com<br \/>\n            <br \/>sinerhgiaempregos@gmail.com\n            <\/p>\n<p><strong>Compartilhe:<\/strong><\/p>\n<p>                <img data-recalc-dims=\"1\" loading=\"lazy\" decoding=\"async\" width=\"25\" height=\"25\" src=\"https:\/\/i0.wp.com\/francaclassificados.com\/\/source\/view\/img\/20w50.png?resize=25%2C25&#038;ssl=1\" alt=\"Imagem compartilhar whatsapp\"\/><\/p>\n<p>                <img data-recalc-dims=\"1\" loading=\"lazy\" decoding=\"async\" width=\"25\" height=\"25\" src=\"https:\/\/i0.wp.com\/francaclassificados.com\/\/source\/view\/img\/18w50.png?resize=25%2C25&#038;ssl=1\" alt=\"Imagem compartilhar facebook\"\/><\/p>\n<\/p><\/div>\n<div class=\"emp\">\n<p>\n            Recepcionista e Vendedora Boutique-Emplea<br \/>Vagas para recepcionista empresa de Piscinas que vai agendar atendimentos, realizar atendimento telef\u00f4nico e via zap com os nossos clientes. Empresa localizada proximo ao Primo Meneghetti com hor\u00e1rio de seg a sexta 9h-18h e sab 9h-13h (CLT+Vale Alimenta\u00e7\u00e3o e Vale transporte). Vagas para Vendedora de loja de roupas de luxo. Vai realizar atendimento a clientes e auxiliar na organiza\u00e7\u00e3o da loja localizada proximo a Major Nic\u00e1cio.<br \/>\n            <br \/>rhdequalidade@gmail.com<br \/>\n            <br \/>sinerhgiaempregos@gmail.com\n            <\/p>\n<p><strong>Compartilhe:<\/strong><\/p>\n<p>                <img data-recalc-dims=\"1\" loading=\"lazy\" decoding=\"async\" width=\"25\" height=\"25\" src=\"https:\/\/i0.wp.com\/francaclassificados.com\/\/source\/view\/img\/20w50.png?resize=25%2C25&#038;ssl=1\" alt=\"Imagem compartilhar whatsapp\"\/><\/p>\n<p>                <img data-recalc-dims=\"1\" loading=\"lazy\" decoding=\"async\" width=\"25\" height=\"25\" src=\"https:\/\/i0.wp.com\/francaclassificados.com\/\/source\/view\/img\/18w50.png?resize=25%2C25&#038;ssl=1\" alt=\"Imagem compartilhar facebook\"\/><\/p>\n<\/p><\/div>\n<p>    <script async=\"\" src=\"https:\/\/pagead2.googlesyndication.com\/pagead\/js\/adsbygoogle.js?client=ca-pub-2853392113352629\" crossorigin=\"anonymous\"\/>\n    <ins class=\"adsbygoogle\" style=\"display:block\" data-ad-client=\"ca-pub-2853392113352629\" data-ad-slot=\"2925831803\" data-ad-format=\"auto\" data-full-width-responsive=\"true\"\/>\n    <script><![CDATA[\n    (adsbygoogle = window.adsbygoogle || []).push({});\n    ]]><\/script><\/p>\n<div class=\"emp\">\n<p>\n            Auxiliar de Cozinha<br \/>Contrata-se auxiliar de cozinha, periodo noturno. procuramos pessoas dedicadas para realizar certa tarefa, e com disponibilidade de horario. (Salario base da Categoria + Vale Transporte + Vale Alimenta\u00e7\u00e3o + Adicional noturno) mais beneficios extras. enviar curriculo somente as pessoas que realmente, queira trabalhar!<br \/>\n            <br \/>granroquehamburgueria@hotmail.com<br \/>\n            <br \/>sinerhgiaempregos@gmail.com\n            <\/p>\n<p><strong>Compartilhe:<\/strong><\/p>\n<p>                <img data-recalc-dims=\"1\" loading=\"lazy\" decoding=\"async\" width=\"25\" height=\"25\" src=\"https:\/\/i0.wp.com\/francaclassificados.com\/\/source\/view\/img\/20w50.png?resize=25%2C25&#038;ssl=1\" alt=\"Imagem compartilhar whatsapp\"\/><\/p>\n<p>                <img data-recalc-dims=\"1\" loading=\"lazy\" decoding=\"async\" width=\"25\" height=\"25\" src=\"https:\/\/i0.wp.com\/francaclassificados.com\/\/source\/view\/img\/18w50.png?resize=25%2C25&#038;ssl=1\" alt=\"Imagem compartilhar facebook\"\/><\/p>\n<\/p><\/div>\n<div class=\"emp\">\n<p>\n            Estoquista N\u00edvel 1<br \/>Buscamos profissional proativo, organizado, respons\u00e1vel e com esp\u00edrito de equipe. Realizar invent\u00e1rios, relat\u00f3rios, receber e armazenar produtos recebidos; prestar assist\u00eancia durante carga e descarga; endere\u00e7ar produtos; lan\u00e7ar entradas e sa\u00eddas; separar e montar mercadorias; auxiliar com limpeza e a manuten\u00e7\u00e3o do local. Oferecemos sal\u00e1rio compat\u00edvel com a fun\u00e7\u00e3o, plano odontol\u00f3gico, cart\u00e3o alimenta\u00e7\u00e3o e crescimento profissional.<br \/>\n            <br \/>equipe@faunaeflora.com.br<br \/>\n            <br \/>sinerhgiaempregos@gmail.com\n            <\/p>\n<p><strong>Compartilhe:<\/strong><\/p>\n<p>                <img data-recalc-dims=\"1\" loading=\"lazy\" decoding=\"async\" width=\"25\" height=\"25\" src=\"https:\/\/i0.wp.com\/francaclassificados.com\/\/source\/view\/img\/20w50.png?resize=25%2C25&#038;ssl=1\" alt=\"Imagem compartilhar whatsapp\"\/><\/p>\n<p>                <img data-recalc-dims=\"1\" loading=\"lazy\" decoding=\"async\" width=\"25\" height=\"25\" src=\"https:\/\/i0.wp.com\/francaclassificados.com\/\/source\/view\/img\/18w50.png?resize=25%2C25&#038;ssl=1\" alt=\"Imagem compartilhar facebook\"\/><\/p>\n<\/p><\/div>\n<p>    <script async=\"\" src=\"https:\/\/pagead2.googlesyndication.com\/pagead\/js\/adsbygoogle.js?client=ca-pub-2853392113352629\" crossorigin=\"anonymous\"\/>\n    <ins class=\"adsbygoogle\" style=\"display:block\" data-ad-client=\"ca-pub-2853392113352629\" data-ad-slot=\"2925831803\" data-ad-format=\"auto\" data-full-width-responsive=\"true\"\/>\n    <script><![CDATA[\n    (adsbygoogle = window.adsbygoogle || []).push({});\n    ]]><\/script><\/p>\n<div class=\"emp\">\n<p>\n            AUXILIAR DE AGENTE FUNER\u00c1RIO<br \/>Para trabalhar no Memorial Nova Franca. Fazer atendimento ao cliente, remo\u00e7\u00e3o, prepara\u00e7\u00e3o, translado. Requisitos: Ensino m\u00e9dio completo, motorista experiente, \u00f3tima comunica\u00e7\u00e3o verbal e escrita, habilidade com computador, disponibilidade de hor\u00e1rio. Hor\u00e1rio rotativo por escala. Oferecemos: Treinamento, vale transporte, cesta b\u00e1sica, conv\u00eanio farm\u00e1cia, seguro de vida, quadri\u00eanio, cart\u00e3o de cr\u00e9dito. Interessados enviar curr\u00edculo para o e-mail: processonfseletivo@gmail.com<br \/>\n            <br \/>sinerhgiaempregos@gmail.com\n            <\/p>\n<p><strong>Compartilhe:<\/strong><\/p>\n<p>                <img data-recalc-dims=\"1\" loading=\"lazy\" decoding=\"async\" width=\"25\" height=\"25\" src=\"https:\/\/i0.wp.com\/francaclassificados.com\/\/source\/view\/img\/20w50.png?resize=25%2C25&#038;ssl=1\" alt=\"Imagem compartilhar whatsapp\"\/><\/p>\n<p>                <img data-recalc-dims=\"1\" loading=\"lazy\" decoding=\"async\" width=\"25\" height=\"25\" src=\"https:\/\/i0.wp.com\/francaclassificados.com\/\/source\/view\/img\/18w50.png?resize=25%2C25&#038;ssl=1\" alt=\"Imagem compartilhar facebook\"\/><\/p>\n<\/p><\/div>\n<div class=\"emp\">\n<p>\n            GERENTE DE LOJA\/CONSULTORA LOJA SHOPPING<br \/>VAGA PARA LOJA DE MODA FITNESS EM FRANCA SHOPPING: GERENTE DE VENDAS EM LOJA: atua\u00e7\u00e3o com metodologia em vendas, se identificar com moda fitness, foco em resultados e metas. CONSULTORA DE LOJA: vendedora em loja fitness, experi\u00eancia em vendas, foco em resultados e metas, dinamismo, organiza\u00e7\u00e3o e boa comunica\u00e7\u00e3o. Enviar curr\u00edculo com a sigla Ger (cargo de gerencia) ou com sigla CONS(cargo de vendedora(o) no e-mail: dprhlarulp@gmail.com<br \/>\n            <br \/>sinerhgiaempregos@gmail.com\n            <\/p>\n<p><strong>Compartilhe:<\/strong><\/p>\n<p>                <img data-recalc-dims=\"1\" loading=\"lazy\" decoding=\"async\" width=\"25\" height=\"25\" src=\"https:\/\/i0.wp.com\/francaclassificados.com\/\/source\/view\/img\/20w50.png?resize=25%2C25&#038;ssl=1\" alt=\"Imagem compartilhar whatsapp\"\/><\/p>\n<p>                <img data-recalc-dims=\"1\" loading=\"lazy\" decoding=\"async\" width=\"25\" height=\"25\" src=\"https:\/\/i0.wp.com\/francaclassificados.com\/\/source\/view\/img\/18w50.png?resize=25%2C25&#038;ssl=1\" alt=\"Imagem compartilhar facebook\"\/><\/p>\n<\/p><\/div>\n<p>    <script async=\"\" src=\"https:\/\/pagead2.googlesyndication.com\/pagead\/js\/adsbygoogle.js?client=ca-pub-2853392113352629\" crossorigin=\"anonymous\"\/>\n    <ins class=\"adsbygoogle\" style=\"display:block\" data-ad-client=\"ca-pub-2853392113352629\" data-ad-slot=\"2925831803\" data-ad-format=\"auto\" data-full-width-responsive=\"true\"\/>\n    <script><![CDATA[\n    (adsbygoogle = window.adsbygoogle || []).push({});\n    ]]><\/script><\/p>\n<div class=\"emp\">\n<p>\n            Empresa de Produtos Naturais, contrata VENDEDOR(A). Possuir experi\u00eancia como vendedor no com\u00e9rcio. Ser comunicativo(a), proativo(a), foco em resultados. Se identificar com a \u00e1rea de produtos naturais. Sal\u00e1rio + Comiss\u00e3o sobre vendas + Vale Alimenta\u00e7\u00e3o. Disponibilidade de hor\u00e1rio. Email: recrutafranca2019@gmail.com<br \/>\n            <br \/>sinerhgiaempregos@gmail.com\n            <\/p>\n<p><strong>Compartilhe:<\/strong><\/p>\n<p>                <img data-recalc-dims=\"1\" loading=\"lazy\" decoding=\"async\" width=\"25\" height=\"25\" src=\"https:\/\/i0.wp.com\/francaclassificados.com\/\/source\/view\/img\/20w50.png?resize=25%2C25&#038;ssl=1\" alt=\"Imagem compartilhar whatsapp\"\/><\/p>\n<p>                <img data-recalc-dims=\"1\" loading=\"lazy\" decoding=\"async\" width=\"25\" height=\"25\" src=\"https:\/\/i0.wp.com\/francaclassificados.com\/\/source\/view\/img\/18w50.png?resize=25%2C25&#038;ssl=1\" alt=\"Imagem compartilhar facebook\"\/><\/p>\n<\/p><\/div>\n<div class=\"emp\">\n<p>\n            AUXILIAR DE PADEIRO SALARIO R$ 2.300,00<br \/>COM OU SEM EXPERIENCIA EM MANIPULA\u00c7\u00c3O DE ALIMENTOS,PARA TRABALHAR DAS 13:40 AS 22:00, SEXO MASCULINO. INTERESSADOS EM CRESCER E SE DESENVOLVER NA PROFISS\u00c3O, MAIOR DE 18 INTERESSADOS ENVIAR CURR\u00cdCULO PARA rhpadariafranca@gmail.com<br \/>\n            <br \/>sinerhgiaempregos@gmail.com\n            <\/p>\n<p><strong>Compartilhe:<\/strong><\/p>\n<p>                <img data-recalc-dims=\"1\" loading=\"lazy\" decoding=\"async\" width=\"25\" height=\"25\" src=\"https:\/\/i0.wp.com\/francaclassificados.com\/\/source\/view\/img\/20w50.png?resize=25%2C25&#038;ssl=1\" alt=\"Imagem compartilhar whatsapp\"\/><\/p>\n<p>                <img data-recalc-dims=\"1\" loading=\"lazy\" decoding=\"async\" width=\"25\" height=\"25\" src=\"https:\/\/i0.wp.com\/francaclassificados.com\/\/source\/view\/img\/18w50.png?resize=25%2C25&#038;ssl=1\" alt=\"Imagem compartilhar facebook\"\/><\/p>\n<\/p><\/div>\n<p>    <script async=\"\" src=\"https:\/\/pagead2.googlesyndication.com\/pagead\/js\/adsbygoogle.js?client=ca-pub-2853392113352629\" crossorigin=\"anonymous\"\/>\n    <ins class=\"adsbygoogle\" style=\"display:block\" data-ad-client=\"ca-pub-2853392113352629\" data-ad-slot=\"2925831803\" data-ad-format=\"auto\" data-full-width-responsive=\"true\"\/>\n    <script><![CDATA[\n    (adsbygoogle = window.adsbygoogle || []).push({});\n    ]]><\/script><\/p>\n<div class=\"emp\">\n<p>\n            ENCARREGADO DE CORTE<br \/>Ind\u00fastria de Cal\u00e7ados contrata para in\u00edcio imediato ENCARREGADO DE CORTE. Necess\u00e1rio experi\u00eancia em corte automatizado. Enviar curr\u00edculo para: selecaocalcadosfranca@gmail.com<br \/>\n            <br \/>sinerhgiaempregos@gmail.com\n            <\/p>\n<p><strong>Compartilhe:<\/strong><\/p>\n<p>                <img data-recalc-dims=\"1\" loading=\"lazy\" decoding=\"async\" width=\"25\" height=\"25\" src=\"https:\/\/i0.wp.com\/francaclassificados.com\/\/source\/view\/img\/20w50.png?resize=25%2C25&#038;ssl=1\" alt=\"Imagem compartilhar whatsapp\"\/><\/p>\n<p>                <img data-recalc-dims=\"1\" loading=\"lazy\" decoding=\"async\" width=\"25\" height=\"25\" src=\"https:\/\/i0.wp.com\/francaclassificados.com\/\/source\/view\/img\/18w50.png?resize=25%2C25&#038;ssl=1\" alt=\"Imagem compartilhar facebook\"\/><\/p>\n<\/p><\/div>\n<div class=\"emp\">\n<p>\n            Consultor(a) de vendas<br \/>Contrata consultora de vendas que seja comunicativa, goste de lidar com p\u00fablico e metas, per\u00edodo tarde e noite - Curr\u00edculos para o whatsapp: 16 99249-6464 Poliana (gerente de vendas)<br \/>\n            <br \/>sinerhgiaempregos@gmail.com\n            <\/p>\n<p><strong>Compartilhe:<\/strong><\/p>\n<p>                <img data-recalc-dims=\"1\" loading=\"lazy\" decoding=\"async\" width=\"25\" height=\"25\" src=\"https:\/\/i0.wp.com\/francaclassificados.com\/\/source\/view\/img\/20w50.png?resize=25%2C25&#038;ssl=1\" alt=\"Imagem compartilhar whatsapp\"\/><\/p>\n<p>                <img data-recalc-dims=\"1\" loading=\"lazy\" decoding=\"async\" width=\"25\" height=\"25\" src=\"https:\/\/i0.wp.com\/francaclassificados.com\/\/source\/view\/img\/18w50.png?resize=25%2C25&#038;ssl=1\" alt=\"Imagem compartilhar facebook\"\/><\/p>\n<\/p><\/div>\n<p>    <script async=\"\" src=\"https:\/\/pagead2.googlesyndication.com\/pagead\/js\/adsbygoogle.js?client=ca-pub-2853392113352629\" crossorigin=\"anonymous\"\/>\n    <ins class=\"adsbygoogle\" style=\"display:block\" data-ad-client=\"ca-pub-2853392113352629\" data-ad-slot=\"2925831803\" data-ad-format=\"auto\" data-full-width-responsive=\"true\"\/>\n    <script><![CDATA[\n    (adsbygoogle = window.adsbygoogle || []).push({});\n    ]]><\/script><\/p>\n<div class=\"emp\">\n<p>\n            ESTAGIARIA DE EDUCA\u00c7\u00c3O FISICA<br \/>Contrata-se Estagiaria (o) de Educa\u00e7\u00e3o f\u00edsica . Interessados enviar curr\u00edculo para: curriculovagasf1@gmail.com com assunto da vaga<br \/>\n            <br \/>sinerhgiaempregos@gmail.com\n            <\/p>\n<p><strong>Compartilhe:<\/strong><\/p>\n<p>                <img data-recalc-dims=\"1\" loading=\"lazy\" decoding=\"async\" width=\"25\" height=\"25\" src=\"https:\/\/i0.wp.com\/francaclassificados.com\/\/source\/view\/img\/20w50.png?resize=25%2C25&#038;ssl=1\" alt=\"Imagem compartilhar whatsapp\"\/><\/p>\n<p>                <img data-recalc-dims=\"1\" loading=\"lazy\" decoding=\"async\" width=\"25\" height=\"25\" src=\"https:\/\/i0.wp.com\/francaclassificados.com\/\/source\/view\/img\/18w50.png?resize=25%2C25&#038;ssl=1\" alt=\"Imagem compartilhar facebook\"\/><\/p>\n<\/p><\/div>\n<div class=\"emp\">\n<p>\n            Marketing<br \/>Empresa de j\u00f3ias em prata disponibiliza 1 vaga para assistente de marketing! A partir de 20 anos n\u00e3o \u00e9 necess\u00e1rio experi\u00eancia, que tenha interesse e conhecimento por moda, seja dedicada, pr\u00f3 ativa, comunicativa e saiba trabalhar com m\u00eddias sociais. De segunda \u00e1 sexta das 08h \u00e1s 18h Interessadas enviar curr\u00edculo com foto para: dpmichellestorti@gmail.com<br \/>\n            <br \/>sinerhgiaempregos@gmail.com\n            <\/p>\n<p><strong>Compartilhe:<\/strong><\/p>\n<p>                <img data-recalc-dims=\"1\" loading=\"lazy\" decoding=\"async\" width=\"25\" height=\"25\" src=\"https:\/\/i0.wp.com\/francaclassificados.com\/\/source\/view\/img\/20w50.png?resize=25%2C25&#038;ssl=1\" alt=\"Imagem compartilhar whatsapp\"\/><\/p>\n<p>                <img data-recalc-dims=\"1\" loading=\"lazy\" decoding=\"async\" width=\"25\" height=\"25\" src=\"https:\/\/i0.wp.com\/francaclassificados.com\/\/source\/view\/img\/18w50.png?resize=25%2C25&#038;ssl=1\" alt=\"Imagem compartilhar facebook\"\/><\/p>\n<\/p><\/div>\n<p>    <script async=\"\" src=\"https:\/\/pagead2.googlesyndication.com\/pagead\/js\/adsbygoogle.js?client=ca-pub-2853392113352629\" crossorigin=\"anonymous\"\/>\n    <ins class=\"adsbygoogle\" style=\"display:block\" data-ad-client=\"ca-pub-2853392113352629\" data-ad-slot=\"2925831803\" data-ad-format=\"auto\" data-full-width-responsive=\"true\"\/>\n    <script><![CDATA[\n    (adsbygoogle = window.adsbygoogle || []).push({});\n    ]]><\/script><\/p>\n<div class=\"emp\">\n<p>\n            QUIMICA-Colorista\/ Aux.Produ\u00e7\u00e3o \/Pesador<br \/>Sexo MASCULINO Acima 20 anos Sal\u00e1rio: DA CATEGORIA Organizado \/ Pro Ativo \/ Disciplinado \/ EXPERIENCIA NA AREA SER\u00c1 UM DIFERENCIAL Enviar curriculum com foto e cargo para: franca.recruta24@gmail.com<br \/>\n            <br \/>sinerhgiaempregos@gmail.com\n            <\/p>\n<p><strong>Compartilhe:<\/strong><\/p>\n<p>                <img data-recalc-dims=\"1\" loading=\"lazy\" decoding=\"async\" width=\"25\" height=\"25\" src=\"https:\/\/i0.wp.com\/francaclassificados.com\/\/source\/view\/img\/20w50.png?resize=25%2C25&#038;ssl=1\" alt=\"Imagem compartilhar whatsapp\"\/><\/p>\n<p>                <img data-recalc-dims=\"1\" loading=\"lazy\" decoding=\"async\" width=\"25\" height=\"25\" src=\"https:\/\/i0.wp.com\/francaclassificados.com\/\/source\/view\/img\/18w50.png?resize=25%2C25&#038;ssl=1\" alt=\"Imagem compartilhar facebook\"\/><\/p>\n<\/p><\/div>\n<div class=\"emp\">\n<p>\n            Ajudante geral - TRANSPORTADORA<br \/>Vaga INTERNA, para in\u00edcio imediato, carga e descarga de mercadorias de ecommerce. Remunera\u00e7\u00e3o: piso salarial 1.657,62 + vale alimenta\u00e7\u00e3o 250,43 + conv\u00eanio odontol\u00f3gico. Jornada de Seg a Sex (12:00 \u00e0s 22:18). Entrar em contato SOMENTE POR WHATSAPP, se houver REAL INTERESSE pela vaga e disponibilidade para inicio imediato 16 99246-0668<br \/>\n            <br \/>sinerhgiaempregos@gmail.com\n            <\/p>\n<p><strong>Compartilhe:<\/strong><\/p>\n<p>                <img data-recalc-dims=\"1\" loading=\"lazy\" decoding=\"async\" width=\"25\" height=\"25\" src=\"https:\/\/i0.wp.com\/francaclassificados.com\/\/source\/view\/img\/20w50.png?resize=25%2C25&#038;ssl=1\" alt=\"Imagem compartilhar whatsapp\"\/><\/p>\n<p>                <img data-recalc-dims=\"1\" loading=\"lazy\" decoding=\"async\" width=\"25\" height=\"25\" src=\"https:\/\/i0.wp.com\/francaclassificados.com\/\/source\/view\/img\/18w50.png?resize=25%2C25&#038;ssl=1\" alt=\"Imagem compartilhar facebook\"\/><\/p>\n<\/p><\/div>\n<p>    <script async=\"\" src=\"https:\/\/pagead2.googlesyndication.com\/pagead\/js\/adsbygoogle.js?client=ca-pub-2853392113352629\" crossorigin=\"anonymous\"\/>\n    <ins class=\"adsbygoogle\" style=\"display:block\" data-ad-client=\"ca-pub-2853392113352629\" data-ad-slot=\"2925831803\" data-ad-format=\"auto\" data-full-width-responsive=\"true\"\/>\n    <script><![CDATA[\n    (adsbygoogle = window.adsbygoogle || []).push({});\n    ]]><\/script><\/p>\n<div class=\"emp\">\n<p>\n            Consultor Imobiliario PJ<br \/>Buscamos Consultores Imobiliarios - com ou sem experi\u00eancia. Responsavel Capta\u00e7\u00e3o de novos clientes; Alimentar o CRM; Realizar v\u00eddeos e fotos dos im\u00f3veis para as redes sociais;- Beneficios: Comiss\u00f5es agressivas; Treinamento e Desenvolvimento; + de 1.000 im\u00f3veis em carteria; Acesso ao Gympass, Espa\u00e7o f\u00edsico completo, localizada na principal av. de Franca - Paulo IV. Interessados, entre em contato conosco atrav\u00e9s do nosso WhatsApp: 16 99646-7653<br \/>\n            <br \/>sinerhgiaempregos@gmail.com\n            <\/p>\n<p><strong>Compartilhe:<\/strong><\/p>\n<p>                <img data-recalc-dims=\"1\" loading=\"lazy\" decoding=\"async\" width=\"25\" height=\"25\" src=\"https:\/\/i0.wp.com\/francaclassificados.com\/\/source\/view\/img\/20w50.png?resize=25%2C25&#038;ssl=1\" alt=\"Imagem compartilhar whatsapp\"\/><\/p>\n<p>                <img data-recalc-dims=\"1\" loading=\"lazy\" decoding=\"async\" width=\"25\" height=\"25\" src=\"https:\/\/i0.wp.com\/francaclassificados.com\/\/source\/view\/img\/18w50.png?resize=25%2C25&#038;ssl=1\" alt=\"Imagem compartilhar facebook\"\/><\/p>\n<\/p><\/div>\n<div class=\"emp\">\n<p>\n            AUXILIAR DE PRODU\u00c7\u00c3O<br \/>CONTRATA SE AUXILIAR DE PRODU\u00c7\u00c3O - INTERESSADOS ENVIAR CURRICULO NO SEGUINTE E-MAIL contato.empresafranca@gmail.com<br \/>\n            <br \/>sinerhgiaempregos@gmail.com\n            <\/p>\n<p><strong>Compartilhe:<\/strong><\/p>\n<p>                <img data-recalc-dims=\"1\" loading=\"lazy\" decoding=\"async\" width=\"25\" height=\"25\" src=\"https:\/\/i0.wp.com\/francaclassificados.com\/\/source\/view\/img\/20w50.png?resize=25%2C25&#038;ssl=1\" alt=\"Imagem compartilhar whatsapp\"\/><\/p>\n<p>                <img data-recalc-dims=\"1\" loading=\"lazy\" decoding=\"async\" width=\"25\" height=\"25\" src=\"https:\/\/i0.wp.com\/francaclassificados.com\/\/source\/view\/img\/18w50.png?resize=25%2C25&#038;ssl=1\" alt=\"Imagem compartilhar facebook\"\/><\/p>\n<\/p><\/div>\n<p>    <script async=\"\" src=\"https:\/\/pagead2.googlesyndication.com\/pagead\/js\/adsbygoogle.js?client=ca-pub-2853392113352629\" crossorigin=\"anonymous\"\/>\n    <ins class=\"adsbygoogle\" style=\"display:block\" data-ad-client=\"ca-pub-2853392113352629\" data-ad-slot=\"2925831803\" data-ad-format=\"auto\" data-full-width-responsive=\"true\"\/>\n    <script><![CDATA[\n    (adsbygoogle = window.adsbygoogle || []).push({});\n    ]]><\/script><\/p>\n<div class=\"emp\">\n<p>\n            Auxiliar de limpeza \u2013R$ 2.300,00<br \/>Experi\u00eancia anterior na \u00e1rea .Disponibilidade para trabalhar no hor\u00e1rio das 11:40 \u00e0s 20:00, segunda a s\u00e1bado. Sal\u00e1rio de R$ 2.300,00 + Vale transporte + Lanche no local. curr\u00edculo para rhpadariafranca@gmail.com<br \/>\n            <br \/>sinerhgiaempregos@gmail.com\n            <\/p>\n<p><strong>Compartilhe:<\/strong><\/p>\n<p>                <img data-recalc-dims=\"1\" loading=\"lazy\" decoding=\"async\" width=\"25\" height=\"25\" src=\"https:\/\/i0.wp.com\/francaclassificados.com\/\/source\/view\/img\/20w50.png?resize=25%2C25&#038;ssl=1\" alt=\"Imagem compartilhar whatsapp\"\/><\/p>\n<p>                <img data-recalc-dims=\"1\" loading=\"lazy\" decoding=\"async\" width=\"25\" height=\"25\" src=\"https:\/\/i0.wp.com\/francaclassificados.com\/\/source\/view\/img\/18w50.png?resize=25%2C25&#038;ssl=1\" alt=\"Imagem compartilhar facebook\"\/><\/p>\n<\/p><\/div>\n<div class=\"emp\">\n<p>\n            Auxiliar de Estoque<br \/>Contrata-se Auxiliar de Estoque. Atividades: Separar, embalar mercadorias e auxiliar no carregamento de caminh\u00f5es. Necess\u00e1rio ter disponibilidade de hor\u00e1rio. Hor\u00e1rio de trabalho de segunda a sexta-feira das 12h00 as 22h00. Interessados enviar curr\u00edculo no e-mail: vagasselecaofranca@gmail.com<br \/>\n            <br \/>sinerhgiaempregos@gmail.com\n            <\/p>\n<p><strong>Compartilhe:<\/strong><\/p>\n<p>                <img data-recalc-dims=\"1\" loading=\"lazy\" decoding=\"async\" width=\"25\" height=\"25\" src=\"https:\/\/i0.wp.com\/francaclassificados.com\/\/source\/view\/img\/20w50.png?resize=25%2C25&#038;ssl=1\" alt=\"Imagem compartilhar whatsapp\"\/><\/p>\n<p>                <img data-recalc-dims=\"1\" loading=\"lazy\" decoding=\"async\" width=\"25\" height=\"25\" src=\"https:\/\/i0.wp.com\/francaclassificados.com\/\/source\/view\/img\/18w50.png?resize=25%2C25&#038;ssl=1\" alt=\"Imagem compartilhar facebook\"\/><\/p>\n<\/p><\/div>\n<p>    <script async=\"\" src=\"https:\/\/pagead2.googlesyndication.com\/pagead\/js\/adsbygoogle.js?client=ca-pub-2853392113352629\" crossorigin=\"anonymous\"\/>\n    <ins class=\"adsbygoogle\" style=\"display:block\" data-ad-client=\"ca-pub-2853392113352629\" data-ad-slot=\"2925831803\" data-ad-format=\"auto\" data-full-width-responsive=\"true\"\/>\n    <script><![CDATA[\n    (adsbygoogle = window.adsbygoogle || []).push({});\n    ]]><\/script><\/p>\n<div class=\"emp\">\n<p>\n            ESTOQUISTA (LOJA DE TINTA)<br \/>CONTRATA-SE ESTOQUISTA DO SEXO MASCULINO, QUE SEJA AGIL,ORGANIZADO,QUE TENHA CARTEIRA DE MOTORISTA E ABILIDADE COM O COMPUTADOR.ENVIAR SEU CURRICULO NO WHATS ZAPP 16-99149-6166.<br \/>\n            <br \/>sinerhgiaempregos@gmail.com\n            <\/p>\n<p><strong>Compartilhe:<\/strong><\/p>\n<p>                <img data-recalc-dims=\"1\" loading=\"lazy\" decoding=\"async\" width=\"25\" height=\"25\" src=\"https:\/\/i0.wp.com\/francaclassificados.com\/\/source\/view\/img\/20w50.png?resize=25%2C25&#038;ssl=1\" alt=\"Imagem compartilhar whatsapp\"\/><\/p>\n<p>                <img data-recalc-dims=\"1\" loading=\"lazy\" decoding=\"async\" width=\"25\" height=\"25\" src=\"https:\/\/i0.wp.com\/francaclassificados.com\/\/source\/view\/img\/18w50.png?resize=25%2C25&#038;ssl=1\" alt=\"Imagem compartilhar facebook\"\/><\/p>\n<\/p><\/div>\n<div class=\"emp\">\n<p>\n            AUXILIAR DE ECOMMERCE<br \/>Admite-se AUXILIAR DE ECOMMERCE com experi\u00eancia na \u00e1rea, pr\u00e1tica com Excel e boa flu\u00eancia verbal e escrita. Sal\u00e1rio R$1900. Empresa localizada no Paulistano. Enviar curr\u00edculo para o Whatsapp 16-99286-9194<br \/>\n            <br \/>sinerhgiaempregos@gmail.com\n            <\/p>\n<p><strong>Compartilhe:<\/strong><\/p>\n<p>                <img data-recalc-dims=\"1\" loading=\"lazy\" decoding=\"async\" width=\"25\" height=\"25\" src=\"https:\/\/i0.wp.com\/francaclassificados.com\/\/source\/view\/img\/20w50.png?resize=25%2C25&#038;ssl=1\" alt=\"Imagem compartilhar whatsapp\"\/><\/p>\n<p>                <img data-recalc-dims=\"1\" loading=\"lazy\" decoding=\"async\" width=\"25\" height=\"25\" src=\"https:\/\/i0.wp.com\/francaclassificados.com\/\/source\/view\/img\/18w50.png?resize=25%2C25&#038;ssl=1\" alt=\"Imagem compartilhar facebook\"\/><\/p>\n<\/p><\/div>\n<p>    <script async=\"\" src=\"https:\/\/pagead2.googlesyndication.com\/pagead\/js\/adsbygoogle.js?client=ca-pub-2853392113352629\" crossorigin=\"anonymous\"\/>\n    <ins class=\"adsbygoogle\" style=\"display:block\" data-ad-client=\"ca-pub-2853392113352629\" data-ad-slot=\"2925831803\" data-ad-format=\"auto\" data-full-width-responsive=\"true\"\/>\n    <script><![CDATA[\n    (adsbygoogle = window.adsbygoogle || []).push({});\n    ]]><\/script><\/p>\n<div class=\"emp\">\n<p>\n            Estamos contratando pessoas que tenham trabalhado em bicicletaria, com manuten\u00e7\u00e3o e montagens de bicicletas. Para trabalhar na \u00e1rea de manuten\u00e7\u00e3o de equipamentos. Interessados enviar curr\u00edculo para o email: rh@naturalfitness.com.br<br \/>\n            <br \/>sinerhgiaempregos@gmail.com\n            <\/p>\n<p><strong>Compartilhe:<\/strong><\/p>\n<p>                <img data-recalc-dims=\"1\" loading=\"lazy\" decoding=\"async\" width=\"25\" height=\"25\" src=\"https:\/\/i0.wp.com\/francaclassificados.com\/\/source\/view\/img\/20w50.png?resize=25%2C25&#038;ssl=1\" alt=\"Imagem compartilhar whatsapp\"\/><\/p>\n<p>                <img data-recalc-dims=\"1\" loading=\"lazy\" decoding=\"async\" width=\"25\" height=\"25\" src=\"https:\/\/i0.wp.com\/francaclassificados.com\/\/source\/view\/img\/18w50.png?resize=25%2C25&#038;ssl=1\" alt=\"Imagem compartilhar facebook\"\/><\/p>\n<\/p><\/div>\n<div class=\"emp\">\n<p>\n            Auxiliar de cozinha<br \/>Realizara tarefa do dia a dia de uma cozinha, prepara\u00e7\u00e3o de alimentos, limpeza e organiza\u00e7\u00e3o do restaurante<br \/>spoletofranca@gmail.com<br \/>\n            <br \/>sinerhgiaempregos@gmail.com\n            <\/p>\n<p><strong>Compartilhe:<\/strong><\/p>\n<p>                <img data-recalc-dims=\"1\" loading=\"lazy\" decoding=\"async\" width=\"25\" height=\"25\" src=\"https:\/\/i0.wp.com\/francaclassificados.com\/\/source\/view\/img\/20w50.png?resize=25%2C25&#038;ssl=1\" alt=\"Imagem compartilhar whatsapp\"\/><\/p>\n<p>                <img data-recalc-dims=\"1\" loading=\"lazy\" decoding=\"async\" width=\"25\" height=\"25\" src=\"https:\/\/i0.wp.com\/francaclassificados.com\/\/source\/view\/img\/18w50.png?resize=25%2C25&#038;ssl=1\" alt=\"Imagem compartilhar facebook\"\/><\/p>\n<\/p><\/div>\n<p>    <script async=\"\" src=\"https:\/\/pagead2.googlesyndication.com\/pagead\/js\/adsbygoogle.js?client=ca-pub-2853392113352629\" crossorigin=\"anonymous\"\/>\n    <ins class=\"adsbygoogle\" style=\"display:block\" data-ad-client=\"ca-pub-2853392113352629\" data-ad-slot=\"2925831803\" data-ad-format=\"auto\" data-full-width-responsive=\"true\"\/>\n    <script><![CDATA[\n    (adsbygoogle = window.adsbygoogle || []).push({});\n    ]]><\/script><\/p>\n<div class=\"emp\">\n<p>\n            Contrata-se pessoa para comercial de e-commerce. REQUISITOS: Conhecimento comprovado das plataformas Mercado Livre, Shein, shopee. Saber editar imagens no Canva E Photoshop. Habilidade no pacote office. RESPONSABILIDADES: Ser criativo e proativo, criar estampas e fazer an\u00fancios nas plataformas, responder perguntas e atender clientes. Sal\u00e1rio a combinar. Contato somente por WhatsApp 16-988184749<br \/>\n            <br \/>sinerhgiaempregos@gmail.com\n            <\/p>\n<p><strong>Compartilhe:<\/strong><\/p>\n<p>                <img data-recalc-dims=\"1\" loading=\"lazy\" decoding=\"async\" width=\"25\" height=\"25\" src=\"https:\/\/i0.wp.com\/francaclassificados.com\/\/source\/view\/img\/20w50.png?resize=25%2C25&#038;ssl=1\" alt=\"Imagem compartilhar whatsapp\"\/><\/p>\n<p>                <img data-recalc-dims=\"1\" loading=\"lazy\" decoding=\"async\" width=\"25\" height=\"25\" src=\"https:\/\/i0.wp.com\/francaclassificados.com\/\/source\/view\/img\/18w50.png?resize=25%2C25&#038;ssl=1\" alt=\"Imagem compartilhar facebook\"\/><\/p>\n<\/p><\/div>\n<div class=\"emp\">\n<p>\n            ASSISTENTE OU PROFISSIONAL ECOMERCE<br \/>NECESSARIO CONHECIMENTO EM COMERCIO DIGITAL;CADASTRO DE PRODUTOS;PLATAFORMA BLING;IRROBA;IMARKETPLACES; SER PROATIVO, ORGANIZADO, IDEAL PARA QUEM QUER CRESCER.PLANO DE CARREIRA.DIFERENCIAL: JRTI. SEG A SEX, 7:00 AS 17:00. LOCAL : INICIO DISTRITO INDUSTRIAL ENVIAR: VENDADIGITALCOMERCE@GMAIL.COM<br \/>\n            <br \/>sinerhgiaempregos@gmail.com\n            <\/p>\n<p><strong>Compartilhe:<\/strong><\/p>\n<p>                <img data-recalc-dims=\"1\" loading=\"lazy\" decoding=\"async\" width=\"25\" height=\"25\" src=\"https:\/\/i0.wp.com\/francaclassificados.com\/\/source\/view\/img\/20w50.png?resize=25%2C25&#038;ssl=1\" alt=\"Imagem compartilhar whatsapp\"\/><\/p>\n<p>                <img data-recalc-dims=\"1\" loading=\"lazy\" decoding=\"async\" width=\"25\" height=\"25\" src=\"https:\/\/i0.wp.com\/francaclassificados.com\/\/source\/view\/img\/18w50.png?resize=25%2C25&#038;ssl=1\" alt=\"Imagem compartilhar facebook\"\/><\/p>\n<\/p><\/div>\n<p>    <script async=\"\" src=\"https:\/\/pagead2.googlesyndication.com\/pagead\/js\/adsbygoogle.js?client=ca-pub-2853392113352629\" crossorigin=\"anonymous\"\/>\n    <ins class=\"adsbygoogle\" style=\"display:block\" data-ad-client=\"ca-pub-2853392113352629\" data-ad-slot=\"2925831803\" data-ad-format=\"auto\" data-full-width-responsive=\"true\"\/>\n    <script><![CDATA[\n    (adsbygoogle = window.adsbygoogle || []).push({});\n    ]]><\/script><\/p>\n<div class=\"emp\">\n<p>\n            Auxiliar de E-Commerce<br \/>Precisa de Auxiliar de Ecommerce para editar fotos, publicar nas redex sociais e marketplaces, embalar pedidos etc. Estamos no Jd. \u00c2ngela Rosa. Mandar curriculo para curriculo_franca@hotmail.com.<br \/>\n            <br \/>sinerhgiaempregos@gmail.com\n            <\/p>\n<p><strong>Compartilhe:<\/strong><\/p>\n<p>                <img data-recalc-dims=\"1\" loading=\"lazy\" decoding=\"async\" width=\"25\" height=\"25\" src=\"https:\/\/i0.wp.com\/francaclassificados.com\/\/source\/view\/img\/20w50.png?resize=25%2C25&#038;ssl=1\" alt=\"Imagem compartilhar whatsapp\"\/><\/p>\n<p>                <img data-recalc-dims=\"1\" loading=\"lazy\" decoding=\"async\" width=\"25\" height=\"25\" src=\"https:\/\/i0.wp.com\/francaclassificados.com\/\/source\/view\/img\/18w50.png?resize=25%2C25&#038;ssl=1\" alt=\"Imagem compartilhar facebook\"\/><\/p>\n<\/p><\/div>\n<div class=\"emp\">\n<p>\n            Hotel contrata para as vagas abaixo: camareira\/camareiro e gar\u00e7on\/gar\u00e7onete Turno 6 as 14 ou 8 as 16. Maior de 18 anos. Disponibilidade de hor\u00e1rio incluindo finais de semana e feriados. Interessados enviar curr\u00edculo (com foto) por watts ZAP (16 99703-5922) ou entregar na rua General Os\u00f3rio,1034 das 9 as 16.<br \/>\n            <br \/>sinerhgiaempregos@gmail.com\n            <\/p>\n<p><strong>Compartilhe:<\/strong><\/p>\n<p>                <img data-recalc-dims=\"1\" loading=\"lazy\" decoding=\"async\" width=\"25\" height=\"25\" src=\"https:\/\/i0.wp.com\/francaclassificados.com\/\/source\/view\/img\/20w50.png?resize=25%2C25&#038;ssl=1\" alt=\"Imagem compartilhar whatsapp\"\/><\/p>\n<p>                <img data-recalc-dims=\"1\" loading=\"lazy\" decoding=\"async\" width=\"25\" height=\"25\" src=\"https:\/\/i0.wp.com\/francaclassificados.com\/\/source\/view\/img\/18w50.png?resize=25%2C25&#038;ssl=1\" alt=\"Imagem compartilhar facebook\"\/><\/p>\n<\/p><\/div>\n<p>    <script async=\"\" src=\"https:\/\/pagead2.googlesyndication.com\/pagead\/js\/adsbygoogle.js?client=ca-pub-2853392113352629\" crossorigin=\"anonymous\"\/>\n    <ins class=\"adsbygoogle\" style=\"display:block\" data-ad-client=\"ca-pub-2853392113352629\" data-ad-slot=\"2925831803\" data-ad-format=\"auto\" data-full-width-responsive=\"true\"\/>\n    <script><![CDATA[\n    (adsbygoogle = window.adsbygoogle || []).push({});\n    ]]><\/script><\/p>\n<div class=\"emp\">\n<p>\n            Auxiliar de Pedreiro \/ Servente<br \/>Buscamos profissional para trabalhar com instala\u00e7\u00e3o, opera\u00e7\u00e3o, montagem e manuten\u00e7\u00e3o de piscinas. Auxiliar na manuten\u00e7\u00e3o, reparos e montagem de instala\u00e7\u00f5es hidr\u00e1ulicas. Necess\u00e1rio conhecimento em instala\u00e7\u00e3o e manuten\u00e7\u00e3o hidr\u00e1ulica; manusear v\u00e1rias ferramentas simultaneamente com aten\u00e7\u00e3o; agilidade; boa comunica\u00e7\u00e3o. bom atendimento e grau de paci\u00eancia. Encaminhar curr\u00edculo com titulo \"Auxiliar\"<br \/>\n            <br \/>rh@viasolenergiasolar.com.br<br \/>\n            <br \/>sinerhgiaempregos@gmail.com\n            <\/p>\n<p><strong>Compartilhe:<\/strong><\/p>\n<p>                <img data-recalc-dims=\"1\" loading=\"lazy\" decoding=\"async\" width=\"25\" height=\"25\" src=\"https:\/\/i0.wp.com\/francaclassificados.com\/\/source\/view\/img\/20w50.png?resize=25%2C25&#038;ssl=1\" alt=\"Imagem compartilhar whatsapp\"\/><\/p>\n<p>                <img data-recalc-dims=\"1\" loading=\"lazy\" decoding=\"async\" width=\"25\" height=\"25\" src=\"https:\/\/i0.wp.com\/francaclassificados.com\/\/source\/view\/img\/18w50.png?resize=25%2C25&#038;ssl=1\" alt=\"Imagem compartilhar facebook\"\/><\/p>\n<\/p><\/div>\n<div class=\"emp\">\n<p>\n            CONSULTOR DE NEG\u00d3CIOS E ADM<br \/>Fun\u00e7\u00f5es:Participar da rotina do escrit\u00f3rio, executar e controlar planilhas, contabilizar documentos, comunicar-se com clientes e trabalhar em equipe. Procuramos candidatos proativos, organizados e adapt\u00e1veis, com conhecimento b\u00e1sico de inform\u00e1tica. Qualifica\u00e7\u00f5es:Cursando Cont\u00e1beis ou Adm. O que oferecemos: Est\u00e1gio: Remunera\u00e7\u00e3o, V.T - Vaga CLT: Sal\u00e1rio fixo, V.R, V.T. Interessados envie seu curr\u00edculo para:<br \/>\n            <br \/>mecontrata@audtax.com.br<br \/>\n            <br \/>sinerhgiaempregos@gmail.com\n            <\/p>\n<p><strong>Compartilhe:<\/strong><\/p>\n<p>                <img data-recalc-dims=\"1\" loading=\"lazy\" decoding=\"async\" width=\"25\" height=\"25\" src=\"https:\/\/i0.wp.com\/francaclassificados.com\/\/source\/view\/img\/20w50.png?resize=25%2C25&#038;ssl=1\" alt=\"Imagem compartilhar whatsapp\"\/><\/p>\n<p>                <img data-recalc-dims=\"1\" loading=\"lazy\" decoding=\"async\" width=\"25\" height=\"25\" src=\"https:\/\/i0.wp.com\/francaclassificados.com\/\/source\/view\/img\/18w50.png?resize=25%2C25&#038;ssl=1\" alt=\"Imagem compartilhar facebook\"\/><\/p>\n<\/p><\/div>\n<p>    <script async=\"\" src=\"https:\/\/pagead2.googlesyndication.com\/pagead\/js\/adsbygoogle.js?client=ca-pub-2853392113352629\" crossorigin=\"anonymous\"\/>\n    <ins class=\"adsbygoogle\" style=\"display:block\" data-ad-client=\"ca-pub-2853392113352629\" data-ad-slot=\"2925831803\" data-ad-format=\"auto\" data-full-width-responsive=\"true\"\/>\n    <script><![CDATA[\n    (adsbygoogle = window.adsbygoogle || []).push({});\n    ]]><\/script><\/p>\n<div class=\"emp\">\n<p>\n            PREPARADOR AUTOMOTIVO<br \/>VAGA PARA PREPARADOR AUTOMOTIVO ,PARA INICIO IMEDIATO .ENVIAR CURRICULUM RUA ANTONIO FERREIRA LIMA 2630 VL EUROPA OU 16 99122 4616 (WHATSAPP)<br \/>\n            <br \/>sinerhgiaempregos@gmail.com\n            <\/p>\n<p><strong>Compartilhe:<\/strong><\/p>\n<p>                <img data-recalc-dims=\"1\" loading=\"lazy\" decoding=\"async\" width=\"25\" height=\"25\" src=\"https:\/\/i0.wp.com\/francaclassificados.com\/\/source\/view\/img\/20w50.png?resize=25%2C25&#038;ssl=1\" alt=\"Imagem compartilhar whatsapp\"\/><\/p>\n<p>                <img data-recalc-dims=\"1\" loading=\"lazy\" decoding=\"async\" width=\"25\" height=\"25\" src=\"https:\/\/i0.wp.com\/francaclassificados.com\/\/source\/view\/img\/18w50.png?resize=25%2C25&#038;ssl=1\" alt=\"Imagem compartilhar facebook\"\/><\/p>\n<\/p><\/div>\n<div class=\"emp\">\n<p>\n            CONTRATA-SE PARA F\u00c1BRICA DE CAL\u00c7ADOS MASCULINOS: ESPIANADOR, ENFUMA\u00c7ADOR E AUXILIAR ADMINISTRATIVA (COM EXPERI\u00caNCIA EM FATURAMENTO). ENVIAR CURR\u00cdCULO PARA O E-MAIL: curriculosfrancasp@hotmail.com<br \/>\n            <br \/>sinerhgiaempregos@gmail.com\n            <\/p>\n<p><strong>Compartilhe:<\/strong><\/p>\n<p>                <img data-recalc-dims=\"1\" loading=\"lazy\" decoding=\"async\" width=\"25\" height=\"25\" src=\"https:\/\/i0.wp.com\/francaclassificados.com\/\/source\/view\/img\/20w50.png?resize=25%2C25&#038;ssl=1\" alt=\"Imagem compartilhar whatsapp\"\/><\/p>\n<p>                <img data-recalc-dims=\"1\" loading=\"lazy\" decoding=\"async\" width=\"25\" height=\"25\" src=\"https:\/\/i0.wp.com\/francaclassificados.com\/\/source\/view\/img\/18w50.png?resize=25%2C25&#038;ssl=1\" alt=\"Imagem compartilhar facebook\"\/><\/p>\n<\/p><\/div>\n<p>    <script async=\"\" src=\"https:\/\/pagead2.googlesyndication.com\/pagead\/js\/adsbygoogle.js?client=ca-pub-2853392113352629\" crossorigin=\"anonymous\"\/>\n    <ins class=\"adsbygoogle\" style=\"display:block\" data-ad-client=\"ca-pub-2853392113352629\" data-ad-slot=\"2925831803\" data-ad-format=\"auto\" data-full-width-responsive=\"true\"\/>\n    <script><![CDATA[\n    (adsbygoogle = window.adsbygoogle || []).push({});\n    ]]><\/script><\/p>\n<div class=\"emp\">\n<p>\n            VENDEDOR(A) inicio imediato<br \/>Estamos contratando um (a) vendedor (a) para nossa loja de jeans! Buscamos algu\u00e9m comunicativo(a), proativo(a) e que goste de desafios. As atividades incluem atendimento ao cliente, organiza\u00e7\u00e3o da loja e trabalho com metas de vendas. Experi\u00eancia na fun\u00e7\u00e3o ser\u00e1 um diferencial. Interessadas, enviar curr\u00edculo no e-mail , diretamente na loja ou pelo whats\u00b4app (16)99434-3920<br \/>\n            <br \/>sinerhgiaempregos@gmail.com\n            <\/p>\n<p><strong>Compartilhe:<\/strong><\/p>\n<p>                <img data-recalc-dims=\"1\" loading=\"lazy\" decoding=\"async\" width=\"25\" height=\"25\" src=\"https:\/\/i0.wp.com\/francaclassificados.com\/\/source\/view\/img\/20w50.png?resize=25%2C25&#038;ssl=1\" alt=\"Imagem compartilhar whatsapp\"\/><\/p>\n<p>                <img data-recalc-dims=\"1\" loading=\"lazy\" decoding=\"async\" width=\"25\" height=\"25\" src=\"https:\/\/i0.wp.com\/francaclassificados.com\/\/source\/view\/img\/18w50.png?resize=25%2C25&#038;ssl=1\" alt=\"Imagem compartilhar facebook\"\/><\/p>\n<\/p><\/div>\n<div class=\"emp\">\n<p>\n            SAC E commerce<br \/>Vaga: Atendimento Online SAC E commerce. Descri\u00e7\u00e3o da Vaga: Voc\u00ea ser\u00e1 respons\u00e1vel por interagir com nossos clientes, oferecendo suporte e solucionando d\u00favidas e problemas de forma eficaz. Requisitos: Excelente comunica\u00e7\u00e3o escrita e verbal Capacidade de resolu\u00e7\u00e3o de problemas Proatividade e empatia Oportunidade de crescimento. Se voc\u00ea tem paix\u00e3o por atendimento ao cliente e est\u00e1 pronto para novos desafios, envie seu curr\u00edculo para 1699310-2124<br \/>\n            <br \/>sinerhgiaempregos@gmail.com\n            <\/p>\n<p><strong>Compartilhe:<\/strong><\/p>\n<p>                <img data-recalc-dims=\"1\" loading=\"lazy\" decoding=\"async\" width=\"25\" height=\"25\" src=\"https:\/\/i0.wp.com\/francaclassificados.com\/\/source\/view\/img\/20w50.png?resize=25%2C25&#038;ssl=1\" alt=\"Imagem compartilhar whatsapp\"\/><\/p>\n<p>                <img data-recalc-dims=\"1\" loading=\"lazy\" decoding=\"async\" width=\"25\" height=\"25\" src=\"https:\/\/i0.wp.com\/francaclassificados.com\/\/source\/view\/img\/18w50.png?resize=25%2C25&#038;ssl=1\" alt=\"Imagem compartilhar facebook\"\/><\/p>\n<\/p><\/div>\n<p>    <script async=\"\" src=\"https:\/\/pagead2.googlesyndication.com\/pagead\/js\/adsbygoogle.js?client=ca-pub-2853392113352629\" crossorigin=\"anonymous\"\/>\n    <ins class=\"adsbygoogle\" style=\"display:block\" data-ad-client=\"ca-pub-2853392113352629\" data-ad-slot=\"2925831803\" data-ad-format=\"auto\" data-full-width-responsive=\"true\"\/>\n    <script><![CDATA[\n    (adsbygoogle = window.adsbygoogle || []).push({});\n    ]]><\/script><\/p>\n<div class=\"emp\">\n<p>\n            Entregador de pe\u00e7as<br \/>Precisamos de entregador de pe\u00e7as automotivas. Seg a Sexta 08:15 as 18:00 Sab 08:15 as 12:00. Salario Fixo R$1900,00. Moto da empresa. N\u00e3o contratamos sem experi\u00eancia. Encaminhar curriculos p\/ jrecassola@gmail.com<br \/>\n            <br \/>sinerhgiaempregos@gmail.com\n            <\/p>\n<p><strong>Compartilhe:<\/strong><\/p>\n<p>                <img data-recalc-dims=\"1\" loading=\"lazy\" decoding=\"async\" width=\"25\" height=\"25\" src=\"https:\/\/i0.wp.com\/francaclassificados.com\/\/source\/view\/img\/20w50.png?resize=25%2C25&#038;ssl=1\" alt=\"Imagem compartilhar whatsapp\"\/><\/p>\n<p>                <img data-recalc-dims=\"1\" loading=\"lazy\" decoding=\"async\" width=\"25\" height=\"25\" src=\"https:\/\/i0.wp.com\/francaclassificados.com\/\/source\/view\/img\/18w50.png?resize=25%2C25&#038;ssl=1\" alt=\"Imagem compartilhar facebook\"\/><\/p>\n<\/p><\/div>\n<div class=\"emp\">\n<p>\n            INDUSTRIA DE PE\u00c7AS AGRICOLAS EM FRANCA ADMITE OPERADOR DE TORNO COM CONHECIMENTO BASICO EM TORNO E MEDI\u00c7\u00d5ES BENEFICIOS: CONVENIO COM O SESI, VALE TRANSPORTE, VALE ALIMENTA\u00c7\u00c3O, CONVENIO FARMACEUTICO, CONVENIO MEDICO E BONIFICA\u00c7\u00c3O. INTERESSADOS MANDAR CURRICULUM PARA recrutamento@ferracopecas.com.br com assunto OPERADOR<br \/>\n            <br \/>sinerhgiaempregos@gmail.com\n            <\/p>\n<p><strong>Compartilhe:<\/strong><\/p>\n<p>                <img data-recalc-dims=\"1\" loading=\"lazy\" decoding=\"async\" width=\"25\" height=\"25\" src=\"https:\/\/i0.wp.com\/francaclassificados.com\/\/source\/view\/img\/20w50.png?resize=25%2C25&#038;ssl=1\" alt=\"Imagem compartilhar whatsapp\"\/><\/p>\n<p>                <img data-recalc-dims=\"1\" loading=\"lazy\" decoding=\"async\" width=\"25\" height=\"25\" src=\"https:\/\/i0.wp.com\/francaclassificados.com\/\/source\/view\/img\/18w50.png?resize=25%2C25&#038;ssl=1\" alt=\"Imagem compartilhar facebook\"\/><\/p>\n<\/p><\/div>\n<p>    <script async=\"\" src=\"https:\/\/pagead2.googlesyndication.com\/pagead\/js\/adsbygoogle.js?client=ca-pub-2853392113352629\" crossorigin=\"anonymous\"\/>\n    <ins class=\"adsbygoogle\" style=\"display:block\" data-ad-client=\"ca-pub-2853392113352629\" data-ad-slot=\"2925831803\" data-ad-format=\"auto\" data-full-width-responsive=\"true\"\/>\n    <script><![CDATA[\n    (adsbygoogle = window.adsbygoogle || []).push({});\n    ]]><\/script><\/p>\n<div class=\"emp\">\n<p>\n            Contrata frentista com disponibilidade de trabalho aos finais de semana e feriados . Hor\u00e1rio trabalho : 16:40 \u00e0s 00:00 . Interessados enviar curr\u00edculo para : contratavagasposto@hotmail.com<br \/>\n            <br \/>sinerhgiaempregos@gmail.com\n            <\/p>\n<p><strong>Compartilhe:<\/strong><\/p>\n<p>                <img data-recalc-dims=\"1\" loading=\"lazy\" decoding=\"async\" width=\"25\" height=\"25\" src=\"https:\/\/i0.wp.com\/francaclassificados.com\/\/source\/view\/img\/20w50.png?resize=25%2C25&#038;ssl=1\" alt=\"Imagem compartilhar whatsapp\"\/><\/p>\n<p>                <img data-recalc-dims=\"1\" loading=\"lazy\" decoding=\"async\" width=\"25\" height=\"25\" src=\"https:\/\/i0.wp.com\/francaclassificados.com\/\/source\/view\/img\/18w50.png?resize=25%2C25&#038;ssl=1\" alt=\"Imagem compartilhar facebook\"\/><\/p>\n<\/p><\/div>\n<div class=\"emp\">\n<p>\n            Auxiliar de Servi\u00e7os Gerais<br \/>Com CNH A\/B *****N\u00c3O \u00c9 NECESSARIO TER EXPERIENCIA***. Hor\u00e1rio de trabalho: Segunda a sexta: 7h \u00e0s 17h30, S\u00e1bado: 7h \u00e0s 11h O que oferecemos: Sal\u00e1rio de R$ 1.591,00, Vale-alimenta\u00e7\u00e3o de R$ 572,00 \u00d3timo ambiente de trabalho, Oportunidade de crescimento. A fun\u00e7\u00e3o: Conserva\u00e7\u00e3o de m\u00e1quinas e equipamentos de constru\u00e7\u00e3o civil, Limpeza e organiza\u00e7\u00e3o do ambiente de trabalho, carregar e descarregar andaimes, Aux\u00edlio em tarefas gerais. Envie seu curr\u00edculo para 16 994182280<br \/>\n            <br \/>sinerhgiaempregos@gmail.com\n            <\/p>\n<p><strong>Compartilhe:<\/strong><\/p>\n<p>                <img data-recalc-dims=\"1\" loading=\"lazy\" decoding=\"async\" width=\"25\" height=\"25\" src=\"https:\/\/i0.wp.com\/francaclassificados.com\/\/source\/view\/img\/20w50.png?resize=25%2C25&#038;ssl=1\" alt=\"Imagem compartilhar whatsapp\"\/><\/p>\n<p>                <img data-recalc-dims=\"1\" loading=\"lazy\" decoding=\"async\" width=\"25\" height=\"25\" src=\"https:\/\/i0.wp.com\/francaclassificados.com\/\/source\/view\/img\/18w50.png?resize=25%2C25&#038;ssl=1\" alt=\"Imagem compartilhar facebook\"\/><\/p>\n<\/p><\/div>\n<p>    <script async=\"\" src=\"https:\/\/pagead2.googlesyndication.com\/pagead\/js\/adsbygoogle.js?client=ca-pub-2853392113352629\" crossorigin=\"anonymous\"\/>\n    <ins class=\"adsbygoogle\" style=\"display:block\" data-ad-client=\"ca-pub-2853392113352629\" data-ad-slot=\"2925831803\" data-ad-format=\"auto\" data-full-width-responsive=\"true\"\/>\n    <script><![CDATA[\n    (adsbygoogle = window.adsbygoogle || []).push({});\n    ]]><\/script><\/p>\n<div class=\"emp\">\n<p>\n            BANCAS PESPONTO 60 PRS\/DIA<br \/>Estamos contratando Bancas de Pesponto com capacidade m\u00ednima de 60 prs\/dia e legalizadas, para sapatos masculino. Interessados comparecer na Av. Francisco Delfino dos Santos 1121 - Jd Paulistano, falar com Luc\u00edlia.<br \/>\n            <br \/>sinerhgiaempregos@gmail.com\n            <\/p>\n<p><strong>Compartilhe:<\/strong><\/p>\n<p>                <img data-recalc-dims=\"1\" loading=\"lazy\" decoding=\"async\" width=\"25\" height=\"25\" src=\"https:\/\/i0.wp.com\/francaclassificados.com\/\/source\/view\/img\/20w50.png?resize=25%2C25&#038;ssl=1\" alt=\"Imagem compartilhar whatsapp\"\/><\/p>\n<p>                <img data-recalc-dims=\"1\" loading=\"lazy\" decoding=\"async\" width=\"25\" height=\"25\" src=\"https:\/\/i0.wp.com\/francaclassificados.com\/\/source\/view\/img\/18w50.png?resize=25%2C25&#038;ssl=1\" alt=\"Imagem compartilhar facebook\"\/><\/p>\n<\/p><\/div>\n<div class=\"emp\">\n<p>\n            Empresa metal\u00fargica contrata Servi\u00e7os Gerais com no\u00e7\u00f5es de Pintura e Acabamento (esmerilhadeira). Sal\u00e1rio + Benef\u00edcios (Seguro de Vida e Vale Alimenta\u00e7\u00e3o). Interessados enviar curr\u00edculo para recrutamentoeselecao-rh2024@hotmail.com<br \/>\n            <br \/>sinerhgiaempregos@gmail.com\n            <\/p>\n<p><strong>Compartilhe:<\/strong><\/p>\n<p>                <img data-recalc-dims=\"1\" loading=\"lazy\" decoding=\"async\" width=\"25\" height=\"25\" src=\"https:\/\/i0.wp.com\/francaclassificados.com\/\/source\/view\/img\/20w50.png?resize=25%2C25&#038;ssl=1\" alt=\"Imagem compartilhar whatsapp\"\/><\/p>\n<p>                <img data-recalc-dims=\"1\" loading=\"lazy\" decoding=\"async\" width=\"25\" height=\"25\" src=\"https:\/\/i0.wp.com\/francaclassificados.com\/\/source\/view\/img\/18w50.png?resize=25%2C25&#038;ssl=1\" alt=\"Imagem compartilhar facebook\"\/><\/p>\n<\/p><\/div>\n<p>    <script async=\"\" src=\"https:\/\/pagead2.googlesyndication.com\/pagead\/js\/adsbygoogle.js?client=ca-pub-2853392113352629\" crossorigin=\"anonymous\"\/>\n    <ins class=\"adsbygoogle\" style=\"display:block\" data-ad-client=\"ca-pub-2853392113352629\" data-ad-slot=\"2925831803\" data-ad-format=\"auto\" data-full-width-responsive=\"true\"\/>\n    <script><![CDATA[\n    (adsbygoogle = window.adsbygoogle || []).push({});\n    ]]><\/script><\/p>\n<div class=\"emp\">\n<p>\n            Atuar na Prospec\u00e7\u00e3o e venda de Cr\u00e9dito Consignado a n\u00edvel Brasil, onde fornecemos ferramentas e suporte para busca de clientes = Regime CLT + Benef\u00cdcios + Premia\u00e7\u00e3o. TRABALHO PRESENCIAL Requisitos: Ensino M\u00e9dio Completo Horario: Seg \u00e0 Sexta das 10:00 \u00e0s 16:00 Enviar Curriculo: maisaceite@gmail.com<br \/>\n            <br \/>sinerhgiaempregos@gmail.com\n            <\/p>\n<p><strong>Compartilhe:<\/strong><\/p>\n<p>                <img data-recalc-dims=\"1\" loading=\"lazy\" decoding=\"async\" width=\"25\" height=\"25\" src=\"https:\/\/i0.wp.com\/francaclassificados.com\/\/source\/view\/img\/20w50.png?resize=25%2C25&#038;ssl=1\" alt=\"Imagem compartilhar whatsapp\"\/><\/p>\n<p>                <img data-recalc-dims=\"1\" loading=\"lazy\" decoding=\"async\" width=\"25\" height=\"25\" src=\"https:\/\/i0.wp.com\/francaclassificados.com\/\/source\/view\/img\/18w50.png?resize=25%2C25&#038;ssl=1\" alt=\"Imagem compartilhar facebook\"\/><\/p>\n<\/p><\/div>\n<div class=\"emp\">\n<p>\n            Vendedor(a)<br \/>Contrata-se Vendedor(a). Requisitos: Ser proativo, comunicativo. Ensino m\u00e9dio completo. Diferencial: Experi\u00eancia na \u00e1rea comercial e\/ou atendimento ao cliente. Atividades: Atendimento ativo por liga\u00e7\u00f5es e mensagens, prospectar e desenvolver novos clientes, reativa\u00e7\u00e3o e manuten\u00e7\u00e3o de carteira, negociar propostas comerciais, reportar resultados e acompanhar metas de vendas. Salario R$ 1.700,00 + Comiss\u00e3o. Interessados enviar curr\u00edculo no e-mail: rhselecaoon@gmail.com (Colocar no assunto: \"Vendas\")<br \/>\n            <br \/>sinerhgiaempregos@gmail.com\n            <\/p>\n<p><strong>Compartilhe:<\/strong><\/p>\n<p>                <img data-recalc-dims=\"1\" loading=\"lazy\" decoding=\"async\" width=\"25\" height=\"25\" src=\"https:\/\/i0.wp.com\/francaclassificados.com\/\/source\/view\/img\/20w50.png?resize=25%2C25&#038;ssl=1\" alt=\"Imagem compartilhar whatsapp\"\/><\/p>\n<p>                <img data-recalc-dims=\"1\" loading=\"lazy\" decoding=\"async\" width=\"25\" height=\"25\" src=\"https:\/\/i0.wp.com\/francaclassificados.com\/\/source\/view\/img\/18w50.png?resize=25%2C25&#038;ssl=1\" alt=\"Imagem compartilhar facebook\"\/><\/p>\n<\/p><\/div>\n<p>    <script async=\"\" src=\"https:\/\/pagead2.googlesyndication.com\/pagead\/js\/adsbygoogle.js?client=ca-pub-2853392113352629\" crossorigin=\"anonymous\"\/>\n    <ins class=\"adsbygoogle\" style=\"display:block\" data-ad-client=\"ca-pub-2853392113352629\" data-ad-slot=\"2925831803\" data-ad-format=\"auto\" data-full-width-responsive=\"true\"\/>\n    <script><![CDATA[\n    (adsbygoogle = window.adsbygoogle || []).push({});\n    ]]><\/script><\/p>\n<div class=\"emp\">\n<p>\n            AUXILIAR DE PRODU\u00c7\u00c3O\/AJUDANTE GERAL<br \/>CONTRATA-SE AUXILIAR DE PRODU\u00c7\u00c3O PARA FRACIONAMENTO DE MERCADORIAS, SEPARA\u00c7\u00c3O DE PEDIDOS, EXPEDI\u00c7\u00c3O DE PEDIDOS PARA TRANSPORTADORAS, AJUDANTE DE ENTREGAS. DIFERENCIAL: TER CNH E EXPERI\u00caNCIA COM ENTREGAS.TRABALHO DE SEGUNDA A SEXTA FEIRA. REMUNERA\u00c7\u00c3O + VALE ALIMENTA\u00c7\u00c3O. ENVIAR CURR\u00cdCULOS PARA: vagasdistribuicao2023@gmail.com<br \/>\n            <br \/>sinerhgiaempregos@gmail.com\n            <\/p>\n<p><strong>Compartilhe:<\/strong><\/p>\n<p>                <img data-recalc-dims=\"1\" loading=\"lazy\" decoding=\"async\" width=\"25\" height=\"25\" src=\"https:\/\/i0.wp.com\/francaclassificados.com\/\/source\/view\/img\/20w50.png?resize=25%2C25&#038;ssl=1\" alt=\"Imagem compartilhar whatsapp\"\/><\/p>\n<p>                <img data-recalc-dims=\"1\" loading=\"lazy\" decoding=\"async\" width=\"25\" height=\"25\" src=\"https:\/\/i0.wp.com\/francaclassificados.com\/\/source\/view\/img\/18w50.png?resize=25%2C25&#038;ssl=1\" alt=\"Imagem compartilhar facebook\"\/><\/p>\n<\/p><\/div>\n<div class=\"emp\">\n<p>\n            Operador de M\u00e1quina<br \/>Buscamos pessoa comprometida, respons\u00e1vel e com esp\u00edrito de equipe. Experi\u00eancia comprovada em operar m\u00e1quinas de produ\u00e7\u00e3o. Garantir a qualidade operacional dos equipamentos mediantes testes, frequ\u00eancia e padr\u00e3o. Manter a limpeza de m\u00e1quinas e o setor organizado. Desej\u00e1vel ter cursos t\u00e9cnicos. Oferecemos sal\u00e1rio compat\u00edvel com a fun\u00e7\u00e3o, cart\u00e3o alimenta\u00e7\u00e3o, plano odontol\u00f3gico e excelente oportunidade de crescimento profissional.<br \/>\n            <br \/>equipe@faunaeflora.com.br<br \/>\n            <br \/>sinerhgiaempregos@gmail.com\n            <\/p>\n<p><strong>Compartilhe:<\/strong><\/p>\n<p>                <img data-recalc-dims=\"1\" loading=\"lazy\" decoding=\"async\" width=\"25\" height=\"25\" src=\"https:\/\/i0.wp.com\/francaclassificados.com\/\/source\/view\/img\/20w50.png?resize=25%2C25&#038;ssl=1\" alt=\"Imagem compartilhar whatsapp\"\/><\/p>\n<p>                <img data-recalc-dims=\"1\" loading=\"lazy\" decoding=\"async\" width=\"25\" height=\"25\" src=\"https:\/\/i0.wp.com\/francaclassificados.com\/\/source\/view\/img\/18w50.png?resize=25%2C25&#038;ssl=1\" alt=\"Imagem compartilhar facebook\"\/><\/p>\n<\/p><\/div>\n<p>    <script async=\"\" src=\"https:\/\/pagead2.googlesyndication.com\/pagead\/js\/adsbygoogle.js?client=ca-pub-2853392113352629\" crossorigin=\"anonymous\"\/>\n    <ins class=\"adsbygoogle\" style=\"display:block\" data-ad-client=\"ca-pub-2853392113352629\" data-ad-slot=\"2925831803\" data-ad-format=\"auto\" data-full-width-responsive=\"true\"\/>\n    <script><![CDATA[\n    (adsbygoogle = window.adsbygoogle || []).push({});\n    ]]><\/script><\/p>\n<div class=\"emp\">\n<p>\n            ENCANADOR<br \/>Estamos contratando Encanadores para obra em Franca. Segunda a sexta, 07:00 \u00e0s 17:00. Sal\u00e1rio a combinar. Necess\u00e1rio Experi\u00eancia comprovada em carteira de 2 anos. Como se candidatar: Envie seu curr\u00edculo para (16) 99370-3374, falar com Fabiano.<br \/>\n            <br \/>sinerhgiaempregos@gmail.com\n            <\/p>\n<p><strong>Compartilhe:<\/strong><\/p>\n<p>                <img data-recalc-dims=\"1\" loading=\"lazy\" decoding=\"async\" width=\"25\" height=\"25\" src=\"https:\/\/i0.wp.com\/francaclassificados.com\/\/source\/view\/img\/20w50.png?resize=25%2C25&#038;ssl=1\" alt=\"Imagem compartilhar whatsapp\"\/><\/p>\n<p>                <img data-recalc-dims=\"1\" loading=\"lazy\" decoding=\"async\" width=\"25\" height=\"25\" src=\"https:\/\/i0.wp.com\/francaclassificados.com\/\/source\/view\/img\/18w50.png?resize=25%2C25&#038;ssl=1\" alt=\"Imagem compartilhar facebook\"\/><\/p>\n<\/p><\/div>\n<div class=\"emp\">\n<p>\n            CONTRATA-SE PARA MERCADO LIVRE, EMBALAR, ESTOCAR, CONTAR, MONTAR KITS, CARREGAR E DESCARREGAR TRABALHA AOS SABADOS E FERIADOS INICIO IMEDIATO ferramentaslucas@gmail.com<br \/>\n            <br \/>sinerhgiaempregos@gmail.com\n            <\/p>\n<p><strong>Compartilhe:<\/strong><\/p>\n<p>                <img data-recalc-dims=\"1\" loading=\"lazy\" decoding=\"async\" width=\"25\" height=\"25\" src=\"https:\/\/i0.wp.com\/francaclassificados.com\/\/source\/view\/img\/20w50.png?resize=25%2C25&#038;ssl=1\" alt=\"Imagem compartilhar whatsapp\"\/><\/p>\n<p>                <img data-recalc-dims=\"1\" loading=\"lazy\" decoding=\"async\" width=\"25\" height=\"25\" src=\"https:\/\/i0.wp.com\/francaclassificados.com\/\/source\/view\/img\/18w50.png?resize=25%2C25&#038;ssl=1\" alt=\"Imagem compartilhar facebook\"\/><\/p>\n<\/p><\/div>\n<p>    <script async=\"\" src=\"https:\/\/pagead2.googlesyndication.com\/pagead\/js\/adsbygoogle.js?client=ca-pub-2853392113352629\" crossorigin=\"anonymous\"\/>\n    <ins class=\"adsbygoogle\" style=\"display:block\" data-ad-client=\"ca-pub-2853392113352629\" data-ad-slot=\"2925831803\" data-ad-format=\"auto\" data-full-width-responsive=\"true\"\/>\n    <script><![CDATA[\n    (adsbygoogle = window.adsbygoogle || []).push({});\n    ]]><\/script><\/p>\n<div class=\"emp\">\n<p>\n            Estamos Contratando: Pessoas com experi\u00eancia em a\u00e7ougue. Interessados, enviar curr\u00edculo para o WhatsApp (16) 99789-5306 Estamos localizados na Av. Paulino Pucci, 972, Jd. Francano.<br \/>\n            <br \/>sinerhgiaempregos@gmail.com\n            <\/p>\n<p><strong>Compartilhe:<\/strong><\/p>\n<p>                <img data-recalc-dims=\"1\" loading=\"lazy\" decoding=\"async\" width=\"25\" height=\"25\" src=\"https:\/\/i0.wp.com\/francaclassificados.com\/\/source\/view\/img\/20w50.png?resize=25%2C25&#038;ssl=1\" alt=\"Imagem compartilhar whatsapp\"\/><\/p>\n<p>                <img data-recalc-dims=\"1\" loading=\"lazy\" decoding=\"async\" width=\"25\" height=\"25\" src=\"https:\/\/i0.wp.com\/francaclassificados.com\/\/source\/view\/img\/18w50.png?resize=25%2C25&#038;ssl=1\" alt=\"Imagem compartilhar facebook\"\/><\/p>\n<\/p><\/div>\n<div class=\"emp\">\n<p>\n            Operadora de Caixa<br \/>Contrata operadora de caixa com disponibilidade de hor\u00e1rios aos s\u00e1bados , domingos e feriados. Hor\u00e1rio de trabalho de segunda a s\u00e1bado: 13h \u00e0s 20:20h . Domingos das 08:00h \u00e0s 13:30h. 01 Folga na semana .Requisitos : experi\u00eancia em caixa, ser comunicativa , habilidade com atendimento ao p\u00fablico e pro-atividade. Remunera\u00e7\u00e3o : Salario +adicional de caixa . Interessados enviar curr\u00edculo para : imperiodascarnesfranca@gmail.com<br \/>\n            <br \/>sinerhgiaempregos@gmail.com\n            <\/p>\n<p><strong>Compartilhe:<\/strong><\/p>\n<p>                <img data-recalc-dims=\"1\" loading=\"lazy\" decoding=\"async\" width=\"25\" height=\"25\" src=\"https:\/\/i0.wp.com\/francaclassificados.com\/\/source\/view\/img\/20w50.png?resize=25%2C25&#038;ssl=1\" alt=\"Imagem compartilhar whatsapp\"\/><\/p>\n<p>                <img data-recalc-dims=\"1\" loading=\"lazy\" decoding=\"async\" width=\"25\" height=\"25\" src=\"https:\/\/i0.wp.com\/francaclassificados.com\/\/source\/view\/img\/18w50.png?resize=25%2C25&#038;ssl=1\" alt=\"Imagem compartilhar facebook\"\/><\/p>\n<\/p><\/div>\n<p>    <script async=\"\" src=\"https:\/\/pagead2.googlesyndication.com\/pagead\/js\/adsbygoogle.js?client=ca-pub-2853392113352629\" crossorigin=\"anonymous\"\/>\n    <ins class=\"adsbygoogle\" style=\"display:block\" data-ad-client=\"ca-pub-2853392113352629\" data-ad-slot=\"2925831803\" data-ad-format=\"auto\" data-full-width-responsive=\"true\"\/>\n    <script><![CDATA[\n    (adsbygoogle = window.adsbygoogle || []).push({});\n    ]]><\/script><\/p>\n<div class=\"emp\">\n<p>\n            Auxiliar de Limpeza<br \/>Buscamos pessoa comprometida, respons\u00e1vel e com esp\u00edrito de equipe. Desej\u00e1vel ter experi\u00eancia com limpeza, conserva\u00e7\u00e3o de ambientes e m\u00e1quinas e conhecimento de produtos de limpeza, ser organizada e pr\u00f3 ativa. Oferecemos sal\u00e1rio de compat\u00edvel com a fun\u00e7\u00e3o, cart\u00e3o alimenta\u00e7\u00e3o, plano odontol\u00f3gico, e excelente oportunidade de crescimento profissional.<br \/>\n            <br \/>equipe@faunaeflora.com.br<br \/>\n            <br \/>sinerhgiaempregos@gmail.com\n            <\/p>\n<p><strong>Compartilhe:<\/strong><\/p>\n<p>                <img data-recalc-dims=\"1\" loading=\"lazy\" decoding=\"async\" width=\"25\" height=\"25\" src=\"https:\/\/i0.wp.com\/francaclassificados.com\/\/source\/view\/img\/20w50.png?resize=25%2C25&#038;ssl=1\" alt=\"Imagem compartilhar whatsapp\"\/><\/p>\n<p>                <img data-recalc-dims=\"1\" loading=\"lazy\" decoding=\"async\" width=\"25\" height=\"25\" src=\"https:\/\/i0.wp.com\/francaclassificados.com\/\/source\/view\/img\/18w50.png?resize=25%2C25&#038;ssl=1\" alt=\"Imagem compartilhar facebook\"\/><\/p>\n<\/p><\/div>\n<div class=\"emp\">\n<p>\n            Televendas e Telemarketing<br \/>- Empresa nacional contrata: TELEVENDAS (2 vagas) e TELEMARKETING (3 vagas); Contrata\u00e7\u00e3o Carteira Assinada + Comiss\u00f5es + Vale Transporte + Vale alimenta\u00e7\u00e3o. Enviar curr\u00edculos para: direcao@cebracfranca.com.br<br \/>\n            <br \/>sinerhgiaempregos@gmail.com\n            <\/p>\n<p><strong>Compartilhe:<\/strong><\/p>\n<p>                <img data-recalc-dims=\"1\" loading=\"lazy\" decoding=\"async\" width=\"25\" height=\"25\" src=\"https:\/\/i0.wp.com\/francaclassificados.com\/\/source\/view\/img\/20w50.png?resize=25%2C25&#038;ssl=1\" alt=\"Imagem compartilhar whatsapp\"\/><\/p>\n<p>                <img data-recalc-dims=\"1\" loading=\"lazy\" decoding=\"async\" width=\"25\" height=\"25\" src=\"https:\/\/i0.wp.com\/francaclassificados.com\/\/source\/view\/img\/18w50.png?resize=25%2C25&#038;ssl=1\" alt=\"Imagem compartilhar facebook\"\/><\/p>\n<\/p><\/div>\n<p>    <script async=\"\" src=\"https:\/\/pagead2.googlesyndication.com\/pagead\/js\/adsbygoogle.js?client=ca-pub-2853392113352629\" crossorigin=\"anonymous\"\/>\n    <ins class=\"adsbygoogle\" style=\"display:block\" data-ad-client=\"ca-pub-2853392113352629\" data-ad-slot=\"2925831803\" data-ad-format=\"auto\" data-full-width-responsive=\"true\"\/>\n    <script><![CDATA[\n    (adsbygoogle = window.adsbygoogle || []).push({});\n    ]]><\/script><\/p>\n<div class=\"emp\">\n<p>\n            SUPERVISOR EXTERNO e PROMOTORES DE VENDA<br \/>- Empresa nacional contrata Supervisor de vendas externas e promotor de vendas externa; - Desej\u00e1vel experiencia de venda PAP; Contrata\u00e7\u00e3o Carteira Assinada + Comiss\u00f5es sobre vendas + Vale Transporte + Vale alimenta\u00e7\u00e3o. Enviar curr\u00edculos para: direcao@cebracfranca.com.br<br \/>\n            <br \/>sinerhgiaempregos@gmail.com\n            <\/p>\n<p><strong>Compartilhe:<\/strong><\/p>\n<p>                <img data-recalc-dims=\"1\" loading=\"lazy\" decoding=\"async\" width=\"25\" height=\"25\" src=\"https:\/\/i0.wp.com\/francaclassificados.com\/\/source\/view\/img\/20w50.png?resize=25%2C25&#038;ssl=1\" alt=\"Imagem compartilhar whatsapp\"\/><\/p>\n<p>                <img data-recalc-dims=\"1\" loading=\"lazy\" decoding=\"async\" width=\"25\" height=\"25\" src=\"https:\/\/i0.wp.com\/francaclassificados.com\/\/source\/view\/img\/18w50.png?resize=25%2C25&#038;ssl=1\" alt=\"Imagem compartilhar facebook\"\/><\/p>\n<\/p><\/div>\n<div class=\"emp\">\n<p>\n            Estagio na \u00c1rea de Contabilidade<br \/>Est\u00e1gio para a \u00c1rea Cont\u00e1bil que esteja cursando Contabilidade ou Administra\u00e7\u00e3o. Bolsa est\u00e1gio e benef\u00edcios, com carga de 06 horas di\u00e1rias. Enviar curr\u00edculo para WhatsApp (16) 99386-2294 ou e-mail contato@barceloscontabil.com.br.<br \/>\n            <br \/>sinerhgiaempregos@gmail.com\n            <\/p>\n<p><strong>Compartilhe:<\/strong><\/p>\n<p>                <img data-recalc-dims=\"1\" loading=\"lazy\" decoding=\"async\" width=\"25\" height=\"25\" src=\"https:\/\/i0.wp.com\/francaclassificados.com\/\/source\/view\/img\/20w50.png?resize=25%2C25&#038;ssl=1\" alt=\"Imagem compartilhar whatsapp\"\/><\/p>\n<p>                <img data-recalc-dims=\"1\" loading=\"lazy\" decoding=\"async\" width=\"25\" height=\"25\" src=\"https:\/\/i0.wp.com\/francaclassificados.com\/\/source\/view\/img\/18w50.png?resize=25%2C25&#038;ssl=1\" alt=\"Imagem compartilhar facebook\"\/><\/p>\n<\/p><\/div>\n<p>    <script async=\"\" src=\"https:\/\/pagead2.googlesyndication.com\/pagead\/js\/adsbygoogle.js?client=ca-pub-2853392113352629\" crossorigin=\"anonymous\"\/>\n    <ins class=\"adsbygoogle\" style=\"display:block\" data-ad-client=\"ca-pub-2853392113352629\" data-ad-slot=\"2925831803\" data-ad-format=\"auto\" data-full-width-responsive=\"true\"\/>\n    <script><![CDATA[\n    (adsbygoogle = window.adsbygoogle || []).push({});\n    ]]><\/script><\/p>\n<div class=\"emp\">\n<p>\n            ENTRETELA | ALMOXARIFADO | MOLINEIRO<br \/>Ind\u00fastria de Cal\u00e7ados admite-se para inicio imediato, ALMOXARIFE, MOLINEIRO, PESPONTADOR, AUXILIAR DE PREPARA\u00c7\u00c3O E ENTRETELA. Interessados encaminhar Curriculum para o e-mail contratacaodp2023@gmail.co<br \/>\n            <br \/>sinerhgiaempregos@gmail.com\n            <\/p>\n<p><strong>Compartilhe:<\/strong><\/p>\n<p>                <img data-recalc-dims=\"1\" loading=\"lazy\" decoding=\"async\" width=\"25\" height=\"25\" src=\"https:\/\/i0.wp.com\/francaclassificados.com\/\/source\/view\/img\/20w50.png?resize=25%2C25&#038;ssl=1\" alt=\"Imagem compartilhar whatsapp\"\/><\/p>\n<p>                <img data-recalc-dims=\"1\" loading=\"lazy\" decoding=\"async\" width=\"25\" height=\"25\" src=\"https:\/\/i0.wp.com\/francaclassificados.com\/\/source\/view\/img\/18w50.png?resize=25%2C25&#038;ssl=1\" alt=\"Imagem compartilhar facebook\"\/><\/p>\n<\/p><\/div>\n<div class=\"emp\">\n<p>\n            DISPONIBILIDADE DE INICIO IMEDIATO! AUX. DE EXPEDI\u00c7\u00c3O. Para o seguimento de Materiais de Constru\u00e7\u00e3o. Requisitos sexo masculino, proativo, respons\u00e1vel, ter CNH A\/B. CLT salario de comercio. Segunda a sexta. Interessados encaminhar curriculo rhvagasnaativa@gmail.com<br \/>\n            <br \/>sinerhgiaempregos@gmail.com\n            <\/p>\n<p><strong>Compartilhe:<\/strong><\/p>\n<p>                <img data-recalc-dims=\"1\" loading=\"lazy\" decoding=\"async\" width=\"25\" height=\"25\" src=\"https:\/\/i0.wp.com\/francaclassificados.com\/\/source\/view\/img\/20w50.png?resize=25%2C25&#038;ssl=1\" alt=\"Imagem compartilhar whatsapp\"\/><\/p>\n<p>                <img data-recalc-dims=\"1\" loading=\"lazy\" decoding=\"async\" width=\"25\" height=\"25\" src=\"https:\/\/i0.wp.com\/francaclassificados.com\/\/source\/view\/img\/18w50.png?resize=25%2C25&#038;ssl=1\" alt=\"Imagem compartilhar facebook\"\/><\/p>\n<\/p><\/div>\n<p>    <script async=\"\" src=\"https:\/\/pagead2.googlesyndication.com\/pagead\/js\/adsbygoogle.js?client=ca-pub-2853392113352629\" crossorigin=\"anonymous\"\/>\n    <ins class=\"adsbygoogle\" style=\"display:block\" data-ad-client=\"ca-pub-2853392113352629\" data-ad-slot=\"2925831803\" data-ad-format=\"auto\" data-full-width-responsive=\"true\"\/>\n    <script><![CDATA[\n    (adsbygoogle = window.adsbygoogle || []).push({});\n    ]]><\/script><\/p>\n<div class=\"emp\">\n<p>\n            CONTRATA-SE EXPEDIDOR E ALMOXERIFE PARA FABRICA DE DUBLAGEM TEXTIL. ENVIAR CURRICULO PARA selecaovaga17@outlook.com<br \/>\n            <br \/>sinerhgiaempregos@gmail.com\n            <\/p>\n<p><strong>Compartilhe:<\/strong><\/p>\n<p>                <img data-recalc-dims=\"1\" loading=\"lazy\" decoding=\"async\" width=\"25\" height=\"25\" src=\"https:\/\/i0.wp.com\/francaclassificados.com\/\/source\/view\/img\/20w50.png?resize=25%2C25&#038;ssl=1\" alt=\"Imagem compartilhar whatsapp\"\/><\/p>\n<p>                <img data-recalc-dims=\"1\" loading=\"lazy\" decoding=\"async\" width=\"25\" height=\"25\" src=\"https:\/\/i0.wp.com\/francaclassificados.com\/\/source\/view\/img\/18w50.png?resize=25%2C25&#038;ssl=1\" alt=\"Imagem compartilhar facebook\"\/><\/p>\n<\/p><\/div>\n<div class=\"emp\">\n<p>\n            Estagi\u00e1ria<br \/>Est\u00e1gio na \u00e1rea administrativa, que estejam cursando Administra\u00e7\u00e3o, Ci\u00eancias Cont\u00e1beis, Economia ou cursos relacionados. Interessados enviar curr\u00edculo para o WhatsApp (16)99210-7776. Com a Est\u00e1gio.<br \/>\n            <br \/>sinerhgiaempregos@gmail.com\n            <\/p>\n<p><strong>Compartilhe:<\/strong><\/p>\n<p>                <img data-recalc-dims=\"1\" loading=\"lazy\" decoding=\"async\" width=\"25\" height=\"25\" src=\"https:\/\/i0.wp.com\/francaclassificados.com\/\/source\/view\/img\/20w50.png?resize=25%2C25&#038;ssl=1\" alt=\"Imagem compartilhar whatsapp\"\/><\/p>\n<p>                <img data-recalc-dims=\"1\" loading=\"lazy\" decoding=\"async\" width=\"25\" height=\"25\" src=\"https:\/\/i0.wp.com\/francaclassificados.com\/\/source\/view\/img\/18w50.png?resize=25%2C25&#038;ssl=1\" alt=\"Imagem compartilhar facebook\"\/><\/p>\n<\/p><\/div>\n<p>    <script async=\"\" src=\"https:\/\/pagead2.googlesyndication.com\/pagead\/js\/adsbygoogle.js?client=ca-pub-2853392113352629\" crossorigin=\"anonymous\"\/>\n    <ins class=\"adsbygoogle\" style=\"display:block\" data-ad-client=\"ca-pub-2853392113352629\" data-ad-slot=\"2925831803\" data-ad-format=\"auto\" data-full-width-responsive=\"true\"\/>\n    <script><![CDATA[\n    (adsbygoogle = window.adsbygoogle || []).push({});\n    ]]><\/script><\/p>\n<div class=\"emp\">\n<p>\n            CUIDADORA DE IDOSOS<br \/>Fun\u00e7\u00e3o: servir alimenta\u00e7\u00e3o e realizar demais cuidados de higiene pessoal. Buscamos uma pessoa pr\u00f3-ativa, carinhosa e que compartilhe aten\u00e7\u00e3o e alegria para com as idosas. Precisa ter responsabilidade, \u00e9tica e descri\u00e7\u00e3o e que disponibilidade de hor\u00e1rios. Obs: \u00c9 necess\u00e1rio ter certificado de conclus\u00e3o do curso de Cuidador e ter o Ensino M\u00e9dio completo. Enviar curr\u00edculo para o email: curriculoslardonaleonor@gmail.com<br \/>\n            <br \/>sinerhgiaempregos@gmail.com\n            <\/p>\n<p><strong>Compartilhe:<\/strong><\/p>\n<p>                <img data-recalc-dims=\"1\" loading=\"lazy\" decoding=\"async\" width=\"25\" height=\"25\" src=\"https:\/\/i0.wp.com\/francaclassificados.com\/\/source\/view\/img\/20w50.png?resize=25%2C25&#038;ssl=1\" alt=\"Imagem compartilhar whatsapp\"\/><\/p>\n<p>                <img data-recalc-dims=\"1\" loading=\"lazy\" decoding=\"async\" width=\"25\" height=\"25\" src=\"https:\/\/i0.wp.com\/francaclassificados.com\/\/source\/view\/img\/18w50.png?resize=25%2C25&#038;ssl=1\" alt=\"Imagem compartilhar facebook\"\/><\/p>\n<\/p><\/div>\n<div class=\"emp\">\n<p>\n            Atendente Fast food - Shopping<br \/>ATEN\u00c7\u00c3O - SOMENTE PRIMEIRO EMPREGO! Procuramos pessoas que nunca trabalharam, que estejam em busca de sua primeira oportunidade. Somente maiores de 18 anos, ambos os sexos. NECESS\u00c1RIO TER DISPONIBILIDADE DE HOR\u00c1RIO, INCLUSIVE PARA TRABALHAR AOS S\u00c1BADOS, DOMINGOS E FERIADOS! Hor\u00e1rio de trabalho: das 14:20 as 22:40. Remunera\u00e7\u00e3o: sal\u00e1rio: R$1900,00. Vale alimenta\u00e7\u00e3o: R$360,00. Vale transp.: conforme o necess\u00e1rio para o m\u00eas. Interessados enviar curr\u00edculo para o Wats 016 99434-6160. FAVOR N\u00c3O LIGAR!<br \/>\n            <br \/>sinerhgiaempregos@gmail.com\n            <\/p>\n<p><strong>Compartilhe:<\/strong><\/p>\n<p>                <img data-recalc-dims=\"1\" loading=\"lazy\" decoding=\"async\" width=\"25\" height=\"25\" src=\"https:\/\/i0.wp.com\/francaclassificados.com\/\/source\/view\/img\/20w50.png?resize=25%2C25&#038;ssl=1\" alt=\"Imagem compartilhar whatsapp\"\/><\/p>\n<p>                <img data-recalc-dims=\"1\" loading=\"lazy\" decoding=\"async\" width=\"25\" height=\"25\" src=\"https:\/\/i0.wp.com\/francaclassificados.com\/\/source\/view\/img\/18w50.png?resize=25%2C25&#038;ssl=1\" alt=\"Imagem compartilhar facebook\"\/><\/p>\n<\/p><\/div>\n<p>    <script async=\"\" src=\"https:\/\/pagead2.googlesyndication.com\/pagead\/js\/adsbygoogle.js?client=ca-pub-2853392113352629\" crossorigin=\"anonymous\"\/>\n    <ins class=\"adsbygoogle\" style=\"display:block\" data-ad-client=\"ca-pub-2853392113352629\" data-ad-slot=\"2925831803\" data-ad-format=\"auto\" data-full-width-responsive=\"true\"\/>\n    <script><![CDATA[\n    (adsbygoogle = window.adsbygoogle || []).push({});\n    ]]><\/script><\/p>\n<div class=\"emp\">\n<p>\n            Freelance - Cria\u00e7\u00e3o de Arte<br \/>Ofere\u00e7o vaga freelance - Pagamento di\u00e1rio! R$80,00\/dia. Segunda a sexta. Necess\u00e1rio conhecimento Photoshop e Corel. Enviar curr\u00edculo para (16) 98121-1249<br \/>\n            <br \/>sinerhgiaempregos@gmail.com\n            <\/p>\n<p><strong>Compartilhe:<\/strong><\/p>\n<p>                <img data-recalc-dims=\"1\" loading=\"lazy\" decoding=\"async\" width=\"25\" height=\"25\" src=\"https:\/\/i0.wp.com\/francaclassificados.com\/\/source\/view\/img\/20w50.png?resize=25%2C25&#038;ssl=1\" alt=\"Imagem compartilhar whatsapp\"\/><\/p>\n<p>                <img data-recalc-dims=\"1\" loading=\"lazy\" decoding=\"async\" width=\"25\" height=\"25\" src=\"https:\/\/i0.wp.com\/francaclassificados.com\/\/source\/view\/img\/18w50.png?resize=25%2C25&#038;ssl=1\" alt=\"Imagem compartilhar facebook\"\/><\/p>\n<\/p><\/div>\n<div class=\"emp\">\n<p>\n            Estamos contratando auxiliar de escrit\u00f3rio com experi\u00eancia nos departamentos Cont\u00e1bil, Fiscal e Pessoal. Interessados enviarem curr\u00edculos para: onlinecurriculos123@gmail.com<br \/>\n            <br \/>sinerhgiaempregos@gmail.com\n            <\/p>\n<p><strong>Compartilhe:<\/strong><\/p>\n<p>                <img data-recalc-dims=\"1\" loading=\"lazy\" decoding=\"async\" width=\"25\" height=\"25\" src=\"https:\/\/i0.wp.com\/francaclassificados.com\/\/source\/view\/img\/20w50.png?resize=25%2C25&#038;ssl=1\" alt=\"Imagem compartilhar whatsapp\"\/><\/p>\n<p>                <img data-recalc-dims=\"1\" loading=\"lazy\" decoding=\"async\" width=\"25\" height=\"25\" src=\"https:\/\/i0.wp.com\/francaclassificados.com\/\/source\/view\/img\/18w50.png?resize=25%2C25&#038;ssl=1\" alt=\"Imagem compartilhar facebook\"\/><\/p>\n<\/p><\/div>\n<p>    <script async=\"\" src=\"https:\/\/pagead2.googlesyndication.com\/pagead\/js\/adsbygoogle.js?client=ca-pub-2853392113352629\" crossorigin=\"anonymous\"\/>\n    <ins class=\"adsbygoogle\" style=\"display:block\" data-ad-client=\"ca-pub-2853392113352629\" data-ad-slot=\"2925831803\" data-ad-format=\"auto\" data-full-width-responsive=\"true\"\/>\n    <script><![CDATA[\n    (adsbygoogle = window.adsbygoogle || []).push({});\n    ]]><\/script><\/p>\n<div class=\"emp\">\n<p>\n            FAXINEIRA<br \/>Contrata-se faxineira com experi\u00eancia . Interessados enviar curr\u00edculo para: curriculovagasf1@gmail.com com o nome da vaga no assunto.<br \/>\n            <br \/>sinerhgiaempregos@gmail.com\n            <\/p>\n<p><strong>Compartilhe:<\/strong><\/p>\n<p>                <img data-recalc-dims=\"1\" loading=\"lazy\" decoding=\"async\" width=\"25\" height=\"25\" src=\"https:\/\/i0.wp.com\/francaclassificados.com\/\/source\/view\/img\/20w50.png?resize=25%2C25&#038;ssl=1\" alt=\"Imagem compartilhar whatsapp\"\/><\/p>\n<p>                <img data-recalc-dims=\"1\" loading=\"lazy\" decoding=\"async\" width=\"25\" height=\"25\" src=\"https:\/\/i0.wp.com\/francaclassificados.com\/\/source\/view\/img\/18w50.png?resize=25%2C25&#038;ssl=1\" alt=\"Imagem compartilhar facebook\"\/><\/p>\n<\/p><\/div>\n<div class=\"emp\">\n<p>\n            ADMITE-SE CILINDREIRO e BAMBURISTA diferencial ter experi\u00eancia, masculino, in\u00edcio imediato, buscamos pessoas respons\u00e1veis e comprometidas.Enviar curr\u00edculo para o e-mail: curriculum.producao@hotmail.com**<br \/>\n            <br \/>sinerhgiaempregos@gmail.com\n            <\/p>\n<p><strong>Compartilhe:<\/strong><\/p>\n<p>                <img data-recalc-dims=\"1\" loading=\"lazy\" decoding=\"async\" width=\"25\" height=\"25\" src=\"https:\/\/i0.wp.com\/francaclassificados.com\/\/source\/view\/img\/20w50.png?resize=25%2C25&#038;ssl=1\" alt=\"Imagem compartilhar whatsapp\"\/><\/p>\n<p>                <img data-recalc-dims=\"1\" loading=\"lazy\" decoding=\"async\" width=\"25\" height=\"25\" src=\"https:\/\/i0.wp.com\/francaclassificados.com\/\/source\/view\/img\/18w50.png?resize=25%2C25&#038;ssl=1\" alt=\"Imagem compartilhar facebook\"\/><\/p>\n<\/p><\/div>\n<p>    <script async=\"\" src=\"https:\/\/pagead2.googlesyndication.com\/pagead\/js\/adsbygoogle.js?client=ca-pub-2853392113352629\" crossorigin=\"anonymous\"\/>\n    <ins class=\"adsbygoogle\" style=\"display:block\" data-ad-client=\"ca-pub-2853392113352629\" data-ad-slot=\"2925831803\" data-ad-format=\"auto\" data-full-width-responsive=\"true\"\/>\n    <script><![CDATA[\n    (adsbygoogle = window.adsbygoogle || []).push({});\n    ]]><\/script><\/p>\n<div class=\"emp\">\n<p>\n            AUXILIAR DE PRODU\u00c7\u00c3O<br \/>Industria de Pe\u00e7as Agr\u00edcolas em Franca admite auxiliar de produ\u00e7\u00e3o , n\u00e3o \u00e9 necess\u00e1rio ter experi\u00eancia, porem precisa ser proativo, comprometido e din\u00e2mico. Benef\u00edcios : salario acima do piso, vale alimenta\u00e7\u00e3o, convenio medico, convenio com farm\u00e1cia, convenio com o SESI e bonifica\u00e7\u00e3o. Interessados enviar curriculum para recrutamento@ferracopecas.com.br<br \/>\n            <br \/>sinerhgiaempregos@gmail.com\n            <\/p>\n<p><strong>Compartilhe:<\/strong><\/p>\n<p>                <img data-recalc-dims=\"1\" loading=\"lazy\" decoding=\"async\" width=\"25\" height=\"25\" src=\"https:\/\/i0.wp.com\/francaclassificados.com\/\/source\/view\/img\/20w50.png?resize=25%2C25&#038;ssl=1\" alt=\"Imagem compartilhar whatsapp\"\/><\/p>\n<p>                <img data-recalc-dims=\"1\" loading=\"lazy\" decoding=\"async\" width=\"25\" height=\"25\" src=\"https:\/\/i0.wp.com\/francaclassificados.com\/\/source\/view\/img\/18w50.png?resize=25%2C25&#038;ssl=1\" alt=\"Imagem compartilhar facebook\"\/><\/p>\n<\/p><\/div>\n<div class=\"emp\">\n<p>\n            Atendente\/ Caixa<br \/>Oportunidade: ESTAMOS CONTRATANDO --- Vagas -- ATENDENTE\/ CAIXA, enviar curr\u00edculo para vaga.24horas@gmail.com, Trata-se de uma vaga para Atendente\/Caixa. Trabalha todos os dias, tendo uma folga semanal. PERIODO TARDE\/NOITE. Sal\u00e1rio de R$1.747,78 + beneficios. A empresa fica pr\u00f3xima ao Habibs, na Av Alonso y Alonso. Essas condi\u00e7\u00f5es te interessam? enviar curr\u00edculo para vaga.24horas@gmail.com<br \/>\n            <br \/>sinerhgiaempregos@gmail.com\n            <\/p>\n<p><strong>Compartilhe:<\/strong><\/p>\n<p>                <img data-recalc-dims=\"1\" loading=\"lazy\" decoding=\"async\" width=\"25\" height=\"25\" src=\"https:\/\/i0.wp.com\/francaclassificados.com\/\/source\/view\/img\/20w50.png?resize=25%2C25&#038;ssl=1\" alt=\"Imagem compartilhar whatsapp\"\/><\/p>\n<p>                <img data-recalc-dims=\"1\" loading=\"lazy\" decoding=\"async\" width=\"25\" height=\"25\" src=\"https:\/\/i0.wp.com\/francaclassificados.com\/\/source\/view\/img\/18w50.png?resize=25%2C25&#038;ssl=1\" alt=\"Imagem compartilhar facebook\"\/><\/p>\n<\/p><\/div>\n<p>    <script async=\"\" src=\"https:\/\/pagead2.googlesyndication.com\/pagead\/js\/adsbygoogle.js?client=ca-pub-2853392113352629\" crossorigin=\"anonymous\"\/>\n    <ins class=\"adsbygoogle\" style=\"display:block\" data-ad-client=\"ca-pub-2853392113352629\" data-ad-slot=\"2925831803\" data-ad-format=\"auto\" data-full-width-responsive=\"true\"\/>\n    <script><![CDATA[\n    (adsbygoogle = window.adsbygoogle || []).push({});\n    ]]><\/script><\/p>\n<div class=\"emp\">\n<p>\n            DEPARTAMENTO FISCAL<br \/>Escrit\u00f3rio Contrata para o Depto Fiscal, com experi\u00eancia nas rotinas do setor (Escritura\u00e7\u00e3o de NFs, apura\u00e7\u00e3o de impostos de empresas Simples Nacional, envio de obriga\u00e7\u00f5es acess\u00f3rias \u2013 atendimento a clientes). Experi\u00eancia em escrit\u00f3rio cont\u00e1bil ser\u00e1 um diferencial. Sal\u00e1rio + Vale Alimenta\u00e7\u00e3o. Interessados Curriculo: selecaodptofiscal@hotmail.com<br \/>\n            <br \/>sinerhgiaempregos@gmail.com\n            <\/p>\n<p><strong>Compartilhe:<\/strong><\/p>\n<p>                <img data-recalc-dims=\"1\" loading=\"lazy\" decoding=\"async\" width=\"25\" height=\"25\" src=\"https:\/\/i0.wp.com\/francaclassificados.com\/\/source\/view\/img\/20w50.png?resize=25%2C25&#038;ssl=1\" alt=\"Imagem compartilhar whatsapp\"\/><\/p>\n<p>                <img data-recalc-dims=\"1\" loading=\"lazy\" decoding=\"async\" width=\"25\" height=\"25\" src=\"https:\/\/i0.wp.com\/francaclassificados.com\/\/source\/view\/img\/18w50.png?resize=25%2C25&#038;ssl=1\" alt=\"Imagem compartilhar facebook\"\/><\/p>\n<\/p><\/div>\n<div class=\"emp\">\n<p>\n            Empresa do ramo automotivo localizada em Franca\u2013SP, contrata: OPERADOR DE M\u00c1QUINA DE CORTE, PESPONTADOR. Os interessados devem enviar o curr\u00edculo para o e-mail trabalheconosco@couroearte.com.br com o nome da vaga.<br \/>\n            <br \/>sinerhgiaempregos@gmail.com\n            <\/p>\n<p><strong>Compartilhe:<\/strong><\/p>\n<p>                <img data-recalc-dims=\"1\" loading=\"lazy\" decoding=\"async\" width=\"25\" height=\"25\" src=\"https:\/\/i0.wp.com\/francaclassificados.com\/\/source\/view\/img\/20w50.png?resize=25%2C25&#038;ssl=1\" alt=\"Imagem compartilhar whatsapp\"\/><\/p>\n<p>                <img data-recalc-dims=\"1\" loading=\"lazy\" decoding=\"async\" width=\"25\" height=\"25\" src=\"https:\/\/i0.wp.com\/francaclassificados.com\/\/source\/view\/img\/18w50.png?resize=25%2C25&#038;ssl=1\" alt=\"Imagem compartilhar facebook\"\/><\/p>\n<\/p><\/div>\n<p>    <script async=\"\" src=\"https:\/\/pagead2.googlesyndication.com\/pagead\/js\/adsbygoogle.js?client=ca-pub-2853392113352629\" crossorigin=\"anonymous\"\/>\n    <ins class=\"adsbygoogle\" style=\"display:block\" data-ad-client=\"ca-pub-2853392113352629\" data-ad-slot=\"2925831803\" data-ad-format=\"auto\" data-full-width-responsive=\"true\"\/>\n    <script><![CDATA[\n    (adsbygoogle = window.adsbygoogle || []).push({});\n    ]]><\/script><\/p>\n<div class=\"emp\">\n<p>\n            CONTRATA-SE<br \/>COLADEIRA DE PE\u00c7AS, APONTADOR DE SOLA, STRINGADOR, CORINGA DE ESTEIRA, PASSADOR DE VI\u00c9S, PASSADEIRA DE COLA NA SOLA, PASSADEIRA DE COLA NO CABEDAL, DOBRADEIRA NA M\u00c1QUINA, RISCADOR, ACABADOR, INJETOR QUE SAIBA INJE\u00c7\u00c3O DIRETA NO CABEDAL com experi\u00eancia. Enviar curr\u00edculo para: (16) 99128-3696.<br \/>\n            <br \/>sinerhgiaempregos@gmail.com\n            <\/p>\n<p><strong>Compartilhe:<\/strong><\/p>\n<p>                <img data-recalc-dims=\"1\" loading=\"lazy\" decoding=\"async\" width=\"25\" height=\"25\" src=\"https:\/\/i0.wp.com\/francaclassificados.com\/\/source\/view\/img\/20w50.png?resize=25%2C25&#038;ssl=1\" alt=\"Imagem compartilhar whatsapp\"\/><\/p>\n<p>                <img data-recalc-dims=\"1\" loading=\"lazy\" decoding=\"async\" width=\"25\" height=\"25\" src=\"https:\/\/i0.wp.com\/francaclassificados.com\/\/source\/view\/img\/18w50.png?resize=25%2C25&#038;ssl=1\" alt=\"Imagem compartilhar facebook\"\/><\/p>\n<\/p><\/div>\n<div class=\"emp\">\n<p>\n            Auxiliar de ecomerce<br \/>Precisamos de auxiliar de ecomerce com experi\u00eancia em embalagem e separa\u00e7\u00e3o de produtos 16993121442 WhatsApp<br \/>\n            <br \/>sinerhgiaempregos@gmail.com\n            <\/p>\n<p><strong>Compartilhe:<\/strong><\/p>\n<p>                <img data-recalc-dims=\"1\" loading=\"lazy\" decoding=\"async\" width=\"25\" height=\"25\" src=\"https:\/\/i0.wp.com\/francaclassificados.com\/\/source\/view\/img\/20w50.png?resize=25%2C25&#038;ssl=1\" alt=\"Imagem compartilhar whatsapp\"\/><\/p>\n<p>                <img data-recalc-dims=\"1\" loading=\"lazy\" decoding=\"async\" width=\"25\" height=\"25\" src=\"https:\/\/i0.wp.com\/francaclassificados.com\/\/source\/view\/img\/18w50.png?resize=25%2C25&#038;ssl=1\" alt=\"Imagem compartilhar facebook\"\/><\/p>\n<\/p><\/div>\n<p>    <script async=\"\" src=\"https:\/\/pagead2.googlesyndication.com\/pagead\/js\/adsbygoogle.js?client=ca-pub-2853392113352629\" crossorigin=\"anonymous\"\/>\n    <ins class=\"adsbygoogle\" style=\"display:block\" data-ad-client=\"ca-pub-2853392113352629\" data-ad-slot=\"2925831803\" data-ad-format=\"auto\" data-full-width-responsive=\"true\"\/>\n    <script><![CDATA[\n    (adsbygoogle = window.adsbygoogle || []).push({});\n    ]]><\/script><\/p>\n<div class=\"emp\">\n<p>\n            VENDEDORA E MONTADOR<br \/>Estamos aumentando o quadro de colaboradores: Contrata-se PROMOTORA DE VENDAS e MONTADOR DE M\u00d3VEIS, para in\u00edcio imediato. Interessados, dirigir-se \u00e0 loja munidos de curr\u00edculo. Av. Santos Dumont, 130 - Esta\u00e7\u00e3o ou encaminhar curr\u00edculo via e-mail: loja08@lojasxavier.com ou via WhatsApp: (16) 99186-4009<br \/>\n            <br \/>sinerhgiaempregos@gmail.com\n            <\/p>\n<p><strong>Compartilhe:<\/strong><\/p>\n<p>                <img data-recalc-dims=\"1\" loading=\"lazy\" decoding=\"async\" width=\"25\" height=\"25\" src=\"https:\/\/i0.wp.com\/francaclassificados.com\/\/source\/view\/img\/20w50.png?resize=25%2C25&#038;ssl=1\" alt=\"Imagem compartilhar whatsapp\"\/><\/p>\n<p>                <img data-recalc-dims=\"1\" loading=\"lazy\" decoding=\"async\" width=\"25\" height=\"25\" src=\"https:\/\/i0.wp.com\/francaclassificados.com\/\/source\/view\/img\/18w50.png?resize=25%2C25&#038;ssl=1\" alt=\"Imagem compartilhar facebook\"\/><\/p>\n<\/p><\/div>\n<div class=\"emp\">\n<p>\n            1 - SUPERVISOR(A) | 2 - ESTAGI\u00c1RIO(A)<br \/>VAGA 01: SUPERVISOR DE ATENDIMENTO AO CLIENTE. Acima dos 25 anos de idade. Perfil de lideran\u00e7a. Boa comunica\u00e7\u00e3o verbal e escrita, controle emocional e experi\u00eancia pr\u00e9via com vendas e capta\u00e7\u00e3o de clientes pela internet. | VAGA 02: ESTAGI\u00c1RIO DE ATENDIMENTO AO CLIENTE: Acima dos 16 anos de idade. Comunicativo e pro atividade para aprender. | Enviar curr\u00edculo para: eliane.contratacaoescritorio@gmail.com<br \/>\n            <br \/>sinerhgiaempregos@gmail.com\n            <\/p>\n<p><strong>Compartilhe:<\/strong><\/p>\n<p>                <img data-recalc-dims=\"1\" loading=\"lazy\" decoding=\"async\" width=\"25\" height=\"25\" src=\"https:\/\/i0.wp.com\/francaclassificados.com\/\/source\/view\/img\/20w50.png?resize=25%2C25&#038;ssl=1\" alt=\"Imagem compartilhar whatsapp\"\/><\/p>\n<p>                <img data-recalc-dims=\"1\" loading=\"lazy\" decoding=\"async\" width=\"25\" height=\"25\" src=\"https:\/\/i0.wp.com\/francaclassificados.com\/\/source\/view\/img\/18w50.png?resize=25%2C25&#038;ssl=1\" alt=\"Imagem compartilhar facebook\"\/><\/p>\n<\/p><\/div>\n<p>    <script async=\"\" src=\"https:\/\/pagead2.googlesyndication.com\/pagead\/js\/adsbygoogle.js?client=ca-pub-2853392113352629\" crossorigin=\"anonymous\"\/>\n    <ins class=\"adsbygoogle\" style=\"display:block\" data-ad-client=\"ca-pub-2853392113352629\" data-ad-slot=\"2925831803\" data-ad-format=\"auto\" data-full-width-responsive=\"true\"\/>\n    <script><![CDATA[\n    (adsbygoogle = window.adsbygoogle || []).push({});\n    ]]><\/script><\/p>\n<div class=\"emp\">\n<p>\n            Auxiliar de Expedi\u00e7\u00e3o<br \/>Procuramos profissional \u00e1gil e comprometido para atuar no setor de expedi\u00e7\u00e3o. Fun\u00e7\u00f5es: embalar caixas e demais atividades relacionadas ao processo de expedi\u00e7\u00e3o. Enviar Curriculo 16 999789551 falar com Elton .<br \/>\n            <br \/>sinerhgiaempregos@gmail.com\n            <\/p>\n<p><strong>Compartilhe:<\/strong><\/p>\n<p>                <img data-recalc-dims=\"1\" loading=\"lazy\" decoding=\"async\" width=\"25\" height=\"25\" src=\"https:\/\/i0.wp.com\/francaclassificados.com\/\/source\/view\/img\/20w50.png?resize=25%2C25&#038;ssl=1\" alt=\"Imagem compartilhar whatsapp\"\/><\/p>\n<p>                <img data-recalc-dims=\"1\" loading=\"lazy\" decoding=\"async\" width=\"25\" height=\"25\" src=\"https:\/\/i0.wp.com\/francaclassificados.com\/\/source\/view\/img\/18w50.png?resize=25%2C25&#038;ssl=1\" alt=\"Imagem compartilhar facebook\"\/><\/p>\n<\/p><\/div>\n<div class=\"emp\">\n<p>\n            Camareira<br \/>Remunera\u00e7\u00e3o R$ 1.900,00 (M\u00eas) - CLT; Descri\u00e7\u00e3o Hor\u00e1rio de trabalho: Segunda a S\u00e1bado das 08h00 as 16h20 Atividades: Limpeza de quartos e \u00e1reas comuns do Hotel Requisitos Ensino M\u00e9dio Completo Experi\u00eancia anterior em fun\u00e7\u00e3o similar CNH e ve\u00edculo pr\u00f3prio Benef\u00edcios Vale Transporte R$ 250,00 Vale Refei\u00e7\u00e3o R$ 380,00<br \/>\n            <br \/>sinerhgiaempregos@gmail.com<br \/>\n            <br \/>sinerhgiaempregos@gmail.com\n            <\/p>\n<p><strong>Compartilhe:<\/strong><\/p>\n<p>                <img data-recalc-dims=\"1\" loading=\"lazy\" decoding=\"async\" width=\"25\" height=\"25\" src=\"https:\/\/i0.wp.com\/francaclassificados.com\/\/source\/view\/img\/20w50.png?resize=25%2C25&#038;ssl=1\" alt=\"Imagem compartilhar whatsapp\"\/><\/p>\n<p>                <img data-recalc-dims=\"1\" loading=\"lazy\" decoding=\"async\" width=\"25\" height=\"25\" src=\"https:\/\/i0.wp.com\/francaclassificados.com\/\/source\/view\/img\/18w50.png?resize=25%2C25&#038;ssl=1\" alt=\"Imagem compartilhar facebook\"\/><\/p>\n<\/p><\/div>\n<p>    <script async=\"\" src=\"https:\/\/pagead2.googlesyndication.com\/pagead\/js\/adsbygoogle.js?client=ca-pub-2853392113352629\" crossorigin=\"anonymous\"\/>\n    <ins class=\"adsbygoogle\" style=\"display:block\" data-ad-client=\"ca-pub-2853392113352629\" data-ad-slot=\"2925831803\" data-ad-format=\"auto\" data-full-width-responsive=\"true\"\/>\n    <script><![CDATA[\n    (adsbygoogle = window.adsbygoogle || []).push({});\n    ]]><\/script><\/p>\n<div class=\"emp\">\n<p>\n            Motorista \/ Entregador<br \/>Curr\u00edculo e-mail: cpagar@distribuidorajsm.com.br Admite-se motorista\/entregador produtos aliment\u00edcios ...Caminh\u00e3o carteira \u201cD\u201d, disponibilidade para in\u00edcio imediato\u2026 n\u00e3o dorme fora de Franca\u2026Sal\u00e1rio R$2330,00 + Cesta B\u00e1sica. Carga Hor\u00e1ria: Segunda a Sexta-Feira<br \/>\n            <br \/>sinerhgiaempregos@gmail.com\n            <\/p>\n<p><strong>Compartilhe:<\/strong><\/p>\n<p>                <img data-recalc-dims=\"1\" loading=\"lazy\" decoding=\"async\" width=\"25\" height=\"25\" src=\"https:\/\/i0.wp.com\/francaclassificados.com\/\/source\/view\/img\/20w50.png?resize=25%2C25&#038;ssl=1\" alt=\"Imagem compartilhar whatsapp\"\/><\/p>\n<p>                <img data-recalc-dims=\"1\" loading=\"lazy\" decoding=\"async\" width=\"25\" height=\"25\" src=\"https:\/\/i0.wp.com\/francaclassificados.com\/\/source\/view\/img\/18w50.png?resize=25%2C25&#038;ssl=1\" alt=\"Imagem compartilhar facebook\"\/><\/p>\n<\/p><\/div>\n<div class=\"emp\">\n<p>\n            TEMOS VAGAS<br \/>EMPRESA CAL\u00c7ADISTA CONTRATA: AUXILIAR DE PRODU\u00c7\u00c3O, COLADEIRA DE PE\u00c7AS, MOLDADOR DE CONTRA FORTE, CONSERTISTA, AUXILIAR DE MONTAGEM. INTERESSADOS ENVIAR CURRICULO ATRAV\u00c9S DO EMAIL: selecaocs01@gmail.com - INFORMANDO A VAGA DESEJADA OU WHATSAPP (16)3711-1439<br \/>\n            <br \/>sinerhgiaempregos@gmail.com\n            <\/p>\n<p><strong>Compartilhe:<\/strong><\/p>\n<p>                <img data-recalc-dims=\"1\" loading=\"lazy\" decoding=\"async\" width=\"25\" height=\"25\" src=\"https:\/\/i0.wp.com\/francaclassificados.com\/\/source\/view\/img\/20w50.png?resize=25%2C25&#038;ssl=1\" alt=\"Imagem compartilhar whatsapp\"\/><\/p>\n<p>                <img data-recalc-dims=\"1\" loading=\"lazy\" decoding=\"async\" width=\"25\" height=\"25\" src=\"https:\/\/i0.wp.com\/francaclassificados.com\/\/source\/view\/img\/18w50.png?resize=25%2C25&#038;ssl=1\" alt=\"Imagem compartilhar facebook\"\/><\/p>\n<\/p><\/div>\n<p>    <script async=\"\" src=\"https:\/\/pagead2.googlesyndication.com\/pagead\/js\/adsbygoogle.js?client=ca-pub-2853392113352629\" crossorigin=\"anonymous\"\/>\n    <ins class=\"adsbygoogle\" style=\"display:block\" data-ad-client=\"ca-pub-2853392113352629\" data-ad-slot=\"2925831803\" data-ad-format=\"auto\" data-full-width-responsive=\"true\"\/>\n    <script><![CDATA[\n    (adsbygoogle = window.adsbygoogle || []).push({});\n    ]]><\/script><\/p>\n<div class=\"emp\">\n<p>\n            ASSISTENTE DE MARKETING<br \/>Estamos em busca de um profissional para a vaga com experi\u00eancia na fun\u00e7\u00e3o, conhecimento em redes sociais, e-mail marketing, conhecimento em plataformas de e-commerce, SEO. Sal\u00e1rio compat\u00edvel com o mercado, vale alimenta\u00e7\u00e3o, gympass, conv\u00eanios farm\u00e1cia e posto de combust\u00edvel. Interessados enviar curr\u00edculo para o email: rh@naturalfitness.com.br<br \/>\n            <br \/>sinerhgiaempregos@gmail.com\n            <\/p>\n<p><strong>Compartilhe:<\/strong><\/p>\n<p>                <img data-recalc-dims=\"1\" loading=\"lazy\" decoding=\"async\" width=\"25\" height=\"25\" src=\"https:\/\/i0.wp.com\/francaclassificados.com\/\/source\/view\/img\/20w50.png?resize=25%2C25&#038;ssl=1\" alt=\"Imagem compartilhar whatsapp\"\/><\/p>\n<p>                <img data-recalc-dims=\"1\" loading=\"lazy\" decoding=\"async\" width=\"25\" height=\"25\" src=\"https:\/\/i0.wp.com\/francaclassificados.com\/\/source\/view\/img\/18w50.png?resize=25%2C25&#038;ssl=1\" alt=\"Imagem compartilhar facebook\"\/><\/p>\n<\/p><\/div>\n<div class=\"emp\">\n<p>\n            ADMITE Auxiliar contabil com pratica em contabilidade enviar curriculo para; difranca2016@bol.com.br<br \/>\n            <br \/>sinerhgiaempregos@gmail.com\n            <\/p>\n<p><strong>Compartilhe:<\/strong><\/p>\n<p>                <img data-recalc-dims=\"1\" loading=\"lazy\" decoding=\"async\" width=\"25\" height=\"25\" src=\"https:\/\/i0.wp.com\/francaclassificados.com\/\/source\/view\/img\/20w50.png?resize=25%2C25&#038;ssl=1\" alt=\"Imagem compartilhar whatsapp\"\/><\/p>\n<p>                <img data-recalc-dims=\"1\" loading=\"lazy\" decoding=\"async\" width=\"25\" height=\"25\" src=\"https:\/\/i0.wp.com\/francaclassificados.com\/\/source\/view\/img\/18w50.png?resize=25%2C25&#038;ssl=1\" alt=\"Imagem compartilhar facebook\"\/><\/p>\n<\/p><\/div>\n<p>    <script async=\"\" src=\"https:\/\/pagead2.googlesyndication.com\/pagead\/js\/adsbygoogle.js?client=ca-pub-2853392113352629\" crossorigin=\"anonymous\"\/>\n    <ins class=\"adsbygoogle\" style=\"display:block\" data-ad-client=\"ca-pub-2853392113352629\" data-ad-slot=\"2925831803\" data-ad-format=\"auto\" data-full-width-responsive=\"true\"\/>\n    <script><![CDATA[\n    (adsbygoogle = window.adsbygoogle || []).push({});\n    ]]><\/script><\/p>\n<div class=\"emp\">\n<p>\n            Estamos com oportunidade para t\u00e9cnico de eventos. Esse profissional ir\u00e1 atuar atendendo os produtores de eventos no escrit\u00f3rio durante a semana e aos finais de semana quando estiver escalado ir\u00e1 viajar em eventos da empresa. Temos tamb\u00e9m oportunidade para Especialista em log\u00edstica, esse profissional deve ter conhecimento com controles de frota, envios de equipamentos n\u00edvel nacional. Interessou? mande curr\u00edculo para: mariana.villani@q2ingressos.com.br<br \/>\n            <br \/>sinerhgiaempregos@gmail.com\n            <\/p>\n<p><strong>Compartilhe:<\/strong><\/p>\n<p>                <img data-recalc-dims=\"1\" loading=\"lazy\" decoding=\"async\" width=\"25\" height=\"25\" src=\"https:\/\/i0.wp.com\/francaclassificados.com\/\/source\/view\/img\/20w50.png?resize=25%2C25&#038;ssl=1\" alt=\"Imagem compartilhar whatsapp\"\/><\/p>\n<p>                <img data-recalc-dims=\"1\" loading=\"lazy\" decoding=\"async\" width=\"25\" height=\"25\" src=\"https:\/\/i0.wp.com\/francaclassificados.com\/\/source\/view\/img\/18w50.png?resize=25%2C25&#038;ssl=1\" alt=\"Imagem compartilhar facebook\"\/><\/p>\n<\/p><\/div>\n<div class=\"emp\">\n<p>\n            Auxiliar de estoque Ecommerce<br \/>Empresa de ecommerce Auxiliar de estoque com ou sem experi\u00eancia, se voc\u00ea tem boa disposi\u00e7\u00e3o, agilidade, aten\u00e7\u00e3o aos detalhes, Auxiliar de Estoque \u00e9 respons\u00e1vel por receber e armazenar as mercadorias, e tamb\u00e9m separa\u00e7\u00e3o de fichas. Trabalhamos em hor\u00e1rio comercial de segunda a sexta das 07h \u00e1s 16h30m, Empresa de ecommerce email: danilopxt66@gmail.com<br \/>\n            <br \/>sinerhgiaempregos@gmail.com\n            <\/p>\n<p><strong>Compartilhe:<\/strong><\/p>\n<p>                <img data-recalc-dims=\"1\" loading=\"lazy\" decoding=\"async\" width=\"25\" height=\"25\" src=\"https:\/\/i0.wp.com\/francaclassificados.com\/\/source\/view\/img\/20w50.png?resize=25%2C25&#038;ssl=1\" alt=\"Imagem compartilhar whatsapp\"\/><\/p>\n<p>                <img data-recalc-dims=\"1\" loading=\"lazy\" decoding=\"async\" width=\"25\" height=\"25\" src=\"https:\/\/i0.wp.com\/francaclassificados.com\/\/source\/view\/img\/18w50.png?resize=25%2C25&#038;ssl=1\" alt=\"Imagem compartilhar facebook\"\/><\/p>\n<\/p><\/div>\n<p>    <script async=\"\" src=\"https:\/\/pagead2.googlesyndication.com\/pagead\/js\/adsbygoogle.js?client=ca-pub-2853392113352629\" crossorigin=\"anonymous\"\/>\n    <ins class=\"adsbygoogle\" style=\"display:block\" data-ad-client=\"ca-pub-2853392113352629\" data-ad-slot=\"2925831803\" data-ad-format=\"auto\" data-full-width-responsive=\"true\"\/>\n    <script><![CDATA[\n    (adsbygoogle = window.adsbygoogle || []).push({});\n    ]]><\/script><\/p>\n<div class=\"emp\">\n<p>\n            Vendedora para loja de cal\u00e7ados<br \/>Contrata-se Free Lance para Novembro e Dezembro com poss\u00edvel contrata\u00e7\u00e3o ap\u00f3s este per\u00edodo. Favor enviar curr\u00edculo para o e-mail: sacpedevento@gmail.com<br \/>\n            <br \/>sinerhgiaempregos@gmail.com\n            <\/p>\n<p><strong>Compartilhe:<\/strong><\/p>\n<p>                <img data-recalc-dims=\"1\" loading=\"lazy\" decoding=\"async\" width=\"25\" height=\"25\" src=\"https:\/\/i0.wp.com\/francaclassificados.com\/\/source\/view\/img\/20w50.png?resize=25%2C25&#038;ssl=1\" alt=\"Imagem compartilhar whatsapp\"\/><\/p>\n<p>                <img data-recalc-dims=\"1\" loading=\"lazy\" decoding=\"async\" width=\"25\" height=\"25\" src=\"https:\/\/i0.wp.com\/francaclassificados.com\/\/source\/view\/img\/18w50.png?resize=25%2C25&#038;ssl=1\" alt=\"Imagem compartilhar facebook\"\/><\/p>\n<\/p><\/div>\n<div class=\"emp\">\n<p>\n            FRENTISTA DIURNO \/ MATITURNO<br \/>Precisa-se de frentista com EXPERI\u00caNCIA COMPROVADA para trabalhar em posto de combust\u00edvel localizado na zona leste de Franca. Requisitos: \u2022 Saber fazer troca de \u00f3leo \u2022 Saber operar no sistema FUELTEC \u2022 Viv\u00eancia em posto de combust\u00edvel comprovada em carteira \u2022 Disponibilidade para trabalhar aos finais de semanas \u2022 Boa rela\u00e7\u00e3o interpessoal Sal\u00e1rio compat\u00edvel com a conven\u00e7\u00e3o coletiva + VR + VA + comiss\u00e3o sobre venda de \u00f3leo. Interessados enviar curr\u00edculo no e-mail: rhpostoal@hotmail.com<br \/>\n            <br \/>sinerhgiaempregos@gmail.com\n            <\/p>\n<p><strong>Compartilhe:<\/strong><\/p>\n<p>                <img data-recalc-dims=\"1\" loading=\"lazy\" decoding=\"async\" width=\"25\" height=\"25\" src=\"https:\/\/i0.wp.com\/francaclassificados.com\/\/source\/view\/img\/20w50.png?resize=25%2C25&#038;ssl=1\" alt=\"Imagem compartilhar whatsapp\"\/><\/p>\n<p>                <img data-recalc-dims=\"1\" loading=\"lazy\" decoding=\"async\" width=\"25\" height=\"25\" src=\"https:\/\/i0.wp.com\/francaclassificados.com\/\/source\/view\/img\/18w50.png?resize=25%2C25&#038;ssl=1\" alt=\"Imagem compartilhar facebook\"\/><\/p>\n<\/p><\/div>\n<p>    <script async=\"\" src=\"https:\/\/pagead2.googlesyndication.com\/pagead\/js\/adsbygoogle.js?client=ca-pub-2853392113352629\" crossorigin=\"anonymous\"\/>\n    <ins class=\"adsbygoogle\" style=\"display:block\" data-ad-client=\"ca-pub-2853392113352629\" data-ad-slot=\"2925831803\" data-ad-format=\"auto\" data-full-width-responsive=\"true\"\/>\n    <script><![CDATA[\n    (adsbygoogle = window.adsbygoogle || []).push({});\n    ]]><\/script><\/p>\n<div class=\"emp\">\n<p>\n            Atendente de Lanchonete<br \/>In\u00edcio imediato atendente de lanchonete com disponibilidade de hor\u00e1rio. Experi\u00eancia no cargo \u00e9 uma vantagem. Importante ser proativo, \u00e1gil, ter boa comunica\u00e7\u00e3o, experi\u00eancia na cozinha e que tenha vontade de aprender. Enviar curr\u00edculo direto na loja ou enviar no e-mail: qdonutsfranca@gmail.com Endere\u00e7o: Avenida Presidente Vargas 820, Cidade Nova, Franca\/SP<br \/>\n            <br \/>sinerhgiaempregos@gmail.com\n            <\/p>\n<p><strong>Compartilhe:<\/strong><\/p>\n<p>                <img data-recalc-dims=\"1\" loading=\"lazy\" decoding=\"async\" width=\"25\" height=\"25\" src=\"https:\/\/i0.wp.com\/francaclassificados.com\/\/source\/view\/img\/20w50.png?resize=25%2C25&#038;ssl=1\" alt=\"Imagem compartilhar whatsapp\"\/><\/p>\n<p>                <img data-recalc-dims=\"1\" loading=\"lazy\" decoding=\"async\" width=\"25\" height=\"25\" src=\"https:\/\/i0.wp.com\/francaclassificados.com\/\/source\/view\/img\/18w50.png?resize=25%2C25&#038;ssl=1\" alt=\"Imagem compartilhar facebook\"\/><\/p>\n<\/p><\/div>\n<div class=\"emp\">\n<p>\n            PROGRAMA\u00c7\u00c3O EM PHP \u2013 CLT\/EST\u00c1GIO<br \/>Fun\u00e7\u00f5es: Conhecimento em PHP, Javascript, Phyton, programar, codificar e testar linguagens de programa\u00e7\u00e3o, com base nos sistemas desenvolvidos pelos analistas, executar a manuten\u00e7\u00e3o dos sistemas, fazendo eventuais corre\u00e7\u00f5es necess\u00e1rias. Qualifica\u00e7\u00f5es (Obrigat\u00f3rio): Cursando Sistemas de Informa\u00e7\u00e3o. O que oferecemos: Est\u00e1gio remunerado; V.T ; Hor\u00e1rio Flex\u00edvel; Enviar curr\u00edculo para o e-mail: mecontrata@audtax.com.br<br \/>\n            <br \/>sinerhgiaempregos@gmail.com\n            <\/p>\n<p><strong>Compartilhe:<\/strong><\/p>\n<p>                <img data-recalc-dims=\"1\" loading=\"lazy\" decoding=\"async\" width=\"25\" height=\"25\" src=\"https:\/\/i0.wp.com\/francaclassificados.com\/\/source\/view\/img\/20w50.png?resize=25%2C25&#038;ssl=1\" alt=\"Imagem compartilhar whatsapp\"\/><\/p>\n<p>                <img data-recalc-dims=\"1\" loading=\"lazy\" decoding=\"async\" width=\"25\" height=\"25\" src=\"https:\/\/i0.wp.com\/francaclassificados.com\/\/source\/view\/img\/18w50.png?resize=25%2C25&#038;ssl=1\" alt=\"Imagem compartilhar facebook\"\/><\/p>\n<\/p><\/div>\n<p>    <script async=\"\" src=\"https:\/\/pagead2.googlesyndication.com\/pagead\/js\/adsbygoogle.js?client=ca-pub-2853392113352629\" crossorigin=\"anonymous\"\/>\n    <ins class=\"adsbygoogle\" style=\"display:block\" data-ad-client=\"ca-pub-2853392113352629\" data-ad-slot=\"2925831803\" data-ad-format=\"auto\" data-full-width-responsive=\"true\"\/>\n    <script><![CDATA[\n    (adsbygoogle = window.adsbygoogle || []).push({});\n    ]]><\/script><\/p>\n<div class=\"emp\">\n<p>\n            Auxiliar Fiscal<br \/>Contrata auxiliar fiscal com experi\u00eancia em emiss\u00e3o e lan\u00e7amentos de notas fiscais, apura\u00e7\u00e3o dos impostos, entrega das obriga\u00e7\u00f5es (SPED Fiscal e SPED Contribui\u00e7\u00f5es, GIA, REINF) e conhecimento b\u00e1sico em inform\u00e1tica. Sal\u00e1rio de R$ 1.949,00 + V.A. R$ 638 + V.T. Segunda \u00e0 Sexta das 7h40 \u00e1s 18h00 (1h30 de almo\u00e7o). Interessados enviar curr\u00edculo para deptopessoalcidinhabraga@gmail.com<br \/>\n            <br \/>sinerhgiaempregos@gmail.com\n            <\/p>\n<p><strong>Compartilhe:<\/strong><\/p>\n<p>                <img data-recalc-dims=\"1\" loading=\"lazy\" decoding=\"async\" width=\"25\" height=\"25\" src=\"https:\/\/i0.wp.com\/francaclassificados.com\/\/source\/view\/img\/20w50.png?resize=25%2C25&#038;ssl=1\" alt=\"Imagem compartilhar whatsapp\"\/><\/p>\n<p>                <img data-recalc-dims=\"1\" loading=\"lazy\" decoding=\"async\" width=\"25\" height=\"25\" src=\"https:\/\/i0.wp.com\/francaclassificados.com\/\/source\/view\/img\/18w50.png?resize=25%2C25&#038;ssl=1\" alt=\"Imagem compartilhar facebook\"\/><\/p>\n<\/p><\/div>\n<div class=\"emp\">\n<p>\n            Auxiliar cont\u00e1bil ou contador<br \/>Precisamos de auxiliar cont\u00e1bil com experi\u00eancia em emiss\u00e3o de nota fiscal,servi\u00e7o interno 16993121442 whatssap<br \/>\n            <br \/>sinerhgiaempregos@gmail.com\n            <\/p>\n<p><strong>Compartilhe:<\/strong><\/p>\n<p>                <img data-recalc-dims=\"1\" loading=\"lazy\" decoding=\"async\" width=\"25\" height=\"25\" src=\"https:\/\/i0.wp.com\/francaclassificados.com\/\/source\/view\/img\/20w50.png?resize=25%2C25&#038;ssl=1\" alt=\"Imagem compartilhar whatsapp\"\/><\/p>\n<p>                <img data-recalc-dims=\"1\" loading=\"lazy\" decoding=\"async\" width=\"25\" height=\"25\" src=\"https:\/\/i0.wp.com\/francaclassificados.com\/\/source\/view\/img\/18w50.png?resize=25%2C25&#038;ssl=1\" alt=\"Imagem compartilhar facebook\"\/><\/p>\n<\/p><\/div>\n<p>    <script async=\"\" src=\"https:\/\/pagead2.googlesyndication.com\/pagead\/js\/adsbygoogle.js?client=ca-pub-2853392113352629\" crossorigin=\"anonymous\"\/>\n    <ins class=\"adsbygoogle\" style=\"display:block\" data-ad-client=\"ca-pub-2853392113352629\" data-ad-slot=\"2925831803\" data-ad-format=\"auto\" data-full-width-responsive=\"true\"\/>\n    <script><![CDATA[\n    (adsbygoogle = window.adsbygoogle || []).push({});\n    ]]><\/script><\/p>\n<div class=\"emp\">\n<p>\n            CHAPEIRO <br \/>Vaga chapeiro com experiencia para restaurante per\u00edodo noturno: das 17:15 \u00e1s 23:30 de Ter a Dom.Enviar curr\u00edculo pelo Whatsapp (16) 98250-4267.<br \/>\n            <br \/>sinerhgiaempregos@gmail.com\n            <\/p>\n<p><strong>Compartilhe:<\/strong><\/p>\n<p>                <img data-recalc-dims=\"1\" loading=\"lazy\" decoding=\"async\" width=\"25\" height=\"25\" src=\"https:\/\/i0.wp.com\/francaclassificados.com\/\/source\/view\/img\/20w50.png?resize=25%2C25&#038;ssl=1\" alt=\"Imagem compartilhar whatsapp\"\/><\/p>\n<p>                <img data-recalc-dims=\"1\" loading=\"lazy\" decoding=\"async\" width=\"25\" height=\"25\" src=\"https:\/\/i0.wp.com\/francaclassificados.com\/\/source\/view\/img\/18w50.png?resize=25%2C25&#038;ssl=1\" alt=\"Imagem compartilhar facebook\"\/><\/p>\n<\/p><\/div>\n<div class=\"emp\">\n<p>\n            Vendedor interno\/ Aux. de e-commerce<br \/>Temos vagas: Vendedor, Aux. de ecommerce, Operador de DTF, Costureira, buscamos vendedor(a) din\u00e2mico(a) e proativo(a) para integrar em nossa equipe, pontualidade e \u00e9 apaixonado(a) por alcan\u00e7ar meta; sal\u00e1rio + comiss\u00e3o, Aux.de e-commerce para fun\u00e7\u00f5es: prensa, embalagem, estoque, Operador de impressora DTF com experi\u00eancia, Costureira com experi\u00eancia em diversas m\u00e1quinas. Os interessados enviar curr\u00edculo; Vendas;16-99338-0182, Aux.e-commerce;16-99210-6826, DTF;16-99361-9613, Costura:16-99144-8356.<br \/>\n            <br \/>sinerhgiaempregos@gmail.com\n            <\/p>\n<p><strong>Compartilhe:<\/strong><\/p>\n<p>                <img data-recalc-dims=\"1\" loading=\"lazy\" decoding=\"async\" width=\"25\" height=\"25\" src=\"https:\/\/i0.wp.com\/francaclassificados.com\/\/source\/view\/img\/20w50.png?resize=25%2C25&#038;ssl=1\" alt=\"Imagem compartilhar whatsapp\"\/><\/p>\n<p>                <img data-recalc-dims=\"1\" loading=\"lazy\" decoding=\"async\" width=\"25\" height=\"25\" src=\"https:\/\/i0.wp.com\/francaclassificados.com\/\/source\/view\/img\/18w50.png?resize=25%2C25&#038;ssl=1\" alt=\"Imagem compartilhar facebook\"\/><\/p>\n<\/p><\/div>\n<p>    <script async=\"\" src=\"https:\/\/pagead2.googlesyndication.com\/pagead\/js\/adsbygoogle.js?client=ca-pub-2853392113352629\" crossorigin=\"anonymous\"\/>\n    <ins class=\"adsbygoogle\" style=\"display:block\" data-ad-client=\"ca-pub-2853392113352629\" data-ad-slot=\"2925831803\" data-ad-format=\"auto\" data-full-width-responsive=\"true\"\/>\n    <script><![CDATA[\n    (adsbygoogle = window.adsbygoogle || []).push({});\n    ]]><\/script><\/p>\n<div class=\"emp\">\n<p>\n            AUXILIAR DE E COMMERCE<br \/>ESTAMOS EM BUSCA DE UM PROFISSIONAL PARA INTEGRAR NOSSA EQUIPE COMO AUXILIAR DE E COMMERCE ! SE VOC\u00ca \u00c9 APAIXONADO POR VENDAS ONLINE , TEM FOCO EM RESULTADOS E DESEJA CRESCER ,ESTA \u00c9 UMA OPORTUNIDADE ! PRINCIPAIS RESPONSABILIDADES: SUPORTE NO CADASTRO DE AN\u00daNCIOS, ANALISE DE VENDAS , OTMIZA\u00c7\u00c3O DE PROCESSOS . BUSCAMOS : EXPRERI\u00caNCIA EM PLATAFORMAS DE E COMMERCE E INTERESSE EM NOVAS TECNOLOGIAS. OFERECEMOS SAL\u00c1RIO E BONIFICA\u00c7\u00d5ES. giselefreitasparticular@oulook.com<br \/>\n            <br \/>sinerhgiaempregos@gmail.com\n            <\/p>\n<p><strong>Compartilhe:<\/strong><\/p>\n<p>                <img data-recalc-dims=\"1\" loading=\"lazy\" decoding=\"async\" width=\"25\" height=\"25\" src=\"https:\/\/i0.wp.com\/francaclassificados.com\/\/source\/view\/img\/20w50.png?resize=25%2C25&#038;ssl=1\" alt=\"Imagem compartilhar whatsapp\"\/><\/p>\n<p>                <img data-recalc-dims=\"1\" loading=\"lazy\" decoding=\"async\" width=\"25\" height=\"25\" src=\"https:\/\/i0.wp.com\/francaclassificados.com\/\/source\/view\/img\/18w50.png?resize=25%2C25&#038;ssl=1\" alt=\"Imagem compartilhar facebook\"\/><\/p>\n<\/p><\/div>\n<div class=\"emp\">\n<p>\n            APLICADORA DE TRANSFER<br \/>BUSCAMOS PESSOAS DO SEXO FEMININO PARA APLICA\u00c7\u00c3O DE TRANSFER EM PALMILHAS DE P.U - EXPERIENCIA SER\u00c1 UM DIFERENCIAL - INTERESSADAS FAVOR ENVIAR CURR\u00cdCULO PARA: vagaspalmilhas@gmail.com<br \/>\n            <br \/>sinerhgiaempregos@gmail.com\n            <\/p>\n<p><strong>Compartilhe:<\/strong><\/p>\n<p>                <img data-recalc-dims=\"1\" loading=\"lazy\" decoding=\"async\" width=\"25\" height=\"25\" src=\"https:\/\/i0.wp.com\/francaclassificados.com\/\/source\/view\/img\/20w50.png?resize=25%2C25&#038;ssl=1\" alt=\"Imagem compartilhar whatsapp\"\/><\/p>\n<p>                <img data-recalc-dims=\"1\" loading=\"lazy\" decoding=\"async\" width=\"25\" height=\"25\" src=\"https:\/\/i0.wp.com\/francaclassificados.com\/\/source\/view\/img\/18w50.png?resize=25%2C25&#038;ssl=1\" alt=\"Imagem compartilhar facebook\"\/><\/p>\n<\/p><\/div>\n<p>    <script async=\"\" src=\"https:\/\/pagead2.googlesyndication.com\/pagead\/js\/adsbygoogle.js?client=ca-pub-2853392113352629\" crossorigin=\"anonymous\"\/>\n    <ins class=\"adsbygoogle\" style=\"display:block\" data-ad-client=\"ca-pub-2853392113352629\" data-ad-slot=\"2925831803\" data-ad-format=\"auto\" data-full-width-responsive=\"true\"\/>\n    <script><![CDATA[\n    (adsbygoogle = window.adsbygoogle || []).push({});\n    ]]><\/script><\/p>\n<div class=\"emp\">\n<p>\n            Auxiliar de E-Commerce<br \/>Responsabilidades: Separa\u00e7\u00e3o e organiza\u00e7\u00e3o de pedidos para envio; Confer\u00eancia de mercadorias recebidas e expedidas; Controle de estoque e pedido de produtos; Embalagem e etiquetagem dos produtos para envio; Auxiliar no processo log\u00edstico e garantir que os pedidos sejam enviados dentro do prazo; Suporte \u00e0s demais atividades relacionadas ao setor de e-commerce. Local: Distrito Industrial Hor\u00e1rio:07h00 as 16h48 de segunda-feira a sexta feira. Enviar curriculos paulocelioadm@gmail.com<br \/>\n            <br \/>sinerhgiaempregos@gmail.com\n            <\/p>\n<p><strong>Compartilhe:<\/strong><\/p>\n<p>                <img data-recalc-dims=\"1\" loading=\"lazy\" decoding=\"async\" width=\"25\" height=\"25\" src=\"https:\/\/i0.wp.com\/francaclassificados.com\/\/source\/view\/img\/20w50.png?resize=25%2C25&#038;ssl=1\" alt=\"Imagem compartilhar whatsapp\"\/><\/p>\n<p>                <img data-recalc-dims=\"1\" loading=\"lazy\" decoding=\"async\" width=\"25\" height=\"25\" src=\"https:\/\/i0.wp.com\/francaclassificados.com\/\/source\/view\/img\/18w50.png?resize=25%2C25&#038;ssl=1\" alt=\"Imagem compartilhar facebook\"\/><\/p>\n<\/p><\/div>\n<div class=\"emp\">\n<p>\n            DEPARTAMENTO CONT\u00c1BIL<br \/>Escrit\u00f3rio contrata para o Depto Cont\u00e1bil em Franca - SP, com conhecimento das rotinas do setor (Escritura\u00e7\u00e3o cont\u00e1bil, concilia\u00e7\u00e3o, lan\u00e7amentos de impostos e apura\u00e7\u00f5es, entrega de declara\u00e7\u00f5es - DCTF, PerdComp, Sped ECD e ECF - e experi\u00eancia em fechamentos do Lucro Real). Experi\u00eancia em escrit\u00f3rio cont\u00e1bil ser\u00e1 um diferencial. Sal\u00e1rio + Vale Alimenta\u00e7\u00e3o. Interessados enviar curr\u00edculo para o e-mail: contabilescritorio.dp@gmail.com<br \/>\n            <br \/>sinerhgiaempregos@gmail.com\n            <\/p>\n<p><strong>Compartilhe:<\/strong><\/p>\n<p>                <img data-recalc-dims=\"1\" loading=\"lazy\" decoding=\"async\" width=\"25\" height=\"25\" src=\"https:\/\/i0.wp.com\/francaclassificados.com\/\/source\/view\/img\/20w50.png?resize=25%2C25&#038;ssl=1\" alt=\"Imagem compartilhar whatsapp\"\/><\/p>\n<p>                <img data-recalc-dims=\"1\" loading=\"lazy\" decoding=\"async\" width=\"25\" height=\"25\" src=\"https:\/\/i0.wp.com\/francaclassificados.com\/\/source\/view\/img\/18w50.png?resize=25%2C25&#038;ssl=1\" alt=\"Imagem compartilhar facebook\"\/><\/p>\n<\/p><\/div>\n<p>    <script async=\"\" src=\"https:\/\/pagead2.googlesyndication.com\/pagead\/js\/adsbygoogle.js?client=ca-pub-2853392113352629\" crossorigin=\"anonymous\"\/>\n    <ins class=\"adsbygoogle\" style=\"display:block\" data-ad-client=\"ca-pub-2853392113352629\" data-ad-slot=\"2925831803\" data-ad-format=\"auto\" data-full-width-responsive=\"true\"\/>\n    <script><![CDATA[\n    (adsbygoogle = window.adsbygoogle || []).push({});\n    ]]><\/script><\/p>\n<div class=\"emp\">\n<p>\n            MONTADOR DE ESTOFADOS AUTOMOTIVOS<br \/>CONTRATA SE MONTADOR DE ESTOFADOS AUTOMOTIVOS, INTERESSADOS ENVIAR CURRICULO NO SEGUINTE EMAIL: contato.empresafranca@gmail.com<br \/>\n            <br \/>sinerhgiaempregos@gmail.com\n            <\/p>\n<p><strong>Compartilhe:<\/strong><\/p>\n<p>                <img data-recalc-dims=\"1\" loading=\"lazy\" decoding=\"async\" width=\"25\" height=\"25\" src=\"https:\/\/i0.wp.com\/francaclassificados.com\/\/source\/view\/img\/20w50.png?resize=25%2C25&#038;ssl=1\" alt=\"Imagem compartilhar whatsapp\"\/><\/p>\n<p>                <img data-recalc-dims=\"1\" loading=\"lazy\" decoding=\"async\" width=\"25\" height=\"25\" src=\"https:\/\/i0.wp.com\/francaclassificados.com\/\/source\/view\/img\/18w50.png?resize=25%2C25&#038;ssl=1\" alt=\"Imagem compartilhar facebook\"\/><\/p>\n<\/p><\/div>\n<div class=\"emp\">\n<p>\n            Auxiliar T\u00e9cnico\/ Assist\u00eancia T\u00e9cnica<br \/>Este profissional identifica necessidade de troca de pe\u00e7as desgastadas e danificadas, realiza a manuten\u00e7\u00e3o e conserto nos equipamentos. Requisitos: Agilidade, proatividade, interesse e boa capacidade de aprendizagem; Intimidade e conhecimento sobre ferramentas de forma geral; Interessados enviar curr\u00edculos para: vagas@palaciodasferramentas.com.br<br \/>\n            <br \/>sinerhgiaempregos@gmail.com\n            <\/p>\n<p><strong>Compartilhe:<\/strong><\/p>\n<p>                <img data-recalc-dims=\"1\" loading=\"lazy\" decoding=\"async\" width=\"25\" height=\"25\" src=\"https:\/\/i0.wp.com\/francaclassificados.com\/\/source\/view\/img\/20w50.png?resize=25%2C25&#038;ssl=1\" alt=\"Imagem compartilhar whatsapp\"\/><\/p>\n<p>                <img data-recalc-dims=\"1\" loading=\"lazy\" decoding=\"async\" width=\"25\" height=\"25\" src=\"https:\/\/i0.wp.com\/francaclassificados.com\/\/source\/view\/img\/18w50.png?resize=25%2C25&#038;ssl=1\" alt=\"Imagem compartilhar facebook\"\/><\/p>\n<\/p><\/div>\n<p>    <script async=\"\" src=\"https:\/\/pagead2.googlesyndication.com\/pagead\/js\/adsbygoogle.js?client=ca-pub-2853392113352629\" crossorigin=\"anonymous\"\/>\n    <ins class=\"adsbygoogle\" style=\"display:block\" data-ad-client=\"ca-pub-2853392113352629\" data-ad-slot=\"2925831803\" data-ad-format=\"auto\" data-full-width-responsive=\"true\"\/>\n    <script><![CDATA[\n    (adsbygoogle = window.adsbygoogle || []).push({});\n    ]]><\/script><\/p>\n<div class=\"emp\">\n<p>\n            Arte finalista<br \/>Estamos contratando um(a) arte finalista com experi\u00eancia em Corel Draw e PhotoShop para desenvolvimento de artes para pain\u00e9is decorativos de festa e estampas para roupas, \u00e9 necess\u00e1rio que tenha vis\u00e3o de avalia\u00e7\u00e3o de defini\u00e7\u00e3o de imagem para garantia de qualidade no resultado final. Estamos buscando um(a) profissional com compromisso com a pontualidade. Envie curr\u00edculo para +55 16 99255-5404 (Thiago)<br \/>\n            <br \/>sinerhgiaempregos@gmail.com\n            <\/p>\n<p><strong>Compartilhe:<\/strong><\/p>\n<p>                <img data-recalc-dims=\"1\" loading=\"lazy\" decoding=\"async\" width=\"25\" height=\"25\" src=\"https:\/\/i0.wp.com\/francaclassificados.com\/\/source\/view\/img\/20w50.png?resize=25%2C25&#038;ssl=1\" alt=\"Imagem compartilhar whatsapp\"\/><\/p>\n<p>                <img data-recalc-dims=\"1\" loading=\"lazy\" decoding=\"async\" width=\"25\" height=\"25\" src=\"https:\/\/i0.wp.com\/francaclassificados.com\/\/source\/view\/img\/18w50.png?resize=25%2C25&#038;ssl=1\" alt=\"Imagem compartilhar facebook\"\/><\/p>\n<\/p><\/div>\n<div class=\"emp\">\n<p>\n            INSTALADOR T\u00c9CNICO REDE CFTV<br \/>T\u00e9cnico Instalador de Seguran\u00e7a Eletr\u00f4nica Responsabilidades: Instalar, configurar e manter sistemas de CFTV, alarmes e controle de acesso, manuten\u00e7\u00e3o preventiva e corretiva em equipamentos de seguran\u00e7a eletr\u00f4nica, corrigir falhas nos sistemas instalados, ordens de servi\u00e7o, passagem de cabeamento, realizar vistorias t\u00e9cnicas \u2013 CLT \u2013 Sal\u00e1rio inicial R$ 2000 \u2013 SEG a SEX \u2013 curr\u00edculo:<br \/>\n            <br \/>gerente@blackoutmonitoramento.com.br<br \/>\n            <br \/>sinerhgiaempregos@gmail.com\n            <\/p>\n<p><strong>Compartilhe:<\/strong><\/p>\n<p>                <img data-recalc-dims=\"1\" loading=\"lazy\" decoding=\"async\" width=\"25\" height=\"25\" src=\"https:\/\/i0.wp.com\/francaclassificados.com\/\/source\/view\/img\/20w50.png?resize=25%2C25&#038;ssl=1\" alt=\"Imagem compartilhar whatsapp\"\/><\/p>\n<p>                <img data-recalc-dims=\"1\" loading=\"lazy\" decoding=\"async\" width=\"25\" height=\"25\" src=\"https:\/\/i0.wp.com\/francaclassificados.com\/\/source\/view\/img\/18w50.png?resize=25%2C25&#038;ssl=1\" alt=\"Imagem compartilhar facebook\"\/><\/p>\n<\/p><\/div>\n<p>    <script async=\"\" src=\"https:\/\/pagead2.googlesyndication.com\/pagead\/js\/adsbygoogle.js?client=ca-pub-2853392113352629\" crossorigin=\"anonymous\"\/>\n    <ins class=\"adsbygoogle\" style=\"display:block\" data-ad-client=\"ca-pub-2853392113352629\" data-ad-slot=\"2925831803\" data-ad-format=\"auto\" data-full-width-responsive=\"true\"\/>\n    <script><![CDATA[\n    (adsbygoogle = window.adsbygoogle || []).push({});\n    ]]><\/script><\/p>\n<div class=\"emp\">\n<p>\n            Auxiliar de Vendas \/ Prospec\u00e7\u00e3o<br \/>Experi\u00eancia com funil de vendas ser\u00e1 um diferencial, Auxiliar de vendas \/ prospec\u00e7\u00e3o na \u00e1rea de Moveis planejados com foco em desing de interiores, atuar com primeiro contato com cliente, manuten\u00e7\u00e3o do contato com o cliente durante toda a venda, p\u00f3s venda, alimita\u00e7\u00e3o de CRM. Interessados mandar o curriculo para vagasraquelfanan@gmail.com \/ no assunto colocar Auxiliar de vendas.<br \/>\n            <br \/>sinerhgiaempregos@gmail.com\n            <\/p>\n<p><strong>Compartilhe:<\/strong><\/p>\n<p>                <img data-recalc-dims=\"1\" loading=\"lazy\" decoding=\"async\" width=\"25\" height=\"25\" src=\"https:\/\/i0.wp.com\/francaclassificados.com\/\/source\/view\/img\/20w50.png?resize=25%2C25&#038;ssl=1\" alt=\"Imagem compartilhar whatsapp\"\/><\/p>\n<p>                <img data-recalc-dims=\"1\" loading=\"lazy\" decoding=\"async\" width=\"25\" height=\"25\" src=\"https:\/\/i0.wp.com\/francaclassificados.com\/\/source\/view\/img\/18w50.png?resize=25%2C25&#038;ssl=1\" alt=\"Imagem compartilhar facebook\"\/><\/p>\n<\/p><\/div>\n<div class=\"emp\">\n<p>\n            Contrata: \u2022 Auxiliar de administrativo \u2022 Auxiliar de estoque \u2022 Jardineiro \u2022 Vendedor. Os curr\u00edculos podem ser enviados por e-mail: atendimento@sapucaia.com.br ou pelo WhatsApp: (16) 99325-3717.<br \/>\n            <br \/>sinerhgiaempregos@gmail.com\n            <\/p>\n<p><strong>Compartilhe:<\/strong><\/p>\n<p>                <img data-recalc-dims=\"1\" loading=\"lazy\" decoding=\"async\" width=\"25\" height=\"25\" src=\"https:\/\/i0.wp.com\/francaclassificados.com\/\/source\/view\/img\/20w50.png?resize=25%2C25&#038;ssl=1\" alt=\"Imagem compartilhar whatsapp\"\/><\/p>\n<p>                <img data-recalc-dims=\"1\" loading=\"lazy\" decoding=\"async\" width=\"25\" height=\"25\" src=\"https:\/\/i0.wp.com\/francaclassificados.com\/\/source\/view\/img\/18w50.png?resize=25%2C25&#038;ssl=1\" alt=\"Imagem compartilhar facebook\"\/><\/p>\n<\/p><\/div>\n<p>    <script async=\"\" src=\"https:\/\/pagead2.googlesyndication.com\/pagead\/js\/adsbygoogle.js?client=ca-pub-2853392113352629\" crossorigin=\"anonymous\"\/>\n    <ins class=\"adsbygoogle\" style=\"display:block\" data-ad-client=\"ca-pub-2853392113352629\" data-ad-slot=\"2925831803\" data-ad-format=\"auto\" data-full-width-responsive=\"true\"\/>\n    <script><![CDATA[\n    (adsbygoogle = window.adsbygoogle || []).push({});\n    ]]><\/script><\/p>\n<div class=\"emp\">\n<p>\n            BORDADOR COM EXPERI\u00caNCIA EM M\u00c1QUINA<br \/>Precisamos de bordador com experi\u00eancia em m\u00e1quina de bordar. Precisamos que a pessoa seja organizada e tenha proatividade para fun\u00e7\u00e3o. Entre em contato pelo telefone: 16 992815930 ou pelo e-mail: immateriale.loja@gmail.com<br \/>\n            <br \/>sinerhgiaempregos@gmail.com\n            <\/p>\n<p><strong>Compartilhe:<\/strong><\/p>\n<p>                <img data-recalc-dims=\"1\" loading=\"lazy\" decoding=\"async\" width=\"25\" height=\"25\" src=\"https:\/\/i0.wp.com\/francaclassificados.com\/\/source\/view\/img\/20w50.png?resize=25%2C25&#038;ssl=1\" alt=\"Imagem compartilhar whatsapp\"\/><\/p>\n<p>                <img data-recalc-dims=\"1\" loading=\"lazy\" decoding=\"async\" width=\"25\" height=\"25\" src=\"https:\/\/i0.wp.com\/francaclassificados.com\/\/source\/view\/img\/18w50.png?resize=25%2C25&#038;ssl=1\" alt=\"Imagem compartilhar facebook\"\/><\/p>\n<\/p><\/div>\n<div class=\"emp\">\n<p>\n            ELETRCISTA AUTOMOTIVO<br \/>Contrata-se eletricista para trabalhar em empresa de Ar Condicionado Automotivo. Necess\u00e1rio ter experi\u00eancia ou no\u00e7\u00e3o de el\u00e9trica automotiva. Interessados enviar curr\u00edculo para WhatsApp: (16) 99210-7776. Com a Palavra eletricista.<br \/>\n            <br \/>sinerhgiaempregos@gmail.com\n            <\/p>\n<p><strong>Compartilhe:<\/strong><\/p>\n<p>                <img data-recalc-dims=\"1\" loading=\"lazy\" decoding=\"async\" width=\"25\" height=\"25\" src=\"https:\/\/i0.wp.com\/francaclassificados.com\/\/source\/view\/img\/20w50.png?resize=25%2C25&#038;ssl=1\" alt=\"Imagem compartilhar whatsapp\"\/><\/p>\n<p>                <img data-recalc-dims=\"1\" loading=\"lazy\" decoding=\"async\" width=\"25\" height=\"25\" src=\"https:\/\/i0.wp.com\/francaclassificados.com\/\/source\/view\/img\/18w50.png?resize=25%2C25&#038;ssl=1\" alt=\"Imagem compartilhar facebook\"\/><\/p>\n<\/p><\/div>\n<p>    <script async=\"\" src=\"https:\/\/pagead2.googlesyndication.com\/pagead\/js\/adsbygoogle.js?client=ca-pub-2853392113352629\" crossorigin=\"anonymous\"\/>\n    <ins class=\"adsbygoogle\" style=\"display:block\" data-ad-client=\"ca-pub-2853392113352629\" data-ad-slot=\"2925831803\" data-ad-format=\"auto\" data-full-width-responsive=\"true\"\/>\n    <script><![CDATA[\n    (adsbygoogle = window.adsbygoogle || []).push({});\n    ]]><\/script><\/p>\n<div class=\"emp\">\n<p>\n            EST\u00c1GIO Marketing, Design e Publicidade<br \/>Vaga de Est\u00e1gio(a) \u2013 Auxiliar no processo de cria\u00e7\u00e3o de novas artes, produ\u00e7\u00e3o de artes personalizadas para clientes. Necess\u00e1rio conhecimento em Photoshop\/Corel\/Pacote Office. Ser organizado ser\u00e1 um diferencial. Empresa localizada no Jardim Paulistano. 6 horas di\u00e1rias, de segunda a sexta. Bolsa aux\u00edlio de R$800,00 + vale transporte + cesta b\u00e1sica. Envia curr\u00edculo com o nome da vaga para caradacaneca@gmail.com<br \/>\n            <br \/>sinerhgiaempregos@gmail.com\n            <\/p>\n<p><strong>Compartilhe:<\/strong><\/p>\n<p>                <img data-recalc-dims=\"1\" loading=\"lazy\" decoding=\"async\" width=\"25\" height=\"25\" src=\"https:\/\/i0.wp.com\/francaclassificados.com\/\/source\/view\/img\/20w50.png?resize=25%2C25&#038;ssl=1\" alt=\"Imagem compartilhar whatsapp\"\/><\/p>\n<p>                <img data-recalc-dims=\"1\" loading=\"lazy\" decoding=\"async\" width=\"25\" height=\"25\" src=\"https:\/\/i0.wp.com\/francaclassificados.com\/\/source\/view\/img\/18w50.png?resize=25%2C25&#038;ssl=1\" alt=\"Imagem compartilhar facebook\"\/><\/p>\n<\/p><\/div>\n<div class=\"emp\">\n<p>\n            Auxiliar de Estoque<br \/>Respons\u00e1vel pelo Controle de entrada e sa\u00edda de mercadorias no sistema, Confer\u00eancia minuciosa das pe\u00e7as, Controle de notas fiscais, Prepara\u00e7\u00e3o dos produtos para entrega, e realizar entregas, organiza\u00e7\u00e3o do estoque, auxiliar na organiza\u00e7\u00e3o e montagem dos produtos na loja. Fundamental conhecimento em Excel e internet, Conhecimentos gerais em estoque\/log\u00edstica, possuir CNH B, Ser comunicativo, pr\u00f3 ativo. Sal\u00e1rio R$ 2.000,00 mais R$ 400,00 Ticket. Enviar seu curr\u00edculo: salvattorerh@gmail.com<br \/>\n            <br \/>sinerhgiaempregos@gmail.com\n            <\/p>\n<p><strong>Compartilhe:<\/strong><\/p>\n<p>                <img data-recalc-dims=\"1\" loading=\"lazy\" decoding=\"async\" width=\"25\" height=\"25\" src=\"https:\/\/i0.wp.com\/francaclassificados.com\/\/source\/view\/img\/20w50.png?resize=25%2C25&#038;ssl=1\" alt=\"Imagem compartilhar whatsapp\"\/><\/p>\n<p>                <img data-recalc-dims=\"1\" loading=\"lazy\" decoding=\"async\" width=\"25\" height=\"25\" src=\"https:\/\/i0.wp.com\/francaclassificados.com\/\/source\/view\/img\/18w50.png?resize=25%2C25&#038;ssl=1\" alt=\"Imagem compartilhar facebook\"\/><\/p>\n<\/p><\/div>\n<p>    <script async=\"\" src=\"https:\/\/pagead2.googlesyndication.com\/pagead\/js\/adsbygoogle.js?client=ca-pub-2853392113352629\" crossorigin=\"anonymous\"\/>\n    <ins class=\"adsbygoogle\" style=\"display:block\" data-ad-client=\"ca-pub-2853392113352629\" data-ad-slot=\"2925831803\" data-ad-format=\"auto\" data-full-width-responsive=\"true\"\/>\n    <script><![CDATA[\n    (adsbygoogle = window.adsbygoogle || []).push({});\n    ]]><\/script><\/p>\n<div class=\"emp\">\n<p>\n            Recepcionista<br \/>Estamos em busca de uma recepcionista din\u00e2mica e organizada para se juntar \u00e0 nossa equipe! Se voc\u00ea \u00e9 uma pessoa comunicativa, com habilidades em atendimento ao cliente, essa oportunidade \u00e9 para voc\u00ea. Requisitos: Experi\u00eancia anterior em atendimento ao cliente ou fun\u00e7\u00f5es administrativas. Habilidades em inform\u00e1tica, boa comunica\u00e7\u00e3o verbal e escrita. Envie seu curr\u00edculo para financeiro@ibsystem.com.br \"Vaga de Recepcionista\".<br \/>\n            <br \/>sinerhgiaempregos@gmail.com\n            <\/p>\n<p><strong>Compartilhe:<\/strong><\/p>\n<p>                <img data-recalc-dims=\"1\" loading=\"lazy\" decoding=\"async\" width=\"25\" height=\"25\" src=\"https:\/\/i0.wp.com\/francaclassificados.com\/\/source\/view\/img\/20w50.png?resize=25%2C25&#038;ssl=1\" alt=\"Imagem compartilhar whatsapp\"\/><\/p>\n<p>                <img data-recalc-dims=\"1\" loading=\"lazy\" decoding=\"async\" width=\"25\" height=\"25\" src=\"https:\/\/i0.wp.com\/francaclassificados.com\/\/source\/view\/img\/18w50.png?resize=25%2C25&#038;ssl=1\" alt=\"Imagem compartilhar facebook\"\/><\/p>\n<\/p><\/div>\n<div class=\"emp\">\n<p>\n            Vendedores<br \/>Contrata-se Consultor de Vendas para energia solar fotovoltaica, para fazer atendimentos e apresenta\u00e7\u00f5es de projetos, execu\u00e7\u00e3o de fechamento de contratos e visitas a clientes, com experi\u00eancia em vendas, que tenha veiculo pr\u00f3prio, para trabalhar em Franca e regi\u00e3o. Interessados enviar curr\u00edculo para o WhatsApp (16)99210-7776. Com a palavra Consultor.<br \/>\n            <br \/>sinerhgiaempregos@gmail.com\n            <\/p>\n<p><strong>Compartilhe:<\/strong><\/p>\n<p>                <img data-recalc-dims=\"1\" loading=\"lazy\" decoding=\"async\" width=\"25\" height=\"25\" src=\"https:\/\/i0.wp.com\/francaclassificados.com\/\/source\/view\/img\/20w50.png?resize=25%2C25&#038;ssl=1\" alt=\"Imagem compartilhar whatsapp\"\/><\/p>\n<p>                <img data-recalc-dims=\"1\" loading=\"lazy\" decoding=\"async\" width=\"25\" height=\"25\" src=\"https:\/\/i0.wp.com\/francaclassificados.com\/\/source\/view\/img\/18w50.png?resize=25%2C25&#038;ssl=1\" alt=\"Imagem compartilhar facebook\"\/><\/p>\n<\/p><\/div>\n<p>    <script async=\"\" src=\"https:\/\/pagead2.googlesyndication.com\/pagead\/js\/adsbygoogle.js?client=ca-pub-2853392113352629\" crossorigin=\"anonymous\"\/>\n    <ins class=\"adsbygoogle\" style=\"display:block\" data-ad-client=\"ca-pub-2853392113352629\" data-ad-slot=\"2925831803\" data-ad-format=\"auto\" data-full-width-responsive=\"true\"\/>\n    <script><![CDATA[\n    (adsbygoogle = window.adsbygoogle || []).push({});\n    ]]><\/script><\/p>\n<div class=\"emp\">\n<p>\n            ESTAGIARIO(A) AUXILIAR DE E-COMMERCE<br \/>Contrata-se estagi\u00e1rio(a) E-commerce - Experi\u00eancia em sites e todas as plataformas de vendas em cadastros de produtos. Carga Hor\u00e1ria: 6 horas\/dia, de segunda a sexta. Boa comunica\u00e7\u00e3o e capacidade de atendimento online. Enviar curr\u00edculo para WhatsApp (16) 99103-9068<br \/>\n            <br \/>sinerhgiaempregos@gmail.com\n            <\/p>\n<p><strong>Compartilhe:<\/strong><\/p>\n<p>                <img data-recalc-dims=\"1\" loading=\"lazy\" decoding=\"async\" width=\"25\" height=\"25\" src=\"https:\/\/i0.wp.com\/francaclassificados.com\/\/source\/view\/img\/20w50.png?resize=25%2C25&#038;ssl=1\" alt=\"Imagem compartilhar whatsapp\"\/><\/p>\n<p>                <img data-recalc-dims=\"1\" loading=\"lazy\" decoding=\"async\" width=\"25\" height=\"25\" src=\"https:\/\/i0.wp.com\/francaclassificados.com\/\/source\/view\/img\/18w50.png?resize=25%2C25&#038;ssl=1\" alt=\"Imagem compartilhar facebook\"\/><\/p>\n<\/p><\/div>\n<div class=\"emp\">\n<p>\n            Auxiliar contas a receber<br \/>Curr\u00edculo para e-mail: cpagar@distribuidorajsm.com.br Admite-se Auxiliar para Contas a Receber....Idade a partir de 21 anos... Ensino M\u00e9dio Completo... Desejavel: experi\u00eancia com rotinas administrativas, conhecimento em excel e sistema ERP ...necess\u00e1rio: experi\u00eancia de pelo menos 1 ano comprovado em carteira...Habilidades: comunica\u00e7\u00e3o, proatividade, bom relacionamento para trabalho em equipe...Sal\u00e1rio Base R$ 1750,00...Carga Hor\u00e1ria: Segunda a Sexta-Feira...<br \/>\n            <br \/>sinerhgiaempregos@gmail.com\n            <\/p>\n<p><strong>Compartilhe:<\/strong><\/p>\n<p>                <img data-recalc-dims=\"1\" loading=\"lazy\" decoding=\"async\" width=\"25\" height=\"25\" src=\"https:\/\/i0.wp.com\/francaclassificados.com\/\/source\/view\/img\/20w50.png?resize=25%2C25&#038;ssl=1\" alt=\"Imagem compartilhar whatsapp\"\/><\/p>\n<p>                <img data-recalc-dims=\"1\" loading=\"lazy\" decoding=\"async\" width=\"25\" height=\"25\" src=\"https:\/\/i0.wp.com\/francaclassificados.com\/\/source\/view\/img\/18w50.png?resize=25%2C25&#038;ssl=1\" alt=\"Imagem compartilhar facebook\"\/><\/p>\n<\/p><\/div>\n<p>    <script async=\"\" src=\"https:\/\/pagead2.googlesyndication.com\/pagead\/js\/adsbygoogle.js?client=ca-pub-2853392113352629\" crossorigin=\"anonymous\"\/>\n    <ins class=\"adsbygoogle\" style=\"display:block\" data-ad-client=\"ca-pub-2853392113352629\" data-ad-slot=\"2925831803\" data-ad-format=\"auto\" data-full-width-responsive=\"true\"\/>\n    <script><![CDATA[\n    (adsbygoogle = window.adsbygoogle || []).push({});\n    ]]><\/script><\/p>\n<div class=\"emp\">\n<p>\n            Auxiliar de Produ\u00e7\u00e3o<br \/>Contrata-se Auxiliar de Produ\u00e7\u00e3o (Setor Acabamento). \u00c9 necess\u00e1rio ter Ensino M\u00e9dio Completo. Experiencia com colagem e\/ou revis\u00e3o, ser\u00e1 um diferencial. Interessados enviar o curr\u00edculo para o e-mail: recrutamento@hevia.com.br<br \/>\n            <br \/>sinerhgiaempregos@gmail.com\n            <\/p>\n<p><strong>Compartilhe:<\/strong><\/p>\n<p>                <img data-recalc-dims=\"1\" loading=\"lazy\" decoding=\"async\" width=\"25\" height=\"25\" src=\"https:\/\/i0.wp.com\/francaclassificados.com\/\/source\/view\/img\/20w50.png?resize=25%2C25&#038;ssl=1\" alt=\"Imagem compartilhar whatsapp\"\/><\/p>\n<p>                <img data-recalc-dims=\"1\" loading=\"lazy\" decoding=\"async\" width=\"25\" height=\"25\" src=\"https:\/\/i0.wp.com\/francaclassificados.com\/\/source\/view\/img\/18w50.png?resize=25%2C25&#038;ssl=1\" alt=\"Imagem compartilhar facebook\"\/><\/p>\n<\/p><\/div>\n<div class=\"emp\">\n<p>\n            Consultor de vendas<br \/>Voc\u00ea que gosta de desafios, tem habilidade em negociar e adora vendas e est\u00e1 em busca de uma excelente remunera\u00e7\u00e3o n\u00f3s temos vagas esperando por voc\u00ea. Requisitos: dinamismo, boa comunica\u00e7\u00e3o oral e escrita, experi\u00eancia com vendas por telefone, e experi\u00eancia com cons\u00f3rcio ser\u00e1 um diferencial. Proposta Salarial: Fixo + comiss\u00e3o +bonifica\u00e7\u00e3o+ vale alimenta\u00e7\u00e3o + gympass+ vale transporte + day off no anivers\u00e1rio + plano de carreira, b\u00f4nus por desempenho+ PLR. recruta@ancoraconsorcios.com.br<br \/>\n            <br \/>sinerhgiaempregos@gmail.com\n            <\/p>\n<p><strong>Compartilhe:<\/strong><\/p>\n<p>                <img data-recalc-dims=\"1\" loading=\"lazy\" decoding=\"async\" width=\"25\" height=\"25\" src=\"https:\/\/i0.wp.com\/francaclassificados.com\/\/source\/view\/img\/20w50.png?resize=25%2C25&#038;ssl=1\" alt=\"Imagem compartilhar whatsapp\"\/><\/p>\n<p>                <img data-recalc-dims=\"1\" loading=\"lazy\" decoding=\"async\" width=\"25\" height=\"25\" src=\"https:\/\/i0.wp.com\/francaclassificados.com\/\/source\/view\/img\/18w50.png?resize=25%2C25&#038;ssl=1\" alt=\"Imagem compartilhar facebook\"\/><\/p>\n<\/p><\/div>\n<p>    <script async=\"\" src=\"https:\/\/pagead2.googlesyndication.com\/pagead\/js\/adsbygoogle.js?client=ca-pub-2853392113352629\" crossorigin=\"anonymous\"\/>\n    <ins class=\"adsbygoogle\" style=\"display:block\" data-ad-client=\"ca-pub-2853392113352629\" data-ad-slot=\"2925831803\" data-ad-format=\"auto\" data-full-width-responsive=\"true\"\/>\n    <script><![CDATA[\n    (adsbygoogle = window.adsbygoogle || []).push({});\n    ]]><\/script><\/p>\n<div class=\"emp\">\n<p>\n            Repositor de mercado<br \/>Vaga para repositor de mercado com experiencia na area, hor\u00e1rio das 7:00 \u00e0s 16:20, interessados enviar o curriculo para vagasraquelfanan@gmail.com<br \/>\n            <br \/>sinerhgiaempregos@gmail.com\n            <\/p>\n<p><strong>Compartilhe:<\/strong><\/p>\n<p>                <img data-recalc-dims=\"1\" loading=\"lazy\" decoding=\"async\" width=\"25\" height=\"25\" src=\"https:\/\/i0.wp.com\/francaclassificados.com\/\/source\/view\/img\/20w50.png?resize=25%2C25&#038;ssl=1\" alt=\"Imagem compartilhar whatsapp\"\/><\/p>\n<p>                <img data-recalc-dims=\"1\" loading=\"lazy\" decoding=\"async\" width=\"25\" height=\"25\" src=\"https:\/\/i0.wp.com\/francaclassificados.com\/\/source\/view\/img\/18w50.png?resize=25%2C25&#038;ssl=1\" alt=\"Imagem compartilhar facebook\"\/><\/p>\n<\/p><\/div>\n<div class=\"emp\">\n<p>\n            Ind\u00fastria Cal\u00e7ados no Distrito Contrata:<br \/>Costurador de lateral e fundo, estringador que saiba passar vi\u00e9s, apontador sola, passadeira de cola que saiba passar no cabedal e na sola, riscador de sola, auxiliar expedi\u00e7\u00e3o com pr\u00e1tica em separar e embalar Ecommerce, todos com pr\u00e1tica comprovada. Enviar curr\u00edculo no e-mail: financeiro.firewave@gmail.com ou para o Whatsapp: (16) 99184-5482 ou trazer pessoalmente no endere\u00e7o: Rua Bruno C\u00e9sar Prado Nogueira 471 - Distrito Industrial - em frente a Transportadora Braspress - Falar com Ad\u00edlson.<br \/>\n            <br \/>sinerhgiaempregos@gmail.com\n            <\/p>\n<p><strong>Compartilhe:<\/strong><\/p>\n<p>                <img data-recalc-dims=\"1\" loading=\"lazy\" decoding=\"async\" width=\"25\" height=\"25\" src=\"https:\/\/i0.wp.com\/francaclassificados.com\/\/source\/view\/img\/20w50.png?resize=25%2C25&#038;ssl=1\" alt=\"Imagem compartilhar whatsapp\"\/><\/p>\n<p>                <img data-recalc-dims=\"1\" loading=\"lazy\" decoding=\"async\" width=\"25\" height=\"25\" src=\"https:\/\/i0.wp.com\/francaclassificados.com\/\/source\/view\/img\/18w50.png?resize=25%2C25&#038;ssl=1\" alt=\"Imagem compartilhar facebook\"\/><\/p>\n<\/p><\/div>\n<p>    <script async=\"\" src=\"https:\/\/pagead2.googlesyndication.com\/pagead\/js\/adsbygoogle.js?client=ca-pub-2853392113352629\" crossorigin=\"anonymous\"\/>\n    <ins class=\"adsbygoogle\" style=\"display:block\" data-ad-client=\"ca-pub-2853392113352629\" data-ad-slot=\"2925831803\" data-ad-format=\"auto\" data-full-width-responsive=\"true\"\/>\n    <script><![CDATA[\n    (adsbygoogle = window.adsbygoogle || []).push({});\n    ]]><\/script><\/p>\n<div class=\"emp\">\n<p>\n            Contrata para inicio imediato profissionais para industria de calcados, sendo :: CHEFE DE CORTE E PREPARACAO \/\/ PREGADOR ILHOS \/\/ REBAIXADOR DE PLANTA \/\/ AUXILIAR PLANCHEAMENTO. Tratar pelo celular 16 99130-9241 ou enviar curriculum para jecshoes@gmail.com<br \/>\n            <br \/>sinerhgiaempregos@gmail.com\n            <\/p>\n<p><strong>Compartilhe:<\/strong><\/p>\n<p>                <img data-recalc-dims=\"1\" loading=\"lazy\" decoding=\"async\" width=\"25\" height=\"25\" src=\"https:\/\/i0.wp.com\/francaclassificados.com\/\/source\/view\/img\/20w50.png?resize=25%2C25&#038;ssl=1\" alt=\"Imagem compartilhar whatsapp\"\/><\/p>\n<p>                <img data-recalc-dims=\"1\" loading=\"lazy\" decoding=\"async\" width=\"25\" height=\"25\" src=\"https:\/\/i0.wp.com\/francaclassificados.com\/\/source\/view\/img\/18w50.png?resize=25%2C25&#038;ssl=1\" alt=\"Imagem compartilhar facebook\"\/><\/p>\n<\/p><\/div>\n<div class=\"emp\">\n<p>\n            AUXILIAR DE ESTOQUE<br \/>Para o nosso Centro de Distribui\u00e7\u00e3o com ou sem experi\u00eancia, se voc\u00ea tem boa disposi\u00e7\u00e3o f\u00edsica, agilidade, aten\u00e7\u00e3o aos detalhes, queremos te conhecer: Auxiliar de Estoque \u00e9 respons\u00e1vel por receber e armazenar as mercadorias nos endere\u00e7os corretos; Trabalhamos em hor\u00e1rio comercial de segunda a sexta das 08h \u00e1s 17h30m e s\u00e1bado das 08h ao 12h, seguro de vida e vale transporte, e com um sal\u00e1rio atrativo;<br \/>vagas@palaciodasferramentas.com.br<br \/>\n            <br \/>sinerhgiaempregos@gmail.com\n            <\/p>\n<p><strong>Compartilhe:<\/strong><\/p>\n<p>                <img data-recalc-dims=\"1\" loading=\"lazy\" decoding=\"async\" width=\"25\" height=\"25\" src=\"https:\/\/i0.wp.com\/francaclassificados.com\/\/source\/view\/img\/20w50.png?resize=25%2C25&#038;ssl=1\" alt=\"Imagem compartilhar whatsapp\"\/><\/p>\n<p>                <img data-recalc-dims=\"1\" loading=\"lazy\" decoding=\"async\" width=\"25\" height=\"25\" src=\"https:\/\/i0.wp.com\/francaclassificados.com\/\/source\/view\/img\/18w50.png?resize=25%2C25&#038;ssl=1\" alt=\"Imagem compartilhar facebook\"\/><\/p>\n<\/p><\/div>\n<p>    <script async=\"\" src=\"https:\/\/pagead2.googlesyndication.com\/pagead\/js\/adsbygoogle.js?client=ca-pub-2853392113352629\" crossorigin=\"anonymous\"\/>\n    <ins class=\"adsbygoogle\" style=\"display:block\" data-ad-client=\"ca-pub-2853392113352629\" data-ad-slot=\"2925831803\" data-ad-format=\"auto\" data-full-width-responsive=\"true\"\/>\n    <script><![CDATA[\n    (adsbygoogle = window.adsbygoogle || []).push({});\n    ]]><\/script><\/p>\n<div class=\"emp\">\n<p>\n            Vaga Setor de Log\u00edstica - Estoquista<br \/>Fun\u00e7\u00f5es: receber produtos, armazenar, separar pedidos, entre outras atividades. Carga hor\u00e1ria: segunda a sexta das 08h \u00e0s 18:18h e s\u00e1bados intercalados das 08h as 13h. Oferecemos sal\u00e1rio compat\u00edvel e pacote de benef\u00edcios. Se voc\u00ea \u00e9 comprometido, pontual, pr\u00f3-ativo nos envie seu curr\u00edculo no email: vagas.atram@gmail.com<br \/>\n            <br \/>sinerhgiaempregos@gmail.com\n            <\/p>\n<p><strong>Compartilhe:<\/strong><\/p>\n<p>                <img data-recalc-dims=\"1\" loading=\"lazy\" decoding=\"async\" width=\"25\" height=\"25\" src=\"https:\/\/i0.wp.com\/francaclassificados.com\/\/source\/view\/img\/20w50.png?resize=25%2C25&#038;ssl=1\" alt=\"Imagem compartilhar whatsapp\"\/><\/p>\n<p>                <img data-recalc-dims=\"1\" loading=\"lazy\" decoding=\"async\" width=\"25\" height=\"25\" src=\"https:\/\/i0.wp.com\/francaclassificados.com\/\/source\/view\/img\/18w50.png?resize=25%2C25&#038;ssl=1\" alt=\"Imagem compartilhar facebook\"\/><\/p>\n<\/p><\/div>\n<div class=\"emp\">\n<p>\n            CONTRATA-SE PARA INICIO IMEDIATO - ACABADOR COM EXPERI\u00caNCIA. INTERESSADOS PELA VAGA ENVIAR CURRICULO PELO WHATSAPP: 16 99913-7269 OU PELO EMAIL: departamentopessoalc1@gmail.com<br \/>\n            <br \/>sinerhgiaempregos@gmail.com\n            <\/p>\n<p><strong>Compartilhe:<\/strong><\/p>\n<p>                <img data-recalc-dims=\"1\" loading=\"lazy\" decoding=\"async\" width=\"25\" height=\"25\" src=\"https:\/\/i0.wp.com\/francaclassificados.com\/\/source\/view\/img\/20w50.png?resize=25%2C25&#038;ssl=1\" alt=\"Imagem compartilhar whatsapp\"\/><\/p>\n<p>                <img data-recalc-dims=\"1\" loading=\"lazy\" decoding=\"async\" width=\"25\" height=\"25\" src=\"https:\/\/i0.wp.com\/francaclassificados.com\/\/source\/view\/img\/18w50.png?resize=25%2C25&#038;ssl=1\" alt=\"Imagem compartilhar facebook\"\/><\/p>\n<\/p><\/div>\n<p>    <script async=\"\" src=\"https:\/\/pagead2.googlesyndication.com\/pagead\/js\/adsbygoogle.js?client=ca-pub-2853392113352629\" crossorigin=\"anonymous\"\/>\n    <ins class=\"adsbygoogle\" style=\"display:block\" data-ad-client=\"ca-pub-2853392113352629\" data-ad-slot=\"2925831803\" data-ad-format=\"auto\" data-full-width-responsive=\"true\"\/>\n    <script><![CDATA[\n    (adsbygoogle = window.adsbygoogle || []).push({});\n    ]]><\/script><\/p>\n<div class=\"emp\">\n<p>\n            CONSULTORA DE VENDAS - FIXO<br \/>Vaga dispon\u00edvel para Consultora de Vendas, Oferecemos: SAL\u00c1RIO FIXO + COMISS\u00c3O + VALE REFEI\u00c7\u00c3O\/ALIMENTA\u00c7\u00c3O + VALE TRANSPORTE. Buscamos: Pessoas que gostem de trabalhar com atendimento ao cliente, organizadas, pr\u00f3-ativa, que gostem de vender e trabalhar com METAS. Com disponibilidade de hor\u00e1rio para trabalho no Franca Shopping. Envie seu curr\u00edculo para: franca.shop@csclub.com.br e venha fazer parte do Nosso Time!<br \/>\n            <br \/>sinerhgiaempregos@gmail.com\n            <\/p>\n<p><strong>Compartilhe:<\/strong><\/p>\n<p>                <img data-recalc-dims=\"1\" loading=\"lazy\" decoding=\"async\" width=\"25\" height=\"25\" src=\"https:\/\/i0.wp.com\/francaclassificados.com\/\/source\/view\/img\/20w50.png?resize=25%2C25&#038;ssl=1\" alt=\"Imagem compartilhar whatsapp\"\/><\/p>\n<p>                <img data-recalc-dims=\"1\" loading=\"lazy\" decoding=\"async\" width=\"25\" height=\"25\" src=\"https:\/\/i0.wp.com\/francaclassificados.com\/\/source\/view\/img\/18w50.png?resize=25%2C25&#038;ssl=1\" alt=\"Imagem compartilhar facebook\"\/><\/p>\n<\/p><\/div>\n<div class=\"emp\">\n<p>\n            Auxiliar de Expedi\u00e7\u00e3o<br \/>Contrata-se Auxiliar de Expedi\u00e7\u00e3o do sexo feminino, para auxiliar na confer\u00eancia de produtos, embalagens, etiquetagem de pedidos e recebimento de mercadorias. Que seja organizada, proativa e comprometida. Empresa localizada no bairro Jardim Cambu\u00ed. Carga hor\u00e1ria: de segunda a sexta das 8:00h \u00e0s 17:00h e aos s\u00e1bados das 8:00h \u00e0s 12:00h. Sal\u00e1rio Inicial: Piso do Com\u00e9rcio + bonifica\u00e7\u00e3o (mediante metas atingidas). Interessadas enviar curr\u00edculo para o WhatsApp: (16)99986-5183 A\/C: Lucas<br \/>\n            <br \/>sinerhgiaempregos@gmail.com\n            <\/p>\n<p><strong>Compartilhe:<\/strong><\/p>\n<p>                <img data-recalc-dims=\"1\" loading=\"lazy\" decoding=\"async\" width=\"25\" height=\"25\" src=\"https:\/\/i0.wp.com\/francaclassificados.com\/\/source\/view\/img\/20w50.png?resize=25%2C25&#038;ssl=1\" alt=\"Imagem compartilhar whatsapp\"\/><\/p>\n<p>                <img data-recalc-dims=\"1\" loading=\"lazy\" decoding=\"async\" width=\"25\" height=\"25\" src=\"https:\/\/i0.wp.com\/francaclassificados.com\/\/source\/view\/img\/18w50.png?resize=25%2C25&#038;ssl=1\" alt=\"Imagem compartilhar facebook\"\/><\/p>\n<\/p><\/div>\n<p>    <script async=\"\" src=\"https:\/\/pagead2.googlesyndication.com\/pagead\/js\/adsbygoogle.js?client=ca-pub-2853392113352629\" crossorigin=\"anonymous\"\/>\n    <ins class=\"adsbygoogle\" style=\"display:block\" data-ad-client=\"ca-pub-2853392113352629\" data-ad-slot=\"2925831803\" data-ad-format=\"auto\" data-full-width-responsive=\"true\"\/>\n    <script><![CDATA[\n    (adsbygoogle = window.adsbygoogle || []).push({});\n    ]]><\/script><\/p>\n<div class=\"emp\">\n<p>\n            Vagas: COLADEIRA DE PE\u00c7AS E PESPONTADOR: necess\u00e1rio experi\u00eancia em cal\u00e7ados femininos. AUXILIAR DE MODELISTA: realizar suporte no desenvolvimento de cal\u00e7ados femininos, acompanhar e mapear os processos produtivos. Necess\u00e1rio conhecimento na ferramenta Auto Cad. Empresa localizada no Jard. Paulistano. Enviar curr\u00edculo para: rh.selecaoemfranca@gmail.com, identificando a vaga.<br \/>\n            <br \/>sinerhgiaempregos@gmail.com\n            <\/p>\n<p><strong>Compartilhe:<\/strong><\/p>\n<p>                <img data-recalc-dims=\"1\" loading=\"lazy\" decoding=\"async\" width=\"25\" height=\"25\" src=\"https:\/\/i0.wp.com\/francaclassificados.com\/\/source\/view\/img\/20w50.png?resize=25%2C25&#038;ssl=1\" alt=\"Imagem compartilhar whatsapp\"\/><\/p>\n<p>                <img data-recalc-dims=\"1\" loading=\"lazy\" decoding=\"async\" width=\"25\" height=\"25\" src=\"https:\/\/i0.wp.com\/francaclassificados.com\/\/source\/view\/img\/18w50.png?resize=25%2C25&#038;ssl=1\" alt=\"Imagem compartilhar facebook\"\/><\/p>\n<\/p><\/div>\n<div class=\"emp\">\n<p>\n            Vendedor<br \/>Contrata-se vendedor sem esperiencia com disponibilidade de hor\u00e1rio, for\u00e7a de vontade, pontual, comunicativo, comprometido de 18 a 36 anos. Interessados manda curr\u00edculo em nosso E-mail franfercurriculo@gmail.com<br \/>\n            <br \/>sinerhgiaempregos@gmail.com\n            <\/p>\n<p><strong>Compartilhe:<\/strong><\/p>\n<p>                <img data-recalc-dims=\"1\" loading=\"lazy\" decoding=\"async\" width=\"25\" height=\"25\" src=\"https:\/\/i0.wp.com\/francaclassificados.com\/\/source\/view\/img\/20w50.png?resize=25%2C25&#038;ssl=1\" alt=\"Imagem compartilhar whatsapp\"\/><\/p>\n<p>                <img data-recalc-dims=\"1\" loading=\"lazy\" decoding=\"async\" width=\"25\" height=\"25\" src=\"https:\/\/i0.wp.com\/francaclassificados.com\/\/source\/view\/img\/18w50.png?resize=25%2C25&#038;ssl=1\" alt=\"Imagem compartilhar facebook\"\/><\/p>\n<\/p><\/div>\n<p>    <script async=\"\" src=\"https:\/\/pagead2.googlesyndication.com\/pagead\/js\/adsbygoogle.js?client=ca-pub-2853392113352629\" crossorigin=\"anonymous\"\/>\n    <ins class=\"adsbygoogle\" style=\"display:block\" data-ad-client=\"ca-pub-2853392113352629\" data-ad-slot=\"2925831803\" data-ad-format=\"auto\" data-full-width-responsive=\"true\"\/>\n    <script><![CDATA[\n    (adsbygoogle = window.adsbygoogle || []).push({});\n    ]]><\/script><\/p>\n<div class=\"emp\">\n<p>\n            Corretor de Im\u00f3veis<br \/>Em busca de pessoas motivadas, proativas, que tenham vontade de crescer na \u00e1rea comercial\/de neg\u00f3cios. Este profissional far\u00e1 a prospec\u00e7\u00e3o de clientes, atendimentos, capta\u00e7\u00f5es de novos im\u00f3veis e acompanha clientes em visitas, A empresa oferece todo treinamento necess\u00e1rio para os novos corretores. \u2022 Possuir o Ensino M\u00e9dio completo, ve\u00edculo e notebook pr\u00f3prios para utilizar no servi\u00e7o. VAGA 100% COMISSIONADA Falar com Cassiano (16) 99129-3447<br \/>\n            <br \/>sinerhgiaempregos@gmail.com\n            <\/p>\n<p><strong>Compartilhe:<\/strong><\/p>\n<p>                <img data-recalc-dims=\"1\" loading=\"lazy\" decoding=\"async\" width=\"25\" height=\"25\" src=\"https:\/\/i0.wp.com\/francaclassificados.com\/\/source\/view\/img\/20w50.png?resize=25%2C25&#038;ssl=1\" alt=\"Imagem compartilhar whatsapp\"\/><\/p>\n<p>                <img data-recalc-dims=\"1\" loading=\"lazy\" decoding=\"async\" width=\"25\" height=\"25\" src=\"https:\/\/i0.wp.com\/francaclassificados.com\/\/source\/view\/img\/18w50.png?resize=25%2C25&#038;ssl=1\" alt=\"Imagem compartilhar facebook\"\/><\/p>\n<\/p><\/div>\n<div class=\"emp\">\n<p>\n            CORTADOR DE CONTRA FORTE<br \/>Empresa de componentes contrata cortador de contra forte e coura\u00e7a. Exige-se experi\u00eancia comprovada em carteira. Interessados enviar curriculum p\/ email: ecofrancomponentes@hotmail.com<br \/>\n            <br \/>sinerhgiaempregos@gmail.com\n            <\/p>\n<p><strong>Compartilhe:<\/strong><\/p>\n<p>                <img data-recalc-dims=\"1\" loading=\"lazy\" decoding=\"async\" width=\"25\" height=\"25\" src=\"https:\/\/i0.wp.com\/francaclassificados.com\/\/source\/view\/img\/20w50.png?resize=25%2C25&#038;ssl=1\" alt=\"Imagem compartilhar whatsapp\"\/><\/p>\n<p>                <img data-recalc-dims=\"1\" loading=\"lazy\" decoding=\"async\" width=\"25\" height=\"25\" src=\"https:\/\/i0.wp.com\/francaclassificados.com\/\/source\/view\/img\/18w50.png?resize=25%2C25&#038;ssl=1\" alt=\"Imagem compartilhar facebook\"\/><\/p>\n<\/p><\/div>\n<p>    <script async=\"\" src=\"https:\/\/pagead2.googlesyndication.com\/pagead\/js\/adsbygoogle.js?client=ca-pub-2853392113352629\" crossorigin=\"anonymous\"\/>\n    <ins class=\"adsbygoogle\" style=\"display:block\" data-ad-client=\"ca-pub-2853392113352629\" data-ad-slot=\"2925831803\" data-ad-format=\"auto\" data-full-width-responsive=\"true\"\/>\n    <script><![CDATA[\n    (adsbygoogle = window.adsbygoogle || []).push({});\n    ]]><\/script><\/p>\n<div class=\"emp\">\n<p>\n            PESPONTADOR VI\u00c9S<br \/>Ind\u00fastria de Cal\u00e7ados contrata Pespontador de vi\u00e9s. Enviar curr\u00edculo para: industriarhcontrata2021@gmail.com<br \/>\n            <br \/>sinerhgiaempregos@gmail.com\n            <\/p>\n<p><strong>Compartilhe:<\/strong><\/p>\n<p>                <img data-recalc-dims=\"1\" loading=\"lazy\" decoding=\"async\" width=\"25\" height=\"25\" src=\"https:\/\/i0.wp.com\/francaclassificados.com\/\/source\/view\/img\/20w50.png?resize=25%2C25&#038;ssl=1\" alt=\"Imagem compartilhar whatsapp\"\/><\/p>\n<p>                <img data-recalc-dims=\"1\" loading=\"lazy\" decoding=\"async\" width=\"25\" height=\"25\" src=\"https:\/\/i0.wp.com\/francaclassificados.com\/\/source\/view\/img\/18w50.png?resize=25%2C25&#038;ssl=1\" alt=\"Imagem compartilhar facebook\"\/><\/p>\n<\/p><\/div>\n<div class=\"emp\">\n<p>\n            LIMPEZA<br \/>Contrata-se auxiliar de limpeza por prazo determinado entre dezembro e janeiro para cobrir f\u00e9rias. Uma vaga para quem resida nas imedia\u00e7\u00f5es do Jardim Alvorada, Aeroporto I, II ou III. E outra vaga para as demais localidades. Enviar curr\u00edculo para dp@samimaquinas.com.br<br \/>\n            <br \/>sinerhgiaempregos@gmail.com\n            <\/p>\n<p><strong>Compartilhe:<\/strong><\/p>\n<p>                <img data-recalc-dims=\"1\" loading=\"lazy\" decoding=\"async\" width=\"25\" height=\"25\" src=\"https:\/\/i0.wp.com\/francaclassificados.com\/\/source\/view\/img\/20w50.png?resize=25%2C25&#038;ssl=1\" alt=\"Imagem compartilhar whatsapp\"\/><\/p>\n<p>                <img data-recalc-dims=\"1\" loading=\"lazy\" decoding=\"async\" width=\"25\" height=\"25\" src=\"https:\/\/i0.wp.com\/francaclassificados.com\/\/source\/view\/img\/18w50.png?resize=25%2C25&#038;ssl=1\" alt=\"Imagem compartilhar facebook\"\/><\/p>\n<\/p><\/div>\n<p>    <script async=\"\" src=\"https:\/\/pagead2.googlesyndication.com\/pagead\/js\/adsbygoogle.js?client=ca-pub-2853392113352629\" crossorigin=\"anonymous\"\/>\n    <ins class=\"adsbygoogle\" style=\"display:block\" data-ad-client=\"ca-pub-2853392113352629\" data-ad-slot=\"2925831803\" data-ad-format=\"auto\" data-full-width-responsive=\"true\"\/>\n    <script><![CDATA[\n    (adsbygoogle = window.adsbygoogle || []).push({});\n    ]]><\/script><\/p>\n<div class=\"emp\">\n<p>\n            Engenharia Civil<br \/>Para quantitativo e compras: gradua\u00e7\u00e3o em engenharia civil Conhecimento avan\u00e7ado em: AUTOCAD Diferencial: Entendimento na execu\u00e7\u00e3o de obras, em geral, Compreens\u00e3o do fluxo de obras e da sequ\u00eancia das atividades. No\u00e7\u00f5es b\u00e1sicas de equipamentos de constru\u00e7\u00e3o de pequeno, m\u00e9dio e grande porte No\u00e7\u00f5es b\u00e1sicas das fun\u00e7\u00f5es dos trabalhadores da constru\u00e7\u00e3o. Interessados enviar curr\u00edculo milena@hrtincorporadora.com.br<br \/>\n            <br \/>sinerhgiaempregos@gmail.com\n            <\/p>\n<p><strong>Compartilhe:<\/strong><\/p>\n<p>                <img data-recalc-dims=\"1\" loading=\"lazy\" decoding=\"async\" width=\"25\" height=\"25\" src=\"https:\/\/i0.wp.com\/francaclassificados.com\/\/source\/view\/img\/20w50.png?resize=25%2C25&#038;ssl=1\" alt=\"Imagem compartilhar whatsapp\"\/><\/p>\n<p>                <img data-recalc-dims=\"1\" loading=\"lazy\" decoding=\"async\" width=\"25\" height=\"25\" src=\"https:\/\/i0.wp.com\/francaclassificados.com\/\/source\/view\/img\/18w50.png?resize=25%2C25&#038;ssl=1\" alt=\"Imagem compartilhar facebook\"\/><\/p>\n<\/p><\/div>\n<div class=\"emp\">\n<p>\n            Vendedor de Cursos<br \/>CONTRATA-SE VENDEDOR DE CURSOS PROFISSIONALIZANTES Responsabilidade: fazer capta\u00e7\u00e3o de alunos e fechamento de matriculas. Hor\u00e1rio: Segunda-feira a Sexta-feira. Sal\u00e1rio fixo: R$2.000,00 + R$130,00 por matricula fechada +Premia\u00e7\u00f5es por meta cumprida. Necess\u00e1rio experi\u00eancia em vendas, comprometimento, responsabilidade com as fun\u00e7\u00f5es estabelecidas e proativo. Entre em contato no 16 99165-5339 e envie o seu curr\u00edculo<br \/>\n            <br \/>sinerhgiaempregos@gmail.com\n            <\/p>\n<p><strong>Compartilhe:<\/strong><\/p>\n<p>                <img data-recalc-dims=\"1\" loading=\"lazy\" decoding=\"async\" width=\"25\" height=\"25\" src=\"https:\/\/i0.wp.com\/francaclassificados.com\/\/source\/view\/img\/20w50.png?resize=25%2C25&#038;ssl=1\" alt=\"Imagem compartilhar whatsapp\"\/><\/p>\n<p>                <img data-recalc-dims=\"1\" loading=\"lazy\" decoding=\"async\" width=\"25\" height=\"25\" src=\"https:\/\/i0.wp.com\/francaclassificados.com\/\/source\/view\/img\/18w50.png?resize=25%2C25&#038;ssl=1\" alt=\"Imagem compartilhar facebook\"\/><\/p>\n<\/p><\/div>\n<p>    <script async=\"\" src=\"https:\/\/pagead2.googlesyndication.com\/pagead\/js\/adsbygoogle.js?client=ca-pub-2853392113352629\" crossorigin=\"anonymous\"\/>\n    <ins class=\"adsbygoogle\" style=\"display:block\" data-ad-client=\"ca-pub-2853392113352629\" data-ad-slot=\"2925831803\" data-ad-format=\"auto\" data-full-width-responsive=\"true\"\/>\n    <script><![CDATA[\n    (adsbygoogle = window.adsbygoogle || []).push({});\n    ]]><\/script><\/p>\n<div class=\"emp\">\n<p>\n            DOBRADOR DE CHAPA DE A\u00c7O<br \/>CONTRATA-SE DOBRADOR DE CHAPA DE A\u00c7O COM EXPERIENCIA EM MAQUINA DE DOBRA E GUILHOTINA QUE SAIBA CORTAR E DOBRAR CHAPAS. INTERESSADOS ENVIAR CURRICULUM PARA O EMAIL: rh@viupaineis.com.br OU ENTRAR EM CONTATO 16 99979-3777 Cesar<br \/>\n            <br \/>sinerhgiaempregos@gmail.com\n            <\/p>\n<p><strong>Compartilhe:<\/strong><\/p>\n<p>                <img data-recalc-dims=\"1\" loading=\"lazy\" decoding=\"async\" width=\"25\" height=\"25\" src=\"https:\/\/i0.wp.com\/francaclassificados.com\/\/source\/view\/img\/20w50.png?resize=25%2C25&#038;ssl=1\" alt=\"Imagem compartilhar whatsapp\"\/><\/p>\n<p>                <img data-recalc-dims=\"1\" loading=\"lazy\" decoding=\"async\" width=\"25\" height=\"25\" src=\"https:\/\/i0.wp.com\/francaclassificados.com\/\/source\/view\/img\/18w50.png?resize=25%2C25&#038;ssl=1\" alt=\"Imagem compartilhar facebook\"\/><\/p>\n<\/p><\/div>\n<div class=\"emp\">\n<p>\n            PASSADOR DE COLA<br \/>CONTRATA PASSADOR(EIRA) DE COLA NA SOLA E CABEDAL PARA TRABALHAR NA ESTEIRA.INTERESSADOS ENVIAR CURRICULUM NO E-MAIL recrutarhshoes@gmail.com<br \/>\n            <br \/>sinerhgiaempregos@gmail.com\n            <\/p>\n<p><strong>Compartilhe:<\/strong><\/p>\n<p>                <img data-recalc-dims=\"1\" loading=\"lazy\" decoding=\"async\" width=\"25\" height=\"25\" src=\"https:\/\/i0.wp.com\/francaclassificados.com\/\/source\/view\/img\/20w50.png?resize=25%2C25&#038;ssl=1\" alt=\"Imagem compartilhar whatsapp\"\/><\/p>\n<p>                <img data-recalc-dims=\"1\" loading=\"lazy\" decoding=\"async\" width=\"25\" height=\"25\" src=\"https:\/\/i0.wp.com\/francaclassificados.com\/\/source\/view\/img\/18w50.png?resize=25%2C25&#038;ssl=1\" alt=\"Imagem compartilhar facebook\"\/><\/p>\n<\/p><\/div>\n<p>    <script async=\"\" src=\"https:\/\/pagead2.googlesyndication.com\/pagead\/js\/adsbygoogle.js?client=ca-pub-2853392113352629\" crossorigin=\"anonymous\"\/>\n    <ins class=\"adsbygoogle\" style=\"display:block\" data-ad-client=\"ca-pub-2853392113352629\" data-ad-slot=\"2925831803\" data-ad-format=\"auto\" data-full-width-responsive=\"true\"\/>\n    <script><![CDATA[\n    (adsbygoogle = window.adsbygoogle || []).push({});\n    ]]><\/script><\/p>\n<div class=\"emp\">\n<p>\n            PINTOR AUTOMOTIVO<br \/>COM EXPERIENCIA COMPROVADA NA FUN\u00c7\u00c3O DE PREPARA\u00c7\u00c3O E PINTURA DE AUTOS E CAMINH\u00c3O. ENVIAR CURRICULUM PARA 99122 4616 WATTSAPP<br \/>\n            <br \/>sinerhgiaempregos@gmail.com\n            <\/p>\n<p><strong>Compartilhe:<\/strong><\/p>\n<p>                <img data-recalc-dims=\"1\" loading=\"lazy\" decoding=\"async\" width=\"25\" height=\"25\" src=\"https:\/\/i0.wp.com\/francaclassificados.com\/\/source\/view\/img\/20w50.png?resize=25%2C25&#038;ssl=1\" alt=\"Imagem compartilhar whatsapp\"\/><\/p>\n<p>                <img data-recalc-dims=\"1\" loading=\"lazy\" decoding=\"async\" width=\"25\" height=\"25\" src=\"https:\/\/i0.wp.com\/francaclassificados.com\/\/source\/view\/img\/18w50.png?resize=25%2C25&#038;ssl=1\" alt=\"Imagem compartilhar facebook\"\/><\/p>\n<\/p><\/div>\n<div class=\"emp\">\n<p>\n            Auxiliar Adm\/Ecomerce<br \/>Curr\u00edculo para e-mail: neri091@hotmail.com Admite-se auxiliar administrativo\/ecommerce necess\u00e1rio: conhecimento em Excel, experi\u00eancia comprovada em carteira de pelo menos 1 ano, idade acima de 21 anos...desej\u00e1vel: conhecimento em site...boa comunica\u00e7\u00e3o, pro atividade, bom relacionamento para trabalhar em equipe... Carga Hor\u00e1ria: 44h semanais =&gt; Segunda a S\u00e1bado...Sal\u00e1rio: R$ 1899,00<br \/>\n            <br \/>sinerhgiaempregos@gmail.com\n            <\/p>\n<p><strong>Compartilhe:<\/strong><\/p>\n<p>                <img data-recalc-dims=\"1\" loading=\"lazy\" decoding=\"async\" width=\"25\" height=\"25\" src=\"https:\/\/i0.wp.com\/francaclassificados.com\/\/source\/view\/img\/20w50.png?resize=25%2C25&#038;ssl=1\" alt=\"Imagem compartilhar whatsapp\"\/><\/p>\n<p>                <img data-recalc-dims=\"1\" loading=\"lazy\" decoding=\"async\" width=\"25\" height=\"25\" src=\"https:\/\/i0.wp.com\/francaclassificados.com\/\/source\/view\/img\/18w50.png?resize=25%2C25&#038;ssl=1\" alt=\"Imagem compartilhar facebook\"\/><\/p>\n<\/p><\/div>\n<p>    <script async=\"\" src=\"https:\/\/pagead2.googlesyndication.com\/pagead\/js\/adsbygoogle.js?client=ca-pub-2853392113352629\" crossorigin=\"anonymous\"\/>\n    <ins class=\"adsbygoogle\" style=\"display:block\" data-ad-client=\"ca-pub-2853392113352629\" data-ad-slot=\"2925831803\" data-ad-format=\"auto\" data-full-width-responsive=\"true\"\/>\n    <script><![CDATA[\n    (adsbygoogle = window.adsbygoogle || []).push({});\n    ]]><\/script><\/p>\n<div class=\"emp\">\n<p>\n            PRENSEIRO DE ESTAMPAS<br \/>BUSCAMOS PESSOA PARA PRENSAR ESTAMPAS DTF EM CAMISETAS E MOLETOM. NECESS\u00c1RIO TER EXPERI\u00caNCIA NA \u00c1REA. REQUISITOS: ENSINO M\u00c9DIO COMPLETO \/ ORGANIZADO \/ PR\u00d3-ATIVO \/ TER COMPROMETIMENTO. INICIO IMEDIATO. HOR\u00c1RIO: SEGUNDA \u00c1 SEXTA (07H30 \u00c0S 17H30). MEDIA\u00c7\u00d5ES VILA REAL. ENVIAR CURRICULO COM FOTO PARA: adm.recrutamentosd@gmail.com<br \/>\n            <br \/>sinerhgiaempregos@gmail.com\n            <\/p>\n<p><strong>Compartilhe:<\/strong><\/p>\n<p>                <img data-recalc-dims=\"1\" loading=\"lazy\" decoding=\"async\" width=\"25\" height=\"25\" src=\"https:\/\/i0.wp.com\/francaclassificados.com\/\/source\/view\/img\/20w50.png?resize=25%2C25&#038;ssl=1\" alt=\"Imagem compartilhar whatsapp\"\/><\/p>\n<p>                <img data-recalc-dims=\"1\" loading=\"lazy\" decoding=\"async\" width=\"25\" height=\"25\" src=\"https:\/\/i0.wp.com\/francaclassificados.com\/\/source\/view\/img\/18w50.png?resize=25%2C25&#038;ssl=1\" alt=\"Imagem compartilhar facebook\"\/><\/p>\n<\/p><\/div>\n<div class=\"emp\">\n<p>\n            Contrata vendedora com experi\u00eancia, boa comunica\u00e7\u00e3o, compromentimento, acima de 21 anos, segundo grau, hor\u00e1rio do comercio, loja pr\u00f3xima a Prefeitura, interessados enviar curr\u00edculo para e-mail rh.vha@vhashoes.com.br WhatsApp 16 99966 0435<br \/>\n            <br \/>sinerhgiaempregos@gmail.com\n            <\/p>\n<p><strong>Compartilhe:<\/strong><\/p>\n<p>                <img data-recalc-dims=\"1\" loading=\"lazy\" decoding=\"async\" width=\"25\" height=\"25\" src=\"https:\/\/i0.wp.com\/francaclassificados.com\/\/source\/view\/img\/20w50.png?resize=25%2C25&#038;ssl=1\" alt=\"Imagem compartilhar whatsapp\"\/><\/p>\n<p>                <img data-recalc-dims=\"1\" loading=\"lazy\" decoding=\"async\" width=\"25\" height=\"25\" src=\"https:\/\/i0.wp.com\/francaclassificados.com\/\/source\/view\/img\/18w50.png?resize=25%2C25&#038;ssl=1\" alt=\"Imagem compartilhar facebook\"\/><\/p>\n<\/p><\/div>\n<p>    <script async=\"\" src=\"https:\/\/pagead2.googlesyndication.com\/pagead\/js\/adsbygoogle.js?client=ca-pub-2853392113352629\" crossorigin=\"anonymous\"\/>\n    <ins class=\"adsbygoogle\" style=\"display:block\" data-ad-client=\"ca-pub-2853392113352629\" data-ad-slot=\"2925831803\" data-ad-format=\"auto\" data-full-width-responsive=\"true\"\/>\n    <script><![CDATA[\n    (adsbygoogle = window.adsbygoogle || []).push({});\n    ]]><\/script><\/p>\n<div class=\"emp\">\n<p>\n            Vendedora \/ Atendimento ao Cliente<br \/>Estamos em busca de profissionais dedicados e comunicativos para integrar nosso time de Vendas e SAC. REQUISITOS: *Boa comunica\u00e7\u00e3o verbal e escrita* - *Proatividade e dinamismo* - *Habilidade para trabalhar em equipe* ----------- Entrar em contato pelo WhatsApp (16) 99997-2824 (Veronica). Acesse nosso site para conhecer um pouco sobre nossos produtos e a empresa. - www.cintasglamour.com.br<br \/>\n            <br \/>sinerhgiaempregos@gmail.com\n            <\/p>\n<p><strong>Compartilhe:<\/strong><\/p>\n<p>                <img data-recalc-dims=\"1\" loading=\"lazy\" decoding=\"async\" width=\"25\" height=\"25\" src=\"https:\/\/i0.wp.com\/francaclassificados.com\/\/source\/view\/img\/20w50.png?resize=25%2C25&#038;ssl=1\" alt=\"Imagem compartilhar whatsapp\"\/><\/p>\n<p>                <img data-recalc-dims=\"1\" loading=\"lazy\" decoding=\"async\" width=\"25\" height=\"25\" src=\"https:\/\/i0.wp.com\/francaclassificados.com\/\/source\/view\/img\/18w50.png?resize=25%2C25&#038;ssl=1\" alt=\"Imagem compartilhar facebook\"\/><\/p>\n<\/p><\/div>\n<div class=\"emp\">\n<p>\n            AUXILIAR DE ALMOXARIFADO 17 A 21 ANOS<br \/>Se voc\u00ea \u00e9 proativo e gosta de trabalhar em equipe, tem de 17 a 21 anos, com ou sem experiencia, do sexo masculino, essa \u00e9 a sua oportunidade. Hor\u00e1rio: Manha tarde (07:00 as 15:20) de segunda a s\u00e1bado. Oferecemos: Sal\u00e1rio compat\u00edvel e um ambiente acolhedor.Interessados, por favor, enviem curr\u00edculo para rhpadariafranca@gmail.com<br \/>\n            <br \/>sinerhgiaempregos@gmail.com\n            <\/p>\n<p><strong>Compartilhe:<\/strong><\/p>\n<p>                <img data-recalc-dims=\"1\" loading=\"lazy\" decoding=\"async\" width=\"25\" height=\"25\" src=\"https:\/\/i0.wp.com\/francaclassificados.com\/\/source\/view\/img\/20w50.png?resize=25%2C25&#038;ssl=1\" alt=\"Imagem compartilhar whatsapp\"\/><\/p>\n<p>                <img data-recalc-dims=\"1\" loading=\"lazy\" decoding=\"async\" width=\"25\" height=\"25\" src=\"https:\/\/i0.wp.com\/francaclassificados.com\/\/source\/view\/img\/18w50.png?resize=25%2C25&#038;ssl=1\" alt=\"Imagem compartilhar facebook\"\/><\/p>\n<\/p><\/div>\n<p>    <script async=\"\" src=\"https:\/\/pagead2.googlesyndication.com\/pagead\/js\/adsbygoogle.js?client=ca-pub-2853392113352629\" crossorigin=\"anonymous\"\/>\n    <ins class=\"adsbygoogle\" style=\"display:block\" data-ad-client=\"ca-pub-2853392113352629\" data-ad-slot=\"2925831803\" data-ad-format=\"auto\" data-full-width-responsive=\"true\"\/>\n    <script><![CDATA[\n    (adsbygoogle = window.adsbygoogle || []).push({});\n    ]]><\/script><\/p>\n<div class=\"emp\">\n<p>\n            Montador\/Entregador Moveis<br \/>Curr\u00edculo para: neri091@hotmail.com Admite-se Montador\/Entregador .. Carga hor\u00e1ria: 44 horas semanais\u2026De Segunda \u00e1 S\u00e1bado\u2026Sal\u00e1rio R$1800+Bonifica\u00e7\u00f5es por rendimento+horas extras (total final 2200 +\/- )...Realizar o carregamento e descarregamentos dos caminh\u00f5es\u2026Manusear cargas no interior do dep\u00f3sito, lojas, casa de clientes e caminh\u00e3o.. montar produto casa de cliente e nas lojas\u2026Organizar a disposi\u00e7\u00e3o das mercadorias no dep\u00f3sito\u2026Auxiliar o motorista na atividade de estacionar os ve\u00edculos etc<br \/>\n            <br \/>sinerhgiaempregos@gmail.com\n            <\/p>\n<p><strong>Compartilhe:<\/strong><\/p>\n<p>                <img data-recalc-dims=\"1\" loading=\"lazy\" decoding=\"async\" width=\"25\" height=\"25\" src=\"https:\/\/i0.wp.com\/francaclassificados.com\/\/source\/view\/img\/20w50.png?resize=25%2C25&#038;ssl=1\" alt=\"Imagem compartilhar whatsapp\"\/><\/p>\n<p>                <img data-recalc-dims=\"1\" loading=\"lazy\" decoding=\"async\" width=\"25\" height=\"25\" src=\"https:\/\/i0.wp.com\/francaclassificados.com\/\/source\/view\/img\/18w50.png?resize=25%2C25&#038;ssl=1\" alt=\"Imagem compartilhar facebook\"\/><\/p>\n<\/p><\/div>\n<div class=\"emp\">\n<p>\n            CONTROLADOR DE PRODU\u00c7\u00c3O\/EXPED.\/PCP<br \/>Contrata-se in\u00edcio imediato Controlador de produ\u00e7\u00e3o\/expedi\u00e7\u00e3o Produ\u00e7\u00e3o de solados em E.V.A, processo produtivo PCP, confer\u00eancia de material, medir e controle de qualidade, organizar o armazenamento dos materiais, controle de estoque e embarque. Que se empenhe em coordenar e controlar as etapas de produ\u00e7\u00e3o e expedi\u00e7\u00e3o, garantindo qualidade e entrega no prazo. Que seja aberto a novos conhecimentos e aprendizado e aos desafios da produ\u00e7\u00e3o.<br \/>\n            <br \/>evalightsolados@gmail.com<br \/>\n            <br \/>sinerhgiaempregos@gmail.com\n            <\/p>\n<p><strong>Compartilhe:<\/strong><\/p>\n<p>                <img data-recalc-dims=\"1\" loading=\"lazy\" decoding=\"async\" width=\"25\" height=\"25\" src=\"https:\/\/i0.wp.com\/francaclassificados.com\/\/source\/view\/img\/20w50.png?resize=25%2C25&#038;ssl=1\" alt=\"Imagem compartilhar whatsapp\"\/><\/p>\n<p>                <img data-recalc-dims=\"1\" loading=\"lazy\" decoding=\"async\" width=\"25\" height=\"25\" src=\"https:\/\/i0.wp.com\/francaclassificados.com\/\/source\/view\/img\/18w50.png?resize=25%2C25&#038;ssl=1\" alt=\"Imagem compartilhar facebook\"\/><\/p>\n<\/p><\/div>\n<p>    <script async=\"\" src=\"https:\/\/pagead2.googlesyndication.com\/pagead\/js\/adsbygoogle.js?client=ca-pub-2853392113352629\" crossorigin=\"anonymous\"\/>\n    <ins class=\"adsbygoogle\" style=\"display:block\" data-ad-client=\"ca-pub-2853392113352629\" data-ad-slot=\"2925831803\" data-ad-format=\"auto\" data-full-width-responsive=\"true\"\/>\n    <script><![CDATA[\n    (adsbygoogle = window.adsbygoogle || []).push({});\n    ]]><\/script><\/p>\n<div class=\"emp\">\n<p>\n            Expedi\u00e7\u00e3o e Instala\u00e7\u00e3o de Eletrodom\u00e9sticos<br \/>Pessoa \u00e1gil, organizada, atenta aos detalhes. Necess\u00e1rio ter facilidade com computador e no\u00e7\u00f5es de hidr\u00e1ulica para realizar instala\u00e7\u00e3o de eletrodom\u00e9sticos e torneiras. Facilitade com planilhas \u00e9 um diferencial. Obrigat\u00f3rio ter CNH AB. Enviar APRESENTA\u00c7\u00c3O e CURR\u00cdCULO por email: vaga.24horas@gmail.com (informar no assunto: \"VAGA INSTALA\u00c7\u00c3O\"). Bairro Santa Cruz - Segunda a Sexta - 7:30 ~ 17:30 - R$1.747 + vale transporte + b\u00f4nus\/benef\u00edcios.<br \/>\n            <br \/>sinerhgiaempregos@gmail.com\n            <\/p>\n<p><strong>Compartilhe:<\/strong><\/p>\n<p>                <img data-recalc-dims=\"1\" loading=\"lazy\" decoding=\"async\" width=\"25\" height=\"25\" src=\"https:\/\/i0.wp.com\/francaclassificados.com\/\/source\/view\/img\/20w50.png?resize=25%2C25&#038;ssl=1\" alt=\"Imagem compartilhar whatsapp\"\/><\/p>\n<p>                <img data-recalc-dims=\"1\" loading=\"lazy\" decoding=\"async\" width=\"25\" height=\"25\" src=\"https:\/\/i0.wp.com\/francaclassificados.com\/\/source\/view\/img\/18w50.png?resize=25%2C25&#038;ssl=1\" alt=\"Imagem compartilhar facebook\"\/><\/p>\n<\/p><\/div>\n<div class=\"emp\">\n<p>\n            RECEPCIONISTA <br \/>Se voc\u00ea \u00e9 organizado, gosta de atender clientes e busca um ambiente din\u00e2mico, venha fazer parte da nossa equipe! Requisitos: Disponibilidade para trabalhar de segunda a s\u00e1bado, de 11:30 \u00e0s 19:50h, com domingos de folga alternados. Ensino m\u00e9dio completo. Ser\u00e1 um diferencial se tiver experi\u00eancia na \u00e1rea de atendimento ao cliente.<br \/>\n            <br \/>francasp@blowescovaria.com.br<br \/>\n            <br \/>sinerhgiaempregos@gmail.com\n            <\/p>\n<p><strong>Compartilhe:<\/strong><\/p>\n<p>                <img data-recalc-dims=\"1\" loading=\"lazy\" decoding=\"async\" width=\"25\" height=\"25\" src=\"https:\/\/i0.wp.com\/francaclassificados.com\/\/source\/view\/img\/20w50.png?resize=25%2C25&#038;ssl=1\" alt=\"Imagem compartilhar whatsapp\"\/><\/p>\n<p>                <img data-recalc-dims=\"1\" loading=\"lazy\" decoding=\"async\" width=\"25\" height=\"25\" src=\"https:\/\/i0.wp.com\/francaclassificados.com\/\/source\/view\/img\/18w50.png?resize=25%2C25&#038;ssl=1\" alt=\"Imagem compartilhar facebook\"\/><\/p>\n<\/p><\/div>\n<p>    <script async=\"\" src=\"https:\/\/pagead2.googlesyndication.com\/pagead\/js\/adsbygoogle.js?client=ca-pub-2853392113352629\" crossorigin=\"anonymous\"\/>\n    <ins class=\"adsbygoogle\" style=\"display:block\" data-ad-client=\"ca-pub-2853392113352629\" data-ad-slot=\"2925831803\" data-ad-format=\"auto\" data-full-width-responsive=\"true\"\/>\n    <script><![CDATA[\n    (adsbygoogle = window.adsbygoogle || []).push({});\n    ]]><\/script><\/p>\n<div class=\"emp\">\n<p>\n            ATENDENTE COMERCIAL DE PR\u00c9 ATENDIMENTO<br \/>ESTAMOS CONTRATANDO PESSOAS COMUNICATIVAS E DISPOSTAS A APRENDER PARA QUALIFICAR LEADS, AGENDAR REUNI\u00d5ES E RECUPERAR OPORTUNIDADES DE NEG\u00d3CIOS, SE VOC\u00ca BUSCA CRESCIMENTO E QUER SE DESENVOLVER NA \u00c1REA COMERCIAL, ESSA VAGA \u00c9 PARA VOC\u00ca. SAL\u00c1RIO COMPATIVEL COM O MERCADO, BONIFICA\u00c7\u00d5ES E GANHOS POR RESULTADO, VALE ALIMENTA\u00c7\u00c3O, GYMPASS. ENVIE O SEU CURRICULO PARA RH@NATURALFITNESS.COM.BR<br \/>\n            <br \/>sinerhgiaempregos@gmail.com\n            <\/p>\n<p><strong>Compartilhe:<\/strong><\/p>\n<p>                <img data-recalc-dims=\"1\" loading=\"lazy\" decoding=\"async\" width=\"25\" height=\"25\" src=\"https:\/\/i0.wp.com\/francaclassificados.com\/\/source\/view\/img\/20w50.png?resize=25%2C25&#038;ssl=1\" alt=\"Imagem compartilhar whatsapp\"\/><\/p>\n<p>                <img data-recalc-dims=\"1\" loading=\"lazy\" decoding=\"async\" width=\"25\" height=\"25\" src=\"https:\/\/i0.wp.com\/francaclassificados.com\/\/source\/view\/img\/18w50.png?resize=25%2C25&#038;ssl=1\" alt=\"Imagem compartilhar facebook\"\/><\/p>\n<\/p><\/div>\n<div class=\"emp\">\n<p>\n            Gerente Produ\u00e7\u00e3o<br \/>Ind\u00fastria de Cal\u00e7ados Femininos contrata Gerente Produ\u00e7\u00e3o com experi\u00eancia. Interessados enviar curriculo para: vagafranca1@gmail.com<br \/>\n            <br \/>sinerhgiaempregos@gmail.com\n            <\/p>\n<p><strong>Compartilhe:<\/strong><\/p>\n<p>                <img data-recalc-dims=\"1\" loading=\"lazy\" decoding=\"async\" width=\"25\" height=\"25\" src=\"https:\/\/i0.wp.com\/francaclassificados.com\/\/source\/view\/img\/20w50.png?resize=25%2C25&#038;ssl=1\" alt=\"Imagem compartilhar whatsapp\"\/><\/p>\n<p>                <img data-recalc-dims=\"1\" loading=\"lazy\" decoding=\"async\" width=\"25\" height=\"25\" src=\"https:\/\/i0.wp.com\/francaclassificados.com\/\/source\/view\/img\/18w50.png?resize=25%2C25&#038;ssl=1\" alt=\"Imagem compartilhar facebook\"\/><\/p>\n<\/p><\/div>\n<p>    <script async=\"\" src=\"https:\/\/pagead2.googlesyndication.com\/pagead\/js\/adsbygoogle.js?client=ca-pub-2853392113352629\" crossorigin=\"anonymous\"\/>\n    <ins class=\"adsbygoogle\" style=\"display:block\" data-ad-client=\"ca-pub-2853392113352629\" data-ad-slot=\"2925831803\" data-ad-format=\"auto\" data-full-width-responsive=\"true\"\/>\n    <script><![CDATA[\n    (adsbygoogle = window.adsbygoogle || []).push({});\n    ]]><\/script><\/p>\n<div class=\"emp\">\n<p>\n            Contrata-se empregada dom\u00e9stica para casa de fam\u00edlia, cozinhar, lavar, passar, limpeza geral, conserva\u00e7\u00e3o e organiza\u00e7\u00e3o dos ambientes. Segunda a sexta das 8hs as 17hs. Enviar curr\u00edculos para: lisianeturqueti@hotmail.com<br \/>\n            <br \/>sinerhgiaempregos@gmail.com\n            <\/p>\n<p><strong>Compartilhe:<\/strong><\/p>\n<p>                <img data-recalc-dims=\"1\" loading=\"lazy\" decoding=\"async\" width=\"25\" height=\"25\" src=\"https:\/\/i0.wp.com\/francaclassificados.com\/\/source\/view\/img\/20w50.png?resize=25%2C25&#038;ssl=1\" alt=\"Imagem compartilhar whatsapp\"\/><\/p>\n<p>                <img data-recalc-dims=\"1\" loading=\"lazy\" decoding=\"async\" width=\"25\" height=\"25\" src=\"https:\/\/i0.wp.com\/francaclassificados.com\/\/source\/view\/img\/18w50.png?resize=25%2C25&#038;ssl=1\" alt=\"Imagem compartilhar facebook\"\/><\/p>\n<\/p><\/div>\n<div class=\"emp\">\n<p>\n            Promotor de vendas<br \/>Estamos contratando Promotor(a) de vendas com ou sem experiencia. Interessados deixar curr\u00edculo na loja da Av. Brasil, 456 Vila Aparecida. Ou envia via e-mail para g.alencar@lojasxavier.com.br<br \/>\n            <br \/>sinerhgiaempregos@gmail.com\n            <\/p>\n<p><strong>Compartilhe:<\/strong><\/p>\n<p>                <img data-recalc-dims=\"1\" loading=\"lazy\" decoding=\"async\" width=\"25\" height=\"25\" src=\"https:\/\/i0.wp.com\/francaclassificados.com\/\/source\/view\/img\/20w50.png?resize=25%2C25&#038;ssl=1\" alt=\"Imagem compartilhar whatsapp\"\/><\/p>\n<p>                <img data-recalc-dims=\"1\" loading=\"lazy\" decoding=\"async\" width=\"25\" height=\"25\" src=\"https:\/\/i0.wp.com\/francaclassificados.com\/\/source\/view\/img\/18w50.png?resize=25%2C25&#038;ssl=1\" alt=\"Imagem compartilhar facebook\"\/><\/p>\n<\/p><\/div>\n<p>    <script async=\"\" src=\"https:\/\/pagead2.googlesyndication.com\/pagead\/js\/adsbygoogle.js?client=ca-pub-2853392113352629\" crossorigin=\"anonymous\"\/>\n    <ins class=\"adsbygoogle\" style=\"display:block\" data-ad-client=\"ca-pub-2853392113352629\" data-ad-slot=\"2925831803\" data-ad-format=\"auto\" data-full-width-responsive=\"true\"\/>\n    <script><![CDATA[\n    (adsbygoogle = window.adsbygoogle || []).push({});\n    ]]><\/script><\/p>\n<div class=\"emp\">\n<p>\n            LIBERA\u00c7\u00c3O DE PEDIDOS - ECOMMERCE<br \/>O Colaborador respons\u00e1vel pela libera\u00e7\u00e3o de pedidos, vai trabalhar diretamente dentro do sistema do Autcom, precisa fazer uma verifica\u00e7\u00e3o do pedido que foi importado no sistema e corrigir caso exista alguma diverg\u00eancia. Pr\u00e9-requisitos: Ensino m\u00e9dio completo; Boa comunica\u00e7\u00e3o verbal e escrita; Capacidade de trabalho em equipe; Aten\u00e7\u00e3o \u00e0 detalhes<br \/>\n            <br \/>vagas@palaciodasferramentas.com.br<br \/>\n            <br \/>sinerhgiaempregos@gmail.com\n            <\/p>\n<p><strong>Compartilhe:<\/strong><\/p>\n<p>                <img data-recalc-dims=\"1\" loading=\"lazy\" decoding=\"async\" width=\"25\" height=\"25\" src=\"https:\/\/i0.wp.com\/francaclassificados.com\/\/source\/view\/img\/20w50.png?resize=25%2C25&#038;ssl=1\" alt=\"Imagem compartilhar whatsapp\"\/><\/p>\n<p>                <img data-recalc-dims=\"1\" loading=\"lazy\" decoding=\"async\" width=\"25\" height=\"25\" src=\"https:\/\/i0.wp.com\/francaclassificados.com\/\/source\/view\/img\/18w50.png?resize=25%2C25&#038;ssl=1\" alt=\"Imagem compartilhar facebook\"\/><\/p>\n<\/p><\/div>\n<div class=\"emp\">\n<p>\n            Admite-se COZINHEIRA, trabalho de segunda a sexta feira em hor\u00e1rio comercial. Enviar curr\u00edculo para o e-mail: vagasfranca2023@outlook.com<br \/>\n            <br \/>sinerhgiaempregos@gmail.com\n            <\/p>\n<p><strong>Compartilhe:<\/strong><\/p>\n<p>                <img data-recalc-dims=\"1\" loading=\"lazy\" decoding=\"async\" width=\"25\" height=\"25\" src=\"https:\/\/i0.wp.com\/francaclassificados.com\/\/source\/view\/img\/20w50.png?resize=25%2C25&#038;ssl=1\" alt=\"Imagem compartilhar whatsapp\"\/><\/p>\n<p>                <img data-recalc-dims=\"1\" loading=\"lazy\" decoding=\"async\" width=\"25\" height=\"25\" src=\"https:\/\/i0.wp.com\/francaclassificados.com\/\/source\/view\/img\/18w50.png?resize=25%2C25&#038;ssl=1\" alt=\"Imagem compartilhar facebook\"\/><\/p>\n<\/p><\/div>\n<p>    <script async=\"\" src=\"https:\/\/pagead2.googlesyndication.com\/pagead\/js\/adsbygoogle.js?client=ca-pub-2853392113352629\" crossorigin=\"anonymous\"\/>\n    <ins class=\"adsbygoogle\" style=\"display:block\" data-ad-client=\"ca-pub-2853392113352629\" data-ad-slot=\"2925831803\" data-ad-format=\"auto\" data-full-width-responsive=\"true\"\/>\n    <script><![CDATA[\n    (adsbygoogle = window.adsbygoogle || []).push({});\n    ]]><\/script><\/p>\n<div class=\"emp\">\n<p>\n            AUXILIAR DE PRODU\u00c7\u00c3O-COMUNICA\u00c7\u00c3O VISUAL<br \/>VAGA DE EMPREGO \/ AUXILIAR DE PRODU\u00c7\u00c3O DO SEXO MASCULINO | PR\u00c9 REQUISITOS: ENSINO M\u00c9DIO COMPLETO, RESIDIR NAS PROXIMIDADES DA EMPRESA, SER MAIOR DE 18 ANOS, POSSUIR CNH. DISPONIBILIDADE DE HOR\u00c1RIO: SEG\/SEX - HOR\u00c1RIO: 07:42 \u00e1 11:30 - 13:00 \u00e1 18:00. SOMOS UMA EMPRESA DE COMUNICA\u00c7\u00c3O VISUAL NA CIDADE DE FRANCA.<br \/>\n            <br \/>financeiroartpresscomunicacao@gmail.com<br \/>\n            <br \/>sinerhgiaempregos@gmail.com\n            <\/p>\n<p><strong>Compartilhe:<\/strong><\/p>\n<p>                <img data-recalc-dims=\"1\" loading=\"lazy\" decoding=\"async\" width=\"25\" height=\"25\" src=\"https:\/\/i0.wp.com\/francaclassificados.com\/\/source\/view\/img\/20w50.png?resize=25%2C25&#038;ssl=1\" alt=\"Imagem compartilhar whatsapp\"\/><\/p>\n<p>                <img data-recalc-dims=\"1\" loading=\"lazy\" decoding=\"async\" width=\"25\" height=\"25\" src=\"https:\/\/i0.wp.com\/francaclassificados.com\/\/source\/view\/img\/18w50.png?resize=25%2C25&#038;ssl=1\" alt=\"Imagem compartilhar facebook\"\/><\/p>\n<\/p><\/div>\n<div class=\"emp\">\n<p>\n            Ind\u00fastria de cal\u00e7ados contrata coladeira de pe\u00e7as e pespontador com pratica interessados entrar em contato 16. 99196-7578 ou 16 99213-9443.<br \/>\n            <br \/>sinerhgiaempregos@gmail.com\n            <\/p>\n<p><strong>Compartilhe:<\/strong><\/p>\n<p>                <img data-recalc-dims=\"1\" loading=\"lazy\" decoding=\"async\" width=\"25\" height=\"25\" src=\"https:\/\/i0.wp.com\/francaclassificados.com\/\/source\/view\/img\/20w50.png?resize=25%2C25&#038;ssl=1\" alt=\"Imagem compartilhar whatsapp\"\/><\/p>\n<p>                <img data-recalc-dims=\"1\" loading=\"lazy\" decoding=\"async\" width=\"25\" height=\"25\" src=\"https:\/\/i0.wp.com\/francaclassificados.com\/\/source\/view\/img\/18w50.png?resize=25%2C25&#038;ssl=1\" alt=\"Imagem compartilhar facebook\"\/><\/p>\n<\/p><\/div>\n<p>    <script async=\"\" src=\"https:\/\/pagead2.googlesyndication.com\/pagead\/js\/adsbygoogle.js?client=ca-pub-2853392113352629\" crossorigin=\"anonymous\"\/>\n    <ins class=\"adsbygoogle\" style=\"display:block\" data-ad-client=\"ca-pub-2853392113352629\" data-ad-slot=\"2925831803\" data-ad-format=\"auto\" data-full-width-responsive=\"true\"\/>\n    <script><![CDATA[\n    (adsbygoogle = window.adsbygoogle || []).push({});\n    ]]><\/script><\/p>\n<div class=\"emp\">\n<p>\n            Estamos em busca de uma diarista para realizar limpeza e organiza\u00e7\u00e3o de uma loja. Requisitos: que seja respons\u00e1vel, discreta, cuidadosa, proativa, organizada, pontual e que tenha experiencia na \u00e1rea. Descri\u00e7\u00e3o da vaga: Limpeza geral das instala\u00e7\u00f5es incluindo moveis e decora\u00e7\u00e3o. Trabalhar 2 vezes na semana. Enviar curr\u00edculo para o e-mail: salvattorerh@gmail.com<br \/>\n            <br \/>sinerhgiaempregos@gmail.com\n            <\/p>\n<p><strong>Compartilhe:<\/strong><\/p>\n<p>                <img data-recalc-dims=\"1\" loading=\"lazy\" decoding=\"async\" width=\"25\" height=\"25\" src=\"https:\/\/i0.wp.com\/francaclassificados.com\/\/source\/view\/img\/20w50.png?resize=25%2C25&#038;ssl=1\" alt=\"Imagem compartilhar whatsapp\"\/><\/p>\n<p>                <img data-recalc-dims=\"1\" loading=\"lazy\" decoding=\"async\" width=\"25\" height=\"25\" src=\"https:\/\/i0.wp.com\/francaclassificados.com\/\/source\/view\/img\/18w50.png?resize=25%2C25&#038;ssl=1\" alt=\"Imagem compartilhar facebook\"\/><\/p>\n<\/p><\/div>\n<div class=\"emp\">\n<p>\n            VENDEDORA<br \/>Loja no Shopping busca vendedora COM EXPERI\u00caNCIA para o per\u00edodo manh\u00e3\/tarde. Que seja comunicativa, pro-ativa, comprometida e organizada, se identifique com metas\/comiss\u00f5es e tenha disponibilidade de hor\u00e1rios. Requisitos: Experi\u00eancia como vendedora, Segundo grau completo, inform\u00e1tica b\u00e1sica e dom\u00ednio em redes sociais. Se voc\u00ea quer fazer parte do nosso Time, envie seu Curr\u00edculo com foto! Proposta Salarial: Fixo + Benef\u00edcios + Comiss\u00f5es atrativas.<br \/>\n            <br \/>milonfranca1@gmail.com<br \/>\n            <br \/>sinerhgiaempregos@gmail.com\n            <\/p>\n<p><strong>Compartilhe:<\/strong><\/p>\n<p>                <img data-recalc-dims=\"1\" loading=\"lazy\" decoding=\"async\" width=\"25\" height=\"25\" src=\"https:\/\/i0.wp.com\/francaclassificados.com\/\/source\/view\/img\/20w50.png?resize=25%2C25&#038;ssl=1\" alt=\"Imagem compartilhar whatsapp\"\/><\/p>\n<p>                <img data-recalc-dims=\"1\" loading=\"lazy\" decoding=\"async\" width=\"25\" height=\"25\" src=\"https:\/\/i0.wp.com\/francaclassificados.com\/\/source\/view\/img\/18w50.png?resize=25%2C25&#038;ssl=1\" alt=\"Imagem compartilhar facebook\"\/><\/p>\n<\/p><\/div>\n<p>    <script async=\"\" src=\"https:\/\/pagead2.googlesyndication.com\/pagead\/js\/adsbygoogle.js?client=ca-pub-2853392113352629\" crossorigin=\"anonymous\"\/>\n    <ins class=\"adsbygoogle\" style=\"display:block\" data-ad-client=\"ca-pub-2853392113352629\" data-ad-slot=\"2925831803\" data-ad-format=\"auto\" data-full-width-responsive=\"true\"\/>\n    <script><![CDATA[\n    (adsbygoogle = window.adsbygoogle || []).push({});\n    ]]><\/script><\/p>\n<div class=\"emp\">\n<p>\n            Vendedora \/ moda infantil<br \/>Estamos contratando VENDEDORA LOJA MODA INFANTIL - Requisitos: Ensino m\u00e9dio completo, que tenha habilidades para vendas on-line (WhatsApp e Instagram) e tamb\u00e9m no presencial (loja f\u00edsica), focada em metas e resultados, disponibilidade de hor\u00e1rio segunda a s\u00e1bado (hor\u00e1rio varejo). Venha fazer parte da nossa equipe. Sal\u00e1rio fixo + comiss\u00e3o + VT envie seu curr\u00edculo para (16)99266-4997<br \/>\n            <br \/>sinerhgiaempregos@gmail.com\n            <\/p>\n<p><strong>Compartilhe:<\/strong><\/p>\n<p>                <img data-recalc-dims=\"1\" loading=\"lazy\" decoding=\"async\" width=\"25\" height=\"25\" src=\"https:\/\/i0.wp.com\/francaclassificados.com\/\/source\/view\/img\/20w50.png?resize=25%2C25&#038;ssl=1\" alt=\"Imagem compartilhar whatsapp\"\/><\/p>\n<p>                <img data-recalc-dims=\"1\" loading=\"lazy\" decoding=\"async\" width=\"25\" height=\"25\" src=\"https:\/\/i0.wp.com\/francaclassificados.com\/\/source\/view\/img\/18w50.png?resize=25%2C25&#038;ssl=1\" alt=\"Imagem compartilhar facebook\"\/><\/p>\n<\/p><\/div>\n<div class=\"emp\">\n<p>\n            Admite-se Apontador de Sola\/ Riscador com pr\u00e1tica. Pagamento Semanal. Chamar no Whatsapp 16 98142-9713. Fabrica Localizada no NOVA FRANCA. Dispenso curiosos.<br \/>\n            <br \/>sinerhgiaempregos@gmail.com\n            <\/p>\n<p><strong>Compartilhe:<\/strong><\/p>\n<p>                <img data-recalc-dims=\"1\" loading=\"lazy\" decoding=\"async\" width=\"25\" height=\"25\" src=\"https:\/\/i0.wp.com\/francaclassificados.com\/\/source\/view\/img\/20w50.png?resize=25%2C25&#038;ssl=1\" alt=\"Imagem compartilhar whatsapp\"\/><\/p>\n<p>                <img data-recalc-dims=\"1\" loading=\"lazy\" decoding=\"async\" width=\"25\" height=\"25\" src=\"https:\/\/i0.wp.com\/francaclassificados.com\/\/source\/view\/img\/18w50.png?resize=25%2C25&#038;ssl=1\" alt=\"Imagem compartilhar facebook\"\/><\/p>\n<\/p><\/div>\n<p>    <script async=\"\" src=\"https:\/\/pagead2.googlesyndication.com\/pagead\/js\/adsbygoogle.js?client=ca-pub-2853392113352629\" crossorigin=\"anonymous\"\/>\n    <ins class=\"adsbygoogle\" style=\"display:block\" data-ad-client=\"ca-pub-2853392113352629\" data-ad-slot=\"2925831803\" data-ad-format=\"auto\" data-full-width-responsive=\"true\"\/>\n    <script><![CDATA[\n    (adsbygoogle = window.adsbygoogle || []).push({});\n    ]]><\/script><\/p>\n<div class=\"emp\">\n<p>\n            Auxiliar de cozinha<br \/>Seu cargo proposto \u00e9 auxiliar de cozinha com os benef\u00edcios: Sal\u00e1rio R$ 1900,00, Abono salarial R$ 200,00 por ano, Adicional noturno, Vale Alimenta\u00e7\u00e3o R$ 340,00, Aux\u00edlio transporte no no valor de R$10,00 por dia trabalhado, Aux\u00edlio educa\u00e7\u00e3o R$ 123,00 por filho at\u00e9 15 anos at\u00e9 no m\u00e1ximo R$ 492,00 por ano, Cesta de benef\u00edcios: seguro de vida, bem estar sa\u00fade bucal Tri\u00eanio funcion\u00e1rio acima de 3 anos de registro recebe mensal 2% 1 folga por semana, mais 1 a 2 domingos por m\u00eas, das 18h as 2h20<br \/>\n            <br \/>marli.catarina@outlook.com<br \/>\n            <br \/>sinerhgiaempregos@gmail.com\n            <\/p>\n<p><strong>Compartilhe:<\/strong><\/p>\n<p>                <img data-recalc-dims=\"1\" loading=\"lazy\" decoding=\"async\" width=\"25\" height=\"25\" src=\"https:\/\/i0.wp.com\/francaclassificados.com\/\/source\/view\/img\/20w50.png?resize=25%2C25&#038;ssl=1\" alt=\"Imagem compartilhar whatsapp\"\/><\/p>\n<p>                <img data-recalc-dims=\"1\" loading=\"lazy\" decoding=\"async\" width=\"25\" height=\"25\" src=\"https:\/\/i0.wp.com\/francaclassificados.com\/\/source\/view\/img\/18w50.png?resize=25%2C25&#038;ssl=1\" alt=\"Imagem compartilhar facebook\"\/><\/p>\n<\/p><\/div>\n<div class=\"emp\">\n<p>\n            ANALISTA COMERCIAL<br \/>Empresa cal\u00e7adista est\u00e1 contratando para o setor comercial profissional para analisar processos de vendas, desenvolver e administrar relat\u00f3rios de pedidos e volume de faturamento, al\u00e9m de acompanhar indicadores para suporte em a\u00e7\u00f5es estrat\u00e9gicas.\u00c9 indispens\u00e1vel ter experi\u00eancia na fun\u00e7\u00e3o e habilidade no Pacote Office e sistema de gest\u00e3o. Ter experi\u00eancia em f\u00e1brica de cal\u00e7ados \u00e9 imprescind\u00edvel. Interessados enviar curr\u00edculo com o nome da vaga no email: talentoemcalcados@gmail.com<br \/>\n            <br \/>sinerhgiaempregos@gmail.com\n            <\/p>\n<p><strong>Compartilhe:<\/strong><\/p>\n<p>                <img data-recalc-dims=\"1\" loading=\"lazy\" decoding=\"async\" width=\"25\" height=\"25\" src=\"https:\/\/i0.wp.com\/francaclassificados.com\/\/source\/view\/img\/20w50.png?resize=25%2C25&#038;ssl=1\" alt=\"Imagem compartilhar whatsapp\"\/><\/p>\n<p>                <img data-recalc-dims=\"1\" loading=\"lazy\" decoding=\"async\" width=\"25\" height=\"25\" src=\"https:\/\/i0.wp.com\/francaclassificados.com\/\/source\/view\/img\/18w50.png?resize=25%2C25&#038;ssl=1\" alt=\"Imagem compartilhar facebook\"\/><\/p>\n<\/p><\/div>\n<p>    <script async=\"\" src=\"https:\/\/pagead2.googlesyndication.com\/pagead\/js\/adsbygoogle.js?client=ca-pub-2853392113352629\" crossorigin=\"anonymous\"\/>\n    <ins class=\"adsbygoogle\" style=\"display:block\" data-ad-client=\"ca-pub-2853392113352629\" data-ad-slot=\"2925831803\" data-ad-format=\"auto\" data-full-width-responsive=\"true\"\/>\n    <script><![CDATA[\n    (adsbygoogle = window.adsbygoogle || []).push({});\n    ]]><\/script><\/p>\n<div class=\"emp\">\n<p>\n            Separa\u00e7\u00e3o\/Estampa\/embalagem<br \/>Precisa-se de Pessoa pontual comprometida para fazer separa\u00e7\u00e3o dos produtos, estampar e embalar, com ou sem experi\u00eancia, enviar curriculo com pretens\u00e3o salarial para dropzerashop@gmail.com<br \/>\n            <br \/>sinerhgiaempregos@gmail.com\n            <\/p>\n<p><strong>Compartilhe:<\/strong><\/p>\n<p>                <img data-recalc-dims=\"1\" loading=\"lazy\" decoding=\"async\" width=\"25\" height=\"25\" src=\"https:\/\/i0.wp.com\/francaclassificados.com\/\/source\/view\/img\/20w50.png?resize=25%2C25&#038;ssl=1\" alt=\"Imagem compartilhar whatsapp\"\/><\/p>\n<p>                <img data-recalc-dims=\"1\" loading=\"lazy\" decoding=\"async\" width=\"25\" height=\"25\" src=\"https:\/\/i0.wp.com\/francaclassificados.com\/\/source\/view\/img\/18w50.png?resize=25%2C25&#038;ssl=1\" alt=\"Imagem compartilhar facebook\"\/><\/p>\n<\/p><\/div>\n<div class=\"emp\">\n<p>\n            AUX. FINANCEIRO ADM.<br \/>Distribuidora com mais de 30 anos de mercado, contrata-se para in\u00edcio imediato, CLT, experi\u00eancia nas fun\u00e7\u00f5es: rotinas financeiras, faturamento, no\u00e7\u00f5es de Depto. Pessoal. Conhecimento em inform\u00e1tica, Expediente Segunda a Sexta, proativo, com experi\u00eancia m\u00ednima de 02 anos, sal\u00e1rio de R$ 2.650,00 + Vale alimenta\u00e7\u00e3o R$350,00 mensais + Convenio M\u00e9dico Unimed (50%). Empresa com planos de carreira. Interessados enviar curr\u00edculo para: danilo@originalbateria.com.br com a Sigla FINAN.<br \/>\n            <br \/>sinerhgiaempregos@gmail.com\n            <\/p>\n<p><strong>Compartilhe:<\/strong><\/p>\n<p>                <img data-recalc-dims=\"1\" loading=\"lazy\" decoding=\"async\" width=\"25\" height=\"25\" src=\"https:\/\/i0.wp.com\/francaclassificados.com\/\/source\/view\/img\/20w50.png?resize=25%2C25&#038;ssl=1\" alt=\"Imagem compartilhar whatsapp\"\/><\/p>\n<p>                <img data-recalc-dims=\"1\" loading=\"lazy\" decoding=\"async\" width=\"25\" height=\"25\" src=\"https:\/\/i0.wp.com\/francaclassificados.com\/\/source\/view\/img\/18w50.png?resize=25%2C25&#038;ssl=1\" alt=\"Imagem compartilhar facebook\"\/><\/p>\n<\/p><\/div>\n<p>    <script async=\"\" src=\"https:\/\/pagead2.googlesyndication.com\/pagead\/js\/adsbygoogle.js?client=ca-pub-2853392113352629\" crossorigin=\"anonymous\"\/>\n    <ins class=\"adsbygoogle\" style=\"display:block\" data-ad-client=\"ca-pub-2853392113352629\" data-ad-slot=\"2925831803\" data-ad-format=\"auto\" data-full-width-responsive=\"true\"\/>\n    <script><![CDATA[\n    (adsbygoogle = window.adsbygoogle || []).push({});\n    ]]><\/script><\/p>\n<div class=\"emp\">\n<p>\n            Desossador<br \/>Com experi\u00eancia, trabalho de segunda a sexta das 06:00 \u00e0s 16:48, com 2 horas de almo\u00e7o... Sal\u00e1rio compat\u00edvel com a fun\u00e7\u00e3o, benef\u00edcios: cart\u00e3o alimenta\u00e7\u00e3o, plano de sa\u00fade e conv\u00eanios, vaga para homens e mulheres. rh@camari.com.br<br \/>\n            <br \/>sinerhgiaempregos@gmail.com\n            <\/p>\n<p><strong>Compartilhe:<\/strong><\/p>\n<p>                <img data-recalc-dims=\"1\" loading=\"lazy\" decoding=\"async\" width=\"25\" height=\"25\" src=\"https:\/\/i0.wp.com\/francaclassificados.com\/\/source\/view\/img\/20w50.png?resize=25%2C25&#038;ssl=1\" alt=\"Imagem compartilhar whatsapp\"\/><\/p>\n<p>                <img data-recalc-dims=\"1\" loading=\"lazy\" decoding=\"async\" width=\"25\" height=\"25\" src=\"https:\/\/i0.wp.com\/francaclassificados.com\/\/source\/view\/img\/18w50.png?resize=25%2C25&#038;ssl=1\" alt=\"Imagem compartilhar facebook\"\/><\/p>\n<\/p><\/div>\n<div class=\"emp\">\n<p>\n            Aux. Produ\u00e7\u00e3o, Faxineira - Ind\u00fastria<br \/>Temos \u00f3timas oportunidades de trabalho. Empresa conceituada com mais de 70 anos de hist\u00f3ria, localizada no distrito industrial pr\u00f3ximo a avenida Alberto Pulicano com 170 funcion\u00e1rios atualmente. Temos vagas para Aux. Produ\u00e7\u00e3o, Assistente de Cobran\u00e7a e (segunda sexta das 8h as 18h e das 3h as 12h48, sal\u00e1rio CLT a combinar) e Faxineiras (ter\u00e7a a s\u00e1bado das 7h as 16h48 e seg a sexta das 17h as 02h48 com sal\u00e1rio CLT+V.T em dinheiro+V.A+Incentivo assiduidade). Curr\u00edculos para curriculo@pss.ind.br<br \/>\n            <br \/>sinerhgiaempregos@gmail.com\n            <\/p>\n<p><strong>Compartilhe:<\/strong><\/p>\n<p>                <img data-recalc-dims=\"1\" loading=\"lazy\" decoding=\"async\" width=\"25\" height=\"25\" src=\"https:\/\/i0.wp.com\/francaclassificados.com\/\/source\/view\/img\/20w50.png?resize=25%2C25&#038;ssl=1\" alt=\"Imagem compartilhar whatsapp\"\/><\/p>\n<p>                <img data-recalc-dims=\"1\" loading=\"lazy\" decoding=\"async\" width=\"25\" height=\"25\" src=\"https:\/\/i0.wp.com\/francaclassificados.com\/\/source\/view\/img\/18w50.png?resize=25%2C25&#038;ssl=1\" alt=\"Imagem compartilhar facebook\"\/><\/p>\n<\/p><\/div>\n<p>    <script async=\"\" src=\"https:\/\/pagead2.googlesyndication.com\/pagead\/js\/adsbygoogle.js?client=ca-pub-2853392113352629\" crossorigin=\"anonymous\"\/>\n    <ins class=\"adsbygoogle\" style=\"display:block\" data-ad-client=\"ca-pub-2853392113352629\" data-ad-slot=\"2925831803\" data-ad-format=\"auto\" data-full-width-responsive=\"true\"\/>\n    <script><![CDATA[\n    (adsbygoogle = window.adsbygoogle || []).push({});\n    ]]><\/script><\/p>\n<div class=\"emp\">\n<p>\n            AUXILIAR DE SA\u00daDE BUCAL<br \/>COM EXPER\u00caNCIA NA \u00c1REA. Clinica Odontol\u00f3gica. Sal\u00e1rio: R$ 1.900,00 (lL\u00edquido mensal). Hor\u00e1rio das 09h as 19h com 2 horas de almo\u00e7o. S\u00e1bado das 08h as 12h. Descri\u00e7\u00e3o do cargo: Auxiliar e instrumentar os profissionais nas interven\u00e7\u00f5es clinicas e cirurgias. Executar limpeza, assepsia, desinfec\u00e7\u00e3o e esteriliza\u00e7\u00e3o do instrumental, equipamentos odontol\u00f3gicos. Preparar, vazar e sacar modelos em gesso, entre outros. Enviar curriculo para o email: curriculos.amorsaudefranca@gmail.com<br \/>\n            <br \/>sinerhgiaempregos@gmail.com\n            <\/p>\n<p><strong>Compartilhe:<\/strong><\/p>\n<p>                <img data-recalc-dims=\"1\" loading=\"lazy\" decoding=\"async\" width=\"25\" height=\"25\" src=\"https:\/\/i0.wp.com\/francaclassificados.com\/\/source\/view\/img\/20w50.png?resize=25%2C25&#038;ssl=1\" alt=\"Imagem compartilhar whatsapp\"\/><\/p>\n<p>                <img data-recalc-dims=\"1\" loading=\"lazy\" decoding=\"async\" width=\"25\" height=\"25\" src=\"https:\/\/i0.wp.com\/francaclassificados.com\/\/source\/view\/img\/18w50.png?resize=25%2C25&#038;ssl=1\" alt=\"Imagem compartilhar facebook\"\/><\/p>\n<\/p><\/div>\n<div class=\"emp\">\n<p>\n            VENDEDOR \/ REVISOR<br \/>IMEDIATO - DAS 06:45 \u00c1S 16:30 SEG A SEXTA Via Livre contrata envie seu curr\u00edculo 1699353-3233. necess\u00e1rio experi\u00eancia.<br \/>\n            <br \/>sinerhgiaempregos@gmail.com\n            <\/p>\n<p><strong>Compartilhe:<\/strong><\/p>\n<p>                <img data-recalc-dims=\"1\" loading=\"lazy\" decoding=\"async\" width=\"25\" height=\"25\" src=\"https:\/\/i0.wp.com\/francaclassificados.com\/\/source\/view\/img\/20w50.png?resize=25%2C25&#038;ssl=1\" alt=\"Imagem compartilhar whatsapp\"\/><\/p>\n<p>                <img data-recalc-dims=\"1\" loading=\"lazy\" decoding=\"async\" width=\"25\" height=\"25\" src=\"https:\/\/i0.wp.com\/francaclassificados.com\/\/source\/view\/img\/18w50.png?resize=25%2C25&#038;ssl=1\" alt=\"Imagem compartilhar facebook\"\/><\/p>\n<\/p><\/div>\n<p>    <script async=\"\" src=\"https:\/\/pagead2.googlesyndication.com\/pagead\/js\/adsbygoogle.js?client=ca-pub-2853392113352629\" crossorigin=\"anonymous\"\/>\n    <ins class=\"adsbygoogle\" style=\"display:block\" data-ad-client=\"ca-pub-2853392113352629\" data-ad-slot=\"2925831803\" data-ad-format=\"auto\" data-full-width-responsive=\"true\"\/>\n    <script><![CDATA[\n    (adsbygoogle = window.adsbygoogle || []).push({});\n    ]]><\/script><\/p>\n<div class=\"emp\">\n<p>\n            COMPRADOR<br \/>Empresa Metal\u00fargica atuante no setor agr\u00edcola, contrata assistente administrativo para o setor de Compras. Experi\u00eancia na \u00e1rea e cursos t\u00e9cnicos ou superiores em \u00e1reas relacionadas ser\u00e1 diferencial. Interessados, enviar curr\u00edculo para rh2024-selecaoerecrutamento@hotmail.com<br \/>\n            <br \/>sinerhgiaempregos@gmail.com\n            <\/p>\n<p><strong>Compartilhe:<\/strong><\/p>\n<p>                <img data-recalc-dims=\"1\" loading=\"lazy\" decoding=\"async\" width=\"25\" height=\"25\" src=\"https:\/\/i0.wp.com\/francaclassificados.com\/\/source\/view\/img\/20w50.png?resize=25%2C25&#038;ssl=1\" alt=\"Imagem compartilhar whatsapp\"\/><\/p>\n<p>                <img data-recalc-dims=\"1\" loading=\"lazy\" decoding=\"async\" width=\"25\" height=\"25\" src=\"https:\/\/i0.wp.com\/francaclassificados.com\/\/source\/view\/img\/18w50.png?resize=25%2C25&#038;ssl=1\" alt=\"Imagem compartilhar facebook\"\/><\/p>\n<\/p><\/div>\n<div class=\"emp\">\n<p>\n            OPERADOR DE MAQUINAS TERRAPLENAGEM<br \/>CONTRATA-SE OPERADOR DE MAQUINA COM EXPERIENCIA QUE SAIBA OPERAR MINI ESCAVADEIRA, BOBCAT E RETROESCAVADEIRA CONTRATAMOS DE INICIO IMEDIATO. ENVIAR CURRICULO EMAIL POWERFERRAMENTAS30@GMAIL OU WHATS 16 999742309 NO MOMENTO ESTAMOS CONTRATANDO SOMENTE COM EXPERIENCIA N\u00c3O PEGAMOS PARA TREINAR OU APRENDER, OFERECEMOS REGISTRO NA CARTEIRA + VALE ALIMENTA\u00c7\u00c3O, HORA EXTRA E SABADOS CASO NECESSARIO PAGAMOS NO DIA.<br \/>\n            <br \/>sinerhgiaempregos@gmail.com\n            <\/p>\n<p><strong>Compartilhe:<\/strong><\/p>\n<p>                <img data-recalc-dims=\"1\" loading=\"lazy\" decoding=\"async\" width=\"25\" height=\"25\" src=\"https:\/\/i0.wp.com\/francaclassificados.com\/\/source\/view\/img\/20w50.png?resize=25%2C25&#038;ssl=1\" alt=\"Imagem compartilhar whatsapp\"\/><\/p>\n<p>                <img data-recalc-dims=\"1\" loading=\"lazy\" decoding=\"async\" width=\"25\" height=\"25\" src=\"https:\/\/i0.wp.com\/francaclassificados.com\/\/source\/view\/img\/18w50.png?resize=25%2C25&#038;ssl=1\" alt=\"Imagem compartilhar facebook\"\/><\/p>\n<\/p><\/div>\n<p>    <script async=\"\" src=\"https:\/\/pagead2.googlesyndication.com\/pagead\/js\/adsbygoogle.js?client=ca-pub-2853392113352629\" crossorigin=\"anonymous\"\/>\n    <ins class=\"adsbygoogle\" style=\"display:block\" data-ad-client=\"ca-pub-2853392113352629\" data-ad-slot=\"2925831803\" data-ad-format=\"auto\" data-full-width-responsive=\"true\"\/>\n    <script><![CDATA[\n    (adsbygoogle = window.adsbygoogle || []).push({});\n    ]]><\/script><\/p>\n<div class=\"emp\">\n<p>\n            ELETRICISTAS<br \/>Estamos contratando: ELETRICISTAS Contrato regime CLT. Requisito para as vagas: Certificado do curso de eletricista. Interessados enviar o curr\u00edculo pelo e-mail: curriculo@engemos.com.br ou pelo WhatsApp 16 99306-6621<br \/>\n            <br \/>sinerhgiaempregos@gmail.com\n            <\/p>\n<p><strong>Compartilhe:<\/strong><\/p>\n<p>                <img data-recalc-dims=\"1\" loading=\"lazy\" decoding=\"async\" width=\"25\" height=\"25\" src=\"https:\/\/i0.wp.com\/francaclassificados.com\/\/source\/view\/img\/20w50.png?resize=25%2C25&#038;ssl=1\" alt=\"Imagem compartilhar whatsapp\"\/><\/p>\n<p>                <img data-recalc-dims=\"1\" loading=\"lazy\" decoding=\"async\" width=\"25\" height=\"25\" src=\"https:\/\/i0.wp.com\/francaclassificados.com\/\/source\/view\/img\/18w50.png?resize=25%2C25&#038;ssl=1\" alt=\"Imagem compartilhar facebook\"\/><\/p>\n<\/p><\/div>\n<div class=\"emp\">\n<p>\n            Contrata-se coladeiras de pe\u00e7as e pespontadeira e que saiba trabalhar em m\u00e1quina eletr\u00f4nica pra trabalhar em banca no jardim Portinari ... Pode mandar corriculo no ZAP 16993843554 ou no email: pes.qualidade@gmail.com<br \/>\n            <br \/>sinerhgiaempregos@gmail.com\n            <\/p>\n<p><strong>Compartilhe:<\/strong><\/p>\n<p>                <img data-recalc-dims=\"1\" loading=\"lazy\" decoding=\"async\" width=\"25\" height=\"25\" src=\"https:\/\/i0.wp.com\/francaclassificados.com\/\/source\/view\/img\/20w50.png?resize=25%2C25&#038;ssl=1\" alt=\"Imagem compartilhar whatsapp\"\/><\/p>\n<p>                <img data-recalc-dims=\"1\" loading=\"lazy\" decoding=\"async\" width=\"25\" height=\"25\" src=\"https:\/\/i0.wp.com\/francaclassificados.com\/\/source\/view\/img\/18w50.png?resize=25%2C25&#038;ssl=1\" alt=\"Imagem compartilhar facebook\"\/><\/p>\n<\/p><\/div>\n<p>    <script async=\"\" src=\"https:\/\/pagead2.googlesyndication.com\/pagead\/js\/adsbygoogle.js?client=ca-pub-2853392113352629\" crossorigin=\"anonymous\"\/>\n    <ins class=\"adsbygoogle\" style=\"display:block\" data-ad-client=\"ca-pub-2853392113352629\" data-ad-slot=\"2925831803\" data-ad-format=\"auto\" data-full-width-responsive=\"true\"\/>\n    <script><![CDATA[\n    (adsbygoogle = window.adsbygoogle || []).push({});\n    ]]><\/script><\/p>\n<div class=\"emp\">\n<p>\n            VAGAS: <br \/>ATENDIMENTO<br \/>J\u00e1 trabalhou com atendimento de e-commerce? \u00c9 bom em digita\u00e7\u00e3o e tem um bom portugu\u00eas? Venha fazer parte da nossa equipe.<br \/>CORTE A LASER<br \/>Tem experi\u00eancia com Corel Draw ou Corte a Laser? Junte-se a n\u00f3s.<br \/>IMPRESSOR<br \/>Possui conhecimento em impressoras Mimaki ou Epson? Venha ser nosso impressor.<br \/>DESIGNER<br \/>Domina Corel Draw ou Photoshop? Sabe vetorizar? Junte-se \u00e0 nossa equipe.<br \/>AUXILIAR DE PRODU\u00c7\u00c3O<br \/>\u00c9 cuidadoso com os detalhes? Est\u00e1 em busca do seu primeiro emprego? Venha trabalhar conosco.<br \/>AUXILIAR ADMINISTRATIVO<br \/>Tem conhecimento em Excel? Venha trabalhar como auxiliar administrativo.<br \/>FAXINEIRA PARA TRABALHAR 2 OU 3 VEZES POR SEMANA<br \/>Envie seu curr\u00edculo para franadesivos@gmail.com e informe a vaga de interesse no curr\u00edculo.<br \/>\n            <br \/>sinerhgiaempregos@gmail.com\n            <\/p>\n<p><strong>Compartilhe:<\/strong><\/p>\n<p>                <img data-recalc-dims=\"1\" loading=\"lazy\" decoding=\"async\" width=\"25\" height=\"25\" src=\"https:\/\/i0.wp.com\/francaclassificados.com\/\/source\/view\/img\/20w50.png?resize=25%2C25&#038;ssl=1\" alt=\"Imagem compartilhar whatsapp\"\/><\/p>\n<p>                <img data-recalc-dims=\"1\" loading=\"lazy\" decoding=\"async\" width=\"25\" height=\"25\" src=\"https:\/\/i0.wp.com\/francaclassificados.com\/\/source\/view\/img\/18w50.png?resize=25%2C25&#038;ssl=1\" alt=\"Imagem compartilhar facebook\"\/><\/p>\n<\/p><\/div>\n<div class=\"emp\">\n<p>\n            ECOMMERCE \/ ESTOQUE<br \/>Contrata-se in\u00edcio imediato. Buscamos profissionais para atuar em \u00e1rea de E-commerce, que tenha no\u00e7\u00f5es de estoque, almoxarifado, confer\u00eancia, embalagem e expedi\u00e7\u00e3o. Necess\u00e1rio ter mais de 18 anos, ter disposi\u00e7\u00e3o f\u00edsica, ser organizado, comprometido e pr\u00f3 ativo. Ter experi\u00eancia na fun\u00e7\u00e3o ser\u00e1 um diferencial. Interessados enviar curr\u00edculo para: 16 3721 8372<br \/>\n            <br \/>sinerhgiaempregos@gmail.com\n            <\/p>\n<p><strong>Compartilhe:<\/strong><\/p>\n<p>                <img data-recalc-dims=\"1\" loading=\"lazy\" decoding=\"async\" width=\"25\" height=\"25\" src=\"https:\/\/i0.wp.com\/francaclassificados.com\/\/source\/view\/img\/20w50.png?resize=25%2C25&#038;ssl=1\" alt=\"Imagem compartilhar whatsapp\"\/><\/p>\n<p>                <img data-recalc-dims=\"1\" loading=\"lazy\" decoding=\"async\" width=\"25\" height=\"25\" src=\"https:\/\/i0.wp.com\/francaclassificados.com\/\/source\/view\/img\/18w50.png?resize=25%2C25&#038;ssl=1\" alt=\"Imagem compartilhar facebook\"\/><\/p>\n<\/p><\/div>\n<p>    <img data-recalc-dims=\"1\" decoding=\"async\" src=\"https:\/\/i0.wp.com\/francaclassificados.com\/\/source\/view\/img\/anun6n.png?ssl=1\" class=\"img-fluid pub\" alt=\"Imagem publicidade\"\/><\/p>\n<p>\n    <script async=\"\" src=\"https:\/\/pagead2.googlesyndication.com\/pagead\/js\/adsbygoogle.js?client=ca-pub-2853392113352629\" crossorigin=\"anonymous\"\/> <!--block 2-->\n    <ins class=\"adsbygoogle\" style=\"display:block\" data-ad-format=\"autorelaxed\" data-ad-client=\"ca-pub-2853392113352629\" data-ad-slot=\"3674222755\"\/>\n    <script><![CDATA[\n    (adsbygoogle = window.adsbygoogle || []).push({});\n    ]]><\/script><br \/>\n    \n<\/div>\n<div class='code-block code-block-4' style='margin: 8px auto 8px 0; text-align: left; display: block; clear: both;'>\n\ud83d\udce2 Aviso Legal\n\nO site ismaelcolosi.com.br atua apenas como um canal de divulga\u00e7\u00e3o de oportunidades de emprego e n\u00e3o se responsabiliza pelo processo seletivo, contrata\u00e7\u00e3o ou qualquer outra etapa relacionada \u00e0s vagas publicadas. Todas as informa\u00e7\u00f5es s\u00e3o de responsabilidade dos anunciantes.\n\n\u26a0\ufe0f Aten\u00e7\u00e3o! Nunca pague por promessas de emprego nem compre cursos que garantam contrata\u00e7\u00e3o. Desconfie de qualquer cobran\u00e7a para participar de sele\u00e7\u00f5es.\n\n\n\n<\/div>\n<!-- CONTENT END 1 -->\n","protected":false},"excerpt":{"rendered":"<p>A f\u00e1brica Uselabelle est\u00e1 contratando coladeira de pe\u00e7as com experi\u00eancia em bolsas. In\u00edcio imediato. Segunda a sexta, das 07 \u00e0s 16h48.Enviar curr\u00edculo WhatsApp 1699997-1424Av Lisete&#8230;<\/p>\n","protected":false},"author":1,"featured_media":76528,"comment_status":"open","ping_status":"open","sticky":false,"template":"","format":"standard","meta":{"_uag_custom_page_level_css":"","advanced_seo_description":"","jetpack_seo_html_title":"","jetpack_seo_noindex":false,"jetpack_post_was_ever_published":false,"_jetpack_newsletter_access":"","_jetpack_dont_email_post_to_subs":false,"_jetpack_newsletter_tier_id":0,"_jetpack_memberships_contains_paywalled_content":false,"_jetpack_memberships_contains_paid_content":false,"footnotes":"","jetpack_publicize_message":"","jetpack_publicize_feature_enabled":true,"jetpack_social_post_already_shared":true,"jetpack_social_options":{"image_generator_settings":{"template":"highway","default_image_id":0,"font":"","enabled":false},"version":2}},"categories":[7],"tags":[],"class_list":["post-76527","post","type-post","status-publish","format-standard","has-post-thumbnail","hentry","category-vagas-de-empregos-em-ribeirao-preto-regiao-brasil"],"jetpack_publicize_connections":[],"jetpack_featured_media_url":"https:\/\/i0.wp.com\/ismaelcolosi.com.br\/wp-content\/uploads\/2024\/11\/1731554081_vagas2Bemprego2Bismael2Bcolosi2B2020.jpeg?fit=651%2C447&ssl=1","uagb_featured_image_src":{"full":["https:\/\/i0.wp.com\/ismaelcolosi.com.br\/wp-content\/uploads\/2024\/11\/1731554081_vagas2Bemprego2Bismael2Bcolosi2B2020.jpeg?fit=651%2C447&ssl=1",651,447,false],"thumbnail":["https:\/\/i0.wp.com\/ismaelcolosi.com.br\/wp-content\/uploads\/2024\/11\/1731554081_vagas2Bemprego2Bismael2Bcolosi2B2020.jpeg?resize=150%2C150&ssl=1",150,150,true],"medium":["https:\/\/i0.wp.com\/ismaelcolosi.com.br\/wp-content\/uploads\/2024\/11\/1731554081_vagas2Bemprego2Bismael2Bcolosi2B2020.jpeg?fit=300%2C206&ssl=1",300,206,true],"medium_large":["https:\/\/i0.wp.com\/ismaelcolosi.com.br\/wp-content\/uploads\/2024\/11\/1731554081_vagas2Bemprego2Bismael2Bcolosi2B2020.jpeg?fit=651%2C447&ssl=1",651,447,true],"large":["https:\/\/i0.wp.com\/ismaelcolosi.com.br\/wp-content\/uploads\/2024\/11\/1731554081_vagas2Bemprego2Bismael2Bcolosi2B2020.jpeg?fit=651%2C447&ssl=1",651,447,true],"1536x1536":["https:\/\/i0.wp.com\/ismaelcolosi.com.br\/wp-content\/uploads\/2024\/11\/1731554081_vagas2Bemprego2Bismael2Bcolosi2B2020.jpeg?fit=651%2C447&ssl=1",651,447,true],"2048x2048":["https:\/\/i0.wp.com\/ismaelcolosi.com.br\/wp-content\/uploads\/2024\/11\/1731554081_vagas2Bemprego2Bismael2Bcolosi2B2020.jpeg?fit=651%2C447&ssl=1",651,447,true],"really-simple-thumb":["https:\/\/i0.wp.com\/ismaelcolosi.com.br\/wp-content\/uploads\/2024\/11\/1731554081_vagas2Bemprego2Bismael2Bcolosi2B2020.jpeg?resize=370%2C247&ssl=1",370,247,true]},"uagb_author_info":{"display_name":"ismaelcolosi.com.br","author_link":"https:\/\/ismaelcolosi.com.br\/index.php\/author\/vidareal-online\/"},"uagb_comment_info":0,"uagb_excerpt":"A f\u00e1brica Uselabelle est\u00e1 contratando coladeira de pe\u00e7as com experi\u00eancia em bolsas. In\u00edcio imediato. Segunda a sexta, das 07 \u00e0s 16h48.Enviar curr\u00edculo WhatsApp 1699997-1424Av Lisete...","jetpack-related-posts":[{"id":88415,"url":"https:\/\/ismaelcolosi.com.br\/index.php\/2025\/12\/04\/50-vagas-de-emprego-em-franca-sp-414\/","url_meta":{"origin":76527,"position":0},"title":"50 vagas de emprego em Franca-SP","author":"ismaelcolosi.com.br","date":"4 de December de 2025","format":false,"excerpt":"VENDO CASA EM CRISTAIS PAULISTA - SP SENDO 250 METROS QUADRADOS DE AREA, COM GARAGEM PARA DOIS CARROS, TRES QUARTOS, DOIS BANHEIROS, AREA DE CHURRASQUEIRA GOURMET E ESCRITORIO\u00a0NO FUNDO JUNTO COM UM DESPEJO. VALOR R$ 415.000,00 QUATROCENTOS E QUINZE MIL REAIS.INTERESSADOS TRATAR COM LUCIANO GARCIA NO 16 98128-0268","rel":"","context":"In &quot;Vagas de Emprego em Franca-SP&quot;","block_context":{"text":"Vagas de Emprego em Franca-SP","link":"https:\/\/ismaelcolosi.com.br\/index.php\/category\/empregos-classificados-vagas-trabalho\/vagas-de-emprego-em-franca-sp-trabalho\/"},"img":{"alt_text":"","src":"https:\/\/i0.wp.com\/ismaelcolosi.com.br\/wp-content\/uploads\/2025\/12\/cropped-vagas-abertas-azul_widelg.jpg?fit=512%2C512&ssl=1&resize=350%2C200","width":350,"height":200},"classes":[]},{"id":88750,"url":"https:\/\/ismaelcolosi.com.br\/index.php\/2026\/01\/05\/ibee-divulga-vagas-de-emprego-em-ribeirao-preto-sp-e-franca-sp-salarios-chegam-a-r-4-mil\/","url_meta":{"origin":76527,"position":1},"title":"iBEE divulga vagas de emprego em Ribeir\u00e3o Preto-SP e Franca-SP; sal\u00e1rios chegam a R$ 4 mil","author":"ismaelcolosi.com.br","date":"5 de January de 2026","format":false,"excerpt":"iBEE divulga vagas de emprego em Ribeir\u00e3o Preto-SP e Franca-SP; sal\u00e1rios chegam a R$ 4 mil O iBEE - Instituto Brasileiro do Emprego e Empreendedorismo, entidade sem fins lucrativos, divulgou oportunidades para o mercado de trabalho em Ribeir\u00e3o Preto-SP e Franca-SP: s\u00e3o quase 30 vagas de trabalho que abrangem desde\u2026","rel":"","context":"In &quot;Vagas de Emprego em Franca-SP&quot;","block_context":{"text":"Vagas de Emprego em Franca-SP","link":"https:\/\/ismaelcolosi.com.br\/index.php\/category\/empregos-classificados-vagas-trabalho\/vagas-de-emprego-em-franca-sp-trabalho\/"},"img":{"alt_text":"","src":"https:\/\/i0.wp.com\/ismaelcolosi.com.br\/wp-content\/uploads\/2025\/12\/cropped-vagas-abertas-azul_widelg.jpg?fit=512%2C512&ssl=1&resize=350%2C200","width":350,"height":200},"classes":[]},{"id":41828,"url":"https:\/\/ismaelcolosi.com.br\/index.php\/2024\/03\/11\/em-busca-de-emprego-ribeirao-preto-e-regiao-tem-803-vagas-abertas-veja-como-se-candidatar-ribeirao-preto-e-franca-g1\/","url_meta":{"origin":76527,"position":2},"title":"Em busca de emprego? Ribeir\u00e3o Preto e regi\u00e3o t\u00eam 803 vagas abertas; veja como se candidatar | Ribeir\u00e3o Preto e Franca | G1","author":"ismaelcolosi.com.br","date":"11 de March de 2024","format":false,"excerpt":"","rel":"","context":"In &quot;Vagas de Emprego em Ribeir\u00e3o Preto-SP&quot;","block_context":{"text":"Vagas de Emprego em Ribeir\u00e3o Preto-SP","link":"https:\/\/ismaelcolosi.com.br\/index.php\/category\/empregos-classificados-vagas-trabalho\/vagas-de-empregos-em-ribeirao-preto-regiao-brasil\/"},"img":{"alt_text":"","src":"","width":0,"height":0},"classes":[]},{"id":43778,"url":"https:\/\/ismaelcolosi.com.br\/index.php\/2024\/03\/23\/empresas-de-transporte-estao-com-70-vagas-abertas-em-ribeirao-preto-sp-ribeirao-preto-e-franca-g1\/","url_meta":{"origin":76527,"position":3},"title":"Empresas de transporte est\u00e3o com 70 vagas abertas em Ribeir\u00e3o Preto, SP | Ribeir\u00e3o Preto e Franca | G1","author":"ismaelcolosi.com.br","date":"23 de March de 2024","format":false,"excerpt":"Empresas de transporte est\u00e3o com 70 vagas abertas em Ribeir\u00e3o Preto, SP 1 de 1 Rodonaves abre vagas de emprego em Ribeir\u00e3o Preto, SP \u2014 Foto: Divulga\u00e7\u00e3o Rodonaves abre vagas de emprego em Ribeir\u00e3o Preto, SP \u2014 Foto: Divulga\u00e7\u00e3o Duas empresas de transporte est\u00e3o com 70 vagas abertas em Ribeir\u00e3o\u2026","rel":"","context":"In &quot;Vagas de Emprego em Ribeir\u00e3o Preto-SP&quot;","block_context":{"text":"Vagas de Emprego em Ribeir\u00e3o Preto-SP","link":"https:\/\/ismaelcolosi.com.br\/index.php\/category\/empregos-classificados-vagas-trabalho\/vagas-de-empregos-em-ribeirao-preto-regiao-brasil\/"},"img":{"alt_text":"","src":"","width":0,"height":0},"classes":[]},{"id":89574,"url":"https:\/\/ismaelcolosi.com.br\/index.php\/2026\/03\/23\/50-vagas-de-emprego-em-franca-sp-418\/","url_meta":{"origin":76527,"position":4},"title":"50 vagas de emprego em Franca-SP","author":"ismaelcolosi.com.br","date":"23 de March de 2026","format":false,"excerpt":"Vendedora ExternaEstamos em busca de algumas vendedoras externas, acima de 21 anos comunicativa, proativa e com facilidade para abordar pessoas, para atuar na divulga\u00e7\u00e3o e apresenta\u00e7\u00e3o dos nossos servi\u00e7os.Atividades:Abordar pessoas em locais estrat\u00e9gicos para apresentar nossos servi\u00e7os.Realizar entrega de panfletos material de divulga\u00e7\u00e3o.Explicar de forma clara os benef\u00edcios dos nossos\u2026","rel":"","context":"In &quot;Vagas de Emprego em Franca-SP&quot;","block_context":{"text":"Vagas de Emprego em Franca-SP","link":"https:\/\/ismaelcolosi.com.br\/index.php\/category\/empregos-classificados-vagas-trabalho\/vagas-de-emprego-em-franca-sp-trabalho\/"},"img":{"alt_text":"","src":"https:\/\/i0.wp.com\/ismaelcolosi.com.br\/wp-content\/uploads\/2026\/03\/cropped-vagas-abertas-azul_widelg.jpg?fit=512%2C512&ssl=1&resize=350%2C200","width":350,"height":200},"classes":[]},{"id":88683,"url":"https:\/\/ismaelcolosi.com.br\/index.php\/2025\/12\/29\/50-vagas-de-emprego-em-franca-sp-416\/","url_meta":{"origin":76527,"position":5},"title":"50 vagas de emprego em Franca-SP","author":"ismaelcolosi.com.br","date":"29 de December de 2025","format":false,"excerpt":"Vaga: Gerente de Turno \u2013 McDonald\u2019sComo ser\u00e1 o seu dia a dia(spoiler: gerar muitos sorrisos faz parte do pacote!) \ud83d\ude04\u2728\ud83d\udd38 Planejar e executar o plano de trabalho do restaurante, definindo o posicionamento da equipe nas esta\u00e7\u00f5es no in\u00edcio da opera\u00e7\u00e3o;\ud83d\udd38 Respons\u00e1vel pelo cumprimento completo do checklist de integridade de carnes;\ud83d\udd38\u2026","rel":"","context":"In &quot;Vagas de Emprego em Franca-SP&quot;","block_context":{"text":"Vagas de Emprego em Franca-SP","link":"https:\/\/ismaelcolosi.com.br\/index.php\/category\/empregos-classificados-vagas-trabalho\/vagas-de-emprego-em-franca-sp-trabalho\/"},"img":{"alt_text":"","src":"https:\/\/i0.wp.com\/ismaelcolosi.com.br\/wp-content\/uploads\/2025\/12\/vagas2Bemprego2Bismael2Bcolosi2B2020.jpeg?fit=651%2C447&ssl=1&resize=350%2C200","width":350,"height":200,"srcset":"https:\/\/i0.wp.com\/ismaelcolosi.com.br\/wp-content\/uploads\/2025\/12\/vagas2Bemprego2Bismael2Bcolosi2B2020.jpeg?fit=651%2C447&ssl=1&resize=350%2C200 1x, https:\/\/i0.wp.com\/ismaelcolosi.com.br\/wp-content\/uploads\/2025\/12\/vagas2Bemprego2Bismael2Bcolosi2B2020.jpeg?fit=651%2C447&ssl=1&resize=525%2C300 1.5x"},"classes":[]}],"jetpack_sharing_enabled":true,"jetpack_shortlink":"https:\/\/wp.me\/pfMlyK-jUj","_links":{"self":[{"href":"https:\/\/ismaelcolosi.com.br\/index.php\/wp-json\/wp\/v2\/posts\/76527","targetHints":{"allow":["GET"]}}],"collection":[{"href":"https:\/\/ismaelcolosi.com.br\/index.php\/wp-json\/wp\/v2\/posts"}],"about":[{"href":"https:\/\/ismaelcolosi.com.br\/index.php\/wp-json\/wp\/v2\/types\/post"}],"author":[{"embeddable":true,"href":"https:\/\/ismaelcolosi.com.br\/index.php\/wp-json\/wp\/v2\/users\/1"}],"replies":[{"embeddable":true,"href":"https:\/\/ismaelcolosi.com.br\/index.php\/wp-json\/wp\/v2\/comments?post=76527"}],"version-history":[{"count":0,"href":"https:\/\/ismaelcolosi.com.br\/index.php\/wp-json\/wp\/v2\/posts\/76527\/revisions"}],"wp:featuredmedia":[{"embeddable":true,"href":"https:\/\/ismaelcolosi.com.br\/index.php\/wp-json\/wp\/v2\/media\/76528"}],"wp:attachment":[{"href":"https:\/\/ismaelcolosi.com.br\/index.php\/wp-json\/wp\/v2\/media?parent=76527"}],"wp:term":[{"taxonomy":"category","embeddable":true,"href":"https:\/\/ismaelcolosi.com.br\/index.php\/wp-json\/wp\/v2\/categories?post=76527"},{"taxonomy":"post_tag","embeddable":true,"href":"https:\/\/ismaelcolosi.com.br\/index.php\/wp-json\/wp\/v2\/tags?post=76527"}],"curies":[{"name":"wp","href":"https:\/\/api.w.org\/{rel}","templated":true}]}}