{"id":76491,"date":"2024-11-13T14:53:17","date_gmt":"2024-11-13T17:53:17","guid":{"rendered":"https:\/\/ismaelcolosi.com.br\/index.php\/2024\/11\/13\/capital-inicial-anuncia-show-da-turne-acustico-25-anos-em-rp\/"},"modified":"2024-11-13T14:53:17","modified_gmt":"2024-11-13T17:53:17","slug":"capital-inicial-anuncia-show-da-turne-acustico-25-anos-em-rp","status":"publish","type":"post","link":"https:\/\/ismaelcolosi.com.br\/index.php\/2024\/11\/13\/capital-inicial-anuncia-show-da-turne-acustico-25-anos-em-rp\/","title":{"rendered":"Capital Inicial anuncia show da turn\u00ea Ac\u00fastico 25 Anos em RP"},"content":{"rendered":"<p> <br \/>\n<\/p>\n<div>\n<p>A banda Capital Inicial confirmou o show da turn\u00ea \u201cAc\u00fastico 25 Anos\u201d, em Ribeir\u00e3o Preto em 2025. A apresenta\u00e7\u00e3o ser\u00e1 na Arena Nicnet, no dia 22 de mar\u00e7o. Os ingressos, com valores a partir de R$ 150,00, j\u00e1 est\u00e3o \u00e0 venda pelo site Guich\u00ea Web (<a title=\"https:\/\/www.guicheweb.com.br\/\" href=\"https:\/\/www.guicheweb.com.br\/\" target=\"_blank\" rel=\"noopener noreferrer\" data-auth=\"NotApplicable\" data-linkindex=\"2\">clicando aqui<\/a>). S\u00e3o tr\u00eas op\u00e7\u00f5es de setores: Front Stage, \u00c1rea Vip e Cadeiras.<u\/><u\/><\/p>\n<p>A nova turn\u00ea \u00e9 uma comemora\u00e7\u00e3o aos 25 anos do show Ac\u00fastico MTV, que marcou a hist\u00f3ria da banda e do rock nacional, sendo considerado um dos grandes discos brasileiros do g\u00eanero. O projeto, que traz Dinho Ouro Preto, Fl\u00e1vio Lemos, F\u00ea Lemos e Yves Passarell, percorrer\u00e1 v\u00e1rias cidades brasileiras entre mar\u00e7o e novembro do pr\u00f3ximo ano. Ribeir\u00e3o Preto ser\u00e1 a sede do terceiro show.<u\/><u\/><\/p>\n<p><u\/><u\/>Mais informa\u00e7\u00f5es sobre a apresenta\u00e7\u00e3o em Ribeir\u00e3o Preto no perfil oficial @<a title=\"https:\/\/www.instagram.com\/turnecapitalrp\/\" href=\"https:\/\/www.instagram.com\/turnecapitalrp\/\" target=\"_blank\" rel=\"noopener noreferrer\" data-auth=\"NotApplicable\" data-linkindex=\"3\">turnecapitalrp<\/a>.<u\/><u\/><\/p>\n<p><u\/><u\/><strong>Agenda:<\/strong><br \/><i>Capital Inicial Ac\u00fastico 25 Anos<\/i><br \/><strong>Data:<\/strong>\u00a022 de mar\u00e7o de 2025<br \/><strong>Local:<\/strong>\u00a0Arena Nicnet \u2013 Avenida Cost\u00e1bile Romano s\/n \u2013 Ribeir\u00e2nia \u2013 Ribeir\u00e3o Preto<u\/><u\/><\/p>\n<p>\u00a0<\/p>\n<\/div>\n<p><script async src=\"\/\/www.instagram.com\/embed.js\"><\/script><br \/>\n<br \/><br \/>\n<br \/><a href=\"https:\/\/www.tribunaribeirao.com.br\/capital-inicial-anuncia-show-da-turne-acustico-25-anos-em-rp\/\">Source link <\/a><\/p>\n<div class='code-block code-block-4' style='margin: 8px auto 8px 0; text-align: left; display: block; clear: both;'>\n\ud83d\udce2 Aviso Legal\n\nO site ismaelcolosi.com.br atua apenas como um canal de divulga\u00e7\u00e3o de oportunidades de emprego e n\u00e3o se responsabiliza pelo processo seletivo, contrata\u00e7\u00e3o ou qualquer outra etapa relacionada \u00e0s vagas publicadas. Todas as informa\u00e7\u00f5es s\u00e3o de responsabilidade dos anunciantes.\n\n\u26a0\ufe0f Aten\u00e7\u00e3o! Nunca pague por promessas de emprego nem compre cursos que garantam contrata\u00e7\u00e3o. Desconfie de qualquer cobran\u00e7a para participar de sele\u00e7\u00f5es.\n\n\n\n<\/div>\n<!-- CONTENT END 1 -->\n","protected":false},"excerpt":{"rendered":"<p>A banda Capital Inicial confirmou o show da turn\u00ea \u201cAc\u00fastico 25 Anos\u201d, em Ribeir\u00e3o Preto em 2025. A apresenta\u00e7\u00e3o ser\u00e1 na Arena Nicnet, no dia&#8230;<\/p>\n","protected":false},"author":1,"featured_media":76492,"comment_status":"open","ping_status":"open","sticky":false,"template":"","format":"standard","meta":{"_uag_custom_page_level_css":"","advanced_seo_description":"","jetpack_seo_html_title":"","jetpack_seo_noindex":false,"jetpack_post_was_ever_published":false,"_jetpack_newsletter_access":"","_jetpack_dont_email_post_to_subs":false,"_jetpack_newsletter_tier_id":0,"_jetpack_memberships_contains_paywalled_content":false,"_jetpack_memberships_contains_paid_content":false,"footnotes":"","jetpack_publicize_message":"","jetpack_publicize_feature_enabled":true,"jetpack_social_post_already_shared":true,"jetpack_social_options":{"image_generator_settings":{"template":"highway","default_image_id":0,"font":"","enabled":false},"version":2}},"categories":[11],"tags":[],"class_list":["post-76491","post","type-post","status-publish","format-standard","has-post-thumbnail","hentry","category-noticias-de-ribeirao-preto-sp-e-regiao-ismael-colosi"],"jetpack_publicize_connections":[],"jetpack_featured_media_url":"https:\/\/i0.wp.com\/ismaelcolosi.com.br\/wp-content\/uploads\/2024\/11\/handler-1.jpg?fit=800%2C476&ssl=1","uagb_featured_image_src":{"full":["https:\/\/i0.wp.com\/ismaelcolosi.com.br\/wp-content\/uploads\/2024\/11\/handler-1.jpg?fit=800%2C476&ssl=1",800,476,false],"thumbnail":["https:\/\/i0.wp.com\/ismaelcolosi.com.br\/wp-content\/uploads\/2024\/11\/handler-1.jpg?resize=150%2C150&ssl=1",150,150,true],"medium":["https:\/\/i0.wp.com\/ismaelcolosi.com.br\/wp-content\/uploads\/2024\/11\/handler-1.jpg?fit=300%2C179&ssl=1",300,179,true],"medium_large":["https:\/\/i0.wp.com\/ismaelcolosi.com.br\/wp-content\/uploads\/2024\/11\/handler-1.jpg?fit=768%2C457&ssl=1",768,457,true],"large":["https:\/\/i0.wp.com\/ismaelcolosi.com.br\/wp-content\/uploads\/2024\/11\/handler-1.jpg?fit=800%2C476&ssl=1",800,476,true],"1536x1536":["https:\/\/i0.wp.com\/ismaelcolosi.com.br\/wp-content\/uploads\/2024\/11\/handler-1.jpg?fit=800%2C476&ssl=1",800,476,true],"2048x2048":["https:\/\/i0.wp.com\/ismaelcolosi.com.br\/wp-content\/uploads\/2024\/11\/handler-1.jpg?fit=800%2C476&ssl=1",800,476,true],"really-simple-thumb":["https:\/\/i0.wp.com\/ismaelcolosi.com.br\/wp-content\/uploads\/2024\/11\/handler-1.jpg?resize=370%2C247&ssl=1",370,247,true]},"uagb_author_info":{"display_name":"ismaelcolosi.com.br","author_link":"https:\/\/ismaelcolosi.com.br\/index.php\/author\/vidareal-online\/"},"uagb_comment_info":0,"uagb_excerpt":"A banda Capital Inicial confirmou o show da turn\u00ea \u201cAc\u00fastico 25 Anos\u201d, em Ribeir\u00e3o Preto em 2025. A apresenta\u00e7\u00e3o ser\u00e1 na Arena Nicnet, no dia...","jetpack-related-posts":[{"id":76477,"url":"https:\/\/ismaelcolosi.com.br\/index.php\/2024\/11\/13\/ribeirao-preto-recebe-show-da-turne-comemorativa-do-acustico-do-capital-inicial\/","url_meta":{"origin":76491,"position":0},"title":"Ribeir\u00e3o Preto recebe show da turn\u00ea comemorativa do ac\u00fastico do Capital Inicial","author":"ismaelcolosi.com.br","date":"13 de November de 2024","format":false,"excerpt":"A banda Capital Inicial anunciou uma turn\u00ea em comemora\u00e7\u00e3o aos 25 anos do seu \u00e1lbum mais conhecido, o \u201cAc\u00fastico MTV\u201d. Ribeir\u00e3o Preto ser\u00e1 a terceira cidade a receber a turn\u00ea comemorativa, com show marcado para o dia 22 de mar\u00e7o de 2025. O local ainda n\u00e3o foi divulgado.. O an\u00fancio\u2026","rel":"","context":"In &quot;Not\u00edcias de Ribeir\u00e3o Preto-SP e Regi\u00e3o&quot;","block_context":{"text":"Not\u00edcias de Ribeir\u00e3o Preto-SP e Regi\u00e3o","link":"https:\/\/ismaelcolosi.com.br\/index.php\/category\/noticias-de-ribeirao-preto-sp-e-regiao-ismael-colosi\/"},"img":{"alt_text":"","src":"https:\/\/i0.wp.com\/ismaelcolosi.com.br\/wp-content\/uploads\/2024\/11\/foto_-Fernando-Schlaepfer_2024-11-13_15-07-26_jpg_2024-11-13_15-07-27.webp.webp?fit=1200%2C750&ssl=1&resize=350%2C200","width":350,"height":200,"srcset":"https:\/\/i0.wp.com\/ismaelcolosi.com.br\/wp-content\/uploads\/2024\/11\/foto_-Fernando-Schlaepfer_2024-11-13_15-07-26_jpg_2024-11-13_15-07-27.webp.webp?fit=1200%2C750&ssl=1&resize=350%2C200 1x, https:\/\/i0.wp.com\/ismaelcolosi.com.br\/wp-content\/uploads\/2024\/11\/foto_-Fernando-Schlaepfer_2024-11-13_15-07-26_jpg_2024-11-13_15-07-27.webp.webp?fit=1200%2C750&ssl=1&resize=525%2C300 1.5x, https:\/\/i0.wp.com\/ismaelcolosi.com.br\/wp-content\/uploads\/2024\/11\/foto_-Fernando-Schlaepfer_2024-11-13_15-07-26_jpg_2024-11-13_15-07-27.webp.webp?fit=1200%2C750&ssl=1&resize=700%2C400 2x, https:\/\/i0.wp.com\/ismaelcolosi.com.br\/wp-content\/uploads\/2024\/11\/foto_-Fernando-Schlaepfer_2024-11-13_15-07-26_jpg_2024-11-13_15-07-27.webp.webp?fit=1200%2C750&ssl=1&resize=1050%2C600 3x"},"classes":[]},{"id":49844,"url":"https:\/\/ismaelcolosi.com.br\/index.php\/2024\/05\/13\/so-pra-contrariar-faz-show-acustico-em-ribeirao-preto\/","url_meta":{"origin":76491,"position":1},"title":"S\u00f3 Pra Contrariar faz show ac\u00fastico em Ribeir\u00e3o Preto","author":"ismaelcolosi.com.br","date":"13 de May de 2024","format":false,"excerpt":"O show do S\u00f3 Pra Contrariar, que marca a despedida de Alexandre Pires do grupo, acontece em Ribeir\u00e3o Preto, no dia 20 de julho. Com a turn\u00ea \u201cSPC Ac\u00fastico 2 \u2013 O \u00daltimo Encontro\u201d, o grupo se apresenta no Multiplan Hall, que fica no interior do Ribeir\u00e3o Shopping. O in\u00edcio\u2026","rel":"","context":"In &quot;Not\u00edcias de Ribeir\u00e3o Preto-SP e Regi\u00e3o&quot;","block_context":{"text":"Not\u00edcias de Ribeir\u00e3o Preto-SP e Regi\u00e3o","link":"https:\/\/ismaelcolosi.com.br\/index.php\/category\/noticias-de-ribeirao-preto-sp-e-regiao-ismael-colosi\/"},"img":{"alt_text":"","src":"https:\/\/i0.wp.com\/ismaelcolosi.com.br\/wp-content\/uploads\/2024\/05\/WhatsApp-Image-2024-05-13-at-16.40.54_2024-05-13_19-46-41_jpeg_2024-05-13_19-46-41.webp.webp?fit=1200%2C959&ssl=1&resize=350%2C200","width":350,"height":200,"srcset":"https:\/\/i0.wp.com\/ismaelcolosi.com.br\/wp-content\/uploads\/2024\/05\/WhatsApp-Image-2024-05-13-at-16.40.54_2024-05-13_19-46-41_jpeg_2024-05-13_19-46-41.webp.webp?fit=1200%2C959&ssl=1&resize=350%2C200 1x, https:\/\/i0.wp.com\/ismaelcolosi.com.br\/wp-content\/uploads\/2024\/05\/WhatsApp-Image-2024-05-13-at-16.40.54_2024-05-13_19-46-41_jpeg_2024-05-13_19-46-41.webp.webp?fit=1200%2C959&ssl=1&resize=525%2C300 1.5x, https:\/\/i0.wp.com\/ismaelcolosi.com.br\/wp-content\/uploads\/2024\/05\/WhatsApp-Image-2024-05-13-at-16.40.54_2024-05-13_19-46-41_jpeg_2024-05-13_19-46-41.webp.webp?fit=1200%2C959&ssl=1&resize=700%2C400 2x, https:\/\/i0.wp.com\/ismaelcolosi.com.br\/wp-content\/uploads\/2024\/05\/WhatsApp-Image-2024-05-13-at-16.40.54_2024-05-13_19-46-41_jpeg_2024-05-13_19-46-41.webp.webp?fit=1200%2C959&ssl=1&resize=1050%2C600 3x"},"classes":[]},{"id":47943,"url":"https:\/\/ismaelcolosi.com.br\/index.php\/2024\/04\/29\/show-da-banda-dire-straits-legacy-acontece-sabado-em-ribeirao-preto-ainda-ha-ingressos\/","url_meta":{"origin":76491,"position":2},"title":"Show da banda Dire Straits Legacy acontece s\u00e1bado em Ribeir\u00e3o Preto; Ainda h\u00e1 ingressos","author":"ismaelcolosi.com.br","date":"29 de April de 2024","format":false,"excerpt":"O show da banda brit\u00e2nica Dire Straits Legacy, com a apresenta\u00e7\u00e3o da turn\u00ea \u201cFor You South America Tour 2024\u201d, acontece neste s\u00e1bado (4) em Ribeir\u00e3o Preto. Ainda h\u00e1 ingressos dispon\u00edveis para venda (veja abaixo). Com m\u00fasicos que fizeram parte de diferentes fases da carreira da banda, a turn\u00ea promete levar\u2026","rel":"","context":"In &quot;Not\u00edcias de Ribeir\u00e3o Preto-SP e Regi\u00e3o&quot;","block_context":{"text":"Not\u00edcias de Ribeir\u00e3o Preto-SP e Regi\u00e3o","link":"https:\/\/ismaelcolosi.com.br\/index.php\/category\/noticias-de-ribeirao-preto-sp-e-regiao-ismael-colosi\/"},"img":{"alt_text":"","src":"https:\/\/i0.wp.com\/ismaelcolosi.com.br\/wp-content\/uploads\/2024\/04\/Copia-de-Copia-de-TAMANHO-EXATO-PARA-FOTOS-NO-SISTEMA-NOVO-20-3_2024-04-29_20-08-21_jpg.webp.webp?fit=1200%2C675&ssl=1&resize=350%2C200","width":350,"height":200,"srcset":"https:\/\/i0.wp.com\/ismaelcolosi.com.br\/wp-content\/uploads\/2024\/04\/Copia-de-Copia-de-TAMANHO-EXATO-PARA-FOTOS-NO-SISTEMA-NOVO-20-3_2024-04-29_20-08-21_jpg.webp.webp?fit=1200%2C675&ssl=1&resize=350%2C200 1x, https:\/\/i0.wp.com\/ismaelcolosi.com.br\/wp-content\/uploads\/2024\/04\/Copia-de-Copia-de-TAMANHO-EXATO-PARA-FOTOS-NO-SISTEMA-NOVO-20-3_2024-04-29_20-08-21_jpg.webp.webp?fit=1200%2C675&ssl=1&resize=525%2C300 1.5x, https:\/\/i0.wp.com\/ismaelcolosi.com.br\/wp-content\/uploads\/2024\/04\/Copia-de-Copia-de-TAMANHO-EXATO-PARA-FOTOS-NO-SISTEMA-NOVO-20-3_2024-04-29_20-08-21_jpg.webp.webp?fit=1200%2C675&ssl=1&resize=700%2C400 2x, https:\/\/i0.wp.com\/ismaelcolosi.com.br\/wp-content\/uploads\/2024\/04\/Copia-de-Copia-de-TAMANHO-EXATO-PARA-FOTOS-NO-SISTEMA-NOVO-20-3_2024-04-29_20-08-21_jpg.webp.webp?fit=1200%2C675&ssl=1&resize=1050%2C600 3x"},"classes":[]},{"id":40068,"url":"https:\/\/ismaelcolosi.com.br\/index.php\/2024\/02\/29\/restart-anuncia-data-de-show-da-turne-de-despedida-em-ribeirao-preto-confira\/","url_meta":{"origin":76491,"position":3},"title":"Restart anuncia data de show da turn\u00ea de despedida em Ribeir\u00e3o Preto; Confira","author":"ismaelcolosi.com.br","date":"29 de February de 2024","format":false,"excerpt":"A banda Restart anunciou, nesta quinta-feira (29), que se apresentar\u00e1 em Ribeir\u00e3o Preto no dia 20 de julho, no Quinta Linda Centro de Eventos, localizado na rodovia Anhanguera. A venda dos ingressos, segundo a organiza\u00e7\u00e3o, come\u00e7a no dia 5 de mar\u00e7o, \u00e0s 12h, atrav\u00e9s da plataforma Articket. Contudo, os valores\u2026","rel":"","context":"In &quot;Not\u00edcias de Ribeir\u00e3o Preto-SP e Regi\u00e3o&quot;","block_context":{"text":"Not\u00edcias de Ribeir\u00e3o Preto-SP e Regi\u00e3o","link":"https:\/\/ismaelcolosi.com.br\/index.php\/category\/noticias-de-ribeirao-preto-sp-e-regiao-ismael-colosi\/"},"img":{"alt_text":"","src":"https:\/\/i0.wp.com\/ismaelcolosi.com.br\/wp-content\/uploads\/2024\/02\/BANDA-RESTART-Rodrigo-Takeshi.jpg?fit=1200%2C746&ssl=1&resize=350%2C200","width":350,"height":200,"srcset":"https:\/\/i0.wp.com\/ismaelcolosi.com.br\/wp-content\/uploads\/2024\/02\/BANDA-RESTART-Rodrigo-Takeshi.jpg?fit=1200%2C746&ssl=1&resize=350%2C200 1x, https:\/\/i0.wp.com\/ismaelcolosi.com.br\/wp-content\/uploads\/2024\/02\/BANDA-RESTART-Rodrigo-Takeshi.jpg?fit=1200%2C746&ssl=1&resize=525%2C300 1.5x, https:\/\/i0.wp.com\/ismaelcolosi.com.br\/wp-content\/uploads\/2024\/02\/BANDA-RESTART-Rodrigo-Takeshi.jpg?fit=1200%2C746&ssl=1&resize=700%2C400 2x, https:\/\/i0.wp.com\/ismaelcolosi.com.br\/wp-content\/uploads\/2024\/02\/BANDA-RESTART-Rodrigo-Takeshi.jpg?fit=1200%2C746&ssl=1&resize=1050%2C600 3x"},"classes":[]},{"id":37538,"url":"https:\/\/ismaelcolosi.com.br\/index.php\/2024\/02\/16\/gloria-traz-para-ribeirao-preto-turne-exclusiva-veja-quando-sera-o-show\/","url_meta":{"origin":76491,"position":4},"title":"Gloria traz para Ribeir\u00e3o Preto turn\u00ea exclusiva; Veja quando ser\u00e1 o show","author":"ismaelcolosi.com.br","date":"16 de February de 2024","format":false,"excerpt":"A banda Gloria se apresenta em Ribeir\u00e3o Preto, no dia 15 de mar\u00e7o, \u00e0s 20h, para celebrar os 15 anos do \u00e1lbum hom\u00f4nimo do grupo, um dos mais importantes da carreira. Essa ser\u00e1 a primeira de uma s\u00e9rie de apresenta\u00e7\u00f5es. O show acontece no Hous Drinkeria, localizado na avenida Nove\u2026","rel":"","context":"In &quot;Not\u00edcias de Ribeir\u00e3o Preto-SP e Regi\u00e3o&quot;","block_context":{"text":"Not\u00edcias de Ribeir\u00e3o Preto-SP e Regi\u00e3o","link":"https:\/\/ismaelcolosi.com.br\/index.php\/category\/noticias-de-ribeirao-preto-sp-e-regiao-ismael-colosi\/"},"img":{"alt_text":"","src":"https:\/\/i0.wp.com\/ismaelcolosi.com.br\/wp-content\/uploads\/2024\/02\/Copia-de-Copia-de-TAMANHO-EXATO-PARA-FOTOS-NO-SISTEMA-NOVO-37.png?fit=1200%2C675&ssl=1&resize=350%2C200","width":350,"height":200,"srcset":"https:\/\/i0.wp.com\/ismaelcolosi.com.br\/wp-content\/uploads\/2024\/02\/Copia-de-Copia-de-TAMANHO-EXATO-PARA-FOTOS-NO-SISTEMA-NOVO-37.png?fit=1200%2C675&ssl=1&resize=350%2C200 1x, https:\/\/i0.wp.com\/ismaelcolosi.com.br\/wp-content\/uploads\/2024\/02\/Copia-de-Copia-de-TAMANHO-EXATO-PARA-FOTOS-NO-SISTEMA-NOVO-37.png?fit=1200%2C675&ssl=1&resize=525%2C300 1.5x, https:\/\/i0.wp.com\/ismaelcolosi.com.br\/wp-content\/uploads\/2024\/02\/Copia-de-Copia-de-TAMANHO-EXATO-PARA-FOTOS-NO-SISTEMA-NOVO-37.png?fit=1200%2C675&ssl=1&resize=700%2C400 2x, https:\/\/i0.wp.com\/ismaelcolosi.com.br\/wp-content\/uploads\/2024\/02\/Copia-de-Copia-de-TAMANHO-EXATO-PARA-FOTOS-NO-SISTEMA-NOVO-37.png?fit=1200%2C675&ssl=1&resize=1050%2C600 3x"},"classes":[]},{"id":56046,"url":"https:\/\/ismaelcolosi.com.br\/index.php\/2024\/07\/08\/turne-de-despedida-da-banda-natiruts-ainda-tem-ingressos-disponiveis-em-ribeirao-preto\/","url_meta":{"origin":76491,"position":5},"title":"Turn\u00ea de despedida da banda Natiruts ainda tem ingressos dispon\u00edveis em Ribeir\u00e3o Preto","author":"ismaelcolosi.com.br","date":"8 de July de 2024","format":false,"excerpt":"Os ingressos para a turn\u00ea \u2018Leve Com Voc\u00ea\u2019, que marca o encerramento da banda de reggae Natiruts, ap\u00f3s 28 anos de trajet\u00f3ria, acontece no dia 12 de outubro em Ribeir\u00e3o Preto. A apresenta\u00e7\u00e3o ser\u00e1 realizada no est\u00e1dio Palma Travassos, na zona Leste da cidade. Os ingressos ainda est\u00e3o dispon\u00edveis e\u2026","rel":"","context":"In &quot;Not\u00edcias de Ribeir\u00e3o Preto-SP e Regi\u00e3o&quot;","block_context":{"text":"Not\u00edcias de Ribeir\u00e3o Preto-SP e Regi\u00e3o","link":"https:\/\/ismaelcolosi.com.br\/index.php\/category\/noticias-de-ribeirao-preto-sp-e-regiao-ismael-colosi\/"},"img":{"alt_text":"","src":"https:\/\/i0.wp.com\/ismaelcolosi.com.br\/wp-content\/uploads\/2024\/07\/Capturar-25.jpg?fit=915%2C621&ssl=1&resize=350%2C200","width":350,"height":200,"srcset":"https:\/\/i0.wp.com\/ismaelcolosi.com.br\/wp-content\/uploads\/2024\/07\/Capturar-25.jpg?fit=915%2C621&ssl=1&resize=350%2C200 1x, https:\/\/i0.wp.com\/ismaelcolosi.com.br\/wp-content\/uploads\/2024\/07\/Capturar-25.jpg?fit=915%2C621&ssl=1&resize=525%2C300 1.5x, https:\/\/i0.wp.com\/ismaelcolosi.com.br\/wp-content\/uploads\/2024\/07\/Capturar-25.jpg?fit=915%2C621&ssl=1&resize=700%2C400 2x"},"classes":[]}],"jetpack_sharing_enabled":true,"jetpack_shortlink":"https:\/\/wp.me\/pfMlyK-jTJ","_links":{"self":[{"href":"https:\/\/ismaelcolosi.com.br\/index.php\/wp-json\/wp\/v2\/posts\/76491","targetHints":{"allow":["GET"]}}],"collection":[{"href":"https:\/\/ismaelcolosi.com.br\/index.php\/wp-json\/wp\/v2\/posts"}],"about":[{"href":"https:\/\/ismaelcolosi.com.br\/index.php\/wp-json\/wp\/v2\/types\/post"}],"author":[{"embeddable":true,"href":"https:\/\/ismaelcolosi.com.br\/index.php\/wp-json\/wp\/v2\/users\/1"}],"replies":[{"embeddable":true,"href":"https:\/\/ismaelcolosi.com.br\/index.php\/wp-json\/wp\/v2\/comments?post=76491"}],"version-history":[{"count":0,"href":"https:\/\/ismaelcolosi.com.br\/index.php\/wp-json\/wp\/v2\/posts\/76491\/revisions"}],"wp:featuredmedia":[{"embeddable":true,"href":"https:\/\/ismaelcolosi.com.br\/index.php\/wp-json\/wp\/v2\/media\/76492"}],"wp:attachment":[{"href":"https:\/\/ismaelcolosi.com.br\/index.php\/wp-json\/wp\/v2\/media?parent=76491"}],"wp:term":[{"taxonomy":"category","embeddable":true,"href":"https:\/\/ismaelcolosi.com.br\/index.php\/wp-json\/wp\/v2\/categories?post=76491"},{"taxonomy":"post_tag","embeddable":true,"href":"https:\/\/ismaelcolosi.com.br\/index.php\/wp-json\/wp\/v2\/tags?post=76491"}],"curies":[{"name":"wp","href":"https:\/\/api.w.org\/{rel}","templated":true}]}}