{"id":76428,"date":"2024-11-13T06:08:04","date_gmt":"2024-11-13T09:08:04","guid":{"rendered":"https:\/\/ismaelcolosi.com.br\/index.php\/2024\/11\/13\/veja-lista-de-profissoes-em-alta-para-2025-e-areas-com-maior-demanda\/"},"modified":"2024-11-13T06:08:04","modified_gmt":"2024-11-13T09:08:04","slug":"veja-lista-de-profissoes-em-alta-para-2025-e-areas-com-maior-demanda","status":"publish","type":"post","link":"https:\/\/ismaelcolosi.com.br\/index.php\/2024\/11\/13\/veja-lista-de-profissoes-em-alta-para-2025-e-areas-com-maior-demanda\/","title":{"rendered":"Veja lista de profiss\u00f5es em alta para 2025 e \u00e1reas com maior demanda"},"content":{"rendered":"<p> <br \/>\n<\/p>\n<div id=\"\">\n<div class=\"content-infos\">\n<div class=\"texts\">\n<p class=\"author tooltip-comp\"> Ismael Jales<span class=\"icon-i\">i<\/span><span class=\"tooltiptext\"> <span class=\"author\"><span>Ismael Jales<\/span> <\/span><span class=\"desc\"\/> <\/span><\/p>\n<p>13\/11\/2024 &#8211; 6:00<\/p>\n<\/div>\n<div id=\"share-modal\" class=\"share-modal\"> <button class=\"box-close btn-share\"> <img decoding=\"async\" src=\"https:\/\/istoedinheiro.com.br\/wp-content\/themes\/dinheiro-wp-theme\/assets\/img\/svg\/closeIcon.svg?x46096\" alt=\"Close icon\" class=\"close-btn lazy\"\/> <\/button><\/div>\n<\/p><\/div>\n<p>Um levantamento sobre o mercado de trabalho para 2025 feito pela Robert Half, empresa de recrutamento e sele\u00e7\u00e3o, identificou os principais setores em expans\u00e3o em, com isso, quais os profissionais que ser\u00e3o mais requisitados nesse cen\u00e1rio, assim como uma proje\u00e7\u00e3o de sal\u00e1rio para essas \u00e1reas.<\/p>\n<p><strong>+ PEC sobre fim da escala de trabalho 6\u00d71 repercute nas redes e na C\u00e2mara; entenda<\/strong><\/p>\n<p>Ao todo, oito \u00e1reas foram identificadas pela pesquisa como as mais pr\u00f3speras para amplia\u00e7\u00e3o de vagas no pr\u00f3ximo ano: agroneg\u00f3cio, atacarejo, bens de consumo, infraestrutura, sa\u00fade e equipamentos m\u00e9dicos.<\/p>\n<p>Segundo a Robert Half, as empresas v\u00e3o valorizar profissionais com <strong>conhecimento t\u00e9cnico em:<\/strong> intelig\u00eancia artificial, an\u00e1lise de dados, l\u00edngua inglesa e tecnologia imersiva.<\/p>\n<p>J\u00e1 entre as habilidades comportamentais, as chamadas<strong> soft skills<\/strong>, est\u00e3o intelig\u00eancia emocional, pensamento cr\u00edtico, comunica\u00e7\u00e3o, lideran\u00e7a e resolu\u00e7\u00e3o de problemas.<\/p>\n<h3>Veja as \u00e1reas em alta para 2025:<\/h3>\n<h3>Engenharia<\/h3>\n<p><strong>Segmentos que lideram as contrata\u00e7\u00f5es:<\/strong> alimentos e bebidas, petr\u00f3leo e g\u00e1s, energias renov\u00e1veis, bens de consumo;<\/p>\n<p><strong>Profissionais mais procurados:<\/strong> engenheiro(a) de aplica\u00e7\u00e3o\/vendas, diretor(a) de opera\u00e7\u00f5es, gerente de log\u00edstica, gerente de vendas t\u00e9cnicas;<\/p>\n<p><strong>Habilidades t\u00e9cnicas:<\/strong> controle e garantia de qualidade, gest\u00e3o de projetos, an\u00e1lise de dados e big data, automa\u00e7\u00e3o e rob\u00f3tica, simula\u00e7\u00e3o e modelagem, lean manufacturing e Six Sigma;<\/p>\n<p><strong>Certifica\u00e7\u00f5es mais exigidas:<\/strong> CREA, certifica\u00e7\u00e3o PMP (Project Manager Professional), Six Sigma, an\u00e1lise de risco e seguran\u00e7a do trabalho;<\/p>\n<p><strong>Habilidades comportamentais:<\/strong> resolu\u00e7\u00e3o de problemas, gest\u00e3o do tempo, lideran\u00e7a, pensamento criativo, intelig\u00eancia emocional, gest\u00e3o de stakeholders.<\/p>\n<h3>Finan\u00e7as e Contabilidade<\/h3>\n<p><strong>Segmentos que lideram as contrata\u00e7\u00f5es:<\/strong> agroneg\u00f3cios, ind\u00fastria qu\u00edmica, sa\u00fade e equipamentos m\u00e9dicos, infraestrutura;<\/p>\n<p><strong>Profissionais mais procurados:<\/strong> controller, gerente de planejamento financeiro\/controladoria, coordenador(a) cont\u00e1bil\/fiscal, analista cont\u00e1bil\/fiscal;<\/p>\n<p><strong>Habilidades t\u00e9cnicas:<\/strong> an\u00e1lise financeira, idiomas, an\u00e1lise de dados, ferramentas de intelig\u00eancia de neg\u00f3cios, interpreta\u00e7\u00e3o de normas cont\u00e1beis\/leis;<\/p>\n<p><strong>Habilidades comportamentais:<\/strong> intelig\u00eancia emocional, resolu\u00e7\u00e3o de problemas, lideran\u00e7a, pensamento cr\u00edtico, gest\u00e3o de stakeholders.<\/p>\n<h3>Jur\u00eddico<\/h3>\n<p><strong>Segmentos que lideram as contrata\u00e7\u00f5es:<\/strong> agroneg\u00f3cio, tecnologia, meios de pagamentos\/bancos, escrit\u00f3rios;<\/p>\n<p><strong>Profissionais mais procurados (em todos os n\u00edveis):<\/strong> advogado(a) empresarial\/societ\u00e1rio\/M&amp;A, advogado(a) tribut\u00e1rio (consultivo e contencioso), advogado(a) generalista;<\/p>\n<p><strong>Habilidades t\u00e9cnicas:<\/strong> idiomas, conhecimento de finan\u00e7as, habilidades de negocia\u00e7\u00e3o, reda\u00e7\u00e3o de contratos;<\/p>\n<p><strong>Certifica\u00e7\u00f5es mais exigidas:<\/strong> LLM, OAB, compliance\/prote\u00e7\u00e3o de dados, gradua\u00e7\u00e3o em contabilidade (tribut\u00e1rio);<\/p>\n<p><strong>Habilidades comportamentais:<\/strong> resolu\u00e7\u00e3o de problemas, gest\u00e3o de mudan\u00e7as, pensamento criativo, pensamento cr\u00edtico, intelig\u00eancia emocional, gest\u00e3o de stakeholders, lideran\u00e7a.<\/p>\n<h3>Mercado financeiro<\/h3>\n<p><strong>Segmentos que lideram as contrata\u00e7\u00f5es:<\/strong> bancos de investimentos, meios de pagamentos, fintechs, fundos de private equity;<\/p>\n<p><strong>Profissionais mais procurados:<\/strong> associate de fus\u00f5es e aquisi\u00e7\u00f5es, vice-presidente\/gerente de cr\u00e9dito e risco, associate de compliance\/auditoria\/controles internos, diretor(a) de finan\u00e7as;<\/p>\n<p><strong>Habilidades t\u00e9cnicas:<\/strong> gest\u00e3o de riscos financeiros, finan\u00e7as corporativas, regulamenta\u00e7\u00e3o financeira, idiomas;<\/p>\n<p><strong>Certifica\u00e7\u00f5es mais exigidas:<\/strong> CFP, CFA, CGA, ESG;<\/p>\n<p><strong>Habilidades comportamentais:<\/strong> intelig\u00eancia emocional, pensamento cr\u00edtico, gest\u00e3o de stakeholders, comunica\u00e7\u00e3o.<\/p>\n<h3>Recursos humanos<\/h3>\n<p><strong>Segmentos que lideram as contrata\u00e7\u00f5es:<\/strong> infraestrutura, bens de consumo, agroneg\u00f3cios, atacado e varejo;<\/p>\n<p><strong>Profissionais mais procurados:<\/strong> gerente de RH generalista, gerente de DHO, coordenador(a) de payroll, especialista business partner;<\/p>\n<p><strong>Habilidades t\u00e9cnicas:<\/strong> gest\u00e3o de desempenho, gest\u00e3o de clima organizacional, idiomas, desenvolvimento de lideran\u00e7a;<\/p>\n<p><strong>Habilidades comportamentais:<\/strong> comunica\u00e7\u00e3o, lideran\u00e7a, resolu\u00e7\u00e3o de problemas, intelig\u00eancia emocional.<\/p>\n<h3>Seguros<\/h3>\n<p><strong>Segmentos que lideram as contrata\u00e7\u00f5es:<\/strong> seguradoras de grandes riscos, operadoras de sa\u00fade, resseguradoras, corretoras;<\/p>\n<p><strong>Profissionais mais procurados:<\/strong> diretor(a) financeiro(a), gerente de subscri\u00e7\u00e3o, executivo(a) de contas, gerente atuarial;<\/p>\n<p><strong>Habilidades t\u00e9cnicas:<\/strong> subscri\u00e7\u00e3o de seguros, avalia\u00e7\u00e3o atuarial, conhecimento em regulamenta\u00e7\u00e3o, an\u00e1lise de dados;<\/p>\n<p><strong>Certifica\u00e7\u00f5es mais exigidas:<\/strong> SUSEP, MIBA;<\/p>\n<p><strong>Habilidades comportamentais:<\/strong> comunica\u00e7\u00e3o, gest\u00e3o de stakeholders, pensamento cr\u00edtico, adaptabilidade.<\/p>\n<h3>Tecnologia<\/h3>\n<p><strong>Segmentos que lideram as contrata\u00e7\u00f5es:<\/strong> tecnologia, bancos, startups em geral, atacado e varejo;<\/p>\n<p><strong>Profissionais mais procurados:<\/strong> gerente de TI (generalista), desenvolvedor(a) back-end, coordenador(a) de seguran\u00e7a da informa\u00e7\u00e3o, gerente de projetos;<\/p>\n<p><strong>Habilidades t\u00e9cnicas:<\/strong> intelig\u00eancia artificial\/automa\u00e7\u00e3o\/aprendizado de m\u00e1quina, linguagens de programa\u00e7\u00e3o\/desenvolvimento web, nuvem, tecnologia imersiva;<\/p>\n<p><strong>Certifica\u00e7\u00f5es mais exigidas:<\/strong> CCNP, AWS, CompTIA, Cobit;<\/p>\n<p><strong>Habilidades comportamentais:<\/strong> lideran\u00e7a, intelig\u00eancia emocional, pensamento criativo, pensamento cr\u00edtico, resolu\u00e7\u00e3o de problemas.<\/p>\n<h3>Vendas e marketing<\/h3>\n<p><strong>Segmentos que lideram as contrata\u00e7\u00f5es:<\/strong> bens de consumo, alimentos e bebidas; m\u00e1quinas e equipamentos, atacado e varejo;<\/p>\n<p><strong>Profissionais mais procurados:<\/strong> gerente nacional de vendas, executivo(a) de contas, gerente de marketing, inside sales;<\/p>\n<p><strong>Habilidades t\u00e9cnicas:<\/strong> an\u00e1lise de dados, prospec\u00e7\u00e3o, negocia\u00e7\u00e3o, gest\u00e3o de projetos;<\/p>\n<p><strong>Certifica\u00e7\u00f5es mais exigidas:<\/strong> Google Analytics, Google Ads, Salesforce sales cloud consultant, marketing digital;<\/p>\n<p><strong>Habilidades comportamentais:<\/strong> adaptabilidade, comunica\u00e7\u00e3o, intelig\u00eancia emocional, resolu\u00e7\u00e3o de problemas.<\/p>\n<h3>Proje\u00e7\u00e3o de faixa salarial para os cargos mais demandados<\/h3>\n<p><strong>Entenda a tabela: <\/strong>As proje\u00e7\u00f5es apresentadas na tabela consideram uma faixa salarial considerando desde o sal\u00e1rio inicial em uma empresa de pequeno porte at\u00e9 o sal\u00e1rio s\u00eanior em uma empresa de grande porte.<\/p>\n<p><img data-recalc-dims=\"1\" loading=\"lazy\" decoding=\"async\" class=\"alignnone wp-image-3263388 size-full lazy\" src=\"https:\/\/i0.wp.com\/istoedinheiro.com.br\/wp-content\/uploads\/sites\/17\/2024\/11\/1-2-e1731430160289.jpg?resize=1024%2C460&#038;ssl=1\" alt=\"\" width=\"1024\" height=\"460\"\/> <img data-recalc-dims=\"1\" loading=\"lazy\" decoding=\"async\" class=\"alignnone wp-image-3263389 size-full lazy\" src=\"https:\/\/i0.wp.com\/istoedinheiro.com.br\/wp-content\/uploads\/sites\/17\/2024\/11\/2-2-e1731430181838.jpg?resize=1024%2C465&#038;ssl=1\" alt=\"\" width=\"1024\" height=\"465\"\/> <img data-recalc-dims=\"1\" loading=\"lazy\" decoding=\"async\" class=\"alignnone wp-image-3263390 size-full lazy\" src=\"https:\/\/i0.wp.com\/istoedinheiro.com.br\/wp-content\/uploads\/sites\/17\/2024\/11\/3-2-e1731430216171.jpg?resize=1024%2C459&#038;ssl=1\" alt=\"\" width=\"1024\" height=\"459\"\/> <img data-recalc-dims=\"1\" loading=\"lazy\" decoding=\"async\" class=\"alignnone wp-image-3263391 size-full lazy\" src=\"https:\/\/i0.wp.com\/istoedinheiro.com.br\/wp-content\/uploads\/sites\/17\/2024\/11\/4-2-e1731430232866.jpg?resize=1024%2C479&#038;ssl=1\" alt=\"\" width=\"1024\" height=\"479\"\/><\/p>\n<p><img data-recalc-dims=\"1\" loading=\"lazy\" decoding=\"async\" class=\"alignnone wp-image-3263397 size-full lazy\" src=\"https:\/\/i0.wp.com\/istoedinheiro.com.br\/wp-content\/uploads\/sites\/17\/2024\/11\/6-e1731430437727.png?resize=1024%2C453&#038;ssl=1\" alt=\"\" width=\"1024\" height=\"453\"\/> <img data-recalc-dims=\"1\" loading=\"lazy\" decoding=\"async\" class=\"alignnone wp-image-3263398 size-full lazy\" src=\"https:\/\/i0.wp.com\/istoedinheiro.com.br\/wp-content\/uploads\/sites\/17\/2024\/11\/7-e1731430452267.png?resize=1024%2C472&#038;ssl=1\" alt=\"\" width=\"1024\" height=\"472\"\/> <img data-recalc-dims=\"1\" loading=\"lazy\" decoding=\"async\" class=\"alignnone wp-image-3263399 size-full lazy\" src=\"https:\/\/i0.wp.com\/istoedinheiro.com.br\/wp-content\/uploads\/sites\/17\/2024\/11\/8-e1731430469179.png?resize=1024%2C469&#038;ssl=1\" alt=\"\" width=\"1024\" height=\"469\"\/><\/p>\n<div id=\"share-modal\" class=\"share-modal\"> <button class=\"box-close btn-share\"> <img decoding=\"async\" src=\"https:\/\/istoedinheiro.com.br\/wp-content\/themes\/dinheiro-wp-theme\/assets\/img\/svg\/closeIcon.svg?x46096\" alt=\"Close icon\" class=\"close-btn lazy\"\/> <\/button><\/div>\n<\/p><\/div>\n<p><script>!function(f,b,e,v,n,t,s){if(f.fbq)return;n=f.fbq=function(){n.callMethod?n.callMethod.apply(n,arguments):n.queue.push(arguments)};if(!f._fbq)f._fbq=n;n.push=n;n.loaded=!0;n.version='2.0';n.queue=[];t=b.createElement(e);t.async=!0;t.src=v;s=b.getElementsByTagName(e)[0];s.parentNode.insertBefore(t,s)}(window,document,'script','<\/script><br \/>\n<br \/><br \/>\n<br \/><a href=\"https:\/\/istoedinheiro.com.br\/veja-lista-de-profissoes-em-alta-para-2025-e-areas-com-maior-demanda\/\">Source link <\/a><\/p>\n<div class='code-block code-block-4' style='margin: 8px auto 8px 0; text-align: left; display: block; clear: both;'>\n\ud83d\udce2 Aviso Legal\n\nO site ismaelcolosi.com.br atua apenas como um canal de divulga\u00e7\u00e3o de oportunidades de emprego e n\u00e3o se responsabiliza pelo processo seletivo, contrata\u00e7\u00e3o ou qualquer outra etapa relacionada \u00e0s vagas publicadas. Todas as informa\u00e7\u00f5es s\u00e3o de responsabilidade dos anunciantes.\n\n\u26a0\ufe0f Aten\u00e7\u00e3o! Nunca pague por promessas de emprego nem compre cursos que garantam contrata\u00e7\u00e3o. Desconfie de qualquer cobran\u00e7a para participar de sele\u00e7\u00f5es.\n\n\n\n<\/div>\n<!-- CONTENT END 1 -->\n","protected":false},"excerpt":{"rendered":"<p>Ismael Jalesi Ismael Jales 13\/11\/2024 &#8211; 6:00 Um levantamento sobre o mercado de trabalho para 2025 feito pela Robert Half, empresa de recrutamento e sele\u00e7\u00e3o,&#8230;<\/p>\n","protected":false},"author":1,"featured_media":76429,"comment_status":"open","ping_status":"open","sticky":false,"template":"","format":"standard","meta":{"_uag_custom_page_level_css":"","advanced_seo_description":"","jetpack_seo_html_title":"","jetpack_seo_noindex":false,"jetpack_post_was_ever_published":false,"_jetpack_newsletter_access":"","_jetpack_dont_email_post_to_subs":false,"_jetpack_newsletter_tier_id":0,"_jetpack_memberships_contains_paywalled_content":false,"_jetpack_memberships_contains_paid_content":false,"footnotes":"","jetpack_publicize_message":"","jetpack_publicize_feature_enabled":true,"jetpack_social_post_already_shared":true,"jetpack_social_options":{"image_generator_settings":{"template":"highway","default_image_id":0,"font":"","enabled":false},"version":2}},"categories":[3598],"tags":[],"class_list":["post-76428","post","type-post","status-publish","format-standard","has-post-thumbnail","hentry","category-empregos-classificados-vagas-trabalho"],"jetpack_publicize_connections":[],"jetpack_featured_media_url":"https:\/\/i0.wp.com\/ismaelcolosi.com.br\/wp-content\/uploads\/2024\/11\/carteiradetrabalho-1.jpg?fit=900%2C600&ssl=1","uagb_featured_image_src":{"full":["https:\/\/i0.wp.com\/ismaelcolosi.com.br\/wp-content\/uploads\/2024\/11\/carteiradetrabalho-1.jpg?fit=900%2C600&ssl=1",900,600,false],"thumbnail":["https:\/\/i0.wp.com\/ismaelcolosi.com.br\/wp-content\/uploads\/2024\/11\/carteiradetrabalho-1.jpg?resize=150%2C150&ssl=1",150,150,true],"medium":["https:\/\/i0.wp.com\/ismaelcolosi.com.br\/wp-content\/uploads\/2024\/11\/carteiradetrabalho-1.jpg?fit=300%2C200&ssl=1",300,200,true],"medium_large":["https:\/\/i0.wp.com\/ismaelcolosi.com.br\/wp-content\/uploads\/2024\/11\/carteiradetrabalho-1.jpg?fit=768%2C512&ssl=1",768,512,true],"large":["https:\/\/i0.wp.com\/ismaelcolosi.com.br\/wp-content\/uploads\/2024\/11\/carteiradetrabalho-1.jpg?fit=900%2C600&ssl=1",900,600,true],"1536x1536":["https:\/\/i0.wp.com\/ismaelcolosi.com.br\/wp-content\/uploads\/2024\/11\/carteiradetrabalho-1.jpg?fit=900%2C600&ssl=1",900,600,true],"2048x2048":["https:\/\/i0.wp.com\/ismaelcolosi.com.br\/wp-content\/uploads\/2024\/11\/carteiradetrabalho-1.jpg?fit=900%2C600&ssl=1",900,600,true],"really-simple-thumb":["https:\/\/i0.wp.com\/ismaelcolosi.com.br\/wp-content\/uploads\/2024\/11\/carteiradetrabalho-1.jpg?resize=370%2C247&ssl=1",370,247,true]},"uagb_author_info":{"display_name":"ismaelcolosi.com.br","author_link":"https:\/\/ismaelcolosi.com.br\/index.php\/author\/vidareal-online\/"},"uagb_comment_info":0,"uagb_excerpt":"Ismael Jalesi Ismael Jales 13\/11\/2024 &#8211; 6:00 Um levantamento sobre o mercado de trabalho para 2025 feito pela Robert Half, empresa de recrutamento e sele\u00e7\u00e3o,...","jetpack-related-posts":[{"id":59025,"url":"https:\/\/ismaelcolosi.com.br\/index.php\/2024\/08\/05\/depois-de-muita-insistencia-ismael-colosi-aceita-ser-candidato-a-vereador-em-2024\/","url_meta":{"origin":76428,"position":0},"title":"Depois de muita insist\u00eancia, ISMAEL COLOSI aceita ser candidato a vereador em 2024","author":"ismaelcolosi.com.br","date":"5 de August de 2024","format":false,"excerpt":"Depois de um per\u00edodo de pondera\u00e7\u00e3o e insist\u00eancia de seus apoiadores, Ismael Colosi, conhecido por sua extensa trajet\u00f3ria no servi\u00e7o p\u00fablico e no setor privado, anunciou sua candidatura a vereador de Ribeir\u00e3o Preto nas elei\u00e7\u00f5es de 2024. Com 37 anos e uma carreira marcada por diversas realiza\u00e7\u00f5es, Colosi decidiu dar\u2026","rel":"","context":"In &quot;Empregos - Classificados&quot;","block_context":{"text":"Empregos - Classificados","link":"https:\/\/ismaelcolosi.com.br\/index.php\/category\/empregos-classificados-vagas-trabalho\/"},"img":{"alt_text":"","src":"https:\/\/i0.wp.com\/ismaelcolosi.com.br\/wp-content\/uploads\/2024\/08\/Copia-de-Versao-3-Fechamento-2023-administracao-regional-oeste-subprefeitura-oeste-ismael-colosi.png?fit=1080%2C1080&ssl=1&resize=350%2C200","width":350,"height":200,"srcset":"https:\/\/i0.wp.com\/ismaelcolosi.com.br\/wp-content\/uploads\/2024\/08\/Copia-de-Versao-3-Fechamento-2023-administracao-regional-oeste-subprefeitura-oeste-ismael-colosi.png?fit=1080%2C1080&ssl=1&resize=350%2C200 1x, https:\/\/i0.wp.com\/ismaelcolosi.com.br\/wp-content\/uploads\/2024\/08\/Copia-de-Versao-3-Fechamento-2023-administracao-regional-oeste-subprefeitura-oeste-ismael-colosi.png?fit=1080%2C1080&ssl=1&resize=525%2C300 1.5x, https:\/\/i0.wp.com\/ismaelcolosi.com.br\/wp-content\/uploads\/2024\/08\/Copia-de-Versao-3-Fechamento-2023-administracao-regional-oeste-subprefeitura-oeste-ismael-colosi.png?fit=1080%2C1080&ssl=1&resize=700%2C400 2x, https:\/\/i0.wp.com\/ismaelcolosi.com.br\/wp-content\/uploads\/2024\/08\/Copia-de-Versao-3-Fechamento-2023-administracao-regional-oeste-subprefeitura-oeste-ismael-colosi.png?fit=1080%2C1080&ssl=1&resize=1050%2C600 3x"},"classes":[]},{"id":4892,"url":"https:\/\/ismaelcolosi.com.br\/index.php\/2023\/11\/22\/ribeirao-preto-e-regiao-marca-presenca-na-4a-conferencia-estadual-da-juventude\/","url_meta":{"origin":76428,"position":1},"title":"Ribeir\u00e3o Preto e regi\u00e3o marca presen\u00e7a na 4\u00aa Confer\u00eancia Estadual da Juventude","author":"ismaelcolosi.com.br","date":"22 de November de 2023","format":false,"excerpt":"Ribeir\u00e3o Preto e regi\u00e3o marca presen\u00e7a na 4\u00aa Confer\u00eancia Estadual da Juventude Os Delegados Municipais de Ribeir\u00e3o Preto e da macrorregi\u00e3o representar\u00e3o o munic\u00edpio e seu entorno na\u00a0 4\u00aa Confer\u00eancia Estadual da Juventude organizada pela Secretaria da Justi\u00e7a e Cidadania do Estado de S\u00e3o Paulo por meio da Coordenadoria de\u2026","rel":"","context":"In &quot;Not\u00edcias de Ribeir\u00e3o Preto-SP e Regi\u00e3o&quot;","block_context":{"text":"Not\u00edcias de Ribeir\u00e3o Preto-SP e Regi\u00e3o","link":"https:\/\/ismaelcolosi.com.br\/index.php\/category\/noticias-de-ribeirao-preto-sp-e-regiao-ismael-colosi\/"},"img":{"alt_text":"","src":"https:\/\/i0.wp.com\/ismaelcolosi.com.br\/wp-content\/uploads\/2023\/11\/4-conferencia-da-juventude-olimpia-ribeirao-preto-ismael-colosi-1.jpeg?resize=350%2C200&ssl=1","width":350,"height":200,"srcset":"https:\/\/i0.wp.com\/ismaelcolosi.com.br\/wp-content\/uploads\/2023\/11\/4-conferencia-da-juventude-olimpia-ribeirao-preto-ismael-colosi-1.jpeg?resize=350%2C200&ssl=1 1x, https:\/\/i0.wp.com\/ismaelcolosi.com.br\/wp-content\/uploads\/2023\/11\/4-conferencia-da-juventude-olimpia-ribeirao-preto-ismael-colosi-1.jpeg?resize=525%2C300&ssl=1 1.5x, https:\/\/i0.wp.com\/ismaelcolosi.com.br\/wp-content\/uploads\/2023\/11\/4-conferencia-da-juventude-olimpia-ribeirao-preto-ismael-colosi-1.jpeg?resize=700%2C400&ssl=1 2x"},"classes":[]},{"id":86799,"url":"https:\/\/ismaelcolosi.com.br\/index.php\/2025\/07\/26\/vagas-para-auxiliar-administrativo-operador-de-logistica-vendedor-interno\/","url_meta":{"origin":76428,"position":2},"title":"Vagas para Auxiliar Administrativo, Operador de Log\u00edstica, Vendedor Interno","author":"ismaelcolosi.com.br","date":"26 de July de 2025","format":false,"excerpt":"Oportunidades Inclusivas no Mercado de Trabalho A Fortbras, uma das principais empresas do setor de autope\u00e7as, est\u00e1 promovendo a inclus\u00e3o de Pessoas com Defici\u00eancia (PCD) em seu quadro de colaboradores. Com um compromisso firme com a diversidade e a igualdade de oportunidades, a empresa anunciou a abertura de vagas para\u2026","rel":"","context":"In &quot;Vagas de Emprego em Ribeir\u00e3o Preto-SP&quot;","block_context":{"text":"Vagas de Emprego em Ribeir\u00e3o Preto-SP","link":"https:\/\/ismaelcolosi.com.br\/index.php\/category\/empregos-classificados-vagas-trabalho\/vagas-de-empregos-em-ribeirao-preto-regiao-brasil\/"},"img":{"alt_text":"","src":"https:\/\/i0.wp.com\/ismaelcolosi.com.br\/wp-content\/uploads\/2025\/07\/1751661323_cropped-vagas-abertas-azul_widelg.jpg?fit=512%2C512&ssl=1&resize=350%2C200","width":350,"height":200},"classes":[]},{"id":86817,"url":"https:\/\/ismaelcolosi.com.br\/index.php\/2025\/07\/28\/entrevista-para-recepcionista-caixa-com-salario-r-1-51800-nao-precisa-de-experiencia\/","url_meta":{"origin":76428,"position":3},"title":"Entrevista para Recepcionista Caixa com Sal\u00e1rio:\u00a0R$ 1.518,00 &#8211; N\u00c3O PRECISA DE EXPERI\u00caNCIA","author":"ismaelcolosi.com.br","date":"28 de July de 2025","format":false,"excerpt":"Oportunidade de Primeiro Emprego: Recepcionista Caixa para Estacionamento Introdu\u00e7\u00e3o Se voc\u00ea est\u00e1 em busca do seu primeiro emprego, temos uma excelente oportunidade para voc\u00ea! Um estacionamento localizado no Centro est\u00e1 contratando Recepcionista Caixa, ideal para jovens que desejam ingressar no mercado de trabalho. Dica de Ismael Colosi Ismael Colosi, especialista\u2026","rel":"","context":"In &quot;Entrevistas agendadas para hoje em Ribeir\u00e3o Preto-SP&quot;","block_context":{"text":"Entrevistas agendadas para hoje em Ribeir\u00e3o Preto-SP","link":"https:\/\/ismaelcolosi.com.br\/index.php\/category\/empregos-classificados-vagas-trabalho\/vagas-de-empregos-em-ribeirao-preto-regiao-brasil\/entrevistas-agendadas-para-hoje-em-ribeirao-preto-sp\/"},"img":{"alt_text":"","src":"https:\/\/i0.wp.com\/ismaelcolosi.com.br\/wp-content\/uploads\/2024\/11\/vagas-de-emprego-recepcionista.png?fit=922%2C504&ssl=1&resize=350%2C200","width":350,"height":200,"srcset":"https:\/\/i0.wp.com\/ismaelcolosi.com.br\/wp-content\/uploads\/2024\/11\/vagas-de-emprego-recepcionista.png?fit=922%2C504&ssl=1&resize=350%2C200 1x, https:\/\/i0.wp.com\/ismaelcolosi.com.br\/wp-content\/uploads\/2024\/11\/vagas-de-emprego-recepcionista.png?fit=922%2C504&ssl=1&resize=525%2C300 1.5x, https:\/\/i0.wp.com\/ismaelcolosi.com.br\/wp-content\/uploads\/2024\/11\/vagas-de-emprego-recepcionista.png?fit=922%2C504&ssl=1&resize=700%2C400 2x"},"classes":[]},{"id":84971,"url":"https:\/\/ismaelcolosi.com.br\/index.php\/2025\/04\/29\/urgente-vagas-de-emprego-na-agrishow-2025-com-inicio-imediato-pode-ser-extra-freelance-tambem\/","url_meta":{"origin":76428,"position":4},"title":"\ud83d\udea8 URGENTE! Vagas de EMPREGO na Agrishow 2025 com in\u00edcio imediato &#8211; Pode ser Extra\/Freelance tamb\u00e9m","author":"ismaelcolosi.com.br","date":"29 de April de 2025","format":false,"excerpt":"O auxiliar de limpeza \u00e9 o profissional respons\u00e1vel por manter a organiza\u00e7\u00e3o e a higiene dos ambientes, garantindo que os espa\u00e7os estejam sempre limpos, agrad\u00e1veis e seguros para todos. Durante a Agrishow, esse profissional ir\u00e1 atuar em \u00e1reas de grande circula\u00e7\u00e3o, como estandes, banheiros e corredores, realizando atividades como varri\u00e7\u00e3o,\u2026","rel":"","context":"In &quot;Vagas de Emprego em Ribeir\u00e3o Preto-SP&quot;","block_context":{"text":"Vagas de Emprego em Ribeir\u00e3o Preto-SP","link":"https:\/\/ismaelcolosi.com.br\/index.php\/category\/empregos-classificados-vagas-trabalho\/vagas-de-empregos-em-ribeirao-preto-regiao-brasil\/"},"img":{"alt_text":"","src":"https:\/\/i0.wp.com\/ismaelcolosi.com.br\/wp-content\/uploads\/2024\/04\/agrishow_1024x576_01122020133641.jpg?fit=1024%2C576&ssl=1&resize=350%2C200","width":350,"height":200,"srcset":"https:\/\/i0.wp.com\/ismaelcolosi.com.br\/wp-content\/uploads\/2024\/04\/agrishow_1024x576_01122020133641.jpg?fit=1024%2C576&ssl=1&resize=350%2C200 1x, https:\/\/i0.wp.com\/ismaelcolosi.com.br\/wp-content\/uploads\/2024\/04\/agrishow_1024x576_01122020133641.jpg?fit=1024%2C576&ssl=1&resize=525%2C300 1.5x, https:\/\/i0.wp.com\/ismaelcolosi.com.br\/wp-content\/uploads\/2024\/04\/agrishow_1024x576_01122020133641.jpg?fit=1024%2C576&ssl=1&resize=700%2C400 2x"},"classes":[]},{"id":83563,"url":"https:\/\/ismaelcolosi.com.br\/index.php\/2025\/03\/06\/entrevista-dia-8-3-para-consultor-de-locacao-auxiliar-escritorio-para-corretora-de-seguros-com-salario-inicial-r2-300-com-salario-inicial-r1-600-e-auxiliar-administrativo-financeiro-com-salario-i\/","url_meta":{"origin":76428,"position":5},"title":"Entrevista dia 8\/3 para CONSULTOR DE LOCA\u00c7\u00c3O (R$1.600), AUXILIAR ADMINISTRATIVO FINANCEIRO (R$1.800) e AUXILIAR ESCRIT\u00d3RIO PARA CORRETORA DE SEGUROS (R$2.300)","author":"ismaelcolosi.com.br","date":"6 de March de 2025","format":false,"excerpt":"Em um mercado de trabalho cada vez mais din\u00e2mico e competitivo, novas oportunidades surgem a todo momento, e para quem est\u00e1 em busca de um novo desafio, o momento \u00e9 agora. Para quem reside em Ribeir\u00e3o Preto e Bonfim Paulista, chegou a hora de dar um passo importante na carreira.\u2026","rel":"","context":"In &quot;Blog&quot;","block_context":{"text":"Blog","link":"https:\/\/ismaelcolosi.com.br\/index.php\/category\/blog\/"},"img":{"alt_text":"","src":"https:\/\/i0.wp.com\/ismaelcolosi.com.br\/wp-content\/uploads\/2025\/03\/N25C325A3o-Me-Toque-oferece-Curso-de-Auxiliar-Administrativo-1.jpg?fit=687%2C370&ssl=1&resize=350%2C200","width":350,"height":200,"srcset":"https:\/\/i0.wp.com\/ismaelcolosi.com.br\/wp-content\/uploads\/2025\/03\/N25C325A3o-Me-Toque-oferece-Curso-de-Auxiliar-Administrativo-1.jpg?fit=687%2C370&ssl=1&resize=350%2C200 1x, https:\/\/i0.wp.com\/ismaelcolosi.com.br\/wp-content\/uploads\/2025\/03\/N25C325A3o-Me-Toque-oferece-Curso-de-Auxiliar-Administrativo-1.jpg?fit=687%2C370&ssl=1&resize=525%2C300 1.5x"},"classes":[]}],"jetpack_sharing_enabled":true,"jetpack_shortlink":"https:\/\/wp.me\/pfMlyK-jSI","_links":{"self":[{"href":"https:\/\/ismaelcolosi.com.br\/index.php\/wp-json\/wp\/v2\/posts\/76428","targetHints":{"allow":["GET"]}}],"collection":[{"href":"https:\/\/ismaelcolosi.com.br\/index.php\/wp-json\/wp\/v2\/posts"}],"about":[{"href":"https:\/\/ismaelcolosi.com.br\/index.php\/wp-json\/wp\/v2\/types\/post"}],"author":[{"embeddable":true,"href":"https:\/\/ismaelcolosi.com.br\/index.php\/wp-json\/wp\/v2\/users\/1"}],"replies":[{"embeddable":true,"href":"https:\/\/ismaelcolosi.com.br\/index.php\/wp-json\/wp\/v2\/comments?post=76428"}],"version-history":[{"count":0,"href":"https:\/\/ismaelcolosi.com.br\/index.php\/wp-json\/wp\/v2\/posts\/76428\/revisions"}],"wp:featuredmedia":[{"embeddable":true,"href":"https:\/\/ismaelcolosi.com.br\/index.php\/wp-json\/wp\/v2\/media\/76429"}],"wp:attachment":[{"href":"https:\/\/ismaelcolosi.com.br\/index.php\/wp-json\/wp\/v2\/media?parent=76428"}],"wp:term":[{"taxonomy":"category","embeddable":true,"href":"https:\/\/ismaelcolosi.com.br\/index.php\/wp-json\/wp\/v2\/categories?post=76428"},{"taxonomy":"post_tag","embeddable":true,"href":"https:\/\/ismaelcolosi.com.br\/index.php\/wp-json\/wp\/v2\/tags?post=76428"}],"curies":[{"name":"wp","href":"https:\/\/api.w.org\/{rel}","templated":true}]}}