{"id":76385,"date":"2024-11-12T18:19:08","date_gmt":"2024-11-12T21:19:08","guid":{"rendered":"https:\/\/ismaelcolosi.com.br\/index.php\/2024\/11\/12\/regiao-leva-379-mil-alunos-ao-saresp\/"},"modified":"2024-11-12T18:19:08","modified_gmt":"2024-11-12T21:19:08","slug":"regiao-leva-379-mil-alunos-ao-saresp","status":"publish","type":"post","link":"https:\/\/ismaelcolosi.com.br\/index.php\/2024\/11\/12\/regiao-leva-379-mil-alunos-ao-saresp\/","title":{"rendered":"Regi\u00e3o leva 37,9 mil alunos ao Saresp\u00a0"},"content":{"rendered":"<p> <br \/>\n<\/p>\n<div id=\"\">\n<h2 class=\"penci-post-subtitle\">Edi\u00e7\u00e3o deste ano traz novidades na bonifica\u00e7\u00e3o para escolas que alcan\u00e7arem as metas; para 9\u00ba ano, alunos com bons resultados ser\u00e3o pr\u00e9-selecionados para programa de interc\u00e2mbio<\/h2>\n<p>\n\t\t\t\t\t\t\t\t\t<span class=\"entry-meta-item penci-posted-on\"><i class=\"fa fa-clock-o\"\/><time class=\"entry-date published\" datetime=\"2024-11-12T18:00:07-03:00\">12 de novembro de 2024<\/time><time class=\"updated\" datetime=\"2024-11-12T09:10:46-03:00\">12 de novembro de 2024<\/time><\/span><span class=\"entry-meta-item penci-post-countview\"><span class=\"entry-meta-item penci-post-countview penci_post-meta_item\"><i class=\"fa fa-eye\"\/><span class=\"penci-post-countview-number penci-post-countview-p409519\">12<\/span><\/span><\/span>\t\t\t\t\t\t\t\t<\/p>\n<p><!-- .entry-meta --><br \/>\n\t\t\t\t\t\t\t\t<span class=\"penci-social-buttons penci-social-share-footer\"><span class=\"penci-social-share-text\">Compartilhar<\/span><a href=\"#\" class=\"penci-post-like penci_post-meta_item  single-like-button penci-social-item like\" data-post_id=\"409519\" title=\"Like\" data-like=\"Like\" data-unlike=\"Unlike\"><i class=\"fa fa-thumbs-o-up\"\/><span class=\"penci-share-number\">0<\/span><\/a><a class=\"penci-social-item facebook\" target=\"_blank\" rel=\"noopener\" title=\"\" href=\"https:\/\/www.facebook.com\/sharer\/sharer.php?u=https%3A%2F%2Fwww.tribunaribeirao.com.br%2Fsp-aplica-provas-ao-ensino-fundamental-a-partir-desta-quarta-13%2F\"><i class=\"fa fa-facebook\"\/><\/a><a class=\"penci-social-item twitter\" target=\"_blank\" rel=\"noopener\" title=\"\" href=\"https:\/\/twitter.com\/intent\/tweet?text=Regi\u00e3o%20leva%2037,9%20mil%20alunos%20ao%20Saresp\u00a0%20-%20https:\/\/www.tribunaribeirao.com.br\/sp-aplica-provas-ao-ensino-fundamental-a-partir-desta-quarta-13\/\"><i class=\"fa fa-twitter\"\/><\/a><a class=\"penci-social-item linkedin\" target=\"_blank\" rel=\"noopener\" title=\"\" href=\"https:\/\/www.linkedin.com\/shareArticle?mini=true&amp;url=https%3A%2F%2Fwww.tribunaribeirao.com.br%2Fsp-aplica-provas-ao-ensino-fundamental-a-partir-desta-quarta-13%2F&amp;title=Regi%C3%A3o%20leva%2037%2C9%20mil%20alunos%20ao%20Saresp%C2%A0\"><i class=\"fa fa-linkedin\"\/><\/a><a class=\"penci-social-item whatsapp\" rel=\"noopener\" data-text=\"Regi\u00e3o leva 37,9 mil alunos ao Saresp\u00a0\" data-link=\"https:\/\/www.tribunaribeirao.com.br\/sp-aplica-provas-ao-ensino-fundamental-a-partir-desta-quarta-13\/\" href=\"#\"><i class=\"fa fa-whatsapp\"\/><\/a><a class=\"penci-social-item telegram\" target=\"_blank\" rel=\"noopener\" title=\"\" href=\"https:\/\/telegram.me\/share\/url?url=https%3A%2F%2Fwww.tribunaribeirao.com.br%2Fsp-aplica-provas-ao-ensino-fundamental-a-partir-desta-quarta-13%2F&amp;text=Regi%C3%A3o%20leva%2037%2C9%20mil%20alunos%20ao%20Saresp%C2%A0\"><i class=\"fa fa-telegram\"\/><\/a><a class=\"penci-social-item email\" target=\"_blank\" rel=\"noopener\" href=\"http:\/\/www.tribunaribeirao.com.br\/cdn-cgi\/l\/email-protection#cdf2beb8afa7a8aeb9f09fa8aaa40e6ea2e8fffda1a8bbace8fffdfefae1f4e8fffda0a4a1e8fffdaca1b8a3a2bee8fffdaca2e8fffd9eacbfa8bebd0f6debeefdfef5f68f828994f0a5b9b9bdbef7e2e2bababae3b9bfa4afb8a3acbfa4afa8a4bfaca2e3aea2a0e3afbfe2bebde0acbda1a4aeace0bdbfa2bbacbee0aca2e0a8a3bea4a3a2e0abb8a3a9aca0a8a3b9aca1e0ace0bdacbfb9a4bfe0a9a8beb9ace0bcb8acbfb9ace0fcfee2\"><i class=\"fa fa-envelope\"\/><\/a><\/span>\t\t\t\t\t\t\t<\/div>\n<div>\n<p><span data-contrast=\"auto\">A Secretaria da Educa\u00e7\u00e3o do Estado de S\u00e3o Paulo (Seduc-SP) aplicar\u00e1, a partir desta quarta-feira, 13 de novembro, as provas da edi\u00e7\u00e3o 2024 do Sistema de Avalia\u00e7\u00e3o de Rendimento Escolar do Estado de S\u00e3o Paulo, o Saresp. Participam do exame 1,5 milh\u00e3o de estudantes de classes dos 2\u00ba e 5\u00ba (anos iniciais) e do 6\u00ba ao 9\u00ba (anos finais) do Ensino Fundamental matriculados na rede estadual, al\u00e9m das municipais e particulares que manifestaram interesse e ades\u00e3o pr\u00e9vios. <\/span><\/p>\n<p><span data-contrast=\"auto\">Na regi\u00e3o de Ribeir\u00e3o Preto, 37,9 mil estudantes est\u00e3o matriculados na rede estadual de ensino nas turmas que prestam o Saresp. Para os anos iniciais, o foco \u00e9 a avalia\u00e7\u00e3o dos conte\u00fados de l\u00edngua portuguesa e matem\u00e1tica. Para os anos finais, desde o ano passado, o exame \u00e9 mais abrangente e inclui as quatro \u00e1reas do conhecimento previstas no curr\u00edculo paulista (linguagens, matem\u00e1tica, ci\u00eancias da natureza e ci\u00eancias humanas). <\/span><\/p>\n<p><span data-contrast=\"auto\">H\u00e1 diferen\u00e7as tamb\u00e9m no formato de acordo com a etapa. Para alunos dos 2\u00ba e 5\u00ba anos, os estudantes respondem a quest\u00f5es em provas impressas. Para as classes do 6\u00ba ao 9\u00ba ano, o formato \u00e9 100% digital \u2013 em desktop, notebook e tablet. A dura\u00e7\u00e3o dos exames \u00e9 de 3h30 (tr\u00eas horas e meia) e o hor\u00e1rio de aplica\u00e7\u00e3o \u00e9 o mesmo em que o aluno est\u00e1 matriculado.<\/span><\/p>\n<p><span data-contrast=\"auto\">A novidade deste ano \u00e9 a Prova Ouro. Al\u00e9m da bonifica\u00e7\u00e3o a professores e equipe gestora, as unidades que atingirem as metas ouro e diamante v\u00e3o receber uma premia\u00e7\u00e3o. O valor varia de acordo com o n\u00famero de alunos matriculados por unidade e o status da meta.<\/span><\/p>\n<p><span data-contrast=\"auto\">Ouro s\u00e3o R$ 50 por aluno e diamante s\u00e3o R$ 100 por aluno, com valores que ser\u00e3o destinados aos gr\u00eamios estudantis. Os estudantes com notas igual ou superior a oito tamb\u00e9m ser\u00e3o reconhecidos com certificados por m\u00e9rito. Para estudantes do 9\u00ba ano, o Saresp tamb\u00e9m \u00e9 fase seletiva do programa de interc\u00e2mbio Prontos pro Mundo. <\/span><\/p>\n<p><span data-contrast=\"auto\">A partir do resultado na avalia\u00e7\u00e3o, os alunos ser\u00e3o selecionados para o curso intensivo de ingl\u00eas online e preparat\u00f3rio para a prova que definir\u00e1 os 1.000 intercambistas que viajar\u00e3o em 2026. Durante o per\u00edodo fora do Brasil, os estudantes ser\u00e3o matriculados em escolas de Ensino M\u00e9dio (high school) em pa\u00edses de l\u00edngua inglesa e ficar\u00e3o hospedados em casas de fam\u00edlia.<\/span><\/p>\n<p><span data-ccp-props=\"{}\">\u00a0<\/span><strong>Calend\u00e1rio Saresp 2024:<\/strong><\/p>\n<figure class=\"wp-block-image size-full\"><img data-recalc-dims=\"1\" loading=\"lazy\" decoding=\"async\" class=\"wp-image-29494 lazyload\" src=\"https:\/\/i0.wp.com\/www.agenciasp.sp.gov.br\/wp-content\/uploads\/2024\/11\/calendariosaresp2024.jpg?resize=584%2C571&#038;ssl=1\" data-sizes=\"(max-width: 584px) 100vw, 584px\" srcset=\"https:\/\/www.agenciasp.sp.gov.br\/wp-content\/uploads\/2024\/11\/calendariosaresp2024.jpg 584w, https:\/\/www.agenciasp.sp.gov.br\/wp-content\/uploads\/2024\/11\/calendariosaresp2024-300x293.jpg 300w\" alt=\"\" width=\"584\" height=\"571\" style=\"--smush-placeholder-width: 584px; --smush-placeholder-aspect-ratio: 584\/571;\"\/><img data-recalc-dims=\"1\" loading=\"lazy\" decoding=\"async\" class=\"wp-image-29494\" src=\"https:\/\/i0.wp.com\/www.agenciasp.sp.gov.br\/wp-content\/uploads\/2024\/11\/calendariosaresp2024.jpg?resize=584%2C571&#038;ssl=1\" sizes=\"auto, (max-width: 584px) 100vw, 584px\" srcset=\"https:\/\/www.agenciasp.sp.gov.br\/wp-content\/uploads\/2024\/11\/calendariosaresp2024.jpg 584w, https:\/\/www.agenciasp.sp.gov.br\/wp-content\/uploads\/2024\/11\/calendariosaresp2024-300x293.jpg 300w\" alt=\"\" width=\"584\" height=\"571\"\/><\/figure>\n<\/div>\n<p><script async src=\"\/\/platform.twitter.com\/widgets.js\" charset=\"utf-8\"><\/script><br \/>\n<br \/><br \/>\n<br \/><a href=\"https:\/\/www.tribunaribeirao.com.br\/sp-aplica-provas-ao-ensino-fundamental-a-partir-desta-quarta-13\/\">Source link <\/a><\/p>\n<div class='code-block code-block-4' style='margin: 8px auto 8px 0; text-align: left; display: block; clear: both;'>\n\ud83d\udce2 Aviso Legal\n\nO site ismaelcolosi.com.br atua apenas como um canal de divulga\u00e7\u00e3o de oportunidades de emprego e n\u00e3o se responsabiliza pelo processo seletivo, contrata\u00e7\u00e3o ou qualquer outra etapa relacionada \u00e0s vagas publicadas. Todas as informa\u00e7\u00f5es s\u00e3o de responsabilidade dos anunciantes.\n\n\u26a0\ufe0f Aten\u00e7\u00e3o! Nunca pague por promessas de emprego nem compre cursos que garantam contrata\u00e7\u00e3o. Desconfie de qualquer cobran\u00e7a para participar de sele\u00e7\u00f5es.\n\n\n\n<\/div>\n<!-- CONTENT END 1 -->\n","protected":false},"excerpt":{"rendered":"<p>Edi\u00e7\u00e3o deste ano traz novidades na bonifica\u00e7\u00e3o para escolas que alcan\u00e7arem as metas; para 9\u00ba ano, alunos com bons resultados ser\u00e3o pr\u00e9-selecionados para programa de&#8230;<\/p>\n","protected":false},"author":1,"featured_media":76386,"comment_status":"open","ping_status":"open","sticky":false,"template":"","format":"standard","meta":{"_uag_custom_page_level_css":"","advanced_seo_description":"","jetpack_seo_html_title":"","jetpack_seo_noindex":false,"jetpack_post_was_ever_published":false,"_jetpack_newsletter_access":"","_jetpack_dont_email_post_to_subs":false,"_jetpack_newsletter_tier_id":0,"_jetpack_memberships_contains_paywalled_content":false,"_jetpack_memberships_contains_paid_content":false,"footnotes":"","jetpack_publicize_message":"","jetpack_publicize_feature_enabled":true,"jetpack_social_post_already_shared":true,"jetpack_social_options":{"image_generator_settings":{"template":"highway","default_image_id":0,"font":"","enabled":false},"version":2}},"categories":[11],"tags":[],"class_list":["post-76385","post","type-post","status-publish","format-standard","has-post-thumbnail","hentry","category-noticias-de-ribeirao-preto-sp-e-regiao-ismael-colosi"],"jetpack_publicize_connections":[],"jetpack_featured_media_url":"https:\/\/i0.wp.com\/ismaelcolosi.com.br\/wp-content\/uploads\/2024\/11\/Saresp-Mastrangelo-Reino-A2IMG-scaled.jpg?fit=750%2C500&ssl=1","uagb_featured_image_src":{"full":["https:\/\/i0.wp.com\/ismaelcolosi.com.br\/wp-content\/uploads\/2024\/11\/Saresp-Mastrangelo-Reino-A2IMG-scaled.jpg?fit=750%2C500&ssl=1",750,500,false],"thumbnail":["https:\/\/i0.wp.com\/ismaelcolosi.com.br\/wp-content\/uploads\/2024\/11\/Saresp-Mastrangelo-Reino-A2IMG-scaled.jpg?resize=150%2C150&ssl=1",150,150,true],"medium":["https:\/\/i0.wp.com\/ismaelcolosi.com.br\/wp-content\/uploads\/2024\/11\/Saresp-Mastrangelo-Reino-A2IMG-scaled.jpg?fit=300%2C200&ssl=1",300,200,true],"medium_large":["https:\/\/i0.wp.com\/ismaelcolosi.com.br\/wp-content\/uploads\/2024\/11\/Saresp-Mastrangelo-Reino-A2IMG-scaled.jpg?fit=750%2C500&ssl=1",750,500,true],"large":["https:\/\/i0.wp.com\/ismaelcolosi.com.br\/wp-content\/uploads\/2024\/11\/Saresp-Mastrangelo-Reino-A2IMG-scaled.jpg?fit=750%2C500&ssl=1",750,500,true],"1536x1536":["https:\/\/i0.wp.com\/ismaelcolosi.com.br\/wp-content\/uploads\/2024\/11\/Saresp-Mastrangelo-Reino-A2IMG-scaled.jpg?fit=750%2C500&ssl=1",750,500,true],"2048x2048":["https:\/\/i0.wp.com\/ismaelcolosi.com.br\/wp-content\/uploads\/2024\/11\/Saresp-Mastrangelo-Reino-A2IMG-scaled.jpg?fit=750%2C500&ssl=1",750,500,true],"really-simple-thumb":["https:\/\/i0.wp.com\/ismaelcolosi.com.br\/wp-content\/uploads\/2024\/11\/Saresp-Mastrangelo-Reino-A2IMG-scaled.jpg?resize=370%2C247&ssl=1",370,247,true]},"uagb_author_info":{"display_name":"ismaelcolosi.com.br","author_link":"https:\/\/ismaelcolosi.com.br\/index.php\/author\/vidareal-online\/"},"uagb_comment_info":0,"uagb_excerpt":"Edi\u00e7\u00e3o deste ano traz novidades na bonifica\u00e7\u00e3o para escolas que alcan\u00e7arem as metas; para 9\u00ba ano, alunos com bons resultados ser\u00e3o pr\u00e9-selecionados para programa de...","jetpack-related-posts":[{"id":6077,"url":"https:\/\/ismaelcolosi.com.br\/index.php\/2023\/11\/24\/estado-abrira-ano-letivo-no-dia-15-de-fevereiro\/","url_meta":{"origin":76385,"position":0},"title":"Estado abrir\u00e1 ano letivo no dia 15 de fevereiro\u00a0","author":"ismaelcolosi.com.br","date":"24 de November de 2023","format":false,"excerpt":"24 de novembro de 2023 | 18:0024 de novembro de 2023 | 10:20 0A Secretaria da Educa\u00e7\u00e3o do Estado de S\u00e3o Paulo (Seduc\u2013SP) j\u00e1 definiu o calend\u00e1rio letivo de 2024. No pr\u00f3ximo ano, as aulas na rede estadual ter\u00e3o in\u00edcio no dia 15 de fevereiro. O t\u00e9rmino est\u00e1 previsto para\u2026","rel":"","context":"In &quot;Not\u00edcias de Ribeir\u00e3o Preto-SP e Regi\u00e3o&quot;","block_context":{"text":"Not\u00edcias de Ribeir\u00e3o Preto-SP e Regi\u00e3o","link":"https:\/\/ismaelcolosi.com.br\/index.php\/category\/noticias-de-ribeirao-preto-sp-e-regiao-ismael-colosi\/"},"img":{"alt_text":"","src":"https:\/\/i0.wp.com\/ismaelcolosi.com.br\/wp-content\/uploads\/2023\/11\/escola.jpg?fit=700%2C450&ssl=1&resize=350%2C200","width":350,"height":200,"srcset":"https:\/\/i0.wp.com\/ismaelcolosi.com.br\/wp-content\/uploads\/2023\/11\/escola.jpg?fit=700%2C450&ssl=1&resize=350%2C200 1x, https:\/\/i0.wp.com\/ismaelcolosi.com.br\/wp-content\/uploads\/2023\/11\/escola.jpg?fit=700%2C450&ssl=1&resize=525%2C300 1.5x, https:\/\/i0.wp.com\/ismaelcolosi.com.br\/wp-content\/uploads\/2023\/11\/escola.jpg?fit=700%2C450&ssl=1&resize=700%2C400 2x"},"classes":[]},{"id":10918,"url":"https:\/\/ismaelcolosi.com.br\/index.php\/2023\/12\/05\/regiao-tera-147-mil-alunos-no-saresp\/","url_meta":{"origin":76385,"position":1},"title":"Regi\u00e3o ter\u00e1 14,7 mil\u00a0alunos no Saresp\u00a0","author":"ismaelcolosi.com.br","date":"5 de December de 2023","format":false,"excerpt":"5 de dezembro de 2023 | 10:005 de dezembro de 2023 | 9:22 0A Secretaria Estadual da Educa\u00e7\u00e3o (Seduc-SP) aplica nesta ter\u00e7a-feira, 5 de dezembro, a edi\u00e7\u00e3o 2023 do Sistema de Avalia\u00e7\u00e3o de Rendimento Escolar do Estado de S\u00e3o Paulo (Saresp). A expectativa \u00e9 que 14,7 mil estudantes dos 2\u00ba,\u2026","rel":"","context":"In &quot;Not\u00edcias de Ribeir\u00e3o Preto-SP e Regi\u00e3o&quot;","block_context":{"text":"Not\u00edcias de Ribeir\u00e3o Preto-SP e Regi\u00e3o","link":"https:\/\/ismaelcolosi.com.br\/index.php\/category\/noticias-de-ribeirao-preto-sp-e-regiao-ismael-colosi\/"},"img":{"alt_text":"","src":"https:\/\/i0.wp.com\/ismaelcolosi.com.br\/wp-content\/uploads\/2023\/12\/Saresp-Mastrangelo-Reino-A2IMG-1-scaled.jpg?fit=967%2C645&ssl=1&resize=350%2C200","width":350,"height":200,"srcset":"https:\/\/i0.wp.com\/ismaelcolosi.com.br\/wp-content\/uploads\/2023\/12\/Saresp-Mastrangelo-Reino-A2IMG-1-scaled.jpg?fit=967%2C645&ssl=1&resize=350%2C200 1x, https:\/\/i0.wp.com\/ismaelcolosi.com.br\/wp-content\/uploads\/2023\/12\/Saresp-Mastrangelo-Reino-A2IMG-1-scaled.jpg?fit=967%2C645&ssl=1&resize=525%2C300 1.5x, https:\/\/i0.wp.com\/ismaelcolosi.com.br\/wp-content\/uploads\/2023\/12\/Saresp-Mastrangelo-Reino-A2IMG-1-scaled.jpg?fit=967%2C645&ssl=1&resize=700%2C400 2x"},"classes":[]},{"id":77938,"url":"https:\/\/ismaelcolosi.com.br\/index.php\/2024\/11\/29\/ano-letivo-comeca-em-5-de-fevereiro\/","url_meta":{"origin":76385,"position":2},"title":"Ano letivo come\u00e7a em 5 de fevereiro\u00a0","author":"ismaelcolosi.com.br","date":"29 de November de 2024","format":false,"excerpt":"Aulas ter\u00e1 in\u00edcio no dia 5 de fevereiro do ano que vem e terminar\u00e3o em 19 de dezembro; carga hor\u00e1ria ser\u00e1 de 800 horas, no m\u00ednimo\u00a0 29 de novembro de 202429 de novembro de 202411 Compartilhar0 O ano letivo na rede municipal de ensino de Ribeir\u00e3o Preto ter\u00e1 in\u00edcio em\u2026","rel":"","context":"In &quot;Not\u00edcias de Ribeir\u00e3o Preto-SP e Regi\u00e3o&quot;","block_context":{"text":"Not\u00edcias de Ribeir\u00e3o Preto-SP e Regi\u00e3o","link":"https:\/\/ismaelcolosi.com.br\/index.php\/category\/noticias-de-ribeirao-preto-sp-e-regiao-ismael-colosi\/"},"img":{"alt_text":"","src":"https:\/\/i0.wp.com\/ismaelcolosi.com.br\/wp-content\/uploads\/2024\/11\/AulaRP-Guilherme-Sircili-1-scaled.jpg?fit=750%2C500&ssl=1&resize=350%2C200","width":350,"height":200,"srcset":"https:\/\/i0.wp.com\/ismaelcolosi.com.br\/wp-content\/uploads\/2024\/11\/AulaRP-Guilherme-Sircili-1-scaled.jpg?fit=750%2C500&ssl=1&resize=350%2C200 1x, https:\/\/i0.wp.com\/ismaelcolosi.com.br\/wp-content\/uploads\/2024\/11\/AulaRP-Guilherme-Sircili-1-scaled.jpg?fit=750%2C500&ssl=1&resize=525%2C300 1.5x, https:\/\/i0.wp.com\/ismaelcolosi.com.br\/wp-content\/uploads\/2024\/11\/AulaRP-Guilherme-Sircili-1-scaled.jpg?fit=750%2C500&ssl=1&resize=700%2C400 2x"},"classes":[]},{"id":76822,"url":"https:\/\/ismaelcolosi.com.br\/index.php\/2024\/11\/18\/alunos-da-instituicao-aparecido-savegnago-apresentam-concerto-pedagogico-e-6o-festival-de-danca-em-sertaozinho\/","url_meta":{"origin":76385,"position":3},"title":"Alunos da Institui\u00e7\u00e3o Aparecido Savegnago apresentam Concerto Pedag\u00f3gico e 6\u00ba Festival de Dan\u00e7a em Sert\u00e3ozinho","author":"ismaelcolosi.com.br","date":"18 de November de 2024","format":false,"excerpt":"Alunas e alunos da Institui\u00e7\u00e3o Aparecido Savegnago preparam duas apresenta\u00e7\u00f5es para o p\u00fablico neste final de ano em Sert\u00e3ozinho. O 6\u00ba Festival de Dan\u00e7a, com o espet\u00e1culo \u201cA Bela e a Fera\u201d, ser\u00e1 realizado no dia 21 de novembro. J\u00e1 o Concerto Pedag\u00f3gico com a participa\u00e7\u00e3o das classes de metais,\u2026","rel":"","context":"In &quot;Not\u00edcias de Ribeir\u00e3o Preto-SP e Regi\u00e3o&quot;","block_context":{"text":"Not\u00edcias de Ribeir\u00e3o Preto-SP e Regi\u00e3o","link":"https:\/\/ismaelcolosi.com.br\/index.php\/category\/noticias-de-ribeirao-preto-sp-e-regiao-ismael-colosi\/"},"img":{"alt_text":"","src":"https:\/\/i0.wp.com\/ismaelcolosi.com.br\/wp-content\/uploads\/2024\/11\/handler-10.jpg?fit=750%2C500&ssl=1&resize=350%2C200","width":350,"height":200,"srcset":"https:\/\/i0.wp.com\/ismaelcolosi.com.br\/wp-content\/uploads\/2024\/11\/handler-10.jpg?fit=750%2C500&ssl=1&resize=350%2C200 1x, https:\/\/i0.wp.com\/ismaelcolosi.com.br\/wp-content\/uploads\/2024\/11\/handler-10.jpg?fit=750%2C500&ssl=1&resize=525%2C300 1.5x, https:\/\/i0.wp.com\/ismaelcolosi.com.br\/wp-content\/uploads\/2024\/11\/handler-10.jpg?fit=750%2C500&ssl=1&resize=700%2C400 2x"},"classes":[]},{"id":33703,"url":"https:\/\/ismaelcolosi.com.br\/index.php\/2024\/01\/30\/rp-tem-57-de-alunos-leitores-no-segundo-ano-do-fundamental\/","url_meta":{"origin":76385,"position":4},"title":"RP tem 57% de alunos leitores no segundo ano do fundamental","author":"ismaelcolosi.com.br","date":"30 de January de 2024","format":false,"excerpt":"30 de janeiro de 2024 | 14:3030 de janeiro de 2024 | 10:21 0Segundo a Secretaria da Educa\u00e7\u00e3o de Ribeir\u00e3o Preto, os dados da Avalia\u00e7\u00e3o de Flu\u00eancia Leitora, promovida pelo governo de S\u00e3o Paulo e a Funda\u00e7\u00e3o Centro de Pol\u00edticas P\u00fablicas e Avalia\u00e7\u00e3o da Educa\u00e7\u00e3o (Caed), da Universidade Federal de\u2026","rel":"","context":"In &quot;Not\u00edcias de Ribeir\u00e3o Preto-SP e Regi\u00e3o&quot;","block_context":{"text":"Not\u00edcias de Ribeir\u00e3o Preto-SP e Regi\u00e3o","link":"https:\/\/ismaelcolosi.com.br\/index.php\/category\/noticias-de-ribeirao-preto-sp-e-regiao-ismael-colosi\/"},"img":{"alt_text":"","src":"https:\/\/i0.wp.com\/ismaelcolosi.com.br\/wp-content\/uploads\/2024\/01\/LeitorRP-Guilherme-Sircili-scaled.jpg?fit=968%2C645&ssl=1&resize=350%2C200","width":350,"height":200,"srcset":"https:\/\/i0.wp.com\/ismaelcolosi.com.br\/wp-content\/uploads\/2024\/01\/LeitorRP-Guilherme-Sircili-scaled.jpg?fit=968%2C645&ssl=1&resize=350%2C200 1x, https:\/\/i0.wp.com\/ismaelcolosi.com.br\/wp-content\/uploads\/2024\/01\/LeitorRP-Guilherme-Sircili-scaled.jpg?fit=968%2C645&ssl=1&resize=525%2C300 1.5x, https:\/\/i0.wp.com\/ismaelcolosi.com.br\/wp-content\/uploads\/2024\/01\/LeitorRP-Guilherme-Sircili-scaled.jpg?fit=968%2C645&ssl=1&resize=700%2C400 2x"},"classes":[]},{"id":76169,"url":"https:\/\/ismaelcolosi.com.br\/index.php\/2024\/11\/11\/professores-recorrem-ao-mp-contra-desativacao-do-eja\/","url_meta":{"origin":76385,"position":5},"title":"Professores recorrem ao MP contra desativa\u00e7\u00e3o do EJA","author":"ismaelcolosi.com.br","date":"11 de November de 2024","format":false,"excerpt":"Professores da Escola Municipal de Ensino Fundamental (Emef) Neuza Michelutti Marzola, localizada na Vila Virg\u00ednia, zona Oeste de Ribeir\u00e3o Preto, recorreram ao Grupo Especial de Atua\u00e7\u00e3o da Educa\u00e7\u00e3o (Geduc) do Minist\u00e9rio P\u00fablico do Estado de S\u00e3o Pulo (MP\/SP) contra a desativa\u00e7\u00e3o da Educa\u00e7\u00e3o de Jovens e Adultos (EJA) do fundamental\u2026","rel":"","context":"In &quot;Not\u00edcias de Ribeir\u00e3o Preto-SP e Regi\u00e3o&quot;","block_context":{"text":"Not\u00edcias de Ribeir\u00e3o Preto-SP e Regi\u00e3o","link":"https:\/\/ismaelcolosi.com.br\/index.php\/category\/noticias-de-ribeirao-preto-sp-e-regiao-ismael-colosi\/"},"img":{"alt_text":"","src":"https:\/\/i0.wp.com\/ismaelcolosi.com.br\/wp-content\/uploads\/2024\/11\/31ad0928-eb7e-4729-8369-d67ef5353b91.jpeg?fit=700%2C480&ssl=1&resize=350%2C200","width":350,"height":200,"srcset":"https:\/\/i0.wp.com\/ismaelcolosi.com.br\/wp-content\/uploads\/2024\/11\/31ad0928-eb7e-4729-8369-d67ef5353b91.jpeg?fit=700%2C480&ssl=1&resize=350%2C200 1x, https:\/\/i0.wp.com\/ismaelcolosi.com.br\/wp-content\/uploads\/2024\/11\/31ad0928-eb7e-4729-8369-d67ef5353b91.jpeg?fit=700%2C480&ssl=1&resize=525%2C300 1.5x, https:\/\/i0.wp.com\/ismaelcolosi.com.br\/wp-content\/uploads\/2024\/11\/31ad0928-eb7e-4729-8369-d67ef5353b91.jpeg?fit=700%2C480&ssl=1&resize=700%2C400 2x"},"classes":[]}],"jetpack_sharing_enabled":true,"jetpack_shortlink":"https:\/\/wp.me\/pfMlyK-jS1","_links":{"self":[{"href":"https:\/\/ismaelcolosi.com.br\/index.php\/wp-json\/wp\/v2\/posts\/76385","targetHints":{"allow":["GET"]}}],"collection":[{"href":"https:\/\/ismaelcolosi.com.br\/index.php\/wp-json\/wp\/v2\/posts"}],"about":[{"href":"https:\/\/ismaelcolosi.com.br\/index.php\/wp-json\/wp\/v2\/types\/post"}],"author":[{"embeddable":true,"href":"https:\/\/ismaelcolosi.com.br\/index.php\/wp-json\/wp\/v2\/users\/1"}],"replies":[{"embeddable":true,"href":"https:\/\/ismaelcolosi.com.br\/index.php\/wp-json\/wp\/v2\/comments?post=76385"}],"version-history":[{"count":0,"href":"https:\/\/ismaelcolosi.com.br\/index.php\/wp-json\/wp\/v2\/posts\/76385\/revisions"}],"wp:featuredmedia":[{"embeddable":true,"href":"https:\/\/ismaelcolosi.com.br\/index.php\/wp-json\/wp\/v2\/media\/76386"}],"wp:attachment":[{"href":"https:\/\/ismaelcolosi.com.br\/index.php\/wp-json\/wp\/v2\/media?parent=76385"}],"wp:term":[{"taxonomy":"category","embeddable":true,"href":"https:\/\/ismaelcolosi.com.br\/index.php\/wp-json\/wp\/v2\/categories?post=76385"},{"taxonomy":"post_tag","embeddable":true,"href":"https:\/\/ismaelcolosi.com.br\/index.php\/wp-json\/wp\/v2\/tags?post=76385"}],"curies":[{"name":"wp","href":"https:\/\/api.w.org\/{rel}","templated":true}]}}