{"id":7635,"date":"2023-11-28T15:13:01","date_gmt":"2023-11-28T18:13:01","guid":{"rendered":"https:\/\/ismaelcolosi.com.br\/index.php\/2023\/11\/28\/chef-de-cozinha-encontrado-sem-vida-junto-com-a-esposa-na-bahia-era-foragido-da-espanha\/"},"modified":"2023-11-28T15:13:01","modified_gmt":"2023-11-28T18:13:01","slug":"chef-de-cozinha-encontrado-sem-vida-junto-com-a-esposa-na-bahia-era-foragido-da-espanha","status":"publish","type":"post","link":"https:\/\/ismaelcolosi.com.br\/index.php\/2023\/11\/28\/chef-de-cozinha-encontrado-sem-vida-junto-com-a-esposa-na-bahia-era-foragido-da-espanha\/","title":{"rendered":"Chef de cozinha encontrado sem vida junto com a esposa na Bahia era foragido da Espanha"},"content":{"rendered":"<p> [ad_1]<br \/>\n<\/p>\n<div itemprop=\"text\">\n<p>Um crime hediondo, a princ\u00edpio repleto de mist\u00e9rios deixou a comunidade local chocada. Os corpos do Chef de cozinha David Peregrina Cap\u00f3 e de sua esposa \u00c9rica da Silva Santos, foram encontrados crivados com balas as margens de um rio que fica na regi\u00e3o Sul da Bahia.<\/p>\n<p>David e \u00c9rica eram propriet\u00e1rios de um restaurante em uma \u00e1rea de dif\u00edcil acesso na cidade tur\u00edstica de Porto Seguro, o casal era muito conhecido na regi\u00e3o e os assassinatos deixaram a todos perplexos.<\/p>\n<p>Contudo, o que parecia ser um crime misterioso, come\u00e7ou a ser desvendado de maneira surpreendente. O chef de cozinha espanhol, cujo corpo foi descoberto nas proximidades de um rio na Bahia, havia se mudado para o Brasil para fugir da Justi\u00e7a e de uma condena\u00e7\u00e3o em sua terra natal.<\/p>\n<p>O crime aconteceu na \u00faltima sexta-feira (24), a Pol\u00edcia Civil do estado da Bahia est\u00e1 \u00e0 frente das investiga\u00e7\u00f5es. Conforme reportagem do jornal espanhol \u201cEl Mundo\u201d, h\u00e1 cerca de uma d\u00e9cada, David Peregrina, origin\u00e1rio de Mallorca, uma das ilhas mais conhecidas de Baleares, estava evitando as autoridades locais por v\u00e1rios anos.<\/p>\n<p>Essa situa\u00e7\u00e3o decorria de duas condena\u00e7\u00f5es em processos judiciais e de dois mandados de busca e deten\u00e7\u00e3o, os quais atualmente j\u00e1 expiraram devido ao decorrer do tempo.<\/p>\n<p>De acordo com fontes judiciais citadas pelo jornal espanhol, o chef foi condenado em Palma por dois processos criminais, totalizando uma pena superior a 6 anos de pris\u00e3o, pelos delitos de estafa (equivalente a estelionato no Brasil), apropria\u00e7\u00e3o ind\u00e9bita e falsifica\u00e7\u00e3o de documentos.<\/p>\n<p>Segundo informa\u00e7\u00f5es do \u201cEl Mundo\u201d, Peregrina figurava entre os 28 acusados em um esquema destinado a fraudar o banco onde desempenhava a fun\u00e7\u00e3o de diretor de sucursal.<\/p>\n<p>Esse esquema envolvia a manipula\u00e7\u00e3o de empr\u00e9stimos hipotec\u00e1rios fict\u00edcios, resultando no desvio de mais de 2 milh\u00f5es de euros (R$ 10 milh\u00f5es, na cota\u00e7\u00e3o atual) entre 2003 e 2004. O epis\u00f3dio ficou conhecido como \u201co caso das hipotecas fantasmas\u201d.<\/p>\n<\/div>\n<p>[ad_2]<br \/>\n<br \/><a href=\"https:\/\/fnmais.com\/o-detalhe-por-tras-crime-chef-cozinha-encontrado-sem-vida-junto-com-esposa-na-bahia-era-foragido-espanha\/\" target=\"_blank\" rel=\"noopener\">Source link <\/a><\/p>\n<div class='code-block code-block-4' style='margin: 8px auto 8px 0; text-align: left; display: block; clear: both;'>\n\ud83d\udce2 Aviso Legal\n\nO site ismaelcolosi.com.br atua apenas como um canal de divulga\u00e7\u00e3o de oportunidades de emprego e n\u00e3o se responsabiliza pelo processo seletivo, contrata\u00e7\u00e3o ou qualquer outra etapa relacionada \u00e0s vagas publicadas. Todas as informa\u00e7\u00f5es s\u00e3o de responsabilidade dos anunciantes.\n\n\u26a0\ufe0f Aten\u00e7\u00e3o! Nunca pague por promessas de emprego nem compre cursos que garantam contrata\u00e7\u00e3o. Desconfie de qualquer cobran\u00e7a para participar de sele\u00e7\u00f5es.\n\n\n\n<\/div>\n<!-- CONTENT END 1 -->\n","protected":false},"excerpt":{"rendered":"<p>[ad_1] Um crime hediondo, a princ\u00edpio repleto de mist\u00e9rios deixou a comunidade local chocada. Os corpos do Chef de cozinha David Peregrina Cap\u00f3 e de sua esposa \u00c9rica da Silva Santos, foram encontrados crivados com balas as margens de um rio que fica na regi\u00e3o Sul da Bahia. David e \u00c9rica eram propriet\u00e1rios de um&hellip;&nbsp;<\/p>\n","protected":false},"author":1,"featured_media":7636,"comment_status":"open","ping_status":"open","sticky":false,"template":"","format":"standard","meta":{"_uag_custom_page_level_css":"","neve_meta_sidebar":"","neve_meta_container":"","neve_meta_enable_content_width":"","neve_meta_content_width":0,"neve_meta_title_alignment":"","neve_meta_author_avatar":"","neve_post_elements_order":"","neve_meta_disable_header":"","neve_meta_disable_footer":"","neve_meta_disable_title":"","_jetpack_newsletter_access":"","_jetpack_dont_email_post_to_subs":false,"_jetpack_newsletter_tier_id":0,"_jetpack_memberships_contains_paywalled_content":false,"_jetpack_memberships_contains_paid_content":false,"footnotes":""},"categories":[1],"tags":[],"class_list":["post-7635","post","type-post","status-publish","format-standard","has-post-thumbnail","hentry","category-blog"],"uagb_featured_image_src":{"full":["https:\/\/i0.wp.com\/ismaelcolosi.com.br\/wp-content\/uploads\/2023\/11\/postimg-65662b656a7834664.jpg?fit=1200%2C628&ssl=1",1200,628,false],"thumbnail":["https:\/\/i0.wp.com\/ismaelcolosi.com.br\/wp-content\/uploads\/2023\/11\/postimg-65662b656a7834664.jpg?resize=150%2C150&ssl=1",150,150,true],"medium":["https:\/\/i0.wp.com\/ismaelcolosi.com.br\/wp-content\/uploads\/2023\/11\/postimg-65662b656a7834664.jpg?fit=300%2C157&ssl=1",300,157,true],"medium_large":["https:\/\/i0.wp.com\/ismaelcolosi.com.br\/wp-content\/uploads\/2023\/11\/postimg-65662b656a7834664.jpg?fit=768%2C402&ssl=1",768,402,true],"large":["https:\/\/i0.wp.com\/ismaelcolosi.com.br\/wp-content\/uploads\/2023\/11\/postimg-65662b656a7834664.jpg?fit=1024%2C536&ssl=1",1024,536,true],"1536x1536":["https:\/\/i0.wp.com\/ismaelcolosi.com.br\/wp-content\/uploads\/2023\/11\/postimg-65662b656a7834664.jpg?fit=1200%2C628&ssl=1",1200,628,true],"2048x2048":["https:\/\/i0.wp.com\/ismaelcolosi.com.br\/wp-content\/uploads\/2023\/11\/postimg-65662b656a7834664.jpg?fit=1200%2C628&ssl=1",1200,628,true],"neve-blog":["https:\/\/i0.wp.com\/ismaelcolosi.com.br\/wp-content\/uploads\/2023\/11\/postimg-65662b656a7834664.jpg?resize=930%2C620&ssl=1",930,620,true]},"uagb_author_info":{"display_name":"ismaelcolosi.com.br","author_link":"https:\/\/ismaelcolosi.com.br\/author\/vidareal-online\/"},"uagb_comment_info":0,"uagb_excerpt":"[ad_1] Um crime hediondo, a princ\u00edpio repleto de mist\u00e9rios deixou a comunidade local chocada. Os corpos do Chef de cozinha David Peregrina Cap\u00f3 e de sua esposa \u00c9rica da Silva Santos, foram encontrados crivados com balas as margens de um rio que fica na regi\u00e3o Sul da Bahia. David e \u00c9rica eram propriet\u00e1rios de um&hellip;&nbsp;","jetpack-related-posts":[{"id":6339,"url":"https:\/\/ismaelcolosi.com.br\/index.php\/2023\/11\/25\/quem-eram-os-donos-de-restaurante-paradisiaco-na-ba-que-foram-encontrados-sem-vida\/","url_meta":{"origin":7635,"position":0},"title":"Quem eram os donos de restaurante paradis\u00edaco na BA que foram encontrados sem vida","author":"ismaelcolosi.com.br","date":"25 de Novembro de 2023","format":false,"excerpt":"[ad_1] A Pol\u00edcia Civil da Bahia est\u00e1 investigando a morte de um casal dono de um restaurante, na regi\u00e3o de Porto Seguro. Ambos foram encontrados com v\u00e1rias marcas de tiros espalhados pelo corpo, nas margens de um rio.As v\u00edtimas foram identificadas como o chefe espanhol, David Pegrina Cap\u00f3, de 53\u2026","rel":"","context":"In &quot;Blog&quot;","block_context":{"text":"Blog","link":"https:\/\/ismaelcolosi.com.br\/index.php\/category\/blog\/"},"img":{"alt_text":"","src":"https:\/\/i0.wp.com\/ismaelcolosi.com.br\/wp-content\/uploads\/2023\/11\/postimg-6562383aaa5ca8011.jpg?fit=1200%2C628&ssl=1&resize=350%2C200","width":350,"height":200,"srcset":"https:\/\/i0.wp.com\/ismaelcolosi.com.br\/wp-content\/uploads\/2023\/11\/postimg-6562383aaa5ca8011.jpg?fit=1200%2C628&ssl=1&resize=350%2C200 1x, https:\/\/i0.wp.com\/ismaelcolosi.com.br\/wp-content\/uploads\/2023\/11\/postimg-6562383aaa5ca8011.jpg?fit=1200%2C628&ssl=1&resize=525%2C300 1.5x, https:\/\/i0.wp.com\/ismaelcolosi.com.br\/wp-content\/uploads\/2023\/11\/postimg-6562383aaa5ca8011.jpg?fit=1200%2C628&ssl=1&resize=700%2C400 2x, https:\/\/i0.wp.com\/ismaelcolosi.com.br\/wp-content\/uploads\/2023\/11\/postimg-6562383aaa5ca8011.jpg?fit=1200%2C628&ssl=1&resize=1050%2C600 3x"},"classes":[]},{"id":6435,"url":"https:\/\/ismaelcolosi.com.br\/index.php\/2023\/11\/25\/dentista-e-encontrado-sem-vida-dentro-de-apartamento-em-condominio-de-luxo-na-ba-caso-e-misterio\/","url_meta":{"origin":7635,"position":1},"title":"Dentista \u00e9 encontrado sem vida dentro de apartamento em condom\u00ednio de luxo na BA; caso \u00e9 mist\u00e9rio","author":"ismaelcolosi.com.br","date":"25 de Novembro de 2023","format":false,"excerpt":"[ad_1] Neste \u00faltimo s\u00e1bado, dia 25 de novembro, chegou a ser divulgado atrav\u00e9s de diversos canais de comunica\u00e7\u00e3o que um dentista de 36 anos foi encontrado morto dentro de seu pr\u00f3prio apartamento, localizado em um condom\u00ednio de luxo, em Salvador, na Bahia.A v\u00edtima foi identificada pelo nome de Lucas Maia\u2026","rel":"","context":"In &quot;Blog&quot;","block_context":{"text":"Blog","link":"https:\/\/ismaelcolosi.com.br\/index.php\/category\/blog\/"},"img":{"alt_text":"","src":"https:\/\/i0.wp.com\/ismaelcolosi.com.br\/wp-content\/uploads\/2023\/11\/postimg-656282527801f9681.jpg?fit=1200%2C628&ssl=1&resize=350%2C200","width":350,"height":200,"srcset":"https:\/\/i0.wp.com\/ismaelcolosi.com.br\/wp-content\/uploads\/2023\/11\/postimg-656282527801f9681.jpg?fit=1200%2C628&ssl=1&resize=350%2C200 1x, https:\/\/i0.wp.com\/ismaelcolosi.com.br\/wp-content\/uploads\/2023\/11\/postimg-656282527801f9681.jpg?fit=1200%2C628&ssl=1&resize=525%2C300 1.5x, https:\/\/i0.wp.com\/ismaelcolosi.com.br\/wp-content\/uploads\/2023\/11\/postimg-656282527801f9681.jpg?fit=1200%2C628&ssl=1&resize=700%2C400 2x, https:\/\/i0.wp.com\/ismaelcolosi.com.br\/wp-content\/uploads\/2023\/11\/postimg-656282527801f9681.jpg?fit=1200%2C628&ssl=1&resize=1050%2C600 3x"},"classes":[]},{"id":24143,"url":"https:\/\/ismaelcolosi.com.br\/index.php\/2024\/01\/03\/testemunha-da-informacao-crucial-sobre-familia-que-foi-encontrada-morta-em-canavial-no-interior-de-sp\/","url_meta":{"origin":7635,"position":2},"title":"Testemunha d\u00e1 informa\u00e7\u00e3o crucial sobre fam\u00edlia que foi encontrada morta em canavial no interior de SP","author":"ismaelcolosi.com.br","date":"3 de Janeiro de 2024","format":false,"excerpt":"[ad_1] A Pol\u00edcia Civil realizou avan\u00e7os nas investiga\u00e7\u00f5es envolvendo o caso da fam\u00edlia encontrada morta em um canavial de Votuporanga, no interior de S\u00e3o Paulo, ao ouvir uma testemunha nesta \u00faltima quarta-feira, dia 3 de janeiro.De acordo com o depoimento, Anderson Marinho, de 35 anos, estava transportando maconha no dia\u2026","rel":"","context":"In &quot;Blog&quot;","block_context":{"text":"Blog","link":"https:\/\/ismaelcolosi.com.br\/index.php\/category\/blog\/"},"img":{"alt_text":"","src":"https:\/\/i0.wp.com\/ismaelcolosi.com.br\/wp-content\/uploads\/2024\/01\/postimg-6595aa58a6afa3248.jpg?fit=1200%2C628&ssl=1&resize=350%2C200","width":350,"height":200,"srcset":"https:\/\/i0.wp.com\/ismaelcolosi.com.br\/wp-content\/uploads\/2024\/01\/postimg-6595aa58a6afa3248.jpg?fit=1200%2C628&ssl=1&resize=350%2C200 1x, https:\/\/i0.wp.com\/ismaelcolosi.com.br\/wp-content\/uploads\/2024\/01\/postimg-6595aa58a6afa3248.jpg?fit=1200%2C628&ssl=1&resize=525%2C300 1.5x, https:\/\/i0.wp.com\/ismaelcolosi.com.br\/wp-content\/uploads\/2024\/01\/postimg-6595aa58a6afa3248.jpg?fit=1200%2C628&ssl=1&resize=700%2C400 2x, https:\/\/i0.wp.com\/ismaelcolosi.com.br\/wp-content\/uploads\/2024\/01\/postimg-6595aa58a6afa3248.jpg?fit=1200%2C628&ssl=1&resize=1050%2C600 3x"},"classes":[]},{"id":21310,"url":"https:\/\/ismaelcolosi.com.br\/index.php\/2023\/12\/27\/pai-e-preso-suspeito-de-tirar-a-vida-da-esposa-e-dos-quatro-filhos-de-forma-cruel-no-dia-de-natal\/","url_meta":{"origin":7635,"position":3},"title":"Pai \u00e9 preso suspeito de tirar a vida da esposa e dos quatro filhos de forma cruel no dia de Natal","author":"ismaelcolosi.com.br","date":"27 de Dezembro de 2023","format":false,"excerpt":"[ad_1] Um indiv\u00edduo de 33 anos, apontado como autor do assassinato de sua esposa e dos quatro filhos na noite de segunda-feira (25) em sua resid\u00eancia em Meaux, foi capturado na ter\u00e7a-feira (26) em Sevran.A casa da fam\u00edlia fica localizada no departamento de Seine-et-Marne, a cerca de 50 km a\u2026","rel":"","context":"In &quot;Blog&quot;","block_context":{"text":"Blog","link":"https:\/\/ismaelcolosi.com.br\/index.php\/category\/blog\/"},"img":{"alt_text":"","src":"https:\/\/i0.wp.com\/ismaelcolosi.com.br\/wp-content\/uploads\/2023\/12\/postimg-658c60a33f2008668.jpg?fit=1200%2C628&ssl=1&resize=350%2C200","width":350,"height":200,"srcset":"https:\/\/i0.wp.com\/ismaelcolosi.com.br\/wp-content\/uploads\/2023\/12\/postimg-658c60a33f2008668.jpg?fit=1200%2C628&ssl=1&resize=350%2C200 1x, https:\/\/i0.wp.com\/ismaelcolosi.com.br\/wp-content\/uploads\/2023\/12\/postimg-658c60a33f2008668.jpg?fit=1200%2C628&ssl=1&resize=525%2C300 1.5x, https:\/\/i0.wp.com\/ismaelcolosi.com.br\/wp-content\/uploads\/2023\/12\/postimg-658c60a33f2008668.jpg?fit=1200%2C628&ssl=1&resize=700%2C400 2x, https:\/\/i0.wp.com\/ismaelcolosi.com.br\/wp-content\/uploads\/2023\/12\/postimg-658c60a33f2008668.jpg?fit=1200%2C628&ssl=1&resize=1050%2C600 3x"},"classes":[]},{"id":20836,"url":"https:\/\/ismaelcolosi.com.br\/index.php\/2023\/12\/26\/casal-perde-a-vida-de-forma-brutal-dentro-de-casa-no-es-na-noite-de-natal-e-caso-e-um-misterio\/","url_meta":{"origin":7635,"position":4},"title":"Casal perde a vida de forma brutal dentro de casa no ES, na noite de Natal, e caso \u00e9 um mist\u00e9rio","author":"ismaelcolosi.com.br","date":"26 de Dezembro de 2023","format":false,"excerpt":"[ad_1] Uma trag\u00e9dia chocou o bairro Alegre, em Sooretama, Norte do Esp\u00edrito Santo, na noite de Natal, quando um casal foi brutalmente assassinado a tiros dentro de casa.Eles foram identificados pelos nomes de Gerson Bispo dos Santos, 55 anos, e Luciana Batista Pires, 51 anos e foram encontrados sem vida\u2026","rel":"","context":"In &quot;Blog&quot;","block_context":{"text":"Blog","link":"https:\/\/ismaelcolosi.com.br\/index.php\/category\/blog\/"},"img":{"alt_text":"","src":"https:\/\/i0.wp.com\/ismaelcolosi.com.br\/wp-content\/uploads\/2023\/12\/postimg-658b0ad3146883045.jpg?fit=1200%2C628&ssl=1&resize=350%2C200","width":350,"height":200,"srcset":"https:\/\/i0.wp.com\/ismaelcolosi.com.br\/wp-content\/uploads\/2023\/12\/postimg-658b0ad3146883045.jpg?fit=1200%2C628&ssl=1&resize=350%2C200 1x, https:\/\/i0.wp.com\/ismaelcolosi.com.br\/wp-content\/uploads\/2023\/12\/postimg-658b0ad3146883045.jpg?fit=1200%2C628&ssl=1&resize=525%2C300 1.5x, https:\/\/i0.wp.com\/ismaelcolosi.com.br\/wp-content\/uploads\/2023\/12\/postimg-658b0ad3146883045.jpg?fit=1200%2C628&ssl=1&resize=700%2C400 2x, https:\/\/i0.wp.com\/ismaelcolosi.com.br\/wp-content\/uploads\/2023\/12\/postimg-658b0ad3146883045.jpg?fit=1200%2C628&ssl=1&resize=1050%2C600 3x"},"classes":[]},{"id":48065,"url":"https:\/\/ismaelcolosi.com.br\/index.php\/2024\/04\/30\/velorio-e-sepultamento-da-jornalista-erica-amendola-serao-nesta-quarta-em-ribeirao\/","url_meta":{"origin":7635,"position":5},"title":"Vel\u00f3rio e sepultamento da jornalista \u00c9rica Am\u00eandola ser\u00e3o nesta quarta em Ribeir\u00e3o","author":"ismaelcolosi.com.br","date":"30 de Abril de 2024","format":false,"excerpt":"[ad_1] O corpo da jornalista \u00c9rica Am\u00eandola ser\u00e1 velado nesta quarta-feira (1\u00ba), das 9h30 \u00e0s 13h, no Sal\u00e3o Nobre do Vel\u00f3rio da Saudade, na rua Fl\u00e1vio Uch\u00f4a, 836, no bairro Campos El\u00edseos, zona Norte de Ribeir\u00e3o Preto. Ela morreu nesta ter\u00e7a-feira (30), aos 63 anos, depois de uma luta contra\u2026","rel":"","context":"In &quot;Not\u00edcias de Ribeir\u00e3o Preto-SP e Regi\u00e3o&quot;","block_context":{"text":"Not\u00edcias de Ribeir\u00e3o Preto-SP e Regi\u00e3o","link":"https:\/\/ismaelcolosi.com.br\/index.php\/category\/noticias-de-ribeirao-preto-sp-e-regiao-ismael-colosi\/"},"img":{"alt_text":"","src":"https:\/\/i0.wp.com\/ismaelcolosi.com.br\/wp-content\/uploads\/2024\/04\/ERICA-AMENDOLA-2_2024-04-30_17-05-40_jpg.webp.webp?fit=1200%2C841&ssl=1&resize=350%2C200","width":350,"height":200,"srcset":"https:\/\/i0.wp.com\/ismaelcolosi.com.br\/wp-content\/uploads\/2024\/04\/ERICA-AMENDOLA-2_2024-04-30_17-05-40_jpg.webp.webp?fit=1200%2C841&ssl=1&resize=350%2C200 1x, https:\/\/i0.wp.com\/ismaelcolosi.com.br\/wp-content\/uploads\/2024\/04\/ERICA-AMENDOLA-2_2024-04-30_17-05-40_jpg.webp.webp?fit=1200%2C841&ssl=1&resize=525%2C300 1.5x, https:\/\/i0.wp.com\/ismaelcolosi.com.br\/wp-content\/uploads\/2024\/04\/ERICA-AMENDOLA-2_2024-04-30_17-05-40_jpg.webp.webp?fit=1200%2C841&ssl=1&resize=700%2C400 2x, https:\/\/i0.wp.com\/ismaelcolosi.com.br\/wp-content\/uploads\/2024\/04\/ERICA-AMENDOLA-2_2024-04-30_17-05-40_jpg.webp.webp?fit=1200%2C841&ssl=1&resize=1050%2C600 3x"},"classes":[]}],"jetpack_sharing_enabled":true,"jetpack_shortlink":"https:\/\/wp.me\/pfMlyK-1Z9","jetpack_featured_media_url":"https:\/\/i0.wp.com\/ismaelcolosi.com.br\/wp-content\/uploads\/2023\/11\/postimg-65662b656a7834664.jpg?fit=1200%2C628&ssl=1","_links":{"self":[{"href":"https:\/\/ismaelcolosi.com.br\/index.php\/wp-json\/wp\/v2\/posts\/7635","targetHints":{"allow":["GET"]}}],"collection":[{"href":"https:\/\/ismaelcolosi.com.br\/index.php\/wp-json\/wp\/v2\/posts"}],"about":[{"href":"https:\/\/ismaelcolosi.com.br\/index.php\/wp-json\/wp\/v2\/types\/post"}],"author":[{"embeddable":true,"href":"https:\/\/ismaelcolosi.com.br\/index.php\/wp-json\/wp\/v2\/users\/1"}],"replies":[{"embeddable":true,"href":"https:\/\/ismaelcolosi.com.br\/index.php\/wp-json\/wp\/v2\/comments?post=7635"}],"version-history":[{"count":0,"href":"https:\/\/ismaelcolosi.com.br\/index.php\/wp-json\/wp\/v2\/posts\/7635\/revisions"}],"wp:featuredmedia":[{"embeddable":true,"href":"https:\/\/ismaelcolosi.com.br\/index.php\/wp-json\/wp\/v2\/media\/7636"}],"wp:attachment":[{"href":"https:\/\/ismaelcolosi.com.br\/index.php\/wp-json\/wp\/v2\/media?parent=7635"}],"wp:term":[{"taxonomy":"category","embeddable":true,"href":"https:\/\/ismaelcolosi.com.br\/index.php\/wp-json\/wp\/v2\/categories?post=7635"},{"taxonomy":"post_tag","embeddable":true,"href":"https:\/\/ismaelcolosi.com.br\/index.php\/wp-json\/wp\/v2\/tags?post=7635"}],"curies":[{"name":"wp","href":"https:\/\/api.w.org\/{rel}","templated":true}]}}