{"id":75878,"date":"2024-11-08T12:12:18","date_gmt":"2024-11-08T15:12:18","guid":{"rendered":"https:\/\/ismaelcolosi.com.br\/index.php\/2024\/11\/08\/ibge-diz-que-ribeirao-tem-menos-favelas-do-que-afirma-a-prefeitura\/"},"modified":"2024-11-08T12:12:18","modified_gmt":"2024-11-08T15:12:18","slug":"ibge-diz-que-ribeirao-tem-menos-favelas-do-que-afirma-a-prefeitura","status":"publish","type":"post","link":"https:\/\/ismaelcolosi.com.br\/index.php\/2024\/11\/08\/ibge-diz-que-ribeirao-tem-menos-favelas-do-que-afirma-a-prefeitura\/","title":{"rendered":"IBGE diz que Ribeir\u00e3o tem menos favelas do que afirma a prefeitura"},"content":{"rendered":"<p> <br \/>\n<\/p>\n<div>\n<p>Dados do Censo 2022 divulgados nesta sexta-feira,8 de novembro, pelo Instituto Brasileiro de Geografia e Estat\u00edstica (IBGE) revelou uma discrep\u00e2ncia entre o n\u00famero de favelas existentes em Ribeir\u00e3o Preto, divulgado pela prefeitura e o mais recente levantamento feito pelo Instituto.<\/p>\n<p>Segundo dados do Plano Municipal de Sa\u00fade para o per\u00edodo 2022\/2025, Ribeir\u00e3o tem 122 \u00e1reas ocupadas irregularmente onde vivem cerca de 40 mil pessoas. Na p\u00e1gina 33 o Plano descreve que \u201cde acordo com informa\u00e7\u00f5es da Secretaria Municipal de Assist\u00eancia Social existem aproximadamente 122 \u00e1reas ocupadas irregularmente. Estima-se que a popula\u00e7\u00e3o total dos assentamentos seja em torno de 40.000 habitantes, por\u00e9m os dados n\u00e3o s\u00e3o precisos, com necessidade de aprofundamento dos estudos para melhor caracteriza\u00e7\u00e3o desta popula\u00e7\u00e3o\u201d, afirma o documento.<\/p>\n<p>J\u00e1 de acordo com o Censo a cidade possui 47 favelas onde vivem atualmente 23.781 pessoas. Segundo o IBGE em 2010 \u2013 ano em que foi feito o Censo anterior \u2013 existiam 26 favelas com 14.117 moradores. O comparativo entre as duas \u00faltimas pesquisas do IBGE mostra, ainda, que o n\u00famero de domic\u00edlios nas comunidades da cidade passou de 3.717 para 8.806.<\/p>\n<p>De acordo com o Instituto, a identifica\u00e7\u00e3o e o mapeamento dessas \u00e1reas foram aperfei\u00e7oados entre os levantamentos de 2010 e 2022. Considerando que os Censos s\u00e3o fotografias dos dois momentos, a nitidez e resolu\u00e7\u00e3o do Censo 2022 s\u00e3o superiores. A prefeitura n\u00e3o havia se manifestado sobre o assunto at\u00e9 a edi\u00e7\u00e3o desta mat\u00e9ria.<\/p>\n<p>Total de favelas \u2013 dados Censo<br \/>2010 \u2013 26<br \/>2022 \u2013 47<br \/>Total de domic\u00edlios em favelas \u2013 dados Censo<br \/>2010 \u2013 3.717<br \/>2022 \u2013 8.806<\/p>\n<p>Total de moradores em favelas \u2013 dados Censo<br \/>2010 \u2013 14.117<br \/>2022 \u2013 23.781<\/p>\n<p>Perfil dos moradores Favelas \u2013 dados Censo 2022<br \/>Parda \u2013 13.719<br \/>Banca \u2013 6.735<br \/>Preta \u2013 3.289<\/p>\n<p>Idades dos moradores Favelas \u2013 dados Censo 2022<br \/>0 a 4 anos \u2013 2.347<br \/>5 a 9 anos \u2013 2.330<br \/>10 a 14 anos \u2013 2064<br \/>Acima dos 14 anos \u2013 17.040<br \/>Total de moradores \u2013 23.781<\/p>\n<\/div>\n<p><br \/>\n<br \/><a href=\"https:\/\/www.tribunaribeirao.com.br\/ibge-diz-que-ribeirao-tem-menos-favelas-do-que-afirma-a-prefeitura\/\">Source link <\/a><\/p>\n<div class='code-block code-block-4' style='margin: 8px auto 8px 0; text-align: left; display: block; clear: both;'>\n\ud83d\udce2 Aviso Legal\n\nO site ismaelcolosi.com.br atua apenas como um canal de divulga\u00e7\u00e3o de oportunidades de emprego e n\u00e3o se responsabiliza pelo processo seletivo, contrata\u00e7\u00e3o ou qualquer outra etapa relacionada \u00e0s vagas publicadas. Todas as informa\u00e7\u00f5es s\u00e3o de responsabilidade dos anunciantes.\n\n\u26a0\ufe0f Aten\u00e7\u00e3o! Nunca pague por promessas de emprego nem compre cursos que garantam contrata\u00e7\u00e3o. Desconfie de qualquer cobran\u00e7a para participar de sele\u00e7\u00f5es.\n\n\n\n<\/div>\n<!-- CONTENT END 1 -->\n","protected":false},"excerpt":{"rendered":"<p>Dados do Censo 2022 divulgados nesta sexta-feira,8 de novembro, pelo Instituto Brasileiro de Geografia e Estat\u00edstica (IBGE) revelou uma discrep\u00e2ncia entre o n\u00famero de favelas&#8230;<\/p>\n","protected":false},"author":1,"featured_media":75879,"comment_status":"open","ping_status":"open","sticky":false,"template":"","format":"standard","meta":{"_uag_custom_page_level_css":"","advanced_seo_description":"","jetpack_seo_html_title":"","jetpack_seo_noindex":false,"jetpack_post_was_ever_published":false,"_jetpack_newsletter_access":"","_jetpack_dont_email_post_to_subs":false,"_jetpack_newsletter_tier_id":0,"_jetpack_memberships_contains_paywalled_content":false,"_jetpack_memberships_contains_paid_content":false,"footnotes":"","jetpack_publicize_message":"","jetpack_publicize_feature_enabled":true,"jetpack_social_post_already_shared":true,"jetpack_social_options":{"image_generator_settings":{"template":"highway","default_image_id":0,"font":"","enabled":false},"version":2}},"categories":[11],"tags":[],"class_list":["post-75878","post","type-post","status-publish","format-standard","has-post-thumbnail","hentry","category-noticias-de-ribeirao-preto-sp-e-regiao-ismael-colosi"],"jetpack_publicize_connections":[],"jetpack_featured_media_url":"https:\/\/i0.wp.com\/ismaelcolosi.com.br\/wp-content\/uploads\/2024\/11\/imagem-420.jpg?fit=700%2C450&ssl=1","uagb_featured_image_src":{"full":["https:\/\/i0.wp.com\/ismaelcolosi.com.br\/wp-content\/uploads\/2024\/11\/imagem-420.jpg?fit=700%2C450&ssl=1",700,450,false],"thumbnail":["https:\/\/i0.wp.com\/ismaelcolosi.com.br\/wp-content\/uploads\/2024\/11\/imagem-420.jpg?resize=150%2C150&ssl=1",150,150,true],"medium":["https:\/\/i0.wp.com\/ismaelcolosi.com.br\/wp-content\/uploads\/2024\/11\/imagem-420.jpg?fit=300%2C193&ssl=1",300,193,true],"medium_large":["https:\/\/i0.wp.com\/ismaelcolosi.com.br\/wp-content\/uploads\/2024\/11\/imagem-420.jpg?fit=700%2C450&ssl=1",700,450,true],"large":["https:\/\/i0.wp.com\/ismaelcolosi.com.br\/wp-content\/uploads\/2024\/11\/imagem-420.jpg?fit=700%2C450&ssl=1",700,450,true],"1536x1536":["https:\/\/i0.wp.com\/ismaelcolosi.com.br\/wp-content\/uploads\/2024\/11\/imagem-420.jpg?fit=700%2C450&ssl=1",700,450,true],"2048x2048":["https:\/\/i0.wp.com\/ismaelcolosi.com.br\/wp-content\/uploads\/2024\/11\/imagem-420.jpg?fit=700%2C450&ssl=1",700,450,true],"really-simple-thumb":["https:\/\/i0.wp.com\/ismaelcolosi.com.br\/wp-content\/uploads\/2024\/11\/imagem-420.jpg?resize=370%2C247&ssl=1",370,247,true]},"uagb_author_info":{"display_name":"ismaelcolosi.com.br","author_link":"https:\/\/ismaelcolosi.com.br\/index.php\/author\/vidareal-online\/"},"uagb_comment_info":0,"uagb_excerpt":"Dados do Censo 2022 divulgados nesta sexta-feira,8 de novembro, pelo Instituto Brasileiro de Geografia e Estat\u00edstica (IBGE) revelou uma discrep\u00e2ncia entre o n\u00famero de favelas...","jetpack-related-posts":[{"id":75964,"url":"https:\/\/ismaelcolosi.com.br\/index.php\/2024\/11\/08\/prefeitura-explica-diferenca-no-total-de-favelas\/","url_meta":{"origin":75878,"position":0},"title":"Prefeitura explica diferen\u00e7a no total de favelas","author":"ismaelcolosi.com.br","date":"8 de November de 2024","format":false,"excerpt":"8 de novembro de 20248 de novembro de 20240 Compartilhar0 A prefeitura de Ribeir\u00e3o Preto enviou nota ao Tribuna explicando a diferen\u00e7a entre o total de favelas contabilizadas pela prefeitura e o do IBGE divulgado hoje no censo 2022. A prefeitura diz que Ribeir\u00e3o Preto possui 122 ocupa\u00e7\u00f5es irregulares com\u2026","rel":"","context":"In &quot;Not\u00edcias de Ribeir\u00e3o Preto-SP e Regi\u00e3o&quot;","block_context":{"text":"Not\u00edcias de Ribeir\u00e3o Preto-SP e Regi\u00e3o","link":"https:\/\/ismaelcolosi.com.br\/index.php\/category\/noticias-de-ribeirao-preto-sp-e-regiao-ismael-colosi\/"},"img":{"alt_text":"","src":"https:\/\/i0.wp.com\/ismaelcolosi.com.br\/wp-content\/uploads\/2024\/11\/1-39-scaled-1.jpg?fit=700%2C290&ssl=1&resize=350%2C200","width":350,"height":200,"srcset":"https:\/\/i0.wp.com\/ismaelcolosi.com.br\/wp-content\/uploads\/2024\/11\/1-39-scaled-1.jpg?fit=700%2C290&ssl=1&resize=350%2C200 1x, https:\/\/i0.wp.com\/ismaelcolosi.com.br\/wp-content\/uploads\/2024\/11\/1-39-scaled-1.jpg?fit=700%2C290&ssl=1&resize=525%2C300 1.5x, https:\/\/i0.wp.com\/ismaelcolosi.com.br\/wp-content\/uploads\/2024\/11\/1-39-scaled-1.jpg?fit=700%2C290&ssl=1&resize=700%2C400 2x"},"classes":[]},{"id":75870,"url":"https:\/\/ismaelcolosi.com.br\/index.php\/2024\/11\/08\/cresce-a-populacao-em-favelas-de-ribeirao-preto-novo-levantamento-do-ibge-aponta-aumento-de-68\/","url_meta":{"origin":75878,"position":1},"title":"Cresce a Popula\u00e7\u00e3o em Favelas de Ribeir\u00e3o Preto: Novo Levantamento do IBGE Aponta Aumento de 68%","author":"ismaelcolosi.com.br","date":"8 de November de 2024","format":false,"excerpt":"Um levantamento recente do Instituto Brasileiro de Geografia e Estat\u00edstica (IBGE) aponta que a popula\u00e7\u00e3o vivendo em favelas em Ribeir\u00e3o Preto aumentou 68% nos \u00faltimos anos. Este dado \u00e9 um reflexo de quest\u00f5es estruturais e econ\u00f4micas que v\u00eam afetando a cidade, resultando em uma expans\u00e3o significativa das \u00e1reas de moradias\u2026","rel":"","context":"In &quot;Not\u00edcias de Ribeir\u00e3o Preto-SP e Regi\u00e3o&quot;","block_context":{"text":"Not\u00edcias de Ribeir\u00e3o Preto-SP e Regi\u00e3o","link":"https:\/\/ismaelcolosi.com.br\/index.php\/category\/noticias-de-ribeirao-preto-sp-e-regiao-ismael-colosi\/"},"img":{"alt_text":"","src":"https:\/\/i0.wp.com\/ismaelcolosi.com.br\/wp-content\/uploads\/2024\/11\/IMG_9381.webp.webp?fit=1170%2C700&ssl=1&resize=350%2C200","width":350,"height":200,"srcset":"https:\/\/i0.wp.com\/ismaelcolosi.com.br\/wp-content\/uploads\/2024\/11\/IMG_9381.webp.webp?fit=1170%2C700&ssl=1&resize=350%2C200 1x, https:\/\/i0.wp.com\/ismaelcolosi.com.br\/wp-content\/uploads\/2024\/11\/IMG_9381.webp.webp?fit=1170%2C700&ssl=1&resize=525%2C300 1.5x, https:\/\/i0.wp.com\/ismaelcolosi.com.br\/wp-content\/uploads\/2024\/11\/IMG_9381.webp.webp?fit=1170%2C700&ssl=1&resize=700%2C400 2x, https:\/\/i0.wp.com\/ismaelcolosi.com.br\/wp-content\/uploads\/2024\/11\/IMG_9381.webp.webp?fit=1170%2C700&ssl=1&resize=1050%2C600 3x"},"classes":[]},{"id":39154,"url":"https:\/\/ismaelcolosi.com.br\/index.php\/2024\/02\/23\/veja-quantas-casas-apartamentos-e-banheiros-existem-em-ribeirao-preto\/","url_meta":{"origin":75878,"position":2},"title":"Veja quantas casas, apartamentos e banheiros existem em Ribeir\u00e3o Preto","author":"ismaelcolosi.com.br","date":"23 de February de 2024","format":false,"excerpt":"O IBGE (Instituto Brasileiro de Geografia e Estat\u00edstica) divulgou nesta sexta-feira (23) que Ribeir\u00e3o Preto existem 166.839 casas, equivalente a 62,74% de todos os 321.949 domic\u00edlios da cidade. Os n\u00fameros fazem parte do Censo 2022. O levantamento ainda aponta que Ribeir\u00e3o Preto conta com 86.712 apartamentos, equivalente a 32,61% do\u2026","rel":"","context":"In &quot;Not\u00edcias de Ribeir\u00e3o Preto-SP e Regi\u00e3o&quot;","block_context":{"text":"Not\u00edcias de Ribeir\u00e3o Preto-SP e Regi\u00e3o","link":"https:\/\/ismaelcolosi.com.br\/index.php\/category\/noticias-de-ribeirao-preto-sp-e-regiao-ismael-colosi\/"},"img":{"alt_text":"","src":"https:\/\/i0.wp.com\/ismaelcolosi.com.br\/wp-content\/uploads\/2024\/02\/1708712440_ribeirao-preto.jpg?fit=1200%2C900&ssl=1&resize=350%2C200","width":350,"height":200,"srcset":"https:\/\/i0.wp.com\/ismaelcolosi.com.br\/wp-content\/uploads\/2024\/02\/1708712440_ribeirao-preto.jpg?fit=1200%2C900&ssl=1&resize=350%2C200 1x, https:\/\/i0.wp.com\/ismaelcolosi.com.br\/wp-content\/uploads\/2024\/02\/1708712440_ribeirao-preto.jpg?fit=1200%2C900&ssl=1&resize=525%2C300 1.5x, https:\/\/i0.wp.com\/ismaelcolosi.com.br\/wp-content\/uploads\/2024\/02\/1708712440_ribeirao-preto.jpg?fit=1200%2C900&ssl=1&resize=700%2C400 2x, https:\/\/i0.wp.com\/ismaelcolosi.com.br\/wp-content\/uploads\/2024\/02\/1708712440_ribeirao-preto.jpg?fit=1200%2C900&ssl=1&resize=1050%2C600 3x"},"classes":[]},{"id":64168,"url":"https:\/\/ismaelcolosi.com.br\/index.php\/2024\/09\/05\/ibge-revela-quantidade-de-logradouros-em-ribeirao-preto-confira\/","url_meta":{"origin":75878,"position":3},"title":"IBGE revela quantidade de logradouros em Ribeir\u00e3o Preto; Confira","author":"ismaelcolosi.com.br","date":"5 de September de 2024","format":false,"excerpt":"Ribeir\u00e3o Preto tem aproximadamente quatro mil ruas, avenidas e travessas, de acordo com o Censo Demogr\u00e1fico de 2022, realizado pelo Instituto Brasileiro de Geografia e Estat\u00edstica (IBGE). Os dados fazem parte da Base de Faces de Logradouros, um banco de informa\u00e7\u00f5es atualizado pelo \u00f3rg\u00e3o a cada realiza\u00e7\u00e3o de censo, que\u2026","rel":"","context":"In &quot;Not\u00edcias de Ribeir\u00e3o Preto-SP e Regi\u00e3o&quot;","block_context":{"text":"Not\u00edcias de Ribeir\u00e3o Preto-SP e Regi\u00e3o","link":"https:\/\/ismaelcolosi.com.br\/index.php\/category\/noticias-de-ribeirao-preto-sp-e-regiao-ismael-colosi\/"},"img":{"alt_text":"","src":"https:\/\/i0.wp.com\/ismaelcolosi.com.br\/wp-content\/uploads\/2024\/09\/ribeirao-preto.jpg?fit=1200%2C800&ssl=1&resize=350%2C200","width":350,"height":200,"srcset":"https:\/\/i0.wp.com\/ismaelcolosi.com.br\/wp-content\/uploads\/2024\/09\/ribeirao-preto.jpg?fit=1200%2C800&ssl=1&resize=350%2C200 1x, https:\/\/i0.wp.com\/ismaelcolosi.com.br\/wp-content\/uploads\/2024\/09\/ribeirao-preto.jpg?fit=1200%2C800&ssl=1&resize=525%2C300 1.5x, https:\/\/i0.wp.com\/ismaelcolosi.com.br\/wp-content\/uploads\/2024\/09\/ribeirao-preto.jpg?fit=1200%2C800&ssl=1&resize=700%2C400 2x, https:\/\/i0.wp.com\/ismaelcolosi.com.br\/wp-content\/uploads\/2024\/09\/ribeirao-preto.jpg?fit=1200%2C800&ssl=1&resize=1050%2C600 3x"},"classes":[]},{"id":50682,"url":"https:\/\/ismaelcolosi.com.br\/index.php\/2024\/05\/17\/ibge-revela-indice-de-alfabetizacao-em-ribeirao-preto-veja-os-dados\/","url_meta":{"origin":75878,"position":4},"title":"IBGE revela \u00edndice de alfabetiza\u00e7\u00e3o em Ribeir\u00e3o Preto; Veja os dados","author":"ismaelcolosi.com.br","date":"17 de May de 2024","format":false,"excerpt":"Ribeir\u00e3o Preto tem uma taxa de alfabetiza\u00e7\u00e3o de 97,9%, de acordo com o Censo Demogr\u00e1fico 2022, realizado pelo Instituto Brasileiro de Geografia e Estat\u00edstica (IBGE). A pesquisa aponta que a taxa de analfabetismo no munic\u00edpio \u00e9 de 2,1% para popula\u00e7\u00e3o de 15 anos ou mais. Nesse cen\u00e1rio, de acordo com\u2026","rel":"","context":"In &quot;Not\u00edcias de Ribeir\u00e3o Preto-SP e Regi\u00e3o&quot;","block_context":{"text":"Not\u00edcias de Ribeir\u00e3o Preto-SP e Regi\u00e3o","link":"https:\/\/ismaelcolosi.com.br\/index.php\/category\/noticias-de-ribeirao-preto-sp-e-regiao-ismael-colosi\/"},"img":{"alt_text":"","src":"https:\/\/i0.wp.com\/ismaelcolosi.com.br\/wp-content\/uploads\/2024\/05\/AnyConv.com__fnp_ribeirao_-_foto_guilherme_sircili.webp.webp?fit=1200%2C900&ssl=1&resize=350%2C200","width":350,"height":200,"srcset":"https:\/\/i0.wp.com\/ismaelcolosi.com.br\/wp-content\/uploads\/2024\/05\/AnyConv.com__fnp_ribeirao_-_foto_guilherme_sircili.webp.webp?fit=1200%2C900&ssl=1&resize=350%2C200 1x, https:\/\/i0.wp.com\/ismaelcolosi.com.br\/wp-content\/uploads\/2024\/05\/AnyConv.com__fnp_ribeirao_-_foto_guilherme_sircili.webp.webp?fit=1200%2C900&ssl=1&resize=525%2C300 1.5x, https:\/\/i0.wp.com\/ismaelcolosi.com.br\/wp-content\/uploads\/2024\/05\/AnyConv.com__fnp_ribeirao_-_foto_guilherme_sircili.webp.webp?fit=1200%2C900&ssl=1&resize=700%2C400 2x, https:\/\/i0.wp.com\/ismaelcolosi.com.br\/wp-content\/uploads\/2024\/05\/AnyConv.com__fnp_ribeirao_-_foto_guilherme_sircili.webp.webp?fit=1200%2C900&ssl=1&resize=1050%2C600 3x"},"classes":[]},{"id":22399,"url":"https:\/\/ismaelcolosi.com.br\/index.php\/2023\/12\/29\/taxa-de-desocupacao-no-trimestre-ate-novembro-e-a-menor-desde-fevereiro-de-2015\/","url_meta":{"origin":75878,"position":5},"title":"Taxa de desocupa\u00e7\u00e3o no trimestre at\u00e9 novembro \u00e9 a menor desde fevereiro de 2015","author":"ismaelcolosi.com.br","date":"29 de December de 2023","format":false,"excerpt":"29 de dezembro de 2023 | 17:0029 de dezembro de 2023 | 11:41 0A taxa de desocupa\u00e7\u00e3o caiu de 7,8% no trimestre terminado em agosto para 7,5% no trimestre encerrado em novembro, menor resultado desde fevereiro de 2015, quando tamb\u00e9m foi de 7,5%. Os dados s\u00e3o da Pesquisa Nacional por\u2026","rel":"","context":"In &quot;Not\u00edcias de Ribeir\u00e3o Preto-SP e Regi\u00e3o&quot;","block_context":{"text":"Not\u00edcias de Ribeir\u00e3o Preto-SP e Regi\u00e3o","link":"https:\/\/ismaelcolosi.com.br\/index.php\/category\/noticias-de-ribeirao-preto-sp-e-regiao-ismael-colosi\/"},"img":{"alt_text":"","src":"https:\/\/i0.wp.com\/ismaelcolosi.com.br\/wp-content\/uploads\/2023\/12\/CagedRP-Marcelo-Camargo-Ag.Br_-scaled.jpg?fit=1000%2C598&ssl=1&resize=350%2C200","width":350,"height":200,"srcset":"https:\/\/i0.wp.com\/ismaelcolosi.com.br\/wp-content\/uploads\/2023\/12\/CagedRP-Marcelo-Camargo-Ag.Br_-scaled.jpg?fit=1000%2C598&ssl=1&resize=350%2C200 1x, https:\/\/i0.wp.com\/ismaelcolosi.com.br\/wp-content\/uploads\/2023\/12\/CagedRP-Marcelo-Camargo-Ag.Br_-scaled.jpg?fit=1000%2C598&ssl=1&resize=525%2C300 1.5x, https:\/\/i0.wp.com\/ismaelcolosi.com.br\/wp-content\/uploads\/2023\/12\/CagedRP-Marcelo-Camargo-Ag.Br_-scaled.jpg?fit=1000%2C598&ssl=1&resize=700%2C400 2x"},"classes":[]}],"jetpack_sharing_enabled":true,"jetpack_shortlink":"https:\/\/wp.me\/pfMlyK-jJQ","_links":{"self":[{"href":"https:\/\/ismaelcolosi.com.br\/index.php\/wp-json\/wp\/v2\/posts\/75878","targetHints":{"allow":["GET"]}}],"collection":[{"href":"https:\/\/ismaelcolosi.com.br\/index.php\/wp-json\/wp\/v2\/posts"}],"about":[{"href":"https:\/\/ismaelcolosi.com.br\/index.php\/wp-json\/wp\/v2\/types\/post"}],"author":[{"embeddable":true,"href":"https:\/\/ismaelcolosi.com.br\/index.php\/wp-json\/wp\/v2\/users\/1"}],"replies":[{"embeddable":true,"href":"https:\/\/ismaelcolosi.com.br\/index.php\/wp-json\/wp\/v2\/comments?post=75878"}],"version-history":[{"count":0,"href":"https:\/\/ismaelcolosi.com.br\/index.php\/wp-json\/wp\/v2\/posts\/75878\/revisions"}],"wp:featuredmedia":[{"embeddable":true,"href":"https:\/\/ismaelcolosi.com.br\/index.php\/wp-json\/wp\/v2\/media\/75879"}],"wp:attachment":[{"href":"https:\/\/ismaelcolosi.com.br\/index.php\/wp-json\/wp\/v2\/media?parent=75878"}],"wp:term":[{"taxonomy":"category","embeddable":true,"href":"https:\/\/ismaelcolosi.com.br\/index.php\/wp-json\/wp\/v2\/categories?post=75878"},{"taxonomy":"post_tag","embeddable":true,"href":"https:\/\/ismaelcolosi.com.br\/index.php\/wp-json\/wp\/v2\/tags?post=75878"}],"curies":[{"name":"wp","href":"https:\/\/api.w.org\/{rel}","templated":true}]}}