{"id":75870,"date":"2024-11-08T11:15:10","date_gmt":"2024-11-08T14:15:10","guid":{"rendered":"https:\/\/ismaelcolosi.com.br\/index.php\/2024\/11\/08\/cresce-a-populacao-em-favelas-de-ribeirao-preto-novo-levantamento-do-ibge-aponta-aumento-de-68\/"},"modified":"2024-11-08T11:15:10","modified_gmt":"2024-11-08T14:15:10","slug":"cresce-a-populacao-em-favelas-de-ribeirao-preto-novo-levantamento-do-ibge-aponta-aumento-de-68","status":"publish","type":"post","link":"https:\/\/ismaelcolosi.com.br\/index.php\/2024\/11\/08\/cresce-a-populacao-em-favelas-de-ribeirao-preto-novo-levantamento-do-ibge-aponta-aumento-de-68\/","title":{"rendered":"Cresce a Popula\u00e7\u00e3o em Favelas de Ribeir\u00e3o Preto: Novo Levantamento do IBGE Aponta Aumento de 68%"},"content":{"rendered":"<p> <br \/>\n<\/p>\n<div>\n<p>Um levantamento recente do Instituto Brasileiro de Geografia e Estat\u00edstica (IBGE) aponta que a popula\u00e7\u00e3o vivendo em favelas em Ribeir\u00e3o Preto aumentou 68% nos \u00faltimos anos. Este dado \u00e9 um reflexo de quest\u00f5es estruturais e econ\u00f4micas que v\u00eam afetando a cidade, resultando em uma expans\u00e3o significativa das \u00e1reas de moradias informais. O estudo tamb\u00e9m revelou que 71,5% dos habitantes dessas \u00e1reas s\u00e3o pessoas pretas ou pardas, destacando um recorte racial que escancara desigualdades hist\u00f3ricas e sociais no munic\u00edpio.<\/p>\n<p>O Contexto do Crescimento<\/p><div class='code-block code-block-8' style='margin: 8px auto; text-align: center; display: block; clear: both;'>\n<script>\n  atOptions = {\n    'key' : '66e2e2111ca34da796271819fc334058',\n    'format' : 'iframe',\n    'height' : 250,\n    'width' : 300,\n    'params' : {}\n  };\n<\/script>\n<script src=\"https:\/\/www.highperformanceformat.com\/66e2e2111ca34da796271819fc334058\/invoke.js\"><\/script>\n<\/div>\n\n<p>O aumento populacional em favelas \u00e9 uma realidade que tem se intensificado em diversas cidades brasileiras, e Ribeir\u00e3o Preto n\u00e3o \u00e9 exce\u00e7\u00e3o. Com o aumento do custo de vida, a infla\u00e7\u00e3o e o desemprego, muitas fam\u00edlias encontram dificuldades em arcar com moradias formais, sendo levadas a buscar alternativas em \u00e1reas irregulares e menos estruturadas. Este crescimento de 68% na popula\u00e7\u00e3o de favelas em Ribeir\u00e3o Preto traz \u00e0 tona quest\u00f5es de desigualdade econ\u00f4mica e exclus\u00e3o social, demandando respostas urgentes de pol\u00edticas p\u00fablicas.<\/p>\n<p>De acordo com os dados do IBGE, essa expans\u00e3o de favelas pode ser atribu\u00edda, em parte, ao aumento dos pre\u00e7os de im\u00f3veis e alugu\u00e9is na cidade. Com a oferta de habita\u00e7\u00e3o insuficiente e os altos custos, a moradia informal torna-se a \u00fanica op\u00e7\u00e3o para muitas fam\u00edlias de baixa renda.<\/p>\n<p>O Perfil Demogr\u00e1fico e Racial da Popula\u00e7\u00e3o em Favelas<\/p>\n<p>O levantamento do IBGE revelou ainda que, entre os moradores de favelas de Ribeir\u00e3o Preto, 71,5% s\u00e3o pretos ou pardos. Esse dado \u00e9 um indicador das profundas desigualdades sociais e raciais que marcam a cidade e o Brasil como um todo. A popula\u00e7\u00e3o negra \u00e9, historicamente, uma das mais afetadas pela falta de oportunidades econ\u00f4micas e sociais, sendo frequentemente a mais vulner\u00e1vel em contextos de habita\u00e7\u00e3o inadequada.<\/p>\n<p>Para especialistas em estudos urbanos e sociais, esse recorte racial do estudo do IBGE destaca um aspecto cr\u00edtico das desigualdades estruturais em Ribeir\u00e3o Preto. Al\u00e9m da necessidade de pol\u00edticas habitacionais inclusivas, esses dados revelam que \u00e9 essencial a implementa\u00e7\u00e3o de a\u00e7\u00f5es afirmativas que busquem reduzir essas disparidades. \u00c9 urgente garantir que todos os cidad\u00e3os tenham acesso a moradias dignas, independentes de sua ra\u00e7a ou condi\u00e7\u00e3o econ\u00f4mica.<\/p>\n<p>A Realidade das Favelas: Infraestrutura e Condi\u00e7\u00f5es de Vida<\/p>\n<p>A realidade de viver em favelas \u00e9 marcada por desafios di\u00e1rios. A falta de saneamento b\u00e1sico adequado, coleta de lixo, ilumina\u00e7\u00e3o p\u00fablica e seguran\u00e7a s\u00e3o apenas alguns dos problemas enfrentados pela popula\u00e7\u00e3o dessas \u00e1reas. Al\u00e9m disso, a infraestrutura prec\u00e1ria compromete n\u00e3o apenas a qualidade de vida, mas tamb\u00e9m a sa\u00fade dos moradores, que est\u00e3o mais expostos a doen\u00e7as e acidentes.<\/p>\n<p>Muitos desses locais n\u00e3o t\u00eam pavimenta\u00e7\u00e3o e enfrentam alagamentos constantes, especialmente durante o per\u00edodo de chuvas. A falta de saneamento b\u00e1sico e tratamento de esgoto resulta em condi\u00e7\u00f5es insalubres, aumentando o risco de doen\u00e7as. Al\u00e9m disso, a aus\u00eancia de espa\u00e7os p\u00fablicos como pra\u00e7as e \u00e1reas de lazer afeta o desenvolvimento social e a qualidade de vida das crian\u00e7as e jovens que vivem nessas comunidades.<\/p>\n<p>O Papel do Poder P\u00fablico e as Demandas da Popula\u00e7\u00e3o<\/p>\n<p>A expans\u00e3o das favelas em Ribeir\u00e3o Preto imp\u00f5e desafios para o poder p\u00fablico, que precisa se adequar para atender \u00e0s demandas de uma popula\u00e7\u00e3o crescente em situa\u00e7\u00e3o de vulnerabilidade. Para especialistas, o aumento de favelas exige a cria\u00e7\u00e3o de pol\u00edticas habitacionais de longo prazo, bem como investimentos em programas de regulariza\u00e7\u00e3o fundi\u00e1ria que ofere\u00e7am a essas fam\u00edlias seguran\u00e7a jur\u00eddica e melhorias em infraestrutura.<\/p>\n<p>A prefeitura de Ribeir\u00e3o Preto tem sido pressionada a adotar medidas que melhorem as condi\u00e7\u00f5es de vida nessas \u00e1reas, mas as a\u00e7\u00f5es ainda s\u00e3o insuficientes para atender \u00e0 demanda. Segundo representantes de associa\u00e7\u00f5es de moradores de favelas, os investimentos em saneamento, seguran\u00e7a e habita\u00e7\u00e3o digna s\u00e3o priorit\u00e1rios para garantir um m\u00ednimo de qualidade de vida aos residentes.<\/p>\n<p>A integra\u00e7\u00e3o de pol\u00edticas sociais que incluam assist\u00eancia social, sa\u00fade e educa\u00e7\u00e3o \u00e9 outro ponto destacado por especialistas. Esses servi\u00e7os s\u00e3o fundamentais para criar condi\u00e7\u00f5es que permitam \u00e0 popula\u00e7\u00e3o em favelas ter perspectivas de melhoria e supera\u00e7\u00e3o da condi\u00e7\u00e3o de vulnerabilidade.<\/p>\n<p>Iniciativas de Apoio e Regulariza\u00e7\u00e3o<\/p>\n<p>Em algumas favelas de Ribeir\u00e3o Preto, organiza\u00e7\u00f5es n\u00e3o governamentais (ONGs) e coletivos comunit\u00e1rios t\u00eam atuado para minimizar os efeitos da exclus\u00e3o social, oferecendo assist\u00eancia e promovendo atividades de conscientiza\u00e7\u00e3o. A\u00e7\u00f5es como cursos profissionalizantes, atendimentos m\u00e9dicos e oficinas educacionais ajudam a fortalecer as comunidades, proporcionando oportunidades de crescimento para seus moradores.<\/p>\n<p>Al\u00e9m disso, existem programas de regulariza\u00e7\u00e3o fundi\u00e1ria que visam conceder t\u00edtulos de propriedade aos moradores de favelas, permitindo que eles tenham uma maior seguran\u00e7a jur\u00eddica em suas resid\u00eancias. No entanto, esses processos muitas vezes s\u00e3o lentos e enfrentam entraves burocr\u00e1ticos, o que acaba atrasando a formaliza\u00e7\u00e3o dessas \u00e1reas e, consequentemente, a implementa\u00e7\u00e3o de melhorias estruturais.<\/p>\n<p>A Urg\u00eancia de Uma Resposta Social e Econ\u00f4mica<\/p>\n<p>O crescimento da popula\u00e7\u00e3o em favelas e a alta concentra\u00e7\u00e3o de pessoas negras nessas \u00e1reas ressaltam a urg\u00eancia de uma resposta abrangente, que envolva tanto o poder p\u00fablico quanto a sociedade civil. Ribeir\u00e3o Preto enfrenta um desafio complexo, que exige uma combina\u00e7\u00e3o de pol\u00edticas habitacionais, a\u00e7\u00f5es de inclus\u00e3o social e apoio econ\u00f4mico para as fam\u00edlias em situa\u00e7\u00e3o de vulnerabilidade.<\/p>\n<p>A inclus\u00e3o da popula\u00e7\u00e3o de favelas no planejamento urbano da cidade, bem como o investimento em moradias.<\/p>\n<p>&#13;<br \/>\n\t\t\t\t<span class=\"post-views-icon dashicons dashicons-chart-bar\"\/> <span class=\"post-views-label\">Visualiza\u00e7\u00f5es:<\/span> <span class=\"post-views-count\">4<\/span>&#13;\n\t\t\t<\/p>\n<\/p><\/div>\n<p><br \/>\n<br \/><a href=\"https:\/\/folhaderibeirao.com.br\/2024\/11\/08\/cresce-a-populacao-em-favelas-de-ribeirao-preto-novo-levantamento-do-ibge-aponta-aumento-de-68\/\">Source link <\/a><\/p>\n<div class='code-block code-block-4' style='margin: 8px auto 8px 0; text-align: left; display: block; clear: both;'>\n\ud83d\udce2 Aviso Legal\n\nO site ismaelcolosi.com.br atua apenas como um canal de divulga\u00e7\u00e3o de oportunidades de emprego e n\u00e3o se responsabiliza pelo processo seletivo, contrata\u00e7\u00e3o ou qualquer outra etapa relacionada \u00e0s vagas publicadas. Todas as informa\u00e7\u00f5es s\u00e3o de responsabilidade dos anunciantes.\n\n\u26a0\ufe0f Aten\u00e7\u00e3o! Nunca pague por promessas de emprego nem compre cursos que garantam contrata\u00e7\u00e3o. Desconfie de qualquer cobran\u00e7a para participar de sele\u00e7\u00f5es.\n\n\n\n<\/div>\n<!-- CONTENT END 1 -->\n","protected":false},"excerpt":{"rendered":"<p>Um levantamento recente do Instituto Brasileiro de Geografia e Estat\u00edstica (IBGE) aponta que a popula\u00e7\u00e3o vivendo em favelas em Ribeir\u00e3o Preto aumentou 68% nos \u00faltimos&#8230;<\/p>\n","protected":false},"author":1,"featured_media":75871,"comment_status":"open","ping_status":"open","sticky":false,"template":"","format":"standard","meta":{"_uag_custom_page_level_css":"","advanced_seo_description":"","jetpack_seo_html_title":"","jetpack_seo_noindex":false,"jetpack_post_was_ever_published":false,"_jetpack_newsletter_access":"","_jetpack_dont_email_post_to_subs":false,"_jetpack_newsletter_tier_id":0,"_jetpack_memberships_contains_paywalled_content":false,"_jetpack_memberships_contains_paid_content":false,"footnotes":"","jetpack_publicize_message":"","jetpack_publicize_feature_enabled":true,"jetpack_social_post_already_shared":true,"jetpack_social_options":{"image_generator_settings":{"template":"highway","default_image_id":0,"font":"","enabled":false},"version":2}},"categories":[11],"tags":[2539,1270,1088,6046,2096,6047,381,1525,27,26],"class_list":["post-75870","post","type-post","status-publish","format-standard","has-post-thumbnail","hentry","category-noticias-de-ribeirao-preto-sp-e-regiao-ismael-colosi","tag-aponta","tag-aumento","tag-cresce","tag-favelas","tag-ibge","tag-levantamento","tag-novo","tag-populacao","tag-preto","tag-ribeirao"],"jetpack_publicize_connections":[],"jetpack_featured_media_url":"https:\/\/i0.wp.com\/ismaelcolosi.com.br\/wp-content\/uploads\/2024\/11\/IMG_9381.webp.webp?fit=1170%2C700&ssl=1","uagb_featured_image_src":{"full":["https:\/\/i0.wp.com\/ismaelcolosi.com.br\/wp-content\/uploads\/2024\/11\/IMG_9381.webp.webp?fit=1170%2C700&ssl=1",1170,700,false],"thumbnail":["https:\/\/i0.wp.com\/ismaelcolosi.com.br\/wp-content\/uploads\/2024\/11\/IMG_9381.webp.webp?resize=150%2C150&ssl=1",150,150,true],"medium":["https:\/\/i0.wp.com\/ismaelcolosi.com.br\/wp-content\/uploads\/2024\/11\/IMG_9381.webp.webp?fit=300%2C179&ssl=1",300,179,true],"medium_large":["https:\/\/i0.wp.com\/ismaelcolosi.com.br\/wp-content\/uploads\/2024\/11\/IMG_9381.webp.webp?fit=768%2C459&ssl=1",768,459,true],"large":["https:\/\/i0.wp.com\/ismaelcolosi.com.br\/wp-content\/uploads\/2024\/11\/IMG_9381.webp.webp?fit=1024%2C613&ssl=1",1024,613,true],"1536x1536":["https:\/\/i0.wp.com\/ismaelcolosi.com.br\/wp-content\/uploads\/2024\/11\/IMG_9381.webp.webp?fit=1170%2C700&ssl=1",1170,700,true],"2048x2048":["https:\/\/i0.wp.com\/ismaelcolosi.com.br\/wp-content\/uploads\/2024\/11\/IMG_9381.webp.webp?fit=1170%2C700&ssl=1",1170,700,true],"really-simple-thumb":["https:\/\/i0.wp.com\/ismaelcolosi.com.br\/wp-content\/uploads\/2024\/11\/IMG_9381.webp.webp?resize=370%2C247&ssl=1",370,247,true]},"uagb_author_info":{"display_name":"ismaelcolosi.com.br","author_link":"https:\/\/ismaelcolosi.com.br\/index.php\/author\/vidareal-online\/"},"uagb_comment_info":0,"uagb_excerpt":"Um levantamento recente do Instituto Brasileiro de Geografia e Estat\u00edstica (IBGE) aponta que a popula\u00e7\u00e3o vivendo em favelas em Ribeir\u00e3o Preto aumentou 68% nos \u00faltimos...","jetpack-related-posts":[{"id":75878,"url":"https:\/\/ismaelcolosi.com.br\/index.php\/2024\/11\/08\/ibge-diz-que-ribeirao-tem-menos-favelas-do-que-afirma-a-prefeitura\/","url_meta":{"origin":75870,"position":0},"title":"IBGE diz que Ribeir\u00e3o tem menos favelas do que afirma a prefeitura","author":"ismaelcolosi.com.br","date":"8 de November de 2024","format":false,"excerpt":"Dados do Censo 2022 divulgados nesta sexta-feira,8 de novembro, pelo Instituto Brasileiro de Geografia e Estat\u00edstica (IBGE) revelou uma discrep\u00e2ncia entre o n\u00famero de favelas existentes em Ribeir\u00e3o Preto, divulgado pela prefeitura e o mais recente levantamento feito pelo Instituto. Segundo dados do Plano Municipal de Sa\u00fade para o per\u00edodo\u2026","rel":"","context":"In &quot;Not\u00edcias de Ribeir\u00e3o Preto-SP e Regi\u00e3o&quot;","block_context":{"text":"Not\u00edcias de Ribeir\u00e3o Preto-SP e Regi\u00e3o","link":"https:\/\/ismaelcolosi.com.br\/index.php\/category\/noticias-de-ribeirao-preto-sp-e-regiao-ismael-colosi\/"},"img":{"alt_text":"","src":"https:\/\/i0.wp.com\/ismaelcolosi.com.br\/wp-content\/uploads\/2024\/11\/imagem-420.jpg?fit=700%2C450&ssl=1&resize=350%2C200","width":350,"height":200,"srcset":"https:\/\/i0.wp.com\/ismaelcolosi.com.br\/wp-content\/uploads\/2024\/11\/imagem-420.jpg?fit=700%2C450&ssl=1&resize=350%2C200 1x, https:\/\/i0.wp.com\/ismaelcolosi.com.br\/wp-content\/uploads\/2024\/11\/imagem-420.jpg?fit=700%2C450&ssl=1&resize=525%2C300 1.5x, https:\/\/i0.wp.com\/ismaelcolosi.com.br\/wp-content\/uploads\/2024\/11\/imagem-420.jpg?fit=700%2C450&ssl=1&resize=700%2C400 2x"},"classes":[]},{"id":75964,"url":"https:\/\/ismaelcolosi.com.br\/index.php\/2024\/11\/08\/prefeitura-explica-diferenca-no-total-de-favelas\/","url_meta":{"origin":75870,"position":1},"title":"Prefeitura explica diferen\u00e7a no total de favelas","author":"ismaelcolosi.com.br","date":"8 de November de 2024","format":false,"excerpt":"8 de novembro de 20248 de novembro de 20240 Compartilhar0 A prefeitura de Ribeir\u00e3o Preto enviou nota ao Tribuna explicando a diferen\u00e7a entre o total de favelas contabilizadas pela prefeitura e o do IBGE divulgado hoje no censo 2022. A prefeitura diz que Ribeir\u00e3o Preto possui 122 ocupa\u00e7\u00f5es irregulares com\u2026","rel":"","context":"In &quot;Not\u00edcias de Ribeir\u00e3o Preto-SP e Regi\u00e3o&quot;","block_context":{"text":"Not\u00edcias de Ribeir\u00e3o Preto-SP e Regi\u00e3o","link":"https:\/\/ismaelcolosi.com.br\/index.php\/category\/noticias-de-ribeirao-preto-sp-e-regiao-ismael-colosi\/"},"img":{"alt_text":"","src":"https:\/\/i0.wp.com\/ismaelcolosi.com.br\/wp-content\/uploads\/2024\/11\/1-39-scaled-1.jpg?fit=700%2C290&ssl=1&resize=350%2C200","width":350,"height":200,"srcset":"https:\/\/i0.wp.com\/ismaelcolosi.com.br\/wp-content\/uploads\/2024\/11\/1-39-scaled-1.jpg?fit=700%2C290&ssl=1&resize=350%2C200 1x, https:\/\/i0.wp.com\/ismaelcolosi.com.br\/wp-content\/uploads\/2024\/11\/1-39-scaled-1.jpg?fit=700%2C290&ssl=1&resize=525%2C300 1.5x, https:\/\/i0.wp.com\/ismaelcolosi.com.br\/wp-content\/uploads\/2024\/11\/1-39-scaled-1.jpg?fit=700%2C290&ssl=1&resize=700%2C400 2x"},"classes":[]},{"id":59980,"url":"https:\/\/ismaelcolosi.com.br\/index.php\/2024\/08\/13\/veja-a-populacao-de-ribeirao-preto-pesquisa-apresenta-novos-numeros\/","url_meta":{"origin":75870,"position":2},"title":"Veja a popula\u00e7\u00e3o de Ribeir\u00e3o Preto; Pesquisa apresenta novos n\u00fameros","author":"ismaelcolosi.com.br","date":"13 de August de 2024","format":false,"excerpt":"Uma nova pesquisa da Funda\u00e7\u00e3o Seade aponta que Ribeir\u00e3o Preto teve um crescimento de 0,8% de habitantes em rela\u00e7\u00e3o ao Censo 2022, divulgados pelo Instituto Brasileiro de Geografia e Estat\u00edstica (IBGE). De acordo com a funda\u00e7\u00e3o, a popula\u00e7\u00e3o total de Ribeir\u00e3o Preto era de 704.874 habitantes. Os dados divulgados apresentam\u2026","rel":"","context":"In &quot;Not\u00edcias de Ribeir\u00e3o Preto-SP e Regi\u00e3o&quot;","block_context":{"text":"Not\u00edcias de Ribeir\u00e3o Preto-SP e Regi\u00e3o","link":"https:\/\/ismaelcolosi.com.br\/index.php\/category\/noticias-de-ribeirao-preto-sp-e-regiao-ismael-colosi\/"},"img":{"alt_text":"","src":"https:\/\/i0.wp.com\/ismaelcolosi.com.br\/wp-content\/uploads\/2024\/08\/1723577921_ribeirao-preto.jpg?fit=1200%2C800&ssl=1&resize=350%2C200","width":350,"height":200,"srcset":"https:\/\/i0.wp.com\/ismaelcolosi.com.br\/wp-content\/uploads\/2024\/08\/1723577921_ribeirao-preto.jpg?fit=1200%2C800&ssl=1&resize=350%2C200 1x, https:\/\/i0.wp.com\/ismaelcolosi.com.br\/wp-content\/uploads\/2024\/08\/1723577921_ribeirao-preto.jpg?fit=1200%2C800&ssl=1&resize=525%2C300 1.5x, https:\/\/i0.wp.com\/ismaelcolosi.com.br\/wp-content\/uploads\/2024\/08\/1723577921_ribeirao-preto.jpg?fit=1200%2C800&ssl=1&resize=700%2C400 2x, https:\/\/i0.wp.com\/ismaelcolosi.com.br\/wp-content\/uploads\/2024\/08\/1723577921_ribeirao-preto.jpg?fit=1200%2C800&ssl=1&resize=1050%2C600 3x"},"classes":[]},{"id":47404,"url":"https:\/\/ismaelcolosi.com.br\/index.php\/2024\/04\/25\/inscricoes-para-taca-das-favelas-ribeirao-preto-estao-abertas-veja-como-participar\/","url_meta":{"origin":75870,"position":3},"title":"Inscri\u00e7\u00f5es para Ta\u00e7a das Favelas Ribeir\u00e3o Preto est\u00e3o abertas; Veja como participar","author":"ismaelcolosi.com.br","date":"25 de April de 2024","format":false,"excerpt":"Est\u00e3o abertas as inscri\u00e7\u00f5es para as equipes que v\u00e3o entrar na disputa da primeira edi\u00e7\u00e3o da Ta\u00e7a das Favelas Ribeir\u00e3o Preto. Podem participar times masculinos e femininos sub-17, que v\u00e3o jogar a final no Est\u00e1dio Santa Cruz. A Ta\u00e7a das Favelas \u00e9 o maior campeonato de futebol entre favelas do\u2026","rel":"","context":"In &quot;Not\u00edcias de Ribeir\u00e3o Preto-SP e Regi\u00e3o&quot;","block_context":{"text":"Not\u00edcias de Ribeir\u00e3o Preto-SP e Regi\u00e3o","link":"https:\/\/ismaelcolosi.com.br\/index.php\/category\/noticias-de-ribeirao-preto-sp-e-regiao-ismael-colosi\/"},"img":{"alt_text":"","src":"https:\/\/i0.wp.com\/ismaelcolosi.com.br\/wp-content\/uploads\/2024\/04\/AnyConv.com__taca-das-favelas.webp.webp?fit=1200%2C803&ssl=1&resize=350%2C200","width":350,"height":200,"srcset":"https:\/\/i0.wp.com\/ismaelcolosi.com.br\/wp-content\/uploads\/2024\/04\/AnyConv.com__taca-das-favelas.webp.webp?fit=1200%2C803&ssl=1&resize=350%2C200 1x, https:\/\/i0.wp.com\/ismaelcolosi.com.br\/wp-content\/uploads\/2024\/04\/AnyConv.com__taca-das-favelas.webp.webp?fit=1200%2C803&ssl=1&resize=525%2C300 1.5x, https:\/\/i0.wp.com\/ismaelcolosi.com.br\/wp-content\/uploads\/2024\/04\/AnyConv.com__taca-das-favelas.webp.webp?fit=1200%2C803&ssl=1&resize=700%2C400 2x, https:\/\/i0.wp.com\/ismaelcolosi.com.br\/wp-content\/uploads\/2024\/04\/AnyConv.com__taca-das-favelas.webp.webp?fit=1200%2C803&ssl=1&resize=1050%2C600 3x"},"classes":[]},{"id":75928,"url":"https:\/\/ismaelcolosi.com.br\/index.php\/2024\/11\/08\/quantas-favelas-existem-em-ribeirao-preto-quais-sao-as-maiores\/","url_meta":{"origin":75870,"position":4},"title":"Quantas favelas existem em Ribeir\u00e3o Preto? Quais s\u00e3o as maiores?","author":"ismaelcolosi.com.br","date":"8 de November de 2024","format":false,"excerpt":"Ribeir\u00e3o Preto tem 23.781 mil pessoas morando em favelas, de acordo com os novos dados do Censo 2022, divulgados nesta sexta-feira (8), pelo IBGE (Instituto Brasileiro de Geografia e Estat\u00edstica). O n\u00famero representa um crescimento de 68,4% se comparado com o resultado divulgado em 2010, quando 14.177 pessoas moravam em\u2026","rel":"","context":"In &quot;Not\u00edcias de Ribeir\u00e3o Preto-SP e Regi\u00e3o&quot;","block_context":{"text":"Not\u00edcias de Ribeir\u00e3o Preto-SP e Regi\u00e3o","link":"https:\/\/ismaelcolosi.com.br\/index.php\/category\/noticias-de-ribeirao-preto-sp-e-regiao-ismael-colosi\/"},"img":{"alt_text":"","src":"https:\/\/i0.wp.com\/ismaelcolosi.com.br\/wp-content\/uploads\/2024\/11\/comunidade_favela_1200x675_08102021072938.jpg?fit=1200%2C675&ssl=1&resize=350%2C200","width":350,"height":200,"srcset":"https:\/\/i0.wp.com\/ismaelcolosi.com.br\/wp-content\/uploads\/2024\/11\/comunidade_favela_1200x675_08102021072938.jpg?fit=1200%2C675&ssl=1&resize=350%2C200 1x, https:\/\/i0.wp.com\/ismaelcolosi.com.br\/wp-content\/uploads\/2024\/11\/comunidade_favela_1200x675_08102021072938.jpg?fit=1200%2C675&ssl=1&resize=525%2C300 1.5x, https:\/\/i0.wp.com\/ismaelcolosi.com.br\/wp-content\/uploads\/2024\/11\/comunidade_favela_1200x675_08102021072938.jpg?fit=1200%2C675&ssl=1&resize=700%2C400 2x, https:\/\/i0.wp.com\/ismaelcolosi.com.br\/wp-content\/uploads\/2024\/11\/comunidade_favela_1200x675_08102021072938.jpg?fit=1200%2C675&ssl=1&resize=1050%2C600 3x"},"classes":[]},{"id":43708,"url":"https:\/\/ismaelcolosi.com.br\/index.php\/2024\/03\/22\/maioria-dos-brasileiros-vive-no-litoral-diz-ibge\/","url_meta":{"origin":75870,"position":5},"title":"Maioria dos brasileiros vive no litoral, diz IBGE\u00a0","author":"ismaelcolosi.com.br","date":"22 de March de 2024","format":false,"excerpt":"22 de mar\u00e7o de 2024 | 18:0022 de mar\u00e7o de 2024 | 12:19 0 Dados do Censo Demogr\u00e1fico 2022 divulgados nesta quinta-feira, 21 de mar\u00e7o, mostram que 111,28 milh\u00f5es de pessoas vivem pr\u00f3ximo ao litoral brasileiro, em uma faixa de territ\u00f3rio que inclui domic\u00edlios localizados a uma dist\u00e2ncia m\u00e1xima de\u2026","rel":"","context":"In &quot;Not\u00edcias de Ribeir\u00e3o Preto-SP e Regi\u00e3o&quot;","block_context":{"text":"Not\u00edcias de Ribeir\u00e3o Preto-SP e Regi\u00e3o","link":"https:\/\/ismaelcolosi.com.br\/index.php\/category\/noticias-de-ribeirao-preto-sp-e-regiao-ismael-colosi\/"},"img":{"alt_text":"","src":"https:\/\/i0.wp.com\/ismaelcolosi.com.br\/wp-content\/uploads\/2024\/03\/Censo2022-Tomaz-Silva-Ag.Br_-scaled.jpg?fit=1000%2C598&ssl=1&resize=350%2C200","width":350,"height":200,"srcset":"https:\/\/i0.wp.com\/ismaelcolosi.com.br\/wp-content\/uploads\/2024\/03\/Censo2022-Tomaz-Silva-Ag.Br_-scaled.jpg?fit=1000%2C598&ssl=1&resize=350%2C200 1x, https:\/\/i0.wp.com\/ismaelcolosi.com.br\/wp-content\/uploads\/2024\/03\/Censo2022-Tomaz-Silva-Ag.Br_-scaled.jpg?fit=1000%2C598&ssl=1&resize=525%2C300 1.5x, https:\/\/i0.wp.com\/ismaelcolosi.com.br\/wp-content\/uploads\/2024\/03\/Censo2022-Tomaz-Silva-Ag.Br_-scaled.jpg?fit=1000%2C598&ssl=1&resize=700%2C400 2x"},"classes":[]}],"jetpack_sharing_enabled":true,"jetpack_shortlink":"https:\/\/wp.me\/pfMlyK-jJI","_links":{"self":[{"href":"https:\/\/ismaelcolosi.com.br\/index.php\/wp-json\/wp\/v2\/posts\/75870","targetHints":{"allow":["GET"]}}],"collection":[{"href":"https:\/\/ismaelcolosi.com.br\/index.php\/wp-json\/wp\/v2\/posts"}],"about":[{"href":"https:\/\/ismaelcolosi.com.br\/index.php\/wp-json\/wp\/v2\/types\/post"}],"author":[{"embeddable":true,"href":"https:\/\/ismaelcolosi.com.br\/index.php\/wp-json\/wp\/v2\/users\/1"}],"replies":[{"embeddable":true,"href":"https:\/\/ismaelcolosi.com.br\/index.php\/wp-json\/wp\/v2\/comments?post=75870"}],"version-history":[{"count":0,"href":"https:\/\/ismaelcolosi.com.br\/index.php\/wp-json\/wp\/v2\/posts\/75870\/revisions"}],"wp:featuredmedia":[{"embeddable":true,"href":"https:\/\/ismaelcolosi.com.br\/index.php\/wp-json\/wp\/v2\/media\/75871"}],"wp:attachment":[{"href":"https:\/\/ismaelcolosi.com.br\/index.php\/wp-json\/wp\/v2\/media?parent=75870"}],"wp:term":[{"taxonomy":"category","embeddable":true,"href":"https:\/\/ismaelcolosi.com.br\/index.php\/wp-json\/wp\/v2\/categories?post=75870"},{"taxonomy":"post_tag","embeddable":true,"href":"https:\/\/ismaelcolosi.com.br\/index.php\/wp-json\/wp\/v2\/tags?post=75870"}],"curies":[{"name":"wp","href":"https:\/\/api.w.org\/{rel}","templated":true}]}}