{"id":75632,"date":"2024-11-07T09:03:45","date_gmt":"2024-11-07T12:03:45","guid":{"rendered":"https:\/\/ismaelcolosi.com.br\/index.php\/2024\/11\/07\/sextas-sonoras-apresenta-especial-consciencia-negra-no-cauim\/"},"modified":"2024-11-07T09:03:45","modified_gmt":"2024-11-07T12:03:45","slug":"sextas-sonoras-apresenta-especial-consciencia-negra-no-cauim","status":"publish","type":"post","link":"https:\/\/ismaelcolosi.com.br\/index.php\/2024\/11\/07\/sextas-sonoras-apresenta-especial-consciencia-negra-no-cauim\/","title":{"rendered":"Sextas Sonoras apresenta &#8220;Especial Consci\u00eancia Negra&#8221; no Cauim"},"content":{"rendered":"<p> <br \/>\n<\/p>\n<div id=\"\">\n<p>\n\t\t\t\t\t\t\t\t\t<span class=\"entry-meta-item penci-posted-on\"><i class=\"fa fa-clock-o\"\/><time class=\"entry-date published\" datetime=\"2024-11-07T09:00:22-03:00\">7 de novembro de 2024<\/time><time class=\"updated\" datetime=\"2024-11-06T16:58:28-03:00\">6 de novembro de 2024<\/time><\/span><span class=\"entry-meta-item penci-post-countview\"><span class=\"entry-meta-item penci-post-countview penci_post-meta_item\"><i class=\"fa fa-eye\"\/><span class=\"penci-post-countview-number penci-post-countview-p409142\">10<\/span><\/span><\/span>\t\t\t\t\t\t\t\t<\/p>\n<p><!-- .entry-meta --><br \/>\n\t\t\t\t\t\t\t\t<span class=\"penci-social-buttons penci-social-share-footer\"><span class=\"penci-social-share-text\">Compartilhar<\/span><a href=\"#\" class=\"penci-post-like penci_post-meta_item  single-like-button penci-social-item like\" data-post_id=\"409142\" title=\"Like\" data-like=\"Like\" data-unlike=\"Unlike\"><i class=\"fa fa-thumbs-o-up\"\/><span class=\"penci-share-number\">0<\/span><\/a><a class=\"penci-social-item facebook\" target=\"_blank\" rel=\"noopener\" title=\"\" href=\"https:\/\/www.facebook.com\/sharer\/sharer.php?u=https%3A%2F%2Fwww.tribunaribeirao.com.br%2Fsextas-sonoras-apresenta-especial-consciencia-negra-no-cauim%2F\"><i class=\"fa fa-facebook\"\/><\/a><a class=\"penci-social-item twitter\" target=\"_blank\" rel=\"noopener\" title=\"\" href=\"https:\/\/twitter.com\/intent\/tweet?text=Sextas%20Sonoras%20apresenta%20-Especial%20Consci\u00eancia%20Negra-%20no%20Cauim%20-%20https:\/\/www.tribunaribeirao.com.br\/sextas-sonoras-apresenta-especial-consciencia-negra-no-cauim\/\"><i class=\"fa fa-twitter\"\/><\/a><a class=\"penci-social-item linkedin\" target=\"_blank\" rel=\"noopener\" title=\"\" href=\"https:\/\/www.linkedin.com\/shareArticle?mini=true&amp;url=https%3A%2F%2Fwww.tribunaribeirao.com.br%2Fsextas-sonoras-apresenta-especial-consciencia-negra-no-cauim%2F&amp;title=Sextas%20Sonoras%20apresenta%20-Especial%20Consci%C3%AAncia%20Negra-%20no%20Cauim\"><i class=\"fa fa-linkedin\"\/><\/a><a class=\"penci-social-item whatsapp\" rel=\"noopener\" data-text=\"Sextas Sonoras apresenta \u201cEspecial Consci\u00eancia Negra\u201d no Cauim\" data-link=\"https:\/\/www.tribunaribeirao.com.br\/sextas-sonoras-apresenta-especial-consciencia-negra-no-cauim\/\" href=\"#\"><i class=\"fa fa-whatsapp\"\/><\/a><a class=\"penci-social-item telegram\" target=\"_blank\" rel=\"noopener\" title=\"\" href=\"https:\/\/telegram.me\/share\/url?url=https%3A%2F%2Fwww.tribunaribeirao.com.br%2Fsextas-sonoras-apresenta-especial-consciencia-negra-no-cauim%2F&amp;text=Sextas%20Sonoras%20apresenta%20-Especial%20Consci%C3%AAncia%20Negra-%20no%20Cauim\"><i class=\"fa fa-telegram\"\/><\/a><a class=\"penci-social-item email\" target=\"_blank\" rel=\"noopener\" href=\"http:\/\/www.tribunaribeirao.com.br\/cdn-cgi\/l\/email-protection#fcc38f899e96999f88c1af9984889d8fd9ceccaf9392938e9d8fd9cecc9d8c8e998f9992889dd9ceccd1b98f8c999f959d90d9ceccbf93928f9f953f56929f959dd9ceccb2999b8e9dd1d9cecc9293d9ceccbf9d899591dadfcccfc4c7beb3b8a5c19488888c8fc6d3d38b8b8bd2888e959e89929d8e959e99958e9d93d29f9391d29e8ed38f9984889d8fd18f9392938e9d8fd19d8c8e998f9992889dd1998f8c999f959d90d19f93928f9f9599929f959dd192999b8e9dd19293d19f9d899591d3\"><i class=\"fa fa-envelope\"\/><\/a><\/span>\t\t\t\t\t\t\t<\/div>\n<div>\n<p>Segunda atra\u00e7\u00e3o da programa\u00e7\u00e3o especial do m\u00eas da Consci\u00eancia Negra, Marcelo Capela &amp; Fogo Novo apresentam um trabalho moldado por muitos anos de experi\u00eancias, estudos e pesquisas do g\u00eanero e levam o p\u00fablico direto ao balan\u00e7o jamaicano sem deixar de lado o original swing brasileiro, numa apresenta\u00e7\u00e3o cheia de energia, milit\u00e2ncia e consci\u00eancia.<\/p>\n<p>Marcelo Capela<\/p>\n<p>Natural de Carapicu\u00edba\/SP, formou sua primeira banda em 1995, a Capela do Reggae, de onde originou seu nome art\u00edstico. Se mudando para Ribeir\u00e3o Preto\/SP, participou das bandas Front Line Reggae Band, Fam\u00edlia Pedra Negra, e atualmente atua como vocalista principal da banda Fogo Novo. Hoje, trabalha disseminando a M\u00fasica Reggae a e Cultura Sound System atrav\u00e9s do Projeto Reggae na Periferia, fortalecendo o movimento na cidade de Ribeir\u00e3o Preto e regi\u00e3o.<\/p>\n<p>Fogo Novo<\/p>\n<p>Formada em 2014 com o objetivo de pesquisar e estudar a musica jamaicana, suas ra\u00edzes e similaridades com a m\u00fasica popular brasileira, a banda Fogo Novo trabalha nos moldes das tradicionais bandas de apoio Jamaicanas, executando vers\u00f5es de cl\u00e1ssicos e reggae riddims gravados pelos est\u00fadios pioneiros da m\u00fasica reggae dos anos 60 e 70.<\/p>\n<p>Ficha T\u00e9cnica<\/p>\n<p>Vocal: Marcelo Capela<br \/>Guitarra e voz: Marcelinho Barbosa<br \/>Baixo: Kall Artes<br \/>Bateria: Alex Ogan<br \/>Teclados : Jhonatan Jhow<br \/>Percuss\u00e3o: Marcelo Kayaman<br \/>Trombone: Guto Calzzani<br \/>Trompete: Junior Calzzani<br \/>T\u00e9cnica: Bruno Fantaccini<\/p>\n<p>O evento come\u00e7a \u00e0s 19h com o som da DJ Sistah Brisah e sua selektah que flui pelos estilos Roots Rockers, Rub-a-Dub, Dancehall, Digital e Steppa. O espa\u00e7o conta com servi\u00e7o de bar no hall de entrada e food truck na \u00e1rea externa, com card\u00e1pio variado.<\/p>\n<p>O ingresso custa s\u00f3 20 reais, d\u00e1 direito a um chopp, e pode ser adquirido na bilheteria do Cauim no dia do show.<\/p>\n<p>A nova casa do Cauim (Memorial do Aqu\u00edfero Guarani) fica na Rua Olavo Bilac, 135, na Vila Seixas.<\/p>\n<p><strong>SERVI\u00c7O<\/strong><\/p>\n<p>O que: Show Marcelo Capela &amp; Fogo Novo + DJ Sistah Brisah.<br \/>Quando: Sexta-feira, 8 de novembro, \u00e0s 20h30 (Abertura da casa \u00e0s 19h).<br \/>Onde: Cineclube Cauim (Memorial do Aqu\u00edfero Guarani). Rua Olavo Bilac, 135, Vila Seixas, Ribeir\u00e3o Preto\/SP.<br \/>Quanto: R$ 20,00 (a compra do ingresso d\u00e1 direito a um chopp).<br \/>Classifica\u00e7\u00e3o et\u00e1ria: Livre.<br \/>Crian\u00e7as at\u00e9 12 anos n\u00e3o pagam.<\/p>\n<\/div>\n<p><script async src=\"\/\/platform.twitter.com\/widgets.js\" charset=\"utf-8\"><\/script><br \/>\n<br \/><br \/>\n<br \/><a href=\"https:\/\/www.tribunaribeirao.com.br\/sextas-sonoras-apresenta-especial-consciencia-negra-no-cauim\/\">Source link <\/a><\/p>\n<div class='code-block code-block-4' style='margin: 8px auto 8px 0; text-align: left; display: block; clear: both;'>\n\ud83d\udce2 Aviso Legal\n\nO site ismaelcolosi.com.br atua apenas como um canal de divulga\u00e7\u00e3o de oportunidades de emprego e n\u00e3o se responsabiliza pelo processo seletivo, contrata\u00e7\u00e3o ou qualquer outra etapa relacionada \u00e0s vagas publicadas. Todas as informa\u00e7\u00f5es s\u00e3o de responsabilidade dos anunciantes.\n\n\u26a0\ufe0f Aten\u00e7\u00e3o! Nunca pague por promessas de emprego nem compre cursos que garantam contrata\u00e7\u00e3o. Desconfie de qualquer cobran\u00e7a para participar de sele\u00e7\u00f5es.\n\n\n\n<\/div>\n<!-- CONTENT END 1 -->\n","protected":false},"excerpt":{"rendered":"<p>7 de novembro de 20246 de novembro de 202410 Compartilhar0 Segunda atra\u00e7\u00e3o da programa\u00e7\u00e3o especial do m\u00eas da Consci\u00eancia Negra, Marcelo Capela &amp; Fogo Novo&#8230;<\/p>\n","protected":false},"author":1,"featured_media":75633,"comment_status":"open","ping_status":"open","sticky":false,"template":"","format":"standard","meta":{"_uag_custom_page_level_css":"","advanced_seo_description":"","jetpack_seo_html_title":"","jetpack_seo_noindex":false,"jetpack_post_was_ever_published":false,"_jetpack_newsletter_access":"","_jetpack_dont_email_post_to_subs":false,"_jetpack_newsletter_tier_id":0,"_jetpack_memberships_contains_paywalled_content":false,"_jetpack_memberships_contains_paid_content":false,"footnotes":"","jetpack_publicize_message":"","jetpack_publicize_feature_enabled":true,"jetpack_social_post_already_shared":true,"jetpack_social_options":{"image_generator_settings":{"template":"highway","default_image_id":0,"font":"","enabled":false},"version":2}},"categories":[11],"tags":[],"class_list":["post-75632","post","type-post","status-publish","format-standard","has-post-thumbnail","hentry","category-noticias-de-ribeirao-preto-sp-e-regiao-ismael-colosi"],"jetpack_publicize_connections":[],"jetpack_featured_media_url":"https:\/\/i0.wp.com\/ismaelcolosi.com.br\/wp-content\/uploads\/2024\/11\/1bde8807-62ba-4ea8-b5e0-c89546415bbd-scaled.jpeg?fit=800%2C443&ssl=1","uagb_featured_image_src":{"full":["https:\/\/i0.wp.com\/ismaelcolosi.com.br\/wp-content\/uploads\/2024\/11\/1bde8807-62ba-4ea8-b5e0-c89546415bbd-scaled.jpeg?fit=800%2C443&ssl=1",800,443,false],"thumbnail":["https:\/\/i0.wp.com\/ismaelcolosi.com.br\/wp-content\/uploads\/2024\/11\/1bde8807-62ba-4ea8-b5e0-c89546415bbd-scaled.jpeg?resize=150%2C150&ssl=1",150,150,true],"medium":["https:\/\/i0.wp.com\/ismaelcolosi.com.br\/wp-content\/uploads\/2024\/11\/1bde8807-62ba-4ea8-b5e0-c89546415bbd-scaled.jpeg?fit=300%2C166&ssl=1",300,166,true],"medium_large":["https:\/\/i0.wp.com\/ismaelcolosi.com.br\/wp-content\/uploads\/2024\/11\/1bde8807-62ba-4ea8-b5e0-c89546415bbd-scaled.jpeg?fit=768%2C425&ssl=1",768,425,true],"large":["https:\/\/i0.wp.com\/ismaelcolosi.com.br\/wp-content\/uploads\/2024\/11\/1bde8807-62ba-4ea8-b5e0-c89546415bbd-scaled.jpeg?fit=800%2C443&ssl=1",800,443,true],"1536x1536":["https:\/\/i0.wp.com\/ismaelcolosi.com.br\/wp-content\/uploads\/2024\/11\/1bde8807-62ba-4ea8-b5e0-c89546415bbd-scaled.jpeg?fit=800%2C443&ssl=1",800,443,true],"2048x2048":["https:\/\/i0.wp.com\/ismaelcolosi.com.br\/wp-content\/uploads\/2024\/11\/1bde8807-62ba-4ea8-b5e0-c89546415bbd-scaled.jpeg?fit=800%2C443&ssl=1",800,443,true],"really-simple-thumb":["https:\/\/i0.wp.com\/ismaelcolosi.com.br\/wp-content\/uploads\/2024\/11\/1bde8807-62ba-4ea8-b5e0-c89546415bbd-scaled.jpeg?resize=370%2C247&ssl=1",370,247,true]},"uagb_author_info":{"display_name":"ismaelcolosi.com.br","author_link":"https:\/\/ismaelcolosi.com.br\/index.php\/author\/vidareal-online\/"},"uagb_comment_info":0,"uagb_excerpt":"7 de novembro de 20246 de novembro de 202410 Compartilhar0 Segunda atra\u00e7\u00e3o da programa\u00e7\u00e3o especial do m\u00eas da Consci\u00eancia Negra, Marcelo Capela &amp; Fogo Novo...","jetpack-related-posts":[{"id":3421,"url":"https:\/\/ismaelcolosi.com.br\/index.php\/2023\/11\/18\/black-friday-veja-as-promocoes-do-shopping-iguatemi-de-ribeirao-preto\/","url_meta":{"origin":75632,"position":0},"title":"Black Friday: Veja as promo\u00e7\u00f5es do Shopping Iguatemi de Ribeir\u00e3o Preto","author":"ismaelcolosi.com.br","date":"18 de November de 2023","format":false,"excerpt":"Falta menos de uma semana para data oficial da Black Friday \u2013 que \u00e9 24 de novembro \u2013 e muitas lojas j\u00e1 iniciaram as promo\u00e7\u00f5es ou j\u00e1 divulgaram a data do in\u00edcio das ofertas. No Shopping Iguatemi, na zona Sul de Ribeir\u00e3o Preto, por exemplo, v\u00e1rias lojas aderiam e divulgaram\u2026","rel":"","context":"In &quot;Not\u00edcias de Ribeir\u00e3o Preto-SP e Regi\u00e3o&quot;","block_context":{"text":"Not\u00edcias de Ribeir\u00e3o Preto-SP e Regi\u00e3o","link":"https:\/\/ismaelcolosi.com.br\/index.php\/category\/noticias-de-ribeirao-preto-sp-e-regiao-ismael-colosi\/"},"img":{"alt_text":"","src":"https:\/\/i0.wp.com\/ismaelcolosi.com.br\/wp-content\/uploads\/2023\/11\/WhatsApp-Image-2023-11-17-at-13.51.16.jpeg?fit=696%2C464&ssl=1&resize=350%2C200","width":350,"height":200,"srcset":"https:\/\/i0.wp.com\/ismaelcolosi.com.br\/wp-content\/uploads\/2023\/11\/WhatsApp-Image-2023-11-17-at-13.51.16.jpeg?fit=696%2C464&ssl=1&resize=350%2C200 1x, https:\/\/i0.wp.com\/ismaelcolosi.com.br\/wp-content\/uploads\/2023\/11\/WhatsApp-Image-2023-11-17-at-13.51.16.jpeg?fit=696%2C464&ssl=1&resize=525%2C300 1.5x"},"classes":[]},{"id":6531,"url":"https:\/\/ismaelcolosi.com.br\/index.php\/2023\/11\/26\/pagamentos-antecipados-do-bolsa-familia-beneficiam-brasileiros\/","url_meta":{"origin":75632,"position":1},"title":"Pagamentos antecipados do Bolsa Fam\u00edlia beneficiam brasileiros","author":"ismaelcolosi.com.br","date":"26 de November de 2023","format":false,"excerpt":"Cr\u00e9ditos: MDAS\/Divulga\u00e7\u00e3oO calend\u00e1rio do Bolsa Fam\u00edlia de novembro est\u00e1 SURPREENDENTE Iniciando uma era de maior agilidade e antecipa\u00e7\u00e3o, o novo calend\u00e1rio do Bolsa Fam\u00edlia, implementado a partir de 17 de novembro, traz mudan\u00e7as significativas que beneficiar\u00e3o mais de 20 milh\u00f5es de fam\u00edlias em todo o Brasil. Neste m\u00eas, os pagamentos\u2026","rel":"","context":"In &quot;Variedades&quot;","block_context":{"text":"Variedades","link":"https:\/\/ismaelcolosi.com.br\/index.php\/category\/variedades\/"},"img":{"alt_text":"","src":"https:\/\/i0.wp.com\/ismaelcolosi.com.br\/wp-content\/uploads\/2023\/11\/bolsa-familia-paga-dinheiro-extra-hoje-saiba-quem-vai-receber.jpg?fit=1200%2C638&ssl=1&resize=350%2C200","width":350,"height":200,"srcset":"https:\/\/i0.wp.com\/ismaelcolosi.com.br\/wp-content\/uploads\/2023\/11\/bolsa-familia-paga-dinheiro-extra-hoje-saiba-quem-vai-receber.jpg?fit=1200%2C638&ssl=1&resize=350%2C200 1x, https:\/\/i0.wp.com\/ismaelcolosi.com.br\/wp-content\/uploads\/2023\/11\/bolsa-familia-paga-dinheiro-extra-hoje-saiba-quem-vai-receber.jpg?fit=1200%2C638&ssl=1&resize=525%2C300 1.5x, https:\/\/i0.wp.com\/ismaelcolosi.com.br\/wp-content\/uploads\/2023\/11\/bolsa-familia-paga-dinheiro-extra-hoje-saiba-quem-vai-receber.jpg?fit=1200%2C638&ssl=1&resize=700%2C400 2x, https:\/\/i0.wp.com\/ismaelcolosi.com.br\/wp-content\/uploads\/2023\/11\/bolsa-familia-paga-dinheiro-extra-hoje-saiba-quem-vai-receber.jpg?fit=1200%2C638&ssl=1&resize=1050%2C600 3x"},"classes":[]},{"id":6473,"url":"https:\/\/ismaelcolosi.com.br\/index.php\/2023\/11\/26\/maes-do-bolsa-familia-recebem-bonus-de-r-50-na-parcela-de-novembro\/","url_meta":{"origin":75632,"position":2},"title":"M\u00e3es do Bolsa Fam\u00edlia recebem b\u00f4nus de R$ 50 na parcela de novembro","author":"ismaelcolosi.com.br","date":"26 de November de 2023","format":false,"excerpt":"Cr\u00e9ditos: Ag\u00eancia Brasil\/ArquivoA novidade mais aguardada do Bolsa Fam\u00edlia de novembro acaba de chegar As m\u00e3es que fazem parte do programa Bolsa Fam\u00edlia t\u00eam um motivo a mais para celebrar neste m\u00eas de novembro. Al\u00e9m dos pagamentos regulares que j\u00e1 beneficiam mais de 20 milh\u00f5es de pessoas, um b\u00f4nus de\u2026","rel":"","context":"In &quot;Variedades&quot;","block_context":{"text":"Variedades","link":"https:\/\/ismaelcolosi.com.br\/index.php\/category\/variedades\/"},"img":{"alt_text":"","src":"https:\/\/i0.wp.com\/ismaelcolosi.com.br\/wp-content\/uploads\/2023\/11\/bolsa-familia-na-conta-saiba-se-voce-vai-receber-hoje.jpg?fit=1200%2C638&ssl=1&resize=350%2C200","width":350,"height":200,"srcset":"https:\/\/i0.wp.com\/ismaelcolosi.com.br\/wp-content\/uploads\/2023\/11\/bolsa-familia-na-conta-saiba-se-voce-vai-receber-hoje.jpg?fit=1200%2C638&ssl=1&resize=350%2C200 1x, https:\/\/i0.wp.com\/ismaelcolosi.com.br\/wp-content\/uploads\/2023\/11\/bolsa-familia-na-conta-saiba-se-voce-vai-receber-hoje.jpg?fit=1200%2C638&ssl=1&resize=525%2C300 1.5x, https:\/\/i0.wp.com\/ismaelcolosi.com.br\/wp-content\/uploads\/2023\/11\/bolsa-familia-na-conta-saiba-se-voce-vai-receber-hoje.jpg?fit=1200%2C638&ssl=1&resize=700%2C400 2x, https:\/\/i0.wp.com\/ismaelcolosi.com.br\/wp-content\/uploads\/2023\/11\/bolsa-familia-na-conta-saiba-se-voce-vai-receber-hoje.jpg?fit=1200%2C638&ssl=1&resize=1050%2C600 3x"},"classes":[]},{"id":22944,"url":"https:\/\/ismaelcolosi.com.br\/index.php\/2023\/12\/31\/brasil-bate-recorde-de-consumo-de-energia-eletrica-pelo-segundo-mes-consecutivo-em-novembro\/","url_meta":{"origin":75632,"position":3},"title":"Brasil bate recorde de consumo de energia el\u00e9trica pelo segundo m\u00eas consecutivo em novembro","author":"ismaelcolosi.com.br","date":"31 de December de 2023","format":false,"excerpt":"31 de dezembro de 2023 | 15:0030 de dezembro de 2023 | 17:07 0O Brasil bateu o segundo recorde consecutivo de consumo de energia el\u00e9trica em novembro, atingindo 46.407 gigawatts-hora (GWh), alta de 8,5% em compara\u00e7\u00e3o com novembro de 2022, informou a Empresa de Pesquisa Energ\u00e9tica (EPE). Segundo a autarquia,\u2026","rel":"","context":"In &quot;Not\u00edcias de Ribeir\u00e3o Preto-SP e Regi\u00e3o&quot;","block_context":{"text":"Not\u00edcias de Ribeir\u00e3o Preto-SP e Regi\u00e3o","link":"https:\/\/ismaelcolosi.com.br\/index.php\/category\/noticias-de-ribeirao-preto-sp-e-regiao-ismael-colosi\/"},"img":{"alt_text":"","src":"https:\/\/i0.wp.com\/ismaelcolosi.com.br\/wp-content\/uploads\/2023\/12\/35353960-6181-460a-bf82-25eb45dff665-1.jpg?fit=684%2C460&ssl=1&resize=350%2C200","width":350,"height":200,"srcset":"https:\/\/i0.wp.com\/ismaelcolosi.com.br\/wp-content\/uploads\/2023\/12\/35353960-6181-460a-bf82-25eb45dff665-1.jpg?fit=684%2C460&ssl=1&resize=350%2C200 1x, https:\/\/i0.wp.com\/ismaelcolosi.com.br\/wp-content\/uploads\/2023\/12\/35353960-6181-460a-bf82-25eb45dff665-1.jpg?fit=684%2C460&ssl=1&resize=525%2C300 1.5x"},"classes":[]},{"id":22399,"url":"https:\/\/ismaelcolosi.com.br\/index.php\/2023\/12\/29\/taxa-de-desocupacao-no-trimestre-ate-novembro-e-a-menor-desde-fevereiro-de-2015\/","url_meta":{"origin":75632,"position":4},"title":"Taxa de desocupa\u00e7\u00e3o no trimestre at\u00e9 novembro \u00e9 a menor desde fevereiro de 2015","author":"ismaelcolosi.com.br","date":"29 de December de 2023","format":false,"excerpt":"29 de dezembro de 2023 | 17:0029 de dezembro de 2023 | 11:41 0A taxa de desocupa\u00e7\u00e3o caiu de 7,8% no trimestre terminado em agosto para 7,5% no trimestre encerrado em novembro, menor resultado desde fevereiro de 2015, quando tamb\u00e9m foi de 7,5%. Os dados s\u00e3o da Pesquisa Nacional por\u2026","rel":"","context":"In &quot;Not\u00edcias de Ribeir\u00e3o Preto-SP e Regi\u00e3o&quot;","block_context":{"text":"Not\u00edcias de Ribeir\u00e3o Preto-SP e Regi\u00e3o","link":"https:\/\/ismaelcolosi.com.br\/index.php\/category\/noticias-de-ribeirao-preto-sp-e-regiao-ismael-colosi\/"},"img":{"alt_text":"","src":"https:\/\/i0.wp.com\/ismaelcolosi.com.br\/wp-content\/uploads\/2023\/12\/CagedRP-Marcelo-Camargo-Ag.Br_-scaled.jpg?fit=1000%2C598&ssl=1&resize=350%2C200","width":350,"height":200,"srcset":"https:\/\/i0.wp.com\/ismaelcolosi.com.br\/wp-content\/uploads\/2023\/12\/CagedRP-Marcelo-Camargo-Ag.Br_-scaled.jpg?fit=1000%2C598&ssl=1&resize=350%2C200 1x, https:\/\/i0.wp.com\/ismaelcolosi.com.br\/wp-content\/uploads\/2023\/12\/CagedRP-Marcelo-Camargo-Ag.Br_-scaled.jpg?fit=1000%2C598&ssl=1&resize=525%2C300 1.5x, https:\/\/i0.wp.com\/ismaelcolosi.com.br\/wp-content\/uploads\/2023\/12\/CagedRP-Marcelo-Camargo-Ag.Br_-scaled.jpg?fit=1000%2C598&ssl=1&resize=700%2C400 2x"},"classes":[]},{"id":20971,"url":"https:\/\/ismaelcolosi.com.br\/index.php\/2023\/12\/26\/desmatamento-na-amazonia-registra-maior-queda-do-ano-em-novembro\/","url_meta":{"origin":75632,"position":5},"title":"Desmatamento na Amaz\u00f4nia registra maior queda do ano em novembro","author":"ismaelcolosi.com.br","date":"26 de December de 2023","format":false,"excerpt":"26 de dezembro de 2023 | 17:0026 de dezembro de 2023 | 14:48 0Em novembro, a Amaz\u00f4nia registrou a maior queda na taxa de desmatamento de todo o ano. Levantamento do Imazon, consolidado a partir do monitoramento por sat\u00e9lites, indica que a perda de vegeta\u00e7\u00e3o foi de 116 quil\u00f4metros quadrados\u2026","rel":"","context":"In &quot;Not\u00edcias de Ribeir\u00e3o Preto-SP e Regi\u00e3o&quot;","block_context":{"text":"Not\u00edcias de Ribeir\u00e3o Preto-SP e Regi\u00e3o","link":"https:\/\/ismaelcolosi.com.br\/index.php\/category\/noticias-de-ribeirao-preto-sp-e-regiao-ismael-colosi\/"},"img":{"alt_text":"","src":"https:\/\/i0.wp.com\/ismaelcolosi.com.br\/wp-content\/uploads\/2023\/12\/amazonia-scaled.jpg?fit=1000%2C598&ssl=1&resize=350%2C200","width":350,"height":200,"srcset":"https:\/\/i0.wp.com\/ismaelcolosi.com.br\/wp-content\/uploads\/2023\/12\/amazonia-scaled.jpg?fit=1000%2C598&ssl=1&resize=350%2C200 1x, https:\/\/i0.wp.com\/ismaelcolosi.com.br\/wp-content\/uploads\/2023\/12\/amazonia-scaled.jpg?fit=1000%2C598&ssl=1&resize=525%2C300 1.5x, https:\/\/i0.wp.com\/ismaelcolosi.com.br\/wp-content\/uploads\/2023\/12\/amazonia-scaled.jpg?fit=1000%2C598&ssl=1&resize=700%2C400 2x"},"classes":[]}],"jetpack_sharing_enabled":true,"jetpack_shortlink":"https:\/\/wp.me\/pfMlyK-jFS","_links":{"self":[{"href":"https:\/\/ismaelcolosi.com.br\/index.php\/wp-json\/wp\/v2\/posts\/75632","targetHints":{"allow":["GET"]}}],"collection":[{"href":"https:\/\/ismaelcolosi.com.br\/index.php\/wp-json\/wp\/v2\/posts"}],"about":[{"href":"https:\/\/ismaelcolosi.com.br\/index.php\/wp-json\/wp\/v2\/types\/post"}],"author":[{"embeddable":true,"href":"https:\/\/ismaelcolosi.com.br\/index.php\/wp-json\/wp\/v2\/users\/1"}],"replies":[{"embeddable":true,"href":"https:\/\/ismaelcolosi.com.br\/index.php\/wp-json\/wp\/v2\/comments?post=75632"}],"version-history":[{"count":0,"href":"https:\/\/ismaelcolosi.com.br\/index.php\/wp-json\/wp\/v2\/posts\/75632\/revisions"}],"wp:featuredmedia":[{"embeddable":true,"href":"https:\/\/ismaelcolosi.com.br\/index.php\/wp-json\/wp\/v2\/media\/75633"}],"wp:attachment":[{"href":"https:\/\/ismaelcolosi.com.br\/index.php\/wp-json\/wp\/v2\/media?parent=75632"}],"wp:term":[{"taxonomy":"category","embeddable":true,"href":"https:\/\/ismaelcolosi.com.br\/index.php\/wp-json\/wp\/v2\/categories?post=75632"},{"taxonomy":"post_tag","embeddable":true,"href":"https:\/\/ismaelcolosi.com.br\/index.php\/wp-json\/wp\/v2\/tags?post=75632"}],"curies":[{"name":"wp","href":"https:\/\/api.w.org\/{rel}","templated":true}]}}