{"id":75323,"date":"2024-11-05T15:16:18","date_gmt":"2024-11-05T18:16:18","guid":{"rendered":"https:\/\/ismaelcolosi.com.br\/index.php\/2024\/11\/05\/escritor-de-rp-e-finalista-do-premio-jabuti\/"},"modified":"2024-11-05T15:16:18","modified_gmt":"2024-11-05T18:16:18","slug":"escritor-de-rp-e-finalista-do-premio-jabuti","status":"publish","type":"post","link":"https:\/\/ismaelcolosi.com.br\/index.php\/2024\/11\/05\/escritor-de-rp-e-finalista-do-premio-jabuti\/","title":{"rendered":"Escritor de RP \u00e9 finalista do Pr\u00eamio Jabuti"},"content":{"rendered":"<p> <br \/>\n<\/p>\n<div>\n<p>O escritor Andr\u00e9 Lu\u00eds Oliveira, de Ribeir\u00e3o Preto, est\u00e1 entre cinco finalistas do Pr\u00eamio Jabuti 2024, um dos principais da literatura brasileira.<\/p>\n<p>O autor foi indicado na categoria livro infantil com a obra \u201cO Menino que Andava sobre Hipop\u00f3tamos\u201d. A lista com os cinco finalistas de cada uma das 22 categorias foi divulgada nesta ter\u00e7a-feira, 5.<\/p><div class='code-block code-block-8' style='margin: 8px auto; text-align: center; display: block; clear: both;'>\n<script>\n  atOptions = {\n    'key' : '66e2e2111ca34da796271819fc334058',\n    'format' : 'iframe',\n    'height' : 250,\n    'width' : 300,\n    'params' : {}\n  };\n<\/script>\n<script src=\"https:\/\/www.highperformanceformat.com\/66e2e2111ca34da796271819fc334058\/invoke.js\"><\/script>\n<\/div>\n\n<p>Os vencedores de cada categoria e o ganhador do Livro do Ano ser\u00e3o revelados na cerim\u00f4nia de premia\u00e7\u00e3o realizada no Audit\u00f3rio Ibirapuera em 19 de novembro.<\/p>\n<p>\u00a0<\/p>\n<p><strong>Sinopse<\/strong><br \/>O menino \u00cdcaro lan\u00e7ou o desafio: \u201cDuvido que voc\u00ea tem coragem de atravessar esse rio pisando nas costas dos hipop\u00f3tamos\u2026\u201d. Esse desafio e muitas descobertas est\u00e3o guardados para os moradores de Ao P\u00e9 da Letra, assim como para a fam\u00edlia de \u00cdcaro, que atravessou os mares para fixar resid\u00eancia naquele reino onde os moradores economizam palavras e sorrisos. Mas \u00cdcaro e seus pais, com um jeito inventivo e divertido de viver naquele lugar, v\u00e3o transformando a forma de olhar o mundo dos novos vizinhos e amigos.<\/p>\n<p>\u00a0<\/p>\n<p><strong>Confira os finalistas da categoria \u201cInfantil\u201d<\/strong><\/p>\n<p>T\u00edtulo:\u00a0<strong>A menina com os p\u00e9s no ch\u00e3o\u00a0<\/strong>\u00a0|\u00a0Autora:\u00a0<strong>Mariana Brecht, Lumina Pirilampus\u00a0<\/strong>\u00a0|\u00a0Editora:\u00a0<strong>Florear Livros<\/strong><\/p>\n<p>T\u00edtulo:\u00a0<strong>Cabo de guerra\u00a0<\/strong>\u00a0|\u00a0Autores:\u00a0<strong>Guilherme Karsten, Ilan Brenman<\/strong>\u00a0|\u00a0Editora:\u00a0<strong>Santillana Educa\u00e7\u00e3o<\/strong><\/p>\n<p>T\u00edtulo:\u00a0<strong>O menino que andava sobre hipop\u00f3tamos<\/strong>\u00a0|\u00a0Autores:\u00a0<strong>Andr\u00e9 Luis Oliveira, Ana Laura Alvarenga<\/strong>\u00a0|\u00a0Editora:\u00a0<strong>Estrela Cultural<\/strong><\/p>\n<p>T\u00edtulo:\u00a0<strong>O voo do ovo\u00a0<\/strong>\u00a0|\u00a0Autor(a):\u00a0<strong>Raquel Matsushita\u00a0<\/strong>\u00a0|\u00a0Editora(s):\u00a0<strong>PeraBook<\/strong><\/p>\n<\/div>\n<p><br \/>\n<br \/><a href=\"https:\/\/www.tribunaribeirao.com.br\/escritor-de-rp-e-finalista-do-premio-jabuti\/\">Source link <\/a><\/p>\n<div class='code-block code-block-4' style='margin: 8px auto 8px 0; text-align: left; display: block; clear: both;'>\n\ud83d\udce2 Aviso Legal\n\nO site ismaelcolosi.com.br atua apenas como um canal de divulga\u00e7\u00e3o de oportunidades de emprego e n\u00e3o se responsabiliza pelo processo seletivo, contrata\u00e7\u00e3o ou qualquer outra etapa relacionada \u00e0s vagas publicadas. Todas as informa\u00e7\u00f5es s\u00e3o de responsabilidade dos anunciantes.\n\n\u26a0\ufe0f Aten\u00e7\u00e3o! Nunca pague por promessas de emprego nem compre cursos que garantam contrata\u00e7\u00e3o. Desconfie de qualquer cobran\u00e7a para participar de sele\u00e7\u00f5es.\n\n\n\n<\/div>\n<!-- CONTENT END 1 -->\n","protected":false},"excerpt":{"rendered":"<p>O escritor Andr\u00e9 Lu\u00eds Oliveira, de Ribeir\u00e3o Preto, est\u00e1 entre cinco finalistas do Pr\u00eamio Jabuti 2024, um dos principais da literatura brasileira. O autor foi&#8230;<\/p>\n","protected":false},"author":1,"featured_media":75324,"comment_status":"open","ping_status":"open","sticky":false,"template":"","format":"standard","meta":{"_uag_custom_page_level_css":"","advanced_seo_description":"","jetpack_seo_html_title":"","jetpack_seo_noindex":false,"jetpack_post_was_ever_published":false,"_jetpack_newsletter_access":"","_jetpack_dont_email_post_to_subs":false,"_jetpack_newsletter_tier_id":0,"_jetpack_memberships_contains_paywalled_content":false,"_jetpack_memberships_contains_paid_content":false,"footnotes":"","jetpack_publicize_message":"","jetpack_publicize_feature_enabled":true,"jetpack_social_post_already_shared":true,"jetpack_social_options":{"image_generator_settings":{"template":"highway","default_image_id":0,"font":"","enabled":false},"version":2}},"categories":[11],"tags":[],"class_list":["post-75323","post","type-post","status-publish","format-standard","has-post-thumbnail","hentry","category-noticias-de-ribeirao-preto-sp-e-regiao-ismael-colosi"],"jetpack_publicize_connections":[],"jetpack_featured_media_url":"https:\/\/i0.wp.com\/ismaelcolosi.com.br\/wp-content\/uploads\/2024\/11\/909c4f84b080dd5d86e6ede76e427885.jpg?fit=702%2C439&ssl=1","uagb_featured_image_src":{"full":["https:\/\/i0.wp.com\/ismaelcolosi.com.br\/wp-content\/uploads\/2024\/11\/909c4f84b080dd5d86e6ede76e427885.jpg?fit=702%2C439&ssl=1",702,439,false],"thumbnail":["https:\/\/i0.wp.com\/ismaelcolosi.com.br\/wp-content\/uploads\/2024\/11\/909c4f84b080dd5d86e6ede76e427885.jpg?resize=150%2C150&ssl=1",150,150,true],"medium":["https:\/\/i0.wp.com\/ismaelcolosi.com.br\/wp-content\/uploads\/2024\/11\/909c4f84b080dd5d86e6ede76e427885.jpg?fit=300%2C188&ssl=1",300,188,true],"medium_large":["https:\/\/i0.wp.com\/ismaelcolosi.com.br\/wp-content\/uploads\/2024\/11\/909c4f84b080dd5d86e6ede76e427885.jpg?fit=702%2C439&ssl=1",702,439,true],"large":["https:\/\/i0.wp.com\/ismaelcolosi.com.br\/wp-content\/uploads\/2024\/11\/909c4f84b080dd5d86e6ede76e427885.jpg?fit=702%2C439&ssl=1",702,439,true],"1536x1536":["https:\/\/i0.wp.com\/ismaelcolosi.com.br\/wp-content\/uploads\/2024\/11\/909c4f84b080dd5d86e6ede76e427885.jpg?fit=702%2C439&ssl=1",702,439,true],"2048x2048":["https:\/\/i0.wp.com\/ismaelcolosi.com.br\/wp-content\/uploads\/2024\/11\/909c4f84b080dd5d86e6ede76e427885.jpg?fit=702%2C439&ssl=1",702,439,true],"really-simple-thumb":["https:\/\/i0.wp.com\/ismaelcolosi.com.br\/wp-content\/uploads\/2024\/11\/909c4f84b080dd5d86e6ede76e427885.jpg?resize=370%2C247&ssl=1",370,247,true]},"uagb_author_info":{"display_name":"ismaelcolosi.com.br","author_link":"https:\/\/ismaelcolosi.com.br\/index.php\/author\/vidareal-online\/"},"uagb_comment_info":0,"uagb_excerpt":"O escritor Andr\u00e9 Lu\u00eds Oliveira, de Ribeir\u00e3o Preto, est\u00e1 entre cinco finalistas do Pr\u00eamio Jabuti 2024, um dos principais da literatura brasileira. O autor foi...","jetpack-related-posts":[{"id":73308,"url":"https:\/\/ismaelcolosi.com.br\/index.php\/2024\/10\/25\/escritor-de-ribeirao-preto-esta-entre-os-semifinalistas-do-premio-jabuti\/","url_meta":{"origin":75323,"position":0},"title":"Escritor de Ribeir\u00e3o Preto est\u00e1 entre os semifinalistas do Pr\u00eamio Jabuti","author":"ismaelcolosi.com.br","date":"25 de October de 2024","format":false,"excerpt":"O escritor Andr\u00e9 Lu\u00eds Oliveira, de Ribeir\u00e3o Preto, est\u00e1 entre os semifinalistas do Pr\u00eamio Jabuti, um dos principais da literatura brasileira. A lista com os 10 semifinalistas de cada uma das 22 categorias na \u00faltima quinta-feira (24) pela CBL (C\u00e2mara Brasileira do Livro). Andr\u00e9 Lu\u00eds concorre na categoria literatura \u201cInfantil\u201d,\u2026","rel":"","context":"In &quot;Not\u00edcias de Ribeir\u00e3o Preto-SP e Regi\u00e3o&quot;","block_context":{"text":"Not\u00edcias de Ribeir\u00e3o Preto-SP e Regi\u00e3o","link":"https:\/\/ismaelcolosi.com.br\/index.php\/category\/noticias-de-ribeirao-preto-sp-e-regiao-ismael-colosi\/"},"img":{"alt_text":"","src":"https:\/\/i0.wp.com\/ismaelcolosi.com.br\/wp-content\/uploads\/2024\/10\/andre-luis-oliveira_2024-10-25_18-27-14_jpg_2024-10-25_18-27-14.webp.webp?fit=856%2C619&ssl=1&resize=350%2C200","width":350,"height":200,"srcset":"https:\/\/i0.wp.com\/ismaelcolosi.com.br\/wp-content\/uploads\/2024\/10\/andre-luis-oliveira_2024-10-25_18-27-14_jpg_2024-10-25_18-27-14.webp.webp?fit=856%2C619&ssl=1&resize=350%2C200 1x, https:\/\/i0.wp.com\/ismaelcolosi.com.br\/wp-content\/uploads\/2024\/10\/andre-luis-oliveira_2024-10-25_18-27-14_jpg_2024-10-25_18-27-14.webp.webp?fit=856%2C619&ssl=1&resize=525%2C300 1.5x, https:\/\/i0.wp.com\/ismaelcolosi.com.br\/wp-content\/uploads\/2024\/10\/andre-luis-oliveira_2024-10-25_18-27-14_jpg_2024-10-25_18-27-14.webp.webp?fit=856%2C619&ssl=1&resize=700%2C400 2x"},"classes":[]},{"id":55345,"url":"https:\/\/ismaelcolosi.com.br\/index.php\/2024\/07\/02\/ribeirao-preto-recebe-festival-literatura-brasileira-veja-a-programacao\/","url_meta":{"origin":75323,"position":1},"title":"Ribeir\u00e3o Preto recebe Festival Literatura Brasileira; Veja a programa\u00e7\u00e3o","author":"ismaelcolosi.com.br","date":"2 de July de 2024","format":false,"excerpt":"Ribeir\u00e3o Preto recebe o \u201cFestival Literatura Brasileira no XXI\u201d, nesta quarta-feira (3), a partir das 19h, na Biblioteca Sinh\u00e1 Junqueira, no Centro. O evento \u00e9 gratuito e aberto ao p\u00fablico e tem o intuito de divulgar, promover e incentivar di\u00e1logos de obras liter\u00e1rias produzidas no in\u00edcio do s\u00e9culo XXI. A\u2026","rel":"","context":"In &quot;Not\u00edcias de Ribeir\u00e3o Preto-SP e Regi\u00e3o&quot;","block_context":{"text":"Not\u00edcias de Ribeir\u00e3o Preto-SP e Regi\u00e3o","link":"https:\/\/ismaelcolosi.com.br\/index.php\/category\/noticias-de-ribeirao-preto-sp-e-regiao-ismael-colosi\/"},"img":{"alt_text":"","src":"https:\/\/i0.wp.com\/ismaelcolosi.com.br\/wp-content\/uploads\/2024\/07\/BSJ-FACHADA_2024-07-02_14-53-31_jpg_2024-07-02_14-53-31.webp.webp?fit=1200%2C800&ssl=1&resize=350%2C200","width":350,"height":200,"srcset":"https:\/\/i0.wp.com\/ismaelcolosi.com.br\/wp-content\/uploads\/2024\/07\/BSJ-FACHADA_2024-07-02_14-53-31_jpg_2024-07-02_14-53-31.webp.webp?fit=1200%2C800&ssl=1&resize=350%2C200 1x, https:\/\/i0.wp.com\/ismaelcolosi.com.br\/wp-content\/uploads\/2024\/07\/BSJ-FACHADA_2024-07-02_14-53-31_jpg_2024-07-02_14-53-31.webp.webp?fit=1200%2C800&ssl=1&resize=525%2C300 1.5x, https:\/\/i0.wp.com\/ismaelcolosi.com.br\/wp-content\/uploads\/2024\/07\/BSJ-FACHADA_2024-07-02_14-53-31_jpg_2024-07-02_14-53-31.webp.webp?fit=1200%2C800&ssl=1&resize=700%2C400 2x, https:\/\/i0.wp.com\/ismaelcolosi.com.br\/wp-content\/uploads\/2024\/07\/BSJ-FACHADA_2024-07-02_14-53-31_jpg_2024-07-02_14-53-31.webp.webp?fit=1200%2C800&ssl=1&resize=1050%2C600 3x"},"classes":[]},{"id":11577,"url":"https:\/\/ismaelcolosi.com.br\/index.php\/2023\/12\/06\/ruy-castro-vence-melhor-romance-literario-no-premio-jabuti\/","url_meta":{"origin":75323,"position":2},"title":"Ruy Castro vence Melhor Romance Liter\u00e1rio no Pr\u00eamio Jabuti","author":"ismaelcolosi.com.br","date":"6 de December de 2023","format":false,"excerpt":"6 de dezembro de 2023 | 13:006 de dezembro de 2023 | 9:05 0Os vencedores da 65\u00aa edi\u00e7\u00e3o do Pr\u00eamio Jabuti foram anunciados na ter\u00e7a-feira, 5. A cerim\u00f4nia aconteceu no Theatro Municipal de S\u00e3o Paulo e foi transmitida no canal da C\u00e2mara Brasileira do Livro (CBL) no YouTube.O ganhador do\u2026","rel":"","context":"In &quot;Not\u00edcias de Ribeir\u00e3o Preto-SP e Regi\u00e3o&quot;","block_context":{"text":"Not\u00edcias de Ribeir\u00e3o Preto-SP e Regi\u00e3o","link":"https:\/\/ismaelcolosi.com.br\/index.php\/category\/noticias-de-ribeirao-preto-sp-e-regiao-ismael-colosi\/"},"img":{"alt_text":"","src":"https:\/\/i0.wp.com\/ismaelcolosi.com.br\/wp-content\/uploads\/2023\/12\/rui-castro.jpg?fit=840%2C560&ssl=1&resize=350%2C200","width":350,"height":200,"srcset":"https:\/\/i0.wp.com\/ismaelcolosi.com.br\/wp-content\/uploads\/2023\/12\/rui-castro.jpg?fit=840%2C560&ssl=1&resize=350%2C200 1x, https:\/\/i0.wp.com\/ismaelcolosi.com.br\/wp-content\/uploads\/2023\/12\/rui-castro.jpg?fit=840%2C560&ssl=1&resize=525%2C300 1.5x, https:\/\/i0.wp.com\/ismaelcolosi.com.br\/wp-content\/uploads\/2023\/12\/rui-castro.jpg?fit=840%2C560&ssl=1&resize=700%2C400 2x"},"classes":[]},{"id":41083,"url":"https:\/\/ismaelcolosi.com.br\/index.php\/2024\/03\/06\/apos-censura-o-livro-foi-parar-entre-os-10-mais-vendidos-da-amazon-brasil\/","url_meta":{"origin":75323,"position":3},"title":"Ap\u00f3s censura, o livro foi parar entre os 10 mais vendidos da Amazon Brasil","author":"ismaelcolosi.com.br","date":"6 de March de 2024","format":false,"excerpt":"6 de mar\u00e7o de 2024 | 15:306 de mar\u00e7o de 2024 | 13:58 0O livro \u201cO Avesso da Pele\u201d, de Jefferson Ten\u00f3rio, entrou na lista de mais vendidos da Amazon ap\u00f3s ter sido alvo de cr\u00edticas e de censura no Rio Grande do Sul e no Paran\u00e1. O livro foi\u2026","rel":"","context":"In &quot;Not\u00edcias de Ribeir\u00e3o Preto-SP e Regi\u00e3o&quot;","block_context":{"text":"Not\u00edcias de Ribeir\u00e3o Preto-SP e Regi\u00e3o","link":"https:\/\/ismaelcolosi.com.br\/index.php\/category\/noticias-de-ribeirao-preto-sp-e-regiao-ismael-colosi\/"},"img":{"alt_text":"","src":"https:\/\/i0.wp.com\/ismaelcolosi.com.br\/wp-content\/uploads\/2024\/03\/1709750265_acc53700-4cd8-4bdf-946b-56e916b723ee-scaled.jpg?fit=1000%2C598&ssl=1&resize=350%2C200","width":350,"height":200,"srcset":"https:\/\/i0.wp.com\/ismaelcolosi.com.br\/wp-content\/uploads\/2024\/03\/1709750265_acc53700-4cd8-4bdf-946b-56e916b723ee-scaled.jpg?fit=1000%2C598&ssl=1&resize=350%2C200 1x, https:\/\/i0.wp.com\/ismaelcolosi.com.br\/wp-content\/uploads\/2024\/03\/1709750265_acc53700-4cd8-4bdf-946b-56e916b723ee-scaled.jpg?fit=1000%2C598&ssl=1&resize=525%2C300 1.5x, https:\/\/i0.wp.com\/ismaelcolosi.com.br\/wp-content\/uploads\/2024\/03\/1709750265_acc53700-4cd8-4bdf-946b-56e916b723ee-scaled.jpg?fit=1000%2C598&ssl=1&resize=700%2C400 2x"},"classes":[]},{"id":1131,"url":"https:\/\/ismaelcolosi.com.br\/index.php\/2023\/11\/10\/jurado-do-jabuti-diz-que-nao-indicaria-livro-se-soubesse-que-ilustracao-foi-feita-por-ia\/","url_meta":{"origin":75323,"position":4},"title":"Jurado do Jabuti diz que n\u00e3o indicaria livro se soubesse que ilustra\u00e7\u00e3o foi feita por IA","author":"ismaelcolosi.com.br","date":"10 de November de 2023","format":false,"excerpt":"O Pr\u00eamio Jabuti, uma das mais importantes premia\u00e7\u00f5es da literatura brasileira, indicou um livro feito a partir de intelig\u00eancia artificial para a categoria de melhor ilustra\u00e7\u00e3o do ano. Os semifinalistas de 2023 foram anunciados nesta quinta-feira, 9.A obra em quest\u00e3o \u00e9 uma edi\u00e7\u00e3o do cl\u00e1ssico\u00a0Frankenstein, de Mary Shelley, lan\u00e7ado pela\u2026","rel":"","context":"In &quot;Not\u00edcias de Ribeir\u00e3o Preto-SP e Regi\u00e3o&quot;","block_context":{"text":"Not\u00edcias de Ribeir\u00e3o Preto-SP e Regi\u00e3o","link":"https:\/\/ismaelcolosi.com.br\/index.php\/category\/noticias-de-ribeirao-preto-sp-e-regiao-ismael-colosi\/"},"img":{"alt_text":"","src":"https:\/\/i0.wp.com\/ismaelcolosi.com.br\/wp-content\/uploads\/2023\/11\/inteligencia-artificial.jpg?fit=968%2C645&ssl=1&resize=350%2C200","width":350,"height":200,"srcset":"https:\/\/i0.wp.com\/ismaelcolosi.com.br\/wp-content\/uploads\/2023\/11\/inteligencia-artificial.jpg?fit=968%2C645&ssl=1&resize=350%2C200 1x, https:\/\/i0.wp.com\/ismaelcolosi.com.br\/wp-content\/uploads\/2023\/11\/inteligencia-artificial.jpg?fit=968%2C645&ssl=1&resize=525%2C300 1.5x, https:\/\/i0.wp.com\/ismaelcolosi.com.br\/wp-content\/uploads\/2023\/11\/inteligencia-artificial.jpg?fit=968%2C645&ssl=1&resize=700%2C400 2x"},"classes":[]},{"id":75308,"url":"https:\/\/ismaelcolosi.com.br\/index.php\/2024\/11\/05\/escritor-de-ribeirao-preto-e-finalista-do-premio-jabuti\/","url_meta":{"origin":75323,"position":5},"title":"Escritor de Ribeir\u00e3o Preto \u00e9 finalista do Pr\u00eamio Jabuti","author":"ismaelcolosi.com.br","date":"5 de November de 2024","format":false,"excerpt":"A CBL (C\u00e2mara Brasileira do Livro) anunciou nesta ter\u00e7a-feira (5) os finalistas da 66\u00aa edi\u00e7\u00e3o do Pr\u00eamio Jabuti, uma das mais tradicionais premia\u00e7\u00f5es liter\u00e1rias do Pa\u00eds. O escritor Andr\u00e9 Lu\u00eds Oliveira, de Ribeir\u00e3o Preto, concorre na categoria de melhor livro Infantil. Andr\u00e9 Lu\u00eds concorre com o livro \u201cO menino que\u2026","rel":"","context":"In &quot;Not\u00edcias de Ribeir\u00e3o Preto-SP e Regi\u00e3o&quot;","block_context":{"text":"Not\u00edcias de Ribeir\u00e3o Preto-SP e Regi\u00e3o","link":"https:\/\/ismaelcolosi.com.br\/index.php\/category\/noticias-de-ribeirao-preto-sp-e-regiao-ismael-colosi\/"},"img":{"alt_text":"","src":"https:\/\/i0.wp.com\/ismaelcolosi.com.br\/wp-content\/uploads\/2024\/11\/andre-luis-oliveira_2024-11-05_17-03-53_jpg_2024-11-05_17-03-54.webp.webp?fit=1078%2C816&ssl=1&resize=350%2C200","width":350,"height":200,"srcset":"https:\/\/i0.wp.com\/ismaelcolosi.com.br\/wp-content\/uploads\/2024\/11\/andre-luis-oliveira_2024-11-05_17-03-53_jpg_2024-11-05_17-03-54.webp.webp?fit=1078%2C816&ssl=1&resize=350%2C200 1x, https:\/\/i0.wp.com\/ismaelcolosi.com.br\/wp-content\/uploads\/2024\/11\/andre-luis-oliveira_2024-11-05_17-03-53_jpg_2024-11-05_17-03-54.webp.webp?fit=1078%2C816&ssl=1&resize=525%2C300 1.5x, https:\/\/i0.wp.com\/ismaelcolosi.com.br\/wp-content\/uploads\/2024\/11\/andre-luis-oliveira_2024-11-05_17-03-53_jpg_2024-11-05_17-03-54.webp.webp?fit=1078%2C816&ssl=1&resize=700%2C400 2x, https:\/\/i0.wp.com\/ismaelcolosi.com.br\/wp-content\/uploads\/2024\/11\/andre-luis-oliveira_2024-11-05_17-03-53_jpg_2024-11-05_17-03-54.webp.webp?fit=1078%2C816&ssl=1&resize=1050%2C600 3x"},"classes":[]}],"jetpack_sharing_enabled":true,"jetpack_shortlink":"https:\/\/wp.me\/pfMlyK-jAT","_links":{"self":[{"href":"https:\/\/ismaelcolosi.com.br\/index.php\/wp-json\/wp\/v2\/posts\/75323","targetHints":{"allow":["GET"]}}],"collection":[{"href":"https:\/\/ismaelcolosi.com.br\/index.php\/wp-json\/wp\/v2\/posts"}],"about":[{"href":"https:\/\/ismaelcolosi.com.br\/index.php\/wp-json\/wp\/v2\/types\/post"}],"author":[{"embeddable":true,"href":"https:\/\/ismaelcolosi.com.br\/index.php\/wp-json\/wp\/v2\/users\/1"}],"replies":[{"embeddable":true,"href":"https:\/\/ismaelcolosi.com.br\/index.php\/wp-json\/wp\/v2\/comments?post=75323"}],"version-history":[{"count":0,"href":"https:\/\/ismaelcolosi.com.br\/index.php\/wp-json\/wp\/v2\/posts\/75323\/revisions"}],"wp:featuredmedia":[{"embeddable":true,"href":"https:\/\/ismaelcolosi.com.br\/index.php\/wp-json\/wp\/v2\/media\/75324"}],"wp:attachment":[{"href":"https:\/\/ismaelcolosi.com.br\/index.php\/wp-json\/wp\/v2\/media?parent=75323"}],"wp:term":[{"taxonomy":"category","embeddable":true,"href":"https:\/\/ismaelcolosi.com.br\/index.php\/wp-json\/wp\/v2\/categories?post=75323"},{"taxonomy":"post_tag","embeddable":true,"href":"https:\/\/ismaelcolosi.com.br\/index.php\/wp-json\/wp\/v2\/tags?post=75323"}],"curies":[{"name":"wp","href":"https:\/\/api.w.org\/{rel}","templated":true}]}}