{"id":75198,"date":"2024-11-04T22:39:50","date_gmt":"2024-11-05T01:39:50","guid":{"rendered":"https:\/\/ismaelcolosi.com.br\/index.php\/2024\/11\/04\/brasil-suspende-uso-de-vacina-oral-contra-a-poliomielite-e-adota-nova-estrategia-de-imunizacao\/"},"modified":"2024-11-04T22:39:50","modified_gmt":"2024-11-05T01:39:50","slug":"brasil-suspende-uso-de-vacina-oral-contra-a-poliomielite-e-adota-nova-estrategia-de-imunizacao","status":"publish","type":"post","link":"https:\/\/ismaelcolosi.com.br\/index.php\/2024\/11\/04\/brasil-suspende-uso-de-vacina-oral-contra-a-poliomielite-e-adota-nova-estrategia-de-imunizacao\/","title":{"rendered":"Brasil Suspende Uso de Vacina Oral contra a Poliomielite e Adota Nova Estrat\u00e9gia de Imuniza\u00e7\u00e3o"},"content":{"rendered":"<p> <br \/>\n<\/p>\n<div>\n<p>O Minist\u00e9rio da Sa\u00fade anunciou que a vacina oral contra a poliomielite (VOP), conhecida popularmente como \u201cgotinha\u201d, deixar\u00e1 de ser aplicada no Brasil. A decis\u00e3o visa alinhar o pa\u00eds \u00e0s diretrizes da Organiza\u00e7\u00e3o Mundial da Sa\u00fade (OMS) para erradica\u00e7\u00e3o global do poliov\u00edrus. A partir de agora, a imuniza\u00e7\u00e3o ser\u00e1 realizada exclusivamente com a vacina injet\u00e1vel inativada (VIP), que oferece maior seguran\u00e7a e elimina o risco, embora raro, de desenvolvimento da doen\u00e7a a partir do pr\u00f3prio imunizante.<\/p>\n<p>A mudan\u00e7a marca uma nova etapa na campanha de combate \u00e0 poliomielite no Brasil, que n\u00e3o registra casos da doen\u00e7a desde 1989. Mesmo com o sucesso hist\u00f3rico do pa\u00eds na erradica\u00e7\u00e3o da p\u00f3lio, a cobertura vacinal contra a doen\u00e7a tem ca\u00eddo nos \u00faltimos anos, reacendendo alertas sobre a poss\u00edvel reintrodu\u00e7\u00e3o do v\u00edrus, especialmente em \u00e1reas com baixa imuniza\u00e7\u00e3o. Com a suspens\u00e3o da vacina oral, as autoridades de sa\u00fade buscam fortalecer a campanha de vacina\u00e7\u00e3o e proteger as futuras gera\u00e7\u00f5es.<\/p><div class='code-block code-block-8' style='margin: 8px auto; text-align: center; display: block; clear: both;'>\n<script>\n  atOptions = {\n    'key' : '66e2e2111ca34da796271819fc334058',\n    'format' : 'iframe',\n    'height' : 250,\n    'width' : 300,\n    'params' : {}\n  };\n<\/script>\n<script src=\"https:\/\/www.highperformanceformat.com\/66e2e2111ca34da796271819fc334058\/invoke.js\"><\/script>\n<\/div>\n\n<h3>Por que a Vacina Oral foi Suspensa?<\/h3>\n<p>A vacina oral contra a poliomielite foi uma ferramenta crucial para a erradica\u00e7\u00e3o da doen\u00e7a em muitos pa\u00edses, incluindo o Brasil. No entanto, ela utiliza uma forma atenuada do poliov\u00edrus, que, em casos extremamente raros, pode sofrer muta\u00e7\u00e3o e provocar a paralisia associada \u00e0 p\u00f3lio. Esse fen\u00f4meno \u00e9 conhecido como poliomielite derivada da vacina (VDPV). A VIP, por outro lado, \u00e9 feita com o v\u00edrus inativado, o que elimina qualquer risco de muta\u00e7\u00e3o e garante uma prote\u00e7\u00e3o eficaz sem os efeitos adversos associados.<\/p>\n<p>De acordo com o Minist\u00e9rio da Sa\u00fade, o Brasil se junta a outros pa\u00edses que j\u00e1 adotaram a vacina injet\u00e1vel como \u00fanica forma de imuniza\u00e7\u00e3o contra a poliomielite. \u201cA transi\u00e7\u00e3o para a vacina inativada \u00e9 um passo importante para o controle da p\u00f3lio e para garantir que n\u00e3o tenhamos casos derivados do pr\u00f3prio imunizante\u201d, afirmou um representante da pasta. A mudan\u00e7a \u00e9 parte de uma iniciativa global e representa um avan\u00e7o na pol\u00edtica de sa\u00fade p\u00fablica voltada para a erradica\u00e7\u00e3o total do poliov\u00edrus.<\/p>\n<h3>Implica\u00e7\u00f5es da Mudan\u00e7a para o Sistema de Sa\u00fade<\/h3>\n<p>A ado\u00e7\u00e3o exclusiva da vacina inativada exige ajustes nos postos de sa\u00fade, que ter\u00e3o que manter um estoque suficiente de doses injet\u00e1veis para atender \u00e0 demanda. A VIP j\u00e1 \u00e9 amplamente aplicada no Brasil, mas a substitui\u00e7\u00e3o integral representa uma maior aten\u00e7\u00e3o \u00e0 log\u00edstica de vacina\u00e7\u00e3o, especialmente em regi\u00f5es remotas onde o acesso ao servi\u00e7o de sa\u00fade \u00e9 limitado.<\/p>\n<p>Com o novo protocolo, o Minist\u00e9rio da Sa\u00fade refor\u00e7ou o compromisso com a amplia\u00e7\u00e3o da cobertura vacinal em todo o territ\u00f3rio nacional. Embora a vacina injet\u00e1vel exija a aplica\u00e7\u00e3o por profissionais treinados, o governo afirma estar empenhado em garantir a infraestrutura e o treinamento necess\u00e1rios para atender ao p\u00fablico de forma eficaz e segura.<\/p>\n<h3>A Import\u00e2ncia da Vacina\u00e7\u00e3o e os Desafios Atuais<\/h3>\n<p>Apesar de o Brasil ter sido pioneiro na erradica\u00e7\u00e3o da p\u00f3lio nas Am\u00e9ricas, a redu\u00e7\u00e3o da ades\u00e3o \u00e0s campanhas de vacina\u00e7\u00e3o nos \u00faltimos anos preocupa especialistas. A pandemia de COVID-19, aliada a fatores como desinforma\u00e7\u00e3o e inseguran\u00e7a em rela\u00e7\u00e3o \u00e0s vacinas, provocou uma queda significativa nas taxas de imuniza\u00e7\u00e3o infantil em diversas regi\u00f5es. Segundo dados recentes, a cobertura vacinal contra a poliomielite no pa\u00eds est\u00e1 abaixo dos 90%, colocando o Brasil em alerta para a possibilidade de surtos.<\/p>\n<p>A OMS estabelece uma cobertura ideal de 95% para garantir a chamada imunidade de rebanho, protegendo tamb\u00e9m aqueles que n\u00e3o podem ser vacinados. A redu\u00e7\u00e3o nos \u00edndices brasileiros representa um risco especialmente para crian\u00e7as em \u00e1reas onde a ades\u00e3o \u00e0s vacinas \u00e9 mais baixa. A substitui\u00e7\u00e3o da vacina oral pela injet\u00e1vel \u00e9, portanto, um esfor\u00e7o para refor\u00e7ar a seguran\u00e7a do imunizante e combater a poliomielite de maneira mais eficaz.<\/p>\n<h3>O Papel da Sociedade e da Conscientiza\u00e7\u00e3o P\u00fablica<\/h3>\n<p>O Minist\u00e9rio da Sa\u00fade anunciou que, com a mudan\u00e7a, intensificar\u00e1 as campanhas informativas para conscientizar os pais e respons\u00e1veis sobre a import\u00e2ncia da vacina\u00e7\u00e3o infantil. As a\u00e7\u00f5es envolver\u00e3o profissionais de sa\u00fade, escolas e comunidades para promover o conhecimento sobre os benef\u00edcios da vacina e desmistificar eventuais receios em torno da vacina\u00e7\u00e3o injet\u00e1vel.<\/p>\n<p>O sucesso da nova estrat\u00e9gia depende, em grande parte, da ades\u00e3o da popula\u00e7\u00e3o e da conscientiza\u00e7\u00e3o sobre a import\u00e2ncia da vacina como um meio de prote\u00e7\u00e3o e bem-estar para as crian\u00e7as. M\u00e9dicos e especialistas alertam que a paralisia infantil pode ser devastadora, mas \u00e9 evit\u00e1vel com o cumprimento das doses recomendadas. Assim, manter a vacina\u00e7\u00e3o em dia \u00e9 essencial para prevenir o reaparecimento do v\u00edrus no pa\u00eds.<\/p>\n<p>Al\u00e9m disso, campanhas nas redes sociais e a\u00e7\u00f5es de mobiliza\u00e7\u00e3o comunit\u00e1ria ser\u00e3o realizadas para engajar as fam\u00edlias e garantir que os n\u00edveis de vacina\u00e7\u00e3o retornem aos patamares seguros. \u201cA vacina \u00e9 uma das maiores conquistas da sa\u00fade p\u00fablica, e sua efic\u00e1cia depende do comprometimento de todos com a prote\u00e7\u00e3o coletiva. Erradicar a p\u00f3lio \u00e9 um esfor\u00e7o cont\u00ednuo que exige o apoio da sociedade\u201d, refor\u00e7ou um representante do Programa Nacional de Imuniza\u00e7\u00e3o.<\/p>\n<h3>O Caminho para a Erradica\u00e7\u00e3o Global da Poliomielite<\/h3>\n<p>O Brasil, como signat\u00e1rio dos programas globais de erradica\u00e7\u00e3o da p\u00f3lio, refor\u00e7a com essa medida seu compromisso com a sa\u00fade p\u00fablica e com o combate \u00e0 poliomielite. O pa\u00eds integra uma rede internacional de vigil\u00e2ncia epidemiol\u00f3gica e de imuniza\u00e7\u00e3o, colaborando para que o v\u00edrus seja completamente eliminado do planeta. Hoje, apenas alguns pa\u00edses ainda relatam casos de poliomielite, mas surtos isolados de poliov\u00edrus derivado da vacina t\u00eam sido um desafio em regi\u00f5es com baixa cobertura vacinal.<\/p>\n<p>A substitui\u00e7\u00e3o pela vacina inativada \u00e9, portanto, um passo fundamental para impedir o avan\u00e7o desses surtos e para garantir que o Brasil continue como um exemplo de sucesso na erradica\u00e7\u00e3o de doen\u00e7as transmiss\u00edveis. Especialistas apontam que, com o compromisso global, \u00e9 poss\u00edvel erradicar a poliomielite completamente, assim como aconteceu com a var\u00edola.<\/p>\n<h3>Conclus\u00e3o<\/h3>\n<p>A suspens\u00e3o do uso da vacina oral contra a poliomielite representa uma mudan\u00e7a estrat\u00e9gica na pol\u00edtica de sa\u00fade p\u00fablica brasileira, orientada por diretrizes internacionais de seguran\u00e7a. O esfor\u00e7o do Minist\u00e9rio da Sa\u00fade para garantir a transi\u00e7\u00e3o para a vacina injet\u00e1vel demonstra um compromisso cont\u00ednuo com a erradica\u00e7\u00e3o da p\u00f3lio e a prote\u00e7\u00e3o das futuras gera\u00e7\u00f5es.<\/p>\n<p>Agora, cabe \u00e0 sociedade apoiar e aderir a essa campanha, reconhecendo a import\u00e2ncia da vacina\u00e7\u00e3o para a sa\u00fade infantil e coletiva. Com o engajamento de todos, o Brasil tem o potencial de n\u00e3o apenas manter a p\u00f3lio erradicada, mas tamb\u00e9m de contribuir ativamente para a erradica\u00e7\u00e3o global dessa doen\u00e7a, refor\u00e7ando o papel das vacinas na constru\u00e7\u00e3o de um futuro mais seguro e saud\u00e1vel para todos.<\/p>\n<p>&#13;<br \/>\n\t\t\t\t<span class=\"post-views-icon dashicons dashicons-chart-bar\"\/> <span class=\"post-views-label\">Visualiza\u00e7\u00f5es:<\/span> <span class=\"post-views-count\">11<\/span>&#13;\n\t\t\t<\/p>\n<\/p><\/div>\n<p><br \/>\n<br \/><a href=\"https:\/\/folhaderibeirao.com.br\/2024\/11\/04\/brasil-suspende-uso-de-vacina-oral-contra-a-poliomielite-e-adota-nova-estrategia-de-imunizacao\/\">Source link <\/a><\/p>\n<div class='code-block code-block-4' style='margin: 8px auto 8px 0; text-align: left; display: block; clear: both;'>\n\ud83d\udce2 Aviso Legal\n\nO site ismaelcolosi.com.br atua apenas como um canal de divulga\u00e7\u00e3o de oportunidades de emprego e n\u00e3o se responsabiliza pelo processo seletivo, contrata\u00e7\u00e3o ou qualquer outra etapa relacionada \u00e0s vagas publicadas. Todas as informa\u00e7\u00f5es s\u00e3o de responsabilidade dos anunciantes.\n\n\u26a0\ufe0f Aten\u00e7\u00e3o! Nunca pague por promessas de emprego nem compre cursos que garantam contrata\u00e7\u00e3o. Desconfie de qualquer cobran\u00e7a para participar de sele\u00e7\u00f5es.\n\n\n\n<\/div>\n<!-- CONTENT END 1 -->\n","protected":false},"excerpt":{"rendered":"<p>O Minist\u00e9rio da Sa\u00fade anunciou que a vacina oral contra a poliomielite (VOP), conhecida popularmente como \u201cgotinha\u201d, deixar\u00e1 de ser aplicada no Brasil. A decis\u00e3o&#8230;<\/p>\n","protected":false},"author":1,"featured_media":75199,"comment_status":"open","ping_status":"open","sticky":false,"template":"","format":"standard","meta":{"_uag_custom_page_level_css":"","advanced_seo_description":"","jetpack_seo_html_title":"","jetpack_seo_noindex":false,"jetpack_post_was_ever_published":false,"_jetpack_newsletter_access":"","_jetpack_dont_email_post_to_subs":false,"_jetpack_newsletter_tier_id":0,"_jetpack_memberships_contains_paywalled_content":false,"_jetpack_memberships_contains_paid_content":false,"footnotes":"","jetpack_publicize_message":"","jetpack_publicize_feature_enabled":true,"jetpack_social_post_already_shared":true,"jetpack_social_options":{"image_generator_settings":{"template":"highway","default_image_id":0,"font":"","enabled":false},"version":2}},"categories":[11],"tags":[6031,137,109,4317,6032,422,6029,6030,1892,3686,1505],"class_list":["post-75198","post","type-post","status-publish","format-standard","has-post-thumbnail","hentry","category-noticias-de-ribeirao-preto-sp-e-regiao-ismael-colosi","tag-adota","tag-brasil","tag-contra","tag-estrategia","tag-imunizacao","tag-nova","tag-oral","tag-poliomielite","tag-suspende","tag-uso","tag-vacina"],"jetpack_publicize_connections":[],"jetpack_featured_media_url":"https:\/\/i0.wp.com\/ismaelcolosi.com.br\/wp-content\/uploads\/2024\/11\/edit_mcmgo_abr20180818_1351.webp.webp?fit=1170%2C700&ssl=1","uagb_featured_image_src":{"full":["https:\/\/i0.wp.com\/ismaelcolosi.com.br\/wp-content\/uploads\/2024\/11\/edit_mcmgo_abr20180818_1351.webp.webp?fit=1170%2C700&ssl=1",1170,700,false],"thumbnail":["https:\/\/i0.wp.com\/ismaelcolosi.com.br\/wp-content\/uploads\/2024\/11\/edit_mcmgo_abr20180818_1351.webp.webp?resize=150%2C150&ssl=1",150,150,true],"medium":["https:\/\/i0.wp.com\/ismaelcolosi.com.br\/wp-content\/uploads\/2024\/11\/edit_mcmgo_abr20180818_1351.webp.webp?fit=300%2C179&ssl=1",300,179,true],"medium_large":["https:\/\/i0.wp.com\/ismaelcolosi.com.br\/wp-content\/uploads\/2024\/11\/edit_mcmgo_abr20180818_1351.webp.webp?fit=768%2C459&ssl=1",768,459,true],"large":["https:\/\/i0.wp.com\/ismaelcolosi.com.br\/wp-content\/uploads\/2024\/11\/edit_mcmgo_abr20180818_1351.webp.webp?fit=1024%2C613&ssl=1",1024,613,true],"1536x1536":["https:\/\/i0.wp.com\/ismaelcolosi.com.br\/wp-content\/uploads\/2024\/11\/edit_mcmgo_abr20180818_1351.webp.webp?fit=1170%2C700&ssl=1",1170,700,true],"2048x2048":["https:\/\/i0.wp.com\/ismaelcolosi.com.br\/wp-content\/uploads\/2024\/11\/edit_mcmgo_abr20180818_1351.webp.webp?fit=1170%2C700&ssl=1",1170,700,true],"really-simple-thumb":["https:\/\/i0.wp.com\/ismaelcolosi.com.br\/wp-content\/uploads\/2024\/11\/edit_mcmgo_abr20180818_1351.webp.webp?resize=370%2C247&ssl=1",370,247,true]},"uagb_author_info":{"display_name":"ismaelcolosi.com.br","author_link":"https:\/\/ismaelcolosi.com.br\/index.php\/author\/vidareal-online\/"},"uagb_comment_info":0,"uagb_excerpt":"O Minist\u00e9rio da Sa\u00fade anunciou que a vacina oral contra a poliomielite (VOP), conhecida popularmente como \u201cgotinha\u201d, deixar\u00e1 de ser aplicada no Brasil. A decis\u00e3o...","jetpack-related-posts":[{"id":52432,"url":"https:\/\/ismaelcolosi.com.br\/index.php\/2024\/06\/06\/ribeirao-preto-tera-dia-d-de-vacinacao-contra-poliomielite-veja-os-locais\/","url_meta":{"origin":75198,"position":0},"title":"Ribeir\u00e3o Preto ter\u00e1 Dia \u201cD\u201d de vacina\u00e7\u00e3o contra poliomielite; Veja os locais","author":"ismaelcolosi.com.br","date":"6 de June de 2024","format":false,"excerpt":"A Prefeitura de Ribeir\u00e3o Preto, por meio da Secretaria da Sa\u00fade, realiza neste s\u00e1bado (8), o Dia \u201cD\u201d de vacina\u00e7\u00e3o contra poliomielite. A mobiliza\u00e7\u00e3o acontece em 37 salas de vacina das unidades de sa\u00fade (veja abaixo), das 8h \u00e0s 16h30. Destinada para crian\u00e7as menores de cinco anos de idade (4\u2026","rel":"","context":"In &quot;Not\u00edcias de Ribeir\u00e3o Preto-SP e Regi\u00e3o&quot;","block_context":{"text":"Not\u00edcias de Ribeir\u00e3o Preto-SP e Regi\u00e3o","link":"https:\/\/ismaelcolosi.com.br\/index.php\/category\/noticias-de-ribeirao-preto-sp-e-regiao-ismael-colosi\/"},"img":{"alt_text":"","src":"https:\/\/i0.wp.com\/ismaelcolosi.com.br\/wp-content\/uploads\/2024\/06\/Copia-de-Copia-de-TAMANHO-EXATO-PARA-FOTOS-NO-SISTEMA-NOVO-41_2024-05-24_20-20-43_jpg_2024-05-24_20-20-44.webp.webp?fit=1200%2C675&ssl=1&resize=350%2C200","width":350,"height":200,"srcset":"https:\/\/i0.wp.com\/ismaelcolosi.com.br\/wp-content\/uploads\/2024\/06\/Copia-de-Copia-de-TAMANHO-EXATO-PARA-FOTOS-NO-SISTEMA-NOVO-41_2024-05-24_20-20-43_jpg_2024-05-24_20-20-44.webp.webp?fit=1200%2C675&ssl=1&resize=350%2C200 1x, https:\/\/i0.wp.com\/ismaelcolosi.com.br\/wp-content\/uploads\/2024\/06\/Copia-de-Copia-de-TAMANHO-EXATO-PARA-FOTOS-NO-SISTEMA-NOVO-41_2024-05-24_20-20-43_jpg_2024-05-24_20-20-44.webp.webp?fit=1200%2C675&ssl=1&resize=525%2C300 1.5x, https:\/\/i0.wp.com\/ismaelcolosi.com.br\/wp-content\/uploads\/2024\/06\/Copia-de-Copia-de-TAMANHO-EXATO-PARA-FOTOS-NO-SISTEMA-NOVO-41_2024-05-24_20-20-43_jpg_2024-05-24_20-20-44.webp.webp?fit=1200%2C675&ssl=1&resize=700%2C400 2x, https:\/\/i0.wp.com\/ismaelcolosi.com.br\/wp-content\/uploads\/2024\/06\/Copia-de-Copia-de-TAMANHO-EXATO-PARA-FOTOS-NO-SISTEMA-NOVO-41_2024-05-24_20-20-43_jpg_2024-05-24_20-20-44.webp.webp?fit=1200%2C675&ssl=1&resize=1050%2C600 3x"},"classes":[]},{"id":37654,"url":"https:\/\/ismaelcolosi.com.br\/index.php\/2024\/02\/17\/vacinacao-contra-covid-tem-nova-estrategia\/","url_meta":{"origin":75198,"position":1},"title":"Vacina\u00e7\u00e3o contra Covid tem nova estrat\u00e9gia\u00a0","author":"ismaelcolosi.com.br","date":"17 de February de 2024","format":false,"excerpt":"17 de fevereiro de 2024 | 15:0017 de fevereiro de 2024 | 9:30 0Por determina\u00e7\u00e3o do Minist\u00e9rio da Sa\u00fade, a Secretaria Municipal da Sa\u00fade passa a adotar, a partir deste ano, uma nova estrat\u00e9gia para a vacina\u00e7\u00e3o contra a covid-19. O objetivo \u00e9 priorizar a imuniza\u00e7\u00e3o das pessoas mais suscet\u00edveis\u2026","rel":"","context":"In &quot;Not\u00edcias de Ribeir\u00e3o Preto-SP e Regi\u00e3o&quot;","block_context":{"text":"Not\u00edcias de Ribeir\u00e3o Preto-SP e Regi\u00e3o","link":"https:\/\/ismaelcolosi.com.br\/index.php\/category\/noticias-de-ribeirao-preto-sp-e-regiao-ismael-colosi\/"},"img":{"alt_text":"","src":"https:\/\/i0.wp.com\/ismaelcolosi.com.br\/wp-content\/uploads\/2024\/02\/CovidVAC-Prefeitura-de-Ribeirao-Preto-04-scaled.jpg?fit=970%2C645&ssl=1&resize=350%2C200","width":350,"height":200,"srcset":"https:\/\/i0.wp.com\/ismaelcolosi.com.br\/wp-content\/uploads\/2024\/02\/CovidVAC-Prefeitura-de-Ribeirao-Preto-04-scaled.jpg?fit=970%2C645&ssl=1&resize=350%2C200 1x, https:\/\/i0.wp.com\/ismaelcolosi.com.br\/wp-content\/uploads\/2024\/02\/CovidVAC-Prefeitura-de-Ribeirao-Preto-04-scaled.jpg?fit=970%2C645&ssl=1&resize=525%2C300 1.5x, https:\/\/i0.wp.com\/ismaelcolosi.com.br\/wp-content\/uploads\/2024\/02\/CovidVAC-Prefeitura-de-Ribeirao-Preto-04-scaled.jpg?fit=970%2C645&ssl=1&resize=700%2C400 2x"},"classes":[]},{"id":79447,"url":"https:\/\/ismaelcolosi.com.br\/index.php\/2024\/12\/16\/instituto-butantan-solicita-registro-de-vacina-contra-a-dengue-a-anvisa\/","url_meta":{"origin":75198,"position":2},"title":"Instituto Butantan solicita registro de vacina contra a dengue \u00e0 Anvisa","author":"ismaelcolosi.com.br","date":"16 de December de 2024","format":false,"excerpt":"O Instituto Butantan apresentou \u00e0 Ag\u00eancia Nacional de Vigil\u00e2ncia Sanit\u00e1ria (Anvisa) o pedido para registro de sua vacina contra a dengue. Ap\u00f3s mais de uma d\u00e9cada de pesquisas, o imunizante foi submetido para aprova\u00e7\u00e3o regulat\u00f3ria, representando um passo significativo no enfrentamento da doen\u00e7a que afeta milh\u00f5es de brasileiros todos os\u2026","rel":"","context":"In &quot;Not\u00edcias de Ribeir\u00e3o Preto-SP e Regi\u00e3o&quot;","block_context":{"text":"Not\u00edcias de Ribeir\u00e3o Preto-SP e Regi\u00e3o","link":"https:\/\/ismaelcolosi.com.br\/index.php\/category\/noticias-de-ribeirao-preto-sp-e-regiao-ismael-colosi\/"},"img":{"alt_text":"","src":"https:\/\/i0.wp.com\/ismaelcolosi.com.br\/wp-content\/uploads\/2024\/12\/vaina1.webp.webp?fit=1170%2C700&ssl=1&resize=350%2C200","width":350,"height":200,"srcset":"https:\/\/i0.wp.com\/ismaelcolosi.com.br\/wp-content\/uploads\/2024\/12\/vaina1.webp.webp?fit=1170%2C700&ssl=1&resize=350%2C200 1x, https:\/\/i0.wp.com\/ismaelcolosi.com.br\/wp-content\/uploads\/2024\/12\/vaina1.webp.webp?fit=1170%2C700&ssl=1&resize=525%2C300 1.5x, https:\/\/i0.wp.com\/ismaelcolosi.com.br\/wp-content\/uploads\/2024\/12\/vaina1.webp.webp?fit=1170%2C700&ssl=1&resize=700%2C400 2x, https:\/\/i0.wp.com\/ismaelcolosi.com.br\/wp-content\/uploads\/2024\/12\/vaina1.webp.webp?fit=1170%2C700&ssl=1&resize=1050%2C600 3x"},"classes":[]},{"id":25357,"url":"https:\/\/ismaelcolosi.com.br\/index.php\/2024\/01\/06\/pais-ainda-enfrenta-desconfianca-em-relacao-a-vacinacao\/","url_meta":{"origin":75198,"position":3},"title":"Pa\u00eds ainda enfrenta desconfian\u00e7a em rela\u00e7\u00e3o \u00e0 vacina\u00e7\u00e3o\u00a0","author":"ismaelcolosi.com.br","date":"6 de January de 2024","format":false,"excerpt":"A desconfian\u00e7a de parte da popula\u00e7\u00e3o em rela\u00e7\u00e3o \u00e0 imuniza\u00e7\u00e3o, fomentada por campanhas de desinforma\u00e7\u00e3o e movimentos antivacina, continua sendo um desafio para o Brasil. De acordo com a ministra da Sa\u00fade, N\u00edsia Trindade, o fen\u00f4meno da \u201chesita\u00e7\u00e3o vacinal\u201d, por parte de uma parcela dos brasileiros, come\u00e7ou a ganhar for\u00e7a\u2026","rel":"","context":"In &quot;Not\u00edcias de Ribeir\u00e3o Preto-SP e Regi\u00e3o&quot;","block_context":{"text":"Not\u00edcias de Ribeir\u00e3o Preto-SP e Regi\u00e3o","link":"https:\/\/ismaelcolosi.com.br\/index.php\/category\/noticias-de-ribeirao-preto-sp-e-regiao-ismael-colosi\/"},"img":{"alt_text":"","src":"https:\/\/i0.wp.com\/ismaelcolosi.com.br\/wp-content\/uploads\/2024\/01\/1-vacina_metro2-scaled.jpg?fit=1000%2C598&ssl=1&resize=350%2C200","width":350,"height":200,"srcset":"https:\/\/i0.wp.com\/ismaelcolosi.com.br\/wp-content\/uploads\/2024\/01\/1-vacina_metro2-scaled.jpg?fit=1000%2C598&ssl=1&resize=350%2C200 1x, https:\/\/i0.wp.com\/ismaelcolosi.com.br\/wp-content\/uploads\/2024\/01\/1-vacina_metro2-scaled.jpg?fit=1000%2C598&ssl=1&resize=525%2C300 1.5x, https:\/\/i0.wp.com\/ismaelcolosi.com.br\/wp-content\/uploads\/2024\/01\/1-vacina_metro2-scaled.jpg?fit=1000%2C598&ssl=1&resize=700%2C400 2x"},"classes":[]},{"id":19447,"url":"https:\/\/ismaelcolosi.com.br\/index.php\/2023\/12\/22\/ministerio-da-saude-incorpora-vacina-contra-a-dengue-no-sus\/","url_meta":{"origin":75198,"position":4},"title":"Minist\u00e9rio da Sa\u00fade incorpora vacina contra a dengue no SUS\u00a0","author":"ismaelcolosi.com.br","date":"22 de December de 2023","format":false,"excerpt":"22 de dezembro de 2023 | 12:21 0O Minist\u00e9rio da Sa\u00fade decidiu incorporar, nesta quinta-feira (21), a vacina contra dengue ao Sistema \u00danico de Sa\u00fade (SUS). Segundo a ministra da Sa\u00fade, N\u00edsia Trindade, o Brasil \u00e9 o primeiro pa\u00eds do mundo a oferecer o imunizante no sistema p\u00fablico universal.\u00a0Conhecida como\u2026","rel":"","context":"In &quot;Not\u00edcias de Ribeir\u00e3o Preto-SP e Regi\u00e3o&quot;","block_context":{"text":"Not\u00edcias de Ribeir\u00e3o Preto-SP e Regi\u00e3o","link":"https:\/\/ismaelcolosi.com.br\/index.php\/category\/noticias-de-ribeirao-preto-sp-e-regiao-ismael-colosi\/"},"img":{"alt_text":"","src":"https:\/\/i0.wp.com\/ismaelcolosi.com.br\/wp-content\/uploads\/2023\/12\/3-vacina-scaled.jpg?fit=1000%2C598&ssl=1&resize=350%2C200","width":350,"height":200,"srcset":"https:\/\/i0.wp.com\/ismaelcolosi.com.br\/wp-content\/uploads\/2023\/12\/3-vacina-scaled.jpg?fit=1000%2C598&ssl=1&resize=350%2C200 1x, https:\/\/i0.wp.com\/ismaelcolosi.com.br\/wp-content\/uploads\/2023\/12\/3-vacina-scaled.jpg?fit=1000%2C598&ssl=1&resize=525%2C300 1.5x, https:\/\/i0.wp.com\/ismaelcolosi.com.br\/wp-content\/uploads\/2023\/12\/3-vacina-scaled.jpg?fit=1000%2C598&ssl=1&resize=700%2C400 2x"},"classes":[]},{"id":45299,"url":"https:\/\/ismaelcolosi.com.br\/index.php\/2024\/04\/03\/hpv-quem-tem-uma-dose-esta-plenamente-vacinado-diz-ministerio\/","url_meta":{"origin":75198,"position":5},"title":"HPV: quem tem uma dose est\u00e1 plenamente vacinado, diz minist\u00e9rio","author":"ismaelcolosi.com.br","date":"3 de April de 2024","format":false,"excerpt":"Crian\u00e7as e adolescentes com idade entre 9 e 14 anos que receberam apenas uma dose da vacina contra o HPV passam a ser classificados pelo Minist\u00e9rio da Sa\u00fade, a partir de agora, como plenamente vacinados. A afirma\u00e7\u00e3o \u00e9 do diretor do Programa Nacional de Imuniza\u00e7\u00e3o do Minist\u00e9rio da Sa\u00fade, Eder\u2026","rel":"","context":"In &quot;Not\u00edcias de Ribeir\u00e3o Preto-SP e Regi\u00e3o&quot;","block_context":{"text":"Not\u00edcias de Ribeir\u00e3o Preto-SP e Regi\u00e3o","link":"https:\/\/ismaelcolosi.com.br\/index.php\/category\/noticias-de-ribeirao-preto-sp-e-regiao-ismael-colosi\/"},"img":{"alt_text":"","src":"https:\/\/i0.wp.com\/ismaelcolosi.com.br\/wp-content\/uploads\/2024\/04\/hpv.jpg?fit=800%2C500&ssl=1&resize=350%2C200","width":350,"height":200,"srcset":"https:\/\/i0.wp.com\/ismaelcolosi.com.br\/wp-content\/uploads\/2024\/04\/hpv.jpg?fit=800%2C500&ssl=1&resize=350%2C200 1x, https:\/\/i0.wp.com\/ismaelcolosi.com.br\/wp-content\/uploads\/2024\/04\/hpv.jpg?fit=800%2C500&ssl=1&resize=525%2C300 1.5x, https:\/\/i0.wp.com\/ismaelcolosi.com.br\/wp-content\/uploads\/2024\/04\/hpv.jpg?fit=800%2C500&ssl=1&resize=700%2C400 2x"},"classes":[]}],"jetpack_sharing_enabled":true,"jetpack_shortlink":"https:\/\/wp.me\/pfMlyK-jyS","_links":{"self":[{"href":"https:\/\/ismaelcolosi.com.br\/index.php\/wp-json\/wp\/v2\/posts\/75198","targetHints":{"allow":["GET"]}}],"collection":[{"href":"https:\/\/ismaelcolosi.com.br\/index.php\/wp-json\/wp\/v2\/posts"}],"about":[{"href":"https:\/\/ismaelcolosi.com.br\/index.php\/wp-json\/wp\/v2\/types\/post"}],"author":[{"embeddable":true,"href":"https:\/\/ismaelcolosi.com.br\/index.php\/wp-json\/wp\/v2\/users\/1"}],"replies":[{"embeddable":true,"href":"https:\/\/ismaelcolosi.com.br\/index.php\/wp-json\/wp\/v2\/comments?post=75198"}],"version-history":[{"count":0,"href":"https:\/\/ismaelcolosi.com.br\/index.php\/wp-json\/wp\/v2\/posts\/75198\/revisions"}],"wp:featuredmedia":[{"embeddable":true,"href":"https:\/\/ismaelcolosi.com.br\/index.php\/wp-json\/wp\/v2\/media\/75199"}],"wp:attachment":[{"href":"https:\/\/ismaelcolosi.com.br\/index.php\/wp-json\/wp\/v2\/media?parent=75198"}],"wp:term":[{"taxonomy":"category","embeddable":true,"href":"https:\/\/ismaelcolosi.com.br\/index.php\/wp-json\/wp\/v2\/categories?post=75198"},{"taxonomy":"post_tag","embeddable":true,"href":"https:\/\/ismaelcolosi.com.br\/index.php\/wp-json\/wp\/v2\/tags?post=75198"}],"curies":[{"name":"wp","href":"https:\/\/api.w.org\/{rel}","templated":true}]}}