{"id":75126,"date":"2024-11-04T17:03:20","date_gmt":"2024-11-04T20:03:20","guid":{"rendered":"https:\/\/ismaelcolosi.com.br\/index.php\/2024\/11\/04\/homem-e-assassinado-em-assalto-apos-perseguicao-em-ribeirao-preto-imagens-de-seguranca-revelam-suspeitos\/"},"modified":"2024-11-04T17:03:20","modified_gmt":"2024-11-04T20:03:20","slug":"homem-e-assassinado-em-assalto-apos-perseguicao-em-ribeirao-preto-imagens-de-seguranca-revelam-suspeitos","status":"publish","type":"post","link":"https:\/\/ismaelcolosi.com.br\/index.php\/2024\/11\/04\/homem-e-assassinado-em-assalto-apos-perseguicao-em-ribeirao-preto-imagens-de-seguranca-revelam-suspeitos\/","title":{"rendered":"Homem \u00e9 Assassinado em Assalto Ap\u00f3s Persegui\u00e7\u00e3o em Ribeir\u00e3o Preto; Imagens de Seguran\u00e7a Revelam Suspeitos"},"content":{"rendered":"<p> <br \/>\n<\/p>\n<div>\n<p>Na noite desta segunda-feira (4), um homem foi morto a tiros durante um assalto em Ribeir\u00e3o Preto, SP, em uma a\u00e7\u00e3o violenta registrada por c\u00e2meras de seguran\u00e7a. As imagens revelam que dois suspeitos em uma motocicleta perseguiram a v\u00edtima at\u00e9 o local do crime, onde o ataque foi conclu\u00eddo de forma r\u00e1pida e brutal. O caso foi registrado como latroc\u00ednio \u2014 roubo seguido de morte \u2014 e est\u00e1 sendo investigado pela Pol\u00edcia Civil, que busca identificar e localizar os envolvidos.<\/p>\n<h3>C\u00e2meras Capturam a Din\u00e2mica do Crime<\/h3>\n<p>As imagens capturadas pelas c\u00e2meras de seguran\u00e7a de estabelecimentos pr\u00f3ximos mostram a dupla de moto seguindo o ve\u00edculo da v\u00edtima por alguns minutos, aparentemente aguardando o momento certo para realizar o assalto. Quando o carro finalmente para, os suspeitos se aproximam rapidamente e, em poucos segundos, rendem a v\u00edtima, que tenta resistir \u00e0 abordagem. Durante a a\u00e7\u00e3o, um dos criminosos atira contra o homem, que n\u00e3o resiste aos ferimentos e morre no local.<\/p><div class='code-block code-block-8' style='margin: 8px auto; text-align: center; display: block; clear: both;'>\n<script>\n  atOptions = {\n    'key' : '66e2e2111ca34da796271819fc334058',\n    'format' : 'iframe',\n    'height' : 250,\n    'width' : 300,\n    'params' : {}\n  };\n<\/script>\n<script src=\"https:\/\/www.highperformanceformat.com\/66e2e2111ca34da796271819fc334058\/invoke.js\"><\/script>\n<\/div>\n\n<p>A grava\u00e7\u00e3o tamb\u00e9m capturou o momento em que a dupla foge do local ap\u00f3s o crime, deixando a v\u00edtima ca\u00edda na via. A viol\u00eancia e a ousadia dos assaltantes chocaram a comunidade local, que j\u00e1 vinha demonstrando preocupa\u00e7\u00e3o com o aumento de casos de criminalidade na regi\u00e3o.<\/p>\n<h3>Investiga\u00e7\u00e3o e Linha de Busca<\/h3>\n<p>O delegado respons\u00e1vel pelo caso destacou que as imagens s\u00e3o fundamentais para o progresso das investiga\u00e7\u00f5es. \u201cA partir das grava\u00e7\u00f5es, j\u00e1 conseguimos uma descri\u00e7\u00e3o dos suspeitos e da moto utilizada, o que pode nos ajudar a identificar o paradeiro dos envolvidos. Estamos intensificando o trabalho para que essa situa\u00e7\u00e3o seja resolvida o mais r\u00e1pido poss\u00edvel,\u201d afirmou o delegado em coletiva de imprensa.<\/p>\n<p>Al\u00e9m disso, as autoridades est\u00e3o analisando registros de c\u00e2meras de seguran\u00e7a em ruas pr\u00f3ximas para rastrear a trajet\u00f3ria da dupla antes e depois do crime. A pol\u00edcia tamb\u00e9m realiza buscas por testemunhas que possam fornecer mais detalhes sobre o incidente ou identificar os suspeitos.<\/p>\n<h3>Aumento de Casos e Preocupa\u00e7\u00e3o na Comunidade<\/h3>\n<p>O crime gerou uma onda de revolta e inseguran\u00e7a entre os moradores de Ribeir\u00e3o Preto, muitos dos quais t\u00eam demonstrado preocupa\u00e7\u00e3o com a crescente incid\u00eancia de crimes violentos nas vias urbanas. Nas redes sociais e em conversas no com\u00e9rcio local, o sentimento de medo e indigna\u00e7\u00e3o \u00e9 evidente. \u201cA sensa\u00e7\u00e3o de inseguran\u00e7a est\u00e1 cada vez maior. N\u00e3o podemos mais sair de casa tranquilos\u201d, declarou uma moradora, que prefere n\u00e3o ser identificada.<\/p>\n<p>Este caso destaca o temor generalizado sobre o aumento de latroc\u00ednios e assaltos violentos na cidade e reacende o debate sobre a necessidade de um policiamento mais ostensivo, principalmente em \u00e1reas conhecidas pela alta circula\u00e7\u00e3o de pessoas e ve\u00edculos. Representantes locais t\u00eam chamado aten\u00e7\u00e3o para a urg\u00eancia de refor\u00e7ar as rondas de patrulha em Ribeir\u00e3o Preto, especialmente em hor\u00e1rios de maior vulnerabilidade.<\/p>\n<h3>Esfor\u00e7os de Seguran\u00e7a P\u00fablica e Medidas de Preven\u00e7\u00e3o<\/h3>\n<p>A Pol\u00edcia Militar de Ribeir\u00e3o Preto anunciou que intensificar\u00e1 as rondas na regi\u00e3o, especialmente em bairros comerciais e residenciais com maiores \u00edndices de ocorr\u00eancias. A medida, segundo as autoridades, \u00e9 uma resposta \u00e0 crescente demanda por seguran\u00e7a e \u00e0 necessidade de coibir crimes como o latroc\u00ednio, que representam grande amea\u00e7a \u00e0 vida.<\/p>\n<p>A comunidade tamb\u00e9m tem se mobilizado para sugerir medidas que possam ampliar a seguran\u00e7a p\u00fablica na cidade. A implementa\u00e7\u00e3o de c\u00e2meras de seguran\u00e7a integradas a sistemas de monitoramento das autoridades, ilumina\u00e7\u00e3o adequada em vias de grande circula\u00e7\u00e3o e a cria\u00e7\u00e3o de campanhas de conscientiza\u00e7\u00e3o para estimular a den\u00fancia de atividades suspeitas s\u00e3o algumas das propostas que v\u00eam sendo discutidas por associa\u00e7\u00f5es de bairro e pela prefeitura.<\/p>\n<p>O prefeito de Ribeir\u00e3o Preto manifestou solidariedade \u00e0 fam\u00edlia da v\u00edtima e afirmou que o munic\u00edpio ir\u00e1 colaborar com a pol\u00edcia na busca por solu\u00e7\u00f5es que ajudem a frear a viol\u00eancia urbana. Al\u00e9m disso, ele enfatizou que a administra\u00e7\u00e3o p\u00fablica est\u00e1 aberta ao di\u00e1logo com a popula\u00e7\u00e3o para ouvir sugest\u00f5es e implementar melhorias na seguran\u00e7a da cidade.<\/p>\n<h3>Orienta\u00e7\u00f5es da Pol\u00edcia para a Popula\u00e7\u00e3o<\/h3>\n<p>Com o aumento de ocorr\u00eancias de assalto e viol\u00eancia, a Pol\u00edcia Militar tem orientado os moradores de Ribeir\u00e3o Preto a tomarem precau\u00e7\u00f5es extras ao circularem pela cidade, especialmente em hor\u00e1rios e locais de maior risco. A pol\u00edcia recomenda que as pessoas evitem transitar sozinhas em ruas desertas, mantenham objetos de valor fora de vista e fiquem atentas a poss\u00edveis movimentos suspeitos ao seu redor.<\/p>\n<p>Al\u00e9m disso, a Pol\u00edcia Civil pede que qualquer informa\u00e7\u00e3o relevante sobre a dupla vista nas imagens de seguran\u00e7a seja reportada imediatamente. Informa\u00e7\u00f5es sobre a motocicleta utilizada ou caracter\u00edsticas dos criminosos podem ser cruciais para o andamento das investiga\u00e7\u00f5es. A den\u00fancia pode ser feita de forma an\u00f4nima, e todas as informa\u00e7\u00f5es ser\u00e3o tratadas com sigilo.<\/p>\n<h3>Reflex\u00f5es e Desafios para o Futuro<\/h3>\n<p>Casos como este exp\u00f5em as falhas de seguran\u00e7a em Ribeir\u00e3o Preto e mostram a urg\u00eancia de medidas integradas entre governo, pol\u00edcia e sociedade para conter o avan\u00e7o da criminalidade. A morte de um cidad\u00e3o em meio a um assalto n\u00e3o \u00e9 apenas uma trag\u00e9dia para sua fam\u00edlia, mas tamb\u00e9m um lembrete da vulnerabilidade enfrentada por todos.<\/p>\n<p>Enquanto a pol\u00edcia intensifica as buscas pelos respons\u00e1veis, a comunidade local aguarda por respostas e medidas concretas que possam trazer mais seguran\u00e7a e tranquilidade para o cotidiano dos moradores. Para os especialistas, \u00e9 necess\u00e1rio um esfor\u00e7o cont\u00ednuo e colaborativo entre poder p\u00fablico e cidad\u00e3os para frear a criminalidade e fortalecer a confian\u00e7a na seguran\u00e7a urbana.<\/p>\n<p>O desfecho deste caso ser\u00e1 acompanhado de perto pela popula\u00e7\u00e3o e, certamente, ser\u00e1 um marco nas discuss\u00f5es sobre seguran\u00e7a em Ribeir\u00e3o Preto, ressaltando a import\u00e2ncia de estrat\u00e9gias preventivas e de combate direto ao crime para proteger vidas e garantir a paz na cidade.<\/p>\n<p>&#13;<br \/>\n\t\t\t\t<span class=\"post-views-icon dashicons dashicons-chart-bar\"\/> <span class=\"post-views-label\">Visualiza\u00e7\u00f5es:<\/span> <span class=\"post-views-count\">7<\/span>&#13;\n\t\t\t<\/p>\n<\/p><\/div>\n<p><br \/>\n<br \/><a href=\"https:\/\/folhaderibeirao.com.br\/2024\/11\/04\/homem-e-assassinado-em-assalto-apos-perseguicao-em-ribeirao-preto-imagens-de-seguranca-revelam-suspeitos\/\">Source link <\/a><\/p>\n<div class='code-block code-block-4' style='margin: 8px auto 8px 0; text-align: left; display: block; clear: both;'>\n\ud83d\udce2 Aviso Legal\n\nO site ismaelcolosi.com.br atua apenas como um canal de divulga\u00e7\u00e3o de oportunidades de emprego e n\u00e3o se responsabiliza pelo processo seletivo, contrata\u00e7\u00e3o ou qualquer outra etapa relacionada \u00e0s vagas publicadas. Todas as informa\u00e7\u00f5es s\u00e3o de responsabilidade dos anunciantes.\n\n\u26a0\ufe0f Aten\u00e7\u00e3o! Nunca pague por promessas de emprego nem compre cursos que garantam contrata\u00e7\u00e3o. Desconfie de qualquer cobran\u00e7a para participar de sele\u00e7\u00f5es.\n\n\n<div data-type=\"_mgwidget\" data-widget-id=\"2000896\">\n<\/div>\n<script>(function(w,q){w[q]=w[q]||[];w[q].push([\"_mgc.load\"])})(window,\"_mgq\");\n<\/script>\n<\/div>\n<!-- CONTENT END 1 -->\n","protected":false},"excerpt":{"rendered":"<p>Na noite desta segunda-feira (4), um homem foi morto a tiros durante um assalto em Ribeir\u00e3o Preto, SP, em uma a\u00e7\u00e3o violenta registrada por c\u00e2meras&#8230;<\/p>\n","protected":false},"author":1,"featured_media":75127,"comment_status":"open","ping_status":"open","sticky":false,"template":"","format":"standard","meta":{"om_disable_all_campaigns":false,"_uag_custom_page_level_css":"","jetpack_post_was_ever_published":false,"_jetpack_newsletter_access":"","_jetpack_dont_email_post_to_subs":false,"_jetpack_newsletter_tier_id":0,"_jetpack_memberships_contains_paywalled_content":false,"_jetpack_memberships_contains_paid_content":false,"_joinchat":[],"footnotes":"","jetpack_publicize_message":"","jetpack_publicize_feature_enabled":true,"jetpack_social_post_already_shared":true,"jetpack_social_options":{"image_generator_settings":{"template":"highway","default_image_id":0,"font":"","enabled":false},"version":2}},"categories":[11],"tags":[37,111,4389,59,3660,3872,27,6018,26,1878,110],"class_list":["post-75126","post","type-post","status-publish","format-standard","has-post-thumbnail","hentry","category-noticias-de-ribeirao-preto-sp-e-regiao-ismael-colosi","tag-apos","tag-assalto","tag-assassinado","tag-homem","tag-imagens","tag-perseguicao","tag-preto","tag-revelam","tag-ribeirao","tag-seguranca","tag-suspeitos"],"aioseo_notices":[],"jetpack_publicize_connections":[],"jetpack_featured_media_url":"https:\/\/i0.wp.com\/ismaelcolosi.com.br\/wp-content\/uploads\/2024\/11\/silhueta_de_corpos_primeira_0.webp.webp?fit=1170%2C700&ssl=1","uagb_featured_image_src":{"full":["https:\/\/i0.wp.com\/ismaelcolosi.com.br\/wp-content\/uploads\/2024\/11\/silhueta_de_corpos_primeira_0.webp.webp?fit=1170%2C700&ssl=1",1170,700,false],"thumbnail":["https:\/\/i0.wp.com\/ismaelcolosi.com.br\/wp-content\/uploads\/2024\/11\/silhueta_de_corpos_primeira_0.webp.webp?resize=150%2C150&ssl=1",150,150,true],"medium":["https:\/\/i0.wp.com\/ismaelcolosi.com.br\/wp-content\/uploads\/2024\/11\/silhueta_de_corpos_primeira_0.webp.webp?fit=300%2C179&ssl=1",300,179,true],"medium_large":["https:\/\/i0.wp.com\/ismaelcolosi.com.br\/wp-content\/uploads\/2024\/11\/silhueta_de_corpos_primeira_0.webp.webp?fit=768%2C459&ssl=1",768,459,true],"large":["https:\/\/i0.wp.com\/ismaelcolosi.com.br\/wp-content\/uploads\/2024\/11\/silhueta_de_corpos_primeira_0.webp.webp?fit=1024%2C613&ssl=1",1024,613,true],"1536x1536":["https:\/\/i0.wp.com\/ismaelcolosi.com.br\/wp-content\/uploads\/2024\/11\/silhueta_de_corpos_primeira_0.webp.webp?fit=1170%2C700&ssl=1",1170,700,true],"2048x2048":["https:\/\/i0.wp.com\/ismaelcolosi.com.br\/wp-content\/uploads\/2024\/11\/silhueta_de_corpos_primeira_0.webp.webp?fit=1170%2C700&ssl=1",1170,700,true],"really-simple-thumb":["https:\/\/i0.wp.com\/ismaelcolosi.com.br\/wp-content\/uploads\/2024\/11\/silhueta_de_corpos_primeira_0.webp.webp?resize=370%2C247&ssl=1",370,247,true]},"uagb_author_info":{"display_name":"ismaelcolosi.com.br","author_link":"https:\/\/ismaelcolosi.com.br\/index.php\/author\/vidareal-online\/"},"uagb_comment_info":0,"uagb_excerpt":"Na noite desta segunda-feira (4), um homem foi morto a tiros durante um assalto em Ribeir\u00e3o Preto, SP, em uma a\u00e7\u00e3o violenta registrada por c\u00e2meras...","jetpack-related-posts":[{"id":40559,"url":"https:\/\/ismaelcolosi.com.br\/index.php\/2024\/03\/04\/tres-semanas-apos-morte-de-pm-em-ribeirao-suspeitos-ainda-nao-foram-identificados\/","url_meta":{"origin":75126,"position":0},"title":"Tr\u00eas semanas ap\u00f3s morte de PM em Ribeir\u00e3o, suspeitos ainda n\u00e3o foram identificados","author":"ismaelcolosi.com.br","date":"4 de March de 2024","format":false,"excerpt":"J\u00e1 se passaram tr\u00eas semanas desde que o policial militar reformado Darie Alves Tremura, de 63 anos, morreu no Centro de Ribeir\u00e3o Preto, durante um assalto, e apesar das c\u00e2meras de seguran\u00e7a dispon\u00edveis no local do crime, os suspeitos ainda n\u00e3o foram identificados. De acordo com o delegado Targino Os\u00f3rio,\u2026","rel":"","context":"In &quot;Not\u00edcias de Ribeir\u00e3o Preto-SP e Regi\u00e3o&quot;","block_context":{"text":"Not\u00edcias de Ribeir\u00e3o Preto-SP e Regi\u00e3o","link":"https:\/\/ismaelcolosi.com.br\/index.php\/category\/noticias-de-ribeirao-preto-sp-e-regiao-ismael-colosi\/"},"img":{"alt_text":"","src":"https:\/\/i0.wp.com\/ismaelcolosi.com.br\/wp-content\/uploads\/2024\/03\/AnyConv.com__Copia-de-Copia-de-TAMANHO-EXATO-PARA-FOTOS-NO-SISTEMA-NOVO-61.webp.webp?fit=1200%2C675&ssl=1&resize=350%2C200","width":350,"height":200,"srcset":"https:\/\/i0.wp.com\/ismaelcolosi.com.br\/wp-content\/uploads\/2024\/03\/AnyConv.com__Copia-de-Copia-de-TAMANHO-EXATO-PARA-FOTOS-NO-SISTEMA-NOVO-61.webp.webp?fit=1200%2C675&ssl=1&resize=350%2C200 1x, https:\/\/i0.wp.com\/ismaelcolosi.com.br\/wp-content\/uploads\/2024\/03\/AnyConv.com__Copia-de-Copia-de-TAMANHO-EXATO-PARA-FOTOS-NO-SISTEMA-NOVO-61.webp.webp?fit=1200%2C675&ssl=1&resize=525%2C300 1.5x, https:\/\/i0.wp.com\/ismaelcolosi.com.br\/wp-content\/uploads\/2024\/03\/AnyConv.com__Copia-de-Copia-de-TAMANHO-EXATO-PARA-FOTOS-NO-SISTEMA-NOVO-61.webp.webp?fit=1200%2C675&ssl=1&resize=700%2C400 2x, https:\/\/i0.wp.com\/ismaelcolosi.com.br\/wp-content\/uploads\/2024\/03\/AnyConv.com__Copia-de-Copia-de-TAMANHO-EXATO-PARA-FOTOS-NO-SISTEMA-NOVO-61.webp.webp?fit=1200%2C675&ssl=1&resize=1050%2C600 3x"},"classes":[]},{"id":56296,"url":"https:\/\/ismaelcolosi.com.br\/index.php\/2024\/07\/10\/cameras-flagram-roubo-em-concessionaria-de-seminovos-em-ribeirao-preto-veja-o-video\/","url_meta":{"origin":75126,"position":1},"title":"C\u00e2meras flagram roubo em concession\u00e1ria de seminovos em Ribeir\u00e3o Preto; Veja o v\u00eddeo","author":"ismaelcolosi.com.br","date":"10 de July de 2024","format":false,"excerpt":"C\u00e2meras de seguran\u00e7a flagraram um roubo em uma garagem de ve\u00edculos, localizada na avenida Presidente Kennedy, zona Leste de Ribeir\u00e3o Preto, na tarde desta quarta-feira (10) \u2013 veja o v\u00eddeo abaixo. Nas imagens \u00e9 poss\u00edvel ver o momento em que um homem entra no local e come\u00e7a a conversar com\u2026","rel":"","context":"In &quot;Not\u00edcias de Ribeir\u00e3o Preto-SP e Regi\u00e3o&quot;","block_context":{"text":"Not\u00edcias de Ribeir\u00e3o Preto-SP e Regi\u00e3o","link":"https:\/\/ismaelcolosi.com.br\/index.php\/category\/noticias-de-ribeirao-preto-sp-e-regiao-ismael-colosi\/"},"img":{"alt_text":"","src":"https:\/\/i0.wp.com\/ismaelcolosi.com.br\/wp-content\/uploads\/2024\/07\/WhatsApp-Image-2024-07-10-at-16.49.15_2024-07-10_19-50-10_jpeg_2024-07-10_19-50-10.webp.webp?fit=472%2C333&ssl=1&resize=350%2C200","width":350,"height":200},"classes":[]},{"id":3033,"url":"https:\/\/ismaelcolosi.com.br\/index.php\/2023\/08\/15\/pm-e-preso-apos-atirar-contra-suspeitos-de-assalto-e-matar-pedestre-em-sp\/","url_meta":{"origin":75126,"position":2},"title":"PM \u00e9 preso ap\u00f3s atirar contra suspeitos de assalto e matar pedestre em SP","author":"ismaelcolosi.com.br","date":"15 de August de 2023","format":false,"excerpt":"Um policial militar foi preso em flagrante ap\u00f3s um disparo de arma de fogo efetuado por ele matar uma mulher que sa\u00eda de uma casa noturna, no bairro Alto da Boa Vista, em Ribeir\u00e3o Preto, no interior de S\u00e3o Paulo, na madrugada de segunda-feira (14). J\u00falia Ferraz Signoreto, de 27\u2026","rel":"","context":"In &quot;Not\u00edcias de Ribeir\u00e3o Preto-SP e Regi\u00e3o&quot;","block_context":{"text":"Not\u00edcias de Ribeir\u00e3o Preto-SP e Regi\u00e3o","link":"https:\/\/ismaelcolosi.com.br\/index.php\/category\/noticias-de-ribeirao-preto-sp-e-regiao-ismael-colosi\/"},"img":{"alt_text":"","src":"https:\/\/i0.wp.com\/ismaelcolosi.com.br\/wp-content\/uploads\/2023\/11\/Copia-de-Placeholder-site-2023-08-15T080843.464.jpg?fit=1200%2C675&ssl=1&resize=350%2C200","width":350,"height":200,"srcset":"https:\/\/i0.wp.com\/ismaelcolosi.com.br\/wp-content\/uploads\/2023\/11\/Copia-de-Placeholder-site-2023-08-15T080843.464.jpg?fit=1200%2C675&ssl=1&resize=350%2C200 1x, https:\/\/i0.wp.com\/ismaelcolosi.com.br\/wp-content\/uploads\/2023\/11\/Copia-de-Placeholder-site-2023-08-15T080843.464.jpg?fit=1200%2C675&ssl=1&resize=525%2C300 1.5x, https:\/\/i0.wp.com\/ismaelcolosi.com.br\/wp-content\/uploads\/2023\/11\/Copia-de-Placeholder-site-2023-08-15T080843.464.jpg?fit=1200%2C675&ssl=1&resize=700%2C400 2x, https:\/\/i0.wp.com\/ismaelcolosi.com.br\/wp-content\/uploads\/2023\/11\/Copia-de-Placeholder-site-2023-08-15T080843.464.jpg?fit=1200%2C675&ssl=1&resize=1050%2C600 3x"},"classes":[]},{"id":38606,"url":"https:\/\/ismaelcolosi.com.br\/index.php\/2024\/02\/20\/video-enteado-de-pm-assassinado-divulga-video-agradecendo-apoio\/","url_meta":{"origin":75126,"position":3},"title":"V\u00cdDEO &#8211; Enteado de PM assassinado divulga v\u00eddeo agradecendo apoio","author":"ismaelcolosi.com.br","date":"20 de February de 2024","format":false,"excerpt":"Rafael Bernardes Farias foi ferido durante latroc\u00ednio do policial aposentado e recebeu alta ap\u00f3s interna\u00e7\u00e3o hospitalar por conta de troca de tiros com assaltantes 20 de fevereiro de 2024 | 16:4720 de fevereiro de 2024 | 16:54 2Por: Adalberto LuqueO homem ferido durante tiroteio que resultou na morte do policial\u2026","rel":"","context":"In &quot;Not\u00edcias de Ribeir\u00e3o Preto-SP e Regi\u00e3o&quot;","block_context":{"text":"Not\u00edcias de Ribeir\u00e3o Preto-SP e Regi\u00e3o","link":"https:\/\/ismaelcolosi.com.br\/index.php\/category\/noticias-de-ribeirao-preto-sp-e-regiao-ismael-colosi\/"},"img":{"alt_text":"","src":"https:\/\/i0.wp.com\/ismaelcolosi.com.br\/wp-content\/uploads\/2024\/02\/00-20-fev-2024-latrocinio-pm-aposentato-foto-reproducao.jpg?fit=772%2C542&ssl=1&resize=350%2C200","width":350,"height":200,"srcset":"https:\/\/i0.wp.com\/ismaelcolosi.com.br\/wp-content\/uploads\/2024\/02\/00-20-fev-2024-latrocinio-pm-aposentato-foto-reproducao.jpg?fit=772%2C542&ssl=1&resize=350%2C200 1x, https:\/\/i0.wp.com\/ismaelcolosi.com.br\/wp-content\/uploads\/2024\/02\/00-20-fev-2024-latrocinio-pm-aposentato-foto-reproducao.jpg?fit=772%2C542&ssl=1&resize=525%2C300 1.5x, https:\/\/i0.wp.com\/ismaelcolosi.com.br\/wp-content\/uploads\/2024\/02\/00-20-fev-2024-latrocinio-pm-aposentato-foto-reproducao.jpg?fit=772%2C542&ssl=1&resize=700%2C400 2x"},"classes":[]},{"id":7526,"url":"https:\/\/ismaelcolosi.com.br\/index.php\/2023\/11\/28\/baep-prende-autor-de-assalto-no-jardim-paulista\/","url_meta":{"origin":75126,"position":4},"title":"BAEP prende autor de assalto no Jardim Paulista","author":"ismaelcolosi.com.br","date":"28 de November de 2023","format":false,"excerpt":"Detido usou o carro da namorada que est\u00e1 na cadeia; PM chegou at\u00e9 ele ao checar compras feitas com cart\u00e3o banc\u00e1rio da v\u00edtima 28 de novembro de 2023 | 11:03 2Por: Adalberto LuqueUm homem foi preso, nesta segunda-feira (27), horas depois de ter praticado um assalto em um ponto de\u2026","rel":"","context":"In &quot;Not\u00edcias de Ribeir\u00e3o Preto-SP e Regi\u00e3o&quot;","block_context":{"text":"Not\u00edcias de Ribeir\u00e3o Preto-SP e Regi\u00e3o","link":"https:\/\/ismaelcolosi.com.br\/index.php\/category\/noticias-de-ribeirao-preto-sp-e-regiao-ismael-colosi\/"},"img":{"alt_text":"","src":"https:\/\/i0.wp.com\/ismaelcolosi.com.br\/wp-content\/uploads\/2023\/11\/00-28-nov-2023-assalto-carro-presa-foto-baep.jpg?fit=960%2C754&ssl=1&resize=350%2C200","width":350,"height":200,"srcset":"https:\/\/i0.wp.com\/ismaelcolosi.com.br\/wp-content\/uploads\/2023\/11\/00-28-nov-2023-assalto-carro-presa-foto-baep.jpg?fit=960%2C754&ssl=1&resize=350%2C200 1x, https:\/\/i0.wp.com\/ismaelcolosi.com.br\/wp-content\/uploads\/2023\/11\/00-28-nov-2023-assalto-carro-presa-foto-baep.jpg?fit=960%2C754&ssl=1&resize=525%2C300 1.5x, https:\/\/i0.wp.com\/ismaelcolosi.com.br\/wp-content\/uploads\/2023\/11\/00-28-nov-2023-assalto-carro-presa-foto-baep.jpg?fit=960%2C754&ssl=1&resize=700%2C400 2x"},"classes":[]},{"id":33089,"url":"https:\/\/ismaelcolosi.com.br\/index.php\/2024\/01\/27\/o-que-se-sabe-sobre-engenheiro-morto-e-enterrado-na-zona-rural-de-cidade-na-regiao-de-ribeirao\/","url_meta":{"origin":75126,"position":5},"title":"O que se sabe sobre engenheiro morto e enterrado na zona rural de cidade na regi\u00e3o de Ribeir\u00e3o","author":"ismaelcolosi.com.br","date":"27 de January de 2024","format":false,"excerpt":"A Pol\u00edcia Civil investiga a morte do engenheiro C\u00e9sar Henrique Rinhel, de 50 anos, assassinado em dezembro de 2023, em uma oficina da zona Norte de Ribeir\u00e3o Preto. O corpo da v\u00edtima foi localizado em uma fazenda na zona rural de Serrana, ap\u00f3s trabalhadores de uma usina terem avistado um\u2026","rel":"","context":"In &quot;Not\u00edcias de Ribeir\u00e3o Preto-SP e Regi\u00e3o&quot;","block_context":{"text":"Not\u00edcias de Ribeir\u00e3o Preto-SP e Regi\u00e3o","link":"https:\/\/ismaelcolosi.com.br\/index.php\/category\/noticias-de-ribeirao-preto-sp-e-regiao-ismael-colosi\/"},"img":{"alt_text":"","src":"https:\/\/i0.wp.com\/ismaelcolosi.com.br\/wp-content\/uploads\/2024\/01\/Copia-de-Copia-de-TAMANHO-EXATO-PARA-FOTOS-NO-SISTEMA-NOVO-4-1.jpg?fit=1200%2C675&ssl=1&resize=350%2C200","width":350,"height":200,"srcset":"https:\/\/i0.wp.com\/ismaelcolosi.com.br\/wp-content\/uploads\/2024\/01\/Copia-de-Copia-de-TAMANHO-EXATO-PARA-FOTOS-NO-SISTEMA-NOVO-4-1.jpg?fit=1200%2C675&ssl=1&resize=350%2C200 1x, https:\/\/i0.wp.com\/ismaelcolosi.com.br\/wp-content\/uploads\/2024\/01\/Copia-de-Copia-de-TAMANHO-EXATO-PARA-FOTOS-NO-SISTEMA-NOVO-4-1.jpg?fit=1200%2C675&ssl=1&resize=525%2C300 1.5x, https:\/\/i0.wp.com\/ismaelcolosi.com.br\/wp-content\/uploads\/2024\/01\/Copia-de-Copia-de-TAMANHO-EXATO-PARA-FOTOS-NO-SISTEMA-NOVO-4-1.jpg?fit=1200%2C675&ssl=1&resize=700%2C400 2x, https:\/\/i0.wp.com\/ismaelcolosi.com.br\/wp-content\/uploads\/2024\/01\/Copia-de-Copia-de-TAMANHO-EXATO-PARA-FOTOS-NO-SISTEMA-NOVO-4-1.jpg?fit=1200%2C675&ssl=1&resize=1050%2C600 3x"},"classes":[]}],"jetpack_sharing_enabled":true,"jetpack_shortlink":"https:\/\/wp.me\/pfMlyK-jxI","_links":{"self":[{"href":"https:\/\/ismaelcolosi.com.br\/index.php\/wp-json\/wp\/v2\/posts\/75126","targetHints":{"allow":["GET"]}}],"collection":[{"href":"https:\/\/ismaelcolosi.com.br\/index.php\/wp-json\/wp\/v2\/posts"}],"about":[{"href":"https:\/\/ismaelcolosi.com.br\/index.php\/wp-json\/wp\/v2\/types\/post"}],"author":[{"embeddable":true,"href":"https:\/\/ismaelcolosi.com.br\/index.php\/wp-json\/wp\/v2\/users\/1"}],"replies":[{"embeddable":true,"href":"https:\/\/ismaelcolosi.com.br\/index.php\/wp-json\/wp\/v2\/comments?post=75126"}],"version-history":[{"count":0,"href":"https:\/\/ismaelcolosi.com.br\/index.php\/wp-json\/wp\/v2\/posts\/75126\/revisions"}],"wp:featuredmedia":[{"embeddable":true,"href":"https:\/\/ismaelcolosi.com.br\/index.php\/wp-json\/wp\/v2\/media\/75127"}],"wp:attachment":[{"href":"https:\/\/ismaelcolosi.com.br\/index.php\/wp-json\/wp\/v2\/media?parent=75126"}],"wp:term":[{"taxonomy":"category","embeddable":true,"href":"https:\/\/ismaelcolosi.com.br\/index.php\/wp-json\/wp\/v2\/categories?post=75126"},{"taxonomy":"post_tag","embeddable":true,"href":"https:\/\/ismaelcolosi.com.br\/index.php\/wp-json\/wp\/v2\/tags?post=75126"}],"curies":[{"name":"wp","href":"https:\/\/api.w.org\/{rel}","templated":true}]}}