{"id":74768,"date":"2024-11-01T22:19:53","date_gmt":"2024-11-02T01:19:53","guid":{"rendered":"https:\/\/ismaelcolosi.com.br\/index.php\/2024\/11\/01\/liminar-suspende-execucao-do-contrato-do-centro-administrativo\/"},"modified":"2024-11-01T22:19:53","modified_gmt":"2024-11-02T01:19:53","slug":"liminar-suspende-execucao-do-contrato-do-centro-administrativo","status":"publish","type":"post","link":"https:\/\/ismaelcolosi.com.br\/index.php\/2024\/11\/01\/liminar-suspende-execucao-do-contrato-do-centro-administrativo\/","title":{"rendered":"Liminar suspende execu\u00e7\u00e3o do contrato do Centro Administrativo"},"content":{"rendered":"<p> <br \/>\n<\/p>\n<div>\n<p>A ju\u00edza Lucilene Aparecida Canella de Melo, da 2\u00aa. Vara da Fazenda P\u00fablica de Ribeir\u00e3o Preto suspendeu liminarmente na noite desta sexta-feira, 1 de novembro, a execu\u00e7\u00e3o pela prefeitura da constru\u00e7\u00e3o do Centro Administrativo licitado pelo governo do prefeito Duarte Nogueira (PSDB). A vencedora da licita\u00e7\u00e3o foi a H2Obras Constru\u00e7\u00f5es Ltda. pelo valor de R$ 173.497.592,89 e o contrato j\u00e1 foi assinado. A obra est\u00e1 revista para ser feita em uma \u00e1rea doada ao munic\u00edpio pela Funda\u00e7\u00e3o Educand\u00e1rio, na regi\u00e3o Norte da cidade.<\/p>\n<p>A liminar foi dada em uma A\u00e7\u00e3o Popular impetrada pela Vereadora Duda Hidalgo (PT) e pelo vereador Marcos Papa, (Podemos). Eles alegaram inexist\u00eancia de recursos para a realiza\u00e7\u00e3o da obra, Estudo de Impacto de Vizinhan\u00e7a irregular e viola\u00e7\u00e3o do Princ\u00edpio da Conveni\u00eancia, uma vez que o futuro prefeito da cidade, Ricardo Silva (PSD) tamb\u00e9m \u00e9 contr\u00e1rio a obra.<\/p>\n<p>Na decis\u00e3o a ju\u00edza afirmou que n\u00e3o cabe ao Poder Judici\u00e1rio analisar se a constru\u00e7\u00e3o do Centro Administrativo \u00e9 boa ou ruim para o munic\u00edpio. A magistrada limitou sua decis\u00e3o a observ\u00e2ncia da Lei de Responsabilidade Fiscal (LRF) que pro\u00edbe que o prefeito em fim de mandato, deixe d\u00edvidas para o pr\u00f3ximo governo sem que elas estejam previstas na Lei Or\u00e7ament\u00e1ria Anual (LOA) do pr\u00f3ximo ano.<\/p>\n<p>Na LOA proposta pelo Executivo e em an\u00e1lise pela C\u00e2mara de Vereadores o recurso reservado para a constru\u00e7\u00e3o do Centro Administrativo \u00e9 de pouco mais de R$ 32 milh\u00f5es. Ou seja, n\u00e3o existiria previs\u00e3o or\u00e7ament\u00e1ria de R$ 141 milh\u00f5es. A ju\u00edza deu prazo de 15 dias para eu a prefeitura envie documentos para a Justi\u00e7a sobre o assunto.<\/p>\n<p>\u201cAssim, presente probabilidade do direito alegado e perigo de dano ao resultado \u00fatil do processo, defiro o pedido liminar para determinar a suspens\u00e3o da execu\u00e7\u00e3o do contrato objeto da concorr\u00eancia p\u00fablica n\u00ba 12\/2023, at\u00e9 a apresenta\u00e7\u00e3o por parte do Munic\u00edpio dos documentos relacionados \u00e0 despesa. Prazo: 15 dias\u201d sentenciou a magistrada.<\/p>\n<p>O Tribuna apurou que uma emenda supressiva est\u00e1 sendo feita pelos vereadores para retirar do projeto da Lei Or\u00e7ament\u00e1ria Anual do pr\u00f3ximo ano, qualquer recurso reservado para a obra.<br \/>Em outubro, os vereadores tamb\u00e9m aprovaram um projeto de Duda Hidalgo (PT) que prev\u00ea a realiza\u00e7\u00e3o de um plebiscito para que a popula\u00e7\u00e3o decida sobre a realiza\u00e7\u00e3o, ou n\u00e3o, da obra.<\/p>\n<\/div>\n<p><br \/>\n<br \/><a href=\"https:\/\/www.tribunaribeirao.com.br\/liminar-suspende-execucao-do-contrato-do-centro-administrativo\/\">Source link <\/a><\/p>\n<div class='code-block code-block-4' style='margin: 8px auto 8px 0; text-align: left; display: block; clear: both;'>\n\ud83d\udce2 Aviso Legal\n\nO site ismaelcolosi.com.br atua apenas como um canal de divulga\u00e7\u00e3o de oportunidades de emprego e n\u00e3o se responsabiliza pelo processo seletivo, contrata\u00e7\u00e3o ou qualquer outra etapa relacionada \u00e0s vagas publicadas. Todas as informa\u00e7\u00f5es s\u00e3o de responsabilidade dos anunciantes.\n\n\u26a0\ufe0f Aten\u00e7\u00e3o! Nunca pague por promessas de emprego nem compre cursos que garantam contrata\u00e7\u00e3o. Desconfie de qualquer cobran\u00e7a para participar de sele\u00e7\u00f5es.\n\n\n\n<\/div>\n<!-- CONTENT END 1 -->\n","protected":false},"excerpt":{"rendered":"<p>A ju\u00edza Lucilene Aparecida Canella de Melo, da 2\u00aa. Vara da Fazenda P\u00fablica de Ribeir\u00e3o Preto suspendeu liminarmente na noite desta sexta-feira, 1 de novembro,&#8230;<\/p>\n","protected":false},"author":1,"featured_media":74769,"comment_status":"open","ping_status":"open","sticky":false,"template":"","format":"standard","meta":{"_uag_custom_page_level_css":"","advanced_seo_description":"","jetpack_seo_html_title":"","jetpack_seo_noindex":false,"jetpack_post_was_ever_published":false,"_jetpack_newsletter_access":"","_jetpack_dont_email_post_to_subs":false,"_jetpack_newsletter_tier_id":0,"_jetpack_memberships_contains_paywalled_content":false,"_jetpack_memberships_contains_paid_content":false,"footnotes":"","jetpack_publicize_message":"","jetpack_publicize_feature_enabled":true,"jetpack_social_post_already_shared":true,"jetpack_social_options":{"image_generator_settings":{"template":"highway","default_image_id":0,"font":"","enabled":false},"version":2}},"categories":[11],"tags":[],"class_list":["post-74768","post","type-post","status-publish","format-standard","has-post-thumbnail","hentry","category-noticias-de-ribeirao-preto-sp-e-regiao-ismael-colosi"],"jetpack_publicize_connections":[],"jetpack_featured_media_url":"https:\/\/i0.wp.com\/ismaelcolosi.com.br\/wp-content\/uploads\/2024\/11\/CentroRP-Ter-Detalhe-Divulgacao-1-scaled.jpg?fit=800%2C497&ssl=1","uagb_featured_image_src":{"full":["https:\/\/i0.wp.com\/ismaelcolosi.com.br\/wp-content\/uploads\/2024\/11\/CentroRP-Ter-Detalhe-Divulgacao-1-scaled.jpg?fit=800%2C497&ssl=1",800,497,false],"thumbnail":["https:\/\/i0.wp.com\/ismaelcolosi.com.br\/wp-content\/uploads\/2024\/11\/CentroRP-Ter-Detalhe-Divulgacao-1-scaled.jpg?resize=150%2C150&ssl=1",150,150,true],"medium":["https:\/\/i0.wp.com\/ismaelcolosi.com.br\/wp-content\/uploads\/2024\/11\/CentroRP-Ter-Detalhe-Divulgacao-1-scaled.jpg?fit=300%2C186&ssl=1",300,186,true],"medium_large":["https:\/\/i0.wp.com\/ismaelcolosi.com.br\/wp-content\/uploads\/2024\/11\/CentroRP-Ter-Detalhe-Divulgacao-1-scaled.jpg?fit=768%2C477&ssl=1",768,477,true],"large":["https:\/\/i0.wp.com\/ismaelcolosi.com.br\/wp-content\/uploads\/2024\/11\/CentroRP-Ter-Detalhe-Divulgacao-1-scaled.jpg?fit=800%2C497&ssl=1",800,497,true],"1536x1536":["https:\/\/i0.wp.com\/ismaelcolosi.com.br\/wp-content\/uploads\/2024\/11\/CentroRP-Ter-Detalhe-Divulgacao-1-scaled.jpg?fit=800%2C497&ssl=1",800,497,true],"2048x2048":["https:\/\/i0.wp.com\/ismaelcolosi.com.br\/wp-content\/uploads\/2024\/11\/CentroRP-Ter-Detalhe-Divulgacao-1-scaled.jpg?fit=800%2C497&ssl=1",800,497,true],"really-simple-thumb":["https:\/\/i0.wp.com\/ismaelcolosi.com.br\/wp-content\/uploads\/2024\/11\/CentroRP-Ter-Detalhe-Divulgacao-1-scaled.jpg?resize=370%2C247&ssl=1",370,247,true]},"uagb_author_info":{"display_name":"ismaelcolosi.com.br","author_link":"https:\/\/ismaelcolosi.com.br\/index.php\/author\/vidareal-online\/"},"uagb_comment_info":0,"uagb_excerpt":"A ju\u00edza Lucilene Aparecida Canella de Melo, da 2\u00aa. Vara da Fazenda P\u00fablica de Ribeir\u00e3o Preto suspendeu liminarmente na noite desta sexta-feira, 1 de novembro,...","jetpack-related-posts":[{"id":74999,"url":"https:\/\/ismaelcolosi.com.br\/index.php\/2024\/11\/04\/emenda-retira-centro-administrativo-do-orcamento-do-ano-que-vem\/","url_meta":{"origin":74768,"position":0},"title":"Emenda retira Centro Administrativo do Or\u00e7amento do ano que vem","author":"ismaelcolosi.com.br","date":"4 de November de 2024","format":false,"excerpt":"Uma emenda supressiva inclusa no projeto da Lei Or\u00e7ament\u00e1ria Anual (LOA) para 2025, em an\u00e1lise pela C\u00e2mara de Vereadores de Ribeir\u00e3o Preto, prop\u00f5e a elimina\u00e7\u00e3o da proposta de tudo o que diz respeito \u2013 inclusive recursos -, reservados pela atual administra\u00e7\u00e3o municipal para o in\u00edcio das obras do Centro Administrativo.\u2026","rel":"","context":"In &quot;Not\u00edcias de Ribeir\u00e3o Preto-SP e Regi\u00e3o&quot;","block_context":{"text":"Not\u00edcias de Ribeir\u00e3o Preto-SP e Regi\u00e3o","link":"https:\/\/ismaelcolosi.com.br\/index.php\/category\/noticias-de-ribeirao-preto-sp-e-regiao-ismael-colosi\/"},"img":{"alt_text":"","src":"https:\/\/i0.wp.com\/ismaelcolosi.com.br\/wp-content\/uploads\/2024\/11\/CentroRP-Detalhe-Divulgacao-2-scaled.jpg?fit=800%2C467&ssl=1&resize=350%2C200","width":350,"height":200,"srcset":"https:\/\/i0.wp.com\/ismaelcolosi.com.br\/wp-content\/uploads\/2024\/11\/CentroRP-Detalhe-Divulgacao-2-scaled.jpg?fit=800%2C467&ssl=1&resize=350%2C200 1x, https:\/\/i0.wp.com\/ismaelcolosi.com.br\/wp-content\/uploads\/2024\/11\/CentroRP-Detalhe-Divulgacao-2-scaled.jpg?fit=800%2C467&ssl=1&resize=525%2C300 1.5x, https:\/\/i0.wp.com\/ismaelcolosi.com.br\/wp-content\/uploads\/2024\/11\/CentroRP-Detalhe-Divulgacao-2-scaled.jpg?fit=800%2C467&ssl=1&resize=700%2C400 2x"},"classes":[]},{"id":29481,"url":"https:\/\/ismaelcolosi.com.br\/index.php\/2024\/01\/18\/novela-da-nove-de-julho-construtora-tem-liminar-para-retomar-obra-em-ribeirao\/","url_meta":{"origin":74768,"position":1},"title":"Novela da Nove de Julho: Construtora tem liminar para retomar obra em Ribeir\u00e3o","author":"ismaelcolosi.com.br","date":"18 de January de 2024","format":false,"excerpt":"A 1\u00aa Vara da Fazenda P\u00fablica de Ribeir\u00e3o Preto concedeu uma liminar, no final de dezembro, para a Construtora Metropolitana que suspende a decis\u00e3o da Prefeitura de Ribeir\u00e3o Preto que rescindiu o contrato das obras de restauro da avenida Nove de Julho. O acordo foi rompido pelo Executivo no in\u00edcio\u2026","rel":"","context":"In &quot;Not\u00edcias de Ribeir\u00e3o Preto-SP e Regi\u00e3o&quot;","block_context":{"text":"Not\u00edcias de Ribeir\u00e3o Preto-SP e Regi\u00e3o","link":"https:\/\/ismaelcolosi.com.br\/index.php\/category\/noticias-de-ribeirao-preto-sp-e-regiao-ismael-colosi\/"},"img":{"alt_text":"","src":"https:\/\/i0.wp.com\/ismaelcolosi.com.br\/wp-content\/uploads\/2024\/01\/WhatsApp-Image-2023-12-20-at-10.47.41.jpeg?fit=1200%2C675&ssl=1&resize=350%2C200","width":350,"height":200,"srcset":"https:\/\/i0.wp.com\/ismaelcolosi.com.br\/wp-content\/uploads\/2024\/01\/WhatsApp-Image-2023-12-20-at-10.47.41.jpeg?fit=1200%2C675&ssl=1&resize=350%2C200 1x, https:\/\/i0.wp.com\/ismaelcolosi.com.br\/wp-content\/uploads\/2024\/01\/WhatsApp-Image-2023-12-20-at-10.47.41.jpeg?fit=1200%2C675&ssl=1&resize=525%2C300 1.5x, https:\/\/i0.wp.com\/ismaelcolosi.com.br\/wp-content\/uploads\/2024\/01\/WhatsApp-Image-2023-12-20-at-10.47.41.jpeg?fit=1200%2C675&ssl=1&resize=700%2C400 2x, https:\/\/i0.wp.com\/ismaelcolosi.com.br\/wp-content\/uploads\/2024\/01\/WhatsApp-Image-2023-12-20-at-10.47.41.jpeg?fit=1200%2C675&ssl=1&resize=1050%2C600 3x"},"classes":[]},{"id":56632,"url":"https:\/\/ismaelcolosi.com.br\/index.php\/2024\/07\/13\/entenda-a-polemica-da-construcao-do-centro-administrativo-em-ribeirao-preto\/","url_meta":{"origin":74768,"position":2},"title":"Entenda a pol\u00eamica da constru\u00e7\u00e3o do Centro Administrativo em Ribeir\u00e3o Preto","author":"ismaelcolosi.com.br","date":"13 de July de 2024","format":false,"excerpt":"A Justi\u00e7a de Ribeir\u00e3o Preto suspendeu a licita\u00e7\u00e3o para a constru\u00e7\u00e3o do Centro Administrativo na zona Norte da cidade em decis\u00e3o liminiar nesta sexta-feira (12). Ainda cabe recurso. A Prefeitura de Ribeir\u00e3o j\u00e1 havia homologado a empresa vencedora, a H2Obras Constru\u00e7\u00f5es Ltda., com sede em S\u00e3o Bernardo do Campo (SP).\u2026","rel":"","context":"In &quot;Not\u00edcias de Ribeir\u00e3o Preto-SP e Regi\u00e3o&quot;","block_context":{"text":"Not\u00edcias de Ribeir\u00e3o Preto-SP e Regi\u00e3o","link":"https:\/\/ismaelcolosi.com.br\/index.php\/category\/noticias-de-ribeirao-preto-sp-e-regiao-ismael-colosi\/"},"img":{"alt_text":"","src":"https:\/\/i0.wp.com\/ismaelcolosi.com.br\/wp-content\/uploads\/2024\/06\/AnyConv.com__centro-administrativo-projeto_2024-06-26_13-44-03.webp.webp?fit=753%2C378&ssl=1&resize=350%2C200","width":350,"height":200,"srcset":"https:\/\/i0.wp.com\/ismaelcolosi.com.br\/wp-content\/uploads\/2024\/06\/AnyConv.com__centro-administrativo-projeto_2024-06-26_13-44-03.webp.webp?fit=753%2C378&ssl=1&resize=350%2C200 1x, https:\/\/i0.wp.com\/ismaelcolosi.com.br\/wp-content\/uploads\/2024\/06\/AnyConv.com__centro-administrativo-projeto_2024-06-26_13-44-03.webp.webp?fit=753%2C378&ssl=1&resize=525%2C300 1.5x, https:\/\/i0.wp.com\/ismaelcolosi.com.br\/wp-content\/uploads\/2024\/06\/AnyConv.com__centro-administrativo-projeto_2024-06-26_13-44-03.webp.webp?fit=753%2C378&ssl=1&resize=700%2C400 2x"},"classes":[]},{"id":77120,"url":"https:\/\/ismaelcolosi.com.br\/index.php\/2024\/11\/21\/prefeitura-vai-dar-os-para-inicio-do-centro-administrativo\/","url_meta":{"origin":74768,"position":3},"title":"Prefeitura vai dar OS para in\u00edcio do Centro Administrativo","author":"ismaelcolosi.com.br","date":"21 de November de 2024","format":false,"excerpt":"O prefeito de Ribeir\u00e3o Preto, Duarte Nogueira (PSDB), dever\u00e1 assinar a Ordem de Servi\u00e7o (OS) com empresa vencedora da licita\u00e7\u00e3o para constru\u00e7\u00e3o do Centro Administrativo. A vencedora foi a H2Obras Constru\u00e7\u00f5es Ltda. pelo valor de R$ 173.497.592,89. A obra est\u00e1 prevista para ser feita em uma \u00e1rea doada ao munic\u00edpio\u2026","rel":"","context":"In &quot;Not\u00edcias de Ribeir\u00e3o Preto-SP e Regi\u00e3o&quot;","block_context":{"text":"Not\u00edcias de Ribeir\u00e3o Preto-SP e Regi\u00e3o","link":"https:\/\/ismaelcolosi.com.br\/index.php\/category\/noticias-de-ribeirao-preto-sp-e-regiao-ismael-colosi\/"},"img":{"alt_text":"","src":"https:\/\/i0.wp.com\/ismaelcolosi.com.br\/wp-content\/uploads\/2024\/11\/Prefeitura-de-RP-Foto-CCS-scaled-1.jpeg?fit=970%2C645&ssl=1&resize=350%2C200","width":350,"height":200,"srcset":"https:\/\/i0.wp.com\/ismaelcolosi.com.br\/wp-content\/uploads\/2024\/11\/Prefeitura-de-RP-Foto-CCS-scaled-1.jpeg?fit=970%2C645&ssl=1&resize=350%2C200 1x, https:\/\/i0.wp.com\/ismaelcolosi.com.br\/wp-content\/uploads\/2024\/11\/Prefeitura-de-RP-Foto-CCS-scaled-1.jpeg?fit=970%2C645&ssl=1&resize=525%2C300 1.5x, https:\/\/i0.wp.com\/ismaelcolosi.com.br\/wp-content\/uploads\/2024\/11\/Prefeitura-de-RP-Foto-CCS-scaled-1.jpeg?fit=970%2C645&ssl=1&resize=700%2C400 2x"},"classes":[]},{"id":75872,"url":"https:\/\/ismaelcolosi.com.br\/index.php\/2024\/11\/08\/plebiscito-sobre-construcao-do-centro-administrativo-nao-chegou-a-justica-eleitoral\/","url_meta":{"origin":74768,"position":4},"title":"Plebiscito sobre constru\u00e7\u00e3o do centro administrativo n\u00e3o chegou \u00e0 Justi\u00e7a Eleitoral\u00a0","author":"ismaelcolosi.com.br","date":"8 de November de 2024","format":false,"excerpt":"O decreto legislativo que prev\u00ea a realiza\u00e7\u00e3o de plebiscito para que a popula\u00e7\u00e3o opine sobre a constru\u00e7\u00e3o do novo centro administrativo de Ribeir\u00e3o Preto, a obra mais vultos da cidade, que custar\u00e1 R$ 173.497.592,89, ainda n\u00e3o foi encaminhado \u00e0 Justi\u00e7a Eleitoral. A proposta da vereadora Duda Hidalgo (PT) foi aprovada\u2026","rel":"","context":"In &quot;Not\u00edcias de Ribeir\u00e3o Preto-SP e Regi\u00e3o&quot;","block_context":{"text":"Not\u00edcias de Ribeir\u00e3o Preto-SP e Regi\u00e3o","link":"https:\/\/ismaelcolosi.com.br\/index.php\/category\/noticias-de-ribeirao-preto-sp-e-regiao-ismael-colosi\/"},"img":{"alt_text":"","src":"https:\/\/i0.wp.com\/ismaelcolosi.com.br\/wp-content\/uploads\/2024\/11\/CentroRP-Pro-Divulgacao-scaled.jpg?fit=800%2C432&ssl=1&resize=350%2C200","width":350,"height":200,"srcset":"https:\/\/i0.wp.com\/ismaelcolosi.com.br\/wp-content\/uploads\/2024\/11\/CentroRP-Pro-Divulgacao-scaled.jpg?fit=800%2C432&ssl=1&resize=350%2C200 1x, https:\/\/i0.wp.com\/ismaelcolosi.com.br\/wp-content\/uploads\/2024\/11\/CentroRP-Pro-Divulgacao-scaled.jpg?fit=800%2C432&ssl=1&resize=525%2C300 1.5x, https:\/\/i0.wp.com\/ismaelcolosi.com.br\/wp-content\/uploads\/2024\/11\/CentroRP-Pro-Divulgacao-scaled.jpg?fit=800%2C432&ssl=1&resize=700%2C400 2x"},"classes":[]},{"id":70149,"url":"https:\/\/ismaelcolosi.com.br\/index.php\/2024\/10\/09\/saiba-como-fica-a-situacao-do-centro-administrativo-de-ribeirao-apos-assinatura-de-contrato\/","url_meta":{"origin":74768,"position":5},"title":"Saiba como fica a situa\u00e7\u00e3o do Centro Administrativo de Ribeir\u00e3o ap\u00f3s assinatura\u00a0de\u00a0contrato","author":"ismaelcolosi.com.br","date":"9 de October de 2024","format":false,"excerpt":"Nesta ter\u00e7a-feira (8), foi assinado o contrato para constru\u00e7\u00e3o do novo Centro Administrativo de Ribeir\u00e3o Preto. O documento ser\u00e1 publicado no Di\u00e1rio Oficial para que, na sequ\u00eancia, seja emitida a ordem de servi\u00e7o. A previs\u00e3o \u00e9 que esse tr\u00e2mite aconte\u00e7a nos pr\u00f3ximos dias. De acordo com o secret\u00e1rio de Administra\u00e7\u00e3o,\u2026","rel":"","context":"In &quot;Not\u00edcias de Ribeir\u00e3o Preto-SP e Regi\u00e3o&quot;","block_context":{"text":"Not\u00edcias de Ribeir\u00e3o Preto-SP e Regi\u00e3o","link":"https:\/\/ismaelcolosi.com.br\/index.php\/category\/noticias-de-ribeirao-preto-sp-e-regiao-ismael-colosi\/"},"img":{"alt_text":"","src":"https:\/\/i0.wp.com\/ismaelcolosi.com.br\/wp-content\/uploads\/2024\/10\/centro_administrativo_1024x576_20112019183024_2024-10-09_20-45-18_jpg_2024-10-09_20-45-18.webp.webp?fit=1024%2C575&ssl=1&resize=350%2C200","width":350,"height":200,"srcset":"https:\/\/i0.wp.com\/ismaelcolosi.com.br\/wp-content\/uploads\/2024\/10\/centro_administrativo_1024x576_20112019183024_2024-10-09_20-45-18_jpg_2024-10-09_20-45-18.webp.webp?fit=1024%2C575&ssl=1&resize=350%2C200 1x, https:\/\/i0.wp.com\/ismaelcolosi.com.br\/wp-content\/uploads\/2024\/10\/centro_administrativo_1024x576_20112019183024_2024-10-09_20-45-18_jpg_2024-10-09_20-45-18.webp.webp?fit=1024%2C575&ssl=1&resize=525%2C300 1.5x, https:\/\/i0.wp.com\/ismaelcolosi.com.br\/wp-content\/uploads\/2024\/10\/centro_administrativo_1024x576_20112019183024_2024-10-09_20-45-18_jpg_2024-10-09_20-45-18.webp.webp?fit=1024%2C575&ssl=1&resize=700%2C400 2x"},"classes":[]}],"jetpack_sharing_enabled":true,"jetpack_shortlink":"https:\/\/wp.me\/pfMlyK-jrW","_links":{"self":[{"href":"https:\/\/ismaelcolosi.com.br\/index.php\/wp-json\/wp\/v2\/posts\/74768","targetHints":{"allow":["GET"]}}],"collection":[{"href":"https:\/\/ismaelcolosi.com.br\/index.php\/wp-json\/wp\/v2\/posts"}],"about":[{"href":"https:\/\/ismaelcolosi.com.br\/index.php\/wp-json\/wp\/v2\/types\/post"}],"author":[{"embeddable":true,"href":"https:\/\/ismaelcolosi.com.br\/index.php\/wp-json\/wp\/v2\/users\/1"}],"replies":[{"embeddable":true,"href":"https:\/\/ismaelcolosi.com.br\/index.php\/wp-json\/wp\/v2\/comments?post=74768"}],"version-history":[{"count":0,"href":"https:\/\/ismaelcolosi.com.br\/index.php\/wp-json\/wp\/v2\/posts\/74768\/revisions"}],"wp:featuredmedia":[{"embeddable":true,"href":"https:\/\/ismaelcolosi.com.br\/index.php\/wp-json\/wp\/v2\/media\/74769"}],"wp:attachment":[{"href":"https:\/\/ismaelcolosi.com.br\/index.php\/wp-json\/wp\/v2\/media?parent=74768"}],"wp:term":[{"taxonomy":"category","embeddable":true,"href":"https:\/\/ismaelcolosi.com.br\/index.php\/wp-json\/wp\/v2\/categories?post=74768"},{"taxonomy":"post_tag","embeddable":true,"href":"https:\/\/ismaelcolosi.com.br\/index.php\/wp-json\/wp\/v2\/tags?post=74768"}],"curies":[{"name":"wp","href":"https:\/\/api.w.org\/{rel}","templated":true}]}}