{"id":74708,"date":"2024-11-01T16:27:09","date_gmt":"2024-11-01T19:27:09","guid":{"rendered":"https:\/\/ismaelcolosi.com.br\/index.php\/2024\/11\/01\/5a-jornada-da-leitura-no-carcere-aborda-a-importancia-de-ampliar-o-acesso-aos-livros\/"},"modified":"2024-11-01T16:27:09","modified_gmt":"2024-11-01T19:27:09","slug":"5a-jornada-da-leitura-no-carcere-aborda-a-importancia-de-ampliar-o-acesso-aos-livros","status":"publish","type":"post","link":"https:\/\/ismaelcolosi.com.br\/index.php\/2024\/11\/01\/5a-jornada-da-leitura-no-carcere-aborda-a-importancia-de-ampliar-o-acesso-aos-livros\/","title":{"rendered":"5\u00aa Jornada da Leitura no C\u00e1rcere aborda a import\u00e2ncia de ampliar o acesso aos livros"},"content":{"rendered":"<p> <br \/>\n<\/p>\n<div>\n<p>Evento que reuniu mais de 29.745 pessoas em 2023, sendo 20.750 privadas de liberdade e servidores p\u00fablicos, a Jornada de Leitura no C\u00e1rcere chega \u00e0 sua quinta edi\u00e7\u00e3o neste ano com o objetivo de fortalecer iniciativas de acesso ao livro e \u00e0 leitura em unidades prisionais. Escritores, especialistas, apenados e egressos do sistema prisional ir\u00e3o compor a programa\u00e7\u00e3o transmitida pelos canais do Galeno e do CNJ pelo YouTube.<\/p>\n<p>Com o tema \u201cA leitura como caminho para a liberdade\u201d, a jornada abre a programa\u00e7\u00e3o para o p\u00fablico em geral no dia 5\/11, com um papo com o escritor e doutor em Educa\u00e7\u00e3o pela USP Daniel Munduruku. Autor de mais de 50 livros publicados no Brasil e no exterior, ele \u00e9 um dos nomes mais importantes da literatura ind\u00edgena no pa\u00eds, com v\u00e1rios pr\u00eamios recebidos, e um grande destaque no que diz respeito \u00e0 diversidade de vozes.<\/p><div class='code-block code-block-8' style='margin: 8px auto; text-align: center; display: block; clear: both;'>\n<script>\n  atOptions = {\n    'key' : '66e2e2111ca34da796271819fc334058',\n    'format' : 'iframe',\n    'height' : 250,\n    'width' : 300,\n    'params' : {}\n  };\n<\/script>\n<script src=\"https:\/\/www.highperformanceformat.com\/66e2e2111ca34da796271819fc334058\/invoke.js\"><\/script>\n<\/div>\n\n<p>Tamb\u00e9m nas conversas liter\u00e1rias nos outros dois dias estar\u00e3o Renan Silva, escritor, historiador, poeta, professor e roteirista, vencedor da 8\u00aa edi\u00e7\u00e3o do Pr\u00eamio Kindle de Literatura com \u201cA voz que ningu\u00e9m escutou\u201d, Ronald Lincoln, escritor e jornalista, que publicou o livro de contos Disritmia, uma mistura de fic\u00e7\u00e3o e mem\u00f3ria de sua viv\u00eancia no sub\u00farbio no Rio de Janeiro. A media\u00e7\u00e3o dos pain\u00e9is estar\u00e1 a cargo de Galeno Amorim, presidente do Observat\u00f3rio e idealizador do evento.<\/p>\n<p>Outros destaques ficar\u00e3o por conta de Roberto Rocco (pseud\u00f4nimo escolhido pelo reeducando para suas publica\u00e7\u00f5es) , escritor privado de liberdade em unidade prisional de Trememb\u00e9 (SP); Debora Gobitta, roteirista e diretora cinematogr\u00e1fica, que dirigiu o document\u00e1rio \u201cLiberta\u201d, onde mostra o poder humanizador e libertador da literatura e dos clubes de leitura no sistema carcer\u00e1rio; ou, ainda, a comovente hist\u00f3ria do egresso e hoje advogado atuante Carlos Andrade.<\/p>\n<p>Participante do projeto Clube de Leitura no C\u00e1rcere, Carlos Andrade relembra o impacto que a leitura teve em sua vida. \u201cO clube foi uma proposta importante, o pontap\u00e9 inicial que me tirou da cadeia f\u00edsica e mental. Depois disso desenvolvi o gosto pela leitura, consegui me aproximar da Educa\u00e7\u00e3o novamente, conclui meus estudos dentro do pres\u00eddio e tive oportunidade de iniciar um curso superior\u201d, compartilha.<\/p>\n<p>O formato do evento tamb\u00e9m privilegiar\u00e1 o Sarau liter\u00e1rio, que apresentar\u00e1 projetos liter\u00e1rios desenvolvidos com reeducandos. A iniciativa da Jornada da Leitura no C\u00e1rcere, que tem in\u00edcio \u00e0s 14h (hor\u00e1rio de Bras\u00edlia) e vai at\u00e9 \u00e0s 16h30, \u00e9 do Observat\u00f3rio do Livro e conta com a parceria do Conselho Nacional de Justi\u00e7a (CNJ) e Secretaria Nacional de Pol\u00edticas Penais (Senappen) na realiza\u00e7\u00e3o, e com o apoio das editoras Companhia das Letras e Record. Em algumas capitais, a transmiss\u00e3o \u2013 que ter\u00e1 chat ao vivo \u2013 ser\u00e1 exibida nos audit\u00f3rios da Justi\u00e7a Estadual. A apresenta\u00e7\u00e3o da jornada ser\u00e1 de Galeno Amorim, presidente do Observat\u00f3rio, e as inscri\u00e7\u00f5es s\u00e3o gratuitas e podem ser feitas, at\u00e9 o in\u00edcio do evento, pelo link https:\/\/observatoriodolivro.org.br\/jornada-carcere .<\/p>\n<p><strong>Programa\u00e7\u00e3o completa<\/strong><\/p>\n<p>4\/11- Transmiss\u00e3o apenas para unidades prisionais e TJs<br \/>09h \u2013 Mesa de abertura. Composi\u00e7\u00e3o: Dr. Jos\u00e9 Edivaldo Rocha Rotondano, juiz auxiliar da Presid\u00eancia do CNJ e supervisor do DMF\/CNJ; Marco Lucchesi, Funda\u00e7\u00e3o Biblioteca Nacional; Sandro Abel Sousa Barradas, diretor de Pol\u00edticas Penais \u2013 Senappen; Galeno Amorim, Observat\u00f3rio do Livro e da Leitura; Valdirene Daufembcak, coordenadora do Programa Fazendo Justi\u00e7a.<br \/>09h30 \u2013 Divulga\u00e7\u00e3o do resultado do Pr\u00eamio \u201cA Sa\u00edda \u00e9 pela Leitura\u201d. Dr. Jos\u00e9 Edivaldo Rocha Rotondano; Marco Lucchesi; e Sandro Abel Sousa Barradas.<br \/>10h \u2013 Aula magna \u201cLeitura como ferramenta de transforma\u00e7\u00e3o\u201d com Andrea del Fuego, vencedora do Pr\u00eamio Jos\u00e9 Saramago.<br \/>11h \u2013 Painel 1: A Educa\u00e7\u00e3o como um direito de acesso \u00e0 cidadania e \u00e0 reintegra\u00e7\u00e3o social no Plano Pena Justa, com Dr. Lu\u00eds Geraldo Santana Lanfredi, juiz auxiliar da Presid\u00eancia do CNJ e coordenador do DMF\/CNJ<br \/>14h \u2013 Painel 2: Possibilidades para a garantia da remi\u00e7\u00e3o de pena pelas Pr\u00e1ticas Sociais Educativas Escolares e N\u00e3o Escolares, com C\u00edntia Rangel, coordenadora geral de Cidadania e Alternativas Penais \u2013 Senappen; procuradora Cleide Ramos, Minist\u00e9rio P\u00fablico da Bahia , idealizadora do Projeto Relere de remi\u00e7\u00e3o pela leitura; e Dra.Patr\u00edcia Faroni, TJES, projeto \u201cCorrendo para Vencer\u201d \u2013 Remi\u00e7\u00e3o pelo Esporte.<br \/>Apresenta\u00e7\u00e3o de v\u00eddeo de projeto entre as mesas<br \/>15h30 \u2013 Apresenta\u00e7\u00e3o de boas pr\u00e1ticas dos territ\u00f3rios: Dra. Liana Tormin, promotora de Justi\u00e7a no Minist\u00e9rio P\u00fablico do Estado de Goi\u00e1s; Dr. Alexandre Machado de Oliveira, juiz do Tribunal de Justi\u00e7a do Estado de Alagoas; Andrea Oliveira, bibliotec\u00e1ria do Amazonas, respons\u00e1vel pelo curso de forma\u00e7\u00e3o para auxiliar de biblioteca para pessoas privadas de liberdade.<br \/>Apresenta\u00e7\u00e3o de v\u00eddeo de projeto<\/p>\n<p>5\/11- Transmiss\u00e3o pelos canais do Galeno e do CNJ pelo YouTube<br \/>14h \u2013 Mesa de abertura, com Dr. Lu\u00eds Geraldo Santana Lanfredi; Dra. Andrea Bozon, representante do PNUD; Dr. Andr\u00e9 de Albuquerque Garcia, secret\u00e1rio Senappen; Galeno Amorim, Observat\u00f3rio do Livro.<br \/>Apresenta\u00e7\u00e3o de v\u00eddeo<br \/>14h30 \u2013 Bate-papo com o escritor Daniel Mudurunku. Media\u00e7\u00e3o: Galeno Amorim<br \/>Apresenta\u00e7\u00e3o de v\u00eddeos: Observat\u00f3rio do Livro e Mentes Liter\u00e1rias (CNJ)<br \/>15h20 \u2013 Painel Mentes Liter\u00e1rias, com escritor Roberto Rocco \u2013 Pessoa privada de liberdade em unidade prisional de Trememb\u00e9 (SP); e Rossaly Chioquetta, Doutora em Lingu\u00edstica, foi coordenadora do projeto de Extens\u00e3o Universit\u00e1ria Direito e C\u00e1rcere: Remi\u00e7\u00e3o da Pena pela Leitura, realizado pela UNOESC. Media\u00e7\u00e3o: Italo Lima, assistente t\u00e9cnico do Eixo 3 \u2013 Cidadania \/ Programa Fazendo Justi\u00e7a.<br \/>Apresenta\u00e7\u00e3o de v\u00eddeo<br \/>16h10 \u2013 Sarau Liter\u00e1rio<\/p>\n<p>6\/11- Transmiss\u00e3o pelos canais do Galeno e do CNJ pelo YouTube<br \/>14h- Bate-papo com Renan Silva, escritor, historiador, poeta, professor e roteirista. Vencedor da 8\u00aa edi\u00e7\u00e3o do Pr\u00eamio Kindle de Literatura com \u201cA voz que ningu\u00e9m escutou\u201d. Media\u00e7\u00e3o: Galeno Amorim<br \/>Apresenta\u00e7\u00e3o de v\u00eddeos<br \/>14h45 \u2013 Painel de apresenta\u00e7\u00e3o do Programa Mentes Liter\u00e1rias, com Dr. Jonatas Andrade, juiz auxiliar da Presid\u00eancia<br \/>15h10 \u2013 Narrativas de Liberdade, com Debora Gobitta \u2013 Roteirista e diretora cinematogr\u00e1fica, dirigiu o document\u00e1rio \u201cLiberta\u201d, que mostra o poder humanizador e libertador da literatura e dos clubes de leitura no sistema carcer\u00e1rio, dentre outros pontos important\u00edssimos para a nossa ci\u00eancia e reflex\u00e3o; Nayara Noronha \u2013 Professora coordenadora do Projeto de Extens\u00e3o da UFMG Literatura Livre de remi\u00e7\u00e3o de pena;<br \/>Karine Viera \u2013 Assistente social, escritora, fundadora e CEO do Instituto Responsa e egressa. Media\u00e7\u00e3o: Luciana Paschoalin.<br \/>Apresenta\u00e7\u00e3o de v\u00eddeo<br \/>16h10 \u2013 Sarau Liter\u00e1rio: \u201cUma vela para Dario\u201d. Ciclo de palestras \u201cLer junto\u201d.<br \/>Media\u00e7\u00e3o: Mariana Nicolau, assistente t\u00e9cnica do Programa Fazendo Justi\u00e7a \u2013 eixo 3.<\/p>\n<p>7\/11- Transmiss\u00e3o pelos canais do Galeno e do CNJ pelo YouTube<br \/>14h \u2013 Bate-papo com Ronald Lincoln, escritor e jornalista. Publicou o livro de contos Disritmia, que mistura fic\u00e7\u00e3o e a mem\u00f3ria de sua viv\u00eancia no sub\u00farbio no Rio de Janeiro.<br \/>Media\u00e7\u00e3o: Galeno Amorim.<br \/>Apresenta\u00e7\u00e3o de v\u00eddeos<br \/>15h \u2013 Painel Abrindo portas: o papel transformador da leitura em espa\u00e7os de priva\u00e7\u00e3o de liberdade. Com Leia Santos, bibliotec\u00e1ria, mestre em Ci\u00eancia da Informa\u00e7\u00e3o na Escola de Comunica\u00e7\u00f5es e Artes da Universidade de S\u00e3o Paulo; Carlos Andrade, advogado, egresso do sistema prisional. Participou do projeto Clube de Leitura no C\u00e1rcere nas unidades de Serra Azul e Jardin\u00f3polis. Media\u00e7\u00e3o: Luciana Paschoalin<br \/>Apresenta\u00e7\u00e3o de v\u00eddeo<br \/>16h10 \u2013 Sarau Liter\u00e1rio. Apresenta\u00e7\u00e3o ao vivo do projeto Pres\u00eddios Leitores, da unidade prisional de Tarauac\u00e1, no Acre. Media\u00e7\u00e3o: Rodrigo Dias<\/p>\n<\/div>\n<p><br \/>\n<br \/><a href=\"https:\/\/www.tribunaribeirao.com.br\/5a-jornada-da-leitura-no-carcere-aborda-a-importancia-de-ampliar-o-acesso-aos-livros\/\">Source link <\/a><\/p>\n<div class='code-block code-block-4' style='margin: 8px auto 8px 0; text-align: left; display: block; clear: both;'>\n\ud83d\udce2 Aviso Legal\n\nO site ismaelcolosi.com.br atua apenas como um canal de divulga\u00e7\u00e3o de oportunidades de emprego e n\u00e3o se responsabiliza pelo processo seletivo, contrata\u00e7\u00e3o ou qualquer outra etapa relacionada \u00e0s vagas publicadas. Todas as informa\u00e7\u00f5es s\u00e3o de responsabilidade dos anunciantes.\n\n\u26a0\ufe0f Aten\u00e7\u00e3o! Nunca pague por promessas de emprego nem compre cursos que garantam contrata\u00e7\u00e3o. Desconfie de qualquer cobran\u00e7a para participar de sele\u00e7\u00f5es.\n\n\n\n<\/div>\n<!-- CONTENT END 1 -->\n","protected":false},"excerpt":{"rendered":"<p>Evento que reuniu mais de 29.745 pessoas em 2023, sendo 20.750 privadas de liberdade e servidores p\u00fablicos, a Jornada de Leitura no C\u00e1rcere chega \u00e0&#8230;<\/p>\n","protected":false},"author":1,"featured_media":74709,"comment_status":"open","ping_status":"open","sticky":false,"template":"","format":"standard","meta":{"_uag_custom_page_level_css":"","advanced_seo_description":"","jetpack_seo_html_title":"","jetpack_seo_noindex":false,"jetpack_post_was_ever_published":false,"_jetpack_newsletter_access":"","_jetpack_dont_email_post_to_subs":false,"_jetpack_newsletter_tier_id":0,"_jetpack_memberships_contains_paywalled_content":false,"_jetpack_memberships_contains_paid_content":false,"footnotes":"","jetpack_publicize_message":"","jetpack_publicize_feature_enabled":true,"jetpack_social_post_already_shared":true,"jetpack_social_options":{"image_generator_settings":{"template":"highway","default_image_id":0,"font":"","enabled":false},"version":2}},"categories":[11],"tags":[],"class_list":["post-74708","post","type-post","status-publish","format-standard","has-post-thumbnail","hentry","category-noticias-de-ribeirao-preto-sp-e-regiao-ismael-colosi"],"jetpack_publicize_connections":[],"jetpack_featured_media_url":"https:\/\/i0.wp.com\/ismaelcolosi.com.br\/wp-content\/uploads\/2024\/11\/424aaac6-1061-402c-bb56-c68a158a55fb-scaled.jpeg?fit=667%2C500&ssl=1","uagb_featured_image_src":{"full":["https:\/\/i0.wp.com\/ismaelcolosi.com.br\/wp-content\/uploads\/2024\/11\/424aaac6-1061-402c-bb56-c68a158a55fb-scaled.jpeg?fit=667%2C500&ssl=1",667,500,false],"thumbnail":["https:\/\/i0.wp.com\/ismaelcolosi.com.br\/wp-content\/uploads\/2024\/11\/424aaac6-1061-402c-bb56-c68a158a55fb-scaled.jpeg?resize=150%2C150&ssl=1",150,150,true],"medium":["https:\/\/i0.wp.com\/ismaelcolosi.com.br\/wp-content\/uploads\/2024\/11\/424aaac6-1061-402c-bb56-c68a158a55fb-scaled.jpeg?fit=300%2C225&ssl=1",300,225,true],"medium_large":["https:\/\/i0.wp.com\/ismaelcolosi.com.br\/wp-content\/uploads\/2024\/11\/424aaac6-1061-402c-bb56-c68a158a55fb-scaled.jpeg?fit=667%2C500&ssl=1",667,500,true],"large":["https:\/\/i0.wp.com\/ismaelcolosi.com.br\/wp-content\/uploads\/2024\/11\/424aaac6-1061-402c-bb56-c68a158a55fb-scaled.jpeg?fit=667%2C500&ssl=1",667,500,true],"1536x1536":["https:\/\/i0.wp.com\/ismaelcolosi.com.br\/wp-content\/uploads\/2024\/11\/424aaac6-1061-402c-bb56-c68a158a55fb-scaled.jpeg?fit=667%2C500&ssl=1",667,500,true],"2048x2048":["https:\/\/i0.wp.com\/ismaelcolosi.com.br\/wp-content\/uploads\/2024\/11\/424aaac6-1061-402c-bb56-c68a158a55fb-scaled.jpeg?fit=667%2C500&ssl=1",667,500,true],"really-simple-thumb":["https:\/\/i0.wp.com\/ismaelcolosi.com.br\/wp-content\/uploads\/2024\/11\/424aaac6-1061-402c-bb56-c68a158a55fb-scaled.jpeg?resize=370%2C247&ssl=1",370,247,true]},"uagb_author_info":{"display_name":"ismaelcolosi.com.br","author_link":"https:\/\/ismaelcolosi.com.br\/index.php\/author\/vidareal-online\/"},"uagb_comment_info":0,"uagb_excerpt":"Evento que reuniu mais de 29.745 pessoas em 2023, sendo 20.750 privadas de liberdade e servidores p\u00fablicos, a Jornada de Leitura no C\u00e1rcere chega \u00e0...","jetpack-related-posts":[{"id":13201,"url":"https:\/\/ismaelcolosi.com.br\/index.php\/2023\/12\/09\/melhor-ong-de-cultura-e-de-rp\/","url_meta":{"origin":74708,"position":0},"title":"Melhor ONG de cultura \u00e9 de RP","author":"ismaelcolosi.com.br","date":"9 de December de 2023","format":false,"excerpt":"Com expertise em projetos voltados para leitores improv\u00e1veis, o Observat\u00f3rio do Livro, com sede em Ribeir\u00e3o Preto e atua\u00e7\u00e3o internacional, recebeu, na quinta-feira, 7 de dezembro, o Pr\u00eamio de Melhor ONG de Cultura do Pa\u00eds e o das 100 Melhores ONGs do Brasil em 2023. Vai completar 25 anos de\u2026","rel":"","context":"In &quot;Not\u00edcias de Ribeir\u00e3o Preto-SP e Regi\u00e3o&quot;","block_context":{"text":"Not\u00edcias de Ribeir\u00e3o Preto-SP e Regi\u00e3o","link":"https:\/\/ismaelcolosi.com.br\/index.php\/category\/noticias-de-ribeirao-preto-sp-e-regiao-ismael-colosi\/"},"img":{"alt_text":"","src":"https:\/\/i0.wp.com\/ismaelcolosi.com.br\/wp-content\/uploads\/2023\/12\/Galeno.jpg?fit=833%2C566&ssl=1&resize=350%2C200","width":350,"height":200,"srcset":"https:\/\/i0.wp.com\/ismaelcolosi.com.br\/wp-content\/uploads\/2023\/12\/Galeno.jpg?fit=833%2C566&ssl=1&resize=350%2C200 1x, https:\/\/i0.wp.com\/ismaelcolosi.com.br\/wp-content\/uploads\/2023\/12\/Galeno.jpg?fit=833%2C566&ssl=1&resize=525%2C300 1.5x, https:\/\/i0.wp.com\/ismaelcolosi.com.br\/wp-content\/uploads\/2023\/12\/Galeno.jpg?fit=833%2C566&ssl=1&resize=700%2C400 2x"},"classes":[]},{"id":39372,"url":"https:\/\/ismaelcolosi.com.br\/index.php\/2024\/02\/25\/jornada-da-leitura-6-0-aborda-a-importancia-da-leitura-para-as-pessoas-idosas\/","url_meta":{"origin":74708,"position":1},"title":"Jornada da Leitura 6.0 aborda a import\u00e2ncia da leitura para as pessoas idosas","author":"ismaelcolosi.com.br","date":"25 de February de 2024","format":false,"excerpt":"O Observat\u00f3rio do Livro realiza, a partir da pr\u00f3xima ter\u00e7a-feira (27), uma jornada on-line para discutir e intensificar a divulga\u00e7\u00e3o, entre a popula\u00e7\u00e3o mais velha, sobre os benef\u00edcios da leitura de livros para uma velhice mais saud\u00e1vel e repleta de sonhos poss\u00edveis. A cerim\u00f4nia de abertura conta com a presen\u00e7a\u2026","rel":"","context":"In &quot;Not\u00edcias de Ribeir\u00e3o Preto-SP e Regi\u00e3o&quot;","block_context":{"text":"Not\u00edcias de Ribeir\u00e3o Preto-SP e Regi\u00e3o","link":"https:\/\/ismaelcolosi.com.br\/index.php\/category\/noticias-de-ribeirao-preto-sp-e-regiao-ismael-colosi\/"},"img":{"alt_text":"","src":"https:\/\/i0.wp.com\/ismaelcolosi.com.br\/wp-content\/uploads\/2024\/02\/54f1aeee-d7a6-4b8d-aacc-aa69e02e2651-scaled.jpg?fit=860%2C645&ssl=1&resize=350%2C200","width":350,"height":200,"srcset":"https:\/\/i0.wp.com\/ismaelcolosi.com.br\/wp-content\/uploads\/2024\/02\/54f1aeee-d7a6-4b8d-aacc-aa69e02e2651-scaled.jpg?fit=860%2C645&ssl=1&resize=350%2C200 1x, https:\/\/i0.wp.com\/ismaelcolosi.com.br\/wp-content\/uploads\/2024\/02\/54f1aeee-d7a6-4b8d-aacc-aa69e02e2651-scaled.jpg?fit=860%2C645&ssl=1&resize=525%2C300 1.5x, https:\/\/i0.wp.com\/ismaelcolosi.com.br\/wp-content\/uploads\/2024\/02\/54f1aeee-d7a6-4b8d-aacc-aa69e02e2651-scaled.jpg?fit=860%2C645&ssl=1&resize=700%2C400 2x"},"classes":[]},{"id":40178,"url":"https:\/\/ismaelcolosi.com.br\/index.php\/2024\/03\/01\/4a-jornada-da-leitura-6-0-discutiu-o-papel-da-literatura-na-velhice\/","url_meta":{"origin":74708,"position":2},"title":"4\u00aa. Jornada da Leitura 6.0 discutiu o papel da literatura na velhice","author":"ismaelcolosi.com.br","date":"1 de March de 2024","format":false,"excerpt":"1 de mar\u00e7o de 2024 | 13:301 de mar\u00e7o de 2024 | 11:27 0Quarta edi\u00e7\u00e3o do evento atraiu 4590 pessoas, durante tr\u00eas dias, para ouvir escritores, especialistas e artistas sobre o papel dos livros, da literatura e da escrita para uma velhice mais ativa e inclusiva. Al\u00e9m disso, contabilizou 2986\u2026","rel":"","context":"In &quot;Not\u00edcias de Ribeir\u00e3o Preto-SP e Regi\u00e3o&quot;","block_context":{"text":"Not\u00edcias de Ribeir\u00e3o Preto-SP e Regi\u00e3o","link":"https:\/\/ismaelcolosi.com.br\/index.php\/category\/noticias-de-ribeirao-preto-sp-e-regiao-ismael-colosi\/"},"img":{"alt_text":"","src":"https:\/\/i0.wp.com\/ismaelcolosi.com.br\/wp-content\/uploads\/2024\/03\/12540370-e7eb-4fa6-b4a9-7b3f56e4ec1c-scaled.jpg?fit=970%2C645&ssl=1&resize=350%2C200","width":350,"height":200,"srcset":"https:\/\/i0.wp.com\/ismaelcolosi.com.br\/wp-content\/uploads\/2024\/03\/12540370-e7eb-4fa6-b4a9-7b3f56e4ec1c-scaled.jpg?fit=970%2C645&ssl=1&resize=350%2C200 1x, https:\/\/i0.wp.com\/ismaelcolosi.com.br\/wp-content\/uploads\/2024\/03\/12540370-e7eb-4fa6-b4a9-7b3f56e4ec1c-scaled.jpg?fit=970%2C645&ssl=1&resize=525%2C300 1.5x, https:\/\/i0.wp.com\/ismaelcolosi.com.br\/wp-content\/uploads\/2024\/03\/12540370-e7eb-4fa6-b4a9-7b3f56e4ec1c-scaled.jpg?fit=970%2C645&ssl=1&resize=700%2C400 2x"},"classes":[]},{"id":9737,"url":"https:\/\/ismaelcolosi.com.br\/index.php\/2023\/12\/02\/amazon-tem-milhares-de-livros-para-baixar-gratuitamente\/","url_meta":{"origin":74708,"position":3},"title":"Amazon tem milhares de livros para baixar gratuitamente","author":"ismaelcolosi.com.br","date":"2 de December de 2023","format":false,"excerpt":"Voc\u00ea sabia que a Amazon oferece milhares de livros gratuitos? No acervo est\u00e3o obras importantes da literatura nacional e internacional. Entre as obras dispon\u00edveis gratuitamente est\u00e3o \u201cDom Casmurro\u201d, de Machado de Assis, \u201cO Corti\u00e7o\u201d, de Alu\u00edsio Azevedo, \u201cAlice no Pa\u00eds das Maravilhas\u201d, de Lewis Carroll, e \u201cOs Miser\u00e1veis\u201d, de Victor\u2026","rel":"","context":"In &quot;Variedades&quot;","block_context":{"text":"Variedades","link":"https:\/\/ismaelcolosi.com.br\/index.php\/category\/variedades\/"},"img":{"alt_text":"","src":"https:\/\/i0.wp.com\/ismaelcolosi.com.br\/wp-content\/uploads\/2023\/12\/baixar-livros-gratuitamente.jpg?fit=1200%2C638&ssl=1&resize=350%2C200","width":350,"height":200,"srcset":"https:\/\/i0.wp.com\/ismaelcolosi.com.br\/wp-content\/uploads\/2023\/12\/baixar-livros-gratuitamente.jpg?fit=1200%2C638&ssl=1&resize=350%2C200 1x, https:\/\/i0.wp.com\/ismaelcolosi.com.br\/wp-content\/uploads\/2023\/12\/baixar-livros-gratuitamente.jpg?fit=1200%2C638&ssl=1&resize=525%2C300 1.5x, https:\/\/i0.wp.com\/ismaelcolosi.com.br\/wp-content\/uploads\/2023\/12\/baixar-livros-gratuitamente.jpg?fit=1200%2C638&ssl=1&resize=700%2C400 2x, https:\/\/i0.wp.com\/ismaelcolosi.com.br\/wp-content\/uploads\/2023\/12\/baixar-livros-gratuitamente.jpg?fit=1200%2C638&ssl=1&resize=1050%2C600 3x"},"classes":[]},{"id":32964,"url":"https:\/\/ismaelcolosi.com.br\/index.php\/2024\/01\/27\/sesi-rp-tera-troca-de-livros\/","url_meta":{"origin":74708,"position":4},"title":"Sesi-RP ter\u00e1 troca de livros\u00a0","author":"ismaelcolosi.com.br","date":"27 de January de 2024","format":false,"excerpt":"26 de janeiro de 2024 | 15:0025 de janeiro de 2024 | 20:15 0Em um convite \u00e0 celebra\u00e7\u00e3o da leitura e da cultura, o Sesi Ribeir\u00e3o Preto tem a honra de apresentar a 1\u00aa Feira de Troca de Livros. Este evento liter\u00e1rio inovador visa promover a troca de conhecimento e\u2026","rel":"","context":"In &quot;Not\u00edcias de Ribeir\u00e3o Preto-SP e Regi\u00e3o&quot;","block_context":{"text":"Not\u00edcias de Ribeir\u00e3o Preto-SP e Regi\u00e3o","link":"https:\/\/ismaelcolosi.com.br\/index.php\/category\/noticias-de-ribeirao-preto-sp-e-regiao-ismael-colosi\/"},"img":{"alt_text":"","src":"https:\/\/i0.wp.com\/ismaelcolosi.com.br\/wp-content\/uploads\/2024\/01\/Livro-Rovena-Rosa-Ag.Br_.d-scaled.jpg?fit=1000%2C598&ssl=1&resize=350%2C200","width":350,"height":200,"srcset":"https:\/\/i0.wp.com\/ismaelcolosi.com.br\/wp-content\/uploads\/2024\/01\/Livro-Rovena-Rosa-Ag.Br_.d-scaled.jpg?fit=1000%2C598&ssl=1&resize=350%2C200 1x, https:\/\/i0.wp.com\/ismaelcolosi.com.br\/wp-content\/uploads\/2024\/01\/Livro-Rovena-Rosa-Ag.Br_.d-scaled.jpg?fit=1000%2C598&ssl=1&resize=525%2C300 1.5x, https:\/\/i0.wp.com\/ismaelcolosi.com.br\/wp-content\/uploads\/2024\/01\/Livro-Rovena-Rosa-Ag.Br_.d-scaled.jpg?fit=1000%2C598&ssl=1&resize=700%2C400 2x"},"classes":[]},{"id":65169,"url":"https:\/\/ismaelcolosi.com.br\/index.php\/2024\/09\/11\/cinema-troca-de-livros-e-contacao-de-historias-sesi-ribeirao-tem-programacao-gratuita\/","url_meta":{"origin":74708,"position":5},"title":"Cinema, troca de livros e conta\u00e7\u00e3o de hist\u00f3rias: Sesi Ribeir\u00e3o tem programa\u00e7\u00e3o gratuita","author":"ismaelcolosi.com.br","date":"11 de September de 2024","format":false,"excerpt":"O Sesi Ribeir\u00e3o Preto oferece uma programa\u00e7\u00e3o cultural com cinema, feira para troca de livros e conta\u00e7\u00e3o de hist\u00f3rias. As atividades t\u00eam inicio nesta quarta-feira (11), a partir das 19h30. Embora as atividades sejam\u00a0gratuitas, ainda \u00e9 necess\u00e1rio\u00a0reservar os ingressos\u00a0on-line atrav\u00e9s do sistema\u00a0Meu Sesi. Confira a programa\u00e7\u00e3o cultural completa: Mostra Cine\u2026","rel":"","context":"In &quot;Not\u00edcias de Ribeir\u00e3o Preto-SP e Regi\u00e3o&quot;","block_context":{"text":"Not\u00edcias de Ribeir\u00e3o Preto-SP e Regi\u00e3o","link":"https:\/\/ismaelcolosi.com.br\/index.php\/category\/noticias-de-ribeirao-preto-sp-e-regiao-ismael-colosi\/"},"img":{"alt_text":"","src":"https:\/\/i0.wp.com\/ismaelcolosi.com.br\/wp-content\/uploads\/2024\/09\/b1485220-e35f-41ef-ba0a-ac1a202d66f9_2024-09-11_12-14-48_png_2024-09-11_12-14-48.webp.webp?fit=1066%2C600&ssl=1&resize=350%2C200","width":350,"height":200,"srcset":"https:\/\/i0.wp.com\/ismaelcolosi.com.br\/wp-content\/uploads\/2024\/09\/b1485220-e35f-41ef-ba0a-ac1a202d66f9_2024-09-11_12-14-48_png_2024-09-11_12-14-48.webp.webp?fit=1066%2C600&ssl=1&resize=350%2C200 1x, https:\/\/i0.wp.com\/ismaelcolosi.com.br\/wp-content\/uploads\/2024\/09\/b1485220-e35f-41ef-ba0a-ac1a202d66f9_2024-09-11_12-14-48_png_2024-09-11_12-14-48.webp.webp?fit=1066%2C600&ssl=1&resize=525%2C300 1.5x, https:\/\/i0.wp.com\/ismaelcolosi.com.br\/wp-content\/uploads\/2024\/09\/b1485220-e35f-41ef-ba0a-ac1a202d66f9_2024-09-11_12-14-48_png_2024-09-11_12-14-48.webp.webp?fit=1066%2C600&ssl=1&resize=700%2C400 2x, https:\/\/i0.wp.com\/ismaelcolosi.com.br\/wp-content\/uploads\/2024\/09\/b1485220-e35f-41ef-ba0a-ac1a202d66f9_2024-09-11_12-14-48_png_2024-09-11_12-14-48.webp.webp?fit=1066%2C600&ssl=1&resize=1050%2C600 3x"},"classes":[]}],"jetpack_sharing_enabled":true,"jetpack_shortlink":"https:\/\/wp.me\/pfMlyK-jqY","_links":{"self":[{"href":"https:\/\/ismaelcolosi.com.br\/index.php\/wp-json\/wp\/v2\/posts\/74708","targetHints":{"allow":["GET"]}}],"collection":[{"href":"https:\/\/ismaelcolosi.com.br\/index.php\/wp-json\/wp\/v2\/posts"}],"about":[{"href":"https:\/\/ismaelcolosi.com.br\/index.php\/wp-json\/wp\/v2\/types\/post"}],"author":[{"embeddable":true,"href":"https:\/\/ismaelcolosi.com.br\/index.php\/wp-json\/wp\/v2\/users\/1"}],"replies":[{"embeddable":true,"href":"https:\/\/ismaelcolosi.com.br\/index.php\/wp-json\/wp\/v2\/comments?post=74708"}],"version-history":[{"count":0,"href":"https:\/\/ismaelcolosi.com.br\/index.php\/wp-json\/wp\/v2\/posts\/74708\/revisions"}],"wp:featuredmedia":[{"embeddable":true,"href":"https:\/\/ismaelcolosi.com.br\/index.php\/wp-json\/wp\/v2\/media\/74709"}],"wp:attachment":[{"href":"https:\/\/ismaelcolosi.com.br\/index.php\/wp-json\/wp\/v2\/media?parent=74708"}],"wp:term":[{"taxonomy":"category","embeddable":true,"href":"https:\/\/ismaelcolosi.com.br\/index.php\/wp-json\/wp\/v2\/categories?post=74708"},{"taxonomy":"post_tag","embeddable":true,"href":"https:\/\/ismaelcolosi.com.br\/index.php\/wp-json\/wp\/v2\/tags?post=74708"}],"curies":[{"name":"wp","href":"https:\/\/api.w.org\/{rel}","templated":true}]}}