{"id":747,"date":"2023-11-09T09:32:58","date_gmt":"2023-11-09T12:32:58","guid":{"rendered":"https:\/\/ismaelcolosi.com.br\/index.php\/2023\/11\/09\/maternidade-dr-jose-vitor-nonino\/"},"modified":"2023-11-09T09:32:58","modified_gmt":"2023-11-09T12:32:58","slug":"maternidade-dr-jose-vitor-nonino","status":"publish","type":"post","link":"https:\/\/ismaelcolosi.com.br\/index.php\/2023\/11\/09\/maternidade-dr-jose-vitor-nonino\/","title":{"rendered":"Maternidade Dr. Jos\u00e9 Vitor Nonino"},"content":{"rendered":"<p> <br \/>\n<\/p>\n<div id=\"post-363666\">\n<header class=\"entry-header penci-entry-header penci-title-center\">\n<p> <span class=\"entry-meta-item penci-posted-on\"><i class=\"fa fa-clock-o\"\/><time class=\"entry-date published\" datetime=\"2023-11-09T09:00:09-03:00\">9 de novembro de 2023 | 9:00<\/time><time class=\"updated\" datetime=\"2023-11-07T17:42:38-03:00\">7 de novembro de 2023 | 17:42<\/time><\/span><\/p>\n<p> <span class=\"penci-social-buttons penci-social-share-footer\"><a href=\"#\" class=\"penci-post-like penci_post-meta_item  single-like-button penci-social-item like\" data-post_id=\"363666\" title=\"Like\" data-like=\"Like\" data-unlike=\"Unlike\"><i class=\"fa fa-thumbs-o-up\"\/><span class=\"penci-share-number\">0<\/span><\/a><a class=\"penci-social-item facebook\" target=\"_blank\" rel=\"noopener\" title=\"\" href=\"https:\/\/www.facebook.com\/sharer\/sharer.php?u=https%3A%2F%2Fwww.tribunaribeirao.com.br%2Fsite%2Fmaternidade-dr-jose-vitor-nonino%2F\"><i class=\"fa fa-facebook\"\/><\/a><a class=\"penci-social-item twitter\" target=\"_blank\" rel=\"noopener\" title=\"\" href=\"https:\/\/twitter.com\/intent\/tweet?text=Maternidade%20Dr.%20Jos\u00e9%20Vitor%20Nonino%20-%20https:\/\/www.tribunaribeirao.com.br\/site\/maternidade-dr-jose-vitor-nonino\/\"><i class=\"fa fa-twitter\"\/><\/a><a class=\"penci-social-item whatsapp\" rel=\"noopener\" data-text=\"Maternidade Dr. Jos\u00e9 Vitor Nonino\" data-link=\"https:\/\/www.tribunaribeirao.com.br\/site\/maternidade-dr-jose-vitor-nonino\/\" href=\"#\"><i class=\"fa fa-whatsapp\"\/><\/a><\/span><\/header>\n<div class=\"penci-entry-content entry-content\">\n<p>Com a presen\u00e7a de autoridades, m\u00e9dicos e colaboradores, o Hospital Benefic\u00eancia Portuguesa, a Nova Ben\u00ea, inaugurou a Maternidade Centro Obst\u00e9trico Dr. Jos\u00e9 Vitor Nonino, e um modern\u00edssimo lact\u00e1rio, projeto que faz parte da verticaliza\u00e7\u00e3o do Benevida. Bel\u00edssimas instala\u00e7\u00f5es<\/p><div class='code-block code-block-8' style='margin: 8px auto; text-align: center; display: block; clear: both;'>\n<script>\n  atOptions = {\n    'key' : '66e2e2111ca34da796271819fc334058',\n    'format' : 'iframe',\n    'height' : 250,\n    'width' : 300,\n    'params' : {}\n  };\n<\/script>\n<script src=\"https:\/\/www.highperformanceformat.com\/66e2e2111ca34da796271819fc334058\/invoke.js\"><\/script>\n<\/div>\n\n<p>Na foto a fam\u00edlia de Doutor Nonino, que come\u00e7ou a trabalhar na Benefic\u00eancia em 1963<\/p>\n<\/div>\n<footer class=\"penci-entry-footer\"\/><\/div>\n<p><script async src=\"\/\/platform.twitter.com\/widgets.js\" charset=\"utf-8\"><\/script><br \/>\n<br \/><br \/>\n<br \/><a href=\"https:\/\/www.tribunaribeirao.com.br\/site\/maternidade-dr-jose-vitor-nonino\/\">Source link <\/a><\/p>\n<div class='code-block code-block-4' style='margin: 8px auto 8px 0; text-align: left; display: block; clear: both;'>\n\ud83d\udce2 Aviso Legal\n\nO site ismaelcolosi.com.br atua apenas como um canal de divulga\u00e7\u00e3o de oportunidades de emprego e n\u00e3o se responsabiliza pelo processo seletivo, contrata\u00e7\u00e3o ou qualquer outra etapa relacionada \u00e0s vagas publicadas. Todas as informa\u00e7\u00f5es s\u00e3o de responsabilidade dos anunciantes.\n\n\u26a0\ufe0f Aten\u00e7\u00e3o! Nunca pague por promessas de emprego nem compre cursos que garantam contrata\u00e7\u00e3o. Desconfie de qualquer cobran\u00e7a para participar de sele\u00e7\u00f5es.\n\n\n<div data-type=\"_mgwidget\" data-widget-id=\"2000896\">\n<\/div>\n<script>(function(w,q){w[q]=w[q]||[];w[q].push([\"_mgc.load\"])})(window,\"_mgq\");\n<\/script>\n<\/div>\n<!-- CONTENT END 1 -->\n","protected":false},"excerpt":{"rendered":"<p>9 de novembro de 2023 | 9:007 de novembro de 2023 | 17:42 0 Com a presen\u00e7a de autoridades, m\u00e9dicos e colaboradores, o Hospital Benefic\u00eancia&#8230;<\/p>\n","protected":false},"author":1,"featured_media":748,"comment_status":"open","ping_status":"open","sticky":false,"template":"","format":"standard","meta":{"_uag_custom_page_level_css":"","jetpack_post_was_ever_published":false,"_jetpack_newsletter_access":"","_jetpack_dont_email_post_to_subs":false,"_jetpack_newsletter_tier_id":0,"_jetpack_memberships_contains_paywalled_content":false,"_jetpack_memberships_contains_paid_content":false,"footnotes":"","jetpack_publicize_message":"","jetpack_publicize_feature_enabled":true,"jetpack_social_post_already_shared":false,"jetpack_social_options":{"image_generator_settings":{"template":"highway","default_image_id":0,"font":"","enabled":false},"version":2}},"categories":[11],"tags":[],"class_list":["post-747","post","type-post","status-publish","format-standard","has-post-thumbnail","hentry","category-noticias-de-ribeirao-preto-sp-e-regiao-ismael-colosi"],"aioseo_notices":[],"jetpack_publicize_connections":[],"jetpack_featured_media_url":"https:\/\/i0.wp.com\/ismaelcolosi.com.br\/wp-content\/uploads\/2023\/11\/IMG_3525-scaled.jpg?fit=860%2C645&ssl=1","uagb_featured_image_src":{"full":["https:\/\/i0.wp.com\/ismaelcolosi.com.br\/wp-content\/uploads\/2023\/11\/IMG_3525-scaled.jpg?fit=860%2C645&ssl=1",860,645,false],"thumbnail":["https:\/\/i0.wp.com\/ismaelcolosi.com.br\/wp-content\/uploads\/2023\/11\/IMG_3525-scaled.jpg?resize=150%2C150&ssl=1",150,150,true],"medium":["https:\/\/i0.wp.com\/ismaelcolosi.com.br\/wp-content\/uploads\/2023\/11\/IMG_3525-scaled.jpg?fit=300%2C225&ssl=1",300,225,true],"medium_large":["https:\/\/i0.wp.com\/ismaelcolosi.com.br\/wp-content\/uploads\/2023\/11\/IMG_3525-scaled.jpg?fit=768%2C576&ssl=1",768,576,true],"large":["https:\/\/i0.wp.com\/ismaelcolosi.com.br\/wp-content\/uploads\/2023\/11\/IMG_3525-scaled.jpg?fit=860%2C645&ssl=1",860,645,true],"1536x1536":["https:\/\/i0.wp.com\/ismaelcolosi.com.br\/wp-content\/uploads\/2023\/11\/IMG_3525-scaled.jpg?fit=860%2C645&ssl=1",860,645,true],"2048x2048":["https:\/\/i0.wp.com\/ismaelcolosi.com.br\/wp-content\/uploads\/2023\/11\/IMG_3525-scaled.jpg?fit=860%2C645&ssl=1",860,645,true],"really-simple-thumb":["https:\/\/i0.wp.com\/ismaelcolosi.com.br\/wp-content\/uploads\/2023\/11\/IMG_3525-scaled.jpg?resize=370%2C247&ssl=1",370,247,true]},"uagb_author_info":{"display_name":"ismaelcolosi.com.br","author_link":"https:\/\/ismaelcolosi.com.br\/index.php\/author\/vidareal-online\/"},"uagb_comment_info":0,"uagb_excerpt":"9 de novembro de 2023 | 9:007 de novembro de 2023 | 17:42 0 Com a presen\u00e7a de autoridades, m\u00e9dicos e colaboradores, o Hospital Benefic\u00eancia...","jetpack-related-posts":[{"id":8034,"url":"https:\/\/ismaelcolosi.com.br\/index.php\/2023\/11\/29\/natal-teimosia-historica-do-amor\/","url_meta":{"origin":747,"position":0},"title":"Natal, teimosia hist\u00f3rica do amor","author":"ismaelcolosi.com.br","date":"29 de November de 2023","format":false,"excerpt":"29 de novembro de 2023 | 10:0329 de novembro de 2023 | 9:13 0Quando o assunto \u00e9 Natal, logo imaginamos o Papai Noel, enfeites e luzes para marcar a data. Mas tem um apaixonado pela comemora\u00e7\u00e3o que al\u00e9m de reunir a fam\u00edlia inteira, gosta de escrever um novo texto todos\u2026","rel":"","context":"In &quot;Not\u00edcias de Ribeir\u00e3o Preto-SP e Regi\u00e3o&quot;","block_context":{"text":"Not\u00edcias de Ribeir\u00e3o Preto-SP e Regi\u00e3o","link":"https:\/\/ismaelcolosi.com.br\/index.php\/category\/noticias-de-ribeirao-preto-sp-e-regiao-ismael-colosi\/"},"img":{"alt_text":"","src":"https:\/\/i0.wp.com\/ismaelcolosi.com.br\/wp-content\/uploads\/2023\/11\/feressabino.jpg?fit=1200%2C900&ssl=1&resize=350%2C200","width":350,"height":200,"srcset":"https:\/\/i0.wp.com\/ismaelcolosi.com.br\/wp-content\/uploads\/2023\/11\/feressabino.jpg?fit=1200%2C900&ssl=1&resize=350%2C200 1x, https:\/\/i0.wp.com\/ismaelcolosi.com.br\/wp-content\/uploads\/2023\/11\/feressabino.jpg?fit=1200%2C900&ssl=1&resize=525%2C300 1.5x, https:\/\/i0.wp.com\/ismaelcolosi.com.br\/wp-content\/uploads\/2023\/11\/feressabino.jpg?fit=1200%2C900&ssl=1&resize=700%2C400 2x, https:\/\/i0.wp.com\/ismaelcolosi.com.br\/wp-content\/uploads\/2023\/11\/feressabino.jpg?fit=1200%2C900&ssl=1&resize=1050%2C600 3x"},"classes":[]},{"id":751,"url":"https:\/\/ismaelcolosi.com.br\/index.php\/2023\/11\/09\/nova-interdicao-na-francisco-junqueira-comeca-nesta-quinta-9\/","url_meta":{"origin":747,"position":1},"title":"Nova interdi\u00e7\u00e3o na Francisco Junqueira come\u00e7a nesta quinta (9)","author":"ismaelcolosi.com.br","date":"9 de November de 2023","format":false,"excerpt":"9 de novembro de 2023 | 8:308 de novembro de 2023 | 19:02 0Em continua\u00e7\u00e3o \u00e0s obras do corredor de \u00f4nibus do Quadril\u00e1tero Central, na manh\u00e3 desta quinta-feira, dia 9 de novembro, ser\u00e1 necess\u00e1ria a interdi\u00e7\u00e3o da faixa de rolagem da direita da pista Bairro\/Centro da avenida Dr. Francisco Junqueira,\u2026","rel":"","context":"In &quot;Not\u00edcias de Ribeir\u00e3o Preto-SP e Regi\u00e3o&quot;","block_context":{"text":"Not\u00edcias de Ribeir\u00e3o Preto-SP e Regi\u00e3o","link":"https:\/\/ismaelcolosi.com.br\/index.php\/category\/noticias-de-ribeirao-preto-sp-e-regiao-ismael-colosi\/"},"img":{"alt_text":"","src":"https:\/\/i0.wp.com\/ismaelcolosi.com.br\/wp-content\/uploads\/2023\/11\/transito.jpg?fit=770%2C500&ssl=1&resize=350%2C200","width":350,"height":200,"srcset":"https:\/\/i0.wp.com\/ismaelcolosi.com.br\/wp-content\/uploads\/2023\/11\/transito.jpg?fit=770%2C500&ssl=1&resize=350%2C200 1x, https:\/\/i0.wp.com\/ismaelcolosi.com.br\/wp-content\/uploads\/2023\/11\/transito.jpg?fit=770%2C500&ssl=1&resize=525%2C300 1.5x, https:\/\/i0.wp.com\/ismaelcolosi.com.br\/wp-content\/uploads\/2023\/11\/transito.jpg?fit=770%2C500&ssl=1&resize=700%2C400 2x"},"classes":[]},{"id":932,"url":"https:\/\/ismaelcolosi.com.br\/index.php\/2023\/11\/09\/inscricao-para-concurso-publico-em-rp-comeca-nesta-segunda-13\/","url_meta":{"origin":747,"position":2},"title":"Inscri\u00e7\u00e3o para concurso p\u00fablico em RP come\u00e7a nesta segunda (13)","author":"ismaelcolosi.com.br","date":"9 de November de 2023","format":false,"excerpt":"9 de novembro de 2023 | 17:009 de novembro de 2023 | 14:47 0A prefeitura de Ribeir\u00e3o Preto abriu um novo concurso p\u00fablico nesta quarta-feira, 8 de novembro, com nove vagas em diferentes \u00e1reas de atua\u00e7\u00e3o. As oportunidades s\u00e3o para cirurgi\u00e3o dentista (2), educador f\u00edsico (1), enfermeiro (1), fonoaudi\u00f3logo (1),\u2026","rel":"","context":"In &quot;Not\u00edcias de Ribeir\u00e3o Preto-SP e Regi\u00e3o&quot;","block_context":{"text":"Not\u00edcias de Ribeir\u00e3o Preto-SP e Regi\u00e3o","link":"https:\/\/ismaelcolosi.com.br\/index.php\/category\/noticias-de-ribeirao-preto-sp-e-regiao-ismael-colosi\/"},"img":{"alt_text":"","src":"https:\/\/i0.wp.com\/ismaelcolosi.com.br\/wp-content\/uploads\/2023\/11\/concurso-publico-scaled.jpeg?fit=967%2C645&ssl=1&resize=350%2C200","width":350,"height":200,"srcset":"https:\/\/i0.wp.com\/ismaelcolosi.com.br\/wp-content\/uploads\/2023\/11\/concurso-publico-scaled.jpeg?fit=967%2C645&ssl=1&resize=350%2C200 1x, https:\/\/i0.wp.com\/ismaelcolosi.com.br\/wp-content\/uploads\/2023\/11\/concurso-publico-scaled.jpeg?fit=967%2C645&ssl=1&resize=525%2C300 1.5x, https:\/\/i0.wp.com\/ismaelcolosi.com.br\/wp-content\/uploads\/2023\/11\/concurso-publico-scaled.jpeg?fit=967%2C645&ssl=1&resize=700%2C400 2x"},"classes":[]},{"id":900,"url":"https:\/\/ismaelcolosi.com.br\/index.php\/2023\/11\/09\/policia-ambiental-doa-peixes-apreendidos-durante-operacao-piracema\/","url_meta":{"origin":747,"position":3},"title":"Pol\u00edcia Ambiental doa peixes apreendidos durante Opera\u00e7\u00e3o Piracema","author":"ismaelcolosi.com.br","date":"9 de November de 2023","format":false,"excerpt":"9 de novembro de 2023 | 14:259 de novembro de 2023 | 14:26 0Mais de duzentos quilos de peixes apreendidos pela Pol\u00edcia Ambiental, durante a opera\u00e7\u00e3o Piracema, foram doados para o Lar do Vov\u00f4 Albano e Casa do Vov\u00f4 em Ribeir\u00e3o Preto.Segundo a pol\u00edcia, a apreens\u00e3o dos peixes aconteceu durante\u2026","rel":"","context":"In &quot;Not\u00edcias de Ribeir\u00e3o Preto-SP e Regi\u00e3o&quot;","block_context":{"text":"Not\u00edcias de Ribeir\u00e3o Preto-SP e Regi\u00e3o","link":"https:\/\/ismaelcolosi.com.br\/index.php\/category\/noticias-de-ribeirao-preto-sp-e-regiao-ismael-colosi\/"},"img":{"alt_text":"","src":"https:\/\/i0.wp.com\/ismaelcolosi.com.br\/wp-content\/uploads\/2023\/11\/399644930_655287320006293_6305303165300624267_n-scaled.jpg?fit=1000%2C563&ssl=1&resize=350%2C200","width":350,"height":200,"srcset":"https:\/\/i0.wp.com\/ismaelcolosi.com.br\/wp-content\/uploads\/2023\/11\/399644930_655287320006293_6305303165300624267_n-scaled.jpg?fit=1000%2C563&ssl=1&resize=350%2C200 1x, https:\/\/i0.wp.com\/ismaelcolosi.com.br\/wp-content\/uploads\/2023\/11\/399644930_655287320006293_6305303165300624267_n-scaled.jpg?fit=1000%2C563&ssl=1&resize=525%2C300 1.5x, https:\/\/i0.wp.com\/ismaelcolosi.com.br\/wp-content\/uploads\/2023\/11\/399644930_655287320006293_6305303165300624267_n-scaled.jpg?fit=1000%2C563&ssl=1&resize=700%2C400 2x"},"classes":[]},{"id":80563,"url":"https:\/\/ismaelcolosi.com.br\/index.php\/2024\/12\/30\/sete-em-cada-10-contratados-em-novembro-foram-para-o-comercio-de-ribeirao-preto-sp\/","url_meta":{"origin":747,"position":4},"title":"Sete em cada 10 contratados em novembro foram para o Com\u00e9rcio de Ribeir\u00e3o Preto-SP\u00a0","author":"ismaelcolosi.com.br","date":"30 de December de 2024","format":false,"excerpt":"Sete em cada 10 contratados em novembro foram para o Com\u00e9rcio de Ribeir\u00e3o Preto-SP\u00a0 Ribeir\u00e3o Preto gerou no m\u00eas de novembro o total de\u00a0 1.134 novos empregos formais, sendo 70% (791) criados pelo setor de com\u00e9rcio, 20% (230) pelo setor de\u00a0 servi\u00e7os, 4% (41) pela Agropecu\u00e1ria, 3% (38) pela Constru\u00e7\u00e3o\u2026","rel":"","context":"In &quot;Blog&quot;","block_context":{"text":"Blog","link":"https:\/\/ismaelcolosi.com.br\/index.php\/category\/blog\/"},"img":{"alt_text":"","src":"https:\/\/i0.wp.com\/ismaelcolosi.com.br\/wp-content\/uploads\/2024\/12\/dados-caged-ribeirao-preto-novembro-2024.jpg?fit=938%2C580&ssl=1&resize=350%2C200","width":350,"height":200,"srcset":"https:\/\/i0.wp.com\/ismaelcolosi.com.br\/wp-content\/uploads\/2024\/12\/dados-caged-ribeirao-preto-novembro-2024.jpg?fit=938%2C580&ssl=1&resize=350%2C200 1x, https:\/\/i0.wp.com\/ismaelcolosi.com.br\/wp-content\/uploads\/2024\/12\/dados-caged-ribeirao-preto-novembro-2024.jpg?fit=938%2C580&ssl=1&resize=525%2C300 1.5x, https:\/\/i0.wp.com\/ismaelcolosi.com.br\/wp-content\/uploads\/2024\/12\/dados-caged-ribeirao-preto-novembro-2024.jpg?fit=938%2C580&ssl=1&resize=700%2C400 2x"},"classes":[]},{"id":894,"url":"https:\/\/ismaelcolosi.com.br\/index.php\/2023\/11\/09\/rp-vereadores-aprovam-credito-de-r-202-mi\/","url_meta":{"origin":747,"position":5},"title":"RP: vereadores aprovam\u00a0cr\u00e9dito de R$ 20,2 mi \u00a0","author":"ismaelcolosi.com.br","date":"9 de November de 2023","format":false,"excerpt":"9 de novembro de 2023 | 14:009 de novembro de 2023 | 11:32 0A C\u00e2mara de Vereadores aprovou, na sess\u00e3o ordin\u00e1ria de ter\u00e7a-feira, 7 de novembro, dois projetos de lei do Executivo que autorizam a abertura de cr\u00e9dito da prefeitura de Ribeir\u00e3o Preto com as secretarias municipais da Sa\u00fade e\u2026","rel":"","context":"In &quot;Not\u00edcias de Ribeir\u00e3o Preto-SP e Regi\u00e3o&quot;","block_context":{"text":"Not\u00edcias de Ribeir\u00e3o Preto-SP e Regi\u00e3o","link":"https:\/\/ismaelcolosi.com.br\/index.php\/category\/noticias-de-ribeirao-preto-sp-e-regiao-ismael-colosi\/"},"img":{"alt_text":"","src":"https:\/\/i0.wp.com\/ismaelcolosi.com.br\/wp-content\/uploads\/2023\/11\/verba-scaled.jpg?fit=967%2C645&ssl=1&resize=350%2C200","width":350,"height":200,"srcset":"https:\/\/i0.wp.com\/ismaelcolosi.com.br\/wp-content\/uploads\/2023\/11\/verba-scaled.jpg?fit=967%2C645&ssl=1&resize=350%2C200 1x, https:\/\/i0.wp.com\/ismaelcolosi.com.br\/wp-content\/uploads\/2023\/11\/verba-scaled.jpg?fit=967%2C645&ssl=1&resize=525%2C300 1.5x, https:\/\/i0.wp.com\/ismaelcolosi.com.br\/wp-content\/uploads\/2023\/11\/verba-scaled.jpg?fit=967%2C645&ssl=1&resize=700%2C400 2x"},"classes":[]}],"jetpack_sharing_enabled":true,"jetpack_shortlink":"https:\/\/wp.me\/pfMlyK-c3","_links":{"self":[{"href":"https:\/\/ismaelcolosi.com.br\/index.php\/wp-json\/wp\/v2\/posts\/747","targetHints":{"allow":["GET"]}}],"collection":[{"href":"https:\/\/ismaelcolosi.com.br\/index.php\/wp-json\/wp\/v2\/posts"}],"about":[{"href":"https:\/\/ismaelcolosi.com.br\/index.php\/wp-json\/wp\/v2\/types\/post"}],"author":[{"embeddable":true,"href":"https:\/\/ismaelcolosi.com.br\/index.php\/wp-json\/wp\/v2\/users\/1"}],"replies":[{"embeddable":true,"href":"https:\/\/ismaelcolosi.com.br\/index.php\/wp-json\/wp\/v2\/comments?post=747"}],"version-history":[{"count":0,"href":"https:\/\/ismaelcolosi.com.br\/index.php\/wp-json\/wp\/v2\/posts\/747\/revisions"}],"wp:featuredmedia":[{"embeddable":true,"href":"https:\/\/ismaelcolosi.com.br\/index.php\/wp-json\/wp\/v2\/media\/748"}],"wp:attachment":[{"href":"https:\/\/ismaelcolosi.com.br\/index.php\/wp-json\/wp\/v2\/media?parent=747"}],"wp:term":[{"taxonomy":"category","embeddable":true,"href":"https:\/\/ismaelcolosi.com.br\/index.php\/wp-json\/wp\/v2\/categories?post=747"},{"taxonomy":"post_tag","embeddable":true,"href":"https:\/\/ismaelcolosi.com.br\/index.php\/wp-json\/wp\/v2\/tags?post=747"}],"curies":[{"name":"wp","href":"https:\/\/api.w.org\/{rel}","templated":true}]}}