{"id":74695,"date":"2024-11-01T15:35:47","date_gmt":"2024-11-01T18:35:47","guid":{"rendered":"https:\/\/ismaelcolosi.com.br\/index.php\/2024\/11\/01\/museu-ema-klabin-inaugura-exposicao-america-pre-colombiana-corpo-e-territorio\/"},"modified":"2024-11-01T15:35:47","modified_gmt":"2024-11-01T18:35:47","slug":"museu-ema-klabin-inaugura-exposicao-america-pre-colombiana-corpo-e-territorio","status":"publish","type":"post","link":"https:\/\/ismaelcolosi.com.br\/index.php\/2024\/11\/01\/museu-ema-klabin-inaugura-exposicao-america-pre-colombiana-corpo-e-territorio\/","title":{"rendered":"Museu Ema Klabin inaugura Exposi\u00e7\u00e3o Am\u00e9rica pr\u00e9-colombiana: corpo e territ\u00f3rio"},"content":{"rendered":"<p> <br \/>\n<\/p>\n<div>\n<p>A Casa Museu Ema Klabin promove at\u00e9 o dia 23 de fevereiro de 2025, a exposi\u00e7\u00e3o Am\u00e9rica pr\u00e9-colombiana: corpo e territ\u00f3rio, que apresenta mais de 90 pe\u00e7as arqueol\u00f3gicas de diversas civiliza\u00e7\u00f5es pr\u00e9-colombianas que habitaram as Am\u00e9ricas por mais de 15 s\u00e9culos. Com curadoria de Daniela La Chioma e Emerson Nobre, a exposi\u00e7\u00e3o re\u00fane pe\u00e7as da Cole\u00e7\u00e3o Ema Klabin, do Museu de Arqueologia e Etnologia da USP (MAE-USP), da Cole\u00e7\u00e3o Ivani e Jorge Yunes e de cole\u00e7\u00f5es particulares.<\/p>\n<p><img data-recalc-dims=\"1\" loading=\"lazy\" decoding=\"async\" class=\"alignnone  wp-image-408707 lazyload\" src=\"https:\/\/i0.wp.com\/www.tribunaribeirao.com.br\/wp-content\/uploads\/2024\/11\/d702f870-060a-4e3c-a6f3-5168ec7393b8-300x169.jpeg?resize=719%2C405&#038;ssl=1\" alt=\"\" width=\"719\" height=\"405\" srcset=\"https:\/\/www.tribunaribeirao.com.br\/wp-content\/uploads\/2024\/11\/d702f870-060a-4e3c-a6f3-5168ec7393b8-300x169.jpeg 300w, https:\/\/www.tribunaribeirao.com.br\/wp-content\/uploads\/2024\/11\/d702f870-060a-4e3c-a6f3-5168ec7393b8-1024x576.jpeg 1024w, https:\/\/www.tribunaribeirao.com.br\/wp-content\/uploads\/2024\/11\/d702f870-060a-4e3c-a6f3-5168ec7393b8-768x432.jpeg 768w, https:\/\/www.tribunaribeirao.com.br\/wp-content\/uploads\/2024\/11\/d702f870-060a-4e3c-a6f3-5168ec7393b8-1536x864.jpeg 1536w, https:\/\/www.tribunaribeirao.com.br\/wp-content\/uploads\/2024\/11\/d702f870-060a-4e3c-a6f3-5168ec7393b8-960x540.jpeg 960w, https:\/\/www.tribunaribeirao.com.br\/wp-content\/uploads\/2024\/11\/d702f870-060a-4e3c-a6f3-5168ec7393b8-711x400.jpeg 711w, https:\/\/www.tribunaribeirao.com.br\/wp-content\/uploads\/2024\/11\/d702f870-060a-4e3c-a6f3-5168ec7393b8-585x329.jpeg 585w, https:\/\/www.tribunaribeirao.com.br\/wp-content\/uploads\/2024\/11\/d702f870-060a-4e3c-a6f3-5168ec7393b8-scaled.jpeg 800w\" data-sizes=\"(max-width: 719px) 100vw, 719px\" style=\"--smush-placeholder-width: 719px; --smush-placeholder-aspect-ratio: 719\/405;\"\/><img data-recalc-dims=\"1\" loading=\"lazy\" decoding=\"async\" class=\"alignnone  wp-image-408707\" src=\"https:\/\/i0.wp.com\/www.tribunaribeirao.com.br\/wp-content\/uploads\/2024\/11\/d702f870-060a-4e3c-a6f3-5168ec7393b8-300x169.jpeg?resize=719%2C405&#038;ssl=1\" alt=\"\" width=\"719\" height=\"405\" srcset=\"https:\/\/www.tribunaribeirao.com.br\/wp-content\/uploads\/2024\/11\/d702f870-060a-4e3c-a6f3-5168ec7393b8-300x169.jpeg 300w, https:\/\/www.tribunaribeirao.com.br\/wp-content\/uploads\/2024\/11\/d702f870-060a-4e3c-a6f3-5168ec7393b8-1024x576.jpeg 1024w, https:\/\/www.tribunaribeirao.com.br\/wp-content\/uploads\/2024\/11\/d702f870-060a-4e3c-a6f3-5168ec7393b8-768x432.jpeg 768w, https:\/\/www.tribunaribeirao.com.br\/wp-content\/uploads\/2024\/11\/d702f870-060a-4e3c-a6f3-5168ec7393b8-1536x864.jpeg 1536w, https:\/\/www.tribunaribeirao.com.br\/wp-content\/uploads\/2024\/11\/d702f870-060a-4e3c-a6f3-5168ec7393b8-960x540.jpeg 960w, https:\/\/www.tribunaribeirao.com.br\/wp-content\/uploads\/2024\/11\/d702f870-060a-4e3c-a6f3-5168ec7393b8-711x400.jpeg 711w, https:\/\/www.tribunaribeirao.com.br\/wp-content\/uploads\/2024\/11\/d702f870-060a-4e3c-a6f3-5168ec7393b8-585x329.jpeg 585w, https:\/\/www.tribunaribeirao.com.br\/wp-content\/uploads\/2024\/11\/d702f870-060a-4e3c-a6f3-5168ec7393b8-scaled.jpeg 800w\" sizes=\"auto, (max-width: 719px) 100vw, 719px\"\/><em>Vaso de cer\u00e2mica da cultura Nasca (100 a.C \u2013 650 d.C) com representa\u00e7\u00e3o de ser m\u00edtico antropomorfo, da Cole\u00e7\u00e3o Ema Klabin. Foto: Massap\u00ea Audiovisual\/ Sergio Zacch.<\/em><\/p><div class='code-block code-block-8' style='margin: 8px auto; text-align: center; display: block; clear: both;'>\n<script>\n  atOptions = {\n    'key' : '66e2e2111ca34da796271819fc334058',\n    'format' : 'iframe',\n    'height' : 250,\n    'width' : 300,\n    'params' : {}\n  };\n<\/script>\n<script src=\"https:\/\/www.highperformanceformat.com\/66e2e2111ca34da796271819fc334058\/invoke.js\"><\/script>\n<\/div>\n\n<p>A mostra apresenta pe\u00e7as datadas entre 1800 a.C e 1750 d.C, produzidas em cer\u00e2mica, metais, t\u00eaxteis, pedra e concha. Muitos destes artefatos s\u00e3o expostos pela primeira vez. A exposi\u00e7\u00e3o explora a diversidade cultural e as concep\u00e7\u00f5es sobre corporalidade dos povos origin\u00e1rios por meio de tr\u00eas eixos narrativos: corpo, mito e natureza, e sonoridades.<\/p>\n<p>\u00a0<\/p>\n<figure id=\"attachment_408708\" aria-describedby=\"caption-attachment-408708\" style=\"width: 664px\" class=\"wp-caption alignnone\"><img data-recalc-dims=\"1\" loading=\"lazy\" decoding=\"async\" class=\"wp-image-408708 lazyload\" src=\"https:\/\/i0.wp.com\/www.tribunaribeirao.com.br\/wp-content\/uploads\/2024\/11\/f4579eca-adb4-4edd-a3e7-c2231cd3f576-1-210x300.jpeg?resize=664%2C949&#038;ssl=1\" alt=\"\" width=\"664\" height=\"949\" srcset=\"https:\/\/www.tribunaribeirao.com.br\/wp-content\/uploads\/2024\/11\/f4579eca-adb4-4edd-a3e7-c2231cd3f576-1-210x300.jpeg 210w, https:\/\/www.tribunaribeirao.com.br\/wp-content\/uploads\/2024\/11\/f4579eca-adb4-4edd-a3e7-c2231cd3f576-1-768x1096.jpeg 768w, https:\/\/www.tribunaribeirao.com.br\/wp-content\/uploads\/2024\/11\/f4579eca-adb4-4edd-a3e7-c2231cd3f576-1-280x400.jpeg 280w\" data-sizes=\"(max-width: 664px) 100vw, 664px\" style=\"--smush-placeholder-width: 664px; --smush-placeholder-aspect-ratio: 664\/949;\"\/><img data-recalc-dims=\"1\" loading=\"lazy\" decoding=\"async\" class=\" wp-image-408708\" src=\"https:\/\/i0.wp.com\/www.tribunaribeirao.com.br\/wp-content\/uploads\/2024\/11\/f4579eca-adb4-4edd-a3e7-c2231cd3f576-1-210x300.jpeg?resize=664%2C949&#038;ssl=1\" alt=\"\" width=\"664\" height=\"949\" srcset=\"https:\/\/www.tribunaribeirao.com.br\/wp-content\/uploads\/2024\/11\/f4579eca-adb4-4edd-a3e7-c2231cd3f576-1-210x300.jpeg 210w, https:\/\/www.tribunaribeirao.com.br\/wp-content\/uploads\/2024\/11\/f4579eca-adb4-4edd-a3e7-c2231cd3f576-1-768x1096.jpeg 768w, https:\/\/www.tribunaribeirao.com.br\/wp-content\/uploads\/2024\/11\/f4579eca-adb4-4edd-a3e7-c2231cd3f576-1-280x400.jpeg 280w\" sizes=\"auto, (max-width: 664px) 100vw, 664px\"\/><figcaption id=\"caption-attachment-408708\" class=\"wp-caption-text\"><em><span style=\"color: #666666; font-size: 15px;\">Vaso Retrato de governante. Mochica (100 d.C \u2013 800 d.C) Costa Norte do Peru. Cole\u00e7\u00e3o particular. Foto: Massap\u00ea Audiovisual \/ Sergio Zacchi<\/span><\/em><\/figcaption><\/figure>\n<p>A representa\u00e7\u00e3o dos corpos nas pe\u00e7as era uma caracter\u00edstica central na produ\u00e7\u00e3o de v\u00e1rias culturas na Am\u00e9rica ind\u00edgena. Al\u00e9m disso, as sonoridades desempenhavam um papel crucial na experi\u00eancia corporal e m\u00edtica. As sociedades amer\u00edndias criaram diversos instrumentos musicais utilizados tanto em rituais quanto como forma de comunica\u00e7\u00e3o a longa dist\u00e2ncia.<\/p>\n<p>\u201cA principal mensagem que queremos transmitir aos visitantes da exposi\u00e7\u00e3o Am\u00e9rica pr\u00e9-colombiana: corpo e territ\u00f3rio \u00e9 que a Am\u00e9rica, antes da chegada dos europeus, era um continente extremamente diverso, com grande sofistica\u00e7\u00e3o cultural, ecol\u00f3gica e tecnol\u00f3gica. Os modos de vida destes povos antigos t\u00eam muito a nos ensinar sobre as rela\u00e7\u00f5es em harmonia com a natureza e com a sustentabilidade\u201d, afirma a curadora da exposi\u00e7\u00e3o, Daniela La Chioma, doutora em arqueologia pelo MAE-USP.<\/p>\n<p>Segundo Emerson Nobre, a exposi\u00e7\u00e3o foi planejada levando em considera\u00e7\u00e3o a maneira como os povos ind\u00edgenas das Am\u00e9ricas entendem e vivenciam o corpo humano. \u201cDesde a concep\u00e7\u00e3o desta exposi\u00e7\u00e3o, percebemos que muitas das tem\u00e1ticas poderiam ser norteadas pela no\u00e7\u00e3o de corporalidade amer\u00edndia, segundo a qual \u2018o corpo \u00e9 o lugar pelo qual as pessoas s\u00e3o socializadas\u2019. Os povos que produziram esses objetos s\u00e3o os ancestrais dos povos que habitam o nosso continente hoje e as hist\u00f3rias desta mostra n\u00e3o dizem respeito apenas ao passado, mas tamb\u00e9m aos povos ind\u00edgenas que h\u00e1 milhares de anos habitam este continente e vivenciam as suas corporalidades\u201d, analisa o curador da exposi\u00e7\u00e3o, que \u00e9 mestre em arqueologia pelo MAE-USP e especialista em cole\u00e7\u00f5es arqueol\u00f3gicas da Amaz\u00f4nia.<\/p>\n<p>\u00a0<\/p>\n<p><img data-recalc-dims=\"1\" loading=\"lazy\" decoding=\"async\" class=\"alignnone  wp-image-408709 lazyload\" src=\"https:\/\/i0.wp.com\/www.tribunaribeirao.com.br\/wp-content\/uploads\/2024\/11\/9631de9b-c2a1-4620-9dda-1c004aef92e8-300x200.jpeg?resize=698%2C465&#038;ssl=1\" alt=\"\" width=\"698\" height=\"465\" srcset=\"https:\/\/www.tribunaribeirao.com.br\/wp-content\/uploads\/2024\/11\/9631de9b-c2a1-4620-9dda-1c004aef92e8-300x200.jpeg 300w, https:\/\/www.tribunaribeirao.com.br\/wp-content\/uploads\/2024\/11\/9631de9b-c2a1-4620-9dda-1c004aef92e8-480x320.jpeg 480w, https:\/\/www.tribunaribeirao.com.br\/wp-content\/uploads\/2024\/11\/9631de9b-c2a1-4620-9dda-1c004aef92e8-280x186.jpeg 280w, https:\/\/www.tribunaribeirao.com.br\/wp-content\/uploads\/2024\/11\/9631de9b-c2a1-4620-9dda-1c004aef92e8-600x400.jpeg 600w, https:\/\/www.tribunaribeirao.com.br\/wp-content\/uploads\/2024\/11\/9631de9b-c2a1-4620-9dda-1c004aef92e8-585x390.jpeg 585w, https:\/\/www.tribunaribeirao.com.br\/wp-content\/uploads\/2024\/11\/9631de9b-c2a1-4620-9dda-1c004aef92e8.jpeg 750w\" data-sizes=\"(max-width: 698px) 100vw, 698px\" style=\"--smush-placeholder-width: 698px; --smush-placeholder-aspect-ratio: 698\/465;\"\/><img data-recalc-dims=\"1\" loading=\"lazy\" decoding=\"async\" class=\"alignnone  wp-image-408709\" src=\"https:\/\/i0.wp.com\/www.tribunaribeirao.com.br\/wp-content\/uploads\/2024\/11\/9631de9b-c2a1-4620-9dda-1c004aef92e8-300x200.jpeg?resize=698%2C465&#038;ssl=1\" alt=\"\" width=\"698\" height=\"465\" srcset=\"https:\/\/www.tribunaribeirao.com.br\/wp-content\/uploads\/2024\/11\/9631de9b-c2a1-4620-9dda-1c004aef92e8-300x200.jpeg 300w, https:\/\/www.tribunaribeirao.com.br\/wp-content\/uploads\/2024\/11\/9631de9b-c2a1-4620-9dda-1c004aef92e8-480x320.jpeg 480w, https:\/\/www.tribunaribeirao.com.br\/wp-content\/uploads\/2024\/11\/9631de9b-c2a1-4620-9dda-1c004aef92e8-280x186.jpeg 280w, https:\/\/www.tribunaribeirao.com.br\/wp-content\/uploads\/2024\/11\/9631de9b-c2a1-4620-9dda-1c004aef92e8-600x400.jpeg 600w, https:\/\/www.tribunaribeirao.com.br\/wp-content\/uploads\/2024\/11\/9631de9b-c2a1-4620-9dda-1c004aef92e8-585x390.jpeg 585w, https:\/\/www.tribunaribeirao.com.br\/wp-content\/uploads\/2024\/11\/9631de9b-c2a1-4620-9dda-1c004aef92e8.jpeg 750w\" sizes=\"auto, (max-width: 698px) 100vw, 698px\"\/><em>C\u00e2ntaro antropomorfo. Chancay (900 d.C \u2013 1476 d.C). Costa central do Peru- CIJY \u2013 MAE \u2013 USP. Foto: Massap\u00ea Audiovisual \/ Sergio Zacchi<\/em><\/p>\n<p><strong>Diversas civiliza\u00e7\u00f5es<\/strong><\/p>\n<p>A exposi\u00e7\u00e3o revela uma diversidade de culturas da regi\u00e3o do atual Peru, abrangendo a costa norte (Mochica, Chimu, Lambayeque, Vic\u00fas), a costa central (Chancay) e a costa sul (Nasca). A Amaz\u00f4nia tamb\u00e9m est\u00e1 fortemente representada, com um grande n\u00famero de pe\u00e7as, principalmente da cultura Marajoara, al\u00e9m de artefatos das culturas Santar\u00e9m, Marac\u00e1, Aru\u00e3, Caviana e da Tradi\u00e7\u00e3o Pol\u00edcroma da Amaz\u00f4nia. Al\u00e9m disso, a mostra inclui pe\u00e7as de civiliza\u00e7\u00f5es do Equador, M\u00e9xico, Costa Rica, Col\u00f4mbia, Bol\u00edvia e Venezuela, proporcionando uma vis\u00e3o abrangente do patrim\u00f4nio cultural e arqueol\u00f3gico das Am\u00e9ricas.<\/p>\n<p>\u00a0<\/p>\n<figure id=\"attachment_408710\" aria-describedby=\"caption-attachment-408710\" style=\"width: 734px\" class=\"wp-caption alignnone\"><img data-recalc-dims=\"1\" loading=\"lazy\" decoding=\"async\" class=\"wp-image-408710 lazyload\" src=\"https:\/\/i0.wp.com\/www.tribunaribeirao.com.br\/wp-content\/uploads\/2024\/11\/506701ae-701a-4267-b088-bb4a8cd0d403-200x300.jpeg?resize=734%2C1102&#038;ssl=1\" alt=\"\" width=\"734\" height=\"1102\" srcset=\"https:\/\/www.tribunaribeirao.com.br\/wp-content\/uploads\/2024\/11\/506701ae-701a-4267-b088-bb4a8cd0d403-200x300.jpeg 200w, https:\/\/www.tribunaribeirao.com.br\/wp-content\/uploads\/2024\/11\/506701ae-701a-4267-b088-bb4a8cd0d403-683x1024.jpeg 683w, https:\/\/www.tribunaribeirao.com.br\/wp-content\/uploads\/2024\/11\/506701ae-701a-4267-b088-bb4a8cd0d403-768x1152.jpeg 768w, https:\/\/www.tribunaribeirao.com.br\/wp-content\/uploads\/2024\/11\/506701ae-701a-4267-b088-bb4a8cd0d403-960x1440.jpeg 960w, https:\/\/www.tribunaribeirao.com.br\/wp-content\/uploads\/2024\/11\/506701ae-701a-4267-b088-bb4a8cd0d403-267x400.jpeg 267w, https:\/\/www.tribunaribeirao.com.br\/wp-content\/uploads\/2024\/11\/506701ae-701a-4267-b088-bb4a8cd0d403-585x878.jpeg 585w, https:\/\/www.tribunaribeirao.com.br\/wp-content\/uploads\/2024\/11\/506701ae-701a-4267-b088-bb4a8cd0d403-scaled.jpeg 333w\" data-sizes=\"(max-width: 734px) 100vw, 734px\" style=\"--smush-placeholder-width: 734px; --smush-placeholder-aspect-ratio: 734\/1102;\"\/><img data-recalc-dims=\"1\" loading=\"lazy\" decoding=\"async\" class=\" wp-image-408710\" src=\"https:\/\/i0.wp.com\/www.tribunaribeirao.com.br\/wp-content\/uploads\/2024\/11\/506701ae-701a-4267-b088-bb4a8cd0d403-200x300.jpeg?resize=734%2C1102&#038;ssl=1\" alt=\"\" width=\"734\" height=\"1102\" srcset=\"https:\/\/www.tribunaribeirao.com.br\/wp-content\/uploads\/2024\/11\/506701ae-701a-4267-b088-bb4a8cd0d403-200x300.jpeg 200w, https:\/\/www.tribunaribeirao.com.br\/wp-content\/uploads\/2024\/11\/506701ae-701a-4267-b088-bb4a8cd0d403-683x1024.jpeg 683w, https:\/\/www.tribunaribeirao.com.br\/wp-content\/uploads\/2024\/11\/506701ae-701a-4267-b088-bb4a8cd0d403-768x1152.jpeg 768w, https:\/\/www.tribunaribeirao.com.br\/wp-content\/uploads\/2024\/11\/506701ae-701a-4267-b088-bb4a8cd0d403-960x1440.jpeg 960w, https:\/\/www.tribunaribeirao.com.br\/wp-content\/uploads\/2024\/11\/506701ae-701a-4267-b088-bb4a8cd0d403-267x400.jpeg 267w, https:\/\/www.tribunaribeirao.com.br\/wp-content\/uploads\/2024\/11\/506701ae-701a-4267-b088-bb4a8cd0d403-585x878.jpeg 585w, https:\/\/www.tribunaribeirao.com.br\/wp-content\/uploads\/2024\/11\/506701ae-701a-4267-b088-bb4a8cd0d403-scaled.jpeg 333w\" sizes=\"auto, (max-width: 734px) 100vw, 734px\"\/><figcaption id=\"caption-attachment-408710\" class=\"wp-caption-text\"><span style=\"color: #666666; font-size: 15px;\">Vaso sibilante com aplique escult\u00f3rico de morcego. Lambayeque (800 d.C \u2013 1370 d.C) Costa Norte do Peru \u2013 Cole\u00e7\u00e3o Ema Klabin. Foto: Massap\u00ea Audiovisual \/ Sergio Zacchi<\/span><\/figcaption><\/figure>\n<p><strong>Destaques<\/strong><\/p>\n<p>Entre as raridades, destacam-se duas pe\u00e7as andinas do MAE-USP, da Cole\u00e7\u00e3o Ivani e Jorge Yunes, que retratam a figura do felino em transforma\u00e7\u00e3o, uma da cultura Cupisnique e a outra da cultura Chim\u00fa-Inca. Outro destaque da regi\u00e3o Andina s\u00e3o os vasos escult\u00f3ricos da cultura Mochica, que representam rostos de guerreiros e governantes com grande realismo, e os c\u00e2ntaros da cultura Chancay, usados como pe\u00e7as funer\u00e1rias para armazenar oferendas, como gr\u00e3os e l\u00edquidos, junto ao falecido.<\/p>\n<p>A exposi\u00e7\u00e3o tamb\u00e9m apresenta objetos sibilantes, que, ao serem preenchidos com \u00e1gua e movimentados, produzem som. Um dos vasos da Cole\u00e7\u00e3o Ema Klabin \u00e9 bastante raro por suas caracter\u00edsticas morfol\u00f3gicas e iconogr\u00e1ficas.<\/p>\n<p>Da cultura Marajoara, na Amaz\u00f4nia, a mostra apresenta um pote utilizado para colocar tintas e pigmentos. Al\u00e9m disso, est\u00e3o em exposi\u00e7\u00e3o urnas funer\u00e1rias antropomorfas do estu\u00e1rio amaz\u00f4nico, que mostram a diversidade na representa\u00e7\u00e3o do corpo dos povos que habitavam aquela regi\u00e3o.<\/p>\n<p><img data-recalc-dims=\"1\" loading=\"lazy\" decoding=\"async\" class=\"alignnone  wp-image-408712 lazyload\" src=\"https:\/\/i0.wp.com\/www.tribunaribeirao.com.br\/wp-content\/uploads\/2024\/11\/69b55259-cb75-44c7-807e-b49ea2a567f4-300x200.jpeg?resize=714%2C476&#038;ssl=1\" alt=\"\" width=\"714\" height=\"476\" srcset=\"https:\/\/www.tribunaribeirao.com.br\/wp-content\/uploads\/2024\/11\/69b55259-cb75-44c7-807e-b49ea2a567f4-300x200.jpeg 300w, https:\/\/www.tribunaribeirao.com.br\/wp-content\/uploads\/2024\/11\/69b55259-cb75-44c7-807e-b49ea2a567f4-480x320.jpeg 480w, https:\/\/www.tribunaribeirao.com.br\/wp-content\/uploads\/2024\/11\/69b55259-cb75-44c7-807e-b49ea2a567f4-280x186.jpeg 280w, https:\/\/www.tribunaribeirao.com.br\/wp-content\/uploads\/2024\/11\/69b55259-cb75-44c7-807e-b49ea2a567f4-600x400.jpeg 600w, https:\/\/www.tribunaribeirao.com.br\/wp-content\/uploads\/2024\/11\/69b55259-cb75-44c7-807e-b49ea2a567f4-585x390.jpeg 585w, https:\/\/www.tribunaribeirao.com.br\/wp-content\/uploads\/2024\/11\/69b55259-cb75-44c7-807e-b49ea2a567f4.jpeg 750w\" data-sizes=\"(max-width: 714px) 100vw, 714px\" style=\"--smush-placeholder-width: 714px; --smush-placeholder-aspect-ratio: 714\/476;\"\/><img data-recalc-dims=\"1\" loading=\"lazy\" decoding=\"async\" class=\"alignnone  wp-image-408712\" src=\"https:\/\/i0.wp.com\/www.tribunaribeirao.com.br\/wp-content\/uploads\/2024\/11\/69b55259-cb75-44c7-807e-b49ea2a567f4-300x200.jpeg?resize=714%2C476&#038;ssl=1\" alt=\"\" width=\"714\" height=\"476\" srcset=\"https:\/\/www.tribunaribeirao.com.br\/wp-content\/uploads\/2024\/11\/69b55259-cb75-44c7-807e-b49ea2a567f4-300x200.jpeg 300w, https:\/\/www.tribunaribeirao.com.br\/wp-content\/uploads\/2024\/11\/69b55259-cb75-44c7-807e-b49ea2a567f4-480x320.jpeg 480w, https:\/\/www.tribunaribeirao.com.br\/wp-content\/uploads\/2024\/11\/69b55259-cb75-44c7-807e-b49ea2a567f4-280x186.jpeg 280w, https:\/\/www.tribunaribeirao.com.br\/wp-content\/uploads\/2024\/11\/69b55259-cb75-44c7-807e-b49ea2a567f4-600x400.jpeg 600w, https:\/\/www.tribunaribeirao.com.br\/wp-content\/uploads\/2024\/11\/69b55259-cb75-44c7-807e-b49ea2a567f4-585x390.jpeg 585w, https:\/\/www.tribunaribeirao.com.br\/wp-content\/uploads\/2024\/11\/69b55259-cb75-44c7-807e-b49ea2a567f4.jpeg 750w\" sizes=\"auto, (max-width: 714px) 100vw, 714px\"\/><em>Tanga. Marajoara (400 d.C \u2013 1300 d.C) Ilha do Maraj\u00f3, Brasil- ICBS \u2013 MAE \u2013 USP. Foto: Massap\u00ea Audiovisual \/ Sergio Zacchi<\/em><\/p>\n<p>H\u00e1 v\u00e1rias curiosidades sobre os artefatos e civiliza\u00e7\u00f5es apresentados. Na cole\u00e7\u00e3o de pe\u00e7as da Amaz\u00f4nia, as tangas de cer\u00e2mica da cultura Marajoara merecem aten\u00e7\u00e3o especial. \u201cS\u00e3o pe\u00e7as que apresentam uma diversidade de tamanhos, formatos e tipos de decora\u00e7\u00e3o. Podemos presumir que essa variedade esteja relacionada \u00e0s caracter\u00edsticas das pessoas que as usavam e \u00e0s ocasi\u00f5es de uso. Essas tangas eram frequentemente encontradas em sepultamentos, mas apresentavam sinais de uso, como orif\u00edcios por onde eram amarradas ao copo e marcas de desgaste, mostrando que n\u00e3o foram feitas apenas para acompanhar os mortos\u201d, explica o curador Emerson Nobre.<\/p>\n<p><strong>R\u00e9plicas interativas<\/strong><\/p>\n<p>Durante a exposi\u00e7\u00e3o, o p\u00fablico tem a oportunidade de manipular r\u00e9plicas de pe\u00e7as sonoras produzidas pelo ceramista Carlo Cury, pesquisador de cer\u00e2mica dos povos nativos.<\/p>\n<p>A exposi\u00e7\u00e3o Am\u00e9rica pr\u00e9-colombiana: corpo e territ\u00f3rio conta com o apoio de Klabin S.A.<\/p>\n<p><strong>Servi\u00e7o<\/strong><\/p>\n<p>Exposi\u00e7\u00e3o Am\u00e9rica pr\u00e9-colombiana: corpo e territ\u00f3rio<\/p>\n<p>Curadoria: Daniela La Chioma e Emerson Nobre<\/p>\n<p>At\u00e9 23\/02\/2025<\/p>\n<p>De quarta-feira a domingo, das 11h \u00e0s 17h<\/p>\n<p>Rua Portugal, 43, Jardim Europa, S\u00e3o Paulo.<\/p>\n<p>\u00a0<\/p>\n<p><strong>Sobre os curadores:<\/strong><\/p>\n<p>Daniela La Chioma Silvestre<\/p>\n<p>Mestre (2012) e doutora (2016) em arqueologia pelo Museu de Arqueologia e Etnologia da USP (MAE-USP). Atua nas \u00e1reas de Arqueologia Peruana, Hist\u00f3ria da Arte Pr\u00e9-Colombiana e Arqueomusicologia Andina. Fez resid\u00eancia pr\u00e9-doutoral em Estudos Pr\u00e9-Colombianos pela Dumbarton Oaks, Harvard University (2016). Tamb\u00e9m \u00e9 membro do Institute of Andean Studies de Berkeley, Calif\u00f3rnia.<\/p>\n<p>Possui experi\u00eancia no estudo e curadoria de cole\u00e7\u00f5es arqueol\u00f3gicas andinas e realizou pesquisas em diversos museus peruanos, como o Museu Rafael Larco Herrera (Lima) e o Museu Tumbas Reais de Sip\u00e1n (Lambayeque), entre outros, al\u00e9m de participar de escava\u00e7\u00f5es em projetos arqueol\u00f3gicos no Peru. Sua tese de doutorado recebeu men\u00e7\u00e3o honrosa concedida pela Universidade de S\u00e3o Paulo em 2017. Realizou a curadoria da cole\u00e7\u00e3o Ivani e Jorge Yunes doada ao MAE-USP em 2023. Foi respons\u00e1vel pela pesquisa das pe\u00e7as pr\u00e9-colombianas da Casa Museu Ema Klabin em 2024.<\/p>\n<p>\u00a0<\/p>\n<p>Emerson Nobre da Silva<\/p>\n<p>Mestre em Arqueologia (2017) pelo Museu de Arqueologia e Etnologia da USP (MAE-USP). Tem experi\u00eancia no estudo de cole\u00e7\u00f5es arqueol\u00f3gicas da Amaz\u00f4nia (Arquip\u00e9lago do Maraj\u00f3 e Amap\u00e1) com enfoque nos estudos iconogr\u00e1ficos e estil\u00edsticos.<\/p>\n<p>Pesquisou as cole\u00e7\u00f5es do Museu de Arqueologia e Etnologia da USP (S\u00e3o Paulo, SP), Museu Paraense Em\u00edlio Goeldi (Bel\u00e9m, PA), Museu Nacional (Rio de Janeiro, RJ), Museu do Estado de Pernambuco (Recife, PE) e Museu Hist\u00f3rico Joaquim Caetano da Silva (Macap\u00e1, AP). Realizou a curadoria da cole\u00e7\u00e3o Ivani e Jorge Yunes (Arqueologia Amaz\u00f4nica) doada ao MAE-USP em 2023.<\/p>\n<p>\u00a0<\/p>\n<p>Sobre a Casa Museu Ema Klabin:<\/p>\n<p>Casa Museu Ema Klabin Foto: Nelson Kon<\/p>\n<p>A resid\u00eancia onde viveu Ema Klabin de 1961 a 1994 \u00e9 uma das poucas casas museus de colecionador no Brasil com ambientes preservados. A Cole\u00e7\u00e3o Ema Klabin inclui pinturas do russo Marc Chagall e do holand\u00eas Frans Post, obras do modernismo brasileiro, como de Tarsila do Amaral e Candido Portinari, al\u00e9m de artes decorativas, pe\u00e7as arqueol\u00f3gicas e livros raros, reunindo variadas culturas em um arco temporal de 35 s\u00e9culos.<\/p>\n<p>A Casa Museu Ema Klabin \u00e9 uma funda\u00e7\u00e3o cultural sem fins lucrativos, de utilidade p\u00fablica, criada para salvaguardar, estudar e divulgar a cole\u00e7\u00e3o, a resid\u00eancia e a mem\u00f3ria de Ema Klabin, visando \u00e0 promo\u00e7\u00e3o de atividades de car\u00e1ter cultural, educacional e social, inspiradas pela sua atua\u00e7\u00e3o em vida, de forma a construir, em conjunto com o p\u00fablico mais amplo poss\u00edvel, um ambiente de frui\u00e7\u00e3o, di\u00e1logo e reflex\u00e3o.<\/p>\n<p>A programa\u00e7\u00e3o cultural da casa museu decorre da cole\u00e7\u00e3o e da personalidade da empres\u00e1ria Ema Klabin, que teve uma significativa atua\u00e7\u00e3o nas manifesta\u00e7\u00f5es e institui\u00e7\u00f5es culturais da cidade de S\u00e3o Paulo, especialmente nas \u00e1reas de m\u00fasica e arte. Al\u00e9m de receber a visita\u00e7\u00e3o do p\u00fablico, a Casa Museu Ema Klabin realiza exposi\u00e7\u00f5es tempor\u00e1rias, s\u00e9ries de arte contempor\u00e2nea, cursos, palestras e oficinas, bem como apresenta\u00e7\u00f5es de m\u00fasica, dan\u00e7a e teatro.<\/p>\n<p>O jardim da casa museu foi projetado por Roberto Burle Marx e a decora\u00e7\u00e3o foi criada por Terri Della Stufa.<\/p>\n<p>Acesse o site e redes sociais<\/p>\n<p>Site: https:\/\/emaklabin.org.br<\/p>\n<p>Instagram: @emaklabin<\/p>\n<p>YouTube: https:\/\/www.youtube.com\/c\/CasaMuseuEmaKlabin<\/p>\n<p>Google Arts &amp; Culture: https:\/\/artsandculture.google.com\/partner\/fundacao-<\/p>\n<p>ema-klabin<\/p>\n<p>\u00a0<\/p>\n<\/div>\n<p><br \/>\n<br \/><a href=\"https:\/\/www.tribunaribeirao.com.br\/museu-ema-klabin-inaugura-exposicao-america-pre-colombiana-corpo-e-territorio\/\">Source link <\/a><\/p>\n<div class='code-block code-block-4' style='margin: 8px auto 8px 0; text-align: left; display: block; clear: both;'>\n\ud83d\udce2 Aviso Legal\n\nO site ismaelcolosi.com.br atua apenas como um canal de divulga\u00e7\u00e3o de oportunidades de emprego e n\u00e3o se responsabiliza pelo processo seletivo, contrata\u00e7\u00e3o ou qualquer outra etapa relacionada \u00e0s vagas publicadas. Todas as informa\u00e7\u00f5es s\u00e3o de responsabilidade dos anunciantes.\n\n\u26a0\ufe0f Aten\u00e7\u00e3o! Nunca pague por promessas de emprego nem compre cursos que garantam contrata\u00e7\u00e3o. Desconfie de qualquer cobran\u00e7a para participar de sele\u00e7\u00f5es.\n\n\n\n<\/div>\n<!-- CONTENT END 1 -->\n","protected":false},"excerpt":{"rendered":"<p>A Casa Museu Ema Klabin promove at\u00e9 o dia 23 de fevereiro de 2025, a exposi\u00e7\u00e3o Am\u00e9rica pr\u00e9-colombiana: corpo e territ\u00f3rio, que apresenta mais de&#8230;<\/p>\n","protected":false},"author":1,"featured_media":74696,"comment_status":"open","ping_status":"open","sticky":false,"template":"","format":"standard","meta":{"_uag_custom_page_level_css":"","advanced_seo_description":"","jetpack_seo_html_title":"","jetpack_seo_noindex":false,"jetpack_post_was_ever_published":false,"_jetpack_newsletter_access":"","_jetpack_dont_email_post_to_subs":false,"_jetpack_newsletter_tier_id":0,"_jetpack_memberships_contains_paywalled_content":false,"_jetpack_memberships_contains_paid_content":false,"footnotes":"","jetpack_publicize_message":"","jetpack_publicize_feature_enabled":true,"jetpack_social_post_already_shared":true,"jetpack_social_options":{"image_generator_settings":{"template":"highway","default_image_id":0,"font":"","enabled":false},"version":2}},"categories":[11],"tags":[],"class_list":["post-74695","post","type-post","status-publish","format-standard","has-post-thumbnail","hentry","category-noticias-de-ribeirao-preto-sp-e-regiao-ismael-colosi"],"jetpack_publicize_connections":[],"jetpack_featured_media_url":"https:\/\/i0.wp.com\/ismaelcolosi.com.br\/wp-content\/uploads\/2024\/11\/f4579eca-adb4-4edd-a3e7-c2231cd3f576-scaled.jpeg?fit=351%2C500&ssl=1","uagb_featured_image_src":{"full":["https:\/\/i0.wp.com\/ismaelcolosi.com.br\/wp-content\/uploads\/2024\/11\/f4579eca-adb4-4edd-a3e7-c2231cd3f576-scaled.jpeg?fit=351%2C500&ssl=1",351,500,false],"thumbnail":["https:\/\/i0.wp.com\/ismaelcolosi.com.br\/wp-content\/uploads\/2024\/11\/f4579eca-adb4-4edd-a3e7-c2231cd3f576-scaled.jpeg?resize=150%2C150&ssl=1",150,150,true],"medium":["https:\/\/i0.wp.com\/ismaelcolosi.com.br\/wp-content\/uploads\/2024\/11\/f4579eca-adb4-4edd-a3e7-c2231cd3f576-scaled.jpeg?fit=211%2C300&ssl=1",211,300,true],"medium_large":["https:\/\/i0.wp.com\/ismaelcolosi.com.br\/wp-content\/uploads\/2024\/11\/f4579eca-adb4-4edd-a3e7-c2231cd3f576-scaled.jpeg?fit=351%2C500&ssl=1",351,500,true],"large":["https:\/\/i0.wp.com\/ismaelcolosi.com.br\/wp-content\/uploads\/2024\/11\/f4579eca-adb4-4edd-a3e7-c2231cd3f576-scaled.jpeg?fit=351%2C500&ssl=1",351,500,true],"1536x1536":["https:\/\/i0.wp.com\/ismaelcolosi.com.br\/wp-content\/uploads\/2024\/11\/f4579eca-adb4-4edd-a3e7-c2231cd3f576-scaled.jpeg?fit=351%2C500&ssl=1",351,500,true],"2048x2048":["https:\/\/i0.wp.com\/ismaelcolosi.com.br\/wp-content\/uploads\/2024\/11\/f4579eca-adb4-4edd-a3e7-c2231cd3f576-scaled.jpeg?fit=351%2C500&ssl=1",351,500,true],"really-simple-thumb":["https:\/\/i0.wp.com\/ismaelcolosi.com.br\/wp-content\/uploads\/2024\/11\/f4579eca-adb4-4edd-a3e7-c2231cd3f576-scaled.jpeg?resize=351%2C247&ssl=1",351,247,true]},"uagb_author_info":{"display_name":"ismaelcolosi.com.br","author_link":"https:\/\/ismaelcolosi.com.br\/index.php\/author\/vidareal-online\/"},"uagb_comment_info":0,"uagb_excerpt":"A Casa Museu Ema Klabin promove at\u00e9 o dia 23 de fevereiro de 2025, a exposi\u00e7\u00e3o Am\u00e9rica pr\u00e9-colombiana: corpo e territ\u00f3rio, que apresenta mais de...","jetpack-related-posts":[{"id":48804,"url":"https:\/\/ismaelcolosi.com.br\/index.php\/2024\/05\/06\/ultimos-dias-de-exposicao-com-acervo-do-museu-do-ipiranga-na-usp-ribeirao-preto\/","url_meta":{"origin":74695,"position":0},"title":"\u00daltimos dias de exposi\u00e7\u00e3o com acervo do Museu do Ipiranga na USP Ribeir\u00e3o Preto","author":"ismaelcolosi.com.br","date":"6 de May de 2024","format":false,"excerpt":"A exposi\u00e7\u00e3o \u201cUSP 90anos: uma jornada imersiva pelos nossos museus\u201d, que traz um pouco dos acervos dos museus da universidade para Ribeir\u00e3o Preto, acontece at\u00e9 sexta-feira (10), no IEA (Instituto de Estudos Avan\u00e7ados). Com entrada de gra\u00e7a, a mostra \u00e9 aberta ao p\u00fablico das 9h \u00e0s 18h. Ao todo,\u00a0sete campi\u2026","rel":"","context":"In &quot;Not\u00edcias de Ribeir\u00e3o Preto-SP e Regi\u00e3o&quot;","block_context":{"text":"Not\u00edcias de Ribeir\u00e3o Preto-SP e Regi\u00e3o","link":"https:\/\/ismaelcolosi.com.br\/index.php\/category\/noticias-de-ribeirao-preto-sp-e-regiao-ismael-colosi\/"},"img":{"alt_text":"","src":"https:\/\/i0.wp.com\/ismaelcolosi.com.br\/wp-content\/uploads\/2024\/05\/Capturar_2024-05-06_21-22-20_jpg_2024-05-06_21-22-21.webp.webp?fit=1113%2C577&ssl=1&resize=350%2C200","width":350,"height":200,"srcset":"https:\/\/i0.wp.com\/ismaelcolosi.com.br\/wp-content\/uploads\/2024\/05\/Capturar_2024-05-06_21-22-20_jpg_2024-05-06_21-22-21.webp.webp?fit=1113%2C577&ssl=1&resize=350%2C200 1x, https:\/\/i0.wp.com\/ismaelcolosi.com.br\/wp-content\/uploads\/2024\/05\/Capturar_2024-05-06_21-22-20_jpg_2024-05-06_21-22-21.webp.webp?fit=1113%2C577&ssl=1&resize=525%2C300 1.5x, https:\/\/i0.wp.com\/ismaelcolosi.com.br\/wp-content\/uploads\/2024\/05\/Capturar_2024-05-06_21-22-20_jpg_2024-05-06_21-22-21.webp.webp?fit=1113%2C577&ssl=1&resize=700%2C400 2x, https:\/\/i0.wp.com\/ismaelcolosi.com.br\/wp-content\/uploads\/2024\/05\/Capturar_2024-05-06_21-22-20_jpg_2024-05-06_21-22-21.webp.webp?fit=1113%2C577&ssl=1&resize=1050%2C600 3x"},"classes":[]},{"id":44982,"url":"https:\/\/ismaelcolosi.com.br\/index.php\/2024\/04\/01\/ribeirao-preto-recebe-exposicao-itinerante-com-acervo-do-museu-do-ipiranga\/","url_meta":{"origin":74695,"position":1},"title":"Ribeir\u00e3o Preto recebe exposi\u00e7\u00e3o itinerante com acervo do Museu do Ipiranga","author":"ismaelcolosi.com.br","date":"1 de April de 2024","format":false,"excerpt":"A USP Ribeir\u00e3o Preto recebe pela primeira vez uma exposi\u00e7\u00e3o que mostra um pouco dos acervos dos museus da Universidade de S\u00e3o Paulo, entre eles o do Museu do Ipiranga, todos com sede em S\u00e3o Paulo. A exposi\u00e7\u00e3o itinerante com o tema \u201cUSP 90 anos: uma jornada imersiva pelos nossos\u2026","rel":"","context":"In &quot;Not\u00edcias de Ribeir\u00e3o Preto-SP e Regi\u00e3o&quot;","block_context":{"text":"Not\u00edcias de Ribeir\u00e3o Preto-SP e Regi\u00e3o","link":"https:\/\/ismaelcolosi.com.br\/index.php\/category\/noticias-de-ribeirao-preto-sp-e-regiao-ismael-colosi\/"},"img":{"alt_text":"","src":"https:\/\/i0.wp.com\/ismaelcolosi.com.br\/wp-content\/uploads\/2024\/04\/Copia-de-Copia-de-TAMANHO-EXATO-PARA-FOTOS-NO-SISTEMA-NOVO-17.jpg?fit=1200%2C675&ssl=1&resize=350%2C200","width":350,"height":200,"srcset":"https:\/\/i0.wp.com\/ismaelcolosi.com.br\/wp-content\/uploads\/2024\/04\/Copia-de-Copia-de-TAMANHO-EXATO-PARA-FOTOS-NO-SISTEMA-NOVO-17.jpg?fit=1200%2C675&ssl=1&resize=350%2C200 1x, https:\/\/i0.wp.com\/ismaelcolosi.com.br\/wp-content\/uploads\/2024\/04\/Copia-de-Copia-de-TAMANHO-EXATO-PARA-FOTOS-NO-SISTEMA-NOVO-17.jpg?fit=1200%2C675&ssl=1&resize=525%2C300 1.5x, https:\/\/i0.wp.com\/ismaelcolosi.com.br\/wp-content\/uploads\/2024\/04\/Copia-de-Copia-de-TAMANHO-EXATO-PARA-FOTOS-NO-SISTEMA-NOVO-17.jpg?fit=1200%2C675&ssl=1&resize=700%2C400 2x, https:\/\/i0.wp.com\/ismaelcolosi.com.br\/wp-content\/uploads\/2024\/04\/Copia-de-Copia-de-TAMANHO-EXATO-PARA-FOTOS-NO-SISTEMA-NOVO-17.jpg?fit=1200%2C675&ssl=1&resize=1050%2C600 3x"},"classes":[]},{"id":46294,"url":"https:\/\/ismaelcolosi.com.br\/index.php\/2024\/04\/10\/exposicao-da-usp-com-acervo-do-museu-do-ipiranga-comeca-sabado-em-ribeirao-preto\/","url_meta":{"origin":74695,"position":2},"title":"Exposi\u00e7\u00e3o da USP com acervo do Museu do Ipiranga come\u00e7a s\u00e1bado em Ribeir\u00e3o Preto","author":"ismaelcolosi.com.br","date":"10 de April de 2024","format":false,"excerpt":"A exposi\u00e7\u00e3o \u201cUSP 90 anos: uma jornada imersiva pelos nossos museus\u201d ser\u00e1 aberta ao p\u00fablico em Ribeir\u00e3o Preto neste s\u00e1bado (13). A entrada \u00e9 de gra\u00e7a e acontece de segunda a s\u00e1bado, das 9h \u00e0s 18h. Trazendo um pouco dos acervos dos museus da universidade, todos com sede em S\u00e3o\u2026","rel":"","context":"In &quot;Not\u00edcias de Ribeir\u00e3o Preto-SP e Regi\u00e3o&quot;","block_context":{"text":"Not\u00edcias de Ribeir\u00e3o Preto-SP e Regi\u00e3o","link":"https:\/\/ismaelcolosi.com.br\/index.php\/category\/noticias-de-ribeirao-preto-sp-e-regiao-ismael-colosi\/"},"img":{"alt_text":"","src":"https:\/\/i0.wp.com\/ismaelcolosi.com.br\/wp-content\/uploads\/2024\/04\/1712781451_Copia-de-Copia-de-TAMANHO-EXATO-PARA-FOTOS-NO-SISTEMA-NOVO-17.jpg?fit=1200%2C675&ssl=1&resize=350%2C200","width":350,"height":200,"srcset":"https:\/\/i0.wp.com\/ismaelcolosi.com.br\/wp-content\/uploads\/2024\/04\/1712781451_Copia-de-Copia-de-TAMANHO-EXATO-PARA-FOTOS-NO-SISTEMA-NOVO-17.jpg?fit=1200%2C675&ssl=1&resize=350%2C200 1x, https:\/\/i0.wp.com\/ismaelcolosi.com.br\/wp-content\/uploads\/2024\/04\/1712781451_Copia-de-Copia-de-TAMANHO-EXATO-PARA-FOTOS-NO-SISTEMA-NOVO-17.jpg?fit=1200%2C675&ssl=1&resize=525%2C300 1.5x, https:\/\/i0.wp.com\/ismaelcolosi.com.br\/wp-content\/uploads\/2024\/04\/1712781451_Copia-de-Copia-de-TAMANHO-EXATO-PARA-FOTOS-NO-SISTEMA-NOVO-17.jpg?fit=1200%2C675&ssl=1&resize=700%2C400 2x, https:\/\/i0.wp.com\/ismaelcolosi.com.br\/wp-content\/uploads\/2024\/04\/1712781451_Copia-de-Copia-de-TAMANHO-EXATO-PARA-FOTOS-NO-SISTEMA-NOVO-17.jpg?fit=1200%2C675&ssl=1&resize=1050%2C600 3x"},"classes":[]},{"id":37792,"url":"https:\/\/ismaelcolosi.com.br\/index.php\/2024\/02\/18\/museu-de-historia-natural-de-cravinhos-completa-20-anos\/","url_meta":{"origin":74695,"position":3},"title":"Museu de Hist\u00f3ria Natural de Cravinhos completa 20 anos","author":"ismaelcolosi.com.br","date":"18 de February de 2024","format":false,"excerpt":"18 de fevereiro de 2024 | 16:0017 de fevereiro de 2024 | 11:47 0Adriana Dorazi \u2013 especial para o Tribuna Ribeir\u00e3oEm Cravinhos, pertinho de Ribeir\u00e3o Preto, est\u00e1 aberto diariamente uma sala de aula pr\u00e1tica de diversos temas: o Museu de Hist\u00f3ria Natural \u201cWladimir Chaves. Este ano o espa\u00e7o completa 20\u2026","rel":"","context":"In &quot;Not\u00edcias de Ribeir\u00e3o Preto-SP e Regi\u00e3o&quot;","block_context":{"text":"Not\u00edcias de Ribeir\u00e3o Preto-SP e Regi\u00e3o","link":"https:\/\/ismaelcolosi.com.br\/index.php\/category\/noticias-de-ribeirao-preto-sp-e-regiao-ismael-colosi\/"},"img":{"alt_text":"","src":"https:\/\/i0.wp.com\/ismaelcolosi.com.br\/wp-content\/uploads\/2024\/02\/2-museu-risk-4-scaled.jpg?fit=967%2C645&ssl=1&resize=350%2C200","width":350,"height":200,"srcset":"https:\/\/i0.wp.com\/ismaelcolosi.com.br\/wp-content\/uploads\/2024\/02\/2-museu-risk-4-scaled.jpg?fit=967%2C645&ssl=1&resize=350%2C200 1x, https:\/\/i0.wp.com\/ismaelcolosi.com.br\/wp-content\/uploads\/2024\/02\/2-museu-risk-4-scaled.jpg?fit=967%2C645&ssl=1&resize=525%2C300 1.5x, https:\/\/i0.wp.com\/ismaelcolosi.com.br\/wp-content\/uploads\/2024\/02\/2-museu-risk-4-scaled.jpg?fit=967%2C645&ssl=1&resize=700%2C400 2x"},"classes":[]},{"id":37955,"url":"https:\/\/ismaelcolosi.com.br\/index.php\/2024\/02\/19\/casa-da-memoria-italiana-tem-programacao-especial-em-ribeirao\/","url_meta":{"origin":74695,"position":4},"title":"Casa da Mem\u00f3ria Italiana tem programa\u00e7\u00e3o especial em Ribeir\u00e3o","author":"ismaelcolosi.com.br","date":"19 de February de 2024","format":false,"excerpt":"O Museu Casa da Mem\u00f3ria Italiana de Ribeir\u00e3o Preto promove uma programa\u00e7\u00e3o especial para comemorar os 150 anos da imigra\u00e7\u00e3o italiana, entre os dias 21 e 24 de fevereiro. A entrada \u00e9 gratuita. Confira a programa\u00e7\u00e3o: 19h:\u00a0abertura da\u00a0exposi\u00e7\u00e3o \u201dFor\u00e7a Italiana. Hist\u00f3rias de Fam\u00edlia\u201d, e relan\u00e7amento do livro de mesmo nome,\u2026","rel":"","context":"In &quot;Not\u00edcias de Ribeir\u00e3o Preto-SP e Regi\u00e3o&quot;","block_context":{"text":"Not\u00edcias de Ribeir\u00e3o Preto-SP e Regi\u00e3o","link":"https:\/\/ismaelcolosi.com.br\/index.php\/category\/noticias-de-ribeirao-preto-sp-e-regiao-ismael-colosi\/"},"img":{"alt_text":"","src":"https:\/\/i0.wp.com\/ismaelcolosi.com.br\/wp-content\/uploads\/2024\/02\/museu-da-memoria-italiana.jpg?fit=499%2C316&ssl=1&resize=350%2C200","width":350,"height":200},"classes":[]},{"id":48082,"url":"https:\/\/ismaelcolosi.com.br\/index.php\/2024\/04\/30\/museu-do-ipiranga-em-sp-tem-entrada-gratuita-e-exposicao-dedicada-ao-trabalho-neste-feriado\/","url_meta":{"origin":74695,"position":5},"title":"Museu do Ipiranga em SP tem entrada gratuita e exposi\u00e7\u00e3o dedicada ao trabalho neste feriado","author":"ismaelcolosi.com.br","date":"30 de April de 2024","format":false,"excerpt":"Nesta quarta-feira, 1\u00ba de maio, \u00e9 comemorado do Dia do Trabalho, e o Museu do Ipiranga, em S\u00e3o Paulo, ficar\u00e1 aberto gratuitamente \u2013 como todas as quartas-feiras e os primeiros domingos de cada m\u00eas. Neste feriado, o museu conta com uma mostra de arte dedicada ao trabalho. As entradas devem\u2026","rel":"","context":"In &quot;Not\u00edcias de Ribeir\u00e3o Preto-SP e Regi\u00e3o&quot;","block_context":{"text":"Not\u00edcias de Ribeir\u00e3o Preto-SP e Regi\u00e3o","link":"https:\/\/ismaelcolosi.com.br\/index.php\/category\/noticias-de-ribeirao-preto-sp-e-regiao-ismael-colosi\/"},"img":{"alt_text":"","src":"https:\/\/i0.wp.com\/ismaelcolosi.com.br\/wp-content\/uploads\/2024\/04\/museudoipirangausp_2024-04-30_13-36-24_jpg.webp.webp?fit=800%2C533&ssl=1&resize=350%2C200","width":350,"height":200,"srcset":"https:\/\/i0.wp.com\/ismaelcolosi.com.br\/wp-content\/uploads\/2024\/04\/museudoipirangausp_2024-04-30_13-36-24_jpg.webp.webp?fit=800%2C533&ssl=1&resize=350%2C200 1x, https:\/\/i0.wp.com\/ismaelcolosi.com.br\/wp-content\/uploads\/2024\/04\/museudoipirangausp_2024-04-30_13-36-24_jpg.webp.webp?fit=800%2C533&ssl=1&resize=525%2C300 1.5x, https:\/\/i0.wp.com\/ismaelcolosi.com.br\/wp-content\/uploads\/2024\/04\/museudoipirangausp_2024-04-30_13-36-24_jpg.webp.webp?fit=800%2C533&ssl=1&resize=700%2C400 2x"},"classes":[]}],"jetpack_sharing_enabled":true,"jetpack_shortlink":"https:\/\/wp.me\/pfMlyK-jqL","_links":{"self":[{"href":"https:\/\/ismaelcolosi.com.br\/index.php\/wp-json\/wp\/v2\/posts\/74695","targetHints":{"allow":["GET"]}}],"collection":[{"href":"https:\/\/ismaelcolosi.com.br\/index.php\/wp-json\/wp\/v2\/posts"}],"about":[{"href":"https:\/\/ismaelcolosi.com.br\/index.php\/wp-json\/wp\/v2\/types\/post"}],"author":[{"embeddable":true,"href":"https:\/\/ismaelcolosi.com.br\/index.php\/wp-json\/wp\/v2\/users\/1"}],"replies":[{"embeddable":true,"href":"https:\/\/ismaelcolosi.com.br\/index.php\/wp-json\/wp\/v2\/comments?post=74695"}],"version-history":[{"count":0,"href":"https:\/\/ismaelcolosi.com.br\/index.php\/wp-json\/wp\/v2\/posts\/74695\/revisions"}],"wp:featuredmedia":[{"embeddable":true,"href":"https:\/\/ismaelcolosi.com.br\/index.php\/wp-json\/wp\/v2\/media\/74696"}],"wp:attachment":[{"href":"https:\/\/ismaelcolosi.com.br\/index.php\/wp-json\/wp\/v2\/media?parent=74695"}],"wp:term":[{"taxonomy":"category","embeddable":true,"href":"https:\/\/ismaelcolosi.com.br\/index.php\/wp-json\/wp\/v2\/categories?post=74695"},{"taxonomy":"post_tag","embeddable":true,"href":"https:\/\/ismaelcolosi.com.br\/index.php\/wp-json\/wp\/v2\/tags?post=74695"}],"curies":[{"name":"wp","href":"https:\/\/api.w.org\/{rel}","templated":true}]}}