{"id":74569,"date":"2024-11-01T08:40:04","date_gmt":"2024-11-01T11:40:04","guid":{"rendered":"https:\/\/ismaelcolosi.com.br\/index.php\/2024\/11\/01\/blitz-educativa-orienta-120-motociclistas-sobre-seguranca-no-transito-na-avenida-costa-e-silva-em-ribeirao-preto\/"},"modified":"2024-11-01T08:40:04","modified_gmt":"2024-11-01T11:40:04","slug":"blitz-educativa-orienta-120-motociclistas-sobre-seguranca-no-transito-na-avenida-costa-e-silva-em-ribeirao-preto","status":"publish","type":"post","link":"https:\/\/ismaelcolosi.com.br\/index.php\/2024\/11\/01\/blitz-educativa-orienta-120-motociclistas-sobre-seguranca-no-transito-na-avenida-costa-e-silva-em-ribeirao-preto\/","title":{"rendered":"Blitz Educativa Orienta 120 Motociclistas sobre Seguran\u00e7a no Tr\u00e2nsito na Avenida Costa e Silva em Ribeir\u00e3o Preto"},"content":{"rendered":"<p> <br \/>\n<\/p>\n<div>\n<p>A Prefeitura de Ribeir\u00e3o Preto, em parceria com o programa de seguran\u00e7a no tr\u00e2nsito local, realizou recentemente uma blitz educativa que abordou 120 motociclistas na movimentada Avenida Costa e Silva. O objetivo da a\u00e7\u00e3o foi promover a conscientiza\u00e7\u00e3o sobre pr\u00e1ticas de pilotagem seguras, refor\u00e7ando a import\u00e2ncia do uso de equipamentos de seguran\u00e7a e o respeito \u00e0s normas de tr\u00e2nsito. A blitz, que integra uma s\u00e9rie de atividades voltadas \u00e0 seguran\u00e7a vi\u00e1ria, visa reduzir o n\u00famero de acidentes e melhorar a conviv\u00eancia entre ve\u00edculos de duas rodas e o restante do tr\u00e1fego.<\/p>\n<p>A a\u00e7\u00e3o educativa contou com a presen\u00e7a de agentes de tr\u00e2nsito e especialistas em seguran\u00e7a, que orientaram os motociclistas sobre a necessidade de seguir as normas e os perigos de algumas pr\u00e1ticas comuns, como o excesso de velocidade e a falta de uso de itens de seguran\u00e7a. Os agentes distribu\u00edram folhetos explicativos e ofereceram informa\u00e7\u00f5es sobre as infra\u00e7\u00f5es mais recorrentes entre motociclistas, al\u00e9m de instru\u00e7\u00f5es sobre como garantir uma condu\u00e7\u00e3o defensiva, uma medida essencial para prevenir acidentes e preservar vidas.<\/p>\n<h3>Conscientiza\u00e7\u00e3o como Ferramenta para a Redu\u00e7\u00e3o de Acidentes<\/h3>\n<p>A escolha da Avenida Costa e Silva para a realiza\u00e7\u00e3o da blitz n\u00e3o foi aleat\u00f3ria. A via \u00e9 uma das principais rotas de deslocamento em Ribeir\u00e3o Preto, com grande fluxo de ve\u00edculos, incluindo um n\u00famero significativo de motociclistas. De acordo com dados da Prefeitura, a avenida apresenta altos \u00edndices de ocorr\u00eancias de tr\u00e2nsito envolvendo motocicletas, o que motivou a interven\u00e7\u00e3o para orientar os condutores.<\/p>\n<p>\u201cA conscientiza\u00e7\u00e3o \u00e9 uma das ferramentas mais eficazes para reduzir o n\u00famero de acidentes, especialmente entre motociclistas, que s\u00e3o um dos grupos mais vulner\u00e1veis no tr\u00e2nsito,\u201d afirmou um representante do programa de seguran\u00e7a. Segundo ele, a\u00e7\u00f5es educativas como a blitz s\u00e3o fundamentais para lembrar aos motociclistas sobre os riscos e a necessidade de cuidados redobrados no tr\u00e2nsito.<\/p>\n<p>A Prefeitura acredita que, ao promover a\u00e7\u00f5es frequentes como essa, ser\u00e1 poss\u00edvel desenvolver uma cultura de respeito e responsabilidade entre os motociclistas, reduzindo a ocorr\u00eancia de acidentes e salvando vidas. Al\u00e9m disso, a blitz educativa complementa outras iniciativas, como a melhoria da sinaliza\u00e7\u00e3o vi\u00e1ria e o aumento da fiscaliza\u00e7\u00e3o em pontos cr\u00edticos.<\/p>\n<h3>Equipamentos de Seguran\u00e7a e Respeito \u00e0s Normas de Tr\u00e2nsito<\/h3>\n<p>Durante a blitz, os agentes de tr\u00e2nsito ressaltaram a import\u00e2ncia do uso de equipamentos de prote\u00e7\u00e3o, como capacetes e jaquetas, que s\u00e3o indispens\u00e1veis para garantir a seguran\u00e7a dos motociclistas. O capacete, por exemplo, \u00e9 obrigat\u00f3rio e reduz significativamente o risco de ferimentos graves em caso de queda ou colis\u00e3o. No entanto, ainda \u00e9 comum ver motociclistas que ignoram essa recomenda\u00e7\u00e3o, colocando-se em perigo e sujeitando-se a penalidades.<\/p>\n<p>Al\u00e9m disso, a blitz destacou outras normas fundamentais para a seguran\u00e7a dos motociclistas, como a manuten\u00e7\u00e3o de uma dist\u00e2ncia segura entre os ve\u00edculos, o respeito aos limites de velocidade e a necessidade de sinalizar as manobras. As instru\u00e7\u00f5es refor\u00e7am a condu\u00e7\u00e3o defensiva como a pr\u00e1tica mais segura para quem circula em motocicletas, uma vez que permite antecipar movimentos e evitar acidentes causados por imprud\u00eancia ou falta de aten\u00e7\u00e3o.<\/p>\n<p>Para os agentes, o contato direto com os motociclistas e a orienta\u00e7\u00e3o personalizada s\u00e3o estrat\u00e9gias que ajudam a internalizar as regras e a motivar os condutores a adotarem uma postura mais respons\u00e1vel no tr\u00e2nsito. O objetivo \u00e9 que os motociclistas percebam o valor dessas pr\u00e1ticas n\u00e3o apenas como uma quest\u00e3o de evitar multas, mas principalmente como uma medida para proteger sua pr\u00f3pria vida e a dos demais usu\u00e1rios das vias.<\/p>\n<h3>O Papel das Campanhas Educativas na Seguran\u00e7a Vi\u00e1ria<\/h3>\n<p>Campanhas educativas e blitzes como essa s\u00e3o cada vez mais frequentes em Ribeir\u00e3o Preto, refletindo um compromisso da Prefeitura com a promo\u00e7\u00e3o de um tr\u00e2nsito mais seguro e organizado. Segundo o departamento de tr\u00e2nsito, o enfoque educativo complementa a fiscaliza\u00e7\u00e3o e \u00e9 essencial para transformar a atitude dos condutores a longo prazo. Em a\u00e7\u00f5es como essas, os condutores t\u00eam a oportunidade de aprender sobre as consequ\u00eancias de atitudes arriscadas e s\u00e3o encorajados a priorizar a seguran\u00e7a em seus trajetos di\u00e1rios.<\/p>\n<p>Estudos mostram que campanhas de conscientiza\u00e7\u00e3o s\u00e3o eficazes para mudar comportamentos, especialmente entre grupos espec\u00edficos, como motociclistas. No Brasil, os motociclistas representam uma das maiores fatias nas estat\u00edsticas de v\u00edtimas fatais no tr\u00e2nsito. Dados do Observat\u00f3rio Nacional de Seguran\u00e7a Vi\u00e1ria indicam que o n\u00famero de acidentes com motocicletas \u00e9 alto devido, em parte, \u00e0 vulnerabilidade dos motociclistas e \u00e0 falta de ader\u00eancia a pr\u00e1ticas de seguran\u00e7a.<\/p>\n<p>Ao realizar essas campanhas com frequ\u00eancia, o munic\u00edpio espera aumentar a percep\u00e7\u00e3o de risco entre os motociclistas, incentivando o uso constante de equipamentos de seguran\u00e7a e uma postura mais cautelosa no tr\u00e2nsito. Essa abordagem visa reduzir n\u00e3o s\u00f3 o n\u00famero de acidentes, mas tamb\u00e9m a gravidade das ocorr\u00eancias, protegendo a integridade f\u00edsica dos condutores.<\/p>\n<h3>Depoimentos e Receptividade da A\u00e7\u00e3o<\/h3>\n<p>A blitz foi bem recebida por grande parte dos motociclistas abordados, que reconheceram a import\u00e2ncia da conscientiza\u00e7\u00e3o. Muitos expressaram apoio \u00e0 iniciativa, destacando que as orienta\u00e7\u00f5es recebidas foram \u00fateis e relevantes para o cotidiano no tr\u00e2nsito. \u201cEssas orienta\u00e7\u00f5es nos fazem lembrar que o tr\u00e2nsito \u00e9 um espa\u00e7o compartilhado, e a seguran\u00e7a depende de todos n\u00f3s,\u201d comentou Marcos Ribeiro, que utiliza a motocicleta diariamente para trabalhar.<\/p>\n<p>Outro motociclista, Carlos Silva, destacou que a a\u00e7\u00e3o o fez refletir sobre alguns h\u00e1bitos arriscados, como a alta velocidade. \u201cA gente sabe que precisa andar com cuidado, mas no dia a dia, com a pressa, \u00e0s vezes acaba esquecendo disso. Essa blitz serviu para nos lembrar da import\u00e2ncia de fazer tudo certo,\u201d afirmou.<\/p>\n<h3>Pr\u00f3ximos Passos e Expans\u00e3o das A\u00e7\u00f5es de Conscientiza\u00e7\u00e3o<\/h3>\n<p>A blitz educativa na Avenida Costa e Silva faz parte de um projeto mais amplo que visa alcan\u00e7ar diferentes pontos cr\u00edticos da cidade, onde a concentra\u00e7\u00e3o de acidentes com motocicletas \u00e9 maior. A Prefeitura planeja estender as blitzes educativas para outras regi\u00f5es de Ribeir\u00e3o Preto, priorizando \u00e1reas com maior fluxo de motociclistas e \u00edndices elevados de acidentes. O objetivo \u00e9 consolidar essas a\u00e7\u00f5es como uma pr\u00e1tica regular, promovendo a conscientiza\u00e7\u00e3o em larga escala e envolvendo toda a comunidade na constru\u00e7\u00e3o de um tr\u00e2nsito mais seguro.<\/p>\n<p>Al\u00e9m das blitzes, a Prefeitura tamb\u00e9m est\u00e1 investindo em campanhas de conscientiza\u00e7\u00e3o online e em parcerias com autoescolas, que oferecem treinamentos espec\u00edficos para motociclistas. A ideia \u00e9 que, a partir de uma forma\u00e7\u00e3o mais abrangente, os novos condutores j\u00e1 entrem no tr\u00e2nsito cientes das boas pr\u00e1ticas e da import\u00e2ncia da condu\u00e7\u00e3o segura.<\/p>\n<h3>Conclus\u00e3o<\/h3>\n<p>A blitz educativa na Avenida Costa e Silva \u00e9 uma demonstra\u00e7\u00e3o do compromisso de Ribeir\u00e3o Preto com a seguran\u00e7a no tr\u00e2nsito. Ao abordar motociclistas e orient\u00e1-los sobre pr\u00e1ticas de seguran\u00e7a, a a\u00e7\u00e3o contribui para a constru\u00e7\u00e3o de um tr\u00e2nsito mais seguro e para a redu\u00e7\u00e3o de acidentes, beneficiando toda a comunidade.<\/p>\n<p>As iniciativas de conscientiza\u00e7\u00e3o, ao lado da fiscaliza\u00e7\u00e3o e das melhorias estruturais, formam uma estrat\u00e9gia integrada de seguran\u00e7a vi\u00e1ria que busca promover a cultura de respeito e responsabilidade entre todos os usu\u00e1rios das vias. A Prefeitura de Ribeir\u00e3o Preto reafirma seu compromisso com a seguran\u00e7a e a preserva\u00e7\u00e3o de vidas, mostrando que o tr\u00e2nsito seguro \u00e9 uma meta alcan\u00e7\u00e1vel por meio da educa\u00e7\u00e3o e do respeito m\u00fatuo entre motoristas, motociclistas e pedestres.<\/p>\n<p>&#13;<br \/>\n\t\t\t\t<span class=\"post-views-icon dashicons dashicons-chart-bar\"\/> <span class=\"post-views-label\">Visualiza\u00e7\u00f5es:<\/span> <span class=\"post-views-count\">6<\/span>&#13;\n\t\t\t<\/p>\n<\/p><\/div>\n<p><br \/>\n<br \/><a href=\"https:\/\/folhaderibeirao.com.br\/2024\/11\/01\/blitz-educativa-orienta-120-motociclistas-sobre-seguranca-no-transito-na-avenida-costa-e-silva-em-ribeirao-preto\/\">Source link <\/a><\/p>\n<div class='code-block code-block-4' style='margin: 8px auto 8px 0; text-align: left; display: block; clear: both;'>\n\ud83d\udce2 Aviso Legal\n\nO site ismaelcolosi.com.br atua apenas como um canal de divulga\u00e7\u00e3o de oportunidades de emprego e n\u00e3o se responsabiliza pelo processo seletivo, contrata\u00e7\u00e3o ou qualquer outra etapa relacionada \u00e0s vagas publicadas. Todas as informa\u00e7\u00f5es s\u00e3o de responsabilidade dos anunciantes.\n\n\u26a0\ufe0f Aten\u00e7\u00e3o! Nunca pague por promessas de emprego nem compre cursos que garantam contrata\u00e7\u00e3o. Desconfie de qualquer cobran\u00e7a para participar de sele\u00e7\u00f5es.\n\n\n\n<\/div>\n<!-- CONTENT END 1 -->\n","protected":false},"excerpt":{"rendered":"<p>A Prefeitura de Ribeir\u00e3o Preto, em parceria com o programa de seguran\u00e7a no tr\u00e2nsito local, realizou recentemente uma blitz educativa que abordou 120 motociclistas na&#8230;<\/p>\n","protected":false},"author":1,"featured_media":74570,"comment_status":"open","ping_status":"open","sticky":false,"template":"","format":"standard","meta":{"_uag_custom_page_level_css":"","advanced_seo_description":"","jetpack_seo_html_title":"","jetpack_seo_noindex":false,"jetpack_post_was_ever_published":false,"_jetpack_newsletter_access":"","_jetpack_dont_email_post_to_subs":false,"_jetpack_newsletter_tier_id":0,"_jetpack_memberships_contains_paywalled_content":false,"_jetpack_memberships_contains_paid_content":false,"footnotes":"","jetpack_publicize_message":"","jetpack_publicize_feature_enabled":true,"jetpack_social_post_already_shared":true,"jetpack_social_options":{"image_generator_settings":{"template":"highway","default_image_id":0,"font":"","enabled":false},"version":2}},"categories":[11],"tags":[849,3299,41,6008,6009,3636,27,26,1878,42,468,1092],"class_list":["post-74569","post","type-post","status-publish","format-standard","has-post-thumbnail","hentry","category-noticias-de-ribeirao-preto-sp-e-regiao-ismael-colosi","tag-avenida","tag-blitz","tag-costa","tag-educativa","tag-motociclistas","tag-orienta","tag-preto","tag-ribeirao","tag-seguranca","tag-silva","tag-sobre","tag-transito"],"jetpack_publicize_connections":[],"jetpack_featured_media_url":"https:\/\/i0.wp.com\/ismaelcolosi.com.br\/wp-content\/uploads\/2024\/11\/blitz_de_conscientizacao_4.jpg?fit=1152%2C838&ssl=1","uagb_featured_image_src":{"full":["https:\/\/i0.wp.com\/ismaelcolosi.com.br\/wp-content\/uploads\/2024\/11\/blitz_de_conscientizacao_4.jpg?fit=1152%2C838&ssl=1",1152,838,false],"thumbnail":["https:\/\/i0.wp.com\/ismaelcolosi.com.br\/wp-content\/uploads\/2024\/11\/blitz_de_conscientizacao_4.jpg?resize=150%2C150&ssl=1",150,150,true],"medium":["https:\/\/i0.wp.com\/ismaelcolosi.com.br\/wp-content\/uploads\/2024\/11\/blitz_de_conscientizacao_4.jpg?fit=300%2C218&ssl=1",300,218,true],"medium_large":["https:\/\/i0.wp.com\/ismaelcolosi.com.br\/wp-content\/uploads\/2024\/11\/blitz_de_conscientizacao_4.jpg?fit=768%2C559&ssl=1",768,559,true],"large":["https:\/\/i0.wp.com\/ismaelcolosi.com.br\/wp-content\/uploads\/2024\/11\/blitz_de_conscientizacao_4.jpg?fit=1024%2C745&ssl=1",1024,745,true],"1536x1536":["https:\/\/i0.wp.com\/ismaelcolosi.com.br\/wp-content\/uploads\/2024\/11\/blitz_de_conscientizacao_4.jpg?fit=1152%2C838&ssl=1",1152,838,true],"2048x2048":["https:\/\/i0.wp.com\/ismaelcolosi.com.br\/wp-content\/uploads\/2024\/11\/blitz_de_conscientizacao_4.jpg?fit=1152%2C838&ssl=1",1152,838,true],"really-simple-thumb":["https:\/\/i0.wp.com\/ismaelcolosi.com.br\/wp-content\/uploads\/2024\/11\/blitz_de_conscientizacao_4.jpg?resize=370%2C247&ssl=1",370,247,true]},"uagb_author_info":{"display_name":"ismaelcolosi.com.br","author_link":"https:\/\/ismaelcolosi.com.br\/index.php\/author\/vidareal-online\/"},"uagb_comment_info":0,"uagb_excerpt":"A Prefeitura de Ribeir\u00e3o Preto, em parceria com o programa de seguran\u00e7a no tr\u00e2nsito local, realizou recentemente uma blitz educativa que abordou 120 motociclistas na...","jetpack-related-posts":[{"id":78080,"url":"https:\/\/ismaelcolosi.com.br\/index.php\/2024\/12\/02\/motociclista-morre-apos-colisao-e-ficar-preso-sob-onibus-em-ribeirao-preto\/","url_meta":{"origin":74569,"position":0},"title":"Motociclista Morre Ap\u00f3s Colis\u00e3o e Ficar Preso Sob \u00d4nibus em Ribeir\u00e3o Preto","author":"ismaelcolosi.com.br","date":"2 de December de 2024","format":false,"excerpt":"Um grave acidente de tr\u00e2nsito em Ribeir\u00e3o Preto resultou na morte de um motociclista na manh\u00e3 deste domingo (1\u00ba). O incidente ocorreu na Avenida Presidente Vargas, um dos principais corredores da cidade, e mobilizou equipes de resgate e autoridades de tr\u00e2nsito. Detalhes do acidente De acordo com informa\u00e7\u00f5es preliminares, o\u2026","rel":"","context":"In &quot;Not\u00edcias de Ribeir\u00e3o Preto-SP e Regi\u00e3o&quot;","block_context":{"text":"Not\u00edcias de Ribeir\u00e3o Preto-SP e Regi\u00e3o","link":"https:\/\/ismaelcolosi.com.br\/index.php\/category\/noticias-de-ribeirao-preto-sp-e-regiao-ismael-colosi\/"},"img":{"alt_text":"","src":"https:\/\/i0.wp.com\/ismaelcolosi.com.br\/wp-content\/uploads\/2024\/12\/acidente-onibus-ribeirao_2024-11-30_21-54-20_jpg_2024-11-30_21-54-20.webp.webp?fit=960%2C709&ssl=1&resize=350%2C200","width":350,"height":200,"srcset":"https:\/\/i0.wp.com\/ismaelcolosi.com.br\/wp-content\/uploads\/2024\/12\/acidente-onibus-ribeirao_2024-11-30_21-54-20_jpg_2024-11-30_21-54-20.webp.webp?fit=960%2C709&ssl=1&resize=350%2C200 1x, https:\/\/i0.wp.com\/ismaelcolosi.com.br\/wp-content\/uploads\/2024\/12\/acidente-onibus-ribeirao_2024-11-30_21-54-20_jpg_2024-11-30_21-54-20.webp.webp?fit=960%2C709&ssl=1&resize=525%2C300 1.5x, https:\/\/i0.wp.com\/ismaelcolosi.com.br\/wp-content\/uploads\/2024\/12\/acidente-onibus-ribeirao_2024-11-30_21-54-20_jpg_2024-11-30_21-54-20.webp.webp?fit=960%2C709&ssl=1&resize=700%2C400 2x"},"classes":[]},{"id":66126,"url":"https:\/\/ismaelcolosi.com.br\/index.php\/2024\/09\/16\/dois-motociclistas-morrem-apos-batida-entre-motos-em-avenida-de-ribeirao\/","url_meta":{"origin":74569,"position":1},"title":"Dois motociclistas morrem ap\u00f3s batida entre motos em avenida de Ribeir\u00e3o","author":"ismaelcolosi.com.br","date":"16 de September de 2024","format":false,"excerpt":"Dois motociclistas morreram na noite do \u00faltimo s\u00e1bado (14), ap\u00f3s a batida entre as motos que condiziam pela avenida Alfredo Ravanelli, zona Leste de Ribeir\u00e3o Preto. Segundo o boletim de ocorr\u00eancia (BO), as v\u00edtimas foram identificadas como \u00c9rick Souza Pires da Silva, de 23 anos, e Luan Aparecido Silva de\u2026","rel":"","context":"In &quot;Not\u00edcias de Ribeir\u00e3o Preto-SP e Regi\u00e3o&quot;","block_context":{"text":"Not\u00edcias de Ribeir\u00e3o Preto-SP e Regi\u00e3o","link":"https:\/\/ismaelcolosi.com.br\/index.php\/category\/noticias-de-ribeirao-preto-sp-e-regiao-ismael-colosi\/"},"img":{"alt_text":"","src":"https:\/\/ismaelcolosi.com.br\/wp-content\/uploads\/2024\/02\/whatsapp_image_2022-08-14_at_12_10_03.jpe","width":350,"height":200,"srcset":"https:\/\/ismaelcolosi.com.br\/wp-content\/uploads\/2024\/02\/whatsapp_image_2022-08-14_at_12_10_03.jpe 1x, https:\/\/ismaelcolosi.com.br\/wp-content\/uploads\/2024\/02\/whatsapp_image_2022-08-14_at_12_10_03.jpe 1.5x, https:\/\/ismaelcolosi.com.br\/wp-content\/uploads\/2024\/02\/whatsapp_image_2022-08-14_at_12_10_03.jpe 2x, https:\/\/ismaelcolosi.com.br\/wp-content\/uploads\/2024\/02\/whatsapp_image_2022-08-14_at_12_10_03.jpe 3x"},"classes":[]},{"id":2841,"url":"https:\/\/ismaelcolosi.com.br\/index.php\/2023\/11\/16\/utm_sourcerssutm_mediumrssutm_campaignmotoqueiro-e-preso-apos-furtar-radar-da-rp-mobi-na-costa-e-silva\/","url_meta":{"origin":74569,"position":2},"title":"Motoqueiro \u00e9 preso ap\u00f3s furtar RADAR da RP MOBI na Costa e Silva \u2013 X Tudo Ribeir\u00e3o","author":"ismaelcolosi.com.br","date":"16 de November de 2023","format":false,"excerpt":"Um homem foi preso pela GCM (Guarda Civil Metropolitana) ap\u00f3s furtar um radar da RP MOBI (extinta Transerp) na tarde desta quinta-feira (16\/11), na avenida Marechal Costa e Silva, na zona Norte de Ribeir\u00e3o Preto.\u00a0 Segundo informa\u00e7\u00f5es da GCM, os agentes da RP MOBI acionaram \u00e0 GCM, com a informa\u00e7\u00e3o\u2026","rel":"","context":"In &quot;Not\u00edcias de Ribeir\u00e3o Preto-SP e Regi\u00e3o&quot;","block_context":{"text":"Not\u00edcias de Ribeir\u00e3o Preto-SP e Regi\u00e3o","link":"https:\/\/ismaelcolosi.com.br\/index.php\/category\/noticias-de-ribeirao-preto-sp-e-regiao-ismael-colosi\/"},"img":{"alt_text":"","src":"https:\/\/i0.wp.com\/ismaelcolosi.com.br\/wp-content\/uploads\/2023\/11\/IMG_1174.jpeg?fit=660%2C381&ssl=1&resize=350%2C200","width":350,"height":200,"srcset":"https:\/\/i0.wp.com\/ismaelcolosi.com.br\/wp-content\/uploads\/2023\/11\/IMG_1174.jpeg?fit=660%2C381&ssl=1&resize=350%2C200 1x, https:\/\/i0.wp.com\/ismaelcolosi.com.br\/wp-content\/uploads\/2023\/11\/IMG_1174.jpeg?fit=660%2C381&ssl=1&resize=525%2C300 1.5x"},"classes":[]},{"id":78181,"url":"https:\/\/ismaelcolosi.com.br\/index.php\/2024\/12\/03\/casal-de-catadores-de-reciclaveis-e-atropelado-em-ribeirao-preto-imagens-reforcam-alerta-para-seguranca-no-transito\/","url_meta":{"origin":74569,"position":3},"title":"Casal de Catadores de Recicl\u00e1veis \u00e9 Atropelado em Ribeir\u00e3o Preto; Imagens Refor\u00e7am Alerta para Seguran\u00e7a no Tr\u00e2nsito","author":"ismaelcolosi.com.br","date":"3 de December de 2024","format":false,"excerpt":"Um casal de catadores de recicl\u00e1veis foi atropelado por um ve\u00edculo em alta velocidade na manh\u00e3 desta segunda-feira (2) em Ribeir\u00e3o Preto (SP). O acidente aconteceu na Avenida Francisco Junqueira, uma das vias mais movimentadas da cidade, e foi flagrado por c\u00e2meras de seguran\u00e7a de estabelecimentos pr\u00f3ximos. Din\u00e2mica do acidente\u2026","rel":"","context":"In &quot;Not\u00edcias de Ribeir\u00e3o Preto-SP e Regi\u00e3o&quot;","block_context":{"text":"Not\u00edcias de Ribeir\u00e3o Preto-SP e Regi\u00e3o","link":"https:\/\/ismaelcolosi.com.br\/index.php\/category\/noticias-de-ribeirao-preto-sp-e-regiao-ismael-colosi\/"},"img":{"alt_text":"","src":"https:\/\/i0.wp.com\/ismaelcolosi.com.br\/wp-content\/uploads\/2024\/12\/lixao.webp.webp?fit=1170%2C700&ssl=1&resize=350%2C200","width":350,"height":200,"srcset":"https:\/\/i0.wp.com\/ismaelcolosi.com.br\/wp-content\/uploads\/2024\/12\/lixao.webp.webp?fit=1170%2C700&ssl=1&resize=350%2C200 1x, https:\/\/i0.wp.com\/ismaelcolosi.com.br\/wp-content\/uploads\/2024\/12\/lixao.webp.webp?fit=1170%2C700&ssl=1&resize=525%2C300 1.5x, https:\/\/i0.wp.com\/ismaelcolosi.com.br\/wp-content\/uploads\/2024\/12\/lixao.webp.webp?fit=1170%2C700&ssl=1&resize=700%2C400 2x, https:\/\/i0.wp.com\/ismaelcolosi.com.br\/wp-content\/uploads\/2024\/12\/lixao.webp.webp?fit=1170%2C700&ssl=1&resize=1050%2C600 3x"},"classes":[]},{"id":40202,"url":"https:\/\/ismaelcolosi.com.br\/index.php\/2024\/03\/01\/video-adolescente-e-atropelado-em-faixa-de-pedestre-na-costa-e-silva\/","url_meta":{"origin":74569,"position":4},"title":"V\u00cdDEO &#8211; Adolescente \u00e9 atropelado em faixa de pedestre na Costa e Silva","author":"ismaelcolosi.com.br","date":"1 de March de 2024","format":false,"excerpt":"Sem\u00e1foro em frente escola estava desligado por conta de furto de fios 1 de mar\u00e7o de 2024 | 10:481 de mar\u00e7o de 2024 | 10:49 2Por: Adalberto LuqueUm estudante foi atropelado, na tarde desta quinta-feira (29), quando atravessava na faixa de pedestres em frente \u00e0 Escola Municipal de Ensino Fundamental\u2026","rel":"","context":"In &quot;Not\u00edcias de Ribeir\u00e3o Preto-SP e Regi\u00e3o&quot;","block_context":{"text":"Not\u00edcias de Ribeir\u00e3o Preto-SP e Regi\u00e3o","link":"https:\/\/ismaelcolosi.com.br\/index.php\/category\/noticias-de-ribeirao-preto-sp-e-regiao-ismael-colosi\/"},"img":{"alt_text":"","src":"https:\/\/i0.wp.com\/ismaelcolosi.com.br\/wp-content\/uploads\/2024\/03\/00-01-mar-2024-atropelamento-escola-foto-x-tudo-scaled.jpg?fit=1000%2C564&ssl=1&resize=350%2C200","width":350,"height":200,"srcset":"https:\/\/i0.wp.com\/ismaelcolosi.com.br\/wp-content\/uploads\/2024\/03\/00-01-mar-2024-atropelamento-escola-foto-x-tudo-scaled.jpg?fit=1000%2C564&ssl=1&resize=350%2C200 1x, https:\/\/i0.wp.com\/ismaelcolosi.com.br\/wp-content\/uploads\/2024\/03\/00-01-mar-2024-atropelamento-escola-foto-x-tudo-scaled.jpg?fit=1000%2C564&ssl=1&resize=525%2C300 1.5x, https:\/\/i0.wp.com\/ismaelcolosi.com.br\/wp-content\/uploads\/2024\/03\/00-01-mar-2024-atropelamento-escola-foto-x-tudo-scaled.jpg?fit=1000%2C564&ssl=1&resize=700%2C400 2x"},"classes":[]},{"id":50001,"url":"https:\/\/ismaelcolosi.com.br\/index.php\/2024\/05\/14\/novas-ruas-de-ribeirao-preto-terao-sentido-alterado-veja-os-locais-afetados\/","url_meta":{"origin":74569,"position":5},"title":"Novas ruas de Ribeir\u00e3o Preto ter\u00e3o sentido alterado; Veja os locais afetados","author":"ismaelcolosi.com.br","date":"14 de May de 2024","format":false,"excerpt":"A RP Mobi realizar\u00e1 na manh\u00e3 desta ter\u00e7a-feira (14) a implanta\u00e7\u00e3o do sentido \u00fanico em duas ruas do bairro Valentina Figueiredo, na zona Norte de Ribeir\u00e3o Preto. As mudan\u00e7as afetam as ruas Tito Bonagamba e Jo\u00e3o Gual. Na semana passada, a medida j\u00e1 havia sido aplicada na zona Leste. Segundo\u2026","rel":"","context":"In &quot;Not\u00edcias de Ribeir\u00e3o Preto-SP e Regi\u00e3o&quot;","block_context":{"text":"Not\u00edcias de Ribeir\u00e3o Preto-SP e Regi\u00e3o","link":"https:\/\/ismaelcolosi.com.br\/index.php\/category\/noticias-de-ribeirao-preto-sp-e-regiao-ismael-colosi\/"},"img":{"alt_text":"","src":"https:\/\/i0.wp.com\/ismaelcolosi.com.br\/wp-content\/uploads\/2024\/05\/AnyConv.com__sentido-proibido_2024-05-14_13-52-38.webp.webp?fit=880%2C712&ssl=1&resize=350%2C200","width":350,"height":200,"srcset":"https:\/\/i0.wp.com\/ismaelcolosi.com.br\/wp-content\/uploads\/2024\/05\/AnyConv.com__sentido-proibido_2024-05-14_13-52-38.webp.webp?fit=880%2C712&ssl=1&resize=350%2C200 1x, https:\/\/i0.wp.com\/ismaelcolosi.com.br\/wp-content\/uploads\/2024\/05\/AnyConv.com__sentido-proibido_2024-05-14_13-52-38.webp.webp?fit=880%2C712&ssl=1&resize=525%2C300 1.5x, https:\/\/i0.wp.com\/ismaelcolosi.com.br\/wp-content\/uploads\/2024\/05\/AnyConv.com__sentido-proibido_2024-05-14_13-52-38.webp.webp?fit=880%2C712&ssl=1&resize=700%2C400 2x"},"classes":[]}],"jetpack_sharing_enabled":true,"jetpack_shortlink":"https:\/\/wp.me\/pfMlyK-joJ","_links":{"self":[{"href":"https:\/\/ismaelcolosi.com.br\/index.php\/wp-json\/wp\/v2\/posts\/74569","targetHints":{"allow":["GET"]}}],"collection":[{"href":"https:\/\/ismaelcolosi.com.br\/index.php\/wp-json\/wp\/v2\/posts"}],"about":[{"href":"https:\/\/ismaelcolosi.com.br\/index.php\/wp-json\/wp\/v2\/types\/post"}],"author":[{"embeddable":true,"href":"https:\/\/ismaelcolosi.com.br\/index.php\/wp-json\/wp\/v2\/users\/1"}],"replies":[{"embeddable":true,"href":"https:\/\/ismaelcolosi.com.br\/index.php\/wp-json\/wp\/v2\/comments?post=74569"}],"version-history":[{"count":0,"href":"https:\/\/ismaelcolosi.com.br\/index.php\/wp-json\/wp\/v2\/posts\/74569\/revisions"}],"wp:featuredmedia":[{"embeddable":true,"href":"https:\/\/ismaelcolosi.com.br\/index.php\/wp-json\/wp\/v2\/media\/74570"}],"wp:attachment":[{"href":"https:\/\/ismaelcolosi.com.br\/index.php\/wp-json\/wp\/v2\/media?parent=74569"}],"wp:term":[{"taxonomy":"category","embeddable":true,"href":"https:\/\/ismaelcolosi.com.br\/index.php\/wp-json\/wp\/v2\/categories?post=74569"},{"taxonomy":"post_tag","embeddable":true,"href":"https:\/\/ismaelcolosi.com.br\/index.php\/wp-json\/wp\/v2\/tags?post=74569"}],"curies":[{"name":"wp","href":"https:\/\/api.w.org\/{rel}","templated":true}]}}