{"id":7444,"date":"2023-11-28T08:27:12","date_gmt":"2023-11-28T11:27:12","guid":{"rendered":"https:\/\/ismaelcolosi.com.br\/index.php\/2023\/11\/28\/sesc-oferece-cursos-gratuitos-para-publico-lgbtqiap\/"},"modified":"2023-11-28T08:27:12","modified_gmt":"2023-11-28T11:27:12","slug":"sesc-oferece-cursos-gratuitos-para-publico-lgbtqiap","status":"publish","type":"post","link":"https:\/\/ismaelcolosi.com.br\/index.php\/2023\/11\/28\/sesc-oferece-cursos-gratuitos-para-publico-lgbtqiap\/","title":{"rendered":"Sesc oferece cursos gratuitos para p\u00fablico LGBTQIAP+"},"content":{"rendered":"<p> <br \/>\n<\/p>\n<div>\n<p>A unidade do <a href=\"https:\/\/www.sescsp.org.br\/unidades\/santo-andre\/\" target=\"_blank\" rel=\"noopener\">Servi\u00e7o Social do Com\u00e9rcio<\/a> (Sesc) em Santo Andr\u00e9 , na Grande S\u00e3o Paulo, est\u00e1 com inscri\u00e7\u00f5es abertas em cursos gratuitos de <a href=\"https:\/\/catracalivre.com.br\/educacao\/usp-oferece-32-novos-cursos-gratuitos-confira-a-lista\/\">inclus\u00e3o digital<\/a> voltados ao p\u00fablico LGBTQIAP+.<\/p>\n<p>As atividades s\u00e3o gratuitas e acontecem mediante inscri\u00e7\u00f5es pelo Portal Sesc SP.<\/p>\n<div id=\"attachment_2194095\" class=\"wp-caption aligncenter\">\n<div class=\"d-flex justify-content-center\" data-attachment-id=\"2194095\">\n<div class=\"position-relative d-inline-block\"><img data-recalc-dims=\"1\" data-portal-copyright=\"iStock\" decoding=\"async\" fetchpriority=\"high\" class=\"wp-image-2194095 size-large\" src=\"https:\/\/i0.wp.com\/catracalivre.com.br\/wp-content\/uploads\/2021\/12\/christin-hume-hcfwew744z4-unsplash-910x607.jpeg?resize=910%2C607&#038;ssl=1\" alt=\"Sesc oferece cursos gratuitos para p\u00fablico LGBTQIAP+\" width=\"910\" height=\"607\" srcset=\"https:\/\/catracalivre.com.br\/wp-content\/uploads\/2021\/12\/christin-hume-hcfwew744z4-unsplash-910x607.jpeg 910w, https:\/\/catracalivre.com.br\/wp-content\/uploads\/2021\/12\/christin-hume-hcfwew744z4-unsplash-450x300.jpeg 450w, https:\/\/catracalivre.com.br\/wp-content\/uploads\/2021\/12\/christin-hume-hcfwew744z4-unsplash-768x512.jpeg 768w\" sizes=\"(max-width: 910px) 100vw, 910px\"\/><\/p>\n<p>Cr\u00e9ditos: iStock<\/p>\n<\/div>\n<\/div>\n<p><span class=\"post-imagem__legenda\">Sesc oferece cursos gratuitos para p\u00fablico LGBTQIAP+<\/span><\/p>\n<\/div>\n<p>O objetivo dos cursos gratuitos do Sesc \u00e9 capacitar os participantes no uso de tecnologias, transformando-as em instrumentos para constru\u00e7\u00e3o da cidadania e promo\u00e7\u00e3o dos direitos humanos.<\/p>\n<p>Ser\u00e3o quatro encontros semanais, realizados todas \u00e0s quartas-feiras do m\u00eas de dezembro.<\/p>\n<h2>Cursos gratuitos e oficinas do Sesc<\/h2>\n<p>Al\u00e9m dos cursos gratuitos, o Sesc oferece oficinas de Cartografia Social, que percorrem os sete munic\u00edpios da regi\u00e3o do ABC paulista, promovendo empoderamento e a defesa de direitos deste grupo.<\/p>\n<p>A cartografia social tem sido adotada por comunidades para defender direitos e impulsionar pol\u00edticas p\u00fablicas, dando voz a popula\u00e7\u00f5es historicamente marginalizadas, como mulheres, ind\u00edgenas, pessoas negras e LGBTQIAP+.<\/p>\n<p>As capacita\u00e7\u00f5es do Sesc s\u00e3o em parceria com a Casa Neon Cunha, que tamb\u00e9m elaborou a constru\u00e7\u00e3o de um Plano Regional de Pol\u00edticas P\u00fablicas para a popula\u00e7\u00e3o LGBTQIAP+ do ABC, que foi apresentado ao Cons\u00f3rcio Intermunicipal do ABC e a reitoria da Universidade Federal do ABC (UFABC).<\/p>\n<h3>A\u00e7\u00f5es para a cidadania<\/h3>\n<p>Destaque para o curso Transconectadas, que\u00a0promove a inclus\u00e3o digital de pessoas transg\u00eaneras potencializando o acesso \u00e0 educa\u00e7\u00e3o e ao mercado de trabalho, fazendo com que as tecnologias sejam instrumentos de constru\u00e7\u00e3o da cidadania e dos direitos humanos.<\/p>\n<p>A alfabetiza\u00e7\u00e3o digital tem como objetivo melhorar os quadros sociais a partir do manuseio de smartphones, computadores e tablets.<\/p>\n<\/div>\n<p><script>\n\t\t! function(f, b, e, v, n, t, s) {\n\t\t\tif (f.fbq) return;\n\t\t\tn = f.fbq = function() {\n\t\t\t\tn.callMethod ?\n\t\t\t\t\tn.callMethod.apply(n, arguments) : n.queue.push(arguments)\n\t\t\t};\n\t\t\tif (!f._fbq) f._fbq = n;\n\t\t\tn.push = n;\n\t\t\tn.loaded = !0;\n\t\t\tn.version = '2.0';\n\t\t\tn.queue = [];\n\t\t\tt = b.createElement(e);\n\t\t\tt.async = !0;\n\t\t\tt.src = v;\n\t\t\ts = b.getElementsByTagName(e)[0];\n\t\t\ts.parentNode.insertBefore(t, s)\n\t\t}(window, document, 'script',\n\t\t\t'https:\/\/connect.facebook.net\/en_US\/fbevents.js');\n\t\tfbq('init', '338315473262380');\n\t\tfbq('track', 'PageView');\n\t<\/script><br \/>\n<br \/><br \/>\n<br \/><a href=\"https:\/\/catracalivre.com.br\/educacao\/sesc-oferece-cursos-gratuitos-para-publico-lgbtqiap\/\">Source link <\/a><\/p>\n<div class='code-block code-block-4' style='margin: 8px auto 8px 0; text-align: left; display: block; clear: both;'>\n\ud83d\udce2 Aviso Legal\n\nO site ismaelcolosi.com.br atua apenas como um canal de divulga\u00e7\u00e3o de oportunidades de emprego e n\u00e3o se responsabiliza pelo processo seletivo, contrata\u00e7\u00e3o ou qualquer outra etapa relacionada \u00e0s vagas publicadas. Todas as informa\u00e7\u00f5es s\u00e3o de responsabilidade dos anunciantes.\n\n\u26a0\ufe0f Aten\u00e7\u00e3o! Nunca pague por promessas de emprego nem compre cursos que garantam contrata\u00e7\u00e3o. Desconfie de qualquer cobran\u00e7a para participar de sele\u00e7\u00f5es.\n\n\n\n<\/div>\n<!-- CONTENT END 1 -->\n","protected":false},"excerpt":{"rendered":"<p>A unidade do Servi\u00e7o Social do Com\u00e9rcio (Sesc) em Santo Andr\u00e9 , na Grande S\u00e3o Paulo, est\u00e1 com inscri\u00e7\u00f5es abertas em cursos gratuitos de inclus\u00e3o&#8230;<\/p>\n","protected":false},"author":1,"featured_media":7445,"comment_status":"open","ping_status":"open","sticky":false,"template":"","format":"standard","meta":{"_uag_custom_page_level_css":"","advanced_seo_description":"","jetpack_seo_html_title":"","jetpack_seo_noindex":false,"jetpack_post_was_ever_published":false,"_jetpack_newsletter_access":"","_jetpack_dont_email_post_to_subs":false,"_jetpack_newsletter_tier_id":0,"_jetpack_memberships_contains_paywalled_content":false,"_jetpack_memberships_contains_paid_content":false,"footnotes":"","jetpack_publicize_message":"","jetpack_publicize_feature_enabled":true,"jetpack_social_post_already_shared":true,"jetpack_social_options":{"image_generator_settings":{"template":"highway","default_image_id":0,"font":"","enabled":false},"version":2}},"categories":[19],"tags":[],"class_list":["post-7444","post","type-post","status-publish","format-standard","has-post-thumbnail","hentry","category-variedades"],"jetpack_publicize_connections":[],"jetpack_featured_media_url":"https:\/\/i0.wp.com\/ismaelcolosi.com.br\/wp-content\/uploads\/2023\/11\/pexels-luca-sammarco-6155000.jpg?fit=1200%2C638&ssl=1","uagb_featured_image_src":{"full":["https:\/\/i0.wp.com\/ismaelcolosi.com.br\/wp-content\/uploads\/2023\/11\/pexels-luca-sammarco-6155000.jpg?fit=1200%2C638&ssl=1",1200,638,false],"thumbnail":["https:\/\/i0.wp.com\/ismaelcolosi.com.br\/wp-content\/uploads\/2023\/11\/pexels-luca-sammarco-6155000.jpg?resize=150%2C150&ssl=1",150,150,true],"medium":["https:\/\/i0.wp.com\/ismaelcolosi.com.br\/wp-content\/uploads\/2023\/11\/pexels-luca-sammarco-6155000.jpg?fit=300%2C160&ssl=1",300,160,true],"medium_large":["https:\/\/i0.wp.com\/ismaelcolosi.com.br\/wp-content\/uploads\/2023\/11\/pexels-luca-sammarco-6155000.jpg?fit=768%2C408&ssl=1",768,408,true],"large":["https:\/\/i0.wp.com\/ismaelcolosi.com.br\/wp-content\/uploads\/2023\/11\/pexels-luca-sammarco-6155000.jpg?fit=1024%2C544&ssl=1",1024,544,true],"1536x1536":["https:\/\/i0.wp.com\/ismaelcolosi.com.br\/wp-content\/uploads\/2023\/11\/pexels-luca-sammarco-6155000.jpg?fit=1200%2C638&ssl=1",1200,638,true],"2048x2048":["https:\/\/i0.wp.com\/ismaelcolosi.com.br\/wp-content\/uploads\/2023\/11\/pexels-luca-sammarco-6155000.jpg?fit=1200%2C638&ssl=1",1200,638,true],"really-simple-thumb":["https:\/\/i0.wp.com\/ismaelcolosi.com.br\/wp-content\/uploads\/2023\/11\/pexels-luca-sammarco-6155000.jpg?resize=370%2C247&ssl=1",370,247,true]},"uagb_author_info":{"display_name":"ismaelcolosi.com.br","author_link":"https:\/\/ismaelcolosi.com.br\/index.php\/author\/vidareal-online\/"},"uagb_comment_info":0,"uagb_excerpt":"A unidade do Servi\u00e7o Social do Com\u00e9rcio (Sesc) em Santo Andr\u00e9 , na Grande S\u00e3o Paulo, est\u00e1 com inscri\u00e7\u00f5es abertas em cursos gratuitos de inclus\u00e3o...","jetpack-related-posts":[{"id":23569,"url":"https:\/\/ismaelcolosi.com.br\/index.php\/2024\/01\/02\/sesc-ribeirao-preto-recebe-atleta-olimpica-para-aula-gratuita\/","url_meta":{"origin":7444,"position":0},"title":"Sesc Ribeir\u00e3o Preto recebe atleta ol\u00edmpica para aula gratuita","author":"ismaelcolosi.com.br","date":"2 de January de 2024","format":false,"excerpt":"O Sesc Ribeir\u00e3o Preto recebe no pr\u00f3ximo s\u00e1bado (6) a Fabiana da Silva, que representou o Brasil na disputa do badminton nos Jogos Ol\u00edmpicos de T\u00f3quio 2020. Fabiana participa de uma aula gratuita aberta ao p\u00fablico. A aula aberta faz parte do Sesc Ver\u00e3o e acontece a partir das 14h.\u2026","rel":"","context":"In &quot;Not\u00edcias de Ribeir\u00e3o Preto-SP e Regi\u00e3o&quot;","block_context":{"text":"Not\u00edcias de Ribeir\u00e3o Preto-SP e Regi\u00e3o","link":"https:\/\/ismaelcolosi.com.br\/index.php\/category\/noticias-de-ribeirao-preto-sp-e-regiao-ismael-colosi\/"},"img":{"alt_text":"","src":"https:\/\/i0.wp.com\/ismaelcolosi.com.br\/wp-content\/uploads\/2024\/01\/fabiana-da-silva.jpg?fit=902%2C770&ssl=1&resize=350%2C200","width":350,"height":200,"srcset":"https:\/\/i0.wp.com\/ismaelcolosi.com.br\/wp-content\/uploads\/2024\/01\/fabiana-da-silva.jpg?fit=902%2C770&ssl=1&resize=350%2C200 1x, https:\/\/i0.wp.com\/ismaelcolosi.com.br\/wp-content\/uploads\/2024\/01\/fabiana-da-silva.jpg?fit=902%2C770&ssl=1&resize=525%2C300 1.5x, https:\/\/i0.wp.com\/ismaelcolosi.com.br\/wp-content\/uploads\/2024\/01\/fabiana-da-silva.jpg?fit=902%2C770&ssl=1&resize=700%2C400 2x"},"classes":[]},{"id":42645,"url":"https:\/\/ismaelcolosi.com.br\/index.php\/2024\/03\/15\/abertas-as-inscricoes-para-o-miss-e-mister-lgbtqiap\/","url_meta":{"origin":7444,"position":1},"title":"Abertas as inscri\u00e7\u00f5es para o Miss e Mister LGBTQIAP+","author":"ismaelcolosi.com.br","date":"15 de March de 2024","format":false,"excerpt":"Os interessados podem fazer suas inscri\u00e7\u00f5es de 15 de mar\u00e7o a 7 de abril nos links das redes sociais da Parada 15 de mar\u00e7o de 2024 | 16:47 0Est\u00e3o abertas as inscri\u00e7\u00f5es para os que desejam participar da 13\u00aa edi\u00e7\u00e3o do Concurso Miss e Mister LGBTQIAP+2024, que acontece na cidade\u2026","rel":"","context":"In &quot;Not\u00edcias de Ribeir\u00e3o Preto-SP e Regi\u00e3o&quot;","block_context":{"text":"Not\u00edcias de Ribeir\u00e3o Preto-SP e Regi\u00e3o","link":"https:\/\/ismaelcolosi.com.br\/index.php\/category\/noticias-de-ribeirao-preto-sp-e-regiao-ismael-colosi\/"},"img":{"alt_text":"","src":"https:\/\/i0.wp.com\/ismaelcolosi.com.br\/wp-content\/uploads\/2024\/03\/1149cd6f-4819-4f6a-b407-de588b91aedd-scaled.jpg?fit=968%2C645&ssl=1&resize=350%2C200","width":350,"height":200,"srcset":"https:\/\/i0.wp.com\/ismaelcolosi.com.br\/wp-content\/uploads\/2024\/03\/1149cd6f-4819-4f6a-b407-de588b91aedd-scaled.jpg?fit=968%2C645&ssl=1&resize=350%2C200 1x, https:\/\/i0.wp.com\/ismaelcolosi.com.br\/wp-content\/uploads\/2024\/03\/1149cd6f-4819-4f6a-b407-de588b91aedd-scaled.jpg?fit=968%2C645&ssl=1&resize=525%2C300 1.5x, https:\/\/i0.wp.com\/ismaelcolosi.com.br\/wp-content\/uploads\/2024\/03\/1149cd6f-4819-4f6a-b407-de588b91aedd-scaled.jpg?fit=968%2C645&ssl=1&resize=700%2C400 2x"},"classes":[]},{"id":24080,"url":"https:\/\/ismaelcolosi.com.br\/index.php\/2024\/01\/03\/lenda-do-volei-cubana-tricampea-olimpica-realiza-aula-em-ribeirao-preto\/","url_meta":{"origin":7444,"position":2},"title":"Lenda do v\u00f4lei: Cubana tricampe\u00e3 ol\u00edmpica realiza aula em Ribeir\u00e3o Preto","author":"ismaelcolosi.com.br","date":"3 de January de 2024","format":false,"excerpt":"A ex-jogadora de v\u00f4lei cubana Mireya Luis Hernandez, tricampe\u00e3 ol\u00edmpica, vai realizar uma aula aberta ao p\u00fablico em Ribeir\u00e3o Preto, no pr\u00f3ximo dia 14 de janeiro. A ex-atleta participa de um bate-papo, a partir das 10h, no Sesc Ribeir\u00e3o Preto. Ao todo, s\u00e3o 200 vagas para o encontro com a\u2026","rel":"","context":"In &quot;Not\u00edcias de Ribeir\u00e3o Preto-SP e Regi\u00e3o&quot;","block_context":{"text":"Not\u00edcias de Ribeir\u00e3o Preto-SP e Regi\u00e3o","link":"https:\/\/ismaelcolosi.com.br\/index.php\/category\/noticias-de-ribeirao-preto-sp-e-regiao-ismael-colosi\/"},"img":{"alt_text":"","src":"https:\/\/i0.wp.com\/ismaelcolosi.com.br\/wp-content\/uploads\/2024\/01\/mireya.jpg?fit=899%2C832&ssl=1&resize=350%2C200","width":350,"height":200,"srcset":"https:\/\/i0.wp.com\/ismaelcolosi.com.br\/wp-content\/uploads\/2024\/01\/mireya.jpg?fit=899%2C832&ssl=1&resize=350%2C200 1x, https:\/\/i0.wp.com\/ismaelcolosi.com.br\/wp-content\/uploads\/2024\/01\/mireya.jpg?fit=899%2C832&ssl=1&resize=525%2C300 1.5x, https:\/\/i0.wp.com\/ismaelcolosi.com.br\/wp-content\/uploads\/2024\/01\/mireya.jpg?fit=899%2C832&ssl=1&resize=700%2C400 2x"},"classes":[]},{"id":42721,"url":"https:\/\/ismaelcolosi.com.br\/index.php\/2024\/03\/16\/inscricoes-abertas-para-o-concurso-miss-e-mister-lgbtqiap-de-ribeirao-preto\/","url_meta":{"origin":7444,"position":3},"title":"Inscri\u00e7\u00f5es abertas para o Concurso Miss e Mister LGBTQIAP+ de Ribeir\u00e3o Preto","author":"ismaelcolosi.com.br","date":"16 de March de 2024","format":false,"excerpt":"Est\u00e3o abertas as\u00a0inscri\u00e7\u00f5es para a 13\u00aa edi\u00e7\u00e3o do Concurso Miss e Mister LGBTQIAP+2024, que acontece em Ribeir\u00e3o Preto, no dia 17 de maio, \u00e0s 19h. Interessados podem se inscrever por meio de um formul\u00e1rio na internet (clique aqui) at\u00e9 o dia 7 de abril. Os candidatos que se inscreverem receber\u00e3o\u2026","rel":"","context":"In &quot;Not\u00edcias de Ribeir\u00e3o Preto-SP e Regi\u00e3o&quot;","block_context":{"text":"Not\u00edcias de Ribeir\u00e3o Preto-SP e Regi\u00e3o","link":"https:\/\/ismaelcolosi.com.br\/index.php\/category\/noticias-de-ribeirao-preto-sp-e-regiao-ismael-colosi\/"},"img":{"alt_text":"","src":"https:\/\/i0.wp.com\/ismaelcolosi.com.br\/wp-content\/uploads\/2024\/03\/miss_e_mister_lgbtqiap_1.jpeg?fit=1200%2C801&ssl=1&resize=350%2C200","width":350,"height":200,"srcset":"https:\/\/i0.wp.com\/ismaelcolosi.com.br\/wp-content\/uploads\/2024\/03\/miss_e_mister_lgbtqiap_1.jpeg?fit=1200%2C801&ssl=1&resize=350%2C200 1x, https:\/\/i0.wp.com\/ismaelcolosi.com.br\/wp-content\/uploads\/2024\/03\/miss_e_mister_lgbtqiap_1.jpeg?fit=1200%2C801&ssl=1&resize=525%2C300 1.5x, https:\/\/i0.wp.com\/ismaelcolosi.com.br\/wp-content\/uploads\/2024\/03\/miss_e_mister_lgbtqiap_1.jpeg?fit=1200%2C801&ssl=1&resize=700%2C400 2x, https:\/\/i0.wp.com\/ismaelcolosi.com.br\/wp-content\/uploads\/2024\/03\/miss_e_mister_lgbtqiap_1.jpeg?fit=1200%2C801&ssl=1&resize=1050%2C600 3x"},"classes":[]},{"id":59386,"url":"https:\/\/ismaelcolosi.com.br\/index.php\/2024\/08\/08\/unidade-do-sesc-na-regiao-de-ribeirao-tem-11-vagas-de-emprego-inscricoes-vao-ate-amanha\/","url_meta":{"origin":7444,"position":4},"title":"Unidade do Sesc na regi\u00e3o de Ribeir\u00e3o tem 11 vagas de emprego; Inscri\u00e7\u00f5es v\u00e3o at\u00e9 amanh\u00e3","author":"ismaelcolosi.com.br","date":"8 de August de 2024","format":false,"excerpt":"A unidade do Sesc em Franca, na regi\u00e3o de Ribeir\u00e3o Preto, est\u00e1 com processo seletivo aberto para vagas de emprego at\u00e9 esta sexta-feira (9), \u00e0s 18h. As inscri\u00e7\u00f5es podem ser feitas on-line e ao todo s\u00e3o 11 oportunidades de emprego. As oportunidades s\u00e3o para n\u00edvel m\u00e9dio e t\u00e9cnico nas seguintes\u2026","rel":"","context":"In &quot;Not\u00edcias de Ribeir\u00e3o Preto-SP e Regi\u00e3o&quot;","block_context":{"text":"Not\u00edcias de Ribeir\u00e3o Preto-SP e Regi\u00e3o","link":"https:\/\/ismaelcolosi.com.br\/index.php\/category\/noticias-de-ribeirao-preto-sp-e-regiao-ismael-colosi\/"},"img":{"alt_text":"","src":"https:\/\/i0.wp.com\/ismaelcolosi.com.br\/wp-content\/uploads\/2024\/08\/Copia-de-Copia-de-TAMANHO-EXATO-PARA-FOTOS-NO-SISTEMA-NOVO-35_2024-08-08_12-54-13_jpg_2024-08-08_12-54-14.webp.webp?fit=1200%2C675&ssl=1&resize=350%2C200","width":350,"height":200,"srcset":"https:\/\/i0.wp.com\/ismaelcolosi.com.br\/wp-content\/uploads\/2024\/08\/Copia-de-Copia-de-TAMANHO-EXATO-PARA-FOTOS-NO-SISTEMA-NOVO-35_2024-08-08_12-54-13_jpg_2024-08-08_12-54-14.webp.webp?fit=1200%2C675&ssl=1&resize=350%2C200 1x, https:\/\/i0.wp.com\/ismaelcolosi.com.br\/wp-content\/uploads\/2024\/08\/Copia-de-Copia-de-TAMANHO-EXATO-PARA-FOTOS-NO-SISTEMA-NOVO-35_2024-08-08_12-54-13_jpg_2024-08-08_12-54-14.webp.webp?fit=1200%2C675&ssl=1&resize=525%2C300 1.5x, https:\/\/i0.wp.com\/ismaelcolosi.com.br\/wp-content\/uploads\/2024\/08\/Copia-de-Copia-de-TAMANHO-EXATO-PARA-FOTOS-NO-SISTEMA-NOVO-35_2024-08-08_12-54-13_jpg_2024-08-08_12-54-14.webp.webp?fit=1200%2C675&ssl=1&resize=700%2C400 2x, https:\/\/i0.wp.com\/ismaelcolosi.com.br\/wp-content\/uploads\/2024\/08\/Copia-de-Copia-de-TAMANHO-EXATO-PARA-FOTOS-NO-SISTEMA-NOVO-35_2024-08-08_12-54-13_jpg_2024-08-08_12-54-14.webp.webp?fit=1200%2C675&ssl=1&resize=1050%2C600 3x"},"classes":[]},{"id":58034,"url":"https:\/\/ismaelcolosi.com.br\/index.php\/2024\/07\/26\/sesc-oferece-r-44-milhoes-para-compra-da-sede-da-recra-em-ribeirao-preto\/","url_meta":{"origin":7444,"position":5},"title":"Sesc oferece R$ 44 milh\u00f5es para compra da sede da Recra em Ribeir\u00e3o Preto","author":"ismaelcolosi.com.br","date":"26 de July de 2024","format":false,"excerpt":"O Sesc ofereceu R$ 44 milh\u00f5es para compra da sede da Sociedade Recreativa e de Esportes de Ribeir\u00e3o Preto, a Recra, na avenida Nove de Julho. De acordo com a Vegas Leil\u00f5es, o pagamento seria pago \u00e0 vista em at\u00e9 cinco dias ap\u00f3s a homologa\u00e7\u00e3o da proposta pela Justi\u00e7a. A\u2026","rel":"","context":"In &quot;Not\u00edcias de Ribeir\u00e3o Preto-SP e Regi\u00e3o&quot;","block_context":{"text":"Not\u00edcias de Ribeir\u00e3o Preto-SP e Regi\u00e3o","link":"https:\/\/ismaelcolosi.com.br\/index.php\/category\/noticias-de-ribeirao-preto-sp-e-regiao-ismael-colosi\/"},"img":{"alt_text":"","src":"https:\/\/i0.wp.com\/ismaelcolosi.com.br\/wp-content\/uploads\/2024\/06\/12642819_952681848155743_1560950669454002895_n_2024-06-25_19-06-53_jpg_2024-06-25_19-06-53.webp.webp?fit=800%2C533&ssl=1&resize=350%2C200","width":350,"height":200,"srcset":"https:\/\/i0.wp.com\/ismaelcolosi.com.br\/wp-content\/uploads\/2024\/06\/12642819_952681848155743_1560950669454002895_n_2024-06-25_19-06-53_jpg_2024-06-25_19-06-53.webp.webp?fit=800%2C533&ssl=1&resize=350%2C200 1x, https:\/\/i0.wp.com\/ismaelcolosi.com.br\/wp-content\/uploads\/2024\/06\/12642819_952681848155743_1560950669454002895_n_2024-06-25_19-06-53_jpg_2024-06-25_19-06-53.webp.webp?fit=800%2C533&ssl=1&resize=525%2C300 1.5x, https:\/\/i0.wp.com\/ismaelcolosi.com.br\/wp-content\/uploads\/2024\/06\/12642819_952681848155743_1560950669454002895_n_2024-06-25_19-06-53_jpg_2024-06-25_19-06-53.webp.webp?fit=800%2C533&ssl=1&resize=700%2C400 2x"},"classes":[]}],"jetpack_sharing_enabled":true,"jetpack_shortlink":"https:\/\/wp.me\/pfMlyK-1W4","_links":{"self":[{"href":"https:\/\/ismaelcolosi.com.br\/index.php\/wp-json\/wp\/v2\/posts\/7444","targetHints":{"allow":["GET"]}}],"collection":[{"href":"https:\/\/ismaelcolosi.com.br\/index.php\/wp-json\/wp\/v2\/posts"}],"about":[{"href":"https:\/\/ismaelcolosi.com.br\/index.php\/wp-json\/wp\/v2\/types\/post"}],"author":[{"embeddable":true,"href":"https:\/\/ismaelcolosi.com.br\/index.php\/wp-json\/wp\/v2\/users\/1"}],"replies":[{"embeddable":true,"href":"https:\/\/ismaelcolosi.com.br\/index.php\/wp-json\/wp\/v2\/comments?post=7444"}],"version-history":[{"count":0,"href":"https:\/\/ismaelcolosi.com.br\/index.php\/wp-json\/wp\/v2\/posts\/7444\/revisions"}],"wp:featuredmedia":[{"embeddable":true,"href":"https:\/\/ismaelcolosi.com.br\/index.php\/wp-json\/wp\/v2\/media\/7445"}],"wp:attachment":[{"href":"https:\/\/ismaelcolosi.com.br\/index.php\/wp-json\/wp\/v2\/media?parent=7444"}],"wp:term":[{"taxonomy":"category","embeddable":true,"href":"https:\/\/ismaelcolosi.com.br\/index.php\/wp-json\/wp\/v2\/categories?post=7444"},{"taxonomy":"post_tag","embeddable":true,"href":"https:\/\/ismaelcolosi.com.br\/index.php\/wp-json\/wp\/v2\/tags?post=7444"}],"curies":[{"name":"wp","href":"https:\/\/api.w.org\/{rel}","templated":true}]}}