{"id":7424,"date":"2023-11-28T07:31:50","date_gmt":"2023-11-28T10:31:50","guid":{"rendered":"https:\/\/ismaelcolosi.com.br\/index.php\/2023\/11\/28\/concurso-publico-da-camara-de-doutor-pedrinho-oferece-vagas-para-nivel-superior-e-medio\/"},"modified":"2023-11-28T07:31:50","modified_gmt":"2023-11-28T10:31:50","slug":"concurso-publico-da-camara-de-doutor-pedrinho-oferece-vagas-para-nivel-superior-e-medio","status":"publish","type":"post","link":"https:\/\/ismaelcolosi.com.br\/index.php\/2023\/11\/28\/concurso-publico-da-camara-de-doutor-pedrinho-oferece-vagas-para-nivel-superior-e-medio\/","title":{"rendered":"Concurso p\u00fablico da C\u00e2mara de Doutor Pedrinho oferece vagas para n\u00edvel superior e m\u00e9dio"},"content":{"rendered":"<p> <br \/>\n<\/p>\n<div id=\"attachment_2314367\">\n<div class=\"d-flex justify-content-center\" data-attachment-id=\"2314367\">\n<div class=\"position-relative d-inline-block\"><img data-recalc-dims=\"1\" data-portal-copyright=\"IStock\" decoding=\"async\" fetchpriority=\"high\" class=\"size-medium wp-image-2314367\" src=\"https:\/\/i0.wp.com\/catracalivre.com.br\/wp-content\/uploads\/2023\/11\/istock-524069563-450x300.jpg?resize=450%2C300&#038;ssl=1\" alt=\"Concurso P\u00fablico da C\u00e2mara de Doutor Pedrinho\" width=\"450\" height=\"300\" srcset=\"https:\/\/catracalivre.com.br\/wp-content\/uploads\/2023\/11\/istock-524069563-450x300.jpg 450w, https:\/\/catracalivre.com.br\/wp-content\/uploads\/2023\/11\/istock-524069563-910x607.jpg 910w, https:\/\/catracalivre.com.br\/wp-content\/uploads\/2023\/11\/istock-524069563-768x512.jpg 768w, https:\/\/catracalivre.com.br\/wp-content\/uploads\/2023\/11\/istock-524069563.jpg 1254w\" sizes=\"(max-width: 450px) 100vw, 450px\"\/><\/p>\n<p>Cr\u00e9ditos: IStock<\/p><div class='code-block code-block-8' style='margin: 8px auto; text-align: center; display: block; clear: both;'>\n<script>\n  atOptions = {\n    'key' : '66e2e2111ca34da796271819fc334058',\n    'format' : 'iframe',\n    'height' : 250,\n    'width' : 300,\n    'params' : {}\n  };\n<\/script>\n<script src=\"https:\/\/www.highperformanceformat.com\/66e2e2111ca34da796271819fc334058\/invoke.js\"><\/script>\n<\/div>\n\n<\/div>\n<\/div>\n<p><span class=\"post-imagem__legenda\">Concurso P\u00fablico da C\u00e2mara de Doutor Pedrinho<\/span><\/p>\n<\/div>\n<p>A C\u00e2mara de Doutor Pedrinho, no estado de\u00a0Santa Catarina, anuncia edital de n\u00ba 01\/2023 para <a href=\"https:\/\/catracalivre.com.br\/cidadania\/weintraub-alega-que-concursos-publicos-selecionam-esquerdistas\/\">concurso<\/a> p\u00fablico, que visa o provimento de uma vaga imediata, al\u00e9m de formar cadastro reserva. As oportunidades s\u00e3o destinadas a profissionais com n\u00edvel escolaridade superior e m\u00e9dio.<\/p>\n<p>Assistente Administrativo: oportunidade para profissional com n\u00edvel m\u00e9dio e Carteira Nacional de Habilita\u00e7\u00e3o \u2013 CNH categoria \u201cB\u201d. O vencimento \u00e9 de\u00a0R$ 2.786,46\u00a0para trabalhar em jornadas de 40 horas por semana.<\/p>\n<p>Contador:\u00a0oportunidade para profissional com n\u00edvel superior em Ci\u00eancias Cont\u00e1beis, inscri\u00e7\u00e3o no Conselho Regional respectivo (CRC) e com a Carteira Nacional de Habilita\u00e7\u00e3o \u2013\u00a0CNH\u00a0categoria \u201cB\u201d.\u00a0O vencimento \u00e9 de\u00a0R$ 2.282,12\u00a0para trabalhar em jornadas de 20 horas por semana.<\/p>\n<p>As inscri\u00e7\u00f5es devem ser realizadas atrav\u00e9s do <a href=\"https:\/\/www.acesseconcursossc.com.br\/concursos\/publicacoes\/C%C3%82MARA+DE+VEREADORES+DE+DOUTOR+PEDRINHO\/322\">site<\/a> oficial at\u00e9 30 de novembro de 2023. A taxa de inscri\u00e7\u00e3o tem o valor de: R$ 100,00\u00a0para disputar emprego p\u00fablico de n\u00edvel m\u00e9dio; R$ 150,00\u00a0para disputar emprego p\u00fablico de n\u00edvel superior.<\/p>\n<p>D\u00favidas e mais informa\u00e7\u00f5es devem ser direcionadas a um dos seguintes canais de atendimento: Endere\u00e7o de e-mail: contato@acesseconcursossc.com.br; WhatsApp: (47) 98420-7695; Telefone: (47) 3333-1855.<\/p>\n<p><script>\n\t\t! function(f, b, e, v, n, t, s) {\n\t\t\tif (f.fbq) return;\n\t\t\tn = f.fbq = function() {\n\t\t\t\tn.callMethod ?\n\t\t\t\t\tn.callMethod.apply(n, arguments) : n.queue.push(arguments)\n\t\t\t};\n\t\t\tif (!f._fbq) f._fbq = n;\n\t\t\tn.push = n;\n\t\t\tn.loaded = !0;\n\t\t\tn.version = '2.0';\n\t\t\tn.queue = [];\n\t\t\tt = b.createElement(e);\n\t\t\tt.async = !0;\n\t\t\tt.src = v;\n\t\t\ts = b.getElementsByTagName(e)[0];\n\t\t\ts.parentNode.insertBefore(t, s)\n\t\t}(window, document, 'script',\n\t\t\t'https:\/\/connect.facebook.net\/en_US\/fbevents.js');\n\t\tfbq('init', '338315473262380');\n\t\tfbq('track', 'PageView');\n\t<\/script><br \/>\n<br \/><br \/>\n<br \/><a href=\"https:\/\/catracalivre.com.br\/educacao\/concurso-publico-da-camara-de-doutor-pedrinho-oferece-vagas-para-nivel-superior-e-medio\/\">Source link <\/a><\/p>\n<div class='code-block code-block-4' style='margin: 8px auto 8px 0; text-align: left; display: block; clear: both;'>\n\ud83d\udce2 Aviso Legal\n\nO site ismaelcolosi.com.br atua apenas como um canal de divulga\u00e7\u00e3o de oportunidades de emprego e n\u00e3o se responsabiliza pelo processo seletivo, contrata\u00e7\u00e3o ou qualquer outra etapa relacionada \u00e0s vagas publicadas. Todas as informa\u00e7\u00f5es s\u00e3o de responsabilidade dos anunciantes.\n\n\u26a0\ufe0f Aten\u00e7\u00e3o! Nunca pague por promessas de emprego nem compre cursos que garantam contrata\u00e7\u00e3o. Desconfie de qualquer cobran\u00e7a para participar de sele\u00e7\u00f5es.\n\n\n<div data-type=\"_mgwidget\" data-widget-id=\"2000896\">\n<\/div>\n<script>(function(w,q){w[q]=w[q]||[];w[q].push([\"_mgc.load\"])})(window,\"_mgq\");\n<\/script>\n<\/div>\n<!-- CONTENT END 1 -->\n","protected":false},"excerpt":{"rendered":"<p>Cr\u00e9ditos: IStock Concurso P\u00fablico da C\u00e2mara de Doutor Pedrinho A C\u00e2mara de Doutor Pedrinho, no estado de\u00a0Santa Catarina, anuncia edital de n\u00ba 01\/2023 para concurso&#8230;<\/p>\n","protected":false},"author":1,"featured_media":7425,"comment_status":"open","ping_status":"open","sticky":false,"template":"","format":"standard","meta":{"_uag_custom_page_level_css":"","jetpack_post_was_ever_published":false,"_jetpack_newsletter_access":"","_jetpack_dont_email_post_to_subs":false,"_jetpack_newsletter_tier_id":0,"_jetpack_memberships_contains_paywalled_content":false,"_jetpack_memberships_contains_paid_content":false,"footnotes":"","jetpack_publicize_message":"","jetpack_publicize_feature_enabled":true,"jetpack_social_post_already_shared":true,"jetpack_social_options":{"image_generator_settings":{"template":"highway","default_image_id":0,"font":"","enabled":false},"version":2}},"categories":[19],"tags":[],"class_list":["post-7424","post","type-post","status-publish","format-standard","has-post-thumbnail","hentry","category-variedades"],"aioseo_notices":[],"jetpack_publicize_connections":[],"jetpack_featured_media_url":"https:\/\/i0.wp.com\/ismaelcolosi.com.br\/wp-content\/uploads\/2023\/11\/istock-524069563.jpg?fit=1200%2C638&ssl=1","uagb_featured_image_src":{"full":["https:\/\/i0.wp.com\/ismaelcolosi.com.br\/wp-content\/uploads\/2023\/11\/istock-524069563.jpg?fit=1200%2C638&ssl=1",1200,638,false],"thumbnail":["https:\/\/i0.wp.com\/ismaelcolosi.com.br\/wp-content\/uploads\/2023\/11\/istock-524069563.jpg?resize=150%2C150&ssl=1",150,150,true],"medium":["https:\/\/i0.wp.com\/ismaelcolosi.com.br\/wp-content\/uploads\/2023\/11\/istock-524069563.jpg?fit=300%2C160&ssl=1",300,160,true],"medium_large":["https:\/\/i0.wp.com\/ismaelcolosi.com.br\/wp-content\/uploads\/2023\/11\/istock-524069563.jpg?fit=768%2C408&ssl=1",768,408,true],"large":["https:\/\/i0.wp.com\/ismaelcolosi.com.br\/wp-content\/uploads\/2023\/11\/istock-524069563.jpg?fit=1024%2C544&ssl=1",1024,544,true],"1536x1536":["https:\/\/i0.wp.com\/ismaelcolosi.com.br\/wp-content\/uploads\/2023\/11\/istock-524069563.jpg?fit=1200%2C638&ssl=1",1200,638,true],"2048x2048":["https:\/\/i0.wp.com\/ismaelcolosi.com.br\/wp-content\/uploads\/2023\/11\/istock-524069563.jpg?fit=1200%2C638&ssl=1",1200,638,true],"really-simple-thumb":["https:\/\/i0.wp.com\/ismaelcolosi.com.br\/wp-content\/uploads\/2023\/11\/istock-524069563.jpg?resize=370%2C247&ssl=1",370,247,true]},"uagb_author_info":{"display_name":"ismaelcolosi.com.br","author_link":"https:\/\/ismaelcolosi.com.br\/index.php\/author\/vidareal-online\/"},"uagb_comment_info":0,"uagb_excerpt":"Cr\u00e9ditos: IStock Concurso P\u00fablico da C\u00e2mara de Doutor Pedrinho A C\u00e2mara de Doutor Pedrinho, no estado de\u00a0Santa Catarina, anuncia edital de n\u00ba 01\/2023 para concurso...","jetpack-related-posts":[{"id":42372,"url":"https:\/\/ismaelcolosi.com.br\/index.php\/2024\/03\/14\/cravinhos-comemora-aniversario-com-bolo-de-148-metros-veja-quando\/","url_meta":{"origin":7424,"position":0},"title":"Cravinhos comemora anivers\u00e1rio com bolo de 148 metros; Veja quando","author":"ismaelcolosi.com.br","date":"14 de March de 2024","format":false,"excerpt":"Cravinhos, na regi\u00e3o de Ribeir\u00e3o Preto, comemora os 148 anos de funda\u00e7\u00e3o com um bolo de 148 metros de comprimento. O bolo ser\u00e1 cortado no pr\u00f3ximo domingo (17), a partir das 8h, no parque ecol\u00f3gico Doutor Renato e Armando Pagano. O bolo ser\u00e1 feito pelas merendeiras da rede municipal de\u2026","rel":"","context":"In &quot;Not\u00edcias de Ribeir\u00e3o Preto-SP e Regi\u00e3o&quot;","block_context":{"text":"Not\u00edcias de Ribeir\u00e3o Preto-SP e Regi\u00e3o","link":"https:\/\/ismaelcolosi.com.br\/index.php\/category\/noticias-de-ribeirao-preto-sp-e-regiao-ismael-colosi\/"},"img":{"alt_text":"","src":"https:\/\/i0.wp.com\/ismaelcolosi.com.br\/wp-content\/uploads\/2024\/03\/AnyConv.com__bolo-cravinhos.webp.webp?fit=1200%2C677&ssl=1&resize=350%2C200","width":350,"height":200,"srcset":"https:\/\/i0.wp.com\/ismaelcolosi.com.br\/wp-content\/uploads\/2024\/03\/AnyConv.com__bolo-cravinhos.webp.webp?fit=1200%2C677&ssl=1&resize=350%2C200 1x, https:\/\/i0.wp.com\/ismaelcolosi.com.br\/wp-content\/uploads\/2024\/03\/AnyConv.com__bolo-cravinhos.webp.webp?fit=1200%2C677&ssl=1&resize=525%2C300 1.5x, https:\/\/i0.wp.com\/ismaelcolosi.com.br\/wp-content\/uploads\/2024\/03\/AnyConv.com__bolo-cravinhos.webp.webp?fit=1200%2C677&ssl=1&resize=700%2C400 2x, https:\/\/i0.wp.com\/ismaelcolosi.com.br\/wp-content\/uploads\/2024\/03\/AnyConv.com__bolo-cravinhos.webp.webp?fit=1200%2C677&ssl=1&resize=1050%2C600 3x"},"classes":[]},{"id":20888,"url":"https:\/\/ismaelcolosi.com.br\/index.php\/2023\/12\/26\/morre-pedro-domingos-que-inspirou-o-hit-acorda-pedrinho\/","url_meta":{"origin":7424,"position":1},"title":"Morre Pedro Domingos, que inspirou o hit &#8220;Acorda Pedrinho&#8221;","author":"ismaelcolosi.com.br","date":"26 de December de 2023","format":false,"excerpt":"Pedro Domingos do Prado, a figura de inspira\u00e7\u00e3o para um dos maiores hits brasileiros de 2022, \u201cAcorda Pedrinho\u201d, faleceu aos 65 anos. A morte do personagem da cena cultural de Curitiba ocorreu nesta segunda-feira, 25, num quarto de hotel, onde morava. Cr\u00e9ditos: Reprodu\u00e7\u00e3o\/Instagram @jovemdionisio @Morre Pedro Domingos, que inspirou o\u2026","rel":"","context":"In &quot;Variedades&quot;","block_context":{"text":"Variedades","link":"https:\/\/ismaelcolosi.com.br\/index.php\/category\/variedades\/"},"img":{"alt_text":"","src":"https:\/\/i0.wp.com\/ismaelcolosi.com.br\/wp-content\/uploads\/2023\/12\/acorda-pedrinho.jpg?fit=1200%2C638&ssl=1&resize=350%2C200","width":350,"height":200,"srcset":"https:\/\/i0.wp.com\/ismaelcolosi.com.br\/wp-content\/uploads\/2023\/12\/acorda-pedrinho.jpg?fit=1200%2C638&ssl=1&resize=350%2C200 1x, https:\/\/i0.wp.com\/ismaelcolosi.com.br\/wp-content\/uploads\/2023\/12\/acorda-pedrinho.jpg?fit=1200%2C638&ssl=1&resize=525%2C300 1.5x, https:\/\/i0.wp.com\/ismaelcolosi.com.br\/wp-content\/uploads\/2023\/12\/acorda-pedrinho.jpg?fit=1200%2C638&ssl=1&resize=700%2C400 2x, https:\/\/i0.wp.com\/ismaelcolosi.com.br\/wp-content\/uploads\/2023\/12\/acorda-pedrinho.jpg?fit=1200%2C638&ssl=1&resize=1050%2C600 3x"},"classes":[]},{"id":20863,"url":"https:\/\/ismaelcolosi.com.br\/index.php\/2023\/12\/26\/morre-pedrinho-da-musica-acorda-pedrinho-grande-sucesso-nas-paradas\/","url_meta":{"origin":7424,"position":2},"title":"Morre Pedrinho, da m\u00fasica &#8216;Acorda, Pedrinho&#8217;, grande sucesso nas paradas","author":"ismaelcolosi.com.br","date":"26 de December de 2023","format":false,"excerpt":"Foi confirmada a morte de Pedro Domingos Prado, que foi inspira\u00e7\u00e3o para a m\u00fasica Acorda, Pedrinho, da banda Jovem Dion\u00edsio. A can\u00e7\u00e3o, para quem n\u00e3o lenbra, virou uma febre h\u00e1 um tempo no Brasil e ficou entre as mais bombadas das redes sociais e plataformas de reprodu\u00e7\u00e3o de m\u00fasicas.Pedro Domingos\u2026","rel":"","context":"In &quot;Blog&quot;","block_context":{"text":"Blog","link":"https:\/\/ismaelcolosi.com.br\/index.php\/category\/blog\/"},"img":{"alt_text":"","src":"https:\/\/i0.wp.com\/ismaelcolosi.com.br\/wp-content\/uploads\/2023\/12\/postimg-658b093bd467c5167.jpg?fit=1200%2C628&ssl=1&resize=350%2C200","width":350,"height":200,"srcset":"https:\/\/i0.wp.com\/ismaelcolosi.com.br\/wp-content\/uploads\/2023\/12\/postimg-658b093bd467c5167.jpg?fit=1200%2C628&ssl=1&resize=350%2C200 1x, https:\/\/i0.wp.com\/ismaelcolosi.com.br\/wp-content\/uploads\/2023\/12\/postimg-658b093bd467c5167.jpg?fit=1200%2C628&ssl=1&resize=525%2C300 1.5x, https:\/\/i0.wp.com\/ismaelcolosi.com.br\/wp-content\/uploads\/2023\/12\/postimg-658b093bd467c5167.jpg?fit=1200%2C628&ssl=1&resize=700%2C400 2x, https:\/\/i0.wp.com\/ismaelcolosi.com.br\/wp-content\/uploads\/2023\/12\/postimg-658b093bd467c5167.jpg?fit=1200%2C628&ssl=1&resize=1050%2C600 3x"},"classes":[]},{"id":83676,"url":"https:\/\/ismaelcolosi.com.br\/index.php\/2025\/03\/11\/hc-ribeirao-e-usp-abre-inscricoes-para-concurso-publico-com-salario-de-r-2-7-mil-tecnico-de-assistencia-e-r-15-4-mil-professor-doutor\/","url_meta":{"origin":7424,"position":3},"title":"HC Ribeir\u00e3o e USP abre inscri\u00e7\u00f5es para Concurso P\u00fablico, com sal\u00e1rio de R$ 2.7 mil (t\u00e9cnico de assist\u00eancia) e R$ 15.4 mil (professor\/doutor)","author":"Arthur Tijolo","date":"11 de March de 2025","format":false,"excerpt":"Fazer um concurso p\u00fablico oferece v\u00e1rias vantagens significativas: Estabilidade: Empregos em concursos p\u00fablicos costumam oferecer maior estabilidade, com menos risco de demiss\u00f5es arbitr\u00e1rias. Sal\u00e1rios e Benef\u00edcios: Concursos geralmente oferecem sal\u00e1rios competitivos e benef\u00edcios atraentes, como plano de sa\u00fade, aux\u00edlio alimenta\u00e7\u00e3o, e aposentadoria. Progress\u00e3o na Carreira: Muitos cargos p\u00fablicos t\u00eam um\u2026","rel":"","context":"In &quot;Empregos - Classificados&quot;","block_context":{"text":"Empregos - Classificados","link":"https:\/\/ismaelcolosi.com.br\/index.php\/category\/empregos-classificados-vagas-trabalho\/"},"img":{"alt_text":"","src":"https:\/\/i0.wp.com\/ismaelcolosi.com.br\/wp-content\/uploads\/2024\/09\/hc-ue.jpg?fit=733%2C414&ssl=1&resize=350%2C200","width":350,"height":200,"srcset":"https:\/\/i0.wp.com\/ismaelcolosi.com.br\/wp-content\/uploads\/2024\/09\/hc-ue.jpg?fit=733%2C414&ssl=1&resize=350%2C200 1x, https:\/\/i0.wp.com\/ismaelcolosi.com.br\/wp-content\/uploads\/2024\/09\/hc-ue.jpg?fit=733%2C414&ssl=1&resize=525%2C300 1.5x, https:\/\/i0.wp.com\/ismaelcolosi.com.br\/wp-content\/uploads\/2024\/09\/hc-ue.jpg?fit=733%2C414&ssl=1&resize=700%2C400 2x"},"classes":[]},{"id":18349,"url":"https:\/\/ismaelcolosi.com.br\/index.php\/2023\/12\/20\/concurso-publico-da-camara-de-araguapaz-go-tem-salario-de-ate-r-35-mil\/","url_meta":{"origin":7424,"position":4},"title":"Concurso p\u00fablico da C\u00e2mara de Araguapaz (GO) tem sal\u00e1rio de at\u00e9 R$ 3,5 mil","author":"ismaelcolosi.com.br","date":"20 de December de 2023","format":false,"excerpt":"Cr\u00e9ditos: IStockConcurso p\u00fablico da C\u00e2mara de AraguapazA C\u00e2mara de Araguapaz,\u00a0no estado de\u00a0Goi\u00e1s, anuncia o edital de n\u00ba 001\/2023\u00a0para concurso p\u00fablico, que visa o provimento de quatro vagas imediatas, al\u00e9m de formar cadastro reserva em outras 12 oportunidades. Os cargos s\u00e3o destinados a profissionais com grau de escolaridade m\u00e9dio e superior.As\u2026","rel":"","context":"In &quot;Variedades&quot;","block_context":{"text":"Variedades","link":"https:\/\/ismaelcolosi.com.br\/index.php\/category\/variedades\/"},"img":{"alt_text":"","src":"https:\/\/i0.wp.com\/ismaelcolosi.com.br\/wp-content\/uploads\/2023\/12\/istock-495391766-1.jpg?fit=1200%2C638&ssl=1&resize=350%2C200","width":350,"height":200,"srcset":"https:\/\/i0.wp.com\/ismaelcolosi.com.br\/wp-content\/uploads\/2023\/12\/istock-495391766-1.jpg?fit=1200%2C638&ssl=1&resize=350%2C200 1x, https:\/\/i0.wp.com\/ismaelcolosi.com.br\/wp-content\/uploads\/2023\/12\/istock-495391766-1.jpg?fit=1200%2C638&ssl=1&resize=525%2C300 1.5x, https:\/\/i0.wp.com\/ismaelcolosi.com.br\/wp-content\/uploads\/2023\/12\/istock-495391766-1.jpg?fit=1200%2C638&ssl=1&resize=700%2C400 2x, https:\/\/i0.wp.com\/ismaelcolosi.com.br\/wp-content\/uploads\/2023\/12\/istock-495391766-1.jpg?fit=1200%2C638&ssl=1&resize=1050%2C600 3x"},"classes":[]},{"id":11479,"url":"https:\/\/ismaelcolosi.com.br\/index.php\/2023\/12\/06\/concurso-publico-da-camara-de-cachoeirinha-oferece-salario-de-ate-r-6-mil\/","url_meta":{"origin":7424,"position":5},"title":"Concurso P\u00fablico da C\u00e2mara de Cachoeirinha oferece sal\u00e1rio de at\u00e9 R$ 6 mil","author":"ismaelcolosi.com.br","date":"6 de December de 2023","format":false,"excerpt":"Cr\u00e9ditos: IStockConcurso P\u00fablico da C\u00e2mara de CachoeirinhaA C\u00e2mara de Cachoeirinha, no estado do\u00a0Rio Grande do Sul, anuncia edital de n\u00ba 01\/1023 para concurso p\u00fablico. Ao todo s\u00e3o duas oportunidades para contrata\u00e7\u00f5es imediatas, mais forma\u00e7\u00e3o de cadastro reserva (CR).O concurso p\u00fablico oferece remunera\u00e7\u00f5es que variam de R$ 3.516,77 at\u00e9\u00a0R$ 6.070,13\u00a0por m\u00eas\u2026","rel":"","context":"In &quot;Variedades&quot;","block_context":{"text":"Variedades","link":"https:\/\/ismaelcolosi.com.br\/index.php\/category\/variedades\/"},"img":{"alt_text":"","src":"https:\/\/i0.wp.com\/ismaelcolosi.com.br\/wp-content\/uploads\/2023\/12\/istock-1423281288.jpg?fit=1200%2C638&ssl=1&resize=350%2C200","width":350,"height":200,"srcset":"https:\/\/i0.wp.com\/ismaelcolosi.com.br\/wp-content\/uploads\/2023\/12\/istock-1423281288.jpg?fit=1200%2C638&ssl=1&resize=350%2C200 1x, https:\/\/i0.wp.com\/ismaelcolosi.com.br\/wp-content\/uploads\/2023\/12\/istock-1423281288.jpg?fit=1200%2C638&ssl=1&resize=525%2C300 1.5x, https:\/\/i0.wp.com\/ismaelcolosi.com.br\/wp-content\/uploads\/2023\/12\/istock-1423281288.jpg?fit=1200%2C638&ssl=1&resize=700%2C400 2x, https:\/\/i0.wp.com\/ismaelcolosi.com.br\/wp-content\/uploads\/2023\/12\/istock-1423281288.jpg?fit=1200%2C638&ssl=1&resize=1050%2C600 3x"},"classes":[]}],"jetpack_sharing_enabled":true,"jetpack_shortlink":"https:\/\/wp.me\/pfMlyK-1VK","_links":{"self":[{"href":"https:\/\/ismaelcolosi.com.br\/index.php\/wp-json\/wp\/v2\/posts\/7424","targetHints":{"allow":["GET"]}}],"collection":[{"href":"https:\/\/ismaelcolosi.com.br\/index.php\/wp-json\/wp\/v2\/posts"}],"about":[{"href":"https:\/\/ismaelcolosi.com.br\/index.php\/wp-json\/wp\/v2\/types\/post"}],"author":[{"embeddable":true,"href":"https:\/\/ismaelcolosi.com.br\/index.php\/wp-json\/wp\/v2\/users\/1"}],"replies":[{"embeddable":true,"href":"https:\/\/ismaelcolosi.com.br\/index.php\/wp-json\/wp\/v2\/comments?post=7424"}],"version-history":[{"count":0,"href":"https:\/\/ismaelcolosi.com.br\/index.php\/wp-json\/wp\/v2\/posts\/7424\/revisions"}],"wp:featuredmedia":[{"embeddable":true,"href":"https:\/\/ismaelcolosi.com.br\/index.php\/wp-json\/wp\/v2\/media\/7425"}],"wp:attachment":[{"href":"https:\/\/ismaelcolosi.com.br\/index.php\/wp-json\/wp\/v2\/media?parent=7424"}],"wp:term":[{"taxonomy":"category","embeddable":true,"href":"https:\/\/ismaelcolosi.com.br\/index.php\/wp-json\/wp\/v2\/categories?post=7424"},{"taxonomy":"post_tag","embeddable":true,"href":"https:\/\/ismaelcolosi.com.br\/index.php\/wp-json\/wp\/v2\/tags?post=7424"}],"curies":[{"name":"wp","href":"https:\/\/api.w.org\/{rel}","templated":true}]}}