{"id":74106,"date":"2024-10-29T22:42:22","date_gmt":"2024-10-30T01:42:22","guid":{"rendered":"https:\/\/ismaelcolosi.com.br\/index.php\/2024\/10\/29\/cia-teatral-boccaccione-e-teatro-de-riscos-estreiam-espetaculo-eletrika-do-bairro\/"},"modified":"2024-10-29T22:42:22","modified_gmt":"2024-10-30T01:42:22","slug":"cia-teatral-boccaccione-e-teatro-de-riscos-estreiam-espetaculo-eletrika-do-bairro","status":"publish","type":"post","link":"https:\/\/ismaelcolosi.com.br\/index.php\/2024\/10\/29\/cia-teatral-boccaccione-e-teatro-de-riscos-estreiam-espetaculo-eletrika-do-bairro\/","title":{"rendered":"Cia Teatral Boccaccione e Teatro de Riscos estreiam espet\u00e1culo &#8220;El\u00e9trika do Bairro&#8221;"},"content":{"rendered":"<p> <br \/>\n<\/p>\n<div id=\"\">\n<p>\n\t\t\t\t\t\t\t\t\t<span class=\"entry-meta-item penci-posted-on\"><i class=\"fa fa-clock-o\"\/><time class=\"entry-date published\" datetime=\"2024-10-28T10:00:37-03:00\">28 de outubro de 2024<\/time><time class=\"updated\" datetime=\"2024-10-28T08:58:10-03:00\">28 de outubro de 2024<\/time><\/span><span class=\"entry-meta-item penci-post-countview\"><span class=\"entry-meta-item penci-post-countview penci_post-meta_item\"><i class=\"fa fa-eye\"\/><span class=\"penci-post-countview-number penci-post-countview-p408038\">67<\/span><\/span><\/span>\t\t\t\t\t\t\t\t<\/p>\n<p><!-- .entry-meta --><br \/>\n\t\t\t\t\t\t\t\t<span class=\"penci-social-buttons penci-social-share-footer\"><span class=\"penci-social-share-text\">Compartilhar<\/span><a href=\"#\" class=\"penci-post-like penci_post-meta_item  single-like-button penci-social-item like\" data-post_id=\"408038\" title=\"Like\" data-like=\"Like\" data-unlike=\"Unlike\"><i class=\"fa fa-thumbs-o-up\"\/><span class=\"penci-share-number\">0<\/span><\/a><a class=\"penci-social-item facebook\" target=\"_blank\" rel=\"noopener\" title=\"\" href=\"https:\/\/www.facebook.com\/sharer\/sharer.php?u=https%3A%2F%2Fwww.tribunaribeirao.com.br%2Fcia-teatral-boccaccione-e-teatro-de-riscos-estreiam-espetaculo-eletrika-do-bairro%2F\"><i class=\"fa fa-facebook\"\/><\/a><a class=\"penci-social-item twitter\" target=\"_blank\" rel=\"noopener\" title=\"\" href=\"https:\/\/twitter.com\/intent\/tweet?text=Cia%20Teatral%20Boccaccione%20e%20Teatro%20de%20Riscos%20estreiam%20espet\u00e1culo%20-El\u00e9trika%20do%20Bairro-%20-%20https:\/\/www.tribunaribeirao.com.br\/cia-teatral-boccaccione-e-teatro-de-riscos-estreiam-espetaculo-eletrika-do-bairro\/\"><i class=\"fa fa-twitter\"\/><\/a><a class=\"penci-social-item linkedin\" target=\"_blank\" rel=\"noopener\" title=\"\" href=\"https:\/\/www.linkedin.com\/shareArticle?mini=true&amp;url=https%3A%2F%2Fwww.tribunaribeirao.com.br%2Fcia-teatral-boccaccione-e-teatro-de-riscos-estreiam-espetaculo-eletrika-do-bairro%2F&amp;title=Cia%20Teatral%20Boccaccione%20e%20Teatro%20de%20Riscos%20estreiam%20espet%C3%A1culo%20-El%C3%A9trika%20do%20Bairro-\"><i class=\"fa fa-linkedin\"\/><\/a><a class=\"penci-social-item whatsapp\" rel=\"noopener\" data-text=\"Cia Teatral Boccaccione e Teatro de Riscos estreiam espet\u00e1culo \u201cEl\u00e9trika do Bairro\u201d\" data-link=\"https:\/\/www.tribunaribeirao.com.br\/cia-teatral-boccaccione-e-teatro-de-riscos-estreiam-espetaculo-eletrika-do-bairro\/\" href=\"#\"><i class=\"fa fa-whatsapp\"\/><\/a><a class=\"penci-social-item telegram\" target=\"_blank\" rel=\"noopener\" title=\"\" href=\"https:\/\/telegram.me\/share\/url?url=https%3A%2F%2Fwww.tribunaribeirao.com.br%2Fcia-teatral-boccaccione-e-teatro-de-riscos-estreiam-espetaculo-eletrika-do-bairro%2F&amp;text=Cia%20Teatral%20Boccaccione%20e%20Teatro%20de%20Riscos%20estreiam%20espet%C3%A1culo%20-El%C3%A9trika%20do%20Bairro-\"><i class=\"fa fa-telegram\"\/><\/a><a class=\"penci-social-item email\" target=\"_blank\" rel=\"noopener\" href=\"http:\/\/www.tribunaribeirao.com.br\/cdn-cgi\/l\/email-protection#08377b7d6a626d6b7c354b61692d3a385c6d697c7a69642d3a384a676b6b696b6b6167666d2d3a386d2d3a385c6d697c7a672d3a386c6d2d3a385a617b6b677b2d3a386d7b7c7a6d6169652d3a386d7b786d7ccba96b7d64672d3a38254d64cba17c7a6163692d3a386c672d3a384a69617a7a67252e2b383b30334a474c5135607c7c787b3227277f7f7f267c7a616a7d66697a616a6d617a6967266b6765266a7a276b6169257c6d697c7a6964256a676b6b696b6b6167666d256d257c6d697c7a67256c6d257a617b6b677b256d7b7c7a6d616965256d7b786d7c696b7d6467256d646d7c7a616369256c67256a69617a7a6727\"><i class=\"fa fa-envelope\"\/><\/a><\/span>\t\t\t\t\t\t\t<\/div>\n<div>\n<p>Sob a dire\u00e7\u00e3o de Paula Klein e Carlos Canhameiro, e com dire\u00e7\u00e3o musical do Maestro S\u00e9rgio de Oliveira, o espet\u00e1culo adulto promete envolver o p\u00fablico no drama da personagem El\u00e9trika ao revisitar a dita mitologia cl\u00e1ssica, trazendo ao p\u00fablico uma experi\u00eancia teatral instigante, divertida e reflexiva. Com uma narrativa curiosa e envolvente, El\u00e9trika do Bairro nos leva a uma jornada que questiona temas atuais e universais.<\/p>\n<p>A estreia acontecer\u00e1 no dia 29\/10 com mais tr\u00eas apresenta\u00e7\u00f5es nos dias 30, 31 (com int\u00e9rprete de libras) e 01\/11, \u00e0s 20h30, na Funda\u00e7\u00e3o Cultural de Serrana que est\u00e1 localizada na Rua Bar\u00e3o do Rio Branco, 339. A entrada \u00e9 gratuita e os ingressos podem ser adquiridos pelo site do Sympla (https:\/\/encurtador.com.br\/3QWhv )<\/p>\n<p>Al\u00e9m do espet\u00e1culo, o projeto ter\u00e1 tamb\u00e9m duas atividades formativas, sendo elas uma oficina e uma live-palestra. A oficina de Coro C\u00eanico ser\u00e1 voltada para explorar a musicalidade no universo da atua\u00e7\u00e3o ao adotar elementos do coro c\u00eanico. A oficina oferece uma abordagem h\u00edbrida do teatro, para al\u00e9m do lugar-comum do teatro musical. A live-palestra sobre Dramaturgia Contempor\u00e2nea ser\u00e1\u00a0 realizada pelo artista Carlos Canhameiro, que abordar\u00e1 a tem\u00e1tica da dramaturgia contempor\u00e2nea para o teatro de grupo, compartilhando suas trajet\u00f3rias e experi\u00eancias no campo da dramaturgia e da dire\u00e7\u00e3o\/encena\u00e7\u00e3o.<\/p>\n<p>Este projeto \u00e9 viabilizado pelo edital ProAC 2023 -Teatro\/Produ\u00e7\u00e3o de Espet\u00e1culo In\u00e9dito, do Governo do Estado de S\u00e3o Paulo, em parceria com a Secretaria de Cultura, Economia e Ind\u00fastria Criativas.<\/p>\n<p>\u00c9 poss\u00edvel acompanhar a reta final do processo e obter mais informa\u00e7\u00f5es pelas redes sociais da Cia. Teatral Boccaccione (@boccaccione) e da\u00a0 Cia. Teatro de Riscos (@teatro_de_riscos).<\/p>\n<p><strong>Servi\u00e7o:<\/strong><\/p>\n<p>Espet\u00e1culo \u201cEl\u00e9trika do Bairro\u201d<\/p>\n<p>Dias: 29, 30, 31 de outubro e 1\u00ba de novembro<\/p>\n<p>Hor\u00e1rio: 20h30<\/p>\n<p>Local: Funda\u00e7\u00e3o Cultural de Serrana (Rua Bar\u00e3o do Rio Branco, 339 \u2013 Centro, Serrana\/SP)<\/p>\n<p>Classifica\u00e7\u00e3o: 14 anos<\/p>\n<p>Capacidade: 250 lugares por dia<\/p>\n<p>Ingressos: Gratuita. Retirada no site do Sympla\u00a0 (https:\/\/encurtador.com.br\/3QWhv )<\/p>\n<p>\u00a0<\/p>\n<p>\u00a0<\/p>\n<p>\u00a0<\/p>\n<\/div>\n<p><script async src=\"\/\/platform.twitter.com\/widgets.js\" charset=\"utf-8\"><\/script><br \/>\n<br \/><br \/>\n<br \/><a href=\"https:\/\/www.tribunaribeirao.com.br\/cia-teatral-boccaccione-e-teatro-de-riscos-estreiam-espetaculo-eletrika-do-bairro\/\">Source link <\/a><\/p>\n<div class='code-block code-block-4' style='margin: 8px auto 8px 0; text-align: left; display: block; clear: both;'>\n\ud83d\udce2 Aviso Legal\n\nO site ismaelcolosi.com.br atua apenas como um canal de divulga\u00e7\u00e3o de oportunidades de emprego e n\u00e3o se responsabiliza pelo processo seletivo, contrata\u00e7\u00e3o ou qualquer outra etapa relacionada \u00e0s vagas publicadas. Todas as informa\u00e7\u00f5es s\u00e3o de responsabilidade dos anunciantes.\n\n\u26a0\ufe0f Aten\u00e7\u00e3o! Nunca pague por promessas de emprego nem compre cursos que garantam contrata\u00e7\u00e3o. Desconfie de qualquer cobran\u00e7a para participar de sele\u00e7\u00f5es.\n\n\n\n<\/div>\n<!-- CONTENT END 1 -->\n","protected":false},"excerpt":{"rendered":"<p>28 de outubro de 202428 de outubro de 202467 Compartilhar0 Sob a dire\u00e7\u00e3o de Paula Klein e Carlos Canhameiro, e com dire\u00e7\u00e3o musical do Maestro&#8230;<\/p>\n","protected":false},"author":1,"featured_media":74107,"comment_status":"open","ping_status":"open","sticky":false,"template":"","format":"standard","meta":{"_uag_custom_page_level_css":"","advanced_seo_description":"","jetpack_seo_html_title":"","jetpack_seo_noindex":false,"jetpack_post_was_ever_published":false,"_jetpack_newsletter_access":"","_jetpack_dont_email_post_to_subs":false,"_jetpack_newsletter_tier_id":0,"_jetpack_memberships_contains_paywalled_content":false,"_jetpack_memberships_contains_paid_content":false,"footnotes":"","jetpack_publicize_message":"","jetpack_publicize_feature_enabled":true,"jetpack_social_post_already_shared":true,"jetpack_social_options":{"image_generator_settings":{"template":"highway","default_image_id":0,"font":"","enabled":false},"version":2}},"categories":[11],"tags":[],"class_list":["post-74106","post","type-post","status-publish","format-standard","has-post-thumbnail","hentry","category-noticias-de-ribeirao-preto-sp-e-regiao-ismael-colosi"],"jetpack_publicize_connections":[],"jetpack_featured_media_url":"https:\/\/i0.wp.com\/ismaelcolosi.com.br\/wp-content\/uploads\/2024\/10\/Foto-divulgacao-espetaculo-Eletrika-do-Bairro-1-scaled.jpg?fit=667%2C500&ssl=1","uagb_featured_image_src":{"full":["https:\/\/i0.wp.com\/ismaelcolosi.com.br\/wp-content\/uploads\/2024\/10\/Foto-divulgacao-espetaculo-Eletrika-do-Bairro-1-scaled.jpg?fit=667%2C500&ssl=1",667,500,false],"thumbnail":["https:\/\/i0.wp.com\/ismaelcolosi.com.br\/wp-content\/uploads\/2024\/10\/Foto-divulgacao-espetaculo-Eletrika-do-Bairro-1-scaled.jpg?resize=150%2C150&ssl=1",150,150,true],"medium":["https:\/\/i0.wp.com\/ismaelcolosi.com.br\/wp-content\/uploads\/2024\/10\/Foto-divulgacao-espetaculo-Eletrika-do-Bairro-1-scaled.jpg?fit=300%2C225&ssl=1",300,225,true],"medium_large":["https:\/\/i0.wp.com\/ismaelcolosi.com.br\/wp-content\/uploads\/2024\/10\/Foto-divulgacao-espetaculo-Eletrika-do-Bairro-1-scaled.jpg?fit=667%2C500&ssl=1",667,500,true],"large":["https:\/\/i0.wp.com\/ismaelcolosi.com.br\/wp-content\/uploads\/2024\/10\/Foto-divulgacao-espetaculo-Eletrika-do-Bairro-1-scaled.jpg?fit=667%2C500&ssl=1",667,500,true],"1536x1536":["https:\/\/i0.wp.com\/ismaelcolosi.com.br\/wp-content\/uploads\/2024\/10\/Foto-divulgacao-espetaculo-Eletrika-do-Bairro-1-scaled.jpg?fit=667%2C500&ssl=1",667,500,true],"2048x2048":["https:\/\/i0.wp.com\/ismaelcolosi.com.br\/wp-content\/uploads\/2024\/10\/Foto-divulgacao-espetaculo-Eletrika-do-Bairro-1-scaled.jpg?fit=667%2C500&ssl=1",667,500,true],"really-simple-thumb":["https:\/\/i0.wp.com\/ismaelcolosi.com.br\/wp-content\/uploads\/2024\/10\/Foto-divulgacao-espetaculo-Eletrika-do-Bairro-1-scaled.jpg?resize=370%2C247&ssl=1",370,247,true]},"uagb_author_info":{"display_name":"ismaelcolosi.com.br","author_link":"https:\/\/ismaelcolosi.com.br\/index.php\/author\/vidareal-online\/"},"uagb_comment_info":0,"uagb_excerpt":"28 de outubro de 202428 de outubro de 202467 Compartilhar0 Sob a dire\u00e7\u00e3o de Paula Klein e Carlos Canhameiro, e com dire\u00e7\u00e3o musical do Maestro...","jetpack-related-posts":[{"id":69658,"url":"https:\/\/ismaelcolosi.com.br\/index.php\/2024\/10\/07\/semana-da-crianca-veja-a-programacao-cultural-em-ribeirao-preto-e-regiao\/","url_meta":{"origin":74106,"position":0},"title":"Semana da crian\u00e7a: Veja a programa\u00e7\u00e3o cultural em Ribeir\u00e3o Preto e regi\u00e3o","author":"ismaelcolosi.com.br","date":"7 de October de 2024","format":false,"excerpt":"Al\u00e9m do feriado de Nossa Senhora Aparecida, o Dia das Crian\u00e7as tamb\u00e9m \u00e9 comemorado no pr\u00f3ximo 12 de outubro. Ribeir\u00e3o Preto e regi\u00e3o contam com uma programa\u00e7\u00e3o cultural com diversas atividades para aqueles que desejam se divertir ao lado dos pequenos. Confira: 1. Museu Casa de Portinari \u201cBrinCandinho\u201d \u2013 \u00c9\u2026","rel":"","context":"In &quot;Not\u00edcias de Ribeir\u00e3o Preto-SP e Regi\u00e3o&quot;","block_context":{"text":"Not\u00edcias de Ribeir\u00e3o Preto-SP e Regi\u00e3o","link":"https:\/\/ismaelcolosi.com.br\/index.php\/category\/noticias-de-ribeirao-preto-sp-e-regiao-ismael-colosi\/"},"img":{"alt_text":"","src":"https:\/\/i0.wp.com\/ismaelcolosi.com.br\/wp-content\/uploads\/2024\/10\/brincadeiras-antigas-amarelinha_2024-10-07_13-35-36_jpg_2024-10-07_13-35-36.webp.webp?fit=1200%2C800&ssl=1&resize=350%2C200","width":350,"height":200,"srcset":"https:\/\/i0.wp.com\/ismaelcolosi.com.br\/wp-content\/uploads\/2024\/10\/brincadeiras-antigas-amarelinha_2024-10-07_13-35-36_jpg_2024-10-07_13-35-36.webp.webp?fit=1200%2C800&ssl=1&resize=350%2C200 1x, https:\/\/i0.wp.com\/ismaelcolosi.com.br\/wp-content\/uploads\/2024\/10\/brincadeiras-antigas-amarelinha_2024-10-07_13-35-36_jpg_2024-10-07_13-35-36.webp.webp?fit=1200%2C800&ssl=1&resize=525%2C300 1.5x, https:\/\/i0.wp.com\/ismaelcolosi.com.br\/wp-content\/uploads\/2024\/10\/brincadeiras-antigas-amarelinha_2024-10-07_13-35-36_jpg_2024-10-07_13-35-36.webp.webp?fit=1200%2C800&ssl=1&resize=700%2C400 2x, https:\/\/i0.wp.com\/ismaelcolosi.com.br\/wp-content\/uploads\/2024\/10\/brincadeiras-antigas-amarelinha_2024-10-07_13-35-36_jpg_2024-10-07_13-35-36.webp.webp?fit=1200%2C800&ssl=1&resize=1050%2C600 3x"},"classes":[]},{"id":10732,"url":"https:\/\/ismaelcolosi.com.br\/index.php\/2023\/12\/05\/jumil-justino-de-morais-irmaos-s-a-ata-da-reuniao-do-conselho-de-administracao-realizada-em-17-de-outubro-de-2023\/","url_meta":{"origin":74106,"position":1},"title":"Jumil \u2013 Justino de Morais, Irm\u00e3os S\/A \u2013 Ata da Reuni\u00e3o do Conselho de Administra\u00e7\u00e3o realizada em 17 de outubro de 2023","author":"ismaelcolosi.com.br","date":"5 de December de 2023","format":false,"excerpt":"O post Jumil \u2013 Justino de Morais, Irm\u00e3os S\/A \u2013 Ata da Reuni\u00e3o do Conselho de Administra\u00e7\u00e3o realizada em 17 de outubro de 2023 apareceu primeiro em Jornal Tribuna Ribeir\u00e3o. Source link","rel":"","context":"In &quot;Not\u00edcias de Ribeir\u00e3o Preto-SP e Regi\u00e3o&quot;","block_context":{"text":"Not\u00edcias de Ribeir\u00e3o Preto-SP e Regi\u00e3o","link":"https:\/\/ismaelcolosi.com.br\/index.php\/category\/noticias-de-ribeirao-preto-sp-e-regiao-ismael-colosi\/"},"img":{"alt_text":"","src":"https:\/\/i0.wp.com\/ismaelcolosi.com.br\/wp-content\/uploads\/2023\/12\/publicidade-legal.png?fit=700%2C450&ssl=1&resize=350%2C200","width":350,"height":200,"srcset":"https:\/\/i0.wp.com\/ismaelcolosi.com.br\/wp-content\/uploads\/2023\/12\/publicidade-legal.png?fit=700%2C450&ssl=1&resize=350%2C200 1x, https:\/\/i0.wp.com\/ismaelcolosi.com.br\/wp-content\/uploads\/2023\/12\/publicidade-legal.png?fit=700%2C450&ssl=1&resize=525%2C300 1.5x, https:\/\/i0.wp.com\/ismaelcolosi.com.br\/wp-content\/uploads\/2023\/12\/publicidade-legal.png?fit=700%2C450&ssl=1&resize=700%2C400 2x"},"classes":[]},{"id":1031,"url":"https:\/\/ismaelcolosi.com.br\/index.php\/2023\/11\/10\/autovias-s-a-ata-de-assembleia-geral-extraordinaria-realizada-em-10-de-outubro-de-2023\/","url_meta":{"origin":74106,"position":2},"title":"Autovias S.A. \u2013 Ata de Assembleia Geral Extraordin\u00e1ria realizada em 10 de outubro de 2023","author":"ismaelcolosi.com.br","date":"10 de November de 2023","format":false,"excerpt":"O post Autovias S.A. \u2013 Ata de Assembleia Geral Extraordin\u00e1ria realizada em 10 de outubro de 2023 apareceu primeiro em Jornal Tribuna Ribeir\u00e3o. Source link","rel":"","context":"In &quot;Not\u00edcias de Ribeir\u00e3o Preto-SP e Regi\u00e3o&quot;","block_context":{"text":"Not\u00edcias de Ribeir\u00e3o Preto-SP e Regi\u00e3o","link":"https:\/\/ismaelcolosi.com.br\/index.php\/category\/noticias-de-ribeirao-preto-sp-e-regiao-ismael-colosi\/"},"img":{"alt_text":"","src":"https:\/\/i0.wp.com\/ismaelcolosi.com.br\/wp-content\/uploads\/2023\/11\/pdfdownload.png?fit=1000%2C268&ssl=1&resize=350%2C200","width":350,"height":200,"srcset":"https:\/\/i0.wp.com\/ismaelcolosi.com.br\/wp-content\/uploads\/2023\/11\/pdfdownload.png?fit=1000%2C268&ssl=1&resize=350%2C200 1x, https:\/\/i0.wp.com\/ismaelcolosi.com.br\/wp-content\/uploads\/2023\/11\/pdfdownload.png?fit=1000%2C268&ssl=1&resize=525%2C300 1.5x, https:\/\/i0.wp.com\/ismaelcolosi.com.br\/wp-content\/uploads\/2023\/11\/pdfdownload.png?fit=1000%2C268&ssl=1&resize=700%2C400 2x"},"classes":[]},{"id":15438,"url":"https:\/\/ismaelcolosi.com.br\/index.php\/2023\/12\/13\/volume-de-servicos-recua-06-em-outubro-revela-ibge\/","url_meta":{"origin":74106,"position":3},"title":"Volume de servi\u00e7os recua 0,6% em outubro, revela IBGE \u2013 Folha de Ribeir\u00e3o","author":"ismaelcolosi.com.br","date":"13 de December de 2023","format":false,"excerpt":"O volume de servi\u00e7os no pa\u00eds caiu 0,6% em outubro deste ano, na compara\u00e7\u00e3o com setembro. Essa foi a terceira queda consecutiva do indicador, que acumula perdas de 2,3% em tr\u00eas meses. Os dados s\u00e3o da Pesquisa Mensal de Servi\u00e7os (PMS), divulgada nesta quarta-feira (13), no Rio de Janeiro, pelo\u2026","rel":"","context":"In &quot;Not\u00edcias de Ribeir\u00e3o Preto-SP e Regi\u00e3o&quot;","block_context":{"text":"Not\u00edcias de Ribeir\u00e3o Preto-SP e Regi\u00e3o","link":"https:\/\/ismaelcolosi.com.br\/index.php\/category\/noticias-de-ribeirao-preto-sp-e-regiao-ismael-colosi\/"},"img":{"alt_text":"","src":"","width":0,"height":0},"classes":[]},{"id":8734,"url":"https:\/\/ismaelcolosi.com.br\/index.php\/2023\/11\/30\/consumo-dos-brasileiros-medido-pela-abras-registrou-alta-de-289-em-outubro\/","url_meta":{"origin":74106,"position":4},"title":"Consumo dos brasileiros medido pela Abras, registrou alta de 2,89% em outubro","author":"ismaelcolosi.com.br","date":"30 de November de 2023","format":false,"excerpt":"O consumo nos lares brasileiros, medido pela Associa\u00e7\u00e3o Brasileira de Supermercados (Abras), registrou alta de 2,89% em outubro, na compara\u00e7\u00e3o com o m\u00eas anterior. Na compara\u00e7\u00e3o com outubro do ano passado, a alta \u00e9 de 0,61%. No acumulado do ano, a alta \u00e9 de 2,64%. O resultado contempla os formatos\u2026","rel":"","context":"In &quot;Not\u00edcias de Ribeir\u00e3o Preto-SP e Regi\u00e3o&quot;","block_context":{"text":"Not\u00edcias de Ribeir\u00e3o Preto-SP e Regi\u00e3o","link":"https:\/\/ismaelcolosi.com.br\/index.php\/category\/noticias-de-ribeirao-preto-sp-e-regiao-ismael-colosi\/"},"img":{"alt_text":"","src":"https:\/\/i0.wp.com\/ismaelcolosi.com.br\/wp-content\/uploads\/2023\/11\/consumo-scaled.jpg?fit=1000%2C598&ssl=1&resize=350%2C200","width":350,"height":200,"srcset":"https:\/\/i0.wp.com\/ismaelcolosi.com.br\/wp-content\/uploads\/2023\/11\/consumo-scaled.jpg?fit=1000%2C598&ssl=1&resize=350%2C200 1x, https:\/\/i0.wp.com\/ismaelcolosi.com.br\/wp-content\/uploads\/2023\/11\/consumo-scaled.jpg?fit=1000%2C598&ssl=1&resize=525%2C300 1.5x, https:\/\/i0.wp.com\/ismaelcolosi.com.br\/wp-content\/uploads\/2023\/11\/consumo-scaled.jpg?fit=1000%2C598&ssl=1&resize=700%2C400 2x"},"classes":[]},{"id":27210,"url":"https:\/\/ismaelcolosi.com.br\/index.php\/2024\/01\/11\/eleitor-tem-quatro-meses-para-regularizar-titulo-e-votar-em-outubro\/","url_meta":{"origin":74106,"position":5},"title":"Eleitor tem quatro meses para regularizar t\u00edtulo e votar em outubro","author":"ismaelcolosi.com.br","date":"11 de January de 2024","format":false,"excerpt":"11 de janeiro de 2024 | 18:0011 de janeiro de 2024 | 9:24 0Os cidad\u00e3os que pretendem votar nas elei\u00e7\u00f5es municipais de outubro t\u00eam menos de quatro meses para tirar o primeiro t\u00edtulo de eleitor ou regularizar o documento. A partir de 8 de maio, o cadastro eleitoral ser\u00e1 fechado\u2026","rel":"","context":"In &quot;Not\u00edcias de Ribeir\u00e3o Preto-SP e Regi\u00e3o&quot;","block_context":{"text":"Not\u00edcias de Ribeir\u00e3o Preto-SP e Regi\u00e3o","link":"https:\/\/ismaelcolosi.com.br\/index.php\/category\/noticias-de-ribeirao-preto-sp-e-regiao-ismael-colosi\/"},"img":{"alt_text":"","src":"https:\/\/i0.wp.com\/ismaelcolosi.com.br\/wp-content\/uploads\/2024\/01\/1e94da9c-69b2-46ed-b952-a2dcb7b08cfa-scaled.jpg?fit=1000%2C598&ssl=1&resize=350%2C200","width":350,"height":200,"srcset":"https:\/\/i0.wp.com\/ismaelcolosi.com.br\/wp-content\/uploads\/2024\/01\/1e94da9c-69b2-46ed-b952-a2dcb7b08cfa-scaled.jpg?fit=1000%2C598&ssl=1&resize=350%2C200 1x, https:\/\/i0.wp.com\/ismaelcolosi.com.br\/wp-content\/uploads\/2024\/01\/1e94da9c-69b2-46ed-b952-a2dcb7b08cfa-scaled.jpg?fit=1000%2C598&ssl=1&resize=525%2C300 1.5x, https:\/\/i0.wp.com\/ismaelcolosi.com.br\/wp-content\/uploads\/2024\/01\/1e94da9c-69b2-46ed-b952-a2dcb7b08cfa-scaled.jpg?fit=1000%2C598&ssl=1&resize=700%2C400 2x"},"classes":[]}],"jetpack_sharing_enabled":true,"jetpack_shortlink":"https:\/\/wp.me\/pfMlyK-jhg","_links":{"self":[{"href":"https:\/\/ismaelcolosi.com.br\/index.php\/wp-json\/wp\/v2\/posts\/74106","targetHints":{"allow":["GET"]}}],"collection":[{"href":"https:\/\/ismaelcolosi.com.br\/index.php\/wp-json\/wp\/v2\/posts"}],"about":[{"href":"https:\/\/ismaelcolosi.com.br\/index.php\/wp-json\/wp\/v2\/types\/post"}],"author":[{"embeddable":true,"href":"https:\/\/ismaelcolosi.com.br\/index.php\/wp-json\/wp\/v2\/users\/1"}],"replies":[{"embeddable":true,"href":"https:\/\/ismaelcolosi.com.br\/index.php\/wp-json\/wp\/v2\/comments?post=74106"}],"version-history":[{"count":0,"href":"https:\/\/ismaelcolosi.com.br\/index.php\/wp-json\/wp\/v2\/posts\/74106\/revisions"}],"wp:featuredmedia":[{"embeddable":true,"href":"https:\/\/ismaelcolosi.com.br\/index.php\/wp-json\/wp\/v2\/media\/74107"}],"wp:attachment":[{"href":"https:\/\/ismaelcolosi.com.br\/index.php\/wp-json\/wp\/v2\/media?parent=74106"}],"wp:term":[{"taxonomy":"category","embeddable":true,"href":"https:\/\/ismaelcolosi.com.br\/index.php\/wp-json\/wp\/v2\/categories?post=74106"},{"taxonomy":"post_tag","embeddable":true,"href":"https:\/\/ismaelcolosi.com.br\/index.php\/wp-json\/wp\/v2\/tags?post=74106"}],"curies":[{"name":"wp","href":"https:\/\/api.w.org\/{rel}","templated":true}]}}