{"id":74101,"date":"2024-10-29T22:27:13","date_gmt":"2024-10-30T01:27:13","guid":{"rendered":"https:\/\/ismaelcolosi.com.br\/index.php\/2024\/10\/29\/abstencao-na-eleicao-de-sao-paulo-e-a-maior-em-40-anos\/"},"modified":"2024-10-29T22:27:13","modified_gmt":"2024-10-30T01:27:13","slug":"abstencao-na-eleicao-de-sao-paulo-e-a-maior-em-40-anos","status":"publish","type":"post","link":"https:\/\/ismaelcolosi.com.br\/index.php\/2024\/10\/29\/abstencao-na-eleicao-de-sao-paulo-e-a-maior-em-40-anos\/","title":{"rendered":"Absten\u00e7\u00e3o na elei\u00e7\u00e3o de S\u00e3o Paulo \u00e9 a maior em 40 anos"},"content":{"rendered":"<p> <br \/>\n<\/p>\n<div id=\"Corpo\">Ricardo Nunes foi reeleito prefeito de S\u00e3o Paulo neste domingo, 27, em vota\u00e7\u00e3o que teve absten\u00e7\u00e3o recorde. A capital registrou neste ano o maior \u00edndice de aus\u00eancia em um segundo turno desde a redemocratiza\u00e7\u00e3o: mais de 2,94 milh\u00f5es de eleitores (31,54%) n\u00e3o foram \u00e0s urnas.<\/p>\n<p>O n\u00famero supera a vota\u00e7\u00e3o de Guilherme Boulos (PSOL), que recebeu pouco mais de 2,3 milh\u00f5es de votos. Nulos e brancos somaram mais de 665 mil (10,42%), abaixo dos 879 mil registrados em 2020, o que significa que quase 42% dos eleitores n\u00e3o votaram em nenhum dos dois candidatos no segundo turno desta elei\u00e7\u00e3o.<\/p><div class='code-block code-block-8' style='margin: 8px auto; text-align: center; display: block; clear: both;'>\n<script>\n  atOptions = {\n    'key' : '66e2e2111ca34da796271819fc334058',\n    'format' : 'iframe',\n    'height' : 250,\n    'width' : 300,\n    'params' : {}\n  };\n<\/script>\n<script src=\"https:\/\/www.highperformanceformat.com\/66e2e2111ca34da796271819fc334058\/invoke.js\"><\/script>\n<\/div>\n\n<p>Em 2020, na \u00faltima disputa municipal em que houve segundo turno, entre Bruno Covas (PSDB) e Boulos, a absten\u00e7\u00e3o registrada j\u00e1 havia batido um recorde, chegando a 30,81% \u2013 ou seja, 2,77 milh\u00f5es de eleitores.<\/p>\n<p>Na elei\u00e7\u00e3o de 2016, Jo\u00e3o D\u00f3ria (PSDB) derrotou Fernando Haddad (PT) no primeiro turno com uma absten\u00e7\u00e3o de 21,8%. No segundo turno da elei\u00e7\u00e3o de 2012, quando Haddad venceu Jos\u00e9 Serra (PSDB), o \u00edndice havia sido de 19,99%.<\/p>\n<p>Em 2008, Gilberto Kassab (PSD) venceu Marta Suplicy (PT) com um \u00edndice de absten\u00e7\u00e3o de 17,54%. E, em 2004, quando Marta foi derrotada por Serra, a aus\u00eancia ficou em 17,55%. Para alguns analistas, o aumento da absten\u00e7\u00e3o ao longo dos anos poderia indicar uma tend\u00eancia de insatisfa\u00e7\u00e3o com a democracia representativa. A menor absten\u00e7\u00e3o desde a redemocratiza\u00e7\u00e3o foi registrada em 1988 (6,98%), na disputa em que Luiza Erundina (PT) ganhou de Paulo Maluf (PDS).<\/p>\n<p><b>Crescimento<\/b><\/p>\n<p>No primeiro turno, no dia 6, a 1.\u00aa Zona Eleitoral (Bela Vista), localizada na regi\u00e3o central, registrou a maior absten\u00e7\u00e3o da cidade, com 34,81% dos eleitores optando por n\u00e3o comparecer \u00e0s urnas. J\u00e1 a 397.\u00aa Zona Eleitoral (Jardim Helena), na zona leste, teve o maior comparecimento (75,72%).<\/p>\n<p>As maiores absten\u00e7\u00f5es nas quatro \u00faltimas elei\u00e7\u00f5es municipais foram registradas na 1.\u00aa Zona Eleitoral (Bela Vista) e na 3.\u00aa Zona Eleitoral (Santa Ifig\u00eania), ambas a regi\u00e3o central, e na 5 \u00aa Zona Eleitoral (Jardim Paulista), na zona oeste. No primeiro turno de 2024, todas tiveram mais de 30% de absten\u00e7\u00e3o.<\/p>\n<p>As informa\u00e7\u00f5es s\u00e3o do jornal\u00a0<b>O Estado de S. Paulo.<\/b><\/p>\n<\/div>\n<p><br \/>\n<br \/><a href=\"https:\/\/www.tribunaribeirao.com.br\/abstencao-na-eleicao-de-sao-paulo-e-a-maior-em-40-anos\/\">Source link <\/a><\/p>\n<div class='code-block code-block-4' style='margin: 8px auto 8px 0; text-align: left; display: block; clear: both;'>\n\ud83d\udce2 Aviso Legal\n\nO site ismaelcolosi.com.br atua apenas como um canal de divulga\u00e7\u00e3o de oportunidades de emprego e n\u00e3o se responsabiliza pelo processo seletivo, contrata\u00e7\u00e3o ou qualquer outra etapa relacionada \u00e0s vagas publicadas. Todas as informa\u00e7\u00f5es s\u00e3o de responsabilidade dos anunciantes.\n\n\u26a0\ufe0f Aten\u00e7\u00e3o! Nunca pague por promessas de emprego nem compre cursos que garantam contrata\u00e7\u00e3o. Desconfie de qualquer cobran\u00e7a para participar de sele\u00e7\u00f5es.\n\n\n\n<\/div>\n<!-- CONTENT END 1 -->\n","protected":false},"excerpt":{"rendered":"<p>Ricardo Nunes foi reeleito prefeito de S\u00e3o Paulo neste domingo, 27, em vota\u00e7\u00e3o que teve absten\u00e7\u00e3o recorde. A capital registrou neste ano o maior \u00edndice&#8230;<\/p>\n","protected":false},"author":1,"featured_media":74102,"comment_status":"open","ping_status":"open","sticky":false,"template":"","format":"standard","meta":{"_uag_custom_page_level_css":"","advanced_seo_description":"","jetpack_seo_html_title":"","jetpack_seo_noindex":false,"jetpack_post_was_ever_published":false,"_jetpack_newsletter_access":"","_jetpack_dont_email_post_to_subs":false,"_jetpack_newsletter_tier_id":0,"_jetpack_memberships_contains_paywalled_content":false,"_jetpack_memberships_contains_paid_content":false,"footnotes":"","jetpack_publicize_message":"","jetpack_publicize_feature_enabled":true,"jetpack_social_post_already_shared":true,"jetpack_social_options":{"image_generator_settings":{"template":"highway","default_image_id":0,"font":"","enabled":false},"version":2}},"categories":[11],"tags":[],"class_list":["post-74101","post","type-post","status-publish","format-standard","has-post-thumbnail","hentry","category-noticias-de-ribeirao-preto-sp-e-regiao-ismael-colosi"],"jetpack_publicize_connections":[],"jetpack_featured_media_url":"https:\/\/i0.wp.com\/ismaelcolosi.com.br\/wp-content\/uploads\/2024\/10\/c9495433-f207-48b0-ac4f-af1cf1c84d96-scaled.jpeg?fit=800%2C450&ssl=1","uagb_featured_image_src":{"full":["https:\/\/i0.wp.com\/ismaelcolosi.com.br\/wp-content\/uploads\/2024\/10\/c9495433-f207-48b0-ac4f-af1cf1c84d96-scaled.jpeg?fit=800%2C450&ssl=1",800,450,false],"thumbnail":["https:\/\/i0.wp.com\/ismaelcolosi.com.br\/wp-content\/uploads\/2024\/10\/c9495433-f207-48b0-ac4f-af1cf1c84d96-scaled.jpeg?resize=150%2C150&ssl=1",150,150,true],"medium":["https:\/\/i0.wp.com\/ismaelcolosi.com.br\/wp-content\/uploads\/2024\/10\/c9495433-f207-48b0-ac4f-af1cf1c84d96-scaled.jpeg?fit=300%2C169&ssl=1",300,169,true],"medium_large":["https:\/\/i0.wp.com\/ismaelcolosi.com.br\/wp-content\/uploads\/2024\/10\/c9495433-f207-48b0-ac4f-af1cf1c84d96-scaled.jpeg?fit=768%2C432&ssl=1",768,432,true],"large":["https:\/\/i0.wp.com\/ismaelcolosi.com.br\/wp-content\/uploads\/2024\/10\/c9495433-f207-48b0-ac4f-af1cf1c84d96-scaled.jpeg?fit=800%2C450&ssl=1",800,450,true],"1536x1536":["https:\/\/i0.wp.com\/ismaelcolosi.com.br\/wp-content\/uploads\/2024\/10\/c9495433-f207-48b0-ac4f-af1cf1c84d96-scaled.jpeg?fit=800%2C450&ssl=1",800,450,true],"2048x2048":["https:\/\/i0.wp.com\/ismaelcolosi.com.br\/wp-content\/uploads\/2024\/10\/c9495433-f207-48b0-ac4f-af1cf1c84d96-scaled.jpeg?fit=800%2C450&ssl=1",800,450,true],"really-simple-thumb":["https:\/\/i0.wp.com\/ismaelcolosi.com.br\/wp-content\/uploads\/2024\/10\/c9495433-f207-48b0-ac4f-af1cf1c84d96-scaled.jpeg?resize=370%2C247&ssl=1",370,247,true]},"uagb_author_info":{"display_name":"ismaelcolosi.com.br","author_link":"https:\/\/ismaelcolosi.com.br\/index.php\/author\/vidareal-online\/"},"uagb_comment_info":0,"uagb_excerpt":"Ricardo Nunes foi reeleito prefeito de S\u00e3o Paulo neste domingo, 27, em vota\u00e7\u00e3o que teve absten\u00e7\u00e3o recorde. A capital registrou neste ano o maior \u00edndice...","jetpack-related-posts":[{"id":73822,"url":"https:\/\/ismaelcolosi.com.br\/index.php\/2024\/10\/28\/quaest-explica-resultado-diferente-do-divulgado-na-ultima-pesquisa-para-ribeirao-preto-2\/","url_meta":{"origin":74101,"position":0},"title":"Quaest explica resultado diferente do divulgado na \u00faltima\u00a0pesquisa para Ribeir\u00e3o Preto","author":"ismaelcolosi.com.br","date":"28 de October de 2024","format":false,"excerpt":"O recorde de absten\u00e7\u00e3o no 2\u00ba turno das elei\u00e7\u00f5es 2024 e a incapacidade de mobilizar eleitores contribu\u00edram para o resultado nas urnas diferente do apontado pela pesquisa divulgada no s\u00e1bado (26), afirma Felipe Nunes, diretor do Quaest. No levantamento publicado \u00e0s v\u00e9speras da vota\u00e7\u00e3o, Ricardo Silva (PSD) aparecia com 57%\u2026","rel":"","context":"In &quot;Not\u00edcias de Ribeir\u00e3o Preto-SP e Regi\u00e3o&quot;","block_context":{"text":"Not\u00edcias de Ribeir\u00e3o Preto-SP e Regi\u00e3o","link":"https:\/\/ismaelcolosi.com.br\/index.php\/category\/noticias-de-ribeirao-preto-sp-e-regiao-ismael-colosi\/"},"img":{"alt_text":"","src":"https:\/\/i0.wp.com\/ismaelcolosi.com.br\/wp-content\/uploads\/2024\/10\/Sem-titulo_2024-10-28_23-55-53_png_2024-10-28_23-55-53.webp.webp?fit=1200%2C536&ssl=1&resize=350%2C200","width":350,"height":200,"srcset":"https:\/\/i0.wp.com\/ismaelcolosi.com.br\/wp-content\/uploads\/2024\/10\/Sem-titulo_2024-10-28_23-55-53_png_2024-10-28_23-55-53.webp.webp?fit=1200%2C536&ssl=1&resize=350%2C200 1x, https:\/\/i0.wp.com\/ismaelcolosi.com.br\/wp-content\/uploads\/2024\/10\/Sem-titulo_2024-10-28_23-55-53_png_2024-10-28_23-55-53.webp.webp?fit=1200%2C536&ssl=1&resize=525%2C300 1.5x, https:\/\/i0.wp.com\/ismaelcolosi.com.br\/wp-content\/uploads\/2024\/10\/Sem-titulo_2024-10-28_23-55-53_png_2024-10-28_23-55-53.webp.webp?fit=1200%2C536&ssl=1&resize=700%2C400 2x, https:\/\/i0.wp.com\/ismaelcolosi.com.br\/wp-content\/uploads\/2024\/10\/Sem-titulo_2024-10-28_23-55-53_png_2024-10-28_23-55-53.webp.webp?fit=1200%2C536&ssl=1&resize=1050%2C600 3x"},"classes":[]},{"id":73513,"url":"https:\/\/ismaelcolosi.com.br\/index.php\/2024\/10\/27\/eleitores-voltam-as-urnas-para-o-2o-turno-das-eleicoes-regras-e-orientacoes-essenciais\/","url_meta":{"origin":74101,"position":1},"title":"Eleitores Voltam \u00e0s Urnas para o 2\u00ba Turno das Elei\u00e7\u00f5es: Regras e Orienta\u00e7\u00f5es Essenciais","author":"ismaelcolosi.com.br","date":"27 de October de 2024","format":false,"excerpt":"Neste domingo, milh\u00f5es de brasileiros voltar\u00e3o \u00e0s urnas para decidir o 2\u00ba turno das elei\u00e7\u00f5es municipais e estaduais. Em disputa, est\u00e3o as prefeituras de diversas capitais e cidades importantes, al\u00e9m do cargo de governador em estados onde nenhum candidato atingiu mais de 50% dos votos no primeiro turno. Com um\u2026","rel":"","context":"In &quot;Not\u00edcias de Ribeir\u00e3o Preto-SP e Regi\u00e3o&quot;","block_context":{"text":"Not\u00edcias de Ribeir\u00e3o Preto-SP e Regi\u00e3o","link":"https:\/\/ismaelcolosi.com.br\/index.php\/category\/noticias-de-ribeirao-preto-sp-e-regiao-ismael-colosi\/"},"img":{"alt_text":"","src":"https:\/\/i0.wp.com\/ismaelcolosi.com.br\/wp-content\/uploads\/2024\/10\/mg_2141_01.webp.webp?fit=1170%2C700&ssl=1&resize=350%2C200","width":350,"height":200,"srcset":"https:\/\/i0.wp.com\/ismaelcolosi.com.br\/wp-content\/uploads\/2024\/10\/mg_2141_01.webp.webp?fit=1170%2C700&ssl=1&resize=350%2C200 1x, https:\/\/i0.wp.com\/ismaelcolosi.com.br\/wp-content\/uploads\/2024\/10\/mg_2141_01.webp.webp?fit=1170%2C700&ssl=1&resize=525%2C300 1.5x, https:\/\/i0.wp.com\/ismaelcolosi.com.br\/wp-content\/uploads\/2024\/10\/mg_2141_01.webp.webp?fit=1170%2C700&ssl=1&resize=700%2C400 2x, https:\/\/i0.wp.com\/ismaelcolosi.com.br\/wp-content\/uploads\/2024\/10\/mg_2141_01.webp.webp?fit=1170%2C700&ssl=1&resize=1050%2C600 3x"},"classes":[]},{"id":73878,"url":"https:\/\/ismaelcolosi.com.br\/index.php\/2024\/10\/29\/eleitores-ausentes-no-segundo-turno-tem-ate-7-de-janeiro-para-justificar-voto\/","url_meta":{"origin":74101,"position":2},"title":"Eleitores Ausentes no Segundo Turno T\u00eam At\u00e9 7 de Janeiro para Justificar Voto","author":"ismaelcolosi.com.br","date":"29 de October de 2024","format":false,"excerpt":"O Tribunal Superior Eleitoral (TSE) estabeleceu o dia 7 de janeiro de 2025 como o prazo final para que eleitores que n\u00e3o compareceram ao segundo turno das elei\u00e7\u00f5es deste ano justifiquem sua aus\u00eancia. A medida \u00e9 crucial para os eleitores que n\u00e3o puderam votar e desejam manter sua situa\u00e7\u00e3o regular\u2026","rel":"","context":"In &quot;Not\u00edcias de Ribeir\u00e3o Preto-SP e Regi\u00e3o&quot;","block_context":{"text":"Not\u00edcias de Ribeir\u00e3o Preto-SP e Regi\u00e3o","link":"https:\/\/ismaelcolosi.com.br\/index.php\/category\/noticias-de-ribeirao-preto-sp-e-regiao-ismael-colosi\/"},"img":{"alt_text":"","src":"https:\/\/i0.wp.com\/ismaelcolosi.com.br\/wp-content\/uploads\/2024\/10\/lacracao-urnas-eletronicas_mcamgo_abr_210920221818-11.webp.webp?fit=1170%2C700&ssl=1&resize=350%2C200","width":350,"height":200,"srcset":"https:\/\/i0.wp.com\/ismaelcolosi.com.br\/wp-content\/uploads\/2024\/10\/lacracao-urnas-eletronicas_mcamgo_abr_210920221818-11.webp.webp?fit=1170%2C700&ssl=1&resize=350%2C200 1x, https:\/\/i0.wp.com\/ismaelcolosi.com.br\/wp-content\/uploads\/2024\/10\/lacracao-urnas-eletronicas_mcamgo_abr_210920221818-11.webp.webp?fit=1170%2C700&ssl=1&resize=525%2C300 1.5x, https:\/\/i0.wp.com\/ismaelcolosi.com.br\/wp-content\/uploads\/2024\/10\/lacracao-urnas-eletronicas_mcamgo_abr_210920221818-11.webp.webp?fit=1170%2C700&ssl=1&resize=700%2C400 2x, https:\/\/i0.wp.com\/ismaelcolosi.com.br\/wp-content\/uploads\/2024\/10\/lacracao-urnas-eletronicas_mcamgo_abr_210920221818-11.webp.webp?fit=1170%2C700&ssl=1&resize=1050%2C600 3x"},"classes":[]},{"id":73946,"url":"https:\/\/ismaelcolosi.com.br\/index.php\/2024\/10\/29\/utm_sourcerssutm_mediumrssutm_campaigneleitores-ausentes-no-segundo-turno-tem-ate-7-de-janeiro-para-justificar-voto\/","url_meta":{"origin":74101,"position":3},"title":"Eleitores Ausentes no Segundo Turno T\u00eam At\u00e9 7 de Janeiro para Justificar Voto","author":"ismaelcolosi.com.br","date":"29 de October de 2024","format":false,"excerpt":"O Tribunal Superior Eleitoral (TSE) estabeleceu o dia 7 de janeiro de 2025 como o prazo final para que eleitores que n\u00e3o compareceram ao segundo turno das elei\u00e7\u00f5es deste ano justifiquem sua aus\u00eancia. A medida \u00e9 crucial para os eleitores que n\u00e3o puderam votar e desejam manter sua situa\u00e7\u00e3o regular\u2026","rel":"","context":"In &quot;Not\u00edcias de Ribeir\u00e3o Preto-SP e Regi\u00e3o&quot;","block_context":{"text":"Not\u00edcias de Ribeir\u00e3o Preto-SP e Regi\u00e3o","link":"https:\/\/ismaelcolosi.com.br\/index.php\/category\/noticias-de-ribeirao-preto-sp-e-regiao-ismael-colosi\/"},"img":{"alt_text":"","src":"https:\/\/i0.wp.com\/ismaelcolosi.com.br\/wp-content\/uploads\/2024\/10\/lacracao-urnas-eletronicas_mcamgo_abr_210920221818-11.webp.webp?fit=1170%2C700&ssl=1&resize=350%2C200","width":350,"height":200,"srcset":"https:\/\/i0.wp.com\/ismaelcolosi.com.br\/wp-content\/uploads\/2024\/10\/lacracao-urnas-eletronicas_mcamgo_abr_210920221818-11.webp.webp?fit=1170%2C700&ssl=1&resize=350%2C200 1x, https:\/\/i0.wp.com\/ismaelcolosi.com.br\/wp-content\/uploads\/2024\/10\/lacracao-urnas-eletronicas_mcamgo_abr_210920221818-11.webp.webp?fit=1170%2C700&ssl=1&resize=525%2C300 1.5x, https:\/\/i0.wp.com\/ismaelcolosi.com.br\/wp-content\/uploads\/2024\/10\/lacracao-urnas-eletronicas_mcamgo_abr_210920221818-11.webp.webp?fit=1170%2C700&ssl=1&resize=700%2C400 2x, https:\/\/i0.wp.com\/ismaelcolosi.com.br\/wp-content\/uploads\/2024\/10\/lacracao-urnas-eletronicas_mcamgo_abr_210920221818-11.webp.webp?fit=1170%2C700&ssl=1&resize=1050%2C600 3x"},"classes":[]},{"id":69496,"url":"https:\/\/ismaelcolosi.com.br\/index.php\/2024\/10\/06\/eleicoes-2024-477-mil-eleitores-vao-as-urnas-em-ribeirao-preto-neste-domingo\/","url_meta":{"origin":74101,"position":4},"title":"Elei\u00e7\u00f5es 2024: 477 mil eleitores v\u00e3o \u00e0s urnas em Ribeir\u00e3o Preto neste domingo","author":"ismaelcolosi.com.br","date":"6 de October de 2024","format":false,"excerpt":"O 1\u00ba turno das\u00a0elei\u00e7\u00f5es municipais de 2024\u00a0acontece neste domingo (6), das 8h \u00e0s 17h. E,\u00a0Ribeir\u00e3o Preto\u00a0conta 115 locais de vota\u00e7\u00e3o e mais de 477 mil eleitores registrados\u00a0para escolher o pr\u00f3ximo prefeito e os 22 vereadores a partir de 1\u00ba de janeiro de 2025. Veja no mapa interativo os endere\u00e7os de\u2026","rel":"","context":"In &quot;Not\u00edcias de Ribeir\u00e3o Preto-SP e Regi\u00e3o&quot;","block_context":{"text":"Not\u00edcias de Ribeir\u00e3o Preto-SP e Regi\u00e3o","link":"https:\/\/ismaelcolosi.com.br\/index.php\/category\/noticias-de-ribeirao-preto-sp-e-regiao-ismael-colosi\/"},"img":{"alt_text":"","src":"https:\/\/i0.wp.com\/ismaelcolosi.com.br\/wp-content\/uploads\/2024\/09\/trevao-ribeirao-preto_2024-09-12_17-08-13_jpeg_2024-09-12_17-08-13.webp.webp?fit=1200%2C652&ssl=1&resize=350%2C200","width":350,"height":200,"srcset":"https:\/\/i0.wp.com\/ismaelcolosi.com.br\/wp-content\/uploads\/2024\/09\/trevao-ribeirao-preto_2024-09-12_17-08-13_jpeg_2024-09-12_17-08-13.webp.webp?fit=1200%2C652&ssl=1&resize=350%2C200 1x, https:\/\/i0.wp.com\/ismaelcolosi.com.br\/wp-content\/uploads\/2024\/09\/trevao-ribeirao-preto_2024-09-12_17-08-13_jpeg_2024-09-12_17-08-13.webp.webp?fit=1200%2C652&ssl=1&resize=525%2C300 1.5x, https:\/\/i0.wp.com\/ismaelcolosi.com.br\/wp-content\/uploads\/2024\/09\/trevao-ribeirao-preto_2024-09-12_17-08-13_jpeg_2024-09-12_17-08-13.webp.webp?fit=1200%2C652&ssl=1&resize=700%2C400 2x, https:\/\/i0.wp.com\/ismaelcolosi.com.br\/wp-content\/uploads\/2024\/09\/trevao-ribeirao-preto_2024-09-12_17-08-13_jpeg_2024-09-12_17-08-13.webp.webp?fit=1200%2C652&ssl=1&resize=1050%2C600 3x"},"classes":[]},{"id":70680,"url":"https:\/\/ismaelcolosi.com.br\/index.php\/2024\/10\/11\/mapa-interativo-saiba-onde-os-candidatos-do-2o-turno-venceram-em-ribeirao-preto\/","url_meta":{"origin":74101,"position":5},"title":"Mapa interativo: Saiba onde os candidatos do 2\u00ba turno venceram em Ribeir\u00e3o Preto","author":"ismaelcolosi.com.br","date":"11 de October de 2024","format":false,"excerpt":"Conforme dados do TSE (Tribunal Superior Eleitoral), 317.568 mil cidad\u00e3os (66,49%) foram \u00e0s urnas durante o 1\u00ba turno das elei\u00e7\u00f5es em Ribeir\u00e3o Preto. Com isso, foi decidido que os candidatos Ricardo Silva (PSD) e Marco Aur\u00e9lio (Novo) seguem na disputa pelo cargo de Prefeito no munic\u00edpio. Para te ajudar a\u2026","rel":"","context":"In &quot;Not\u00edcias de Ribeir\u00e3o Preto-SP e Regi\u00e3o&quot;","block_context":{"text":"Not\u00edcias de Ribeir\u00e3o Preto-SP e Regi\u00e3o","link":"https:\/\/ismaelcolosi.com.br\/index.php\/category\/noticias-de-ribeirao-preto-sp-e-regiao-ismael-colosi\/"},"img":{"alt_text":"","src":"https:\/\/i0.wp.com\/ismaelcolosi.com.br\/wp-content\/uploads\/2024\/10\/Copia-de-Copia-de-Copia-de-TAMANHO-EXATO-PARA-FOTOS-NO-SISTEMA-NOVO-100_2024-10-11_21-27-44_png_2024-10-11_21-27-44.webp.webp?fit=1200%2C675&ssl=1&resize=350%2C200","width":350,"height":200,"srcset":"https:\/\/i0.wp.com\/ismaelcolosi.com.br\/wp-content\/uploads\/2024\/10\/Copia-de-Copia-de-Copia-de-TAMANHO-EXATO-PARA-FOTOS-NO-SISTEMA-NOVO-100_2024-10-11_21-27-44_png_2024-10-11_21-27-44.webp.webp?fit=1200%2C675&ssl=1&resize=350%2C200 1x, https:\/\/i0.wp.com\/ismaelcolosi.com.br\/wp-content\/uploads\/2024\/10\/Copia-de-Copia-de-Copia-de-TAMANHO-EXATO-PARA-FOTOS-NO-SISTEMA-NOVO-100_2024-10-11_21-27-44_png_2024-10-11_21-27-44.webp.webp?fit=1200%2C675&ssl=1&resize=525%2C300 1.5x, https:\/\/i0.wp.com\/ismaelcolosi.com.br\/wp-content\/uploads\/2024\/10\/Copia-de-Copia-de-Copia-de-TAMANHO-EXATO-PARA-FOTOS-NO-SISTEMA-NOVO-100_2024-10-11_21-27-44_png_2024-10-11_21-27-44.webp.webp?fit=1200%2C675&ssl=1&resize=700%2C400 2x, https:\/\/i0.wp.com\/ismaelcolosi.com.br\/wp-content\/uploads\/2024\/10\/Copia-de-Copia-de-Copia-de-TAMANHO-EXATO-PARA-FOTOS-NO-SISTEMA-NOVO-100_2024-10-11_21-27-44_png_2024-10-11_21-27-44.webp.webp?fit=1200%2C675&ssl=1&resize=1050%2C600 3x"},"classes":[]}],"jetpack_sharing_enabled":true,"jetpack_shortlink":"https:\/\/wp.me\/pfMlyK-jhb","_links":{"self":[{"href":"https:\/\/ismaelcolosi.com.br\/index.php\/wp-json\/wp\/v2\/posts\/74101","targetHints":{"allow":["GET"]}}],"collection":[{"href":"https:\/\/ismaelcolosi.com.br\/index.php\/wp-json\/wp\/v2\/posts"}],"about":[{"href":"https:\/\/ismaelcolosi.com.br\/index.php\/wp-json\/wp\/v2\/types\/post"}],"author":[{"embeddable":true,"href":"https:\/\/ismaelcolosi.com.br\/index.php\/wp-json\/wp\/v2\/users\/1"}],"replies":[{"embeddable":true,"href":"https:\/\/ismaelcolosi.com.br\/index.php\/wp-json\/wp\/v2\/comments?post=74101"}],"version-history":[{"count":0,"href":"https:\/\/ismaelcolosi.com.br\/index.php\/wp-json\/wp\/v2\/posts\/74101\/revisions"}],"wp:featuredmedia":[{"embeddable":true,"href":"https:\/\/ismaelcolosi.com.br\/index.php\/wp-json\/wp\/v2\/media\/74102"}],"wp:attachment":[{"href":"https:\/\/ismaelcolosi.com.br\/index.php\/wp-json\/wp\/v2\/media?parent=74101"}],"wp:term":[{"taxonomy":"category","embeddable":true,"href":"https:\/\/ismaelcolosi.com.br\/index.php\/wp-json\/wp\/v2\/categories?post=74101"},{"taxonomy":"post_tag","embeddable":true,"href":"https:\/\/ismaelcolosi.com.br\/index.php\/wp-json\/wp\/v2\/tags?post=74101"}],"curies":[{"name":"wp","href":"https:\/\/api.w.org\/{rel}","templated":true}]}}