{"id":74099,"date":"2024-10-29T22:13:38","date_gmt":"2024-10-30T01:13:38","guid":{"rendered":"https:\/\/ismaelcolosi.com.br\/index.php\/2024\/10\/29\/usp-filarmonica-apresenta-repertorio-brasileiro\/"},"modified":"2024-10-29T22:13:38","modified_gmt":"2024-10-30T01:13:38","slug":"usp-filarmonica-apresenta-repertorio-brasileiro","status":"publish","type":"post","link":"https:\/\/ismaelcolosi.com.br\/index.php\/2024\/10\/29\/usp-filarmonica-apresenta-repertorio-brasileiro\/","title":{"rendered":"USP Filarm\u00f4nica apresenta repert\u00f3rio brasileiro"},"content":{"rendered":"<p> <br \/>\n<\/p>\n<div>\n<p class=\"x_MsoNormal\">A USP Filarm\u00f4nica, sob a reg\u00eancia do maestro convidado Lucas Eduardo da Silva Galon, realiza um concerto gratuito de repert\u00f3rio brasileiro na pr\u00f3xima ter\u00e7a-feira, dia 29 de outubro, \u00e0s 20h, no Theatro Pedro II.<\/p>\n<p class=\"x_MsoNormal\">A apresenta\u00e7\u00e3o contar\u00e1 com a participa\u00e7\u00e3o dos solistas Raquel Paulin (soprano), Juliana Taino (mezzo-soprano) e Samuel Silva (violoncelo).<\/p><div class='code-block code-block-8' style='margin: 8px auto; text-align: center; display: block; clear: both;'>\n<script>\n  atOptions = {\n    'key' : '66e2e2111ca34da796271819fc334058',\n    'format' : 'iframe',\n    'height' : 250,\n    'width' : 300,\n    'params' : {}\n  };\n<\/script>\n<script src=\"https:\/\/www.highperformanceformat.com\/66e2e2111ca34da796271819fc334058\/invoke.js\"><\/script>\n<\/div>\n\n<p class=\"x_MsoNormal\">Na primeira parte do programa, a orquestra de bolsistas de gradua\u00e7\u00e3o em M\u00fasica da USP apresenta o\u00a0<i>Romance para violoncelo solo e orquestra<\/i>, obra de Homero de S\u00e1 Barreto (1884-1924), com orquestra\u00e7\u00e3o de Lucas Galon.<\/p>\n<p class=\"x_MsoNormal\">Dando continuidade ao resgate da m\u00fasica brasileira, o programa segue com\u00a0<i>Duas Modinhas Pradenses<\/i>, uma joia an\u00f4nima do s\u00e9culo XIX, resgatada e pesquisada por Adhemar Campos Filho e George Olivier Toni, que nesta vers\u00e3o conta com harmoniza\u00e7\u00e3o e orquestra\u00e7\u00e3o de Rubens Russomanno Ricciardi.<\/p>\n<p class=\"x_MsoNormal\">A composi\u00e7\u00e3o do pr\u00f3prio maestro Lucas Galon, professor do DM-FFCLRP-USP, tamb\u00e9m est\u00e1 no repert\u00f3rio. A obra,\u00a0<i>Busque Amor Novas Artes, Novo Engenho<\/i>, \u00e9 uma pe\u00e7a para solista mezzo-soprano, baseada num soneto do grande poeta portugu\u00eas Lu\u00eds de Cam\u00f5es.<\/p>\n<p class=\"x_MsoNormal\">A m\u00fasica de Claudio Santoro, um dos principais compositores do s\u00e9culo XX, tamb\u00e9m ser\u00e1 lembrada com a apresenta\u00e7\u00e3o de\u00a0<i>Amor em L\u00e1grimas<\/i>\u00a0e de\u00a0<i>Ouve o Sil\u00eancio<\/i>, com letras de Vin\u00edcius de Moraes. Nas obras, Rubens Russomanno Ricciardi assina as orquestra\u00e7\u00f5es.<\/p>\n<p class=\"x_MsoNormal\">O concerto traz tamb\u00e9m a obra\u00a0<i>Os Beijos de Frade<\/i>, um lundum de Henrique Alves de Mesquita, com letra de Eduardo Diniz Villas-Boas e arranjo de Rubens Russomanno Ricciardi, e a obra\u00a0<i>Venid a Sospirar<\/i>, de Jos\u00e9 Gustavo Juli\u00e3o de Camargo.<\/p>\n<p class=\"x_MsoNormal\">A noite ser\u00e1 marcada, ainda, por homenagens a grandes nomes da m\u00fasica brasileira, como Dolores Duran, com a obra\u00a0<i>A Noite do Meu Bem<\/i>, e Lupic\u00ednio Rodrigues, cuja obra\u00a0<i>Felicidade<\/i>\u00a0ser\u00e1 apresentada com arranjos orquestrais escritos tamb\u00e9m por Rubens Russomanno Ricciardi.<\/p>\n<p class=\"x_MsoNormal\">Outras tr\u00eas obras de Rubens Russomanno Ricciardi ser\u00e3o apresentadas em seguida, com destaque para\u00a0<i>Agora que Sinto Amor<\/i>, com poema de Fernando Pessoa. As outras duas obras\u00a0<i>Lilia, oh Lilia!<\/i>\u00a0e\u00a0<i>Lundum da Nhanhazinha,<\/i>\u00a0com cantus firmus de Gilberto Mendes, contam com poemas do cancioneiro de Domingos Caldas Barbosa.<\/p>\n<p class=\"x_MsoNormal\">Encerrando a apresenta\u00e7\u00e3o, a USP Filarm\u00f4nica interpreta<i>\u00a0Felicidade,\u00a0<\/i>de Lupic\u00ednio Rodrigues, com orquestra\u00e7\u00e3o de Rubens Russomanno Ricciardi.<\/p>\n<p class=\"x_MsoNormal\">A entrada \u00e9 aberta e gratuita, sem necessidade de retirar ingressos. O Theatro Pedro II se situa no Quarteir\u00e3o Paulista de Ribeir\u00e3o Preto, na Rua \u00c1lvares Cabral, 370.<\/p>\n<p class=\"x_MsoNormal\">A USP Filarm\u00f4nica apresenta o mesmo repert\u00f3rio na cidade de S\u00e3o Carlos, na quarta-feira, dia 30 de agosto (quarta-feira), \u00e0s 20h, no S\u00e3o Carlos Clube, na Avenida S\u00e3o Carlos, 1919, no Centro. Os ingressos podem ser retirados 1h antes na secretaria do clube.<\/p>\n<p class=\"x_MsoNormal\"><b>USP Filarm\u00f4nica \u2013 Theatro Pedro II (Ribeir\u00e3o Preto)<\/b><\/p>\n<p class=\"x_MsoNormal\">Data: 29\/10 (ter\u00e7a-feira)<br \/>Hor\u00e1rio: 20h<br \/>Local: Theatro Pedro II \u2013\u00a0Rua \u00c1lvares Cabral, n\u00ba 370<\/p>\n<p class=\"x_MsoNormal\">Entrada gratuita \u2013 sem necessidade de retirar ingressos<\/p>\n<p class=\"x_MsoNormal\"><b>USP Filarm\u00f4nica \u2013 S\u00e3o Carlos Clube (S\u00e3o Carlos)<\/b><\/p>\n<p class=\"x_MsoNormal\">Data: 30\/10 (quarta-feira)<\/p>\n<p class=\"x_MsoNormal\">Hor\u00e1rio: 20h<\/p>\n<p class=\"x_MsoNormal\">Local: S\u00e3o Carlos Clube \u2013 Avenida S\u00e3o Carlos, 1919, Centro \u2013 S\u00e3o Carlos\/SP<\/p>\n<p class=\"x_MsoNormal\">Informa\u00e7\u00f5es: (16) 3371-4339 \/\u00a0<a href=\"http:\/\/www.tribunaribeirao.com.br\/cdn-cgi\/l\/email-protection#b2c6dfc1d19cc2d3c7c6d3f2d5dfd3dbde9cd1dddf\" data-linkindex=\"1\"><span class=\"__cf_email__\" data-cfemail=\"daaeb7a9b9f4aabbafaebb9abdb7bbb3b6f4b9b5b7\">[email\u00a0protected]<\/span><\/a><\/p>\n<p class=\"x_MsoNormal\">Entrada gratuita<\/p>\n<\/div>\n<p><br \/>\n<br \/><a href=\"https:\/\/www.tribunaribeirao.com.br\/usp-filarmonica-apresenta-repertorio-brasileiro\/\">Source link <\/a><\/p>\n<div class='code-block code-block-4' style='margin: 8px auto 8px 0; text-align: left; display: block; clear: both;'>\n\ud83d\udce2 Aviso Legal\n\nO site ismaelcolosi.com.br atua apenas como um canal de divulga\u00e7\u00e3o de oportunidades de emprego e n\u00e3o se responsabiliza pelo processo seletivo, contrata\u00e7\u00e3o ou qualquer outra etapa relacionada \u00e0s vagas publicadas. Todas as informa\u00e7\u00f5es s\u00e3o de responsabilidade dos anunciantes.\n\n\u26a0\ufe0f Aten\u00e7\u00e3o! Nunca pague por promessas de emprego nem compre cursos que garantam contrata\u00e7\u00e3o. Desconfie de qualquer cobran\u00e7a para participar de sele\u00e7\u00f5es.\n\n\n\n<\/div>\n<!-- CONTENT END 1 -->\n","protected":false},"excerpt":{"rendered":"<p>A USP Filarm\u00f4nica, sob a reg\u00eancia do maestro convidado Lucas Eduardo da Silva Galon, realiza um concerto gratuito de repert\u00f3rio brasileiro na pr\u00f3xima ter\u00e7a-feira, dia&#8230;<\/p>\n","protected":false},"author":1,"featured_media":74100,"comment_status":"open","ping_status":"open","sticky":false,"template":"","format":"standard","meta":{"_uag_custom_page_level_css":"","advanced_seo_description":"","jetpack_seo_html_title":"","jetpack_seo_noindex":false,"jetpack_post_was_ever_published":false,"_jetpack_newsletter_access":"","_jetpack_dont_email_post_to_subs":false,"_jetpack_newsletter_tier_id":0,"_jetpack_memberships_contains_paywalled_content":false,"_jetpack_memberships_contains_paid_content":false,"footnotes":"","jetpack_publicize_message":"","jetpack_publicize_feature_enabled":true,"jetpack_social_post_already_shared":true,"jetpack_social_options":{"image_generator_settings":{"template":"highway","default_image_id":0,"font":"","enabled":false},"version":2}},"categories":[11],"tags":[],"class_list":["post-74099","post","type-post","status-publish","format-standard","has-post-thumbnail","hentry","category-noticias-de-ribeirao-preto-sp-e-regiao-ismael-colosi"],"jetpack_publicize_connections":[],"jetpack_featured_media_url":"https:\/\/i0.wp.com\/ismaelcolosi.com.br\/wp-content\/uploads\/2024\/10\/Lucas-Eduardo-da-Silva-Galon-divulgacao-scaled.jpg?fit=752%2C500&ssl=1","uagb_featured_image_src":{"full":["https:\/\/i0.wp.com\/ismaelcolosi.com.br\/wp-content\/uploads\/2024\/10\/Lucas-Eduardo-da-Silva-Galon-divulgacao-scaled.jpg?fit=752%2C500&ssl=1",752,500,false],"thumbnail":["https:\/\/i0.wp.com\/ismaelcolosi.com.br\/wp-content\/uploads\/2024\/10\/Lucas-Eduardo-da-Silva-Galon-divulgacao-scaled.jpg?resize=150%2C150&ssl=1",150,150,true],"medium":["https:\/\/i0.wp.com\/ismaelcolosi.com.br\/wp-content\/uploads\/2024\/10\/Lucas-Eduardo-da-Silva-Galon-divulgacao-scaled.jpg?fit=300%2C199&ssl=1",300,199,true],"medium_large":["https:\/\/i0.wp.com\/ismaelcolosi.com.br\/wp-content\/uploads\/2024\/10\/Lucas-Eduardo-da-Silva-Galon-divulgacao-scaled.jpg?fit=752%2C500&ssl=1",752,500,true],"large":["https:\/\/i0.wp.com\/ismaelcolosi.com.br\/wp-content\/uploads\/2024\/10\/Lucas-Eduardo-da-Silva-Galon-divulgacao-scaled.jpg?fit=752%2C500&ssl=1",752,500,true],"1536x1536":["https:\/\/i0.wp.com\/ismaelcolosi.com.br\/wp-content\/uploads\/2024\/10\/Lucas-Eduardo-da-Silva-Galon-divulgacao-scaled.jpg?fit=752%2C500&ssl=1",752,500,true],"2048x2048":["https:\/\/i0.wp.com\/ismaelcolosi.com.br\/wp-content\/uploads\/2024\/10\/Lucas-Eduardo-da-Silva-Galon-divulgacao-scaled.jpg?fit=752%2C500&ssl=1",752,500,true],"really-simple-thumb":["https:\/\/i0.wp.com\/ismaelcolosi.com.br\/wp-content\/uploads\/2024\/10\/Lucas-Eduardo-da-Silva-Galon-divulgacao-scaled.jpg?resize=370%2C247&ssl=1",370,247,true]},"uagb_author_info":{"display_name":"ismaelcolosi.com.br","author_link":"https:\/\/ismaelcolosi.com.br\/index.php\/author\/vidareal-online\/"},"uagb_comment_info":0,"uagb_excerpt":"A USP Filarm\u00f4nica, sob a reg\u00eancia do maestro convidado Lucas Eduardo da Silva Galon, realiza um concerto gratuito de repert\u00f3rio brasileiro na pr\u00f3xima ter\u00e7a-feira, dia...","jetpack-related-posts":[{"id":78359,"url":"https:\/\/ismaelcolosi.com.br\/index.php\/2024\/12\/04\/projeto-traz-ultimo-concerto-e-debate\/","url_meta":{"origin":74099,"position":0},"title":"Projeto traz \u00faltimo concerto e debate","author":"ismaelcolosi.com.br","date":"4 de December de 2024","format":false,"excerpt":"4 de dezembro de 20244 de dezembro de 202410 Compartilhar0 O Projeto M\u00fasica de Concerto termina nesta semana com duas atividades, um debate e seu \u00faltimo concerto da s\u00e9rie. Nesta quinta-feira, 5 de dezembro, \u00e0s 20 horas, acontece o debate \u201cM\u00fasica e Cidadania: a import\u00e2ncia dos projetos sociais\u201d, no YouTube\u2026","rel":"","context":"In &quot;Not\u00edcias de Ribeir\u00e3o Preto-SP e Regi\u00e3o&quot;","block_context":{"text":"Not\u00edcias de Ribeir\u00e3o Preto-SP e Regi\u00e3o","link":"https:\/\/ismaelcolosi.com.br\/index.php\/category\/noticias-de-ribeirao-preto-sp-e-regiao-ismael-colosi\/"},"img":{"alt_text":"","src":"https:\/\/i0.wp.com\/ismaelcolosi.com.br\/wp-content\/uploads\/2024\/12\/FilarUSP-Andre-Estevao-scaled.jpg?fit=667%2C500&ssl=1&resize=350%2C200","width":350,"height":200,"srcset":"https:\/\/i0.wp.com\/ismaelcolosi.com.br\/wp-content\/uploads\/2024\/12\/FilarUSP-Andre-Estevao-scaled.jpg?fit=667%2C500&ssl=1&resize=350%2C200 1x, https:\/\/i0.wp.com\/ismaelcolosi.com.br\/wp-content\/uploads\/2024\/12\/FilarUSP-Andre-Estevao-scaled.jpg?fit=667%2C500&ssl=1&resize=525%2C300 1.5x"},"classes":[]},{"id":18220,"url":"https:\/\/ismaelcolosi.com.br\/index.php\/2023\/12\/19\/theatro-pedro-ii-em-ribeirao-preto-recebe-concerto-com-entrada-gratuita\/","url_meta":{"origin":74099,"position":1},"title":"Theatro Pedro II, em Ribeir\u00e3o Preto, recebe concerto com entrada gratuita","author":"ismaelcolosi.com.br","date":"19 de December de 2023","format":false,"excerpt":"Em seu \u00faltimo concerto do ano, a USP Filarm\u00f4nica de apresenta, nesta quarta-feira (20), \u00e0s 20 horas, no Theatro Pedro II, no Centro de Ribeir\u00e3o Preto. A entrada \u00e9 gratuita e n\u00e3o precisa retirar os ingressos com anteced\u00eancia. O evento tem apoio da Pr\u00f3-Reitoria de Gradua\u00e7\u00e3o da USP, que far\u00e1\u2026","rel":"","context":"In &quot;Not\u00edcias de Ribeir\u00e3o Preto-SP e Regi\u00e3o&quot;","block_context":{"text":"Not\u00edcias de Ribeir\u00e3o Preto-SP e Regi\u00e3o","link":"https:\/\/ismaelcolosi.com.br\/index.php\/category\/noticias-de-ribeirao-preto-sp-e-regiao-ismael-colosi\/"},"img":{"alt_text":"","src":"https:\/\/i0.wp.com\/ismaelcolosi.com.br\/wp-content\/uploads\/2023\/12\/WhatsApp-Image-2023-12-19-at-11.16.15.jpeg?fit=1200%2C675&ssl=1&resize=350%2C200","width":350,"height":200,"srcset":"https:\/\/i0.wp.com\/ismaelcolosi.com.br\/wp-content\/uploads\/2023\/12\/WhatsApp-Image-2023-12-19-at-11.16.15.jpeg?fit=1200%2C675&ssl=1&resize=350%2C200 1x, https:\/\/i0.wp.com\/ismaelcolosi.com.br\/wp-content\/uploads\/2023\/12\/WhatsApp-Image-2023-12-19-at-11.16.15.jpeg?fit=1200%2C675&ssl=1&resize=525%2C300 1.5x, https:\/\/i0.wp.com\/ismaelcolosi.com.br\/wp-content\/uploads\/2023\/12\/WhatsApp-Image-2023-12-19-at-11.16.15.jpeg?fit=1200%2C675&ssl=1&resize=700%2C400 2x, https:\/\/i0.wp.com\/ismaelcolosi.com.br\/wp-content\/uploads\/2023\/12\/WhatsApp-Image-2023-12-19-at-11.16.15.jpeg?fit=1200%2C675&ssl=1&resize=1050%2C600 3x"},"classes":[]},{"id":41451,"url":"https:\/\/ismaelcolosi.com.br\/index.php\/2024\/03\/08\/solistas-da-usp-filarmonica-apresentam-concerto-especial-nesta-sexta-em-ribeirao\/","url_meta":{"origin":74099,"position":2},"title":"Solistas da USP Filarm\u00f4nica apresentam concerto especial nesta sexta em Ribeir\u00e3o","author":"ismaelcolosi.com.br","date":"8 de March de 2024","format":false,"excerpt":"Nesta sexta-feira (8), o Ensemble Mentemanuque \u2013 Solistas da USP Filarm\u00f4nica, sob dire\u00e7\u00e3o do maestro Rubens Russomanno Ricciardi, apresentam um concerto especial com repert\u00f3rio do per\u00edodo colonial brasileiro, que inclui obras dos s\u00e9culos 17 e 18. A apresenta\u00e7\u00e3o acontecer\u00e1 \u00e0s 20h, no Audit\u00f3rio da Faculdade de Direito de Ribeir\u00e3o Preto\u2026","rel":"","context":"In &quot;Not\u00edcias de Ribeir\u00e3o Preto-SP e Regi\u00e3o&quot;","block_context":{"text":"Not\u00edcias de Ribeir\u00e3o Preto-SP e Regi\u00e3o","link":"https:\/\/ismaelcolosi.com.br\/index.php\/category\/noticias-de-ribeirao-preto-sp-e-regiao-ismael-colosi\/"},"img":{"alt_text":"","src":"https:\/\/i0.wp.com\/ismaelcolosi.com.br\/wp-content\/uploads\/2024\/03\/MAESTRO.jpg?fit=1200%2C706&ssl=1&resize=350%2C200","width":350,"height":200,"srcset":"https:\/\/i0.wp.com\/ismaelcolosi.com.br\/wp-content\/uploads\/2024\/03\/MAESTRO.jpg?fit=1200%2C706&ssl=1&resize=350%2C200 1x, https:\/\/i0.wp.com\/ismaelcolosi.com.br\/wp-content\/uploads\/2024\/03\/MAESTRO.jpg?fit=1200%2C706&ssl=1&resize=525%2C300 1.5x, https:\/\/i0.wp.com\/ismaelcolosi.com.br\/wp-content\/uploads\/2024\/03\/MAESTRO.jpg?fit=1200%2C706&ssl=1&resize=700%2C400 2x, https:\/\/i0.wp.com\/ismaelcolosi.com.br\/wp-content\/uploads\/2024\/03\/MAESTRO.jpg?fit=1200%2C706&ssl=1&resize=1050%2C600 3x"},"classes":[]},{"id":76941,"url":"https:\/\/ismaelcolosi.com.br\/index.php\/2024\/11\/19\/usp-filarmonica-fara-tres-concertos-online\/","url_meta":{"origin":74099,"position":3},"title":"USP Filarm\u00f4nica far\u00e1 tr\u00eas concertos online\u00a0","author":"ismaelcolosi.com.br","date":"19 de November de 2024","format":false,"excerpt":"19 de novembro de 202419 de novembro de 202417 Compartilhar0 A USP Filarm\u00f4nica apresenta o projeto M\u00fasica de Concerto, com apresenta\u00e7\u00f5es da orquestra comentadas pelo maestro titular e diretor art\u00edstico Rubens Russomanno Ricciardi. A iniciativa visa angariar novos p\u00fablicos para as artes, despertando o interesse por meio do contexto hist\u00f3rico\u2026","rel":"","context":"In &quot;Not\u00edcias de Ribeir\u00e3o Preto-SP e Regi\u00e3o&quot;","block_context":{"text":"Not\u00edcias de Ribeir\u00e3o Preto-SP e Regi\u00e3o","link":"https:\/\/ismaelcolosi.com.br\/index.php\/category\/noticias-de-ribeirao-preto-sp-e-regiao-ismael-colosi\/"},"img":{"alt_text":"","src":"https:\/\/i0.wp.com\/ismaelcolosi.com.br\/wp-content\/uploads\/2024\/11\/20211022_ocam2-scaled.jpg?fit=800%2C420&ssl=1&resize=350%2C200","width":350,"height":200,"srcset":"https:\/\/i0.wp.com\/ismaelcolosi.com.br\/wp-content\/uploads\/2024\/11\/20211022_ocam2-scaled.jpg?fit=800%2C420&ssl=1&resize=350%2C200 1x, https:\/\/i0.wp.com\/ismaelcolosi.com.br\/wp-content\/uploads\/2024\/11\/20211022_ocam2-scaled.jpg?fit=800%2C420&ssl=1&resize=525%2C300 1.5x, https:\/\/i0.wp.com\/ismaelcolosi.com.br\/wp-content\/uploads\/2024\/11\/20211022_ocam2-scaled.jpg?fit=800%2C420&ssl=1&resize=700%2C400 2x"},"classes":[]},{"id":51407,"url":"https:\/\/ismaelcolosi.com.br\/index.php\/2024\/05\/27\/usp-filarmonica-de-ribeirao-apresenta-concerto-em-homenagem-a-jornalista-erica-amendola\/","url_meta":{"origin":74099,"position":4},"title":"USP Filarm\u00f4nica de Ribeir\u00e3o apresenta concerto em homenagem a jornalista \u00c9rica Am\u00eandola","author":"ismaelcolosi.com.br","date":"27 de May de 2024","format":false,"excerpt":"A USP Filarm\u00f4nica de Ribeir\u00e3o Preto realiza, nesta ter\u00e7a-feira (28), uma homenagem \u00e0 jornalista e apresentadora, \u00c9rica Am\u00eandola, que morreu em 30 de abril durante tratamento de um c\u00e2ncer. A apresenta\u00e7\u00e3o ser\u00e1 \u00e0s 20h, no Theatro Pedro II, no Centro da cidade. O concerto pela \u201cS\u00e9rie Concertos USP\u201d tem entrada\u2026","rel":"","context":"In &quot;Not\u00edcias de Ribeir\u00e3o Preto-SP e Regi\u00e3o&quot;","block_context":{"text":"Not\u00edcias de Ribeir\u00e3o Preto-SP e Regi\u00e3o","link":"https:\/\/ismaelcolosi.com.br\/index.php\/category\/noticias-de-ribeirao-preto-sp-e-regiao-ismael-colosi\/"},"img":{"alt_text":"","src":"https:\/\/i0.wp.com\/ismaelcolosi.com.br\/wp-content\/uploads\/2024\/04\/ERICA-AMENDOLA-2_2024-04-30_17-05-40_jpg.webp.webp?fit=1200%2C841&ssl=1&resize=350%2C200","width":350,"height":200,"srcset":"https:\/\/i0.wp.com\/ismaelcolosi.com.br\/wp-content\/uploads\/2024\/04\/ERICA-AMENDOLA-2_2024-04-30_17-05-40_jpg.webp.webp?fit=1200%2C841&ssl=1&resize=350%2C200 1x, https:\/\/i0.wp.com\/ismaelcolosi.com.br\/wp-content\/uploads\/2024\/04\/ERICA-AMENDOLA-2_2024-04-30_17-05-40_jpg.webp.webp?fit=1200%2C841&ssl=1&resize=525%2C300 1.5x, https:\/\/i0.wp.com\/ismaelcolosi.com.br\/wp-content\/uploads\/2024\/04\/ERICA-AMENDOLA-2_2024-04-30_17-05-40_jpg.webp.webp?fit=1200%2C841&ssl=1&resize=700%2C400 2x, https:\/\/i0.wp.com\/ismaelcolosi.com.br\/wp-content\/uploads\/2024\/04\/ERICA-AMENDOLA-2_2024-04-30_17-05-40_jpg.webp.webp?fit=1200%2C841&ssl=1&resize=1050%2C600 3x"},"classes":[]},{"id":40642,"url":"https:\/\/ismaelcolosi.com.br\/index.php\/2024\/03\/05\/musica-colonial-e-tema-de-concerto\/","url_meta":{"origin":74099,"position":5},"title":"M\u00fasica colonial \u00e9\u00a0tema de concerto\u00a0","author":"ismaelcolosi.com.br","date":"5 de March de 2024","format":false,"excerpt":"O Ensemble Mentemanuque \u2013 solistas da USP Filarm\u00f4nica, sob dire\u00e7\u00e3o do maestro Rubens Russomanno Ricciardi \u2013 apresenta um concerto especial coral-sinf\u00f4nico com repert\u00f3rio do per\u00edodo colonial brasileiro. A audi\u00e7\u00e3o faz parte das prepara\u00e7\u00f5es do processo de registro fonogr\u00e1fico, que posteriormente dar\u00e1 vida ao \u00e1lbum in\u00e9dito intitulado \u201cM\u00fasica Colonial Brasileira \u2013\u2026","rel":"","context":"In &quot;Not\u00edcias de Ribeir\u00e3o Preto-SP e Regi\u00e3o&quot;","block_context":{"text":"Not\u00edcias de Ribeir\u00e3o Preto-SP e Regi\u00e3o","link":"https:\/\/ismaelcolosi.com.br\/index.php\/category\/noticias-de-ribeirao-preto-sp-e-regiao-ismael-colosi\/"},"img":{"alt_text":"","src":"https:\/\/i0.wp.com\/ismaelcolosi.com.br\/wp-content\/uploads\/2024\/03\/Ensemble-Divulgacao-scaled.jpeg?fit=860%2C645&ssl=1&resize=350%2C200","width":350,"height":200,"srcset":"https:\/\/i0.wp.com\/ismaelcolosi.com.br\/wp-content\/uploads\/2024\/03\/Ensemble-Divulgacao-scaled.jpeg?fit=860%2C645&ssl=1&resize=350%2C200 1x, https:\/\/i0.wp.com\/ismaelcolosi.com.br\/wp-content\/uploads\/2024\/03\/Ensemble-Divulgacao-scaled.jpeg?fit=860%2C645&ssl=1&resize=525%2C300 1.5x, https:\/\/i0.wp.com\/ismaelcolosi.com.br\/wp-content\/uploads\/2024\/03\/Ensemble-Divulgacao-scaled.jpeg?fit=860%2C645&ssl=1&resize=700%2C400 2x"},"classes":[]}],"jetpack_sharing_enabled":true,"jetpack_shortlink":"https:\/\/wp.me\/pfMlyK-jh9","_links":{"self":[{"href":"https:\/\/ismaelcolosi.com.br\/index.php\/wp-json\/wp\/v2\/posts\/74099","targetHints":{"allow":["GET"]}}],"collection":[{"href":"https:\/\/ismaelcolosi.com.br\/index.php\/wp-json\/wp\/v2\/posts"}],"about":[{"href":"https:\/\/ismaelcolosi.com.br\/index.php\/wp-json\/wp\/v2\/types\/post"}],"author":[{"embeddable":true,"href":"https:\/\/ismaelcolosi.com.br\/index.php\/wp-json\/wp\/v2\/users\/1"}],"replies":[{"embeddable":true,"href":"https:\/\/ismaelcolosi.com.br\/index.php\/wp-json\/wp\/v2\/comments?post=74099"}],"version-history":[{"count":0,"href":"https:\/\/ismaelcolosi.com.br\/index.php\/wp-json\/wp\/v2\/posts\/74099\/revisions"}],"wp:featuredmedia":[{"embeddable":true,"href":"https:\/\/ismaelcolosi.com.br\/index.php\/wp-json\/wp\/v2\/media\/74100"}],"wp:attachment":[{"href":"https:\/\/ismaelcolosi.com.br\/index.php\/wp-json\/wp\/v2\/media?parent=74099"}],"wp:term":[{"taxonomy":"category","embeddable":true,"href":"https:\/\/ismaelcolosi.com.br\/index.php\/wp-json\/wp\/v2\/categories?post=74099"},{"taxonomy":"post_tag","embeddable":true,"href":"https:\/\/ismaelcolosi.com.br\/index.php\/wp-json\/wp\/v2\/tags?post=74099"}],"curies":[{"name":"wp","href":"https:\/\/api.w.org\/{rel}","templated":true}]}}