{"id":74092,"date":"2024-10-29T21:56:15","date_gmt":"2024-10-30T00:56:15","guid":{"rendered":"https:\/\/ismaelcolosi.com.br\/index.php\/2024\/10\/29\/secretario-de-governo-vai-comandar-equipe-de-transicao\/"},"modified":"2024-10-29T21:56:15","modified_gmt":"2024-10-30T00:56:15","slug":"secretario-de-governo-vai-comandar-equipe-de-transicao","status":"publish","type":"post","link":"https:\/\/ismaelcolosi.com.br\/index.php\/2024\/10\/29\/secretario-de-governo-vai-comandar-equipe-de-transicao\/","title":{"rendered":"Secret\u00e1rio de Governo vai comandar equipe de transi\u00e7\u00e3o"},"content":{"rendered":"<p> <br \/>\n<\/p>\n<div id=\"post-408215\">\n<header class=\"entry-header penci-entry-header penci-title-center\">\n<p>\n\t\t\t\t\t\t\t\t\t<span class=\"entry-meta-item penci-posted-on\"><i class=\"fa fa-clock-o\"\/><time class=\"entry-date published updated\" datetime=\"2024-10-28T10:51:37-03:00\">28 de outubro de 2024<\/time><\/span><span class=\"entry-meta-item penci-post-countview\"><span class=\"entry-meta-item penci-post-countview penci_post-meta_item\"><i class=\"fa fa-eye\"\/><span class=\"penci-post-countview-number penci-post-countview-p408215\">100<\/span><\/span><\/span>\t\t\t\t\t\t\t\t<\/p>\n<p><!-- .entry-meta --><br \/>\n\t\t\t\t\t\t\t\t<span class=\"penci-social-buttons penci-social-share-footer\"><span class=\"penci-social-share-text\">Compartilhar<\/span><a href=\"#\" class=\"penci-post-like penci_post-meta_item  single-like-button penci-social-item like\" data-post_id=\"408215\" title=\"Like\" data-like=\"Like\" data-unlike=\"Unlike\"><i class=\"fa fa-thumbs-o-up\"\/><span class=\"penci-share-number\">0<\/span><\/a><a class=\"penci-social-item facebook\" target=\"_blank\" rel=\"noopener\" title=\"\" href=\"https:\/\/www.facebook.com\/sharer\/sharer.php?u=https%3A%2F%2Fwww.tribunaribeirao.com.br%2Fsecretario-de-governo-vai-comandar-equipe-de-transicao%2F\"><i class=\"fa fa-facebook\"\/><\/a><a class=\"penci-social-item twitter\" target=\"_blank\" rel=\"noopener\" title=\"\" href=\"https:\/\/twitter.com\/intent\/tweet?text=Secret\u00e1rio%20de%20Governo%20vai%20comandar%20equipe%20de%20transi\u00e7\u00e3o%20-%20https:\/\/www.tribunaribeirao.com.br\/secretario-de-governo-vai-comandar-equipe-de-transicao\/\"><i class=\"fa fa-twitter\"\/><\/a><a class=\"penci-social-item linkedin\" target=\"_blank\" rel=\"noopener\" title=\"\" href=\"https:\/\/www.linkedin.com\/shareArticle?mini=true&amp;url=https%3A%2F%2Fwww.tribunaribeirao.com.br%2Fsecretario-de-governo-vai-comandar-equipe-de-transicao%2F&amp;title=Secret%C3%A1rio%20de%20Governo%20vai%20comandar%20equipe%20de%20transi%C3%A7%C3%A3o\"><i class=\"fa fa-linkedin\"\/><\/a><a class=\"penci-social-item whatsapp\" rel=\"noopener\" data-text=\"Secret\u00e1rio de Governo vai comandar equipe de transi\u00e7\u00e3o\" data-link=\"https:\/\/www.tribunaribeirao.com.br\/secretario-de-governo-vai-comandar-equipe-de-transicao\/\" href=\"#\"><i class=\"fa fa-whatsapp\"\/><\/a><a class=\"penci-social-item telegram\" target=\"_blank\" rel=\"noopener\" title=\"\" href=\"https:\/\/telegram.me\/share\/url?url=https%3A%2F%2Fwww.tribunaribeirao.com.br%2Fsecretario-de-governo-vai-comandar-equipe-de-transicao%2F&amp;text=Secret%C3%A1rio%20de%20Governo%20vai%20comandar%20equipe%20de%20transi%C3%A7%C3%A3o\"><i class=\"fa fa-telegram\"\/><\/a><a class=\"penci-social-item email\" target=\"_blank\" rel=\"noopener\" href=\"http:\/\/www.tribunaribeirao.com.br\/cdn-cgi\/l\/email-protection#9ea1edebfcf4fbfdeaa3cdfbfdecfbea5d3fecf7f1bbacaefafbbbacaed9f1e8fbecf0f1bbacaee8fff7bbacaefdf1f3fff0faffecbbacaefbefebf7eefbbbacaefafbbbacaeeaecfff0edf75d395d3df1b8bdaeada6a5dcd1dac7a3f6eaeaeeeda4b1b1e9e9e9b0eaecf7fcebf0ffecf7fcfbf7ecfff1b0fdf1f3b0fcecb1edfbfdecfbeaffecf7f1b3fafbb3f9f1e8fbecf0f1b3e8fff7b3fdf1f3fff0faffecb3fbefebf7eefbb3fafbb3eaecfff0edf7fdfff1b1\"><i class=\"fa fa-envelope\"\/><\/a><\/span>\t\t\t\t\t\t\t<\/header>\n<p><!-- .entry-header --><\/p><div class='code-block code-block-8' style='margin: 8px auto; text-align: center; display: block; clear: both;'>\n<script>\n  atOptions = {\n    'key' : '66e2e2111ca34da796271819fc334058',\n    'format' : 'iframe',\n    'height' : 250,\n    'width' : 300,\n    'params' : {}\n  };\n<\/script>\n<script src=\"https:\/\/www.highperformanceformat.com\/66e2e2111ca34da796271819fc334058\/invoke.js\"><\/script>\n<\/div>\n\n<div class=\"penci-entry-content entry-content\">\n<p>O Secret\u00e1rio de Governo do prefeito Duarte Nogueira (PSDB), Antonio Daas Abbod ser\u00e1 o respons\u00e1vel pelo comando da equipe de transi\u00e7\u00e3o que ser\u00e1 nomeada para passar todos os dados da prefeitura para a equipe do prefeito eleito, Ricardo Silva (PSD). A equipe ser\u00e1 oficializada nesta ter\u00e7a-feira, 30 de outubro. Amanh\u00e3<\/p>\n<p>Ricardo Silva e Nogueira devem se reunir para definir os detalhes da transi\u00e7\u00e3o.<br \/>Segundo o Tribuna apurou Abbod ficar\u00e1 respons\u00e1vel pela parte t\u00e9cnica da transi\u00e7\u00e3o. J\u00e1 o secret\u00e1rio da Casa Civil, Ren\u00ea Scatena ficar\u00e1 com a parte pol\u00edtica.<\/p>\n<p>Ricardo Silva (PSD) foi eleito no domingo, 28 de outubro, o novo prefeito de Ribeir\u00e3o Preto para o mandato 2025\/2028. Recebeu 131.421 votos. Marco Aur\u00e9lio (Novo), ficou em segundo lugar com 130.734 votos. Uma diferen\u00e7a de 687 votos.<\/p>\n<\/div>\n<p><!-- .entry-content --><\/p>\n<footer class=\"penci-entry-footer\">\n\t\t\t\t\t\t\t\t<span class=\"penci-social-buttons penci-social-share-footer\"><span class=\"penci-social-share-text\">Compartilhar<\/span><a href=\"#\" class=\"penci-post-like penci_post-meta_item  single-like-button penci-social-item like\" data-post_id=\"408215\" title=\"Like\" data-like=\"Like\" data-unlike=\"Unlike\"><i class=\"fa fa-thumbs-o-up\"\/><span class=\"penci-share-number\">0<\/span><\/a><a class=\"penci-social-item facebook\" target=\"_blank\" rel=\"noopener\" title=\"\" href=\"https:\/\/www.facebook.com\/sharer\/sharer.php?u=https%3A%2F%2Fwww.tribunaribeirao.com.br%2Fsecretario-de-governo-vai-comandar-equipe-de-transicao%2F\"><i class=\"fa fa-facebook\"\/><\/a><a class=\"penci-social-item twitter\" target=\"_blank\" rel=\"noopener\" title=\"\" href=\"https:\/\/twitter.com\/intent\/tweet?text=Secret\u00e1rio%20de%20Governo%20vai%20comandar%20equipe%20de%20transi\u00e7\u00e3o%20-%20https:\/\/www.tribunaribeirao.com.br\/secretario-de-governo-vai-comandar-equipe-de-transicao\/\"><i class=\"fa fa-twitter\"\/><\/a><a class=\"penci-social-item linkedin\" target=\"_blank\" rel=\"noopener\" title=\"\" href=\"https:\/\/www.linkedin.com\/shareArticle?mini=true&amp;url=https%3A%2F%2Fwww.tribunaribeirao.com.br%2Fsecretario-de-governo-vai-comandar-equipe-de-transicao%2F&amp;title=Secret%C3%A1rio%20de%20Governo%20vai%20comandar%20equipe%20de%20transi%C3%A7%C3%A3o\"><i class=\"fa fa-linkedin\"\/><\/a><a class=\"penci-social-item whatsapp\" rel=\"noopener\" data-text=\"Secret\u00e1rio de Governo vai comandar equipe de transi\u00e7\u00e3o\" data-link=\"https:\/\/www.tribunaribeirao.com.br\/secretario-de-governo-vai-comandar-equipe-de-transicao\/\" href=\"#\"><i class=\"fa fa-whatsapp\"\/><\/a><a class=\"penci-social-item telegram\" target=\"_blank\" rel=\"noopener\" title=\"\" href=\"https:\/\/telegram.me\/share\/url?url=https%3A%2F%2Fwww.tribunaribeirao.com.br%2Fsecretario-de-governo-vai-comandar-equipe-de-transicao%2F&amp;text=Secret%C3%A1rio%20de%20Governo%20vai%20comandar%20equipe%20de%20transi%C3%A7%C3%A3o\"><i class=\"fa fa-telegram\"\/><\/a><a class=\"penci-social-item email\" target=\"_blank\" rel=\"noopener\" href=\"http:\/\/www.tribunaribeirao.com.br\/cdn-cgi\/l\/email-protection#48773b3d2a222d2b3c751b2d2b3a2d3c8be93a21276d7a782c2d6d7a780f273e2d3a26276d7a783e29216d7a782b272529262c293a6d7a782d393d21382d6d7a782c2d6d7a783c3a29263b218bef8beb276e6b787b70730a070c1175203c3c383b7267673f3f3f663c3a212a3d26293a212a2d213a2927662b2725662a3a673b2d2b3a2d3c293a2127652c2d652f273e2d3a2627653e2921652b272529262c293a652d393d21382d652c2d653c3a29263b212b292767\"><i class=\"fa fa-envelope\"\/><\/a><\/span>\t\t\t\t\t\t\t<\/footer>\n<p><!-- .entry-footer -->\n\t\t\t\t\t\t<\/div>\n<p><script async src=\"\/\/platform.twitter.com\/widgets.js\" charset=\"utf-8\"><\/script><br \/>\n<br \/><br \/>\n<br \/><a href=\"https:\/\/www.tribunaribeirao.com.br\/secretario-de-governo-vai-comandar-equipe-de-transicao\/\">Source link <\/a><\/p>\n<div class='code-block code-block-4' style='margin: 8px auto 8px 0; text-align: left; display: block; clear: both;'>\n\ud83d\udce2 Aviso Legal\n\nO site ismaelcolosi.com.br atua apenas como um canal de divulga\u00e7\u00e3o de oportunidades de emprego e n\u00e3o se responsabiliza pelo processo seletivo, contrata\u00e7\u00e3o ou qualquer outra etapa relacionada \u00e0s vagas publicadas. Todas as informa\u00e7\u00f5es s\u00e3o de responsabilidade dos anunciantes.\n\n\u26a0\ufe0f Aten\u00e7\u00e3o! Nunca pague por promessas de emprego nem compre cursos que garantam contrata\u00e7\u00e3o. Desconfie de qualquer cobran\u00e7a para participar de sele\u00e7\u00f5es.\n\n\n\n<\/div>\n<!-- CONTENT END 1 -->\n","protected":false},"excerpt":{"rendered":"<p>28 de outubro de 2024100 Compartilhar0 O Secret\u00e1rio de Governo do prefeito Duarte Nogueira (PSDB), Antonio Daas Abbod ser\u00e1 o respons\u00e1vel pelo comando da equipe&#8230;<\/p>\n","protected":false},"author":1,"featured_media":74093,"comment_status":"open","ping_status":"open","sticky":false,"template":"","format":"standard","meta":{"_uag_custom_page_level_css":"","advanced_seo_description":"","jetpack_seo_html_title":"","jetpack_seo_noindex":false,"jetpack_post_was_ever_published":false,"_jetpack_newsletter_access":"","_jetpack_dont_email_post_to_subs":false,"_jetpack_newsletter_tier_id":0,"_jetpack_memberships_contains_paywalled_content":false,"_jetpack_memberships_contains_paid_content":false,"footnotes":"","jetpack_publicize_message":"","jetpack_publicize_feature_enabled":true,"jetpack_social_post_already_shared":true,"jetpack_social_options":{"image_generator_settings":{"template":"highway","default_image_id":0,"font":"","enabled":false},"version":2}},"categories":[11],"tags":[],"class_list":["post-74092","post","type-post","status-publish","format-standard","has-post-thumbnail","hentry","category-noticias-de-ribeirao-preto-sp-e-regiao-ismael-colosi"],"jetpack_publicize_connections":[],"jetpack_featured_media_url":"https:\/\/i0.wp.com\/ismaelcolosi.com.br\/wp-content\/uploads\/2024\/10\/4ec5b0ac-31e7-4370-a2d2-245c5ed2fb96-1.jpeg?fit=200%2C300&ssl=1","uagb_featured_image_src":{"full":["https:\/\/i0.wp.com\/ismaelcolosi.com.br\/wp-content\/uploads\/2024\/10\/4ec5b0ac-31e7-4370-a2d2-245c5ed2fb96-1.jpeg?fit=200%2C300&ssl=1",200,300,false],"thumbnail":["https:\/\/i0.wp.com\/ismaelcolosi.com.br\/wp-content\/uploads\/2024\/10\/4ec5b0ac-31e7-4370-a2d2-245c5ed2fb96-1.jpeg?resize=150%2C150&ssl=1",150,150,true],"medium":["https:\/\/i0.wp.com\/ismaelcolosi.com.br\/wp-content\/uploads\/2024\/10\/4ec5b0ac-31e7-4370-a2d2-245c5ed2fb96-1.jpeg?fit=200%2C300&ssl=1",200,300,true],"medium_large":["https:\/\/i0.wp.com\/ismaelcolosi.com.br\/wp-content\/uploads\/2024\/10\/4ec5b0ac-31e7-4370-a2d2-245c5ed2fb96-1.jpeg?fit=200%2C300&ssl=1",200,300,true],"large":["https:\/\/i0.wp.com\/ismaelcolosi.com.br\/wp-content\/uploads\/2024\/10\/4ec5b0ac-31e7-4370-a2d2-245c5ed2fb96-1.jpeg?fit=200%2C300&ssl=1",200,300,true],"1536x1536":["https:\/\/i0.wp.com\/ismaelcolosi.com.br\/wp-content\/uploads\/2024\/10\/4ec5b0ac-31e7-4370-a2d2-245c5ed2fb96-1.jpeg?fit=200%2C300&ssl=1",200,300,true],"2048x2048":["https:\/\/i0.wp.com\/ismaelcolosi.com.br\/wp-content\/uploads\/2024\/10\/4ec5b0ac-31e7-4370-a2d2-245c5ed2fb96-1.jpeg?fit=200%2C300&ssl=1",200,300,true],"really-simple-thumb":["https:\/\/i0.wp.com\/ismaelcolosi.com.br\/wp-content\/uploads\/2024\/10\/4ec5b0ac-31e7-4370-a2d2-245c5ed2fb96-1.jpeg?resize=200%2C247&ssl=1",200,247,true]},"uagb_author_info":{"display_name":"ismaelcolosi.com.br","author_link":"https:\/\/ismaelcolosi.com.br\/index.php\/author\/vidareal-online\/"},"uagb_comment_info":0,"uagb_excerpt":"28 de outubro de 2024100 Compartilhar0 O Secret\u00e1rio de Governo do prefeito Duarte Nogueira (PSDB), Antonio Daas Abbod ser\u00e1 o respons\u00e1vel pelo comando da equipe...","jetpack-related-posts":[],"jetpack_sharing_enabled":true,"jetpack_shortlink":"https:\/\/wp.me\/pfMlyK-jh2","_links":{"self":[{"href":"https:\/\/ismaelcolosi.com.br\/index.php\/wp-json\/wp\/v2\/posts\/74092","targetHints":{"allow":["GET"]}}],"collection":[{"href":"https:\/\/ismaelcolosi.com.br\/index.php\/wp-json\/wp\/v2\/posts"}],"about":[{"href":"https:\/\/ismaelcolosi.com.br\/index.php\/wp-json\/wp\/v2\/types\/post"}],"author":[{"embeddable":true,"href":"https:\/\/ismaelcolosi.com.br\/index.php\/wp-json\/wp\/v2\/users\/1"}],"replies":[{"embeddable":true,"href":"https:\/\/ismaelcolosi.com.br\/index.php\/wp-json\/wp\/v2\/comments?post=74092"}],"version-history":[{"count":0,"href":"https:\/\/ismaelcolosi.com.br\/index.php\/wp-json\/wp\/v2\/posts\/74092\/revisions"}],"wp:featuredmedia":[{"embeddable":true,"href":"https:\/\/ismaelcolosi.com.br\/index.php\/wp-json\/wp\/v2\/media\/74093"}],"wp:attachment":[{"href":"https:\/\/ismaelcolosi.com.br\/index.php\/wp-json\/wp\/v2\/media?parent=74092"}],"wp:term":[{"taxonomy":"category","embeddable":true,"href":"https:\/\/ismaelcolosi.com.br\/index.php\/wp-json\/wp\/v2\/categories?post=74092"},{"taxonomy":"post_tag","embeddable":true,"href":"https:\/\/ismaelcolosi.com.br\/index.php\/wp-json\/wp\/v2\/tags?post=74092"}],"curies":[{"name":"wp","href":"https:\/\/api.w.org\/{rel}","templated":true}]}}