{"id":74086,"date":"2024-10-29T21:27:02","date_gmt":"2024-10-30T00:27:02","guid":{"rendered":"https:\/\/ismaelcolosi.com.br\/index.php\/2024\/10\/29\/ppp-vai-construir-escolas-na-regiao\/"},"modified":"2024-10-29T21:27:02","modified_gmt":"2024-10-30T00:27:02","slug":"ppp-vai-construir-escolas-na-regiao","status":"publish","type":"post","link":"https:\/\/ismaelcolosi.com.br\/index.php\/2024\/10\/29\/ppp-vai-construir-escolas-na-regiao\/","title":{"rendered":"PPP vai construir escolas na regi\u00e3o\u00a0"},"content":{"rendered":"<p> <br \/>\n<\/p>\n<div id=\"post-407982\">\n<header class=\"entry-header penci-entry-header penci-title-center\">\n<p>\n\t\t\t\t\t\t\t\t\t<span class=\"entry-meta-item penci-posted-on\"><i class=\"fa fa-clock-o\"\/><time class=\"entry-date published\" datetime=\"2024-10-28T12:00:36-03:00\">28 de outubro de 2024<\/time><time class=\"updated\" datetime=\"2024-10-28T08:58:57-03:00\">28 de outubro de 2024<\/time><\/span><span class=\"entry-meta-item penci-post-countview\"><span class=\"entry-meta-item penci-post-countview penci_post-meta_item\"><i class=\"fa fa-eye\"\/><span class=\"penci-post-countview-number penci-post-countview-p407982\">63<\/span><\/span><\/span>\t\t\t\t\t\t\t\t<\/p>\n<p><!-- .entry-meta --><br \/>\n\t\t\t\t\t\t\t\t<span class=\"penci-social-buttons penci-social-share-footer\"><span class=\"penci-social-share-text\">Compartilhar<\/span><a href=\"#\" class=\"penci-post-like penci_post-meta_item  single-like-button penci-social-item like\" data-post_id=\"407982\" title=\"Like\" data-like=\"Like\" data-unlike=\"Unlike\"><i class=\"fa fa-thumbs-o-up\"\/><span class=\"penci-share-number\">0<\/span><\/a><a class=\"penci-social-item facebook\" target=\"_blank\" rel=\"noopener\" title=\"\" href=\"https:\/\/www.facebook.com\/sharer\/sharer.php?u=https%3A%2F%2Fwww.tribunaribeirao.com.br%2Fppp-vai-construir-escolas-na-regiao%2F\"><i class=\"fa fa-facebook\"\/><\/a><a class=\"penci-social-item twitter\" target=\"_blank\" rel=\"noopener\" title=\"\" href=\"https:\/\/twitter.com\/intent\/tweet?text=PPP%20vai%20construir%20escolas%20na%20regi\u00e3o\u00a0%20-%20https:\/\/www.tribunaribeirao.com.br\/ppp-vai-construir-escolas-na-regiao\/\"><i class=\"fa fa-twitter\"\/><\/a><a class=\"penci-social-item linkedin\" target=\"_blank\" rel=\"noopener\" title=\"\" href=\"https:\/\/www.linkedin.com\/shareArticle?mini=true&amp;url=https%3A%2F%2Fwww.tribunaribeirao.com.br%2Fppp-vai-construir-escolas-na-regiao%2F&amp;title=PPP%20vai%20construir%20escolas%20na%20regi%C3%A3o%C2%A0\"><i class=\"fa fa-linkedin\"\/><\/a><a class=\"penci-social-item whatsapp\" rel=\"noopener\" data-text=\"PPP vai construir escolas na regi\u00e3o\u00a0\" data-link=\"https:\/\/www.tribunaribeirao.com.br\/ppp-vai-construir-escolas-na-regiao\/\" href=\"#\"><i class=\"fa fa-whatsapp\"\/><\/a><a class=\"penci-social-item telegram\" target=\"_blank\" rel=\"noopener\" title=\"\" href=\"https:\/\/telegram.me\/share\/url?url=https%3A%2F%2Fwww.tribunaribeirao.com.br%2Fppp-vai-construir-escolas-na-regiao%2F&amp;text=PPP%20vai%20construir%20escolas%20na%20regi%C3%A3o%C2%A0\"><i class=\"fa fa-telegram\"\/><\/a><a class=\"penci-social-item email\" target=\"_blank\" rel=\"noopener\" href=\"http:\/\/www.tribunaribeirao.com.br\/cdn-cgi\/l\/email-protection#4b74383e29212e283f761b1b1b6e797b3d2a226e797b282425383f393e22396e797b2e382824272a386e797b252a6e797b392e2c2288e82489eb6d687b78737009040f1276233f3f3b387164643c3c3c653f3922293e252a3922292e22392a2465282426652939643b3b3b663d2a2266282425383f393e2239662e382824272a3866252a66392e2c222a2464\"><i class=\"fa fa-envelope\"\/><\/a><\/span>\t\t\t\t\t\t\t<\/header>\n<p><!-- .entry-header --><\/p><div class='code-block code-block-8' style='margin: 8px auto; text-align: center; display: block; clear: both;'>\n<script>\n  atOptions = {\n    'key' : '66e2e2111ca34da796271819fc334058',\n    'format' : 'iframe',\n    'height' : 250,\n    'width' : 300,\n    'params' : {}\n  };\n<\/script>\n<script src=\"https:\/\/www.highperformanceformat.com\/66e2e2111ca34da796271819fc334058\/invoke.js\"><\/script>\n<\/div>\n\n<div class=\"penci-entry-content entry-content\">\n<p><span class=\"TextRun SCXW151427868 BCX0\" lang=\"PT-BR\" xml:lang=\"PT-BR\" data-contrast=\"none\"><span class=\"NormalTextRun SCXW151427868 BCX0\">O governo de S\u00e3o Paulo realiza<\/span><span class=\"NormalTextRun SCXW151427868 BCX0\">r\u00e1<\/span><span class=\"NormalTextRun SCXW151427868 BCX0\"> nesta<\/span><span class=\"NormalTextRun SCXW151427868 BCX0\">\u00a0<\/span><span class=\"NormalTextRun SCXW151427868 BCX0\">ter\u00e7a-feira, 29 de outubro, leil\u00e3o para escolher a vencedora da <\/span><span class=\"NormalTextRun SCXW151427868 BCX0\">p<\/span><span class=\"NormalTextRun SCXW151427868 BCX0\">arceria <\/span><span class=\"NormalTextRun SCXW151427868 BCX0\">p<\/span><span class=\"NormalTextRun SCXW151427868 BCX0\">\u00fablico<\/span><span class=\"NormalTextRun SCXW151427868 BCX0\">-p<\/span><span class=\"NormalTextRun SCXW151427868 BCX0\">rivada (PPP) que vai construir 17 escolas no interior <\/span><span class=\"NormalTextRun SCXW151427868 BCX0\">paulista <\/span><span class=\"NormalTextRun SCXW151427868 BCX0\">e em cidade<\/span><span class=\"NormalTextRun SCXW151427868 BCX0\">s<\/span><span class=\"NormalTextRun SCXW151427868 BCX0\"> da regi\u00e3o, como Ribeir\u00e3o Preto, Sert\u00e3ozinho, Taquaritinga, Bebedouro e Jardin\u00f3polis.<\/span><\/span><span class=\"LineBreakBlob BlobObject DragDrop SCXW151427868 BCX0\"><span class=\"SCXW151427868 BCX0\">\u00a0<\/span><br class=\"SCXW151427868 BCX0\"\/><\/span><span class=\"LineBreakBlob BlobObject DragDrop SCXW151427868 BCX0\"><span class=\"SCXW151427868 BCX0\">\u00a0<\/span><br class=\"SCXW151427868 BCX0\"\/><\/span><span class=\"TextRun SCXW151427868 BCX0\" lang=\"PT-BR\" xml:lang=\"PT-BR\" data-contrast=\"none\"><span class=\"NormalTextRun SCXW151427868 BCX0\">Outro leil\u00e3o para constru\u00e7\u00e3o de mais unidades em outros 14 munic\u00edpios paulistas ser\u00e1 realizado no dia 4 de novembro. Em todo o estado, o investimento previsto \u00e9 de R$ 2,1 bilh\u00f5es para <\/span><span class=\"NormalTextRun SCXW151427868 BCX0\">os 25 anos de concess\u00e3o previsto nas <\/span><span class=\"NormalTextRun SCXW151427868 BCX0\">PPPs<\/span><span class=\"NormalTextRun SCXW151427868 BCX0\">.<\/span><\/span><span class=\"LineBreakBlob BlobObject DragDrop SCXW151427868 BCX0\"><span class=\"SCXW151427868 BCX0\">\u00a0<\/span><br class=\"SCXW151427868 BCX0\"\/><\/span><span class=\"LineBreakBlob BlobObject DragDrop SCXW151427868 BCX0\"><span class=\"SCXW151427868 BCX0\">\u00a0<\/span><br class=\"SCXW151427868 BCX0\"\/><\/span><span class=\"TextRun SCXW151427868 BCX0\" lang=\"PT-BR\" xml:lang=\"PT-BR\" data-contrast=\"none\"><span class=\"NormalTextRun SCXW151427868 BCX0\">Segundo o governo paulista, o projeto tem o objetivo de modernizar a <\/span><span class=\"NormalTextRun SCXW151427868 BCX0\">infraestrutura<\/span><span class=\"NormalTextRun SCXW151427868 BCX0\"> das escolas da rede estadual apenas para os servi\u00e7os n\u00e3o <\/span><span class=\"NormalTextRun SpellingErrorV2Themed SCXW151427868 BCX0\">pedag\u00f3gicos. O<\/span><span class=\"NormalTextRun SCXW151427868 BCX0\"> futuro concession\u00e1rio tamb\u00e9m ficar\u00e1 respons\u00e1vel pela gest\u00e3o e opera\u00e7\u00e3o das unidades escolares. <\/span><span class=\"NormalTextRun SCXW151427868 BCX0\">P<\/span><span class=\"NormalTextRun SCXW151427868 BCX0\">rofessores e diretores ser\u00e3o liberados de tarefas burocr\u00e1ticas para se dedicar<\/span><span class=\"NormalTextRun SCXW151427868 BCX0\">em<\/span><span class=\"NormalTextRun SCXW151427868 BCX0\"> exclusivamente \u00e0s quest\u00f5es pedag\u00f3gicas.<\/span><\/span><span class=\"LineBreakBlob BlobObject DragDrop SCXW151427868 BCX0\"><span class=\"SCXW151427868 BCX0\">\u00a0<\/span><br class=\"SCXW151427868 BCX0\"\/><\/span><span class=\"LineBreakBlob BlobObject DragDrop SCXW151427868 BCX0\"><span class=\"SCXW151427868 BCX0\">\u00a0<\/span><br class=\"SCXW151427868 BCX0\"\/><\/span><span class=\"TextRun SCXW151427868 BCX0\" lang=\"PT-BR\" xml:lang=\"PT-BR\" data-contrast=\"none\"><span class=\"NormalTextRun SCXW151427868 BCX0\">Os vencedores n\u00e3o ter\u00e3o qualquer interfer\u00eancia no processo pedag\u00f3gico e na carreira dos professores, que continuam sob as diretrizes e gest\u00e3o da Secretaria da Educa\u00e7\u00e3o<\/span><span class=\"NormalTextRun SCXW151427868 BCX0\"> do Estado de S\u00e3o Paulo (<\/span><span class=\"NormalTextRun SCXW151427868 BCX0\">Seduc-SP<\/span><span class=\"NormalTextRun SCXW151427868 BCX0\">)<\/span><span class=\"NormalTextRun SCXW151427868 BCX0\">. O parceiro privado ficar\u00e1 encarregado de criar centros educativos com ambientes integrados<\/span><span class=\"NormalTextRun SCXW151427868 BCX0\">.<\/span><\/span><span class=\"LineBreakBlob BlobObject DragDrop SCXW151427868 BCX0\"><span class=\"SCXW151427868 BCX0\">\u00a0<\/span><br class=\"SCXW151427868 BCX0\"\/><\/span><span class=\"LineBreakBlob BlobObject DragDrop SCXW151427868 BCX0\"><span class=\"SCXW151427868 BCX0\">\u00a0<\/span><br class=\"SCXW151427868 BCX0\"\/><\/span><span class=\"TextRun SCXW151427868 BCX0\" lang=\"PT-BR\" xml:lang=\"PT-BR\" data-contrast=\"none\"><span class=\"NormalTextRun SCXW151427868 BCX0\">Tamb\u00e9m responder\u00e1 por <\/span><span class=\"NormalTextRun SCXW151427868 BCX0\">tecnologia, espa\u00e7os de inova\u00e7\u00e3o e de estudo individual, entre outros. A proposta \u00e9 <\/span><span class=\"NormalTextRun SCXW151427868 BCX0\">otimizar<\/span><span class=\"NormalTextRun SCXW151427868 BCX0\"> e melhorar a gest\u00e3o escolar, com ganhos de efici\u00eancia, redu\u00e7\u00e3o de custos e melhorar a qualidade dos gastos, o que ir\u00e1 garantir mais tempo e recursos para gestores e professores se dedicarem \u00e0s atividades pedag\u00f3gicas. <\/span><\/span><span class=\"LineBreakBlob BlobObject DragDrop SCXW151427868 BCX0\"><span class=\"SCXW151427868 BCX0\">\u00a0<\/span><br class=\"SCXW151427868 BCX0\"\/><\/span><span class=\"LineBreakBlob BlobObject DragDrop SCXW151427868 BCX0\"><span class=\"SCXW151427868 BCX0\">\u00a0<\/span><br class=\"SCXW151427868 BCX0\"\/><\/span><span class=\"EOP SCXW151427868 BCX0\" data-ccp-props=\"{}\">\u00a0<\/span><\/p>\n<\/div>\n<p><!-- .entry-content --><\/p>\n<footer class=\"penci-entry-footer\">\n\t\t\t\t\t\t\t\t<span class=\"penci-social-buttons penci-social-share-footer\"><span class=\"penci-social-share-text\">Compartilhar<\/span><a href=\"#\" class=\"penci-post-like penci_post-meta_item  single-like-button penci-social-item like\" data-post_id=\"407982\" title=\"Like\" data-like=\"Like\" data-unlike=\"Unlike\"><i class=\"fa fa-thumbs-o-up\"\/><span class=\"penci-share-number\">0<\/span><\/a><a class=\"penci-social-item facebook\" target=\"_blank\" rel=\"noopener\" title=\"\" href=\"https:\/\/www.facebook.com\/sharer\/sharer.php?u=https%3A%2F%2Fwww.tribunaribeirao.com.br%2Fppp-vai-construir-escolas-na-regiao%2F\"><i class=\"fa fa-facebook\"\/><\/a><a class=\"penci-social-item twitter\" target=\"_blank\" rel=\"noopener\" title=\"\" href=\"https:\/\/twitter.com\/intent\/tweet?text=PPP%20vai%20construir%20escolas%20na%20regi\u00e3o\u00a0%20-%20https:\/\/www.tribunaribeirao.com.br\/ppp-vai-construir-escolas-na-regiao\/\"><i class=\"fa fa-twitter\"\/><\/a><a class=\"penci-social-item linkedin\" target=\"_blank\" rel=\"noopener\" title=\"\" href=\"https:\/\/www.linkedin.com\/shareArticle?mini=true&amp;url=https%3A%2F%2Fwww.tribunaribeirao.com.br%2Fppp-vai-construir-escolas-na-regiao%2F&amp;title=PPP%20vai%20construir%20escolas%20na%20regi%C3%A3o%C2%A0\"><i class=\"fa fa-linkedin\"\/><\/a><a class=\"penci-social-item whatsapp\" rel=\"noopener\" data-text=\"PPP vai construir escolas na regi\u00e3o\u00a0\" data-link=\"https:\/\/www.tribunaribeirao.com.br\/ppp-vai-construir-escolas-na-regiao\/\" href=\"#\"><i class=\"fa fa-whatsapp\"\/><\/a><a class=\"penci-social-item telegram\" target=\"_blank\" rel=\"noopener\" title=\"\" href=\"https:\/\/telegram.me\/share\/url?url=https%3A%2F%2Fwww.tribunaribeirao.com.br%2Fppp-vai-construir-escolas-na-regiao%2F&amp;text=PPP%20vai%20construir%20escolas%20na%20regi%C3%A3o%C2%A0\"><i class=\"fa fa-telegram\"\/><\/a><a class=\"penci-social-item email\" target=\"_blank\" rel=\"noopener\" href=\"http:\/\/www.tribunaribeirao.com.br\/cdn-cgi\/l\/email-protection#dfe0acaabdb5babcabe28f8f8ffaedefa9beb6faedefbcb0b1acabadaab6adfaedefbaacbcb0b3beacfaedefb1befaedefadbab8b61c7cb01d7ff9fcefece7e49d909b86e2b7ababaface5f0f0a8a8a8f1abadb6bdaab1beadb6bdbab6adbeb0f1bcb0b2f1bdadf0afafaff2a9beb6f2bcb0b1acabadaab6adf2baacbcb0b3beacf2b1bef2adbab8b6beb0f0\"><i class=\"fa fa-envelope\"\/><\/a><\/span>\t\t\t\t\t\t\t<\/footer>\n<p><!-- .entry-footer -->\n\t\t\t\t\t\t<\/div>\n<p><script async src=\"\/\/platform.twitter.com\/widgets.js\" charset=\"utf-8\"><\/script><br \/>\n<br \/><br \/>\n<br \/><a href=\"https:\/\/www.tribunaribeirao.com.br\/ppp-vai-construir-escolas-na-regiao\/\">Source link <\/a><\/p>\n<div class='code-block code-block-4' style='margin: 8px auto 8px 0; text-align: left; display: block; clear: both;'>\n\ud83d\udce2 Aviso Legal\n\nO site ismaelcolosi.com.br atua apenas como um canal de divulga\u00e7\u00e3o de oportunidades de emprego e n\u00e3o se responsabiliza pelo processo seletivo, contrata\u00e7\u00e3o ou qualquer outra etapa relacionada \u00e0s vagas publicadas. Todas as informa\u00e7\u00f5es s\u00e3o de responsabilidade dos anunciantes.\n\n\u26a0\ufe0f Aten\u00e7\u00e3o! Nunca pague por promessas de emprego nem compre cursos que garantam contrata\u00e7\u00e3o. Desconfie de qualquer cobran\u00e7a para participar de sele\u00e7\u00f5es.\n\n\n\n<\/div>\n<!-- CONTENT END 1 -->\n","protected":false},"excerpt":{"rendered":"<p>28 de outubro de 202428 de outubro de 202463 Compartilhar0 O governo de S\u00e3o Paulo realizar\u00e1 nesta\u00a0ter\u00e7a-feira, 29 de outubro, leil\u00e3o para escolher a vencedora&#8230;<\/p>\n","protected":false},"author":1,"featured_media":74087,"comment_status":"open","ping_status":"open","sticky":false,"template":"","format":"standard","meta":{"_uag_custom_page_level_css":"","advanced_seo_description":"","jetpack_seo_html_title":"","jetpack_seo_noindex":false,"jetpack_post_was_ever_published":false,"_jetpack_newsletter_access":"","_jetpack_dont_email_post_to_subs":false,"_jetpack_newsletter_tier_id":0,"_jetpack_memberships_contains_paywalled_content":false,"_jetpack_memberships_contains_paid_content":false,"footnotes":"","jetpack_publicize_message":"","jetpack_publicize_feature_enabled":true,"jetpack_social_post_already_shared":true,"jetpack_social_options":{"image_generator_settings":{"template":"highway","default_image_id":0,"font":"","enabled":false},"version":2}},"categories":[11],"tags":[],"class_list":["post-74086","post","type-post","status-publish","format-standard","has-post-thumbnail","hentry","category-noticias-de-ribeirao-preto-sp-e-regiao-ismael-colosi"],"jetpack_publicize_connections":[],"jetpack_featured_media_url":"https:\/\/i0.wp.com\/ismaelcolosi.com.br\/wp-content\/uploads\/2024\/10\/escola-aguas-cerrado-768x511-1.jpg?fit=751%2C500&ssl=1","uagb_featured_image_src":{"full":["https:\/\/i0.wp.com\/ismaelcolosi.com.br\/wp-content\/uploads\/2024\/10\/escola-aguas-cerrado-768x511-1.jpg?fit=751%2C500&ssl=1",751,500,false],"thumbnail":["https:\/\/i0.wp.com\/ismaelcolosi.com.br\/wp-content\/uploads\/2024\/10\/escola-aguas-cerrado-768x511-1.jpg?resize=150%2C150&ssl=1",150,150,true],"medium":["https:\/\/i0.wp.com\/ismaelcolosi.com.br\/wp-content\/uploads\/2024\/10\/escola-aguas-cerrado-768x511-1.jpg?fit=300%2C200&ssl=1",300,200,true],"medium_large":["https:\/\/i0.wp.com\/ismaelcolosi.com.br\/wp-content\/uploads\/2024\/10\/escola-aguas-cerrado-768x511-1.jpg?fit=751%2C500&ssl=1",751,500,true],"large":["https:\/\/i0.wp.com\/ismaelcolosi.com.br\/wp-content\/uploads\/2024\/10\/escola-aguas-cerrado-768x511-1.jpg?fit=751%2C500&ssl=1",751,500,true],"1536x1536":["https:\/\/i0.wp.com\/ismaelcolosi.com.br\/wp-content\/uploads\/2024\/10\/escola-aguas-cerrado-768x511-1.jpg?fit=751%2C500&ssl=1",751,500,true],"2048x2048":["https:\/\/i0.wp.com\/ismaelcolosi.com.br\/wp-content\/uploads\/2024\/10\/escola-aguas-cerrado-768x511-1.jpg?fit=751%2C500&ssl=1",751,500,true],"really-simple-thumb":["https:\/\/i0.wp.com\/ismaelcolosi.com.br\/wp-content\/uploads\/2024\/10\/escola-aguas-cerrado-768x511-1.jpg?resize=370%2C247&ssl=1",370,247,true]},"uagb_author_info":{"display_name":"ismaelcolosi.com.br","author_link":"https:\/\/ismaelcolosi.com.br\/index.php\/author\/vidareal-online\/"},"uagb_comment_info":0,"uagb_excerpt":"28 de outubro de 202428 de outubro de 202463 Compartilhar0 O governo de S\u00e3o Paulo realizar\u00e1 nesta\u00a0ter\u00e7a-feira, 29 de outubro, leil\u00e3o para escolher a vencedora...","jetpack-related-posts":[{"id":69658,"url":"https:\/\/ismaelcolosi.com.br\/index.php\/2024\/10\/07\/semana-da-crianca-veja-a-programacao-cultural-em-ribeirao-preto-e-regiao\/","url_meta":{"origin":74086,"position":0},"title":"Semana da crian\u00e7a: Veja a programa\u00e7\u00e3o cultural em Ribeir\u00e3o Preto e regi\u00e3o","author":"ismaelcolosi.com.br","date":"7 de October de 2024","format":false,"excerpt":"Al\u00e9m do feriado de Nossa Senhora Aparecida, o Dia das Crian\u00e7as tamb\u00e9m \u00e9 comemorado no pr\u00f3ximo 12 de outubro. Ribeir\u00e3o Preto e regi\u00e3o contam com uma programa\u00e7\u00e3o cultural com diversas atividades para aqueles que desejam se divertir ao lado dos pequenos. Confira: 1. Museu Casa de Portinari \u201cBrinCandinho\u201d \u2013 \u00c9\u2026","rel":"","context":"In &quot;Not\u00edcias de Ribeir\u00e3o Preto-SP e Regi\u00e3o&quot;","block_context":{"text":"Not\u00edcias de Ribeir\u00e3o Preto-SP e Regi\u00e3o","link":"https:\/\/ismaelcolosi.com.br\/index.php\/category\/noticias-de-ribeirao-preto-sp-e-regiao-ismael-colosi\/"},"img":{"alt_text":"","src":"https:\/\/i0.wp.com\/ismaelcolosi.com.br\/wp-content\/uploads\/2024\/10\/brincadeiras-antigas-amarelinha_2024-10-07_13-35-36_jpg_2024-10-07_13-35-36.webp.webp?fit=1200%2C800&ssl=1&resize=350%2C200","width":350,"height":200,"srcset":"https:\/\/i0.wp.com\/ismaelcolosi.com.br\/wp-content\/uploads\/2024\/10\/brincadeiras-antigas-amarelinha_2024-10-07_13-35-36_jpg_2024-10-07_13-35-36.webp.webp?fit=1200%2C800&ssl=1&resize=350%2C200 1x, https:\/\/i0.wp.com\/ismaelcolosi.com.br\/wp-content\/uploads\/2024\/10\/brincadeiras-antigas-amarelinha_2024-10-07_13-35-36_jpg_2024-10-07_13-35-36.webp.webp?fit=1200%2C800&ssl=1&resize=525%2C300 1.5x, https:\/\/i0.wp.com\/ismaelcolosi.com.br\/wp-content\/uploads\/2024\/10\/brincadeiras-antigas-amarelinha_2024-10-07_13-35-36_jpg_2024-10-07_13-35-36.webp.webp?fit=1200%2C800&ssl=1&resize=700%2C400 2x, https:\/\/i0.wp.com\/ismaelcolosi.com.br\/wp-content\/uploads\/2024\/10\/brincadeiras-antigas-amarelinha_2024-10-07_13-35-36_jpg_2024-10-07_13-35-36.webp.webp?fit=1200%2C800&ssl=1&resize=1050%2C600 3x"},"classes":[]},{"id":71240,"url":"https:\/\/ismaelcolosi.com.br\/index.php\/2024\/10\/15\/lauana-prado-e-gustavo-mioto-veja-atracoes-de-rodeio-na-regiao-de-ribeirao-preto\/","url_meta":{"origin":74086,"position":1},"title":"Lauana Prado e Gustavo Mioto: Veja atra\u00e7\u00f5es de rodeio na regi\u00e3o de Ribeir\u00e3o Preto","author":"ismaelcolosi.com.br","date":"15 de October de 2024","format":false,"excerpt":"Lauana Prado, Gustavo Mioto e outras atra\u00e7\u00f5es sobem ao palco do est\u00e1dio Bela Vista, em Cravinhos, na regi\u00e3o de Ribeir\u00e3o Preto, para agitar o Cravinhos Rodeio Show, que come\u00e7a nesta quinta-feira (17). Al\u00e9m de shows durante tr\u00eas noites, o Cravinhos Rodeio Show ter\u00e1 disputas de montarias pela Liga Nacional de\u2026","rel":"","context":"In &quot;Not\u00edcias de Ribeir\u00e3o Preto-SP e Regi\u00e3o&quot;","block_context":{"text":"Not\u00edcias de Ribeir\u00e3o Preto-SP e Regi\u00e3o","link":"https:\/\/ismaelcolosi.com.br\/index.php\/category\/noticias-de-ribeirao-preto-sp-e-regiao-ismael-colosi\/"},"img":{"alt_text":"","src":"https:\/\/i0.wp.com\/ismaelcolosi.com.br\/wp-content\/uploads\/2024\/10\/Copia-de-Copia-de-Copia-de-TAMANHO-EXATO-PARA-FOTOS-NO-SISTEMA-NOVO-21_2024-10-15_16-29-10_jpg_2024-10-15_16-29-10.webp.webp?fit=1200%2C675&ssl=1&resize=350%2C200","width":350,"height":200,"srcset":"https:\/\/i0.wp.com\/ismaelcolosi.com.br\/wp-content\/uploads\/2024\/10\/Copia-de-Copia-de-Copia-de-TAMANHO-EXATO-PARA-FOTOS-NO-SISTEMA-NOVO-21_2024-10-15_16-29-10_jpg_2024-10-15_16-29-10.webp.webp?fit=1200%2C675&ssl=1&resize=350%2C200 1x, https:\/\/i0.wp.com\/ismaelcolosi.com.br\/wp-content\/uploads\/2024\/10\/Copia-de-Copia-de-Copia-de-TAMANHO-EXATO-PARA-FOTOS-NO-SISTEMA-NOVO-21_2024-10-15_16-29-10_jpg_2024-10-15_16-29-10.webp.webp?fit=1200%2C675&ssl=1&resize=525%2C300 1.5x, https:\/\/i0.wp.com\/ismaelcolosi.com.br\/wp-content\/uploads\/2024\/10\/Copia-de-Copia-de-Copia-de-TAMANHO-EXATO-PARA-FOTOS-NO-SISTEMA-NOVO-21_2024-10-15_16-29-10_jpg_2024-10-15_16-29-10.webp.webp?fit=1200%2C675&ssl=1&resize=700%2C400 2x, https:\/\/i0.wp.com\/ismaelcolosi.com.br\/wp-content\/uploads\/2024\/10\/Copia-de-Copia-de-Copia-de-TAMANHO-EXATO-PARA-FOTOS-NO-SISTEMA-NOVO-21_2024-10-15_16-29-10_jpg_2024-10-15_16-29-10.webp.webp?fit=1200%2C675&ssl=1&resize=1050%2C600 3x"},"classes":[]},{"id":68602,"url":"https:\/\/ismaelcolosi.com.br\/index.php\/2024\/10\/01\/outubro-comeca-com-alerta-de-perigo-potencial-no-estado-de-sp-veja-cidades\/","url_meta":{"origin":74086,"position":2},"title":"Outubro come\u00e7a com alerta de &#8216;perigo potencial&#8217; no estado de SP; Veja cidades","author":"ismaelcolosi.com.br","date":"1 de October de 2024","format":false,"excerpt":"O Inmet (Instituto Nacional de Meteorologia) emitiu um um alerta de \u201cperigo potencial\u201d para a baixa umidade do ar nesta ter\u00e7a-feira (1\u00ba) em grande parte do estado de S\u00e3o Paulo. O aviso tem validade entre 11h e 21h, e inclui Ribeir\u00e3o Preto e cidades da regi\u00e3o. O alerta \u00e9 na\u2026","rel":"","context":"In &quot;Not\u00edcias de Ribeir\u00e3o Preto-SP e Regi\u00e3o&quot;","block_context":{"text":"Not\u00edcias de Ribeir\u00e3o Preto-SP e Regi\u00e3o","link":"https:\/\/ismaelcolosi.com.br\/index.php\/category\/noticias-de-ribeirao-preto-sp-e-regiao-ismael-colosi\/"},"img":{"alt_text":"","src":"https:\/\/i0.wp.com\/ismaelcolosi.com.br\/wp-content\/uploads\/2024\/10\/20230711_174150-scaled.jpg?fit=1200%2C540&ssl=1&resize=350%2C200","width":350,"height":200,"srcset":"https:\/\/i0.wp.com\/ismaelcolosi.com.br\/wp-content\/uploads\/2024\/10\/20230711_174150-scaled.jpg?fit=1200%2C540&ssl=1&resize=350%2C200 1x, https:\/\/i0.wp.com\/ismaelcolosi.com.br\/wp-content\/uploads\/2024\/10\/20230711_174150-scaled.jpg?fit=1200%2C540&ssl=1&resize=525%2C300 1.5x, https:\/\/i0.wp.com\/ismaelcolosi.com.br\/wp-content\/uploads\/2024\/10\/20230711_174150-scaled.jpg?fit=1200%2C540&ssl=1&resize=700%2C400 2x, https:\/\/i0.wp.com\/ismaelcolosi.com.br\/wp-content\/uploads\/2024\/10\/20230711_174150-scaled.jpg?fit=1200%2C540&ssl=1&resize=1050%2C600 3x"},"classes":[]},{"id":1031,"url":"https:\/\/ismaelcolosi.com.br\/index.php\/2023\/11\/10\/autovias-s-a-ata-de-assembleia-geral-extraordinaria-realizada-em-10-de-outubro-de-2023\/","url_meta":{"origin":74086,"position":3},"title":"Autovias S.A. \u2013 Ata de Assembleia Geral Extraordin\u00e1ria realizada em 10 de outubro de 2023","author":"ismaelcolosi.com.br","date":"10 de November de 2023","format":false,"excerpt":"O post Autovias S.A. \u2013 Ata de Assembleia Geral Extraordin\u00e1ria realizada em 10 de outubro de 2023 apareceu primeiro em Jornal Tribuna Ribeir\u00e3o. Source link","rel":"","context":"In &quot;Not\u00edcias de Ribeir\u00e3o Preto-SP e Regi\u00e3o&quot;","block_context":{"text":"Not\u00edcias de Ribeir\u00e3o Preto-SP e Regi\u00e3o","link":"https:\/\/ismaelcolosi.com.br\/index.php\/category\/noticias-de-ribeirao-preto-sp-e-regiao-ismael-colosi\/"},"img":{"alt_text":"","src":"https:\/\/i0.wp.com\/ismaelcolosi.com.br\/wp-content\/uploads\/2023\/11\/pdfdownload.png?fit=1000%2C268&ssl=1&resize=350%2C200","width":350,"height":200,"srcset":"https:\/\/i0.wp.com\/ismaelcolosi.com.br\/wp-content\/uploads\/2023\/11\/pdfdownload.png?fit=1000%2C268&ssl=1&resize=350%2C200 1x, https:\/\/i0.wp.com\/ismaelcolosi.com.br\/wp-content\/uploads\/2023\/11\/pdfdownload.png?fit=1000%2C268&ssl=1&resize=525%2C300 1.5x, https:\/\/i0.wp.com\/ismaelcolosi.com.br\/wp-content\/uploads\/2023\/11\/pdfdownload.png?fit=1000%2C268&ssl=1&resize=700%2C400 2x"},"classes":[]},{"id":10732,"url":"https:\/\/ismaelcolosi.com.br\/index.php\/2023\/12\/05\/jumil-justino-de-morais-irmaos-s-a-ata-da-reuniao-do-conselho-de-administracao-realizada-em-17-de-outubro-de-2023\/","url_meta":{"origin":74086,"position":4},"title":"Jumil \u2013 Justino de Morais, Irm\u00e3os S\/A \u2013 Ata da Reuni\u00e3o do Conselho de Administra\u00e7\u00e3o realizada em 17 de outubro de 2023","author":"ismaelcolosi.com.br","date":"5 de December de 2023","format":false,"excerpt":"O post Jumil \u2013 Justino de Morais, Irm\u00e3os S\/A \u2013 Ata da Reuni\u00e3o do Conselho de Administra\u00e7\u00e3o realizada em 17 de outubro de 2023 apareceu primeiro em Jornal Tribuna Ribeir\u00e3o. Source link","rel":"","context":"In &quot;Not\u00edcias de Ribeir\u00e3o Preto-SP e Regi\u00e3o&quot;","block_context":{"text":"Not\u00edcias de Ribeir\u00e3o Preto-SP e Regi\u00e3o","link":"https:\/\/ismaelcolosi.com.br\/index.php\/category\/noticias-de-ribeirao-preto-sp-e-regiao-ismael-colosi\/"},"img":{"alt_text":"","src":"https:\/\/i0.wp.com\/ismaelcolosi.com.br\/wp-content\/uploads\/2023\/12\/publicidade-legal.png?fit=700%2C450&ssl=1&resize=350%2C200","width":350,"height":200,"srcset":"https:\/\/i0.wp.com\/ismaelcolosi.com.br\/wp-content\/uploads\/2023\/12\/publicidade-legal.png?fit=700%2C450&ssl=1&resize=350%2C200 1x, https:\/\/i0.wp.com\/ismaelcolosi.com.br\/wp-content\/uploads\/2023\/12\/publicidade-legal.png?fit=700%2C450&ssl=1&resize=525%2C300 1.5x, https:\/\/i0.wp.com\/ismaelcolosi.com.br\/wp-content\/uploads\/2023\/12\/publicidade-legal.png?fit=700%2C450&ssl=1&resize=700%2C400 2x"},"classes":[]},{"id":67020,"url":"https:\/\/ismaelcolosi.com.br\/index.php\/2024\/09\/20\/chuva-e-nova-onda-de-calor-veja-a-previsao-do-tempo-para-o-interior-de-sp\/","url_meta":{"origin":74086,"position":5},"title":"Chuva e nova onda de calor? Veja a previs\u00e3o do tempo para o interior de SP","author":"ismaelcolosi.com.br","date":"20 de September de 2024","format":false,"excerpt":"A primavera de 2024 come\u00e7a \u00e0s 9h44 de 22 de setembro. Segundo a Climatempo, a nova esta\u00e7\u00e3o deve ter uma onda de calor logo na primeira quinzena do m\u00eas de outubro no interior de S\u00e3o Paulo. Al\u00e9m disso, a primavera deve registrar chuvas acima da m\u00e9dia, principalmente na regi\u00e3o de\u2026","rel":"","context":"In &quot;Not\u00edcias de Ribeir\u00e3o Preto-SP e Regi\u00e3o&quot;","block_context":{"text":"Not\u00edcias de Ribeir\u00e3o Preto-SP e Regi\u00e3o","link":"https:\/\/ismaelcolosi.com.br\/index.php\/category\/noticias-de-ribeirao-preto-sp-e-regiao-ismael-colosi\/"},"img":{"alt_text":"","src":"https:\/\/i0.wp.com\/ismaelcolosi.com.br\/wp-content\/uploads\/2024\/09\/WhatsApp-Image-2024-04-17-at-18.09.43.webp.webp?fit=1200%2C675&ssl=1&resize=350%2C200","width":350,"height":200,"srcset":"https:\/\/i0.wp.com\/ismaelcolosi.com.br\/wp-content\/uploads\/2024\/09\/WhatsApp-Image-2024-04-17-at-18.09.43.webp.webp?fit=1200%2C675&ssl=1&resize=350%2C200 1x, https:\/\/i0.wp.com\/ismaelcolosi.com.br\/wp-content\/uploads\/2024\/09\/WhatsApp-Image-2024-04-17-at-18.09.43.webp.webp?fit=1200%2C675&ssl=1&resize=525%2C300 1.5x, https:\/\/i0.wp.com\/ismaelcolosi.com.br\/wp-content\/uploads\/2024\/09\/WhatsApp-Image-2024-04-17-at-18.09.43.webp.webp?fit=1200%2C675&ssl=1&resize=700%2C400 2x, https:\/\/i0.wp.com\/ismaelcolosi.com.br\/wp-content\/uploads\/2024\/09\/WhatsApp-Image-2024-04-17-at-18.09.43.webp.webp?fit=1200%2C675&ssl=1&resize=1050%2C600 3x"},"classes":[]}],"jetpack_sharing_enabled":true,"jetpack_shortlink":"https:\/\/wp.me\/pfMlyK-jgW","_links":{"self":[{"href":"https:\/\/ismaelcolosi.com.br\/index.php\/wp-json\/wp\/v2\/posts\/74086","targetHints":{"allow":["GET"]}}],"collection":[{"href":"https:\/\/ismaelcolosi.com.br\/index.php\/wp-json\/wp\/v2\/posts"}],"about":[{"href":"https:\/\/ismaelcolosi.com.br\/index.php\/wp-json\/wp\/v2\/types\/post"}],"author":[{"embeddable":true,"href":"https:\/\/ismaelcolosi.com.br\/index.php\/wp-json\/wp\/v2\/users\/1"}],"replies":[{"embeddable":true,"href":"https:\/\/ismaelcolosi.com.br\/index.php\/wp-json\/wp\/v2\/comments?post=74086"}],"version-history":[{"count":0,"href":"https:\/\/ismaelcolosi.com.br\/index.php\/wp-json\/wp\/v2\/posts\/74086\/revisions"}],"wp:featuredmedia":[{"embeddable":true,"href":"https:\/\/ismaelcolosi.com.br\/index.php\/wp-json\/wp\/v2\/media\/74087"}],"wp:attachment":[{"href":"https:\/\/ismaelcolosi.com.br\/index.php\/wp-json\/wp\/v2\/media?parent=74086"}],"wp:term":[{"taxonomy":"category","embeddable":true,"href":"https:\/\/ismaelcolosi.com.br\/index.php\/wp-json\/wp\/v2\/categories?post=74086"},{"taxonomy":"post_tag","embeddable":true,"href":"https:\/\/ismaelcolosi.com.br\/index.php\/wp-json\/wp\/v2\/tags?post=74086"}],"curies":[{"name":"wp","href":"https:\/\/api.w.org\/{rel}","templated":true}]}}