{"id":74084,"date":"2024-10-29T21:11:31","date_gmt":"2024-10-30T00:11:31","guid":{"rendered":"https:\/\/ismaelcolosi.com.br\/index.php\/2024\/10\/29\/mateus-solano-traz-monologo-para-rp\/"},"modified":"2024-10-29T21:11:31","modified_gmt":"2024-10-30T00:11:31","slug":"mateus-solano-traz-monologo-para-rp","status":"publish","type":"post","link":"https:\/\/ismaelcolosi.com.br\/index.php\/2024\/10\/29\/mateus-solano-traz-monologo-para-rp\/","title":{"rendered":"Mateus Solano traz\u00a0mon\u00f3logo para RP\u00a0"},"content":{"rendered":"<p> <br \/>\n<\/p>\n<div>\n<p><span data-contrast=\"auto\">\u201cSomos um animal que cria hist\u00f3rias para viver e um mundo para acreditar. Na \u00e2nsia em fazer parte desse mundo, acabamos por nos afastar de n\u00f3s mesmos a ponto de n\u00e3o saber se somos protagonistas ou figurantes de nossa pr\u00f3pria hist\u00f3ria\u201d. A frase \u00e9 do ator Mateus Solano, que em 30 de novembro, \u00faltimo s\u00e1bado do m\u00eas, \u00e0s 20 horas, estar\u00e1 no Theatro Perdro II com o espet\u00e1culo \u201cO Figurante\u201d.<\/span><\/p>\n<p><span data-contrast=\"auto\">A dire\u00e7\u00e3o \u00e9 de Miguel Thir\u00e9, parceiro de Mateus Solano no sucesso \u201cSelfie\u201d, espet\u00e1culo que lotou os teatros do Rio de Janeiro e de S\u00e3o Paulo entre 2014 e 2016. A dramaturgia \u00e9 da dupla, em parceria in\u00e9dita com a atriz Isabel Teixeira \u2013 a Maria Bruaca de \u201cPantanal\u201d \u2013, par recente de Mateus Solano na novela \u201cElas Por Elas\u201d, da TV Globo.<\/span><\/p><div class='code-block code-block-8' style='margin: 8px auto; text-align: center; display: block; clear: both;'>\n<script>\n  atOptions = {\n    'key' : '66e2e2111ca34da796271819fc334058',\n    'format' : 'iframe',\n    'height' : 250,\n    'width' : 300,\n    'params' : {}\n  };\n<\/script>\n<script src=\"https:\/\/www.highperformanceformat.com\/66e2e2111ca34da796271819fc334058\/invoke.js\"><\/script>\n<\/div>\n\n<p><span data-contrast=\"auto\">Atrav\u00e9s do dia a dia de um figurante do audiovisual, o espet\u00e1culo joga luz sobre todos os figurantes de todos os segmentos da sociedade \u2013 os invisibilizados, que nem sempre se percebem apagados dentro de um coletivo, seja ele profissional ou pessoal. Esta reflex\u00e3o permeia a cria\u00e7\u00e3o de \u201cO Figurante\u201d, primeiro mon\u00f3logo de Mateus Solano. <\/span><\/p>\n<p><span data-contrast=\"auto\">A produ\u00e7\u00e3o \u00e9 da Bem Legal Produ\u00e7\u00f5es, de Carlos Grun, parceiro da dupla em \u201cSelfie\u201d e produtor de sucessos como \u201cIntimidade Indecente\u201d, com Marcos Caruso e Eliane Giardini; \u201cM\u00e3e Fora da Caixa\u201d, com Mi\u00e1 Mello; \u201cDi\u00e1rio de Um Louco\u201d, com Milhem Cortaz; e \u201cVoc\u00eas Foram Maravilhosos \u201cde Marcos Veras entre outros. <\/span><\/p>\n<p><b><span data-contrast=\"auto\">Sinopse \u2013<\/span><\/b><span data-contrast=\"auto\"> Augusto (Mateus Solano) \u00e9 um figurante dedicado, experiente e acostumado a servir em produ\u00e7\u00f5es audiovisuais. Vive uma rotina previs\u00edvel como se fosse figurante de sua pr\u00f3pria hist\u00f3ria. Aos poucos, ele vai despertando e questionando a import\u00e2ncia de seu trabalho e de sua vida. Como ressignificar sua exist\u00eancia?<\/span><\/p>\n<p><b><span data-contrast=\"auto\">A cria\u00e7\u00e3o \u2013<\/span><\/b><span data-contrast=\"auto\"> A constru\u00e7\u00e3o da dramaturgia partiu de um processo de trabalho desenvolvido por Isabel Teixeira, a \u201cEscrita na Cena\u201d. A proposta \u00e9 estimular o ator, durante exerc\u00edcios de improvisa\u00e7\u00e3o, a encontrar suas pr\u00f3prias narrativas, fazendo brotar do int\u00e9rprete uma \u201cautoria\u201d. <\/span><\/p>\n<p><span data-contrast=\"auto\">O ator tem a liberdade de criar (ou recriar) o texto, primeiro pelo improviso e depois pela escrita. Os exerc\u00edcios de Mateus foram gravados, e suas falas foram transcritas por Isabel numa segunda camada, buscando fazer delas a voz do personagem.<\/span><br \/><span data-contrast=\"auto\">\u201cAtores e atrizes escrevem no ar da cena, onde v\u00edrgula \u00e9 respira\u00e7\u00e3o e texto \u00e9 palavra dita e depois encarnada no papel. Essa \u00e9 a tinta de base usada para escrever \u2018O Figurante\u2019. Partimos de improvisos de Mateus Solano e posteriormente mergulhamos no \u00e1rduo e delicioso trabalho de composi\u00e7\u00e3o e estrutura\u00e7\u00e3o dramat\u00fargica\u201d, explica Isabel Teixeira.<\/span><\/p>\n<p><span data-contrast=\"auto\">\u201c\u2018O Figurante\u2019 torna vis\u00edvel o que normalmente \u00e9 deixado no fundo do quadro, no fundo da cena, nas profundezas da invisibilidade\u201d, explica a atriz. A pe\u00e7a d\u00e1 continuidade \u00e0 pesquisa de linguagem desenvolvida h\u00e1 anos por Miguel Thir\u00e9 e Mateus Solano: uma encena\u00e7\u00e3o essencial, que se vale basicamente do corpo e da voz como balizas do jogo c\u00eanico. <\/span><\/p>\n<p><span data-contrast=\"auto\">No palco nu, Mateus Solano d\u00e1 vida ao Figurante e demais personagens atrav\u00e9s do trabalho m\u00edmico. \u201cSempre acreditei em um teatro que debate direto com a sociedade, que toca o p\u00fablico. O que queremos dizer? Como vamos dizer? Neste quinto trabalho juntos, ao inv\u00e9s de dividirmos o palco, passo eu para esse lugar de \u2018espectador profissional\u2019 que \u00e9 a dire\u00e7\u00e3o\u201d, diz Thir\u00e9. <\/span><\/p>\n<p><span data-contrast=\"auto\">\u201cAcompanho o trabalho desse brilhante ator (Mateus Solano) que d\u00e1 vida a um outro ator (o personagem) que, por sua vez, n\u00e3o consegue brilhar. \u2018O Figurante\u2019 busca colocar o foco onde normalmente n\u00e3o h\u00e1. O trabalho \u00e9 fazer este personagem n\u00e3o imprimir, estar fora de foco, ser quase parte da mob\u00edlia.\u201d, explica Miguel Thir\u00e9, diretor.<\/span><\/p>\n<p><b><span data-contrast=\"none\">Ingressos <\/span><\/b><b><span data-contrast=\"none\">\u2013 <\/span><\/b><span data-contrast=\"none\">Os ingressos para o espet\u00e1culo \u201cO Figurante\u201d custam R$ 160 (plateia A), R$ 140 (<\/span><span data-contrast=\"none\">plateia B), R$ 120 (frisa), R$ 100 (balc\u00e3o nobre) e R$ 80 (balc\u00e3o simples). A meia-entrada sai por R$ 80, R$ 70, R$ 60 R$ 50 e R$ 40, respectivamente. Est\u00e3o \u00e0 venda no site Mega Bilheteria (<\/span><a href=\"http:\/\/www.megabilheteria.com\/\"><span data-contrast=\"none\">www.megabilheteria.com<\/span><\/a><span data-contrast=\"none\">). <\/span><\/p>\n<p><span data-contrast=\"auto\">A<\/span> <span data-contrast=\"auto\">meia vale para estudantes, pessoa com defici\u00eancia e um acompanhante, idosos (pessoas com mais de 60 anos), diretores, coordenadores pedag\u00f3gicos, supervisores e titulares de cargos do quadro de apoio das escolas das redes estadual e municipais, professores da rede p\u00fablica estadual e das redes municipais de ensino.<\/span><\/p>\n<p><span data-contrast=\"auto\">O Theatro Pedro II informa que n\u00e3o \u00e9 permitido crian\u00e7as menores de 12 anos na fila A dos setores balc\u00e3o nobre e balc\u00e3o simples, por determina\u00e7\u00e3o do Minist\u00e9rio P\u00fablico de S\u00e3o Paulo (MPSP), devido a altura do guarda corpo.\u00a0 Ingressos para cadeirantes s\u00e3o destinados ao setor frisa do teatro.<\/span><\/p>\n<p><span data-contrast=\"auto\">N\u00e3o ser\u00e1 permitida a entrada ap\u00f3s o in\u00edcio do espet\u00e1culo, n\u00e3o havendo troca de ingresso e nem devolu\u00e7\u00e3o do dinheiro. Para melhor conserva\u00e7\u00e3o do Theatro Pedro II \u00e9 proibido o consumo de bebidas e alimentos dentro das salas de espet\u00e1culos.<\/span><\/p>\n<p><span data-contrast=\"none\">O Theatro Pedro II fica na\u202frua\u202f\u00c1lvares Cabral n\u00ba 370, no Quarteir\u00e3o Paulista, Centro\u202fHist\u00f3rico de Ribeir\u00e3o Preto. O local tem capacidade para 1.588 pessoas, mas parte foi interditada por seguran\u00e7a. Atualmente conta com 1,3 mil lugares. Por\u00e9m, vai disponibilizar cerca de 1.200 poltronas. <\/span><\/p>\n<p><span data-contrast=\"none\">O<\/span><span data-contrast=\"none\"> telefone para mais informa\u00e7\u00f5es \u00e9 (16) 3977-8111. O espet\u00e1culo n\u00e3o \u00e9 recomendado para menores de 12 anos, que podem participar acompanhados dos pais.\u202fO espa\u00e7o \u00e9<\/span><span data-contrast=\"none\"> o terceiro maior teatro de \u00f3pera do Brasil. <\/span><span data-contrast=\"none\">O uso de m\u00e1scara \u00e9 opcional. <\/span><\/p>\n<p><b><span data-contrast=\"none\">Servi\u00e7o <\/span><\/b><br \/><b><span data-contrast=\"none\">Espet\u00e1culo: <\/span><\/b>\u00a0<b><span data-contrast=\"none\">\u201c<\/span><\/b><span data-contrast=\"none\">O Figurante<\/span><b><span data-contrast=\"none\">\u201d<\/span><\/b><br \/><b><span data-contrast=\"auto\">Com: <\/span><\/b><span data-contrast=\"auto\">Mateus <\/span>\u00a0<span data-contrast=\"auto\">Solano<\/span><br \/><b><span data-contrast=\"auto\">Dire\u00e7\u00e3o:<\/span><\/b><span data-contrast=\"auto\"> Miguel<\/span> <span data-contrast=\"auto\">Thir\u00e9<\/span><br \/><b><span data-contrast=\"auto\">Dramaturgia:<\/span><\/b> <span data-contrast=\"auto\">Miguel Thir\u00e9, <\/span>\u00a0<span data-contrast=\"auto\">Mateus Solano <\/span>\u00a0<span data-contrast=\"auto\">e Isabel <\/span>\u00a0<span data-contrast=\"auto\">Teixeira <\/span><br \/><b><span data-contrast=\"none\">Quando:<\/span><\/b><span data-contrast=\"none\"> s\u00e1bado,<\/span> <span data-contrast=\"none\">30 de novembro <\/span><br \/><b><span data-contrast=\"none\">Hor\u00e1rio:<\/span><\/b> \u00a0<span data-contrast=\"none\">20 horas <\/span><br \/><b><span data-contrast=\"none\">Classifica\u00e7\u00e3o:<\/span><\/b> \u00a0<span data-contrast=\"none\">12 anos<\/span><br \/><b><span data-contrast=\"none\">Onde:<\/span><\/b><span data-contrast=\"none\"> Theatro Pedro II<\/span><br \/><b><span data-contrast=\"none\">Endere\u00e7o:<\/span><\/b><span data-contrast=\"none\"> rua \u00c1lvares <\/span>\u00a0<span data-contrast=\"none\">Cabral n\u00ba 370, Centro<\/span><br \/><b><span data-contrast=\"none\">Capacidade:<\/span><\/b><span data-contrast=\"none\"> 1.200 <\/span>\u00a0<span data-contrast=\"none\">lugares <\/span><br \/><b><span data-contrast=\"none\">Ingressos<\/span><\/b><br \/><b><span data-contrast=\"none\">Plateia A<\/span><\/b><br \/><span data-contrast=\"none\">R$ 160 (inteira)<\/span><br \/><span data-contrast=\"none\">e R$ 80 (meia)\u202f<\/span><br \/><b><span data-contrast=\"none\">Plateia B <\/span><\/b><br \/><span data-contrast=\"none\">R$ 140 (inteira)<\/span><br \/><span data-contrast=\"none\">e R$ 70 (meia)\u202f<\/span><br \/><b><span data-contrast=\"none\">Frisa<\/span><\/b><br \/><span data-contrast=\"none\">R$ 120 (inteira)<\/span><br \/><span data-contrast=\"none\">e R$ 60 (meia)\u202f<\/span><br \/><b><span data-contrast=\"none\">Balc\u00e3o nobre<\/span><\/b><br \/><span data-contrast=\"none\">R$ 100 (inteira)<\/span><br \/><span data-contrast=\"none\">e R$ 50 (meia)\u202f<\/span><br \/><b><span data-contrast=\"none\">Balc\u00e3o simples<\/span><\/b><br \/><span data-contrast=\"none\">R$ 80 (inteira)<\/span><br \/><span data-contrast=\"none\">e R$ 40 (meia)\u202f<\/span><br \/><b><span data-contrast=\"none\">Vendas:<\/span><\/b><span data-contrast=\"none\">\u202fguich\u00ea do teatro e site\u202f<\/span><br \/><span data-contrast=\"auto\">www.megabilheteria.com<\/span><br \/><b><span data-contrast=\"auto\">Bilheteria:<\/span><\/b><span data-contrast=\"auto\"> de ter\u00e7a-feira <\/span>\u00a0<span data-contrast=\"auto\">a domingo, a partir <\/span>\u00a0<span data-contrast=\"auto\">das 14 horas<\/span><br \/><b><span data-contrast=\"none\">Informa\u00e7\u00f5es:<\/span><\/b><span data-contrast=\"none\"> (16) <\/span>\u00a0<span data-contrast=\"none\">3977-8111 ou<\/span><br \/><span data-contrast=\"none\">www.theatropedro2.com.br<\/span><br \/><span data-ccp-props=\"{}\">\u00a0<\/span><\/p>\n<p><span data-ccp-props=\"{}\">\u00a0<\/span><\/p>\n<\/div>\n<p><br \/>\n<br \/><a href=\"https:\/\/www.tribunaribeirao.com.br\/mateus-solano-traz-monologo-para-rp\/\">Source link <\/a><\/p>\n<div class='code-block code-block-4' style='margin: 8px auto 8px 0; text-align: left; display: block; clear: both;'>\n\ud83d\udce2 Aviso Legal\n\nO site ismaelcolosi.com.br atua apenas como um canal de divulga\u00e7\u00e3o de oportunidades de emprego e n\u00e3o se responsabiliza pelo processo seletivo, contrata\u00e7\u00e3o ou qualquer outra etapa relacionada \u00e0s vagas publicadas. Todas as informa\u00e7\u00f5es s\u00e3o de responsabilidade dos anunciantes.\n\n\u26a0\ufe0f Aten\u00e7\u00e3o! Nunca pague por promessas de emprego nem compre cursos que garantam contrata\u00e7\u00e3o. Desconfie de qualquer cobran\u00e7a para participar de sele\u00e7\u00f5es.\n\n\n\n<\/div>\n<!-- CONTENT END 1 -->\n","protected":false},"excerpt":{"rendered":"<p>\u201cSomos um animal que cria hist\u00f3rias para viver e um mundo para acreditar. Na \u00e2nsia em fazer parte desse mundo, acabamos por nos afastar de&#8230;<\/p>\n","protected":false},"author":1,"featured_media":74085,"comment_status":"open","ping_status":"open","sticky":false,"template":"","format":"standard","meta":{"_uag_custom_page_level_css":"","advanced_seo_description":"","jetpack_seo_html_title":"","jetpack_seo_noindex":false,"jetpack_post_was_ever_published":false,"_jetpack_newsletter_access":"","_jetpack_dont_email_post_to_subs":false,"_jetpack_newsletter_tier_id":0,"_jetpack_memberships_contains_paywalled_content":false,"_jetpack_memberships_contains_paid_content":false,"footnotes":"","jetpack_publicize_message":"","jetpack_publicize_feature_enabled":true,"jetpack_social_post_already_shared":true,"jetpack_social_options":{"image_generator_settings":{"template":"highway","default_image_id":0,"font":"","enabled":false},"version":2}},"categories":[11],"tags":[],"class_list":["post-74084","post","type-post","status-publish","format-standard","has-post-thumbnail","hentry","category-noticias-de-ribeirao-preto-sp-e-regiao-ismael-colosi"],"jetpack_publicize_connections":[],"jetpack_featured_media_url":"https:\/\/i0.wp.com\/ismaelcolosi.com.br\/wp-content\/uploads\/2024\/10\/Figurante-Guto-Costa-04-scaled.jpg?fit=334%2C500&ssl=1","uagb_featured_image_src":{"full":["https:\/\/i0.wp.com\/ismaelcolosi.com.br\/wp-content\/uploads\/2024\/10\/Figurante-Guto-Costa-04-scaled.jpg?fit=334%2C500&ssl=1",334,500,false],"thumbnail":["https:\/\/i0.wp.com\/ismaelcolosi.com.br\/wp-content\/uploads\/2024\/10\/Figurante-Guto-Costa-04-scaled.jpg?resize=150%2C150&ssl=1",150,150,true],"medium":["https:\/\/i0.wp.com\/ismaelcolosi.com.br\/wp-content\/uploads\/2024\/10\/Figurante-Guto-Costa-04-scaled.jpg?fit=200%2C300&ssl=1",200,300,true],"medium_large":["https:\/\/i0.wp.com\/ismaelcolosi.com.br\/wp-content\/uploads\/2024\/10\/Figurante-Guto-Costa-04-scaled.jpg?fit=334%2C500&ssl=1",334,500,true],"large":["https:\/\/i0.wp.com\/ismaelcolosi.com.br\/wp-content\/uploads\/2024\/10\/Figurante-Guto-Costa-04-scaled.jpg?fit=334%2C500&ssl=1",334,500,true],"1536x1536":["https:\/\/i0.wp.com\/ismaelcolosi.com.br\/wp-content\/uploads\/2024\/10\/Figurante-Guto-Costa-04-scaled.jpg?fit=334%2C500&ssl=1",334,500,true],"2048x2048":["https:\/\/i0.wp.com\/ismaelcolosi.com.br\/wp-content\/uploads\/2024\/10\/Figurante-Guto-Costa-04-scaled.jpg?fit=334%2C500&ssl=1",334,500,true],"really-simple-thumb":["https:\/\/i0.wp.com\/ismaelcolosi.com.br\/wp-content\/uploads\/2024\/10\/Figurante-Guto-Costa-04-scaled.jpg?resize=334%2C247&ssl=1",334,247,true]},"uagb_author_info":{"display_name":"ismaelcolosi.com.br","author_link":"https:\/\/ismaelcolosi.com.br\/index.php\/author\/vidareal-online\/"},"uagb_comment_info":0,"uagb_excerpt":"\u201cSomos um animal que cria hist\u00f3rias para viver e um mundo para acreditar. Na \u00e2nsia em fazer parte desse mundo, acabamos por nos afastar de...","jetpack-related-posts":[{"id":74896,"url":"https:\/\/ismaelcolosi.com.br\/index.php\/2024\/11\/03\/mateus-solano-estrela-monologo-no-theatro-pedro-ii-em-ribeirao-preto\/","url_meta":{"origin":74084,"position":0},"title":"Mateus Solano estrela mon\u00f3logo no Theatro Pedro II em Ribeir\u00e3o Preto","author":"ismaelcolosi.com.br","date":"3 de November de 2024","format":false,"excerpt":"O ator Mateus Solano chega ao Theatro Pedro II, em Ribeir\u00e3o Preto, no dia 30 de novembro, \u00e0s 20h, com o mon\u00f3logo \u201cO Figurante\u201d. Os ingressos para o espet\u00e1culo custam entre R$ 40 (meia-entrada) e R$ 160. A dire\u00e7\u00e3o \u00e9 de Miguel Thir\u00e9, parceiro de Mateus Solano no sucesso \u201cSelfie\u201d,\u2026","rel":"","context":"In &quot;Not\u00edcias de Ribeir\u00e3o Preto-SP e Regi\u00e3o&quot;","block_context":{"text":"Not\u00edcias de Ribeir\u00e3o Preto-SP e Regi\u00e3o","link":"https:\/\/ismaelcolosi.com.br\/index.php\/category\/noticias-de-ribeirao-preto-sp-e-regiao-ismael-colosi\/"},"img":{"alt_text":"","src":"https:\/\/i0.wp.com\/ismaelcolosi.com.br\/wp-content\/uploads\/2024\/11\/MATEUS-SOLANO-O-FIGURANTE_2024-11-03_17-52-16_jpg_2024-11-03_17-52-16.webp.webp?fit=902%2C664&ssl=1&resize=350%2C200","width":350,"height":200,"srcset":"https:\/\/i0.wp.com\/ismaelcolosi.com.br\/wp-content\/uploads\/2024\/11\/MATEUS-SOLANO-O-FIGURANTE_2024-11-03_17-52-16_jpg_2024-11-03_17-52-16.webp.webp?fit=902%2C664&ssl=1&resize=350%2C200 1x, https:\/\/i0.wp.com\/ismaelcolosi.com.br\/wp-content\/uploads\/2024\/11\/MATEUS-SOLANO-O-FIGURANTE_2024-11-03_17-52-16_jpg_2024-11-03_17-52-16.webp.webp?fit=902%2C664&ssl=1&resize=525%2C300 1.5x, https:\/\/i0.wp.com\/ismaelcolosi.com.br\/wp-content\/uploads\/2024\/11\/MATEUS-SOLANO-O-FIGURANTE_2024-11-03_17-52-16_jpg_2024-11-03_17-52-16.webp.webp?fit=902%2C664&ssl=1&resize=700%2C400 2x"},"classes":[]},{"id":77558,"url":"https:\/\/ismaelcolosi.com.br\/index.php\/2024\/11\/26\/mateus-solano-se-apresenta-neste-fim-de-semana-em-ribeirao-preto\/","url_meta":{"origin":74084,"position":1},"title":"Mateus Solano se apresenta neste fim de semana em Ribeir\u00e3o Preto","author":"ismaelcolosi.com.br","date":"26 de November de 2024","format":false,"excerpt":"O Theatro Pedro II, em Ribeir\u00e3o Preto, recebe neste s\u00e1bado (30), \u00e0s 20h, o ator Mateus Solano com a pe\u00e7a \u201cO Figurante\u201d. Ainda h\u00e1 ingressos dispon\u00edveis (veja mais abaixo). O espet\u00e1culo acompanha a personagem Augusto, que \u00e9 figurante e acostumado a servir em produ\u00e7\u00f5es audiovisuais. Por\u00e9m, aos poucos, ele vai\u2026","rel":"","context":"In &quot;Not\u00edcias de Ribeir\u00e3o Preto-SP e Regi\u00e3o&quot;","block_context":{"text":"Not\u00edcias de Ribeir\u00e3o Preto-SP e Regi\u00e3o","link":"https:\/\/ismaelcolosi.com.br\/index.php\/category\/noticias-de-ribeirao-preto-sp-e-regiao-ismael-colosi\/"},"img":{"alt_text":"","src":"https:\/\/i0.wp.com\/ismaelcolosi.com.br\/wp-content\/uploads\/2024\/11\/Copia-de-Copia-de-Copia-de-TAMANHO-EXATO-PARA-FOTOS-NO-SISTEMA-NOVO-35_2024-11-26_15-50-09_jpg_2024-11-26_15-50-09.webp.webp?fit=1200%2C675&ssl=1&resize=350%2C200","width":350,"height":200,"srcset":"https:\/\/i0.wp.com\/ismaelcolosi.com.br\/wp-content\/uploads\/2024\/11\/Copia-de-Copia-de-Copia-de-TAMANHO-EXATO-PARA-FOTOS-NO-SISTEMA-NOVO-35_2024-11-26_15-50-09_jpg_2024-11-26_15-50-09.webp.webp?fit=1200%2C675&ssl=1&resize=350%2C200 1x, https:\/\/i0.wp.com\/ismaelcolosi.com.br\/wp-content\/uploads\/2024\/11\/Copia-de-Copia-de-Copia-de-TAMANHO-EXATO-PARA-FOTOS-NO-SISTEMA-NOVO-35_2024-11-26_15-50-09_jpg_2024-11-26_15-50-09.webp.webp?fit=1200%2C675&ssl=1&resize=525%2C300 1.5x, https:\/\/i0.wp.com\/ismaelcolosi.com.br\/wp-content\/uploads\/2024\/11\/Copia-de-Copia-de-Copia-de-TAMANHO-EXATO-PARA-FOTOS-NO-SISTEMA-NOVO-35_2024-11-26_15-50-09_jpg_2024-11-26_15-50-09.webp.webp?fit=1200%2C675&ssl=1&resize=700%2C400 2x, https:\/\/i0.wp.com\/ismaelcolosi.com.br\/wp-content\/uploads\/2024\/11\/Copia-de-Copia-de-Copia-de-TAMANHO-EXATO-PARA-FOTOS-NO-SISTEMA-NOVO-35_2024-11-26_15-50-09_jpg_2024-11-26_15-50-09.webp.webp?fit=1200%2C675&ssl=1&resize=1050%2C600 3x"},"classes":[]},{"id":77902,"url":"https:\/\/ismaelcolosi.com.br\/index.php\/2024\/11\/29\/mateus-solano-icones-da-mpb-e-sepultura-veja-o-que-fazer-no-fim-de-semana-em-ribeirao\/","url_meta":{"origin":74084,"position":2},"title":"Mateus Solano, \u00edcones da MPB e Sepultura: Veja o que fazer no fim de semana em Ribeir\u00e3o","author":"ismaelcolosi.com.br","date":"29 de November de 2024","format":false,"excerpt":"Para encerrar o m\u00eas de novembro, Ribeir\u00e3o Preto recebe diversas op\u00e7\u00f5es culturais para gostos diferentes. Os destaques s\u00e3o a pe\u00e7a \u201cO Figurante\u201d, os shows da banda Sepultura e do trio Beto Guedes, Fl\u00e1vio Venturini e Lo Borges. Veja a agenda cultural completa e descubra o que fazer no fim de\u2026","rel":"","context":"In &quot;Not\u00edcias de Ribeir\u00e3o Preto-SP e Regi\u00e3o&quot;","block_context":{"text":"Not\u00edcias de Ribeir\u00e3o Preto-SP e Regi\u00e3o","link":"https:\/\/ismaelcolosi.com.br\/index.php\/category\/noticias-de-ribeirao-preto-sp-e-regiao-ismael-colosi\/"},"img":{"alt_text":"","src":"https:\/\/i0.wp.com\/ismaelcolosi.com.br\/wp-content\/uploads\/2024\/11\/mateus-solano-clube-da-esquina-e-sepultura_2024-11-29_14-47-27_jpeg_2024-11-29_14-47-27.webp.webp?fit=1200%2C675&ssl=1&resize=350%2C200","width":350,"height":200,"srcset":"https:\/\/i0.wp.com\/ismaelcolosi.com.br\/wp-content\/uploads\/2024\/11\/mateus-solano-clube-da-esquina-e-sepultura_2024-11-29_14-47-27_jpeg_2024-11-29_14-47-27.webp.webp?fit=1200%2C675&ssl=1&resize=350%2C200 1x, https:\/\/i0.wp.com\/ismaelcolosi.com.br\/wp-content\/uploads\/2024\/11\/mateus-solano-clube-da-esquina-e-sepultura_2024-11-29_14-47-27_jpeg_2024-11-29_14-47-27.webp.webp?fit=1200%2C675&ssl=1&resize=525%2C300 1.5x, https:\/\/i0.wp.com\/ismaelcolosi.com.br\/wp-content\/uploads\/2024\/11\/mateus-solano-clube-da-esquina-e-sepultura_2024-11-29_14-47-27_jpeg_2024-11-29_14-47-27.webp.webp?fit=1200%2C675&ssl=1&resize=700%2C400 2x, https:\/\/i0.wp.com\/ismaelcolosi.com.br\/wp-content\/uploads\/2024\/11\/mateus-solano-clube-da-esquina-e-sepultura_2024-11-29_14-47-27_jpeg_2024-11-29_14-47-27.webp.webp?fit=1200%2C675&ssl=1&resize=1050%2C600 3x"},"classes":[]},{"id":70671,"url":"https:\/\/ismaelcolosi.com.br\/index.php\/2024\/10\/11\/museu-de-ribeirao-preto-oferece-programacao-especial-de-dia-das-criancas\/","url_meta":{"origin":74084,"position":3},"title":"Museu de Ribeir\u00e3o Preto oferece programa\u00e7\u00e3o especial de Dia das Crian\u00e7as","author":"ismaelcolosi.com.br","date":"11 de October de 2024","format":false,"excerpt":"O Museu Municipal da Segunda Guerra Mundial \u00a0\u201cExpedicion\u00e1rio Jos\u00e9 Vivanco Solano\u201d oferece uma programa\u00e7\u00e3o especial em comemora\u00e7\u00e3o ao Dia das Crian\u00e7as, no s\u00e1bado (12), a partir das 11h30. O museu fica na rua Liberdade, 182, nos Campos El\u00edseos. A programa\u00e7\u00e3o inclui algod\u00e3o doce, pipoca, bal\u00f5es e anima\u00e7\u00e3o com o Capit\u00e3o\u2026","rel":"","context":"In &quot;Not\u00edcias de Ribeir\u00e3o Preto-SP e Regi\u00e3o&quot;","block_context":{"text":"Not\u00edcias de Ribeir\u00e3o Preto-SP e Regi\u00e3o","link":"https:\/\/ismaelcolosi.com.br\/index.php\/category\/noticias-de-ribeirao-preto-sp-e-regiao-ismael-colosi\/"},"img":{"alt_text":"","src":"https:\/\/i0.wp.com\/ismaelcolosi.com.br\/wp-content\/uploads\/2024\/10\/museu_2024-10-11_21-08-34_png_2024-10-11_21-08-34.webp.webp?fit=800%2C420&ssl=1&resize=350%2C200","width":350,"height":200,"srcset":"https:\/\/i0.wp.com\/ismaelcolosi.com.br\/wp-content\/uploads\/2024\/10\/museu_2024-10-11_21-08-34_png_2024-10-11_21-08-34.webp.webp?fit=800%2C420&ssl=1&resize=350%2C200 1x, https:\/\/i0.wp.com\/ismaelcolosi.com.br\/wp-content\/uploads\/2024\/10\/museu_2024-10-11_21-08-34_png_2024-10-11_21-08-34.webp.webp?fit=800%2C420&ssl=1&resize=525%2C300 1.5x, https:\/\/i0.wp.com\/ismaelcolosi.com.br\/wp-content\/uploads\/2024\/10\/museu_2024-10-11_21-08-34_png_2024-10-11_21-08-34.webp.webp?fit=800%2C420&ssl=1&resize=700%2C400 2x"},"classes":[]},{"id":56584,"url":"https:\/\/ismaelcolosi.com.br\/index.php\/2024\/07\/12\/ribeirao-pretano-e-um-dos-alvos-de-operacao-da-pf-contra-abin-paralela\/","url_meta":{"origin":74084,"position":4},"title":"Ribeir\u00e3o-pretano \u00e9 um dos alvos de opera\u00e7\u00e3o da PF contra \u2018Abin Paralela\u2019","author":"ismaelcolosi.com.br","date":"12 de July de 2024","format":false,"excerpt":"O ribeir\u00e3o-pretano Mateus de Carvalho Sposito \u00e9 um dos alvos da PF (Pol\u00edcia Federal) na opera\u00e7\u00e3o que investiga a \u201cAbin Paralela\u201d. Mateus foi preso preventivamente na \u00faltima quinta-feira (11) durante a opera\u00e7\u00e3o \u00daltima Milha, que investiga o uso indevido da Abin (Ag\u00eancia Brasileira de Intelig\u00eancia) durante o governo de Jair\u2026","rel":"","context":"In &quot;Not\u00edcias de Ribeir\u00e3o Preto-SP e Regi\u00e3o&quot;","block_context":{"text":"Not\u00edcias de Ribeir\u00e3o Preto-SP e Regi\u00e3o","link":"https:\/\/ismaelcolosi.com.br\/index.php\/category\/noticias-de-ribeirao-preto-sp-e-regiao-ismael-colosi\/"},"img":{"alt_text":"","src":"https:\/\/i0.wp.com\/ismaelcolosi.com.br\/wp-content\/uploads\/2024\/07\/Copia-de-Copia-de-TAMANHO-EXATO-PARA-FOTOS-NO-SISTEMA-NOVO-9_2024-07-12_19-13-32_jpg_2024-07-12_19-13-32.webp.webp?fit=1200%2C675&ssl=1&resize=350%2C200","width":350,"height":200,"srcset":"https:\/\/i0.wp.com\/ismaelcolosi.com.br\/wp-content\/uploads\/2024\/07\/Copia-de-Copia-de-TAMANHO-EXATO-PARA-FOTOS-NO-SISTEMA-NOVO-9_2024-07-12_19-13-32_jpg_2024-07-12_19-13-32.webp.webp?fit=1200%2C675&ssl=1&resize=350%2C200 1x, https:\/\/i0.wp.com\/ismaelcolosi.com.br\/wp-content\/uploads\/2024\/07\/Copia-de-Copia-de-TAMANHO-EXATO-PARA-FOTOS-NO-SISTEMA-NOVO-9_2024-07-12_19-13-32_jpg_2024-07-12_19-13-32.webp.webp?fit=1200%2C675&ssl=1&resize=525%2C300 1.5x, https:\/\/i0.wp.com\/ismaelcolosi.com.br\/wp-content\/uploads\/2024\/07\/Copia-de-Copia-de-TAMANHO-EXATO-PARA-FOTOS-NO-SISTEMA-NOVO-9_2024-07-12_19-13-32_jpg_2024-07-12_19-13-32.webp.webp?fit=1200%2C675&ssl=1&resize=700%2C400 2x, https:\/\/i0.wp.com\/ismaelcolosi.com.br\/wp-content\/uploads\/2024\/07\/Copia-de-Copia-de-TAMANHO-EXATO-PARA-FOTOS-NO-SISTEMA-NOVO-9_2024-07-12_19-13-32_jpg_2024-07-12_19-13-32.webp.webp?fit=1200%2C675&ssl=1&resize=1050%2C600 3x"},"classes":[]},{"id":39458,"url":"https:\/\/ismaelcolosi.com.br\/index.php\/2024\/02\/26\/ribeirao-rodeo-music-jorge-e-mateus-lancam-musica-com-lauana-prado\/","url_meta":{"origin":74084,"position":5},"title":"Ribeir\u00e3o Rodeo Music: Jorge e Mateus lan\u00e7am m\u00fasica com Lauana Prado","author":"ismaelcolosi.com.br","date":"26 de February de 2024","format":false,"excerpt":"Atra\u00e7\u00e3o confirmada no Ribeir\u00e3o Rodeo Music, a dupla Jorge e Mateus lan\u00e7ou na \u00faltima semana a m\u00fasica \u201cHaver\u00e1 Sinais\u201d, que conta com a participa\u00e7\u00e3o da cantora Lauana Prado, que tamb\u00e9m \u00e9 atra\u00e7\u00e3o no evento. A parceria entre os artistas \u00e9 o primeiro lan\u00e7amento de Jorge e Mateus em 2024 e\u2026","rel":"","context":"In &quot;Not\u00edcias de Ribeir\u00e3o Preto-SP e Regi\u00e3o&quot;","block_context":{"text":"Not\u00edcias de Ribeir\u00e3o Preto-SP e Regi\u00e3o","link":"https:\/\/ismaelcolosi.com.br\/index.php\/category\/noticias-de-ribeirao-preto-sp-e-regiao-ismael-colosi\/"},"img":{"alt_text":"","src":"https:\/\/i0.wp.com\/ismaelcolosi.com.br\/wp-content\/uploads\/2024\/02\/jorge-e-mateus-lauana-prado.jpg?fit=950%2C731&ssl=1&resize=350%2C200","width":350,"height":200,"srcset":"https:\/\/i0.wp.com\/ismaelcolosi.com.br\/wp-content\/uploads\/2024\/02\/jorge-e-mateus-lauana-prado.jpg?fit=950%2C731&ssl=1&resize=350%2C200 1x, https:\/\/i0.wp.com\/ismaelcolosi.com.br\/wp-content\/uploads\/2024\/02\/jorge-e-mateus-lauana-prado.jpg?fit=950%2C731&ssl=1&resize=525%2C300 1.5x, https:\/\/i0.wp.com\/ismaelcolosi.com.br\/wp-content\/uploads\/2024\/02\/jorge-e-mateus-lauana-prado.jpg?fit=950%2C731&ssl=1&resize=700%2C400 2x"},"classes":[]}],"jetpack_sharing_enabled":true,"jetpack_shortlink":"https:\/\/wp.me\/pfMlyK-jgU","_links":{"self":[{"href":"https:\/\/ismaelcolosi.com.br\/index.php\/wp-json\/wp\/v2\/posts\/74084","targetHints":{"allow":["GET"]}}],"collection":[{"href":"https:\/\/ismaelcolosi.com.br\/index.php\/wp-json\/wp\/v2\/posts"}],"about":[{"href":"https:\/\/ismaelcolosi.com.br\/index.php\/wp-json\/wp\/v2\/types\/post"}],"author":[{"embeddable":true,"href":"https:\/\/ismaelcolosi.com.br\/index.php\/wp-json\/wp\/v2\/users\/1"}],"replies":[{"embeddable":true,"href":"https:\/\/ismaelcolosi.com.br\/index.php\/wp-json\/wp\/v2\/comments?post=74084"}],"version-history":[{"count":0,"href":"https:\/\/ismaelcolosi.com.br\/index.php\/wp-json\/wp\/v2\/posts\/74084\/revisions"}],"wp:featuredmedia":[{"embeddable":true,"href":"https:\/\/ismaelcolosi.com.br\/index.php\/wp-json\/wp\/v2\/media\/74085"}],"wp:attachment":[{"href":"https:\/\/ismaelcolosi.com.br\/index.php\/wp-json\/wp\/v2\/media?parent=74084"}],"wp:term":[{"taxonomy":"category","embeddable":true,"href":"https:\/\/ismaelcolosi.com.br\/index.php\/wp-json\/wp\/v2\/categories?post=74084"},{"taxonomy":"post_tag","embeddable":true,"href":"https:\/\/ismaelcolosi.com.br\/index.php\/wp-json\/wp\/v2\/tags?post=74084"}],"curies":[{"name":"wp","href":"https:\/\/api.w.org\/{rel}","templated":true}]}}