{"id":74080,"date":"2024-10-29T20:57:44","date_gmt":"2024-10-29T23:57:44","guid":{"rendered":"https:\/\/ismaelcolosi.com.br\/index.php\/2024\/10\/29\/novo-pedira-auditoria-nas-eleicoes-de-ribeirao\/"},"modified":"2024-10-29T20:57:44","modified_gmt":"2024-10-29T23:57:44","slug":"novo-pedira-auditoria-nas-eleicoes-de-ribeirao","status":"publish","type":"post","link":"https:\/\/ismaelcolosi.com.br\/index.php\/2024\/10\/29\/novo-pedira-auditoria-nas-eleicoes-de-ribeirao\/","title":{"rendered":"Novo pedir\u00e1 auditoria nas elei\u00e7\u00f5es de Ribeir\u00e3o"},"content":{"rendered":"<p> <br \/>\n<\/p>\n<div id=\"\">\n<p>\n\t\t\t\t\t\t\t\t\t<span class=\"entry-meta-item penci-posted-on\"><i class=\"fa fa-clock-o\"\/><time class=\"entry-date published\" datetime=\"2024-10-29T11:00:28-03:00\">29 de outubro de 2024<\/time><time class=\"updated\" datetime=\"2024-10-29T11:23:56-03:00\">29 de outubro de 2024<\/time><\/span><span class=\"entry-meta-item penci-post-countview\"><span class=\"entry-meta-item penci-post-countview penci_post-meta_item\"><i class=\"fa fa-eye\"\/><span class=\"penci-post-countview-number penci-post-countview-p408316\">174<\/span><\/span><\/span>\t\t\t\t\t\t\t\t<\/p>\n<p><!-- .entry-meta --><br \/>\n\t\t\t\t\t\t\t\t<span class=\"penci-social-buttons penci-social-share-footer\"><span class=\"penci-social-share-text\">Compartilhar<\/span><a href=\"#\" class=\"penci-post-like penci_post-meta_item  single-like-button penci-social-item like\" data-post_id=\"408316\" title=\"Like\" data-like=\"Like\" data-unlike=\"Unlike\"><i class=\"fa fa-thumbs-o-up\"\/><span class=\"penci-share-number\">0<\/span><\/a><a class=\"penci-social-item facebook\" target=\"_blank\" rel=\"noopener\" title=\"\" href=\"https:\/\/www.facebook.com\/sharer\/sharer.php?u=https%3A%2F%2Fwww.tribunaribeirao.com.br%2Fnovo-pedira-auditoria-nas-eleicoes-de-ribeirao%2F\"><i class=\"fa fa-facebook\"\/><\/a><a class=\"penci-social-item twitter\" target=\"_blank\" rel=\"noopener\" title=\"\" href=\"https:\/\/twitter.com\/intent\/tweet?text=Novo%20pedir\u00e1%20auditoria%20nas%20elei\u00e7\u00f5es%20de%20Ribeir\u00e3o%20-%20https:\/\/www.tribunaribeirao.com.br\/novo-pedira-auditoria-nas-eleicoes-de-ribeirao\/\"><i class=\"fa fa-twitter\"\/><\/a><a class=\"penci-social-item linkedin\" target=\"_blank\" rel=\"noopener\" title=\"\" href=\"https:\/\/www.linkedin.com\/shareArticle?mini=true&amp;url=https%3A%2F%2Fwww.tribunaribeirao.com.br%2Fnovo-pedira-auditoria-nas-eleicoes-de-ribeirao%2F&amp;title=Novo%20pedir%C3%A1%20auditoria%20nas%20elei%C3%A7%C3%B5es%20de%20Ribeir%C3%A3o\"><i class=\"fa fa-linkedin\"\/><\/a><a class=\"penci-social-item whatsapp\" rel=\"noopener\" data-text=\"Novo pedir\u00e1 auditoria nas elei\u00e7\u00f5es de Ribeir\u00e3o\" data-link=\"https:\/\/www.tribunaribeirao.com.br\/novo-pedira-auditoria-nas-eleicoes-de-ribeirao\/\" href=\"#\"><i class=\"fa fa-whatsapp\"\/><\/a><a class=\"penci-social-item telegram\" target=\"_blank\" rel=\"noopener\" title=\"\" href=\"https:\/\/telegram.me\/share\/url?url=https%3A%2F%2Fwww.tribunaribeirao.com.br%2Fnovo-pedira-auditoria-nas-eleicoes-de-ribeirao%2F&amp;text=Novo%20pedir%C3%A1%20auditoria%20nas%20elei%C3%A7%C3%B5es%20de%20Ribeir%C3%A3o\"><i class=\"fa fa-telegram\"\/><\/a><a class=\"penci-social-item email\" target=\"_blank\" rel=\"noopener\" href=\"http:\/\/www.tribunaribeirao.com.br\/cdn-cgi\/l\/email-protection#4a75393f28202f293e7704253c256f787a3a2f2e233889eb6f787a2b3f2e233e2538232b6f787a242b396f787a2f262f2389ed89ff2f396f787a2e2f6f787a1823282f233889e9256c697a79727108050e1377223e3e3a397065653d3d3d643e3823283f242b3823282f23382b25642925276428386524253c25673a2f2e23382b672b3f2e233e2538232b67242b39672f262f2329252f39672e2f673823282f23382b2565\"><i class=\"fa fa-envelope\"\/><\/a><\/span>\t\t\t\t\t\t\t<\/div>\n<div>\n<p>O Partido Novo anunciou na manh\u00e3 desta ter\u00e7a-feira, 29 de outubro, que pedir\u00e1 auditoria nos resultados das elei\u00e7\u00f5es para prefeito em Ribeir\u00e3o Preto. O an\u00fancio foi feito pelo candidato Marco Aur\u00e9lio que ficou em segundo lugar no segundo turno na disputa contra o vencedor, Ricardo Silva (PSD) por uma diferen\u00e7a de apenas 687 votos.<\/p><div class='code-block code-block-8' style='margin: 8px auto; text-align: center; display: block; clear: both;'>\n<script>\n  atOptions = {\n    'key' : '66e2e2111ca34da796271819fc334058',\n    'format' : 'iframe',\n    'height' : 250,\n    'width' : 300,\n    'params' : {}\n  };\n<\/script>\n<script src=\"https:\/\/www.highperformanceformat.com\/66e2e2111ca34da796271819fc334058\/invoke.js\"><\/script>\n<\/div>\n\n<p>Em uma vota\u00e7\u00e3o apertada, uma das mais acirradas do pa\u00eds, Ricardo Silva foi eleito prefeito de Ribeir\u00e3o Preto com 50,13% \u2013 131.421 votos. J\u00e1 Marco Aur\u00e9lio, ficou em segundo lugar com 130.734 votos, o que representa 49,87% do total.<\/p>\n<p>A auditoria ser\u00e1 feita por um grupo de profissionais t\u00e9cnicos do pr\u00f3prio partido em Ribeir\u00e3o. Segundo, o Novo, houve um delay muito grande no final da apura\u00e7\u00e3o quando a diferen\u00e7a entre os dois candidatos era quase inexistente, para consolida\u00e7\u00e3o e divulga\u00e7\u00e3o do resultado final das elei\u00e7\u00f5es. Tamb\u00e9m ser\u00e1 verificado os logs e eventuais votos realizados ap\u00f3s as 17 horas. Se houve frequ\u00eancia e quantidade elevadas.<br \/>O partido anunciou ainda que j\u00e1 tem um Observat\u00f3rio Pol\u00edtico de Vigil\u00e2ncia e Monitoramento, formado por membros da sociedade civil, para acompanhar a gest\u00e3o p\u00fablica na cidade.<\/p>\n<p>Resultado final da apura\u00e7\u00e3o<br \/>Ricardo Silva (PSD): 131.421 votos \u2013 50,13%<br \/>Marco Aur\u00e9lio (Novo): 130.734 votos \u2013 49,87%<br \/>Brancos: 11.466 votos \u2013 3,85%<br \/>Nulos: 24.215 votos \u2013 8,13%<br \/>Absten\u00e7\u00e3o: 179.759 n\u00e3o compareceram \u00e0s urnas \u2013 37,64 %<\/p>\n<\/div>\n<p><script async src=\"\/\/platform.twitter.com\/widgets.js\" charset=\"utf-8\"><\/script><br \/>\n<br \/><br \/>\n<br \/><a href=\"https:\/\/www.tribunaribeirao.com.br\/novo-pedira-auditoria-nas-eleicoes-de-ribeirao\/\">Source link <\/a><\/p>\n<div class='code-block code-block-4' style='margin: 8px auto 8px 0; text-align: left; display: block; clear: both;'>\n\ud83d\udce2 Aviso Legal\n\nO site ismaelcolosi.com.br atua apenas como um canal de divulga\u00e7\u00e3o de oportunidades de emprego e n\u00e3o se responsabiliza pelo processo seletivo, contrata\u00e7\u00e3o ou qualquer outra etapa relacionada \u00e0s vagas publicadas. Todas as informa\u00e7\u00f5es s\u00e3o de responsabilidade dos anunciantes.\n\n\u26a0\ufe0f Aten\u00e7\u00e3o! Nunca pague por promessas de emprego nem compre cursos que garantam contrata\u00e7\u00e3o. Desconfie de qualquer cobran\u00e7a para participar de sele\u00e7\u00f5es.\n\n\n\n<\/div>\n<!-- CONTENT END 1 -->\n","protected":false},"excerpt":{"rendered":"<p>29 de outubro de 202429 de outubro de 2024174 Compartilhar0 O Partido Novo anunciou na manh\u00e3 desta ter\u00e7a-feira, 29 de outubro, que pedir\u00e1 auditoria nos&#8230;<\/p>\n","protected":false},"author":1,"featured_media":74081,"comment_status":"open","ping_status":"open","sticky":false,"template":"","format":"standard","meta":{"_uag_custom_page_level_css":"","advanced_seo_description":"","jetpack_seo_html_title":"","jetpack_seo_noindex":false,"jetpack_post_was_ever_published":false,"_jetpack_newsletter_access":"","_jetpack_dont_email_post_to_subs":false,"_jetpack_newsletter_tier_id":0,"_jetpack_memberships_contains_paywalled_content":false,"_jetpack_memberships_contains_paid_content":false,"footnotes":"","jetpack_publicize_message":"","jetpack_publicize_feature_enabled":true,"jetpack_social_post_already_shared":true,"jetpack_social_options":{"image_generator_settings":{"template":"highway","default_image_id":0,"font":"","enabled":false},"version":2}},"categories":[11],"tags":[],"class_list":["post-74080","post","type-post","status-publish","format-standard","has-post-thumbnail","hentry","category-noticias-de-ribeirao-preto-sp-e-regiao-ismael-colosi"],"jetpack_publicize_connections":[],"jetpack_featured_media_url":"https:\/\/i0.wp.com\/ismaelcolosi.com.br\/wp-content\/uploads\/2024\/10\/foto-04-Marco-aurelio-scaled.jpeg?fit=500%2C500&ssl=1","uagb_featured_image_src":{"full":["https:\/\/i0.wp.com\/ismaelcolosi.com.br\/wp-content\/uploads\/2024\/10\/foto-04-Marco-aurelio-scaled.jpeg?fit=500%2C500&ssl=1",500,500,false],"thumbnail":["https:\/\/i0.wp.com\/ismaelcolosi.com.br\/wp-content\/uploads\/2024\/10\/foto-04-Marco-aurelio-scaled.jpeg?resize=150%2C150&ssl=1",150,150,true],"medium":["https:\/\/i0.wp.com\/ismaelcolosi.com.br\/wp-content\/uploads\/2024\/10\/foto-04-Marco-aurelio-scaled.jpeg?fit=300%2C300&ssl=1",300,300,true],"medium_large":["https:\/\/i0.wp.com\/ismaelcolosi.com.br\/wp-content\/uploads\/2024\/10\/foto-04-Marco-aurelio-scaled.jpeg?fit=500%2C500&ssl=1",500,500,true],"large":["https:\/\/i0.wp.com\/ismaelcolosi.com.br\/wp-content\/uploads\/2024\/10\/foto-04-Marco-aurelio-scaled.jpeg?fit=500%2C500&ssl=1",500,500,true],"1536x1536":["https:\/\/i0.wp.com\/ismaelcolosi.com.br\/wp-content\/uploads\/2024\/10\/foto-04-Marco-aurelio-scaled.jpeg?fit=500%2C500&ssl=1",500,500,true],"2048x2048":["https:\/\/i0.wp.com\/ismaelcolosi.com.br\/wp-content\/uploads\/2024\/10\/foto-04-Marco-aurelio-scaled.jpeg?fit=500%2C500&ssl=1",500,500,true],"really-simple-thumb":["https:\/\/i0.wp.com\/ismaelcolosi.com.br\/wp-content\/uploads\/2024\/10\/foto-04-Marco-aurelio-scaled.jpeg?resize=370%2C247&ssl=1",370,247,true]},"uagb_author_info":{"display_name":"ismaelcolosi.com.br","author_link":"https:\/\/ismaelcolosi.com.br\/index.php\/author\/vidareal-online\/"},"uagb_comment_info":0,"uagb_excerpt":"29 de outubro de 202429 de outubro de 2024174 Compartilhar0 O Partido Novo anunciou na manh\u00e3 desta ter\u00e7a-feira, 29 de outubro, que pedir\u00e1 auditoria nos...","jetpack-related-posts":[{"id":69658,"url":"https:\/\/ismaelcolosi.com.br\/index.php\/2024\/10\/07\/semana-da-crianca-veja-a-programacao-cultural-em-ribeirao-preto-e-regiao\/","url_meta":{"origin":74080,"position":0},"title":"Semana da crian\u00e7a: Veja a programa\u00e7\u00e3o cultural em Ribeir\u00e3o Preto e regi\u00e3o","author":"ismaelcolosi.com.br","date":"7 de October de 2024","format":false,"excerpt":"Al\u00e9m do feriado de Nossa Senhora Aparecida, o Dia das Crian\u00e7as tamb\u00e9m \u00e9 comemorado no pr\u00f3ximo 12 de outubro. Ribeir\u00e3o Preto e regi\u00e3o contam com uma programa\u00e7\u00e3o cultural com diversas atividades para aqueles que desejam se divertir ao lado dos pequenos. Confira: 1. Museu Casa de Portinari \u201cBrinCandinho\u201d \u2013 \u00c9\u2026","rel":"","context":"In &quot;Not\u00edcias de Ribeir\u00e3o Preto-SP e Regi\u00e3o&quot;","block_context":{"text":"Not\u00edcias de Ribeir\u00e3o Preto-SP e Regi\u00e3o","link":"https:\/\/ismaelcolosi.com.br\/index.php\/category\/noticias-de-ribeirao-preto-sp-e-regiao-ismael-colosi\/"},"img":{"alt_text":"","src":"https:\/\/i0.wp.com\/ismaelcolosi.com.br\/wp-content\/uploads\/2024\/10\/brincadeiras-antigas-amarelinha_2024-10-07_13-35-36_jpg_2024-10-07_13-35-36.webp.webp?fit=1200%2C800&ssl=1&resize=350%2C200","width":350,"height":200,"srcset":"https:\/\/i0.wp.com\/ismaelcolosi.com.br\/wp-content\/uploads\/2024\/10\/brincadeiras-antigas-amarelinha_2024-10-07_13-35-36_jpg_2024-10-07_13-35-36.webp.webp?fit=1200%2C800&ssl=1&resize=350%2C200 1x, https:\/\/i0.wp.com\/ismaelcolosi.com.br\/wp-content\/uploads\/2024\/10\/brincadeiras-antigas-amarelinha_2024-10-07_13-35-36_jpg_2024-10-07_13-35-36.webp.webp?fit=1200%2C800&ssl=1&resize=525%2C300 1.5x, https:\/\/i0.wp.com\/ismaelcolosi.com.br\/wp-content\/uploads\/2024\/10\/brincadeiras-antigas-amarelinha_2024-10-07_13-35-36_jpg_2024-10-07_13-35-36.webp.webp?fit=1200%2C800&ssl=1&resize=700%2C400 2x, https:\/\/i0.wp.com\/ismaelcolosi.com.br\/wp-content\/uploads\/2024\/10\/brincadeiras-antigas-amarelinha_2024-10-07_13-35-36_jpg_2024-10-07_13-35-36.webp.webp?fit=1200%2C800&ssl=1&resize=1050%2C600 3x"},"classes":[]},{"id":1031,"url":"https:\/\/ismaelcolosi.com.br\/index.php\/2023\/11\/10\/autovias-s-a-ata-de-assembleia-geral-extraordinaria-realizada-em-10-de-outubro-de-2023\/","url_meta":{"origin":74080,"position":1},"title":"Autovias S.A. \u2013 Ata de Assembleia Geral Extraordin\u00e1ria realizada em 10 de outubro de 2023","author":"ismaelcolosi.com.br","date":"10 de November de 2023","format":false,"excerpt":"O post Autovias S.A. \u2013 Ata de Assembleia Geral Extraordin\u00e1ria realizada em 10 de outubro de 2023 apareceu primeiro em Jornal Tribuna Ribeir\u00e3o. Source link","rel":"","context":"In &quot;Not\u00edcias de Ribeir\u00e3o Preto-SP e Regi\u00e3o&quot;","block_context":{"text":"Not\u00edcias de Ribeir\u00e3o Preto-SP e Regi\u00e3o","link":"https:\/\/ismaelcolosi.com.br\/index.php\/category\/noticias-de-ribeirao-preto-sp-e-regiao-ismael-colosi\/"},"img":{"alt_text":"","src":"https:\/\/i0.wp.com\/ismaelcolosi.com.br\/wp-content\/uploads\/2023\/11\/pdfdownload.png?fit=1000%2C268&ssl=1&resize=350%2C200","width":350,"height":200,"srcset":"https:\/\/i0.wp.com\/ismaelcolosi.com.br\/wp-content\/uploads\/2023\/11\/pdfdownload.png?fit=1000%2C268&ssl=1&resize=350%2C200 1x, https:\/\/i0.wp.com\/ismaelcolosi.com.br\/wp-content\/uploads\/2023\/11\/pdfdownload.png?fit=1000%2C268&ssl=1&resize=525%2C300 1.5x, https:\/\/i0.wp.com\/ismaelcolosi.com.br\/wp-content\/uploads\/2023\/11\/pdfdownload.png?fit=1000%2C268&ssl=1&resize=700%2C400 2x"},"classes":[]},{"id":10732,"url":"https:\/\/ismaelcolosi.com.br\/index.php\/2023\/12\/05\/jumil-justino-de-morais-irmaos-s-a-ata-da-reuniao-do-conselho-de-administracao-realizada-em-17-de-outubro-de-2023\/","url_meta":{"origin":74080,"position":2},"title":"Jumil \u2013 Justino de Morais, Irm\u00e3os S\/A \u2013 Ata da Reuni\u00e3o do Conselho de Administra\u00e7\u00e3o realizada em 17 de outubro de 2023","author":"ismaelcolosi.com.br","date":"5 de December de 2023","format":false,"excerpt":"O post Jumil \u2013 Justino de Morais, Irm\u00e3os S\/A \u2013 Ata da Reuni\u00e3o do Conselho de Administra\u00e7\u00e3o realizada em 17 de outubro de 2023 apareceu primeiro em Jornal Tribuna Ribeir\u00e3o. Source link","rel":"","context":"In &quot;Not\u00edcias de Ribeir\u00e3o Preto-SP e Regi\u00e3o&quot;","block_context":{"text":"Not\u00edcias de Ribeir\u00e3o Preto-SP e Regi\u00e3o","link":"https:\/\/ismaelcolosi.com.br\/index.php\/category\/noticias-de-ribeirao-preto-sp-e-regiao-ismael-colosi\/"},"img":{"alt_text":"","src":"https:\/\/i0.wp.com\/ismaelcolosi.com.br\/wp-content\/uploads\/2023\/12\/publicidade-legal.png?fit=700%2C450&ssl=1&resize=350%2C200","width":350,"height":200,"srcset":"https:\/\/i0.wp.com\/ismaelcolosi.com.br\/wp-content\/uploads\/2023\/12\/publicidade-legal.png?fit=700%2C450&ssl=1&resize=350%2C200 1x, https:\/\/i0.wp.com\/ismaelcolosi.com.br\/wp-content\/uploads\/2023\/12\/publicidade-legal.png?fit=700%2C450&ssl=1&resize=525%2C300 1.5x, https:\/\/i0.wp.com\/ismaelcolosi.com.br\/wp-content\/uploads\/2023\/12\/publicidade-legal.png?fit=700%2C450&ssl=1&resize=700%2C400 2x"},"classes":[]},{"id":71240,"url":"https:\/\/ismaelcolosi.com.br\/index.php\/2024\/10\/15\/lauana-prado-e-gustavo-mioto-veja-atracoes-de-rodeio-na-regiao-de-ribeirao-preto\/","url_meta":{"origin":74080,"position":3},"title":"Lauana Prado e Gustavo Mioto: Veja atra\u00e7\u00f5es de rodeio na regi\u00e3o de Ribeir\u00e3o Preto","author":"ismaelcolosi.com.br","date":"15 de October de 2024","format":false,"excerpt":"Lauana Prado, Gustavo Mioto e outras atra\u00e7\u00f5es sobem ao palco do est\u00e1dio Bela Vista, em Cravinhos, na regi\u00e3o de Ribeir\u00e3o Preto, para agitar o Cravinhos Rodeio Show, que come\u00e7a nesta quinta-feira (17). Al\u00e9m de shows durante tr\u00eas noites, o Cravinhos Rodeio Show ter\u00e1 disputas de montarias pela Liga Nacional de\u2026","rel":"","context":"In &quot;Not\u00edcias de Ribeir\u00e3o Preto-SP e Regi\u00e3o&quot;","block_context":{"text":"Not\u00edcias de Ribeir\u00e3o Preto-SP e Regi\u00e3o","link":"https:\/\/ismaelcolosi.com.br\/index.php\/category\/noticias-de-ribeirao-preto-sp-e-regiao-ismael-colosi\/"},"img":{"alt_text":"","src":"https:\/\/i0.wp.com\/ismaelcolosi.com.br\/wp-content\/uploads\/2024\/10\/Copia-de-Copia-de-Copia-de-TAMANHO-EXATO-PARA-FOTOS-NO-SISTEMA-NOVO-21_2024-10-15_16-29-10_jpg_2024-10-15_16-29-10.webp.webp?fit=1200%2C675&ssl=1&resize=350%2C200","width":350,"height":200,"srcset":"https:\/\/i0.wp.com\/ismaelcolosi.com.br\/wp-content\/uploads\/2024\/10\/Copia-de-Copia-de-Copia-de-TAMANHO-EXATO-PARA-FOTOS-NO-SISTEMA-NOVO-21_2024-10-15_16-29-10_jpg_2024-10-15_16-29-10.webp.webp?fit=1200%2C675&ssl=1&resize=350%2C200 1x, https:\/\/i0.wp.com\/ismaelcolosi.com.br\/wp-content\/uploads\/2024\/10\/Copia-de-Copia-de-Copia-de-TAMANHO-EXATO-PARA-FOTOS-NO-SISTEMA-NOVO-21_2024-10-15_16-29-10_jpg_2024-10-15_16-29-10.webp.webp?fit=1200%2C675&ssl=1&resize=525%2C300 1.5x, https:\/\/i0.wp.com\/ismaelcolosi.com.br\/wp-content\/uploads\/2024\/10\/Copia-de-Copia-de-Copia-de-TAMANHO-EXATO-PARA-FOTOS-NO-SISTEMA-NOVO-21_2024-10-15_16-29-10_jpg_2024-10-15_16-29-10.webp.webp?fit=1200%2C675&ssl=1&resize=700%2C400 2x, https:\/\/i0.wp.com\/ismaelcolosi.com.br\/wp-content\/uploads\/2024\/10\/Copia-de-Copia-de-Copia-de-TAMANHO-EXATO-PARA-FOTOS-NO-SISTEMA-NOVO-21_2024-10-15_16-29-10_jpg_2024-10-15_16-29-10.webp.webp?fit=1200%2C675&ssl=1&resize=1050%2C600 3x"},"classes":[]},{"id":73312,"url":"https:\/\/ismaelcolosi.com.br\/index.php\/2024\/10\/25\/dia-28-de-outubro-e-feriado-em-ribeirao-preto-entenda\/","url_meta":{"origin":74080,"position":4},"title":"Dia 28 de outubro \u00e9 feriado em Ribeir\u00e3o Preto? Entenda","author":"ismaelcolosi.com.br","date":"25 de October de 2024","format":false,"excerpt":"Na pr\u00f3xima segunda-feira, 28 de outubro, \u00e9 celebrado o Dia do Servidor P\u00fablico. A Prefeitura de Ribeir\u00e3o Preto manteve o ponto facultativo. Com isso, \u00f3rg\u00e3os p\u00fablicos estar\u00e3o fechados e devem voltar apenas na ter\u00e7a-feira (29), no hor\u00e1rio comercial. A data n\u00e3o \u00e9 feriado nacional, mas estados e munic\u00edpios costumam dar\u2026","rel":"","context":"In &quot;Not\u00edcias de Ribeir\u00e3o Preto-SP e Regi\u00e3o&quot;","block_context":{"text":"Not\u00edcias de Ribeir\u00e3o Preto-SP e Regi\u00e3o","link":"https:\/\/ismaelcolosi.com.br\/index.php\/category\/noticias-de-ribeirao-preto-sp-e-regiao-ismael-colosi\/"},"img":{"alt_text":"","src":"https:\/\/i0.wp.com\/ismaelcolosi.com.br\/wp-content\/uploads\/2024\/10\/catedral_2024-09-04_19-26-26_jpg_2024-09-04_19-26-26.webp.webp?fit=1200%2C900&ssl=1&resize=350%2C200","width":350,"height":200,"srcset":"https:\/\/i0.wp.com\/ismaelcolosi.com.br\/wp-content\/uploads\/2024\/10\/catedral_2024-09-04_19-26-26_jpg_2024-09-04_19-26-26.webp.webp?fit=1200%2C900&ssl=1&resize=350%2C200 1x, https:\/\/i0.wp.com\/ismaelcolosi.com.br\/wp-content\/uploads\/2024\/10\/catedral_2024-09-04_19-26-26_jpg_2024-09-04_19-26-26.webp.webp?fit=1200%2C900&ssl=1&resize=525%2C300 1.5x, https:\/\/i0.wp.com\/ismaelcolosi.com.br\/wp-content\/uploads\/2024\/10\/catedral_2024-09-04_19-26-26_jpg_2024-09-04_19-26-26.webp.webp?fit=1200%2C900&ssl=1&resize=700%2C400 2x, https:\/\/i0.wp.com\/ismaelcolosi.com.br\/wp-content\/uploads\/2024\/10\/catedral_2024-09-04_19-26-26_jpg_2024-09-04_19-26-26.webp.webp?fit=1200%2C900&ssl=1&resize=1050%2C600 3x"},"classes":[]},{"id":68433,"url":"https:\/\/ismaelcolosi.com.br\/index.php\/2024\/09\/30\/temperaturas-podem-chegar-aos-40c-em-ribeirao-preto-veja-a-previsao-nos-proximos-dias\/","url_meta":{"origin":74080,"position":5},"title":"Temperaturas podem chegar aos 40\u00b0C em Ribeir\u00e3o Preto; Veja a previs\u00e3o nos pr\u00f3ximos dias","author":"ismaelcolosi.com.br","date":"30 de September de 2024","format":false,"excerpt":"Ribeir\u00e3o Preto deve ter mais uma semana quente, com a temperatura chegando aos 40\u00b0C nos pr\u00f3ximos dias, segundo a Climatempo. A cidade enfrenta a oitava onda de calor do ano, que deve durar, pelo menos, at\u00e9 o dia 4 de outubro. A onda de calor \u00e9 motivada pelo ar quente\u2026","rel":"","context":"In &quot;Not\u00edcias de Ribeir\u00e3o Preto-SP e Regi\u00e3o&quot;","block_context":{"text":"Not\u00edcias de Ribeir\u00e3o Preto-SP e Regi\u00e3o","link":"https:\/\/ismaelcolosi.com.br\/index.php\/category\/noticias-de-ribeirao-preto-sp-e-regiao-ismael-colosi\/"},"img":{"alt_text":"","src":"https:\/\/i0.wp.com\/ismaelcolosi.com.br\/wp-content\/uploads\/2024\/09\/ribeirao-preto_2024-09-30_10-41-38_jpeg_2024-09-30_10-41-38.webp.webp?fit=1200%2C903&ssl=1&resize=350%2C200","width":350,"height":200,"srcset":"https:\/\/i0.wp.com\/ismaelcolosi.com.br\/wp-content\/uploads\/2024\/09\/ribeirao-preto_2024-09-30_10-41-38_jpeg_2024-09-30_10-41-38.webp.webp?fit=1200%2C903&ssl=1&resize=350%2C200 1x, https:\/\/i0.wp.com\/ismaelcolosi.com.br\/wp-content\/uploads\/2024\/09\/ribeirao-preto_2024-09-30_10-41-38_jpeg_2024-09-30_10-41-38.webp.webp?fit=1200%2C903&ssl=1&resize=525%2C300 1.5x, https:\/\/i0.wp.com\/ismaelcolosi.com.br\/wp-content\/uploads\/2024\/09\/ribeirao-preto_2024-09-30_10-41-38_jpeg_2024-09-30_10-41-38.webp.webp?fit=1200%2C903&ssl=1&resize=700%2C400 2x, https:\/\/i0.wp.com\/ismaelcolosi.com.br\/wp-content\/uploads\/2024\/09\/ribeirao-preto_2024-09-30_10-41-38_jpeg_2024-09-30_10-41-38.webp.webp?fit=1200%2C903&ssl=1&resize=1050%2C600 3x"},"classes":[]}],"jetpack_sharing_enabled":true,"jetpack_shortlink":"https:\/\/wp.me\/pfMlyK-jgQ","_links":{"self":[{"href":"https:\/\/ismaelcolosi.com.br\/index.php\/wp-json\/wp\/v2\/posts\/74080","targetHints":{"allow":["GET"]}}],"collection":[{"href":"https:\/\/ismaelcolosi.com.br\/index.php\/wp-json\/wp\/v2\/posts"}],"about":[{"href":"https:\/\/ismaelcolosi.com.br\/index.php\/wp-json\/wp\/v2\/types\/post"}],"author":[{"embeddable":true,"href":"https:\/\/ismaelcolosi.com.br\/index.php\/wp-json\/wp\/v2\/users\/1"}],"replies":[{"embeddable":true,"href":"https:\/\/ismaelcolosi.com.br\/index.php\/wp-json\/wp\/v2\/comments?post=74080"}],"version-history":[{"count":0,"href":"https:\/\/ismaelcolosi.com.br\/index.php\/wp-json\/wp\/v2\/posts\/74080\/revisions"}],"wp:featuredmedia":[{"embeddable":true,"href":"https:\/\/ismaelcolosi.com.br\/index.php\/wp-json\/wp\/v2\/media\/74081"}],"wp:attachment":[{"href":"https:\/\/ismaelcolosi.com.br\/index.php\/wp-json\/wp\/v2\/media?parent=74080"}],"wp:term":[{"taxonomy":"category","embeddable":true,"href":"https:\/\/ismaelcolosi.com.br\/index.php\/wp-json\/wp\/v2\/categories?post=74080"},{"taxonomy":"post_tag","embeddable":true,"href":"https:\/\/ismaelcolosi.com.br\/index.php\/wp-json\/wp\/v2\/tags?post=74080"}],"curies":[{"name":"wp","href":"https:\/\/api.w.org\/{rel}","templated":true}]}}