{"id":74078,"date":"2024-10-29T20:41:23","date_gmt":"2024-10-29T23:41:23","guid":{"rendered":"https:\/\/ismaelcolosi.com.br\/index.php\/2024\/10\/29\/espetaculo-sobre-autoabandono-feminino-acontece-em-varios-espacos-de-rp\/"},"modified":"2024-10-29T20:41:23","modified_gmt":"2024-10-29T23:41:23","slug":"espetaculo-sobre-autoabandono-feminino-acontece-em-varios-espacos-de-rp","status":"publish","type":"post","link":"https:\/\/ismaelcolosi.com.br\/index.php\/2024\/10\/29\/espetaculo-sobre-autoabandono-feminino-acontece-em-varios-espacos-de-rp\/","title":{"rendered":"Espet\u00e1culo sobre autoabandono feminino acontece em v\u00e1rios espa\u00e7os de RP"},"content":{"rendered":"<p> <br \/>\n<\/p>\n<div>\n<p>A arte do palha\u00e7aria \u00e9 uma das formas mais antigas e universais de com\u00e9dia e tem uma presen\u00e7a significativa no teatro. Improvisa\u00e7\u00f5es, cores e liberdade em cena fazem parte dos elementos que comp\u00f5em o trabalho de palha\u00e7as. ATUACIA, uma companhia de teatro, palha\u00e7aria e produ\u00e7\u00e3o cultural de Ribeir\u00e3o Preto, que h\u00e1 quase uma d\u00e9cada se dedica \u00e0 produ\u00e7\u00e3o de espet\u00e1culos, traz, a partir do dia 31 de outubro, quinta-feira, o mon\u00f3logo \u201cPalha\u00e7a Sola\u201d, interpretado pela atriz, Cinthia Vendruscolo que acontecer\u00e1 em cinco espa\u00e7os independentes na cidade, exibindo texto sens\u00edvel, profundo e c\u00f4mico ao destacar a condi\u00e7\u00e3o feminina diante de um rompimento amoroso.<\/p>\n<p>Por meio de um roteiro original e divertido, a montagem evidencia o autoabandono na busca desmedida pelo outro. Faz um convite ao amor-pr\u00f3prio ao diluir no jogo clownesco reflex\u00f5es contempor\u00e2neas sobre o universo feminino, tal como o medo da solid\u00e3o e a imposi\u00e7\u00e3o de um modelo est\u00e9tico o que, naturalmente, reflete em discuss\u00f5es sobre o empoderamento feminino e padr\u00f5es estabelecidos na rotina da maioria das mulheres.<\/p><div class='code-block code-block-8' style='margin: 8px auto; text-align: center; display: block; clear: both;'>\n<script>\n  atOptions = {\n    'key' : '66e2e2111ca34da796271819fc334058',\n    'format' : 'iframe',\n    'height' : 250,\n    'width' : 300,\n    'params' : {}\n  };\n<\/script>\n<script src=\"https:\/\/www.highperformanceformat.com\/66e2e2111ca34da796271819fc334058\/invoke.js\"><\/script>\n<\/div>\n\n<p>Em raz\u00e3o deste alinhamento, escolheram espa\u00e7o alternativo para estreitar o p\u00fablico e as a\u00e7\u00f5es de cultura, na promo\u00e7\u00e3o e valoriza\u00e7\u00e3o da arte. Em raz\u00e3o desta proposta, v\u00e1rias entidades foram convidadas para assistirem o espet\u00e1culo, \u00e0s 16 horas, com acessibilidade e int\u00e9rprete de libras e \u00e0s 20 horas para o p\u00fablico. A entrada \u00e9 aberta e gratuita.<\/p>\n<p>Palha\u00e7a Sola \u00e9 um mon\u00f3logo contemplado com o Edital n\u00ba 003\/2023 Lei Paulo Gustavo Municipal e Edital Cultura em A\u00e7\u00e3o \u2013 Programa Coletivo Municipal de Fomento \u00e0s Artes \u2013 FMC-RP, Edital n\u00ba 001\/2023, beneficiado pelo Fundo Municipal de Cultura de Ribeir\u00e3o Preto. O conte\u00fado desta obra \u00e9 de responsabilidade exclusiva do autor e n\u00e3o representa a opini\u00e3o dos membros da Comiss\u00e3o Municipal de Incentivo \u00e0 Cultura do Fundo Municipal de Cultura ou da Secretaria Municipal de Cultura e Turismo da Prefeitura de Ribeir\u00e3o Preto.<\/p>\n<p>Popula\u00e7\u00e3o e fortalecimento de espa\u00e7os- \u201cEsse imagin\u00e1rio fant\u00e1stico \u00e9 o que move o of\u00edcio dos trabalhadores da cultura que atuam na palha\u00e7aria. ATUACIA busca, com os trabalhos que produz, estruturar dramaturgias que compilam o teatro e palha\u00e7aria, valorizando a po\u00e9tica da encena\u00e7\u00e3o e, sobretudo, o encontro com o p\u00fablico, compreendendo que \u00e9 esta comunh\u00e3o que mant\u00e9m seu repert\u00f3rio vivo e pulsante. Palha\u00e7a Sola tem levado arte e importantes discuss\u00f5es, como na quest\u00e3o feminina, abordada com humor e delicadeza\u201d, informa a atriz, palha\u00e7a e produtora, Adriana Scannavez.<\/p>\n<p>Al\u00e9m disso, queremos valorizar e fortalecer, especialmente,\u00a0 a ocupa\u00e7\u00e3o destes espa\u00e7os de cultura t\u00e3o valorosos da nossa cidade\u201d, enfatiza Scannavez.<\/p>\n<p>\u00a0<\/p>\n<p><strong>Servi\u00e7o<\/strong>: Palha\u00e7a Sola<\/p>\n<p>In\u00edcio das apresenta\u00e7\u00f5es: 31 de outubro, quinta-feira. Local: Arena Por\u00e3o- Rua 21 de Abril, 375 \u2013 Vila Tib\u00e9rio<\/p>\n<p>Hor\u00e1rios: 16h (neste hor\u00e1rio, todas as apresenta\u00e7\u00f5es ter\u00e3o acessibilidade e interprete de livras) e \u00e0s 20h, para o p\u00fablico em geral<\/p>\n<p>01 de novembro<\/p>\n<p>Local: Casa das Artes Espa\u00e7o Cultura- Avenida Caramuru, 3556<\/p>\n<p>Hor\u00e1rios: 16h e 20h<\/p>\n<p>07 de novembro<\/p>\n<p>Local: Sala Marcos Caruso, no TPC- Rua Comandante Marcondes Salgado, 731 \u2013 Centro, Ribeir\u00e3o Preto<\/p>\n<p>Hor\u00e1rios: 15h e 20h<\/p>\n<p>08 de novembro<\/p>\n<p>Local: Central do Circo- Rua Camilo de Mattos, 170 \u2013 Jardim Mosteiro, Ribeir\u00e3o Preto<\/p>\n<p>Hor\u00e1rios: 16h e 20h<\/p>\n<p>E no dia 14 de novembro, encerra a circula\u00e7\u00e3o no Teatro Santarosa- Pra\u00e7a Rotary Club, 325 \u2013 City Ribeir\u00e3o, Ribeir\u00e3o Preto<\/p>\n<p>Hor\u00e1rios: 15h e 20h<\/p>\n<p>\u00a0<\/p>\n<p><strong>Ficha t\u00e9cnica<\/strong><\/p>\n<p>Concep\u00e7\u00e3o: Manu Pestana<\/p>\n<p>Dire\u00e7\u00e3o: Adriana Scannavez<\/p>\n<p>Atua\u00e7\u00e3o: Cinthia Vendruscolo<\/p>\n<p>Operadora de luz: Adriana Scannavez<\/p>\n<p>Operador de som: Hezrom<\/p>\n<p>Costureira: Zez\u00e9 Cherubini<\/p>\n<p>V\u00eddeo: Rogener Pavinski<\/p>\n<p>Classifica\u00e7\u00e3o: 12 anos<\/p>\n<p>Dura\u00e7\u00e3o: 50 minutos<\/p>\n<p>Produ\u00e7\u00e3o Cultural: ATUACIA<\/p>\n<p>Produ\u00e7\u00e3o Executiva: Adriana Scannavez<\/p>\n<p>\u00a0<\/p>\n<p>\u00a0<\/p>\n<\/div>\n<p><br \/>\n<br \/><a href=\"https:\/\/www.tribunaribeirao.com.br\/espetaculo-sobre-autoabandono-feminino-acontece-em-varios-espacos-de-rp\/\">Source link <\/a><\/p>\n<div class='code-block code-block-4' style='margin: 8px auto 8px 0; text-align: left; display: block; clear: both;'>\n\ud83d\udce2 Aviso Legal\n\nO site ismaelcolosi.com.br atua apenas como um canal de divulga\u00e7\u00e3o de oportunidades de emprego e n\u00e3o se responsabiliza pelo processo seletivo, contrata\u00e7\u00e3o ou qualquer outra etapa relacionada \u00e0s vagas publicadas. Todas as informa\u00e7\u00f5es s\u00e3o de responsabilidade dos anunciantes.\n\n\u26a0\ufe0f Aten\u00e7\u00e3o! Nunca pague por promessas de emprego nem compre cursos que garantam contrata\u00e7\u00e3o. Desconfie de qualquer cobran\u00e7a para participar de sele\u00e7\u00f5es.\n\n\n\n<\/div>\n<!-- CONTENT END 1 -->\n","protected":false},"excerpt":{"rendered":"<p>A arte do palha\u00e7aria \u00e9 uma das formas mais antigas e universais de com\u00e9dia e tem uma presen\u00e7a significativa no teatro. Improvisa\u00e7\u00f5es, cores e liberdade&#8230;<\/p>\n","protected":false},"author":1,"featured_media":74079,"comment_status":"open","ping_status":"open","sticky":false,"template":"","format":"standard","meta":{"_uag_custom_page_level_css":"","advanced_seo_description":"","jetpack_seo_html_title":"","jetpack_seo_noindex":false,"jetpack_post_was_ever_published":false,"_jetpack_newsletter_access":"","_jetpack_dont_email_post_to_subs":false,"_jetpack_newsletter_tier_id":0,"_jetpack_memberships_contains_paywalled_content":false,"_jetpack_memberships_contains_paid_content":false,"footnotes":"","jetpack_publicize_message":"","jetpack_publicize_feature_enabled":true,"jetpack_social_post_already_shared":true,"jetpack_social_options":{"image_generator_settings":{"template":"highway","default_image_id":0,"font":"","enabled":false},"version":2}},"categories":[11],"tags":[],"class_list":["post-74078","post","type-post","status-publish","format-standard","has-post-thumbnail","hentry","category-noticias-de-ribeirao-preto-sp-e-regiao-ismael-colosi"],"jetpack_publicize_connections":[],"jetpack_featured_media_url":"https:\/\/i0.wp.com\/ismaelcolosi.com.br\/wp-content\/uploads\/2024\/10\/53083dec-7f3f-4ccf-abc2-07b2da3fd165-scaled.jpeg?fit=500%2C500&ssl=1","uagb_featured_image_src":{"full":["https:\/\/i0.wp.com\/ismaelcolosi.com.br\/wp-content\/uploads\/2024\/10\/53083dec-7f3f-4ccf-abc2-07b2da3fd165-scaled.jpeg?fit=500%2C500&ssl=1",500,500,false],"thumbnail":["https:\/\/i0.wp.com\/ismaelcolosi.com.br\/wp-content\/uploads\/2024\/10\/53083dec-7f3f-4ccf-abc2-07b2da3fd165-scaled.jpeg?resize=150%2C150&ssl=1",150,150,true],"medium":["https:\/\/i0.wp.com\/ismaelcolosi.com.br\/wp-content\/uploads\/2024\/10\/53083dec-7f3f-4ccf-abc2-07b2da3fd165-scaled.jpeg?fit=300%2C300&ssl=1",300,300,true],"medium_large":["https:\/\/i0.wp.com\/ismaelcolosi.com.br\/wp-content\/uploads\/2024\/10\/53083dec-7f3f-4ccf-abc2-07b2da3fd165-scaled.jpeg?fit=500%2C500&ssl=1",500,500,true],"large":["https:\/\/i0.wp.com\/ismaelcolosi.com.br\/wp-content\/uploads\/2024\/10\/53083dec-7f3f-4ccf-abc2-07b2da3fd165-scaled.jpeg?fit=500%2C500&ssl=1",500,500,true],"1536x1536":["https:\/\/i0.wp.com\/ismaelcolosi.com.br\/wp-content\/uploads\/2024\/10\/53083dec-7f3f-4ccf-abc2-07b2da3fd165-scaled.jpeg?fit=500%2C500&ssl=1",500,500,true],"2048x2048":["https:\/\/i0.wp.com\/ismaelcolosi.com.br\/wp-content\/uploads\/2024\/10\/53083dec-7f3f-4ccf-abc2-07b2da3fd165-scaled.jpeg?fit=500%2C500&ssl=1",500,500,true],"really-simple-thumb":["https:\/\/i0.wp.com\/ismaelcolosi.com.br\/wp-content\/uploads\/2024\/10\/53083dec-7f3f-4ccf-abc2-07b2da3fd165-scaled.jpeg?resize=370%2C247&ssl=1",370,247,true]},"uagb_author_info":{"display_name":"ismaelcolosi.com.br","author_link":"https:\/\/ismaelcolosi.com.br\/index.php\/author\/vidareal-online\/"},"uagb_comment_info":0,"uagb_excerpt":"A arte do palha\u00e7aria \u00e9 uma das formas mais antigas e universais de com\u00e9dia e tem uma presen\u00e7a significativa no teatro. Improvisa\u00e7\u00f5es, cores e liberdade...","jetpack-related-posts":[{"id":75496,"url":"https:\/\/ismaelcolosi.com.br\/index.php\/2024\/11\/06\/atuacia-leva-palhaca-sola-para-sala-marcos-caruso-tpc\/","url_meta":{"origin":74078,"position":0},"title":"ATUACIA leva Palha\u00e7a Sola para Sala Marcos Caruso (TPC)","author":"ismaelcolosi.com.br","date":"6 de November de 2024","format":false,"excerpt":"O j\u00e1 consagrado espet\u00e1culo, Palha\u00e7a Sola, produ\u00e7\u00e3o da Atua Companhia de Teatro (ATUACIA) de Ribeir\u00e3o Preto, acontece nesta quinta-feira, dia 7, \u00e0s 15h e 20h, em sess\u00f5es abertas e gratuitas, na Sala Marcos Caruso (TPC) e aborda o autoabandono feminino na busca desmedida pelo outro A arte do palha\u00e7aria \u00e9\u2026","rel":"","context":"In &quot;Not\u00edcias de Ribeir\u00e3o Preto-SP e Regi\u00e3o&quot;","block_context":{"text":"Not\u00edcias de Ribeir\u00e3o Preto-SP e Regi\u00e3o","link":"https:\/\/ismaelcolosi.com.br\/index.php\/category\/noticias-de-ribeirao-preto-sp-e-regiao-ismael-colosi\/"},"img":{"alt_text":"","src":"https:\/\/i0.wp.com\/ismaelcolosi.com.br\/wp-content\/uploads\/2024\/11\/363b4658-7180-46b4-a2a5-5c471282b963-scaled.jpeg?fit=750%2C500&ssl=1&resize=350%2C200","width":350,"height":200,"srcset":"https:\/\/i0.wp.com\/ismaelcolosi.com.br\/wp-content\/uploads\/2024\/11\/363b4658-7180-46b4-a2a5-5c471282b963-scaled.jpeg?fit=750%2C500&ssl=1&resize=350%2C200 1x, https:\/\/i0.wp.com\/ismaelcolosi.com.br\/wp-content\/uploads\/2024\/11\/363b4658-7180-46b4-a2a5-5c471282b963-scaled.jpeg?fit=750%2C500&ssl=1&resize=525%2C300 1.5x, https:\/\/i0.wp.com\/ismaelcolosi.com.br\/wp-content\/uploads\/2024\/11\/363b4658-7180-46b4-a2a5-5c471282b963-scaled.jpeg?fit=750%2C500&ssl=1&resize=700%2C400 2x"},"classes":[]},{"id":73966,"url":"https:\/\/ismaelcolosi.com.br\/index.php\/2024\/10\/29\/ribeirao-preto-recebe-espetaculo-gratuito-de-palhacaria-confira\/","url_meta":{"origin":74078,"position":1},"title":"Ribeir\u00e3o Preto recebe espet\u00e1culo gratuito de palha\u00e7aria; Confira","author":"ismaelcolosi.com.br","date":"29 de October de 2024","format":false,"excerpt":"Entre os dias 31 de outubro e 14 de novembro a Atua Companhia de Teatro (Atuacia) de Ribeir\u00e3o Preto faz dez apresenta\u00e7\u00f5es abertas e gratuitas do espet\u00e1culo Palha\u00e7a Sola. As sess\u00f5es acontecem em cinco espa\u00e7os diferentes. O espet\u00e1culo c\u00f4mico \u00e9 protagonizado pela atriz Cinthia Vendruscolo e destaca a condi\u00e7\u00e3o feminina\u2026","rel":"","context":"In &quot;Not\u00edcias de Ribeir\u00e3o Preto-SP e Regi\u00e3o&quot;","block_context":{"text":"Not\u00edcias de Ribeir\u00e3o Preto-SP e Regi\u00e3o","link":"https:\/\/ismaelcolosi.com.br\/index.php\/category\/noticias-de-ribeirao-preto-sp-e-regiao-ismael-colosi\/"},"img":{"alt_text":"","src":"https:\/\/i0.wp.com\/ismaelcolosi.com.br\/wp-content\/uploads\/2024\/10\/Copia-de-Copia-de-Copia-de-TAMANHO-EXATO-PARA-FOTOS-NO-SISTEMA-NOVO-24_2024-10-29_13-11-39_jpg_2024-10-29_13-11-39.webp.webp?fit=1200%2C675&ssl=1&resize=350%2C200","width":350,"height":200,"srcset":"https:\/\/i0.wp.com\/ismaelcolosi.com.br\/wp-content\/uploads\/2024\/10\/Copia-de-Copia-de-Copia-de-TAMANHO-EXATO-PARA-FOTOS-NO-SISTEMA-NOVO-24_2024-10-29_13-11-39_jpg_2024-10-29_13-11-39.webp.webp?fit=1200%2C675&ssl=1&resize=350%2C200 1x, https:\/\/i0.wp.com\/ismaelcolosi.com.br\/wp-content\/uploads\/2024\/10\/Copia-de-Copia-de-Copia-de-TAMANHO-EXATO-PARA-FOTOS-NO-SISTEMA-NOVO-24_2024-10-29_13-11-39_jpg_2024-10-29_13-11-39.webp.webp?fit=1200%2C675&ssl=1&resize=525%2C300 1.5x, https:\/\/i0.wp.com\/ismaelcolosi.com.br\/wp-content\/uploads\/2024\/10\/Copia-de-Copia-de-Copia-de-TAMANHO-EXATO-PARA-FOTOS-NO-SISTEMA-NOVO-24_2024-10-29_13-11-39_jpg_2024-10-29_13-11-39.webp.webp?fit=1200%2C675&ssl=1&resize=700%2C400 2x, https:\/\/i0.wp.com\/ismaelcolosi.com.br\/wp-content\/uploads\/2024\/10\/Copia-de-Copia-de-Copia-de-TAMANHO-EXATO-PARA-FOTOS-NO-SISTEMA-NOVO-24_2024-10-29_13-11-39_jpg_2024-10-29_13-11-39.webp.webp?fit=1200%2C675&ssl=1&resize=1050%2C600 3x"},"classes":[]},{"id":67618,"url":"https:\/\/ismaelcolosi.com.br\/index.php\/2024\/09\/24\/ribeirao-preto-recebe-atividades-gratuitas-de-palhacaria-veja-a-programacao\/","url_meta":{"origin":74078,"position":2},"title":"Ribeir\u00e3o Preto recebe atividades gratuitas de \u2018palha\u00e7aria\u2019; Veja a programa\u00e7\u00e3o","author":"ismaelcolosi.com.br","date":"24 de September de 2024","format":false,"excerpt":"A 12\u00aa edi\u00e7\u00e3o do Encontro: Palha\u00e7aria em todo lugar come\u00e7ou nesta semana e segue at\u00e9 domingo (29), proporcionando ao p\u00fablico uma imers\u00e3o na linguagem dos palha\u00e7os. Nesta ter\u00e7a-feira (24), aconteceu a oficina intensiva com Palha\u00e7os Sem Fronteiras (S\u00e3o Paulo) pela manh\u00e3, e a noite fica por conta do espet\u00e1culo Am\u00e9rico,\u2026","rel":"","context":"In &quot;Not\u00edcias de Ribeir\u00e3o Preto-SP e Regi\u00e3o&quot;","block_context":{"text":"Not\u00edcias de Ribeir\u00e3o Preto-SP e Regi\u00e3o","link":"https:\/\/ismaelcolosi.com.br\/index.php\/category\/noticias-de-ribeirao-preto-sp-e-regiao-ismael-colosi\/"},"img":{"alt_text":"","src":"https:\/\/i0.wp.com\/ismaelcolosi.com.br\/wp-content\/uploads\/2024\/09\/Espetaculo-Gran-Cirque-Brado-foto-Nina-Pires_2024-09-24_16-20-50_jpg_2024-09-24_16-20-50-scaled.webp.webp?fit=1200%2C800&ssl=1&resize=350%2C200","width":350,"height":200,"srcset":"https:\/\/i0.wp.com\/ismaelcolosi.com.br\/wp-content\/uploads\/2024\/09\/Espetaculo-Gran-Cirque-Brado-foto-Nina-Pires_2024-09-24_16-20-50_jpg_2024-09-24_16-20-50-scaled.webp.webp?fit=1200%2C800&ssl=1&resize=350%2C200 1x, https:\/\/i0.wp.com\/ismaelcolosi.com.br\/wp-content\/uploads\/2024\/09\/Espetaculo-Gran-Cirque-Brado-foto-Nina-Pires_2024-09-24_16-20-50_jpg_2024-09-24_16-20-50-scaled.webp.webp?fit=1200%2C800&ssl=1&resize=525%2C300 1.5x, https:\/\/i0.wp.com\/ismaelcolosi.com.br\/wp-content\/uploads\/2024\/09\/Espetaculo-Gran-Cirque-Brado-foto-Nina-Pires_2024-09-24_16-20-50_jpg_2024-09-24_16-20-50-scaled.webp.webp?fit=1200%2C800&ssl=1&resize=700%2C400 2x, https:\/\/i0.wp.com\/ismaelcolosi.com.br\/wp-content\/uploads\/2024\/09\/Espetaculo-Gran-Cirque-Brado-foto-Nina-Pires_2024-09-24_16-20-50_jpg_2024-09-24_16-20-50-scaled.webp.webp?fit=1200%2C800&ssl=1&resize=1050%2C600 3x"},"classes":[]},{"id":44929,"url":"https:\/\/ismaelcolosi.com.br\/index.php\/2024\/04\/01\/cia-libelulas-usa-teatro-de-sombras-para-levar-arte-a-comunidade-surda\/","url_meta":{"origin":74078,"position":3},"title":"Cia Lib\u00e9lulas usa teatro de sombras para levar arte \u00e0 comunidade surda","author":"ismaelcolosi.com.br","date":"1 de April de 2024","format":false,"excerpt":"O teatro de sombras, uma manifesta\u00e7\u00e3o art\u00edstica milenar, se envolve, cada dia mais, no objetivo de entrela\u00e7ar as artes c\u00eanicas e a inclus\u00e3o de pessoas. Por exemplo, em um mundo predominantemente ouvinte, \u00e9 importante compreender e se discutir sobre a participa\u00e7\u00e3o da popula\u00e7\u00e3o surda e seu direito \u00e0 vida plena\u2026","rel":"","context":"In &quot;Not\u00edcias de Ribeir\u00e3o Preto-SP e Regi\u00e3o&quot;","block_context":{"text":"Not\u00edcias de Ribeir\u00e3o Preto-SP e Regi\u00e3o","link":"https:\/\/ismaelcolosi.com.br\/index.php\/category\/noticias-de-ribeirao-preto-sp-e-regiao-ismael-colosi\/"},"img":{"alt_text":"","src":"https:\/\/i0.wp.com\/ismaelcolosi.com.br\/wp-content\/uploads\/2024\/04\/e1614472-643e-4052-99e6-d41c9d9d80bd.jpg?fit=365%2C500&ssl=1&resize=350%2C200","width":350,"height":200},"classes":[]},{"id":8083,"url":"https:\/\/ismaelcolosi.com.br\/index.php\/2023\/11\/29\/caravana-tapioca-celebra-10-anos-com-apresentacoes-no-tendal-da-lapa-casa-de-cultura-butanta-e-teatro-de-conteiner-mungunza\/","url_meta":{"origin":74078,"position":4},"title":"Caravana Tapioca celebra 10 anos com apresenta\u00e7\u00f5es no Tendal da Lapa, Casa de Cultura Butant\u00e3 e Teatro de Cont\u00eainer Mungunz\u00e1\u00a0","author":"ismaelcolosi.com.br","date":"29 de November de 2023","format":false,"excerpt":"De 01 a 03 de dezembro de 2023 (sexta-feira a domingo), o grupo Caravana Tapioca (@caravanatapioca) realiza as \u00faltimas apresenta\u00e7\u00f5es do projeto \u201cLalai\u00e1 em Sampa\u201d, contemplado na 7a Edi\u00e7\u00e3o do Programa de Municipal de Fomento ao Circo para a Cidade de S\u00e3o Paulo, da Secretaria Municipal de Cultura e Prefeitura\u2026","rel":"","context":"In &quot;Variedades&quot;","block_context":{"text":"Variedades","link":"https:\/\/ismaelcolosi.com.br\/index.php\/category\/variedades\/"},"img":{"alt_text":"","src":"https:\/\/i0.wp.com\/ismaelcolosi.com.br\/wp-content\/uploads\/2023\/11\/caravana-tapioca-foto-de-tassio-folli-1.jpeg?fit=1200%2C638&ssl=1&resize=350%2C200","width":350,"height":200,"srcset":"https:\/\/i0.wp.com\/ismaelcolosi.com.br\/wp-content\/uploads\/2023\/11\/caravana-tapioca-foto-de-tassio-folli-1.jpeg?fit=1200%2C638&ssl=1&resize=350%2C200 1x, https:\/\/i0.wp.com\/ismaelcolosi.com.br\/wp-content\/uploads\/2023\/11\/caravana-tapioca-foto-de-tassio-folli-1.jpeg?fit=1200%2C638&ssl=1&resize=525%2C300 1.5x, https:\/\/i0.wp.com\/ismaelcolosi.com.br\/wp-content\/uploads\/2023\/11\/caravana-tapioca-foto-de-tassio-folli-1.jpeg?fit=1200%2C638&ssl=1&resize=700%2C400 2x, https:\/\/i0.wp.com\/ismaelcolosi.com.br\/wp-content\/uploads\/2023\/11\/caravana-tapioca-foto-de-tassio-folli-1.jpeg?fit=1200%2C638&ssl=1&resize=1050%2C600 3x"},"classes":[]},{"id":68103,"url":"https:\/\/ismaelcolosi.com.br\/index.php\/2024\/09\/27\/luisa-sonza-oktobefest-e-muita-coxinha-veja-agenda-do-fim-de-semana-em-ribeirao-preto\/","url_meta":{"origin":74078,"position":5},"title":"Lu\u00edsa Sonza, Oktobefest e muita coxinha: Veja agenda do fim de semana em Ribeir\u00e3o Preto","author":"ismaelcolosi.com.br","date":"27 de September de 2024","format":false,"excerpt":"Para encerrar setembro com muita agita\u00e7\u00e3o, a agenda cultural deste fim de semana em Ribeir\u00e3o Preto conta com diversas atividades para diferentes idades e gostos. Entre os destaques, tem show da cantora Lu\u00edsa Sonza, Oktoberfest Ribeir\u00e3o, o Vila Dion\u00edsio Festival e a pe\u00e7a Mem\u00f3rias do Vinho. Confira. Festival Vira Copos\u2026","rel":"","context":"In &quot;Not\u00edcias de Ribeir\u00e3o Preto-SP e Regi\u00e3o&quot;","block_context":{"text":"Not\u00edcias de Ribeir\u00e3o Preto-SP e Regi\u00e3o","link":"https:\/\/ismaelcolosi.com.br\/index.php\/category\/noticias-de-ribeirao-preto-sp-e-regiao-ismael-colosi\/"},"img":{"alt_text":"","src":"https:\/\/i0.wp.com\/ismaelcolosi.com.br\/wp-content\/uploads\/2024\/09\/sextou_2024-09-27_12-48-40_jpeg_2024-09-27_12-48-40.webp.webp?fit=1200%2C675&ssl=1&resize=350%2C200","width":350,"height":200,"srcset":"https:\/\/i0.wp.com\/ismaelcolosi.com.br\/wp-content\/uploads\/2024\/09\/sextou_2024-09-27_12-48-40_jpeg_2024-09-27_12-48-40.webp.webp?fit=1200%2C675&ssl=1&resize=350%2C200 1x, https:\/\/i0.wp.com\/ismaelcolosi.com.br\/wp-content\/uploads\/2024\/09\/sextou_2024-09-27_12-48-40_jpeg_2024-09-27_12-48-40.webp.webp?fit=1200%2C675&ssl=1&resize=525%2C300 1.5x, https:\/\/i0.wp.com\/ismaelcolosi.com.br\/wp-content\/uploads\/2024\/09\/sextou_2024-09-27_12-48-40_jpeg_2024-09-27_12-48-40.webp.webp?fit=1200%2C675&ssl=1&resize=700%2C400 2x, https:\/\/i0.wp.com\/ismaelcolosi.com.br\/wp-content\/uploads\/2024\/09\/sextou_2024-09-27_12-48-40_jpeg_2024-09-27_12-48-40.webp.webp?fit=1200%2C675&ssl=1&resize=1050%2C600 3x"},"classes":[]}],"jetpack_sharing_enabled":true,"jetpack_shortlink":"https:\/\/wp.me\/pfMlyK-jgO","_links":{"self":[{"href":"https:\/\/ismaelcolosi.com.br\/index.php\/wp-json\/wp\/v2\/posts\/74078","targetHints":{"allow":["GET"]}}],"collection":[{"href":"https:\/\/ismaelcolosi.com.br\/index.php\/wp-json\/wp\/v2\/posts"}],"about":[{"href":"https:\/\/ismaelcolosi.com.br\/index.php\/wp-json\/wp\/v2\/types\/post"}],"author":[{"embeddable":true,"href":"https:\/\/ismaelcolosi.com.br\/index.php\/wp-json\/wp\/v2\/users\/1"}],"replies":[{"embeddable":true,"href":"https:\/\/ismaelcolosi.com.br\/index.php\/wp-json\/wp\/v2\/comments?post=74078"}],"version-history":[{"count":0,"href":"https:\/\/ismaelcolosi.com.br\/index.php\/wp-json\/wp\/v2\/posts\/74078\/revisions"}],"wp:featuredmedia":[{"embeddable":true,"href":"https:\/\/ismaelcolosi.com.br\/index.php\/wp-json\/wp\/v2\/media\/74079"}],"wp:attachment":[{"href":"https:\/\/ismaelcolosi.com.br\/index.php\/wp-json\/wp\/v2\/media?parent=74078"}],"wp:term":[{"taxonomy":"category","embeddable":true,"href":"https:\/\/ismaelcolosi.com.br\/index.php\/wp-json\/wp\/v2\/categories?post=74078"},{"taxonomy":"post_tag","embeddable":true,"href":"https:\/\/ismaelcolosi.com.br\/index.php\/wp-json\/wp\/v2\/tags?post=74078"}],"curies":[{"name":"wp","href":"https:\/\/api.w.org\/{rel}","templated":true}]}}