{"id":74068,"date":"2024-10-29T20:11:37","date_gmt":"2024-10-29T23:11:37","guid":{"rendered":"https:\/\/ismaelcolosi.com.br\/index.php\/2024\/10\/29\/ricardo-silva-tera-maioria-na-camara\/"},"modified":"2024-10-29T20:11:37","modified_gmt":"2024-10-29T23:11:37","slug":"ricardo-silva-tera-maioria-na-camara","status":"publish","type":"post","link":"https:\/\/ismaelcolosi.com.br\/index.php\/2024\/10\/29\/ricardo-silva-tera-maioria-na-camara\/","title":{"rendered":"Ricardo Silva ter\u00e1 maioria na C\u00e2mara \u00a0"},"content":{"rendered":"<p> <br \/>\n<\/p>\n<div>\n<p><span class=\"TextRun SCXW35381528 BCX0\" lang=\"PT-BR\" xml:lang=\"PT-BR\" data-contrast=\"auto\"><span class=\"NormalTextRun SCXW35381528 BCX0\">O atual deputado federal Ricardo Silva (PSD), de 39 anos, ser\u00e1 o prefeito de Ribeir\u00e3o Preto a partir de 1\u00ba de janeiro de 2025 e at\u00e9 31 de dezembro de 2028. O candidato da coliga\u00e7\u00e3o <\/span><span class=\"NormalTextRun SCXW35381528 BCX0\">\u201cPara Ribeir\u00e3o avan\u00e7ar\u201d, <\/span><span class=\"NormalTextRun SCXW35381528 BCX0\">que tem o vereador Alessandro <\/span><span class=\"NormalTextRun SCXW35381528 BCX0\">Maraca<\/span><span class=\"NormalTextRun SCXW35381528 BCX0\"> (MDB) como vice, venceu a elei\u00e7\u00e3o mais disputada da hist\u00f3ria da cidade, superando o pleito de 1996. <\/span><\/span><span class=\"LineBreakBlob BlobObject DragDrop SCXW35381528 BCX0\"><span class=\"SCXW35381528 BCX0\">\u00a0<\/span><br class=\"SCXW35381528 BCX0\"\/><\/span><span class=\"LineBreakBlob BlobObject DragDrop SCXW35381528 BCX0\"><span class=\"SCXW35381528 BCX0\">\u00a0<\/span><br class=\"SCXW35381528 BCX0\"\/><\/span><span class=\"TextRun SCXW35381528 BCX0\" lang=\"PT-BR\" xml:lang=\"PT-BR\" data-contrast=\"auto\"><span class=\"NormalTextRun SCXW35381528 BCX0\">O prefeito eleito n\u00e3o dever\u00e1 ter problemas para aprovar projetos na C\u00e2mara de Ribeir\u00e3o Preto. Ricardo Silva obteve 131.421 votos (50,13% dos v\u00e1lidos), contra 130.734 (49,87%) do empres\u00e1rio e engenheiro qu\u00edmico Marco Aur\u00e9lio Martins (Novo), diferen\u00e7a de apenas 687 votos (0,26%). <\/span><\/span><span class=\"LineBreakBlob BlobObject DragDrop SCXW35381528 BCX0\"><span class=\"SCXW35381528 BCX0\">\u00a0<\/span><br class=\"SCXW35381528 BCX0\"\/><\/span><span class=\"LineBreakBlob BlobObject DragDrop SCXW35381528 BCX0\"><span class=\"SCXW35381528 BCX0\">\u00a0<\/span><br class=\"SCXW35381528 BCX0\"\/><\/span><span class=\"TextRun SCXW35381528 BCX0\" lang=\"PT-BR\" xml:lang=\"PT-BR\" data-contrast=\"auto\"><span class=\"NormalTextRun SCXW35381528 BCX0\">Al\u00e9m de PSD e MDB, a coliga\u00e7\u00e3o <\/span><span class=\"NormalTextRun SCXW35381528 BCX0\">\u201cPra Ribeir\u00e3o avan\u00e7ar<\/span><span class=\"NormalTextRun SCXW35381528 BCX0\">\u201d, de Ricardo Silva e Alessandro <\/span><span class=\"NormalTextRun SCXW35381528 BCX0\">Maraca<\/span><span class=\"NormalTextRun SCXW35381528 BCX0\">, \u00e9<\/span><span class=\"NormalTextRun SCXW35381528 BCX0\"> composta ainda <\/span><span class=\"NormalTextRun SCXW35381528 BCX0\">pelo Solidariedade<\/span><span class=\"NormalTextRun SCXW35381528 BCX0\">, PP, PDT, PL, PRD, Avante, Republicanos e PSB. <\/span><span class=\"NormalTextRun SCXW35381528 BCX0\">Com o apoio do governador Tarc\u00edsio de Freitas (Republicanos), elegeu 15 vereadores este ano, 68,1<\/span><span class=\"NormalTextRun SCXW35381528 BCX0\">7<\/span><span class=\"NormalTextRun SCXW35381528 BCX0\">% das 22 cadeiras da C\u00e2mara.<\/span> <\/span><span class=\"LineBreakBlob BlobObject DragDrop SCXW35381528 BCX0\"><span class=\"SCXW35381528 BCX0\">\u00a0<\/span><br class=\"SCXW35381528 BCX0\"\/><\/span><span class=\"LineBreakBlob BlobObject DragDrop SCXW35381528 BCX0\"><span class=\"SCXW35381528 BCX0\">\u00a0<\/span><br class=\"SCXW35381528 BCX0\"\/><\/span><span class=\"TextRun SCXW35381528 BCX0\" lang=\"PT-BR\" xml:lang=\"PT-BR\" data-contrast=\"auto\"><span class=\"NormalTextRun SCXW35381528 BCX0\">Marco Aur\u00e9lio Martins <\/span><span class=\"NormalTextRun SCXW35381528 BCX0\">saiu candidato pela chapa <\/span><span class=\"NormalTextRun SCXW35381528 BCX0\">\u201c<\/span><span class=\"NormalTextRun SCXW35381528 BCX0\">Ribeir\u00e3o Pr\u00f3spera e Empreendedora\u201d, com Ant\u00f4nio Carlos da <\/span><span class=\"NormalTextRun SpellingErrorV2Themed SCXW35381528 BCX0\">Freiria<\/span><span class=\"NormalTextRun SCXW35381528 BCX0\"> (Novo)<\/span> <span class=\"NormalTextRun SCXW35381528 BCX0\">candidato <\/span><span class=\"NormalTextRun SCXW35381528 BCX0\">a vice<\/span><span class=\"NormalTextRun SCXW35381528 BCX0\">-prefeito<\/span><span class=\"NormalTextRun SCXW35381528 BCX0\">. <\/span><span class=\"NormalTextRun SCXW35381528 BCX0\">O governador de Minas Gerais, Romeu <\/span><span class=\"NormalTextRun SCXW35381528 BCX0\">Zema<\/span><span class=\"NormalTextRun SCXW35381528 BCX0\"> (Novo), fez c<\/span><span class=\"NormalTextRun SCXW35381528 BCX0\">ampanha para o empres\u00e1rio, que <\/span><span class=\"NormalTextRun SCXW35381528 BCX0\">conseguiu reeleger um vereador<\/span><span class=\"NormalTextRun SCXW35381528 BCX0\">, 4,55% das cadeiras<\/span><span class=\"NormalTextRun SCXW35381528 BCX0\">.<\/span><\/span><span class=\"LineBreakBlob BlobObject DragDrop SCXW35381528 BCX0\"><span class=\"SCXW35381528 BCX0\">\u00a0<\/span><br class=\"SCXW35381528 BCX0\"\/><\/span><span class=\"LineBreakBlob BlobObject DragDrop SCXW35381528 BCX0\"><span class=\"SCXW35381528 BCX0\">\u00a0<\/span><br class=\"SCXW35381528 BCX0\"\/><\/span><span class=\"TextRun SCXW35381528 BCX0\" lang=\"PT-BR\" xml:lang=\"PT-BR\" data-contrast=\"auto\"><span class=\"NormalTextRun SCXW35381528 BCX0\">Os outros seis que foram eleitos por outros grupos s\u00e3o das coliga\u00e7\u00f5es \u201c<\/span><span class=\"NormalTextRun SCXW35381528 BCX0\">Amor por Ribeir\u00e3o<\/span><span class=\"NormalTextRun SCXW35381528 BCX0\">\u201d e \u201c<\/span><span class=\"NormalTextRun SCXW35381528 BCX0\">Respeito por Ribeir\u00e3o\u201d<\/span><span class=\"NormalTextRun SCXW35381528 BCX0\">. A primeira elegeu tr\u00eas vereadoras do PT (13,64% das cadeiras da C\u00e2mara) e a segunda, tr\u00eas vereadores de Uni\u00e3o Brasil e PSDB (13,64%).<\/span><\/span><span class=\"LineBreakBlob BlobObject DragDrop SCXW35381528 BCX0\"><span class=\"SCXW35381528 BCX0\">\u00a0<\/span><br class=\"SCXW35381528 BCX0\"\/><\/span><span class=\"LineBreakBlob BlobObject DragDrop SCXW35381528 BCX0\"><span class=\"SCXW35381528 BCX0\">\u00a0<\/span><br class=\"SCXW35381528 BCX0\"\/><\/span><span class=\"TextRun SCXW35381528 BCX0\" lang=\"PT-BR\" xml:lang=\"PT-BR\" data-contrast=\"auto\"><span class=\"NormalTextRun SCXW35381528 BCX0\">A<\/span><span class=\"NormalTextRun SCXW35381528 BCX0\"> C\u00e2mara de Ribeir\u00e3o Preto ter\u00e1 nove novos vereadores na 19\u00aa legislatura<\/span><span class=\"NormalTextRun SCXW35381528 BCX0\"> (2025-2028)<\/span><span class=\"NormalTextRun SCXW35381528 BCX0\">. O \u00edndice de renova\u00e7\u00e3o foi de 40,91% este ano, bem acima da tradicional m\u00e9dia de 30% dos \u00faltimos pleitos municipais. <\/span><span class=\"NormalTextRun SCXW35381528 BCX0\">P<\/span><span class=\"NormalTextRun SCXW35381528 BCX0\">or\u00e9m, tr\u00eas atuais parlamentares desistiram de tentar a reelei\u00e7\u00e3o e seis foram derrotados nas urnas.<\/span><span class=\"NormalTextRun SCXW35381528 BCX0\">\u00a0 <\/span><\/span><span class=\"LineBreakBlob BlobObject DragDrop SCXW35381528 BCX0\"><span class=\"SCXW35381528 BCX0\">\u00a0<\/span><br class=\"SCXW35381528 BCX0\"\/><\/span><span class=\"LineBreakBlob BlobObject DragDrop SCXW35381528 BCX0\"><span class=\"SCXW35381528 BCX0\">\u00a0<\/span><br class=\"SCXW35381528 BCX0\"\/><\/span><span class=\"TextRun SCXW35381528 BCX0\" lang=\"PT-BR\" xml:lang=\"PT-BR\" data-contrast=\"auto\"><span class=\"NormalTextRun SCXW35381528 BCX0\">O recorde ainda pertence a 2016, quando apenas nove dos 22 vereadores da 16\u00aa legislatura conseguiram a reelei\u00e7\u00e3o (40,91%), em meio ao esc\u00e2ndalo da Opera\u00e7\u00e3o <\/span><span class=\"NormalTextRun SCXW35381528 BCX0\">Sevandija<\/span><span class=\"NormalTextRun SCXW35381528 BCX0\">.\u00a0 Treze foram reprovados, 48,15%. Naquele pleito a cidade elegeu 27 parlamentares para a 17\u00aa legislatura, a \u00fanica com tantas <\/span><span class=\"NormalTextRun SCXW35381528 BCX0\">cadeiras. A partir de 2021, o Legislativo voltou a ter 22 cadeiras. <\/span><\/span><span class=\"LineBreakBlob BlobObject DragDrop SCXW35381528 BCX0\"><span class=\"SCXW35381528 BCX0\">\u00a0<\/span><br class=\"SCXW35381528 BCX0\"\/><\/span><span class=\"LineBreakBlob BlobObject DragDrop SCXW35381528 BCX0\"><span class=\"SCXW35381528 BCX0\">\u00a0<\/span><br class=\"SCXW35381528 BCX0\"\/><\/span><span class=\"TextRun SCXW35381528 BCX0\" lang=\"PT-BR\" xml:lang=\"PT-BR\" data-contrast=\"auto\"><span class=\"NormalTextRun SCXW35381528 BCX0\">A cidade teve 390 candidatos a vereador. Atualmente, at\u00e9 31 de dezembro, o<\/span><span class=\"NormalTextRun SCXW35381528 BCX0\"> PSD \u00e9 o partido com a maior bancada na C\u00e2mara de Ribeir\u00e3o Preto. O PSB, que tinha tr\u00eas cadeiras, agora n\u00e3o tem nenhuma. O MDB e o PP ficaram com tr\u00eas vereadores. PT, PL, Uni\u00e3o Brasil, Republicanos e PSDB t\u00eam dois parlamentares cada e o Novo, Podemos e PDT ficaram com uma cadeira cada.<\/span><\/span><span class=\"LineBreakBlob BlobObject DragDrop SCXW35381528 BCX0\"><span class=\"SCXW35381528 BCX0\">\u00a0<\/span><br class=\"SCXW35381528 BCX0\"\/><\/span><span class=\"LineBreakBlob BlobObject DragDrop SCXW35381528 BCX0\"><span class=\"SCXW35381528 BCX0\">\u00a0<\/span><br class=\"SCXW35381528 BCX0\"\/><\/span><span class=\"TextRun SCXW35381528 BCX0\" lang=\"PT-BR\" xml:lang=\"PT-BR\" data-contrast=\"auto\"><span class=\"NormalTextRun SCXW35381528 BCX0\">Na pr\u00f3xima legisla<\/span><span class=\"NormalTextRun SCXW35381528 BCX0\">tura o cen\u00e1rio ser\u00e1 diferente: o<\/span><span class=\"NormalTextRun SCXW35381528 BCX0\"> MDB foi o partido que mais garantiu cadeiras no Legislativo, com cinco. O PL aparece em segundo com quatro representantes. PT e PSD ter\u00e3o tr\u00eas cada. Progressistas e Uni\u00e3o Brasil garantiram duas. Partido Novo, PSDB e Republicanos ter\u00e3o uma cada.<\/span><\/span><span class=\"LineBreakBlob BlobObject DragDrop SCXW35381528 BCX0\"><span class=\"SCXW35381528 BCX0\">\u00a0<\/span><br class=\"SCXW35381528 BCX0\"\/><\/span><span class=\"LineBreakBlob BlobObject DragDrop SCXW35381528 BCX0\"><span class=\"SCXW35381528 BCX0\">\u00a0<\/span><br class=\"SCXW35381528 BCX0\"\/><\/span><span class=\"TextRun SCXW35381528 BCX0\" lang=\"PT-BR\" xml:lang=\"PT-BR\" data-contrast=\"auto\"><span class=\"NormalTextRun SCXW35381528 BCX0\">O jornalista e <\/span><span class=\"NormalTextRun SpellingErrorV2Themed SCXW35381528 BCX0\">ex-apresentador<\/span><span class=\"NormalTextRun SCXW35381528 BCX0\"> da EPTV, afilhada da Rede Globo, Danilo <\/span><span class=\"NormalTextRun SpellingErrorV2Themed SCXW35381528 BCX0\">Scochi<\/span><span class=\"NormalTextRun SCXW35381528 BCX0\"> (MDB)<\/span><span class=\"NormalTextRun SCXW35381528 BCX0\">,<\/span><span class=\"NormalTextRun SCXW35381528 BCX0\"> foi o candidato <\/span><span class=\"NormalTextRun SCXW35381528 BCX0\">\u00e0 verean\u00e7a <\/span><span class=\"NormalTextRun SCXW35381528 BCX0\">mais votado em Ribeir\u00e3<\/span><span class=\"NormalTextRun SCXW35381528 BCX0\">o Preto<\/span><span class=\"NormalTextRun SCXW35381528 BCX0\">. O <\/span><span class=\"NormalTextRun SCXW35381528 BCX0\">e<\/span><span class=\"NormalTextRun SCXW35381528 BCX0\">medebista obteve 12.296 votos<\/span><span class=\"NormalTextRun SCXW35381528 BCX0\"> (4,45%)<\/span><span class=\"NormalTextRun SCXW35381528 BCX0\">. O vereador Isaac Antunes (PL) foi o segundo, com 9.896 votos <\/span><span class=\"NormalTextRun SCXW35381528 BCX0\">(3,58%), <\/span><span class=\"NormalTextRun SCXW35381528 BCX0\">e a parlamentar Duda <\/span><span class=\"NormalTextRun SCXW35381528 BCX0\">Hidalgo<\/span><span class=\"NormalTextRun SCXW35381528 BCX0\"> (PT), a terceira, com 8.651 votos<\/span><span class=\"NormalTextRun SCXW35381528 BCX0\"> (3,<\/span><span class=\"NormalTextRun SCXW35381528 BCX0\">13%)<\/span><span class=\"NormalTextRun SCXW35381528 BCX0\">.<\/span><\/span><span class=\"LineBreakBlob BlobObject DragDrop SCXW35381528 BCX0\"><span class=\"SCXW35381528 BCX0\">\u00a0<\/span><br class=\"SCXW35381528 BCX0\"\/><\/span><span class=\"LineBreakBlob BlobObject DragDrop SCXW35381528 BCX0\"><span class=\"SCXW35381528 BCX0\">\u00a0<\/span><br class=\"SCXW35381528 BCX0\"\/><\/span><span class=\"TextRun SCXW35381528 BCX0\" lang=\"PT-BR\" xml:lang=\"PT-BR\" data-contrast=\"auto\"><span class=\"NormalTextRun SCXW35381528 BCX0\">Completam a lista <\/span><span class=\"NormalTextRun SCXW35381528 BCX0\">Igor Oliveira <\/span><span class=\"NormalTextRun SCXW35381528 BCX0\">(<\/span><span class=\"NormalTextRun SCXW35381528 BCX0\">MDB \u2013 7.508 votos<\/span><span class=\"NormalTextRun SCXW35381528 BCX0\">, reeleito), <\/span><span class=\"NormalTextRun SCXW35381528 BCX0\">Paulo Modas <\/span><span class=\"NormalTextRun SCXW35381528 BCX0\">(<\/span><span class=\"NormalTextRun SCXW35381528 BCX0\">PSD \u2013 5.051<\/span><span class=\"NormalTextRun SCXW35381528 BCX0\">, reeleito), <\/span><span class=\"NormalTextRun SCXW35381528 BCX0\">Brando Veiga <\/span><span class=\"NormalTextRun SCXW35381528 BCX0\">(<\/span><span class=\"NormalTextRun SCXW35381528 BCX0\">Republicanos \u2013 4.720 votos<\/span><span class=\"NormalTextRun SCXW35381528 BCX0\">, <\/span><span class=\"NormalTextRun SCXW35381528 BCX0\">reeleito<\/span><span class=\"NormalTextRun SCXW35381528 BCX0\">), <\/span><span class=\"NormalTextRun SCXW35381528 BCX0\">Andr\u00e9 <\/span><span class=\"NormalTextRun SpellingErrorV2Themed SCXW35381528 BCX0\">Rodini<\/span> <span class=\"NormalTextRun SCXW35381528 BCX0\">(<\/span><span class=\"NormalTextRun SCXW35381528 BCX0\">Novo \u2013 4.207<\/span><span class=\"NormalTextRun SCXW35381528 BCX0\">. <\/span><span class=\"NormalTextRun SCXW35381528 BCX0\">reeleito<\/span><span class=\"NormalTextRun SCXW35381528 BCX0\">), <\/span><span class=\"NormalTextRun SCXW35381528 BCX0\">Jean <\/span><span class=\"NormalTextRun SpellingErrorV2Themed SCXW35381528 BCX0\">Coraucci<\/span> <span class=\"NormalTextRun SCXW35381528 BCX0\">(<\/span><span class=\"NormalTextRun SCXW35381528 BCX0\">PSD \u2013 4.080 votos<\/span><span class=\"NormalTextRun SCXW35381528 BCX0\">, <\/span><span class=\"NormalTextRun SCXW35381528 BCX0\">reeleito<\/span><span class=\"NormalTextRun SCXW35381528 BCX0\">) e <\/span><span class=\"NormalTextRun SCXW35381528 BCX0\">Lincoln Fernandes <\/span><span class=\"NormalTextRun SCXW35381528 BCX0\">(<\/span><span class=\"NormalTextRun SCXW35381528 BCX0\">PL \u2013 3.856<\/span><span class=\"NormalTextRun SCXW35381528 BCX0\">. <\/span><span class=\"NormalTextRun SCXW35381528 BCX0\">reeleito<\/span><span class=\"NormalTextRun SCXW35381528 BCX0\">)<\/span><span class=\"NormalTextRun SCXW35381528 BCX0\">.,<\/span><\/span><span class=\"LineBreakBlob BlobObject DragDrop SCXW35381528 BCX0\"><span class=\"SCXW35381528 BCX0\">\u00a0<\/span><br class=\"SCXW35381528 BCX0\"\/><\/span><span class=\"LineBreakBlob BlobObject DragDrop SCXW35381528 BCX0\"><span class=\"SCXW35381528 BCX0\">\u00a0<\/span><br class=\"SCXW35381528 BCX0\"\/><\/span><span class=\"TextRun SCXW35381528 BCX0\" lang=\"PT-BR\" xml:lang=\"PT-BR\" data-contrast=\"auto\"><span class=\"NormalTextRun SCXW35381528 BCX0\">Tamb\u00e9m est\u00e3o eleitos Mauricio Gasparini (<\/span><span class=\"NormalTextRun SCXW35381528 BCX0\">Uni\u00e3o Brasil \u2013 3.380<\/span><span class=\"NormalTextRun SCXW35381528 BCX0\">, <\/span><span class=\"NormalTextRun SCXW35381528 BCX0\">reeleito<\/span><span class=\"NormalTextRun SCXW35381528 BCX0\">), <\/span><span class=\"NormalTextRun SCXW35381528 BCX0\">Franco Ferro <\/span><span class=\"NormalTextRun SCXW35381528 BCX0\">(PP <\/span><span class=\"NormalTextRun SCXW35381528 BCX0\">\u2013 3.369 votos<\/span><span class=\"NormalTextRun SCXW35381528 BCX0\">, <\/span><span class=\"NormalTextRun SCXW35381528 BCX0\">reeleito<\/span><span class=\"NormalTextRun SCXW35381528 BCX0\">), <\/span><span class=\"NormalTextRun SCXW35381528 BCX0\">Matheus Moreno <\/span><span class=\"NormalTextRun SCXW35381528 BCX0\">(<\/span><span class=\"NormalTextRun SCXW35381528 BCX0\">MDB<\/span><span class=\"NormalTextRun SCXW35381528 BCX0\">) <\/span><span class=\"NormalTextRun SCXW35381528 BCX0\">\u2013 3.148 votos<\/span><span class=\"NormalTextRun SCXW35381528 BCX0\">, <\/span><span class=\"NormalTextRun SCXW35381528 BCX0\">reeleito<\/span><span class=\"NormalTextRun SCXW35381528 BCX0\">), <\/span><span class=\"NormalTextRun SCXW35381528 BCX0\">Mauricio Vila <\/span><span class=\"NormalTextRun SCXW35381528 BCX0\">Abranches<\/span> <span class=\"NormalTextRun SCXW35381528 BCX0\">(<\/span><span class=\"NormalTextRun SCXW35381528 BCX0\">PSDB \u2013 2.851<\/span><span class=\"NormalTextRun SCXW35381528 BCX0\">, <\/span><span class=\"NormalTextRun SCXW35381528 BCX0\">reeleito<\/span><span class=\"NormalTextRun SCXW35381528 BCX0\">) e <\/span><\/span><span class=\"LineBreakBlob BlobObject DragDrop SCXW35381528 BCX0\"><span class=\"SCXW35381528 BCX0\">\u00a0<\/span><br class=\"SCXW35381528 BCX0\"\/><\/span><span class=\"TextRun SCXW35381528 BCX0\" lang=\"PT-BR\" xml:lang=\"PT-BR\" data-contrast=\"auto\"><span class=\"NormalTextRun SCXW35381528 BCX0\">Judeti<\/span> <span class=\"NormalTextRun SCXW35381528 BCX0\">Zilli<\/span> <span class=\"NormalTextRun SCXW35381528 BCX0\">(Coletivo popular do <\/span><span class=\"NormalTextRun SCXW35381528 BCX0\">PT \u2013 2.756 votos<\/span><span class=\"NormalTextRun SCXW35381528 BCX0\">, reeleita).<\/span><\/span><span class=\"LineBreakBlob BlobObject DragDrop SCXW35381528 BCX0\"><span class=\"SCXW35381528 BCX0\">\u00a0<\/span><br class=\"SCXW35381528 BCX0\"\/><\/span><span class=\"LineBreakBlob BlobObject DragDrop SCXW35381528 BCX0\"><span class=\"SCXW35381528 BCX0\">\u00a0<\/span><br class=\"SCXW35381528 BCX0\"\/><\/span><span class=\"TextRun SCXW35381528 BCX0\" lang=\"PT-BR\" xml:lang=\"PT-BR\" data-contrast=\"auto\"><span class=\"NormalTextRun SCXW35381528 BCX0\">Al\u00e9m de <\/span><span class=\"NormalTextRun SCXW35381528 BCX0\">Danilo <\/span><span class=\"NormalTextRun SpellingErrorV2Themed SCXW35381528 BCX0\">Scochi<\/span><span class=\"NormalTextRun SCXW35381528 BCX0\">,<\/span> <span class=\"NormalTextRun SCXW35381528 BCX0\">os demais novatos s\u00e3o <\/span><span class=\"NormalTextRun SCXW35381528 BCX0\">Roger <\/span><span class=\"NormalTextRun SCXW35381528 BCX0\">Ronan<\/span><span class=\"NormalTextRun SCXW35381528 BCX0\"> da Silva (<\/span><span class=\"NormalTextRun SpellingErrorV2Themed SCXW35381528 BCX0\">Bigodini<\/span><span class=\"NormalTextRun SCXW35381528 BCX0\">, <\/span><span class=\"NormalTextRun SCXW35381528 BCX0\">MDB \u2013 5.077 votos<\/span><span class=\"NormalTextRun SCXW35381528 BCX0\">), <\/span><span class=\"NormalTextRun SCXW35381528 BCX0\">Delegado Martinez <\/span><span class=\"NormalTextRun SCXW35381528 BCX0\">(<\/span><span class=\"NormalTextRun SCXW35381528 BCX0\">MDB \u2013 5.002 votos<\/span><span class=\"NormalTextRun SCXW35381528 BCX0\">), <\/span><span class=\"NormalTextRun SCXW35381528 BCX0\">Di\u00e1cono Ramos <\/span><span class=\"NormalTextRun SCXW35381528 BCX0\">(<\/span><span class=\"NormalTextRun SCXW35381528 BCX0\">Uni\u00e3o Brasil \u2013 4.010<\/span><span class=\"NormalTextRun SCXW35381528 BCX0\">), <\/span><span class=\"NormalTextRun SCXW35381528 BCX0\">Rangel <\/span><span class=\"NormalTextRun SpellingErrorV2Themed SCXW35381528 BCX0\">Scandiuzzi<\/span> <span class=\"NormalTextRun SCXW35381528 BCX0\">(<\/span><span class=\"NormalTextRun SCXW35381528 BCX0\">PSD \u2013 3.546<\/span><span class=\"NormalTextRun SCXW35381528 BCX0\">),<\/span> <span class=\"NormalTextRun SCXW35381528 BCX0\">Perla<\/span><span class=\"NormalTextRun SCXW35381528 BCX0\"> M\u00fcller <\/span><span class=\"NormalTextRun SCXW35381528 BCX0\">(<\/span><span class=\"NormalTextRun SCXW35381528 BCX0\">PT \u2013 3.266 votos<\/span><span class=\"NormalTextRun SCXW35381528 BCX0\">) e <\/span><span class=\"NormalTextRun SCXW35381528 BCX0\">Ant\u00f4nio Baptista Lopes Junior (<\/span><span class=\"NormalTextRun SCXW35381528 BCX0\">Junin<\/span> <span class=\"NormalTextRun SpellingErrorV2Themed SCXW35381528 BCX0\">D\u00ead\u00ea<\/span><span class=\"NormalTextRun SCXW35381528 BCX0\"> \u2013 PL \u2013 3.248 votos<\/span><span class=\"NormalTextRun SCXW35381528 BCX0\">).<\/span><\/span><span class=\"LineBreakBlob BlobObject DragDrop SCXW35381528 BCX0\"><span class=\"SCXW35381528 BCX0\">\u00a0<\/span><br class=\"SCXW35381528 BCX0\"\/><\/span><span class=\"LineBreakBlob BlobObject DragDrop SCXW35381528 BCX0\"><span class=\"SCXW35381528 BCX0\">\u00a0<\/span><br class=\"SCXW35381528 BCX0\"\/><\/span><span class=\"TextRun SCXW35381528 BCX0\" lang=\"PT-BR\" xml:lang=\"PT-BR\" data-contrast=\"auto\"><span class=\"NormalTextRun SCXW35381528 BCX0\">O vice-prefeito de Duarte Nogueira (PSDB), <\/span><span class=\"NormalTextRun SCXW35381528 BCX0\">Daniel <\/span><span class=\"NormalTextRun SCXW35381528 BCX0\">Gobbi<\/span> <span class=\"NormalTextRun SCXW35381528 BCX0\">(PP <\/span><span class=\"NormalTextRun SCXW35381528 BCX0\">\u2013<\/span> <span class=\"NormalTextRun SCXW35381528 BCX0\">3.026 votos<\/span><span class=\"NormalTextRun SCXW35381528 BCX0\">), foi eleito, assim como <\/span><span class=\"NormalTextRun SCXW35381528 BCX0\">Daniel Vieira Rodrigues (Daniel do <\/span><span class=\"NormalTextRun SCXW35381528 BCX0\">Bus\u00e3o<\/span><span class=\"NormalTextRun SCXW35381528 BCX0\"> \u2013 PL \u2013 2.636<\/span><span class=\"NormalTextRun SCXW35381528 BCX0\">)<\/span> <\/span><span class=\"LineBreakBlob BlobObject DragDrop SCXW35381528 BCX0\"><span class=\"SCXW35381528 BCX0\">\u00a0<\/span><br class=\"SCXW35381528 BCX0\"\/><\/span><span class=\"TextRun SCXW35381528 BCX0\" lang=\"PT-BR\" xml:lang=\"PT-BR\" data-contrast=\"auto\"><span class=\"NormalTextRun SCXW35381528 BCX0\">N\u00e3o voltar\u00e3o ao Legislativo os vereadores<\/span> <span class=\"NormalTextRun SpellingErrorV2Themed SCXW35381528 BCX0\">Luis<\/span> <span class=\"NormalTextRun SCXW35381528 BCX0\">Fran\u00e7a (PSD), Gl<\/span><span class=\"NormalTextRun SCXW35381528 BCX0\">\u00e1<\/span><span class=\"NormalTextRun SCXW35381528 BCX0\">ucia Berenice (Republicanos), Marcos Papa (Podemos), Ramon Faustino (PDT), Renato <\/span><span class=\"NormalTextRun SpellingErrorV2Themed SCXW35381528 BCX0\">Zucoloto<\/span><span class=\"NormalTextRun SCXW35381528 BCX0\"> (P<\/span><span class=\"NormalTextRun SCXW35381528 BCX0\">P<\/span><span class=\"NormalTextRun SCXW35381528 BCX0\">) e <\/span><span class=\"NormalTextRun SCXW35381528 BCX0\">Sergio <\/span><span class=\"NormalTextRun SpellingErrorV2Themed SCXW35381528 BCX0\">Zerbinato<\/span><span class=\"NormalTextRun SCXW35381528 BCX0\"> (PSDB).<\/span><\/span><span class=\"LineBreakBlob BlobObject DragDrop SCXW35381528 BCX0\"><span class=\"SCXW35381528 BCX0\">\u00a0<\/span><br class=\"SCXW35381528 BCX0\"\/><\/span><span class=\"LineBreakBlob BlobObject DragDrop SCXW35381528 BCX0\"><span class=\"SCXW35381528 BCX0\">\u00a0<\/span><br class=\"SCXW35381528 BCX0\"\/><\/span><span class=\"TextRun SCXW35381528 BCX0\" lang=\"PT-BR\" xml:lang=\"PT-BR\" data-contrast=\"none\"><span class=\"NormalTextRun SCXW35381528 BCX0\">Dos nove vereadores condenados <\/span><span class=\"NormalTextRun SCXW35381528 BCX0\">na Opera\u00e7\u00e3o <\/span><span class=\"NormalTextRun SCXW35381528 BCX0\">Sev<\/span><span class=\"NormalTextRun SCXW35381528 BCX0\">a<\/span><span class=\"NormalTextRun SCXW35381528 BCX0\">ndija<\/span> <span class=\"NormalTextRun SCXW35381528 BCX0\">pelo juiz L\u00facio Alberto En\u00e9as da Silva Ferreira, da 4\u00aa Vara Criminal de Ribeir\u00e3o Preto, <\/span><span class=\"NormalTextRun SCXW35381528 BCX0\">cinco foram <\/span><span class=\"NormalTextRun SCXW35381528 BCX0\">candidatos e tentar<\/span><span class=\"NormalTextRun SCXW35381528 BCX0\">am<\/span><span class=\"NormalTextRun SCXW35381528 BCX0\"> uma vaga na C\u00e2mara neste ano<\/span><span class=\"NormalTextRun SCXW35381528 BCX0\">, mas nenhum deles conseguiu se eleger.<\/span><\/span><span class=\"LineBreakBlob BlobObject DragDrop SCXW35381528 BCX0\"><span class=\"SCXW35381528 BCX0\">\u00a0<\/span><br class=\"SCXW35381528 BCX0\"\/><\/span><span class=\"LineBreakBlob BlobObject DragDrop SCXW35381528 BCX0\"><span class=\"SCXW35381528 BCX0\">\u00a0<\/span><br class=\"SCXW35381528 BCX0\"\/><\/span><span class=\"TextRun SCXW35381528 BCX0\" lang=\"PT-BR\" xml:lang=\"PT-BR\" data-contrast=\"auto\"><span class=\"NormalTextRun SCXW35381528 BCX0\">Capela Novas (PMB<\/span> <span class=\"NormalTextRun SCXW35381528 BCX0\">\u2013<\/span><span class=\"NormalTextRun SCXW35381528 BCX0\"> 506<\/span><span class=\"NormalTextRun SCXW35381528 BCX0\">), Walter Gomes (PMB<\/span> <span class=\"NormalTextRun SCXW35381528 BCX0\">\u2013<\/span><span class=\"NormalTextRun SCXW35381528 BCX0\"> 1.068<\/span><span class=\"NormalTextRun SCXW35381528 BCX0\">), C\u00edcero Gomes (MDB<\/span> <span class=\"NormalTextRun SCXW35381528 BCX0\">\u2013<\/span><span class=\"NormalTextRun SCXW35381528 BCX0\"> 1.421 votos<\/span><span class=\"NormalTextRun SCXW35381528 BCX0\">)<\/span><span class=\"NormalTextRun SCXW35381528 BCX0\">, <\/span><span class=\"NormalTextRun SCXW35381528 BCX0\">Jos\u00e9 Carlos de Oliveira, o <\/span><span class=\"NormalTextRun SCXW35381528 BCX0\">Beb\u00e9<\/span><span class=\"NormalTextRun SCXW35381528 BCX0\"> (PSD<\/span> <span class=\"NormalTextRun SCXW35381528 BCX0\">\u2013<\/span><span class=\"NormalTextRun SCXW35381528 BCX0\"> 815<\/span><span class=\"NormalTextRun SCXW35381528 BCX0\">)<\/span><span class=\"NormalTextRun SCXW35381528 BCX0\"> e Evaldo Mendon\u00e7a (Agir <\/span><span class=\"NormalTextRun SCXW35381528 BCX0\">\u2013<\/span><span class=\"NormalTextRun SCXW35381528 BCX0\"> 469) n\u00e3o conseguiram o n\u00famero de votos necess\u00e1rios para garantir vag<\/span><span class=\"NormalTextRun SCXW35381528 BCX0\">a na C\u00e2mara. <\/span><span class=\"NormalTextRun ContextualSpellingAndGrammarErrorV2Themed SCXW35381528 BCX0\">Ele sempre negaram<\/span><span class=\"NormalTextRun SCXW35381528 BCX0\"> envolvimento com corrup\u00e7\u00e3o.<\/span><\/span><span class=\"LineBreakBlob BlobObject DragDrop SCXW35381528 BCX0\"><span class=\"SCXW35381528 BCX0\">\u00a0<\/span><br class=\"SCXW35381528 BCX0\"\/><\/span><span class=\"LineBreakBlob BlobObject DragDrop SCXW35381528 BCX0\"><span class=\"SCXW35381528 BCX0\">\u00a0<\/span><\/span><span class=\"LineBreakBlob BlobObject DragDrop SCXW35381528 BCX0\"><br class=\"SCXW35381528 BCX0\"\/><\/span><span class=\"TextRun SCXW35381528 BCX0\" lang=\"PT-BR\" xml:lang=\"PT-BR\" data-contrast=\"auto\"><span class=\"NormalTextRun SCXW35381528 BCX0\">Vereadores que<\/span><\/span> <span class=\"TextRun SCXW35381528 BCX0\" lang=\"PT-BR\" xml:lang=\"PT-BR\" data-contrast=\"auto\"><span class=\"NormalTextRun SCXW35381528 BCX0\">apoiaram <\/span><span class=\"NormalTextRun SCXW35381528 BCX0\">Silva<\/span><\/span><span class=\"LineBreakBlob BlobObject DragDrop SCXW35381528 BCX0\"><span class=\"SCXW35381528 BCX0\">\u00a0<\/span><br class=\"SCXW35381528 BCX0\"\/><\/span><span class=\"TextRun SCXW35381528 BCX0\" lang=\"PT-BR\" xml:lang=\"PT-BR\" data-contrast=\"auto\"><span class=\"NormalTextRun SCXW35381528 BCX0\">\u2013 <\/span><span class=\"NormalTextRun SCXW35381528 BCX0\">Paulo Modas <\/span><span class=\"NormalTextRun SCXW35381528 BCX0\">(<\/span><span class=\"NormalTextRun SCXW35381528 BCX0\">PSD<\/span><span class=\"NormalTextRun SCXW35381528 BCX0\">)<\/span> <\/span><span class=\"LineBreakBlob BlobObject DragDrop SCXW35381528 BCX0\"><span class=\"SCXW35381528 BCX0\">\u00a0<\/span><br class=\"SCXW35381528 BCX0\"\/><\/span><span class=\"TextRun SCXW35381528 BCX0\" lang=\"PT-BR\" xml:lang=\"PT-BR\" data-contrast=\"auto\"><span class=\"NormalTextRun SCXW35381528 BCX0\">\u2013 <\/span><span class=\"NormalTextRun SCXW35381528 BCX0\">Jean <\/span><span class=\"NormalTextRun SpellingErrorV2Themed SCXW35381528 BCX0\">Coraucci<\/span> <span class=\"NormalTextRun SCXW35381528 BCX0\">(<\/span><span class=\"NormalTextRun SCXW35381528 BCX0\">PSD<\/span><span class=\"NormalTextRun SCXW35381528 BCX0\">)<\/span><\/span><span class=\"LineBreakBlob BlobObject DragDrop SCXW35381528 BCX0\"><span class=\"SCXW35381528 BCX0\">\u00a0<\/span><br class=\"SCXW35381528 BCX0\"\/><\/span><span class=\"TextRun SCXW35381528 BCX0\" lang=\"PT-BR\" xml:lang=\"PT-BR\" data-contrast=\"auto\"><span class=\"NormalTextRun SCXW35381528 BCX0\">\u2013 <\/span><span class=\"NormalTextRun SCXW35381528 BCX0\">Rangel <\/span><span class=\"NormalTextRun SpellingErrorV2Themed SCXW35381528 BCX0\">Scandiuzzi<\/span> <span class=\"NormalTextRun SCXW35381528 BCX0\">(<\/span><span class=\"NormalTextRun SCXW35381528 BCX0\">PSD<\/span><span class=\"NormalTextRun SCXW35381528 BCX0\">)<\/span><\/span><span class=\"LineBreakBlob BlobObject DragDrop SCXW35381528 BCX0\"><span class=\"SCXW35381528 BCX0\">\u00a0<\/span><br class=\"SCXW35381528 BCX0\"\/><\/span><span class=\"TextRun SCXW35381528 BCX0\" lang=\"PT-BR\" xml:lang=\"PT-BR\" data-contrast=\"auto\"><span class=\"NormalTextRun SCXW35381528 BCX0\">\u2013 <\/span><span class=\"NormalTextRun SCXW35381528 BCX0\">Danilo <\/span><span class=\"NormalTextRun SpellingErrorV2Themed SCXW35381528 BCX0\">Scochi<\/span> <span class=\"NormalTextRun SCXW35381528 BCX0\">(<\/span><span class=\"NormalTextRun SCXW35381528 BCX0\">MDB<\/span><span class=\"NormalTextRun SCXW35381528 BCX0\">)<\/span> <\/span><span class=\"LineBreakBlob BlobObject DragDrop SCXW35381528 BCX0\"><span class=\"SCXW35381528 BCX0\">\u00a0<\/span><br class=\"SCXW35381528 BCX0\"\/><\/span><span class=\"TextRun SCXW35381528 BCX0\" lang=\"PT-BR\" xml:lang=\"PT-BR\" data-contrast=\"auto\"><span class=\"NormalTextRun SCXW35381528 BCX0\">\u2013 <\/span><span class=\"NormalTextRun SCXW35381528 BCX0\">Igor Oliveira <\/span><span class=\"NormalTextRun SCXW35381528 BCX0\">(<\/span><span class=\"NormalTextRun SCXW35381528 BCX0\">MDB<\/span><span class=\"NormalTextRun SCXW35381528 BCX0\">)<\/span> <\/span><span class=\"LineBreakBlob BlobObject DragDrop SCXW35381528 BCX0\"><span class=\"SCXW35381528 BCX0\">\u00a0<\/span><br class=\"SCXW35381528 BCX0\"\/><\/span><span class=\"TextRun SCXW35381528 BCX0\" lang=\"PT-BR\" xml:lang=\"PT-BR\" data-contrast=\"auto\"><span class=\"NormalTextRun SCXW35381528 BCX0\">\u2013 <\/span><span class=\"NormalTextRun SCXW35381528 BCX0\">Roger <\/span><span class=\"NormalTextRun SCXW35381528 BCX0\">Ronan<\/span><span class=\"NormalTextRun SCXW35381528 BCX0\"> da <\/span><\/span><span class=\"LineBreakBlob BlobObject DragDrop SCXW35381528 BCX0\"><span class=\"SCXW35381528 BCX0\">\u00a0<\/span><\/span><span class=\"TextRun SCXW35381528 BCX0\" lang=\"PT-BR\" xml:lang=\"PT-BR\" data-contrast=\"auto\"><span class=\"NormalTextRun SCXW35381528 BCX0\">Silva (<\/span><span class=\"NormalTextRun SpellingErrorV2Themed SCXW35381528 BCX0\">Bigodini<\/span><span class=\"NormalTextRun SCXW35381528 BCX0\">, <\/span><span class=\"NormalTextRun SCXW35381528 BCX0\">MDB<\/span><span class=\"NormalTextRun SCXW35381528 BCX0\">)<\/span> <\/span><span class=\"LineBreakBlob BlobObject DragDrop SCXW35381528 BCX0\"><span class=\"SCXW35381528 BCX0\">\u00a0<\/span><br class=\"SCXW35381528 BCX0\"\/><\/span><span class=\"TextRun SCXW35381528 BCX0\" lang=\"PT-BR\" xml:lang=\"PT-BR\" data-contrast=\"auto\"><span class=\"NormalTextRun SCXW35381528 BCX0\">\u2013 <\/span><span class=\"NormalTextRun SCXW35381528 BCX0\">Delegado Martinez <\/span><span class=\"NormalTextRun SCXW35381528 BCX0\">(<\/span><span class=\"NormalTextRun SCXW35381528 BCX0\">MDB<\/span><span class=\"NormalTextRun SCXW35381528 BCX0\">)<\/span> <\/span><span class=\"LineBreakBlob BlobObject DragDrop SCXW35381528 BCX0\"><span class=\"SCXW35381528 BCX0\">\u00a0<\/span><br class=\"SCXW35381528 BCX0\"\/><\/span><span class=\"TextRun SCXW35381528 BCX0\" lang=\"PT-BR\" xml:lang=\"PT-BR\" data-contrast=\"auto\"><span class=\"NormalTextRun SCXW35381528 BCX0\">\u2013 <\/span><span class=\"NormalTextRun SCXW35381528 BCX0\">Matheus Moreno<\/span><span class=\"NormalTextRun SCXW35381528 BCX0\"> (<\/span><span class=\"NormalTextRun SCXW35381528 BCX0\">MDB<\/span><span class=\"NormalTextRun SCXW35381528 BCX0\">)<\/span> <\/span><span class=\"LineBreakBlob BlobObject DragDrop SCXW35381528 BCX0\"><span class=\"SCXW35381528 BCX0\">\u00a0<\/span><br class=\"SCXW35381528 BCX0\"\/><\/span><span class=\"TextRun SCXW35381528 BCX0\" lang=\"PT-BR\" xml:lang=\"PT-BR\" data-contrast=\"auto\"><span class=\"NormalTextRun SCXW35381528 BCX0\">\u2013 <\/span><span class=\"NormalTextRun SCXW35381528 BCX0\">Isaac Antunes <\/span><span class=\"NormalTextRun SCXW35381528 BCX0\">(<\/span><span class=\"NormalTextRun SCXW35381528 BCX0\">PL<\/span><span class=\"NormalTextRun SCXW35381528 BCX0\">)<\/span><\/span><span class=\"LineBreakBlob BlobObject DragDrop SCXW35381528 BCX0\"><span class=\"SCXW35381528 BCX0\">\u00a0<\/span><br class=\"SCXW35381528 BCX0\"\/><\/span><span class=\"TextRun SCXW35381528 BCX0\" lang=\"PT-BR\" xml:lang=\"PT-BR\" data-contrast=\"auto\"><span class=\"NormalTextRun SCXW35381528 BCX0\">\u2013 <\/span><span class=\"NormalTextRun SCXW35381528 BCX0\">Lincoln Fernandes <\/span><span class=\"NormalTextRun SCXW35381528 BCX0\">(<\/span><span class=\"NormalTextRun SCXW35381528 BCX0\"> PL<\/span><span class=\"NormalTextRun SCXW35381528 BCX0\">)<\/span><\/span><span class=\"LineBreakBlob BlobObject DragDrop SCXW35381528 BCX0\"><span class=\"SCXW35381528 BCX0\">\u00a0<\/span><br class=\"SCXW35381528 BCX0\"\/><\/span><span class=\"TextRun SCXW35381528 BCX0\" lang=\"PT-BR\" xml:lang=\"PT-BR\" data-contrast=\"auto\"><span class=\"NormalTextRun SCXW35381528 BCX0\">\u2013 <\/span><span class=\"NormalTextRun SCXW35381528 BCX0\">Ant\u00f4nio Baptista Lopes <\/span><\/span><span class=\"LineBreakBlob BlobObject DragDrop SCXW35381528 BCX0\"><span class=\"SCXW35381528 BCX0\">\u00a0<\/span><\/span><span class=\"TextRun SCXW35381528 BCX0\" lang=\"PT-BR\" xml:lang=\"PT-BR\" data-contrast=\"auto\"><span class=\"NormalTextRun SCXW35381528 BCX0\">Junior (<\/span><span class=\"NormalTextRun SCXW35381528 BCX0\">Junin<\/span> <span class=\"NormalTextRun SpellingErrorV2Themed SCXW35381528 BCX0\">D\u00ead\u00ea<\/span><span class=\"NormalTextRun SCXW35381528 BCX0\">, <\/span><span class=\"NormalTextRun SCXW35381528 BCX0\">PL<\/span><span class=\"NormalTextRun SCXW35381528 BCX0\">)<\/span><\/span><span class=\"LineBreakBlob BlobObject DragDrop SCXW35381528 BCX0\"><span class=\"SCXW35381528 BCX0\">\u00a0<\/span><br class=\"SCXW35381528 BCX0\"\/><\/span><span class=\"TextRun SCXW35381528 BCX0\" lang=\"PT-BR\" xml:lang=\"PT-BR\" data-contrast=\"auto\"><span class=\"NormalTextRun SCXW35381528 BCX0\">\u2013 <\/span><span class=\"NormalTextRun SCXW35381528 BCX0\">Daniel Vieira Rodrigues <\/span><\/span><span class=\"LineBreakBlob BlobObject DragDrop SCXW35381528 BCX0\"><span class=\"SCXW35381528 BCX0\">\u00a0<\/span><\/span><span class=\"TextRun SCXW35381528 BCX0\" lang=\"PT-BR\" xml:lang=\"PT-BR\" data-contrast=\"auto\"><span class=\"NormalTextRun SCXW35381528 BCX0\">(Daniel do <\/span><span class=\"NormalTextRun SCXW35381528 BCX0\">Bus\u00e3o<\/span><span class=\"NormalTextRun SCXW35381528 BCX0\">, <\/span><span class=\"NormalTextRun SCXW35381528 BCX0\">PL<\/span><span class=\"NormalTextRun SCXW35381528 BCX0\">)<\/span><\/span><span class=\"LineBreakBlob BlobObject DragDrop SCXW35381528 BCX0\"><span class=\"SCXW35381528 BCX0\">\u00a0<\/span><br class=\"SCXW35381528 BCX0\"\/><\/span><span class=\"TextRun SCXW35381528 BCX0\" lang=\"PT-BR\" xml:lang=\"PT-BR\" data-contrast=\"auto\"><span class=\"NormalTextRun SCXW35381528 BCX0\">\u2013 <\/span><span class=\"NormalTextRun SCXW35381528 BCX0\">Brando Veiga <\/span><\/span><span class=\"LineBreakBlob BlobObject DragDrop SCXW35381528 BCX0\"><span class=\"SCXW35381528 BCX0\">\u00a0<\/span><\/span><span class=\"TextRun SCXW35381528 BCX0\" lang=\"PT-BR\" xml:lang=\"PT-BR\" data-contrast=\"auto\"><span class=\"NormalTextRun SCXW35381528 BCX0\">(<\/span><span class=\"NormalTextRun SCXW35381528 BCX0\">Republicanos<\/span><span class=\"NormalTextRun SCXW35381528 BCX0\">)<\/span> <\/span><span class=\"LineBreakBlob BlobObject DragDrop SCXW35381528 BCX0\"><span class=\"SCXW35381528 BCX0\">\u00a0<\/span><br class=\"SCXW35381528 BCX0\"\/><\/span><span class=\"TextRun SCXW35381528 BCX0\" lang=\"PT-BR\" xml:lang=\"PT-BR\" data-contrast=\"auto\"><span class=\"NormalTextRun SCXW35381528 BCX0\">\u2013 <\/span><span class=\"NormalTextRun SCXW35381528 BCX0\">Franco Ferro <\/span><span class=\"NormalTextRun SCXW35381528 BCX0\">(PP)<\/span> <\/span><span class=\"LineBreakBlob BlobObject DragDrop SCXW35381528 BCX0\"><span class=\"SCXW35381528 BCX0\">\u00a0<\/span><br class=\"SCXW35381528 BCX0\"\/><\/span><span class=\"TextRun SCXW35381528 BCX0\" lang=\"PT-BR\" xml:lang=\"PT-BR\" data-contrast=\"auto\"><span class=\"NormalTextRun SCXW35381528 BCX0\">\u2013 <\/span><span class=\"NormalTextRun SCXW35381528 BCX0\">Daniel <\/span><span class=\"NormalTextRun SCXW35381528 BCX0\">Gobbi<\/span> <span class=\"NormalTextRun SCXW35381528 BCX0\">(PP)<\/span> <\/span><span class=\"LineBreakBlob BlobObject DragDrop SCXW35381528 BCX0\"><span class=\"SCXW35381528 BCX0\">\u00a0<\/span><br class=\"SCXW35381528 BCX0\"\/><\/span><\/p>\n<p><span class=\"TextRun SCXW35381528 BCX0\" lang=\"PT-BR\" xml:lang=\"PT-BR\" data-contrast=\"auto\"><span class=\"NormalTextRun SCXW35381528 BCX0\">Vereadores que n\u00e3o <\/span><\/span><span class=\"TextRun SCXW35381528 BCX0\" lang=\"PT-BR\" xml:lang=\"PT-BR\" data-contrast=\"auto\"><span class=\"NormalTextRun SCXW35381528 BCX0\">apoiaram\u00a0 Silva<\/span><\/span><span class=\"LineBreakBlob BlobObject DragDrop SCXW35381528 BCX0\"><span class=\"SCXW35381528 BCX0\">\u00a0<\/span><br class=\"SCXW35381528 BCX0\"\/><\/span><span class=\"TextRun SCXW35381528 BCX0\" lang=\"PT-BR\" xml:lang=\"PT-BR\" data-contrast=\"auto\"><span class=\"NormalTextRun SCXW35381528 BCX0\">\u2013 <\/span><span class=\"NormalTextRun SCXW35381528 BCX0\">Duda <\/span><span class=\"NormalTextRun SCXW35381528 BCX0\">Hidalgo<\/span> <span class=\"NormalTextRun SCXW35381528 BCX0\">(<\/span><span class=\"NormalTextRun SCXW35381528 BCX0\">PT<\/span><span class=\"NormalTextRun SCXW35381528 BCX0\">) <\/span><\/span><span class=\"LineBreakBlob BlobObject DragDrop SCXW35381528 BCX0\"><span class=\"SCXW35381528 BCX0\">\u00a0<\/span><br class=\"SCXW35381528 BCX0\"\/><\/span><span class=\"TextRun SCXW35381528 BCX0\" lang=\"PT-BR\" xml:lang=\"PT-BR\" data-contrast=\"auto\"><span class=\"NormalTextRun SCXW35381528 BCX0\">\u2013 <\/span><span class=\"NormalTextRun SCXW35381528 BCX0\">Perla<\/span><span class=\"NormalTextRun SCXW35381528 BCX0\"> M\u00fcller <\/span><span class=\"NormalTextRun SCXW35381528 BCX0\">(<\/span><span class=\"NormalTextRun SCXW35381528 BCX0\">PT<\/span><span class=\"NormalTextRun SCXW35381528 BCX0\">)<\/span><\/span><span class=\"LineBreakBlob BlobObject DragDrop SCXW35381528 BCX0\"><span class=\"SCXW35381528 BCX0\">\u00a0<\/span><br class=\"SCXW35381528 BCX0\"\/><\/span><span class=\"TextRun SCXW35381528 BCX0\" lang=\"PT-BR\" xml:lang=\"PT-BR\" data-contrast=\"auto\"><span class=\"NormalTextRun SCXW35381528 BCX0\">\u2013 <\/span><span class=\"NormalTextRun SpellingErrorV2Themed SCXW35381528 BCX0\">Judeti<\/span> <span class=\"NormalTextRun SCXW35381528 BCX0\">Zilli<\/span><span class=\"NormalTextRun SCXW35381528 BCX0\"> (<\/span><span class=\"NormalTextRun SCXW35381528 BCX0\">PT<\/span><span class=\"NormalTextRun SCXW35381528 BCX0\">)<\/span><\/span><span class=\"LineBreakBlob BlobObject DragDrop SCXW35381528 BCX0\"><span class=\"SCXW35381528 BCX0\">\u00a0<\/span><br class=\"SCXW35381528 BCX0\"\/><\/span><span class=\"TextRun SCXW35381528 BCX0\" lang=\"PT-BR\" xml:lang=\"PT-BR\" data-contrast=\"auto\"><span class=\"NormalTextRun SCXW35381528 BCX0\">\u2013 <\/span><span class=\"NormalTextRun SCXW35381528 BCX0\">Andr\u00e9 <\/span><span class=\"NormalTextRun SpellingErrorV2Themed SCXW35381528 BCX0\">Rodini<\/span> <span class=\"NormalTextRun SCXW35381528 BCX0\">(<\/span><span class=\"NormalTextRun SCXW35381528 BCX0\">Novo<\/span><span class=\"NormalTextRun SCXW35381528 BCX0\">) <\/span><\/span><span class=\"LineBreakBlob BlobObject DragDrop SCXW35381528 BCX0\"><span class=\"SCXW35381528 BCX0\">\u00a0<\/span><br class=\"SCXW35381528 BCX0\"\/><\/span><span class=\"TextRun SCXW35381528 BCX0\" lang=\"PT-BR\" xml:lang=\"PT-BR\" data-contrast=\"auto\"><span class=\"NormalTextRun SCXW35381528 BCX0\">\u2013 <\/span><span class=\"NormalTextRun SCXW35381528 BCX0\">Mauricio Gasparini <\/span><\/span><span class=\"LineBreakBlob BlobObject DragDrop SCXW35381528 BCX0\"><span class=\"SCXW35381528 BCX0\">\u00a0<\/span><\/span><span class=\"TextRun SCXW35381528 BCX0\" lang=\"PT-BR\" xml:lang=\"PT-BR\" data-contrast=\"auto\"><span class=\"NormalTextRun SCXW35381528 BCX0\">(<\/span><span class=\"NormalTextRun SCXW35381528 BCX0\">Uni\u00e3o Brasil<\/span><span class=\"NormalTextRun SCXW35381528 BCX0\">)<\/span><\/span><span class=\"LineBreakBlob BlobObject DragDrop SCXW35381528 BCX0\"><span class=\"SCXW35381528 BCX0\">\u00a0<\/span><br class=\"SCXW35381528 BCX0\"\/><\/span><span class=\"TextRun SCXW35381528 BCX0\" lang=\"PT-BR\" xml:lang=\"PT-BR\" data-contrast=\"auto\"><span class=\"NormalTextRun SCXW35381528 BCX0\">\u2013 <\/span><span class=\"NormalTextRun SCXW35381528 BCX0\">Di\u00e1cono Ramos <\/span><\/span><span class=\"LineBreakBlob BlobObject DragDrop SCXW35381528 BCX0\"><span class=\"SCXW35381528 BCX0\">\u00a0<\/span><\/span><span class=\"TextRun SCXW35381528 BCX0\" lang=\"PT-BR\" xml:lang=\"PT-BR\" data-contrast=\"auto\"><span class=\"NormalTextRun SCXW35381528 BCX0\">(<\/span><span class=\"NormalTextRun SCXW35381528 BCX0\">Uni\u00e3o Brasil<\/span><span class=\"NormalTextRun SCXW35381528 BCX0\">)<\/span><\/span><span class=\"LineBreakBlob BlobObject DragDrop SCXW35381528 BCX0\"><span class=\"SCXW35381528 BCX0\">\u00a0<\/span><br class=\"SCXW35381528 BCX0\"\/><\/span><span class=\"TextRun SCXW35381528 BCX0\" lang=\"PT-BR\" xml:lang=\"PT-BR\" data-contrast=\"auto\"><span class=\"NormalTextRun SCXW35381528 BCX0\">\u2013 <\/span><span class=\"NormalTextRun SCXW35381528 BCX0\">Mauricio Vila <\/span><\/span><span class=\"LineBreakBlob BlobObject DragDrop SCXW35381528 BCX0\"><span class=\"SCXW35381528 BCX0\">\u00a0<\/span><\/span><span class=\"TextRun SCXW35381528 BCX0\" lang=\"PT-BR\" xml:lang=\"PT-BR\" data-contrast=\"auto\"><span class=\"NormalTextRun SCXW35381528 BCX0\">Abranches<\/span> <span class=\"NormalTextRun SCXW35381528 BCX0\">(<\/span><span class=\"NormalTextRun SCXW35381528 BCX0\">PSDB<\/span><span class=\"NormalTextRun SCXW35381528 BCX0\">)<\/span><\/span><span class=\"EOP SCXW35381528 BCX0\" data-ccp-props=\"{}\">\u00a0<\/span><\/p>\n<\/div>\n<p><br \/>\n<br \/><a href=\"https:\/\/www.tribunaribeirao.com.br\/ricardo-silva-tera-maioria-na-camara\/\">Source link <\/a><\/p>\n<div class='code-block code-block-4' style='margin: 8px auto 8px 0; text-align: left; display: block; clear: both;'>\n\ud83d\udce2 Aviso Legal\n\nO site ismaelcolosi.com.br atua apenas como um canal de divulga\u00e7\u00e3o de oportunidades de emprego e n\u00e3o se responsabiliza pelo processo seletivo, contrata\u00e7\u00e3o ou qualquer outra etapa relacionada \u00e0s vagas publicadas. Todas as informa\u00e7\u00f5es s\u00e3o de responsabilidade dos anunciantes.\n\n\u26a0\ufe0f Aten\u00e7\u00e3o! Nunca pague por promessas de emprego nem compre cursos que garantam contrata\u00e7\u00e3o. Desconfie de qualquer cobran\u00e7a para participar de sele\u00e7\u00f5es.\n\n\n\n<\/div>\n<!-- CONTENT END 1 -->\n","protected":false},"excerpt":{"rendered":"<p>O atual deputado federal Ricardo Silva (PSD), de 39 anos, ser\u00e1 o prefeito de Ribeir\u00e3o Preto a partir de 1\u00ba de janeiro de 2025 e&#8230;<\/p>\n","protected":false},"author":1,"featured_media":74069,"comment_status":"open","ping_status":"open","sticky":false,"template":"","format":"standard","meta":{"_uag_custom_page_level_css":"","advanced_seo_description":"","jetpack_seo_html_title":"","jetpack_seo_noindex":false,"jetpack_post_was_ever_published":false,"_jetpack_newsletter_access":"","_jetpack_dont_email_post_to_subs":false,"_jetpack_newsletter_tier_id":0,"_jetpack_memberships_contains_paywalled_content":false,"_jetpack_memberships_contains_paid_content":false,"footnotes":"","jetpack_publicize_message":"","jetpack_publicize_feature_enabled":true,"jetpack_social_post_already_shared":true,"jetpack_social_options":{"image_generator_settings":{"template":"highway","default_image_id":0,"font":"","enabled":false},"version":2}},"categories":[11],"tags":[],"class_list":["post-74068","post","type-post","status-publish","format-standard","has-post-thumbnail","hentry","category-noticias-de-ribeirao-preto-sp-e-regiao-ismael-colosi"],"jetpack_publicize_connections":[],"jetpack_featured_media_url":"https:\/\/i0.wp.com\/ismaelcolosi.com.br\/wp-content\/uploads\/2024\/10\/EleicaoCAM-Silvia-Morais-Camara-scaled.jpg?fit=800%2C413&ssl=1","uagb_featured_image_src":{"full":["https:\/\/i0.wp.com\/ismaelcolosi.com.br\/wp-content\/uploads\/2024\/10\/EleicaoCAM-Silvia-Morais-Camara-scaled.jpg?fit=800%2C413&ssl=1",800,413,false],"thumbnail":["https:\/\/i0.wp.com\/ismaelcolosi.com.br\/wp-content\/uploads\/2024\/10\/EleicaoCAM-Silvia-Morais-Camara-scaled.jpg?resize=150%2C150&ssl=1",150,150,true],"medium":["https:\/\/i0.wp.com\/ismaelcolosi.com.br\/wp-content\/uploads\/2024\/10\/EleicaoCAM-Silvia-Morais-Camara-scaled.jpg?fit=300%2C155&ssl=1",300,155,true],"medium_large":["https:\/\/i0.wp.com\/ismaelcolosi.com.br\/wp-content\/uploads\/2024\/10\/EleicaoCAM-Silvia-Morais-Camara-scaled.jpg?fit=768%2C396&ssl=1",768,396,true],"large":["https:\/\/i0.wp.com\/ismaelcolosi.com.br\/wp-content\/uploads\/2024\/10\/EleicaoCAM-Silvia-Morais-Camara-scaled.jpg?fit=800%2C413&ssl=1",800,413,true],"1536x1536":["https:\/\/i0.wp.com\/ismaelcolosi.com.br\/wp-content\/uploads\/2024\/10\/EleicaoCAM-Silvia-Morais-Camara-scaled.jpg?fit=800%2C413&ssl=1",800,413,true],"2048x2048":["https:\/\/i0.wp.com\/ismaelcolosi.com.br\/wp-content\/uploads\/2024\/10\/EleicaoCAM-Silvia-Morais-Camara-scaled.jpg?fit=800%2C413&ssl=1",800,413,true],"really-simple-thumb":["https:\/\/i0.wp.com\/ismaelcolosi.com.br\/wp-content\/uploads\/2024\/10\/EleicaoCAM-Silvia-Morais-Camara-scaled.jpg?resize=370%2C247&ssl=1",370,247,true]},"uagb_author_info":{"display_name":"ismaelcolosi.com.br","author_link":"https:\/\/ismaelcolosi.com.br\/index.php\/author\/vidareal-online\/"},"uagb_comment_info":0,"uagb_excerpt":"O atual deputado federal Ricardo Silva (PSD), de 39 anos, ser\u00e1 o prefeito de Ribeir\u00e3o Preto a partir de 1\u00ba de janeiro de 2025 e...","jetpack-related-posts":[{"id":73564,"url":"https:\/\/ismaelcolosi.com.br\/index.php\/2024\/10\/27\/ricardo-silva-passa-marco-aurelio-na-apuracao-dos-votos-em-ribeirao-preto\/","url_meta":{"origin":74068,"position":0},"title":"Ricardo Silva passa Marco Aur\u00e9lio na apura\u00e7\u00e3o dos votos em Ribeir\u00e3o Preto","author":"ismaelcolosi.com.br","date":"27 de October de 2024","format":false,"excerpt":"Com 33,85% das urnas apuradas, Ricardo Silva (PSD) ultrapassou Marco Aur\u00e9lio (Novo) na apura\u00e7\u00e3o dos votos em Ribeir\u00e3o Preto. A apura\u00e7\u00e3o em tempo real voc\u00ea acompanha no acidade on Ribeir\u00e3o \u2013 clique aqui. Ricardo Silva aparece com 50,29% dos votos e Marco Aur\u00e9lio com 49,71%. O post Ricardo Silva passa\u2026","rel":"","context":"In &quot;Not\u00edcias de Ribeir\u00e3o Preto-SP e Regi\u00e3o&quot;","block_context":{"text":"Not\u00edcias de Ribeir\u00e3o Preto-SP e Regi\u00e3o","link":"https:\/\/ismaelcolosi.com.br\/index.php\/category\/noticias-de-ribeirao-preto-sp-e-regiao-ismael-colosi\/"},"img":{"alt_text":"","src":"https:\/\/i0.wp.com\/ismaelcolosi.com.br\/wp-content\/uploads\/2024\/10\/Copia-de-Copia-de-Copia-de-TAMANHO-EXATO-PARA-FOTOS-NO-SISTEMA-NOVO-95_2024-10-06_22-19-13_png_2024-10-06_22-19-13.webp.webp?fit=1200%2C675&ssl=1&resize=350%2C200","width":350,"height":200,"srcset":"https:\/\/i0.wp.com\/ismaelcolosi.com.br\/wp-content\/uploads\/2024\/10\/Copia-de-Copia-de-Copia-de-TAMANHO-EXATO-PARA-FOTOS-NO-SISTEMA-NOVO-95_2024-10-06_22-19-13_png_2024-10-06_22-19-13.webp.webp?fit=1200%2C675&ssl=1&resize=350%2C200 1x, https:\/\/i0.wp.com\/ismaelcolosi.com.br\/wp-content\/uploads\/2024\/10\/Copia-de-Copia-de-Copia-de-TAMANHO-EXATO-PARA-FOTOS-NO-SISTEMA-NOVO-95_2024-10-06_22-19-13_png_2024-10-06_22-19-13.webp.webp?fit=1200%2C675&ssl=1&resize=525%2C300 1.5x, https:\/\/i0.wp.com\/ismaelcolosi.com.br\/wp-content\/uploads\/2024\/10\/Copia-de-Copia-de-Copia-de-TAMANHO-EXATO-PARA-FOTOS-NO-SISTEMA-NOVO-95_2024-10-06_22-19-13_png_2024-10-06_22-19-13.webp.webp?fit=1200%2C675&ssl=1&resize=700%2C400 2x, https:\/\/i0.wp.com\/ismaelcolosi.com.br\/wp-content\/uploads\/2024\/10\/Copia-de-Copia-de-Copia-de-TAMANHO-EXATO-PARA-FOTOS-NO-SISTEMA-NOVO-95_2024-10-06_22-19-13_png_2024-10-06_22-19-13.webp.webp?fit=1200%2C675&ssl=1&resize=1050%2C600 3x"},"classes":[]},{"id":73578,"url":"https:\/\/ismaelcolosi.com.br\/index.php\/2024\/10\/27\/perfil-saiba-quem-e-ricardo-silva-o-novo-prefeito-de-ribeirao-preto\/","url_meta":{"origin":74068,"position":1},"title":"Perfil: Saiba quem \u00e9 Ricardo Silva, o novo prefeito de Ribeir\u00e3o Preto","author":"ismaelcolosi.com.br","date":"27 de October de 2024","format":false,"excerpt":"Ricardo Silva (PSD)\u00a0recebeu 50,13% dos votos e foi eleito no novo prefeito de Ribeir\u00e3o Preto na noite deste domingo (27). Ele venceu Marco Aur\u00e9lio (Novo) no segundo turno. Quem \u00e9 Ricardo Silva? Ricardo Silva tem 39 anos, \u00e9 casado, pai da Helena, graduado em Direito, advogado, e tamb\u00e9m formado em\u2026","rel":"","context":"In &quot;Not\u00edcias de Ribeir\u00e3o Preto-SP e Regi\u00e3o&quot;","block_context":{"text":"Not\u00edcias de Ribeir\u00e3o Preto-SP e Regi\u00e3o","link":"https:\/\/ismaelcolosi.com.br\/index.php\/category\/noticias-de-ribeirao-preto-sp-e-regiao-ismael-colosi\/"},"img":{"alt_text":"","src":"https:\/\/i0.wp.com\/ismaelcolosi.com.br\/wp-content\/uploads\/2024\/09\/ricardo-silva-1_2024-09-19_21-15-11_jpg_2024-09-19_21-15-11.webp.webp?fit=1200%2C739&ssl=1&resize=350%2C200","width":350,"height":200,"srcset":"https:\/\/i0.wp.com\/ismaelcolosi.com.br\/wp-content\/uploads\/2024\/09\/ricardo-silva-1_2024-09-19_21-15-11_jpg_2024-09-19_21-15-11.webp.webp?fit=1200%2C739&ssl=1&resize=350%2C200 1x, https:\/\/i0.wp.com\/ismaelcolosi.com.br\/wp-content\/uploads\/2024\/09\/ricardo-silva-1_2024-09-19_21-15-11_jpg_2024-09-19_21-15-11.webp.webp?fit=1200%2C739&ssl=1&resize=525%2C300 1.5x, https:\/\/i0.wp.com\/ismaelcolosi.com.br\/wp-content\/uploads\/2024\/09\/ricardo-silva-1_2024-09-19_21-15-11_jpg_2024-09-19_21-15-11.webp.webp?fit=1200%2C739&ssl=1&resize=700%2C400 2x, https:\/\/i0.wp.com\/ismaelcolosi.com.br\/wp-content\/uploads\/2024\/09\/ricardo-silva-1_2024-09-19_21-15-11_jpg_2024-09-19_21-15-11.webp.webp?fit=1200%2C739&ssl=1&resize=1050%2C600 3x"},"classes":[]},{"id":71075,"url":"https:\/\/ismaelcolosi.com.br\/index.php\/2024\/10\/14\/ao-vivo-acidade-on-ribeirao-entrevista-ricardo-silva-nesta-segunda-feira\/","url_meta":{"origin":74068,"position":2},"title":"AO VIVO: acidade on Ribeir\u00e3o entrevista Ricardo Silva nesta segunda-feira","author":"ismaelcolosi.com.br","date":"14 de October de 2024","format":false,"excerpt":"O acidade on Ribeir\u00e3o entrevista o candidato Ricardo Silva (PSD), que est\u00e1 no segundo turno das elei\u00e7\u00f5es 2024 na disputa pela Prefeitura de Ribeir\u00e3o Preto. A sabatina ser\u00e1 transmitida ao vivo no canal no YouTube do acidade on \u2013 veja o player acima \u2013 ap\u00f3s a participa\u00e7\u00e3o do candidato no\u2026","rel":"","context":"In &quot;Not\u00edcias de Ribeir\u00e3o Preto-SP e Regi\u00e3o&quot;","block_context":{"text":"Not\u00edcias de Ribeir\u00e3o Preto-SP e Regi\u00e3o","link":"https:\/\/ismaelcolosi.com.br\/index.php\/category\/noticias-de-ribeirao-preto-sp-e-regiao-ismael-colosi\/"},"img":{"alt_text":"","src":"https:\/\/i0.wp.com\/ismaelcolosi.com.br\/wp-content\/uploads\/2024\/09\/ricardo-silva_2024-09-27_14-05-41_jpg_2024-09-27_14-05-41.webp.webp?fit=1200%2C863&ssl=1&resize=350%2C200","width":350,"height":200,"srcset":"https:\/\/i0.wp.com\/ismaelcolosi.com.br\/wp-content\/uploads\/2024\/09\/ricardo-silva_2024-09-27_14-05-41_jpg_2024-09-27_14-05-41.webp.webp?fit=1200%2C863&ssl=1&resize=350%2C200 1x, https:\/\/i0.wp.com\/ismaelcolosi.com.br\/wp-content\/uploads\/2024\/09\/ricardo-silva_2024-09-27_14-05-41_jpg_2024-09-27_14-05-41.webp.webp?fit=1200%2C863&ssl=1&resize=525%2C300 1.5x, https:\/\/i0.wp.com\/ismaelcolosi.com.br\/wp-content\/uploads\/2024\/09\/ricardo-silva_2024-09-27_14-05-41_jpg_2024-09-27_14-05-41.webp.webp?fit=1200%2C863&ssl=1&resize=700%2C400 2x, https:\/\/i0.wp.com\/ismaelcolosi.com.br\/wp-content\/uploads\/2024\/09\/ricardo-silva_2024-09-27_14-05-41_jpg_2024-09-27_14-05-41.webp.webp?fit=1200%2C863&ssl=1&resize=1050%2C600 3x"},"classes":[]},{"id":73601,"url":"https:\/\/ismaelcolosi.com.br\/index.php\/2024\/10\/27\/prefeito-eleito-de-ribeirao-preto-ricardo-silva-parabeniza-votacao-de-marco-aurelio\/","url_meta":{"origin":74068,"position":3},"title":"Prefeito eleito de Ribeir\u00e3o Preto, Ricardo Silva parabeniza vota\u00e7\u00e3o de Marco Aur\u00e9lio","author":"ismaelcolosi.com.br","date":"27 de October de 2024","format":false,"excerpt":"Em discurso no comit\u00ea de campanha, o prefeito eleito de Ribeir\u00e3o Preto, Ricardo Silva (PSD), parabenizou o candidato derrotado, Marco Aur\u00e9lio (Novo). No 2\u00ba turno, disputado neste domingo (27), Ricardo Silva foi eleito com 131.421, apenas 687 votos a mais do que o advers\u00e1rio. \u201cEu quero parabeniz\u00e1-lo pela expressiva vota\u00e7\u00e3o\u2026","rel":"","context":"In &quot;Not\u00edcias de Ribeir\u00e3o Preto-SP e Regi\u00e3o&quot;","block_context":{"text":"Not\u00edcias de Ribeir\u00e3o Preto-SP e Regi\u00e3o","link":"https:\/\/ismaelcolosi.com.br\/index.php\/category\/noticias-de-ribeirao-preto-sp-e-regiao-ismael-colosi\/"},"img":{"alt_text":"","src":"https:\/\/i0.wp.com\/ismaelcolosi.com.br\/wp-content\/uploads\/2024\/10\/ricardo-silva-parabeniza_2024-10-28_00-40-00_jpg_2024-10-28_00-40-00.webp.webp?fit=1200%2C786&ssl=1&resize=350%2C200","width":350,"height":200,"srcset":"https:\/\/i0.wp.com\/ismaelcolosi.com.br\/wp-content\/uploads\/2024\/10\/ricardo-silva-parabeniza_2024-10-28_00-40-00_jpg_2024-10-28_00-40-00.webp.webp?fit=1200%2C786&ssl=1&resize=350%2C200 1x, https:\/\/i0.wp.com\/ismaelcolosi.com.br\/wp-content\/uploads\/2024\/10\/ricardo-silva-parabeniza_2024-10-28_00-40-00_jpg_2024-10-28_00-40-00.webp.webp?fit=1200%2C786&ssl=1&resize=525%2C300 1.5x, https:\/\/i0.wp.com\/ismaelcolosi.com.br\/wp-content\/uploads\/2024\/10\/ricardo-silva-parabeniza_2024-10-28_00-40-00_jpg_2024-10-28_00-40-00.webp.webp?fit=1200%2C786&ssl=1&resize=700%2C400 2x, https:\/\/i0.wp.com\/ismaelcolosi.com.br\/wp-content\/uploads\/2024\/10\/ricardo-silva-parabeniza_2024-10-28_00-40-00_jpg_2024-10-28_00-40-00.webp.webp?fit=1200%2C786&ssl=1&resize=1050%2C600 3x"},"classes":[]},{"id":69711,"url":"https:\/\/ismaelcolosi.com.br\/index.php\/2024\/10\/07\/2o-turno-em-ribeirao-preto-quero-muito-fazer-historia-diz-ricardo-silva\/","url_meta":{"origin":74068,"position":4},"title":"2\u00ba turno em Ribeir\u00e3o Preto: \u2018Quero muito fazer hist\u00f3ria\u2019, diz Ricardo Silva","author":"ismaelcolosi.com.br","date":"7 de October de 2024","format":false,"excerpt":"O candidato Ricardo Silva (PSD) disse nesta segunda-feira (7), em entrevista ao acidade on, querer \u201cfazer hist\u00f3ria\u201d em Ribeir\u00e3o Preto. Ele obteve 128.466 votos (48,44%) neste domingo (6) e est\u00e1 no segundo turno das elei\u00e7\u00f5es 2024. Assista ao v\u00eddeo abaixo. Ver essa foto no Instagram Uma publica\u00e7\u00e3o compartilhada por acidade\u2026","rel":"","context":"In &quot;Not\u00edcias de Ribeir\u00e3o Preto-SP e Regi\u00e3o&quot;","block_context":{"text":"Not\u00edcias de Ribeir\u00e3o Preto-SP e Regi\u00e3o","link":"https:\/\/ismaelcolosi.com.br\/index.php\/category\/noticias-de-ribeirao-preto-sp-e-regiao-ismael-colosi\/"},"img":{"alt_text":"","src":"https:\/\/i0.wp.com\/ismaelcolosi.com.br\/wp-content\/uploads\/2024\/10\/ricardo-silva-on_2024-10-07_17-59-54_jpg_2024-10-07_17-59-54.webp.webp?fit=1200%2C887&ssl=1&resize=350%2C200","width":350,"height":200,"srcset":"https:\/\/i0.wp.com\/ismaelcolosi.com.br\/wp-content\/uploads\/2024\/10\/ricardo-silva-on_2024-10-07_17-59-54_jpg_2024-10-07_17-59-54.webp.webp?fit=1200%2C887&ssl=1&resize=350%2C200 1x, https:\/\/i0.wp.com\/ismaelcolosi.com.br\/wp-content\/uploads\/2024\/10\/ricardo-silva-on_2024-10-07_17-59-54_jpg_2024-10-07_17-59-54.webp.webp?fit=1200%2C887&ssl=1&resize=525%2C300 1.5x, https:\/\/i0.wp.com\/ismaelcolosi.com.br\/wp-content\/uploads\/2024\/10\/ricardo-silva-on_2024-10-07_17-59-54_jpg_2024-10-07_17-59-54.webp.webp?fit=1200%2C887&ssl=1&resize=700%2C400 2x, https:\/\/i0.wp.com\/ismaelcolosi.com.br\/wp-content\/uploads\/2024\/10\/ricardo-silva-on_2024-10-07_17-59-54_jpg_2024-10-07_17-59-54.webp.webp?fit=1200%2C887&ssl=1&resize=1050%2C600 3x"},"classes":[]},{"id":66885,"url":"https:\/\/ismaelcolosi.com.br\/index.php\/2024\/09\/19\/saiba-quem-e-ricardo-silva-candidato-a-prefeito-de-ribeirao-preto\/","url_meta":{"origin":74068,"position":5},"title":"Saiba quem \u00e9 Ricardo Silva, candidato a prefeito de Ribeir\u00e3o Preto","author":"ismaelcolosi.com.br","date":"19 de September de 2024","format":false,"excerpt":"A pesquisa Quaest\/EPTV, divulgada na \u00faltima quarta-feira (19), apontou que o deputado federal Ricardo Silva (PSD), lidera as inten\u00e7\u00f5es de votos dos eleitores na disputa pela Prefeitura de Ribeir\u00e3o Preto, com 54%. A Quaest consultou 852 eleitores presencialmente entre os dias 15 e 17 de setembro. A margem de erro\u2026","rel":"","context":"In &quot;Not\u00edcias de Ribeir\u00e3o Preto-SP e Regi\u00e3o&quot;","block_context":{"text":"Not\u00edcias de Ribeir\u00e3o Preto-SP e Regi\u00e3o","link":"https:\/\/ismaelcolosi.com.br\/index.php\/category\/noticias-de-ribeirao-preto-sp-e-regiao-ismael-colosi\/"},"img":{"alt_text":"","src":"https:\/\/i0.wp.com\/ismaelcolosi.com.br\/wp-content\/uploads\/2024\/09\/ricardo-silva-1_2024-09-19_21-15-11_jpg_2024-09-19_21-15-11.webp.webp?fit=1200%2C739&ssl=1&resize=350%2C200","width":350,"height":200,"srcset":"https:\/\/i0.wp.com\/ismaelcolosi.com.br\/wp-content\/uploads\/2024\/09\/ricardo-silva-1_2024-09-19_21-15-11_jpg_2024-09-19_21-15-11.webp.webp?fit=1200%2C739&ssl=1&resize=350%2C200 1x, https:\/\/i0.wp.com\/ismaelcolosi.com.br\/wp-content\/uploads\/2024\/09\/ricardo-silva-1_2024-09-19_21-15-11_jpg_2024-09-19_21-15-11.webp.webp?fit=1200%2C739&ssl=1&resize=525%2C300 1.5x, https:\/\/i0.wp.com\/ismaelcolosi.com.br\/wp-content\/uploads\/2024\/09\/ricardo-silva-1_2024-09-19_21-15-11_jpg_2024-09-19_21-15-11.webp.webp?fit=1200%2C739&ssl=1&resize=700%2C400 2x, https:\/\/i0.wp.com\/ismaelcolosi.com.br\/wp-content\/uploads\/2024\/09\/ricardo-silva-1_2024-09-19_21-15-11_jpg_2024-09-19_21-15-11.webp.webp?fit=1200%2C739&ssl=1&resize=1050%2C600 3x"},"classes":[]}],"jetpack_sharing_enabled":true,"jetpack_shortlink":"https:\/\/wp.me\/pfMlyK-jgE","_links":{"self":[{"href":"https:\/\/ismaelcolosi.com.br\/index.php\/wp-json\/wp\/v2\/posts\/74068","targetHints":{"allow":["GET"]}}],"collection":[{"href":"https:\/\/ismaelcolosi.com.br\/index.php\/wp-json\/wp\/v2\/posts"}],"about":[{"href":"https:\/\/ismaelcolosi.com.br\/index.php\/wp-json\/wp\/v2\/types\/post"}],"author":[{"embeddable":true,"href":"https:\/\/ismaelcolosi.com.br\/index.php\/wp-json\/wp\/v2\/users\/1"}],"replies":[{"embeddable":true,"href":"https:\/\/ismaelcolosi.com.br\/index.php\/wp-json\/wp\/v2\/comments?post=74068"}],"version-history":[{"count":0,"href":"https:\/\/ismaelcolosi.com.br\/index.php\/wp-json\/wp\/v2\/posts\/74068\/revisions"}],"wp:featuredmedia":[{"embeddable":true,"href":"https:\/\/ismaelcolosi.com.br\/index.php\/wp-json\/wp\/v2\/media\/74069"}],"wp:attachment":[{"href":"https:\/\/ismaelcolosi.com.br\/index.php\/wp-json\/wp\/v2\/media?parent=74068"}],"wp:term":[{"taxonomy":"category","embeddable":true,"href":"https:\/\/ismaelcolosi.com.br\/index.php\/wp-json\/wp\/v2\/categories?post=74068"},{"taxonomy":"post_tag","embeddable":true,"href":"https:\/\/ismaelcolosi.com.br\/index.php\/wp-json\/wp\/v2\/tags?post=74068"}],"curies":[{"name":"wp","href":"https:\/\/api.w.org\/{rel}","templated":true}]}}