{"id":74066,"date":"2024-10-29T19:57:37","date_gmt":"2024-10-29T22:57:37","guid":{"rendered":"https:\/\/ismaelcolosi.com.br\/index.php\/2024\/10\/29\/projeto-cultural-abre-mais-de-400-vagas-para-novas-turmas-de-cursos-de-artes\/"},"modified":"2024-10-29T19:57:37","modified_gmt":"2024-10-29T22:57:37","slug":"projeto-cultural-abre-mais-de-400-vagas-para-novas-turmas-de-cursos-de-artes","status":"publish","type":"post","link":"https:\/\/ismaelcolosi.com.br\/index.php\/2024\/10\/29\/projeto-cultural-abre-mais-de-400-vagas-para-novas-turmas-de-cursos-de-artes\/","title":{"rendered":"Projeto cultural abre mais de 400 vagas para novas turmas de cursos de artes"},"content":{"rendered":"<p> <br \/>\n<\/p>\n<div>\n<p>Est\u00e3o abertas as inscri\u00e7\u00f5es para as novas turmas dos cursos de circo, teatro, viol\u00e3o, dan\u00e7as urbanas e pr\u00e1tica instrumental em conjunto, oferecidas pelo projeto cultural Tocando e Encantando. Em sua 10\u00aa edi\u00e7\u00e3o, o projeto oferece mais de 440 vagas, todas gratuitas, para crian\u00e7as e adolescentes com idade entre seis e 17 anos. As inscri\u00e7\u00f5es s\u00e3o feitas diretamente nos locais onde os cursos s\u00e3o oferecidos.<\/p>\n<p>No Centro Cultural Palace, na regi\u00e3o central da cidade, acontecem as aulas de dan\u00e7as urbanas, com coordena\u00e7\u00e3o do professor Natanael Alves, do Studium Carla Petroni. H\u00e1 turmas nos per\u00edodos da manh\u00e3 e tarde. Nas par\u00f3quias Bom Pastor, no Jardim Zara; e S\u00e3o Mateus, no Quintino Facci 1, s\u00e3o realizadas as aulas de viol\u00e3o e de pr\u00e1tica em conjunto, com os professores Victor Daniel e Patr\u00edcia Oliveira. Podem se inscrever crian\u00e7as a partir de oito anos.<\/p>\n<p>As aulas de circo acontecem na Associa\u00e7\u00e3o Alvorada, no Jardim do Trevo; e a as de teatro na Casa das Mangueiras, na Vila Recreio. A professora Daniella Krauss Fonzar Peres \u00e9 a respons\u00e1vel pela oficina de circo, enquanto o professor C\u00e9sar Mazari assume a de teatro.<\/p>\n<p>O projeto Tocando e Encantando tem o objetivo de promover inclus\u00e3o social por meio de atividades art\u00edstico-culturais \u00e9 patrocinado pela RTE Rodonaves por meio do ProAC (Programa de A\u00e7\u00e3o Cultural da Secretaria de Cultura, Economia e Ind\u00fastrias do Governo do Estado de S\u00e3o Paulo). A produ\u00e7\u00e3o executiva \u00e9 da Origem Produ\u00e7\u00f5es.<\/p>\n<p>\u201cO Tocando e Encantando \u00e9 um projeto que possibilitada \u00e0 comunidade local diversas modalidades art\u00edsticas voltadas a diferentes faixas et\u00e1rias. A proposta funciona como um complemento \u00e0 forma\u00e7\u00e3o escolar dos estudantes, com um contato intenso e pr\u00e1tico com a arte e a cultura, o que amplia as experi\u00eancias e o repert\u00f3rio dos participantes\u201d, comenta a coordenadora do projeto, Barbara Scatena.<\/p>\n<p>Al\u00e9m das aulas, as crian\u00e7as e adolescentes participam de uma apresenta\u00e7\u00e3o p\u00fablico no final do ano, tendo a oportunidade de mostrar aos familiares e \u00e0 comunidade o resultado do aprendizado e sua evolu\u00e7\u00e3o. As inscri\u00e7\u00f5es devem ser feitas nos dias e hor\u00e1rias de realiza\u00e7\u00e3o das oficinas e \u00e9 necess\u00e1ria a presen\u00e7a de um adulto respons\u00e1vel. Para informa\u00e7\u00f5es, o telefone \u00e9 (16) 99704-4570.<\/p>\n<p><strong>Servi\u00e7o<\/strong>: Projeto Tocando e Encantando \u2013 dias e hor\u00e1rios das oficinas<\/p>\n<p>DAN\u00c7AS URBANAS<\/p>\n<p>Local: Centro Cultural Palace (rua \u00c1lvares Cabral, 322, Centro)<\/p>\n<p>Faixa et\u00e1ria: 06 a 17 anos<\/p>\n<p>Professor respons\u00e1vel: Natanael Alves<\/p>\n<p>Turma 1: ter\u00e7a-feira, 15h30 \u00e0s 17h<\/p>\n<p>Turma 2: ter\u00e7a-feira, 17h \u00e0s 18h30<\/p>\n<p>Turma 3: quarta-feira, 9h \u00e0s 10h30<\/p>\n<p>Turma 4: 10h30 \u00e0s 12h<\/p>\n<p>\u00a0<\/p>\n<p>VIOL\u00c3O<\/p>\n<p>Local: Par\u00f3quia Bom Pastor (rua Jos\u00e9 Eliseu, 778 \u2013 Jardim Zara)<\/p>\n<p>Faixa et\u00e1ria: a partir de 08 anos<\/p>\n<p>Professores respons\u00e1veis: Victor Daniel e Patr\u00edcia Oliveira<\/p>\n<p>Turma 1: quarta-feira, 14h \u00e0s 15h<\/p>\n<p>Turma 2: quarta-feira, 15h \u00e0s 16h<\/p>\n<p>Turma 3: sexta-feira, 8h30 \u00e0s 09h30<\/p>\n<p>Turma 4: sexta-feira, 09h30 \u00e0s 10h30<\/p>\n<p>\u00a0<\/p>\n<p>VIOL\u00c3O<\/p>\n<p>Local: Par\u00f3quia S\u00e3o Mateus (rua Campinas, 3.250 \u2013 Quintino Facci 1)<\/p>\n<p>Faixa et\u00e1ria: a partir de 08 anos<\/p>\n<p>Professores respons\u00e1veis: Victor Daniel e Patr\u00edcia Oliveira<\/p>\n<p>Turma 1: S\u00e1bado, 9h \u00e0s 10h<\/p>\n<p>Turma 2: S\u00e1bado, 10h \u00e0s 11h<\/p>\n<p>\u00a0<\/p>\n<p>PR\u00c1TICA EM CONJUNTO<\/p>\n<p>Local: Par\u00f3quia S\u00e3o Mateus (rua Campinas, 3250 \u2013 Quintino Facci 1)<\/p>\n<p>Faixa et\u00e1ria: a partir de 08 anos<\/p>\n<p>Professores respons\u00e1vel: Victor Daniel e Patr\u00edcia Oliveira<\/p>\n<p>Turma \u00fanica: s\u00e1bado, 11h \u00e0s 12h30<\/p>\n<p>\u00a0<\/p>\n<p>PR\u00c1TICA EM CONJUNTO<\/p>\n<p>Local: Par\u00f3quia Bom Pastor (rua Jos\u00e9 Eliseu, 778 \u2013 Jardim Zara)<\/p>\n<p>Faixa et\u00e1ria: a partir de 08 anos<\/p>\n<p>Professores respons\u00e1vel: Victor Daniel e Patr\u00edcia Oliveira<\/p>\n<p>Turma 1: quarta-feira, 16h \u00e0s 17h30<\/p>\n<p>Turma 2: quarta-feira, 19h \u00e0s 20h30<\/p>\n<p>\u00a0<\/p>\n<p>\u00a0<\/p>\n<p>\u00a0<\/p>\n<p>\u00a0<\/p>\n<\/div>\n<p><br \/>\n<br \/><a href=\"https:\/\/www.tribunaribeirao.com.br\/projeto-cultural-abre-mais-de-400-vagas-para-novas-turmas-de-cursos-de-artes\/\">Source link <\/a><\/p>\n<div class='code-block code-block-4' style='margin: 8px auto 8px 0; text-align: left; display: block; clear: both;'>\n\ud83d\udce2 Aviso Legal\n\nO site ismaelcolosi.com.br atua apenas como um canal de divulga\u00e7\u00e3o de oportunidades de emprego e n\u00e3o se responsabiliza pelo processo seletivo, contrata\u00e7\u00e3o ou qualquer outra etapa relacionada \u00e0s vagas publicadas. Todas as informa\u00e7\u00f5es s\u00e3o de responsabilidade dos anunciantes.\n\n\u26a0\ufe0f Aten\u00e7\u00e3o! Nunca pague por promessas de emprego nem compre cursos que garantam contrata\u00e7\u00e3o. Desconfie de qualquer cobran\u00e7a para participar de sele\u00e7\u00f5es.\n\n\n\n<\/div>\n<!-- CONTENT END 1 -->\n","protected":false},"excerpt":{"rendered":"<p>Est\u00e3o abertas as inscri\u00e7\u00f5es para as novas turmas dos cursos de circo, teatro, viol\u00e3o, dan\u00e7as urbanas e pr\u00e1tica instrumental em conjunto, oferecidas pelo projeto cultural&#8230;<\/p>\n","protected":false},"author":1,"featured_media":74067,"comment_status":"open","ping_status":"open","sticky":false,"template":"","format":"standard","meta":{"_uag_custom_page_level_css":"","advanced_seo_description":"","jetpack_seo_html_title":"","jetpack_seo_noindex":false,"jetpack_post_was_ever_published":false,"_jetpack_newsletter_access":"","_jetpack_dont_email_post_to_subs":false,"_jetpack_newsletter_tier_id":0,"_jetpack_memberships_contains_paywalled_content":false,"_jetpack_memberships_contains_paid_content":false,"footnotes":"","jetpack_publicize_message":"","jetpack_publicize_feature_enabled":true,"jetpack_social_post_already_shared":true,"jetpack_social_options":{"image_generator_settings":{"template":"highway","default_image_id":0,"font":"","enabled":false},"version":2}},"categories":[11],"tags":[],"class_list":["post-74066","post","type-post","status-publish","format-standard","has-post-thumbnail","hentry","category-noticias-de-ribeirao-preto-sp-e-regiao-ismael-colosi"],"jetpack_publicize_connections":[],"jetpack_featured_media_url":"https:\/\/i0.wp.com\/ismaelcolosi.com.br\/wp-content\/uploads\/2024\/10\/150265ae-532d-49ee-9361-2b3e08d522e1-scaled.jpeg?fit=800%2C456&ssl=1","uagb_featured_image_src":{"full":["https:\/\/i0.wp.com\/ismaelcolosi.com.br\/wp-content\/uploads\/2024\/10\/150265ae-532d-49ee-9361-2b3e08d522e1-scaled.jpeg?fit=800%2C456&ssl=1",800,456,false],"thumbnail":["https:\/\/i0.wp.com\/ismaelcolosi.com.br\/wp-content\/uploads\/2024\/10\/150265ae-532d-49ee-9361-2b3e08d522e1-scaled.jpeg?resize=150%2C150&ssl=1",150,150,true],"medium":["https:\/\/i0.wp.com\/ismaelcolosi.com.br\/wp-content\/uploads\/2024\/10\/150265ae-532d-49ee-9361-2b3e08d522e1-scaled.jpeg?fit=300%2C171&ssl=1",300,171,true],"medium_large":["https:\/\/i0.wp.com\/ismaelcolosi.com.br\/wp-content\/uploads\/2024\/10\/150265ae-532d-49ee-9361-2b3e08d522e1-scaled.jpeg?fit=768%2C438&ssl=1",768,438,true],"large":["https:\/\/i0.wp.com\/ismaelcolosi.com.br\/wp-content\/uploads\/2024\/10\/150265ae-532d-49ee-9361-2b3e08d522e1-scaled.jpeg?fit=800%2C456&ssl=1",800,456,true],"1536x1536":["https:\/\/i0.wp.com\/ismaelcolosi.com.br\/wp-content\/uploads\/2024\/10\/150265ae-532d-49ee-9361-2b3e08d522e1-scaled.jpeg?fit=800%2C456&ssl=1",800,456,true],"2048x2048":["https:\/\/i0.wp.com\/ismaelcolosi.com.br\/wp-content\/uploads\/2024\/10\/150265ae-532d-49ee-9361-2b3e08d522e1-scaled.jpeg?fit=800%2C456&ssl=1",800,456,true],"really-simple-thumb":["https:\/\/i0.wp.com\/ismaelcolosi.com.br\/wp-content\/uploads\/2024\/10\/150265ae-532d-49ee-9361-2b3e08d522e1-scaled.jpeg?resize=370%2C247&ssl=1",370,247,true]},"uagb_author_info":{"display_name":"ismaelcolosi.com.br","author_link":"https:\/\/ismaelcolosi.com.br\/index.php\/author\/vidareal-online\/"},"uagb_comment_info":0,"uagb_excerpt":"Est\u00e3o abertas as inscri\u00e7\u00f5es para as novas turmas dos cursos de circo, teatro, viol\u00e3o, dan\u00e7as urbanas e pr\u00e1tica instrumental em conjunto, oferecidas pelo projeto cultural...","jetpack-related-posts":[{"id":52863,"url":"https:\/\/ismaelcolosi.com.br\/index.php\/2024\/06\/11\/danca-musica-e-teatro-projeto-abre-200-novas-vagas-para-oficinas-em-ribeirao-preto\/","url_meta":{"origin":74066,"position":0},"title":"Dan\u00e7a, m\u00fasica e teatro: Projeto abre 200 novas vagas para oficinas em Ribeir\u00e3o Preto","author":"ismaelcolosi.com.br","date":"11 de June de 2024","format":false,"excerpt":"O projeto cultural Saci Perer\u00ea abriu 200 novas vagas para interessados em participar de oficinas de artes c\u00eanicas e circenses, ballet, dan\u00e7as afro e de sal\u00e3o, piano e viol\u00e3o, em Ribeir\u00e3o Preto. O projeto tem o intuito de promover inclus\u00e3o cultural e art\u00edstica, atrav\u00e9s de oficinas gratuitas em v\u00e1rias modalidades,\u2026","rel":"","context":"In &quot;Not\u00edcias de Ribeir\u00e3o Preto-SP e Regi\u00e3o&quot;","block_context":{"text":"Not\u00edcias de Ribeir\u00e3o Preto-SP e Regi\u00e3o","link":"https:\/\/ismaelcolosi.com.br\/index.php\/category\/noticias-de-ribeirao-preto-sp-e-regiao-ismael-colosi\/"},"img":{"alt_text":"","src":"https:\/\/i0.wp.com\/ismaelcolosi.com.br\/wp-content\/uploads\/2024\/06\/voltaaulas_saciperere_1_2024-06-11_17-54-18_jpeg_2024-06-11_17-54-18.webp.webp?fit=847%2C560&ssl=1&resize=350%2C200","width":350,"height":200,"srcset":"https:\/\/i0.wp.com\/ismaelcolosi.com.br\/wp-content\/uploads\/2024\/06\/voltaaulas_saciperere_1_2024-06-11_17-54-18_jpeg_2024-06-11_17-54-18.webp.webp?fit=847%2C560&ssl=1&resize=350%2C200 1x, https:\/\/i0.wp.com\/ismaelcolosi.com.br\/wp-content\/uploads\/2024\/06\/voltaaulas_saciperere_1_2024-06-11_17-54-18_jpeg_2024-06-11_17-54-18.webp.webp?fit=847%2C560&ssl=1&resize=525%2C300 1.5x, https:\/\/i0.wp.com\/ismaelcolosi.com.br\/wp-content\/uploads\/2024\/06\/voltaaulas_saciperere_1_2024-06-11_17-54-18_jpeg_2024-06-11_17-54-18.webp.webp?fit=847%2C560&ssl=1&resize=700%2C400 2x"},"classes":[]},{"id":34927,"url":"https:\/\/ismaelcolosi.com.br\/index.php\/2024\/02\/04\/usp-oferece-oficinas-gratuitas-de-canto-e-instrumentos-musicais-em-ribeirao-preto\/","url_meta":{"origin":74066,"position":1},"title":"USP oferece oficinas gratuitas de canto e instrumentos musicais em Ribeir\u00e3o Preto","author":"ismaelcolosi.com.br","date":"4 de February de 2024","format":false,"excerpt":"O Departamento de M\u00fasica da Faculdade de Filosofia, Ci\u00eancias e Letras de Ribeir\u00e3o Preto (FFCLRP) da USP (Universidade de S\u00e3o Paulo), est\u00e1 com inscri\u00e7\u00f5es abertas para oficinas gratuitas de canto e instrumentos musicais. Os interessados devem se inscrever de forma on-line (clique aqui), at\u00e9 \u00e0s 16h do dia 16 de\u2026","rel":"","context":"In &quot;Not\u00edcias de Ribeir\u00e3o Preto-SP e Regi\u00e3o&quot;","block_context":{"text":"Not\u00edcias de Ribeir\u00e3o Preto-SP e Regi\u00e3o","link":"https:\/\/ismaelcolosi.com.br\/index.php\/category\/noticias-de-ribeirao-preto-sp-e-regiao-ismael-colosi\/"},"img":{"alt_text":"","src":"https:\/\/i0.wp.com\/ismaelcolosi.com.br\/wp-content\/uploads\/2024\/02\/piano-1655558_1920.jpg?fit=1200%2C800&ssl=1&resize=350%2C200","width":350,"height":200,"srcset":"https:\/\/i0.wp.com\/ismaelcolosi.com.br\/wp-content\/uploads\/2024\/02\/piano-1655558_1920.jpg?fit=1200%2C800&ssl=1&resize=350%2C200 1x, https:\/\/i0.wp.com\/ismaelcolosi.com.br\/wp-content\/uploads\/2024\/02\/piano-1655558_1920.jpg?fit=1200%2C800&ssl=1&resize=525%2C300 1.5x, https:\/\/i0.wp.com\/ismaelcolosi.com.br\/wp-content\/uploads\/2024\/02\/piano-1655558_1920.jpg?fit=1200%2C800&ssl=1&resize=700%2C400 2x, https:\/\/i0.wp.com\/ismaelcolosi.com.br\/wp-content\/uploads\/2024\/02\/piano-1655558_1920.jpg?fit=1200%2C800&ssl=1&resize=1050%2C600 3x"},"classes":[]},{"id":6711,"url":"https:\/\/ismaelcolosi.com.br\/index.php\/2023\/11\/26\/prefeitura-de-sp-abre-vagas-em-cursos-gratuitos-para-jovens\/","url_meta":{"origin":74066,"position":2},"title":"Prefeitura de SP abre vagas em cursos gratuitos para jovens","author":"ismaelcolosi.com.br","date":"26 de November de 2023","format":false,"excerpt":"Os Centros Municipais de Capacita\u00e7\u00e3o e Treinamento (CMCTs), da Secretaria Municipal de Educa\u00e7\u00e3o de S\u00e3o Paulo, est\u00e3o com inscri\u00e7\u00f5es abertas para as primeiras turmas de 2024 dos cursos gratuitos livres profissionalizantes. Os interessados podem preencher o formul\u00e1rio de inscri\u00e7\u00e3o online at\u00e9 7 de dezembro, por\u00e9m \u00e9 necess\u00e1rio comparecer presencialmente na\u2026","rel":"","context":"In &quot;Variedades&quot;","block_context":{"text":"Variedades","link":"https:\/\/ismaelcolosi.com.br\/index.php\/category\/variedades\/"},"img":{"alt_text":"","src":"https:\/\/i0.wp.com\/ismaelcolosi.com.br\/wp-content\/uploads\/2023\/11\/cursos-gratuitos-pmsp.jpg?fit=1200%2C638&ssl=1&resize=350%2C200","width":350,"height":200,"srcset":"https:\/\/i0.wp.com\/ismaelcolosi.com.br\/wp-content\/uploads\/2023\/11\/cursos-gratuitos-pmsp.jpg?fit=1200%2C638&ssl=1&resize=350%2C200 1x, https:\/\/i0.wp.com\/ismaelcolosi.com.br\/wp-content\/uploads\/2023\/11\/cursos-gratuitos-pmsp.jpg?fit=1200%2C638&ssl=1&resize=525%2C300 1.5x, https:\/\/i0.wp.com\/ismaelcolosi.com.br\/wp-content\/uploads\/2023\/11\/cursos-gratuitos-pmsp.jpg?fit=1200%2C638&ssl=1&resize=700%2C400 2x, https:\/\/i0.wp.com\/ismaelcolosi.com.br\/wp-content\/uploads\/2023\/11\/cursos-gratuitos-pmsp.jpg?fit=1200%2C638&ssl=1&resize=1050%2C600 3x"},"classes":[]},{"id":38709,"url":"https:\/\/ismaelcolosi.com.br\/index.php\/2024\/02\/21\/projeto-guri-esta-com-inscricoes-abertas-em-ribeirao-saiba-como-participar\/","url_meta":{"origin":74066,"position":3},"title":"Projeto Guri est\u00e1 com inscri\u00e7\u00f5es abertas em Ribeir\u00e3o; Saiba como participar","author":"ismaelcolosi.com.br","date":"21 de February de 2024","format":false,"excerpt":"O Projeto Guri est\u00e1 com inscri\u00e7\u00f5es abertas em Ribeir\u00e3o Preto para cursos gratuitos de inicia\u00e7\u00e3o musical. As inscri\u00e7\u00f5es podem ser realizadas at\u00e9 o dia 22 de mar\u00e7o, presencialmente no Centro Cultural Palace, na rua \u00c1lvares Cabral, 322, Centro, de segunda \u00e0 sexta-feira, das 8h \u00e0s 21h, e, aos s\u00e1bados, das\u2026","rel":"","context":"In &quot;Not\u00edcias de Ribeir\u00e3o Preto-SP e Regi\u00e3o&quot;","block_context":{"text":"Not\u00edcias de Ribeir\u00e3o Preto-SP e Regi\u00e3o","link":"https:\/\/ismaelcolosi.com.br\/index.php\/category\/noticias-de-ribeirao-preto-sp-e-regiao-ismael-colosi\/"},"img":{"alt_text":"","src":"https:\/\/i0.wp.com\/ismaelcolosi.com.br\/wp-content\/uploads\/2024\/02\/77037050_10156868135606984_3808918667589058560_n-1.jpg?fit=1200%2C800&ssl=1&resize=350%2C200","width":350,"height":200,"srcset":"https:\/\/i0.wp.com\/ismaelcolosi.com.br\/wp-content\/uploads\/2024\/02\/77037050_10156868135606984_3808918667589058560_n-1.jpg?fit=1200%2C800&ssl=1&resize=350%2C200 1x, https:\/\/i0.wp.com\/ismaelcolosi.com.br\/wp-content\/uploads\/2024\/02\/77037050_10156868135606984_3808918667589058560_n-1.jpg?fit=1200%2C800&ssl=1&resize=525%2C300 1.5x, https:\/\/i0.wp.com\/ismaelcolosi.com.br\/wp-content\/uploads\/2024\/02\/77037050_10156868135606984_3808918667589058560_n-1.jpg?fit=1200%2C800&ssl=1&resize=700%2C400 2x, https:\/\/i0.wp.com\/ismaelcolosi.com.br\/wp-content\/uploads\/2024\/02\/77037050_10156868135606984_3808918667589058560_n-1.jpg?fit=1200%2C800&ssl=1&resize=1050%2C600 3x"},"classes":[]},{"id":37405,"url":"https:\/\/ismaelcolosi.com.br\/index.php\/2024\/02\/15\/ribeirao-tera-novos-cursos-de-pos-graduacao-em-medicina\/","url_meta":{"origin":74066,"position":4},"title":"Ribeir\u00e3o ter\u00e1 novos cursos de p\u00f3s-gradua\u00e7\u00e3o em medicina","author":"ismaelcolosi.com.br","date":"15 de February de 2024","format":false,"excerpt":"15 de fevereiro de 2024 | 17:19 0Ribeir\u00e3o Preto passa a contar com um centro de p\u00f3s-gradua\u00e7\u00e3o em medicina da Afya, a primeira unidade no interior de S\u00e3o Paulo. A institui\u00e7\u00e3o \u00e9 definida por um ecossistema de inova\u00e7\u00e3o que integra, de forma estrat\u00e9gica e intencional, educa\u00e7\u00e3o, tecnologia e sa\u00fade.Reconhecida como\u2026","rel":"","context":"In &quot;Not\u00edcias de Ribeir\u00e3o Preto-SP e Regi\u00e3o&quot;","block_context":{"text":"Not\u00edcias de Ribeir\u00e3o Preto-SP e Regi\u00e3o","link":"https:\/\/ismaelcolosi.com.br\/index.php\/category\/noticias-de-ribeirao-preto-sp-e-regiao-ismael-colosi\/"},"img":{"alt_text":"","src":"https:\/\/i0.wp.com\/ismaelcolosi.com.br\/wp-content\/uploads\/2024\/02\/47560e0c3abab2b6406ecac95fcd29b2-scaled.jpeg?fit=967%2C645&ssl=1&resize=350%2C200","width":350,"height":200,"srcset":"https:\/\/i0.wp.com\/ismaelcolosi.com.br\/wp-content\/uploads\/2024\/02\/47560e0c3abab2b6406ecac95fcd29b2-scaled.jpeg?fit=967%2C645&ssl=1&resize=350%2C200 1x, https:\/\/i0.wp.com\/ismaelcolosi.com.br\/wp-content\/uploads\/2024\/02\/47560e0c3abab2b6406ecac95fcd29b2-scaled.jpeg?fit=967%2C645&ssl=1&resize=525%2C300 1.5x, https:\/\/i0.wp.com\/ismaelcolosi.com.br\/wp-content\/uploads\/2024\/02\/47560e0c3abab2b6406ecac95fcd29b2-scaled.jpeg?fit=967%2C645&ssl=1&resize=700%2C400 2x"},"classes":[]},{"id":1689,"url":"https:\/\/ismaelcolosi.com.br\/index.php\/2023\/11\/13\/funtec-oferece-180-vagas-gratuitas-para-cursos-de-qualificacao-profissional-em-ribeirao\/","url_meta":{"origin":74066,"position":5},"title":"Funtec oferece 180 vagas gratuitas para cursos de qualifica\u00e7\u00e3o profissional em Ribeir\u00e3o","author":"ismaelcolosi.com.br","date":"13 de November de 2023","format":false,"excerpt":"A Funtec (Funda\u00e7\u00e3o de Forma\u00e7\u00e3o Tecnol\u00f3gica), no Centro de Ribeir\u00e3o Preto, est\u00e1 com 180 vagas abertas para seis cursos gratuitos de qualifica\u00e7\u00e3o profissional. As oportunidades est\u00e3o dispon\u00edveis em \u00e1reas como marketing, departamento de pessoal e cuidador de idosos (veja abaixo). Ser\u00e3o ministradas aulas t\u00e9cnicas e pr\u00e1ticas, que possibilitam maior conhecimento\u2026","rel":"","context":"In &quot;Not\u00edcias de Ribeir\u00e3o Preto-SP e Regi\u00e3o&quot;","block_context":{"text":"Not\u00edcias de Ribeir\u00e3o Preto-SP e Regi\u00e3o","link":"https:\/\/ismaelcolosi.com.br\/index.php\/category\/noticias-de-ribeirao-preto-sp-e-regiao-ismael-colosi\/"},"img":{"alt_text":"","src":"https:\/\/i0.wp.com\/ismaelcolosi.com.br\/wp-content\/uploads\/2023\/11\/1cursos_funtec_-_foto_guilherme_sircili_33.jpg?fit=1200%2C799&ssl=1&resize=350%2C200","width":350,"height":200,"srcset":"https:\/\/i0.wp.com\/ismaelcolosi.com.br\/wp-content\/uploads\/2023\/11\/1cursos_funtec_-_foto_guilherme_sircili_33.jpg?fit=1200%2C799&ssl=1&resize=350%2C200 1x, https:\/\/i0.wp.com\/ismaelcolosi.com.br\/wp-content\/uploads\/2023\/11\/1cursos_funtec_-_foto_guilherme_sircili_33.jpg?fit=1200%2C799&ssl=1&resize=525%2C300 1.5x, https:\/\/i0.wp.com\/ismaelcolosi.com.br\/wp-content\/uploads\/2023\/11\/1cursos_funtec_-_foto_guilherme_sircili_33.jpg?fit=1200%2C799&ssl=1&resize=700%2C400 2x, https:\/\/i0.wp.com\/ismaelcolosi.com.br\/wp-content\/uploads\/2023\/11\/1cursos_funtec_-_foto_guilherme_sircili_33.jpg?fit=1200%2C799&ssl=1&resize=1050%2C600 3x"},"classes":[]}],"jetpack_sharing_enabled":true,"jetpack_shortlink":"https:\/\/wp.me\/pfMlyK-jgC","_links":{"self":[{"href":"https:\/\/ismaelcolosi.com.br\/index.php\/wp-json\/wp\/v2\/posts\/74066","targetHints":{"allow":["GET"]}}],"collection":[{"href":"https:\/\/ismaelcolosi.com.br\/index.php\/wp-json\/wp\/v2\/posts"}],"about":[{"href":"https:\/\/ismaelcolosi.com.br\/index.php\/wp-json\/wp\/v2\/types\/post"}],"author":[{"embeddable":true,"href":"https:\/\/ismaelcolosi.com.br\/index.php\/wp-json\/wp\/v2\/users\/1"}],"replies":[{"embeddable":true,"href":"https:\/\/ismaelcolosi.com.br\/index.php\/wp-json\/wp\/v2\/comments?post=74066"}],"version-history":[{"count":0,"href":"https:\/\/ismaelcolosi.com.br\/index.php\/wp-json\/wp\/v2\/posts\/74066\/revisions"}],"wp:featuredmedia":[{"embeddable":true,"href":"https:\/\/ismaelcolosi.com.br\/index.php\/wp-json\/wp\/v2\/media\/74067"}],"wp:attachment":[{"href":"https:\/\/ismaelcolosi.com.br\/index.php\/wp-json\/wp\/v2\/media?parent=74066"}],"wp:term":[{"taxonomy":"category","embeddable":true,"href":"https:\/\/ismaelcolosi.com.br\/index.php\/wp-json\/wp\/v2\/categories?post=74066"},{"taxonomy":"post_tag","embeddable":true,"href":"https:\/\/ismaelcolosi.com.br\/index.php\/wp-json\/wp\/v2\/tags?post=74066"}],"curies":[{"name":"wp","href":"https:\/\/api.w.org\/{rel}","templated":true}]}}