{"id":74060,"date":"2024-10-29T19:42:49","date_gmt":"2024-10-29T22:42:49","guid":{"rendered":"https:\/\/ismaelcolosi.com.br\/index.php\/2024\/10\/29\/engenheiro-e-indiciado-por-tentativa-de-feminicidio-tentativa-de-homicidio-estupro-e-violencia-psicologica\/"},"modified":"2024-10-29T19:42:49","modified_gmt":"2024-10-29T22:42:49","slug":"engenheiro-e-indiciado-por-tentativa-de-feminicidio-tentativa-de-homicidio-estupro-e-violencia-psicologica","status":"publish","type":"post","link":"https:\/\/ismaelcolosi.com.br\/index.php\/2024\/10\/29\/engenheiro-e-indiciado-por-tentativa-de-feminicidio-tentativa-de-homicidio-estupro-e-violencia-psicologica\/","title":{"rendered":"Engenheiro \u00e9 indiciado por tentativa de feminic\u00eddio, tentativa de homic\u00eddio, estupro e viol\u00eancia psicol\u00f3gica"},"content":{"rendered":"<p> <br \/>\n<\/p>\n<div>\n<p>A delegada Juliana da Silva Paiva, da Delegacia de Defesa da Mulher (DDM) de Franca, informou que vai indiciar o engenheiro Lu\u00eds Fernando Moreira Bentivoglio Silveira pelos crimes de tentativa de feminic\u00eddio, estupro e viol\u00eancia psicol\u00f3gica contra a mulher, al\u00e9m de tentativa de homic\u00eddio contra a ex-sogra e contra sua filha de um ano. Essa foi a conclus\u00e3o do relat\u00f3rio que investiga a briga onde o homem teria ferido com facadas a ex-mulher gr\u00e1vida de tr\u00eas meses, a filha do casal de um ano e a sogra.<\/p>\n<p>O crime ocorreu na segunda-feira (21), em um condom\u00ednio de Franca. De acordo com a delegada, Silveira vai responder por tentativa de feminic\u00eddio por atacar a facadas a ex-mulher gr\u00e1vida. A delegada disse que o homem n\u00e3o aceitava o fim do relacionamento. Ele teria descumprido uma medida protetiva da Justi\u00e7a que o impedia de chegar a menos de 100 metros da ex-mulher.<\/p>\n<p>Al\u00e9m disso, vai responder por estupro, pois a v\u00edtima denunciou que vivia em uma rela\u00e7\u00e3o abusiva com o ex-marido e que teria sido obrigada a ter rela\u00e7\u00f5es sexuais n\u00e3o consensuais. E vai responder por viol\u00eancia psicol\u00f3gica, pois constrangem a v\u00edtima mediante viol\u00eancia ou grave amea\u00e7a e, finalmente, por tentativa de homic\u00eddio por ter ferido a ex-sogra e a filha de um ano durante o ato.<\/p>\n<p><strong>O ataque<\/strong><\/p>\n<p>Silveira teria agredido sua ex-mulher, Amanda Baldin Ramazini, de 31 anos, sua pr\u00f3pria filha de um ano de idade e sua ex-sogra Rosana Baldim Ramazini, de 57 anos. O crime ocorreu na segunda-feira (21), no apartamento onde o casal residia, na Avenida S\u00e3o Vicente, Vila Santa Cruz, em Franca, a 80 km de Ribeir\u00e3o Preto.<\/p>\n<figure id=\"attachment_408016\" aria-describedby=\"caption-attachment-408016\" style=\"width: 700px\" class=\"wp-caption alignnone\"><img data-recalc-dims=\"1\" loading=\"lazy\" decoding=\"async\" class=\"wp-image-408016 lazyload\" src=\"https:\/\/i0.wp.com\/www.tribunaribeirao.com.br\/wp-content\/uploads\/2024\/10\/25out2024amandaramazzini-scaled.jpg?resize=700%2C557&#038;ssl=1\" alt=\"\" width=\"700\" height=\"557\" srcset=\"https:\/\/www.tribunaribeirao.com.br\/wp-content\/uploads\/2024\/10\/25out2024amandaramazzini-scaled.jpg 628w, https:\/\/www.tribunaribeirao.com.br\/wp-content\/uploads\/2024\/10\/25out2024amandaramazzini-300x239.jpg 300w, https:\/\/www.tribunaribeirao.com.br\/wp-content\/uploads\/2024\/10\/25out2024amandaramazzini-1024x815.jpg 1024w, https:\/\/www.tribunaribeirao.com.br\/wp-content\/uploads\/2024\/10\/25out2024amandaramazzini-768x611.jpg 768w, https:\/\/www.tribunaribeirao.com.br\/wp-content\/uploads\/2024\/10\/25out2024amandaramazzini-960x764.jpg 960w, https:\/\/www.tribunaribeirao.com.br\/wp-content\/uploads\/2024\/10\/25out2024amandaramazzini-503x400.jpg 503w, https:\/\/www.tribunaribeirao.com.br\/wp-content\/uploads\/2024\/10\/25out2024amandaramazzini-585x465.jpg 585w\" data-sizes=\"(max-width: 700px) 100vw, 700px\" style=\"--smush-placeholder-width: 700px; --smush-placeholder-aspect-ratio: 700\/557;\"\/><img data-recalc-dims=\"1\" loading=\"lazy\" decoding=\"async\" class=\" wp-image-408016\" src=\"https:\/\/i0.wp.com\/www.tribunaribeirao.com.br\/wp-content\/uploads\/2024\/10\/25out2024amandaramazzini-scaled.jpg?resize=700%2C557&#038;ssl=1\" alt=\"\" width=\"700\" height=\"557\" srcset=\"https:\/\/www.tribunaribeirao.com.br\/wp-content\/uploads\/2024\/10\/25out2024amandaramazzini-scaled.jpg 628w, https:\/\/www.tribunaribeirao.com.br\/wp-content\/uploads\/2024\/10\/25out2024amandaramazzini-300x239.jpg 300w, https:\/\/www.tribunaribeirao.com.br\/wp-content\/uploads\/2024\/10\/25out2024amandaramazzini-1024x815.jpg 1024w, https:\/\/www.tribunaribeirao.com.br\/wp-content\/uploads\/2024\/10\/25out2024amandaramazzini-768x611.jpg 768w, https:\/\/www.tribunaribeirao.com.br\/wp-content\/uploads\/2024\/10\/25out2024amandaramazzini-960x764.jpg 960w, https:\/\/www.tribunaribeirao.com.br\/wp-content\/uploads\/2024\/10\/25out2024amandaramazzini-503x400.jpg 503w, https:\/\/www.tribunaribeirao.com.br\/wp-content\/uploads\/2024\/10\/25out2024amandaramazzini-585x465.jpg 585w\" sizes=\"auto, (max-width: 700px) 100vw, 700px\"\/><figcaption id=\"caption-attachment-408016\" class=\"wp-caption-text\">Amanda ficou internada na UTI de hospital em Franca (Foto: Redes Sociais)<\/figcaption><\/figure>\n<p>As tr\u00eas foram esfaqueadas pelo ex-marido de Amanda, que est\u00e1 gr\u00e1vida do terceiro filho do casal. Ele n\u00e3o aceitava o fim do relacionamento com a mulher, com quem tem um filho de sete anos e uma filha de um ano. O menino n\u00e3o estava no local, no momento do crime.<\/p>\n<p>O engenheiro havia sido preso no dia 11 de outubro, ap\u00f3s perseguir a ex-companheira e furar os quatro pneus do ve\u00edculo da ex-mulher. O ataque ocorreu em Ribeir\u00e3o Preto, onde Amanda estaria hospedada, na casa de sua m\u00e3e, fugindo do ex-marido.<\/p>\n<p>Ele foi preso em flagrante. No dia 12 de outubro, todavia, obteve liberdade ap\u00f3s audi\u00eancia de cust\u00f3dia. Em 21 de outubro, a mulher foi at\u00e9 o apartamento onde o casal morava, em Franca. Estava com a m\u00e3e e da filha de um ano, para apanhar alguns pertences. O filho de sete anos n\u00e3o estava no local.<\/p>\n<p>Silveira ainda era cadastrado no sistema de acesso ao condom\u00ednio e entrou no local. Armado com uma faca, ele teria iniciado os ataques a Amanda, que apenas se defendeu. Ela estava com a filha do casal no colo. A crian\u00e7a tamb\u00e9m foi atingida. A ex-mulher do agressor chegou a se trancar com a filha no banheiro do apartamento, mas o homem arrombou a porta.<\/p>\n<figure id=\"attachment_407748\" aria-describedby=\"caption-attachment-407748\" style=\"width: 735px\" class=\"wp-caption alignnone\"><img data-recalc-dims=\"1\" loading=\"lazy\" decoding=\"async\" class=\"wp-image-407748 lazyload\" src=\"https:\/\/i0.wp.com\/www.tribunaribeirao.com.br\/wp-content\/uploads\/2024\/10\/23out2024casalfranca-scaled.jpg?resize=735%2C681&#038;ssl=1\" alt=\"\" width=\"735\" height=\"681\" srcset=\"https:\/\/www.tribunaribeirao.com.br\/wp-content\/uploads\/2024\/10\/23out2024casalfranca-scaled.jpg 540w, https:\/\/www.tribunaribeirao.com.br\/wp-content\/uploads\/2024\/10\/23out2024casalfranca-300x278.jpg 300w, https:\/\/www.tribunaribeirao.com.br\/wp-content\/uploads\/2024\/10\/23out2024casalfranca-1024x949.jpg 1024w, https:\/\/www.tribunaribeirao.com.br\/wp-content\/uploads\/2024\/10\/23out2024casalfranca-768x711.jpg 768w, https:\/\/www.tribunaribeirao.com.br\/wp-content\/uploads\/2024\/10\/23out2024casalfranca-960x889.jpg 960w, https:\/\/www.tribunaribeirao.com.br\/wp-content\/uploads\/2024\/10\/23out2024casalfranca-432x400.jpg 432w, https:\/\/www.tribunaribeirao.com.br\/wp-content\/uploads\/2024\/10\/23out2024casalfranca-585x542.jpg 585w\" data-sizes=\"(max-width: 735px) 100vw, 735px\" style=\"--smush-placeholder-width: 735px; --smush-placeholder-aspect-ratio: 735\/681;\"\/><img data-recalc-dims=\"1\" loading=\"lazy\" decoding=\"async\" class=\" wp-image-407748\" src=\"https:\/\/i0.wp.com\/www.tribunaribeirao.com.br\/wp-content\/uploads\/2024\/10\/23out2024casalfranca-scaled.jpg?resize=735%2C681&#038;ssl=1\" alt=\"\" width=\"735\" height=\"681\" srcset=\"https:\/\/www.tribunaribeirao.com.br\/wp-content\/uploads\/2024\/10\/23out2024casalfranca-scaled.jpg 540w, https:\/\/www.tribunaribeirao.com.br\/wp-content\/uploads\/2024\/10\/23out2024casalfranca-300x278.jpg 300w, https:\/\/www.tribunaribeirao.com.br\/wp-content\/uploads\/2024\/10\/23out2024casalfranca-1024x949.jpg 1024w, https:\/\/www.tribunaribeirao.com.br\/wp-content\/uploads\/2024\/10\/23out2024casalfranca-768x711.jpg 768w, https:\/\/www.tribunaribeirao.com.br\/wp-content\/uploads\/2024\/10\/23out2024casalfranca-960x889.jpg 960w, https:\/\/www.tribunaribeirao.com.br\/wp-content\/uploads\/2024\/10\/23out2024casalfranca-432x400.jpg 432w, https:\/\/www.tribunaribeirao.com.br\/wp-content\/uploads\/2024\/10\/23out2024casalfranca-585x542.jpg 585w\" sizes=\"auto, (max-width: 735px) 100vw, 735px\"\/><figcaption id=\"caption-attachment-407748\" class=\"wp-caption-text\">Lu\u00eds Fernando est\u00e1 preso, acusado de atacar a ex-esposa gr\u00e1vida, a sogra e a filha de um ano (Foto: Redes Sociais)<\/figcaption><\/figure>\n<p>Rosana, a sogra do agressor, tentou apartar e acabou atingida com socos, chutes e levou uma facada nas costas. Moradores e funcion\u00e1rios do condom\u00ednio conseguiram imobilizar e desarmar o engenheiro e chamar a Pol\u00edcia Militar.<\/p>\n<p>O homem foi detido e levado para uma delegacia, onde foi autuado em flagrante. Pode responder por tripla tentativa de feminic\u00eddio, crime que foi desmembrado da Lei Maria da Penha e passa a ter pena de at\u00e9 40 anos. Em audi\u00eancia de cust\u00f3dia realizada nesta ter\u00e7a-feira (22), o engenheiro teve a pris\u00e3o em flagrante convertida em preventiva. Rosana e a neta tiveram alta hospitalar no dia seguinte \u00e0s agress\u00f5es sofridas e Amanda, ap\u00f3s ser internada na Unidade de Tratamento Intensivo (UTI), recebeu alta na sexta-feira (25).<\/p>\n<figure id=\"attachment_408018\" aria-describedby=\"caption-attachment-408018\" style=\"width: 735px\" class=\"wp-caption alignnone\"><img data-recalc-dims=\"1\" loading=\"lazy\" decoding=\"async\" class=\"wp-image-408018 lazyload\" src=\"https:\/\/i0.wp.com\/www.tribunaribeirao.com.br\/wp-content\/uploads\/2024\/10\/25out2024rosanabaldimramazzini-scaled.jpg?resize=735%2C735&#038;ssl=1\" alt=\"\" width=\"735\" height=\"735\" srcset=\"https:\/\/www.tribunaribeirao.com.br\/wp-content\/uploads\/2024\/10\/25out2024rosanabaldimramazzini-scaled.jpg 500w, https:\/\/www.tribunaribeirao.com.br\/wp-content\/uploads\/2024\/10\/25out2024rosanabaldimramazzini-300x300.jpg 300w, https:\/\/www.tribunaribeirao.com.br\/wp-content\/uploads\/2024\/10\/25out2024rosanabaldimramazzini-1024x1024.jpg 1024w, https:\/\/www.tribunaribeirao.com.br\/wp-content\/uploads\/2024\/10\/25out2024rosanabaldimramazzini-150x150.jpg 150w, https:\/\/www.tribunaribeirao.com.br\/wp-content\/uploads\/2024\/10\/25out2024rosanabaldimramazzini-768x768.jpg 768w, https:\/\/www.tribunaribeirao.com.br\/wp-content\/uploads\/2024\/10\/25out2024rosanabaldimramazzini-480x480.jpg 480w, https:\/\/www.tribunaribeirao.com.br\/wp-content\/uploads\/2024\/10\/25out2024rosanabaldimramazzini-280x280.jpg 280w, https:\/\/www.tribunaribeirao.com.br\/wp-content\/uploads\/2024\/10\/25out2024rosanabaldimramazzini-960x960.jpg 960w, https:\/\/www.tribunaribeirao.com.br\/wp-content\/uploads\/2024\/10\/25out2024rosanabaldimramazzini-400x400.jpg 400w, https:\/\/www.tribunaribeirao.com.br\/wp-content\/uploads\/2024\/10\/25out2024rosanabaldimramazzini-585x585.jpg 585w\" data-sizes=\"(max-width: 735px) 100vw, 735px\" style=\"--smush-placeholder-width: 735px; --smush-placeholder-aspect-ratio: 735\/735;\"\/><img data-recalc-dims=\"1\" loading=\"lazy\" decoding=\"async\" class=\" wp-image-408018\" src=\"https:\/\/i0.wp.com\/www.tribunaribeirao.com.br\/wp-content\/uploads\/2024\/10\/25out2024rosanabaldimramazzini-scaled.jpg?resize=735%2C735&#038;ssl=1\" alt=\"\" width=\"735\" height=\"735\" srcset=\"https:\/\/www.tribunaribeirao.com.br\/wp-content\/uploads\/2024\/10\/25out2024rosanabaldimramazzini-scaled.jpg 500w, https:\/\/www.tribunaribeirao.com.br\/wp-content\/uploads\/2024\/10\/25out2024rosanabaldimramazzini-300x300.jpg 300w, https:\/\/www.tribunaribeirao.com.br\/wp-content\/uploads\/2024\/10\/25out2024rosanabaldimramazzini-1024x1024.jpg 1024w, https:\/\/www.tribunaribeirao.com.br\/wp-content\/uploads\/2024\/10\/25out2024rosanabaldimramazzini-150x150.jpg 150w, https:\/\/www.tribunaribeirao.com.br\/wp-content\/uploads\/2024\/10\/25out2024rosanabaldimramazzini-768x768.jpg 768w, https:\/\/www.tribunaribeirao.com.br\/wp-content\/uploads\/2024\/10\/25out2024rosanabaldimramazzini-480x480.jpg 480w, https:\/\/www.tribunaribeirao.com.br\/wp-content\/uploads\/2024\/10\/25out2024rosanabaldimramazzini-280x280.jpg 280w, https:\/\/www.tribunaribeirao.com.br\/wp-content\/uploads\/2024\/10\/25out2024rosanabaldimramazzini-960x960.jpg 960w, https:\/\/www.tribunaribeirao.com.br\/wp-content\/uploads\/2024\/10\/25out2024rosanabaldimramazzini-400x400.jpg 400w, https:\/\/www.tribunaribeirao.com.br\/wp-content\/uploads\/2024\/10\/25out2024rosanabaldimramazzini-585x585.jpg 585w\" sizes=\"auto, (max-width: 735px) 100vw, 735px\"\/><figcaption id=\"caption-attachment-408018\" class=\"wp-caption-text\">Rosana, m\u00e3e de Amanda, divulgou v\u00eddeo pedindo apoio para que agressor n\u00e3o obtenha habeas corpus e seja levado a j\u00fari popular (Foto: Redes Sociais)<\/figcaption><\/figure>\n<p><strong>Den\u00fancia e apelo<\/strong><\/p>\n<p>Ap\u00f3s receber alta, Amanda conversou com a imprensa e denunciou viver em um relacionamento abusivo. Disse que Silveira tinha outras mulheres e n\u00e3o respeitava nem mesmo esposa ou namorada de amigos, que teriam denunciado o ass\u00e9dio \u00e0 ex-mulher do engenheiro. Tamb\u00e9m disse que era v\u00edtima de viol\u00eancia psicol\u00f3gica verbal e agress\u00f5es, al\u00e9m de ser obrigada a fazer sexo n\u00e3o consensual, o que pode caracterizar estupro.<\/p>\n<p>Rosana Ramazini, m\u00e3e de Amanda, divulgou v\u00eddeo pedindo \u00e0 opini\u00e3o p\u00fablica que se posicione contra a possibilidade de Silveira ser solto por habeas corpus e pede que ele seja levado a j\u00fari popular. A reportagem n\u00e3o conseguiu contato com o advogado de defesa.<\/p>\n<\/div>\n<p><br \/>\n<br \/><a href=\"https:\/\/www.tribunaribeirao.com.br\/engenheiro-e-indiciado-por-tentativa-de-feminicidio-tentativa-de-homicidio-estupro-e-violencia-psicologica\/\">Source link <\/a><\/p>\n<div class='code-block code-block-4' style='margin: 8px auto 8px 0; text-align: left; display: block; clear: both;'>\n\ud83d\udce2 Aviso Legal\n\nO site ismaelcolosi.com.br atua apenas como um canal de divulga\u00e7\u00e3o de oportunidades de emprego e n\u00e3o se responsabiliza pelo processo seletivo, contrata\u00e7\u00e3o ou qualquer outra etapa relacionada \u00e0s vagas publicadas. Todas as informa\u00e7\u00f5es s\u00e3o de responsabilidade dos anunciantes.\n\n\u26a0\ufe0f Aten\u00e7\u00e3o! Nunca pague por promessas de emprego nem compre cursos que garantam contrata\u00e7\u00e3o. Desconfie de qualquer cobran\u00e7a para participar de sele\u00e7\u00f5es.\n\n\n\n<\/div>\n<!-- CONTENT END 1 -->\n","protected":false},"excerpt":{"rendered":"<p>A delegada Juliana da Silva Paiva, da Delegacia de Defesa da Mulher (DDM) de Franca, informou que vai indiciar o engenheiro Lu\u00eds Fernando Moreira Bentivoglio&#8230;<\/p>\n","protected":false},"author":1,"featured_media":74061,"comment_status":"open","ping_status":"open","sticky":false,"template":"","format":"standard","meta":{"_uag_custom_page_level_css":"","advanced_seo_description":"","jetpack_seo_html_title":"","jetpack_seo_noindex":false,"jetpack_post_was_ever_published":false,"_jetpack_newsletter_access":"","_jetpack_dont_email_post_to_subs":false,"_jetpack_newsletter_tier_id":0,"_jetpack_memberships_contains_paywalled_content":false,"_jetpack_memberships_contains_paid_content":false,"footnotes":"","jetpack_publicize_message":"","jetpack_publicize_feature_enabled":true,"jetpack_social_post_already_shared":true,"jetpack_social_options":{"image_generator_settings":{"template":"highway","default_image_id":0,"font":"","enabled":false},"version":2}},"categories":[11],"tags":[],"class_list":["post-74060","post","type-post","status-publish","format-standard","has-post-thumbnail","hentry","category-noticias-de-ribeirao-preto-sp-e-regiao-ismael-colosi"],"jetpack_publicize_connections":[],"jetpack_featured_media_url":"https:\/\/i0.wp.com\/ismaelcolosi.com.br\/wp-content\/uploads\/2024\/10\/28out2024luizfernandosilveira-scaled.jpg?fit=750%2C500&ssl=1","uagb_featured_image_src":{"full":["https:\/\/i0.wp.com\/ismaelcolosi.com.br\/wp-content\/uploads\/2024\/10\/28out2024luizfernandosilveira-scaled.jpg?fit=750%2C500&ssl=1",750,500,false],"thumbnail":["https:\/\/i0.wp.com\/ismaelcolosi.com.br\/wp-content\/uploads\/2024\/10\/28out2024luizfernandosilveira-scaled.jpg?resize=150%2C150&ssl=1",150,150,true],"medium":["https:\/\/i0.wp.com\/ismaelcolosi.com.br\/wp-content\/uploads\/2024\/10\/28out2024luizfernandosilveira-scaled.jpg?fit=300%2C200&ssl=1",300,200,true],"medium_large":["https:\/\/i0.wp.com\/ismaelcolosi.com.br\/wp-content\/uploads\/2024\/10\/28out2024luizfernandosilveira-scaled.jpg?fit=750%2C500&ssl=1",750,500,true],"large":["https:\/\/i0.wp.com\/ismaelcolosi.com.br\/wp-content\/uploads\/2024\/10\/28out2024luizfernandosilveira-scaled.jpg?fit=750%2C500&ssl=1",750,500,true],"1536x1536":["https:\/\/i0.wp.com\/ismaelcolosi.com.br\/wp-content\/uploads\/2024\/10\/28out2024luizfernandosilveira-scaled.jpg?fit=750%2C500&ssl=1",750,500,true],"2048x2048":["https:\/\/i0.wp.com\/ismaelcolosi.com.br\/wp-content\/uploads\/2024\/10\/28out2024luizfernandosilveira-scaled.jpg?fit=750%2C500&ssl=1",750,500,true],"really-simple-thumb":["https:\/\/i0.wp.com\/ismaelcolosi.com.br\/wp-content\/uploads\/2024\/10\/28out2024luizfernandosilveira-scaled.jpg?resize=370%2C247&ssl=1",370,247,true]},"uagb_author_info":{"display_name":"ismaelcolosi.com.br","author_link":"https:\/\/ismaelcolosi.com.br\/index.php\/author\/vidareal-online\/"},"uagb_comment_info":0,"uagb_excerpt":"A delegada Juliana da Silva Paiva, da Delegacia de Defesa da Mulher (DDM) de Franca, informou que vai indiciar o engenheiro Lu\u00eds Fernando Moreira Bentivoglio...","jetpack-related-posts":[{"id":72665,"url":"https:\/\/ismaelcolosi.com.br\/index.php\/2024\/10\/22\/justica-decreta-prisao-preventiva-de-engenheiro-que-esfaqueou-filha-ex-mulher-e-idosa-em-franca\/","url_meta":{"origin":74060,"position":0},"title":"Justi\u00e7a decreta pris\u00e3o preventiva de engenheiro que esfaqueou filha, ex-mulher e idosa em Franca","author":"ismaelcolosi.com.br","date":"22 de October de 2024","format":false,"excerpt":"A Justi\u00e7a decretou, na tarde desta ter\u00e7a-feira (22), a pris\u00e3o preventiva do\u00a0engenheiro Luis Fernando Moreira Bentivoglio Silveira. Ele suspeito de esfaquear a ex-mulher, a filha de 1 ano e uma idosa, av\u00f3 da crian\u00e7a na segunda-feira (21), em\u00a0Franca, na regi\u00e3o de Ribeir\u00e3o Preto. Luis foi preso logo ap\u00f3s o crime\u2026","rel":"","context":"In &quot;Not\u00edcias de Ribeir\u00e3o Preto-SP e Regi\u00e3o&quot;","block_context":{"text":"Not\u00edcias de Ribeir\u00e3o Preto-SP e Regi\u00e3o","link":"https:\/\/ismaelcolosi.com.br\/index.php\/category\/noticias-de-ribeirao-preto-sp-e-regiao-ismael-colosi\/"},"img":{"alt_text":"","src":"https:\/\/i0.wp.com\/ismaelcolosi.com.br\/wp-content\/uploads\/2024\/10\/Copia-de-Copia-de-Copia-de-TAMANHO-EXATO-PARA-FOTOS-NO-SISTEMA-NOVO-36_2024-10-22_21-48-23_png_2024-10-22_21-48-23.webp.webp?fit=1200%2C675&ssl=1&resize=350%2C200","width":350,"height":200,"srcset":"https:\/\/i0.wp.com\/ismaelcolosi.com.br\/wp-content\/uploads\/2024\/10\/Copia-de-Copia-de-Copia-de-TAMANHO-EXATO-PARA-FOTOS-NO-SISTEMA-NOVO-36_2024-10-22_21-48-23_png_2024-10-22_21-48-23.webp.webp?fit=1200%2C675&ssl=1&resize=350%2C200 1x, https:\/\/i0.wp.com\/ismaelcolosi.com.br\/wp-content\/uploads\/2024\/10\/Copia-de-Copia-de-Copia-de-TAMANHO-EXATO-PARA-FOTOS-NO-SISTEMA-NOVO-36_2024-10-22_21-48-23_png_2024-10-22_21-48-23.webp.webp?fit=1200%2C675&ssl=1&resize=525%2C300 1.5x, https:\/\/i0.wp.com\/ismaelcolosi.com.br\/wp-content\/uploads\/2024\/10\/Copia-de-Copia-de-Copia-de-TAMANHO-EXATO-PARA-FOTOS-NO-SISTEMA-NOVO-36_2024-10-22_21-48-23_png_2024-10-22_21-48-23.webp.webp?fit=1200%2C675&ssl=1&resize=700%2C400 2x, https:\/\/i0.wp.com\/ismaelcolosi.com.br\/wp-content\/uploads\/2024\/10\/Copia-de-Copia-de-Copia-de-TAMANHO-EXATO-PARA-FOTOS-NO-SISTEMA-NOVO-36_2024-10-22_21-48-23_png_2024-10-22_21-48-23.webp.webp?fit=1200%2C675&ssl=1&resize=1050%2C600 3x"},"classes":[]},{"id":72491,"url":"https:\/\/ismaelcolosi.com.br\/index.php\/2024\/10\/21\/o-que-se-sabe-sobre-caso-de-engenheiro-que-esfaqueou-filha-ex-mulher-e-ex-sogra-em-franca\/","url_meta":{"origin":74060,"position":1},"title":"O que se sabe sobre caso de engenheiro que esfaqueou filha, ex-mulher e ex-sogra\u00a0em Franca","author":"ismaelcolosi.com.br","date":"21 de October de 2024","format":false,"excerpt":"Um\u00a0engenheiro civil\u00a0foi preso ap\u00f3s esfaquear a\u00a0ex-companheira, a\u00a0filha\u00a0e a\u00a0ex-sogra, na manh\u00e3 desta segunda-feira (21), em\u00a0Franca, cidade na\u00a0regi\u00e3o de Ribeir\u00e3o Preto. O caso aconteceu dentro de um condom\u00ednio fechado, localizado na Vila Santa Cruz. De acordo com a delegada Juliana Paiva, j\u00e1 existia um boletim de ocorr\u00eancia do dia 11 de outubro\u2026","rel":"","context":"In &quot;Not\u00edcias de Ribeir\u00e3o Preto-SP e Regi\u00e3o&quot;","block_context":{"text":"Not\u00edcias de Ribeir\u00e3o Preto-SP e Regi\u00e3o","link":"https:\/\/ismaelcolosi.com.br\/index.php\/category\/noticias-de-ribeirao-preto-sp-e-regiao-ismael-colosi\/"},"img":{"alt_text":"","src":"https:\/\/i0.wp.com\/ismaelcolosi.com.br\/wp-content\/uploads\/2024\/10\/Copia-de-Copia-de-Copia-de-TAMANHO-EXATO-PARA-FOTOS-NO-SISTEMA-NOVO-32_2024-10-22_00-48-04_png_2024-10-22_00-48-04.webp.webp?fit=1200%2C675&ssl=1&resize=350%2C200","width":350,"height":200,"srcset":"https:\/\/i0.wp.com\/ismaelcolosi.com.br\/wp-content\/uploads\/2024\/10\/Copia-de-Copia-de-Copia-de-TAMANHO-EXATO-PARA-FOTOS-NO-SISTEMA-NOVO-32_2024-10-22_00-48-04_png_2024-10-22_00-48-04.webp.webp?fit=1200%2C675&ssl=1&resize=350%2C200 1x, https:\/\/i0.wp.com\/ismaelcolosi.com.br\/wp-content\/uploads\/2024\/10\/Copia-de-Copia-de-Copia-de-TAMANHO-EXATO-PARA-FOTOS-NO-SISTEMA-NOVO-32_2024-10-22_00-48-04_png_2024-10-22_00-48-04.webp.webp?fit=1200%2C675&ssl=1&resize=525%2C300 1.5x, https:\/\/i0.wp.com\/ismaelcolosi.com.br\/wp-content\/uploads\/2024\/10\/Copia-de-Copia-de-Copia-de-TAMANHO-EXATO-PARA-FOTOS-NO-SISTEMA-NOVO-32_2024-10-22_00-48-04_png_2024-10-22_00-48-04.webp.webp?fit=1200%2C675&ssl=1&resize=700%2C400 2x, https:\/\/i0.wp.com\/ismaelcolosi.com.br\/wp-content\/uploads\/2024\/10\/Copia-de-Copia-de-Copia-de-TAMANHO-EXATO-PARA-FOTOS-NO-SISTEMA-NOVO-32_2024-10-22_00-48-04_png_2024-10-22_00-48-04.webp.webp?fit=1200%2C675&ssl=1&resize=1050%2C600 3x"},"classes":[]},{"id":857,"url":"https:\/\/ismaelcolosi.com.br\/index.php\/2023\/11\/09\/homem-e-preso-por-tentativa-de-feminicidio-em-rp\/","url_meta":{"origin":74060,"position":2},"title":"Homem \u00e9 preso por tentativa de feminic\u00eddio em RP","author":"ismaelcolosi.com.br","date":"9 de November de 2023","format":false,"excerpt":"9 de novembro de 2023 | 12:07 0Foi preso na noite desta quarta- feira (8) um homem por tentativa de feminic\u00eddio em Ribeir\u00e3o Preto. O caso aconteceu no Jardim Cristo Redentor, na zona norte da cidade. Ele tentou matar sua pr\u00f3pria companheira e e explodir a casa da fam\u00edlia.Segundo o\u2026","rel":"","context":"In &quot;Not\u00edcias de Ribeir\u00e3o Preto-SP e Regi\u00e3o&quot;","block_context":{"text":"Not\u00edcias de Ribeir\u00e3o Preto-SP e Regi\u00e3o","link":"https:\/\/ismaelcolosi.com.br\/index.php\/category\/noticias-de-ribeirao-preto-sp-e-regiao-ismael-colosi\/"},"img":{"alt_text":"","src":"https:\/\/i0.wp.com\/ismaelcolosi.com.br\/wp-content\/uploads\/2023\/11\/policia-civil.jpg?fit=968%2C645&ssl=1&resize=350%2C200","width":350,"height":200,"srcset":"https:\/\/i0.wp.com\/ismaelcolosi.com.br\/wp-content\/uploads\/2023\/11\/policia-civil.jpg?fit=968%2C645&ssl=1&resize=350%2C200 1x, https:\/\/i0.wp.com\/ismaelcolosi.com.br\/wp-content\/uploads\/2023\/11\/policia-civil.jpg?fit=968%2C645&ssl=1&resize=525%2C300 1.5x, https:\/\/i0.wp.com\/ismaelcolosi.com.br\/wp-content\/uploads\/2023\/11\/policia-civil.jpg?fit=968%2C645&ssl=1&resize=700%2C400 2x"},"classes":[]},{"id":72638,"url":"https:\/\/ismaelcolosi.com.br\/index.php\/2024\/10\/22\/saiba-o-estado-de-saude-das-vitimas-esfaqueadas-por-engenheiro-em-franca-2\/","url_meta":{"origin":74060,"position":3},"title":"Saiba o estado de sa\u00fade das v\u00edtimas esfaqueadas por engenheiro em Franca","author":"ismaelcolosi.com.br","date":"22 de October de 2024","format":false,"excerpt":"Tr\u00eas pessoas ficaram feridas ap\u00f3s o engenheiro civil Luis Fernando Moreira Bentivoglio Silveira, de 32 anos, invadir o apartamento e tentar matar a ex-mulher, na segunda-feira (21), em Franca, na regi\u00e3o de Ribeir\u00e3o Preto. A filha do casal, de 1 ano de idade, e a ex-sogra do acusado sofreram ferimentos\u2026","rel":"","context":"In &quot;Not\u00edcias de Ribeir\u00e3o Preto-SP e Regi\u00e3o&quot;","block_context":{"text":"Not\u00edcias de Ribeir\u00e3o Preto-SP e Regi\u00e3o","link":"https:\/\/ismaelcolosi.com.br\/index.php\/category\/noticias-de-ribeirao-preto-sp-e-regiao-ismael-colosi\/"},"img":{"alt_text":"","src":"https:\/\/i0.wp.com\/ismaelcolosi.com.br\/wp-content\/uploads\/2024\/10\/Copia-de-Copia-de-Copia-de-TAMANHO-EXATO-PARA-FOTOS-NO-SISTEMA-NOVO-33_2024-10-22_19-19-24_png_2024-10-22_19-19-25.webp.webp?fit=1200%2C675&ssl=1&resize=350%2C200","width":350,"height":200,"srcset":"https:\/\/i0.wp.com\/ismaelcolosi.com.br\/wp-content\/uploads\/2024\/10\/Copia-de-Copia-de-Copia-de-TAMANHO-EXATO-PARA-FOTOS-NO-SISTEMA-NOVO-33_2024-10-22_19-19-24_png_2024-10-22_19-19-25.webp.webp?fit=1200%2C675&ssl=1&resize=350%2C200 1x, https:\/\/i0.wp.com\/ismaelcolosi.com.br\/wp-content\/uploads\/2024\/10\/Copia-de-Copia-de-Copia-de-TAMANHO-EXATO-PARA-FOTOS-NO-SISTEMA-NOVO-33_2024-10-22_19-19-24_png_2024-10-22_19-19-25.webp.webp?fit=1200%2C675&ssl=1&resize=525%2C300 1.5x, https:\/\/i0.wp.com\/ismaelcolosi.com.br\/wp-content\/uploads\/2024\/10\/Copia-de-Copia-de-Copia-de-TAMANHO-EXATO-PARA-FOTOS-NO-SISTEMA-NOVO-33_2024-10-22_19-19-24_png_2024-10-22_19-19-25.webp.webp?fit=1200%2C675&ssl=1&resize=700%2C400 2x, https:\/\/i0.wp.com\/ismaelcolosi.com.br\/wp-content\/uploads\/2024\/10\/Copia-de-Copia-de-Copia-de-TAMANHO-EXATO-PARA-FOTOS-NO-SISTEMA-NOVO-33_2024-10-22_19-19-24_png_2024-10-22_19-19-25.webp.webp?fit=1200%2C675&ssl=1&resize=1050%2C600 3x"},"classes":[]},{"id":72631,"url":"https:\/\/ismaelcolosi.com.br\/index.php\/2024\/10\/22\/saiba-o-estado-de-saude-das-vitimas-esfaqueadas-por-engenheiro-em-franca\/","url_meta":{"origin":74060,"position":4},"title":"Saiba o estado de sa\u00fade das v\u00edtimas esfaqueadas por engenheiro em Franca","author":"ismaelcolosi.com.br","date":"22 de October de 2024","format":false,"excerpt":"Tr\u00eas pessoas ficaram feridas ap\u00f3s o engenheiro civil Luis Fernando Moreira Bentivoglio Silveira, de 32 anos, invadir o apartamento e tentar matar a ex-mulher, na segunda-feira (21), em Franca, na regi\u00e3o de Ribeir\u00e3o Preto. A filha do casal, de 1 ano de idade, e a ex-sogra do acusado sofreram ferimentos\u2026","rel":"","context":"In &quot;Not\u00edcias de Ribeir\u00e3o Preto-SP e Regi\u00e3o&quot;","block_context":{"text":"Not\u00edcias de Ribeir\u00e3o Preto-SP e Regi\u00e3o","link":"https:\/\/ismaelcolosi.com.br\/index.php\/category\/noticias-de-ribeirao-preto-sp-e-regiao-ismael-colosi\/"},"img":{"alt_text":"","src":"https:\/\/i0.wp.com\/ismaelcolosi.com.br\/wp-content\/uploads\/2024\/10\/Copia-de-Copia-de-Copia-de-TAMANHO-EXATO-PARA-FOTOS-NO-SISTEMA-NOVO-33_2024-10-22_19-19-24_png_2024-10-22_19-19-25.webp.webp?fit=1200%2C675&ssl=1&resize=350%2C200","width":350,"height":200,"srcset":"https:\/\/i0.wp.com\/ismaelcolosi.com.br\/wp-content\/uploads\/2024\/10\/Copia-de-Copia-de-Copia-de-TAMANHO-EXATO-PARA-FOTOS-NO-SISTEMA-NOVO-33_2024-10-22_19-19-24_png_2024-10-22_19-19-25.webp.webp?fit=1200%2C675&ssl=1&resize=350%2C200 1x, https:\/\/i0.wp.com\/ismaelcolosi.com.br\/wp-content\/uploads\/2024\/10\/Copia-de-Copia-de-Copia-de-TAMANHO-EXATO-PARA-FOTOS-NO-SISTEMA-NOVO-33_2024-10-22_19-19-24_png_2024-10-22_19-19-25.webp.webp?fit=1200%2C675&ssl=1&resize=525%2C300 1.5x, https:\/\/i0.wp.com\/ismaelcolosi.com.br\/wp-content\/uploads\/2024\/10\/Copia-de-Copia-de-Copia-de-TAMANHO-EXATO-PARA-FOTOS-NO-SISTEMA-NOVO-33_2024-10-22_19-19-24_png_2024-10-22_19-19-25.webp.webp?fit=1200%2C675&ssl=1&resize=700%2C400 2x, https:\/\/i0.wp.com\/ismaelcolosi.com.br\/wp-content\/uploads\/2024\/10\/Copia-de-Copia-de-Copia-de-TAMANHO-EXATO-PARA-FOTOS-NO-SISTEMA-NOVO-33_2024-10-22_19-19-24_png_2024-10-22_19-19-25.webp.webp?fit=1200%2C675&ssl=1&resize=1050%2C600 3x"},"classes":[]},{"id":67003,"url":"https:\/\/ismaelcolosi.com.br\/index.php\/2024\/09\/20\/gravida-sofre-tentativa-de-feminicidio-na-zona-norte-de-ribeirao-preto\/","url_meta":{"origin":74060,"position":5},"title":"Gr\u00e1vida sofre tentativa de feminic\u00eddio na zona Norte de Ribeir\u00e3o Preto","author":"ismaelcolosi.com.br","date":"20 de September de 2024","format":false,"excerpt":"Uma mulher de 39 anos, que est\u00e1 gr\u00e1vida de dois meses, foi alvo de disparos de arma de fogo na madrugada desta sexta-feira (20), no bairro Avelino Alves Palma, zona Norte de Ribeir\u00e3o Preto. O companheiro dela, de 31 anos, foi preso suspeito de tentativa de feminic\u00eddio. Segundo o boletim\u2026","rel":"","context":"In &quot;Not\u00edcias de Ribeir\u00e3o Preto-SP e Regi\u00e3o&quot;","block_context":{"text":"Not\u00edcias de Ribeir\u00e3o Preto-SP e Regi\u00e3o","link":"https:\/\/ismaelcolosi.com.br\/index.php\/category\/noticias-de-ribeirao-preto-sp-e-regiao-ismael-colosi\/"},"img":{"alt_text":"","src":"https:\/\/i0.wp.com\/ismaelcolosi.com.br\/wp-content\/uploads\/2024\/09\/TENTA-FEMINICIDIO_2024-09-20_14-11-24_jpg_2024-09-20_14-11-24.webp.webp?fit=1200%2C733&ssl=1&resize=350%2C200","width":350,"height":200,"srcset":"https:\/\/i0.wp.com\/ismaelcolosi.com.br\/wp-content\/uploads\/2024\/09\/TENTA-FEMINICIDIO_2024-09-20_14-11-24_jpg_2024-09-20_14-11-24.webp.webp?fit=1200%2C733&ssl=1&resize=350%2C200 1x, https:\/\/i0.wp.com\/ismaelcolosi.com.br\/wp-content\/uploads\/2024\/09\/TENTA-FEMINICIDIO_2024-09-20_14-11-24_jpg_2024-09-20_14-11-24.webp.webp?fit=1200%2C733&ssl=1&resize=525%2C300 1.5x, https:\/\/i0.wp.com\/ismaelcolosi.com.br\/wp-content\/uploads\/2024\/09\/TENTA-FEMINICIDIO_2024-09-20_14-11-24_jpg_2024-09-20_14-11-24.webp.webp?fit=1200%2C733&ssl=1&resize=700%2C400 2x, https:\/\/i0.wp.com\/ismaelcolosi.com.br\/wp-content\/uploads\/2024\/09\/TENTA-FEMINICIDIO_2024-09-20_14-11-24_jpg_2024-09-20_14-11-24.webp.webp?fit=1200%2C733&ssl=1&resize=1050%2C600 3x"},"classes":[]}],"jetpack_sharing_enabled":true,"jetpack_shortlink":"https:\/\/wp.me\/pfMlyK-jgw","_links":{"self":[{"href":"https:\/\/ismaelcolosi.com.br\/index.php\/wp-json\/wp\/v2\/posts\/74060","targetHints":{"allow":["GET"]}}],"collection":[{"href":"https:\/\/ismaelcolosi.com.br\/index.php\/wp-json\/wp\/v2\/posts"}],"about":[{"href":"https:\/\/ismaelcolosi.com.br\/index.php\/wp-json\/wp\/v2\/types\/post"}],"author":[{"embeddable":true,"href":"https:\/\/ismaelcolosi.com.br\/index.php\/wp-json\/wp\/v2\/users\/1"}],"replies":[{"embeddable":true,"href":"https:\/\/ismaelcolosi.com.br\/index.php\/wp-json\/wp\/v2\/comments?post=74060"}],"version-history":[{"count":0,"href":"https:\/\/ismaelcolosi.com.br\/index.php\/wp-json\/wp\/v2\/posts\/74060\/revisions"}],"wp:featuredmedia":[{"embeddable":true,"href":"https:\/\/ismaelcolosi.com.br\/index.php\/wp-json\/wp\/v2\/media\/74061"}],"wp:attachment":[{"href":"https:\/\/ismaelcolosi.com.br\/index.php\/wp-json\/wp\/v2\/media?parent=74060"}],"wp:term":[{"taxonomy":"category","embeddable":true,"href":"https:\/\/ismaelcolosi.com.br\/index.php\/wp-json\/wp\/v2\/categories?post=74060"},{"taxonomy":"post_tag","embeddable":true,"href":"https:\/\/ismaelcolosi.com.br\/index.php\/wp-json\/wp\/v2\/tags?post=74060"}],"curies":[{"name":"wp","href":"https:\/\/api.w.org\/{rel}","templated":true}]}}